{"id":9692,"date":"2011-07-19T18:58:31","date_gmt":"2011-07-20T01:58:31","guid":{"rendered":"http:\/\/eltecolote.org\/content\/?p=9692"},"modified":"2011-07-19T19:01:27","modified_gmt":"2011-07-20T02:01:27","slug":"huelguistas-se-preparan-para-morir-por-sus-demandas-2","status":"publish","type":"post","link":"https:\/\/eltecolote.org\/content\/en\/huelguistas-se-preparan-para-morir-por-sus-demandas-2\/","title":{"rendered":"Huelguistas se preparan para morir por sus demandas"},"content":{"rendered":"<figure id=\"attachment_9688\" aria-describedby=\"caption-attachment-9688\" style=\"width: 600px\" class=\"wp-caption alignnone\"><a rel=\"attachment wp-att-9688\" href=\"https:\/\/eltecolote.org\/content\/?attachment_id=9688\"><img data-recalc-dims=\"1\" loading=\"lazy\" decoding=\"async\" class=\"size-large wp-image-9688\" title=\"Hunger-Strike_02\" src=\"https:\/\/i0.wp.com\/eltecolote.org\/content\/wp-content\/uploads\/2011\/07\/Hunger-Strike_02.gif?resize=600%2C399&#038;ssl=1\" alt=\"\" width=\"600\" height=\"399\" srcset=\"https:\/\/i0.wp.com\/eltecolote.org\/content\/wp-content\/uploads\/2011\/07\/Hunger-Strike_02.gif?resize=600%2C399&amp;ssl=1 600w, https:\/\/i0.wp.com\/eltecolote.org\/content\/wp-content\/uploads\/2011\/07\/Hunger-Strike_02.gif?resize=360%2C239&amp;ssl=1 360w, https:\/\/i0.wp.com\/eltecolote.org\/content\/wp-content\/uploads\/2011\/07\/Hunger-Strike_02.gif?w=1500&amp;ssl=1 1500w\" sizes=\"auto, (max-width: 600px) 100vw, 600px\" \/><\/a><figcaption id=\"caption-attachment-9688\" class=\"wp-caption-text\">Urszula Wislanka y Ron Kelch sostienen un letrero mientras hablan con el p\u00fablico sobre la Huelga de Hambre de los Prisioneros de Pelican Bay. PHOTO RAMSEY EL-QARE<\/figcaption><\/figure>\n<p>Aproximadamente 200 personas se reunieron el 9 de Julio en United Nation\u2019s Plaza en San Francisco, en solidaridad con miles de presos de California, quienes protestan contra lo que ellos consideran como condiciones inhumanas de tortura.<\/p>\n<p>La consigna unida del grupo era bien clara: si el Departamento de Prisiones de California no satisface las demandas de los huelguitas que no han comido por 13 dias, alguna personas van a morir.<\/p>\n<p>\u201cVamos a hablar de las razones que algunas personas optan por morirse de hambre\u201d, dijo Barbara Becnel, miembra del equipo que est\u00e1 coordinando el equipo mediador entre los huelguistas y y el sistma de prisiones. \u201cDicen que se estan muriendo por condiciones de tortura, no se trata de ret\u00f3rica, es una tortura.<\/p>\n<p>Un miembro an\u00f3nimo del personal m\u00e9dico de Pelican Bay declar\u00f3 qu mas de 200 prisioneros huelguistas est\u00e1n sufriendo bajo condiciones cr\u00edticas de salud.<\/p>\n<p>\u201cLos prisioneros no toman agua y est\u00e1n deteriorando r\u00e1pidamente por la graveda de la deshidrataci\u00f3n. Algunos intentan tomar sorbos de agua, pero se sienten tan mal que vomitan inmediatamente.<\/p>\n<p>En estos momentos, las autoridades de prisiones se rehusa a comentar sobre las condiciones m\u00e9edicas de los prisioneros Activistas afuera de la prisi\u00f3n dicen que los guardias y el personal usan la falta de comunicaci\u00f3n entre los prisioneros para difundir desinformaci\u00f3n sobre la huelga, y dicen que ha terminado, y que ya estan satisfaciendo las demandas, para detener la participaci\u00f3n de los prisioneros.<\/p>\n<p>De acurdo con los estimados de las autoridades, mas de 6,000 prisioneros participaron en la huelga durante el fin de semana del 4 de Julio con ese n\u00famero de caer a poco m\u00e1s de 2.000 a los pocos d\u00edas.<\/p>\n<p>Los organizadores dicen que esta ca\u00edda se debe a los presosque estaban participando solamente en la solidaridad y que los huelguistas principales todav\u00eda est\u00e1n en huelga de hambre indefinida.<\/p>\n<p>Jerry Elster, un organizador con todos nosotros, o ninguno, un grupo de defensa de los derechos del preso, ha experimentadolas condiciones en la primera mano de SHU, y dijo que \u201cNo se pudo bloquear un animal hacia arriba\u201d en las condiciones a que fue sometido all\u00ed.<\/p>\n<p>\u201cUno mira las cinco demandas, que son pr\u00e1cticas que se deber\u00edan haber eliminado a\u00f1os atr\u00e1s\u201d, dijo. \u201cEllos usan el \u2018castigo grupo de dividir a los presos a lo largo de l\u00edneas raciales, si una persona hace algo blanco, todos los blancosson castigados &#8230; es dividir y conquistar.\u201d<\/p>\n<p>Agreg\u00f3 que la pol\u00edtica de \u201cdebriefing\u201d, o el suministro de informaci\u00f3n a cambio de la liberaci\u00f3n del SHU es absurdo.<\/p>\n<p>\u201cEst\u00e1n pidiendo que se incriminara. Por lo tanto, es posible salir de la Unidad Especial de Seguridad, pero nunca vamos a salir de la c\u00e1rcel \u201c.<br \/>\nLos principales participantes fueron acompa\u00f1ados por un contingente de aproximadamente 100, de la Coalici\u00f3n ANSWER, cerca del final del rally.<\/p>\n","protected":false},"excerpt":{"rendered":"<p>Aproximadamente 200 personas se reunieron el 9 de Julio en United Nation\u2019s Plaza en San Francisco, en solidaridad con miles de presos de California, quienes protestan contra lo que ellos consideran como condiciones inhumanas de tortura.  La consigna unida del grupo era bien clara: si el Departamento de Prisiones de California no satisface las demandas de los huelguitas que no han comido por 13 dias, alguna personas van a morir.<\/p>\n","protected":false},"author":8,"featured_media":9687,"comment_status":"open","ping_status":"open","sticky":false,"template":"","format":"standard","meta":{"newspack_popups_has_disabled_popups":false,"newspack_featured_image_position":"","newspack_post_subtitle":"","newspack_article_summary_title":"Overview:","newspack_article_summary":"","newspack_hide_updated_date":false,"newspack_show_updated_date":false,"footnotes":""},"categories":[7],"tags":[1120,1119,1078,1076],"coauthors":[],"class_list":["post-9692","post","type-post","status-publish","format-standard","has-post-thumbnail","hentry","category-news","tag-a-n-s-w-e-r","tag-all-of-us-or-none","tag-california-department-of-corrections-and-rehabilitation","tag-pelican-bay-state-prison","entry"],"yoast_head":"<!-- This site is optimized with the Yoast SEO plugin v27.5 - https:\/\/yoast.com\/product\/yoast-seo-wordpress\/ -->\n<title>Huelguistas se preparan para morir por sus demandas - El Tecolote<\/title>\n<meta name=\"description\" content=\"Aproximadamente 200 personas se reunieron el 9 de Julio en United Nation\u2019s Plaza en San Francisco, en solidaridad con miles de presos de California, quienes protestan contra lo que ellos consideran como condiciones inhumanas de tortura. La consigna unida del grupo era bien clara: si el Departamento de Prisiones de California no satisface las demandas de los huelguitas que no han comido por 13 dias, alguna personas van a morir.\" \/>\n<meta name=\"robots\" content=\"index, follow, max-snippet:-1, max-image-preview:large, max-video-preview:-1\" \/>\n<link rel=\"canonical\" href=\"https:\/\/eltecolote.org\/content\/en\/huelguistas-se-preparan-para-morir-por-sus-demandas-2\/\" \/>\n<meta property=\"og:locale\" content=\"en_US\" \/>\n<meta property=\"og:type\" content=\"article\" \/>\n<meta property=\"og:title\" content=\"Huelguistas se preparan para morir por sus demandas - El Tecolote\" \/>\n<meta property=\"og:description\" content=\"Aproximadamente 200 personas se reunieron el 9 de Julio en United Nation\u2019s Plaza en San Francisco, en solidaridad con miles de presos de California, quienes protestan contra lo que ellos consideran como condiciones inhumanas de tortura. La consigna unida del grupo era bien clara: si el Departamento de Prisiones de California no satisface las demandas de los huelguitas que no han comido por 13 dias, alguna personas van a morir.\" \/>\n<meta property=\"og:url\" content=\"https:\/\/eltecolote.org\/content\/en\/huelguistas-se-preparan-para-morir-por-sus-demandas-2\/\" \/>\n<meta property=\"og:site_name\" content=\"El Tecolote\" \/>\n<meta property=\"article:publisher\" content=\"https:\/\/www.facebook.com\/ElTecoloteSF\/\" \/>\n<meta property=\"article:published_time\" content=\"2011-07-20T01:58:31+00:00\" \/>\n<meta property=\"article:modified_time\" content=\"2011-07-20T02:01:27+00:00\" \/>\n<meta property=\"og:image\" content=\"https:\/\/i0.wp.com\/eltecolote.org\/content\/wp-content\/uploads\/2011\/07\/Hunger-strike_01.gif?fit=734%2C674&ssl=1\" \/>\n\t<meta property=\"og:image:width\" content=\"734\" \/>\n\t<meta property=\"og:image:height\" content=\"674\" \/>\n\t<meta property=\"og:image:type\" content=\"image\/gif\" \/>\n<meta name=\"author\" content=\"inaki\" \/>\n<meta name=\"twitter:card\" content=\"summary_large_image\" \/>\n<meta name=\"twitter:creator\" content=\"@eltecolotesf\" \/>\n<meta name=\"twitter:site\" content=\"@eltecolotesf\" \/>\n<meta name=\"twitter:label1\" content=\"Written by\" \/>\n\t<meta name=\"twitter:data1\" content=\"inaki\" \/>\n\t<meta name=\"twitter:label2\" content=\"Est. reading time\" \/>\n\t<meta name=\"twitter:data2\" content=\"3 minutes\" \/>\n<script type=\"application\/ld+json\" class=\"yoast-schema-graph\">{\"@context\":\"https:\\\/\\\/schema.org\",\"@graph\":[{\"@type\":\"NewsArticle\",\"@id\":\"https:\\\/\\\/eltecolote.org\\\/content\\\/en\\\/huelguistas-se-preparan-para-morir-por-sus-demandas-2\\\/#article\",\"isPartOf\":{\"@id\":\"https:\\\/\\\/eltecolote.org\\\/content\\\/en\\\/huelguistas-se-preparan-para-morir-por-sus-demandas-2\\\/\"},\"author\":{\"name\":\"inaki\",\"@id\":\"https:\\\/\\\/eltecolote.org\\\/content\\\/#\\\/schema\\\/person\\\/3d16dd415f4762c1919d5f48fb96be68\"},\"headline\":\"Huelguistas se preparan para morir por sus demandas\",\"datePublished\":\"2011-07-20T01:58:31+00:00\",\"dateModified\":\"2011-07-20T02:01:27+00:00\",\"mainEntityOfPage\":{\"@id\":\"https:\\\/\\\/eltecolote.org\\\/content\\\/en\\\/huelguistas-se-preparan-para-morir-por-sus-demandas-2\\\/\"},\"wordCount\":530,\"commentCount\":0,\"publisher\":{\"@id\":\"https:\\\/\\\/eltecolote.org\\\/content\\\/#organization\"},\"image\":{\"@id\":\"https:\\\/\\\/eltecolote.org\\\/content\\\/en\\\/huelguistas-se-preparan-para-morir-por-sus-demandas-2\\\/#primaryimage\"},\"thumbnailUrl\":\"https:\\\/\\\/i0.wp.com\\\/eltecolote.org\\\/content\\\/wp-content\\\/uploads\\\/2011\\\/07\\\/Hunger-strike_01.gif?fit=734%2C674&ssl=1\",\"keywords\":[\"A.N.S.W.E.R.\",\"All Of Us Or None\",\"California Department of Corrections and Rehabilitation\",\"Pelican Bay State Prison\"],\"articleSection\":[\"News\"],\"inLanguage\":\"en\",\"potentialAction\":[{\"@type\":\"CommentAction\",\"name\":\"Comment\",\"target\":[\"https:\\\/\\\/eltecolote.org\\\/content\\\/en\\\/huelguistas-se-preparan-para-morir-por-sus-demandas-2\\\/#respond\"]}]},{\"@type\":\"WebPage\",\"@id\":\"https:\\\/\\\/eltecolote.org\\\/content\\\/en\\\/huelguistas-se-preparan-para-morir-por-sus-demandas-2\\\/\",\"url\":\"https:\\\/\\\/eltecolote.org\\\/content\\\/en\\\/huelguistas-se-preparan-para-morir-por-sus-demandas-2\\\/\",\"name\":\"Huelguistas se preparan para morir por sus demandas - El Tecolote\",\"isPartOf\":{\"@id\":\"https:\\\/\\\/eltecolote.org\\\/content\\\/#website\"},\"primaryImageOfPage\":{\"@id\":\"https:\\\/\\\/eltecolote.org\\\/content\\\/en\\\/huelguistas-se-preparan-para-morir-por-sus-demandas-2\\\/#primaryimage\"},\"image\":{\"@id\":\"https:\\\/\\\/eltecolote.org\\\/content\\\/en\\\/huelguistas-se-preparan-para-morir-por-sus-demandas-2\\\/#primaryimage\"},\"thumbnailUrl\":\"https:\\\/\\\/i0.wp.com\\\/eltecolote.org\\\/content\\\/wp-content\\\/uploads\\\/2011\\\/07\\\/Hunger-strike_01.gif?fit=734%2C674&ssl=1\",\"datePublished\":\"2011-07-20T01:58:31+00:00\",\"dateModified\":\"2011-07-20T02:01:27+00:00\",\"description\":\"Aproximadamente 200 personas se reunieron el 9 de Julio en United Nation\u2019s Plaza en San Francisco, en solidaridad con miles de presos de California, quienes protestan contra lo que ellos consideran como condiciones inhumanas de tortura. La consigna unida del grupo era bien clara: si el Departamento de Prisiones de California no satisface las demandas de los huelguitas que no han comido por 13 dias, alguna personas van a morir.\",\"inLanguage\":\"en\",\"potentialAction\":[{\"@type\":\"ReadAction\",\"target\":[\"https:\\\/\\\/eltecolote.org\\\/content\\\/en\\\/huelguistas-se-preparan-para-morir-por-sus-demandas-2\\\/\"]}]},{\"@type\":\"ImageObject\",\"inLanguage\":\"en\",\"@id\":\"https:\\\/\\\/eltecolote.org\\\/content\\\/en\\\/huelguistas-se-preparan-para-morir-por-sus-demandas-2\\\/#primaryimage\",\"url\":\"https:\\\/\\\/i0.wp.com\\\/eltecolote.org\\\/content\\\/wp-content\\\/uploads\\\/2011\\\/07\\\/Hunger-strike_01.gif?fit=734%2C674&ssl=1\",\"contentUrl\":\"https:\\\/\\\/i0.wp.com\\\/eltecolote.org\\\/content\\\/wp-content\\\/uploads\\\/2011\\\/07\\\/Hunger-strike_01.gif?fit=734%2C674&ssl=1\",\"width\":734,\"height\":674},{\"@type\":\"WebSite\",\"@id\":\"https:\\\/\\\/eltecolote.org\\\/content\\\/#website\",\"url\":\"https:\\\/\\\/eltecolote.org\\\/content\\\/\",\"name\":\"El Tecolote\",\"description\":\"San Francisco's Latinx newspaper since 1970\",\"publisher\":{\"@id\":\"https:\\\/\\\/eltecolote.org\\\/content\\\/#organization\"},\"potentialAction\":[{\"@type\":\"SearchAction\",\"target\":{\"@type\":\"EntryPoint\",\"urlTemplate\":\"https:\\\/\\\/eltecolote.org\\\/content\\\/?s={search_term_string}\"},\"query-input\":{\"@type\":\"PropertyValueSpecification\",\"valueRequired\":true,\"valueName\":\"search_term_string\"}}],\"inLanguage\":\"en\"},{\"@type\":\"Organization\",\"@id\":\"https:\\\/\\\/eltecolote.org\\\/content\\\/#organization\",\"name\":\"El Tecolote\",\"url\":\"https:\\\/\\\/eltecolote.org\\\/content\\\/\",\"logo\":{\"@type\":\"ImageObject\",\"inLanguage\":\"en\",\"@id\":\"https:\\\/\\\/eltecolote.org\\\/content\\\/#\\\/schema\\\/logo\\\/image\\\/\",\"url\":\"https:\\\/\\\/i0.wp.com\\\/eltecolote.org\\\/content\\\/wp-content\\\/uploads\\\/2021\\\/05\\\/ETlogo-1.jpg?fit=400%2C400&ssl=1\",\"contentUrl\":\"https:\\\/\\\/i0.wp.com\\\/eltecolote.org\\\/content\\\/wp-content\\\/uploads\\\/2021\\\/05\\\/ETlogo-1.jpg?fit=400%2C400&ssl=1\",\"width\":400,\"height\":400,\"caption\":\"El Tecolote\"},\"image\":{\"@id\":\"https:\\\/\\\/eltecolote.org\\\/content\\\/#\\\/schema\\\/logo\\\/image\\\/\"},\"sameAs\":[\"https:\\\/\\\/www.facebook.com\\\/ElTecoloteSF\\\/\",\"https:\\\/\\\/x.com\\\/eltecolotesf\",\"https:\\\/\\\/www.instagram.com\\\/eltecolotesf\\\/\"]},{\"@type\":\"Person\",\"@id\":\"https:\\\/\\\/eltecolote.org\\\/content\\\/#\\\/schema\\\/person\\\/3d16dd415f4762c1919d5f48fb96be68\",\"name\":\"inaki\",\"image\":{\"@type\":\"ImageObject\",\"inLanguage\":\"en\",\"@id\":\"https:\\\/\\\/secure.gravatar.com\\\/avatar\\\/ab6ead0932ded5b2446f1718461a6be0d4ec8d3cc15301536fd1add812db4cfd?s=96&d=mm&r=g63853c5492f171feb7b16142e206d3ec\",\"url\":\"https:\\\/\\\/secure.gravatar.com\\\/avatar\\\/ab6ead0932ded5b2446f1718461a6be0d4ec8d3cc15301536fd1add812db4cfd?s=96&d=mm&r=g\",\"contentUrl\":\"https:\\\/\\\/secure.gravatar.com\\\/avatar\\\/ab6ead0932ded5b2446f1718461a6be0d4ec8d3cc15301536fd1add812db4cfd?s=96&d=mm&r=g\",\"caption\":\"inaki\"},\"url\":\"https:\\\/\\\/eltecolote.org\\\/content\\\/author\\\/inaki\\\/\"}]}<\/script>\n<!-- \/ Yoast SEO plugin. -->","yoast_head_json":{"title":"Huelguistas se preparan para morir por sus demandas - El Tecolote","description":"Aproximadamente 200 personas se reunieron el 9 de Julio en United Nation\u2019s Plaza en San Francisco, en solidaridad con miles de presos de California, quienes protestan contra lo que ellos consideran como condiciones inhumanas de tortura. La consigna unida del grupo era bien clara: si el Departamento de Prisiones de California no satisface las demandas de los huelguitas que no han comido por 13 dias, alguna personas van a morir.","robots":{"index":"index","follow":"follow","max-snippet":"max-snippet:-1","max-image-preview":"max-image-preview:large","max-video-preview":"max-video-preview:-1"},"canonical":"https:\/\/eltecolote.org\/content\/en\/huelguistas-se-preparan-para-morir-por-sus-demandas-2\/","og_locale":"en_US","og_type":"article","og_title":"Huelguistas se preparan para morir por sus demandas - El Tecolote","og_description":"Aproximadamente 200 personas se reunieron el 9 de Julio en United Nation\u2019s Plaza en San Francisco, en solidaridad con miles de presos de California, quienes protestan contra lo que ellos consideran como condiciones inhumanas de tortura. La consigna unida del grupo era bien clara: si el Departamento de Prisiones de California no satisface las demandas de los huelguitas que no han comido por 13 dias, alguna personas van a morir.","og_url":"https:\/\/eltecolote.org\/content\/en\/huelguistas-se-preparan-para-morir-por-sus-demandas-2\/","og_site_name":"El Tecolote","article_publisher":"https:\/\/www.facebook.com\/ElTecoloteSF\/","article_published_time":"2011-07-20T01:58:31+00:00","article_modified_time":"2011-07-20T02:01:27+00:00","og_image":[{"width":734,"height":674,"url":"https:\/\/i0.wp.com\/eltecolote.org\/content\/wp-content\/uploads\/2011\/07\/Hunger-strike_01.gif?fit=734%2C674&ssl=1","type":"image\/gif"}],"author":"inaki","twitter_card":"summary_large_image","twitter_creator":"@eltecolotesf","twitter_site":"@eltecolotesf","twitter_misc":{"Written by":"inaki","Est. reading time":"3 minutes"},"schema":{"@context":"https:\/\/schema.org","@graph":[{"@type":"NewsArticle","@id":"https:\/\/eltecolote.org\/content\/en\/huelguistas-se-preparan-para-morir-por-sus-demandas-2\/#article","isPartOf":{"@id":"https:\/\/eltecolote.org\/content\/en\/huelguistas-se-preparan-para-morir-por-sus-demandas-2\/"},"author":{"name":"inaki","@id":"https:\/\/eltecolote.org\/content\/#\/schema\/person\/3d16dd415f4762c1919d5f48fb96be68"},"headline":"Huelguistas se preparan para morir por sus demandas","datePublished":"2011-07-20T01:58:31+00:00","dateModified":"2011-07-20T02:01:27+00:00","mainEntityOfPage":{"@id":"https:\/\/eltecolote.org\/content\/en\/huelguistas-se-preparan-para-morir-por-sus-demandas-2\/"},"wordCount":530,"commentCount":0,"publisher":{"@id":"https:\/\/eltecolote.org\/content\/#organization"},"image":{"@id":"https:\/\/eltecolote.org\/content\/en\/huelguistas-se-preparan-para-morir-por-sus-demandas-2\/#primaryimage"},"thumbnailUrl":"https:\/\/i0.wp.com\/eltecolote.org\/content\/wp-content\/uploads\/2011\/07\/Hunger-strike_01.gif?fit=734%2C674&ssl=1","keywords":["A.N.S.W.E.R.","All Of Us Or None","California Department of Corrections and Rehabilitation","Pelican Bay State Prison"],"articleSection":["News"],"inLanguage":"en","potentialAction":[{"@type":"CommentAction","name":"Comment","target":["https:\/\/eltecolote.org\/content\/en\/huelguistas-se-preparan-para-morir-por-sus-demandas-2\/#respond"]}]},{"@type":"WebPage","@id":"https:\/\/eltecolote.org\/content\/en\/huelguistas-se-preparan-para-morir-por-sus-demandas-2\/","url":"https:\/\/eltecolote.org\/content\/en\/huelguistas-se-preparan-para-morir-por-sus-demandas-2\/","name":"Huelguistas se preparan para morir por sus demandas - El Tecolote","isPartOf":{"@id":"https:\/\/eltecolote.org\/content\/#website"},"primaryImageOfPage":{"@id":"https:\/\/eltecolote.org\/content\/en\/huelguistas-se-preparan-para-morir-por-sus-demandas-2\/#primaryimage"},"image":{"@id":"https:\/\/eltecolote.org\/content\/en\/huelguistas-se-preparan-para-morir-por-sus-demandas-2\/#primaryimage"},"thumbnailUrl":"https:\/\/i0.wp.com\/eltecolote.org\/content\/wp-content\/uploads\/2011\/07\/Hunger-strike_01.gif?fit=734%2C674&ssl=1","datePublished":"2011-07-20T01:58:31+00:00","dateModified":"2011-07-20T02:01:27+00:00","description":"Aproximadamente 200 personas se reunieron el 9 de Julio en United Nation\u2019s Plaza en San Francisco, en solidaridad con miles de presos de California, quienes protestan contra lo que ellos consideran como condiciones inhumanas de tortura. La consigna unida del grupo era bien clara: si el Departamento de Prisiones de California no satisface las demandas de los huelguitas que no han comido por 13 dias, alguna personas van a morir.","inLanguage":"en","potentialAction":[{"@type":"ReadAction","target":["https:\/\/eltecolote.org\/content\/en\/huelguistas-se-preparan-para-morir-por-sus-demandas-2\/"]}]},{"@type":"ImageObject","inLanguage":"en","@id":"https:\/\/eltecolote.org\/content\/en\/huelguistas-se-preparan-para-morir-por-sus-demandas-2\/#primaryimage","url":"https:\/\/i0.wp.com\/eltecolote.org\/content\/wp-content\/uploads\/2011\/07\/Hunger-strike_01.gif?fit=734%2C674&ssl=1","contentUrl":"https:\/\/i0.wp.com\/eltecolote.org\/content\/wp-content\/uploads\/2011\/07\/Hunger-strike_01.gif?fit=734%2C674&ssl=1","width":734,"height":674},{"@type":"WebSite","@id":"https:\/\/eltecolote.org\/content\/#website","url":"https:\/\/eltecolote.org\/content\/","name":"El Tecolote","description":"San Francisco's Latinx newspaper since 1970","publisher":{"@id":"https:\/\/eltecolote.org\/content\/#organization"},"potentialAction":[{"@type":"SearchAction","target":{"@type":"EntryPoint","urlTemplate":"https:\/\/eltecolote.org\/content\/?s={search_term_string}"},"query-input":{"@type":"PropertyValueSpecification","valueRequired":true,"valueName":"search_term_string"}}],"inLanguage":"en"},{"@type":"Organization","@id":"https:\/\/eltecolote.org\/content\/#organization","name":"El Tecolote","url":"https:\/\/eltecolote.org\/content\/","logo":{"@type":"ImageObject","inLanguage":"en","@id":"https:\/\/eltecolote.org\/content\/#\/schema\/logo\/image\/","url":"https:\/\/i0.wp.com\/eltecolote.org\/content\/wp-content\/uploads\/2021\/05\/ETlogo-1.jpg?fit=400%2C400&ssl=1","contentUrl":"https:\/\/i0.wp.com\/eltecolote.org\/content\/wp-content\/uploads\/2021\/05\/ETlogo-1.jpg?fit=400%2C400&ssl=1","width":400,"height":400,"caption":"El Tecolote"},"image":{"@id":"https:\/\/eltecolote.org\/content\/#\/schema\/logo\/image\/"},"sameAs":["https:\/\/www.facebook.com\/ElTecoloteSF\/","https:\/\/x.com\/eltecolotesf","https:\/\/www.instagram.com\/eltecolotesf\/"]},{"@type":"Person","@id":"https:\/\/eltecolote.org\/content\/#\/schema\/person\/3d16dd415f4762c1919d5f48fb96be68","name":"inaki","image":{"@type":"ImageObject","inLanguage":"en","@id":"https:\/\/secure.gravatar.com\/avatar\/ab6ead0932ded5b2446f1718461a6be0d4ec8d3cc15301536fd1add812db4cfd?s=96&d=mm&r=g63853c5492f171feb7b16142e206d3ec","url":"https:\/\/secure.gravatar.com\/avatar\/ab6ead0932ded5b2446f1718461a6be0d4ec8d3cc15301536fd1add812db4cfd?s=96&d=mm&r=g","contentUrl":"https:\/\/secure.gravatar.com\/avatar\/ab6ead0932ded5b2446f1718461a6be0d4ec8d3cc15301536fd1add812db4cfd?s=96&d=mm&r=g","caption":"inaki"},"url":"https:\/\/eltecolote.org\/content\/author\/inaki\/"}]}},"distributor_meta":false,"distributor_terms":false,"distributor_media":false,"distributor_original_site_name":"El Tecolote","distributor_original_site_url":"https:\/\/eltecolote.org\/content","push-errors":false,"_links":{"self":[{"href":"https:\/\/eltecolote.org\/content\/wp-json\/wp\/v2\/posts\/9692","targetHints":{"allow":["GET"]}}],"collection":[{"href":"https:\/\/eltecolote.org\/content\/wp-json\/wp\/v2\/posts"}],"about":[{"href":"https:\/\/eltecolote.org\/content\/wp-json\/wp\/v2\/types\/post"}],"author":[{"embeddable":true,"href":"https:\/\/eltecolote.org\/content\/wp-json\/wp\/v2\/users\/8"}],"replies":[{"embeddable":true,"href":"https:\/\/eltecolote.org\/content\/wp-json\/wp\/v2\/comments?post=9692"}],"version-history":[{"count":12,"href":"https:\/\/eltecolote.org\/content\/wp-json\/wp\/v2\/posts\/9692\/revisions"}],"predecessor-version":[{"id":9707,"href":"https:\/\/eltecolote.org\/content\/wp-json\/wp\/v2\/posts\/9692\/revisions\/9707"}],"wp:featuredmedia":[{"embeddable":true,"href":"https:\/\/eltecolote.org\/content\/wp-json\/wp\/v2\/media\/9687"}],"wp:attachment":[{"href":"https:\/\/eltecolote.org\/content\/wp-json\/wp\/v2\/media?parent=9692"}],"wp:term":[{"taxonomy":"category","embeddable":true,"href":"https:\/\/eltecolote.org\/content\/wp-json\/wp\/v2\/categories?post=9692"},{"taxonomy":"post_tag","embeddable":true,"href":"https:\/\/eltecolote.org\/content\/wp-json\/wp\/v2\/tags?post=9692"},{"taxonomy":"author","embeddable":true,"href":"https:\/\/eltecolote.org\/content\/wp-json\/wp\/v2\/coauthors?post=9692"}],"curies":[{"name":"wp","href":"https:\/\/api.w.org\/{rel}","templated":true}]}}