{"id":8856,"date":"2011-05-06T18:23:07","date_gmt":"2011-05-07T01:23:07","guid":{"rendered":"http:\/\/eltecolote.org\/content\/?p=8856"},"modified":"2011-05-06T18:25:03","modified_gmt":"2011-05-07T01:25:03","slug":"exposicion-destaca-a-heroes-del-comic-latinos","status":"publish","type":"post","link":"https:\/\/eltecolote.org\/content\/en\/exposicion-destaca-a-heroes-del-comic-latinos\/","title":{"rendered":"Exposici\u00f3n destaca a h\u00e9roes del c\u00f3mic latinos"},"content":{"rendered":"<p><a rel=\"attachment wp-att-8852\" href=\"https:\/\/eltecolote.org\/content\/2011\/05\/expo-spotlights-latino-comic-superheroes\/lce-smallposter\/\"><img data-recalc-dims=\"1\" loading=\"lazy\" decoding=\"async\" class=\"alignright size-large wp-image-8852\" title=\"LCE-smallposter\" src=\"https:\/\/i0.wp.com\/eltecolote.org\/content\/wp-content\/uploads\/2011\/05\/LCE-smallposter.jpg?resize=295%2C383&#038;quality=89&#038;ssl=1\" alt=\"\" width=\"295\" height=\"383\" srcset=\"https:\/\/i0.wp.com\/eltecolote.org\/content\/wp-content\/uploads\/2011\/05\/LCE-smallposter.jpg?resize=370%2C480&amp;quality=89&amp;ssl=1 370w, https:\/\/i0.wp.com\/eltecolote.org\/content\/wp-content\/uploads\/2011\/05\/LCE-smallposter.jpg?resize=600%2C776&amp;quality=89&amp;ssl=1 600w, https:\/\/i0.wp.com\/eltecolote.org\/content\/wp-content\/uploads\/2011\/05\/LCE-smallposter.jpg?resize=193%2C250&amp;quality=89&amp;ssl=1 193w, https:\/\/i0.wp.com\/eltecolote.org\/content\/wp-content\/uploads\/2011\/05\/LCE-smallposter.jpg?w=2000&amp;quality=89&amp;ssl=1 2000w\" sizes=\"auto, (max-width: 295px) 100vw, 295px\" \/><\/a>Mientras casi todo el mundo conoce la incre\u00edble fuerza de Superman o la lucha contra el crimen al estilo vigilante de Batman, puede que no todos est\u00e9n familiarizados con otros h\u00e9roes como El Weapon Tex-Mex, que defiende inmigrantes que cruzan la frontera de aquellos que les quieren hacer da\u00f1o, o Son\u00e1mbulo, un luchador mejicano que combate a los hombres lobos en la noche. Si esos nombres no le suenan, entonces quiz\u00e1s usted quiera investigar la Expo de C\u00f3mics Latinos este fin de semana, el 7 y 8 de mayo, en el Museo de las Caricaturas de San Francisco \u2014el primer acontecimiento de este tipo.<\/p>\n<p>Los visitantes disfrutar\u00e1n de la oportunidad de conocer y relacionarse con algunos de los artistas y escritores latinos m\u00e1s importantes. Ricardo Padilla y Javier Hern\u00e1ndez \u2014fundadores de la actividad y a su vez artistas de c\u00f3mics\u2014 han trabajado en colaboraci\u00f3n para alcanzar a los creadores de libros de c\u00f3mics y empezar lo que ellos esperan se convertir\u00e1 en un evento anual que aporta una intimidad que se ha perdido con el crecimiento comercializado de las convenciones del libro de c\u00f3mic y ciencia ficci\u00f3n.<\/p>\n<p>\u201cHa sido un sue\u00f1o convertido en realidad\u201d, dice Padilla, quien estuvo en el Museo de las Caricaturas preparando el evento de este fin de semana. \u201cEra casi frustrante durante los \u00faltimos a\u00f1os en sitios como WonderCon y ComicCon donde habr\u00eda un millar de artistas \u2014y quiz\u00e1 uno, o dos, o tres eran artistas latinos\u2014 y todo el mundo corr\u00eda a ver El Hombre de Hierro o lo que sea, as\u00ed que, es agradable tener alg\u00fan lugar donde sus talentos pueden brillar y sus trabajos ser vistos por aquellos que verdaderamente tengan un inter\u00e9s en c\u00f3mics latinos o c\u00f3mics en general\u201d.<\/p>\n<p>La lista de invitados incluye un impresionante registro de doce artistas y escritores de una amplia gama de estilos y puntos de vista. Algunos de los participantes son: Mario Hern\u00e1ndez, quien empez\u00f3 las legendarias series de \u2018Amor y cohetes\u2019 en los 80, junto con sus hermanos Jaime y Gilberto Hern\u00e1ndez; H\u00e9ctor Cantu, co-creador de la agrupaci\u00f3n de \u00e1mbito nacional de tirada c\u00f3mica \u2018Baldo\u2019; Rhode Montijo, quien ha creado numerosos libros para ni\u00f1os y \u2018El Infierno de Pablo\u2019 \u2014una serie de c\u00f3mics de g\u00e9nero independiente; y Grasiela Rodr\u00edguez, autora de \u2018La Franja Lun\u00e1tica\u2019.<\/p>\n<p>Los latinos, por supuesto, no son extra\u00f1os a los c\u00f3mics latinos y al mundo del superh\u00e9roe. Al principio de los a\u00f1os 80, el artista George P\u00e9rez, cuyos padres vinieron de Puerto Rico, ayud\u00f3 con \u00e9xito a reinventar y vigorar \u2018Los Nuevos Titanes Adolescentes\u2019 para DC Comics.<\/p>\n<p>Padilla, un fan de c\u00f3mics de toda la vida, est\u00e1 constantemente maravillado y encantado por el talento emergente y los crecientes estilos y g\u00e9neros. Un g\u00e9nero, llamado Lucha Noir, utiliza los elementos de los enmascarados luchadores mejicanos, oscuros paisajes urbanos y tramas al estilo de cine Noir. Rafael Navarro, quien estar\u00e1 en la Expo, es el creador de \u2018Son\u00e1mbulo\u2019, un buen ejemplo de este g\u00e9nero.<\/p>\n<p><a rel=\"attachment wp-att-8853\" href=\"https:\/\/eltecolote.org\/content\/2011\/05\/expo-spotlights-latino-comic-superheroes\/comiccomposite\/\"><img data-recalc-dims=\"1\" loading=\"lazy\" decoding=\"async\" class=\"alignright size-large wp-image-8853\" style=\"margin: 8px;\" title=\"comiccomposite\" src=\"https:\/\/i0.wp.com\/eltecolote.org\/content\/wp-content\/uploads\/2011\/05\/comiccomposite.jpg?resize=369%2C480&#038;quality=89&#038;ssl=1\" alt=\"\" width=\"369\" height=\"480\" srcset=\"https:\/\/i0.wp.com\/eltecolote.org\/content\/wp-content\/uploads\/2011\/05\/comiccomposite.jpg?resize=369%2C480&amp;quality=89&amp;ssl=1 369w, https:\/\/i0.wp.com\/eltecolote.org\/content\/wp-content\/uploads\/2011\/05\/comiccomposite.jpg?resize=192%2C250&amp;quality=89&amp;ssl=1 192w, https:\/\/i0.wp.com\/eltecolote.org\/content\/wp-content\/uploads\/2011\/05\/comiccomposite.jpg?w=571&amp;quality=89&amp;ssl=1 571w\" sizes=\"auto, (max-width: 369px) 100vw, 369px\" \/><\/a>La Expo de Comics Latinos, declararon Padilla y Hern\u00e1ndez, es realmente un trabajo hecho por amor al arte y ellos est\u00e1n tomando un enfoque de hacerlo uno mismo y de manera casera.<\/p>\n<p>\u201cPensamos que podr\u00edamos obtener algo m\u00e1s de financiaci\u00f3n, pero sabemos que es dif\u00edcil conseguir fondos para la primera vez. Quieren ver c\u00f3mo producimos\u201d, dijo Padilla. \u201cLo llamamos la Expo al Estilo Raza. Mi madre preparar\u00e1 burritos para los artistas y los artista participan sin cobrar\u201d.<\/p>\n<p>Los programas de actividades extra escolares de 826 Valencia y Precita Eyes tambi\u00e9n estar\u00e1n disponibles para apoyar a la exposici\u00f3n. \u201cInvolucrar a la comunidad\u201d, dijo Padilla, \u201ces prioridad\u201d.<\/p>\n<p>\u201cMuchos de nuestros ni\u00f1os est\u00e1n experimentando cortes de presupuesto en programas de las escuelas y hay ni\u00f1os a los que le encanta el arte graffiti o los c\u00f3mics. Apoyemos eso, apoyemos a nuestros esfuerzos\u201d, dijo Padilla.<\/p>\n<p>Hern\u00e1ndez, quien es tambi\u00e9n el creador de \u201cWeapon Tex-Mex\u201d y \u201cEl Muerto: El Zombi Azteca\u201d, espera que esto sea s\u00f3lo el comienzo.<\/p>\n<p>\u201cLlevar la muestra a Nueva York, Texas, Los \u00c1ngeles y a lo largo del pa\u00eds, ese es mi sue\u00f1o\u201d, dijo Hern\u00e1ndez.<\/p>\n<p><em>La Expo de C\u00f3mic Latino tendr\u00e1 lugar el 7 y 8 de Mayo del 2011, de 11am a 5pm, en el mundialmente famoso Museo de las Caricaturas de San Francisco. La admisi\u00f3n al museo le concede acceso a la Expo.<\/em><\/p>\n<p>\u2014Traducci\u00f3n Yolanda Soler<\/p>\n","protected":false},"excerpt":{"rendered":"<p>Mientras casi todo el mundo conoce la incre\u00edble fuerza de Superman o la lucha contra el crimen al estilo vigilante de Batman, puede que no todos est\u00e9n familiarizados con otros h\u00e9roes como El Weapon Tex-Mex, que defiende inmigrantes que cruzan la frontera de aquellos que les quieren hacer da\u00f1o, o Son\u00e1mbulo, un luchador mejicano que [&hellip;]<\/p>\n","protected":false},"author":8,"featured_media":0,"comment_status":"open","ping_status":"open","sticky":false,"template":"","format":"standard","meta":{"newspack_popups_has_disabled_popups":false,"newspack_featured_image_position":"","newspack_post_subtitle":"","newspack_article_summary_title":"Overview:","newspack_article_summary":"","newspack_hide_updated_date":false,"newspack_show_updated_date":false,"footnotes":""},"categories":[7],"tags":[],"coauthors":[],"class_list":["post-8856","post","type-post","status-publish","format-standard","hentry","category-news","entry"],"yoast_head":"<!-- This site is optimized with the Yoast SEO plugin v27.5 - https:\/\/yoast.com\/product\/yoast-seo-wordpress\/ -->\n<title>Exposici\u00f3n destaca a h\u00e9roes del c\u00f3mic latinos - El Tecolote<\/title>\n<meta name=\"description\" content=\"Mientras casi todo el mundo conoce la incre\u00edble fuerza de Superman o la lucha contra el crimen al estilo vigilante de Batman, puede que no todos est\u00e9n\" \/>\n<meta name=\"robots\" content=\"index, follow, max-snippet:-1, max-image-preview:large, max-video-preview:-1\" \/>\n<link rel=\"canonical\" href=\"https:\/\/eltecolote.org\/content\/en\/exposicion-destaca-a-heroes-del-comic-latinos\/\" \/>\n<meta property=\"og:locale\" content=\"en_US\" \/>\n<meta property=\"og:type\" content=\"article\" \/>\n<meta property=\"og:title\" content=\"Exposici\u00f3n destaca a h\u00e9roes del c\u00f3mic latinos - El Tecolote\" \/>\n<meta property=\"og:description\" content=\"Mientras casi todo el mundo conoce la incre\u00edble fuerza de Superman o la lucha contra el crimen al estilo vigilante de Batman, puede que no todos est\u00e9n\" \/>\n<meta property=\"og:url\" content=\"https:\/\/eltecolote.org\/content\/en\/exposicion-destaca-a-heroes-del-comic-latinos\/\" \/>\n<meta property=\"og:site_name\" content=\"El Tecolote\" \/>\n<meta property=\"article:publisher\" content=\"https:\/\/www.facebook.com\/ElTecoloteSF\/\" \/>\n<meta property=\"article:published_time\" content=\"2011-05-07T01:23:07+00:00\" \/>\n<meta property=\"article:modified_time\" content=\"2011-05-07T01:25:03+00:00\" \/>\n<meta property=\"og:image\" content=\"http:\/\/eltecolote.org\/content\/wp-content\/uploads\/2011\/05\/LCE-smallposter-370x480.jpg\" \/>\n<meta name=\"author\" content=\"inaki\" \/>\n<meta name=\"twitter:card\" content=\"summary_large_image\" \/>\n<meta name=\"twitter:creator\" content=\"@eltecolotesf\" \/>\n<meta name=\"twitter:site\" content=\"@eltecolotesf\" \/>\n<meta name=\"twitter:label1\" content=\"Written by\" \/>\n\t<meta name=\"twitter:data1\" content=\"inaki\" \/>\n\t<meta name=\"twitter:label2\" content=\"Est. reading time\" \/>\n\t<meta name=\"twitter:data2\" content=\"4 minutes\" \/>\n<script type=\"application\/ld+json\" class=\"yoast-schema-graph\">{\"@context\":\"https:\\\/\\\/schema.org\",\"@graph\":[{\"@type\":\"NewsArticle\",\"@id\":\"https:\\\/\\\/eltecolote.org\\\/content\\\/en\\\/exposicion-destaca-a-heroes-del-comic-latinos\\\/#article\",\"isPartOf\":{\"@id\":\"https:\\\/\\\/eltecolote.org\\\/content\\\/en\\\/exposicion-destaca-a-heroes-del-comic-latinos\\\/\"},\"author\":{\"name\":\"inaki\",\"@id\":\"https:\\\/\\\/eltecolote.org\\\/content\\\/#\\\/schema\\\/person\\\/3d16dd415f4762c1919d5f48fb96be68\"},\"headline\":\"Exposici\u00f3n destaca a h\u00e9roes del c\u00f3mic latinos\",\"datePublished\":\"2011-05-07T01:23:07+00:00\",\"dateModified\":\"2011-05-07T01:25:03+00:00\",\"mainEntityOfPage\":{\"@id\":\"https:\\\/\\\/eltecolote.org\\\/content\\\/en\\\/exposicion-destaca-a-heroes-del-comic-latinos\\\/\"},\"wordCount\":785,\"commentCount\":0,\"publisher\":{\"@id\":\"https:\\\/\\\/eltecolote.org\\\/content\\\/#organization\"},\"image\":{\"@id\":\"https:\\\/\\\/eltecolote.org\\\/content\\\/en\\\/exposicion-destaca-a-heroes-del-comic-latinos\\\/#primaryimage\"},\"thumbnailUrl\":\"http:\\\/\\\/eltecolote.org\\\/content\\\/wp-content\\\/uploads\\\/2011\\\/05\\\/LCE-smallposter-370x480.jpg\",\"articleSection\":[\"News\"],\"inLanguage\":\"en\",\"potentialAction\":[{\"@type\":\"CommentAction\",\"name\":\"Comment\",\"target\":[\"https:\\\/\\\/eltecolote.org\\\/content\\\/en\\\/exposicion-destaca-a-heroes-del-comic-latinos\\\/#respond\"]}]},{\"@type\":\"WebPage\",\"@id\":\"https:\\\/\\\/eltecolote.org\\\/content\\\/en\\\/exposicion-destaca-a-heroes-del-comic-latinos\\\/\",\"url\":\"https:\\\/\\\/eltecolote.org\\\/content\\\/en\\\/exposicion-destaca-a-heroes-del-comic-latinos\\\/\",\"name\":\"Exposici\u00f3n destaca a h\u00e9roes del c\u00f3mic latinos - El Tecolote\",\"isPartOf\":{\"@id\":\"https:\\\/\\\/eltecolote.org\\\/content\\\/#website\"},\"primaryImageOfPage\":{\"@id\":\"https:\\\/\\\/eltecolote.org\\\/content\\\/en\\\/exposicion-destaca-a-heroes-del-comic-latinos\\\/#primaryimage\"},\"image\":{\"@id\":\"https:\\\/\\\/eltecolote.org\\\/content\\\/en\\\/exposicion-destaca-a-heroes-del-comic-latinos\\\/#primaryimage\"},\"thumbnailUrl\":\"http:\\\/\\\/eltecolote.org\\\/content\\\/wp-content\\\/uploads\\\/2011\\\/05\\\/LCE-smallposter-370x480.jpg\",\"datePublished\":\"2011-05-07T01:23:07+00:00\",\"dateModified\":\"2011-05-07T01:25:03+00:00\",\"description\":\"Mientras casi todo el mundo conoce la incre\u00edble fuerza de Superman o la lucha contra el crimen al estilo vigilante de Batman, puede que no todos est\u00e9n\",\"inLanguage\":\"en\",\"potentialAction\":[{\"@type\":\"ReadAction\",\"target\":[\"https:\\\/\\\/eltecolote.org\\\/content\\\/en\\\/exposicion-destaca-a-heroes-del-comic-latinos\\\/\"]}]},{\"@type\":\"ImageObject\",\"inLanguage\":\"en\",\"@id\":\"https:\\\/\\\/eltecolote.org\\\/content\\\/en\\\/exposicion-destaca-a-heroes-del-comic-latinos\\\/#primaryimage\",\"url\":\"http:\\\/\\\/eltecolote.org\\\/content\\\/wp-content\\\/uploads\\\/2011\\\/05\\\/LCE-smallposter-370x480.jpg\",\"contentUrl\":\"http:\\\/\\\/eltecolote.org\\\/content\\\/wp-content\\\/uploads\\\/2011\\\/05\\\/LCE-smallposter-370x480.jpg\"},{\"@type\":\"WebSite\",\"@id\":\"https:\\\/\\\/eltecolote.org\\\/content\\\/#website\",\"url\":\"https:\\\/\\\/eltecolote.org\\\/content\\\/\",\"name\":\"El Tecolote\",\"description\":\"San Francisco's Latinx newspaper since 1970\",\"publisher\":{\"@id\":\"https:\\\/\\\/eltecolote.org\\\/content\\\/#organization\"},\"potentialAction\":[{\"@type\":\"SearchAction\",\"target\":{\"@type\":\"EntryPoint\",\"urlTemplate\":\"https:\\\/\\\/eltecolote.org\\\/content\\\/?s={search_term_string}\"},\"query-input\":{\"@type\":\"PropertyValueSpecification\",\"valueRequired\":true,\"valueName\":\"search_term_string\"}}],\"inLanguage\":\"en\"},{\"@type\":\"Organization\",\"@id\":\"https:\\\/\\\/eltecolote.org\\\/content\\\/#organization\",\"name\":\"El Tecolote\",\"url\":\"https:\\\/\\\/eltecolote.org\\\/content\\\/\",\"logo\":{\"@type\":\"ImageObject\",\"inLanguage\":\"en\",\"@id\":\"https:\\\/\\\/eltecolote.org\\\/content\\\/#\\\/schema\\\/logo\\\/image\\\/\",\"url\":\"https:\\\/\\\/i0.wp.com\\\/eltecolote.org\\\/content\\\/wp-content\\\/uploads\\\/2021\\\/05\\\/ETlogo-1.jpg?fit=400%2C400&ssl=1\",\"contentUrl\":\"https:\\\/\\\/i0.wp.com\\\/eltecolote.org\\\/content\\\/wp-content\\\/uploads\\\/2021\\\/05\\\/ETlogo-1.jpg?fit=400%2C400&ssl=1\",\"width\":400,\"height\":400,\"caption\":\"El Tecolote\"},\"image\":{\"@id\":\"https:\\\/\\\/eltecolote.org\\\/content\\\/#\\\/schema\\\/logo\\\/image\\\/\"},\"sameAs\":[\"https:\\\/\\\/www.facebook.com\\\/ElTecoloteSF\\\/\",\"https:\\\/\\\/x.com\\\/eltecolotesf\",\"https:\\\/\\\/www.instagram.com\\\/eltecolotesf\\\/\"]},{\"@type\":\"Person\",\"@id\":\"https:\\\/\\\/eltecolote.org\\\/content\\\/#\\\/schema\\\/person\\\/3d16dd415f4762c1919d5f48fb96be68\",\"name\":\"inaki\",\"image\":{\"@type\":\"ImageObject\",\"inLanguage\":\"en\",\"@id\":\"https:\\\/\\\/secure.gravatar.com\\\/avatar\\\/ab6ead0932ded5b2446f1718461a6be0d4ec8d3cc15301536fd1add812db4cfd?s=96&d=mm&r=g63853c5492f171feb7b16142e206d3ec\",\"url\":\"https:\\\/\\\/secure.gravatar.com\\\/avatar\\\/ab6ead0932ded5b2446f1718461a6be0d4ec8d3cc15301536fd1add812db4cfd?s=96&d=mm&r=g\",\"contentUrl\":\"https:\\\/\\\/secure.gravatar.com\\\/avatar\\\/ab6ead0932ded5b2446f1718461a6be0d4ec8d3cc15301536fd1add812db4cfd?s=96&d=mm&r=g\",\"caption\":\"inaki\"},\"url\":\"https:\\\/\\\/eltecolote.org\\\/content\\\/author\\\/inaki\\\/\"}]}<\/script>\n<!-- \/ Yoast SEO plugin. -->","yoast_head_json":{"title":"Exposici\u00f3n destaca a h\u00e9roes del c\u00f3mic latinos - El Tecolote","description":"Mientras casi todo el mundo conoce la incre\u00edble fuerza de Superman o la lucha contra el crimen al estilo vigilante de Batman, puede que no todos est\u00e9n","robots":{"index":"index","follow":"follow","max-snippet":"max-snippet:-1","max-image-preview":"max-image-preview:large","max-video-preview":"max-video-preview:-1"},"canonical":"https:\/\/eltecolote.org\/content\/en\/exposicion-destaca-a-heroes-del-comic-latinos\/","og_locale":"en_US","og_type":"article","og_title":"Exposici\u00f3n destaca a h\u00e9roes del c\u00f3mic latinos - El Tecolote","og_description":"Mientras casi todo el mundo conoce la incre\u00edble fuerza de Superman o la lucha contra el crimen al estilo vigilante de Batman, puede que no todos est\u00e9n","og_url":"https:\/\/eltecolote.org\/content\/en\/exposicion-destaca-a-heroes-del-comic-latinos\/","og_site_name":"El Tecolote","article_publisher":"https:\/\/www.facebook.com\/ElTecoloteSF\/","article_published_time":"2011-05-07T01:23:07+00:00","article_modified_time":"2011-05-07T01:25:03+00:00","og_image":[{"url":"http:\/\/eltecolote.org\/content\/wp-content\/uploads\/2011\/05\/LCE-smallposter-370x480.jpg","type":"","width":"","height":""}],"author":"inaki","twitter_card":"summary_large_image","twitter_creator":"@eltecolotesf","twitter_site":"@eltecolotesf","twitter_misc":{"Written by":"inaki","Est. reading time":"4 minutes"},"schema":{"@context":"https:\/\/schema.org","@graph":[{"@type":"NewsArticle","@id":"https:\/\/eltecolote.org\/content\/en\/exposicion-destaca-a-heroes-del-comic-latinos\/#article","isPartOf":{"@id":"https:\/\/eltecolote.org\/content\/en\/exposicion-destaca-a-heroes-del-comic-latinos\/"},"author":{"name":"inaki","@id":"https:\/\/eltecolote.org\/content\/#\/schema\/person\/3d16dd415f4762c1919d5f48fb96be68"},"headline":"Exposici\u00f3n destaca a h\u00e9roes del c\u00f3mic latinos","datePublished":"2011-05-07T01:23:07+00:00","dateModified":"2011-05-07T01:25:03+00:00","mainEntityOfPage":{"@id":"https:\/\/eltecolote.org\/content\/en\/exposicion-destaca-a-heroes-del-comic-latinos\/"},"wordCount":785,"commentCount":0,"publisher":{"@id":"https:\/\/eltecolote.org\/content\/#organization"},"image":{"@id":"https:\/\/eltecolote.org\/content\/en\/exposicion-destaca-a-heroes-del-comic-latinos\/#primaryimage"},"thumbnailUrl":"http:\/\/eltecolote.org\/content\/wp-content\/uploads\/2011\/05\/LCE-smallposter-370x480.jpg","articleSection":["News"],"inLanguage":"en","potentialAction":[{"@type":"CommentAction","name":"Comment","target":["https:\/\/eltecolote.org\/content\/en\/exposicion-destaca-a-heroes-del-comic-latinos\/#respond"]}]},{"@type":"WebPage","@id":"https:\/\/eltecolote.org\/content\/en\/exposicion-destaca-a-heroes-del-comic-latinos\/","url":"https:\/\/eltecolote.org\/content\/en\/exposicion-destaca-a-heroes-del-comic-latinos\/","name":"Exposici\u00f3n destaca a h\u00e9roes del c\u00f3mic latinos - El Tecolote","isPartOf":{"@id":"https:\/\/eltecolote.org\/content\/#website"},"primaryImageOfPage":{"@id":"https:\/\/eltecolote.org\/content\/en\/exposicion-destaca-a-heroes-del-comic-latinos\/#primaryimage"},"image":{"@id":"https:\/\/eltecolote.org\/content\/en\/exposicion-destaca-a-heroes-del-comic-latinos\/#primaryimage"},"thumbnailUrl":"http:\/\/eltecolote.org\/content\/wp-content\/uploads\/2011\/05\/LCE-smallposter-370x480.jpg","datePublished":"2011-05-07T01:23:07+00:00","dateModified":"2011-05-07T01:25:03+00:00","description":"Mientras casi todo el mundo conoce la incre\u00edble fuerza de Superman o la lucha contra el crimen al estilo vigilante de Batman, puede que no todos est\u00e9n","inLanguage":"en","potentialAction":[{"@type":"ReadAction","target":["https:\/\/eltecolote.org\/content\/en\/exposicion-destaca-a-heroes-del-comic-latinos\/"]}]},{"@type":"ImageObject","inLanguage":"en","@id":"https:\/\/eltecolote.org\/content\/en\/exposicion-destaca-a-heroes-del-comic-latinos\/#primaryimage","url":"http:\/\/eltecolote.org\/content\/wp-content\/uploads\/2011\/05\/LCE-smallposter-370x480.jpg","contentUrl":"http:\/\/eltecolote.org\/content\/wp-content\/uploads\/2011\/05\/LCE-smallposter-370x480.jpg"},{"@type":"WebSite","@id":"https:\/\/eltecolote.org\/content\/#website","url":"https:\/\/eltecolote.org\/content\/","name":"El Tecolote","description":"San Francisco's Latinx newspaper since 1970","publisher":{"@id":"https:\/\/eltecolote.org\/content\/#organization"},"potentialAction":[{"@type":"SearchAction","target":{"@type":"EntryPoint","urlTemplate":"https:\/\/eltecolote.org\/content\/?s={search_term_string}"},"query-input":{"@type":"PropertyValueSpecification","valueRequired":true,"valueName":"search_term_string"}}],"inLanguage":"en"},{"@type":"Organization","@id":"https:\/\/eltecolote.org\/content\/#organization","name":"El Tecolote","url":"https:\/\/eltecolote.org\/content\/","logo":{"@type":"ImageObject","inLanguage":"en","@id":"https:\/\/eltecolote.org\/content\/#\/schema\/logo\/image\/","url":"https:\/\/i0.wp.com\/eltecolote.org\/content\/wp-content\/uploads\/2021\/05\/ETlogo-1.jpg?fit=400%2C400&ssl=1","contentUrl":"https:\/\/i0.wp.com\/eltecolote.org\/content\/wp-content\/uploads\/2021\/05\/ETlogo-1.jpg?fit=400%2C400&ssl=1","width":400,"height":400,"caption":"El Tecolote"},"image":{"@id":"https:\/\/eltecolote.org\/content\/#\/schema\/logo\/image\/"},"sameAs":["https:\/\/www.facebook.com\/ElTecoloteSF\/","https:\/\/x.com\/eltecolotesf","https:\/\/www.instagram.com\/eltecolotesf\/"]},{"@type":"Person","@id":"https:\/\/eltecolote.org\/content\/#\/schema\/person\/3d16dd415f4762c1919d5f48fb96be68","name":"inaki","image":{"@type":"ImageObject","inLanguage":"en","@id":"https:\/\/secure.gravatar.com\/avatar\/ab6ead0932ded5b2446f1718461a6be0d4ec8d3cc15301536fd1add812db4cfd?s=96&d=mm&r=g63853c5492f171feb7b16142e206d3ec","url":"https:\/\/secure.gravatar.com\/avatar\/ab6ead0932ded5b2446f1718461a6be0d4ec8d3cc15301536fd1add812db4cfd?s=96&d=mm&r=g","contentUrl":"https:\/\/secure.gravatar.com\/avatar\/ab6ead0932ded5b2446f1718461a6be0d4ec8d3cc15301536fd1add812db4cfd?s=96&d=mm&r=g","caption":"inaki"},"url":"https:\/\/eltecolote.org\/content\/author\/inaki\/"}]}},"distributor_meta":false,"distributor_terms":false,"distributor_media":false,"distributor_original_site_name":"El Tecolote","distributor_original_site_url":"https:\/\/eltecolote.org\/content","push-errors":false,"_links":{"self":[{"href":"https:\/\/eltecolote.org\/content\/wp-json\/wp\/v2\/posts\/8856","targetHints":{"allow":["GET"]}}],"collection":[{"href":"https:\/\/eltecolote.org\/content\/wp-json\/wp\/v2\/posts"}],"about":[{"href":"https:\/\/eltecolote.org\/content\/wp-json\/wp\/v2\/types\/post"}],"author":[{"embeddable":true,"href":"https:\/\/eltecolote.org\/content\/wp-json\/wp\/v2\/users\/8"}],"replies":[{"embeddable":true,"href":"https:\/\/eltecolote.org\/content\/wp-json\/wp\/v2\/comments?post=8856"}],"version-history":[{"count":6,"href":"https:\/\/eltecolote.org\/content\/wp-json\/wp\/v2\/posts\/8856\/revisions"}],"predecessor-version":[{"id":8862,"href":"https:\/\/eltecolote.org\/content\/wp-json\/wp\/v2\/posts\/8856\/revisions\/8862"}],"wp:attachment":[{"href":"https:\/\/eltecolote.org\/content\/wp-json\/wp\/v2\/media?parent=8856"}],"wp:term":[{"taxonomy":"category","embeddable":true,"href":"https:\/\/eltecolote.org\/content\/wp-json\/wp\/v2\/categories?post=8856"},{"taxonomy":"post_tag","embeddable":true,"href":"https:\/\/eltecolote.org\/content\/wp-json\/wp\/v2\/tags?post=8856"},{"taxonomy":"author","embeddable":true,"href":"https:\/\/eltecolote.org\/content\/wp-json\/wp\/v2\/coauthors?post=8856"}],"curies":[{"name":"wp","href":"https:\/\/api.w.org\/{rel}","templated":true}]}}