{"id":8815,"date":"2011-05-06T15:11:04","date_gmt":"2011-05-06T22:11:04","guid":{"rendered":"http:\/\/eltecolote.org\/content\/?p=8815"},"modified":"2011-05-06T15:17:07","modified_gmt":"2011-05-06T22:17:07","slug":"epidemia-silenciosa-castiga-a-la-comunidad-latina","status":"publish","type":"post","link":"https:\/\/eltecolote.org\/content\/en\/epidemia-silenciosa-castiga-a-la-comunidad-latina\/","title":{"rendered":"Epidemia silenciosa castiga a la comunidad latina"},"content":{"rendered":"<figure id=\"attachment_8812\" aria-describedby=\"caption-attachment-8812\" style=\"width: 600px\" class=\"wp-caption alignnone\"><a rel=\"attachment wp-att-8812\" href=\"https:\/\/eltecolote.org\/content\/2011\/05\/silent-epidemic-targets-latino-community\/hep-cweb\/\"><img data-recalc-dims=\"1\" loading=\"lazy\" decoding=\"async\" class=\"size-full wp-image-8812\" title=\"Hep-Cweb\" src=\"https:\/\/i0.wp.com\/eltecolote.org\/content\/wp-content\/uploads\/2011\/05\/Hep-Cweb.jpg?resize=600%2C662&#038;quality=89&#038;ssl=1\" alt=\"\" width=\"600\" height=\"662\" srcset=\"https:\/\/i0.wp.com\/eltecolote.org\/content\/wp-content\/uploads\/2011\/05\/Hep-Cweb.jpg?w=600&amp;quality=89&amp;ssl=1 600w, https:\/\/i0.wp.com\/eltecolote.org\/content\/wp-content\/uploads\/2011\/05\/Hep-Cweb.jpg?resize=226%2C250&amp;quality=89&amp;ssl=1 226w, https:\/\/i0.wp.com\/eltecolote.org\/content\/wp-content\/uploads\/2011\/05\/Hep-Cweb.jpg?resize=435%2C480&amp;quality=89&amp;ssl=1 435w\" sizes=\"auto, (max-width: 600px) 100vw, 600px\" \/><\/a><figcaption id=\"caption-attachment-8812\" class=\"wp-caption-text\">Illustration Courtesy of Thomas Hermann<\/figcaption><\/figure>\n<p>Estudios demuestran que, comparado con el resto de las comunidades, casi el doble de latinos est\u00e1 infectado con Hepatitis C. Pero en San Francisco estos estudios no son exactos y la cantidad de latinos infectados por el virus es aun un misterio.<br \/>\nAl principio de este a\u00f1o El Grupo de Trabajo para la Hepatitis C de San Francisco dio a conocer un reporte en el que recomienda al Mayor y al Departamento de Salud P\u00fablica que comiencen un c\u00e1lculo de la Hepatitis C en la comunidad latina.<\/p>\n<p>\u201cEn San Francisco no hay datos precisos\u201d, dijo Jorge Vieto, miembro del grupo de trabajo para la Hepatitis C de la organizaci\u00f3n \u201cStop Aids\u201d. \u201cConocemos de manera vaga sobre la Hepatitis C en la comunidad latina y podemos decir que definitivamente s\u00ed hay un problema\u201d.<\/p>\n<p>Un estimado de 40 millones de latinos vive en los EEUU y un 2.1 por ciento est\u00e1n infectados con Hepatitis C, lo cual es casi el doble en comparaci\u00f3n con la comunidad Cauc\u00e1sica, de acuerdo con la Organizaci\u00f3n de apoyo a los infectados con Hepatitis C<\/p>\n<p>\u201cLos latinos est\u00e1n desproporcionadamente afectados por la Hepatitis C\u201d, dijo Robin Roth, profesor de salud del City College y director del comit\u00e9 representativo del Grupo de Trabajo para la Hepatitis C. \u201cEllos no han tenido tan buenos tratamientos como los cauc\u00e1sicos\u201d.<\/p>\n<p>La Hepatitis C ha sido llamada la epidemia silenciosa y el Departamento de Salud P\u00fablica reconoce en el virus una carga significativa para la poblaci\u00f3n de San Francisco. La enfermedad se desarrolla en la sangre y ataca y destruye el h\u00edgado. La infecci\u00f3n solo se da por v\u00eda sangu\u00ednea. La enfermedad es curable, pero debido a lo vago de los s\u00edntomas el paciente no busca tratamiento y la enfermedad sigue su curso hasta que ya es muy tarde y el h\u00edgado colapsa.<\/p>\n<p>La Hepatitis C es tambi\u00e9n un estigma asociado a los adictos a drogas intravenosas, donde parece ser la que mas prevalece. Sin embargo, tatuarse, \u2018piercing\u2019 en el cuerpo y las hojas de afeitar son tambi\u00e9n v\u00edas comunes para contraer la enfermedad.<br \/>\n\u201cEl mayor problema ahora\u201d, dijo Vieto, \u201ces que la Hepatitis C no es mencionada por nadie. Hay una falta de conciencia colectiva sobre el tema\u201d.<\/p>\n<p>Vieto no est\u00e1 seguro a qu\u00e9 se debe esto, pero especula que pueda haber una serie de factores, incluyendo elementos culturales en la comunidad latina, la inmigraci\u00f3n indocumentada, el uso de drogas y la homosexualidad.<br \/>\n\u201cEs dif\u00edcil para algunas personas sentirse suficientemente valientes para ir y hacerse un test\u201d, dijo Vieto.<\/p>\n<p>El Hospital General de San Francisco tiene una peque\u00f1a cl\u00ednica donde recientemente se hizo una encuesta que corrobora el problema de la Hepatitis C en la comunidad latina. El estudio tambi\u00e9n muestra que un conocimiento sobre la enfermedad es una herramienta efectiva para reducir las diferencias en las partes m\u00e1s vulnerables de la poblaci\u00f3n.<\/p>\n<p>Y para los latinos infectados con el virus los resultados no han sido tan alentadores como los conseguidos por Asi\u00e1ticos y Cauc\u00e1sicos, dijo Miranda Surjadi, enfermera en el Departamento de Gastroenterolog\u00eda y enfermedades del h\u00edgado en la cl\u00ednica para la Hepatitis C del Hospital General de San Francisco. \u201cLa raz\u00f3n es gen\u00e9tica. Cauc\u00e1sicos que no son latinos y Asi\u00e1ticos tienen el gen IL28B, considerado como \u2018el buen gen\u2019 por ser el responsable a las respuestas positivas del tratamiento\u201d, dijo Surjadi.<\/p>\n<p>Pero hay buenas noticias. Previsto para su lanzamiento al final de Mayo, dice Surjadi, hay una nueva droga, que, usada junto con el tratamiento, incrementar\u00e1 las posibilidades de \u00e9xito para los pacientes, incluyendo latinos y afro-americanos, de un 40 a un 70 por ciento.<\/p>\n<p>\u201cEs un gran, gran salto\u201d, agreg\u00f3 Surjadi. \u201cEstoy realmente emocionada.\u201d<\/p>\n<p>Sin embargo, el tratamiento puede ser muy dif\u00edcil. Causa una serie de efectos secundarios y es muy costoso.<br \/>\n\u201cHay una gran barrera si el paciente no tiene seguro m\u00e9dico\u201d, dijo Surjadi. \u201cNo s\u00e9 c\u00f3mo podr\u00e1n hacerlo. Estos medicamentos cuestan miles de d\u00f3lares\u201d.<\/p>\n<p>El seguro m\u00e9dico de la ciudad de San Francisco cubrir\u00e1 el costo del tratamiento de la Hepatitis C.<br \/>\n\u201cLos pacientes que son calificables y enviados a nuestra cl\u00ednica reciben todo gratis\u201d, dijo Surjadi.<\/p>\n<p>Para m\u00e1s informaci\u00f3n contacte a su m\u00e9dico de cabecera o puede dirigirse a <a href=\"http:\/\/www.hcvadvocate.org\/\">http:\/\/www.hcvadvocate.org\/<\/a><br \/>\n<em><br \/>\n\u2014Traducci\u00f3n Nicol\u00e1s Kouzouyan<\/em><\/p>\n","protected":false},"excerpt":{"rendered":"<p>Estudios demuestran que, comparado con el resto de las comunidades, casi el doble de latinos est\u00e1 infectado con Hepatitis C. Pero en San Francisco estos estudios no son exactos y la cantidad de latinos infectados por el virus es aun un misterio.<br \/>\nAl principio de este a\u00f1o El Grupo de Trabajo para la Hepatitis C de San Francisco dio a conocer un reporte en el que recomienda al Mayor y al Departamento de Salud P\u00fablica que comiencen un c\u00e1lculo de la Hepatitis C en la comunidad latina. <\/p>\n","protected":false},"author":8,"featured_media":0,"comment_status":"open","ping_status":"open","sticky":false,"template":"","format":"standard","meta":{"newspack_popups_has_disabled_popups":false,"newspack_featured_image_position":"","newspack_post_subtitle":"","newspack_article_summary_title":"Overview:","newspack_article_summary":"","newspack_hide_updated_date":false,"newspack_show_updated_date":false,"footnotes":""},"categories":[7],"tags":[1024],"coauthors":[],"class_list":["post-8815","post","type-post","status-publish","format-standard","hentry","category-news","tag-san-francisco-hepatitis-c-task-force","entry"],"yoast_head":"<!-- This site is optimized with the Yoast SEO plugin v27.5 - https:\/\/yoast.com\/product\/yoast-seo-wordpress\/ -->\n<title>Epidemia silenciosa castiga a la comunidad latina - El Tecolote<\/title>\n<meta name=\"description\" content=\"Estudios demuestran que, comparado con el resto de las comunidades, casi el doble de latinos est\u00e1 infectado con Hepatitis C. Pero en San Francisco estos estudios no son exactos y la cantidad de latinos infectados por el virus es aun un misterio. Al principio de este a\u00f1o El Grupo de Trabajo para la Hepatitis C de San Francisco dio a conocer un reporte en el que recomienda al Mayor y al Departamento de Salud P\u00fablica que comiencen un c\u00e1lculo de la Hepatitis C en la comunidad latina.\" \/>\n<meta name=\"robots\" content=\"index, follow, max-snippet:-1, max-image-preview:large, max-video-preview:-1\" \/>\n<link rel=\"canonical\" href=\"https:\/\/eltecolote.org\/content\/en\/epidemia-silenciosa-castiga-a-la-comunidad-latina\/\" \/>\n<meta property=\"og:locale\" content=\"en_US\" \/>\n<meta property=\"og:type\" content=\"article\" \/>\n<meta property=\"og:title\" content=\"Epidemia silenciosa castiga a la comunidad latina - El Tecolote\" \/>\n<meta property=\"og:description\" content=\"Estudios demuestran que, comparado con el resto de las comunidades, casi el doble de latinos est\u00e1 infectado con Hepatitis C. Pero en San Francisco estos estudios no son exactos y la cantidad de latinos infectados por el virus es aun un misterio. Al principio de este a\u00f1o El Grupo de Trabajo para la Hepatitis C de San Francisco dio a conocer un reporte en el que recomienda al Mayor y al Departamento de Salud P\u00fablica que comiencen un c\u00e1lculo de la Hepatitis C en la comunidad latina.\" \/>\n<meta property=\"og:url\" content=\"https:\/\/eltecolote.org\/content\/en\/epidemia-silenciosa-castiga-a-la-comunidad-latina\/\" \/>\n<meta property=\"og:site_name\" content=\"El Tecolote\" \/>\n<meta property=\"article:publisher\" content=\"https:\/\/www.facebook.com\/ElTecoloteSF\/\" \/>\n<meta property=\"article:published_time\" content=\"2011-05-06T22:11:04+00:00\" \/>\n<meta property=\"article:modified_time\" content=\"2011-05-06T22:17:07+00:00\" \/>\n<meta property=\"og:image\" content=\"http:\/\/eltecolote.org\/content\/wp-content\/uploads\/2011\/05\/Hep-Cweb.jpg\" \/>\n<meta name=\"author\" content=\"inaki\" \/>\n<meta name=\"twitter:card\" content=\"summary_large_image\" \/>\n<meta name=\"twitter:creator\" content=\"@eltecolotesf\" \/>\n<meta name=\"twitter:site\" content=\"@eltecolotesf\" \/>\n<meta name=\"twitter:label1\" content=\"Written by\" \/>\n\t<meta name=\"twitter:data1\" content=\"inaki\" \/>\n\t<meta name=\"twitter:label2\" content=\"Est. reading time\" \/>\n\t<meta name=\"twitter:data2\" content=\"4 minutes\" \/>\n<script type=\"application\/ld+json\" class=\"yoast-schema-graph\">{\"@context\":\"https:\\\/\\\/schema.org\",\"@graph\":[{\"@type\":\"NewsArticle\",\"@id\":\"https:\\\/\\\/eltecolote.org\\\/content\\\/en\\\/epidemia-silenciosa-castiga-a-la-comunidad-latina\\\/#article\",\"isPartOf\":{\"@id\":\"https:\\\/\\\/eltecolote.org\\\/content\\\/en\\\/epidemia-silenciosa-castiga-a-la-comunidad-latina\\\/\"},\"author\":{\"name\":\"inaki\",\"@id\":\"https:\\\/\\\/eltecolote.org\\\/content\\\/#\\\/schema\\\/person\\\/3d16dd415f4762c1919d5f48fb96be68\"},\"headline\":\"Epidemia silenciosa castiga a la comunidad latina\",\"datePublished\":\"2011-05-06T22:11:04+00:00\",\"dateModified\":\"2011-05-06T22:17:07+00:00\",\"mainEntityOfPage\":{\"@id\":\"https:\\\/\\\/eltecolote.org\\\/content\\\/en\\\/epidemia-silenciosa-castiga-a-la-comunidad-latina\\\/\"},\"wordCount\":767,\"commentCount\":0,\"publisher\":{\"@id\":\"https:\\\/\\\/eltecolote.org\\\/content\\\/#organization\"},\"image\":{\"@id\":\"https:\\\/\\\/eltecolote.org\\\/content\\\/en\\\/epidemia-silenciosa-castiga-a-la-comunidad-latina\\\/#primaryimage\"},\"thumbnailUrl\":\"http:\\\/\\\/eltecolote.org\\\/content\\\/wp-content\\\/uploads\\\/2011\\\/05\\\/Hep-Cweb.jpg\",\"keywords\":[\"San Francisco Hepatitis C Task Force\"],\"articleSection\":[\"News\"],\"inLanguage\":\"en\",\"potentialAction\":[{\"@type\":\"CommentAction\",\"name\":\"Comment\",\"target\":[\"https:\\\/\\\/eltecolote.org\\\/content\\\/en\\\/epidemia-silenciosa-castiga-a-la-comunidad-latina\\\/#respond\"]}]},{\"@type\":\"WebPage\",\"@id\":\"https:\\\/\\\/eltecolote.org\\\/content\\\/en\\\/epidemia-silenciosa-castiga-a-la-comunidad-latina\\\/\",\"url\":\"https:\\\/\\\/eltecolote.org\\\/content\\\/en\\\/epidemia-silenciosa-castiga-a-la-comunidad-latina\\\/\",\"name\":\"Epidemia silenciosa castiga a la comunidad latina - El Tecolote\",\"isPartOf\":{\"@id\":\"https:\\\/\\\/eltecolote.org\\\/content\\\/#website\"},\"primaryImageOfPage\":{\"@id\":\"https:\\\/\\\/eltecolote.org\\\/content\\\/en\\\/epidemia-silenciosa-castiga-a-la-comunidad-latina\\\/#primaryimage\"},\"image\":{\"@id\":\"https:\\\/\\\/eltecolote.org\\\/content\\\/en\\\/epidemia-silenciosa-castiga-a-la-comunidad-latina\\\/#primaryimage\"},\"thumbnailUrl\":\"http:\\\/\\\/eltecolote.org\\\/content\\\/wp-content\\\/uploads\\\/2011\\\/05\\\/Hep-Cweb.jpg\",\"datePublished\":\"2011-05-06T22:11:04+00:00\",\"dateModified\":\"2011-05-06T22:17:07+00:00\",\"description\":\"Estudios demuestran que, comparado con el resto de las comunidades, casi el doble de latinos est\u00e1 infectado con Hepatitis C. Pero en San Francisco estos estudios no son exactos y la cantidad de latinos infectados por el virus es aun un misterio. Al principio de este a\u00f1o El Grupo de Trabajo para la Hepatitis C de San Francisco dio a conocer un reporte en el que recomienda al Mayor y al Departamento de Salud P\u00fablica que comiencen un c\u00e1lculo de la Hepatitis C en la comunidad latina.\",\"inLanguage\":\"en\",\"potentialAction\":[{\"@type\":\"ReadAction\",\"target\":[\"https:\\\/\\\/eltecolote.org\\\/content\\\/en\\\/epidemia-silenciosa-castiga-a-la-comunidad-latina\\\/\"]}]},{\"@type\":\"ImageObject\",\"inLanguage\":\"en\",\"@id\":\"https:\\\/\\\/eltecolote.org\\\/content\\\/en\\\/epidemia-silenciosa-castiga-a-la-comunidad-latina\\\/#primaryimage\",\"url\":\"http:\\\/\\\/eltecolote.org\\\/content\\\/wp-content\\\/uploads\\\/2011\\\/05\\\/Hep-Cweb.jpg\",\"contentUrl\":\"http:\\\/\\\/eltecolote.org\\\/content\\\/wp-content\\\/uploads\\\/2011\\\/05\\\/Hep-Cweb.jpg\"},{\"@type\":\"WebSite\",\"@id\":\"https:\\\/\\\/eltecolote.org\\\/content\\\/#website\",\"url\":\"https:\\\/\\\/eltecolote.org\\\/content\\\/\",\"name\":\"El Tecolote\",\"description\":\"San Francisco's Latinx newspaper since 1970\",\"publisher\":{\"@id\":\"https:\\\/\\\/eltecolote.org\\\/content\\\/#organization\"},\"potentialAction\":[{\"@type\":\"SearchAction\",\"target\":{\"@type\":\"EntryPoint\",\"urlTemplate\":\"https:\\\/\\\/eltecolote.org\\\/content\\\/?s={search_term_string}\"},\"query-input\":{\"@type\":\"PropertyValueSpecification\",\"valueRequired\":true,\"valueName\":\"search_term_string\"}}],\"inLanguage\":\"en\"},{\"@type\":\"Organization\",\"@id\":\"https:\\\/\\\/eltecolote.org\\\/content\\\/#organization\",\"name\":\"El Tecolote\",\"url\":\"https:\\\/\\\/eltecolote.org\\\/content\\\/\",\"logo\":{\"@type\":\"ImageObject\",\"inLanguage\":\"en\",\"@id\":\"https:\\\/\\\/eltecolote.org\\\/content\\\/#\\\/schema\\\/logo\\\/image\\\/\",\"url\":\"https:\\\/\\\/i0.wp.com\\\/eltecolote.org\\\/content\\\/wp-content\\\/uploads\\\/2021\\\/05\\\/ETlogo-1.jpg?fit=400%2C400&ssl=1\",\"contentUrl\":\"https:\\\/\\\/i0.wp.com\\\/eltecolote.org\\\/content\\\/wp-content\\\/uploads\\\/2021\\\/05\\\/ETlogo-1.jpg?fit=400%2C400&ssl=1\",\"width\":400,\"height\":400,\"caption\":\"El Tecolote\"},\"image\":{\"@id\":\"https:\\\/\\\/eltecolote.org\\\/content\\\/#\\\/schema\\\/logo\\\/image\\\/\"},\"sameAs\":[\"https:\\\/\\\/www.facebook.com\\\/ElTecoloteSF\\\/\",\"https:\\\/\\\/x.com\\\/eltecolotesf\",\"https:\\\/\\\/www.instagram.com\\\/eltecolotesf\\\/\"]},{\"@type\":\"Person\",\"@id\":\"https:\\\/\\\/eltecolote.org\\\/content\\\/#\\\/schema\\\/person\\\/3d16dd415f4762c1919d5f48fb96be68\",\"name\":\"inaki\",\"image\":{\"@type\":\"ImageObject\",\"inLanguage\":\"en\",\"@id\":\"https:\\\/\\\/secure.gravatar.com\\\/avatar\\\/ab6ead0932ded5b2446f1718461a6be0d4ec8d3cc15301536fd1add812db4cfd?s=96&d=mm&r=g63853c5492f171feb7b16142e206d3ec\",\"url\":\"https:\\\/\\\/secure.gravatar.com\\\/avatar\\\/ab6ead0932ded5b2446f1718461a6be0d4ec8d3cc15301536fd1add812db4cfd?s=96&d=mm&r=g\",\"contentUrl\":\"https:\\\/\\\/secure.gravatar.com\\\/avatar\\\/ab6ead0932ded5b2446f1718461a6be0d4ec8d3cc15301536fd1add812db4cfd?s=96&d=mm&r=g\",\"caption\":\"inaki\"},\"url\":\"https:\\\/\\\/eltecolote.org\\\/content\\\/author\\\/inaki\\\/\"}]}<\/script>\n<!-- \/ Yoast SEO plugin. -->","yoast_head_json":{"title":"Epidemia silenciosa castiga a la comunidad latina - El Tecolote","description":"Estudios demuestran que, comparado con el resto de las comunidades, casi el doble de latinos est\u00e1 infectado con Hepatitis C. Pero en San Francisco estos estudios no son exactos y la cantidad de latinos infectados por el virus es aun un misterio. Al principio de este a\u00f1o El Grupo de Trabajo para la Hepatitis C de San Francisco dio a conocer un reporte en el que recomienda al Mayor y al Departamento de Salud P\u00fablica que comiencen un c\u00e1lculo de la Hepatitis C en la comunidad latina.","robots":{"index":"index","follow":"follow","max-snippet":"max-snippet:-1","max-image-preview":"max-image-preview:large","max-video-preview":"max-video-preview:-1"},"canonical":"https:\/\/eltecolote.org\/content\/en\/epidemia-silenciosa-castiga-a-la-comunidad-latina\/","og_locale":"en_US","og_type":"article","og_title":"Epidemia silenciosa castiga a la comunidad latina - El Tecolote","og_description":"Estudios demuestran que, comparado con el resto de las comunidades, casi el doble de latinos est\u00e1 infectado con Hepatitis C. Pero en San Francisco estos estudios no son exactos y la cantidad de latinos infectados por el virus es aun un misterio. Al principio de este a\u00f1o El Grupo de Trabajo para la Hepatitis C de San Francisco dio a conocer un reporte en el que recomienda al Mayor y al Departamento de Salud P\u00fablica que comiencen un c\u00e1lculo de la Hepatitis C en la comunidad latina.","og_url":"https:\/\/eltecolote.org\/content\/en\/epidemia-silenciosa-castiga-a-la-comunidad-latina\/","og_site_name":"El Tecolote","article_publisher":"https:\/\/www.facebook.com\/ElTecoloteSF\/","article_published_time":"2011-05-06T22:11:04+00:00","article_modified_time":"2011-05-06T22:17:07+00:00","og_image":[{"url":"http:\/\/eltecolote.org\/content\/wp-content\/uploads\/2011\/05\/Hep-Cweb.jpg","type":"","width":"","height":""}],"author":"inaki","twitter_card":"summary_large_image","twitter_creator":"@eltecolotesf","twitter_site":"@eltecolotesf","twitter_misc":{"Written by":"inaki","Est. reading time":"4 minutes"},"schema":{"@context":"https:\/\/schema.org","@graph":[{"@type":"NewsArticle","@id":"https:\/\/eltecolote.org\/content\/en\/epidemia-silenciosa-castiga-a-la-comunidad-latina\/#article","isPartOf":{"@id":"https:\/\/eltecolote.org\/content\/en\/epidemia-silenciosa-castiga-a-la-comunidad-latina\/"},"author":{"name":"inaki","@id":"https:\/\/eltecolote.org\/content\/#\/schema\/person\/3d16dd415f4762c1919d5f48fb96be68"},"headline":"Epidemia silenciosa castiga a la comunidad latina","datePublished":"2011-05-06T22:11:04+00:00","dateModified":"2011-05-06T22:17:07+00:00","mainEntityOfPage":{"@id":"https:\/\/eltecolote.org\/content\/en\/epidemia-silenciosa-castiga-a-la-comunidad-latina\/"},"wordCount":767,"commentCount":0,"publisher":{"@id":"https:\/\/eltecolote.org\/content\/#organization"},"image":{"@id":"https:\/\/eltecolote.org\/content\/en\/epidemia-silenciosa-castiga-a-la-comunidad-latina\/#primaryimage"},"thumbnailUrl":"http:\/\/eltecolote.org\/content\/wp-content\/uploads\/2011\/05\/Hep-Cweb.jpg","keywords":["San Francisco Hepatitis C Task Force"],"articleSection":["News"],"inLanguage":"en","potentialAction":[{"@type":"CommentAction","name":"Comment","target":["https:\/\/eltecolote.org\/content\/en\/epidemia-silenciosa-castiga-a-la-comunidad-latina\/#respond"]}]},{"@type":"WebPage","@id":"https:\/\/eltecolote.org\/content\/en\/epidemia-silenciosa-castiga-a-la-comunidad-latina\/","url":"https:\/\/eltecolote.org\/content\/en\/epidemia-silenciosa-castiga-a-la-comunidad-latina\/","name":"Epidemia silenciosa castiga a la comunidad latina - El Tecolote","isPartOf":{"@id":"https:\/\/eltecolote.org\/content\/#website"},"primaryImageOfPage":{"@id":"https:\/\/eltecolote.org\/content\/en\/epidemia-silenciosa-castiga-a-la-comunidad-latina\/#primaryimage"},"image":{"@id":"https:\/\/eltecolote.org\/content\/en\/epidemia-silenciosa-castiga-a-la-comunidad-latina\/#primaryimage"},"thumbnailUrl":"http:\/\/eltecolote.org\/content\/wp-content\/uploads\/2011\/05\/Hep-Cweb.jpg","datePublished":"2011-05-06T22:11:04+00:00","dateModified":"2011-05-06T22:17:07+00:00","description":"Estudios demuestran que, comparado con el resto de las comunidades, casi el doble de latinos est\u00e1 infectado con Hepatitis C. Pero en San Francisco estos estudios no son exactos y la cantidad de latinos infectados por el virus es aun un misterio. Al principio de este a\u00f1o El Grupo de Trabajo para la Hepatitis C de San Francisco dio a conocer un reporte en el que recomienda al Mayor y al Departamento de Salud P\u00fablica que comiencen un c\u00e1lculo de la Hepatitis C en la comunidad latina.","inLanguage":"en","potentialAction":[{"@type":"ReadAction","target":["https:\/\/eltecolote.org\/content\/en\/epidemia-silenciosa-castiga-a-la-comunidad-latina\/"]}]},{"@type":"ImageObject","inLanguage":"en","@id":"https:\/\/eltecolote.org\/content\/en\/epidemia-silenciosa-castiga-a-la-comunidad-latina\/#primaryimage","url":"http:\/\/eltecolote.org\/content\/wp-content\/uploads\/2011\/05\/Hep-Cweb.jpg","contentUrl":"http:\/\/eltecolote.org\/content\/wp-content\/uploads\/2011\/05\/Hep-Cweb.jpg"},{"@type":"WebSite","@id":"https:\/\/eltecolote.org\/content\/#website","url":"https:\/\/eltecolote.org\/content\/","name":"El Tecolote","description":"San Francisco's Latinx newspaper since 1970","publisher":{"@id":"https:\/\/eltecolote.org\/content\/#organization"},"potentialAction":[{"@type":"SearchAction","target":{"@type":"EntryPoint","urlTemplate":"https:\/\/eltecolote.org\/content\/?s={search_term_string}"},"query-input":{"@type":"PropertyValueSpecification","valueRequired":true,"valueName":"search_term_string"}}],"inLanguage":"en"},{"@type":"Organization","@id":"https:\/\/eltecolote.org\/content\/#organization","name":"El Tecolote","url":"https:\/\/eltecolote.org\/content\/","logo":{"@type":"ImageObject","inLanguage":"en","@id":"https:\/\/eltecolote.org\/content\/#\/schema\/logo\/image\/","url":"https:\/\/i0.wp.com\/eltecolote.org\/content\/wp-content\/uploads\/2021\/05\/ETlogo-1.jpg?fit=400%2C400&ssl=1","contentUrl":"https:\/\/i0.wp.com\/eltecolote.org\/content\/wp-content\/uploads\/2021\/05\/ETlogo-1.jpg?fit=400%2C400&ssl=1","width":400,"height":400,"caption":"El Tecolote"},"image":{"@id":"https:\/\/eltecolote.org\/content\/#\/schema\/logo\/image\/"},"sameAs":["https:\/\/www.facebook.com\/ElTecoloteSF\/","https:\/\/x.com\/eltecolotesf","https:\/\/www.instagram.com\/eltecolotesf\/"]},{"@type":"Person","@id":"https:\/\/eltecolote.org\/content\/#\/schema\/person\/3d16dd415f4762c1919d5f48fb96be68","name":"inaki","image":{"@type":"ImageObject","inLanguage":"en","@id":"https:\/\/secure.gravatar.com\/avatar\/ab6ead0932ded5b2446f1718461a6be0d4ec8d3cc15301536fd1add812db4cfd?s=96&d=mm&r=g63853c5492f171feb7b16142e206d3ec","url":"https:\/\/secure.gravatar.com\/avatar\/ab6ead0932ded5b2446f1718461a6be0d4ec8d3cc15301536fd1add812db4cfd?s=96&d=mm&r=g","contentUrl":"https:\/\/secure.gravatar.com\/avatar\/ab6ead0932ded5b2446f1718461a6be0d4ec8d3cc15301536fd1add812db4cfd?s=96&d=mm&r=g","caption":"inaki"},"url":"https:\/\/eltecolote.org\/content\/author\/inaki\/"}]}},"distributor_meta":false,"distributor_terms":false,"distributor_media":false,"distributor_original_site_name":"El Tecolote","distributor_original_site_url":"https:\/\/eltecolote.org\/content","push-errors":false,"_links":{"self":[{"href":"https:\/\/eltecolote.org\/content\/wp-json\/wp\/v2\/posts\/8815","targetHints":{"allow":["GET"]}}],"collection":[{"href":"https:\/\/eltecolote.org\/content\/wp-json\/wp\/v2\/posts"}],"about":[{"href":"https:\/\/eltecolote.org\/content\/wp-json\/wp\/v2\/types\/post"}],"author":[{"embeddable":true,"href":"https:\/\/eltecolote.org\/content\/wp-json\/wp\/v2\/users\/8"}],"replies":[{"embeddable":true,"href":"https:\/\/eltecolote.org\/content\/wp-json\/wp\/v2\/comments?post=8815"}],"version-history":[{"count":8,"href":"https:\/\/eltecolote.org\/content\/wp-json\/wp\/v2\/posts\/8815\/revisions"}],"predecessor-version":[{"id":8829,"href":"https:\/\/eltecolote.org\/content\/wp-json\/wp\/v2\/posts\/8815\/revisions\/8829"}],"wp:attachment":[{"href":"https:\/\/eltecolote.org\/content\/wp-json\/wp\/v2\/media?parent=8815"}],"wp:term":[{"taxonomy":"category","embeddable":true,"href":"https:\/\/eltecolote.org\/content\/wp-json\/wp\/v2\/categories?post=8815"},{"taxonomy":"post_tag","embeddable":true,"href":"https:\/\/eltecolote.org\/content\/wp-json\/wp\/v2\/tags?post=8815"},{"taxonomy":"author","embeddable":true,"href":"https:\/\/eltecolote.org\/content\/wp-json\/wp\/v2\/coauthors?post=8815"}],"curies":[{"name":"wp","href":"https:\/\/api.w.org\/{rel}","templated":true}]}}