{"id":855,"date":"2010-04-21T17:11:48","date_gmt":"2010-04-22T00:11:48","guid":{"rendered":"http:\/\/eltecolote.org\/content\/?p=855"},"modified":"2010-04-21T17:22:43","modified_gmt":"2010-04-22T00:22:43","slug":"53%c2%ba-festival-internacional-de-cine-de-san-francisco","status":"publish","type":"post","link":"https:\/\/eltecolote.org\/content\/en\/53%c2%ba-festival-internacional-de-cine-de-san-francisco\/","title":{"rendered":"53\u00ba Festival Internacional de Cine de San Francisco"},"content":{"rendered":"<p>El m\u00e1s grande de los innumerables festivales de cine que se celebran en nuestra ciudad abrir\u00e1 sus puertas el pr\u00f3ximo 22 de abril por quincuag\u00e9sima-tercera ocasi\u00f3n. Durante dos semanas, el p\u00fablico de San Francisco tendr\u00e1 la oportunidad de disfrutar de m\u00e1s de 150 pel\u00edculas venidas de todo el mundo en los cines Kabuki, Castro y Clay de San Francisco, y en el Pacific Film Archive de Berkeley.<\/p>\n<p>El festival lo organiza la San Francisco Film Society, una organizaci\u00f3n educativa sin \u00e1nimo de lucro ubicada en el parque Presidio cuyo objetivo es promover el cine extranjero en el \u00c1rea de la Bah\u00eda mediante el internacionalismo y el intercambio cultural.<\/p>\n<p>El a\u00f1o pasado, m\u00e1s de 80.000 personas asistieron a este festival, considerado, junto con los de Nueva York y Toronto, uno de los m\u00e1s importantes en el circuito de festivales de Norte Am\u00e9rica, siguiendo de cerca la estela de los renombrados Cannes, Berl\u00edn o San Sebasti\u00e1n.<\/p>\n<figure id=\"attachment_871\" aria-describedby=\"caption-attachment-871\" style=\"width: 432px\" class=\"wp-caption alignleft\"><a rel=\"attachment wp-att-871\" href=\"https:\/\/eltecolote.org\/content\/2010\/04\/53%c2%ba-festival-internacional-de-cine-de-san-francisco\/presumed_guilty_07cmyk-2\/\"><img data-recalc-dims=\"1\" loading=\"lazy\" decoding=\"async\" class=\"size-large wp-image-871  \" src=\"https:\/\/i0.wp.com\/eltecolote.org\/content\/wp-content\/uploads\/2010\/04\/Presumed_Guilty_07CMYK1.jpg?resize=432%2C322&#038;quality=89&#038;ssl=1\" alt=\"\" width=\"432\" height=\"322\" srcset=\"https:\/\/i0.wp.com\/eltecolote.org\/content\/wp-content\/uploads\/2010\/04\/Presumed_Guilty_07CMYK1.jpg?resize=600%2C448&amp;quality=89&amp;ssl=1 600w, https:\/\/i0.wp.com\/eltecolote.org\/content\/wp-content\/uploads\/2010\/04\/Presumed_Guilty_07CMYK1.jpg?resize=334%2C250&amp;quality=89&amp;ssl=1 334w, https:\/\/i0.wp.com\/eltecolote.org\/content\/wp-content\/uploads\/2010\/04\/Presumed_Guilty_07CMYK1.jpg?w=1604&amp;quality=89&amp;ssl=1 1604w\" sizes=\"auto, (max-width: 432px) 100vw, 432px\" \/><\/a><figcaption id=\"caption-attachment-871\" class=\"wp-caption-text\">Presumed Guilty<\/figcaption><\/figure>\n<p>En palabras de la directora del festival, Rachel Rosen, el festival es \u201cla mejor y m\u00e1s diversa selecci\u00f3n de cine internacional\u201d, apostando por directores noveles, el g\u00e9nero documental y el cine extranjero. No en vano, una tercera parte de los filmes presentados son opera prima, o primeras pel\u00edculas realizadas por sus directores.<\/p>\n<p>Adem\u00e1s de constituir una oportunidad inigualable de ver pel\u00edculas que en muchas ocasiones no logran distribuci\u00f3n, tambi\u00e9n lo es para conocer a los responsables de las producciones e inquirirles sobre sus realizaciones.<\/p>\n<p>Aunque exigua, la presencia de pel\u00edculas latinoamericanas este a\u00f1o no deja de ser interesante.<\/p>\n<p>De M\u00e9xico, llegan Alamar (Pedro Gonz\u00e1lez-Rubio), hermoso retrato de la costa caribe\u00f1a donde un padre maya y su hijo comparten un verano junto al mar, y Norteado (Rigoberto Perezcano), que presenta de manera efectiva y austera el duro periplo que sufre un oaxaque\u00f1o al tratar de cruzar a los EEUU por Tijuana.<\/p>\n<p>Tambi\u00e9n de M\u00e9xico, pero rodada por cineastas de Berkeley, est\u00e1 Presunto culpable (R. Hern\u00e1ndez\/G. Smith), un galardonado documental sobre la mara\u00f1a kafkiana del sistema judicial mexicano.<\/p>\n<p>De Brasil, se presentar\u00e1n los documentales Simonal &#8211; ningu\u00e9m sabe o duro que dei (C. Manoel, M. Langer, C. Leal), que retrata la ca\u00edda del \u00eddolo musical brasile\u00f1o durante la dictadura militar, y Transcendendo Lynch (Marcos Andrade), una reflexi\u00f3n del cineasta de culto estadounidense David Lynch sobre su obra.<a rel=\"attachment wp-att-878\" href=\"https:\/\/eltecolote.org\/content\/2010\/04\/53%c2%ba-festival-internacional-de-cine-de-san-francisco\/alamar_01cmyk\/\"><img data-recalc-dims=\"1\" loading=\"lazy\" decoding=\"async\" class=\"alignright size-medium wp-image-878\" title=\"Alamar_01CMYK\" src=\"https:\/\/i0.wp.com\/eltecolote.org\/content\/wp-content\/uploads\/2010\/04\/Alamar_01CMYK.jpg?resize=324%2C182&#038;quality=89&#038;ssl=1\" alt=\"\" width=\"324\" height=\"182\" srcset=\"https:\/\/i0.wp.com\/eltecolote.org\/content\/wp-content\/uploads\/2010\/04\/Alamar_01CMYK.jpg?resize=360%2C202&amp;quality=89&amp;ssl=1 360w, https:\/\/i0.wp.com\/eltecolote.org\/content\/wp-content\/uploads\/2010\/04\/Alamar_01CMYK.jpg?resize=600%2C337&amp;quality=89&amp;ssl=1 600w, https:\/\/i0.wp.com\/eltecolote.org\/content\/wp-content\/uploads\/2010\/04\/Alamar_01CMYK.jpg?resize=200%2C112&amp;quality=89&amp;ssl=1 200w, https:\/\/i0.wp.com\/eltecolote.org\/content\/wp-content\/uploads\/2010\/04\/Alamar_01CMYK.jpg?w=1920&amp;quality=89&amp;ssl=1 1920w\" sizes=\"auto, (max-width: 324px) 100vw, 324px\" \/><\/a><\/p>\n<p>As\u00ed mismo, el festival homenajear\u00e1 la carrera cinematogr\u00e1fica del cineasta brasile\u00f1o Walter Selles, director de las celebradas Diarios de motocicleta y Central do Brasil, mostrando fragmentos de su inacabada producci\u00f3n basada en el libro \u201cOn the Road\u201d de Jack Kerouac.<\/p>\n<p>De Argentina, El ambulante (E. de la Serna\/L. Marcheggiano), un entra\u00f1able y chistoso retrato de la provincia argentina y la magia del cine, nominada a mejor documental. Y de Colombia, Los viajes del viento (Ciro Guerra), hermoso largometraje que retoma la leyenda popular de un acorde\u00f3n endemoniado, con bella m\u00fasica y fotograf\u00eda, puro colombiano.<\/p>\n<p>Finalmente, Chile ser\u00e1 representado con la pel\u00edcula Te cre\u00eds la m\u00e1s linda, pero er\u00eds la m\u00e1s puta (Che Sandoval), una divertida comedia psicol\u00f3gica nominada a mejor opera.<\/p>\n<p>Entre las pel\u00edculas de otros rincones del mundo que se presentar\u00e1n en el festival, caben destacar las \u00faltimas pel\u00edculas de los franceses Claire Denis, White Material, y Jacques Rivette, 36 vues du Pic Saint Loup, as\u00ed como Non ma fille, tu n\u2019iras pas danser del tambi\u00e9n franc\u00e9s Christophe Honor\u00e9. Tambi\u00e9n se presentar\u00e1 la \u00faltima producci\u00f3n del renombrado cineasta japon\u00e9s Hirokazu Kore-eda, Air Doll, y la exquisita pel\u00edcula alemana Alle Anderen.<\/p>\n<p>Si bien la selecci\u00f3n de t\u00edtulos para el festival de este a\u00f1o parece adolecer del inter\u00e9s formal y atractivo cinematogr\u00e1fico de ediciones anteriores, el Festival Internacional de Cine de San Francisco contin\u00faa siendo una cita inexcusable para amantes del cine y aquellos que quieran acceder a un cine rodado en realidades ajenas a los EEUU y lejos del entramado comercial de Hollywood.<\/p>\n","protected":false},"excerpt":{"rendered":"<p>El m\u00e1s grande de los innumerables festivales de cine que se celebran en nuestra ciudad abrir\u00e1 sus puertas el pr\u00f3ximo 22 de abril por quincuag\u00e9sima-tercera ocasi\u00f3n. <\/p>\n","protected":false},"author":88922,"featured_media":0,"comment_status":"open","ping_status":"open","sticky":false,"template":"","format":"standard","meta":{"newspack_popups_has_disabled_popups":false,"newspack_featured_image_position":"","newspack_post_subtitle":"","newspack_article_summary_title":"Overview:","newspack_article_summary":"","newspack_hide_updated_date":false,"newspack_show_updated_date":false,"footnotes":""},"categories":[7],"tags":[62],"coauthors":[25049,18445],"class_list":["post-855","post","type-post","status-publish","format-standard","hentry","category-news","tag-festival-de-cine","entry"],"yoast_head":"<!-- This site is optimized with the Yoast SEO plugin v27.4 - https:\/\/yoast.com\/product\/yoast-seo-wordpress\/ -->\n<title>53\u00ba Festival Internacional de Cine de San Francisco - El Tecolote<\/title>\n<meta name=\"description\" content=\"El m\u00e1s grande de los innumerables festivales de cine que se celebran en nuestra ciudad abrir\u00e1 sus puertas el pr\u00f3ximo 22 de abril por quincuag\u00e9sima-tercera ocasi\u00f3n.\" \/>\n<meta name=\"robots\" content=\"index, follow, max-snippet:-1, max-image-preview:large, max-video-preview:-1\" \/>\n<link rel=\"canonical\" href=\"https:\/\/eltecolote.org\/content\/en\/53\u00ba-festival-internacional-de-cine-de-san-francisco\/\" \/>\n<meta property=\"og:locale\" content=\"en_US\" \/>\n<meta property=\"og:type\" content=\"article\" \/>\n<meta property=\"og:title\" content=\"53\u00ba Festival Internacional de Cine de San Francisco - El Tecolote\" \/>\n<meta property=\"og:description\" content=\"El m\u00e1s grande de los innumerables festivales de cine que se celebran en nuestra ciudad abrir\u00e1 sus puertas el pr\u00f3ximo 22 de abril por quincuag\u00e9sima-tercera ocasi\u00f3n.\" \/>\n<meta property=\"og:url\" content=\"https:\/\/eltecolote.org\/content\/en\/53\u00ba-festival-internacional-de-cine-de-san-francisco\/\" \/>\n<meta property=\"og:site_name\" content=\"El Tecolote\" \/>\n<meta property=\"article:publisher\" content=\"https:\/\/www.facebook.com\/ElTecoloteSF\/\" \/>\n<meta property=\"article:published_time\" content=\"2010-04-22T00:11:48+00:00\" \/>\n<meta property=\"article:modified_time\" content=\"2010-04-22T00:22:43+00:00\" \/>\n<meta property=\"og:image\" content=\"http:\/\/eltecolote.org\/content\/wp-content\/uploads\/2010\/04\/Presumed_Guilty_07CMYK1-600x448.jpg\" \/>\n<meta name=\"author\" content=\"Erika Carlos, El Tecolote Staff\" \/>\n<meta name=\"twitter:card\" content=\"summary_large_image\" \/>\n<meta name=\"twitter:creator\" content=\"@eltecolotesf\" \/>\n<meta name=\"twitter:site\" content=\"@eltecolotesf\" \/>\n<meta name=\"twitter:label1\" content=\"Written by\" \/>\n\t<meta name=\"twitter:data1\" content=\"Erika Carlos, El Tecolote Staff\" \/>\n\t<meta name=\"twitter:label2\" content=\"Est. reading time\" \/>\n\t<meta name=\"twitter:data2\" content=\"4 minutes\" \/>\n<script type=\"application\/ld+json\" class=\"yoast-schema-graph\">{\"@context\":\"https:\\\/\\\/schema.org\",\"@graph\":[{\"@type\":\"NewsArticle\",\"@id\":\"https:\\\/\\\/eltecolote.org\\\/content\\\/en\\\/53%c2%ba-festival-internacional-de-cine-de-san-francisco\\\/#article\",\"isPartOf\":{\"@id\":\"https:\\\/\\\/eltecolote.org\\\/content\\\/en\\\/53%c2%ba-festival-internacional-de-cine-de-san-francisco\\\/\"},\"author\":{\"name\":\"Erika Carlos\",\"@id\":\"https:\\\/\\\/eltecolote.org\\\/content\\\/#\\\/schema\\\/person\\\/98e31c3dda2abc936b778a5b89858b5b\"},\"headline\":\"53\u00ba Festival Internacional de Cine de San Francisco\",\"datePublished\":\"2010-04-22T00:11:48+00:00\",\"dateModified\":\"2010-04-22T00:22:43+00:00\",\"mainEntityOfPage\":{\"@id\":\"https:\\\/\\\/eltecolote.org\\\/content\\\/en\\\/53%c2%ba-festival-internacional-de-cine-de-san-francisco\\\/\"},\"wordCount\":714,\"commentCount\":0,\"publisher\":{\"@id\":\"https:\\\/\\\/eltecolote.org\\\/content\\\/#organization\"},\"image\":{\"@id\":\"https:\\\/\\\/eltecolote.org\\\/content\\\/en\\\/53%c2%ba-festival-internacional-de-cine-de-san-francisco\\\/#primaryimage\"},\"thumbnailUrl\":\"http:\\\/\\\/eltecolote.org\\\/content\\\/wp-content\\\/uploads\\\/2010\\\/04\\\/Presumed_Guilty_07CMYK1-600x448.jpg\",\"keywords\":[\"festival de cine\"],\"articleSection\":[\"News\"],\"inLanguage\":\"en\",\"potentialAction\":[{\"@type\":\"CommentAction\",\"name\":\"Comment\",\"target\":[\"https:\\\/\\\/eltecolote.org\\\/content\\\/en\\\/53%c2%ba-festival-internacional-de-cine-de-san-francisco\\\/#respond\"]}]},{\"@type\":\"WebPage\",\"@id\":\"https:\\\/\\\/eltecolote.org\\\/content\\\/en\\\/53%c2%ba-festival-internacional-de-cine-de-san-francisco\\\/\",\"url\":\"https:\\\/\\\/eltecolote.org\\\/content\\\/en\\\/53%c2%ba-festival-internacional-de-cine-de-san-francisco\\\/\",\"name\":\"53\u00ba Festival Internacional de Cine de San Francisco - El Tecolote\",\"isPartOf\":{\"@id\":\"https:\\\/\\\/eltecolote.org\\\/content\\\/#website\"},\"primaryImageOfPage\":{\"@id\":\"https:\\\/\\\/eltecolote.org\\\/content\\\/en\\\/53%c2%ba-festival-internacional-de-cine-de-san-francisco\\\/#primaryimage\"},\"image\":{\"@id\":\"https:\\\/\\\/eltecolote.org\\\/content\\\/en\\\/53%c2%ba-festival-internacional-de-cine-de-san-francisco\\\/#primaryimage\"},\"thumbnailUrl\":\"http:\\\/\\\/eltecolote.org\\\/content\\\/wp-content\\\/uploads\\\/2010\\\/04\\\/Presumed_Guilty_07CMYK1-600x448.jpg\",\"datePublished\":\"2010-04-22T00:11:48+00:00\",\"dateModified\":\"2010-04-22T00:22:43+00:00\",\"description\":\"El m\u00e1s grande de los innumerables festivales de cine que se celebran en nuestra ciudad abrir\u00e1 sus puertas el pr\u00f3ximo 22 de abril por quincuag\u00e9sima-tercera ocasi\u00f3n.\",\"inLanguage\":\"en\",\"potentialAction\":[{\"@type\":\"ReadAction\",\"target\":[\"https:\\\/\\\/eltecolote.org\\\/content\\\/en\\\/53%c2%ba-festival-internacional-de-cine-de-san-francisco\\\/\"]}]},{\"@type\":\"ImageObject\",\"inLanguage\":\"en\",\"@id\":\"https:\\\/\\\/eltecolote.org\\\/content\\\/en\\\/53%c2%ba-festival-internacional-de-cine-de-san-francisco\\\/#primaryimage\",\"url\":\"http:\\\/\\\/eltecolote.org\\\/content\\\/wp-content\\\/uploads\\\/2010\\\/04\\\/Presumed_Guilty_07CMYK1-600x448.jpg\",\"contentUrl\":\"http:\\\/\\\/eltecolote.org\\\/content\\\/wp-content\\\/uploads\\\/2010\\\/04\\\/Presumed_Guilty_07CMYK1-600x448.jpg\"},{\"@type\":\"WebSite\",\"@id\":\"https:\\\/\\\/eltecolote.org\\\/content\\\/#website\",\"url\":\"https:\\\/\\\/eltecolote.org\\\/content\\\/\",\"name\":\"El Tecolote\",\"description\":\"San Francisco's Latinx newspaper since 1970\",\"publisher\":{\"@id\":\"https:\\\/\\\/eltecolote.org\\\/content\\\/#organization\"},\"potentialAction\":[{\"@type\":\"SearchAction\",\"target\":{\"@type\":\"EntryPoint\",\"urlTemplate\":\"https:\\\/\\\/eltecolote.org\\\/content\\\/?s={search_term_string}\"},\"query-input\":{\"@type\":\"PropertyValueSpecification\",\"valueRequired\":true,\"valueName\":\"search_term_string\"}}],\"inLanguage\":\"en\"},{\"@type\":\"Organization\",\"@id\":\"https:\\\/\\\/eltecolote.org\\\/content\\\/#organization\",\"name\":\"El Tecolote\",\"url\":\"https:\\\/\\\/eltecolote.org\\\/content\\\/\",\"logo\":{\"@type\":\"ImageObject\",\"inLanguage\":\"en\",\"@id\":\"https:\\\/\\\/eltecolote.org\\\/content\\\/#\\\/schema\\\/logo\\\/image\\\/\",\"url\":\"https:\\\/\\\/i0.wp.com\\\/eltecolote.org\\\/content\\\/wp-content\\\/uploads\\\/2021\\\/05\\\/ETlogo-1.jpg?fit=400%2C400&ssl=1\",\"contentUrl\":\"https:\\\/\\\/i0.wp.com\\\/eltecolote.org\\\/content\\\/wp-content\\\/uploads\\\/2021\\\/05\\\/ETlogo-1.jpg?fit=400%2C400&ssl=1\",\"width\":400,\"height\":400,\"caption\":\"El Tecolote\"},\"image\":{\"@id\":\"https:\\\/\\\/eltecolote.org\\\/content\\\/#\\\/schema\\\/logo\\\/image\\\/\"},\"sameAs\":[\"https:\\\/\\\/www.facebook.com\\\/ElTecoloteSF\\\/\",\"https:\\\/\\\/x.com\\\/eltecolotesf\",\"https:\\\/\\\/www.instagram.com\\\/eltecolotesf\\\/\"]},{\"@type\":\"Person\",\"@id\":\"https:\\\/\\\/eltecolote.org\\\/content\\\/#\\\/schema\\\/person\\\/98e31c3dda2abc936b778a5b89858b5b\",\"name\":\"Erika Carlos\",\"image\":{\"@type\":\"ImageObject\",\"inLanguage\":\"en\",\"@id\":\"https:\\\/\\\/secure.gravatar.com\\\/avatar\\\/c475d3004521f4d0d5a6fdb0c06627dda6651ec3c3dfd7219ab52ae67cce05b1?s=96&d=mm&r=gc4d9fd78108a8a2ca4bcc88ab0d76304\",\"url\":\"https:\\\/\\\/secure.gravatar.com\\\/avatar\\\/c475d3004521f4d0d5a6fdb0c06627dda6651ec3c3dfd7219ab52ae67cce05b1?s=96&d=mm&r=g\",\"contentUrl\":\"https:\\\/\\\/secure.gravatar.com\\\/avatar\\\/c475d3004521f4d0d5a6fdb0c06627dda6651ec3c3dfd7219ab52ae67cce05b1?s=96&d=mm&r=g\",\"caption\":\"Erika Carlos\"},\"url\":\"https:\\\/\\\/eltecolote.org\\\/content\\\/author\\\/erikacarlos\\\/\"}]}<\/script>\n<!-- \/ Yoast SEO plugin. -->","yoast_head_json":{"title":"53\u00ba Festival Internacional de Cine de San Francisco - El Tecolote","description":"El m\u00e1s grande de los innumerables festivales de cine que se celebran en nuestra ciudad abrir\u00e1 sus puertas el pr\u00f3ximo 22 de abril por quincuag\u00e9sima-tercera ocasi\u00f3n.","robots":{"index":"index","follow":"follow","max-snippet":"max-snippet:-1","max-image-preview":"max-image-preview:large","max-video-preview":"max-video-preview:-1"},"canonical":"https:\/\/eltecolote.org\/content\/en\/53\u00ba-festival-internacional-de-cine-de-san-francisco\/","og_locale":"en_US","og_type":"article","og_title":"53\u00ba Festival Internacional de Cine de San Francisco - El Tecolote","og_description":"El m\u00e1s grande de los innumerables festivales de cine que se celebran en nuestra ciudad abrir\u00e1 sus puertas el pr\u00f3ximo 22 de abril por quincuag\u00e9sima-tercera ocasi\u00f3n.","og_url":"https:\/\/eltecolote.org\/content\/en\/53\u00ba-festival-internacional-de-cine-de-san-francisco\/","og_site_name":"El Tecolote","article_publisher":"https:\/\/www.facebook.com\/ElTecoloteSF\/","article_published_time":"2010-04-22T00:11:48+00:00","article_modified_time":"2010-04-22T00:22:43+00:00","og_image":[{"url":"http:\/\/eltecolote.org\/content\/wp-content\/uploads\/2010\/04\/Presumed_Guilty_07CMYK1-600x448.jpg","type":"","width":"","height":""}],"author":"Erika Carlos, El Tecolote Staff","twitter_card":"summary_large_image","twitter_creator":"@eltecolotesf","twitter_site":"@eltecolotesf","twitter_misc":{"Written by":"Erika Carlos, El Tecolote Staff","Est. reading time":"4 minutes"},"schema":{"@context":"https:\/\/schema.org","@graph":[{"@type":"NewsArticle","@id":"https:\/\/eltecolote.org\/content\/en\/53%c2%ba-festival-internacional-de-cine-de-san-francisco\/#article","isPartOf":{"@id":"https:\/\/eltecolote.org\/content\/en\/53%c2%ba-festival-internacional-de-cine-de-san-francisco\/"},"author":{"name":"Erika Carlos","@id":"https:\/\/eltecolote.org\/content\/#\/schema\/person\/98e31c3dda2abc936b778a5b89858b5b"},"headline":"53\u00ba Festival Internacional de Cine de San Francisco","datePublished":"2010-04-22T00:11:48+00:00","dateModified":"2010-04-22T00:22:43+00:00","mainEntityOfPage":{"@id":"https:\/\/eltecolote.org\/content\/en\/53%c2%ba-festival-internacional-de-cine-de-san-francisco\/"},"wordCount":714,"commentCount":0,"publisher":{"@id":"https:\/\/eltecolote.org\/content\/#organization"},"image":{"@id":"https:\/\/eltecolote.org\/content\/en\/53%c2%ba-festival-internacional-de-cine-de-san-francisco\/#primaryimage"},"thumbnailUrl":"http:\/\/eltecolote.org\/content\/wp-content\/uploads\/2010\/04\/Presumed_Guilty_07CMYK1-600x448.jpg","keywords":["festival de cine"],"articleSection":["News"],"inLanguage":"en","potentialAction":[{"@type":"CommentAction","name":"Comment","target":["https:\/\/eltecolote.org\/content\/en\/53%c2%ba-festival-internacional-de-cine-de-san-francisco\/#respond"]}]},{"@type":"WebPage","@id":"https:\/\/eltecolote.org\/content\/en\/53%c2%ba-festival-internacional-de-cine-de-san-francisco\/","url":"https:\/\/eltecolote.org\/content\/en\/53%c2%ba-festival-internacional-de-cine-de-san-francisco\/","name":"53\u00ba Festival Internacional de Cine de San Francisco - El Tecolote","isPartOf":{"@id":"https:\/\/eltecolote.org\/content\/#website"},"primaryImageOfPage":{"@id":"https:\/\/eltecolote.org\/content\/en\/53%c2%ba-festival-internacional-de-cine-de-san-francisco\/#primaryimage"},"image":{"@id":"https:\/\/eltecolote.org\/content\/en\/53%c2%ba-festival-internacional-de-cine-de-san-francisco\/#primaryimage"},"thumbnailUrl":"http:\/\/eltecolote.org\/content\/wp-content\/uploads\/2010\/04\/Presumed_Guilty_07CMYK1-600x448.jpg","datePublished":"2010-04-22T00:11:48+00:00","dateModified":"2010-04-22T00:22:43+00:00","description":"El m\u00e1s grande de los innumerables festivales de cine que se celebran en nuestra ciudad abrir\u00e1 sus puertas el pr\u00f3ximo 22 de abril por quincuag\u00e9sima-tercera ocasi\u00f3n.","inLanguage":"en","potentialAction":[{"@type":"ReadAction","target":["https:\/\/eltecolote.org\/content\/en\/53%c2%ba-festival-internacional-de-cine-de-san-francisco\/"]}]},{"@type":"ImageObject","inLanguage":"en","@id":"https:\/\/eltecolote.org\/content\/en\/53%c2%ba-festival-internacional-de-cine-de-san-francisco\/#primaryimage","url":"http:\/\/eltecolote.org\/content\/wp-content\/uploads\/2010\/04\/Presumed_Guilty_07CMYK1-600x448.jpg","contentUrl":"http:\/\/eltecolote.org\/content\/wp-content\/uploads\/2010\/04\/Presumed_Guilty_07CMYK1-600x448.jpg"},{"@type":"WebSite","@id":"https:\/\/eltecolote.org\/content\/#website","url":"https:\/\/eltecolote.org\/content\/","name":"El Tecolote","description":"San Francisco's Latinx newspaper since 1970","publisher":{"@id":"https:\/\/eltecolote.org\/content\/#organization"},"potentialAction":[{"@type":"SearchAction","target":{"@type":"EntryPoint","urlTemplate":"https:\/\/eltecolote.org\/content\/?s={search_term_string}"},"query-input":{"@type":"PropertyValueSpecification","valueRequired":true,"valueName":"search_term_string"}}],"inLanguage":"en"},{"@type":"Organization","@id":"https:\/\/eltecolote.org\/content\/#organization","name":"El Tecolote","url":"https:\/\/eltecolote.org\/content\/","logo":{"@type":"ImageObject","inLanguage":"en","@id":"https:\/\/eltecolote.org\/content\/#\/schema\/logo\/image\/","url":"https:\/\/i0.wp.com\/eltecolote.org\/content\/wp-content\/uploads\/2021\/05\/ETlogo-1.jpg?fit=400%2C400&ssl=1","contentUrl":"https:\/\/i0.wp.com\/eltecolote.org\/content\/wp-content\/uploads\/2021\/05\/ETlogo-1.jpg?fit=400%2C400&ssl=1","width":400,"height":400,"caption":"El Tecolote"},"image":{"@id":"https:\/\/eltecolote.org\/content\/#\/schema\/logo\/image\/"},"sameAs":["https:\/\/www.facebook.com\/ElTecoloteSF\/","https:\/\/x.com\/eltecolotesf","https:\/\/www.instagram.com\/eltecolotesf\/"]},{"@type":"Person","@id":"https:\/\/eltecolote.org\/content\/#\/schema\/person\/98e31c3dda2abc936b778a5b89858b5b","name":"Erika Carlos","image":{"@type":"ImageObject","inLanguage":"en","@id":"https:\/\/secure.gravatar.com\/avatar\/c475d3004521f4d0d5a6fdb0c06627dda6651ec3c3dfd7219ab52ae67cce05b1?s=96&d=mm&r=gc4d9fd78108a8a2ca4bcc88ab0d76304","url":"https:\/\/secure.gravatar.com\/avatar\/c475d3004521f4d0d5a6fdb0c06627dda6651ec3c3dfd7219ab52ae67cce05b1?s=96&d=mm&r=g","contentUrl":"https:\/\/secure.gravatar.com\/avatar\/c475d3004521f4d0d5a6fdb0c06627dda6651ec3c3dfd7219ab52ae67cce05b1?s=96&d=mm&r=g","caption":"Erika Carlos"},"url":"https:\/\/eltecolote.org\/content\/author\/erikacarlos\/"}]}},"distributor_meta":false,"distributor_terms":false,"distributor_media":false,"distributor_original_site_name":"El Tecolote","distributor_original_site_url":"https:\/\/eltecolote.org\/content","push-errors":false,"_links":{"self":[{"href":"https:\/\/eltecolote.org\/content\/wp-json\/wp\/v2\/posts\/855","targetHints":{"allow":["GET"]}}],"collection":[{"href":"https:\/\/eltecolote.org\/content\/wp-json\/wp\/v2\/posts"}],"about":[{"href":"https:\/\/eltecolote.org\/content\/wp-json\/wp\/v2\/types\/post"}],"author":[{"embeddable":true,"href":"https:\/\/eltecolote.org\/content\/wp-json\/wp\/v2\/users\/88922"}],"replies":[{"embeddable":true,"href":"https:\/\/eltecolote.org\/content\/wp-json\/wp\/v2\/comments?post=855"}],"version-history":[{"count":11,"href":"https:\/\/eltecolote.org\/content\/wp-json\/wp\/v2\/posts\/855\/revisions"}],"predecessor-version":[{"id":902,"href":"https:\/\/eltecolote.org\/content\/wp-json\/wp\/v2\/posts\/855\/revisions\/902"}],"wp:attachment":[{"href":"https:\/\/eltecolote.org\/content\/wp-json\/wp\/v2\/media?parent=855"}],"wp:term":[{"taxonomy":"category","embeddable":true,"href":"https:\/\/eltecolote.org\/content\/wp-json\/wp\/v2\/categories?post=855"},{"taxonomy":"post_tag","embeddable":true,"href":"https:\/\/eltecolote.org\/content\/wp-json\/wp\/v2\/tags?post=855"},{"taxonomy":"author","embeddable":true,"href":"https:\/\/eltecolote.org\/content\/wp-json\/wp\/v2\/coauthors?post=855"}],"curies":[{"name":"wp","href":"https:\/\/api.w.org\/{rel}","templated":true}]}}