{"id":8511,"date":"2011-04-12T13:21:05","date_gmt":"2011-04-12T20:21:05","guid":{"rendered":"http:\/\/eltecolote.org\/content\/?p=8511"},"modified":"2011-04-12T13:21:05","modified_gmt":"2011-04-12T20:21:05","slug":"carecen-se-inspira-en-monsenor-romero-en-su-lucha-por-la-justicia","status":"publish","type":"post","link":"https:\/\/eltecolote.org\/content\/en\/carecen-se-inspira-en-monsenor-romero-en-su-lucha-por-la-justicia\/","title":{"rendered":"Carecen se inspira en Monse\u00f1or Romero en su lucha por la justicia"},"content":{"rendered":"<figure id=\"attachment_8512\" aria-describedby=\"caption-attachment-8512\" style=\"width: 600px\" class=\"wp-caption alignnone\"><a rel=\"attachment wp-att-8512\" href=\"https:\/\/eltecolote.org\/content\/2011\/04\/carecen-se-inspira-en-monsenor-romero-en-su-lucha-por-la-justicia\/carecen-2\/\"><img data-recalc-dims=\"1\" loading=\"lazy\" decoding=\"async\" class=\"size-full wp-image-8512\" title=\"carecen\" src=\"https:\/\/i0.wp.com\/eltecolote.org\/content\/wp-content\/uploads\/2011\/04\/carecen1.jpg?resize=600%2C400&#038;quality=89&#038;ssl=1\" alt=\"\" width=\"600\" height=\"400\" srcset=\"https:\/\/i0.wp.com\/eltecolote.org\/content\/wp-content\/uploads\/2011\/04\/carecen1.jpg?w=600&amp;quality=89&amp;ssl=1 600w, https:\/\/i0.wp.com\/eltecolote.org\/content\/wp-content\/uploads\/2011\/04\/carecen1.jpg?resize=360%2C240&amp;quality=89&amp;ssl=1 360w, https:\/\/i0.wp.com\/eltecolote.org\/content\/wp-content\/uploads\/2011\/04\/carecen1.jpg?w=370&amp;quality=89&amp;ssl=1 370w, https:\/\/i0.wp.com\/eltecolote.org\/content\/wp-content\/uploads\/2011\/04\/carecen1.jpg?w=400&amp;quality=89&amp;ssl=1 400w\" sizes=\"auto, (max-width: 600px) 100vw, 600px\" \/><\/a><figcaption id=\"caption-attachment-8512\" class=\"wp-caption-text\">Varios asistentes a la gala del 25 aniversario de CARECEN platican minutos antes de comenzar el acto. Various assistants of CARECEN\u2019s 25th Anniversary Gala chat before event begins. Photo Vicky Lee<\/figcaption><\/figure>\n<p>Pupusas, m\u00fasica instrumental en directo y buen vino. Estos fueron los ingredientes que la organizaci\u00f3n Carecen mezcl\u00f3 el 31 de marzo para celebrar su 25 aniversario y rendir homenaje a monse\u00f1or \u00d3scar Romero, arzobispo salvadore\u00f1o que dedic\u00f3 su vida a la defensa de la dignidad de los seres humanos, especialmente la de los m\u00e1s desfavorecidos, y a luchar contra la violencia en su pa\u00eds.<\/p>\n<p>El 24 de marzo se cumplieron 31 a\u00f1os de su asesinato, mientras oficiaba misa en San Salvador. La ONU declar\u00f3 este a\u00f1o el 24 de marzo como el D\u00eda Internacional por el Derecho a la Verdad, en honor a monse\u00f1or Romero, refiri\u00f3 Kira Vilanova, quien fungi\u00f3 como maestra de ceremonias en el evento de Carecen. Vilanova cont\u00f3 tambi\u00e9n c\u00f3mo en su reciente visita a El Salvador el presidente Obama rindi\u00f3 homenaje al arzobispo visitando su tumba.<\/p>\n<p>Al evento en el War Memorial and performing Arts Center de San Francisco acudieron pol\u00edticos locales, sacerdotes, personal de Carecen y l\u00edderes comunitarios, entre \u00e9stos el padre jesuita Jon Sobrino, la vice presidenta del Grupo de Responsabilidad Social Corporativa de Union Bank, Maria Gallo, y el director ejecutivo de Dolores Street Community Services, Eriq Quezada.<\/p>\n<p>\u201cHoy no venimos a conmemorar la muerte de monse\u00f1or Romero sino a dar esperanza con el ejemplo de su vida y su trabajo por la justicia a los centroamericanos del \u00c1rea de la Bah\u00eda\u201d, coment\u00f3 Elena Asturias, miembro de la mesa directiva de Carecen.<\/p>\n<p>Carecen, Centro de Recursos Centroamericanos, es una organizaci\u00f3n que trabaja en defensa de los inmigrantes centroamericanos en California y todo el pa\u00eds desde 1986.<br \/>\nUno de los homenajeados fue Eric Quezada, activista comunitario nacido en California pero de padres guatemaltecos. En su intervenci\u00f3n, Quezada defendi\u00f3 la importancia de las acciones de cada d\u00eda en la lucha social y destac\u00f3 la dedicaci\u00f3n del arzobispo Romero en este campo. Adem\u00e1s, confes\u00f3 estar luchando cada d\u00eda contra el c\u00e1ncer que padece. \u201cTodos los d\u00edas se debe vivir con este esp\u00edritu de querer seguir adelante\u201d, dijo.<\/p>\n<p><strong>M\u00e1s educaci\u00f3n y empleo<\/strong><\/p>\n<p>Mar\u00eda Gallo, tambi\u00e9n homenajeada, ha sido reconocida en numerosas ocasiones por su apasionada entrega en la defensa de los latinos y sus esfuerzos para que se inviertan recursos en ellos, especialmente los de Union Bank, donde trabaja.<\/p>\n<p>Actualmente, Gallos es miembro de la junta directiva de la Latino Community Foundation, adem\u00e1s de otras organizaciones. \u201cPara que California prospere, tiene que reconocer al 40% de la poblaci\u00f3n latina que habita en ella y brindarle m\u00e1s oportunidades de educaci\u00f3n y empleo\u201d, dijo.<\/p>\n<p>Carecen reconoci\u00f3 tambi\u00e9n al te\u00f3logo y sacerdote jesuita Jon Sobrino, conocido por su contribuci\u00f3n a la Teolog\u00eda de la Liberaci\u00f3n y a la lucha por la justicia de los salvadore\u00f1os.<br \/>\nSobrino viaj\u00f3 desde El Salvador, donde reside. \u201cLa defensa de las v\u00edctimas en El Salvador fue la devoci\u00f3n y profesi\u00f3n de Romero\u201d, afirm\u00f3 el sacerdote. \u201cNos defendi\u00f3 a nosotros los pobres amando siempre la verdad, y por eso lo mataron. \u00c9l tambi\u00e9n era pobre y estaba movido por la humanidad y por la Gloria de Dios\u201d, coment\u00f3. \u201cYo viv\u00ed con \u00e9l, por eso s\u00e9 que todo esto no son meras palabras sino que es cierto\u201d, explic\u00f3.<\/p>\n<p>Sobrino anim\u00f3 a los presentes a dejarse llevar por el ejemplo de monse\u00f1or Romero y continuar luchando por los m\u00e1s desfavorecidos de la sociedad.\u00a0 \u201cDefendiendo a las v\u00edctimas y pobres, ellas nos dan la vida y nos liberan del ego\u00edsmo\u201d, dijo.<\/p>\n","protected":false},"excerpt":{"rendered":"<p>Pupusas, m\u00fasica instrumental en directo y buen vino. Estos fueron los ingredientes que la organizaci\u00f3n Carecen mezcl\u00f3 el 31 de marzo para celebrar su 25 aniversario y rendir homenaje a monse\u00f1or \u00d3scar Romero, arzobispo salvadore\u00f1o que dedic\u00f3 su vida a la defensa de la dignidad de los seres humanos, especialmente la de los m\u00e1s desfavorecidos, y a luchar contra la violencia en su pa\u00eds. <\/p>\n","protected":false},"author":8,"featured_media":0,"comment_status":"open","ping_status":"open","sticky":false,"template":"","format":"standard","meta":{"newspack_popups_has_disabled_popups":false,"_jetpack_newsletter_access":"","_jetpack_dont_email_post_to_subs":false,"_jetpack_newsletter_tier_id":0,"_jetpack_memberships_contains_paywalled_content":false,"newspack_featured_image_position":"","newspack_post_subtitle":"","newspack_article_summary_title":"Overview:","newspack_article_summary":"","newspack_hide_updated_date":false,"newspack_show_updated_date":false,"_jetpack_feature_clip_id":0,"_jetpack_memberships_contains_paid_content":false,"footnotes":"","jetpack_post_was_ever_published":false},"categories":[7],"tags":[1001],"coauthors":[],"class_list":["post-8511","post","type-post","status-publish","format-standard","hentry","category-news","tag-the-central-american-resource-center","entry"],"yoast_head":"<!-- This site is optimized with the Yoast SEO plugin v28.4 - https:\/\/yoast.com\/product\/yoast-seo-wordpress\/ -->\n<title>Carecen se inspira en Monse\u00f1or Romero en su lucha por la justicia - El Tecolote<\/title>\n<meta name=\"description\" content=\"Pupusas, m\u00fasica instrumental en directo y buen vino. Estos fueron los ingredientes que la organizaci\u00f3n Carecen mezcl\u00f3 el 31 de marzo para celebrar su 25 aniversario y rendir homenaje a monse\u00f1or \u00d3scar Romero, arzobispo salvadore\u00f1o que dedic\u00f3 su vida a la defensa de la dignidad de los seres humanos, especialmente la de los m\u00e1s desfavorecidos, y a luchar contra la violencia en su pa\u00eds.\" \/>\n<meta name=\"robots\" content=\"index, follow, max-snippet:-1, max-image-preview:large, max-video-preview:-1\" \/>\n<link rel=\"canonical\" href=\"https:\/\/eltecolote.org\/content\/en\/carecen-se-inspira-en-monsenor-romero-en-su-lucha-por-la-justicia\/\" \/>\n<meta property=\"og:locale\" content=\"en_US\" \/>\n<meta property=\"og:type\" content=\"article\" \/>\n<meta property=\"og:title\" content=\"Carecen se inspira en Monse\u00f1or Romero en su lucha por la justicia - El Tecolote\" \/>\n<meta property=\"og:description\" content=\"Pupusas, m\u00fasica instrumental en directo y buen vino. Estos fueron los ingredientes que la organizaci\u00f3n Carecen mezcl\u00f3 el 31 de marzo para celebrar su 25 aniversario y rendir homenaje a monse\u00f1or \u00d3scar Romero, arzobispo salvadore\u00f1o que dedic\u00f3 su vida a la defensa de la dignidad de los seres humanos, especialmente la de los m\u00e1s desfavorecidos, y a luchar contra la violencia en su pa\u00eds.\" \/>\n<meta property=\"og:url\" content=\"https:\/\/eltecolote.org\/content\/en\/carecen-se-inspira-en-monsenor-romero-en-su-lucha-por-la-justicia\/\" \/>\n<meta property=\"og:site_name\" content=\"El Tecolote\" \/>\n<meta property=\"article:publisher\" content=\"https:\/\/www.facebook.com\/ElTecoloteSF\/\" \/>\n<meta property=\"article:published_time\" content=\"2011-04-12T20:21:05+00:00\" \/>\n<meta property=\"og:image\" content=\"http:\/\/eltecolote.org\/content\/wp-content\/uploads\/2011\/04\/carecen1.jpg\" \/>\n<meta name=\"author\" content=\"inaki\" \/>\n<meta name=\"twitter:card\" content=\"summary_large_image\" \/>\n<meta name=\"twitter:creator\" content=\"@eltecolotesf\" \/>\n<meta name=\"twitter:site\" content=\"@eltecolotesf\" \/>\n<meta name=\"twitter:label1\" content=\"Written by\" \/>\n\t<meta name=\"twitter:data1\" content=\"inaki\" \/>\n\t<meta name=\"twitter:label2\" content=\"Est. reading time\" \/>\n\t<meta name=\"twitter:data2\" content=\"3 minutes\" \/>\n<script type=\"application\/ld+json\" class=\"yoast-schema-graph\">{\"@context\":\"https:\\\/\\\/schema.org\",\"@graph\":[{\"@type\":\"NewsArticle\",\"@id\":\"https:\\\/\\\/eltecolote.org\\\/content\\\/en\\\/carecen-se-inspira-en-monsenor-romero-en-su-lucha-por-la-justicia\\\/#article\",\"isPartOf\":{\"@id\":\"https:\\\/\\\/eltecolote.org\\\/content\\\/en\\\/carecen-se-inspira-en-monsenor-romero-en-su-lucha-por-la-justicia\\\/\"},\"author\":{\"name\":\"inaki\",\"@id\":\"https:\\\/\\\/eltecolote.org\\\/content\\\/#\\\/schema\\\/person\\\/3d16dd415f4762c1919d5f48fb96be68\"},\"headline\":\"Carecen se inspira en Monse\u00f1or Romero en su lucha por la justicia\",\"datePublished\":\"2011-04-12T20:21:05+00:00\",\"mainEntityOfPage\":{\"@id\":\"https:\\\/\\\/eltecolote.org\\\/content\\\/en\\\/carecen-se-inspira-en-monsenor-romero-en-su-lucha-por-la-justicia\\\/\"},\"wordCount\":655,\"commentCount\":0,\"publisher\":{\"@id\":\"https:\\\/\\\/eltecolote.org\\\/content\\\/#organization\"},\"image\":{\"@id\":\"https:\\\/\\\/eltecolote.org\\\/content\\\/en\\\/carecen-se-inspira-en-monsenor-romero-en-su-lucha-por-la-justicia\\\/#primaryimage\"},\"thumbnailUrl\":\"http:\\\/\\\/eltecolote.org\\\/content\\\/wp-content\\\/uploads\\\/2011\\\/04\\\/carecen1.jpg\",\"keywords\":[\"The Central American Resource Center\"],\"articleSection\":[\"News\"],\"inLanguage\":\"en-US\",\"potentialAction\":[{\"@type\":\"CommentAction\",\"name\":\"Comment\",\"target\":[\"https:\\\/\\\/eltecolote.org\\\/content\\\/en\\\/carecen-se-inspira-en-monsenor-romero-en-su-lucha-por-la-justicia\\\/#respond\"]}]},{\"@type\":\"WebPage\",\"@id\":\"https:\\\/\\\/eltecolote.org\\\/content\\\/en\\\/carecen-se-inspira-en-monsenor-romero-en-su-lucha-por-la-justicia\\\/\",\"url\":\"https:\\\/\\\/eltecolote.org\\\/content\\\/en\\\/carecen-se-inspira-en-monsenor-romero-en-su-lucha-por-la-justicia\\\/\",\"name\":\"Carecen se inspira en Monse\u00f1or Romero en su lucha por la justicia - El Tecolote\",\"isPartOf\":{\"@id\":\"https:\\\/\\\/eltecolote.org\\\/content\\\/#website\"},\"primaryImageOfPage\":{\"@id\":\"https:\\\/\\\/eltecolote.org\\\/content\\\/en\\\/carecen-se-inspira-en-monsenor-romero-en-su-lucha-por-la-justicia\\\/#primaryimage\"},\"image\":{\"@id\":\"https:\\\/\\\/eltecolote.org\\\/content\\\/en\\\/carecen-se-inspira-en-monsenor-romero-en-su-lucha-por-la-justicia\\\/#primaryimage\"},\"thumbnailUrl\":\"http:\\\/\\\/eltecolote.org\\\/content\\\/wp-content\\\/uploads\\\/2011\\\/04\\\/carecen1.jpg\",\"datePublished\":\"2011-04-12T20:21:05+00:00\",\"description\":\"Pupusas, m\u00fasica instrumental en directo y buen vino. Estos fueron los ingredientes que la organizaci\u00f3n Carecen mezcl\u00f3 el 31 de marzo para celebrar su 25 aniversario y rendir homenaje a monse\u00f1or \u00d3scar Romero, arzobispo salvadore\u00f1o que dedic\u00f3 su vida a la defensa de la dignidad de los seres humanos, especialmente la de los m\u00e1s desfavorecidos, y a luchar contra la violencia en su pa\u00eds.\",\"inLanguage\":\"en-US\",\"potentialAction\":[{\"@type\":\"ReadAction\",\"target\":[\"https:\\\/\\\/eltecolote.org\\\/content\\\/en\\\/carecen-se-inspira-en-monsenor-romero-en-su-lucha-por-la-justicia\\\/\"]}]},{\"@type\":\"ImageObject\",\"inLanguage\":\"en-US\",\"@id\":\"https:\\\/\\\/eltecolote.org\\\/content\\\/en\\\/carecen-se-inspira-en-monsenor-romero-en-su-lucha-por-la-justicia\\\/#primaryimage\",\"url\":\"http:\\\/\\\/eltecolote.org\\\/content\\\/wp-content\\\/uploads\\\/2011\\\/04\\\/carecen1.jpg\",\"contentUrl\":\"http:\\\/\\\/eltecolote.org\\\/content\\\/wp-content\\\/uploads\\\/2011\\\/04\\\/carecen1.jpg\"},{\"@type\":\"WebSite\",\"@id\":\"https:\\\/\\\/eltecolote.org\\\/content\\\/#website\",\"url\":\"https:\\\/\\\/eltecolote.org\\\/content\\\/\",\"name\":\"El Tecolote\",\"description\":\"San Francisco&#039;s Latinx newspaper since 1970\",\"publisher\":{\"@id\":\"https:\\\/\\\/eltecolote.org\\\/content\\\/#organization\"},\"potentialAction\":[{\"@type\":\"SearchAction\",\"target\":{\"@type\":\"EntryPoint\",\"urlTemplate\":\"https:\\\/\\\/eltecolote.org\\\/content\\\/?s={search_term_string}\"},\"query-input\":{\"@type\":\"PropertyValueSpecification\",\"valueRequired\":true,\"valueName\":\"search_term_string\"}}],\"inLanguage\":\"en-US\"},{\"@type\":\"Organization\",\"@id\":\"https:\\\/\\\/eltecolote.org\\\/content\\\/#organization\",\"name\":\"El Tecolote\",\"url\":\"https:\\\/\\\/eltecolote.org\\\/content\\\/\",\"logo\":{\"@type\":\"ImageObject\",\"inLanguage\":\"en-US\",\"@id\":\"https:\\\/\\\/eltecolote.org\\\/content\\\/#\\\/schema\\\/logo\\\/image\\\/\",\"url\":\"https:\\\/\\\/i0.wp.com\\\/eltecolote.org\\\/content\\\/wp-content\\\/uploads\\\/2021\\\/05\\\/ETlogo-1.jpg?fit=400%2C400&ssl=1\",\"contentUrl\":\"https:\\\/\\\/i0.wp.com\\\/eltecolote.org\\\/content\\\/wp-content\\\/uploads\\\/2021\\\/05\\\/ETlogo-1.jpg?fit=400%2C400&ssl=1\",\"width\":400,\"height\":400,\"caption\":\"El Tecolote\"},\"image\":{\"@id\":\"https:\\\/\\\/eltecolote.org\\\/content\\\/#\\\/schema\\\/logo\\\/image\\\/\"},\"sameAs\":[\"https:\\\/\\\/www.facebook.com\\\/ElTecoloteSF\\\/\",\"https:\\\/\\\/x.com\\\/eltecolotesf\",\"https:\\\/\\\/www.instagram.com\\\/eltecolotesf\\\/\"]},{\"@type\":\"Person\",\"@id\":\"https:\\\/\\\/eltecolote.org\\\/content\\\/#\\\/schema\\\/person\\\/3d16dd415f4762c1919d5f48fb96be68\",\"name\":\"inaki\",\"image\":{\"@type\":\"ImageObject\",\"inLanguage\":\"en-US\",\"@id\":\"https:\\\/\\\/secure.gravatar.com\\\/avatar\\\/ab6ead0932ded5b2446f1718461a6be0d4ec8d3cc15301536fd1add812db4cfd?s=96&d=mm&r=g63853c5492f171feb7b16142e206d3ec\",\"url\":\"https:\\\/\\\/secure.gravatar.com\\\/avatar\\\/ab6ead0932ded5b2446f1718461a6be0d4ec8d3cc15301536fd1add812db4cfd?s=96&d=mm&r=g\",\"contentUrl\":\"https:\\\/\\\/secure.gravatar.com\\\/avatar\\\/ab6ead0932ded5b2446f1718461a6be0d4ec8d3cc15301536fd1add812db4cfd?s=96&d=mm&r=g\",\"caption\":\"inaki\"},\"url\":\"https:\\\/\\\/eltecolote.org\\\/content\\\/author\\\/inaki\\\/\"}]}<\/script>\n<!-- \/ Yoast SEO plugin. -->","yoast_head_json":{"title":"Carecen se inspira en Monse\u00f1or Romero en su lucha por la justicia - El Tecolote","description":"Pupusas, m\u00fasica instrumental en directo y buen vino. Estos fueron los ingredientes que la organizaci\u00f3n Carecen mezcl\u00f3 el 31 de marzo para celebrar su 25 aniversario y rendir homenaje a monse\u00f1or \u00d3scar Romero, arzobispo salvadore\u00f1o que dedic\u00f3 su vida a la defensa de la dignidad de los seres humanos, especialmente la de los m\u00e1s desfavorecidos, y a luchar contra la violencia en su pa\u00eds.","robots":{"index":"index","follow":"follow","max-snippet":"max-snippet:-1","max-image-preview":"max-image-preview:large","max-video-preview":"max-video-preview:-1"},"canonical":"https:\/\/eltecolote.org\/content\/en\/carecen-se-inspira-en-monsenor-romero-en-su-lucha-por-la-justicia\/","og_locale":"en_US","og_type":"article","og_title":"Carecen se inspira en Monse\u00f1or Romero en su lucha por la justicia - El Tecolote","og_description":"Pupusas, m\u00fasica instrumental en directo y buen vino. Estos fueron los ingredientes que la organizaci\u00f3n Carecen mezcl\u00f3 el 31 de marzo para celebrar su 25 aniversario y rendir homenaje a monse\u00f1or \u00d3scar Romero, arzobispo salvadore\u00f1o que dedic\u00f3 su vida a la defensa de la dignidad de los seres humanos, especialmente la de los m\u00e1s desfavorecidos, y a luchar contra la violencia en su pa\u00eds.","og_url":"https:\/\/eltecolote.org\/content\/en\/carecen-se-inspira-en-monsenor-romero-en-su-lucha-por-la-justicia\/","og_site_name":"El Tecolote","article_publisher":"https:\/\/www.facebook.com\/ElTecoloteSF\/","article_published_time":"2011-04-12T20:21:05+00:00","og_image":[{"url":"http:\/\/eltecolote.org\/content\/wp-content\/uploads\/2011\/04\/carecen1.jpg","type":"","width":"","height":""}],"author":"inaki","twitter_card":"summary_large_image","twitter_creator":"@eltecolotesf","twitter_site":"@eltecolotesf","twitter_misc":{"Written by":"inaki","Est. reading time":"3 minutes"},"schema":{"@context":"https:\/\/schema.org","@graph":[{"@type":"NewsArticle","@id":"https:\/\/eltecolote.org\/content\/en\/carecen-se-inspira-en-monsenor-romero-en-su-lucha-por-la-justicia\/#article","isPartOf":{"@id":"https:\/\/eltecolote.org\/content\/en\/carecen-se-inspira-en-monsenor-romero-en-su-lucha-por-la-justicia\/"},"author":{"name":"inaki","@id":"https:\/\/eltecolote.org\/content\/#\/schema\/person\/3d16dd415f4762c1919d5f48fb96be68"},"headline":"Carecen se inspira en Monse\u00f1or Romero en su lucha por la justicia","datePublished":"2011-04-12T20:21:05+00:00","mainEntityOfPage":{"@id":"https:\/\/eltecolote.org\/content\/en\/carecen-se-inspira-en-monsenor-romero-en-su-lucha-por-la-justicia\/"},"wordCount":655,"commentCount":0,"publisher":{"@id":"https:\/\/eltecolote.org\/content\/#organization"},"image":{"@id":"https:\/\/eltecolote.org\/content\/en\/carecen-se-inspira-en-monsenor-romero-en-su-lucha-por-la-justicia\/#primaryimage"},"thumbnailUrl":"http:\/\/eltecolote.org\/content\/wp-content\/uploads\/2011\/04\/carecen1.jpg","keywords":["The Central American Resource Center"],"articleSection":["News"],"inLanguage":"en-US","potentialAction":[{"@type":"CommentAction","name":"Comment","target":["https:\/\/eltecolote.org\/content\/en\/carecen-se-inspira-en-monsenor-romero-en-su-lucha-por-la-justicia\/#respond"]}]},{"@type":"WebPage","@id":"https:\/\/eltecolote.org\/content\/en\/carecen-se-inspira-en-monsenor-romero-en-su-lucha-por-la-justicia\/","url":"https:\/\/eltecolote.org\/content\/en\/carecen-se-inspira-en-monsenor-romero-en-su-lucha-por-la-justicia\/","name":"Carecen se inspira en Monse\u00f1or Romero en su lucha por la justicia - El Tecolote","isPartOf":{"@id":"https:\/\/eltecolote.org\/content\/#website"},"primaryImageOfPage":{"@id":"https:\/\/eltecolote.org\/content\/en\/carecen-se-inspira-en-monsenor-romero-en-su-lucha-por-la-justicia\/#primaryimage"},"image":{"@id":"https:\/\/eltecolote.org\/content\/en\/carecen-se-inspira-en-monsenor-romero-en-su-lucha-por-la-justicia\/#primaryimage"},"thumbnailUrl":"http:\/\/eltecolote.org\/content\/wp-content\/uploads\/2011\/04\/carecen1.jpg","datePublished":"2011-04-12T20:21:05+00:00","description":"Pupusas, m\u00fasica instrumental en directo y buen vino. Estos fueron los ingredientes que la organizaci\u00f3n Carecen mezcl\u00f3 el 31 de marzo para celebrar su 25 aniversario y rendir homenaje a monse\u00f1or \u00d3scar Romero, arzobispo salvadore\u00f1o que dedic\u00f3 su vida a la defensa de la dignidad de los seres humanos, especialmente la de los m\u00e1s desfavorecidos, y a luchar contra la violencia en su pa\u00eds.","inLanguage":"en-US","potentialAction":[{"@type":"ReadAction","target":["https:\/\/eltecolote.org\/content\/en\/carecen-se-inspira-en-monsenor-romero-en-su-lucha-por-la-justicia\/"]}]},{"@type":"ImageObject","inLanguage":"en-US","@id":"https:\/\/eltecolote.org\/content\/en\/carecen-se-inspira-en-monsenor-romero-en-su-lucha-por-la-justicia\/#primaryimage","url":"http:\/\/eltecolote.org\/content\/wp-content\/uploads\/2011\/04\/carecen1.jpg","contentUrl":"http:\/\/eltecolote.org\/content\/wp-content\/uploads\/2011\/04\/carecen1.jpg"},{"@type":"WebSite","@id":"https:\/\/eltecolote.org\/content\/#website","url":"https:\/\/eltecolote.org\/content\/","name":"El Tecolote","description":"San Francisco&#039;s Latinx newspaper since 1970","publisher":{"@id":"https:\/\/eltecolote.org\/content\/#organization"},"potentialAction":[{"@type":"SearchAction","target":{"@type":"EntryPoint","urlTemplate":"https:\/\/eltecolote.org\/content\/?s={search_term_string}"},"query-input":{"@type":"PropertyValueSpecification","valueRequired":true,"valueName":"search_term_string"}}],"inLanguage":"en-US"},{"@type":"Organization","@id":"https:\/\/eltecolote.org\/content\/#organization","name":"El Tecolote","url":"https:\/\/eltecolote.org\/content\/","logo":{"@type":"ImageObject","inLanguage":"en-US","@id":"https:\/\/eltecolote.org\/content\/#\/schema\/logo\/image\/","url":"https:\/\/i0.wp.com\/eltecolote.org\/content\/wp-content\/uploads\/2021\/05\/ETlogo-1.jpg?fit=400%2C400&ssl=1","contentUrl":"https:\/\/i0.wp.com\/eltecolote.org\/content\/wp-content\/uploads\/2021\/05\/ETlogo-1.jpg?fit=400%2C400&ssl=1","width":400,"height":400,"caption":"El Tecolote"},"image":{"@id":"https:\/\/eltecolote.org\/content\/#\/schema\/logo\/image\/"},"sameAs":["https:\/\/www.facebook.com\/ElTecoloteSF\/","https:\/\/x.com\/eltecolotesf","https:\/\/www.instagram.com\/eltecolotesf\/"]},{"@type":"Person","@id":"https:\/\/eltecolote.org\/content\/#\/schema\/person\/3d16dd415f4762c1919d5f48fb96be68","name":"inaki","image":{"@type":"ImageObject","inLanguage":"en-US","@id":"https:\/\/secure.gravatar.com\/avatar\/ab6ead0932ded5b2446f1718461a6be0d4ec8d3cc15301536fd1add812db4cfd?s=96&d=mm&r=g63853c5492f171feb7b16142e206d3ec","url":"https:\/\/secure.gravatar.com\/avatar\/ab6ead0932ded5b2446f1718461a6be0d4ec8d3cc15301536fd1add812db4cfd?s=96&d=mm&r=g","contentUrl":"https:\/\/secure.gravatar.com\/avatar\/ab6ead0932ded5b2446f1718461a6be0d4ec8d3cc15301536fd1add812db4cfd?s=96&d=mm&r=g","caption":"inaki"},"url":"https:\/\/eltecolote.org\/content\/author\/inaki\/"}]}},"jetpack_sharing_enabled":true,"distributor_meta":false,"distributor_terms":false,"distributor_media":false,"distributor_original_site_name":"El Tecolote","distributor_original_site_url":"https:\/\/eltecolote.org\/content","push-errors":false,"jetpack_featured_media_url":"","_links":{"self":[{"href":"https:\/\/eltecolote.org\/content\/wp-json\/wp\/v2\/posts\/8511","targetHints":{"allow":["GET"]}}],"collection":[{"href":"https:\/\/eltecolote.org\/content\/wp-json\/wp\/v2\/posts"}],"about":[{"href":"https:\/\/eltecolote.org\/content\/wp-json\/wp\/v2\/types\/post"}],"author":[{"embeddable":true,"href":"https:\/\/eltecolote.org\/content\/wp-json\/wp\/v2\/users\/8"}],"replies":[{"embeddable":true,"href":"https:\/\/eltecolote.org\/content\/wp-json\/wp\/v2\/comments?post=8511"}],"version-history":[{"count":4,"href":"https:\/\/eltecolote.org\/content\/wp-json\/wp\/v2\/posts\/8511\/revisions"}],"predecessor-version":[{"id":8516,"href":"https:\/\/eltecolote.org\/content\/wp-json\/wp\/v2\/posts\/8511\/revisions\/8516"}],"wp:attachment":[{"href":"https:\/\/eltecolote.org\/content\/wp-json\/wp\/v2\/media?parent=8511"}],"wp:term":[{"taxonomy":"category","embeddable":true,"href":"https:\/\/eltecolote.org\/content\/wp-json\/wp\/v2\/categories?post=8511"},{"taxonomy":"post_tag","embeddable":true,"href":"https:\/\/eltecolote.org\/content\/wp-json\/wp\/v2\/tags?post=8511"},{"taxonomy":"author","embeddable":true,"href":"https:\/\/eltecolote.org\/content\/wp-json\/wp\/v2\/coauthors?post=8511"}],"curies":[{"name":"wp","href":"https:\/\/api.w.org\/{rel}","templated":true}]}}