{"id":8359,"date":"2011-03-28T11:36:31","date_gmt":"2011-03-28T18:36:31","guid":{"rendered":"http:\/\/eltecolote.org\/content\/?p=8359"},"modified":"2011-03-28T11:40:12","modified_gmt":"2011-03-28T18:40:12","slug":"mi-barrio-latino-america","status":"publish","type":"post","link":"https:\/\/eltecolote.org\/content\/en\/mi-barrio-latino-america\/","title":{"rendered":"Mi Barrio Latino America"},"content":{"rendered":"<figure id=\"attachment_8364\" aria-describedby=\"caption-attachment-8364\" style=\"width: 600px\" class=\"wp-caption aligncenter\"><a rel=\"attachment wp-att-8364\" href=\"https:\/\/eltecolote.org\/content\/2011\/03\/mi-barrio-latino-america\/granada-nicaragua-2-color\/\"><img data-recalc-dims=\"1\" loading=\"lazy\" decoding=\"async\" class=\"size-large wp-image-8364\" title=\"Granada-Nicaragua 2 color\" src=\"https:\/\/i0.wp.com\/eltecolote.org\/content\/wp-content\/uploads\/2011\/03\/Granada-Nicaragua-2-color.jpg?resize=600%2C400&#038;quality=89&#038;ssl=1\" alt=\"\" width=\"600\" height=\"400\" srcset=\"https:\/\/i0.wp.com\/eltecolote.org\/content\/wp-content\/uploads\/2011\/03\/Granada-Nicaragua-2-color.jpg?resize=600%2C400&amp;quality=89&amp;ssl=1 600w, https:\/\/i0.wp.com\/eltecolote.org\/content\/wp-content\/uploads\/2011\/03\/Granada-Nicaragua-2-color.jpg?resize=360%2C240&amp;quality=89&amp;ssl=1 360w, https:\/\/i0.wp.com\/eltecolote.org\/content\/wp-content\/uploads\/2011\/03\/Granada-Nicaragua-2-color.jpg?w=2000&amp;quality=89&amp;ssl=1 2000w, https:\/\/i0.wp.com\/eltecolote.org\/content\/wp-content\/uploads\/2011\/03\/Granada-Nicaragua-2-color.jpg?w=3000&amp;quality=89&amp;ssl=1 3000w\" sizes=\"auto, (max-width: 600px) 100vw, 600px\" \/><\/a><figcaption id=\"caption-attachment-8364\" class=\"wp-caption-text\">Vista panor\u00e1mica desde la catedral de Granada, Nicaragua.  Photo Hanna Quevedo<\/figcaption><\/figure>\n<p>\u201cMi Barrio Latino Am\u00e9rica\u201d consiste en una serie de art\u00edculos biogr\u00e1ficos breves sobre personas que Ram\u00f3n Hern\u00e1ndez y Karol Carranza est\u00e1n entrevistando en sus viajes por Am\u00e9rica Central y M\u00e9xico. Los art\u00edculos realzan las historias personales, preocupaciones, opiniones y temas en las propias palabras de la gente entrevistada.<\/p>\n<p>Mariana Zeled\u00f3n Navarro &amp; Claudia C. Sevilla Navarro, Granada, Nicaragua, March 2011.<\/p>\n<p>Mariana y su hermana Claudia han sido vendedoras de comida en el Parque Central de Granada desde hace ya 19 a\u00f1os. Una fuente vital de ingresos econ\u00f3micos para muchos nicarag\u00fcenses, hablan del intento violento de sacarlos de la plaza a finales de los a\u00f1os 1990, y contin\u00faan hablando sobre la lucha con las deudas, los muchos impuestos y la corrupci\u00f3n, lo que les hace dif\u00edcil conseguir sus necesidades b\u00e1sicas. Nicaragua tendr\u00e1 elecciones presidenciales en noviembre de este a\u00f1o dando sus opiniones al respecto.<\/p>\n<p>\u201cTodos los d\u00edas pagamos para estar aqu\u00ed, as\u00ed que dependemos mucho de los pr\u00e9stamos que hacemos a diario para cubrir nuestros gastos diarios. Tener este puesto requiere pagar una cuota mensual al gobierno municipal para poder usar este espacio, la basura: bueno, es un impuesto aqu\u00ed. Aparte de pagarle a la alcald\u00eda, tambi\u00e9n le pagamos a la persona que nos ayuda a guardar nuestras carretas, a la persona que las ubica, y la persona que nos presta el dinero para nuestros gastos diarios. Cada d\u00eda pagamos, a excepci\u00f3n de la municipalidad, lo cual se debe mensualmente.\u201d<\/p>\n<p>\u201cEstos pagos siguen creciendo. Antes no ten\u00edamos que pagar nada. Los pagos comenzaron hace unos diez a\u00f1os. Tatiana Chamorro fue la alcaldesa de Granada que inici\u00f3 estos pagas mensuales y luego los suspendi\u00f3. Ella lo hizo porque quer\u00eda eliminar a los vendedores del Parque Central, pero cuando vio que no lo pod\u00eda lograr con el cobro de estos altos cobros, los suspendi\u00f3 para poder sacarnos diciendo que no pag\u00e1bamos. Nos organizamos y protestamos y as\u00ed fue cuando nos comenzaron a maltratar. En mi caso (Claudia) yo abort\u00e9 porque la polic\u00eda me peg\u00f3 caus\u00e1ndome que perdiera mi beb\u00e9. Sin embargo, al final ganamos la lucha porque los vendedores nos quedamos. Ella perdi\u00f3 porque la gente de Granada apoy\u00f3 nuestra lucha. All\u00ed fue cuando los pagos comenzaron de nuevo; suspendi\u00e9ndolos, como explic\u00e1bamos, les daba la excusa para sacar a los vendedores, porque si pagamos tenemos derecho de quedarnos. Eso pas\u00f3 en 1996, desde entonces los pagos siguen increment\u00e1ndose: nunca pod\u00e9s pagarlos completamente.\u201d<\/p>\n<p>\u201cReducir estos impuestos nos beneficiar\u00eda. Para que Nicaragua progrese, deben parar de cobrarnos a los pobres y cobrarles a los que pueden pagar, pero exoneran a las grandes empresas que pertenecen a las familias m\u00e1s ricas de tener que pagar impuestos. Desde los a\u00f1os de los 1970 y 1980, Nicaragua tuvo muchas guerras y muchas madres perdieron muchos hijos. La gente vot\u00f3 por Violeta Chamorro porque eliminar el servicio militar obligatorio fue una de las promesas principales de su campa\u00f1a. No quer\u00edamos m\u00e1s guerras y es bueno que desde entonces ahora vivimos en paz. Hace cinco a\u00f1os cuando la gente vot\u00f3 por el actual presidente (Daniel Ortega), sus detractores dijeron que \u00e9l iba a poner el servicio militar y continuar la guerra, pero solo eran opiniones de la derecha. Los pol\u00edticos neo-liberales argumentaron esto, pero si conoces un poco de la historia de Nicaragua, sabr\u00edas cu\u00e1nto dinero se robaron de nuestro pa\u00eds. Nicaragua no es como parece y la historia verdadera nunca se ense\u00f1a, pero nosotras hemos vivido esta historia. La gente votar\u00e1 por aquellos que trabajan para el pueblo y por lo que vemos, los liberales s\u00f3lo trabajan para ellos mismos.\u201d<\/p>\n<p>\u2014Traducci\u00f3n Anuar Murrar-Garay<\/p>\n","protected":false},"excerpt":{"rendered":"<p>\u201cMi Barrio Latino Am\u00e9rica\u201d consiste en una serie de art\u00edculos biogr\u00e1ficos breves sobre personas que Ram\u00f3n Hern\u00e1ndez y Karol Carranza est\u00e1n entrevistando en sus viajes por Am\u00e9rica Central y M\u00e9xico. Los art\u00edculos realzan las historias personales, preocupaciones, opiniones y temas en las propias palabras de la gente entrevistada. Mariana Zeled\u00f3n Navarro &amp; Claudia C. Sevilla [&hellip;]<\/p>\n","protected":false},"author":8,"featured_media":0,"comment_status":"open","ping_status":"open","sticky":false,"template":"","format":"standard","meta":{"newspack_popups_has_disabled_popups":false,"newspack_featured_image_position":"","newspack_post_subtitle":"","newspack_article_summary_title":"Overview:","newspack_article_summary":"","newspack_hide_updated_date":false,"newspack_show_updated_date":false,"footnotes":""},"categories":[7],"tags":[985,986,981,618],"coauthors":[],"class_list":["post-8359","post","type-post","status-publish","format-standard","hentry","category-news","tag-claudia-c-sevilla-navarro","tag-el-parque-central-de-granada","tag-mariana-zeledon-navarro","tag-nicaragua","entry"],"yoast_head":"<!-- This site is optimized with the Yoast SEO plugin v27.4 - https:\/\/yoast.com\/product\/yoast-seo-wordpress\/ -->\n<title>Mi Barrio Latino America - El Tecolote<\/title>\n<meta name=\"description\" content=\"\u201cMi Barrio Latino Am\u00e9rica\u201d consiste en una serie de art\u00edculos biogr\u00e1ficos breves sobre personas que Ram\u00f3n Hern\u00e1ndez y Karol Carranza est\u00e1n entrevistando\" \/>\n<meta name=\"robots\" content=\"index, follow, max-snippet:-1, max-image-preview:large, max-video-preview:-1\" \/>\n<link rel=\"canonical\" href=\"https:\/\/eltecolote.org\/content\/en\/mi-barrio-latino-america\/\" \/>\n<meta property=\"og:locale\" content=\"en_US\" \/>\n<meta property=\"og:type\" content=\"article\" \/>\n<meta property=\"og:title\" content=\"Mi Barrio Latino America - El Tecolote\" \/>\n<meta property=\"og:description\" content=\"\u201cMi Barrio Latino Am\u00e9rica\u201d consiste en una serie de art\u00edculos biogr\u00e1ficos breves sobre personas que Ram\u00f3n Hern\u00e1ndez y Karol Carranza est\u00e1n entrevistando\" \/>\n<meta property=\"og:url\" content=\"https:\/\/eltecolote.org\/content\/en\/mi-barrio-latino-america\/\" \/>\n<meta property=\"og:site_name\" content=\"El Tecolote\" \/>\n<meta property=\"article:publisher\" content=\"https:\/\/www.facebook.com\/ElTecoloteSF\/\" \/>\n<meta property=\"article:published_time\" content=\"2011-03-28T18:36:31+00:00\" \/>\n<meta property=\"article:modified_time\" content=\"2011-03-28T18:40:12+00:00\" \/>\n<meta property=\"og:image\" content=\"http:\/\/eltecolote.org\/content\/wp-content\/uploads\/2011\/03\/Granada-Nicaragua-2-color-600x400.jpg\" \/>\n<meta name=\"author\" content=\"inaki\" \/>\n<meta name=\"twitter:card\" content=\"summary_large_image\" \/>\n<meta name=\"twitter:creator\" content=\"@eltecolotesf\" \/>\n<meta name=\"twitter:site\" content=\"@eltecolotesf\" \/>\n<meta name=\"twitter:label1\" content=\"Written by\" \/>\n\t<meta name=\"twitter:data1\" content=\"inaki\" \/>\n\t<meta name=\"twitter:label2\" content=\"Est. reading time\" \/>\n\t<meta name=\"twitter:data2\" content=\"3 minutes\" \/>\n<script type=\"application\/ld+json\" class=\"yoast-schema-graph\">{\"@context\":\"https:\\\/\\\/schema.org\",\"@graph\":[{\"@type\":\"NewsArticle\",\"@id\":\"https:\\\/\\\/eltecolote.org\\\/content\\\/en\\\/mi-barrio-latino-america\\\/#article\",\"isPartOf\":{\"@id\":\"https:\\\/\\\/eltecolote.org\\\/content\\\/en\\\/mi-barrio-latino-america\\\/\"},\"author\":{\"name\":\"inaki\",\"@id\":\"https:\\\/\\\/eltecolote.org\\\/content\\\/#\\\/schema\\\/person\\\/3d16dd415f4762c1919d5f48fb96be68\"},\"headline\":\"Mi Barrio Latino America\",\"datePublished\":\"2011-03-28T18:36:31+00:00\",\"dateModified\":\"2011-03-28T18:40:12+00:00\",\"mainEntityOfPage\":{\"@id\":\"https:\\\/\\\/eltecolote.org\\\/content\\\/en\\\/mi-barrio-latino-america\\\/\"},\"wordCount\":662,\"commentCount\":0,\"publisher\":{\"@id\":\"https:\\\/\\\/eltecolote.org\\\/content\\\/#organization\"},\"image\":{\"@id\":\"https:\\\/\\\/eltecolote.org\\\/content\\\/en\\\/mi-barrio-latino-america\\\/#primaryimage\"},\"thumbnailUrl\":\"http:\\\/\\\/eltecolote.org\\\/content\\\/wp-content\\\/uploads\\\/2011\\\/03\\\/Granada-Nicaragua-2-color-600x400.jpg\",\"keywords\":[\"Claudia C. Sevilla Navarro\",\"el Parque Central de Granada\",\"Mariana Zeled\u00f3n Navarro\",\"nicaragua\"],\"articleSection\":[\"News\"],\"inLanguage\":\"en\",\"potentialAction\":[{\"@type\":\"CommentAction\",\"name\":\"Comment\",\"target\":[\"https:\\\/\\\/eltecolote.org\\\/content\\\/en\\\/mi-barrio-latino-america\\\/#respond\"]}]},{\"@type\":\"WebPage\",\"@id\":\"https:\\\/\\\/eltecolote.org\\\/content\\\/en\\\/mi-barrio-latino-america\\\/\",\"url\":\"https:\\\/\\\/eltecolote.org\\\/content\\\/en\\\/mi-barrio-latino-america\\\/\",\"name\":\"Mi Barrio Latino America - El Tecolote\",\"isPartOf\":{\"@id\":\"https:\\\/\\\/eltecolote.org\\\/content\\\/#website\"},\"primaryImageOfPage\":{\"@id\":\"https:\\\/\\\/eltecolote.org\\\/content\\\/en\\\/mi-barrio-latino-america\\\/#primaryimage\"},\"image\":{\"@id\":\"https:\\\/\\\/eltecolote.org\\\/content\\\/en\\\/mi-barrio-latino-america\\\/#primaryimage\"},\"thumbnailUrl\":\"http:\\\/\\\/eltecolote.org\\\/content\\\/wp-content\\\/uploads\\\/2011\\\/03\\\/Granada-Nicaragua-2-color-600x400.jpg\",\"datePublished\":\"2011-03-28T18:36:31+00:00\",\"dateModified\":\"2011-03-28T18:40:12+00:00\",\"description\":\"\u201cMi Barrio Latino Am\u00e9rica\u201d consiste en una serie de art\u00edculos biogr\u00e1ficos breves sobre personas que Ram\u00f3n Hern\u00e1ndez y Karol Carranza est\u00e1n entrevistando\",\"inLanguage\":\"en\",\"potentialAction\":[{\"@type\":\"ReadAction\",\"target\":[\"https:\\\/\\\/eltecolote.org\\\/content\\\/en\\\/mi-barrio-latino-america\\\/\"]}]},{\"@type\":\"ImageObject\",\"inLanguage\":\"en\",\"@id\":\"https:\\\/\\\/eltecolote.org\\\/content\\\/en\\\/mi-barrio-latino-america\\\/#primaryimage\",\"url\":\"http:\\\/\\\/eltecolote.org\\\/content\\\/wp-content\\\/uploads\\\/2011\\\/03\\\/Granada-Nicaragua-2-color-600x400.jpg\",\"contentUrl\":\"http:\\\/\\\/eltecolote.org\\\/content\\\/wp-content\\\/uploads\\\/2011\\\/03\\\/Granada-Nicaragua-2-color-600x400.jpg\"},{\"@type\":\"WebSite\",\"@id\":\"https:\\\/\\\/eltecolote.org\\\/content\\\/#website\",\"url\":\"https:\\\/\\\/eltecolote.org\\\/content\\\/\",\"name\":\"El Tecolote\",\"description\":\"San Francisco's Latinx newspaper since 1970\",\"publisher\":{\"@id\":\"https:\\\/\\\/eltecolote.org\\\/content\\\/#organization\"},\"potentialAction\":[{\"@type\":\"SearchAction\",\"target\":{\"@type\":\"EntryPoint\",\"urlTemplate\":\"https:\\\/\\\/eltecolote.org\\\/content\\\/?s={search_term_string}\"},\"query-input\":{\"@type\":\"PropertyValueSpecification\",\"valueRequired\":true,\"valueName\":\"search_term_string\"}}],\"inLanguage\":\"en\"},{\"@type\":\"Organization\",\"@id\":\"https:\\\/\\\/eltecolote.org\\\/content\\\/#organization\",\"name\":\"El Tecolote\",\"url\":\"https:\\\/\\\/eltecolote.org\\\/content\\\/\",\"logo\":{\"@type\":\"ImageObject\",\"inLanguage\":\"en\",\"@id\":\"https:\\\/\\\/eltecolote.org\\\/content\\\/#\\\/schema\\\/logo\\\/image\\\/\",\"url\":\"https:\\\/\\\/i0.wp.com\\\/eltecolote.org\\\/content\\\/wp-content\\\/uploads\\\/2021\\\/05\\\/ETlogo-1.jpg?fit=400%2C400&ssl=1\",\"contentUrl\":\"https:\\\/\\\/i0.wp.com\\\/eltecolote.org\\\/content\\\/wp-content\\\/uploads\\\/2021\\\/05\\\/ETlogo-1.jpg?fit=400%2C400&ssl=1\",\"width\":400,\"height\":400,\"caption\":\"El Tecolote\"},\"image\":{\"@id\":\"https:\\\/\\\/eltecolote.org\\\/content\\\/#\\\/schema\\\/logo\\\/image\\\/\"},\"sameAs\":[\"https:\\\/\\\/www.facebook.com\\\/ElTecoloteSF\\\/\",\"https:\\\/\\\/x.com\\\/eltecolotesf\",\"https:\\\/\\\/www.instagram.com\\\/eltecolotesf\\\/\"]},{\"@type\":\"Person\",\"@id\":\"https:\\\/\\\/eltecolote.org\\\/content\\\/#\\\/schema\\\/person\\\/3d16dd415f4762c1919d5f48fb96be68\",\"name\":\"inaki\",\"image\":{\"@type\":\"ImageObject\",\"inLanguage\":\"en\",\"@id\":\"https:\\\/\\\/secure.gravatar.com\\\/avatar\\\/ab6ead0932ded5b2446f1718461a6be0d4ec8d3cc15301536fd1add812db4cfd?s=96&d=mm&r=g63853c5492f171feb7b16142e206d3ec\",\"url\":\"https:\\\/\\\/secure.gravatar.com\\\/avatar\\\/ab6ead0932ded5b2446f1718461a6be0d4ec8d3cc15301536fd1add812db4cfd?s=96&d=mm&r=g\",\"contentUrl\":\"https:\\\/\\\/secure.gravatar.com\\\/avatar\\\/ab6ead0932ded5b2446f1718461a6be0d4ec8d3cc15301536fd1add812db4cfd?s=96&d=mm&r=g\",\"caption\":\"inaki\"},\"url\":\"https:\\\/\\\/eltecolote.org\\\/content\\\/author\\\/inaki\\\/\"}]}<\/script>\n<!-- \/ Yoast SEO plugin. -->","yoast_head_json":{"title":"Mi Barrio Latino America - El Tecolote","description":"\u201cMi Barrio Latino Am\u00e9rica\u201d consiste en una serie de art\u00edculos biogr\u00e1ficos breves sobre personas que Ram\u00f3n Hern\u00e1ndez y Karol Carranza est\u00e1n entrevistando","robots":{"index":"index","follow":"follow","max-snippet":"max-snippet:-1","max-image-preview":"max-image-preview:large","max-video-preview":"max-video-preview:-1"},"canonical":"https:\/\/eltecolote.org\/content\/en\/mi-barrio-latino-america\/","og_locale":"en_US","og_type":"article","og_title":"Mi Barrio Latino America - El Tecolote","og_description":"\u201cMi Barrio Latino Am\u00e9rica\u201d consiste en una serie de art\u00edculos biogr\u00e1ficos breves sobre personas que Ram\u00f3n Hern\u00e1ndez y Karol Carranza est\u00e1n entrevistando","og_url":"https:\/\/eltecolote.org\/content\/en\/mi-barrio-latino-america\/","og_site_name":"El Tecolote","article_publisher":"https:\/\/www.facebook.com\/ElTecoloteSF\/","article_published_time":"2011-03-28T18:36:31+00:00","article_modified_time":"2011-03-28T18:40:12+00:00","og_image":[{"url":"http:\/\/eltecolote.org\/content\/wp-content\/uploads\/2011\/03\/Granada-Nicaragua-2-color-600x400.jpg","type":"","width":"","height":""}],"author":"inaki","twitter_card":"summary_large_image","twitter_creator":"@eltecolotesf","twitter_site":"@eltecolotesf","twitter_misc":{"Written by":"inaki","Est. reading time":"3 minutes"},"schema":{"@context":"https:\/\/schema.org","@graph":[{"@type":"NewsArticle","@id":"https:\/\/eltecolote.org\/content\/en\/mi-barrio-latino-america\/#article","isPartOf":{"@id":"https:\/\/eltecolote.org\/content\/en\/mi-barrio-latino-america\/"},"author":{"name":"inaki","@id":"https:\/\/eltecolote.org\/content\/#\/schema\/person\/3d16dd415f4762c1919d5f48fb96be68"},"headline":"Mi Barrio Latino America","datePublished":"2011-03-28T18:36:31+00:00","dateModified":"2011-03-28T18:40:12+00:00","mainEntityOfPage":{"@id":"https:\/\/eltecolote.org\/content\/en\/mi-barrio-latino-america\/"},"wordCount":662,"commentCount":0,"publisher":{"@id":"https:\/\/eltecolote.org\/content\/#organization"},"image":{"@id":"https:\/\/eltecolote.org\/content\/en\/mi-barrio-latino-america\/#primaryimage"},"thumbnailUrl":"http:\/\/eltecolote.org\/content\/wp-content\/uploads\/2011\/03\/Granada-Nicaragua-2-color-600x400.jpg","keywords":["Claudia C. Sevilla Navarro","el Parque Central de Granada","Mariana Zeled\u00f3n Navarro","nicaragua"],"articleSection":["News"],"inLanguage":"en","potentialAction":[{"@type":"CommentAction","name":"Comment","target":["https:\/\/eltecolote.org\/content\/en\/mi-barrio-latino-america\/#respond"]}]},{"@type":"WebPage","@id":"https:\/\/eltecolote.org\/content\/en\/mi-barrio-latino-america\/","url":"https:\/\/eltecolote.org\/content\/en\/mi-barrio-latino-america\/","name":"Mi Barrio Latino America - El Tecolote","isPartOf":{"@id":"https:\/\/eltecolote.org\/content\/#website"},"primaryImageOfPage":{"@id":"https:\/\/eltecolote.org\/content\/en\/mi-barrio-latino-america\/#primaryimage"},"image":{"@id":"https:\/\/eltecolote.org\/content\/en\/mi-barrio-latino-america\/#primaryimage"},"thumbnailUrl":"http:\/\/eltecolote.org\/content\/wp-content\/uploads\/2011\/03\/Granada-Nicaragua-2-color-600x400.jpg","datePublished":"2011-03-28T18:36:31+00:00","dateModified":"2011-03-28T18:40:12+00:00","description":"\u201cMi Barrio Latino Am\u00e9rica\u201d consiste en una serie de art\u00edculos biogr\u00e1ficos breves sobre personas que Ram\u00f3n Hern\u00e1ndez y Karol Carranza est\u00e1n entrevistando","inLanguage":"en","potentialAction":[{"@type":"ReadAction","target":["https:\/\/eltecolote.org\/content\/en\/mi-barrio-latino-america\/"]}]},{"@type":"ImageObject","inLanguage":"en","@id":"https:\/\/eltecolote.org\/content\/en\/mi-barrio-latino-america\/#primaryimage","url":"http:\/\/eltecolote.org\/content\/wp-content\/uploads\/2011\/03\/Granada-Nicaragua-2-color-600x400.jpg","contentUrl":"http:\/\/eltecolote.org\/content\/wp-content\/uploads\/2011\/03\/Granada-Nicaragua-2-color-600x400.jpg"},{"@type":"WebSite","@id":"https:\/\/eltecolote.org\/content\/#website","url":"https:\/\/eltecolote.org\/content\/","name":"El Tecolote","description":"San Francisco's Latinx newspaper since 1970","publisher":{"@id":"https:\/\/eltecolote.org\/content\/#organization"},"potentialAction":[{"@type":"SearchAction","target":{"@type":"EntryPoint","urlTemplate":"https:\/\/eltecolote.org\/content\/?s={search_term_string}"},"query-input":{"@type":"PropertyValueSpecification","valueRequired":true,"valueName":"search_term_string"}}],"inLanguage":"en"},{"@type":"Organization","@id":"https:\/\/eltecolote.org\/content\/#organization","name":"El Tecolote","url":"https:\/\/eltecolote.org\/content\/","logo":{"@type":"ImageObject","inLanguage":"en","@id":"https:\/\/eltecolote.org\/content\/#\/schema\/logo\/image\/","url":"https:\/\/i0.wp.com\/eltecolote.org\/content\/wp-content\/uploads\/2021\/05\/ETlogo-1.jpg?fit=400%2C400&ssl=1","contentUrl":"https:\/\/i0.wp.com\/eltecolote.org\/content\/wp-content\/uploads\/2021\/05\/ETlogo-1.jpg?fit=400%2C400&ssl=1","width":400,"height":400,"caption":"El Tecolote"},"image":{"@id":"https:\/\/eltecolote.org\/content\/#\/schema\/logo\/image\/"},"sameAs":["https:\/\/www.facebook.com\/ElTecoloteSF\/","https:\/\/x.com\/eltecolotesf","https:\/\/www.instagram.com\/eltecolotesf\/"]},{"@type":"Person","@id":"https:\/\/eltecolote.org\/content\/#\/schema\/person\/3d16dd415f4762c1919d5f48fb96be68","name":"inaki","image":{"@type":"ImageObject","inLanguage":"en","@id":"https:\/\/secure.gravatar.com\/avatar\/ab6ead0932ded5b2446f1718461a6be0d4ec8d3cc15301536fd1add812db4cfd?s=96&d=mm&r=g63853c5492f171feb7b16142e206d3ec","url":"https:\/\/secure.gravatar.com\/avatar\/ab6ead0932ded5b2446f1718461a6be0d4ec8d3cc15301536fd1add812db4cfd?s=96&d=mm&r=g","contentUrl":"https:\/\/secure.gravatar.com\/avatar\/ab6ead0932ded5b2446f1718461a6be0d4ec8d3cc15301536fd1add812db4cfd?s=96&d=mm&r=g","caption":"inaki"},"url":"https:\/\/eltecolote.org\/content\/author\/inaki\/"}]}},"distributor_meta":false,"distributor_terms":false,"distributor_media":false,"distributor_original_site_name":"El Tecolote","distributor_original_site_url":"https:\/\/eltecolote.org\/content","push-errors":false,"_links":{"self":[{"href":"https:\/\/eltecolote.org\/content\/wp-json\/wp\/v2\/posts\/8359","targetHints":{"allow":["GET"]}}],"collection":[{"href":"https:\/\/eltecolote.org\/content\/wp-json\/wp\/v2\/posts"}],"about":[{"href":"https:\/\/eltecolote.org\/content\/wp-json\/wp\/v2\/types\/post"}],"author":[{"embeddable":true,"href":"https:\/\/eltecolote.org\/content\/wp-json\/wp\/v2\/users\/8"}],"replies":[{"embeddable":true,"href":"https:\/\/eltecolote.org\/content\/wp-json\/wp\/v2\/comments?post=8359"}],"version-history":[{"count":8,"href":"https:\/\/eltecolote.org\/content\/wp-json\/wp\/v2\/posts\/8359\/revisions"}],"predecessor-version":[{"id":8381,"href":"https:\/\/eltecolote.org\/content\/wp-json\/wp\/v2\/posts\/8359\/revisions\/8381"}],"wp:attachment":[{"href":"https:\/\/eltecolote.org\/content\/wp-json\/wp\/v2\/media?parent=8359"}],"wp:term":[{"taxonomy":"category","embeddable":true,"href":"https:\/\/eltecolote.org\/content\/wp-json\/wp\/v2\/categories?post=8359"},{"taxonomy":"post_tag","embeddable":true,"href":"https:\/\/eltecolote.org\/content\/wp-json\/wp\/v2\/tags?post=8359"},{"taxonomy":"author","embeddable":true,"href":"https:\/\/eltecolote.org\/content\/wp-json\/wp\/v2\/coauthors?post=8359"}],"curies":[{"name":"wp","href":"https:\/\/api.w.org\/{rel}","templated":true}]}}