{"id":8291,"date":"2011-03-28T09:46:35","date_gmt":"2011-03-28T16:46:35","guid":{"rendered":"http:\/\/eltecolote.org\/content\/?p=8291"},"modified":"2011-03-28T11:35:31","modified_gmt":"2011-03-28T18:35:31","slug":"autor-californiano-habla-sobre-el-condado-de-orange-los-perdedores-y-la-comida-mexicana","status":"publish","type":"post","link":"https:\/\/eltecolote.org\/content\/en\/autor-californiano-habla-sobre-el-condado-de-orange-los-perdedores-y-la-comida-mexicana\/","title":{"rendered":"Autor californiano habla sobre el Condado de Orange, los perdedores y la comida mexicana"},"content":{"rendered":"<figure id=\"attachment_8292\" aria-describedby=\"caption-attachment-8292\" style=\"width: 600px\" class=\"wp-caption aligncenter\"><a rel=\"attachment wp-att-8292\" href=\"https:\/\/eltecolote.org\/content\/2011\/03\/autor-californiano-habla-sobre-el-condado-de-orange-los-perdedores-y-la-comida-mexicana\/img_1426-2\/\"><img data-recalc-dims=\"1\" loading=\"lazy\" decoding=\"async\" class=\"size-large wp-image-8292\" title=\"IMG_1426\" src=\"https:\/\/i0.wp.com\/eltecolote.org\/content\/wp-content\/uploads\/2011\/03\/5536906120_29dffce5d9_o-11.jpg?resize=600%2C450&#038;quality=89&#038;ssl=1\" alt=\"\" width=\"600\" height=\"450\" srcset=\"https:\/\/i0.wp.com\/eltecolote.org\/content\/wp-content\/uploads\/2011\/03\/5536906120_29dffce5d9_o-11.jpg?resize=600%2C450&amp;quality=89&amp;ssl=1 600w, https:\/\/i0.wp.com\/eltecolote.org\/content\/wp-content\/uploads\/2011\/03\/5536906120_29dffce5d9_o-11.jpg?resize=333%2C250&amp;quality=89&amp;ssl=1 333w, https:\/\/i0.wp.com\/eltecolote.org\/content\/wp-content\/uploads\/2011\/03\/5536906120_29dffce5d9_o-11.jpg?w=2000&amp;quality=89&amp;ssl=1 2000w, https:\/\/i0.wp.com\/eltecolote.org\/content\/wp-content\/uploads\/2011\/03\/5536906120_29dffce5d9_o-11.jpg?w=3000&amp;quality=89&amp;ssl=1 3000w\" sizes=\"auto, (max-width: 600px) 100vw, 600px\" \/><\/a><figcaption id=\"caption-attachment-8292\" class=\"wp-caption-text\">Gustavo Arellano en la Librer\u00eda Alexander en San Francisco, habla sobre sus libros \u201c\u00a1Pregunta a un mexicano!\u201d y \u201cCondado de Orange: Una historia personal\u201d reci\u00e9n publicado en edici\u00f3n de cubiertas blandas. Foto John Nu\u00f1o<\/figcaption><\/figure>\n<p>El lunes 7 de marzo, el en\u00e9rgico autor y periodista Gustavo Arellano vol\u00f3 en un viaje corto a San Francisco desde el sur de California. Durante su estad\u00eda, fue capaz de firmar libros en Alexander Book Co, visitar los archivos hist\u00f3ricos de la biblioteca principal, agarrar un burrito en La Taquer\u00eda e incluso sacar tiempo para hablar a El Tecolote sobre qu\u00e9 est\u00e1 haciendo ac\u00e1 en la Misi\u00f3n.<\/p>\n<p>Es mucho lo que tiene que realizar en un corto espacio de tiempo, pero es algo que Arellano \u2014conocido por su columna sindicada nacional: \u201c\u00a1Pregunta a un mexicano!\u201d\u2014 sabe hacer. A sus 32 a\u00f1os, hasta ahora ha escrito dos libros, trabaja como jefe de redacci\u00f3n para el OC Weekly \u2014el peri\u00f3dico alternativo del Condado de Orange\u2014 y ense\u00f1a en la Cal State de Fullerton. Es un autoproclamado loco que no para.<\/p>\n<p>\u201cAunque hago todas esas cosas, todav\u00eda me parto el lomo,\u201d dijo Arellano, \u201cNo paro nunca.\u201d<\/p>\n<p>En 2004 Arellano comenz\u00f3 a escribir \u201c\u00a1Pregunta a un mexicano!\u201d \u2014una columna como \u201cQuerido Abby\u201d, que aparec\u00eda localmente en el SF Weekly\u2014, en la que contesta las preguntas de los lectores que van desde equ\u00edvocos culturales bienintencionados, hasta aquellos que son descaradamente racistas y ofensivos. Pero Arellano trata a todos por igual, usando la inteligencia, la s\u00e1tira y los hechos.<\/p>\n<p>La columna fue un \u00e9xito inmediato, lleg\u00f3 r\u00e1pidamente a ser sindicada a nivel nacional y se convirti\u00f3 en la base de su primer libro, \u201c\u00a1Pregunta a un mexicano!\u201d. Arellano desde entonces ha aparecido como invitado en llos programas de televisi\u00f3n \u201cThe Colbert Report\u201d de Comedy Central y en \u201cHannity\u201d de Fox News.<\/p>\n<p>Aparte de su columna, el periodismo de Arellano cubre el espectro de lo que sucede en su nativo Condado de Orange \u2014con un 34 por ciento de poblaci\u00f3n latina y conocido por sus bonitas playas, sus megaiglesias de vidrio, comunidades planificadas y pol\u00edticos conservadores.<\/p>\n<p>\u201cAlguien me pregunt\u00f3 una vez cu\u00e1l es el meollo de la comunidad como escritor, y dije que la gente para la que escribo son los oprimidos, los desamparados\u201d, declar\u00f3.<\/p>\n<p>Una de las causas de las que Arellano ha sido un gran partidario, es de la ley DREAM \u2014un proyecto de ley que da a los estudiantes universitarios indocumentados y aquellos que sirven en el ej\u00e9rcito de EEUU un estatus legal y una oportunidad de ser ciudadanos. En diciembre del a\u00f1o pasado, sin embargo, no logr\u00f3 obtener los votos necesarios para entrar en el Senado.<\/p>\n<p>\u201cLa ley DREAM es el proyecto de ley m\u00e1s f\u00e1cil de aprobar para los EEUU\u201d, dijo. \u201cNo deber\u00eda ser el \u00fanico. Estoy completamente a favor de la amnist\u00eda y todo eso, pero el hecho de que los Republicanos no quieran otorgar amnist\u00eda a los estudiantes universitarios, simplemente muestra lo consustancialmente racistas que son.\u201d<\/p>\n<p>\u201cQuiero decir que estos estudiantes universitarios son todo los que los ignorantes dicen que no somos. Dicen que no somos estudiantes universitarios. S\u00ed lo somos. Dicen que no queremos aprender ingl\u00e9s. S\u00ed queremos. Dicen que no somos triunfadores. S\u00ed lo somos. Quiero decir que eso es lo que har\u00eda la ley DREAM. Otorgar\u00eda amnist\u00eda a estos estudiantes. Para m\u00ed es algo elemental y las \u00fanicas personas que no votar\u00edan por ello son descerebrados \u2014y eso es el Partido Republicano.<\/p>\n<p>Arellano lo describe tal como lo ve, pero ello no significa que vaya a rehuir informar tambi\u00e9n sobre las malas acciones de los latinos. En una pieza de investigaci\u00f3n reciente inform\u00f3 en un art\u00edculo profundamente inquietante, la mortal negligencia m\u00e9dica llevada a cabo por un ginec\u00f3logo latino, que se ceb\u00f3 en mujeres inmigrantes que no ten\u00edan otro sitio al que acudir.<\/p>\n<p>\u201cHe recibido cr\u00edticas de algunas personas del Condado de Orange, donde tienes pol\u00edticos latinos corruptos\u201d, dijo. \u201cVoy tras ellos. Algunos dicen que no puedes ir contra los tuyos. No. Precisamente por ser latinos y corruptos voy a ir tras ellos, incluso con m\u00e1s motivo porque deber\u00edan ser m\u00e1s listos. Y forman parte de la corrupci\u00f3n o explotan a su propia comunidad. \u00bfC\u00f3mo no puedes ir contra esas personas?\u201d, declar\u00f3.<\/p>\n<p>Son simplemente estos puntos de vista los que conquistan a sus leales seguidores as\u00ed como a sus fervientes detractores, que le dejan emails llenos de odio en su buz\u00f3n \u2014sin embargo \u00e9l ni se inmuta. De hecho, Arellano parece disfrutar abriendo la cortina de Orange para que todos puedan ver. Su segundo libro, \u201cOrange County\u201d: Una historia personal\u201d, que parcialmente es una autobiograf\u00eda, tambi\u00e9n es un estudio que destaca el pasado menos limpio del condado \u2014todo ello relatado con el estilo humor\u00edstico que es el sello de su columna.<\/p>\n<p>\u201cMe encanta el periodismo hist\u00f3rico\u201d, dijo. \u201cMe gustan esos hechos que han sucedido en el pasado (\u2026) que no est\u00e1n en los libros de historia, y cont\u00e1rselos a una audiencia moderna.<\/p>\n<p>Y eso es lo que ha planeado para su pr\u00f3ximo libro \u201cTaco USA: C\u00f3mo la comida mexicana conquist\u00f3 Am\u00e9rica\u201d que ser\u00e1 publicado en mayo de 2012 por Scribner.<\/p>\n<p>Aunque ha escrito extensamente sobre comida para el OC Weeky, escribir un libro sobre comida mexicana no fue originalmente idea suya. Lo sugiri\u00f3 su agente luego de escuchar las descripciones detalladas de Arellano de toda la incre\u00edble comida que comi\u00f3 en Nueva York.<\/p>\n<p>Aunque est\u00e1 contento con el proyecto. Arellano dijo que todav\u00eda ten\u00eda otros intereses diferentes a los mexicanos.<\/p>\n<p>\u201cPero entonces comenc\u00e9 a investigar y me di cuenta que nadie ha hecho jam\u00e1s una historia completa de la comida mexicana en los EEUU, lo que me asombr\u00f3\u201d, dijo.<\/p>\n<p>\u201cEntonces el reportero que hay en m\u00ed pens\u00f3 \u2018Aqu\u00ed hay una historia\u2019. Ve e investiga en todos esos diferentes sitios, todas esas diferentes tendencias y entonces ser\u00e1s capaz de contar una gran historia. Y que ello tenga que ver con la comida fue casi algo fuera del objetivo.\u201d<\/p>\n<p>La investigaci\u00f3n le ha llevado a lo largo y ancho de EEUU donde ha conocido gente y probado muestras de comida mexicana desde el sur de California a sitios inesperados como el estado de Tennessee. No recomienda una dieta, aunque dijo que se est\u00e1 divirtiendo mucho haci\u00e9ndolo.<\/p>\n<p>Adem\u00e1s de promocionar la aparici\u00f3n de la edici\u00f3n de bolsillo de \u201dOrange County\u201d de Scribner en el \u00c1rea de la Bah\u00eda, Arellano est\u00e1 tambi\u00e9n investigando el famoso burrito estilo la Misi\u00f3n para su nuevo libro. Buscando en los \u00edndices del San Francisco Chronicle, se dio cuenta que hay poca documentaci\u00f3n seria sobre la comida mexicana. Esta falta de datos hist\u00f3ricos, dijo, le motiva.<\/p>\n<p>\u201cAunque el burrito estilo la Misi\u00f3n es un \u00edcono, no tiene el atractivo de Chinatown o el estilo hip-ness de la gastronom\u00eda de un restaurante molecular\u201d, dijo. \u201cLa parte triste es que la gente simplemente dice, \u2018Oh, s\u00f3lo es comida mexicana\u2019. \u00bfA qui\u00e9n le importa la comida mexicana? Lo que es una gran verg\u00fcenza por la cantidad de historia involucrada en ella.\u201d<\/p>\n<p>Arellano, que ha visitado el \u00c1rea de la Bah\u00eda en el pasado y cuya taquer\u00eda favorita en la Misi\u00f3n es El Castillo, dijo que har\u00e1 m\u00e1s viajes para \u201cTaco USA\u201d.<\/p>\n<p>Arellano entrevist\u00f3 a Steve Ells, el fundador de Chipotle Mexican Grill, que admite que su popular cadena de restaurantes se basa en el burrito estilo la Misi\u00f3n. Pero cuando se le pregunt\u00f3 qu\u00e9 restaurante era su modelo, Ells declin\u00f3 contestar.<\/p>\n<p>\u00bfQu\u00e9 restaurante es? No s\u00e9 sabe, pero uno tiene que asumir que lo encontrar\u00e1, porque Gustavo Arellano tiene una misi\u00f3n en la Misi\u00f3n para descubrirlo.<\/p>\n<p>\u2014Traducci\u00f3n Emilio Ram\u00f3n<\/p>\n","protected":false},"excerpt":{"rendered":"<p>El lunes 7 de marzo, el en\u00e9rgico autor y periodista Gustavo Arellano vol\u00f3 en un viaje corto a San Francisco desde el sur de California. Durante su estad\u00eda, fue capaz de firmar libros en Alexander Book Co, visitar los archivos hist\u00f3ricos de la biblioteca principal, agarrar un burrito en La Taquer\u00eda e incluso sacar tiempo [&hellip;]<\/p>\n","protected":false},"author":8,"featured_media":0,"comment_status":"open","ping_status":"open","sticky":false,"template":"","format":"standard","meta":{"newspack_popups_has_disabled_popups":false,"newspack_featured_image_position":"","newspack_post_subtitle":"","newspack_article_summary_title":"Overview:","newspack_article_summary":"","newspack_hide_updated_date":false,"newspack_show_updated_date":false,"footnotes":""},"categories":[7],"tags":[961,966,967,965,968],"coauthors":[],"class_list":["post-8291","post","type-post","status-publish","format-standard","hentry","category-news","tag-gustavo-arellano","tag-la-ley-dream","tag-orange-county-una-historia-personal","tag-pregunta-a-un-mexicano","tag-taco-usa-como-la-comida-mexicana-conquisto-america","entry"],"yoast_head":"<!-- This site is optimized with the Yoast SEO plugin v27.4 - https:\/\/yoast.com\/product\/yoast-seo-wordpress\/ -->\n<title>Autor californiano habla sobre el Condado de Orange, los perdedores y la comida mexicana - El Tecolote<\/title>\n<meta name=\"description\" content=\"El lunes 7 de marzo, el en\u00e9rgico autor y periodista Gustavo Arellano vol\u00f3 en un viaje corto a San Francisco desde el sur de California. Durante su\" \/>\n<meta name=\"robots\" content=\"index, follow, max-snippet:-1, max-image-preview:large, max-video-preview:-1\" \/>\n<link rel=\"canonical\" href=\"https:\/\/eltecolote.org\/content\/en\/autor-californiano-habla-sobre-el-condado-de-orange-los-perdedores-y-la-comida-mexicana\/\" \/>\n<meta property=\"og:locale\" content=\"en_US\" \/>\n<meta property=\"og:type\" content=\"article\" \/>\n<meta property=\"og:title\" content=\"Autor californiano habla sobre el Condado de Orange, los perdedores y la comida mexicana - El Tecolote\" \/>\n<meta property=\"og:description\" content=\"El lunes 7 de marzo, el en\u00e9rgico autor y periodista Gustavo Arellano vol\u00f3 en un viaje corto a San Francisco desde el sur de California. Durante su\" \/>\n<meta property=\"og:url\" content=\"https:\/\/eltecolote.org\/content\/en\/autor-californiano-habla-sobre-el-condado-de-orange-los-perdedores-y-la-comida-mexicana\/\" \/>\n<meta property=\"og:site_name\" content=\"El Tecolote\" \/>\n<meta property=\"article:publisher\" content=\"https:\/\/www.facebook.com\/ElTecoloteSF\/\" \/>\n<meta property=\"article:published_time\" content=\"2011-03-28T16:46:35+00:00\" \/>\n<meta property=\"article:modified_time\" content=\"2011-03-28T18:35:31+00:00\" \/>\n<meta property=\"og:image\" content=\"http:\/\/eltecolote.org\/content\/wp-content\/uploads\/2011\/03\/5536906120_29dffce5d9_o-11-600x450.jpg\" \/>\n<meta name=\"author\" content=\"inaki\" \/>\n<meta name=\"twitter:card\" content=\"summary_large_image\" \/>\n<meta name=\"twitter:creator\" content=\"@eltecolotesf\" \/>\n<meta name=\"twitter:site\" content=\"@eltecolotesf\" \/>\n<meta name=\"twitter:label1\" content=\"Written by\" \/>\n\t<meta name=\"twitter:data1\" content=\"inaki\" \/>\n\t<meta name=\"twitter:label2\" content=\"Est. reading time\" \/>\n\t<meta name=\"twitter:data2\" content=\"7 minutes\" \/>\n<script type=\"application\/ld+json\" class=\"yoast-schema-graph\">{\"@context\":\"https:\\\/\\\/schema.org\",\"@graph\":[{\"@type\":\"NewsArticle\",\"@id\":\"https:\\\/\\\/eltecolote.org\\\/content\\\/en\\\/autor-californiano-habla-sobre-el-condado-de-orange-los-perdedores-y-la-comida-mexicana\\\/#article\",\"isPartOf\":{\"@id\":\"https:\\\/\\\/eltecolote.org\\\/content\\\/en\\\/autor-californiano-habla-sobre-el-condado-de-orange-los-perdedores-y-la-comida-mexicana\\\/\"},\"author\":{\"name\":\"inaki\",\"@id\":\"https:\\\/\\\/eltecolote.org\\\/content\\\/#\\\/schema\\\/person\\\/3d16dd415f4762c1919d5f48fb96be68\"},\"headline\":\"Autor californiano habla sobre el Condado de Orange, los perdedores y la comida mexicana\",\"datePublished\":\"2011-03-28T16:46:35+00:00\",\"dateModified\":\"2011-03-28T18:35:31+00:00\",\"mainEntityOfPage\":{\"@id\":\"https:\\\/\\\/eltecolote.org\\\/content\\\/en\\\/autor-californiano-habla-sobre-el-condado-de-orange-los-perdedores-y-la-comida-mexicana\\\/\"},\"wordCount\":1357,\"commentCount\":0,\"publisher\":{\"@id\":\"https:\\\/\\\/eltecolote.org\\\/content\\\/#organization\"},\"image\":{\"@id\":\"https:\\\/\\\/eltecolote.org\\\/content\\\/en\\\/autor-californiano-habla-sobre-el-condado-de-orange-los-perdedores-y-la-comida-mexicana\\\/#primaryimage\"},\"thumbnailUrl\":\"http:\\\/\\\/eltecolote.org\\\/content\\\/wp-content\\\/uploads\\\/2011\\\/03\\\/5536906120_29dffce5d9_o-11-600x450.jpg\",\"keywords\":[\"Gustavo Arellano\",\"la ley DREAM\",\"Orange County\u201d: Una historia personal\",\"Pregunta a un mexicano\",\"Taco USA: C\u00f3mo la comida mexicana conquist\u00f3 Am\u00e9rica\"],\"articleSection\":[\"News\"],\"inLanguage\":\"en\",\"potentialAction\":[{\"@type\":\"CommentAction\",\"name\":\"Comment\",\"target\":[\"https:\\\/\\\/eltecolote.org\\\/content\\\/en\\\/autor-californiano-habla-sobre-el-condado-de-orange-los-perdedores-y-la-comida-mexicana\\\/#respond\"]}]},{\"@type\":\"WebPage\",\"@id\":\"https:\\\/\\\/eltecolote.org\\\/content\\\/en\\\/autor-californiano-habla-sobre-el-condado-de-orange-los-perdedores-y-la-comida-mexicana\\\/\",\"url\":\"https:\\\/\\\/eltecolote.org\\\/content\\\/en\\\/autor-californiano-habla-sobre-el-condado-de-orange-los-perdedores-y-la-comida-mexicana\\\/\",\"name\":\"Autor californiano habla sobre el Condado de Orange, los perdedores y la comida mexicana - El Tecolote\",\"isPartOf\":{\"@id\":\"https:\\\/\\\/eltecolote.org\\\/content\\\/#website\"},\"primaryImageOfPage\":{\"@id\":\"https:\\\/\\\/eltecolote.org\\\/content\\\/en\\\/autor-californiano-habla-sobre-el-condado-de-orange-los-perdedores-y-la-comida-mexicana\\\/#primaryimage\"},\"image\":{\"@id\":\"https:\\\/\\\/eltecolote.org\\\/content\\\/en\\\/autor-californiano-habla-sobre-el-condado-de-orange-los-perdedores-y-la-comida-mexicana\\\/#primaryimage\"},\"thumbnailUrl\":\"http:\\\/\\\/eltecolote.org\\\/content\\\/wp-content\\\/uploads\\\/2011\\\/03\\\/5536906120_29dffce5d9_o-11-600x450.jpg\",\"datePublished\":\"2011-03-28T16:46:35+00:00\",\"dateModified\":\"2011-03-28T18:35:31+00:00\",\"description\":\"El lunes 7 de marzo, el en\u00e9rgico autor y periodista Gustavo Arellano vol\u00f3 en un viaje corto a San Francisco desde el sur de California. Durante su\",\"inLanguage\":\"en\",\"potentialAction\":[{\"@type\":\"ReadAction\",\"target\":[\"https:\\\/\\\/eltecolote.org\\\/content\\\/en\\\/autor-californiano-habla-sobre-el-condado-de-orange-los-perdedores-y-la-comida-mexicana\\\/\"]}]},{\"@type\":\"ImageObject\",\"inLanguage\":\"en\",\"@id\":\"https:\\\/\\\/eltecolote.org\\\/content\\\/en\\\/autor-californiano-habla-sobre-el-condado-de-orange-los-perdedores-y-la-comida-mexicana\\\/#primaryimage\",\"url\":\"http:\\\/\\\/eltecolote.org\\\/content\\\/wp-content\\\/uploads\\\/2011\\\/03\\\/5536906120_29dffce5d9_o-11-600x450.jpg\",\"contentUrl\":\"http:\\\/\\\/eltecolote.org\\\/content\\\/wp-content\\\/uploads\\\/2011\\\/03\\\/5536906120_29dffce5d9_o-11-600x450.jpg\"},{\"@type\":\"WebSite\",\"@id\":\"https:\\\/\\\/eltecolote.org\\\/content\\\/#website\",\"url\":\"https:\\\/\\\/eltecolote.org\\\/content\\\/\",\"name\":\"El Tecolote\",\"description\":\"San Francisco's Latinx newspaper since 1970\",\"publisher\":{\"@id\":\"https:\\\/\\\/eltecolote.org\\\/content\\\/#organization\"},\"potentialAction\":[{\"@type\":\"SearchAction\",\"target\":{\"@type\":\"EntryPoint\",\"urlTemplate\":\"https:\\\/\\\/eltecolote.org\\\/content\\\/?s={search_term_string}\"},\"query-input\":{\"@type\":\"PropertyValueSpecification\",\"valueRequired\":true,\"valueName\":\"search_term_string\"}}],\"inLanguage\":\"en\"},{\"@type\":\"Organization\",\"@id\":\"https:\\\/\\\/eltecolote.org\\\/content\\\/#organization\",\"name\":\"El Tecolote\",\"url\":\"https:\\\/\\\/eltecolote.org\\\/content\\\/\",\"logo\":{\"@type\":\"ImageObject\",\"inLanguage\":\"en\",\"@id\":\"https:\\\/\\\/eltecolote.org\\\/content\\\/#\\\/schema\\\/logo\\\/image\\\/\",\"url\":\"https:\\\/\\\/i0.wp.com\\\/eltecolote.org\\\/content\\\/wp-content\\\/uploads\\\/2021\\\/05\\\/ETlogo-1.jpg?fit=400%2C400&ssl=1\",\"contentUrl\":\"https:\\\/\\\/i0.wp.com\\\/eltecolote.org\\\/content\\\/wp-content\\\/uploads\\\/2021\\\/05\\\/ETlogo-1.jpg?fit=400%2C400&ssl=1\",\"width\":400,\"height\":400,\"caption\":\"El Tecolote\"},\"image\":{\"@id\":\"https:\\\/\\\/eltecolote.org\\\/content\\\/#\\\/schema\\\/logo\\\/image\\\/\"},\"sameAs\":[\"https:\\\/\\\/www.facebook.com\\\/ElTecoloteSF\\\/\",\"https:\\\/\\\/x.com\\\/eltecolotesf\",\"https:\\\/\\\/www.instagram.com\\\/eltecolotesf\\\/\"]},{\"@type\":\"Person\",\"@id\":\"https:\\\/\\\/eltecolote.org\\\/content\\\/#\\\/schema\\\/person\\\/3d16dd415f4762c1919d5f48fb96be68\",\"name\":\"inaki\",\"image\":{\"@type\":\"ImageObject\",\"inLanguage\":\"en\",\"@id\":\"https:\\\/\\\/secure.gravatar.com\\\/avatar\\\/ab6ead0932ded5b2446f1718461a6be0d4ec8d3cc15301536fd1add812db4cfd?s=96&d=mm&r=g63853c5492f171feb7b16142e206d3ec\",\"url\":\"https:\\\/\\\/secure.gravatar.com\\\/avatar\\\/ab6ead0932ded5b2446f1718461a6be0d4ec8d3cc15301536fd1add812db4cfd?s=96&d=mm&r=g\",\"contentUrl\":\"https:\\\/\\\/secure.gravatar.com\\\/avatar\\\/ab6ead0932ded5b2446f1718461a6be0d4ec8d3cc15301536fd1add812db4cfd?s=96&d=mm&r=g\",\"caption\":\"inaki\"},\"url\":\"https:\\\/\\\/eltecolote.org\\\/content\\\/author\\\/inaki\\\/\"}]}<\/script>\n<!-- \/ Yoast SEO plugin. -->","yoast_head_json":{"title":"Autor californiano habla sobre el Condado de Orange, los perdedores y la comida mexicana - El Tecolote","description":"El lunes 7 de marzo, el en\u00e9rgico autor y periodista Gustavo Arellano vol\u00f3 en un viaje corto a San Francisco desde el sur de California. Durante su","robots":{"index":"index","follow":"follow","max-snippet":"max-snippet:-1","max-image-preview":"max-image-preview:large","max-video-preview":"max-video-preview:-1"},"canonical":"https:\/\/eltecolote.org\/content\/en\/autor-californiano-habla-sobre-el-condado-de-orange-los-perdedores-y-la-comida-mexicana\/","og_locale":"en_US","og_type":"article","og_title":"Autor californiano habla sobre el Condado de Orange, los perdedores y la comida mexicana - El Tecolote","og_description":"El lunes 7 de marzo, el en\u00e9rgico autor y periodista Gustavo Arellano vol\u00f3 en un viaje corto a San Francisco desde el sur de California. Durante su","og_url":"https:\/\/eltecolote.org\/content\/en\/autor-californiano-habla-sobre-el-condado-de-orange-los-perdedores-y-la-comida-mexicana\/","og_site_name":"El Tecolote","article_publisher":"https:\/\/www.facebook.com\/ElTecoloteSF\/","article_published_time":"2011-03-28T16:46:35+00:00","article_modified_time":"2011-03-28T18:35:31+00:00","og_image":[{"url":"http:\/\/eltecolote.org\/content\/wp-content\/uploads\/2011\/03\/5536906120_29dffce5d9_o-11-600x450.jpg","type":"","width":"","height":""}],"author":"inaki","twitter_card":"summary_large_image","twitter_creator":"@eltecolotesf","twitter_site":"@eltecolotesf","twitter_misc":{"Written by":"inaki","Est. reading time":"7 minutes"},"schema":{"@context":"https:\/\/schema.org","@graph":[{"@type":"NewsArticle","@id":"https:\/\/eltecolote.org\/content\/en\/autor-californiano-habla-sobre-el-condado-de-orange-los-perdedores-y-la-comida-mexicana\/#article","isPartOf":{"@id":"https:\/\/eltecolote.org\/content\/en\/autor-californiano-habla-sobre-el-condado-de-orange-los-perdedores-y-la-comida-mexicana\/"},"author":{"name":"inaki","@id":"https:\/\/eltecolote.org\/content\/#\/schema\/person\/3d16dd415f4762c1919d5f48fb96be68"},"headline":"Autor californiano habla sobre el Condado de Orange, los perdedores y la comida mexicana","datePublished":"2011-03-28T16:46:35+00:00","dateModified":"2011-03-28T18:35:31+00:00","mainEntityOfPage":{"@id":"https:\/\/eltecolote.org\/content\/en\/autor-californiano-habla-sobre-el-condado-de-orange-los-perdedores-y-la-comida-mexicana\/"},"wordCount":1357,"commentCount":0,"publisher":{"@id":"https:\/\/eltecolote.org\/content\/#organization"},"image":{"@id":"https:\/\/eltecolote.org\/content\/en\/autor-californiano-habla-sobre-el-condado-de-orange-los-perdedores-y-la-comida-mexicana\/#primaryimage"},"thumbnailUrl":"http:\/\/eltecolote.org\/content\/wp-content\/uploads\/2011\/03\/5536906120_29dffce5d9_o-11-600x450.jpg","keywords":["Gustavo Arellano","la ley DREAM","Orange County\u201d: Una historia personal","Pregunta a un mexicano","Taco USA: C\u00f3mo la comida mexicana conquist\u00f3 Am\u00e9rica"],"articleSection":["News"],"inLanguage":"en","potentialAction":[{"@type":"CommentAction","name":"Comment","target":["https:\/\/eltecolote.org\/content\/en\/autor-californiano-habla-sobre-el-condado-de-orange-los-perdedores-y-la-comida-mexicana\/#respond"]}]},{"@type":"WebPage","@id":"https:\/\/eltecolote.org\/content\/en\/autor-californiano-habla-sobre-el-condado-de-orange-los-perdedores-y-la-comida-mexicana\/","url":"https:\/\/eltecolote.org\/content\/en\/autor-californiano-habla-sobre-el-condado-de-orange-los-perdedores-y-la-comida-mexicana\/","name":"Autor californiano habla sobre el Condado de Orange, los perdedores y la comida mexicana - El Tecolote","isPartOf":{"@id":"https:\/\/eltecolote.org\/content\/#website"},"primaryImageOfPage":{"@id":"https:\/\/eltecolote.org\/content\/en\/autor-californiano-habla-sobre-el-condado-de-orange-los-perdedores-y-la-comida-mexicana\/#primaryimage"},"image":{"@id":"https:\/\/eltecolote.org\/content\/en\/autor-californiano-habla-sobre-el-condado-de-orange-los-perdedores-y-la-comida-mexicana\/#primaryimage"},"thumbnailUrl":"http:\/\/eltecolote.org\/content\/wp-content\/uploads\/2011\/03\/5536906120_29dffce5d9_o-11-600x450.jpg","datePublished":"2011-03-28T16:46:35+00:00","dateModified":"2011-03-28T18:35:31+00:00","description":"El lunes 7 de marzo, el en\u00e9rgico autor y periodista Gustavo Arellano vol\u00f3 en un viaje corto a San Francisco desde el sur de California. Durante su","inLanguage":"en","potentialAction":[{"@type":"ReadAction","target":["https:\/\/eltecolote.org\/content\/en\/autor-californiano-habla-sobre-el-condado-de-orange-los-perdedores-y-la-comida-mexicana\/"]}]},{"@type":"ImageObject","inLanguage":"en","@id":"https:\/\/eltecolote.org\/content\/en\/autor-californiano-habla-sobre-el-condado-de-orange-los-perdedores-y-la-comida-mexicana\/#primaryimage","url":"http:\/\/eltecolote.org\/content\/wp-content\/uploads\/2011\/03\/5536906120_29dffce5d9_o-11-600x450.jpg","contentUrl":"http:\/\/eltecolote.org\/content\/wp-content\/uploads\/2011\/03\/5536906120_29dffce5d9_o-11-600x450.jpg"},{"@type":"WebSite","@id":"https:\/\/eltecolote.org\/content\/#website","url":"https:\/\/eltecolote.org\/content\/","name":"El Tecolote","description":"San Francisco's Latinx newspaper since 1970","publisher":{"@id":"https:\/\/eltecolote.org\/content\/#organization"},"potentialAction":[{"@type":"SearchAction","target":{"@type":"EntryPoint","urlTemplate":"https:\/\/eltecolote.org\/content\/?s={search_term_string}"},"query-input":{"@type":"PropertyValueSpecification","valueRequired":true,"valueName":"search_term_string"}}],"inLanguage":"en"},{"@type":"Organization","@id":"https:\/\/eltecolote.org\/content\/#organization","name":"El Tecolote","url":"https:\/\/eltecolote.org\/content\/","logo":{"@type":"ImageObject","inLanguage":"en","@id":"https:\/\/eltecolote.org\/content\/#\/schema\/logo\/image\/","url":"https:\/\/i0.wp.com\/eltecolote.org\/content\/wp-content\/uploads\/2021\/05\/ETlogo-1.jpg?fit=400%2C400&ssl=1","contentUrl":"https:\/\/i0.wp.com\/eltecolote.org\/content\/wp-content\/uploads\/2021\/05\/ETlogo-1.jpg?fit=400%2C400&ssl=1","width":400,"height":400,"caption":"El Tecolote"},"image":{"@id":"https:\/\/eltecolote.org\/content\/#\/schema\/logo\/image\/"},"sameAs":["https:\/\/www.facebook.com\/ElTecoloteSF\/","https:\/\/x.com\/eltecolotesf","https:\/\/www.instagram.com\/eltecolotesf\/"]},{"@type":"Person","@id":"https:\/\/eltecolote.org\/content\/#\/schema\/person\/3d16dd415f4762c1919d5f48fb96be68","name":"inaki","image":{"@type":"ImageObject","inLanguage":"en","@id":"https:\/\/secure.gravatar.com\/avatar\/ab6ead0932ded5b2446f1718461a6be0d4ec8d3cc15301536fd1add812db4cfd?s=96&d=mm&r=g63853c5492f171feb7b16142e206d3ec","url":"https:\/\/secure.gravatar.com\/avatar\/ab6ead0932ded5b2446f1718461a6be0d4ec8d3cc15301536fd1add812db4cfd?s=96&d=mm&r=g","contentUrl":"https:\/\/secure.gravatar.com\/avatar\/ab6ead0932ded5b2446f1718461a6be0d4ec8d3cc15301536fd1add812db4cfd?s=96&d=mm&r=g","caption":"inaki"},"url":"https:\/\/eltecolote.org\/content\/author\/inaki\/"}]}},"distributor_meta":false,"distributor_terms":false,"distributor_media":false,"distributor_original_site_name":"El Tecolote","distributor_original_site_url":"https:\/\/eltecolote.org\/content","push-errors":false,"_links":{"self":[{"href":"https:\/\/eltecolote.org\/content\/wp-json\/wp\/v2\/posts\/8291","targetHints":{"allow":["GET"]}}],"collection":[{"href":"https:\/\/eltecolote.org\/content\/wp-json\/wp\/v2\/posts"}],"about":[{"href":"https:\/\/eltecolote.org\/content\/wp-json\/wp\/v2\/types\/post"}],"author":[{"embeddable":true,"href":"https:\/\/eltecolote.org\/content\/wp-json\/wp\/v2\/users\/8"}],"replies":[{"embeddable":true,"href":"https:\/\/eltecolote.org\/content\/wp-json\/wp\/v2\/comments?post=8291"}],"version-history":[{"count":15,"href":"https:\/\/eltecolote.org\/content\/wp-json\/wp\/v2\/posts\/8291\/revisions"}],"predecessor-version":[{"id":8365,"href":"https:\/\/eltecolote.org\/content\/wp-json\/wp\/v2\/posts\/8291\/revisions\/8365"}],"wp:attachment":[{"href":"https:\/\/eltecolote.org\/content\/wp-json\/wp\/v2\/media?parent=8291"}],"wp:term":[{"taxonomy":"category","embeddable":true,"href":"https:\/\/eltecolote.org\/content\/wp-json\/wp\/v2\/categories?post=8291"},{"taxonomy":"post_tag","embeddable":true,"href":"https:\/\/eltecolote.org\/content\/wp-json\/wp\/v2\/tags?post=8291"},{"taxonomy":"author","embeddable":true,"href":"https:\/\/eltecolote.org\/content\/wp-json\/wp\/v2\/coauthors?post=8291"}],"curies":[{"name":"wp","href":"https:\/\/api.w.org\/{rel}","templated":true}]}}