{"id":72216,"date":"2026-08-12T13:02:08","date_gmt":"2026-08-12T20:02:08","guid":{"rendered":"https:\/\/eltecolote.org\/content\/?p=72216"},"modified":"2026-08-12T13:03:13","modified_gmt":"2026-08-12T20:03:13","slug":"monitor-migratorio-julio-2026","status":"publish","type":"post","link":"https:\/\/eltecolote.org\/content\/es\/monitor-migratorio-julio-2026\/","title":{"rendered":"Monitor migratorio: informaci\u00f3n clave y nuevas normativas de julio de 2026"},"content":{"rendered":"\n<p>El contexto migratorio en los EEUU sigue caracterizado por una profunda reestructuraci\u00f3n y recrudecimiento de las directrices del gobierno federal. A escala nacional, las nuevas disposiciones \u2014que van desde la estricta aplicaci\u00f3n de la regla de carga p\u00fablica hasta las exigencias de legisladores y defensores de derechos de las personas migrantes para auditar e investigar el uso de la fuerza por parte del ICE y garantizar la rendici\u00f3n de cuentas\u2014 perfilan un panorama de creciente incertidumbre para las familias migrantes.<\/p>\n\n\n\n<p>Al mismo tiempo, a nivel estatal, la resistencia institucional para hacer valer el estatus santuario de California se intensifica frente a la presi\u00f3n financiera y la retenci\u00f3n de fondos federales destinados a la gesti\u00f3n de emergencias.<\/p>\n\n\n\n<p>En el \u00e1mbito local, decisiones tambi\u00e9n de car\u00e1cter financiero afectan de manera directa la red de protecci\u00f3n comunitaria en el \u00c1rea de la Bah\u00eda y sus alrededores.&nbsp;<\/p>\n\n\n\n<p>Con el fin de entender los constantes cambios en las normativas migratorias y su impacto en las comunidades de California y el \u00c1rea de la Bah\u00eda, <em>El Tecolote<\/em> mantiene un seguimiento continuo mes a mes. Para consultar nuestra cobertura de junio, consulte <a href=\"https:\/\/eltecolote.org\/content\/es\/monitor-migratorio-mayo-junio\/\" data-type=\"link\" data-id=\"https:\/\/eltecolote.org\/content\/es\/monitor-migratorio-mayo-junio\/\">este enlace<\/a>.<\/p>\n\n\n\n<hr class=\"wp-block-separator has-alpha-channel-opacity is-style-wide\"\/>\n\n\n\n<p><em>Si observa la presencia de ICE en el \u00c1rea de la Bah\u00eda, comun\u00edquese a la <strong>Red de Respuesta R\u00e1pida al (415) 200-1548.<\/strong> Guarde este n\u00famero en sus contactos y comp\u00e1rtalo con sus conocidos. Verificar cada informaci\u00f3n antes de difundirla es esencial para evitar el caos y mantener a nuestra comunidad informada de manera segura.<\/em><\/p>\n\n\n\n<hr class=\"wp-block-separator has-alpha-channel-opacity is-style-wide\"\/>\n\n\n\n<h2 class=\"wp-block-heading\"><strong>Noticias nacionales<\/strong><\/h2>\n\n\n\n<p><strong>Se autoriza temporalmente extender muro fronterizo en Texas&nbsp;<\/strong><\/p>\n\n\n\n<p>El juez federal Reggie B. Walton, autoriz\u00f3 temporalmente al Departamento de Seguridad Nacional (DHS, por sus siglas en ingl\u00e9s) a avanzar con la construcci\u00f3n del muro fronterizo a trav\u00e9s del sistema de diques de protecci\u00f3n en Presidio, Texas. Esta decisi\u00f3n rechaza la solicitud de un distrito de desarrollo local que buscaba frenar el proyecto bajo argumento del riesgo a posibles inundaciones repentinas y catastr\u00f3ficas en la zona.<\/p>\n\n\n\n<p>El DHS ha seguido su plan de construcci\u00f3n del muro, mientras que funcionarios del gobierno federal han afirmado que una primera capa de la estructura estar\u00e1 lista para el pr\u00f3ximo a\u00f1o. Como parte de ese proyecto, el departamento ha eximido del cumplimiento a numerosas regulaciones dise\u00f1adas para proteger el medio ambiente, la vida silvestre, y sitios arqueol\u00f3gicos y de pueblos ind\u00edgenas.<\/p>\n\n\n\n<p>Por su parte, abogados del distrito de desarrollo de Presidio argumentan que los planes podr\u00edan comprometer el sistema de diques que protege al pueblo de inundaciones repentinas y culpan al gobierno de hacer caso omiso de una ley que exige solicitar permiso al Cuerpo de Ingenieros del Ej\u00e9rcito antes de construir sobre o cerca de los diques.<\/p>\n\n\n\n<p><em>\u00daltima actualizaci\u00f3n: 2 de agosto de 2026.<\/em><\/p>\n\n\n\n<hr class=\"wp-block-separator has-alpha-channel-opacity is-style-default\"\/>\n\n\n\n<p><strong>Tribunal federal de apelaciones restablece el el derecho a quedar en libertad bajo fianza a personas migrantes detenidas dentro de los EEUU<\/strong><\/p>\n\n\n\n<p>Un fallo judicial determin\u00f3 este jueves que el gobierno de Donald Trump no puede negar el derecho a audiencias de libertad bajo fianza a personas migrantes indocumentadas detenidas, declarando que la interpretaci\u00f3n del Departamento de Seguridad Nacional (DHS, por sus siglas en ingl\u00e9s) viola la ley migratoria y el debido proceso.&nbsp;<\/p>\n\n\n\n<p>La decisi\u00f3n 2-1 del Tribunal Federal de Apelaciones del 9\u00ba Circuito, con sede en San Francisco concluy\u00f3 que la administraci\u00f3n no puede someter de manera generalizada a detenci\u00f3n obligatoria sin fianza a personas sin antecedentes penales que ya resid\u00edan en el pa\u00eds, lo que obliga a reabrir la oportunidad para que miles de detenidos soliciten su liberaci\u00f3n mientras contin\u00faan sus procesos.<\/p>\n\n\n\n<p><em>\u00daltima actualizaci\u00f3n: 30 de julio de 2026.<\/em><\/p>\n\n\n\n<hr class=\"wp-block-separator has-alpha-channel-opacity\"\/>\n\n\n\n<p><strong>Expira el TPS dejando a miles de personas migrantes en un limbo legal<\/strong><\/p>\n\n\n\n<p>El Estatus de Protecci\u00f3n Temporal (TPS, por sus siglas en ingl\u00e9s) para personas procedentes de Hait\u00ed expir\u00f3 este 27 de julio de 2026, lo que deja a m\u00e1s de 330 mil migrantes en riesgo de deportaci\u00f3n.<\/p>\n\n\n\n<p>El Servicio de Ciudadan\u00eda e Inmigraci\u00f3n de los EEUU (USCIS, por sus siglas en ingl\u00e9s) otorg\u00f3 el TPS para personas haitianas en 2010 despu\u00e9s de que el pa\u00eds fuera azotado por un terremoto de magnitud 7.0, que dej\u00f3 a m\u00e1s de 300 mil personas fallecidas, seg\u00fan las Naciones Unidas.<\/p>\n\n\n\n<p>Seg\u00fan la <a href=\"https:\/\/www.youtube.com\/watch?v=LSZ2lN40kvM&amp;t=1s\">Haitian Bridge Alliance<\/a>, actualmente existen 2 proyectos de ley que podr\u00edan proteger a los beneficiarios del TPS para Hait\u00ed, pero&nbsp; no han sido aprobados ni por la C\u00e1mara de Representantes ni el Senado, el Proyecto de ley S. 4814 y el <a href=\"https:\/\/sylviagarcia.house.gov\/media\/press-releases\/congresswoman-sylvia-garcia-launches-discharge-petition-to-force-vote-on-american-dream-and-promise-act\">Dream and Promise Act<\/a>.<\/p>\n\n\n\n<p>Las personas beneficiarias del TPS de origen haitiano podr\u00edan explorar otros procesos migratorios, como la solicitud de asilo (si cumplen los requisitos) o la petici\u00f3n familiar.<\/p>\n\n\n\n<p><em>\u00daltima actualizaci\u00f3n: 28 de julio de 2026.<\/em><\/p>\n\n\n\n<hr class=\"wp-block-separator has-alpha-channel-opacity\"\/>\n\n\n\n<p><strong>El USCIS emite nueva disposici\u00f3n para reducir rezago en solicitudes de asilo<\/strong><\/p>\n\n\n\n<p>El USCIS anunci\u00f3 una regla final provisional para reducir el acumulado de m\u00e1s de 1.4 millones de casos de asilo afirmativo, eliminando el requisito de una entrevista previa con un oficial de asilo antes de remitir ciertas solicitudes directamente a los Tribunales de Inmigraci\u00f3n (EOIR, tambi\u00e9n por sus siglas en ingl\u00e9s).&nbsp;<\/p>\n\n\n\n<p>Seg\u00fan comunicado de la agencia, la medida busca agilizar las resoluciones y evitar el uso indebido del sistema para obtener permisos de trabajo; sin embargo, organizaciones defensoras de derechos de las personas migrantes advierten que esto vulnera el debido proceso al enviarlas a las personas solicitantes directamente a procesos de deportaci\u00f3n en tribunales judiciales sin una evaluaci\u00f3n administrativa previa.<\/p>\n\n\n\n<p><em>\u00daltima actualizaci\u00f3n: 27 de julio de 2026.<\/em><\/p>\n\n\n\n<hr class=\"wp-block-separator has-alpha-channel-opacity\"\/>\n\n\n\n<p><strong>Militares veteranos al reemplazo de camioneros migrantes que perdieron sus licencias en redadas<\/strong><\/p>\n\n\n\n<p>El gobierno de Trump lanz\u00f3 la campa\u00f1a Transportistas de la libertad (Freedom Haulers) para incentivar a militares veteranos a incorporarse al sector del transporte de carga, buscando cubrir la escasez de mano de obra surgida tras la revocaci\u00f3n de licencias comerciales a decenas de miles de camioneros migrantes a ra\u00edz de operativos de redadas recientes.&nbsp;<\/p>\n\n\n\n<p>Apoy\u00e1ndose en incentivos como la exenci\u00f3n de pruebas para quienes condujeron veh\u00edculos militares, el pago de capacitaci\u00f3n mediante la Ley GI y subsidios de vivienda, la iniciativa promueve reemplazar a conductores extranjeros en medio del endurecimiento de las regulaciones sobre el <a href=\"https:\/\/apnews.com\/article\/camionesros-examen-ingles-eeuu-careteras-38c123d7723c6993a60d4613c3ab36d3\">dominio del ingl\u00e9s<\/a> y el estatus migratorio para licencias comerciales. Unos 26 mil conductores han sido retirados de las carreteras por no demostrar dominio del idioma.<\/p>\n\n\n\n<p>Las \u00fanicas personas conductoras migrantes que pueden obtener una licencia bajo las nuevas normas son las titulares de una visa H-2A, H-2A o E-2. La H-2A es para personas trabajadoras agr\u00edcolas temporales, mientras que la H-2B es para quienes trabajan temporalmente en el pa\u00eds en sectores no agr\u00edcolas, y la E-2 es para quienes que realizan inversiones sustanciales en un negocio en los EEUU.<\/p>\n\n\n\n<p><em>\u00daltima actualizaci\u00f3n: 24 de julio de 2026.<\/em><\/p>\n\n\n\n<hr class=\"wp-block-separator has-alpha-channel-opacity\"\/>\n\n\n\n<p><strong>Dem\u00f3cratas presionan al ICE sobre uso de la fuerza; solo un agente remitido para sanciones<\/strong><\/p>\n\n\n\n<p>Legisladores dem\u00f3cratas en el Congreso intensificaron la presi\u00f3n sobre el Servicio de Inmigraci\u00f3n y Control de Aduanas (ICE, por sus siglas en ingl\u00e9s) por sus pol\u00edticas sobre el uso de la fuerza durante las operaciones de control, revelando que, tras 56 denuncias de fuerza excesiva contra agentes de la instituci\u00f3n, 32 fueron exonerados y solo uno fue remitido para medidas disciplinarias tras una serie de controvertidos incidentes en el campo.<\/p>\n\n\n\n<p>Durante las audiencias de supervisi\u00f3n legislativa, congresistas expresaron una profunda preocupaci\u00f3n por la falta de rendici\u00f3n de cuentas, transparencia y protocolos estandarizados en operaciones de alto riesgo, exigiendo directrices m\u00e1s estrictas sobre la conducta de los agentes mientras la administraci\u00f3n contin\u00faa expandiendo sus iniciativas de detenci\u00f3n y deportaci\u00f3n masivas a nivel nacional.<\/p>\n\n\n\n<p>\u201cSencillamente desaf\u00eda la credibilidad que en una agencia de m\u00e1s de 20 mil agentes, con todo el caos que hemos visto durante el \u00faltimo a\u00f1o y medio debido a los despliegues masivos y con civiles resultando heridos y muertos, no se haya descubierto que nadie haya violado las normas del uso de la fuerza, con la posible excepci\u00f3n de una sola persona\u201d, declar\u00f3 Seth Magaziner, representante dem\u00f3crata por Rhode Island.<\/p>\n\n\n\n<p><em>\u00daltima actualizaci\u00f3n: 22 de julio de 2026.<\/em><\/p>\n\n\n\n<hr class=\"wp-block-separator has-alpha-channel-opacity\"\/>\n\n\n\n<p><strong>El DHS y el Departamento de Justicia revocar\u00e1n la ciudadan\u00eda a 10 criminales naturalizados<\/strong><\/p>\n\n\n\n<p>El USCIS colabor\u00f3 con el Departamento de Justicia (DOJ, tambi\u00e9n por sus siglas en ingl\u00e9s) en varias <a href=\"https:\/\/www.dhs.gov\/news\/2026\/07\/20\/dhs-and-department-justice-announce-move-revoke-us-citizenship-10-naturalized\">acciones de desnaturalizaci\u00f3n<\/a> ante tribunales federales de distrito para revocar la ciudadan\u00eda a 10 personas acusadas de delitos graves, entre ellos abuso sexual infantil, fraude de atenci\u00f3n m\u00e9dica y fraude electr\u00f3nico, fraude migratorio y conspiraci\u00f3n para poseer coca\u00edna con intenci\u00f3n de distribuirla.<\/p>\n\n\n\n<p>\u201cNos negamos a dar v\u00eda libre a los criminales que obtuvieron la ciudadan\u00eda estadounidense mediante enga\u00f1os\u201d, declar\u00f3 el fiscal general adjunto Brett A. Shumate, de la Divisi\u00f3n Civil del Departamento de Justicia. \u201cBajo esta administraci\u00f3n, si cometi\u00f3 fraude en el proceso de naturalizaci\u00f3n, enfrentar\u00e1 todo el peso del Departamento de Justicia. Solo hemos tocado la superficie; vienen muchas demandas m\u00e1s\u201d.<\/p>\n\n\n\n<p><em>\u00daltima actualizaci\u00f3n: 20 de julio de 2026.<\/em><\/p>\n\n\n\n<hr class=\"wp-block-separator has-alpha-channel-opacity\"\/>\n\n\n\n<p><strong>Nueva normativa sobre la carga p\u00fablica&nbsp;<\/strong><\/p>\n\n\n\n<p>La administraci\u00f3n del presidente Donald Trump <a href=\"https:\/\/archive.ph\/wl1vp#selection-6321.0-6321.817\">modific\u00f3 la regla de carga p\u00fablica<\/a> para que a partir del 18 de septiembre de 2026, autoridades de migraci\u00f3n puedan negar de manera discrecional la residencia permanente (green card) a quienes consideren con probabilidad de depender de la ayuda estatal en el futuro.&nbsp;<\/p>\n\n\n\n<p>A diferencia de la normativa vigente que data de 2022, la nueva medida evaluar\u00e1 factores como edad, ingresos, salud y el uso de beneficios sociales no en efectivo (como SNAP y Medicaid), aplic\u00e1ndose \u00fanicamente a tr\u00e1mites ingresados desde la fecha fijada y eximiendo a poblaciones vulnerables o con estatus de protecci\u00f3n especial, como personas refugiadas, asiladas, o beneficiarias de DACA o TPS.&nbsp;<\/p>\n\n\n\n<p>Diversas organizaciones de derechos civiles y defensa de las personas migrantes advierten que el principal impacto de esta medida es el efecto disuasorio, ya que muchas familias podr\u00edan dejar de solicitar servicios b\u00e1sicos de salud o alimentaci\u00f3n por temor a perjudicar su tr\u00e1mite migratorio. Recomiendan consultar con un profesional en derecho de migraci\u00f3n para tomar decisiones informadas.<\/p>\n\n\n\n<p><em>\u00daltima actualizaci\u00f3n: 16 de julio de 2026.&nbsp;<\/em><\/p>\n\n\n\n<hr class=\"wp-block-separator has-alpha-channel-opacity is-style-wide\"\/>\n\n\n\n<figure class=\"wp-block-image size-full\"><img loading=\"lazy\" decoding=\"async\" width=\"1024\" height=\"681\" src=\"https:\/\/i0.wp.com\/eltecolote.org\/content\/wp-content\/uploads\/2026\/08\/02052025-massdeportationsprotest-et-pu-13_1024.jpg?fit=1024%2C681&amp;quality=89&amp;ssl=1\" alt=\"\" class=\"wp-image-72219\" srcset=\"https:\/\/i0.wp.com\/eltecolote.org\/content\/wp-content\/uploads\/2026\/08\/02052025-massdeportationsprotest-et-pu-13_1024.jpg?w=1024&amp;quality=89&amp;ssl=1 1024w, https:\/\/i0.wp.com\/eltecolote.org\/content\/wp-content\/uploads\/2026\/08\/02052025-massdeportationsprotest-et-pu-13_1024.jpg?resize=360%2C239&amp;quality=89&amp;ssl=1 360w, https:\/\/i0.wp.com\/eltecolote.org\/content\/wp-content\/uploads\/2026\/08\/02052025-massdeportationsprotest-et-pu-13_1024.jpg?resize=600%2C399&amp;quality=89&amp;ssl=1 600w, https:\/\/i0.wp.com\/eltecolote.org\/content\/wp-content\/uploads\/2026\/08\/02052025-massdeportationsprotest-et-pu-13_1024.jpg?resize=768%2C511&amp;quality=89&amp;ssl=1 768w, https:\/\/i0.wp.com\/eltecolote.org\/content\/wp-content\/uploads\/2026\/08\/02052025-massdeportationsprotest-et-pu-13_1024.jpg?resize=400%2C266&amp;quality=89&amp;ssl=1 400w, https:\/\/i0.wp.com\/eltecolote.org\/content\/wp-content\/uploads\/2026\/08\/02052025-massdeportationsprotest-et-pu-13_1024.jpg?w=370&amp;quality=89 370w\" sizes=\"auto, (max-width: 1000px) 100vw, 1000px\" \/><figcaption class=\"wp-element-caption\">Un manifestante avanza por la calle durante una marcha el 5 de febrero de 2025 en San Francisco, California, donde unas 200 personas protestaron contra las recientes deportaciones masivas de la administraci\u00f3n Trump. En todo el pa\u00eds se llevaron a cabo protestas masivas ante el endurecimiento de las pol\u00edticas de migraci\u00f3n. Foto: Pablo Unzueta para <em>El Tecolote<\/em> \/ CatchLight Local.<\/figcaption><\/figure>\n\n\n\n<h2 class=\"wp-block-heading\"><strong>Noticias estatales<\/strong><\/h2>\n\n\n\n<p><strong>Proh\u00edben a l\u00edderes religiosos de Sacramento realizar veladas de oraci\u00f3n afuera de edificio federal<\/strong><\/p>\n\n\n\n<p>L\u00edderes religiosos de la coalici\u00f3n Sacramento Area Congregations Together (Sacramento ACT) tienen prohibido continuar realizando sus veladas mensuales de oraci\u00f3n a favor de los migrantes a las afueras del Edificio Federal John E. Moss, ubicado en el 650 Capitol Mall, donde opera la oficina regional del ICE.&nbsp;<\/p>\n\n\n\n<p>Un portavoz del Departamento de Seguridad Nacional aclar\u00f3 que la medida fue aplicada por un guardia de seguridad conforme a las normativas de la Administraci\u00f3n de Servicios Generales (GSA) \u2014entidad federal propietaria del inmueble\u2014 y que el ICE no intervino en la decisi\u00f3n.&nbsp;<\/p>\n\n\n\n<p>Por su parte, la congresista Doris Matsui cuestion\u00f3 la prohibici\u00f3n por vulnerar los derechos de la Primera Enmienda de este grupo interreligioso e inform\u00f3 que ha iniciado gestiones ante las agencias federales para restablecer el derecho de la comunidad a manifestarse pac\u00edficamente.<\/p>\n\n\n\n<p><em>\u00daltima actualizaci\u00f3n: 27 de julio de 2026.<\/em><\/p>\n\n\n\n<hr class=\"wp-block-separator has-alpha-channel-opacity\"\/>\n\n\n\n<p><strong>Rob Bonta condena las presiones de Trump para obligar a CA a asistir al ICE&nbsp;<\/strong><\/p>\n\n\n\n<p>El fiscal general de California, Rob Bonta, emiti\u00f3 una declaraci\u00f3n formal en la que condena los esfuerzos del gobierno federal para obligar a las agencias de seguridad estatales y locales a colaborar en la aplicaci\u00f3n de las leyes migratorias y asistir en las operaciones del ICE.<\/p>\n\n\n\n<p>California y un grupo de estados con gobiernos dem\u00f3cratas acusan a la administraci\u00f3n Trump de retener m\u00e1s de 740 millones de d\u00f3lares en fondos combinados destinados a la preparaci\u00f3n ante desastres y la lucha contra el terrorismo. Presentaron una demanda contra el Departamento de Seguridad Nacional y la Agencia Federal para la Gesti\u00f3n de Emergencias (FEMA) por lo que consideran una represalia al no cooperar con las redadas de deportaci\u00f3n federales ni con los procedimientos de verificaci\u00f3n de identidad para votantes.<\/p>\n\n\n\n<p>Bonta reafirm\u00f3 el compromiso de California de defender su soberan\u00eda estatal y sus leyes santuario, enfatizando que no se destinar\u00e1n recursos del estado para facilitar las acciones migratorias federales ni para menoscabar la autonom\u00eda administrativa local.<\/p>\n\n\n\n<p><em>\u00daltima actualizaci\u00f3n: 23 de julio de 2026.<\/em><\/p>\n\n\n\n<hr class=\"wp-block-separator has-alpha-channel-opacity is-style-wide\"\/>\n\n\n\n<h2 class=\"wp-block-heading\"><strong>Noticias locales<\/strong><\/h2>\n\n\n\n<p><strong>L\u00ednea telef\u00f3nica de ayuda para migrantes de SF pierde financiamiento<\/strong><\/p>\n\n\n\n<p>Una parte de los fondos que mantienen la Red de Respuesta R\u00e1pida de San Francisco enfrenta serios recortes: aproximadamente 1.4 millones de d\u00f3lares destinados a la Red Legal y de Educaci\u00f3n para Migrantes de SF y a dicha l\u00ednea de atenci\u00f3n no fueron restituidos en el presupuesto municipal de este a\u00f1o.<\/p>\n\n\n\n<p>Esa porci\u00f3n de su presupuesto se hab\u00eda otorgado como fondos suplementarios en octubre de 2025. Mission Action, la organizaci\u00f3n no lucrativa que administra la l\u00ednea de ayuda, perdi\u00f3 su financiamiento debido a que no logr\u00f3 presentar su solicitud a tiempo, seg\u00fan el relato de su directora ejecutiva sobre una conversaci\u00f3n con la oficina del alcalde Daniel Lurie.<\/p>\n\n\n\n<p>Laura Valdez, directora ejecutiva de dicha organizaci\u00f3n, se\u00f1al\u00f3 que, aunque el servicio seguir\u00e1 en funcionamiento, el recorte implica que quienes llamen fuera del horario de oficina podr\u00edan no encontrar a un operador disponible o que, ante un alto volumen de llamadas, el tiempo de respuesta sea m\u00e1s lento.<\/p>\n\n\n\n<p>Sin embargo, Mission Action a\u00fan recuperar\u00e1 una parte de los recursos: tras recibir la noticia de que su solicitud no hab\u00eda sido incluida en el presupuesto inicial, la organizaci\u00f3n comenz\u00f3 a cabildear ante la Junta de Supervisores para financiar una parte del dinero faltante. Al final, se prometieron 243 mil d\u00f3lares como fondos de \u201crestituci\u00f3n\u201d.<\/p>\n\n\n\n<p><em>\u00daltima actualizaci\u00f3n: 3 de julio de 2026.<\/em><\/p>\n","protected":false},"excerpt":{"rendered":"<p>Seguimiento mensual a las reformas y medidas migratorias a nivel estatal y federal, analizando sus implicaciones legales y su impacto directo en la red de apoyo comunitaria de California y el \u00c1rea de la Bah\u00eda.<\/p>\n","protected":false},"author":88941,"featured_media":72218,"comment_status":"closed","ping_status":"closed","sticky":false,"template":"","format":"standard","meta":{"newspack_popups_has_disabled_popups":false,"_jetpack_newsletter_access":"","_jetpack_dont_email_post_to_subs":false,"_jetpack_newsletter_tier_id":0,"_jetpack_memberships_contains_paywalled_content":false,"newspack_featured_image_position":"large","newspack_post_subtitle":"","newspack_article_summary_title":"Overview:","newspack_article_summary":"","newspack_hide_updated_date":false,"newspack_show_updated_date":false,"_jetpack_feature_clip_id":0,"_jetpack_memberships_contains_paid_content":false,"footnotes":"","jetpack_post_was_ever_published":false},"categories":[3519],"tags":[],"coauthors":[25171],"class_list":["post-72216","post","type-post","status-publish","format-standard","has-post-thumbnail","hentry","category-noticias","entry"],"yoast_head":"<!-- This site is optimized with the Yoast SEO plugin v28.4 - https:\/\/yoast.com\/product\/yoast-seo-wordpress\/ -->\n<title>Pol\u00edticas migratorias en julio de 2026: cambios clave e implicaciones<\/title>\n<meta name=\"description\" content=\"Monitoreo mensual de El Tecolote sobre las reformas migratorias y su impacto legal en la comunidad latina del \u00c1rea de la Bah\u00eda.\" \/>\n<meta name=\"robots\" content=\"index, follow, max-snippet:-1, max-image-preview:large, max-video-preview:-1\" \/>\n<link rel=\"canonical\" href=\"https:\/\/eltecolote.org\/content\/es\/monitor-migratorio-julio-2026\/\" \/>\n<meta property=\"og:locale\" content=\"en_US\" \/>\n<meta property=\"og:type\" content=\"article\" \/>\n<meta property=\"og:title\" content=\"Pol\u00edticas migratorias en julio de 2026: cambios clave e implicaciones\" \/>\n<meta property=\"og:description\" content=\"Monitoreo mensual de El Tecolote sobre las reformas migratorias y su impacto legal en la comunidad latina del \u00c1rea de la Bah\u00eda.\" \/>\n<meta property=\"og:url\" content=\"https:\/\/eltecolote.org\/content\/es\/monitor-migratorio-julio-2026\/\" \/>\n<meta property=\"og:site_name\" content=\"El Tecolote\" \/>\n<meta property=\"article:publisher\" content=\"https:\/\/www.facebook.com\/ElTecoloteSF\/\" \/>\n<meta property=\"article:published_time\" content=\"2026-08-12T20:02:08+00:00\" \/>\n<meta property=\"article:modified_time\" content=\"2026-08-12T20:03:13+00:00\" \/>\n<meta property=\"og:image\" content=\"https:\/\/eltecolote.org\/content\/wp-content\/uploads\/2026\/08\/01202026-iceoutwalkout-et-pu-12_1024.jpg\" \/>\n\t<meta property=\"og:image:width\" content=\"1024\" \/>\n\t<meta property=\"og:image:height\" content=\"681\" \/>\n\t<meta property=\"og:image:type\" content=\"image\/jpeg\" \/>\n<meta name=\"author\" content=\"Katie Beas\" \/>\n<meta name=\"twitter:card\" content=\"summary_large_image\" \/>\n<meta name=\"twitter:creator\" content=\"@eltecolotesf\" \/>\n<meta name=\"twitter:site\" content=\"@eltecolotesf\" \/>\n<meta name=\"twitter:label1\" content=\"Written by\" \/>\n\t<meta name=\"twitter:data1\" content=\"Katie Beas\" \/>\n\t<meta name=\"twitter:label2\" content=\"Est. reading time\" \/>\n\t<meta name=\"twitter:data2\" content=\"12 minutes\" \/>\n<script type=\"application\/ld+json\" class=\"yoast-schema-graph\">{\"@context\":\"https:\\\/\\\/schema.org\",\"@graph\":[{\"@type\":\"NewsArticle\",\"@id\":\"https:\\\/\\\/eltecolote.org\\\/content\\\/es\\\/monitor-migratorio-julio-2026\\\/#article\",\"isPartOf\":{\"@id\":\"https:\\\/\\\/eltecolote.org\\\/content\\\/es\\\/monitor-migratorio-julio-2026\\\/\"},\"author\":{\"name\":\"Katie Beas\",\"@id\":\"https:\\\/\\\/eltecolote.org\\\/content\\\/#\\\/schema\\\/person\\\/65c4d8ad9a78a7063038ee8183faeb52\"},\"headline\":\"Monitor migratorio: informaci\u00f3n clave y nuevas normativas de julio de 2026\",\"datePublished\":\"2026-08-12T20:02:08+00:00\",\"dateModified\":\"2026-08-12T20:03:13+00:00\",\"mainEntityOfPage\":{\"@id\":\"https:\\\/\\\/eltecolote.org\\\/content\\\/es\\\/monitor-migratorio-julio-2026\\\/\"},\"wordCount\":2427,\"publisher\":{\"@id\":\"https:\\\/\\\/eltecolote.org\\\/content\\\/#organization\"},\"image\":{\"@id\":\"https:\\\/\\\/eltecolote.org\\\/content\\\/es\\\/monitor-migratorio-julio-2026\\\/#primaryimage\"},\"thumbnailUrl\":\"https:\\\/\\\/i0.wp.com\\\/eltecolote.org\\\/content\\\/wp-content\\\/uploads\\\/2026\\\/08\\\/01202026-iceoutwalkout-et-pu-12_1024.jpg?fit=1024%2C681&quality=89&ssl=1\",\"articleSection\":[\"Noticias\"],\"inLanguage\":\"en-US\"},{\"@type\":\"WebPage\",\"@id\":\"https:\\\/\\\/eltecolote.org\\\/content\\\/es\\\/monitor-migratorio-julio-2026\\\/\",\"url\":\"https:\\\/\\\/eltecolote.org\\\/content\\\/es\\\/monitor-migratorio-julio-2026\\\/\",\"name\":\"Pol\u00edticas migratorias en julio de 2026: cambios clave e implicaciones\",\"isPartOf\":{\"@id\":\"https:\\\/\\\/eltecolote.org\\\/content\\\/#website\"},\"primaryImageOfPage\":{\"@id\":\"https:\\\/\\\/eltecolote.org\\\/content\\\/es\\\/monitor-migratorio-julio-2026\\\/#primaryimage\"},\"image\":{\"@id\":\"https:\\\/\\\/eltecolote.org\\\/content\\\/es\\\/monitor-migratorio-julio-2026\\\/#primaryimage\"},\"thumbnailUrl\":\"https:\\\/\\\/i0.wp.com\\\/eltecolote.org\\\/content\\\/wp-content\\\/uploads\\\/2026\\\/08\\\/01202026-iceoutwalkout-et-pu-12_1024.jpg?fit=1024%2C681&quality=89&ssl=1\",\"datePublished\":\"2026-08-12T20:02:08+00:00\",\"dateModified\":\"2026-08-12T20:03:13+00:00\",\"description\":\"Monitoreo mensual de El Tecolote sobre las reformas migratorias y su impacto legal en la comunidad latina del \u00c1rea de la Bah\u00eda.\",\"inLanguage\":\"en-US\",\"potentialAction\":[{\"@type\":\"ReadAction\",\"target\":[\"https:\\\/\\\/eltecolote.org\\\/content\\\/es\\\/monitor-migratorio-julio-2026\\\/\"]}]},{\"@type\":\"ImageObject\",\"inLanguage\":\"en-US\",\"@id\":\"https:\\\/\\\/eltecolote.org\\\/content\\\/es\\\/monitor-migratorio-julio-2026\\\/#primaryimage\",\"url\":\"https:\\\/\\\/i0.wp.com\\\/eltecolote.org\\\/content\\\/wp-content\\\/uploads\\\/2026\\\/08\\\/01202026-iceoutwalkout-et-pu-12_1024.jpg?fit=1024%2C681&quality=89&ssl=1\",\"contentUrl\":\"https:\\\/\\\/i0.wp.com\\\/eltecolote.org\\\/content\\\/wp-content\\\/uploads\\\/2026\\\/08\\\/01202026-iceoutwalkout-et-pu-12_1024.jpg?fit=1024%2C681&quality=89&ssl=1\",\"width\":1024,\"height\":681,\"caption\":\"Alrededor de doscientas personas se manifestaron en el Civic Center de San Francisco, California, el 20 de enero de 2026 en la marcha Free America, al cumplirse un a\u00f1o del segundo mandato de Donald Trump. La movilizaci\u00f3n form\u00f3 parte de un paro nacional contra las detenciones y muertes de migrantes cometidas por agentes del gobierno federal. Foto: Pablo Unzueta para El Tecolote \\\/ CatchLight Local.\"},{\"@type\":\"WebSite\",\"@id\":\"https:\\\/\\\/eltecolote.org\\\/content\\\/#website\",\"url\":\"https:\\\/\\\/eltecolote.org\\\/content\\\/\",\"name\":\"El Tecolote\",\"description\":\"San Francisco&#039;s Latinx newspaper since 1970\",\"publisher\":{\"@id\":\"https:\\\/\\\/eltecolote.org\\\/content\\\/#organization\"},\"potentialAction\":[{\"@type\":\"SearchAction\",\"target\":{\"@type\":\"EntryPoint\",\"urlTemplate\":\"https:\\\/\\\/eltecolote.org\\\/content\\\/?s={search_term_string}\"},\"query-input\":{\"@type\":\"PropertyValueSpecification\",\"valueRequired\":true,\"valueName\":\"search_term_string\"}}],\"inLanguage\":\"en-US\"},{\"@type\":\"Organization\",\"@id\":\"https:\\\/\\\/eltecolote.org\\\/content\\\/#organization\",\"name\":\"El Tecolote\",\"url\":\"https:\\\/\\\/eltecolote.org\\\/content\\\/\",\"logo\":{\"@type\":\"ImageObject\",\"inLanguage\":\"en-US\",\"@id\":\"https:\\\/\\\/eltecolote.org\\\/content\\\/#\\\/schema\\\/logo\\\/image\\\/\",\"url\":\"https:\\\/\\\/i0.wp.com\\\/eltecolote.org\\\/content\\\/wp-content\\\/uploads\\\/2021\\\/05\\\/ETlogo-1.jpg?fit=400%2C400&ssl=1\",\"contentUrl\":\"https:\\\/\\\/i0.wp.com\\\/eltecolote.org\\\/content\\\/wp-content\\\/uploads\\\/2021\\\/05\\\/ETlogo-1.jpg?fit=400%2C400&ssl=1\",\"width\":400,\"height\":400,\"caption\":\"El Tecolote\"},\"image\":{\"@id\":\"https:\\\/\\\/eltecolote.org\\\/content\\\/#\\\/schema\\\/logo\\\/image\\\/\"},\"sameAs\":[\"https:\\\/\\\/www.facebook.com\\\/ElTecoloteSF\\\/\",\"https:\\\/\\\/x.com\\\/eltecolotesf\",\"https:\\\/\\\/www.instagram.com\\\/eltecolotesf\\\/\"]},{\"@type\":\"Person\",\"@id\":\"https:\\\/\\\/eltecolote.org\\\/content\\\/#\\\/schema\\\/person\\\/65c4d8ad9a78a7063038ee8183faeb52\",\"name\":\"Katie Beas\",\"image\":{\"@type\":\"ImageObject\",\"inLanguage\":\"en-US\",\"@id\":\"https:\\\/\\\/secure.gravatar.com\\\/avatar\\\/dd0b28c9e7d26e5bfff599fec169594bdefe752cf974596325d36fdd59c26d32?s=96&d=mm&r=g29e9ee46b2a6e462bc368b837bbe11a2\",\"url\":\"https:\\\/\\\/secure.gravatar.com\\\/avatar\\\/dd0b28c9e7d26e5bfff599fec169594bdefe752cf974596325d36fdd59c26d32?s=96&d=mm&r=g\",\"contentUrl\":\"https:\\\/\\\/secure.gravatar.com\\\/avatar\\\/dd0b28c9e7d26e5bfff599fec169594bdefe752cf974596325d36fdd59c26d32?s=96&d=mm&r=g\",\"caption\":\"Katie Beas\"},\"description\":\"Katie Beas is a professional dedicated to the written word, with more than a decade of experience as a Spanish-language translator, copy editor and educator. Originally from Jalisco, Mexico, she has focused her career on building communication bridges in both the journalistic and academic fields. Since 2012, Katie has been part of El Tecolote, where her work as translator and copy editor has ensured the quality and accuracy of the Spanish-language content, both in print and on the newsroom's digital platforms. Her passion for education is reflected in her long career as a professor of Hispanic Literature at the University of Guadalajara, Mexico, a role she began in 2007 and has also taught online since 2011. In addition, throughout her career in San Francisco, California, Katie has actively collaborated with various nonprofit organizations to support the immigrant community. Her contributions have been key in editing and producing content, as well as in disseminating vital information for monolingual Spanish-speaking Latinos, helping facilitate access to essential resources and empowering the communities she serves. As of August, Katie Beas has taken on the role of Managing Editor of El Tecolote. Her mission is to strengthen the newspaper\u2019s connection with San Francisco\u2019s migrant and Latino communities through bilingual service journalism. To that end, she will expand access to Spanish-language content and reinforce the newspaper\u2019s presence in the Spanish-speaking community, supporting key initiatives such as the WhatsApp news service, the print and digital events calendar, resource guides and other editorial content designed specifically for Spanish-speaking audiences.\",\"url\":\"https:\\\/\\\/eltecolote.org\\\/content\\\/author\\\/katie-beas\\\/\"}]}<\/script>\n<!-- \/ Yoast SEO plugin. -->","yoast_head_json":{"title":"Pol\u00edticas migratorias en julio de 2026: cambios clave e implicaciones","description":"Monitoreo mensual de El Tecolote sobre las reformas migratorias y su impacto legal en la comunidad latina del \u00c1rea de la Bah\u00eda.","robots":{"index":"index","follow":"follow","max-snippet":"max-snippet:-1","max-image-preview":"max-image-preview:large","max-video-preview":"max-video-preview:-1"},"canonical":"https:\/\/eltecolote.org\/content\/es\/monitor-migratorio-julio-2026\/","og_locale":"en_US","og_type":"article","og_title":"Pol\u00edticas migratorias en julio de 2026: cambios clave e implicaciones","og_description":"Monitoreo mensual de El Tecolote sobre las reformas migratorias y su impacto legal en la comunidad latina del \u00c1rea de la Bah\u00eda.","og_url":"https:\/\/eltecolote.org\/content\/es\/monitor-migratorio-julio-2026\/","og_site_name":"El Tecolote","article_publisher":"https:\/\/www.facebook.com\/ElTecoloteSF\/","article_published_time":"2026-08-12T20:02:08+00:00","article_modified_time":"2026-08-12T20:03:13+00:00","og_image":[{"width":1024,"height":681,"url":"https:\/\/eltecolote.org\/content\/wp-content\/uploads\/2026\/08\/01202026-iceoutwalkout-et-pu-12_1024.jpg","type":"image\/jpeg"}],"author":"Katie Beas","twitter_card":"summary_large_image","twitter_creator":"@eltecolotesf","twitter_site":"@eltecolotesf","twitter_misc":{"Written by":"Katie Beas","Est. reading time":"12 minutes"},"schema":{"@context":"https:\/\/schema.org","@graph":[{"@type":"NewsArticle","@id":"https:\/\/eltecolote.org\/content\/es\/monitor-migratorio-julio-2026\/#article","isPartOf":{"@id":"https:\/\/eltecolote.org\/content\/es\/monitor-migratorio-julio-2026\/"},"author":{"name":"Katie Beas","@id":"https:\/\/eltecolote.org\/content\/#\/schema\/person\/65c4d8ad9a78a7063038ee8183faeb52"},"headline":"Monitor migratorio: informaci\u00f3n clave y nuevas normativas de julio de 2026","datePublished":"2026-08-12T20:02:08+00:00","dateModified":"2026-08-12T20:03:13+00:00","mainEntityOfPage":{"@id":"https:\/\/eltecolote.org\/content\/es\/monitor-migratorio-julio-2026\/"},"wordCount":2427,"publisher":{"@id":"https:\/\/eltecolote.org\/content\/#organization"},"image":{"@id":"https:\/\/eltecolote.org\/content\/es\/monitor-migratorio-julio-2026\/#primaryimage"},"thumbnailUrl":"https:\/\/i0.wp.com\/eltecolote.org\/content\/wp-content\/uploads\/2026\/08\/01202026-iceoutwalkout-et-pu-12_1024.jpg?fit=1024%2C681&quality=89&ssl=1","articleSection":["Noticias"],"inLanguage":"en-US"},{"@type":"WebPage","@id":"https:\/\/eltecolote.org\/content\/es\/monitor-migratorio-julio-2026\/","url":"https:\/\/eltecolote.org\/content\/es\/monitor-migratorio-julio-2026\/","name":"Pol\u00edticas migratorias en julio de 2026: cambios clave e implicaciones","isPartOf":{"@id":"https:\/\/eltecolote.org\/content\/#website"},"primaryImageOfPage":{"@id":"https:\/\/eltecolote.org\/content\/es\/monitor-migratorio-julio-2026\/#primaryimage"},"image":{"@id":"https:\/\/eltecolote.org\/content\/es\/monitor-migratorio-julio-2026\/#primaryimage"},"thumbnailUrl":"https:\/\/i0.wp.com\/eltecolote.org\/content\/wp-content\/uploads\/2026\/08\/01202026-iceoutwalkout-et-pu-12_1024.jpg?fit=1024%2C681&quality=89&ssl=1","datePublished":"2026-08-12T20:02:08+00:00","dateModified":"2026-08-12T20:03:13+00:00","description":"Monitoreo mensual de El Tecolote sobre las reformas migratorias y su impacto legal en la comunidad latina del \u00c1rea de la Bah\u00eda.","inLanguage":"en-US","potentialAction":[{"@type":"ReadAction","target":["https:\/\/eltecolote.org\/content\/es\/monitor-migratorio-julio-2026\/"]}]},{"@type":"ImageObject","inLanguage":"en-US","@id":"https:\/\/eltecolote.org\/content\/es\/monitor-migratorio-julio-2026\/#primaryimage","url":"https:\/\/i0.wp.com\/eltecolote.org\/content\/wp-content\/uploads\/2026\/08\/01202026-iceoutwalkout-et-pu-12_1024.jpg?fit=1024%2C681&quality=89&ssl=1","contentUrl":"https:\/\/i0.wp.com\/eltecolote.org\/content\/wp-content\/uploads\/2026\/08\/01202026-iceoutwalkout-et-pu-12_1024.jpg?fit=1024%2C681&quality=89&ssl=1","width":1024,"height":681,"caption":"Alrededor de doscientas personas se manifestaron en el Civic Center de San Francisco, California, el 20 de enero de 2026 en la marcha Free America, al cumplirse un a\u00f1o del segundo mandato de Donald Trump. La movilizaci\u00f3n form\u00f3 parte de un paro nacional contra las detenciones y muertes de migrantes cometidas por agentes del gobierno federal. Foto: Pablo Unzueta para El Tecolote \/ CatchLight Local."},{"@type":"WebSite","@id":"https:\/\/eltecolote.org\/content\/#website","url":"https:\/\/eltecolote.org\/content\/","name":"El Tecolote","description":"San Francisco&#039;s Latinx newspaper since 1970","publisher":{"@id":"https:\/\/eltecolote.org\/content\/#organization"},"potentialAction":[{"@type":"SearchAction","target":{"@type":"EntryPoint","urlTemplate":"https:\/\/eltecolote.org\/content\/?s={search_term_string}"},"query-input":{"@type":"PropertyValueSpecification","valueRequired":true,"valueName":"search_term_string"}}],"inLanguage":"en-US"},{"@type":"Organization","@id":"https:\/\/eltecolote.org\/content\/#organization","name":"El Tecolote","url":"https:\/\/eltecolote.org\/content\/","logo":{"@type":"ImageObject","inLanguage":"en-US","@id":"https:\/\/eltecolote.org\/content\/#\/schema\/logo\/image\/","url":"https:\/\/i0.wp.com\/eltecolote.org\/content\/wp-content\/uploads\/2021\/05\/ETlogo-1.jpg?fit=400%2C400&ssl=1","contentUrl":"https:\/\/i0.wp.com\/eltecolote.org\/content\/wp-content\/uploads\/2021\/05\/ETlogo-1.jpg?fit=400%2C400&ssl=1","width":400,"height":400,"caption":"El Tecolote"},"image":{"@id":"https:\/\/eltecolote.org\/content\/#\/schema\/logo\/image\/"},"sameAs":["https:\/\/www.facebook.com\/ElTecoloteSF\/","https:\/\/x.com\/eltecolotesf","https:\/\/www.instagram.com\/eltecolotesf\/"]},{"@type":"Person","@id":"https:\/\/eltecolote.org\/content\/#\/schema\/person\/65c4d8ad9a78a7063038ee8183faeb52","name":"Katie Beas","image":{"@type":"ImageObject","inLanguage":"en-US","@id":"https:\/\/secure.gravatar.com\/avatar\/dd0b28c9e7d26e5bfff599fec169594bdefe752cf974596325d36fdd59c26d32?s=96&d=mm&r=g29e9ee46b2a6e462bc368b837bbe11a2","url":"https:\/\/secure.gravatar.com\/avatar\/dd0b28c9e7d26e5bfff599fec169594bdefe752cf974596325d36fdd59c26d32?s=96&d=mm&r=g","contentUrl":"https:\/\/secure.gravatar.com\/avatar\/dd0b28c9e7d26e5bfff599fec169594bdefe752cf974596325d36fdd59c26d32?s=96&d=mm&r=g","caption":"Katie Beas"},"description":"Katie Beas is a professional dedicated to the written word, with more than a decade of experience as a Spanish-language translator, copy editor and educator. Originally from Jalisco, Mexico, she has focused her career on building communication bridges in both the journalistic and academic fields. Since 2012, Katie has been part of El Tecolote, where her work as translator and copy editor has ensured the quality and accuracy of the Spanish-language content, both in print and on the newsroom's digital platforms. Her passion for education is reflected in her long career as a professor of Hispanic Literature at the University of Guadalajara, Mexico, a role she began in 2007 and has also taught online since 2011. In addition, throughout her career in San Francisco, California, Katie has actively collaborated with various nonprofit organizations to support the immigrant community. Her contributions have been key in editing and producing content, as well as in disseminating vital information for monolingual Spanish-speaking Latinos, helping facilitate access to essential resources and empowering the communities she serves. As of August, Katie Beas has taken on the role of Managing Editor of El Tecolote. Her mission is to strengthen the newspaper\u2019s connection with San Francisco\u2019s migrant and Latino communities through bilingual service journalism. To that end, she will expand access to Spanish-language content and reinforce the newspaper\u2019s presence in the Spanish-speaking community, supporting key initiatives such as the WhatsApp news service, the print and digital events calendar, resource guides and other editorial content designed specifically for Spanish-speaking audiences.","url":"https:\/\/eltecolote.org\/content\/author\/katie-beas\/"}]}},"jetpack_sharing_enabled":true,"distributor_meta":false,"distributor_terms":false,"distributor_media":false,"distributor_original_site_name":"El Tecolote","distributor_original_site_url":"https:\/\/eltecolote.org\/content","push-errors":false,"jetpack_featured_media_url":"https:\/\/i0.wp.com\/eltecolote.org\/content\/wp-content\/uploads\/2026\/08\/01202026-iceoutwalkout-et-pu-12_1024.jpg?fit=1024%2C681&quality=89&ssl=1","_links":{"self":[{"href":"https:\/\/eltecolote.org\/content\/wp-json\/wp\/v2\/posts\/72216","targetHints":{"allow":["GET"]}}],"collection":[{"href":"https:\/\/eltecolote.org\/content\/wp-json\/wp\/v2\/posts"}],"about":[{"href":"https:\/\/eltecolote.org\/content\/wp-json\/wp\/v2\/types\/post"}],"author":[{"embeddable":true,"href":"https:\/\/eltecolote.org\/content\/wp-json\/wp\/v2\/users\/88941"}],"replies":[{"embeddable":true,"href":"https:\/\/eltecolote.org\/content\/wp-json\/wp\/v2\/comments?post=72216"}],"version-history":[{"count":4,"href":"https:\/\/eltecolote.org\/content\/wp-json\/wp\/v2\/posts\/72216\/revisions"}],"predecessor-version":[{"id":72222,"href":"https:\/\/eltecolote.org\/content\/wp-json\/wp\/v2\/posts\/72216\/revisions\/72222"}],"wp:featuredmedia":[{"embeddable":true,"href":"https:\/\/eltecolote.org\/content\/wp-json\/wp\/v2\/media\/72218"}],"wp:attachment":[{"href":"https:\/\/eltecolote.org\/content\/wp-json\/wp\/v2\/media?parent=72216"}],"wp:term":[{"taxonomy":"category","embeddable":true,"href":"https:\/\/eltecolote.org\/content\/wp-json\/wp\/v2\/categories?post=72216"},{"taxonomy":"post_tag","embeddable":true,"href":"https:\/\/eltecolote.org\/content\/wp-json\/wp\/v2\/tags?post=72216"},{"taxonomy":"author","embeddable":true,"href":"https:\/\/eltecolote.org\/content\/wp-json\/wp\/v2\/coauthors?post=72216"}],"curies":[{"name":"wp","href":"https:\/\/api.w.org\/{rel}","templated":true}]}}