{"id":71706,"date":"2026-04-29T16:13:20","date_gmt":"2026-04-29T23:13:20","guid":{"rendered":"https:\/\/eltecolote.org\/content\/?p=71706"},"modified":"2026-04-29T16:13:23","modified_gmt":"2026-04-29T23:13:23","slug":"monitor-migratorio-abril-2026-sf","status":"publish","type":"post","link":"https:\/\/eltecolote.org\/content\/es\/monitor-migratorio-abril-2026-sf\/","title":{"rendered":"Monitor migratorio: cierre de tribunales, programas bajo amenaza y cambios clave en abril"},"content":{"rendered":"\n<p>El mi\u00e9rcoles 29 de abril, el Tribunal Superior escuchar\u00e1 los argumentos de la administraci\u00f3n de Trump sobre suspender las garant\u00edas contra la deportaci\u00f3n y a la autorizaci\u00f3n de empleo para m\u00e1s de un mill\u00f3n de personas migrantes procedentes de Hait\u00ed y Siria que cuentan con el Estatus de Protecci\u00f3n Temporal (TPS, por sus siglas en ingl\u00e9s).<\/p>\n\n\n\n<p>La audiencia se da en un contexto en que la administraci\u00f3n Trump contin\u00faa con su ofensiva contra la migraci\u00f3n, eliminando v\u00edas legales e incrementando los arrestos, incluso de personas migrantes que cuentan con protecciones temporales.<\/p>\n\n\n\n<p class=\"has-text-align-center\"><em><a href=\"https:\/\/eltecolote.org\/content\/en\/tps-immigration-news-april\/\" type=\"link\" id=\"https:\/\/eltecolote.org\/content\/en\/tps-immigration-news-april\/\">Read this story in English<\/a><\/em><\/p>\n\n\n\n<p>Durante el \u00faltimo a\u00f1o, <em>El Tecolote<\/em> ha <a href=\"https:\/\/eltecolote.org\/content\/es\/trump-ice-sf-area-bahia-espanol-whatsapp\/\">dado seguimiento <\/a>a las pol\u00edticas que marcan la vida tanto de personas migrantes indocumentadas como de aquellas con estatus legal.&nbsp;<\/p>\n\n\n\n<p>A continuaci\u00f3n presentamos las noticias m\u00e1s recientes de abril a nivel nacional, estatal y local. Pueden consultar la lista de cambios en las pol\u00edticas de marzo <a href=\"https:\/\/eltecolote.org\/content\/es\/actualidad-politica-migratoria-marzo\/\">aqu\u00ed<\/a>.<\/p>\n\n\n\n<hr class=\"wp-block-separator has-alpha-channel-opacity is-style-wide\"\/>\n\n\n\n<h2 class=\"wp-block-heading\"><strong>Noticias locales<\/strong><\/h2>\n\n\n\n<p><strong>Un tribunal de migraci\u00f3n en San Francisco cerrar\u00e1 en mayo<\/strong><\/p>\n\n\n\n<p>El 10 de abril la Oficina Ejecutiva de Revisi\u00f3n de Inmigraci\u00f3n (EOIR, por sus siglas en ingl\u00e9s)<\/p>\n\n\n\n<p><a href=\"https:\/\/www.justice.gov\/eoir\/media\/1435656\/dl?inline\">inform\u00f3<\/a> que a partir del 1 de mayo se suspenden las audiencias programadas en el tribunal de migraci\u00f3n ubicado en el 100 Montgomery St, en San Francisco.<\/p>\n\n\n\n<p>Mientras que algunos casos se transferir\u00e1n al segundo tribunal a\u00fan activo en San Francisco, ubicado en el 630 Sansome Street, la mayor\u00eda del personal y los casos ser\u00e1n trasladados a la sede en Concord, una ciudad al este de la Bah\u00eda.<\/p>\n\n\n\n<p>El traslado de las audiencias fuera de San Francisco se adelant\u00f3 meses antes de lo previsto. Con este cambio, las y los abogados temen que muchas personas falten involuntariamente a sus nuevas citas y terminen con \u00f3rdenes de deportaci\u00f3n. El mes pasado, la inasistencia a los tribunales locales provoc\u00f3 que m\u00e1s de 800 personas fueran ordenadas a ser expulsadas en apenas una semana.<\/p>\n\n\n\n<p><em>\u00daltima actualizaci\u00f3n: 21 de abril de 2026.<\/em><\/p>\n\n\n\n<hr class=\"wp-block-separator has-alpha-channel-opacity\"\/>\n\n\n\n<p><strong>El Edificio de las Mujeres pone fin a su programa de reunificaci\u00f3n familiar<\/strong><\/p>\n\n\n\n<p>Tras una decisi\u00f3n federal de no renovar su contrato, el Edificio de las Mujeres de San Francisco cerrar\u00e1 su Programa de Apoyo para la Liberaci\u00f3n Segura, el cual, por m\u00e1s de 20 a\u00f1os, ha ayudado a <a href=\"https:\/\/www.womensbuilding.org\/es\/programs\/post-release-services\">personas cuidadoras<\/a> a reunirse con sus menores que migran a los EEUU.<\/p>\n\n\n\n<p>El programa estuvo en riesgo durante todo el 2025 debido a recortes presupuestarios que obligaron a esta organizaci\u00f3n a reducir su personal a la mitad.&nbsp;<\/p>\n\n\n\n<p>Otros programas de reunificaci\u00f3n familiar para menores migrantes tambi\u00e9n sufrieron recortes el a\u00f1o pasado, despu\u00e9s de que la administraci\u00f3n Trump suspendiera el Programa de Admisi\u00f3n de Refugiados.<\/p>\n\n\n\n<p>En un <a href=\"https:\/\/www.instagram.com\/p\/DXPmUp9j9G0\/?img_index=2\">comunicado<\/a> en Instagram, el Edificio de las Mujeres inst\u00f3 a la comunidad a apoyar financieramente sus <a href=\"https:\/\/www.telemundoareadelabahia.com\/noticias\/noticias-destacados\/el-edificio-de-mujeres-un-refugio-de-apoyo-y-esperanza-para-la-comunidad-en-san-francisco\/2507951\/\">otros servicios<\/a>, como el Programa de Toma de Huellas para personas sobrevivientes de violencia de g\u00e9nero que requieren apoyo con sus procesos migratorios.<\/p>\n\n\n\n<p><em>\u00daltima actualizaci\u00f3n: 17 de abril de 2026.<\/em><\/p>\n\n\n\n<hr class=\"wp-block-separator has-alpha-channel-opacity is-style-wide\"\/>\n\n\n\n<h2 class=\"wp-block-heading\"><strong>Noticias estatales<\/strong><\/h2>\n\n\n\n<p><strong>Tribunal de apelaciones invalida ley de California que exig\u00eda identificaci\u00f3n a agentes del ICE<\/strong><\/p>\n\n\n\n<p>Un panel de jueces del Tribunal de Apelaciones del Noveno Circuito ha invalidado una ley de California que exig\u00eda a agentes federales de migraci\u00f3n mostrar identificaci\u00f3n al realizar operativos de vigilancia, fallando a favor de una demanda presentada por la administraci\u00f3n Trump.<\/p>\n\n\n\n<p>La ley fue aprobada el oto\u00f1o pasado tras una masiva redada migratoria en el \u00e1rea de Los \u00c1ngeles. Otra ley estatal distinta, que prohib\u00eda a dichos agentes cubrir sus rostros para ocultar su identidad, fue suspendida por un juez federal en febrero.<\/p>\n\n\n\n<p><em>\u00daltima actualizaci\u00f3n: 22 de abril de 2026.<\/em><\/p>\n\n\n\n<hr class=\"wp-block-separator has-alpha-channel-opacity is-style-wide\"\/>\n\n\n\n<h2 class=\"wp-block-heading\"><strong>Noticias nacionales<\/strong><\/h2>\n\n\n\n<p><strong>El Tribunal Superior evaluar\u00e1 la legalidad de la medida de poner fin a las protecciones del TPS para nacionales de Hait\u00ed y Siria<\/strong><\/p>\n\n\n\n<p>El 29 de abril, el Tribunal Superior escuchar\u00e1 los argumentos sobre si la administraci\u00f3n Trump puede poner fin a las protecciones del TPS (Estatus de Protecci\u00f3n Temporal) para personas procedentes de Hait\u00ed y Siria.<\/p>\n\n\n\n<p>Actualmente, este programa protege a m\u00e1s de 350 mil personas migrantes, permiti\u00e9ndoles vivir y trabajar legalmente en los EEUU.<\/p>\n\n\n\n<p>Por ahora, se mantienen vigentes las garant\u00edas del TPS para nacionales de Hait\u00ed y Siria. En febrero, un juez federal invalid\u00f3 el intento del gobierno federal de suspender el programa para migrantes de Hait\u00ed. Esfuerzos similares que afectan a migrantes de Siria tambi\u00e9n han sido anulados por tribunales menores.<\/p>\n\n\n\n<p><em>\u00daltima actualizaci\u00f3n: 13 de abril de 2026.<\/em><\/p>\n\n\n\n<hr class=\"wp-block-separator has-alpha-channel-opacity\"\/>\n\n\n\n<p><strong>Fallo del Departamento de Justicia deja vulnerables a la deportaci\u00f3n a personas beneficiarias de DACA<\/strong><\/p>\n\n\n\n<p>Quienes forman parte del programa Acci\u00f3n Diferida para los Llegados en la Infancia (DACA, por sus siglas en ingl\u00e9s) quedan ahora expuestos a deportaci\u00f3n tras un fallo de la Junta de Apelaciones de Migraci\u00f3n, el cual establece que un juez de migraci\u00f3n no puede suspender una deportaci\u00f3n \u00fanicamente porque una persona tenga estatus activo de DACA.<\/p>\n\n\n\n<p>La decisi\u00f3n, que podr\u00eda tener mayores implicaciones para cientos de miles de beneficiarios, surge de un caso relacionado con un joven de 28 a\u00f1os de edad, beneficiario de este programa, quien fue detenido por oficiales de Aduanas y Protecci\u00f3n Fronteriza (CBP, tambi\u00e9n por sus siglas en ingl\u00e9s) al abordar un vuelo nacional en El Paso.&nbsp;<\/p>\n\n\n\n<p><em>\u00daltima actualizaci\u00f3n: 25 de abril de 2026.<\/em><\/p>\n\n\n\n<hr class=\"wp-block-separator has-alpha-channel-opacity\"\/>\n\n\n\n<p><strong>Tribunal de apelaciones ratifica fallo contra restricciones de asilo de la administraci\u00f3n Trump<\/strong><\/p>\n\n\n\n<p>Un tribunal de apelaciones determin\u00f3 que el gobierno de Trump <a href=\"https:\/\/apnews.com\/article\/eeuu-trump-inmigracion-corte-apelaciones-asilo-demanda-2247a42f18d4dac90463017b79ce7ebc\">no puede vetar<\/a> las peticiones de asilo hechas en la frontera con M\u00e9xico, al considerar que la norma viola la ley federal.&nbsp;<\/p>\n\n\n\n<p>Desde el primer d\u00eda de su segundo mandato, el presidente anunci\u00f3 la suspensi\u00f3n de la capacidad para solicitar asilo en la frontera sur. Meses despu\u00e9s, un <a href=\"https:\/\/www.telemundo.com\/noticias\/edicion-noticias-telemundo\/inmigracion\/video\/tribunal-de-apelacion-falla-a-favor-del-asilo-en-la-frontera-y-dice-que-el-gobierno-no-puede-negarlo-tmvo13175231\">juez federal dictamin\u00f3 esta proclama como ilegal<\/a> y que Trump se hab\u00eda excedido en su autoridad.<\/p>\n\n\n\n<p>Esta decisi\u00f3n fue ratificada por el tribunal de apelaciones. Sin embargo, antes de que la orden entre en vigor, el tribunal debe considerar cualquier petici\u00f3n de la administraci\u00f3n federal para reconsiderar el fallo.<\/p>\n\n\n\n<p><em>\u00daltima actualizaci\u00f3n: 24 de abril de 2026.<\/em><\/p>\n\n\n\n<hr class=\"wp-block-separator has-alpha-channel-opacity\"\/>\n\n\n\n<p><strong>El Departamento de Justicia designa cientos de casos para desnaturalizaci\u00f3n<\/strong><\/p>\n\n\n\n<p>El Departamento de Justicia <a href=\"https:\/\/www.telemundo.com\/noticias\/noticias-telemundo\/inmigracion\/el-departamento-de-justicia-planea-revocar-la-ciudadania-de-cientos-de-rcna341944\">se ha propuesto revocar la ciudadan\u00eda<\/a> de m\u00e1s de 300 personas estadounidenses nacidas en el extranjero, como parte de un esfuerzo mayor de la dependencia por centrarse en casos de desnaturalizaci\u00f3n. Antes de la administraci\u00f3n Trump, este tipo de procedimientos eran poco frecuentes.<\/p>\n\n\n\n<p>Aunque no est\u00e1 claro por qu\u00e9 se ha fijado este grupo en particular como objetivo, dicho departamento afirma que el enfoque principal son los casos que involucran fraude durante el proceso de naturalizaci\u00f3n.&nbsp;<\/p>\n\n\n\n<p>Anteriormente, tambi\u00e9n hab\u00eda instruido a sus abogados centrarse en personas que representaran amenazas a la \u2018seguridad nacional\u2019, hubieran participado en cr\u00edmenes de guerra o defraudado al gobierno.<\/p>\n\n\n\n<p><em>\u00daltima actualizaci\u00f3n: 24 de abril de 2026.<\/em><\/p>\n\n\n\n<hr class=\"wp-block-separator has-alpha-channel-opacity\"\/>\n\n\n\n<p><strong>Juzgado ordena restablecer el estatus legal de migrantes que ingresaron con CBP One<\/strong><\/p>\n\n\n\n<p>Una jueza federal orden\u00f3 a la administraci\u00f3n Trump restaurar el estatus legal de las personas migrantes que ingresaron al pa\u00eds a trav\u00e9s de estatus de libertad condicional temporal o parole a trav\u00e9s de la aplicaci\u00f3n m\u00f3vil CBP One, tras determinar que el gobierno federal no sigui\u00f3 los procedimientos al cancelarlo.<\/p>\n\n\n\n<p>El programa permit\u00eda a los solicitantes de asilo en M\u00e9xico programar citas en los puertos de entrada estadounidenses y permanecer legalmente en el pa\u00eds mientras esperaban sus procesos judiciales. El pasado abril, la administraci\u00f3n Trump lo cancel\u00f3, afectando a 900 mil personas que ya hab\u00edan ingresado a los EEUU.<\/p>\n\n\n\n<p>El Departamento de Seguridad Nacional (DHS, por sus siglas en ingl\u00e9s) sostiene que ten\u00eda plena autoridad para revocarlo, calificando el fallo como \u2018activismo judicial descarado\u2019. En una presentaci\u00f3n judicial a finales de abril, la administraci\u00f3n detall\u00f3 planes para intentar poner fin, una vez m\u00e1s, a este estatus legal.<\/p>\n\n\n\n<p><em>\u00daltima actualizaci\u00f3n: 24 de abril de 2026.<\/em><\/p>\n\n\n\n<hr class=\"wp-block-separator has-alpha-channel-opacity\"\/>\n\n\n\n<p><strong>Renuncia el director interino del ICE<\/strong><\/p>\n\n\n\n<p>Todd Lyons, director interino del Servicio de Migraci\u00f3n y Control de Aduanas (ICE, por sus siglas en ingl\u00e9s), <a href=\"https:\/\/apnews.com\/article\/ice-dhs-director-todd-lyons-trump-inmigracion-bef02ab64ac78ac682d19fe83e06bd7a\">dejar\u00e1 su cargo a finales de mayo<\/a>, seg\u00fan informaron funcionarios federales. Lyons es uno de los varios altos mandos de migraci\u00f3n que dejan sus puestos en las \u00faltimas semanas. Entre ellos se encuentra la exsecretaria del Departamento de Seguridad Nacional , Kristi Noem, quien fue destituida en marzo.<\/p>\n\n\n\n<p>A finales de marzo, <em>Politico<\/em> inform\u00f3 que Lyons ha sido hospitalizado al menos dos veces en los \u00faltimos siete meses por \u201cproblemas relacionados con el estr\u00e9s\u201d. Diversas fuentes atribuyen esto a la presi\u00f3n federal para aumentar dr\u00e1sticamente las deportaciones, aunque el directivo ha negado dicha afirmaci\u00f3n. Tambi\u00e9n fue cuestionado por el Congreso debido a operativos, incluyendo uno en enero en Minnesota en el que agentes del ICE mataron a dos estadounidenses.<\/p>\n\n\n\n<p><em>\u00daltima actualizaci\u00f3n: 17 de abril de 2026.<\/em><\/p>\n\n\n\n<hr class=\"wp-block-separator has-alpha-channel-opacity\"\/>\n\n\n\n<p><strong>La C\u00e1mara aprueba proyecto de ley para extender el TPS a la poblaci\u00f3n haitiana<\/strong><\/p>\n\n\n\n<p>La C\u00e1mara de Representantes aprob\u00f3 una medida para extender el TPS a las personas migrantes procedentes de Hait\u00ed hasta el a\u00f1o 2029. El proyecto de ley se dirige ahora al Senado.<\/p>\n\n\n\n<p>Quienes apoyan la medida afirman que la extensi\u00f3n podr\u00eda ayudar a resolver la escasez de trabajadores, al tiempo que protege a estas personas de un pa\u00eds que todav\u00eda se considera \u2018demasiado peligroso\u2019 para que nacionales estadounidenses lo visiten.<\/p>\n\n\n\n<p>Actualmente, la administraci\u00f3n Trump est\u00e1 intentando poner fin al TPS para las y los nacionales haitianos, una batalla legal que se encuentra ante el Tribunal Supremo.<\/p>\n\n\n\n<p><em>\u00daltima actualizaci\u00f3n: 16 de abril de 2026.<\/em><\/p>\n\n\n\n<hr class=\"wp-block-separator has-alpha-channel-opacity\"\/>\n\n\n\n<p><strong>Organizaciones legales demandan al ICE por arrestos sin orden judicial<\/strong><\/p>\n\n\n\n<p>Diversas organizaciones de defensa legal, incluida la Uni\u00f3n Americana de Libertades Civiles (ACLU, por sus siglas en ingl\u00e9s), presentaron una demanda el 2 de abril acusando al DHS de violar la Cuarta Enmienda, al permitir que agentes del ICE ingresen a los hogares sin una orden judicial.<\/p>\n\n\n\n<p>La demanda cita un memorando, emitido en secreto el pasado mes de mayo y filtrado posteriormente, que permite a dichos agentes ingresar por la fuerza y registrar viviendas utilizando \u00f3rdenes administrativas emitidas por funcionarios de ese departamento en lugar de jueces, como corresponde.<\/p>\n\n\n\n<p>Las organizaciones solicitan al tribunal que bloquee esta pol\u00edtica. Mientras tanto, el DHS sostiene que la pr\u00e1ctica es constitucional.<\/p>\n\n\n\n<p><em>\u00daltima actualizaci\u00f3n: 2 de abril de 2026.<\/em><\/p>\n\n\n\n<hr class=\"wp-block-separator has-alpha-channel-opacity\"\/>\n\n\n\n<p><strong>El Tribunal Superior escucha argumentos sobre la ciudadan\u00eda por nacimiento<\/strong><\/p>\n\n\n\n<p>El 1 de abril, el Tribunal Superior <a href=\"https:\/\/cnnespanol.cnn.com\/2026\/04\/01\/eeuu\/live-news\/ciudadania-por-nacimiento-corte-suprema-trax\">escuch\u00f3 los argumentos<\/a> en un caso que desaf\u00eda la orden de Trump para poner fin a la ciudadan\u00eda por derecho de nacimiento.<\/p>\n\n\n\n<p>Durante la audiencia, a la cual asisti\u00f3 Trump, jueces cuestionaron el argumento de que los hijos e hijas de personas sin estatus legal permanente, nacidos en los EEUU, no tienen derecho a la ciudadan\u00eda.<\/p>\n\n\n\n<p>Se espera que el tribunal emita un fallo \u2014que podr\u00eda afectar a millones de personas\u2014 para principios del verano.<\/p>\n\n\n\n<p><em>\u00daltima actualizaci\u00f3n: 1 de abril de 2026.<\/em><\/p>\n","protected":false},"excerpt":{"rendered":"<p>Un recuento hasta abril sobre los fallos judiciales y la suspensi\u00f3n de programas esenciales que est\u00e1n reconfigurando el panorama legal para la comunidad migrante.<\/p>\n","protected":false},"author":88941,"featured_media":71707,"comment_status":"closed","ping_status":"closed","sticky":false,"template":"","format":"standard","meta":{"newspack_popups_has_disabled_popups":false,"newspack_featured_image_position":"large","newspack_post_subtitle":"","newspack_article_summary_title":"Overview:","newspack_article_summary":"","newspack_hide_updated_date":false,"newspack_show_updated_date":false,"footnotes":""},"categories":[3519],"tags":[],"coauthors":[25250],"class_list":["post-71706","post","type-post","status-publish","format-standard","has-post-thumbnail","hentry","category-noticias","entry"],"yoast_head":"<!-- This site is optimized with the Yoast SEO plugin v27.5 - https:\/\/yoast.com\/product\/yoast-seo-wordpress\/ -->\n<title>Monitor migratorio: cierre de tribunales, programas bajo amenaza y cambios clave en abril<\/title>\n<meta name=\"description\" content=\"Un recuento hasta abril de los fallos judiciales y la suspensi\u00f3n de programas esenciales que est\u00e1n reconfigurando el panorama legal para la comunidad migrante.\" \/>\n<meta name=\"robots\" content=\"index, follow, max-snippet:-1, max-image-preview:large, max-video-preview:-1\" \/>\n<link rel=\"canonical\" href=\"https:\/\/eltecolote.org\/content\/es\/monitor-migratorio-abril-2026-sf\/\" \/>\n<meta property=\"og:locale\" content=\"en_US\" \/>\n<meta property=\"og:type\" content=\"article\" \/>\n<meta property=\"og:title\" content=\"Monitor migratorio: cierre de tribunales, programas bajo amenaza y cambios clave en abril\" \/>\n<meta property=\"og:description\" content=\"Un recuento hasta abril de los fallos judiciales y la suspensi\u00f3n de programas esenciales que est\u00e1n reconfigurando el panorama legal para la comunidad migrante.\" \/>\n<meta property=\"og:url\" content=\"https:\/\/eltecolote.org\/content\/es\/monitor-migratorio-abril-2026-sf\/\" \/>\n<meta property=\"og:site_name\" content=\"El Tecolote\" \/>\n<meta property=\"article:publisher\" content=\"https:\/\/www.facebook.com\/ElTecoloteSF\/\" \/>\n<meta property=\"article:published_time\" content=\"2026-04-29T23:13:20+00:00\" \/>\n<meta property=\"article:modified_time\" content=\"2026-04-29T23:13:23+00:00\" \/>\n<meta property=\"og:image\" content=\"https:\/\/eltecolote.org\/content\/wp-content\/uploads\/2026\/04\/01302026-ICEWALKOUTSTRIKE-ET-PU-28.jpg.webp\" \/>\n\t<meta property=\"og:image:width\" content=\"1200\" \/>\n\t<meta property=\"og:image:height\" content=\"900\" \/>\n\t<meta property=\"og:image:type\" content=\"image\/webp\" \/>\n<meta name=\"author\" content=\"Mariana Duran\" \/>\n<meta name=\"twitter:card\" content=\"summary_large_image\" \/>\n<meta name=\"twitter:creator\" content=\"@eltecolotesf\" \/>\n<meta name=\"twitter:site\" content=\"@eltecolotesf\" \/>\n<meta name=\"twitter:label1\" content=\"Written by\" \/>\n\t<meta name=\"twitter:data1\" content=\"Mariana Duran\" \/>\n\t<meta name=\"twitter:label2\" content=\"Est. reading time\" \/>\n\t<meta name=\"twitter:data2\" content=\"9 minutes\" \/>\n<script type=\"application\/ld+json\" class=\"yoast-schema-graph\">{\"@context\":\"https:\\\/\\\/schema.org\",\"@graph\":[{\"@type\":\"NewsArticle\",\"@id\":\"https:\\\/\\\/eltecolote.org\\\/content\\\/es\\\/monitor-migratorio-abril-2026-sf\\\/#article\",\"isPartOf\":{\"@id\":\"https:\\\/\\\/eltecolote.org\\\/content\\\/es\\\/monitor-migratorio-abril-2026-sf\\\/\"},\"author\":{\"name\":\"Katie Beas\",\"@id\":\"https:\\\/\\\/eltecolote.org\\\/content\\\/#\\\/schema\\\/person\\\/65c4d8ad9a78a7063038ee8183faeb52\"},\"headline\":\"Monitor migratorio: cierre de tribunales, programas bajo amenaza y cambios clave en abril\",\"datePublished\":\"2026-04-29T23:13:20+00:00\",\"dateModified\":\"2026-04-29T23:13:23+00:00\",\"mainEntityOfPage\":{\"@id\":\"https:\\\/\\\/eltecolote.org\\\/content\\\/es\\\/monitor-migratorio-abril-2026-sf\\\/\"},\"wordCount\":1881,\"publisher\":{\"@id\":\"https:\\\/\\\/eltecolote.org\\\/content\\\/#organization\"},\"image\":{\"@id\":\"https:\\\/\\\/eltecolote.org\\\/content\\\/es\\\/monitor-migratorio-abril-2026-sf\\\/#primaryimage\"},\"thumbnailUrl\":\"https:\\\/\\\/i0.wp.com\\\/eltecolote.org\\\/content\\\/wp-content\\\/uploads\\\/2026\\\/04\\\/01302026-ICEWALKOUTSTRIKE-ET-PU-28.jpg.webp?fit=1200%2C900&quality=80&ssl=1\",\"articleSection\":[\"Noticias\"],\"inLanguage\":\"en\"},{\"@type\":\"WebPage\",\"@id\":\"https:\\\/\\\/eltecolote.org\\\/content\\\/es\\\/monitor-migratorio-abril-2026-sf\\\/\",\"url\":\"https:\\\/\\\/eltecolote.org\\\/content\\\/es\\\/monitor-migratorio-abril-2026-sf\\\/\",\"name\":\"Monitor migratorio: cierre de tribunales, programas bajo amenaza y cambios clave en abril\",\"isPartOf\":{\"@id\":\"https:\\\/\\\/eltecolote.org\\\/content\\\/#website\"},\"primaryImageOfPage\":{\"@id\":\"https:\\\/\\\/eltecolote.org\\\/content\\\/es\\\/monitor-migratorio-abril-2026-sf\\\/#primaryimage\"},\"image\":{\"@id\":\"https:\\\/\\\/eltecolote.org\\\/content\\\/es\\\/monitor-migratorio-abril-2026-sf\\\/#primaryimage\"},\"thumbnailUrl\":\"https:\\\/\\\/i0.wp.com\\\/eltecolote.org\\\/content\\\/wp-content\\\/uploads\\\/2026\\\/04\\\/01302026-ICEWALKOUTSTRIKE-ET-PU-28.jpg.webp?fit=1200%2C900&quality=80&ssl=1\",\"datePublished\":\"2026-04-29T23:13:20+00:00\",\"dateModified\":\"2026-04-29T23:13:23+00:00\",\"description\":\"Un recuento hasta abril de los fallos judiciales y la suspensi\u00f3n de programas esenciales que est\u00e1n reconfigurando el panorama legal para la comunidad migrante.\",\"inLanguage\":\"en\",\"potentialAction\":[{\"@type\":\"ReadAction\",\"target\":[\"https:\\\/\\\/eltecolote.org\\\/content\\\/es\\\/monitor-migratorio-abril-2026-sf\\\/\"]}]},{\"@type\":\"ImageObject\",\"inLanguage\":\"en\",\"@id\":\"https:\\\/\\\/eltecolote.org\\\/content\\\/es\\\/monitor-migratorio-abril-2026-sf\\\/#primaryimage\",\"url\":\"https:\\\/\\\/i0.wp.com\\\/eltecolote.org\\\/content\\\/wp-content\\\/uploads\\\/2026\\\/04\\\/01302026-ICEWALKOUTSTRIKE-ET-PU-28.jpg.webp?fit=1200%2C900&quality=80&ssl=1\",\"contentUrl\":\"https:\\\/\\\/i0.wp.com\\\/eltecolote.org\\\/content\\\/wp-content\\\/uploads\\\/2026\\\/04\\\/01302026-ICEWALKOUTSTRIKE-ET-PU-28.jpg.webp?fit=1200%2C900&quality=80&ssl=1\",\"width\":1200,\"height\":900,\"caption\":\"Miles de estudiantes, docentes y residentes del \u00c1rea de la Bah\u00eda marcharon en San Francisco el 30 de enero de 2026 en protesta por los operativos migratorios realizados por agencias federales. Foto: Pablo Unzueta para El Tecolote \\\/ CatchLight Local.\"},{\"@type\":\"WebSite\",\"@id\":\"https:\\\/\\\/eltecolote.org\\\/content\\\/#website\",\"url\":\"https:\\\/\\\/eltecolote.org\\\/content\\\/\",\"name\":\"El Tecolote\",\"description\":\"San Francisco's Latinx newspaper since 1970\",\"publisher\":{\"@id\":\"https:\\\/\\\/eltecolote.org\\\/content\\\/#organization\"},\"potentialAction\":[{\"@type\":\"SearchAction\",\"target\":{\"@type\":\"EntryPoint\",\"urlTemplate\":\"https:\\\/\\\/eltecolote.org\\\/content\\\/?s={search_term_string}\"},\"query-input\":{\"@type\":\"PropertyValueSpecification\",\"valueRequired\":true,\"valueName\":\"search_term_string\"}}],\"inLanguage\":\"en\"},{\"@type\":\"Organization\",\"@id\":\"https:\\\/\\\/eltecolote.org\\\/content\\\/#organization\",\"name\":\"El Tecolote\",\"url\":\"https:\\\/\\\/eltecolote.org\\\/content\\\/\",\"logo\":{\"@type\":\"ImageObject\",\"inLanguage\":\"en\",\"@id\":\"https:\\\/\\\/eltecolote.org\\\/content\\\/#\\\/schema\\\/logo\\\/image\\\/\",\"url\":\"https:\\\/\\\/i0.wp.com\\\/eltecolote.org\\\/content\\\/wp-content\\\/uploads\\\/2021\\\/05\\\/ETlogo-1.jpg?fit=400%2C400&ssl=1\",\"contentUrl\":\"https:\\\/\\\/i0.wp.com\\\/eltecolote.org\\\/content\\\/wp-content\\\/uploads\\\/2021\\\/05\\\/ETlogo-1.jpg?fit=400%2C400&ssl=1\",\"width\":400,\"height\":400,\"caption\":\"El Tecolote\"},\"image\":{\"@id\":\"https:\\\/\\\/eltecolote.org\\\/content\\\/#\\\/schema\\\/logo\\\/image\\\/\"},\"sameAs\":[\"https:\\\/\\\/www.facebook.com\\\/ElTecoloteSF\\\/\",\"https:\\\/\\\/x.com\\\/eltecolotesf\",\"https:\\\/\\\/www.instagram.com\\\/eltecolotesf\\\/\"]},{\"@type\":\"Person\",\"@id\":\"https:\\\/\\\/eltecolote.org\\\/content\\\/#\\\/schema\\\/person\\\/65c4d8ad9a78a7063038ee8183faeb52\",\"name\":\"Katie Beas\",\"image\":{\"@type\":\"ImageObject\",\"inLanguage\":\"en\",\"@id\":\"https:\\\/\\\/secure.gravatar.com\\\/avatar\\\/dd0b28c9e7d26e5bfff599fec169594bdefe752cf974596325d36fdd59c26d32?s=96&d=mm&r=g29e9ee46b2a6e462bc368b837bbe11a2\",\"url\":\"https:\\\/\\\/secure.gravatar.com\\\/avatar\\\/dd0b28c9e7d26e5bfff599fec169594bdefe752cf974596325d36fdd59c26d32?s=96&d=mm&r=g\",\"contentUrl\":\"https:\\\/\\\/secure.gravatar.com\\\/avatar\\\/dd0b28c9e7d26e5bfff599fec169594bdefe752cf974596325d36fdd59c26d32?s=96&d=mm&r=g\",\"caption\":\"Katie Beas\"},\"description\":\"Katie Beas is a professional dedicated to the written word, with more than a decade of experience as a Spanish-language translator, copy editor and educator. Originally from Jalisco, Mexico, she has focused her career on building communication bridges in both the journalistic and academic fields. Since 2012, Katie has been part of El Tecolote, where her work as translator and copy editor has ensured the quality and accuracy of the Spanish-language content, both in print and on the newsroom's digital platforms. Her passion for education is reflected in her long career as a professor of Hispanic Literature at the University of Guadalajara, Mexico, a role she began in 2007 and has also taught online since 2011. In addition, throughout her career in San Francisco, California, Katie has actively collaborated with various nonprofit organizations to support the immigrant community. Her contributions have been key in editing and producing content, as well as in disseminating vital information for monolingual Spanish-speaking Latinos, helping facilitate access to essential resources and empowering the communities she serves. As of August, Katie Beas has taken on the role of Managing Editor of El Tecolote. Her mission is to strengthen the newspaper\u2019s connection with San Francisco\u2019s migrant and Latino communities through bilingual service journalism. To that end, she will expand access to Spanish-language content and reinforce the newspaper\u2019s presence in the Spanish-speaking community, supporting key initiatives such as the WhatsApp news service, the print and digital events calendar, resource guides and other editorial content designed specifically for Spanish-speaking audiences.\",\"url\":\"https:\\\/\\\/eltecolote.org\\\/content\\\/author\\\/katie-beas\\\/\"}]}<\/script>\n<!-- \/ Yoast SEO plugin. -->","yoast_head_json":{"title":"Monitor migratorio: cierre de tribunales, programas bajo amenaza y cambios clave en abril","description":"Un recuento hasta abril de los fallos judiciales y la suspensi\u00f3n de programas esenciales que est\u00e1n reconfigurando el panorama legal para la comunidad migrante.","robots":{"index":"index","follow":"follow","max-snippet":"max-snippet:-1","max-image-preview":"max-image-preview:large","max-video-preview":"max-video-preview:-1"},"canonical":"https:\/\/eltecolote.org\/content\/es\/monitor-migratorio-abril-2026-sf\/","og_locale":"en_US","og_type":"article","og_title":"Monitor migratorio: cierre de tribunales, programas bajo amenaza y cambios clave en abril","og_description":"Un recuento hasta abril de los fallos judiciales y la suspensi\u00f3n de programas esenciales que est\u00e1n reconfigurando el panorama legal para la comunidad migrante.","og_url":"https:\/\/eltecolote.org\/content\/es\/monitor-migratorio-abril-2026-sf\/","og_site_name":"El Tecolote","article_publisher":"https:\/\/www.facebook.com\/ElTecoloteSF\/","article_published_time":"2026-04-29T23:13:20+00:00","article_modified_time":"2026-04-29T23:13:23+00:00","og_image":[{"width":1200,"height":900,"url":"https:\/\/eltecolote.org\/content\/wp-content\/uploads\/2026\/04\/01302026-ICEWALKOUTSTRIKE-ET-PU-28.jpg.webp","type":"image\/webp"}],"author":"Mariana Duran","twitter_card":"summary_large_image","twitter_creator":"@eltecolotesf","twitter_site":"@eltecolotesf","twitter_misc":{"Written by":"Mariana Duran","Est. reading time":"9 minutes"},"schema":{"@context":"https:\/\/schema.org","@graph":[{"@type":"NewsArticle","@id":"https:\/\/eltecolote.org\/content\/es\/monitor-migratorio-abril-2026-sf\/#article","isPartOf":{"@id":"https:\/\/eltecolote.org\/content\/es\/monitor-migratorio-abril-2026-sf\/"},"author":{"name":"Katie Beas","@id":"https:\/\/eltecolote.org\/content\/#\/schema\/person\/65c4d8ad9a78a7063038ee8183faeb52"},"headline":"Monitor migratorio: cierre de tribunales, programas bajo amenaza y cambios clave en abril","datePublished":"2026-04-29T23:13:20+00:00","dateModified":"2026-04-29T23:13:23+00:00","mainEntityOfPage":{"@id":"https:\/\/eltecolote.org\/content\/es\/monitor-migratorio-abril-2026-sf\/"},"wordCount":1881,"publisher":{"@id":"https:\/\/eltecolote.org\/content\/#organization"},"image":{"@id":"https:\/\/eltecolote.org\/content\/es\/monitor-migratorio-abril-2026-sf\/#primaryimage"},"thumbnailUrl":"https:\/\/i0.wp.com\/eltecolote.org\/content\/wp-content\/uploads\/2026\/04\/01302026-ICEWALKOUTSTRIKE-ET-PU-28.jpg.webp?fit=1200%2C900&quality=80&ssl=1","articleSection":["Noticias"],"inLanguage":"en"},{"@type":"WebPage","@id":"https:\/\/eltecolote.org\/content\/es\/monitor-migratorio-abril-2026-sf\/","url":"https:\/\/eltecolote.org\/content\/es\/monitor-migratorio-abril-2026-sf\/","name":"Monitor migratorio: cierre de tribunales, programas bajo amenaza y cambios clave en abril","isPartOf":{"@id":"https:\/\/eltecolote.org\/content\/#website"},"primaryImageOfPage":{"@id":"https:\/\/eltecolote.org\/content\/es\/monitor-migratorio-abril-2026-sf\/#primaryimage"},"image":{"@id":"https:\/\/eltecolote.org\/content\/es\/monitor-migratorio-abril-2026-sf\/#primaryimage"},"thumbnailUrl":"https:\/\/i0.wp.com\/eltecolote.org\/content\/wp-content\/uploads\/2026\/04\/01302026-ICEWALKOUTSTRIKE-ET-PU-28.jpg.webp?fit=1200%2C900&quality=80&ssl=1","datePublished":"2026-04-29T23:13:20+00:00","dateModified":"2026-04-29T23:13:23+00:00","description":"Un recuento hasta abril de los fallos judiciales y la suspensi\u00f3n de programas esenciales que est\u00e1n reconfigurando el panorama legal para la comunidad migrante.","inLanguage":"en","potentialAction":[{"@type":"ReadAction","target":["https:\/\/eltecolote.org\/content\/es\/monitor-migratorio-abril-2026-sf\/"]}]},{"@type":"ImageObject","inLanguage":"en","@id":"https:\/\/eltecolote.org\/content\/es\/monitor-migratorio-abril-2026-sf\/#primaryimage","url":"https:\/\/i0.wp.com\/eltecolote.org\/content\/wp-content\/uploads\/2026\/04\/01302026-ICEWALKOUTSTRIKE-ET-PU-28.jpg.webp?fit=1200%2C900&quality=80&ssl=1","contentUrl":"https:\/\/i0.wp.com\/eltecolote.org\/content\/wp-content\/uploads\/2026\/04\/01302026-ICEWALKOUTSTRIKE-ET-PU-28.jpg.webp?fit=1200%2C900&quality=80&ssl=1","width":1200,"height":900,"caption":"Miles de estudiantes, docentes y residentes del \u00c1rea de la Bah\u00eda marcharon en San Francisco el 30 de enero de 2026 en protesta por los operativos migratorios realizados por agencias federales. Foto: Pablo Unzueta para El Tecolote \/ CatchLight Local."},{"@type":"WebSite","@id":"https:\/\/eltecolote.org\/content\/#website","url":"https:\/\/eltecolote.org\/content\/","name":"El Tecolote","description":"San Francisco's Latinx newspaper since 1970","publisher":{"@id":"https:\/\/eltecolote.org\/content\/#organization"},"potentialAction":[{"@type":"SearchAction","target":{"@type":"EntryPoint","urlTemplate":"https:\/\/eltecolote.org\/content\/?s={search_term_string}"},"query-input":{"@type":"PropertyValueSpecification","valueRequired":true,"valueName":"search_term_string"}}],"inLanguage":"en"},{"@type":"Organization","@id":"https:\/\/eltecolote.org\/content\/#organization","name":"El Tecolote","url":"https:\/\/eltecolote.org\/content\/","logo":{"@type":"ImageObject","inLanguage":"en","@id":"https:\/\/eltecolote.org\/content\/#\/schema\/logo\/image\/","url":"https:\/\/i0.wp.com\/eltecolote.org\/content\/wp-content\/uploads\/2021\/05\/ETlogo-1.jpg?fit=400%2C400&ssl=1","contentUrl":"https:\/\/i0.wp.com\/eltecolote.org\/content\/wp-content\/uploads\/2021\/05\/ETlogo-1.jpg?fit=400%2C400&ssl=1","width":400,"height":400,"caption":"El Tecolote"},"image":{"@id":"https:\/\/eltecolote.org\/content\/#\/schema\/logo\/image\/"},"sameAs":["https:\/\/www.facebook.com\/ElTecoloteSF\/","https:\/\/x.com\/eltecolotesf","https:\/\/www.instagram.com\/eltecolotesf\/"]},{"@type":"Person","@id":"https:\/\/eltecolote.org\/content\/#\/schema\/person\/65c4d8ad9a78a7063038ee8183faeb52","name":"Katie Beas","image":{"@type":"ImageObject","inLanguage":"en","@id":"https:\/\/secure.gravatar.com\/avatar\/dd0b28c9e7d26e5bfff599fec169594bdefe752cf974596325d36fdd59c26d32?s=96&d=mm&r=g29e9ee46b2a6e462bc368b837bbe11a2","url":"https:\/\/secure.gravatar.com\/avatar\/dd0b28c9e7d26e5bfff599fec169594bdefe752cf974596325d36fdd59c26d32?s=96&d=mm&r=g","contentUrl":"https:\/\/secure.gravatar.com\/avatar\/dd0b28c9e7d26e5bfff599fec169594bdefe752cf974596325d36fdd59c26d32?s=96&d=mm&r=g","caption":"Katie Beas"},"description":"Katie Beas is a professional dedicated to the written word, with more than a decade of experience as a Spanish-language translator, copy editor and educator. Originally from Jalisco, Mexico, she has focused her career on building communication bridges in both the journalistic and academic fields. Since 2012, Katie has been part of El Tecolote, where her work as translator and copy editor has ensured the quality and accuracy of the Spanish-language content, both in print and on the newsroom's digital platforms. Her passion for education is reflected in her long career as a professor of Hispanic Literature at the University of Guadalajara, Mexico, a role she began in 2007 and has also taught online since 2011. In addition, throughout her career in San Francisco, California, Katie has actively collaborated with various nonprofit organizations to support the immigrant community. Her contributions have been key in editing and producing content, as well as in disseminating vital information for monolingual Spanish-speaking Latinos, helping facilitate access to essential resources and empowering the communities she serves. As of August, Katie Beas has taken on the role of Managing Editor of El Tecolote. Her mission is to strengthen the newspaper\u2019s connection with San Francisco\u2019s migrant and Latino communities through bilingual service journalism. To that end, she will expand access to Spanish-language content and reinforce the newspaper\u2019s presence in the Spanish-speaking community, supporting key initiatives such as the WhatsApp news service, the print and digital events calendar, resource guides and other editorial content designed specifically for Spanish-speaking audiences.","url":"https:\/\/eltecolote.org\/content\/author\/katie-beas\/"}]}},"distributor_meta":false,"distributor_terms":false,"distributor_media":false,"distributor_original_site_name":"El Tecolote","distributor_original_site_url":"https:\/\/eltecolote.org\/content","push-errors":false,"_links":{"self":[{"href":"https:\/\/eltecolote.org\/content\/wp-json\/wp\/v2\/posts\/71706","targetHints":{"allow":["GET"]}}],"collection":[{"href":"https:\/\/eltecolote.org\/content\/wp-json\/wp\/v2\/posts"}],"about":[{"href":"https:\/\/eltecolote.org\/content\/wp-json\/wp\/v2\/types\/post"}],"author":[{"embeddable":true,"href":"https:\/\/eltecolote.org\/content\/wp-json\/wp\/v2\/users\/88941"}],"replies":[{"embeddable":true,"href":"https:\/\/eltecolote.org\/content\/wp-json\/wp\/v2\/comments?post=71706"}],"version-history":[{"count":2,"href":"https:\/\/eltecolote.org\/content\/wp-json\/wp\/v2\/posts\/71706\/revisions"}],"predecessor-version":[{"id":71744,"href":"https:\/\/eltecolote.org\/content\/wp-json\/wp\/v2\/posts\/71706\/revisions\/71744"}],"wp:featuredmedia":[{"embeddable":true,"href":"https:\/\/eltecolote.org\/content\/wp-json\/wp\/v2\/media\/71707"}],"wp:attachment":[{"href":"https:\/\/eltecolote.org\/content\/wp-json\/wp\/v2\/media?parent=71706"}],"wp:term":[{"taxonomy":"category","embeddable":true,"href":"https:\/\/eltecolote.org\/content\/wp-json\/wp\/v2\/categories?post=71706"},{"taxonomy":"post_tag","embeddable":true,"href":"https:\/\/eltecolote.org\/content\/wp-json\/wp\/v2\/tags?post=71706"},{"taxonomy":"author","embeddable":true,"href":"https:\/\/eltecolote.org\/content\/wp-json\/wp\/v2\/coauthors?post=71706"}],"curies":[{"name":"wp","href":"https:\/\/api.w.org\/{rel}","templated":true}]}}