{"id":71231,"date":"2026-03-13T17:27:37","date_gmt":"2026-03-14T00:27:37","guid":{"rendered":"https:\/\/eltecolote.org\/content\/?p=71231"},"modified":"2026-03-13T17:27:54","modified_gmt":"2026-03-14T00:27:54","slug":"sf-vivienda-huelga-renta","status":"publish","type":"post","link":"https:\/\/eltecolote.org\/content\/es\/sf-vivienda-huelga-renta\/","title":{"rendered":"$1 mill\u00f3n en reembolso de renta: c\u00f3mo las huelgas de renta en SF est\u00e1n forzando a arrendadores a negociar"},"content":{"rendered":"\n<p>Gustavo Garc\u00eda nunca fue una persona de conflictos.<\/p>\n\n\n\n<p>Durante treinta y cuatro a\u00f1os, el n\u00famero 907 de la calle Valencia ha sido el hogar de este viudo, de 61 a\u00f1os de edad, cuyo estudio de 391 pies cuadrados se ubica en uno de los corredores del Distrito Misi\u00f3n, que sufre el desplazamiento m\u00e1s acelerado. A menudo, \u00e9l mismo se ha encargado de reparar los desperfectos de su vivienda, para evitar roces con la empresa propietaria.<\/p>\n\n\n\n<p class=\"has-text-align-center\"><em><a href=\"https:\/\/eltecolote.org\/content\/en\/sf-tenant-rent-strikes\/\" type=\"link\" id=\"https:\/\/eltecolote.org\/content\/en\/sf-tenant-rent-strikes\/\">Read this story in English<\/a><\/em><\/p>\n\n\n\n<p>Pero el a\u00f1o pasado, despu\u00e9s de que un incendio da\u00f1ara partes del edificio, Garc\u00eda relat\u00f3 que la administraci\u00f3n de Mosser Living ofreci\u00f3 una compensaci\u00f3n de 4 mil d\u00f3lares a cada habitante para desalojar sus viviendas.<\/p>\n\n\n\n<p>En lugar de irse, quienes residen en el edificio organizaron una asociaci\u00f3n vecinal y lanzaron una huelga de renta el 2 de marzo contra esta corporaci\u00f3n propietaria, la segunda m\u00e1s grande de San Francisco.<\/p>\n\n\n\n<p>\u201cNo tengo miedo\u201d, reconoci\u00f3 Garc\u00eda. \u201cTengo coraje\u201d.<\/p>\n\n\n\n<p>Garc\u00eda se suma a un n\u00famero en aumento de personas inquilinas de la ciudad que se est\u00e1n organizando entre s\u00ed para declararse en huelga de renta, una t\u00e1ctica que, seg\u00fan quienes lideran el esfuerzo, est\u00e1 obligando a las empresas arrendadoras a negociar reparaciones y reembolsos.&nbsp;<\/p>\n\n\n\n<figure class=\"wp-block-image size-full\"><img loading=\"lazy\" decoding=\"async\" width=\"1000\" height=\"667\" src=\"https:\/\/i0.wp.com\/eltecolote.org\/content\/wp-content\/uploads\/2026\/03\/03042026_RentStriker_ET_EG.jpg.webp?fit=1000%2C667&amp;quality=80&amp;ssl=1\" alt=\"\" class=\"wp-image-71233\" srcset=\"https:\/\/i0.wp.com\/eltecolote.org\/content\/wp-content\/uploads\/2026\/03\/03042026_RentStriker_ET_EG.jpg.webp?w=1000&amp;quality=80&amp;ssl=1 1000w, https:\/\/i0.wp.com\/eltecolote.org\/content\/wp-content\/uploads\/2026\/03\/03042026_RentStriker_ET_EG.jpg.webp?resize=360%2C240&amp;quality=80&amp;ssl=1 360w, https:\/\/i0.wp.com\/eltecolote.org\/content\/wp-content\/uploads\/2026\/03\/03042026_RentStriker_ET_EG.jpg.webp?resize=600%2C400&amp;quality=80&amp;ssl=1 600w, https:\/\/i0.wp.com\/eltecolote.org\/content\/wp-content\/uploads\/2026\/03\/03042026_RentStriker_ET_EG.jpg.webp?resize=768%2C512&amp;quality=80&amp;ssl=1 768w, https:\/\/i0.wp.com\/eltecolote.org\/content\/wp-content\/uploads\/2026\/03\/03042026_RentStriker_ET_EG.jpg.webp?resize=400%2C267&amp;quality=80&amp;ssl=1 400w\" sizes=\"auto, (max-width: 1000px) 100vw, 1000px\" \/><figcaption class=\"wp-element-caption\">Gustavo Garc\u00eda, de 62 a\u00f1os de edad, en el pasillo de su edificio en el 907 de la calle Valencia, en el Distrito Misi\u00f3n, en San Francisco, California. Garc\u00eda se encuentra junto a los tablones de madera que cubren los da\u00f1os de un incendio ocurrido hace un a\u00f1o. En el suelo a\u00fan se aprecian manchas de agua del siniestro que la propiedad no ha reparado. Foto: Emma Garc\u00eda para <em>El Tecolote<\/em>.<\/figcaption><\/figure>\n\n\n\n<p><strong>Un referente poderoso para la organizaci\u00f3n comunitaria inquilina<\/strong><\/p>\n\n\n\n<p>Quienes organizan a las y los inquilinos afirman que las huelgas de renta se han vuelto comunes en San Francisco en a\u00f1os recientes, particularmente desde que la ciudad aprob\u00f3 en 2022 la ordenanza pionera &#8216;Sindicato en el Hogar&#8217;.<\/p>\n\n\n\n<p>Esta ley permite a las personas inquilinas formar asociaciones por edificio y requiere que la propiedad negocie con la organizaci\u00f3n de buena fe. Adem\u00e1s, clasifica actividades como tocar puertas, repartir volantes y realizar reuniones como \u2018servicios de vivienda\u2019 oficiales. Si la parte arrendadora interfiere con estos derechos o se niega a negociar, las personas inquilinas pueden solicitar una reducci\u00f3n de renta ante la Junta de Rentas de la ciudad.<\/p>\n\n\n\n<p>De acuerdo con un <a href=\"https:\/\/docs.google.com\/document\/d\/1hvW5y097SwyxT_i2XJmQ_yTz7KyvaiSr\/edit\">reporte<\/a> del Centro Laboral de la UC Berkeley, habitantes de unos 50 edificios en San Francisco \u2014que representan m\u00e1s de mil unidades\u2014 formaron asociaciones inquilinas durante el primer a\u00f1o de vigencia de la ley<\/p>\n\n\n\n<p>Desde entonces, se han producido al menos siete huelgas de renta en la ciudad, principalmente en barrios como el Tenderloin y la Misi\u00f3n. All\u00ed, el com\u00fan denominador entre las personas inquilinas es que cuentan con bajos ingresos, son de origen migrante o pertenecen a la tercera edad, seg\u00fan el Comit\u00e9 de Derechos de Vivienda de San Francisco, (HRCSF, por sus siglas en ingl\u00e9s).<\/p>\n\n\n\n<p>La ley no garantiza concesiones, pero otorga a las personas inquilinas un marco legal para construir mayor\u00edas y presionar a la propiedad para que negocie.<\/p>\n\n\n\n<p>\u201cEn esos edificios en huelga, las personas inquilinas lograron ganar cientos de mil d\u00f3lares en reembolsos de renta\u201d, dijo Hayle Meyerhoff, quien forma parte de la organizaci\u00f3n en grupo.<\/p>\n\n\n\n<figure class=\"wp-block-image size-full\"><img loading=\"lazy\" decoding=\"async\" width=\"1200\" height=\"800\" src=\"https:\/\/i0.wp.com\/eltecolote.org\/content\/wp-content\/uploads\/2026\/03\/03042026_RentStriker_ET_EG-1-scaled.jpg.webp?fit=1200%2C800&amp;quality=80&amp;ssl=1\" alt=\"\" class=\"wp-image-71234\" srcset=\"https:\/\/i0.wp.com\/eltecolote.org\/content\/wp-content\/uploads\/2026\/03\/03042026_RentStriker_ET_EG-1-scaled.jpg.webp?w=1200&amp;quality=80&amp;ssl=1 1200w, https:\/\/i0.wp.com\/eltecolote.org\/content\/wp-content\/uploads\/2026\/03\/03042026_RentStriker_ET_EG-1-scaled.jpg.webp?resize=360%2C240&amp;quality=80&amp;ssl=1 360w, https:\/\/i0.wp.com\/eltecolote.org\/content\/wp-content\/uploads\/2026\/03\/03042026_RentStriker_ET_EG-1-scaled.jpg.webp?resize=600%2C400&amp;quality=80&amp;ssl=1 600w, https:\/\/i0.wp.com\/eltecolote.org\/content\/wp-content\/uploads\/2026\/03\/03042026_RentStriker_ET_EG-1-scaled.jpg.webp?resize=768%2C512&amp;quality=80&amp;ssl=1 768w, https:\/\/i0.wp.com\/eltecolote.org\/content\/wp-content\/uploads\/2026\/03\/03042026_RentStriker_ET_EG-1-scaled.jpg.webp?resize=1024%2C683&amp;quality=80&amp;ssl=1 1024w, https:\/\/i0.wp.com\/eltecolote.org\/content\/wp-content\/uploads\/2026\/03\/03042026_RentStriker_ET_EG-1-scaled.jpg.webp?resize=400%2C267&amp;quality=80&amp;ssl=1 400w\" sizes=\"auto, (max-width: 1000px) 100vw, 1000px\" \/><figcaption class=\"wp-element-caption\">Una puerta cerrada y reforzada con tablones de madera cubre los da\u00f1os de un incendio dentro del edificio en el 907 de la calle Valencia, en el Distrito Misi\u00f3n, en San Francisco, California, el 4 de marzo de 2026. Quienes habitan el inmueble se\u00f1alan que estos da\u00f1os sin resolver son parte de los problemas que impulsaron a la comunidad a iniciar la huelga de renta. Foto: Emma Garc\u00eda para <em>El Tecolote<\/em>.<\/figcaption><\/figure>\n\n\n\n<p><strong>Las huelgas de renta dan grandes resultados<\/strong><\/p>\n\n\n\n<p>Diversas huelgas de renta recientes han logrado importantes concesiones por parte de la propiedad.<\/p>\n\n\n\n<p>En los edificios ubicados en el <a href=\"https:\/\/eltecolote.org\/content\/en\/sf-immigrant-rent-strike\/\">434 de la calle Leavenworth<\/a> y en el <a href=\"https:\/\/www.ktvu.com\/news\/more-sf-tenants-engage-in-rent-strike-to-leverage-demands-from-landlords\">209 de la calle Geary<\/a>, las y los inquilinos negociaron directamente con la inmobiliaria Veritas Investments tras haberse declarado en huelga de renta.&nbsp;&nbsp;<\/p>\n\n\n\n<p>Mathilda Lind Gustavussen, quien se dedica a la investigaci\u00f3n en temas de vivienda y es doctoranda en Sociolog\u00eda por la Universidad Libre de Berl\u00edn, se\u00f1al\u00f3 que dichas negociaciones mejoraron el acceso ling\u00fc\u00edstico, la transparencia en las cl\u00e1usulas de mantenimiento, la sustituci\u00f3n de la administraci\u00f3n del edificio y la reparaci\u00f3n de infracciones graves al c\u00f3digo de vivienda.<\/p>\n\n\n\n<p>Quienes habitan los edificios aseguraron adem\u00e1s una compensaci\u00f3n financiera significativa. Entre ambas propiedades, el reembolso total de renta super\u00f3 el mill\u00f3n de d\u00f3lares, seg\u00fan Gustavussen.<\/p>\n\n\n\n<p>Dichas huelgas de renta surgieron en medio de la inestabilidad financiera de Veritas, empresa que hab\u00eda incumplido el pago de un pr\u00e9stamo de casi mil millones de d\u00f3lares, respaldado por m\u00e1s de 2,500 unidades bajo control de renta.<\/p>\n\n\n\n<p>La ley Sindicato en el Hogar de San Francisco <a href=\"https:\/\/www.tandfonline.com\/doi\/full\/10.1080\/19491247.2024.2414936#d1e252\">resulta m\u00e1s \u00fatil<\/a> para el inquilinato que la Ordenanza contra el Acoso a Inquilinos de Los \u00c1ngeles de 2021, ya que permite que sean las propias personas \u2014y no la ciudad\u2014 quienes exijan cuentas a la propiedad mediante la acci\u00f3n colectiva.<\/p>\n\n\n\n<p>La ley \u2018Sindicato en el Hogar\u2019 parece ser m\u00e1s efectiva para equilibrar el poder, severamente desproporcionado, entre la propiedad y el inquilinato al garantizar el derecho a organizarse y negociar colectivamente, transformando la relaci\u00f3n entre ambas partes bajo la l\u00f3gica de las negociaciones de contratos laborales\u201d, <a href=\"https:\/\/www.tandfonline.com\/doi\/full\/10.1080\/19491247.2024.2414936#d1e252\">escribi\u00f3 Gustavussen<\/a>.<\/p>\n\n\n\n<p>El a\u00f1o pasado, la Asociaci\u00f3n de Personas Inquilinas del 434 de la calle Leavenworth se sum\u00f3 a la huelga de renta de dos a\u00f1os liderada por el inquilinato del <a href=\"https:\/\/sfadc.org\/2024\/09\/21\/781-ofarrell-tenant-association-rent-strike-enters-second-year\/\">781 de la calle O&#8217;Farrell<\/a> contra Veritas, que ahora opera bajo el nombre de Ballast.<\/p>\n\n\n\n<p>A pesar de haber emitido avisos de desalojo contra algunas personas durante la disputa, la propiedad finalmente los suspendi\u00f3 y atendi\u00f3 diversos problemas de mantenimiento, incluyendo plagas de cucarachas y gabinetes de cocina rotos, se\u00f1al\u00f3 Johana Ruiz, habitante de la calle Leavenworth.<\/p>\n\n\n\n<p>\u201cTodas las personas inquilinas trabajamos juntas para lograr esto\u201d, afirm\u00f3. Al recordar los d\u00edas de ansiedad y estr\u00e9s que acompa\u00f1aron la huelga de su asociaci\u00f3n, asegur\u00f3 que vali\u00f3 la pena: las cucarachas han desaparecido de su estudio.<\/p>\n\n\n\n<p>Otro grupo de habitantes consigui\u00f3 lo que el equipo organizador describe como una de las mayores victorias de la ciudad.<\/p>\n\n\n\n<p>En 2024, quienes viven en el 324 de la calle 14 negociaron la venta de su edificio \u2014el cual se encontraba en condiciones cr\u00edticas\u2014 al Fideicomiso de Tierras Comunitarias de San Francisco (SFCLT, tambi\u00e9n por sus siglas en ingl\u00e9s), convirti\u00e9ndolo en vivienda permanentemente asequible.<\/p>\n\n\n\n<figure class=\"wp-block-image size-full\"><img loading=\"lazy\" decoding=\"async\" width=\"1000\" height=\"667\" src=\"https:\/\/i0.wp.com\/eltecolote.org\/content\/wp-content\/uploads\/2026\/03\/03022026_RenterStrike_ET_EG_JPEG-1.jpg.webp?fit=1000%2C667&amp;quality=80&amp;ssl=1\" alt=\"\" class=\"wp-image-71235\" srcset=\"https:\/\/i0.wp.com\/eltecolote.org\/content\/wp-content\/uploads\/2026\/03\/03022026_RenterStrike_ET_EG_JPEG-1.jpg.webp?w=1000&amp;quality=80&amp;ssl=1 1000w, https:\/\/i0.wp.com\/eltecolote.org\/content\/wp-content\/uploads\/2026\/03\/03022026_RenterStrike_ET_EG_JPEG-1.jpg.webp?resize=360%2C240&amp;quality=80&amp;ssl=1 360w, https:\/\/i0.wp.com\/eltecolote.org\/content\/wp-content\/uploads\/2026\/03\/03022026_RenterStrike_ET_EG_JPEG-1.jpg.webp?resize=600%2C400&amp;quality=80&amp;ssl=1 600w, https:\/\/i0.wp.com\/eltecolote.org\/content\/wp-content\/uploads\/2026\/03\/03022026_RenterStrike_ET_EG_JPEG-1.jpg.webp?resize=768%2C512&amp;quality=80&amp;ssl=1 768w, https:\/\/i0.wp.com\/eltecolote.org\/content\/wp-content\/uploads\/2026\/03\/03022026_RenterStrike_ET_EG_JPEG-1.jpg.webp?resize=400%2C267&amp;quality=80&amp;ssl=1 400w\" sizes=\"auto, (max-width: 1000px) 100vw, 1000px\" \/><figcaption class=\"wp-element-caption\">Una manta que dice &#8220;Inquilinos en huelga de renta&#8221; cuelga de una ventana en el 907 de la calle Valencia, en el Distrito Misi\u00f3n, en San Francisco, California, el 4 de marzo de 2026. Las personas residentes del edificio iniciaron la huelga tras denunciar que la propiedad no repar\u00f3 los da\u00f1os del incendio ni otros problemas de mantenimiento. Foto: Emma Garc\u00eda para <em>El Tecolote<\/em>.<\/figcaption><\/figure>\n\n\n\n<p><strong>La presi\u00f3n del desplazamiento impulsa el movimiento inquilino<\/strong><\/p>\n\n\n\n<p>Quienes organizan a la comunidad se\u00f1alan que estos conflictos surgen a medida que los consorcios propietarios adquieren miles de edificios antiguos bajo control de renta en barrios como Misi\u00f3n y Tenderloin.<\/p>\n\n\n\n<p>Las corporaciones inversoras suelen buscar el reemplazo de quienes han habitado all\u00ed por a\u00f1os y pagan rentas por debajo del mercado, por nuevas personas que paguen precios actuales, se\u00f1al\u00f3 Molly Goldberg, directora de la Coalici\u00f3n Anti-Desplazamiento de San Francisco.<\/p>\n\n\n\n<p>\u201cLas personas inquilinas est\u00e1n asumiendo la ardua tarea de organizarse entre s\u00ed y est\u00e1n descubriendo que funciona\u201d, afirm\u00f3. \u201cEstos grandes grupos propietarios, cuyo modelo de negocio se basa enteramente en la premisa del desplazamiento, est\u00e1n incumpliendo sus pagos una y otra vez porque el inquilinato se niega a ser desplazado\u201d.<\/p>\n\n\n\n<p>El apartamento de Garc\u00eda es un claro ejemplo de esta presi\u00f3n: paga 715 d\u00f3lares al mes por su estudio bajo control de renta en una ubicaci\u00f3n privilegiada. A solo unas puertas de distancia, a lo largo del corredor de la calle Valencia \u2014cada vez m\u00e1s aburguesado\u2014, un estudio similar se renta por unos 2, 200 d\u00f3lares mensuales.<\/p>\n\n\n\n<p>\u201cQu\u00e9 coincidencia\u201d, dijo Garc\u00eda, \u201cque otro edificio [de Mosser Living] tambi\u00e9n tuviera un incendio como el nuestro\u201d.<\/p>\n\n\n\n<p>Se refer\u00eda al siniestro en el 50 de la avenida Golden Gate, un edificio de apartamentos de seis pisos en el barrio Tenderloin, donde un incendio desplaz\u00f3 a cerca de 130 personas residentes en plena noche, apenas unas semanas antes de la navidad pasada. Muchas de ellas siguen desplazadas.<\/p>\n\n\n\n<p>El Departamento de Bomberos de San Francisco no ha determinado la causa de ninguno de los dos incendios. Mosser Living no respondi\u00f3 a las solicitudes de comentarios por parte de <em>El Tecolote.<\/em><\/p>\n\n\n\n<p>\u201cNo me gusta pelear. Podr\u00eda mudarme, pero no lo har\u00e9\u201d, afirm\u00f3 Garc\u00eda. \u201cPueden reparar los da\u00f1os del incendio en los pasillos sin expulsarnos. Solo pedimos lo que es justo\u201d.<\/p>\n\n\n\n<figure class=\"wp-block-image size-full\"><img loading=\"lazy\" decoding=\"async\" width=\"1000\" height=\"667\" src=\"https:\/\/i0.wp.com\/eltecolote.org\/content\/wp-content\/uploads\/2026\/03\/03042026_RentStriker_ET_EG2.jpg.webp?fit=1000%2C667&amp;quality=80&amp;ssl=1\" alt=\"\" class=\"wp-image-71237\" srcset=\"https:\/\/i0.wp.com\/eltecolote.org\/content\/wp-content\/uploads\/2026\/03\/03042026_RentStriker_ET_EG2.jpg.webp?w=1000&amp;quality=80&amp;ssl=1 1000w, https:\/\/i0.wp.com\/eltecolote.org\/content\/wp-content\/uploads\/2026\/03\/03042026_RentStriker_ET_EG2.jpg.webp?resize=360%2C240&amp;quality=80&amp;ssl=1 360w, https:\/\/i0.wp.com\/eltecolote.org\/content\/wp-content\/uploads\/2026\/03\/03042026_RentStriker_ET_EG2.jpg.webp?resize=600%2C400&amp;quality=80&amp;ssl=1 600w, https:\/\/i0.wp.com\/eltecolote.org\/content\/wp-content\/uploads\/2026\/03\/03042026_RentStriker_ET_EG2.jpg.webp?resize=768%2C512&amp;quality=80&amp;ssl=1 768w, https:\/\/i0.wp.com\/eltecolote.org\/content\/wp-content\/uploads\/2026\/03\/03042026_RentStriker_ET_EG2.jpg.webp?resize=400%2C267&amp;quality=80&amp;ssl=1 400w\" sizes=\"auto, (max-width: 1000px) 100vw, 1000px\" \/><figcaption class=\"wp-element-caption\">Gustavo Garc\u00eda, de 62 a\u00f1os de edad, en su hogar en el 907 de la calle Valencia, en el Distrito Misi\u00f3n, en San Francisco, California, el 4 de marzo de 2026. Garc\u00eda se\u00f1ala el techo cerca de su puerta, donde tuvo que pintar sobre los da\u00f1os causados por el agua que, seg\u00fan el inquilinato, la administraci\u00f3n no ha reparado. Foto: Emma Garc\u00eda para <em>El Tecolote<\/em>.<\/figcaption><\/figure>\n\n\n\n<p><\/p>\n","protected":false},"excerpt":{"rendered":"<p>La ordenanza Sindicato en el Hogar de San Francisco permite que las y los inquilinos obliguen a la propiedad a negociar durante las huelgas de renta, para obtener reparaciones y reembolsos en el proceso.<\/p>\n","protected":false},"author":88941,"featured_media":71232,"comment_status":"closed","ping_status":"closed","sticky":false,"template":"","format":"standard","meta":{"newspack_popups_has_disabled_popups":false,"newspack_featured_image_position":"large","newspack_post_subtitle":"","newspack_article_summary_title":"Overview:","newspack_article_summary":"","newspack_hide_updated_date":false,"newspack_show_updated_date":false,"footnotes":""},"categories":[3519,3575],"tags":[],"coauthors":[25332],"class_list":["post-71231","post","type-post","status-publish","format-standard","has-post-thumbnail","hentry","category-noticias","category-vivienda-es","entry"],"yoast_head":"<!-- This site is optimized with the Yoast SEO plugin v27.5 - https:\/\/yoast.com\/product\/yoast-seo-wordpress\/ -->\n<title>C\u00f3mo las huelgas de alquiler en SF fuerzan a las partes propietarias a negociar<\/title>\n<meta name=\"description\" content=\"La ordenanza &#039;Sindicato en el Hogar&#039; de San Francisco fortalece las huelgas de renta al permitir negociar colectivamente para obtener reparaciones y reembolsos.\" \/>\n<meta name=\"robots\" content=\"index, follow, max-snippet:-1, max-image-preview:large, max-video-preview:-1\" \/>\n<link rel=\"canonical\" href=\"https:\/\/eltecolote.org\/content\/es\/sf-vivienda-huelga-renta\/\" \/>\n<meta property=\"og:locale\" content=\"en_US\" \/>\n<meta property=\"og:type\" content=\"article\" \/>\n<meta property=\"og:title\" content=\"C\u00f3mo las huelgas de alquiler en SF fuerzan a las partes propietarias a negociar\" \/>\n<meta property=\"og:description\" content=\"La ordenanza &#039;Sindicato en el Hogar&#039; de San Francisco fortalece las huelgas de renta al permitir negociar colectivamente para obtener reparaciones y reembolsos.\" \/>\n<meta property=\"og:url\" content=\"https:\/\/eltecolote.org\/content\/es\/sf-vivienda-huelga-renta\/\" \/>\n<meta property=\"og:site_name\" content=\"El Tecolote\" \/>\n<meta property=\"article:publisher\" content=\"https:\/\/www.facebook.com\/ElTecoloteSF\/\" \/>\n<meta property=\"article:published_time\" content=\"2026-03-14T00:27:37+00:00\" \/>\n<meta property=\"article:modified_time\" content=\"2026-03-14T00:27:54+00:00\" \/>\n<meta property=\"og:image\" content=\"https:\/\/eltecolote.org\/content\/wp-content\/uploads\/2026\/03\/03022026_RenterStrike_ET_EG_JPEG-6.jpg.webp\" \/>\n\t<meta property=\"og:image:width\" content=\"1000\" \/>\n\t<meta property=\"og:image:height\" content=\"667\" \/>\n\t<meta property=\"og:image:type\" content=\"image\/webp\" \/>\n<meta name=\"author\" content=\"Beatriz Johnston Hern\u00e1ndez\" \/>\n<meta name=\"twitter:card\" content=\"summary_large_image\" \/>\n<meta name=\"twitter:creator\" content=\"@eltecolotesf\" \/>\n<meta name=\"twitter:site\" content=\"@eltecolotesf\" \/>\n<meta name=\"twitter:label1\" content=\"Written by\" \/>\n\t<meta name=\"twitter:data1\" content=\"Beatriz Johnston Hern\u00e1ndez\" \/>\n\t<meta name=\"twitter:label2\" content=\"Est. reading time\" \/>\n\t<meta name=\"twitter:data2\" content=\"8 minutes\" \/>\n<script type=\"application\/ld+json\" class=\"yoast-schema-graph\">{\"@context\":\"https:\\\/\\\/schema.org\",\"@graph\":[{\"@type\":\"NewsArticle\",\"@id\":\"https:\\\/\\\/eltecolote.org\\\/content\\\/es\\\/sf-vivienda-huelga-renta\\\/#article\",\"isPartOf\":{\"@id\":\"https:\\\/\\\/eltecolote.org\\\/content\\\/es\\\/sf-vivienda-huelga-renta\\\/\"},\"author\":{\"name\":\"Katie Beas\",\"@id\":\"https:\\\/\\\/eltecolote.org\\\/content\\\/#\\\/schema\\\/person\\\/65c4d8ad9a78a7063038ee8183faeb52\"},\"headline\":\"$1 mill\u00f3n en reembolso de renta: c\u00f3mo las huelgas de renta en SF est\u00e1n forzando a arrendadores a negociar\",\"datePublished\":\"2026-03-14T00:27:37+00:00\",\"dateModified\":\"2026-03-14T00:27:54+00:00\",\"mainEntityOfPage\":{\"@id\":\"https:\\\/\\\/eltecolote.org\\\/content\\\/es\\\/sf-vivienda-huelga-renta\\\/\"},\"wordCount\":1626,\"publisher\":{\"@id\":\"https:\\\/\\\/eltecolote.org\\\/content\\\/#organization\"},\"image\":{\"@id\":\"https:\\\/\\\/eltecolote.org\\\/content\\\/es\\\/sf-vivienda-huelga-renta\\\/#primaryimage\"},\"thumbnailUrl\":\"https:\\\/\\\/i0.wp.com\\\/eltecolote.org\\\/content\\\/wp-content\\\/uploads\\\/2026\\\/03\\\/03022026_RenterStrike_ET_EG_JPEG-6.jpg.webp?fit=1000%2C667&quality=80&ssl=1\",\"articleSection\":[\"Noticias\",\"Vivienda\"],\"inLanguage\":\"en\"},{\"@type\":\"WebPage\",\"@id\":\"https:\\\/\\\/eltecolote.org\\\/content\\\/es\\\/sf-vivienda-huelga-renta\\\/\",\"url\":\"https:\\\/\\\/eltecolote.org\\\/content\\\/es\\\/sf-vivienda-huelga-renta\\\/\",\"name\":\"C\u00f3mo las huelgas de alquiler en SF fuerzan a las partes propietarias a negociar\",\"isPartOf\":{\"@id\":\"https:\\\/\\\/eltecolote.org\\\/content\\\/#website\"},\"primaryImageOfPage\":{\"@id\":\"https:\\\/\\\/eltecolote.org\\\/content\\\/es\\\/sf-vivienda-huelga-renta\\\/#primaryimage\"},\"image\":{\"@id\":\"https:\\\/\\\/eltecolote.org\\\/content\\\/es\\\/sf-vivienda-huelga-renta\\\/#primaryimage\"},\"thumbnailUrl\":\"https:\\\/\\\/i0.wp.com\\\/eltecolote.org\\\/content\\\/wp-content\\\/uploads\\\/2026\\\/03\\\/03022026_RenterStrike_ET_EG_JPEG-6.jpg.webp?fit=1000%2C667&quality=80&ssl=1\",\"datePublished\":\"2026-03-14T00:27:37+00:00\",\"dateModified\":\"2026-03-14T00:27:54+00:00\",\"description\":\"La ordenanza 'Sindicato en el Hogar' de San Francisco fortalece las huelgas de renta al permitir negociar colectivamente para obtener reparaciones y reembolsos.\",\"inLanguage\":\"en\",\"potentialAction\":[{\"@type\":\"ReadAction\",\"target\":[\"https:\\\/\\\/eltecolote.org\\\/content\\\/es\\\/sf-vivienda-huelga-renta\\\/\"]}]},{\"@type\":\"ImageObject\",\"inLanguage\":\"en\",\"@id\":\"https:\\\/\\\/eltecolote.org\\\/content\\\/es\\\/sf-vivienda-huelga-renta\\\/#primaryimage\",\"url\":\"https:\\\/\\\/i0.wp.com\\\/eltecolote.org\\\/content\\\/wp-content\\\/uploads\\\/2026\\\/03\\\/03022026_RenterStrike_ET_EG_JPEG-6.jpg.webp?fit=1000%2C667&quality=80&ssl=1\",\"contentUrl\":\"https:\\\/\\\/i0.wp.com\\\/eltecolote.org\\\/content\\\/wp-content\\\/uploads\\\/2026\\\/03\\\/03022026_RenterStrike_ET_EG_JPEG-6.jpg.webp?fit=1000%2C667&quality=80&ssl=1\",\"width\":1000,\"height\":667,\"caption\":\"El edificio de apartamentos en el 907 de la calle Valencia, en San Francisco, California, exhibe mantas en apoyo a la huelga de renta, el 2 de marzo de 2026. La comunidad organizada inici\u00f3 la protesta tras denunciar la falta de reparaciones tras un incendio ocurrido el a\u00f1o pasado. Foto: Emma Garc\u00eda para El Tecolote.\"},{\"@type\":\"WebSite\",\"@id\":\"https:\\\/\\\/eltecolote.org\\\/content\\\/#website\",\"url\":\"https:\\\/\\\/eltecolote.org\\\/content\\\/\",\"name\":\"El Tecolote\",\"description\":\"San Francisco's Latinx newspaper since 1970\",\"publisher\":{\"@id\":\"https:\\\/\\\/eltecolote.org\\\/content\\\/#organization\"},\"potentialAction\":[{\"@type\":\"SearchAction\",\"target\":{\"@type\":\"EntryPoint\",\"urlTemplate\":\"https:\\\/\\\/eltecolote.org\\\/content\\\/?s={search_term_string}\"},\"query-input\":{\"@type\":\"PropertyValueSpecification\",\"valueRequired\":true,\"valueName\":\"search_term_string\"}}],\"inLanguage\":\"en\"},{\"@type\":\"Organization\",\"@id\":\"https:\\\/\\\/eltecolote.org\\\/content\\\/#organization\",\"name\":\"El Tecolote\",\"url\":\"https:\\\/\\\/eltecolote.org\\\/content\\\/\",\"logo\":{\"@type\":\"ImageObject\",\"inLanguage\":\"en\",\"@id\":\"https:\\\/\\\/eltecolote.org\\\/content\\\/#\\\/schema\\\/logo\\\/image\\\/\",\"url\":\"https:\\\/\\\/i0.wp.com\\\/eltecolote.org\\\/content\\\/wp-content\\\/uploads\\\/2021\\\/05\\\/ETlogo-1.jpg?fit=400%2C400&ssl=1\",\"contentUrl\":\"https:\\\/\\\/i0.wp.com\\\/eltecolote.org\\\/content\\\/wp-content\\\/uploads\\\/2021\\\/05\\\/ETlogo-1.jpg?fit=400%2C400&ssl=1\",\"width\":400,\"height\":400,\"caption\":\"El Tecolote\"},\"image\":{\"@id\":\"https:\\\/\\\/eltecolote.org\\\/content\\\/#\\\/schema\\\/logo\\\/image\\\/\"},\"sameAs\":[\"https:\\\/\\\/www.facebook.com\\\/ElTecoloteSF\\\/\",\"https:\\\/\\\/x.com\\\/eltecolotesf\",\"https:\\\/\\\/www.instagram.com\\\/eltecolotesf\\\/\"]},{\"@type\":\"Person\",\"@id\":\"https:\\\/\\\/eltecolote.org\\\/content\\\/#\\\/schema\\\/person\\\/65c4d8ad9a78a7063038ee8183faeb52\",\"name\":\"Katie Beas\",\"image\":{\"@type\":\"ImageObject\",\"inLanguage\":\"en\",\"@id\":\"https:\\\/\\\/secure.gravatar.com\\\/avatar\\\/dd0b28c9e7d26e5bfff599fec169594bdefe752cf974596325d36fdd59c26d32?s=96&d=mm&r=g29e9ee46b2a6e462bc368b837bbe11a2\",\"url\":\"https:\\\/\\\/secure.gravatar.com\\\/avatar\\\/dd0b28c9e7d26e5bfff599fec169594bdefe752cf974596325d36fdd59c26d32?s=96&d=mm&r=g\",\"contentUrl\":\"https:\\\/\\\/secure.gravatar.com\\\/avatar\\\/dd0b28c9e7d26e5bfff599fec169594bdefe752cf974596325d36fdd59c26d32?s=96&d=mm&r=g\",\"caption\":\"Katie Beas\"},\"description\":\"Katie Beas is a professional dedicated to the written word, with more than a decade of experience as a Spanish-language translator, copy editor and educator. Originally from Jalisco, Mexico, she has focused her career on building communication bridges in both the journalistic and academic fields. Since 2012, Katie has been part of El Tecolote, where her work as translator and copy editor has ensured the quality and accuracy of the Spanish-language content, both in print and on the newsroom's digital platforms. Her passion for education is reflected in her long career as a professor of Hispanic Literature at the University of Guadalajara, Mexico, a role she began in 2007 and has also taught online since 2011. In addition, throughout her career in San Francisco, California, Katie has actively collaborated with various nonprofit organizations to support the immigrant community. Her contributions have been key in editing and producing content, as well as in disseminating vital information for monolingual Spanish-speaking Latinos, helping facilitate access to essential resources and empowering the communities she serves. As of August, Katie Beas has taken on the role of Managing Editor of El Tecolote. Her mission is to strengthen the newspaper\u2019s connection with San Francisco\u2019s migrant and Latino communities through bilingual service journalism. To that end, she will expand access to Spanish-language content and reinforce the newspaper\u2019s presence in the Spanish-speaking community, supporting key initiatives such as the WhatsApp news service, the print and digital events calendar, resource guides and other editorial content designed specifically for Spanish-speaking audiences.\",\"url\":\"https:\\\/\\\/eltecolote.org\\\/content\\\/author\\\/katie-beas\\\/\"}]}<\/script>\n<!-- \/ Yoast SEO plugin. -->","yoast_head_json":{"title":"C\u00f3mo las huelgas de alquiler en SF fuerzan a las partes propietarias a negociar","description":"La ordenanza 'Sindicato en el Hogar' de San Francisco fortalece las huelgas de renta al permitir negociar colectivamente para obtener reparaciones y reembolsos.","robots":{"index":"index","follow":"follow","max-snippet":"max-snippet:-1","max-image-preview":"max-image-preview:large","max-video-preview":"max-video-preview:-1"},"canonical":"https:\/\/eltecolote.org\/content\/es\/sf-vivienda-huelga-renta\/","og_locale":"en_US","og_type":"article","og_title":"C\u00f3mo las huelgas de alquiler en SF fuerzan a las partes propietarias a negociar","og_description":"La ordenanza 'Sindicato en el Hogar' de San Francisco fortalece las huelgas de renta al permitir negociar colectivamente para obtener reparaciones y reembolsos.","og_url":"https:\/\/eltecolote.org\/content\/es\/sf-vivienda-huelga-renta\/","og_site_name":"El Tecolote","article_publisher":"https:\/\/www.facebook.com\/ElTecoloteSF\/","article_published_time":"2026-03-14T00:27:37+00:00","article_modified_time":"2026-03-14T00:27:54+00:00","og_image":[{"width":1000,"height":667,"url":"https:\/\/eltecolote.org\/content\/wp-content\/uploads\/2026\/03\/03022026_RenterStrike_ET_EG_JPEG-6.jpg.webp","type":"image\/webp"}],"author":"Beatriz Johnston Hern\u00e1ndez","twitter_card":"summary_large_image","twitter_creator":"@eltecolotesf","twitter_site":"@eltecolotesf","twitter_misc":{"Written by":"Beatriz Johnston Hern\u00e1ndez","Est. reading time":"8 minutes"},"schema":{"@context":"https:\/\/schema.org","@graph":[{"@type":"NewsArticle","@id":"https:\/\/eltecolote.org\/content\/es\/sf-vivienda-huelga-renta\/#article","isPartOf":{"@id":"https:\/\/eltecolote.org\/content\/es\/sf-vivienda-huelga-renta\/"},"author":{"name":"Katie Beas","@id":"https:\/\/eltecolote.org\/content\/#\/schema\/person\/65c4d8ad9a78a7063038ee8183faeb52"},"headline":"$1 mill\u00f3n en reembolso de renta: c\u00f3mo las huelgas de renta en SF est\u00e1n forzando a arrendadores a negociar","datePublished":"2026-03-14T00:27:37+00:00","dateModified":"2026-03-14T00:27:54+00:00","mainEntityOfPage":{"@id":"https:\/\/eltecolote.org\/content\/es\/sf-vivienda-huelga-renta\/"},"wordCount":1626,"publisher":{"@id":"https:\/\/eltecolote.org\/content\/#organization"},"image":{"@id":"https:\/\/eltecolote.org\/content\/es\/sf-vivienda-huelga-renta\/#primaryimage"},"thumbnailUrl":"https:\/\/i0.wp.com\/eltecolote.org\/content\/wp-content\/uploads\/2026\/03\/03022026_RenterStrike_ET_EG_JPEG-6.jpg.webp?fit=1000%2C667&quality=80&ssl=1","articleSection":["Noticias","Vivienda"],"inLanguage":"en"},{"@type":"WebPage","@id":"https:\/\/eltecolote.org\/content\/es\/sf-vivienda-huelga-renta\/","url":"https:\/\/eltecolote.org\/content\/es\/sf-vivienda-huelga-renta\/","name":"C\u00f3mo las huelgas de alquiler en SF fuerzan a las partes propietarias a negociar","isPartOf":{"@id":"https:\/\/eltecolote.org\/content\/#website"},"primaryImageOfPage":{"@id":"https:\/\/eltecolote.org\/content\/es\/sf-vivienda-huelga-renta\/#primaryimage"},"image":{"@id":"https:\/\/eltecolote.org\/content\/es\/sf-vivienda-huelga-renta\/#primaryimage"},"thumbnailUrl":"https:\/\/i0.wp.com\/eltecolote.org\/content\/wp-content\/uploads\/2026\/03\/03022026_RenterStrike_ET_EG_JPEG-6.jpg.webp?fit=1000%2C667&quality=80&ssl=1","datePublished":"2026-03-14T00:27:37+00:00","dateModified":"2026-03-14T00:27:54+00:00","description":"La ordenanza 'Sindicato en el Hogar' de San Francisco fortalece las huelgas de renta al permitir negociar colectivamente para obtener reparaciones y reembolsos.","inLanguage":"en","potentialAction":[{"@type":"ReadAction","target":["https:\/\/eltecolote.org\/content\/es\/sf-vivienda-huelga-renta\/"]}]},{"@type":"ImageObject","inLanguage":"en","@id":"https:\/\/eltecolote.org\/content\/es\/sf-vivienda-huelga-renta\/#primaryimage","url":"https:\/\/i0.wp.com\/eltecolote.org\/content\/wp-content\/uploads\/2026\/03\/03022026_RenterStrike_ET_EG_JPEG-6.jpg.webp?fit=1000%2C667&quality=80&ssl=1","contentUrl":"https:\/\/i0.wp.com\/eltecolote.org\/content\/wp-content\/uploads\/2026\/03\/03022026_RenterStrike_ET_EG_JPEG-6.jpg.webp?fit=1000%2C667&quality=80&ssl=1","width":1000,"height":667,"caption":"El edificio de apartamentos en el 907 de la calle Valencia, en San Francisco, California, exhibe mantas en apoyo a la huelga de renta, el 2 de marzo de 2026. La comunidad organizada inici\u00f3 la protesta tras denunciar la falta de reparaciones tras un incendio ocurrido el a\u00f1o pasado. Foto: Emma Garc\u00eda para El Tecolote."},{"@type":"WebSite","@id":"https:\/\/eltecolote.org\/content\/#website","url":"https:\/\/eltecolote.org\/content\/","name":"El Tecolote","description":"San Francisco's Latinx newspaper since 1970","publisher":{"@id":"https:\/\/eltecolote.org\/content\/#organization"},"potentialAction":[{"@type":"SearchAction","target":{"@type":"EntryPoint","urlTemplate":"https:\/\/eltecolote.org\/content\/?s={search_term_string}"},"query-input":{"@type":"PropertyValueSpecification","valueRequired":true,"valueName":"search_term_string"}}],"inLanguage":"en"},{"@type":"Organization","@id":"https:\/\/eltecolote.org\/content\/#organization","name":"El Tecolote","url":"https:\/\/eltecolote.org\/content\/","logo":{"@type":"ImageObject","inLanguage":"en","@id":"https:\/\/eltecolote.org\/content\/#\/schema\/logo\/image\/","url":"https:\/\/i0.wp.com\/eltecolote.org\/content\/wp-content\/uploads\/2021\/05\/ETlogo-1.jpg?fit=400%2C400&ssl=1","contentUrl":"https:\/\/i0.wp.com\/eltecolote.org\/content\/wp-content\/uploads\/2021\/05\/ETlogo-1.jpg?fit=400%2C400&ssl=1","width":400,"height":400,"caption":"El Tecolote"},"image":{"@id":"https:\/\/eltecolote.org\/content\/#\/schema\/logo\/image\/"},"sameAs":["https:\/\/www.facebook.com\/ElTecoloteSF\/","https:\/\/x.com\/eltecolotesf","https:\/\/www.instagram.com\/eltecolotesf\/"]},{"@type":"Person","@id":"https:\/\/eltecolote.org\/content\/#\/schema\/person\/65c4d8ad9a78a7063038ee8183faeb52","name":"Katie Beas","image":{"@type":"ImageObject","inLanguage":"en","@id":"https:\/\/secure.gravatar.com\/avatar\/dd0b28c9e7d26e5bfff599fec169594bdefe752cf974596325d36fdd59c26d32?s=96&d=mm&r=g29e9ee46b2a6e462bc368b837bbe11a2","url":"https:\/\/secure.gravatar.com\/avatar\/dd0b28c9e7d26e5bfff599fec169594bdefe752cf974596325d36fdd59c26d32?s=96&d=mm&r=g","contentUrl":"https:\/\/secure.gravatar.com\/avatar\/dd0b28c9e7d26e5bfff599fec169594bdefe752cf974596325d36fdd59c26d32?s=96&d=mm&r=g","caption":"Katie Beas"},"description":"Katie Beas is a professional dedicated to the written word, with more than a decade of experience as a Spanish-language translator, copy editor and educator. Originally from Jalisco, Mexico, she has focused her career on building communication bridges in both the journalistic and academic fields. Since 2012, Katie has been part of El Tecolote, where her work as translator and copy editor has ensured the quality and accuracy of the Spanish-language content, both in print and on the newsroom's digital platforms. Her passion for education is reflected in her long career as a professor of Hispanic Literature at the University of Guadalajara, Mexico, a role she began in 2007 and has also taught online since 2011. In addition, throughout her career in San Francisco, California, Katie has actively collaborated with various nonprofit organizations to support the immigrant community. Her contributions have been key in editing and producing content, as well as in disseminating vital information for monolingual Spanish-speaking Latinos, helping facilitate access to essential resources and empowering the communities she serves. As of August, Katie Beas has taken on the role of Managing Editor of El Tecolote. Her mission is to strengthen the newspaper\u2019s connection with San Francisco\u2019s migrant and Latino communities through bilingual service journalism. To that end, she will expand access to Spanish-language content and reinforce the newspaper\u2019s presence in the Spanish-speaking community, supporting key initiatives such as the WhatsApp news service, the print and digital events calendar, resource guides and other editorial content designed specifically for Spanish-speaking audiences.","url":"https:\/\/eltecolote.org\/content\/author\/katie-beas\/"}]}},"distributor_meta":false,"distributor_terms":false,"distributor_media":false,"distributor_original_site_name":"El Tecolote","distributor_original_site_url":"https:\/\/eltecolote.org\/content","push-errors":false,"_links":{"self":[{"href":"https:\/\/eltecolote.org\/content\/wp-json\/wp\/v2\/posts\/71231","targetHints":{"allow":["GET"]}}],"collection":[{"href":"https:\/\/eltecolote.org\/content\/wp-json\/wp\/v2\/posts"}],"about":[{"href":"https:\/\/eltecolote.org\/content\/wp-json\/wp\/v2\/types\/post"}],"author":[{"embeddable":true,"href":"https:\/\/eltecolote.org\/content\/wp-json\/wp\/v2\/users\/88941"}],"replies":[{"embeddable":true,"href":"https:\/\/eltecolote.org\/content\/wp-json\/wp\/v2\/comments?post=71231"}],"version-history":[{"count":3,"href":"https:\/\/eltecolote.org\/content\/wp-json\/wp\/v2\/posts\/71231\/revisions"}],"predecessor-version":[{"id":71239,"href":"https:\/\/eltecolote.org\/content\/wp-json\/wp\/v2\/posts\/71231\/revisions\/71239"}],"wp:featuredmedia":[{"embeddable":true,"href":"https:\/\/eltecolote.org\/content\/wp-json\/wp\/v2\/media\/71232"}],"wp:attachment":[{"href":"https:\/\/eltecolote.org\/content\/wp-json\/wp\/v2\/media?parent=71231"}],"wp:term":[{"taxonomy":"category","embeddable":true,"href":"https:\/\/eltecolote.org\/content\/wp-json\/wp\/v2\/categories?post=71231"},{"taxonomy":"post_tag","embeddable":true,"href":"https:\/\/eltecolote.org\/content\/wp-json\/wp\/v2\/tags?post=71231"},{"taxonomy":"author","embeddable":true,"href":"https:\/\/eltecolote.org\/content\/wp-json\/wp\/v2\/coauthors?post=71231"}],"curies":[{"name":"wp","href":"https:\/\/api.w.org\/{rel}","templated":true}]}}