{"id":70293,"date":"2026-01-22T17:11:12","date_gmt":"2026-01-23T01:11:12","guid":{"rendered":"https:\/\/eltecolote.org\/content\/?p=70293"},"modified":"2026-01-22T17:11:15","modified_gmt":"2026-01-23T01:11:15","slug":"carpoolers-sfmoma-alejandro-cartagena","status":"publish","type":"post","link":"https:\/\/eltecolote.org\/content\/es\/carpoolers-sfmoma-alejandro-cartagena\/","title":{"rendered":"\u2018Carpool\u2019 en el SFMOMA: im\u00e1genes virales que captan la vida laboral latina\u00a0"},"content":{"rendered":"\n<p>En la parte trasera de una camioneta azul marino, un hombre mayor yace completamente estirado, abierto de brazos y piernas en forma de estrella. Su rostro apunta hacia el cielo: est\u00e1 profundamente dormido.<\/p>\n\n\n\n<p>Esta es una de las primeras fotograf\u00edas que las personas visitantes encuentran en la actual exposici\u00f3n del SFMOMA, <em>Ground Rules<\/em>, que destaca la obra del fot\u00f3grafo Alejandro Cartagena.<\/p>\n\n\n\n<p class=\"has-text-align-center\"><em><a href=\"https:\/\/eltecolote.org\/content\/en\/carpool-alejandro-cartagena-sfmoma\/\" type=\"link\" id=\"https:\/\/eltecolote.org\/content\/en\/carpool-alejandro-cartagena-sfmoma\/\">Read this story in English<\/a><\/em><\/p>\n\n\n\n<p>La imagen pertenece a su serie \u2018Carpool\u2019, realizada entre 2011 y 2012. En ella, el artista documenta la cotidianidad de las personas que viajan en la parte posterior de camionetas en Monterrey, M\u00e9xico. A trav\u00e9s de una toma a\u00e9rea desde los pasos elevados de las autopistas, las fotograf\u00edas muestran a quienes trabajan en el campo, familias y ni\u00f1as y ni\u00f1os compartiendo comida, durmiendo o descansando tras largas jornadas de trabajo.<\/p>\n\n\n\n<p>A m\u00e1s de una d\u00e9cada, contin\u00faa circulando ampliamente en las redes sociales.&nbsp;<\/p>\n\n\n\n<p>\u201cNo pens\u00e9 que la gente se identificar\u00eda con las im\u00e1genes\u201d, dijo Cartagena en <a href=\"https:\/\/www.instagram.com\/reel\/DR5NfgkkgGd\/?utm_source=ig_web_copy_link&amp;igsh=MzRlODBiNWFlZA==\">entrevista<\/a> reciente con <em>El Tecolote<\/em> y <em>48 Hills<\/em>. Lo que inspir\u00f3 la serie, explic\u00f3, fue el deseo de captar a Monterrey desde una perspectiva distinta.&nbsp;&nbsp;<\/p>\n\n\n\n<figure class=\"wp-block-image size-large is-resized\"><img data-recalc-dims=\"1\" loading=\"lazy\" decoding=\"async\" width=\"295\" height=\"480\" src=\"https:\/\/i0.wp.com\/eltecolote.org\/content\/wp-content\/uploads\/2026\/01\/01_Alejandro-Cartagena-Carpoolers-21-from-the-series-Carpoolers-2011-12.jpg.webp?resize=295%2C480&#038;quality=80&#038;ssl=1\" alt=\"\" class=\"wp-image-70295\" style=\"width:810px;height:auto\" srcset=\"https:\/\/i0.wp.com\/eltecolote.org\/content\/wp-content\/uploads\/2026\/01\/01_Alejandro-Cartagena-Carpoolers-21-from-the-series-Carpoolers-2011-12.jpg.webp?resize=295%2C480&amp;quality=80&amp;ssl=1 295w, https:\/\/i0.wp.com\/eltecolote.org\/content\/wp-content\/uploads\/2026\/01\/01_Alejandro-Cartagena-Carpoolers-21-from-the-series-Carpoolers-2011-12.jpg.webp?resize=154%2C250&amp;quality=80&amp;ssl=1 154w, https:\/\/i0.wp.com\/eltecolote.org\/content\/wp-content\/uploads\/2026\/01\/01_Alejandro-Cartagena-Carpoolers-21-from-the-series-Carpoolers-2011-12.jpg.webp?resize=400%2C650&amp;quality=80&amp;ssl=1 400w, https:\/\/i0.wp.com\/eltecolote.org\/content\/wp-content\/uploads\/2026\/01\/01_Alejandro-Cartagena-Carpoolers-21-from-the-series-Carpoolers-2011-12.jpg.webp?w=630&amp;quality=80&amp;ssl=1 630w\" sizes=\"auto, (max-width: 295px) 100vw, 295px\" \/><figcaption class=\"wp-element-caption\">Varios trabajadores descansan en la parte trasera de una camioneta en Monterrey, M\u00e9xico, fotograf\u00eda que forma parte de la serie &#8216;Carpoolers&#8217; de Alejandro Cartagena, que documenta la cotidianidad y la vida laboral. Foto cortes\u00eda: SFMOMA.<\/figcaption><\/figure>\n\n\n\n<p>Al regresar al mismo lugar a lo largo un a\u00f1o, este fot\u00f3grafo comenz\u00f3 a identificar a la misma gente con el cambio de las estaciones: \u201cQuer\u00eda representar la vida cotidiana de las personas trabajadoras. Ese momento de tanto dolor por el que atravesaba mi pa\u00eds\u201d.<\/p>\n\n\n\n<p>En esa \u00e9poca, la ciudad mexicana de Monterrey atravesaba por la extrema violencia resultado de la guerra entre los c\u00e1rteles <a href=\"https:\/\/www.npr.org\/2010\/06\/25\/128085047\/drug-war-besieges-mexicos-northern-metropolis\">Los Zetas y de Sinaloa<\/a>.&nbsp;<\/p>\n\n\n\n<p>Cartagena naci\u00f3 en Rep\u00fablica Dominicana en 1977 y se mud\u00f3 a Monterrey en 1990.&nbsp;<\/p>\n\n\n\n<p>Inici\u00f3 \u2018Carpool\u2019 en 2011 con el objetivo de visibilizar la cotidianidad en la vida de las personas, cuyas historias quedaban eclipsadas por la violencia que las rodeaba. Fue una tarea compleja; en cierto momento, confes\u00f3, consider\u00f3 abandonar el proyecto por completo.<\/p>\n\n\n\n<p>Ahora, considera su trabajo como una invitaci\u00f3n para que la gente se detenga a observar: \u201cTambi\u00e9n se convirti\u00f3 en una historia sobre c\u00f3mo funciona una ciudad, y c\u00f3mo estamos ante una repetici\u00f3n\u201d, se\u00f1ala el fot\u00f3grafo. \u201cComo siempre estamos en movimiento, parece que todo es caos, pero si te detienes, ver\u00e1s estos patrones\u201d .<\/p>\n\n\n\n<figure class=\"wp-block-image size-large is-resized\"><img data-recalc-dims=\"1\" loading=\"lazy\" decoding=\"async\" width=\"600\" height=\"438\" src=\"https:\/\/i0.wp.com\/eltecolote.org\/content\/wp-content\/uploads\/2026\/01\/x2025.5064_02_P02-Artsy-JPEG_4000-pixels-long-scaled.jpg.webp?resize=600%2C438&#038;quality=80&#038;ssl=1\" alt=\"\" class=\"wp-image-70296\" style=\"width:810px;height:auto\" srcset=\"https:\/\/i0.wp.com\/eltecolote.org\/content\/wp-content\/uploads\/2026\/01\/x2025.5064_02_P02-Artsy-JPEG_4000-pixels-long-scaled.jpg.webp?resize=600%2C438&amp;quality=80&amp;ssl=1 600w, https:\/\/i0.wp.com\/eltecolote.org\/content\/wp-content\/uploads\/2026\/01\/x2025.5064_02_P02-Artsy-JPEG_4000-pixels-long-scaled.jpg.webp?resize=343%2C250&amp;quality=80&amp;ssl=1 343w, https:\/\/i0.wp.com\/eltecolote.org\/content\/wp-content\/uploads\/2026\/01\/x2025.5064_02_P02-Artsy-JPEG_4000-pixels-long-scaled.jpg.webp?resize=768%2C560&amp;quality=80&amp;ssl=1 768w, https:\/\/i0.wp.com\/eltecolote.org\/content\/wp-content\/uploads\/2026\/01\/x2025.5064_02_P02-Artsy-JPEG_4000-pixels-long-scaled.jpg.webp?resize=1024%2C747&amp;quality=80&amp;ssl=1 1024w, https:\/\/i0.wp.com\/eltecolote.org\/content\/wp-content\/uploads\/2026\/01\/x2025.5064_02_P02-Artsy-JPEG_4000-pixels-long-scaled.jpg.webp?resize=400%2C292&amp;quality=80&amp;ssl=1 400w, https:\/\/i0.wp.com\/eltecolote.org\/content\/wp-content\/uploads\/2026\/01\/x2025.5064_02_P02-Artsy-JPEG_4000-pixels-long-scaled.jpg.webp?w=1200&amp;quality=80&amp;ssl=1 1200w\" sizes=\"auto, (max-width: 600px) 100vw, 600px\" \/><figcaption class=\"wp-element-caption\">Fotograf\u00edas de &#8216;Ground Rules&#8217;, exhibici\u00f3n de Alejandro Cartagena actualmente abierta al p\u00fablico en el SFMOMA de San Francisco. Foto cortes\u00eda: SFMOMA.<\/figcaption><\/figure>\n\n\n\n<p>Una tarde en el SFMOMA, Netanya Buenrostro, de origen mexicano y guatemalteco, de 22 a\u00f1os de edad y estudiante del California College of the Arts, recorr\u00eda la exposici\u00f3n: \u201cQuer\u00eda venir a apoyar a otro artista latino\u201d, coment\u00f3. \u201cDe verdad me inspir\u00f3\u201d.<\/p>\n\n\n\n<p>Buenrostro reconoci\u00f3 que la obra de Cartagena le record\u00f3 a ella y a su familia, al regresar a casa con el cansancio de un largo d\u00eda de trabajo en la construcci\u00f3n.&nbsp;&nbsp;<\/p>\n\n\n\n<p>Por su parte, Andr\u00e9s Ruiz, un joven de 26 a\u00f1os de edad, de origen mexicano y nacido en San Francisco, recuerda haberse enterado de esta exposici\u00f3n en internet cuando se volvi\u00f3 viral. Ruiz, quien actualmente vive y trabaja como barbero en San Bruno, afirma que ver las fotograf\u00edas en persona fue una experiencia poderosa: \u201cMe provoca cierta emoci\u00f3n que, a mi parecer, quienes no sean de origen mexicano o latino podr\u00e1n entender. Lo podr\u00e1n apreciar, m\u00e1s no entender\u00e1n el sentimiento real que hay detr\u00e1s. Veo a mis t\u00edas, a mis t\u00edos y a mis primos. Me causa mucho dolor pero tambi\u00e9n alegr\u00eda, y orgullo de mi cultura y mi gente\u201d.<\/p>\n\n\n\n<p>Ruiz aprecia que el SFMOMA haya creado el espacio para que la comunidad latina se vea representada con autenticidad a trav\u00e9s de un artista latino.&nbsp;<\/p>\n\n\n\n<p>En internet, hay quienes desde la cr\u00edtica han planteado preocupaci\u00f3n sobre la privacidad de las personas retratadas. Por el contrario, hay quienes sostienen que las im\u00e1genes son un retrato honesto de la vida: \u201cSiento que, si las fotos han circulado durante tanto tiempo y no ha tenido consecuencias negativas, probablemente est\u00e9 bien\u201d, coment\u00f3 Kota Borsdorf, quien visitaba el museo para celebrar su cumplea\u00f1os n\u00famero 26. \u201cObviamente, si hubieran tenido alg\u00fan impacto negativo, ser\u00eda importante considerarlo. Pero si no fue as\u00ed, creo que es m\u00e1s relevante que estas fotos se muestren y que el p\u00fablico las vea. Creo que el beneficio es mayor. No siempre se puede ocultar c\u00f3mo es la realidad\u201d<\/p>\n\n\n\n<p>Buenrostro coincide: \u201cPienso que se sentir\u00e1n honradas en saberse representadas\u201d.\u00a0<\/p>\n\n\n\n<p><em>Ground Rules<\/em> se encuentra en exhibici\u00f3n en el SFMOMA hasta el 19 de abril de 2026.<\/p>\n\n\n\n<figure class=\"wp-block-image size-large is-resized\"><img data-recalc-dims=\"1\" loading=\"lazy\" decoding=\"async\" width=\"600\" height=\"404\" src=\"https:\/\/i0.wp.com\/eltecolote.org\/content\/wp-content\/uploads\/2026\/01\/x2025.5064_17_P02-Artsy-JPEG_4000-pixels-long.jpg.webp?resize=600%2C404&#038;quality=80&#038;ssl=1\" alt=\"\" class=\"wp-image-70297\" style=\"width:810px;height:auto\" srcset=\"https:\/\/i0.wp.com\/eltecolote.org\/content\/wp-content\/uploads\/2026\/01\/x2025.5064_17_P02-Artsy-JPEG_4000-pixels-long.jpg.webp?resize=600%2C404&amp;quality=80&amp;ssl=1 600w, https:\/\/i0.wp.com\/eltecolote.org\/content\/wp-content\/uploads\/2026\/01\/x2025.5064_17_P02-Artsy-JPEG_4000-pixels-long.jpg.webp?resize=360%2C242&amp;quality=80&amp;ssl=1 360w, https:\/\/i0.wp.com\/eltecolote.org\/content\/wp-content\/uploads\/2026\/01\/x2025.5064_17_P02-Artsy-JPEG_4000-pixels-long.jpg.webp?resize=768%2C516&amp;quality=80&amp;ssl=1 768w, https:\/\/i0.wp.com\/eltecolote.org\/content\/wp-content\/uploads\/2026\/01\/x2025.5064_17_P02-Artsy-JPEG_4000-pixels-long.jpg.webp?resize=1024%2C689&amp;quality=80&amp;ssl=1 1024w, https:\/\/i0.wp.com\/eltecolote.org\/content\/wp-content\/uploads\/2026\/01\/x2025.5064_17_P02-Artsy-JPEG_4000-pixels-long.jpg.webp?resize=400%2C269&amp;quality=80&amp;ssl=1 400w, https:\/\/i0.wp.com\/eltecolote.org\/content\/wp-content\/uploads\/2026\/01\/x2025.5064_17_P02-Artsy-JPEG_4000-pixels-long.jpg.webp?w=1200&amp;quality=80&amp;ssl=1 1200w\" sizes=\"auto, (max-width: 600px) 100vw, 600px\" \/><figcaption class=\"wp-element-caption\">La exhibici\u00f3n &#8216;Ground Rules&#8217; de Alejandro Cartagena, se encuentra actualmente abierta al p\u00fablico en el SFMOMA de San Francisco. Foto cortes\u00eda: SFMOMA.<\/figcaption><\/figure>\n\n\n\n<p><\/p>\n","protected":false},"excerpt":{"rendered":"<p>Realizada entre 2011 y 2012 y captada desde los pasos elevados de las autopistas, la serie &#8216;Carpoolers&#8217; de Alejandro Cartagena documenta la cotidianidad laboral, la vida familiar y la resiliencia en Monterrey, M\u00e9xico.<\/p>\n","protected":false},"author":88941,"featured_media":70294,"comment_status":"closed","ping_status":"closed","sticky":false,"template":"","format":"standard","meta":{"newspack_popups_has_disabled_popups":false,"newspack_featured_image_position":"large","newspack_post_subtitle":"","newspack_article_summary_title":"Overview:","newspack_article_summary":"","newspack_hide_updated_date":false,"newspack_show_updated_date":false,"footnotes":""},"categories":[25378],"tags":[],"coauthors":[25474],"class_list":["post-70293","post","type-post","status-publish","format-standard","has-post-thumbnail","hentry","category-arte-cultura","entry"],"yoast_head":"<!-- This site is optimized with the Yoast SEO plugin v27.5 - https:\/\/yoast.com\/product\/yoast-seo-wordpress\/ -->\n<title>&#039;Carpoolers&#039; en el SFMOMA: la serie fotogr\u00e1fica de Alejandro Cartagena que resuena en la comunidad latina<\/title>\n<meta name=\"description\" content=\"Retratada desde las alturas de las autopistas de Monterrey, M\u00e9xico, la serie fotogr\u00e1fica &#039;Carpoolers&#039; de Alejandro Cartagena es una cr\u00f3nica visual sobre la resiliencia y la colectividad.\" \/>\n<meta name=\"robots\" content=\"index, follow, max-snippet:-1, max-image-preview:large, max-video-preview:-1\" \/>\n<link rel=\"canonical\" href=\"https:\/\/eltecolote.org\/content\/es\/carpoolers-sfmoma-alejandro-cartagena\/\" \/>\n<meta property=\"og:locale\" content=\"en_US\" \/>\n<meta property=\"og:type\" content=\"article\" \/>\n<meta property=\"og:title\" content=\"&#039;Carpoolers&#039; en el SFMOMA: la serie fotogr\u00e1fica de Alejandro Cartagena que resuena en la comunidad latina\" \/>\n<meta property=\"og:description\" content=\"Retratada desde las alturas de las autopistas de Monterrey, M\u00e9xico, la serie fotogr\u00e1fica &#039;Carpoolers&#039; de Alejandro Cartagena es una cr\u00f3nica visual sobre la resiliencia y la colectividad.\" \/>\n<meta property=\"og:url\" content=\"https:\/\/eltecolote.org\/content\/es\/carpoolers-sfmoma-alejandro-cartagena\/\" \/>\n<meta property=\"og:site_name\" content=\"El Tecolote\" \/>\n<meta property=\"article:publisher\" content=\"https:\/\/www.facebook.com\/ElTecoloteSF\/\" \/>\n<meta property=\"article:published_time\" content=\"2026-01-23T01:11:12+00:00\" \/>\n<meta property=\"article:modified_time\" content=\"2026-01-23T01:11:15+00:00\" \/>\n<meta property=\"og:image\" content=\"https:\/\/eltecolote.org\/content\/wp-content\/uploads\/2026\/01\/7C1A9836.jpg.webp\" \/>\n\t<meta property=\"og:image:width\" content=\"1000\" \/>\n\t<meta property=\"og:image:height\" content=\"667\" \/>\n\t<meta property=\"og:image:type\" content=\"image\/webp\" \/>\n<meta name=\"author\" content=\"Emma Garcia\" \/>\n<meta name=\"twitter:card\" content=\"summary_large_image\" \/>\n<meta name=\"twitter:creator\" content=\"@eltecolotesf\" \/>\n<meta name=\"twitter:site\" content=\"@eltecolotesf\" \/>\n<meta name=\"twitter:label1\" content=\"Written by\" \/>\n\t<meta name=\"twitter:data1\" content=\"Emma Garcia\" \/>\n\t<meta name=\"twitter:label2\" content=\"Est. reading time\" \/>\n\t<meta name=\"twitter:data2\" content=\"4 minutes\" \/>\n<script type=\"application\/ld+json\" class=\"yoast-schema-graph\">{\"@context\":\"https:\\\/\\\/schema.org\",\"@graph\":[{\"@type\":\"NewsArticle\",\"@id\":\"https:\\\/\\\/eltecolote.org\\\/content\\\/es\\\/carpoolers-sfmoma-alejandro-cartagena\\\/#article\",\"isPartOf\":{\"@id\":\"https:\\\/\\\/eltecolote.org\\\/content\\\/es\\\/carpoolers-sfmoma-alejandro-cartagena\\\/\"},\"author\":{\"name\":\"Katie Beas\",\"@id\":\"https:\\\/\\\/eltecolote.org\\\/content\\\/#\\\/schema\\\/person\\\/65c4d8ad9a78a7063038ee8183faeb52\"},\"headline\":\"\u2018Carpool\u2019 en el SFMOMA: im\u00e1genes virales que captan la vida laboral latina\u00a0\",\"datePublished\":\"2026-01-23T01:11:12+00:00\",\"dateModified\":\"2026-01-23T01:11:15+00:00\",\"mainEntityOfPage\":{\"@id\":\"https:\\\/\\\/eltecolote.org\\\/content\\\/es\\\/carpoolers-sfmoma-alejandro-cartagena\\\/\"},\"wordCount\":866,\"publisher\":{\"@id\":\"https:\\\/\\\/eltecolote.org\\\/content\\\/#organization\"},\"image\":{\"@id\":\"https:\\\/\\\/eltecolote.org\\\/content\\\/es\\\/carpoolers-sfmoma-alejandro-cartagena\\\/#primaryimage\"},\"thumbnailUrl\":\"https:\\\/\\\/i0.wp.com\\\/eltecolote.org\\\/content\\\/wp-content\\\/uploads\\\/2026\\\/01\\\/7C1A9836.jpg.webp?fit=1000%2C667&quality=80&ssl=1\",\"articleSection\":[\"Arte y Cultura\"],\"inLanguage\":\"en\"},{\"@type\":\"WebPage\",\"@id\":\"https:\\\/\\\/eltecolote.org\\\/content\\\/es\\\/carpoolers-sfmoma-alejandro-cartagena\\\/\",\"url\":\"https:\\\/\\\/eltecolote.org\\\/content\\\/es\\\/carpoolers-sfmoma-alejandro-cartagena\\\/\",\"name\":\"'Carpoolers' en el SFMOMA: la serie fotogr\u00e1fica de Alejandro Cartagena que resuena en la comunidad latina\",\"isPartOf\":{\"@id\":\"https:\\\/\\\/eltecolote.org\\\/content\\\/#website\"},\"primaryImageOfPage\":{\"@id\":\"https:\\\/\\\/eltecolote.org\\\/content\\\/es\\\/carpoolers-sfmoma-alejandro-cartagena\\\/#primaryimage\"},\"image\":{\"@id\":\"https:\\\/\\\/eltecolote.org\\\/content\\\/es\\\/carpoolers-sfmoma-alejandro-cartagena\\\/#primaryimage\"},\"thumbnailUrl\":\"https:\\\/\\\/i0.wp.com\\\/eltecolote.org\\\/content\\\/wp-content\\\/uploads\\\/2026\\\/01\\\/7C1A9836.jpg.webp?fit=1000%2C667&quality=80&ssl=1\",\"datePublished\":\"2026-01-23T01:11:12+00:00\",\"dateModified\":\"2026-01-23T01:11:15+00:00\",\"description\":\"Retratada desde las alturas de las autopistas de Monterrey, M\u00e9xico, la serie fotogr\u00e1fica 'Carpoolers' de Alejandro Cartagena es una cr\u00f3nica visual sobre la resiliencia y la colectividad.\",\"inLanguage\":\"en\",\"potentialAction\":[{\"@type\":\"ReadAction\",\"target\":[\"https:\\\/\\\/eltecolote.org\\\/content\\\/es\\\/carpoolers-sfmoma-alejandro-cartagena\\\/\"]}]},{\"@type\":\"ImageObject\",\"inLanguage\":\"en\",\"@id\":\"https:\\\/\\\/eltecolote.org\\\/content\\\/es\\\/carpoolers-sfmoma-alejandro-cartagena\\\/#primaryimage\",\"url\":\"https:\\\/\\\/i0.wp.com\\\/eltecolote.org\\\/content\\\/wp-content\\\/uploads\\\/2026\\\/01\\\/7C1A9836.jpg.webp?fit=1000%2C667&quality=80&ssl=1\",\"contentUrl\":\"https:\\\/\\\/i0.wp.com\\\/eltecolote.org\\\/content\\\/wp-content\\\/uploads\\\/2026\\\/01\\\/7C1A9836.jpg.webp?fit=1000%2C667&quality=80&ssl=1\",\"width\":1000,\"height\":667,\"caption\":\"Una persona observa fotograf\u00edas de la serie 'Carpoolers' de Alejandro Cartagena, en exhibici\u00f3n en el Museo de Arte Moderno de San Francisco (SFMOMA) en San Francisco, California, en enero de 2026. Foto: Emma Garc\u00eda.\"},{\"@type\":\"WebSite\",\"@id\":\"https:\\\/\\\/eltecolote.org\\\/content\\\/#website\",\"url\":\"https:\\\/\\\/eltecolote.org\\\/content\\\/\",\"name\":\"El Tecolote\",\"description\":\"San Francisco's Latinx newspaper since 1970\",\"publisher\":{\"@id\":\"https:\\\/\\\/eltecolote.org\\\/content\\\/#organization\"},\"potentialAction\":[{\"@type\":\"SearchAction\",\"target\":{\"@type\":\"EntryPoint\",\"urlTemplate\":\"https:\\\/\\\/eltecolote.org\\\/content\\\/?s={search_term_string}\"},\"query-input\":{\"@type\":\"PropertyValueSpecification\",\"valueRequired\":true,\"valueName\":\"search_term_string\"}}],\"inLanguage\":\"en\"},{\"@type\":\"Organization\",\"@id\":\"https:\\\/\\\/eltecolote.org\\\/content\\\/#organization\",\"name\":\"El Tecolote\",\"url\":\"https:\\\/\\\/eltecolote.org\\\/content\\\/\",\"logo\":{\"@type\":\"ImageObject\",\"inLanguage\":\"en\",\"@id\":\"https:\\\/\\\/eltecolote.org\\\/content\\\/#\\\/schema\\\/logo\\\/image\\\/\",\"url\":\"https:\\\/\\\/i0.wp.com\\\/eltecolote.org\\\/content\\\/wp-content\\\/uploads\\\/2021\\\/05\\\/ETlogo-1.jpg?fit=400%2C400&ssl=1\",\"contentUrl\":\"https:\\\/\\\/i0.wp.com\\\/eltecolote.org\\\/content\\\/wp-content\\\/uploads\\\/2021\\\/05\\\/ETlogo-1.jpg?fit=400%2C400&ssl=1\",\"width\":400,\"height\":400,\"caption\":\"El Tecolote\"},\"image\":{\"@id\":\"https:\\\/\\\/eltecolote.org\\\/content\\\/#\\\/schema\\\/logo\\\/image\\\/\"},\"sameAs\":[\"https:\\\/\\\/www.facebook.com\\\/ElTecoloteSF\\\/\",\"https:\\\/\\\/x.com\\\/eltecolotesf\",\"https:\\\/\\\/www.instagram.com\\\/eltecolotesf\\\/\"]},{\"@type\":\"Person\",\"@id\":\"https:\\\/\\\/eltecolote.org\\\/content\\\/#\\\/schema\\\/person\\\/65c4d8ad9a78a7063038ee8183faeb52\",\"name\":\"Katie Beas\",\"image\":{\"@type\":\"ImageObject\",\"inLanguage\":\"en\",\"@id\":\"https:\\\/\\\/secure.gravatar.com\\\/avatar\\\/dd0b28c9e7d26e5bfff599fec169594bdefe752cf974596325d36fdd59c26d32?s=96&d=mm&r=g29e9ee46b2a6e462bc368b837bbe11a2\",\"url\":\"https:\\\/\\\/secure.gravatar.com\\\/avatar\\\/dd0b28c9e7d26e5bfff599fec169594bdefe752cf974596325d36fdd59c26d32?s=96&d=mm&r=g\",\"contentUrl\":\"https:\\\/\\\/secure.gravatar.com\\\/avatar\\\/dd0b28c9e7d26e5bfff599fec169594bdefe752cf974596325d36fdd59c26d32?s=96&d=mm&r=g\",\"caption\":\"Katie Beas\"},\"description\":\"Katie Beas is a professional dedicated to the written word, with more than a decade of experience as a Spanish-language translator, copy editor and educator. Originally from Jalisco, Mexico, she has focused her career on building communication bridges in both the journalistic and academic fields. Since 2012, Katie has been part of El Tecolote, where her work as translator and copy editor has ensured the quality and accuracy of the Spanish-language content, both in print and on the newsroom's digital platforms. Her passion for education is reflected in her long career as a professor of Hispanic Literature at the University of Guadalajara, Mexico, a role she began in 2007 and has also taught online since 2011. In addition, throughout her career in San Francisco, California, Katie has actively collaborated with various nonprofit organizations to support the immigrant community. Her contributions have been key in editing and producing content, as well as in disseminating vital information for monolingual Spanish-speaking Latinos, helping facilitate access to essential resources and empowering the communities she serves. As of August, Katie Beas has taken on the role of Managing Editor of El Tecolote. Her mission is to strengthen the newspaper\u2019s connection with San Francisco\u2019s migrant and Latino communities through bilingual service journalism. To that end, she will expand access to Spanish-language content and reinforce the newspaper\u2019s presence in the Spanish-speaking community, supporting key initiatives such as the WhatsApp news service, the print and digital events calendar, resource guides and other editorial content designed specifically for Spanish-speaking audiences.\",\"url\":\"https:\\\/\\\/eltecolote.org\\\/content\\\/author\\\/katie-beas\\\/\"}]}<\/script>\n<!-- \/ Yoast SEO plugin. -->","yoast_head_json":{"title":"'Carpoolers' en el SFMOMA: la serie fotogr\u00e1fica de Alejandro Cartagena que resuena en la comunidad latina","description":"Retratada desde las alturas de las autopistas de Monterrey, M\u00e9xico, la serie fotogr\u00e1fica 'Carpoolers' de Alejandro Cartagena es una cr\u00f3nica visual sobre la resiliencia y la colectividad.","robots":{"index":"index","follow":"follow","max-snippet":"max-snippet:-1","max-image-preview":"max-image-preview:large","max-video-preview":"max-video-preview:-1"},"canonical":"https:\/\/eltecolote.org\/content\/es\/carpoolers-sfmoma-alejandro-cartagena\/","og_locale":"en_US","og_type":"article","og_title":"'Carpoolers' en el SFMOMA: la serie fotogr\u00e1fica de Alejandro Cartagena que resuena en la comunidad latina","og_description":"Retratada desde las alturas de las autopistas de Monterrey, M\u00e9xico, la serie fotogr\u00e1fica 'Carpoolers' de Alejandro Cartagena es una cr\u00f3nica visual sobre la resiliencia y la colectividad.","og_url":"https:\/\/eltecolote.org\/content\/es\/carpoolers-sfmoma-alejandro-cartagena\/","og_site_name":"El Tecolote","article_publisher":"https:\/\/www.facebook.com\/ElTecoloteSF\/","article_published_time":"2026-01-23T01:11:12+00:00","article_modified_time":"2026-01-23T01:11:15+00:00","og_image":[{"width":1000,"height":667,"url":"https:\/\/eltecolote.org\/content\/wp-content\/uploads\/2026\/01\/7C1A9836.jpg.webp","type":"image\/webp"}],"author":"Emma Garcia","twitter_card":"summary_large_image","twitter_creator":"@eltecolotesf","twitter_site":"@eltecolotesf","twitter_misc":{"Written by":"Emma Garcia","Est. reading time":"4 minutes"},"schema":{"@context":"https:\/\/schema.org","@graph":[{"@type":"NewsArticle","@id":"https:\/\/eltecolote.org\/content\/es\/carpoolers-sfmoma-alejandro-cartagena\/#article","isPartOf":{"@id":"https:\/\/eltecolote.org\/content\/es\/carpoolers-sfmoma-alejandro-cartagena\/"},"author":{"name":"Katie Beas","@id":"https:\/\/eltecolote.org\/content\/#\/schema\/person\/65c4d8ad9a78a7063038ee8183faeb52"},"headline":"\u2018Carpool\u2019 en el SFMOMA: im\u00e1genes virales que captan la vida laboral latina\u00a0","datePublished":"2026-01-23T01:11:12+00:00","dateModified":"2026-01-23T01:11:15+00:00","mainEntityOfPage":{"@id":"https:\/\/eltecolote.org\/content\/es\/carpoolers-sfmoma-alejandro-cartagena\/"},"wordCount":866,"publisher":{"@id":"https:\/\/eltecolote.org\/content\/#organization"},"image":{"@id":"https:\/\/eltecolote.org\/content\/es\/carpoolers-sfmoma-alejandro-cartagena\/#primaryimage"},"thumbnailUrl":"https:\/\/i0.wp.com\/eltecolote.org\/content\/wp-content\/uploads\/2026\/01\/7C1A9836.jpg.webp?fit=1000%2C667&quality=80&ssl=1","articleSection":["Arte y Cultura"],"inLanguage":"en"},{"@type":"WebPage","@id":"https:\/\/eltecolote.org\/content\/es\/carpoolers-sfmoma-alejandro-cartagena\/","url":"https:\/\/eltecolote.org\/content\/es\/carpoolers-sfmoma-alejandro-cartagena\/","name":"'Carpoolers' en el SFMOMA: la serie fotogr\u00e1fica de Alejandro Cartagena que resuena en la comunidad latina","isPartOf":{"@id":"https:\/\/eltecolote.org\/content\/#website"},"primaryImageOfPage":{"@id":"https:\/\/eltecolote.org\/content\/es\/carpoolers-sfmoma-alejandro-cartagena\/#primaryimage"},"image":{"@id":"https:\/\/eltecolote.org\/content\/es\/carpoolers-sfmoma-alejandro-cartagena\/#primaryimage"},"thumbnailUrl":"https:\/\/i0.wp.com\/eltecolote.org\/content\/wp-content\/uploads\/2026\/01\/7C1A9836.jpg.webp?fit=1000%2C667&quality=80&ssl=1","datePublished":"2026-01-23T01:11:12+00:00","dateModified":"2026-01-23T01:11:15+00:00","description":"Retratada desde las alturas de las autopistas de Monterrey, M\u00e9xico, la serie fotogr\u00e1fica 'Carpoolers' de Alejandro Cartagena es una cr\u00f3nica visual sobre la resiliencia y la colectividad.","inLanguage":"en","potentialAction":[{"@type":"ReadAction","target":["https:\/\/eltecolote.org\/content\/es\/carpoolers-sfmoma-alejandro-cartagena\/"]}]},{"@type":"ImageObject","inLanguage":"en","@id":"https:\/\/eltecolote.org\/content\/es\/carpoolers-sfmoma-alejandro-cartagena\/#primaryimage","url":"https:\/\/i0.wp.com\/eltecolote.org\/content\/wp-content\/uploads\/2026\/01\/7C1A9836.jpg.webp?fit=1000%2C667&quality=80&ssl=1","contentUrl":"https:\/\/i0.wp.com\/eltecolote.org\/content\/wp-content\/uploads\/2026\/01\/7C1A9836.jpg.webp?fit=1000%2C667&quality=80&ssl=1","width":1000,"height":667,"caption":"Una persona observa fotograf\u00edas de la serie 'Carpoolers' de Alejandro Cartagena, en exhibici\u00f3n en el Museo de Arte Moderno de San Francisco (SFMOMA) en San Francisco, California, en enero de 2026. Foto: Emma Garc\u00eda."},{"@type":"WebSite","@id":"https:\/\/eltecolote.org\/content\/#website","url":"https:\/\/eltecolote.org\/content\/","name":"El Tecolote","description":"San Francisco's Latinx newspaper since 1970","publisher":{"@id":"https:\/\/eltecolote.org\/content\/#organization"},"potentialAction":[{"@type":"SearchAction","target":{"@type":"EntryPoint","urlTemplate":"https:\/\/eltecolote.org\/content\/?s={search_term_string}"},"query-input":{"@type":"PropertyValueSpecification","valueRequired":true,"valueName":"search_term_string"}}],"inLanguage":"en"},{"@type":"Organization","@id":"https:\/\/eltecolote.org\/content\/#organization","name":"El Tecolote","url":"https:\/\/eltecolote.org\/content\/","logo":{"@type":"ImageObject","inLanguage":"en","@id":"https:\/\/eltecolote.org\/content\/#\/schema\/logo\/image\/","url":"https:\/\/i0.wp.com\/eltecolote.org\/content\/wp-content\/uploads\/2021\/05\/ETlogo-1.jpg?fit=400%2C400&ssl=1","contentUrl":"https:\/\/i0.wp.com\/eltecolote.org\/content\/wp-content\/uploads\/2021\/05\/ETlogo-1.jpg?fit=400%2C400&ssl=1","width":400,"height":400,"caption":"El Tecolote"},"image":{"@id":"https:\/\/eltecolote.org\/content\/#\/schema\/logo\/image\/"},"sameAs":["https:\/\/www.facebook.com\/ElTecoloteSF\/","https:\/\/x.com\/eltecolotesf","https:\/\/www.instagram.com\/eltecolotesf\/"]},{"@type":"Person","@id":"https:\/\/eltecolote.org\/content\/#\/schema\/person\/65c4d8ad9a78a7063038ee8183faeb52","name":"Katie Beas","image":{"@type":"ImageObject","inLanguage":"en","@id":"https:\/\/secure.gravatar.com\/avatar\/dd0b28c9e7d26e5bfff599fec169594bdefe752cf974596325d36fdd59c26d32?s=96&d=mm&r=g29e9ee46b2a6e462bc368b837bbe11a2","url":"https:\/\/secure.gravatar.com\/avatar\/dd0b28c9e7d26e5bfff599fec169594bdefe752cf974596325d36fdd59c26d32?s=96&d=mm&r=g","contentUrl":"https:\/\/secure.gravatar.com\/avatar\/dd0b28c9e7d26e5bfff599fec169594bdefe752cf974596325d36fdd59c26d32?s=96&d=mm&r=g","caption":"Katie Beas"},"description":"Katie Beas is a professional dedicated to the written word, with more than a decade of experience as a Spanish-language translator, copy editor and educator. Originally from Jalisco, Mexico, she has focused her career on building communication bridges in both the journalistic and academic fields. Since 2012, Katie has been part of El Tecolote, where her work as translator and copy editor has ensured the quality and accuracy of the Spanish-language content, both in print and on the newsroom's digital platforms. Her passion for education is reflected in her long career as a professor of Hispanic Literature at the University of Guadalajara, Mexico, a role she began in 2007 and has also taught online since 2011. In addition, throughout her career in San Francisco, California, Katie has actively collaborated with various nonprofit organizations to support the immigrant community. Her contributions have been key in editing and producing content, as well as in disseminating vital information for monolingual Spanish-speaking Latinos, helping facilitate access to essential resources and empowering the communities she serves. As of August, Katie Beas has taken on the role of Managing Editor of El Tecolote. Her mission is to strengthen the newspaper\u2019s connection with San Francisco\u2019s migrant and Latino communities through bilingual service journalism. To that end, she will expand access to Spanish-language content and reinforce the newspaper\u2019s presence in the Spanish-speaking community, supporting key initiatives such as the WhatsApp news service, the print and digital events calendar, resource guides and other editorial content designed specifically for Spanish-speaking audiences.","url":"https:\/\/eltecolote.org\/content\/author\/katie-beas\/"}]}},"distributor_meta":false,"distributor_terms":false,"distributor_media":false,"distributor_original_site_name":"El Tecolote","distributor_original_site_url":"https:\/\/eltecolote.org\/content","push-errors":false,"_links":{"self":[{"href":"https:\/\/eltecolote.org\/content\/wp-json\/wp\/v2\/posts\/70293","targetHints":{"allow":["GET"]}}],"collection":[{"href":"https:\/\/eltecolote.org\/content\/wp-json\/wp\/v2\/posts"}],"about":[{"href":"https:\/\/eltecolote.org\/content\/wp-json\/wp\/v2\/types\/post"}],"author":[{"embeddable":true,"href":"https:\/\/eltecolote.org\/content\/wp-json\/wp\/v2\/users\/88941"}],"replies":[{"embeddable":true,"href":"https:\/\/eltecolote.org\/content\/wp-json\/wp\/v2\/comments?post=70293"}],"version-history":[{"count":1,"href":"https:\/\/eltecolote.org\/content\/wp-json\/wp\/v2\/posts\/70293\/revisions"}],"predecessor-version":[{"id":70298,"href":"https:\/\/eltecolote.org\/content\/wp-json\/wp\/v2\/posts\/70293\/revisions\/70298"}],"wp:featuredmedia":[{"embeddable":true,"href":"https:\/\/eltecolote.org\/content\/wp-json\/wp\/v2\/media\/70294"}],"wp:attachment":[{"href":"https:\/\/eltecolote.org\/content\/wp-json\/wp\/v2\/media?parent=70293"}],"wp:term":[{"taxonomy":"category","embeddable":true,"href":"https:\/\/eltecolote.org\/content\/wp-json\/wp\/v2\/categories?post=70293"},{"taxonomy":"post_tag","embeddable":true,"href":"https:\/\/eltecolote.org\/content\/wp-json\/wp\/v2\/tags?post=70293"},{"taxonomy":"author","embeddable":true,"href":"https:\/\/eltecolote.org\/content\/wp-json\/wp\/v2\/coauthors?post=70293"}],"curies":[{"name":"wp","href":"https:\/\/api.w.org\/{rel}","templated":true}]}}