{"id":69014,"date":"2025-11-03T12:50:19","date_gmt":"2025-11-03T20:50:19","guid":{"rendered":"https:\/\/eltecolote.org\/content\/?p=69014"},"modified":"2025-11-04T10:41:16","modified_gmt":"2025-11-04T18:41:16","slug":"dia-de-muertos-sf-mission-procession-2025","status":"publish","type":"post","link":"https:\/\/eltecolote.org\/content\/en\/dia-de-muertos-sf-mission-procession-2025\/","title":{"rendered":"Photos show enduring legacy of Mission\u2019s D\u00eda de Muertos procession"},"content":{"rendered":"\n<p>Community has a way of coming together. Dressed as catrinas, dozens of women in skull makeup and flower crowns walked alongside hundreds of others through San Francisco\u2019s Mission District on Sunday for the neighborhood\u2019s 44th annual D\u00eda de Muertos procession. Aztec dancers led the way, their rattles keeping rhythm for families carrying marigolds, candles and portraits of loved ones.<\/p>\n\n\n\n<p>Since the late 1970s, when the Mission\u2019s first D\u00eda de Muertos procesi\u00f3n took shape, Galer\u00eda de la Raza and El Comit\u00e9 de Rescate Cultural have safeguarded its tradition and upheld the grassroots ethos of El Comit\u00e9\u2019s founder, Juan Pablo Guti\u00e9rrez S\u00e1nchez: \u201cNuestros muertos no se venden.\u201d That principle has kept the event in the hands of community artists and neighborhood residents ever since.<\/p>\n\n\n\n<figure class=\"wp-block-image alignwide size-full\"><img data-recalc-dims=\"1\" loading=\"lazy\" decoding=\"async\" width=\"1500\" height=\"1000\" src=\"https:\/\/i0.wp.com\/eltecolote.org\/content\/wp-content\/uploads\/2025\/11\/11022025-DIADEMUERTOS-ET-PU-21.jpg?resize=1500%2C1000&#038;quality=89&#038;ssl=1\" alt=\"\" class=\"wp-image-69006\" srcset=\"https:\/\/i0.wp.com\/eltecolote.org\/content\/wp-content\/uploads\/2025\/11\/11022025-DIADEMUERTOS-ET-PU-21.jpg?w=1500&amp;quality=89&amp;ssl=1 1500w, https:\/\/i0.wp.com\/eltecolote.org\/content\/wp-content\/uploads\/2025\/11\/11022025-DIADEMUERTOS-ET-PU-21.jpg?resize=360%2C240&amp;quality=89&amp;ssl=1 360w, https:\/\/i0.wp.com\/eltecolote.org\/content\/wp-content\/uploads\/2025\/11\/11022025-DIADEMUERTOS-ET-PU-21.jpg?resize=600%2C400&amp;quality=89&amp;ssl=1 600w, https:\/\/i0.wp.com\/eltecolote.org\/content\/wp-content\/uploads\/2025\/11\/11022025-DIADEMUERTOS-ET-PU-21.jpg?resize=768%2C512&amp;quality=89&amp;ssl=1 768w, https:\/\/i0.wp.com\/eltecolote.org\/content\/wp-content\/uploads\/2025\/11\/11022025-DIADEMUERTOS-ET-PU-21.jpg?resize=1200%2C800&amp;quality=89&amp;ssl=1 1200w, https:\/\/i0.wp.com\/eltecolote.org\/content\/wp-content\/uploads\/2025\/11\/11022025-DIADEMUERTOS-ET-PU-21.jpg?resize=1024%2C683&amp;quality=89&amp;ssl=1 1024w, https:\/\/i0.wp.com\/eltecolote.org\/content\/wp-content\/uploads\/2025\/11\/11022025-DIADEMUERTOS-ET-PU-21.jpg?resize=400%2C267&amp;quality=89&amp;ssl=1 400w\" sizes=\"auto, (max-width: 1000px) 100vw, 1000px\" \/><figcaption class=\"wp-element-caption\">People walk along 24th Street for the 44th annual procession for D\u00eda de Muertos in San Francisco, Calif., on Nov. 2, 205. The procession was organized by El Colectivo del Rescate Cultural. Photo: Pablo Unzueta for <em>El Tecolote<\/em>\/CatchLight Local.<\/figcaption><\/figure>\n\n\n\n<figure class=\"wp-block-gallery alignwide has-nested-images columns-default is-cropped wp-block-gallery-1 is-layout-flex wp-block-gallery-is-layout-flex\">\n<figure class=\"wp-block-image size-full\"><img data-recalc-dims=\"1\" loading=\"lazy\" decoding=\"async\" width=\"2560\" height=\"1707\" data-id=\"69017\" src=\"https:\/\/i0.wp.com\/eltecolote.org\/content\/wp-content\/uploads\/2025\/11\/DSC7733-scaled.jpg?resize=2560%2C1707&#038;quality=89&#038;ssl=1\" alt=\"\" class=\"wp-image-69017\" srcset=\"https:\/\/i0.wp.com\/eltecolote.org\/content\/wp-content\/uploads\/2025\/11\/DSC7733-scaled.jpg?w=2560&amp;quality=89&amp;ssl=1 2560w, https:\/\/i0.wp.com\/eltecolote.org\/content\/wp-content\/uploads\/2025\/11\/DSC7733-scaled.jpg?resize=360%2C240&amp;quality=89&amp;ssl=1 360w, https:\/\/i0.wp.com\/eltecolote.org\/content\/wp-content\/uploads\/2025\/11\/DSC7733-scaled.jpg?resize=600%2C400&amp;quality=89&amp;ssl=1 600w, https:\/\/i0.wp.com\/eltecolote.org\/content\/wp-content\/uploads\/2025\/11\/DSC7733-scaled.jpg?resize=768%2C512&amp;quality=89&amp;ssl=1 768w, https:\/\/i0.wp.com\/eltecolote.org\/content\/wp-content\/uploads\/2025\/11\/DSC7733-scaled.jpg?resize=1536%2C1024&amp;quality=89&amp;ssl=1 1536w, https:\/\/i0.wp.com\/eltecolote.org\/content\/wp-content\/uploads\/2025\/11\/DSC7733-scaled.jpg?resize=2048%2C1365&amp;quality=89&amp;ssl=1 2048w, https:\/\/i0.wp.com\/eltecolote.org\/content\/wp-content\/uploads\/2025\/11\/DSC7733-scaled.jpg?resize=1200%2C800&amp;quality=89&amp;ssl=1 1200w, https:\/\/i0.wp.com\/eltecolote.org\/content\/wp-content\/uploads\/2025\/11\/DSC7733-scaled.jpg?resize=1024%2C683&amp;quality=89&amp;ssl=1 1024w, https:\/\/i0.wp.com\/eltecolote.org\/content\/wp-content\/uploads\/2025\/11\/DSC7733-scaled.jpg?resize=1568%2C1045&amp;quality=89&amp;ssl=1 1568w, https:\/\/i0.wp.com\/eltecolote.org\/content\/wp-content\/uploads\/2025\/11\/DSC7733-scaled.jpg?resize=2000%2C1333&amp;quality=89&amp;ssl=1 2000w, https:\/\/i0.wp.com\/eltecolote.org\/content\/wp-content\/uploads\/2025\/11\/DSC7733-scaled.jpg?resize=400%2C267&amp;quality=89&amp;ssl=1 400w\" sizes=\"auto, (max-width: 1000px) 100vw, 1000px\" \/><\/figure>\n\n\n\n<figure class=\"wp-block-image size-full\"><img data-recalc-dims=\"1\" loading=\"lazy\" decoding=\"async\" width=\"2560\" height=\"1707\" data-id=\"69021\" src=\"https:\/\/i0.wp.com\/eltecolote.org\/content\/wp-content\/uploads\/2025\/11\/DSC7910-scaled.jpg?resize=2560%2C1707&#038;quality=89&#038;ssl=1\" alt=\"\" class=\"wp-image-69021\" srcset=\"https:\/\/i0.wp.com\/eltecolote.org\/content\/wp-content\/uploads\/2025\/11\/DSC7910-scaled.jpg?w=2560&amp;quality=89&amp;ssl=1 2560w, https:\/\/i0.wp.com\/eltecolote.org\/content\/wp-content\/uploads\/2025\/11\/DSC7910-scaled.jpg?resize=360%2C240&amp;quality=89&amp;ssl=1 360w, https:\/\/i0.wp.com\/eltecolote.org\/content\/wp-content\/uploads\/2025\/11\/DSC7910-scaled.jpg?resize=600%2C400&amp;quality=89&amp;ssl=1 600w, https:\/\/i0.wp.com\/eltecolote.org\/content\/wp-content\/uploads\/2025\/11\/DSC7910-scaled.jpg?resize=768%2C512&amp;quality=89&amp;ssl=1 768w, https:\/\/i0.wp.com\/eltecolote.org\/content\/wp-content\/uploads\/2025\/11\/DSC7910-scaled.jpg?resize=1536%2C1024&amp;quality=89&amp;ssl=1 1536w, https:\/\/i0.wp.com\/eltecolote.org\/content\/wp-content\/uploads\/2025\/11\/DSC7910-scaled.jpg?resize=2048%2C1365&amp;quality=89&amp;ssl=1 2048w, https:\/\/i0.wp.com\/eltecolote.org\/content\/wp-content\/uploads\/2025\/11\/DSC7910-scaled.jpg?resize=1200%2C800&amp;quality=89&amp;ssl=1 1200w, https:\/\/i0.wp.com\/eltecolote.org\/content\/wp-content\/uploads\/2025\/11\/DSC7910-scaled.jpg?resize=1024%2C683&amp;quality=89&amp;ssl=1 1024w, https:\/\/i0.wp.com\/eltecolote.org\/content\/wp-content\/uploads\/2025\/11\/DSC7910-scaled.jpg?resize=1568%2C1045&amp;quality=89&amp;ssl=1 1568w, https:\/\/i0.wp.com\/eltecolote.org\/content\/wp-content\/uploads\/2025\/11\/DSC7910-scaled.jpg?resize=2000%2C1333&amp;quality=89&amp;ssl=1 2000w, https:\/\/i0.wp.com\/eltecolote.org\/content\/wp-content\/uploads\/2025\/11\/DSC7910-scaled.jpg?resize=400%2C267&amp;quality=89&amp;ssl=1 400w\" sizes=\"auto, (max-width: 1000px) 100vw, 1000px\" \/><\/figure>\n<figcaption class=\"blocks-gallery-caption wp-element-caption\"><br><strong>Left:<\/strong> A woman lights a candle at the Festival of Altars at Potrero del Sol Park in San Francisco, Calif., on Nov. 2, 2025. <strong>Right:<\/strong><br>A catrina joins hundreds of community members celebrating the 44th annual D\u00eda de Muertos procession in San Francisco\u2019s Mission District on Nov. 2, 2025. Photos: Yesica Prado.<\/figcaption><\/figure>\n\n\n\n<figure class=\"wp-block-image alignwide size-full\"><img data-recalc-dims=\"1\" loading=\"lazy\" decoding=\"async\" width=\"2560\" height=\"1707\" src=\"https:\/\/i0.wp.com\/eltecolote.org\/content\/wp-content\/uploads\/2025\/11\/DiaDeLosMuertos2025-3-scaled.jpg?resize=2560%2C1707&#038;quality=89&#038;ssl=1\" alt=\"\" class=\"wp-image-69028\" srcset=\"https:\/\/i0.wp.com\/eltecolote.org\/content\/wp-content\/uploads\/2025\/11\/DiaDeLosMuertos2025-3-scaled.jpg?w=2560&amp;quality=89&amp;ssl=1 2560w, https:\/\/i0.wp.com\/eltecolote.org\/content\/wp-content\/uploads\/2025\/11\/DiaDeLosMuertos2025-3-scaled.jpg?resize=360%2C240&amp;quality=89&amp;ssl=1 360w, https:\/\/i0.wp.com\/eltecolote.org\/content\/wp-content\/uploads\/2025\/11\/DiaDeLosMuertos2025-3-scaled.jpg?resize=600%2C400&amp;quality=89&amp;ssl=1 600w, https:\/\/i0.wp.com\/eltecolote.org\/content\/wp-content\/uploads\/2025\/11\/DiaDeLosMuertos2025-3-scaled.jpg?resize=768%2C512&amp;quality=89&amp;ssl=1 768w, https:\/\/i0.wp.com\/eltecolote.org\/content\/wp-content\/uploads\/2025\/11\/DiaDeLosMuertos2025-3-scaled.jpg?resize=1536%2C1024&amp;quality=89&amp;ssl=1 1536w, https:\/\/i0.wp.com\/eltecolote.org\/content\/wp-content\/uploads\/2025\/11\/DiaDeLosMuertos2025-3-scaled.jpg?resize=2048%2C1365&amp;quality=89&amp;ssl=1 2048w, https:\/\/i0.wp.com\/eltecolote.org\/content\/wp-content\/uploads\/2025\/11\/DiaDeLosMuertos2025-3-scaled.jpg?resize=1200%2C800&amp;quality=89&amp;ssl=1 1200w, https:\/\/i0.wp.com\/eltecolote.org\/content\/wp-content\/uploads\/2025\/11\/DiaDeLosMuertos2025-3-scaled.jpg?resize=1024%2C683&amp;quality=89&amp;ssl=1 1024w, https:\/\/i0.wp.com\/eltecolote.org\/content\/wp-content\/uploads\/2025\/11\/DiaDeLosMuertos2025-3-scaled.jpg?resize=1568%2C1045&amp;quality=89&amp;ssl=1 1568w, https:\/\/i0.wp.com\/eltecolote.org\/content\/wp-content\/uploads\/2025\/11\/DiaDeLosMuertos2025-3-scaled.jpg?resize=2000%2C1333&amp;quality=89&amp;ssl=1 2000w, https:\/\/i0.wp.com\/eltecolote.org\/content\/wp-content\/uploads\/2025\/11\/DiaDeLosMuertos2025-3-scaled.jpg?resize=400%2C267&amp;quality=89&amp;ssl=1 400w\" sizes=\"auto, (max-width: 1000px) 100vw, 1000px\" \/><figcaption class=\"wp-element-caption\">Lourdes Alarc\u00f3n of Comunidad Anqari lights the copal on the altar as a group of musicians perform traditional Andean music in San Francisco, Calif., Nov. 2, 2025. Photo: Karem Rodriguez<\/figcaption><\/figure>\n\n\n\n<p>For many, the Mission\u2019s D\u00eda de Muertos is a day of joy as much as remembrance, and in that joy, a form of defiance. \u201cIt\u2019s always been organic,\u201d said Louie Guti\u00e9rrez, owner of La Reyna Panader\u00eda. \u201cThat\u2019s what makes it tick \u2014 that, with or without anything, the people are going to congregate at 22nd and Bryant at 7 p.m. on November 2.\u201d<\/p>\n\n\n\n<p>In an effort to fundraise for this year\u2019s 44th event, Guti\u00e9rrez gathered cultural workers the night of October 8th at Medicine for Nightmares for Catrina Poes\u00eda y Pachanga in an evening of words, music and art that brought together poets from multiple generations and backgrounds: Josiah Luis Aldrete, Lidia Yanira, Kevin Madrigal Galindo (Chef Papi Chulo), and neighborhood legends Luis de la Garza and Hurac\u00e1n G\u00f3mez, who shared verses of nostalgia and revolution from the Mission and El Salvador.<\/p>\n\n\n\n<figure class=\"wp-block-gallery alignwide has-nested-images columns-default is-cropped wp-block-gallery-2 is-layout-flex wp-block-gallery-is-layout-flex\">\n<figure class=\"wp-block-image size-full\"><img data-recalc-dims=\"1\" loading=\"lazy\" decoding=\"async\" width=\"1500\" height=\"1000\" data-id=\"69004\" src=\"https:\/\/i0.wp.com\/eltecolote.org\/content\/wp-content\/uploads\/2025\/11\/11022025-DIADEMUERTOS-ET-PU-19.jpg?resize=1500%2C1000&#038;quality=89&#038;ssl=1\" alt=\"\" class=\"wp-image-69004\" srcset=\"https:\/\/i0.wp.com\/eltecolote.org\/content\/wp-content\/uploads\/2025\/11\/11022025-DIADEMUERTOS-ET-PU-19.jpg?w=1500&amp;quality=89&amp;ssl=1 1500w, https:\/\/i0.wp.com\/eltecolote.org\/content\/wp-content\/uploads\/2025\/11\/11022025-DIADEMUERTOS-ET-PU-19.jpg?resize=360%2C240&amp;quality=89&amp;ssl=1 360w, https:\/\/i0.wp.com\/eltecolote.org\/content\/wp-content\/uploads\/2025\/11\/11022025-DIADEMUERTOS-ET-PU-19.jpg?resize=600%2C400&amp;quality=89&amp;ssl=1 600w, https:\/\/i0.wp.com\/eltecolote.org\/content\/wp-content\/uploads\/2025\/11\/11022025-DIADEMUERTOS-ET-PU-19.jpg?resize=768%2C512&amp;quality=89&amp;ssl=1 768w, https:\/\/i0.wp.com\/eltecolote.org\/content\/wp-content\/uploads\/2025\/11\/11022025-DIADEMUERTOS-ET-PU-19.jpg?resize=1200%2C800&amp;quality=89&amp;ssl=1 1200w, https:\/\/i0.wp.com\/eltecolote.org\/content\/wp-content\/uploads\/2025\/11\/11022025-DIADEMUERTOS-ET-PU-19.jpg?resize=1024%2C683&amp;quality=89&amp;ssl=1 1024w, https:\/\/i0.wp.com\/eltecolote.org\/content\/wp-content\/uploads\/2025\/11\/11022025-DIADEMUERTOS-ET-PU-19.jpg?resize=400%2C267&amp;quality=89&amp;ssl=1 400w\" sizes=\"auto, (max-width: 1000px) 100vw, 1000px\" \/><\/figure>\n\n\n\n<figure class=\"wp-block-image size-full\"><img data-recalc-dims=\"1\" loading=\"lazy\" decoding=\"async\" width=\"2560\" height=\"1707\" data-id=\"69022\" src=\"https:\/\/i0.wp.com\/eltecolote.org\/content\/wp-content\/uploads\/2025\/11\/DSC7943-scaled.jpg?resize=2560%2C1707&#038;quality=89&#038;ssl=1\" alt=\"\" class=\"wp-image-69022\" srcset=\"https:\/\/i0.wp.com\/eltecolote.org\/content\/wp-content\/uploads\/2025\/11\/DSC7943-scaled.jpg?w=2560&amp;quality=89&amp;ssl=1 2560w, https:\/\/i0.wp.com\/eltecolote.org\/content\/wp-content\/uploads\/2025\/11\/DSC7943-scaled.jpg?resize=360%2C240&amp;quality=89&amp;ssl=1 360w, https:\/\/i0.wp.com\/eltecolote.org\/content\/wp-content\/uploads\/2025\/11\/DSC7943-scaled.jpg?resize=600%2C400&amp;quality=89&amp;ssl=1 600w, https:\/\/i0.wp.com\/eltecolote.org\/content\/wp-content\/uploads\/2025\/11\/DSC7943-scaled.jpg?resize=768%2C512&amp;quality=89&amp;ssl=1 768w, https:\/\/i0.wp.com\/eltecolote.org\/content\/wp-content\/uploads\/2025\/11\/DSC7943-scaled.jpg?resize=1536%2C1024&amp;quality=89&amp;ssl=1 1536w, https:\/\/i0.wp.com\/eltecolote.org\/content\/wp-content\/uploads\/2025\/11\/DSC7943-scaled.jpg?resize=2048%2C1365&amp;quality=89&amp;ssl=1 2048w, https:\/\/i0.wp.com\/eltecolote.org\/content\/wp-content\/uploads\/2025\/11\/DSC7943-scaled.jpg?resize=1200%2C800&amp;quality=89&amp;ssl=1 1200w, https:\/\/i0.wp.com\/eltecolote.org\/content\/wp-content\/uploads\/2025\/11\/DSC7943-scaled.jpg?resize=1024%2C683&amp;quality=89&amp;ssl=1 1024w, https:\/\/i0.wp.com\/eltecolote.org\/content\/wp-content\/uploads\/2025\/11\/DSC7943-scaled.jpg?resize=1568%2C1045&amp;quality=89&amp;ssl=1 1568w, https:\/\/i0.wp.com\/eltecolote.org\/content\/wp-content\/uploads\/2025\/11\/DSC7943-scaled.jpg?resize=2000%2C1333&amp;quality=89&amp;ssl=1 2000w, https:\/\/i0.wp.com\/eltecolote.org\/content\/wp-content\/uploads\/2025\/11\/DSC7943-scaled.jpg?resize=400%2C267&amp;quality=89&amp;ssl=1 400w\" sizes=\"auto, (max-width: 1000px) 100vw, 1000px\" \/><\/figure>\n<figcaption class=\"blocks-gallery-caption wp-element-caption\"><br><strong>Right:<\/strong> Young performers on 24th Street in the Mission District during the 44th annual procession for D\u00eda de Muertos in San Francisco, Calif., on Nov. 2, 205. Photo: Pablo Unzueta for <em>El Tecolote<\/em>\/CatchLight Local. <strong>Left:<\/strong><br>Hundreds of community members filled the streets to celebrate the 44th annual D\u00eda de Muertos procession in San Francisco\u2019s Mission District on Nov. 2, 2025. Photo: Yesica Prado.<\/figcaption><\/figure>\n\n\n\n<figure class=\"wp-block-image alignwide size-full\"><img data-recalc-dims=\"1\" loading=\"lazy\" decoding=\"async\" width=\"1066\" height=\"1600\" src=\"https:\/\/i0.wp.com\/eltecolote.org\/content\/wp-content\/uploads\/2025\/11\/bb90c9ae-4a60-4348-ba0a-ae177ec57d3a.jpg?resize=1066%2C1600&#038;quality=89&#038;ssl=1\" alt=\"\" class=\"wp-image-69026\" srcset=\"https:\/\/i0.wp.com\/eltecolote.org\/content\/wp-content\/uploads\/2025\/11\/bb90c9ae-4a60-4348-ba0a-ae177ec57d3a.jpg?w=1066&amp;quality=89&amp;ssl=1 1066w, https:\/\/i0.wp.com\/eltecolote.org\/content\/wp-content\/uploads\/2025\/11\/bb90c9ae-4a60-4348-ba0a-ae177ec57d3a.jpg?resize=167%2C250&amp;quality=89&amp;ssl=1 167w, https:\/\/i0.wp.com\/eltecolote.org\/content\/wp-content\/uploads\/2025\/11\/bb90c9ae-4a60-4348-ba0a-ae177ec57d3a.jpg?resize=320%2C480&amp;quality=89&amp;ssl=1 320w, https:\/\/i0.wp.com\/eltecolote.org\/content\/wp-content\/uploads\/2025\/11\/bb90c9ae-4a60-4348-ba0a-ae177ec57d3a.jpg?resize=768%2C1153&amp;quality=89&amp;ssl=1 768w, https:\/\/i0.wp.com\/eltecolote.org\/content\/wp-content\/uploads\/2025\/11\/bb90c9ae-4a60-4348-ba0a-ae177ec57d3a.jpg?resize=1023%2C1536&amp;quality=89&amp;ssl=1 1023w, https:\/\/i0.wp.com\/eltecolote.org\/content\/wp-content\/uploads\/2025\/11\/bb90c9ae-4a60-4348-ba0a-ae177ec57d3a.jpg?resize=682%2C1024&amp;quality=89&amp;ssl=1 682w, https:\/\/i0.wp.com\/eltecolote.org\/content\/wp-content\/uploads\/2025\/11\/bb90c9ae-4a60-4348-ba0a-ae177ec57d3a.jpg?resize=400%2C600&amp;quality=89&amp;ssl=1 400w\" sizes=\"auto, (max-width: 1000px) 100vw, 1000px\" \/><figcaption class=\"wp-element-caption\">Alicia Cruz poses in front of Juana Alicia\u2019s mural La Llorona: Sacred Waters during the 44th annual D\u00eda de Muertos procession in San Francisco\u2019s Mission District on Nov. 2, 2025. Photo: John Avalos.<\/figcaption><\/figure>\n\n\n\n<figure class=\"wp-block-image alignwide size-full\"><img data-recalc-dims=\"1\" loading=\"lazy\" decoding=\"async\" width=\"1500\" height=\"1000\" src=\"https:\/\/i0.wp.com\/eltecolote.org\/content\/wp-content\/uploads\/2025\/11\/11022025-DIADEMUERTOS-ET-PU-02.jpg?resize=1500%2C1000&#038;quality=89&#038;ssl=1\" alt=\"\" class=\"wp-image-68987\" srcset=\"https:\/\/i0.wp.com\/eltecolote.org\/content\/wp-content\/uploads\/2025\/11\/11022025-DIADEMUERTOS-ET-PU-02.jpg?w=1500&amp;quality=89&amp;ssl=1 1500w, https:\/\/i0.wp.com\/eltecolote.org\/content\/wp-content\/uploads\/2025\/11\/11022025-DIADEMUERTOS-ET-PU-02.jpg?resize=360%2C240&amp;quality=89&amp;ssl=1 360w, https:\/\/i0.wp.com\/eltecolote.org\/content\/wp-content\/uploads\/2025\/11\/11022025-DIADEMUERTOS-ET-PU-02.jpg?resize=600%2C400&amp;quality=89&amp;ssl=1 600w, https:\/\/i0.wp.com\/eltecolote.org\/content\/wp-content\/uploads\/2025\/11\/11022025-DIADEMUERTOS-ET-PU-02.jpg?resize=768%2C512&amp;quality=89&amp;ssl=1 768w, https:\/\/i0.wp.com\/eltecolote.org\/content\/wp-content\/uploads\/2025\/11\/11022025-DIADEMUERTOS-ET-PU-02.jpg?resize=1200%2C800&amp;quality=89&amp;ssl=1 1200w, https:\/\/i0.wp.com\/eltecolote.org\/content\/wp-content\/uploads\/2025\/11\/11022025-DIADEMUERTOS-ET-PU-02.jpg?resize=1024%2C683&amp;quality=89&amp;ssl=1 1024w, https:\/\/i0.wp.com\/eltecolote.org\/content\/wp-content\/uploads\/2025\/11\/11022025-DIADEMUERTOS-ET-PU-02.jpg?resize=400%2C267&amp;quality=89&amp;ssl=1 400w\" sizes=\"auto, (max-width: 1000px) 100vw, 1000px\" \/><figcaption class=\"wp-element-caption\">Santa Muerte at the Festival of Altars at Potrero del Sol Park in San Francisco, Calif., on Nov. 2, 205. The Mission District had its 44th annual D\u00eda de Muertos procession organized by El Colectivo del Rescate Cultural. Photo: Pablo Unzueta for <em>El Tecolote<\/em>\/CatchLight Local.<\/figcaption><\/figure>\n\n\n\n<p>D\u00eda de los Muertos has always been DIY. \u201cIt\u2019s ours,\u201d said Louie. \u201cI think it\u2019s come to be that way because of the loss of community through gentrification and COVID.\u201dDespite the fear and <a href=\"https:\/\/eltecolote.org\/content\/en\/sf-dia-de-muertos-immigrant-caution\/\">uncertainty<\/a>, Sunday\u2019s procession was packed with Latino families and their children, first at Potrero del Sol Park for the Festival of Altars, then around Bryant and 24th streets. The aromas of burning sage and bacon-wrapped hot dogs filled the chilly air as Selena blared from a lowrider. Surrounding them, people danced in celebration, for both the living and the dead.<\/p>\n\n\n\n<figure class=\"wp-block-image alignwide size-full\"><img data-recalc-dims=\"1\" loading=\"lazy\" decoding=\"async\" width=\"1500\" height=\"1000\" src=\"https:\/\/i0.wp.com\/eltecolote.org\/content\/wp-content\/uploads\/2025\/11\/11022025-DIADEMUERTOS-ET-PU-07.jpg?resize=1500%2C1000&#038;quality=89&#038;ssl=1\" alt=\"\" class=\"wp-image-68992\" srcset=\"https:\/\/i0.wp.com\/eltecolote.org\/content\/wp-content\/uploads\/2025\/11\/11022025-DIADEMUERTOS-ET-PU-07.jpg?w=1500&amp;quality=89&amp;ssl=1 1500w, https:\/\/i0.wp.com\/eltecolote.org\/content\/wp-content\/uploads\/2025\/11\/11022025-DIADEMUERTOS-ET-PU-07.jpg?resize=360%2C240&amp;quality=89&amp;ssl=1 360w, https:\/\/i0.wp.com\/eltecolote.org\/content\/wp-content\/uploads\/2025\/11\/11022025-DIADEMUERTOS-ET-PU-07.jpg?resize=600%2C400&amp;quality=89&amp;ssl=1 600w, https:\/\/i0.wp.com\/eltecolote.org\/content\/wp-content\/uploads\/2025\/11\/11022025-DIADEMUERTOS-ET-PU-07.jpg?resize=768%2C512&amp;quality=89&amp;ssl=1 768w, https:\/\/i0.wp.com\/eltecolote.org\/content\/wp-content\/uploads\/2025\/11\/11022025-DIADEMUERTOS-ET-PU-07.jpg?resize=1200%2C800&amp;quality=89&amp;ssl=1 1200w, https:\/\/i0.wp.com\/eltecolote.org\/content\/wp-content\/uploads\/2025\/11\/11022025-DIADEMUERTOS-ET-PU-07.jpg?resize=1024%2C683&amp;quality=89&amp;ssl=1 1024w, https:\/\/i0.wp.com\/eltecolote.org\/content\/wp-content\/uploads\/2025\/11\/11022025-DIADEMUERTOS-ET-PU-07.jpg?resize=400%2C267&amp;quality=89&amp;ssl=1 400w\" sizes=\"auto, (max-width: 1000px) 100vw, 1000px\" \/><figcaption class=\"wp-element-caption\">Marigolds at the Festival of Altars at Potrero del Sol Park in San Francisco, Calif., on Nov. 2, 205. The Mission District had its 44th annual procession organized by El Colectivo del Rescate Cultural. Photo: Pablo Unzueta for <em>El Tecolote<\/em>\/CatchLight Local.<\/figcaption><\/figure>\n\n\n\n<figure class=\"wp-block-image alignwide size-full\"><img data-recalc-dims=\"1\" loading=\"lazy\" decoding=\"async\" width=\"1500\" height=\"1000\" src=\"https:\/\/i0.wp.com\/eltecolote.org\/content\/wp-content\/uploads\/2025\/11\/11022025-DIADEMUERTOS-ET-PU-13.jpg?resize=1500%2C1000&#038;quality=89&#038;ssl=1\" alt=\"\" class=\"wp-image-68998\" srcset=\"https:\/\/i0.wp.com\/eltecolote.org\/content\/wp-content\/uploads\/2025\/11\/11022025-DIADEMUERTOS-ET-PU-13.jpg?w=1500&amp;quality=89&amp;ssl=1 1500w, https:\/\/i0.wp.com\/eltecolote.org\/content\/wp-content\/uploads\/2025\/11\/11022025-DIADEMUERTOS-ET-PU-13.jpg?resize=360%2C240&amp;quality=89&amp;ssl=1 360w, https:\/\/i0.wp.com\/eltecolote.org\/content\/wp-content\/uploads\/2025\/11\/11022025-DIADEMUERTOS-ET-PU-13.jpg?resize=600%2C400&amp;quality=89&amp;ssl=1 600w, https:\/\/i0.wp.com\/eltecolote.org\/content\/wp-content\/uploads\/2025\/11\/11022025-DIADEMUERTOS-ET-PU-13.jpg?resize=768%2C512&amp;quality=89&amp;ssl=1 768w, https:\/\/i0.wp.com\/eltecolote.org\/content\/wp-content\/uploads\/2025\/11\/11022025-DIADEMUERTOS-ET-PU-13.jpg?resize=1200%2C800&amp;quality=89&amp;ssl=1 1200w, https:\/\/i0.wp.com\/eltecolote.org\/content\/wp-content\/uploads\/2025\/11\/11022025-DIADEMUERTOS-ET-PU-13.jpg?resize=1024%2C683&amp;quality=89&amp;ssl=1 1024w, https:\/\/i0.wp.com\/eltecolote.org\/content\/wp-content\/uploads\/2025\/11\/11022025-DIADEMUERTOS-ET-PU-13.jpg?resize=400%2C267&amp;quality=89&amp;ssl=1 400w\" sizes=\"auto, (max-width: 1000px) 100vw, 1000px\" \/><figcaption class=\"wp-element-caption\">Mario Xander, 39, a Mission-born resident, stands near El Farolito on 24th Street during the 44th annual procession for D\u00eda de Muertos in San Francisco, Calif., on Nov. 2, 205. The procession was organized by El Colectivo del Rescate Cultural. Photo: Pablo Unzueta for <em>El Tecolote<\/em>\/CatchLight Local.<\/figcaption><\/figure>\n\n\n\n<figure class=\"wp-block-image alignwide size-full\"><img data-recalc-dims=\"1\" loading=\"lazy\" decoding=\"async\" width=\"2560\" height=\"1707\" src=\"https:\/\/i0.wp.com\/eltecolote.org\/content\/wp-content\/uploads\/2025\/11\/DSC7960-scaled.jpg?resize=2560%2C1707&#038;quality=89&#038;ssl=1\" alt=\"\" class=\"wp-image-69023\" srcset=\"https:\/\/i0.wp.com\/eltecolote.org\/content\/wp-content\/uploads\/2025\/11\/DSC7960-scaled.jpg?w=2560&amp;quality=89&amp;ssl=1 2560w, https:\/\/i0.wp.com\/eltecolote.org\/content\/wp-content\/uploads\/2025\/11\/DSC7960-scaled.jpg?resize=360%2C240&amp;quality=89&amp;ssl=1 360w, https:\/\/i0.wp.com\/eltecolote.org\/content\/wp-content\/uploads\/2025\/11\/DSC7960-scaled.jpg?resize=600%2C400&amp;quality=89&amp;ssl=1 600w, https:\/\/i0.wp.com\/eltecolote.org\/content\/wp-content\/uploads\/2025\/11\/DSC7960-scaled.jpg?resize=768%2C512&amp;quality=89&amp;ssl=1 768w, https:\/\/i0.wp.com\/eltecolote.org\/content\/wp-content\/uploads\/2025\/11\/DSC7960-scaled.jpg?resize=1536%2C1024&amp;quality=89&amp;ssl=1 1536w, https:\/\/i0.wp.com\/eltecolote.org\/content\/wp-content\/uploads\/2025\/11\/DSC7960-scaled.jpg?resize=2048%2C1365&amp;quality=89&amp;ssl=1 2048w, https:\/\/i0.wp.com\/eltecolote.org\/content\/wp-content\/uploads\/2025\/11\/DSC7960-scaled.jpg?resize=1200%2C800&amp;quality=89&amp;ssl=1 1200w, https:\/\/i0.wp.com\/eltecolote.org\/content\/wp-content\/uploads\/2025\/11\/DSC7960-scaled.jpg?resize=1024%2C683&amp;quality=89&amp;ssl=1 1024w, https:\/\/i0.wp.com\/eltecolote.org\/content\/wp-content\/uploads\/2025\/11\/DSC7960-scaled.jpg?resize=1568%2C1045&amp;quality=89&amp;ssl=1 1568w, https:\/\/i0.wp.com\/eltecolote.org\/content\/wp-content\/uploads\/2025\/11\/DSC7960-scaled.jpg?resize=2000%2C1333&amp;quality=89&amp;ssl=1 2000w, https:\/\/i0.wp.com\/eltecolote.org\/content\/wp-content\/uploads\/2025\/11\/DSC7960-scaled.jpg?resize=400%2C267&amp;quality=89&amp;ssl=1 400w\" sizes=\"auto, (max-width: 1000px) 100vw, 1000px\" \/><figcaption class=\"wp-element-caption\">Hundreds of community members filled the streets to celebrate the 44th annual D\u00eda de Muertos procession in San Francisco\u2019s Mission District on Nov. 2, 2025. Photo: Yesica Prado.<\/figcaption><\/figure>\n\n\n\n<figure class=\"wp-block-image alignwide size-full\"><img data-recalc-dims=\"1\" loading=\"lazy\" decoding=\"async\" width=\"1500\" height=\"1000\" src=\"https:\/\/i0.wp.com\/eltecolote.org\/content\/wp-content\/uploads\/2025\/11\/11022025-DIADEMUERTOS-ET-PU-10.jpg?resize=1500%2C1000&#038;quality=89&#038;ssl=1\" alt=\"\" class=\"wp-image-68995\" srcset=\"https:\/\/i0.wp.com\/eltecolote.org\/content\/wp-content\/uploads\/2025\/11\/11022025-DIADEMUERTOS-ET-PU-10.jpg?w=1500&amp;quality=89&amp;ssl=1 1500w, https:\/\/i0.wp.com\/eltecolote.org\/content\/wp-content\/uploads\/2025\/11\/11022025-DIADEMUERTOS-ET-PU-10.jpg?resize=360%2C240&amp;quality=89&amp;ssl=1 360w, https:\/\/i0.wp.com\/eltecolote.org\/content\/wp-content\/uploads\/2025\/11\/11022025-DIADEMUERTOS-ET-PU-10.jpg?resize=600%2C400&amp;quality=89&amp;ssl=1 600w, https:\/\/i0.wp.com\/eltecolote.org\/content\/wp-content\/uploads\/2025\/11\/11022025-DIADEMUERTOS-ET-PU-10.jpg?resize=768%2C512&amp;quality=89&amp;ssl=1 768w, https:\/\/i0.wp.com\/eltecolote.org\/content\/wp-content\/uploads\/2025\/11\/11022025-DIADEMUERTOS-ET-PU-10.jpg?resize=1200%2C800&amp;quality=89&amp;ssl=1 1200w, https:\/\/i0.wp.com\/eltecolote.org\/content\/wp-content\/uploads\/2025\/11\/11022025-DIADEMUERTOS-ET-PU-10.jpg?resize=1024%2C683&amp;quality=89&amp;ssl=1 1024w, https:\/\/i0.wp.com\/eltecolote.org\/content\/wp-content\/uploads\/2025\/11\/11022025-DIADEMUERTOS-ET-PU-10.jpg?resize=400%2C267&amp;quality=89&amp;ssl=1 400w\" sizes=\"auto, (max-width: 1000px) 100vw, 1000px\" \/><figcaption class=\"wp-element-caption\">Comunidad Anqari, an Andean Indigenous cultural group from South America, perform during the Festival of Altars at Potrero del Sol Park in San Francisco, Calif., on Nov. 2, 205. The Mission District had its 44th annual procession organized by El Colectivo del Rescate Cultural. Photo: Pablo Unzueta for <em>El Tecolote<\/em>\/CatchLight Local.<\/figcaption><\/figure>\n\n\n\n<figure class=\"wp-block-image alignwide size-large\"><img data-recalc-dims=\"1\" loading=\"lazy\" decoding=\"async\" width=\"600\" height=\"400\" src=\"https:\/\/i0.wp.com\/eltecolote.org\/content\/wp-content\/uploads\/2025\/11\/DLM-10.jpg?resize=600%2C400&#038;quality=89&#038;ssl=1\" alt=\"\" class=\"wp-image-69029\" srcset=\"https:\/\/i0.wp.com\/eltecolote.org\/content\/wp-content\/uploads\/2025\/11\/DLM-10.jpg?resize=600%2C400&amp;quality=89&amp;ssl=1 600w, https:\/\/i0.wp.com\/eltecolote.org\/content\/wp-content\/uploads\/2025\/11\/DLM-10.jpg?resize=360%2C240&amp;quality=89&amp;ssl=1 360w, https:\/\/i0.wp.com\/eltecolote.org\/content\/wp-content\/uploads\/2025\/11\/DLM-10.jpg?resize=768%2C512&amp;quality=89&amp;ssl=1 768w, https:\/\/i0.wp.com\/eltecolote.org\/content\/wp-content\/uploads\/2025\/11\/DLM-10.jpg?resize=1536%2C1024&amp;quality=89&amp;ssl=1 1536w, https:\/\/i0.wp.com\/eltecolote.org\/content\/wp-content\/uploads\/2025\/11\/DLM-10.jpg?resize=1200%2C800&amp;quality=89&amp;ssl=1 1200w, https:\/\/i0.wp.com\/eltecolote.org\/content\/wp-content\/uploads\/2025\/11\/DLM-10.jpg?resize=1024%2C683&amp;quality=89&amp;ssl=1 1024w, https:\/\/i0.wp.com\/eltecolote.org\/content\/wp-content\/uploads\/2025\/11\/DLM-10.jpg?resize=1568%2C1045&amp;quality=89&amp;ssl=1 1568w, https:\/\/i0.wp.com\/eltecolote.org\/content\/wp-content\/uploads\/2025\/11\/DLM-10.jpg?resize=2000%2C1333&amp;quality=89&amp;ssl=1 2000w, https:\/\/i0.wp.com\/eltecolote.org\/content\/wp-content\/uploads\/2025\/11\/DLM-10.jpg?resize=400%2C267&amp;quality=89&amp;ssl=1 400w, https:\/\/i0.wp.com\/eltecolote.org\/content\/wp-content\/uploads\/2025\/11\/DLM-10.jpg?w=2048&amp;quality=89&amp;ssl=1 2048w\" sizes=\"auto, (max-width: 600px) 100vw, 600px\" \/><figcaption class=\"wp-element-caption\">Hundreds of community members filled the streets to celebrate the 44th annual D\u00eda de Muertos procession in San Francisco\u2019s Mission District on Nov. 2, 2025. Photo: Tyler Morris.<\/figcaption><\/figure>\n\n\n\n<figure class=\"wp-block-image alignwide size-full\"><img data-recalc-dims=\"1\" loading=\"lazy\" decoding=\"async\" width=\"2048\" height=\"1365\" src=\"https:\/\/i0.wp.com\/eltecolote.org\/content\/wp-content\/uploads\/2025\/11\/DLM-19.jpg?resize=2048%2C1365&#038;quality=89&#038;ssl=1\" alt=\"\" class=\"wp-image-69031\" srcset=\"https:\/\/i0.wp.com\/eltecolote.org\/content\/wp-content\/uploads\/2025\/11\/DLM-19.jpg?w=2048&amp;quality=89&amp;ssl=1 2048w, https:\/\/i0.wp.com\/eltecolote.org\/content\/wp-content\/uploads\/2025\/11\/DLM-19.jpg?resize=360%2C240&amp;quality=89&amp;ssl=1 360w, https:\/\/i0.wp.com\/eltecolote.org\/content\/wp-content\/uploads\/2025\/11\/DLM-19.jpg?resize=600%2C400&amp;quality=89&amp;ssl=1 600w, https:\/\/i0.wp.com\/eltecolote.org\/content\/wp-content\/uploads\/2025\/11\/DLM-19.jpg?resize=768%2C512&amp;quality=89&amp;ssl=1 768w, https:\/\/i0.wp.com\/eltecolote.org\/content\/wp-content\/uploads\/2025\/11\/DLM-19.jpg?resize=1536%2C1024&amp;quality=89&amp;ssl=1 1536w, https:\/\/i0.wp.com\/eltecolote.org\/content\/wp-content\/uploads\/2025\/11\/DLM-19.jpg?resize=1200%2C800&amp;quality=89&amp;ssl=1 1200w, https:\/\/i0.wp.com\/eltecolote.org\/content\/wp-content\/uploads\/2025\/11\/DLM-19.jpg?resize=1024%2C683&amp;quality=89&amp;ssl=1 1024w, https:\/\/i0.wp.com\/eltecolote.org\/content\/wp-content\/uploads\/2025\/11\/DLM-19.jpg?resize=1568%2C1045&amp;quality=89&amp;ssl=1 1568w, https:\/\/i0.wp.com\/eltecolote.org\/content\/wp-content\/uploads\/2025\/11\/DLM-19.jpg?resize=2000%2C1333&amp;quality=89&amp;ssl=1 2000w, https:\/\/i0.wp.com\/eltecolote.org\/content\/wp-content\/uploads\/2025\/11\/DLM-19.jpg?resize=400%2C267&amp;quality=89&amp;ssl=1 400w\" sizes=\"auto, (max-width: 1000px) 100vw, 1000px\" \/><figcaption class=\"wp-element-caption\">Two women pose together during the 44th annual D\u00eda de Muertos procession in San Francisco\u2019s Mission District on Nov. 2, 2025. Photo: Tyler Morris.<\/figcaption><\/figure>\n\n\n\n<figure class=\"wp-block-image alignwide size-full\"><img data-recalc-dims=\"1\" loading=\"lazy\" decoding=\"async\" width=\"1500\" height=\"1000\" src=\"https:\/\/i0.wp.com\/eltecolote.org\/content\/wp-content\/uploads\/2025\/11\/11022025-DIADEMUERTOS-ET-PU-09.jpg?resize=1500%2C1000&#038;quality=89&#038;ssl=1\" alt=\"\" class=\"wp-image-68994\" srcset=\"https:\/\/i0.wp.com\/eltecolote.org\/content\/wp-content\/uploads\/2025\/11\/11022025-DIADEMUERTOS-ET-PU-09.jpg?w=1500&amp;quality=89&amp;ssl=1 1500w, https:\/\/i0.wp.com\/eltecolote.org\/content\/wp-content\/uploads\/2025\/11\/11022025-DIADEMUERTOS-ET-PU-09.jpg?resize=360%2C240&amp;quality=89&amp;ssl=1 360w, https:\/\/i0.wp.com\/eltecolote.org\/content\/wp-content\/uploads\/2025\/11\/11022025-DIADEMUERTOS-ET-PU-09.jpg?resize=600%2C400&amp;quality=89&amp;ssl=1 600w, https:\/\/i0.wp.com\/eltecolote.org\/content\/wp-content\/uploads\/2025\/11\/11022025-DIADEMUERTOS-ET-PU-09.jpg?resize=768%2C512&amp;quality=89&amp;ssl=1 768w, https:\/\/i0.wp.com\/eltecolote.org\/content\/wp-content\/uploads\/2025\/11\/11022025-DIADEMUERTOS-ET-PU-09.jpg?resize=1200%2C800&amp;quality=89&amp;ssl=1 1200w, https:\/\/i0.wp.com\/eltecolote.org\/content\/wp-content\/uploads\/2025\/11\/11022025-DIADEMUERTOS-ET-PU-09.jpg?resize=1024%2C683&amp;quality=89&amp;ssl=1 1024w, https:\/\/i0.wp.com\/eltecolote.org\/content\/wp-content\/uploads\/2025\/11\/11022025-DIADEMUERTOS-ET-PU-09.jpg?resize=400%2C267&amp;quality=89&amp;ssl=1 400w\" sizes=\"auto, (max-width: 1000px) 100vw, 1000px\" \/><figcaption class=\"wp-element-caption\">A heart-shape made of marigolds during the Festival of Altars at Potrero del Sol Park in San Francisco, Calif., on Nov. 2, 205. The Mission District had its 44th annual D\u00eda de Muertos procession organized by El Colectivo del Rescate Cultural. Photo: Pablo Unzueta for <em>El Tecolote<\/em>\/CatchLight Local.<\/figcaption><\/figure>\n\n\n\n<figure class=\"wp-block-image alignwide size-full\"><img data-recalc-dims=\"1\" loading=\"lazy\" decoding=\"async\" width=\"1500\" height=\"1000\" src=\"https:\/\/i0.wp.com\/eltecolote.org\/content\/wp-content\/uploads\/2025\/11\/11022025-DIADEMUERTOS-ET-PU-04.jpg?resize=1500%2C1000&#038;quality=89&#038;ssl=1\" alt=\"\" class=\"wp-image-68989\" srcset=\"https:\/\/i0.wp.com\/eltecolote.org\/content\/wp-content\/uploads\/2025\/11\/11022025-DIADEMUERTOS-ET-PU-04.jpg?w=1500&amp;quality=89&amp;ssl=1 1500w, https:\/\/i0.wp.com\/eltecolote.org\/content\/wp-content\/uploads\/2025\/11\/11022025-DIADEMUERTOS-ET-PU-04.jpg?resize=360%2C240&amp;quality=89&amp;ssl=1 360w, https:\/\/i0.wp.com\/eltecolote.org\/content\/wp-content\/uploads\/2025\/11\/11022025-DIADEMUERTOS-ET-PU-04.jpg?resize=600%2C400&amp;quality=89&amp;ssl=1 600w, https:\/\/i0.wp.com\/eltecolote.org\/content\/wp-content\/uploads\/2025\/11\/11022025-DIADEMUERTOS-ET-PU-04.jpg?resize=768%2C512&amp;quality=89&amp;ssl=1 768w, https:\/\/i0.wp.com\/eltecolote.org\/content\/wp-content\/uploads\/2025\/11\/11022025-DIADEMUERTOS-ET-PU-04.jpg?resize=1200%2C800&amp;quality=89&amp;ssl=1 1200w, https:\/\/i0.wp.com\/eltecolote.org\/content\/wp-content\/uploads\/2025\/11\/11022025-DIADEMUERTOS-ET-PU-04.jpg?resize=1024%2C683&amp;quality=89&amp;ssl=1 1024w, https:\/\/i0.wp.com\/eltecolote.org\/content\/wp-content\/uploads\/2025\/11\/11022025-DIADEMUERTOS-ET-PU-04.jpg?resize=400%2C267&amp;quality=89&amp;ssl=1 400w\" sizes=\"auto, (max-width: 1000px) 100vw, 1000px\" \/><figcaption class=\"wp-element-caption\">Taylor Mu\u00f1oz stands in front of her altar during the Festival of Altars at Potrero del Sol Park in San Francisco, Calif., on Nov. 2, 205. The Mission District had its 44th annual D\u00eda de Muertos procession organized by El Colectivo del Rescate Cultural. Photo: Pablo Unzueta for <em>El Tecolote<\/em>\/CatchLight Local.<\/figcaption><\/figure>\n\n\n\n<figure class=\"wp-block-image alignwide size-full\"><img data-recalc-dims=\"1\" loading=\"lazy\" decoding=\"async\" width=\"1500\" height=\"1000\" src=\"https:\/\/i0.wp.com\/eltecolote.org\/content\/wp-content\/uploads\/2025\/11\/11022025-DIADEMUERTOS-ET-PU-26.jpg?resize=1500%2C1000&#038;quality=89&#038;ssl=1\" alt=\"\" class=\"wp-image-69011\" srcset=\"https:\/\/i0.wp.com\/eltecolote.org\/content\/wp-content\/uploads\/2025\/11\/11022025-DIADEMUERTOS-ET-PU-26.jpg?w=1500&amp;quality=89&amp;ssl=1 1500w, https:\/\/i0.wp.com\/eltecolote.org\/content\/wp-content\/uploads\/2025\/11\/11022025-DIADEMUERTOS-ET-PU-26.jpg?resize=360%2C240&amp;quality=89&amp;ssl=1 360w, https:\/\/i0.wp.com\/eltecolote.org\/content\/wp-content\/uploads\/2025\/11\/11022025-DIADEMUERTOS-ET-PU-26.jpg?resize=600%2C400&amp;quality=89&amp;ssl=1 600w, https:\/\/i0.wp.com\/eltecolote.org\/content\/wp-content\/uploads\/2025\/11\/11022025-DIADEMUERTOS-ET-PU-26.jpg?resize=768%2C512&amp;quality=89&amp;ssl=1 768w, https:\/\/i0.wp.com\/eltecolote.org\/content\/wp-content\/uploads\/2025\/11\/11022025-DIADEMUERTOS-ET-PU-26.jpg?resize=1200%2C800&amp;quality=89&amp;ssl=1 1200w, https:\/\/i0.wp.com\/eltecolote.org\/content\/wp-content\/uploads\/2025\/11\/11022025-DIADEMUERTOS-ET-PU-26.jpg?resize=1024%2C683&amp;quality=89&amp;ssl=1 1024w, https:\/\/i0.wp.com\/eltecolote.org\/content\/wp-content\/uploads\/2025\/11\/11022025-DIADEMUERTOS-ET-PU-26.jpg?resize=400%2C267&amp;quality=89&amp;ssl=1 400w\" sizes=\"auto, (max-width: 1000px) 100vw, 1000px\" \/><figcaption class=\"wp-element-caption\">Left: Fernando J\u00edmenez, 30, and Daniel Gallegos, 39, embrace during the 44th annual procession for D\u00eda de Muertos in San Francisco, Calif., on Nov. 2, 205. The procession was organized by El Colectivo del Rescate Cultural. Photo: Pablo Unzueta for El Tecolote\/CatchLight Local<\/figcaption><\/figure>\n\n\n\n<figure class=\"wp-block-image alignwide size-full\"><img data-recalc-dims=\"1\" loading=\"lazy\" decoding=\"async\" width=\"2560\" height=\"1707\" src=\"https:\/\/i0.wp.com\/eltecolote.org\/content\/wp-content\/uploads\/2025\/11\/DSC7967-scaled.jpg?resize=2560%2C1707&#038;quality=89&#038;ssl=1\" alt=\"\" class=\"wp-image-69024\" srcset=\"https:\/\/i0.wp.com\/eltecolote.org\/content\/wp-content\/uploads\/2025\/11\/DSC7967-scaled.jpg?w=2560&amp;quality=89&amp;ssl=1 2560w, https:\/\/i0.wp.com\/eltecolote.org\/content\/wp-content\/uploads\/2025\/11\/DSC7967-scaled.jpg?resize=360%2C240&amp;quality=89&amp;ssl=1 360w, https:\/\/i0.wp.com\/eltecolote.org\/content\/wp-content\/uploads\/2025\/11\/DSC7967-scaled.jpg?resize=600%2C400&amp;quality=89&amp;ssl=1 600w, https:\/\/i0.wp.com\/eltecolote.org\/content\/wp-content\/uploads\/2025\/11\/DSC7967-scaled.jpg?resize=768%2C512&amp;quality=89&amp;ssl=1 768w, https:\/\/i0.wp.com\/eltecolote.org\/content\/wp-content\/uploads\/2025\/11\/DSC7967-scaled.jpg?resize=1536%2C1024&amp;quality=89&amp;ssl=1 1536w, https:\/\/i0.wp.com\/eltecolote.org\/content\/wp-content\/uploads\/2025\/11\/DSC7967-scaled.jpg?resize=2048%2C1365&amp;quality=89&amp;ssl=1 2048w, https:\/\/i0.wp.com\/eltecolote.org\/content\/wp-content\/uploads\/2025\/11\/DSC7967-scaled.jpg?resize=1200%2C800&amp;quality=89&amp;ssl=1 1200w, https:\/\/i0.wp.com\/eltecolote.org\/content\/wp-content\/uploads\/2025\/11\/DSC7967-scaled.jpg?resize=1024%2C683&amp;quality=89&amp;ssl=1 1024w, https:\/\/i0.wp.com\/eltecolote.org\/content\/wp-content\/uploads\/2025\/11\/DSC7967-scaled.jpg?resize=1568%2C1045&amp;quality=89&amp;ssl=1 1568w, https:\/\/i0.wp.com\/eltecolote.org\/content\/wp-content\/uploads\/2025\/11\/DSC7967-scaled.jpg?resize=2000%2C1333&amp;quality=89&amp;ssl=1 2000w, https:\/\/i0.wp.com\/eltecolote.org\/content\/wp-content\/uploads\/2025\/11\/DSC7967-scaled.jpg?resize=400%2C267&amp;quality=89&amp;ssl=1 400w\" sizes=\"auto, (max-width: 1000px) 100vw, 1000px\" \/><figcaption class=\"wp-element-caption\">Hundreds of community members filled the streets to celebrate the 44th annual D\u00eda de Muertos procession in San Francisco\u2019s Mission District on Nov. 2, 2025. Photo: Yesica Prado.<\/figcaption><\/figure>\n\n\n\n<figure class=\"wp-block-image alignwide size-full\"><img data-recalc-dims=\"1\" loading=\"lazy\" decoding=\"async\" width=\"1600\" height=\"1066\" src=\"https:\/\/i0.wp.com\/eltecolote.org\/content\/wp-content\/uploads\/2025\/11\/a15bd3c8-ea46-44cc-9a75-4d1772c70ab7.jpg?resize=1600%2C1066&#038;quality=89&#038;ssl=1\" alt=\"\" class=\"wp-image-69025\" srcset=\"https:\/\/i0.wp.com\/eltecolote.org\/content\/wp-content\/uploads\/2025\/11\/a15bd3c8-ea46-44cc-9a75-4d1772c70ab7.jpg?w=1600&amp;quality=89&amp;ssl=1 1600w, https:\/\/i0.wp.com\/eltecolote.org\/content\/wp-content\/uploads\/2025\/11\/a15bd3c8-ea46-44cc-9a75-4d1772c70ab7.jpg?resize=360%2C240&amp;quality=89&amp;ssl=1 360w, https:\/\/i0.wp.com\/eltecolote.org\/content\/wp-content\/uploads\/2025\/11\/a15bd3c8-ea46-44cc-9a75-4d1772c70ab7.jpg?resize=600%2C400&amp;quality=89&amp;ssl=1 600w, https:\/\/i0.wp.com\/eltecolote.org\/content\/wp-content\/uploads\/2025\/11\/a15bd3c8-ea46-44cc-9a75-4d1772c70ab7.jpg?resize=768%2C512&amp;quality=89&amp;ssl=1 768w, https:\/\/i0.wp.com\/eltecolote.org\/content\/wp-content\/uploads\/2025\/11\/a15bd3c8-ea46-44cc-9a75-4d1772c70ab7.jpg?resize=1536%2C1023&amp;quality=89&amp;ssl=1 1536w, https:\/\/i0.wp.com\/eltecolote.org\/content\/wp-content\/uploads\/2025\/11\/a15bd3c8-ea46-44cc-9a75-4d1772c70ab7.jpg?resize=1200%2C800&amp;quality=89&amp;ssl=1 1200w, https:\/\/i0.wp.com\/eltecolote.org\/content\/wp-content\/uploads\/2025\/11\/a15bd3c8-ea46-44cc-9a75-4d1772c70ab7.jpg?resize=1024%2C682&amp;quality=89&amp;ssl=1 1024w, https:\/\/i0.wp.com\/eltecolote.org\/content\/wp-content\/uploads\/2025\/11\/a15bd3c8-ea46-44cc-9a75-4d1772c70ab7.jpg?resize=1568%2C1045&amp;quality=89&amp;ssl=1 1568w, https:\/\/i0.wp.com\/eltecolote.org\/content\/wp-content\/uploads\/2025\/11\/a15bd3c8-ea46-44cc-9a75-4d1772c70ab7.jpg?resize=400%2C267&amp;quality=89&amp;ssl=1 400w\" sizes=\"auto, (max-width: 1000px) 100vw, 1000px\" \/><figcaption class=\"wp-element-caption\">Hundreds of community members filled the streets to celebrate the 44th annual D\u00eda de Muertos procession in San Francisco\u2019s Mission District on Nov. 2, 2025. Photo: John Avalos.<\/figcaption><\/figure>\n\n\n\n<figure class=\"wp-block-image alignwide size-full\"><img data-recalc-dims=\"1\" loading=\"lazy\" decoding=\"async\" width=\"1500\" height=\"1000\" src=\"https:\/\/i0.wp.com\/eltecolote.org\/content\/wp-content\/uploads\/2025\/11\/11022025-DIADEMUERTOS-ET-PU-14.jpg?resize=1500%2C1000&#038;quality=89&#038;ssl=1\" alt=\"\" class=\"wp-image-68999\" srcset=\"https:\/\/i0.wp.com\/eltecolote.org\/content\/wp-content\/uploads\/2025\/11\/11022025-DIADEMUERTOS-ET-PU-14.jpg?w=1500&amp;quality=89&amp;ssl=1 1500w, https:\/\/i0.wp.com\/eltecolote.org\/content\/wp-content\/uploads\/2025\/11\/11022025-DIADEMUERTOS-ET-PU-14.jpg?resize=360%2C240&amp;quality=89&amp;ssl=1 360w, https:\/\/i0.wp.com\/eltecolote.org\/content\/wp-content\/uploads\/2025\/11\/11022025-DIADEMUERTOS-ET-PU-14.jpg?resize=600%2C400&amp;quality=89&amp;ssl=1 600w, https:\/\/i0.wp.com\/eltecolote.org\/content\/wp-content\/uploads\/2025\/11\/11022025-DIADEMUERTOS-ET-PU-14.jpg?resize=768%2C512&amp;quality=89&amp;ssl=1 768w, https:\/\/i0.wp.com\/eltecolote.org\/content\/wp-content\/uploads\/2025\/11\/11022025-DIADEMUERTOS-ET-PU-14.jpg?resize=1200%2C800&amp;quality=89&amp;ssl=1 1200w, https:\/\/i0.wp.com\/eltecolote.org\/content\/wp-content\/uploads\/2025\/11\/11022025-DIADEMUERTOS-ET-PU-14.jpg?resize=1024%2C683&amp;quality=89&amp;ssl=1 1024w, https:\/\/i0.wp.com\/eltecolote.org\/content\/wp-content\/uploads\/2025\/11\/11022025-DIADEMUERTOS-ET-PU-14.jpg?resize=400%2C267&amp;quality=89&amp;ssl=1 400w\" sizes=\"auto, (max-width: 1000px) 100vw, 1000px\" \/><figcaption class=\"wp-element-caption\">A woman gets her face painted in the Mission District during the 44th annual procession for D\u00eda de Muertos in San Francisco, Calif., on Nov. 2, 205. The procession was organized by El Colectivo del Rescate Cultural. Photo: Pablo Unzueta for <em>El Tecolote<\/em>\/CatchLight Local.<\/figcaption><\/figure>\n\n\n\n<figure class=\"wp-block-image alignwide size-full\"><img data-recalc-dims=\"1\" loading=\"lazy\" decoding=\"async\" width=\"1500\" height=\"1000\" src=\"https:\/\/i0.wp.com\/eltecolote.org\/content\/wp-content\/uploads\/2025\/11\/11022025-DIADEMUERTOS-ET-PU-05.jpg?resize=1500%2C1000&#038;quality=89&#038;ssl=1\" alt=\"\" class=\"wp-image-68990\" srcset=\"https:\/\/i0.wp.com\/eltecolote.org\/content\/wp-content\/uploads\/2025\/11\/11022025-DIADEMUERTOS-ET-PU-05.jpg?w=1500&amp;quality=89&amp;ssl=1 1500w, https:\/\/i0.wp.com\/eltecolote.org\/content\/wp-content\/uploads\/2025\/11\/11022025-DIADEMUERTOS-ET-PU-05.jpg?resize=360%2C240&amp;quality=89&amp;ssl=1 360w, https:\/\/i0.wp.com\/eltecolote.org\/content\/wp-content\/uploads\/2025\/11\/11022025-DIADEMUERTOS-ET-PU-05.jpg?resize=600%2C400&amp;quality=89&amp;ssl=1 600w, https:\/\/i0.wp.com\/eltecolote.org\/content\/wp-content\/uploads\/2025\/11\/11022025-DIADEMUERTOS-ET-PU-05.jpg?resize=768%2C512&amp;quality=89&amp;ssl=1 768w, https:\/\/i0.wp.com\/eltecolote.org\/content\/wp-content\/uploads\/2025\/11\/11022025-DIADEMUERTOS-ET-PU-05.jpg?resize=1200%2C800&amp;quality=89&amp;ssl=1 1200w, https:\/\/i0.wp.com\/eltecolote.org\/content\/wp-content\/uploads\/2025\/11\/11022025-DIADEMUERTOS-ET-PU-05.jpg?resize=1024%2C683&amp;quality=89&amp;ssl=1 1024w, https:\/\/i0.wp.com\/eltecolote.org\/content\/wp-content\/uploads\/2025\/11\/11022025-DIADEMUERTOS-ET-PU-05.jpg?resize=400%2C267&amp;quality=89&amp;ssl=1 400w\" sizes=\"auto, (max-width: 1000px) 100vw, 1000px\" \/><figcaption class=\"wp-element-caption\">Children use the carousel on the playground during the Festival of Altars at Potrero del Sol Park in San Francisco, Calif., on Nov. 2, 205. The Mission District had its 44th annual D\u00eda de Muertos procession organized by El Colectivo del Rescate Cultural. Photo: Pablo Unzueta for <em>El Tecolote<\/em>\/CatchLight Local<\/figcaption><\/figure>\n\n\n\n<figure class=\"wp-block-image alignwide size-full\"><img data-recalc-dims=\"1\" loading=\"lazy\" decoding=\"async\" width=\"1500\" height=\"1000\" src=\"https:\/\/i0.wp.com\/eltecolote.org\/content\/wp-content\/uploads\/2025\/11\/11022025-DIADEMUERTOS-ET-PU-22.jpg?resize=1500%2C1000&#038;quality=89&#038;ssl=1\" alt=\"\" class=\"wp-image-69007\" srcset=\"https:\/\/i0.wp.com\/eltecolote.org\/content\/wp-content\/uploads\/2025\/11\/11022025-DIADEMUERTOS-ET-PU-22.jpg?w=1500&amp;quality=89&amp;ssl=1 1500w, https:\/\/i0.wp.com\/eltecolote.org\/content\/wp-content\/uploads\/2025\/11\/11022025-DIADEMUERTOS-ET-PU-22.jpg?resize=360%2C240&amp;quality=89&amp;ssl=1 360w, https:\/\/i0.wp.com\/eltecolote.org\/content\/wp-content\/uploads\/2025\/11\/11022025-DIADEMUERTOS-ET-PU-22.jpg?resize=600%2C400&amp;quality=89&amp;ssl=1 600w, https:\/\/i0.wp.com\/eltecolote.org\/content\/wp-content\/uploads\/2025\/11\/11022025-DIADEMUERTOS-ET-PU-22.jpg?resize=768%2C512&amp;quality=89&amp;ssl=1 768w, https:\/\/i0.wp.com\/eltecolote.org\/content\/wp-content\/uploads\/2025\/11\/11022025-DIADEMUERTOS-ET-PU-22.jpg?resize=1200%2C800&amp;quality=89&amp;ssl=1 1200w, https:\/\/i0.wp.com\/eltecolote.org\/content\/wp-content\/uploads\/2025\/11\/11022025-DIADEMUERTOS-ET-PU-22.jpg?resize=1024%2C683&amp;quality=89&amp;ssl=1 1024w, https:\/\/i0.wp.com\/eltecolote.org\/content\/wp-content\/uploads\/2025\/11\/11022025-DIADEMUERTOS-ET-PU-22.jpg?resize=400%2C267&amp;quality=89&amp;ssl=1 400w\" sizes=\"auto, (max-width: 1000px) 100vw, 1000px\" \/><figcaption class=\"wp-element-caption\">People walk along 24th Street for the 44th annual procession for D\u00eda de Muertos in San Francisco, Calif., on Nov. 2, 205. The procession was organized by El Colectivo del Rescate Cultural. Photo: Pablo Unzueta for <em>El Tecolote<\/em>\/CatchLight Local.<\/figcaption><\/figure>\n","protected":false},"excerpt":{"rendered":"<p>Hundreds filled the Mission\u2019s streets for the 44th annual D\u00eda de los Muertos procession in a celebration of memory, resilience and community.<\/p>\n","protected":false},"author":88922,"featured_media":69005,"comment_status":"closed","ping_status":"closed","sticky":false,"template":"","format":"standard","meta":{"newspack_popups_has_disabled_popups":false,"newspack_featured_image_position":"above","newspack_post_subtitle":"","newspack_article_summary_title":"Overview:","newspack_article_summary":"","newspack_hide_updated_date":false,"newspack_show_updated_date":false,"footnotes":""},"categories":[25374,4],"tags":[],"coauthors":[25538],"class_list":["post-69014","post","type-post","status-publish","format-standard","has-post-thumbnail","hentry","category-art-culture","category-voices","entry"],"yoast_head":"<!-- This site is optimized with the Yoast SEO plugin v27.5 - https:\/\/yoast.com\/product\/yoast-seo-wordpress\/ -->\n<title>Photos capture enduring legacy of SF&#039;s D\u00eda de Muertos procession<\/title>\n<meta name=\"description\" content=\"Hundreds filled the Mission\u2019s streets for the 44th annual D\u00eda de Muertos procession in a celebration of memory, resilience and community.\" \/>\n<meta name=\"robots\" content=\"index, follow, max-snippet:-1, max-image-preview:large, max-video-preview:-1\" \/>\n<link rel=\"canonical\" href=\"https:\/\/eltecolote.org\/content\/en\/dia-de-muertos-sf-mission-procession-2025\/\" \/>\n<meta property=\"og:locale\" content=\"en_US\" \/>\n<meta property=\"og:type\" content=\"article\" \/>\n<meta property=\"og:title\" content=\"Photos capture enduring legacy of SF&#039;s D\u00eda de Muertos procession\" \/>\n<meta property=\"og:description\" content=\"Hundreds filled the Mission\u2019s streets for the 44th annual D\u00eda de Muertos procession in a celebration of memory, resilience and community.\" \/>\n<meta property=\"og:url\" content=\"https:\/\/eltecolote.org\/content\/en\/dia-de-muertos-sf-mission-procession-2025\/\" \/>\n<meta property=\"og:site_name\" content=\"El Tecolote\" \/>\n<meta property=\"article:publisher\" content=\"https:\/\/www.facebook.com\/ElTecoloteSF\/\" \/>\n<meta property=\"article:published_time\" content=\"2025-11-03T20:50:19+00:00\" \/>\n<meta property=\"article:modified_time\" content=\"2025-11-04T18:41:16+00:00\" \/>\n<meta property=\"og:image\" content=\"https:\/\/eltecolote.org\/content\/wp-content\/uploads\/2025\/11\/11022025-DIADEMUERTOS-ET-PU-20.jpg\" \/>\n\t<meta property=\"og:image:width\" content=\"1500\" \/>\n\t<meta property=\"og:image:height\" content=\"1000\" \/>\n\t<meta property=\"og:image:type\" content=\"image\/jpeg\" \/>\n<meta name=\"author\" content=\"John Avalos\" \/>\n<meta name=\"twitter:card\" content=\"summary_large_image\" \/>\n<meta name=\"twitter:creator\" content=\"@eltecolotesf\" \/>\n<meta name=\"twitter:site\" content=\"@eltecolotesf\" \/>\n<meta name=\"twitter:label1\" content=\"Written by\" \/>\n\t<meta name=\"twitter:data1\" content=\"John Avalos\" \/>\n\t<meta name=\"twitter:label2\" content=\"Est. reading time\" \/>\n\t<meta name=\"twitter:data2\" content=\"6 minutes\" \/>\n<script type=\"application\/ld+json\" class=\"yoast-schema-graph\">{\"@context\":\"https:\\\/\\\/schema.org\",\"@graph\":[{\"@type\":\"NewsArticle\",\"@id\":\"https:\\\/\\\/eltecolote.org\\\/content\\\/en\\\/dia-de-muertos-sf-mission-procession-2025\\\/#article\",\"isPartOf\":{\"@id\":\"https:\\\/\\\/eltecolote.org\\\/content\\\/en\\\/dia-de-muertos-sf-mission-procession-2025\\\/\"},\"author\":{\"name\":\"Erika Carlos\",\"@id\":\"https:\\\/\\\/eltecolote.org\\\/content\\\/#\\\/schema\\\/person\\\/98e31c3dda2abc936b778a5b89858b5b\"},\"headline\":\"Photos show enduring legacy of Mission\u2019s D\u00eda de Muertos procession\",\"datePublished\":\"2025-11-03T20:50:19+00:00\",\"dateModified\":\"2025-11-04T18:41:16+00:00\",\"mainEntityOfPage\":{\"@id\":\"https:\\\/\\\/eltecolote.org\\\/content\\\/en\\\/dia-de-muertos-sf-mission-procession-2025\\\/\"},\"wordCount\":1200,\"publisher\":{\"@id\":\"https:\\\/\\\/eltecolote.org\\\/content\\\/#organization\"},\"image\":{\"@id\":\"https:\\\/\\\/eltecolote.org\\\/content\\\/en\\\/dia-de-muertos-sf-mission-procession-2025\\\/#primaryimage\"},\"thumbnailUrl\":\"https:\\\/\\\/i0.wp.com\\\/eltecolote.org\\\/content\\\/wp-content\\\/uploads\\\/2025\\\/11\\\/11022025-DIADEMUERTOS-ET-PU-20.jpg?fit=1500%2C1000&quality=89&ssl=1\",\"articleSection\":[\"Arts &amp; Culture\",\"Voices\"],\"inLanguage\":\"en\"},{\"@type\":\"WebPage\",\"@id\":\"https:\\\/\\\/eltecolote.org\\\/content\\\/en\\\/dia-de-muertos-sf-mission-procession-2025\\\/\",\"url\":\"https:\\\/\\\/eltecolote.org\\\/content\\\/en\\\/dia-de-muertos-sf-mission-procession-2025\\\/\",\"name\":\"Photos capture enduring legacy of SF's D\u00eda de Muertos procession\",\"isPartOf\":{\"@id\":\"https:\\\/\\\/eltecolote.org\\\/content\\\/#website\"},\"primaryImageOfPage\":{\"@id\":\"https:\\\/\\\/eltecolote.org\\\/content\\\/en\\\/dia-de-muertos-sf-mission-procession-2025\\\/#primaryimage\"},\"image\":{\"@id\":\"https:\\\/\\\/eltecolote.org\\\/content\\\/en\\\/dia-de-muertos-sf-mission-procession-2025\\\/#primaryimage\"},\"thumbnailUrl\":\"https:\\\/\\\/i0.wp.com\\\/eltecolote.org\\\/content\\\/wp-content\\\/uploads\\\/2025\\\/11\\\/11022025-DIADEMUERTOS-ET-PU-20.jpg?fit=1500%2C1000&quality=89&ssl=1\",\"datePublished\":\"2025-11-03T20:50:19+00:00\",\"dateModified\":\"2025-11-04T18:41:16+00:00\",\"description\":\"Hundreds filled the Mission\u2019s streets for the 44th annual D\u00eda de Muertos procession in a celebration of memory, resilience and community.\",\"inLanguage\":\"en\",\"potentialAction\":[{\"@type\":\"ReadAction\",\"target\":[\"https:\\\/\\\/eltecolote.org\\\/content\\\/en\\\/dia-de-muertos-sf-mission-procession-2025\\\/\"]}]},{\"@type\":\"ImageObject\",\"inLanguage\":\"en\",\"@id\":\"https:\\\/\\\/eltecolote.org\\\/content\\\/en\\\/dia-de-muertos-sf-mission-procession-2025\\\/#primaryimage\",\"url\":\"https:\\\/\\\/i0.wp.com\\\/eltecolote.org\\\/content\\\/wp-content\\\/uploads\\\/2025\\\/11\\\/11022025-DIADEMUERTOS-ET-PU-20.jpg?fit=1500%2C1000&quality=89&ssl=1\",\"contentUrl\":\"https:\\\/\\\/i0.wp.com\\\/eltecolote.org\\\/content\\\/wp-content\\\/uploads\\\/2025\\\/11\\\/11022025-DIADEMUERTOS-ET-PU-20.jpg?fit=1500%2C1000&quality=89&ssl=1\",\"width\":1500,\"height\":1000,\"caption\":\"The Danza Azteca performance on 24th Street in the Mission District during the 44th annual procession for D\u00eda de los Muertos in San Francisco, Calif., on Nov. 2, 205. The procession was organized by El Colectivo del Rescate Cultural. Photo: Pablo Unzueta for El Tecolote\\\/CatchLight Local\"},{\"@type\":\"WebSite\",\"@id\":\"https:\\\/\\\/eltecolote.org\\\/content\\\/#website\",\"url\":\"https:\\\/\\\/eltecolote.org\\\/content\\\/\",\"name\":\"El Tecolote\",\"description\":\"San Francisco's Latinx newspaper since 1970\",\"publisher\":{\"@id\":\"https:\\\/\\\/eltecolote.org\\\/content\\\/#organization\"},\"potentialAction\":[{\"@type\":\"SearchAction\",\"target\":{\"@type\":\"EntryPoint\",\"urlTemplate\":\"https:\\\/\\\/eltecolote.org\\\/content\\\/?s={search_term_string}\"},\"query-input\":{\"@type\":\"PropertyValueSpecification\",\"valueRequired\":true,\"valueName\":\"search_term_string\"}}],\"inLanguage\":\"en\"},{\"@type\":\"Organization\",\"@id\":\"https:\\\/\\\/eltecolote.org\\\/content\\\/#organization\",\"name\":\"El Tecolote\",\"url\":\"https:\\\/\\\/eltecolote.org\\\/content\\\/\",\"logo\":{\"@type\":\"ImageObject\",\"inLanguage\":\"en\",\"@id\":\"https:\\\/\\\/eltecolote.org\\\/content\\\/#\\\/schema\\\/logo\\\/image\\\/\",\"url\":\"https:\\\/\\\/i0.wp.com\\\/eltecolote.org\\\/content\\\/wp-content\\\/uploads\\\/2021\\\/05\\\/ETlogo-1.jpg?fit=400%2C400&ssl=1\",\"contentUrl\":\"https:\\\/\\\/i0.wp.com\\\/eltecolote.org\\\/content\\\/wp-content\\\/uploads\\\/2021\\\/05\\\/ETlogo-1.jpg?fit=400%2C400&ssl=1\",\"width\":400,\"height\":400,\"caption\":\"El Tecolote\"},\"image\":{\"@id\":\"https:\\\/\\\/eltecolote.org\\\/content\\\/#\\\/schema\\\/logo\\\/image\\\/\"},\"sameAs\":[\"https:\\\/\\\/www.facebook.com\\\/ElTecoloteSF\\\/\",\"https:\\\/\\\/x.com\\\/eltecolotesf\",\"https:\\\/\\\/www.instagram.com\\\/eltecolotesf\\\/\"]},{\"@type\":\"Person\",\"@id\":\"https:\\\/\\\/eltecolote.org\\\/content\\\/#\\\/schema\\\/person\\\/98e31c3dda2abc936b778a5b89858b5b\",\"name\":\"Erika Carlos\",\"image\":{\"@type\":\"ImageObject\",\"inLanguage\":\"en\",\"@id\":\"https:\\\/\\\/secure.gravatar.com\\\/avatar\\\/c475d3004521f4d0d5a6fdb0c06627dda6651ec3c3dfd7219ab52ae67cce05b1?s=96&d=mm&r=gc4d9fd78108a8a2ca4bcc88ab0d76304\",\"url\":\"https:\\\/\\\/secure.gravatar.com\\\/avatar\\\/c475d3004521f4d0d5a6fdb0c06627dda6651ec3c3dfd7219ab52ae67cce05b1?s=96&d=mm&r=g\",\"contentUrl\":\"https:\\\/\\\/secure.gravatar.com\\\/avatar\\\/c475d3004521f4d0d5a6fdb0c06627dda6651ec3c3dfd7219ab52ae67cce05b1?s=96&d=mm&r=g\",\"caption\":\"Erika Carlos\"},\"url\":\"https:\\\/\\\/eltecolote.org\\\/content\\\/author\\\/erikacarlos\\\/\"}]}<\/script>\n<!-- \/ Yoast SEO plugin. -->","yoast_head_json":{"title":"Photos capture enduring legacy of SF's D\u00eda de Muertos procession","description":"Hundreds filled the Mission\u2019s streets for the 44th annual D\u00eda de Muertos procession in a celebration of memory, resilience and community.","robots":{"index":"index","follow":"follow","max-snippet":"max-snippet:-1","max-image-preview":"max-image-preview:large","max-video-preview":"max-video-preview:-1"},"canonical":"https:\/\/eltecolote.org\/content\/en\/dia-de-muertos-sf-mission-procession-2025\/","og_locale":"en_US","og_type":"article","og_title":"Photos capture enduring legacy of SF's D\u00eda de Muertos procession","og_description":"Hundreds filled the Mission\u2019s streets for the 44th annual D\u00eda de Muertos procession in a celebration of memory, resilience and community.","og_url":"https:\/\/eltecolote.org\/content\/en\/dia-de-muertos-sf-mission-procession-2025\/","og_site_name":"El Tecolote","article_publisher":"https:\/\/www.facebook.com\/ElTecoloteSF\/","article_published_time":"2025-11-03T20:50:19+00:00","article_modified_time":"2025-11-04T18:41:16+00:00","og_image":[{"width":1500,"height":1000,"url":"https:\/\/eltecolote.org\/content\/wp-content\/uploads\/2025\/11\/11022025-DIADEMUERTOS-ET-PU-20.jpg","type":"image\/jpeg"}],"author":"John Avalos","twitter_card":"summary_large_image","twitter_creator":"@eltecolotesf","twitter_site":"@eltecolotesf","twitter_misc":{"Written by":"John Avalos","Est. reading time":"6 minutes"},"schema":{"@context":"https:\/\/schema.org","@graph":[{"@type":"NewsArticle","@id":"https:\/\/eltecolote.org\/content\/en\/dia-de-muertos-sf-mission-procession-2025\/#article","isPartOf":{"@id":"https:\/\/eltecolote.org\/content\/en\/dia-de-muertos-sf-mission-procession-2025\/"},"author":{"name":"Erika Carlos","@id":"https:\/\/eltecolote.org\/content\/#\/schema\/person\/98e31c3dda2abc936b778a5b89858b5b"},"headline":"Photos show enduring legacy of Mission\u2019s D\u00eda de Muertos procession","datePublished":"2025-11-03T20:50:19+00:00","dateModified":"2025-11-04T18:41:16+00:00","mainEntityOfPage":{"@id":"https:\/\/eltecolote.org\/content\/en\/dia-de-muertos-sf-mission-procession-2025\/"},"wordCount":1200,"publisher":{"@id":"https:\/\/eltecolote.org\/content\/#organization"},"image":{"@id":"https:\/\/eltecolote.org\/content\/en\/dia-de-muertos-sf-mission-procession-2025\/#primaryimage"},"thumbnailUrl":"https:\/\/i0.wp.com\/eltecolote.org\/content\/wp-content\/uploads\/2025\/11\/11022025-DIADEMUERTOS-ET-PU-20.jpg?fit=1500%2C1000&quality=89&ssl=1","articleSection":["Arts &amp; Culture","Voices"],"inLanguage":"en"},{"@type":"WebPage","@id":"https:\/\/eltecolote.org\/content\/en\/dia-de-muertos-sf-mission-procession-2025\/","url":"https:\/\/eltecolote.org\/content\/en\/dia-de-muertos-sf-mission-procession-2025\/","name":"Photos capture enduring legacy of SF's D\u00eda de Muertos procession","isPartOf":{"@id":"https:\/\/eltecolote.org\/content\/#website"},"primaryImageOfPage":{"@id":"https:\/\/eltecolote.org\/content\/en\/dia-de-muertos-sf-mission-procession-2025\/#primaryimage"},"image":{"@id":"https:\/\/eltecolote.org\/content\/en\/dia-de-muertos-sf-mission-procession-2025\/#primaryimage"},"thumbnailUrl":"https:\/\/i0.wp.com\/eltecolote.org\/content\/wp-content\/uploads\/2025\/11\/11022025-DIADEMUERTOS-ET-PU-20.jpg?fit=1500%2C1000&quality=89&ssl=1","datePublished":"2025-11-03T20:50:19+00:00","dateModified":"2025-11-04T18:41:16+00:00","description":"Hundreds filled the Mission\u2019s streets for the 44th annual D\u00eda de Muertos procession in a celebration of memory, resilience and community.","inLanguage":"en","potentialAction":[{"@type":"ReadAction","target":["https:\/\/eltecolote.org\/content\/en\/dia-de-muertos-sf-mission-procession-2025\/"]}]},{"@type":"ImageObject","inLanguage":"en","@id":"https:\/\/eltecolote.org\/content\/en\/dia-de-muertos-sf-mission-procession-2025\/#primaryimage","url":"https:\/\/i0.wp.com\/eltecolote.org\/content\/wp-content\/uploads\/2025\/11\/11022025-DIADEMUERTOS-ET-PU-20.jpg?fit=1500%2C1000&quality=89&ssl=1","contentUrl":"https:\/\/i0.wp.com\/eltecolote.org\/content\/wp-content\/uploads\/2025\/11\/11022025-DIADEMUERTOS-ET-PU-20.jpg?fit=1500%2C1000&quality=89&ssl=1","width":1500,"height":1000,"caption":"The Danza Azteca performance on 24th Street in the Mission District during the 44th annual procession for D\u00eda de los Muertos in San Francisco, Calif., on Nov. 2, 205. The procession was organized by El Colectivo del Rescate Cultural. Photo: Pablo Unzueta for El Tecolote\/CatchLight Local"},{"@type":"WebSite","@id":"https:\/\/eltecolote.org\/content\/#website","url":"https:\/\/eltecolote.org\/content\/","name":"El Tecolote","description":"San Francisco's Latinx newspaper since 1970","publisher":{"@id":"https:\/\/eltecolote.org\/content\/#organization"},"potentialAction":[{"@type":"SearchAction","target":{"@type":"EntryPoint","urlTemplate":"https:\/\/eltecolote.org\/content\/?s={search_term_string}"},"query-input":{"@type":"PropertyValueSpecification","valueRequired":true,"valueName":"search_term_string"}}],"inLanguage":"en"},{"@type":"Organization","@id":"https:\/\/eltecolote.org\/content\/#organization","name":"El Tecolote","url":"https:\/\/eltecolote.org\/content\/","logo":{"@type":"ImageObject","inLanguage":"en","@id":"https:\/\/eltecolote.org\/content\/#\/schema\/logo\/image\/","url":"https:\/\/i0.wp.com\/eltecolote.org\/content\/wp-content\/uploads\/2021\/05\/ETlogo-1.jpg?fit=400%2C400&ssl=1","contentUrl":"https:\/\/i0.wp.com\/eltecolote.org\/content\/wp-content\/uploads\/2021\/05\/ETlogo-1.jpg?fit=400%2C400&ssl=1","width":400,"height":400,"caption":"El Tecolote"},"image":{"@id":"https:\/\/eltecolote.org\/content\/#\/schema\/logo\/image\/"},"sameAs":["https:\/\/www.facebook.com\/ElTecoloteSF\/","https:\/\/x.com\/eltecolotesf","https:\/\/www.instagram.com\/eltecolotesf\/"]},{"@type":"Person","@id":"https:\/\/eltecolote.org\/content\/#\/schema\/person\/98e31c3dda2abc936b778a5b89858b5b","name":"Erika Carlos","image":{"@type":"ImageObject","inLanguage":"en","@id":"https:\/\/secure.gravatar.com\/avatar\/c475d3004521f4d0d5a6fdb0c06627dda6651ec3c3dfd7219ab52ae67cce05b1?s=96&d=mm&r=gc4d9fd78108a8a2ca4bcc88ab0d76304","url":"https:\/\/secure.gravatar.com\/avatar\/c475d3004521f4d0d5a6fdb0c06627dda6651ec3c3dfd7219ab52ae67cce05b1?s=96&d=mm&r=g","contentUrl":"https:\/\/secure.gravatar.com\/avatar\/c475d3004521f4d0d5a6fdb0c06627dda6651ec3c3dfd7219ab52ae67cce05b1?s=96&d=mm&r=g","caption":"Erika Carlos"},"url":"https:\/\/eltecolote.org\/content\/author\/erikacarlos\/"}]}},"distributor_meta":false,"distributor_terms":false,"distributor_media":false,"distributor_original_site_name":"El Tecolote","distributor_original_site_url":"https:\/\/eltecolote.org\/content","push-errors":false,"_links":{"self":[{"href":"https:\/\/eltecolote.org\/content\/wp-json\/wp\/v2\/posts\/69014","targetHints":{"allow":["GET"]}}],"collection":[{"href":"https:\/\/eltecolote.org\/content\/wp-json\/wp\/v2\/posts"}],"about":[{"href":"https:\/\/eltecolote.org\/content\/wp-json\/wp\/v2\/types\/post"}],"author":[{"embeddable":true,"href":"https:\/\/eltecolote.org\/content\/wp-json\/wp\/v2\/users\/88922"}],"replies":[{"embeddable":true,"href":"https:\/\/eltecolote.org\/content\/wp-json\/wp\/v2\/comments?post=69014"}],"version-history":[{"count":5,"href":"https:\/\/eltecolote.org\/content\/wp-json\/wp\/v2\/posts\/69014\/revisions"}],"predecessor-version":[{"id":69128,"href":"https:\/\/eltecolote.org\/content\/wp-json\/wp\/v2\/posts\/69014\/revisions\/69128"}],"wp:featuredmedia":[{"embeddable":true,"href":"https:\/\/eltecolote.org\/content\/wp-json\/wp\/v2\/media\/69005"}],"wp:attachment":[{"href":"https:\/\/eltecolote.org\/content\/wp-json\/wp\/v2\/media?parent=69014"}],"wp:term":[{"taxonomy":"category","embeddable":true,"href":"https:\/\/eltecolote.org\/content\/wp-json\/wp\/v2\/categories?post=69014"},{"taxonomy":"post_tag","embeddable":true,"href":"https:\/\/eltecolote.org\/content\/wp-json\/wp\/v2\/tags?post=69014"},{"taxonomy":"author","embeddable":true,"href":"https:\/\/eltecolote.org\/content\/wp-json\/wp\/v2\/coauthors?post=69014"}],"curies":[{"name":"wp","href":"https:\/\/api.w.org\/{rel}","templated":true}]}}