{"id":68847,"date":"2025-10-28T15:42:00","date_gmt":"2025-10-28T22:42:00","guid":{"rendered":"https:\/\/eltecolote.org\/content\/?p=68847"},"modified":"2025-10-28T19:56:06","modified_gmt":"2025-10-29T02:56:06","slug":"dia-de-muertos-sf-eventos-mission","status":"publish","type":"post","link":"https:\/\/eltecolote.org\/content\/es\/dia-de-muertos-sf-eventos-mission\/","title":{"rendered":"Tradici\u00f3n viva: 8 eventos del D\u00eda de Muertos en SF a los que puedes acudir"},"content":{"rendered":"\n<p>Al caminar por la Calle 24, se puede apreciar c\u00f3mo los escaparates e interiores de los comercios en el Distrito Misi\u00f3n de San Francisco ya se empiezan a decorar con cempas\u00fachil, calaveras de az\u00facar y altares, a medida que se preparan para celebrar el D\u00eda de Muertos los d\u00edas 1 y 2 de noviembre.&nbsp;<\/p>\n\n\n\n<p class=\"has-text-align-center\"><em><a href=\"https:\/\/eltecolote.org\/content\/en\/dia-de-los-muertos-sf-events-2\/\">Read this story in English <\/a><\/em><\/p>\n\n\n\n<p>Arraigada en las costumbres ind\u00edgenas y cat\u00f3licas, esta festividad de dos d\u00edas se mantiene viva a trav\u00e9s de los siglos como un momento de recuerdo y celebraci\u00f3n. Tradicionalmente, el 1 de noviembre est\u00e1 dedicado a las y los infantes que han fallecido, mientras que el 2 de noviembre honra a todas y todos los seres queridos que ya se han ido.&nbsp;<\/p>\n\n\n\n<p>Para Louie Guti\u00e9rrez, copropietario de La Reyna Bakery, el D\u00eda de Muertos reviste un significado profundamente especial: tras la tr\u00e1gica muerte de su padre en un accidente automovil\u00edstico en el puente Golden Gate durante la d\u00e9cada de 1990, esta celebraci\u00f3n se ha convertido en una \u00e9poca para reflexionar y reforzar los lazos. \u201cEs una forma de que aquellas personas que sol\u00edan vivir en la Misi\u00f3n, tanto las vivas como las muertas, vuelvan a casa\u201d, coment\u00f3.&nbsp;<\/p>\n\n\n\n<p>Cada a\u00f1o, la comunidad latina de San Francisco conmemora el D\u00eda de Muertos de diversas maneras: a trav\u00e9s de procesiones, exhibiciones de altares, arte, m\u00fasica y comida. Para algunas personas, es un momento festivo para reunirse en las calles; para otras, una ocasi\u00f3n para mantenerse vinculadas a sus ra\u00edces y honrar a quienes les precedieron.&nbsp;<\/p>\n\n\n\n<p>A continuaci\u00f3n, te presentamos ocho formas en que la comunidad de San Francisco mantendr\u00e1 viva esta celebraci\u00f3n este a\u00f1o, a las cuales puedes asistir.<\/p>\n\n\n\n<h4 class=\"wp-block-heading\"><strong>Viernes, 10 de octubre-viernes 7 de noviembre<\/strong><\/h4>\n\n\n\n<p><strong><a href=\"https:\/\/somarts.org\/exhibition\/weloveyou\/\">Exhibici\u00f3n D\u00eda de Muertos &#8216;We Love You&#8217; en SOMArts<\/a>&nbsp;<\/strong><br>La edici\u00f3n vig\u00e9simo sexta de esta exposici\u00f3n de SOMArts, titulada \u2018We Love You\u2019 (Te Amamos), presenta altares inspirados en temas tanto personales como pol\u00edticos, que responden a las luchas actuales en torno a la migraci\u00f3n, la atenci\u00f3n m\u00e9dica y los derechos LGBTQ+. La muestra se centra en mujeres, artistas trans y queer, destacando la resiliencia de la comunidad a trav\u00e9s de la creatividad.<\/p>\n\n\n\n<p>\u201cEl tema de este a\u00f1o es una respuesta a lo que sucede en el mundo mediante el homenaje a las y los muertos\u201d, explic\u00f3 el cocurador R\u00edo Y\u00e1\u00f1ez, nativo del Distrito Misi\u00f3n e hijo del difunto artista Ren\u00e9 Y\u00e1\u00f1ez, cofundador de la tradici\u00f3n del D\u00eda de Muertos en SOMArts. \u201cAbrimos la muestra espec\u00edficamente a mujeres, artistas trans y de g\u00e9nero no conforme autoidentificadas, como una forma de amplificar esas voces y darles una plataforma en respuesta directa a las pol\u00edticas y acciones de la administraci\u00f3n Trump\u201d.<\/p>\n\n\n\n<p>La cocreadora Bridgett Rex a\u00f1adi\u00f3 que la exposici\u00f3n refleja el espectro completo de emociones que evoca la temporada: \u201cEsta muestra es \u00fanica porque responde directamente a lo que est\u00e1 sucediendo en el mundo. Puedes estar llorando y estar feliz al mismo tiempo. Lleva un par de pa\u00f1uelos en el bolsillo, pero tambi\u00e9n prep\u00e1rate para re\u00edr, divertirte y crear recuerdos con tu comunidad\u201d.<\/p>\n\n\n\n<p>Horario: 6 PM-9 PM.<br>D\u00f3nde: SOMArts Cultural Center (934 de la calle Brannan), San Francisco.<br>Admisi\u00f3n: Donaci\u00f3n sugerida de $15.<\/p>\n\n\n\n<figure class=\"wp-block-image size-large is-resized\"><img data-recalc-dims=\"1\" loading=\"lazy\" decoding=\"async\" width=\"600\" height=\"399\" src=\"https:\/\/i0.wp.com\/eltecolote.org\/content\/wp-content\/uploads\/2025\/10\/10112024-PALESTINESOMARTS-ET-PU-6-scaled.jpg.webp?resize=600%2C399&#038;quality=80&#038;ssl=1\" alt=\"\" class=\"wp-image-68851\" style=\"width:810px;height:auto\" srcset=\"https:\/\/i0.wp.com\/eltecolote.org\/content\/wp-content\/uploads\/2025\/10\/10112024-PALESTINESOMARTS-ET-PU-6-scaled.jpg.webp?resize=600%2C399&amp;quality=80&amp;ssl=1 600w, https:\/\/i0.wp.com\/eltecolote.org\/content\/wp-content\/uploads\/2025\/10\/10112024-PALESTINESOMARTS-ET-PU-6-scaled.jpg.webp?resize=360%2C239&amp;quality=80&amp;ssl=1 360w, https:\/\/i0.wp.com\/eltecolote.org\/content\/wp-content\/uploads\/2025\/10\/10112024-PALESTINESOMARTS-ET-PU-6-scaled.jpg.webp?resize=768%2C511&amp;quality=80&amp;ssl=1 768w, https:\/\/i0.wp.com\/eltecolote.org\/content\/wp-content\/uploads\/2025\/10\/10112024-PALESTINESOMARTS-ET-PU-6-scaled.jpg.webp?resize=1536%2C1022&amp;quality=80&amp;ssl=1 1536w, https:\/\/i0.wp.com\/eltecolote.org\/content\/wp-content\/uploads\/2025\/10\/10112024-PALESTINESOMARTS-ET-PU-6-scaled.jpg.webp?resize=1200%2C798&amp;quality=80&amp;ssl=1 1200w, https:\/\/i0.wp.com\/eltecolote.org\/content\/wp-content\/uploads\/2025\/10\/10112024-PALESTINESOMARTS-ET-PU-6-scaled.jpg.webp?resize=1024%2C681&amp;quality=80&amp;ssl=1 1024w, https:\/\/i0.wp.com\/eltecolote.org\/content\/wp-content\/uploads\/2025\/10\/10112024-PALESTINESOMARTS-ET-PU-6-scaled.jpg.webp?resize=400%2C266&amp;quality=80&amp;ssl=1 400w, https:\/\/i0.wp.com\/eltecolote.org\/content\/wp-content\/uploads\/2025\/10\/10112024-PALESTINESOMARTS-ET-PU-6-scaled.jpg.webp?w=1568&amp;quality=80&amp;ssl=1 1568w\" sizes=\"auto, (max-width: 600px) 100vw, 600px\" \/><figcaption class=\"wp-element-caption\">\u200b\u200bSiluetas de asistentes durante la recepci\u00f3n de apertura del evento de D\u00eda de Muertos de SOMArts. El tema de ese a\u00f1o, \u2018Dando Testimonio\u2019 (Bearing Witness), fue una expresi\u00f3n de solidaridad con Palestina. San Francisco, California, 14 de octubre de 2024. Foto: Pablo Unzueta para <em>El Tecolote<\/em> \/ CatchLight Local.<br><\/figcaption><\/figure>\n\n\n\n<h4 class=\"wp-block-heading\"><strong>Mi\u00e9rcoles, 29 de octubre<\/strong><\/h4>\n\n\n\n<p><strong>\u2018<a href=\"https:\/\/www.sfsymphony.org\/Buy-Tickets\/2025-26\/COCO\">Coco\u2019 en concierto con la Sinf\u00f3nica<br><\/a><\/strong>Disfruta de la galardonada pel\u00edcula \u2018Coco\u2019 en pantalla grande mientras es musicalizada en vivo por la Sinf\u00f3nica de San Francisco Symphony. Este evento familiar incluye instalaciones de arte, tamales, galletas en forma de calaveras, chocolate caliente y m\u00e1s.<\/p>\n\n\n\n<p>Horario: 7 PM<br>D\u00f3nde: Davies Symphony Hall, 201 Van Ness Ave., San Francisco<br>Admisi\u00f3n: boletos desde $62.50 | Ni\u00f1as y ni\u00f1os 50% de descuento<\/p>\n\n\n\n<h4 class=\"wp-block-heading\"><strong>S\u00e1bado 1 de noviembre<\/strong><\/h4>\n\n\n\n<p><a href=\"https:\/\/www.sfsymphony.org\/Community-Volunteer\/Dia-de-los-Muertos-About-page\"><strong>Celebraci\u00f3n del D\u00eda de Muertos de la Sinf\u00f3nica de San Francisco<\/strong><\/a><br>Bajo la conducci\u00f3n de Lina Gonz\u00e1lez-Granados y la curadur\u00eda de Martha Rodr\u00edguez-Salazar en colaboraci\u00f3n con Casa C\u00edrculo Cultural, el concierto de este a\u00f1o destaca compositoras y compositores latinoamericanos como Gabriela Ortiz, Arturo M\u00e1rquez y Gabriela Lena Frank. Una celebraci\u00f3n que tambi\u00e9n incluye instalaciones de arte y actividades familiares como decoraci\u00f3n de calaveritas de az\u00facar y elaboraci\u00f3n de flores de papel, pintacaritas y un espacio interactivo con instrumentos de mariachi.<\/p>\n\n\n\n<p>Horario: Celebraci\u00f3n, 1:30 PM | Concierto, 3 PM.<br>D\u00f3nde: Davies Symphony Hall (201 Avenida Van Ness), San Francisco<br>Admisi\u00f3n: Adultos, boletos desde $62.50 | Menores de 18 a\u00f1os, 50% de descuento.<\/p>\n\n\n\n<p><a href=\"https:\/\/canasf.org\/dia-de-los-muertos\/\"><strong>Mercado del D\u00eda de Muertos en Yerba Buena Gardens<\/strong><\/a><br>El Yerba Buena Gardens Festival y Cultura y Arte Nativa de las Am\u00e9ricas (CANA) presentan un mercado de D\u00eda de Muertos gratuito y apto para toda la familia, dedicado a honrar el legado musical del maestro Eddie Palmieri. La celebraci\u00f3n comenzar\u00e1 con un ritual y procesi\u00f3n ind\u00edgena, seguida de la exhibici\u00f3n de un altar comunitario, puestos de comida y artesan\u00eda, as\u00ed como pintura mural en vivo y actuaciones de grupos de danza ind\u00edgena.<\/p>\n\n\n\n<p>Horario: 4 PM-9PM.<br>D\u00f3nde: Yerba Buena Gardens (Calle Misi\u00f3n, entre las calles 3 y 4), San Francisco.<br>Admisi\u00f3n: Gratuita y para toda la familia.<\/p>\n\n\n\n<p><strong><a href=\"https:\/\/www.instagram.com\/p\/DQIT2C-gQy2\/?utm_source=ig_web_copy_link&amp;igsh=MzRlODBiNWFlZA%3D%3D\">Recepci\u00f3n de apertura: Reimaginando a Tuteku<\/a><br><\/strong>Una exposici\u00f3n de arte en Acci\u00f3n Latina (editora de <em>El Tecolote<\/em>) a cargo del artista salvadore\u00f1o-americano Mincho Vega, que explora las tradiciones ind\u00edgenas Lenca y Pipil documentadas por la etnomusic\u00f3loga Mar\u00eda de Baratta. Vega reimagina \u2018Tuteku\u2019 \u2014la palabra en n\u00e1huatl para \u2018gran esp\u00edritu\u2019\u2014 como una fuerza viva que une lo visible y lo invisible.<\/p>\n\n\n\n<p>A trav\u00e9s de la pintura, la escultura y la creaci\u00f3n de altares, la exposici\u00f3n se convierte en una reivindicaci\u00f3n de la memoria y la presencia ancestral. La recepci\u00f3n de apertura contar\u00e1 con m\u00fasica a cargo del DJ Wonway Posibul.<\/p>\n\n\n\n<p>Horario: 5 PM-9 PM.&nbsp;<br>D\u00f3nde: Acci\u00f3n Latina (2958 calle 24), San Francisco<br>Admisi\u00f3n: Gratuita<\/p>\n\n\n\n<h4 class=\"wp-block-heading\"><strong>Domingo, 2 de noviembre<\/strong><\/h4>\n\n\n\n<p><a href=\"https:\/\/www.dayofthedeadsf.org\/festival-of-altars\"><strong>Festival de Altares en el Parque Potrero del Sol<\/strong><\/a><br>En su edici\u00f3n 33 del Festival de Altares, Marigold Project invita a toda la comunidad a construir sus altares, disfrutar de presentaciones en vivo y participar en ceremonias culturales a lo largo del d\u00eda.<\/p>\n\n\n\n<p>\u201cLo que hace especial a este evento es que no solo creamos una celebraci\u00f3n de la vida, sino que tambi\u00e9n creamos un santuario\u201d, afirm\u00f3 Deni Slehiman, directora de educaci\u00f3n del Marigold Project. \u201cSe siente como un espacio \u00edntimo que elaboramos con amor e intenci\u00f3n. En lugar de hacer una gran procesi\u00f3n en las calles, permitimos que la gente ingrese a este santuario y cree su propio espacio\u201d.<\/p>\n\n\n\n<p>Slehiman a\u00f1adi\u00f3 que el evento tiene un significado particular para aquellos que est\u00e1n lejos de su tierra natal. \u201cCuando estamos de duelo, es dif\u00edcil expresarnos\u201d, coment\u00f3. \u201cEspecialmente como migrantes, lejos de nuestra cultura y de nuestras familias. Pero no importa d\u00f3nde estemos, podemos continuar con el legado de quienes nos precedieron y transmitir ese conocimiento a las generaciones m\u00e1s j\u00f3venes\u201d. Se anima a las personas visitantes a llevar ofrendas como fotos, flores o velas.<\/p>\n\n\n\n<p>Horario: 8 AM-9 PM (La instalaci\u00f3n comienza a las 8 AM; la ceremonia, al mediod\u00eda y las presentaciones, de 5 PM a 9 PM).<br>D\u00f3nde: Potrero del Sol Park (2827 C\u00e9sar Chavez St.), San Francisco.<br>Admisi\u00f3n: Gratuita y para toda la familia.<\/p>\n\n\n\n<figure class=\"wp-block-image size-large is-resized\"><img data-recalc-dims=\"1\" loading=\"lazy\" decoding=\"async\" width=\"600\" height=\"399\" src=\"https:\/\/i0.wp.com\/eltecolote.org\/content\/wp-content\/uploads\/2025\/10\/11022024-DIADEMUERTOS-ET-PU-23-scaled.jpg.webp?resize=600%2C399&#038;quality=80&#038;ssl=1\" alt=\"\" class=\"wp-image-68852\" style=\"width:810px;height:auto\" srcset=\"https:\/\/i0.wp.com\/eltecolote.org\/content\/wp-content\/uploads\/2025\/10\/11022024-DIADEMUERTOS-ET-PU-23-scaled.jpg.webp?resize=600%2C399&amp;quality=80&amp;ssl=1 600w, https:\/\/i0.wp.com\/eltecolote.org\/content\/wp-content\/uploads\/2025\/10\/11022024-DIADEMUERTOS-ET-PU-23-scaled.jpg.webp?resize=360%2C239&amp;quality=80&amp;ssl=1 360w, https:\/\/i0.wp.com\/eltecolote.org\/content\/wp-content\/uploads\/2025\/10\/11022024-DIADEMUERTOS-ET-PU-23-scaled.jpg.webp?resize=768%2C511&amp;quality=80&amp;ssl=1 768w, https:\/\/i0.wp.com\/eltecolote.org\/content\/wp-content\/uploads\/2025\/10\/11022024-DIADEMUERTOS-ET-PU-23-scaled.jpg.webp?resize=1536%2C1022&amp;quality=80&amp;ssl=1 1536w, https:\/\/i0.wp.com\/eltecolote.org\/content\/wp-content\/uploads\/2025\/10\/11022024-DIADEMUERTOS-ET-PU-23-scaled.jpg.webp?resize=1200%2C798&amp;quality=80&amp;ssl=1 1200w, https:\/\/i0.wp.com\/eltecolote.org\/content\/wp-content\/uploads\/2025\/10\/11022024-DIADEMUERTOS-ET-PU-23-scaled.jpg.webp?resize=1024%2C681&amp;quality=80&amp;ssl=1 1024w, https:\/\/i0.wp.com\/eltecolote.org\/content\/wp-content\/uploads\/2025\/10\/11022024-DIADEMUERTOS-ET-PU-23-scaled.jpg.webp?resize=400%2C266&amp;quality=80&amp;ssl=1 400w, https:\/\/i0.wp.com\/eltecolote.org\/content\/wp-content\/uploads\/2025\/10\/11022024-DIADEMUERTOS-ET-PU-23-scaled.jpg.webp?w=1568&amp;quality=80&amp;ssl=1 1568w\" sizes=\"auto, (max-width: 600px) 100vw, 600px\" \/><figcaption class=\"wp-element-caption\">El color del cempas\u00fachil en el suelo contrasta con las y los danzantes azteca durante la edici\u00f3n 43 de la Procesi\u00f3n Anual del D\u00eda de Muertos, en las Calle 24 y Bryant, en San Francisco, California, el 2 de noviembre de 2024. Miles de personas se reunieron en la Misi\u00f3n para observar la colorida procesi\u00f3n que se celebra cada a\u00f1o. Foto: Pablo Unzueta para <em>El Tecolote <\/em>\/ CatchLight Local.<\/figcaption><\/figure>\n\n\n\n<p><a href=\"https:\/\/www.instagram.com\/reel\/DQP-OYQEv2K\/?utm_source=ig_web_copy_link&amp;igsh=MzRlODBiNWFlZA%3D%3D\"><strong>Altar comunitario: La Pertenencia es Sagrada<\/strong><\/a><br>Un evento comunitario del D\u00eda de Muertos en Acci\u00f3n Latina (editora de <em>El Tecolote<\/em>) que presenta un altar colaborativo creado junto a The Marigold Project y las artistas Danielle Revives y Deni Aguilera. Se invita a las personas visitantes a dejar mensajes de amor, esperanza o recuerdo mientras reflexionan sobre la liberaci\u00f3n, la justicia y la lucha compartida entre culturas.<\/p>\n\n\n\n<p>La velada incluye m\u00fasica de la DJ La Femme Papi, refrigerios y una ofrenda interactiva que honra a las y los ancestros y celebra la resiliencia comunitaria en el coraz\u00f3n del Distrito Misi\u00f3n.<\/p>\n\n\n\n<p>Horario: 5 PM-10 PM\u00a0<br>D\u00f3nde: Acci\u00f3n Latina, 2958 calle 24, San Francisco\u00a0<br>Admisi\u00f3n: Gratuita<\/p>\n\n\n\n<p><a href=\"https:\/\/www.instagram.com\/p\/DOXAp0wklua\/?utm_source=ig_web_copy_link\"><strong>Procesi\u00f3n Comunitaria en el Distrito Misi\u00f3n<\/strong><\/a><br>Danzantes aztecas volver\u00e1n a encabezar la edici\u00f3n 44 de la Procesi\u00f3n Comunitaria que cada a\u00f1o organiza el Colectivo del Rescate Cultural y la cual re\u00fane a cientos de personas en el Distrito Misi\u00f3n. Louie Guti\u00e9rrez, co propietario de La Reyna Bakery y co director de dicho colectivo, explic\u00f3 que esta reuni\u00f3n es comunitaria: \u201cEs algo org\u00e1nico, no necesitas mucho dinero para hacerlo. Es simplemente, &#8216;Nos vemos all\u00ed, en la 24 y Bryant&#8217;\u201d.<\/p>\n\n\n\n<p>Horario: 7 PM.<br>D\u00f3nde: La procesi\u00f3n iniciar\u00e1 en las Calle 22 y Bryant con una ceremonia tradicional. A continuaci\u00f3n avanzar\u00e1 hacia el sur, hasta el cruce con la calle 24, para luego continuar hacia el oeste hasta la calle Misi\u00f3n y, finalmente, regresar\u00e1 al punto de origen.<br>Admisi\u00f3n: Gratuita y para toda la familia.<\/p>\n\n\n\n<figure class=\"wp-block-image size-large is-resized\"><img data-recalc-dims=\"1\" loading=\"lazy\" decoding=\"async\" width=\"600\" height=\"399\" src=\"https:\/\/i0.wp.com\/eltecolote.org\/content\/wp-content\/uploads\/2025\/10\/11022024-DIADEMUERTOS-ET-PU-1-scaled.jpg.webp?resize=600%2C399&#038;quality=80&#038;ssl=1\" alt=\"\" class=\"wp-image-68853\" style=\"width:810px;height:auto\" srcset=\"https:\/\/i0.wp.com\/eltecolote.org\/content\/wp-content\/uploads\/2025\/10\/11022024-DIADEMUERTOS-ET-PU-1-scaled.jpg.webp?resize=600%2C399&amp;quality=80&amp;ssl=1 600w, https:\/\/i0.wp.com\/eltecolote.org\/content\/wp-content\/uploads\/2025\/10\/11022024-DIADEMUERTOS-ET-PU-1-scaled.jpg.webp?resize=360%2C239&amp;quality=80&amp;ssl=1 360w, https:\/\/i0.wp.com\/eltecolote.org\/content\/wp-content\/uploads\/2025\/10\/11022024-DIADEMUERTOS-ET-PU-1-scaled.jpg.webp?resize=768%2C511&amp;quality=80&amp;ssl=1 768w, https:\/\/i0.wp.com\/eltecolote.org\/content\/wp-content\/uploads\/2025\/10\/11022024-DIADEMUERTOS-ET-PU-1-scaled.jpg.webp?resize=1536%2C1022&amp;quality=80&amp;ssl=1 1536w, https:\/\/i0.wp.com\/eltecolote.org\/content\/wp-content\/uploads\/2025\/10\/11022024-DIADEMUERTOS-ET-PU-1-scaled.jpg.webp?resize=1200%2C798&amp;quality=80&amp;ssl=1 1200w, https:\/\/i0.wp.com\/eltecolote.org\/content\/wp-content\/uploads\/2025\/10\/11022024-DIADEMUERTOS-ET-PU-1-scaled.jpg.webp?resize=1024%2C681&amp;quality=80&amp;ssl=1 1024w, https:\/\/i0.wp.com\/eltecolote.org\/content\/wp-content\/uploads\/2025\/10\/11022024-DIADEMUERTOS-ET-PU-1-scaled.jpg.webp?resize=400%2C266&amp;quality=80&amp;ssl=1 400w, https:\/\/i0.wp.com\/eltecolote.org\/content\/wp-content\/uploads\/2025\/10\/11022024-DIADEMUERTOS-ET-PU-1-scaled.jpg.webp?w=1568&amp;quality=80&amp;ssl=1 1568w\" sizes=\"auto, (max-width: 600px) 100vw, 600px\" \/><figcaption class=\"wp-element-caption\">Abril Aguilar maquilla de catrina el rostro de Katherine Aleman en la Calle 24, durante la celebraci\u00f3n del festival de D\u00eda de Muertos. Miles se congregaron en la Misi\u00f3n para observar la colorida procesi\u00f3n en San Francisco, California, el 2 de noviembre de 2024. Foto: Pablo Unzueta para <em>El Tecolote<\/em> \/ CatchLight Local.<\/figcaption><\/figure>\n\n\n\n<p><\/p>\n","protected":false},"excerpt":{"rendered":"<p>Este es el programa completo de exhibici\u00f3n de altares, procesiones, mercados, espect\u00e1culos y m\u00e1s celebraciones en torno al D\u00eda de Muertos en San Francisco que no te puedes perder.<\/p>\n","protected":false},"author":88941,"featured_media":68850,"comment_status":"closed","ping_status":"closed","sticky":false,"template":"","format":"standard","meta":{"newspack_popups_has_disabled_popups":false,"newspack_featured_image_position":"above","newspack_post_subtitle":"","newspack_article_summary_title":"Overview:","newspack_article_summary":"","newspack_hide_updated_date":false,"newspack_show_updated_date":false,"footnotes":""},"categories":[25378],"tags":[],"coauthors":[25474],"class_list":["post-68847","post","type-post","status-publish","format-standard","has-post-thumbnail","hentry","category-arte-cultura","entry"],"yoast_head":"<!-- This site is optimized with the Yoast SEO plugin v27.5 - https:\/\/yoast.com\/product\/yoast-seo-wordpress\/ -->\n<title>7 eventos en SF para participar del aut\u00e9ntico esp\u00edritu del D\u00eda de Muertos<\/title>\n<meta name=\"description\" content=\"Descubre la gu\u00eda completa del D\u00eda de Muertos en San Francisco: altares, procesiones, mercados y espect\u00e1culos culturales en el Distrito Misi\u00f3n y m\u00e1s.\" \/>\n<meta name=\"robots\" content=\"index, follow, max-snippet:-1, max-image-preview:large, max-video-preview:-1\" \/>\n<link rel=\"canonical\" href=\"https:\/\/eltecolote.org\/content\/es\/dia-de-muertos-sf-eventos-mission\/\" \/>\n<meta property=\"og:locale\" content=\"en_US\" \/>\n<meta property=\"og:type\" content=\"article\" \/>\n<meta property=\"og:title\" content=\"7 eventos en SF para participar del aut\u00e9ntico esp\u00edritu del D\u00eda de Muertos\" \/>\n<meta property=\"og:description\" content=\"Descubre la gu\u00eda completa del D\u00eda de Muertos en San Francisco: altares, procesiones, mercados y espect\u00e1culos culturales en el Distrito Misi\u00f3n y m\u00e1s.\" \/>\n<meta property=\"og:url\" content=\"https:\/\/eltecolote.org\/content\/es\/dia-de-muertos-sf-eventos-mission\/\" \/>\n<meta property=\"og:site_name\" content=\"El Tecolote\" \/>\n<meta property=\"article:publisher\" content=\"https:\/\/www.facebook.com\/ElTecoloteSF\/\" \/>\n<meta property=\"article:published_time\" content=\"2025-10-28T22:42:00+00:00\" \/>\n<meta property=\"article:modified_time\" content=\"2025-10-29T02:56:06+00:00\" \/>\n<meta property=\"og:image\" content=\"https:\/\/eltecolote.org\/content\/wp-content\/uploads\/2025\/10\/20241102_TECO_DiaDeLosMuertos_JW_18.jpg.webp\" \/>\n\t<meta property=\"og:image:width\" content=\"1200\" \/>\n\t<meta property=\"og:image:height\" content=\"864\" \/>\n\t<meta property=\"og:image:type\" content=\"image\/webp\" \/>\n<meta name=\"author\" content=\"Emma Garcia\" \/>\n<meta name=\"twitter:card\" content=\"summary_large_image\" \/>\n<meta name=\"twitter:creator\" content=\"@eltecolotesf\" \/>\n<meta name=\"twitter:site\" content=\"@eltecolotesf\" \/>\n<meta name=\"twitter:label1\" content=\"Written by\" \/>\n\t<meta name=\"twitter:data1\" content=\"Emma Garcia\" \/>\n\t<meta name=\"twitter:label2\" content=\"Est. reading time\" \/>\n\t<meta name=\"twitter:data2\" content=\"8 minutes\" \/>\n<script type=\"application\/ld+json\" class=\"yoast-schema-graph\">{\"@context\":\"https:\\\/\\\/schema.org\",\"@graph\":[{\"@type\":\"NewsArticle\",\"@id\":\"https:\\\/\\\/eltecolote.org\\\/content\\\/es\\\/dia-de-muertos-sf-eventos-mission\\\/#article\",\"isPartOf\":{\"@id\":\"https:\\\/\\\/eltecolote.org\\\/content\\\/es\\\/dia-de-muertos-sf-eventos-mission\\\/\"},\"author\":{\"name\":\"Katie Beas\",\"@id\":\"https:\\\/\\\/eltecolote.org\\\/content\\\/#\\\/schema\\\/person\\\/65c4d8ad9a78a7063038ee8183faeb52\"},\"headline\":\"Tradici\u00f3n viva: 8 eventos del D\u00eda de Muertos en SF a los que puedes acudir\",\"datePublished\":\"2025-10-28T22:42:00+00:00\",\"dateModified\":\"2025-10-29T02:56:06+00:00\",\"mainEntityOfPage\":{\"@id\":\"https:\\\/\\\/eltecolote.org\\\/content\\\/es\\\/dia-de-muertos-sf-eventos-mission\\\/\"},\"wordCount\":1709,\"publisher\":{\"@id\":\"https:\\\/\\\/eltecolote.org\\\/content\\\/#organization\"},\"image\":{\"@id\":\"https:\\\/\\\/eltecolote.org\\\/content\\\/es\\\/dia-de-muertos-sf-eventos-mission\\\/#primaryimage\"},\"thumbnailUrl\":\"https:\\\/\\\/i0.wp.com\\\/eltecolote.org\\\/content\\\/wp-content\\\/uploads\\\/2025\\\/10\\\/20241102_TECO_DiaDeLosMuertos_JW_18.jpg.webp?fit=1200%2C864&quality=80&ssl=1\",\"articleSection\":[\"Arte y Cultura\"],\"inLanguage\":\"en\"},{\"@type\":\"WebPage\",\"@id\":\"https:\\\/\\\/eltecolote.org\\\/content\\\/es\\\/dia-de-muertos-sf-eventos-mission\\\/\",\"url\":\"https:\\\/\\\/eltecolote.org\\\/content\\\/es\\\/dia-de-muertos-sf-eventos-mission\\\/\",\"name\":\"7 eventos en SF para participar del aut\u00e9ntico esp\u00edritu del D\u00eda de Muertos\",\"isPartOf\":{\"@id\":\"https:\\\/\\\/eltecolote.org\\\/content\\\/#website\"},\"primaryImageOfPage\":{\"@id\":\"https:\\\/\\\/eltecolote.org\\\/content\\\/es\\\/dia-de-muertos-sf-eventos-mission\\\/#primaryimage\"},\"image\":{\"@id\":\"https:\\\/\\\/eltecolote.org\\\/content\\\/es\\\/dia-de-muertos-sf-eventos-mission\\\/#primaryimage\"},\"thumbnailUrl\":\"https:\\\/\\\/i0.wp.com\\\/eltecolote.org\\\/content\\\/wp-content\\\/uploads\\\/2025\\\/10\\\/20241102_TECO_DiaDeLosMuertos_JW_18.jpg.webp?fit=1200%2C864&quality=80&ssl=1\",\"datePublished\":\"2025-10-28T22:42:00+00:00\",\"dateModified\":\"2025-10-29T02:56:06+00:00\",\"description\":\"Descubre la gu\u00eda completa del D\u00eda de Muertos en San Francisco: altares, procesiones, mercados y espect\u00e1culos culturales en el Distrito Misi\u00f3n y m\u00e1s.\",\"inLanguage\":\"en\",\"potentialAction\":[{\"@type\":\"ReadAction\",\"target\":[\"https:\\\/\\\/eltecolote.org\\\/content\\\/es\\\/dia-de-muertos-sf-eventos-mission\\\/\"]}]},{\"@type\":\"ImageObject\",\"inLanguage\":\"en\",\"@id\":\"https:\\\/\\\/eltecolote.org\\\/content\\\/es\\\/dia-de-muertos-sf-eventos-mission\\\/#primaryimage\",\"url\":\"https:\\\/\\\/i0.wp.com\\\/eltecolote.org\\\/content\\\/wp-content\\\/uploads\\\/2025\\\/10\\\/20241102_TECO_DiaDeLosMuertos_JW_18.jpg.webp?fit=1200%2C864&quality=80&ssl=1\",\"contentUrl\":\"https:\\\/\\\/i0.wp.com\\\/eltecolote.org\\\/content\\\/wp-content\\\/uploads\\\/2025\\\/10\\\/20241102_TECO_DiaDeLosMuertos_JW_18.jpg.webp?fit=1200%2C864&quality=80&ssl=1\",\"width\":1200,\"height\":864,\"caption\":\"Miles de personas se congregaron en el coraz\u00f3n del Distrito Misi\u00f3n para formar parte de la multitudinaria Procesi\u00f3n Anual del D\u00eda de Muertos en San Francisco, California, el 2 de noviembre de 2024. Foto: Jeremy Word.\"},{\"@type\":\"WebSite\",\"@id\":\"https:\\\/\\\/eltecolote.org\\\/content\\\/#website\",\"url\":\"https:\\\/\\\/eltecolote.org\\\/content\\\/\",\"name\":\"El Tecolote\",\"description\":\"San Francisco's Latinx newspaper since 1970\",\"publisher\":{\"@id\":\"https:\\\/\\\/eltecolote.org\\\/content\\\/#organization\"},\"potentialAction\":[{\"@type\":\"SearchAction\",\"target\":{\"@type\":\"EntryPoint\",\"urlTemplate\":\"https:\\\/\\\/eltecolote.org\\\/content\\\/?s={search_term_string}\"},\"query-input\":{\"@type\":\"PropertyValueSpecification\",\"valueRequired\":true,\"valueName\":\"search_term_string\"}}],\"inLanguage\":\"en\"},{\"@type\":\"Organization\",\"@id\":\"https:\\\/\\\/eltecolote.org\\\/content\\\/#organization\",\"name\":\"El Tecolote\",\"url\":\"https:\\\/\\\/eltecolote.org\\\/content\\\/\",\"logo\":{\"@type\":\"ImageObject\",\"inLanguage\":\"en\",\"@id\":\"https:\\\/\\\/eltecolote.org\\\/content\\\/#\\\/schema\\\/logo\\\/image\\\/\",\"url\":\"https:\\\/\\\/i0.wp.com\\\/eltecolote.org\\\/content\\\/wp-content\\\/uploads\\\/2021\\\/05\\\/ETlogo-1.jpg?fit=400%2C400&ssl=1\",\"contentUrl\":\"https:\\\/\\\/i0.wp.com\\\/eltecolote.org\\\/content\\\/wp-content\\\/uploads\\\/2021\\\/05\\\/ETlogo-1.jpg?fit=400%2C400&ssl=1\",\"width\":400,\"height\":400,\"caption\":\"El Tecolote\"},\"image\":{\"@id\":\"https:\\\/\\\/eltecolote.org\\\/content\\\/#\\\/schema\\\/logo\\\/image\\\/\"},\"sameAs\":[\"https:\\\/\\\/www.facebook.com\\\/ElTecoloteSF\\\/\",\"https:\\\/\\\/x.com\\\/eltecolotesf\",\"https:\\\/\\\/www.instagram.com\\\/eltecolotesf\\\/\"]},{\"@type\":\"Person\",\"@id\":\"https:\\\/\\\/eltecolote.org\\\/content\\\/#\\\/schema\\\/person\\\/65c4d8ad9a78a7063038ee8183faeb52\",\"name\":\"Katie Beas\",\"image\":{\"@type\":\"ImageObject\",\"inLanguage\":\"en\",\"@id\":\"https:\\\/\\\/secure.gravatar.com\\\/avatar\\\/dd0b28c9e7d26e5bfff599fec169594bdefe752cf974596325d36fdd59c26d32?s=96&d=mm&r=g29e9ee46b2a6e462bc368b837bbe11a2\",\"url\":\"https:\\\/\\\/secure.gravatar.com\\\/avatar\\\/dd0b28c9e7d26e5bfff599fec169594bdefe752cf974596325d36fdd59c26d32?s=96&d=mm&r=g\",\"contentUrl\":\"https:\\\/\\\/secure.gravatar.com\\\/avatar\\\/dd0b28c9e7d26e5bfff599fec169594bdefe752cf974596325d36fdd59c26d32?s=96&d=mm&r=g\",\"caption\":\"Katie Beas\"},\"description\":\"Katie Beas is a professional dedicated to the written word, with more than a decade of experience as a Spanish-language translator, copy editor and educator. Originally from Jalisco, Mexico, she has focused her career on building communication bridges in both the journalistic and academic fields. Since 2012, Katie has been part of El Tecolote, where her work as translator and copy editor has ensured the quality and accuracy of the Spanish-language content, both in print and on the newsroom's digital platforms. Her passion for education is reflected in her long career as a professor of Hispanic Literature at the University of Guadalajara, Mexico, a role she began in 2007 and has also taught online since 2011. In addition, throughout her career in San Francisco, California, Katie has actively collaborated with various nonprofit organizations to support the immigrant community. Her contributions have been key in editing and producing content, as well as in disseminating vital information for monolingual Spanish-speaking Latinos, helping facilitate access to essential resources and empowering the communities she serves. As of August, Katie Beas has taken on the role of Managing Editor of El Tecolote. Her mission is to strengthen the newspaper\u2019s connection with San Francisco\u2019s migrant and Latino communities through bilingual service journalism. To that end, she will expand access to Spanish-language content and reinforce the newspaper\u2019s presence in the Spanish-speaking community, supporting key initiatives such as the WhatsApp news service, the print and digital events calendar, resource guides and other editorial content designed specifically for Spanish-speaking audiences.\",\"url\":\"https:\\\/\\\/eltecolote.org\\\/content\\\/author\\\/katie-beas\\\/\"}]}<\/script>\n<!-- \/ Yoast SEO plugin. -->","yoast_head_json":{"title":"7 eventos en SF para participar del aut\u00e9ntico esp\u00edritu del D\u00eda de Muertos","description":"Descubre la gu\u00eda completa del D\u00eda de Muertos en San Francisco: altares, procesiones, mercados y espect\u00e1culos culturales en el Distrito Misi\u00f3n y m\u00e1s.","robots":{"index":"index","follow":"follow","max-snippet":"max-snippet:-1","max-image-preview":"max-image-preview:large","max-video-preview":"max-video-preview:-1"},"canonical":"https:\/\/eltecolote.org\/content\/es\/dia-de-muertos-sf-eventos-mission\/","og_locale":"en_US","og_type":"article","og_title":"7 eventos en SF para participar del aut\u00e9ntico esp\u00edritu del D\u00eda de Muertos","og_description":"Descubre la gu\u00eda completa del D\u00eda de Muertos en San Francisco: altares, procesiones, mercados y espect\u00e1culos culturales en el Distrito Misi\u00f3n y m\u00e1s.","og_url":"https:\/\/eltecolote.org\/content\/es\/dia-de-muertos-sf-eventos-mission\/","og_site_name":"El Tecolote","article_publisher":"https:\/\/www.facebook.com\/ElTecoloteSF\/","article_published_time":"2025-10-28T22:42:00+00:00","article_modified_time":"2025-10-29T02:56:06+00:00","og_image":[{"width":1200,"height":864,"url":"https:\/\/eltecolote.org\/content\/wp-content\/uploads\/2025\/10\/20241102_TECO_DiaDeLosMuertos_JW_18.jpg.webp","type":"image\/webp"}],"author":"Emma Garcia","twitter_card":"summary_large_image","twitter_creator":"@eltecolotesf","twitter_site":"@eltecolotesf","twitter_misc":{"Written by":"Emma Garcia","Est. reading time":"8 minutes"},"schema":{"@context":"https:\/\/schema.org","@graph":[{"@type":"NewsArticle","@id":"https:\/\/eltecolote.org\/content\/es\/dia-de-muertos-sf-eventos-mission\/#article","isPartOf":{"@id":"https:\/\/eltecolote.org\/content\/es\/dia-de-muertos-sf-eventos-mission\/"},"author":{"name":"Katie Beas","@id":"https:\/\/eltecolote.org\/content\/#\/schema\/person\/65c4d8ad9a78a7063038ee8183faeb52"},"headline":"Tradici\u00f3n viva: 8 eventos del D\u00eda de Muertos en SF a los que puedes acudir","datePublished":"2025-10-28T22:42:00+00:00","dateModified":"2025-10-29T02:56:06+00:00","mainEntityOfPage":{"@id":"https:\/\/eltecolote.org\/content\/es\/dia-de-muertos-sf-eventos-mission\/"},"wordCount":1709,"publisher":{"@id":"https:\/\/eltecolote.org\/content\/#organization"},"image":{"@id":"https:\/\/eltecolote.org\/content\/es\/dia-de-muertos-sf-eventos-mission\/#primaryimage"},"thumbnailUrl":"https:\/\/i0.wp.com\/eltecolote.org\/content\/wp-content\/uploads\/2025\/10\/20241102_TECO_DiaDeLosMuertos_JW_18.jpg.webp?fit=1200%2C864&quality=80&ssl=1","articleSection":["Arte y Cultura"],"inLanguage":"en"},{"@type":"WebPage","@id":"https:\/\/eltecolote.org\/content\/es\/dia-de-muertos-sf-eventos-mission\/","url":"https:\/\/eltecolote.org\/content\/es\/dia-de-muertos-sf-eventos-mission\/","name":"7 eventos en SF para participar del aut\u00e9ntico esp\u00edritu del D\u00eda de Muertos","isPartOf":{"@id":"https:\/\/eltecolote.org\/content\/#website"},"primaryImageOfPage":{"@id":"https:\/\/eltecolote.org\/content\/es\/dia-de-muertos-sf-eventos-mission\/#primaryimage"},"image":{"@id":"https:\/\/eltecolote.org\/content\/es\/dia-de-muertos-sf-eventos-mission\/#primaryimage"},"thumbnailUrl":"https:\/\/i0.wp.com\/eltecolote.org\/content\/wp-content\/uploads\/2025\/10\/20241102_TECO_DiaDeLosMuertos_JW_18.jpg.webp?fit=1200%2C864&quality=80&ssl=1","datePublished":"2025-10-28T22:42:00+00:00","dateModified":"2025-10-29T02:56:06+00:00","description":"Descubre la gu\u00eda completa del D\u00eda de Muertos en San Francisco: altares, procesiones, mercados y espect\u00e1culos culturales en el Distrito Misi\u00f3n y m\u00e1s.","inLanguage":"en","potentialAction":[{"@type":"ReadAction","target":["https:\/\/eltecolote.org\/content\/es\/dia-de-muertos-sf-eventos-mission\/"]}]},{"@type":"ImageObject","inLanguage":"en","@id":"https:\/\/eltecolote.org\/content\/es\/dia-de-muertos-sf-eventos-mission\/#primaryimage","url":"https:\/\/i0.wp.com\/eltecolote.org\/content\/wp-content\/uploads\/2025\/10\/20241102_TECO_DiaDeLosMuertos_JW_18.jpg.webp?fit=1200%2C864&quality=80&ssl=1","contentUrl":"https:\/\/i0.wp.com\/eltecolote.org\/content\/wp-content\/uploads\/2025\/10\/20241102_TECO_DiaDeLosMuertos_JW_18.jpg.webp?fit=1200%2C864&quality=80&ssl=1","width":1200,"height":864,"caption":"Miles de personas se congregaron en el coraz\u00f3n del Distrito Misi\u00f3n para formar parte de la multitudinaria Procesi\u00f3n Anual del D\u00eda de Muertos en San Francisco, California, el 2 de noviembre de 2024. Foto: Jeremy Word."},{"@type":"WebSite","@id":"https:\/\/eltecolote.org\/content\/#website","url":"https:\/\/eltecolote.org\/content\/","name":"El Tecolote","description":"San Francisco's Latinx newspaper since 1970","publisher":{"@id":"https:\/\/eltecolote.org\/content\/#organization"},"potentialAction":[{"@type":"SearchAction","target":{"@type":"EntryPoint","urlTemplate":"https:\/\/eltecolote.org\/content\/?s={search_term_string}"},"query-input":{"@type":"PropertyValueSpecification","valueRequired":true,"valueName":"search_term_string"}}],"inLanguage":"en"},{"@type":"Organization","@id":"https:\/\/eltecolote.org\/content\/#organization","name":"El Tecolote","url":"https:\/\/eltecolote.org\/content\/","logo":{"@type":"ImageObject","inLanguage":"en","@id":"https:\/\/eltecolote.org\/content\/#\/schema\/logo\/image\/","url":"https:\/\/i0.wp.com\/eltecolote.org\/content\/wp-content\/uploads\/2021\/05\/ETlogo-1.jpg?fit=400%2C400&ssl=1","contentUrl":"https:\/\/i0.wp.com\/eltecolote.org\/content\/wp-content\/uploads\/2021\/05\/ETlogo-1.jpg?fit=400%2C400&ssl=1","width":400,"height":400,"caption":"El Tecolote"},"image":{"@id":"https:\/\/eltecolote.org\/content\/#\/schema\/logo\/image\/"},"sameAs":["https:\/\/www.facebook.com\/ElTecoloteSF\/","https:\/\/x.com\/eltecolotesf","https:\/\/www.instagram.com\/eltecolotesf\/"]},{"@type":"Person","@id":"https:\/\/eltecolote.org\/content\/#\/schema\/person\/65c4d8ad9a78a7063038ee8183faeb52","name":"Katie Beas","image":{"@type":"ImageObject","inLanguage":"en","@id":"https:\/\/secure.gravatar.com\/avatar\/dd0b28c9e7d26e5bfff599fec169594bdefe752cf974596325d36fdd59c26d32?s=96&d=mm&r=g29e9ee46b2a6e462bc368b837bbe11a2","url":"https:\/\/secure.gravatar.com\/avatar\/dd0b28c9e7d26e5bfff599fec169594bdefe752cf974596325d36fdd59c26d32?s=96&d=mm&r=g","contentUrl":"https:\/\/secure.gravatar.com\/avatar\/dd0b28c9e7d26e5bfff599fec169594bdefe752cf974596325d36fdd59c26d32?s=96&d=mm&r=g","caption":"Katie Beas"},"description":"Katie Beas is a professional dedicated to the written word, with more than a decade of experience as a Spanish-language translator, copy editor and educator. Originally from Jalisco, Mexico, she has focused her career on building communication bridges in both the journalistic and academic fields. Since 2012, Katie has been part of El Tecolote, where her work as translator and copy editor has ensured the quality and accuracy of the Spanish-language content, both in print and on the newsroom's digital platforms. Her passion for education is reflected in her long career as a professor of Hispanic Literature at the University of Guadalajara, Mexico, a role she began in 2007 and has also taught online since 2011. In addition, throughout her career in San Francisco, California, Katie has actively collaborated with various nonprofit organizations to support the immigrant community. Her contributions have been key in editing and producing content, as well as in disseminating vital information for monolingual Spanish-speaking Latinos, helping facilitate access to essential resources and empowering the communities she serves. As of August, Katie Beas has taken on the role of Managing Editor of El Tecolote. Her mission is to strengthen the newspaper\u2019s connection with San Francisco\u2019s migrant and Latino communities through bilingual service journalism. To that end, she will expand access to Spanish-language content and reinforce the newspaper\u2019s presence in the Spanish-speaking community, supporting key initiatives such as the WhatsApp news service, the print and digital events calendar, resource guides and other editorial content designed specifically for Spanish-speaking audiences.","url":"https:\/\/eltecolote.org\/content\/author\/katie-beas\/"}]}},"distributor_meta":false,"distributor_terms":false,"distributor_media":false,"distributor_original_site_name":"El Tecolote","distributor_original_site_url":"https:\/\/eltecolote.org\/content","push-errors":false,"_links":{"self":[{"href":"https:\/\/eltecolote.org\/content\/wp-json\/wp\/v2\/posts\/68847","targetHints":{"allow":["GET"]}}],"collection":[{"href":"https:\/\/eltecolote.org\/content\/wp-json\/wp\/v2\/posts"}],"about":[{"href":"https:\/\/eltecolote.org\/content\/wp-json\/wp\/v2\/types\/post"}],"author":[{"embeddable":true,"href":"https:\/\/eltecolote.org\/content\/wp-json\/wp\/v2\/users\/88941"}],"replies":[{"embeddable":true,"href":"https:\/\/eltecolote.org\/content\/wp-json\/wp\/v2\/comments?post=68847"}],"version-history":[{"count":8,"href":"https:\/\/eltecolote.org\/content\/wp-json\/wp\/v2\/posts\/68847\/revisions"}],"predecessor-version":[{"id":68882,"href":"https:\/\/eltecolote.org\/content\/wp-json\/wp\/v2\/posts\/68847\/revisions\/68882"}],"wp:featuredmedia":[{"embeddable":true,"href":"https:\/\/eltecolote.org\/content\/wp-json\/wp\/v2\/media\/68850"}],"wp:attachment":[{"href":"https:\/\/eltecolote.org\/content\/wp-json\/wp\/v2\/media?parent=68847"}],"wp:term":[{"taxonomy":"category","embeddable":true,"href":"https:\/\/eltecolote.org\/content\/wp-json\/wp\/v2\/categories?post=68847"},{"taxonomy":"post_tag","embeddable":true,"href":"https:\/\/eltecolote.org\/content\/wp-json\/wp\/v2\/tags?post=68847"},{"taxonomy":"author","embeddable":true,"href":"https:\/\/eltecolote.org\/content\/wp-json\/wp\/v2\/coauthors?post=68847"}],"curies":[{"name":"wp","href":"https:\/\/api.w.org\/{rel}","templated":true}]}}