{"id":68258,"date":"2025-10-28T13:01:20","date_gmt":"2025-10-28T20:01:20","guid":{"rendered":"https:\/\/eltecolote.org\/content\/?p=68258"},"modified":"2025-10-28T19:50:14","modified_gmt":"2025-10-29T02:50:14","slug":"dia-de-los-muertos-sf-events-2","status":"publish","type":"post","link":"https:\/\/eltecolote.org\/content\/en\/dia-de-los-muertos-sf-events-2\/","title":{"rendered":"8 D\u00eda de Muertos events you can\u2019t miss in San Francisco"},"content":{"rendered":"\n<p>Walking along 24th Street, marigolds, sugar skulls and altars are beginning to fill shop windows in San Francisco\u2019s Mission District as businesses prepare for D\u00eda de Muertos on Nov. 1 and 2.<\/p>\n\n\n\n<p>Rooted in Indigenous and Catholic traditions, the two-day holiday has endured for centuries as a time of remembrance and celebration. Nov. 1 is typically dedicated to children who have passed, while Nov. 2 honors all loved ones who are gone.<\/p>\n\n\n\n<p class=\"has-text-align-center\"><em><a href=\"https:\/\/eltecolote.org\/content\/es\/dia-de-muertos-sf-eventos-mission\/\">Lee esta historia en espa\u00f1ol<\/a><\/em> <\/p>\n\n\n\n<p>For Louie Gutierrez, co-owner of La Reyna Bakery, D\u00eda de Muertos holds special meaning. His father died in a car accident on the Golden Gate Bridge in the 1990s, and since then the holiday has become a time to reflect and reconnect. \u201cIt\u2019s a way for those who used to live in the Mission, both the living and the dead, to come back home,\u201d he said.<\/p>\n\n\n\n<p>Every year, Latino communities across San Francisco mark D\u00eda de Muertos in their own ways: through processions, altar exhibits, art, music and food. For some, it\u2019s a festive time to gather in the streets. For others, it\u2019s a moment to stay connected to their roots and honor those who came before them.<\/p>\n\n\n\n<p>Here are eight ways San Francisco communities are keeping the spirit alive this year.<\/p>\n\n\n\n<h2 class=\"wp-block-heading\"><strong>Friday, Oct. 10 \u2013 Friday, Nov. 7<\/strong><\/h2>\n\n\n\n<p><a href=\"https:\/\/somarts.org\/exhibition\/weloveyou\/\"><strong>We Love You: SOMArts\u2019 D\u00eda de Muertos exhibition<\/strong><\/a><br>This year\u2019s 26th-annual SOMArts exhibit, We Love You, features personal and political altars that respond to ongoing struggles around immigration, health care, and LGBTQ+ rights. The show centers women, trans, and queer artists, highlighting the resilience of community through creativity.<\/p>\n\n\n\n<p>\u201cThis year\u2019s theme is a response to what\u2019s happening in the world through honoring the dead,\u201d said co-curator Rio Ya\u00f1ez, a Mission District native and son of the late artist Ren\u00e9 Ya\u00f1ez, who co-founded SOMArts\u2019 D\u00eda de Muertos tradition. \u201cWe opened up the show specifically to self-identified women, trans and gender-nonconforming artists as a way to amplify those voices and give them a platform in direct response to the policies and actions of the Trump administration.\u201d<\/p>\n\n\n\n<p>Co-creator Bridgett Rex added that the exhibit reflects the full spectrum of emotion the season evokes. \u201cThis show is so unique in that it\u2019s directly responsive to what is happening in the world,\u201d Rex said. \u201cYou can be tearful, and you can be happy at the same time. Keep a couple tissues in your pocket but also be ready to laugh, have fun, and make memories with your community.\u201d<\/p>\n\n\n\n<p>When: 6-9 PM<br>Where: SOMArts Cultural Center, 934 Brannan St., San Francisco<br>Admission: Suggested donation $15<\/p>\n\n\n\n<figure class=\"wp-block-image alignwide size-full\"><img data-recalc-dims=\"1\" loading=\"lazy\" decoding=\"async\" width=\"2560\" height=\"1703\" src=\"https:\/\/i0.wp.com\/eltecolote.org\/content\/wp-content\/uploads\/2025\/10\/10112024-PALESTINESOMARTS-ET-PU-6-scaled.jpg?resize=2560%2C1703&#038;quality=89&#038;ssl=1\" alt=\"\" class=\"wp-image-68264\" srcset=\"https:\/\/i0.wp.com\/eltecolote.org\/content\/wp-content\/uploads\/2025\/10\/10112024-PALESTINESOMARTS-ET-PU-6-scaled.jpg?w=2560&amp;quality=89&amp;ssl=1 2560w, https:\/\/i0.wp.com\/eltecolote.org\/content\/wp-content\/uploads\/2025\/10\/10112024-PALESTINESOMARTS-ET-PU-6-scaled.jpg?resize=360%2C240&amp;quality=89&amp;ssl=1 360w, https:\/\/i0.wp.com\/eltecolote.org\/content\/wp-content\/uploads\/2025\/10\/10112024-PALESTINESOMARTS-ET-PU-6-scaled.jpg?resize=600%2C399&amp;quality=89&amp;ssl=1 600w, https:\/\/i0.wp.com\/eltecolote.org\/content\/wp-content\/uploads\/2025\/10\/10112024-PALESTINESOMARTS-ET-PU-6-scaled.jpg?resize=768%2C511&amp;quality=89&amp;ssl=1 768w, https:\/\/i0.wp.com\/eltecolote.org\/content\/wp-content\/uploads\/2025\/10\/10112024-PALESTINESOMARTS-ET-PU-6-scaled.jpg?resize=1536%2C1022&amp;quality=89&amp;ssl=1 1536w, https:\/\/i0.wp.com\/eltecolote.org\/content\/wp-content\/uploads\/2025\/10\/10112024-PALESTINESOMARTS-ET-PU-6-scaled.jpg?resize=2048%2C1363&amp;quality=89&amp;ssl=1 2048w, https:\/\/i0.wp.com\/eltecolote.org\/content\/wp-content\/uploads\/2025\/10\/10112024-PALESTINESOMARTS-ET-PU-6-scaled.jpg?resize=1200%2C798&amp;quality=89&amp;ssl=1 1200w, https:\/\/i0.wp.com\/eltecolote.org\/content\/wp-content\/uploads\/2025\/10\/10112024-PALESTINESOMARTS-ET-PU-6-scaled.jpg?resize=1024%2C681&amp;quality=89&amp;ssl=1 1024w, https:\/\/i0.wp.com\/eltecolote.org\/content\/wp-content\/uploads\/2025\/10\/10112024-PALESTINESOMARTS-ET-PU-6-scaled.jpg?resize=1568%2C1043&amp;quality=89&amp;ssl=1 1568w, https:\/\/i0.wp.com\/eltecolote.org\/content\/wp-content\/uploads\/2025\/10\/10112024-PALESTINESOMARTS-ET-PU-6-scaled.jpg?resize=2000%2C1331&amp;quality=89&amp;ssl=1 2000w, https:\/\/i0.wp.com\/eltecolote.org\/content\/wp-content\/uploads\/2025\/10\/10112024-PALESTINESOMARTS-ET-PU-6-scaled.jpg?resize=400%2C266&amp;quality=89&amp;ssl=1 400w\" sizes=\"auto, (max-width: 1000px) 100vw, 1000px\" \/><figcaption class=\"wp-element-caption\">Silhouettes of people gathered during the opening reception of the SOMArts\u2019 D\u00eda de Muertos event with last year\u2019s theme being, \u201cBearing Witness,\u201d an expression of solidarity with Palestine, in San Francisco, Calif., on Oct. 14, 2024. Photo: Pablo Unzueta for <em>El Tecolote<\/em> \/ CatchLight Local.<\/figcaption><\/figure>\n\n\n\n<h2 class=\"wp-block-heading\"><strong>Wednesday, Oct. 29<\/strong><\/h2>\n\n\n\n<p><a href=\"https:\/\/www.sfsymphony.org\/Buy-Tickets\/2025-26\/COCO\"><strong>\u201cCoco\u201d in Concert with Live Orchestra<br><\/strong><\/a>Watch the Academy Award\u2013winning film \u201cCoco\u201d on the big screen with live orchestral accompaniment by the San Francisco Symphony. The family-friendly event will feature art installations, tamales, skull cookies, hot chocolate and more.<\/p>\n\n\n\n<p>When: 7 PM<br>Where: Davies Symphony Hall, 201 Van Ness Ave., San Francisco<br>Tickets: Starting at $62.50 | Kids 50% off<\/p>\n\n\n\n<h2 class=\"wp-block-heading\"><strong>Saturday, Nov. 1<\/strong><\/h2>\n\n\n\n<p><strong><a href=\"https:\/\/canasf.org\/dia-de-los-muertos\/\">D\u00eda de Muertos Market at Yerba Buena Gardens<\/a><br><\/strong>Yerba Buena Gardens Festival and Cultura y Arte Nativa de las Am\u00e9ricas (CANA) present a free, family-friendly D\u00eda de Muertos market honoring Maestro Eddie Palmieri and his musical legacy. The celebration begins with an Indigenous blessing and procession, followed by a community altar, food vendors and artisan booths, live mural painting and performances from Indigenous dance groups.<\/p>\n\n\n\n<p>When: 4-9 PM<br>Where: Mission St. between 3rd &amp; 4th Sts., San Francisco<br>Admission: Free<\/p>\n\n\n\n<p><strong><a href=\"https:\/\/www.sfsymphony.org\/Buy-Tickets\/2025-26\/DIA-DE-LOS-MUERTOS\">San Francisco Symphony D\u00eda de Muertos Concert<\/a><br><\/strong>Conducted by Lina Gonz\u00e1lez-Granados and curated by Martha Rodr\u00edguez-Salazar in collaboration with Casa C\u00edrculo Cultural, this year\u2019s concert highlights Latin American composers including Gabriela Ortiz, Arturo M\u00e1rquez, and Gabriela Lena Frank. The celebration also includes art installations and family-friendly activities such as sugar-skull decorating, tissue-flower making, face painting, and even a Mariachi instrument petting zoo.<\/p>\n\n\n\n<p>When: Event begin 1:30 PM; concert 3 PM (installations on view through Nov. 12)<br>Where: Davies Symphony Hall, 201 Van Ness Ave., San Francisco<br>Tickets: Adults $62.50 and up | 18 and under 50% off<\/p>\n\n\n\n<p><a href=\"https:\/\/www.instagram.com\/p\/DQIT2C-gQy2\/?utm_source=ig_web_copy_link&amp;igsh=MzRlODBiNWFlZA%3D%3D\"><strong>Opening Reception: The Reimagining of Tuteku<\/strong><\/a><br>An art exhibition at Acci\u00f3n Latina (publisher of <em>El Tecolote<\/em>) by Salvadoran-American artist Mincho Vega exploring the Indigenous Lenca and Pipil traditions documented by ethnomusicologist Mar\u00eda de Baratta. Vega reimagines \u201cTuteku,\u201d the Nahuatl word for \u201cgreat spirit,\u201d as a living force that bridges the seen and unseen.<\/p>\n\n\n\n<p>Through painting, sculpture, and altar-making, the exhibition becomes a reclamation of memory and ancestral presence. The opening reception will feature music by DJ Wonway Posibul.<\/p>\n\n\n\n<p>When: 5\u20139 p.m.\u2028 <br>Where: Acci\u00f3n Latina (2958 24th St.,), San Francisco<br>Admission: Free<\/p>\n\n\n\n<h2 class=\"wp-block-heading\"><strong>Sunday, Nov. 2<\/strong><\/h2>\n\n\n\n<p><a href=\"https:\/\/www.dayofthedeadsf.org\/festival-of-altars\"><strong>Festival of Altars at Potrero del Sol Park<\/strong><\/a><br>The Marigold Project\u2019s 33rd annual Festival of Altars invites the entire community to build personal altars, enjoy live performances and take part in cultural ceremonies throughout the day. \u201cWhat makes this event special is that we not only create a celebration of life, but we also create a sanctuary,\u201d said Deni Slehiman, education director for the Marigold Project. \u201cIt feels like an intimate space we craft through love and intention. Rather than doing a big procession in the streets, we allow people to enter this sanctuary and create their own space.\u201d<\/p>\n\n\n\n<p>Slehiman added that the event carries particular meaning for those far from their homelands. \u201cWhen we grieve, it\u2019s hard to express ourselves,\u201d said Deni Slehiman, education director for the Marigold Project. \u201cEspecially as immigrants, far from our culture and our families. But no matter where we are, we can continue the legacy of those who came before us and pass that knowledge to younger generations.\u201d Visitors are encouraged to bring offerings such as photos, flowers or candles.<\/p>\n\n\n\n<p>When: 8 AM-9 PM (installation begins at 8 AM; ceremony at noon; performances 5 PM-9 PM)<br>Where: 2827 Cesar Chavez St, San Francisco<\/p>\n\n\n\n<figure class=\"wp-block-image alignwide size-full\"><img data-recalc-dims=\"1\" loading=\"lazy\" decoding=\"async\" width=\"2560\" height=\"1703\" src=\"https:\/\/i0.wp.com\/eltecolote.org\/content\/wp-content\/uploads\/2025\/10\/11022024-DIADEMUERTOS-ET-PU-23-scaled.jpg?resize=2560%2C1703&#038;quality=89&#038;ssl=1\" alt=\"\" class=\"wp-image-68262\" srcset=\"https:\/\/i0.wp.com\/eltecolote.org\/content\/wp-content\/uploads\/2025\/10\/11022024-DIADEMUERTOS-ET-PU-23-scaled.jpg?w=2560&amp;quality=89&amp;ssl=1 2560w, https:\/\/i0.wp.com\/eltecolote.org\/content\/wp-content\/uploads\/2025\/10\/11022024-DIADEMUERTOS-ET-PU-23-scaled.jpg?resize=360%2C240&amp;quality=89&amp;ssl=1 360w, https:\/\/i0.wp.com\/eltecolote.org\/content\/wp-content\/uploads\/2025\/10\/11022024-DIADEMUERTOS-ET-PU-23-scaled.jpg?resize=600%2C399&amp;quality=89&amp;ssl=1 600w, https:\/\/i0.wp.com\/eltecolote.org\/content\/wp-content\/uploads\/2025\/10\/11022024-DIADEMUERTOS-ET-PU-23-scaled.jpg?resize=768%2C511&amp;quality=89&amp;ssl=1 768w, https:\/\/i0.wp.com\/eltecolote.org\/content\/wp-content\/uploads\/2025\/10\/11022024-DIADEMUERTOS-ET-PU-23-scaled.jpg?resize=1536%2C1022&amp;quality=89&amp;ssl=1 1536w, https:\/\/i0.wp.com\/eltecolote.org\/content\/wp-content\/uploads\/2025\/10\/11022024-DIADEMUERTOS-ET-PU-23-scaled.jpg?resize=2048%2C1363&amp;quality=89&amp;ssl=1 2048w, https:\/\/i0.wp.com\/eltecolote.org\/content\/wp-content\/uploads\/2025\/10\/11022024-DIADEMUERTOS-ET-PU-23-scaled.jpg?resize=1200%2C798&amp;quality=89&amp;ssl=1 1200w, https:\/\/i0.wp.com\/eltecolote.org\/content\/wp-content\/uploads\/2025\/10\/11022024-DIADEMUERTOS-ET-PU-23-scaled.jpg?resize=1024%2C681&amp;quality=89&amp;ssl=1 1024w, https:\/\/i0.wp.com\/eltecolote.org\/content\/wp-content\/uploads\/2025\/10\/11022024-DIADEMUERTOS-ET-PU-23-scaled.jpg?resize=1568%2C1043&amp;quality=89&amp;ssl=1 1568w, https:\/\/i0.wp.com\/eltecolote.org\/content\/wp-content\/uploads\/2025\/10\/11022024-DIADEMUERTOS-ET-PU-23-scaled.jpg?resize=2000%2C1331&amp;quality=89&amp;ssl=1 2000w, https:\/\/i0.wp.com\/eltecolote.org\/content\/wp-content\/uploads\/2025\/10\/11022024-DIADEMUERTOS-ET-PU-23-scaled.jpg?resize=400%2C266&amp;quality=89&amp;ssl=1 400w\" sizes=\"auto, (max-width: 1000px) 100vw, 1000px\" \/><figcaption class=\"wp-element-caption\">A marigold on the ground is backdropped by Azteca Dancers during the 43rd annual procession for D\u00eda de Muertos on 24th and Bryant Street in San Francisco, Calif., on Nov. 2, 2024. Thousands of people gathered in the Mission District to observe the color procession that takes place every year. Photo: Pablo Unzueta for <em>El Tecolote<\/em> \/ CatchLight Local.<\/figcaption><\/figure>\n\n\n\n<p><a href=\"https:\/\/www.instagram.com\/reel\/DQP-OYQEv2K\/?utm_source=ig_web_copy_link&amp;igsh=MzRlODBiNWFlZA%3D%3D\"><strong>Community altar: Belonging Is Sacred<\/strong><br><\/a>A community-based D\u00eda de Muertos at Acci\u00f3n Latina (publisher of <em>El Tecolote<\/em>) event featuring a collaborative altar created with The Marigold Project and artists Danielle Revives and Deni Aguilera. Visitors are invited to leave messages of love, hope or remembrance while reflecting on liberation, justice, and shared struggle across cultures.<\/p>\n\n\n\n<p>The evening includes music by DJ La Femme Papi, refreshments, and an interactive ofrenda that honors ancestors and celebrates community resilience in the heart of the Mission.<\/p>\n\n\n\n<p>When: 5\u201310 p.m.<br>Where: Acci\u00f3n Latina, 2958 24th St., San Francisco<br>Admission: Free<\/p>\n\n\n\n<p><a href=\"https:\/\/www.instagram.com\/p\/DOXAp0wklua\/?utm_source=ig_web_copy_link\"><strong>Mission District Community Procession<\/strong><\/a><br>Aztec dancers will once again lead hundreds through the Mission District during the 44th annual procession organized by El Colectivo del Rescate Cultural. Louie Gutierrez of La Reyna Bakery and co-director of El Colectivo said the gathering is intentionally grassroots. \u201cIt\u2019s organic, you don\u2019t need a lot of money to do this,\u201d he said. \u201cIt\u2019s just, \u2018See you there on 24th and Bryant.\u2019\u201d<\/p>\n\n\n\n<p>When: 7 PM<br>Where: Start at 22nd &amp; Bryant St.; route continues south to 24th St., west to Mission St., then returns to 22nd &amp; Bryant St.<\/p>\n\n\n\n<figure class=\"wp-block-image alignwide size-full\"><img data-recalc-dims=\"1\" loading=\"lazy\" decoding=\"async\" width=\"2560\" height=\"1703\" src=\"https:\/\/i0.wp.com\/eltecolote.org\/content\/wp-content\/uploads\/2025\/10\/11022024-DIADEMUERTOS-ET-PU-1-scaled.jpg?resize=2560%2C1703&#038;quality=89&#038;ssl=1\" alt=\"\" class=\"wp-image-68260\" srcset=\"https:\/\/i0.wp.com\/eltecolote.org\/content\/wp-content\/uploads\/2025\/10\/11022024-DIADEMUERTOS-ET-PU-1-scaled.jpg?w=2560&amp;quality=89&amp;ssl=1 2560w, https:\/\/i0.wp.com\/eltecolote.org\/content\/wp-content\/uploads\/2025\/10\/11022024-DIADEMUERTOS-ET-PU-1-scaled.jpg?resize=360%2C240&amp;quality=89&amp;ssl=1 360w, https:\/\/i0.wp.com\/eltecolote.org\/content\/wp-content\/uploads\/2025\/10\/11022024-DIADEMUERTOS-ET-PU-1-scaled.jpg?resize=600%2C399&amp;quality=89&amp;ssl=1 600w, https:\/\/i0.wp.com\/eltecolote.org\/content\/wp-content\/uploads\/2025\/10\/11022024-DIADEMUERTOS-ET-PU-1-scaled.jpg?resize=768%2C511&amp;quality=89&amp;ssl=1 768w, https:\/\/i0.wp.com\/eltecolote.org\/content\/wp-content\/uploads\/2025\/10\/11022024-DIADEMUERTOS-ET-PU-1-scaled.jpg?resize=1536%2C1022&amp;quality=89&amp;ssl=1 1536w, https:\/\/i0.wp.com\/eltecolote.org\/content\/wp-content\/uploads\/2025\/10\/11022024-DIADEMUERTOS-ET-PU-1-scaled.jpg?resize=2048%2C1363&amp;quality=89&amp;ssl=1 2048w, https:\/\/i0.wp.com\/eltecolote.org\/content\/wp-content\/uploads\/2025\/10\/11022024-DIADEMUERTOS-ET-PU-1-scaled.jpg?resize=1200%2C798&amp;quality=89&amp;ssl=1 1200w, https:\/\/i0.wp.com\/eltecolote.org\/content\/wp-content\/uploads\/2025\/10\/11022024-DIADEMUERTOS-ET-PU-1-scaled.jpg?resize=1024%2C681&amp;quality=89&amp;ssl=1 1024w, https:\/\/i0.wp.com\/eltecolote.org\/content\/wp-content\/uploads\/2025\/10\/11022024-DIADEMUERTOS-ET-PU-1-scaled.jpg?resize=1568%2C1043&amp;quality=89&amp;ssl=1 1568w, https:\/\/i0.wp.com\/eltecolote.org\/content\/wp-content\/uploads\/2025\/10\/11022024-DIADEMUERTOS-ET-PU-1-scaled.jpg?resize=2000%2C1331&amp;quality=89&amp;ssl=1 2000w, https:\/\/i0.wp.com\/eltecolote.org\/content\/wp-content\/uploads\/2025\/10\/11022024-DIADEMUERTOS-ET-PU-1-scaled.jpg?resize=400%2C266&amp;quality=89&amp;ssl=1 400w\" sizes=\"auto, (max-width: 1000px) 100vw, 1000px\" \/><figcaption class=\"wp-element-caption\">Katherine Aleman gets her face painted by Abril Aguilar on 24th Street for the annual D\u00eda de Muertos festival in San Francisco, Calif., on Nov. 2, 2024. Thousands of people gathered in the Mission District to observe the color procession that takes place every year. Photo: Pablo Unzueta for <em>El Tecolote<\/em> \/ CatchLight Local.<\/figcaption><\/figure>\n","protected":false},"excerpt":{"rendered":"<p>Here are the D\u00eda de los Muertos altars, processions, markets, performances and celebrations you can\u2019t miss in San Francisco.<\/p>\n","protected":false},"author":88922,"featured_media":63082,"comment_status":"closed","ping_status":"closed","sticky":false,"template":"","format":"standard","meta":{"newspack_popups_has_disabled_popups":false,"newspack_featured_image_position":"above","newspack_post_subtitle":"","newspack_article_summary_title":"Overview:","newspack_article_summary":"","newspack_hide_updated_date":false,"newspack_show_updated_date":false,"footnotes":""},"categories":[25374],"tags":[],"coauthors":[25474],"class_list":["post-68258","post","type-post","status-publish","format-standard","has-post-thumbnail","hentry","category-art-culture","entry"],"yoast_head":"<!-- This site is optimized with the Yoast SEO plugin v27.5 - https:\/\/yoast.com\/product\/yoast-seo-wordpress\/ -->\n<title>8 D\u00eda de Muertos events you can\u2019t miss in San Francisco - El Tecolote<\/title>\n<meta name=\"description\" content=\"Here are the D\u00eda de los Muertos altars, processions, markets, performances and celebrations you can\u2019t miss in San Francisco.\" \/>\n<meta name=\"robots\" content=\"index, follow, max-snippet:-1, max-image-preview:large, max-video-preview:-1\" \/>\n<link rel=\"canonical\" href=\"https:\/\/eltecolote.org\/content\/en\/dia-de-los-muertos-sf-events-2\/\" \/>\n<meta property=\"og:locale\" content=\"en_US\" \/>\n<meta property=\"og:type\" content=\"article\" \/>\n<meta property=\"og:title\" content=\"8 D\u00eda de Muertos events you can\u2019t miss in San Francisco - El Tecolote\" \/>\n<meta property=\"og:description\" content=\"Here are the D\u00eda de los Muertos altars, processions, markets, performances and celebrations you can\u2019t miss in San Francisco.\" \/>\n<meta property=\"og:url\" content=\"https:\/\/eltecolote.org\/content\/en\/dia-de-los-muertos-sf-events-2\/\" \/>\n<meta property=\"og:site_name\" content=\"El Tecolote\" \/>\n<meta property=\"article:publisher\" content=\"https:\/\/www.facebook.com\/ElTecoloteSF\/\" \/>\n<meta property=\"article:published_time\" content=\"2025-10-28T20:01:20+00:00\" \/>\n<meta property=\"article:modified_time\" content=\"2025-10-29T02:50:14+00:00\" \/>\n<meta property=\"og:image\" content=\"https:\/\/eltecolote.org\/content\/wp-content\/uploads\/2024\/11\/20241102_TECO_DiaDeLosMuertos_JW_18.jpg\" \/>\n\t<meta property=\"og:image:width\" content=\"1200\" \/>\n\t<meta property=\"og:image:height\" content=\"864\" \/>\n\t<meta property=\"og:image:type\" content=\"image\/jpeg\" \/>\n<meta name=\"author\" content=\"Emma Garcia\" \/>\n<meta name=\"twitter:card\" content=\"summary_large_image\" \/>\n<meta name=\"twitter:creator\" content=\"@eltecolotesf\" \/>\n<meta name=\"twitter:site\" content=\"@eltecolotesf\" \/>\n<meta name=\"twitter:label1\" content=\"Written by\" \/>\n\t<meta name=\"twitter:data1\" content=\"Emma Garcia\" \/>\n\t<meta name=\"twitter:label2\" content=\"Est. reading time\" \/>\n\t<meta name=\"twitter:data2\" content=\"6 minutes\" \/>\n<script type=\"application\/ld+json\" class=\"yoast-schema-graph\">{\"@context\":\"https:\\\/\\\/schema.org\",\"@graph\":[{\"@type\":\"NewsArticle\",\"@id\":\"https:\\\/\\\/eltecolote.org\\\/content\\\/en\\\/dia-de-los-muertos-sf-events-2\\\/#article\",\"isPartOf\":{\"@id\":\"https:\\\/\\\/eltecolote.org\\\/content\\\/en\\\/dia-de-los-muertos-sf-events-2\\\/\"},\"author\":{\"name\":\"Erika Carlos\",\"@id\":\"https:\\\/\\\/eltecolote.org\\\/content\\\/#\\\/schema\\\/person\\\/98e31c3dda2abc936b778a5b89858b5b\"},\"headline\":\"8 D\u00eda de Muertos events you can\u2019t miss in San Francisco\",\"datePublished\":\"2025-10-28T20:01:20+00:00\",\"dateModified\":\"2025-10-29T02:50:14+00:00\",\"mainEntityOfPage\":{\"@id\":\"https:\\\/\\\/eltecolote.org\\\/content\\\/en\\\/dia-de-los-muertos-sf-events-2\\\/\"},\"wordCount\":1310,\"publisher\":{\"@id\":\"https:\\\/\\\/eltecolote.org\\\/content\\\/#organization\"},\"image\":{\"@id\":\"https:\\\/\\\/eltecolote.org\\\/content\\\/en\\\/dia-de-los-muertos-sf-events-2\\\/#primaryimage\"},\"thumbnailUrl\":\"https:\\\/\\\/i0.wp.com\\\/eltecolote.org\\\/content\\\/wp-content\\\/uploads\\\/2024\\\/11\\\/20241102_TECO_DiaDeLosMuertos_JW_18.jpg?fit=1200%2C864&quality=89&ssl=1\",\"articleSection\":[\"Arts &amp; Culture\"],\"inLanguage\":\"en\"},{\"@type\":\"WebPage\",\"@id\":\"https:\\\/\\\/eltecolote.org\\\/content\\\/en\\\/dia-de-los-muertos-sf-events-2\\\/\",\"url\":\"https:\\\/\\\/eltecolote.org\\\/content\\\/en\\\/dia-de-los-muertos-sf-events-2\\\/\",\"name\":\"8 D\u00eda de Muertos events you can\u2019t miss in San Francisco - El Tecolote\",\"isPartOf\":{\"@id\":\"https:\\\/\\\/eltecolote.org\\\/content\\\/#website\"},\"primaryImageOfPage\":{\"@id\":\"https:\\\/\\\/eltecolote.org\\\/content\\\/en\\\/dia-de-los-muertos-sf-events-2\\\/#primaryimage\"},\"image\":{\"@id\":\"https:\\\/\\\/eltecolote.org\\\/content\\\/en\\\/dia-de-los-muertos-sf-events-2\\\/#primaryimage\"},\"thumbnailUrl\":\"https:\\\/\\\/i0.wp.com\\\/eltecolote.org\\\/content\\\/wp-content\\\/uploads\\\/2024\\\/11\\\/20241102_TECO_DiaDeLosMuertos_JW_18.jpg?fit=1200%2C864&quality=89&ssl=1\",\"datePublished\":\"2025-10-28T20:01:20+00:00\",\"dateModified\":\"2025-10-29T02:50:14+00:00\",\"description\":\"Here are the D\u00eda de los Muertos altars, processions, markets, performances and celebrations you can\u2019t miss in San Francisco.\",\"inLanguage\":\"en\",\"potentialAction\":[{\"@type\":\"ReadAction\",\"target\":[\"https:\\\/\\\/eltecolote.org\\\/content\\\/en\\\/dia-de-los-muertos-sf-events-2\\\/\"]}]},{\"@type\":\"ImageObject\",\"inLanguage\":\"en\",\"@id\":\"https:\\\/\\\/eltecolote.org\\\/content\\\/en\\\/dia-de-los-muertos-sf-events-2\\\/#primaryimage\",\"url\":\"https:\\\/\\\/i0.wp.com\\\/eltecolote.org\\\/content\\\/wp-content\\\/uploads\\\/2024\\\/11\\\/20241102_TECO_DiaDeLosMuertos_JW_18.jpg?fit=1200%2C864&quality=89&ssl=1\",\"contentUrl\":\"https:\\\/\\\/i0.wp.com\\\/eltecolote.org\\\/content\\\/wp-content\\\/uploads\\\/2024\\\/11\\\/20241102_TECO_DiaDeLosMuertos_JW_18.jpg?fit=1200%2C864&quality=89&ssl=1\",\"width\":1200,\"height\":864,\"caption\":\"Thousands of people flocked to the heart of the Mission District to be part of the annual D\u00eda de Muertos procession in San Francisco, Calif., on November 2, 2024. Photo: Jeremy Word\"},{\"@type\":\"WebSite\",\"@id\":\"https:\\\/\\\/eltecolote.org\\\/content\\\/#website\",\"url\":\"https:\\\/\\\/eltecolote.org\\\/content\\\/\",\"name\":\"El Tecolote\",\"description\":\"San Francisco's Latinx newspaper since 1970\",\"publisher\":{\"@id\":\"https:\\\/\\\/eltecolote.org\\\/content\\\/#organization\"},\"potentialAction\":[{\"@type\":\"SearchAction\",\"target\":{\"@type\":\"EntryPoint\",\"urlTemplate\":\"https:\\\/\\\/eltecolote.org\\\/content\\\/?s={search_term_string}\"},\"query-input\":{\"@type\":\"PropertyValueSpecification\",\"valueRequired\":true,\"valueName\":\"search_term_string\"}}],\"inLanguage\":\"en\"},{\"@type\":\"Organization\",\"@id\":\"https:\\\/\\\/eltecolote.org\\\/content\\\/#organization\",\"name\":\"El Tecolote\",\"url\":\"https:\\\/\\\/eltecolote.org\\\/content\\\/\",\"logo\":{\"@type\":\"ImageObject\",\"inLanguage\":\"en\",\"@id\":\"https:\\\/\\\/eltecolote.org\\\/content\\\/#\\\/schema\\\/logo\\\/image\\\/\",\"url\":\"https:\\\/\\\/i0.wp.com\\\/eltecolote.org\\\/content\\\/wp-content\\\/uploads\\\/2021\\\/05\\\/ETlogo-1.jpg?fit=400%2C400&ssl=1\",\"contentUrl\":\"https:\\\/\\\/i0.wp.com\\\/eltecolote.org\\\/content\\\/wp-content\\\/uploads\\\/2021\\\/05\\\/ETlogo-1.jpg?fit=400%2C400&ssl=1\",\"width\":400,\"height\":400,\"caption\":\"El Tecolote\"},\"image\":{\"@id\":\"https:\\\/\\\/eltecolote.org\\\/content\\\/#\\\/schema\\\/logo\\\/image\\\/\"},\"sameAs\":[\"https:\\\/\\\/www.facebook.com\\\/ElTecoloteSF\\\/\",\"https:\\\/\\\/x.com\\\/eltecolotesf\",\"https:\\\/\\\/www.instagram.com\\\/eltecolotesf\\\/\"]},{\"@type\":\"Person\",\"@id\":\"https:\\\/\\\/eltecolote.org\\\/content\\\/#\\\/schema\\\/person\\\/98e31c3dda2abc936b778a5b89858b5b\",\"name\":\"Erika Carlos\",\"image\":{\"@type\":\"ImageObject\",\"inLanguage\":\"en\",\"@id\":\"https:\\\/\\\/secure.gravatar.com\\\/avatar\\\/c475d3004521f4d0d5a6fdb0c06627dda6651ec3c3dfd7219ab52ae67cce05b1?s=96&d=mm&r=gc4d9fd78108a8a2ca4bcc88ab0d76304\",\"url\":\"https:\\\/\\\/secure.gravatar.com\\\/avatar\\\/c475d3004521f4d0d5a6fdb0c06627dda6651ec3c3dfd7219ab52ae67cce05b1?s=96&d=mm&r=g\",\"contentUrl\":\"https:\\\/\\\/secure.gravatar.com\\\/avatar\\\/c475d3004521f4d0d5a6fdb0c06627dda6651ec3c3dfd7219ab52ae67cce05b1?s=96&d=mm&r=g\",\"caption\":\"Erika Carlos\"},\"url\":\"https:\\\/\\\/eltecolote.org\\\/content\\\/author\\\/erikacarlos\\\/\"}]}<\/script>\n<!-- \/ Yoast SEO plugin. -->","yoast_head_json":{"title":"8 D\u00eda de Muertos events you can\u2019t miss in San Francisco - El Tecolote","description":"Here are the D\u00eda de los Muertos altars, processions, markets, performances and celebrations you can\u2019t miss in San Francisco.","robots":{"index":"index","follow":"follow","max-snippet":"max-snippet:-1","max-image-preview":"max-image-preview:large","max-video-preview":"max-video-preview:-1"},"canonical":"https:\/\/eltecolote.org\/content\/en\/dia-de-los-muertos-sf-events-2\/","og_locale":"en_US","og_type":"article","og_title":"8 D\u00eda de Muertos events you can\u2019t miss in San Francisco - El Tecolote","og_description":"Here are the D\u00eda de los Muertos altars, processions, markets, performances and celebrations you can\u2019t miss in San Francisco.","og_url":"https:\/\/eltecolote.org\/content\/en\/dia-de-los-muertos-sf-events-2\/","og_site_name":"El Tecolote","article_publisher":"https:\/\/www.facebook.com\/ElTecoloteSF\/","article_published_time":"2025-10-28T20:01:20+00:00","article_modified_time":"2025-10-29T02:50:14+00:00","og_image":[{"width":1200,"height":864,"url":"https:\/\/eltecolote.org\/content\/wp-content\/uploads\/2024\/11\/20241102_TECO_DiaDeLosMuertos_JW_18.jpg","type":"image\/jpeg"}],"author":"Emma Garcia","twitter_card":"summary_large_image","twitter_creator":"@eltecolotesf","twitter_site":"@eltecolotesf","twitter_misc":{"Written by":"Emma Garcia","Est. reading time":"6 minutes"},"schema":{"@context":"https:\/\/schema.org","@graph":[{"@type":"NewsArticle","@id":"https:\/\/eltecolote.org\/content\/en\/dia-de-los-muertos-sf-events-2\/#article","isPartOf":{"@id":"https:\/\/eltecolote.org\/content\/en\/dia-de-los-muertos-sf-events-2\/"},"author":{"name":"Erika Carlos","@id":"https:\/\/eltecolote.org\/content\/#\/schema\/person\/98e31c3dda2abc936b778a5b89858b5b"},"headline":"8 D\u00eda de Muertos events you can\u2019t miss in San Francisco","datePublished":"2025-10-28T20:01:20+00:00","dateModified":"2025-10-29T02:50:14+00:00","mainEntityOfPage":{"@id":"https:\/\/eltecolote.org\/content\/en\/dia-de-los-muertos-sf-events-2\/"},"wordCount":1310,"publisher":{"@id":"https:\/\/eltecolote.org\/content\/#organization"},"image":{"@id":"https:\/\/eltecolote.org\/content\/en\/dia-de-los-muertos-sf-events-2\/#primaryimage"},"thumbnailUrl":"https:\/\/i0.wp.com\/eltecolote.org\/content\/wp-content\/uploads\/2024\/11\/20241102_TECO_DiaDeLosMuertos_JW_18.jpg?fit=1200%2C864&quality=89&ssl=1","articleSection":["Arts &amp; Culture"],"inLanguage":"en"},{"@type":"WebPage","@id":"https:\/\/eltecolote.org\/content\/en\/dia-de-los-muertos-sf-events-2\/","url":"https:\/\/eltecolote.org\/content\/en\/dia-de-los-muertos-sf-events-2\/","name":"8 D\u00eda de Muertos events you can\u2019t miss in San Francisco - El Tecolote","isPartOf":{"@id":"https:\/\/eltecolote.org\/content\/#website"},"primaryImageOfPage":{"@id":"https:\/\/eltecolote.org\/content\/en\/dia-de-los-muertos-sf-events-2\/#primaryimage"},"image":{"@id":"https:\/\/eltecolote.org\/content\/en\/dia-de-los-muertos-sf-events-2\/#primaryimage"},"thumbnailUrl":"https:\/\/i0.wp.com\/eltecolote.org\/content\/wp-content\/uploads\/2024\/11\/20241102_TECO_DiaDeLosMuertos_JW_18.jpg?fit=1200%2C864&quality=89&ssl=1","datePublished":"2025-10-28T20:01:20+00:00","dateModified":"2025-10-29T02:50:14+00:00","description":"Here are the D\u00eda de los Muertos altars, processions, markets, performances and celebrations you can\u2019t miss in San Francisco.","inLanguage":"en","potentialAction":[{"@type":"ReadAction","target":["https:\/\/eltecolote.org\/content\/en\/dia-de-los-muertos-sf-events-2\/"]}]},{"@type":"ImageObject","inLanguage":"en","@id":"https:\/\/eltecolote.org\/content\/en\/dia-de-los-muertos-sf-events-2\/#primaryimage","url":"https:\/\/i0.wp.com\/eltecolote.org\/content\/wp-content\/uploads\/2024\/11\/20241102_TECO_DiaDeLosMuertos_JW_18.jpg?fit=1200%2C864&quality=89&ssl=1","contentUrl":"https:\/\/i0.wp.com\/eltecolote.org\/content\/wp-content\/uploads\/2024\/11\/20241102_TECO_DiaDeLosMuertos_JW_18.jpg?fit=1200%2C864&quality=89&ssl=1","width":1200,"height":864,"caption":"Thousands of people flocked to the heart of the Mission District to be part of the annual D\u00eda de Muertos procession in San Francisco, Calif., on November 2, 2024. Photo: Jeremy Word"},{"@type":"WebSite","@id":"https:\/\/eltecolote.org\/content\/#website","url":"https:\/\/eltecolote.org\/content\/","name":"El Tecolote","description":"San Francisco's Latinx newspaper since 1970","publisher":{"@id":"https:\/\/eltecolote.org\/content\/#organization"},"potentialAction":[{"@type":"SearchAction","target":{"@type":"EntryPoint","urlTemplate":"https:\/\/eltecolote.org\/content\/?s={search_term_string}"},"query-input":{"@type":"PropertyValueSpecification","valueRequired":true,"valueName":"search_term_string"}}],"inLanguage":"en"},{"@type":"Organization","@id":"https:\/\/eltecolote.org\/content\/#organization","name":"El Tecolote","url":"https:\/\/eltecolote.org\/content\/","logo":{"@type":"ImageObject","inLanguage":"en","@id":"https:\/\/eltecolote.org\/content\/#\/schema\/logo\/image\/","url":"https:\/\/i0.wp.com\/eltecolote.org\/content\/wp-content\/uploads\/2021\/05\/ETlogo-1.jpg?fit=400%2C400&ssl=1","contentUrl":"https:\/\/i0.wp.com\/eltecolote.org\/content\/wp-content\/uploads\/2021\/05\/ETlogo-1.jpg?fit=400%2C400&ssl=1","width":400,"height":400,"caption":"El Tecolote"},"image":{"@id":"https:\/\/eltecolote.org\/content\/#\/schema\/logo\/image\/"},"sameAs":["https:\/\/www.facebook.com\/ElTecoloteSF\/","https:\/\/x.com\/eltecolotesf","https:\/\/www.instagram.com\/eltecolotesf\/"]},{"@type":"Person","@id":"https:\/\/eltecolote.org\/content\/#\/schema\/person\/98e31c3dda2abc936b778a5b89858b5b","name":"Erika Carlos","image":{"@type":"ImageObject","inLanguage":"en","@id":"https:\/\/secure.gravatar.com\/avatar\/c475d3004521f4d0d5a6fdb0c06627dda6651ec3c3dfd7219ab52ae67cce05b1?s=96&d=mm&r=gc4d9fd78108a8a2ca4bcc88ab0d76304","url":"https:\/\/secure.gravatar.com\/avatar\/c475d3004521f4d0d5a6fdb0c06627dda6651ec3c3dfd7219ab52ae67cce05b1?s=96&d=mm&r=g","contentUrl":"https:\/\/secure.gravatar.com\/avatar\/c475d3004521f4d0d5a6fdb0c06627dda6651ec3c3dfd7219ab52ae67cce05b1?s=96&d=mm&r=g","caption":"Erika Carlos"},"url":"https:\/\/eltecolote.org\/content\/author\/erikacarlos\/"}]}},"distributor_meta":false,"distributor_terms":false,"distributor_media":false,"distributor_original_site_name":"El Tecolote","distributor_original_site_url":"https:\/\/eltecolote.org\/content","push-errors":false,"_links":{"self":[{"href":"https:\/\/eltecolote.org\/content\/wp-json\/wp\/v2\/posts\/68258","targetHints":{"allow":["GET"]}}],"collection":[{"href":"https:\/\/eltecolote.org\/content\/wp-json\/wp\/v2\/posts"}],"about":[{"href":"https:\/\/eltecolote.org\/content\/wp-json\/wp\/v2\/types\/post"}],"author":[{"embeddable":true,"href":"https:\/\/eltecolote.org\/content\/wp-json\/wp\/v2\/users\/88922"}],"replies":[{"embeddable":true,"href":"https:\/\/eltecolote.org\/content\/wp-json\/wp\/v2\/comments?post=68258"}],"version-history":[{"count":15,"href":"https:\/\/eltecolote.org\/content\/wp-json\/wp\/v2\/posts\/68258\/revisions"}],"predecessor-version":[{"id":68880,"href":"https:\/\/eltecolote.org\/content\/wp-json\/wp\/v2\/posts\/68258\/revisions\/68880"}],"wp:featuredmedia":[{"embeddable":true,"href":"https:\/\/eltecolote.org\/content\/wp-json\/wp\/v2\/media\/63082"}],"wp:attachment":[{"href":"https:\/\/eltecolote.org\/content\/wp-json\/wp\/v2\/media?parent=68258"}],"wp:term":[{"taxonomy":"category","embeddable":true,"href":"https:\/\/eltecolote.org\/content\/wp-json\/wp\/v2\/categories?post=68258"},{"taxonomy":"post_tag","embeddable":true,"href":"https:\/\/eltecolote.org\/content\/wp-json\/wp\/v2\/tags?post=68258"},{"taxonomy":"author","embeddable":true,"href":"https:\/\/eltecolote.org\/content\/wp-json\/wp\/v2\/coauthors?post=68258"}],"curies":[{"name":"wp","href":"https:\/\/api.w.org\/{rel}","templated":true}]}}