{"id":68203,"date":"2025-10-02T23:38:41","date_gmt":"2025-10-03T06:38:41","guid":{"rendered":"https:\/\/eltecolote.org\/content\/?p=68203"},"modified":"2025-10-02T23:38:47","modified_gmt":"2025-10-03T06:38:47","slug":"sf-acupuntura-migrantes","status":"publish","type":"post","link":"https:\/\/eltecolote.org\/content\/es\/sf-acupuntura-migrantes\/","title":{"rendered":"La clase trabajadora de SF conf\u00eda en este remedio de 3 mil a\u00f1os de antig\u00fcedad\u00a0"},"content":{"rendered":"\n<p>Un viernes de este verano, por la ma\u00f1ana, Rosario Orteg\u00f3n, de 55 a\u00f1os de edad, se despert\u00f3 con una profunda sensaci\u00f3n de tristeza. Por mucho que lo intentara, no pod\u00eda dejar de preocuparse por &#8220;todo lo que estaba sucediendo&#8221;.<\/p>\n\n\n\n<p>Al salir de casa, cambi\u00f3 de ruta para evitar pasar por el barrio Misi\u00f3n tras o\u00edr un rumor, que luego result\u00f3 ser falso, sobre una redada en la zona. En el autob\u00fas, reflexionaba sobre una noticia del programa <em>Despierta Am\u00e9rica<\/em> el cual informaba sobre las nuevas directrices del gobierno de Trump que restring\u00edan el acceso a la atenci\u00f3n m\u00e9dica para las personas migrantes.<\/p>\n\n\n\n<p>Cuando lleg\u00f3 al consultorio de su acupunturista, dijo que estaba llorando desconsoladamente. Se recost\u00f3 sobre la camilla y sinti\u00f3 c\u00f3mo la acupunturista le colocaba las agujas en el rostro y el cuerpo. Poco despu\u00e9s, Rosario se qued\u00f3 dormida. Cuando termin\u00f3 la sesi\u00f3n y le retiraron las agujas, se sent\u00eda mucho m\u00e1s relajada.<\/p>\n\n\n\n<p>Durante dos a\u00f1os, Ortegon ha recurrido a la acupuntura para tratar las migra\u00f1as recurrentes, las cuales, seg\u00fan afirma, han mejorado considerablemente. Con el tiempo, tambi\u00e9n ha optado por la medicina tradicional china (MTC, por sus siglas en ingl\u00e9s) para gestionar su salud mental y para ello acude a sesiones semanales. En el \u00e1rea de la bah\u00eda de San Francisco, estos tratamientos suelen costar cientos de d\u00f3lares por sesi\u00f3n, pero Rosario accede a ellos de forma gratuita gracias a Medi-Cal.<\/p>\n\n\n\n<p>\u201cNo se compara con nada m\u00e1s\u201d, reconoce. \u201cPrefiero las agujas a las pastillas\u201d.<\/p>\n\n\n\n<p>Desde 2017, Medi-Cal cubre la acupuntura, ofreciendo sesiones gratuitas a residentes de California como Rosario que padecen dolor cr\u00f3nico. Lo que antes se consideraba una pr\u00e1ctica marginal, este tratamiento de tres mil a\u00f1os de antig\u00fcedad ha ganado reconocimiento y se ha integrado cada vez m\u00e1s en el sistema de salud del pa\u00eds.<\/p>\n\n\n\n<p>En San Francisco, cl\u00ednicas y organizaciones sin fines de lucro han <a href=\"https:\/\/www.sf.gov\/get-acupuncture-services\">ofrecido acupuntura<\/a> por d\u00e9cadas a residentes de bajos ingresos. La terapia es parte de un <a href=\"https:\/\/my.clevelandclinic.org\/health\/treatments\/21683-integrative-medicine\">enfoque integral<\/a> que combina la medicina convencional con la curaci\u00f3n hol\u00edstica, <a href=\"https:\/\/www.healthline.com\/health\/acupuncture-how-does-it-work-scientifically#what-are-the-benefits\">tratando diversos malestares<\/a>, desde la depresi\u00f3n hasta el dolor cr\u00f3nico. Este tratamiento tiene pocos efectos secundarios, que no van m\u00e1s all\u00e1 de moment\u00e1neo dolor y un ligero sangrado, lo que permite a los m\u00e9dicos aliviar el dolor de sus pacientes sin recurrir a procedimientos invasivos <a href=\"https:\/\/www.fda.gov\/drugs\/information-drug-class\/opioid-medications\">ni correr el riesgo de generar dependencia<\/a>.<\/p>\n\n\n\n<p>\u201cHemos tenido algunos problemas de abuso de sustancias en los \u00faltimos a\u00f1os\u201d, explic\u00f3 Johanna Liu, presidenta del Consorcio de Cl\u00ednicas Comunitarias de San Francisco. \u201cPor eso, la consideramos una alternativa clave e importante para ofrecer a las personas en estos momentos\u201d.<\/p>\n\n\n\n<p>M\u00e1s all\u00e1 de ser una alternativa a los opioides, investigadores y profesionales de la salud ven la acupuntura como una forma de superar barreras culturales y servir mejor a las diversas comunidades de San Francisco, incluyendo la clase trabajadora y migrantes, un recurso que, ante la perspectiva de recortes presupuestarios, podr\u00eda estar en peligro de desaparecer.<\/p>\n\n\n\n<hr class=\"wp-block-separator has-alpha-channel-opacity is-style-wide\"\/>\n\n\n\n<p><strong>Para mujeres migrantes en San Francisco: \u00fanete a <em>Entre Nosotras<\/em> en WhatsApp<br><\/strong><\/p>\n\n\n<div class=\"wp-block-image\">\n<figure class=\"alignleft size-large is-resized\"><img data-recalc-dims=\"1\" loading=\"lazy\" decoding=\"async\" width=\"324\" height=\"480\" src=\"https:\/\/i0.wp.com\/eltecolote.org\/content\/wp-content\/uploads\/2025\/10\/Screenshot-2025-10-02-at-11.05.01-PM.png?resize=324%2C480&#038;quality=80&#038;ssl=1\" alt=\"\" class=\"wp-image-68205\" style=\"width:194px;height:auto\" srcset=\"https:\/\/i0.wp.com\/eltecolote.org\/content\/wp-content\/uploads\/2025\/10\/Screenshot-2025-10-02-at-11.05.01-PM.png?resize=324%2C480&amp;quality=80&amp;ssl=1 324w, https:\/\/i0.wp.com\/eltecolote.org\/content\/wp-content\/uploads\/2025\/10\/Screenshot-2025-10-02-at-11.05.01-PM.png?resize=169%2C250&amp;quality=80&amp;ssl=1 169w, https:\/\/i0.wp.com\/eltecolote.org\/content\/wp-content\/uploads\/2025\/10\/Screenshot-2025-10-02-at-11.05.01-PM.png?resize=400%2C593&amp;quality=80&amp;ssl=1 400w, https:\/\/i0.wp.com\/eltecolote.org\/content\/wp-content\/uploads\/2025\/10\/Screenshot-2025-10-02-at-11.05.01-PM.png?w=597&amp;quality=80&amp;ssl=1 597w\" sizes=\"auto, (max-width: 324px) 100vw, 324px\" \/><\/figure>\n<\/div>\n\n\n<p>Te invitamos \u2014y a tu mam\u00e1, tu abuela y a cualquier mujer que conozcas\u2014 a unirse a <em>Entre Nosotras<\/em>, un grupo privado de WhatsApp creado exclusivamente para mujeres migrantes que hablan espa\u00f1ol. En este espacio seguro y de confianza podr\u00e1s:<\/p>\n\n\n\n<ul class=\"wp-block-list\">\n<li>Estar al tanto de recursos, eventos comunitarios y actividades de Somos Esenciales u otros grupos comunitarios.<\/li>\n\n\n\n<li>Compartir tus desaf\u00edos, tus preguntas y necesidades de informaci\u00f3n para mujeres como t\u00fa.<\/li>\n<\/ul>\n\n\n\n<p>Escanea este c\u00f3digo QR o haz clic aqu\u00ed para unirte a <a href=\"https:\/\/bit.ly\/3SenK3U\">Entre Nosotras<\/a>.<\/p>\n\n\n\n<hr class=\"wp-block-separator has-alpha-channel-opacity is-style-wide\"\/>\n\n\n\n<figure class=\"wp-block-image size-large is-resized\"><img data-recalc-dims=\"1\" loading=\"lazy\" decoding=\"async\" width=\"600\" height=\"399\" src=\"https:\/\/i0.wp.com\/eltecolote.org\/content\/wp-content\/uploads\/2025\/10\/Screenshot-2025-10-02-at-11.22.27-PM.png?resize=600%2C399&#038;quality=80&#038;ssl=1\" alt=\"\" class=\"wp-image-68206\" style=\"width:810px;height:auto\" srcset=\"https:\/\/i0.wp.com\/eltecolote.org\/content\/wp-content\/uploads\/2025\/10\/Screenshot-2025-10-02-at-11.22.27-PM.png?resize=600%2C399&amp;quality=80&amp;ssl=1 600w, https:\/\/i0.wp.com\/eltecolote.org\/content\/wp-content\/uploads\/2025\/10\/Screenshot-2025-10-02-at-11.22.27-PM.png?resize=360%2C240&amp;quality=80&amp;ssl=1 360w, https:\/\/i0.wp.com\/eltecolote.org\/content\/wp-content\/uploads\/2025\/10\/Screenshot-2025-10-02-at-11.22.27-PM.png?resize=768%2C511&amp;quality=80&amp;ssl=1 768w, https:\/\/i0.wp.com\/eltecolote.org\/content\/wp-content\/uploads\/2025\/10\/Screenshot-2025-10-02-at-11.22.27-PM.png?resize=1200%2C799&amp;quality=80&amp;ssl=1 1200w, https:\/\/i0.wp.com\/eltecolote.org\/content\/wp-content\/uploads\/2025\/10\/Screenshot-2025-10-02-at-11.22.27-PM.png?resize=1024%2C682&amp;quality=80&amp;ssl=1 1024w, https:\/\/i0.wp.com\/eltecolote.org\/content\/wp-content\/uploads\/2025\/10\/Screenshot-2025-10-02-at-11.22.27-PM.png?resize=400%2C266&amp;quality=80&amp;ssl=1 400w, https:\/\/i0.wp.com\/eltecolote.org\/content\/wp-content\/uploads\/2025\/10\/Screenshot-2025-10-02-at-11.22.27-PM.png?w=1520&amp;quality=80&amp;ssl=1 1520w\" sizes=\"auto, (max-width: 600px) 100vw, 600px\" \/><figcaption class=\"wp-element-caption\">Shannon Piercy-Alvarez, acupunturista de 49 a\u00f1os de edad, el 1 de agosto de 2025, en su consultorio en San Francisco, California, donde atiende principalmente a pacientes migrantes. \u201cMe encanta brindar un espacio seguro donde las personas puedan sentirse c\u00f3modas. Ayudo a las personas a recuperar el equilibrio emocional\u201d, reconoce. Foto: Pablo Unzueta para <em>El Tecolote<\/em> \/ CatchLight Local.<\/figcaption><\/figure>\n\n\n\n<p><strong>Una alternativa popular&nbsp;<\/strong><\/p>\n\n\n\n<p>Reyna Colores, de 61 a\u00f1os de edad, prob\u00f3 la acupuntura por primera vez en 2015 despu\u00e9s de lesionarse la clav\u00edcula en un accidente automovil\u00edstico. Siguiendo el consejo de una amiga y guiada por la curiosidad de ver si funcionar\u00eda, visit\u00f3 una cl\u00ednica privada que ofrec\u00eda tarifas ajustadas a sus ingresos. Aunque las agujas le resultaban inc\u00f3modas, sigui\u00f3 acudiendo hasta que recuper\u00f3 la movilidad de su brazo.<\/p>\n\n\n\n<p>Hace unos meses, una infecci\u00f3n de o\u00eddo le caus\u00f3 par\u00e1lisis facial, al verse frustrada cada vez m\u00e1s por la falta de respuesta de su m\u00e9dico, de nuevo recurri\u00f3 a la acupuntura, esta vez en una cl\u00ednica sin fines de lucro. Afirma que gracias a este tratamiento, ha recuperado la mayor parte de la movilidad en su rostro. Ahora, est\u00e1 buscando un lugar asequible que pueda ayudarle a abordar su salud mental.<\/p>\n\n\n\n<p>Colores no es la \u00fanica. Su amiga Bertha Embriz, de 60 a\u00f1os de edad, tiene la semana meticulosamente organizada en torno a sesiones accesibles de acupuntura: los lunes, va al Colectivo Rafiki; los martes, visita el Centro de Recursos para Mujeres; y los mi\u00e9rcoles, acude al Hospital General de San Francisco \u2014aunque aclara que es necesario inscribirse en uno de los centros de salud de la ciudad. Diagnosticada con artritis en 2015, combina acupuntura y ejercicio para tratar su dolor de rodilla, una estrategia que le ha permitido evitar el uso de f\u00e1rmacos.<\/p>\n\n\n\n<p>&#8220;Tengo mucha fe en la acupuntura, en todo lo que es medicina natural&#8221;, comenta Embriz. &#8220;Me ha ayudado mucho&#8221;.<\/p>\n\n\n\n<p>Los centros que proveen atenci\u00f3n m\u00e9dica han observado el creciente inter\u00e9s por la acupuntura entre la comunidad latina. Como respuesta a esta demanda, en enero el Centro de Salud Comunitario de la Misi\u00f3n (MNHC, por sus siglas en ingl\u00e9s) inaugur\u00f3 su primera cl\u00ednica de acupuntura en su sede de la calle Shotwell, en el Distrito Misi\u00f3n, la cual ofrece servicios gratuitos o con tarifas ajustadas a los ingresos de sus pacientes.<\/p>\n\n\n\n<p>Tom\u00f3 un poco de tiempo para que la gente se animara a esta terapia con agujas. Al principio, el personal de la cl\u00ednica tuvo que reclutar a su primer paciente, pero la demanda no se hizo esperar. Las personas que conocieron la acupuntura a trav\u00e9s de sus m\u00e9dicos la fueron recomendando a sus familiares. Entre amistades se fueron animando mutuamente a pedir cita.<\/p>\n\n\n\n<p>&#8220;Sab\u00eda que ser\u00eda popular, pero no tanto&#8221;, dijo Willie Ram\u00edrez, director de estrategia del MNHC. \u201cSi la demanda contin\u00faa, tendr\u00edamos que contratar a otro acupunturista\u201d.<\/p>\n\n\n\n<p>Las citas se reservan con casi dos meses de antelaci\u00f3n. Igor Alekseev, acupunturista del centro, atiende a cerca de 200 pacientes al mes, y aproximadamente el 90% son hispanohablantes.&nbsp;<\/p>\n\n\n\n<p>Se trata, en su mayor\u00eda, de personas latinas de mediana edad que trabajan en empleos f\u00edsicamente exigentes y mal remunerados, como la construcci\u00f3n, restaurantes o el cuidado infantil. Seg\u00fan Alekseev, la acupuntura les ayuda a controlar las lesiones laborales y el dolor cr\u00f3nico causado por a\u00f1os de trabajo duro.<\/p>\n\n\n\n<figure class=\"wp-block-image size-large is-resized\"><img data-recalc-dims=\"1\" loading=\"lazy\" decoding=\"async\" width=\"600\" height=\"399\" src=\"https:\/\/i0.wp.com\/eltecolote.org\/content\/wp-content\/uploads\/2025\/09\/07232025-ACUPUNCTURE-ET-PU-02-1.jpg?resize=600%2C399&#038;quality=89&#038;ssl=1\" alt=\"\" class=\"wp-image-67666\" style=\"width:810px;height:auto\" srcset=\"https:\/\/i0.wp.com\/eltecolote.org\/content\/wp-content\/uploads\/2025\/09\/07232025-ACUPUNCTURE-ET-PU-02-1.jpg?resize=600%2C399&amp;quality=89&amp;ssl=1 600w, https:\/\/i0.wp.com\/eltecolote.org\/content\/wp-content\/uploads\/2025\/09\/07232025-ACUPUNCTURE-ET-PU-02-1.jpg?resize=360%2C240&amp;quality=89&amp;ssl=1 360w, https:\/\/i0.wp.com\/eltecolote.org\/content\/wp-content\/uploads\/2025\/09\/07232025-ACUPUNCTURE-ET-PU-02-1.jpg?resize=768%2C511&amp;quality=89&amp;ssl=1 768w, https:\/\/i0.wp.com\/eltecolote.org\/content\/wp-content\/uploads\/2025\/09\/07232025-ACUPUNCTURE-ET-PU-02-1.jpg?resize=1200%2C798&amp;quality=89&amp;ssl=1 1200w, https:\/\/i0.wp.com\/eltecolote.org\/content\/wp-content\/uploads\/2025\/09\/07232025-ACUPUNCTURE-ET-PU-02-1.jpg?resize=1024%2C681&amp;quality=89&amp;ssl=1 1024w, https:\/\/i0.wp.com\/eltecolote.org\/content\/wp-content\/uploads\/2025\/09\/07232025-ACUPUNCTURE-ET-PU-02-1.jpg?resize=400%2C266&amp;quality=89&amp;ssl=1 400w, https:\/\/i0.wp.com\/eltecolote.org\/content\/wp-content\/uploads\/2025\/09\/07232025-ACUPUNCTURE-ET-PU-02-1.jpg?w=1500&amp;quality=89&amp;ssl=1 1500w\" sizes=\"auto, (max-width: 600px) 100vw, 600px\" \/><figcaption class=\"wp-element-caption\">Materiales de acupuntura en el Centro de Salud Comunitario de la Misi\u00f3n, donde el acupuntor Igor Alekseev tiene su consultorio. San Francisco, California, el 23 de julio de 2025. Foto: Pablo Unzueta para <em>El Tecolote<\/em> \/ CatchLight Local.<\/figcaption><\/figure>\n\n\n\n<p><strong>Conexiones culturales entre continentes<\/strong><\/p>\n\n\n\n<p>M\u00e1s all\u00e1 del uso de las agujas, la acupuntura es \u201cun ritual de curaci\u00f3n integral&#8221;, seg\u00fan Kevin Liou, especialista en medicina integrativa del Centro Oncol\u00f3gico Memorial Sloan Kettering de Nueva York. De hecho, en la medicina tradicional china se cree que la acupuntura equilibra el flujo de energ\u00eda del cuerpo, o <em>chi<\/em>, mediante la inserci\u00f3n de agujas en puntos de presi\u00f3n espec\u00edficos.<\/p>\n\n\n\n<p>Cada vez m\u00e1s, investigadores como Liou est\u00e1n descubriendo que a pacientes de origen latino <a href=\"https:\/\/link.springer.com\/article\/10.1007\/s10903-024-01611-8\">les atrae<\/a> la acupuntura debido a su familiaridad con otros remedios naturales y rituales, como el <a href=\"https:\/\/pmc.ncbi.nlm.nih.gov\/articles\/PMC1011018\/\">curanderismo<\/a>, as\u00ed como por su escepticismo hacia los medicamentos farmac\u00e9uticos.<\/p>\n\n\n\n<p>\u201cNo buscan solo medicamentos que alivien el dolor, sino que quieren identificar la causa subyacente y encontrar una soluci\u00f3n para que el problema no persista\u201d, afirm\u00f3 Eloisa Gonz\u00e1lez, directora de medicina integrativa del Centro de Bienestar del Hospital General de Los \u00c1ngeles. \u201cCreo que la acupuntura se ajusta a esta visi\u00f3n cultural sobre la salud y la forma de abordar la recuperaci\u00f3n\u201d.<\/p>\n\n\n\n<p>Para Lili Qiao, directora de medicina integrativa de North East Medical Services (NEMS), la creciente popularidad de la acupuntura se debe a dos factores clave, \u201csu eficacia\u201d y \u201csu bajo riesgo&#8221;.<\/p>\n\n\n\n<p>\u201cCuando se enfrentan barreras ling\u00fc\u00edsticas o un acceso limitado a la atenci\u00f3n m\u00e9dica, poder recibir tratamientos que se ajusten a la cultura y los valores propios realmente marca la diferencia\u201d, explic\u00f3 esta acupunturista.<\/p>\n\n\n\n<p>Fundada en Chinatown de San Francisco, NEMS atiende a su comunidad donde la acupuntura tiene profundas ra\u00edces culturales. Sin embargo, muchos de los s\u00edntomas que trata, as\u00ed como la preferencia por los tratamientos no farmacol\u00f3gicos, trascienden las fronteras culturales.&nbsp;<\/p>\n\n\n\n<p>\u201cCompartimos valores en torno a la sanaci\u00f3n hol\u00edstica, \u00bfcierto? Las culturas latinas tienen diferentes m\u00e9todos de sanaci\u00f3n, pero la idea es la misma\u201d, se\u00f1ala Qiao. \u201cNo solo tratamos los s\u00edntomas, sino que restauramos a la persona en su totalidad\u201d.<\/p>\n\n\n\n<figure class=\"wp-block-image size-large is-resized\"><img data-recalc-dims=\"1\" loading=\"lazy\" decoding=\"async\" width=\"600\" height=\"399\" src=\"https:\/\/i0.wp.com\/eltecolote.org\/content\/wp-content\/uploads\/2025\/09\/07232025-ACUPUNCTURE-ET-PU-03-1.jpg?resize=600%2C399&#038;quality=89&#038;ssl=1\" alt=\"\" class=\"wp-image-67667\" style=\"width:810px;height:auto\" srcset=\"https:\/\/i0.wp.com\/eltecolote.org\/content\/wp-content\/uploads\/2025\/09\/07232025-ACUPUNCTURE-ET-PU-03-1.jpg?resize=600%2C399&amp;quality=89&amp;ssl=1 600w, https:\/\/i0.wp.com\/eltecolote.org\/content\/wp-content\/uploads\/2025\/09\/07232025-ACUPUNCTURE-ET-PU-03-1.jpg?resize=360%2C240&amp;quality=89&amp;ssl=1 360w, https:\/\/i0.wp.com\/eltecolote.org\/content\/wp-content\/uploads\/2025\/09\/07232025-ACUPUNCTURE-ET-PU-03-1.jpg?resize=768%2C511&amp;quality=89&amp;ssl=1 768w, https:\/\/i0.wp.com\/eltecolote.org\/content\/wp-content\/uploads\/2025\/09\/07232025-ACUPUNCTURE-ET-PU-03-1.jpg?resize=1200%2C798&amp;quality=89&amp;ssl=1 1200w, https:\/\/i0.wp.com\/eltecolote.org\/content\/wp-content\/uploads\/2025\/09\/07232025-ACUPUNCTURE-ET-PU-03-1.jpg?resize=1024%2C681&amp;quality=89&amp;ssl=1 1024w, https:\/\/i0.wp.com\/eltecolote.org\/content\/wp-content\/uploads\/2025\/09\/07232025-ACUPUNCTURE-ET-PU-03-1.jpg?resize=400%2C266&amp;quality=89&amp;ssl=1 400w, https:\/\/i0.wp.com\/eltecolote.org\/content\/wp-content\/uploads\/2025\/09\/07232025-ACUPUNCTURE-ET-PU-03-1.jpg?w=1500&amp;quality=89&amp;ssl=1 1500w\" sizes=\"auto, (max-width: 600px) 100vw, 600px\" \/><figcaption class=\"wp-element-caption\">Diagramas que ilustran la t\u00e9cnica de la acupuntura, en el Centro de Salud Comunitario de la Misi\u00f3n, que cuenta con una cl\u00ednica de acupuntura dirigida por Igor Alekseev, en San Francisco, California, el 23 de julio de 2025. Foto: Pablo Unzueta para <em>El Tecolote<\/em> \/ CatchLight Local.<\/figcaption><\/figure>\n\n\n\n<p><strong>\u00bfQu\u00e9 tan eficaz es la acupuntura?<\/strong><\/p>\n\n\n\n<p>No todas las personas <a href=\"https:\/\/pmc.ncbi.nlm.nih.gov\/articles\/PMC6163768\/\">obtienen resultados positivos<\/a> con la acupuntura, y la ciencia a\u00fan debate sobre si su eficacia se debe al <a href=\"https:\/\/www.frontiersin.org\/journals\/neuroscience\/articles\/10.3389\/fnins.2019.01110\/full\">efecto placebo<\/a> o a la <a href=\"https:\/\/hms.harvard.edu\/news\/exploring-science-acupuncture\">estimulaci\u00f3n de ciertos nervios<\/a> y las respuestas que esto provoca en el cuerpo. A pesar de ello, profesionales de la salud siguen promoviendo esta pr\u00e1ctica, especialmente desde que las aseguradoras han ampliado el acceso a ella.<\/p>\n\n\n\n<p>El Departamento de Salud P\u00fablica de San Francisco, que ofrece acupuntura en once de sus cl\u00ednicas comunitarias para personas de bajos ingresos, ha declarado que la acupuntura ha tenido una \u201cbuena acogida\u201d entre personas de \u201cdiversos or\u00edgenes y etnias&#8221;.<\/p>\n\n\n\n<p>En una declaraci\u00f3n a <em>El Tecolote<\/em>, este departamento se\u00f1al\u00f3 que la acupuntura es eficaz para el dolor agudo y cr\u00f3nico, las migra\u00f1as y la artritis, y sigue siendo popular entre los pacientes de la Red de Salud de San Francisco (SFHN, por sus siglas en ingl\u00e9s) como m\u00e9todo para aliviar el dolor.<\/p>\n\n\n\n<p><strong>Anticipando recortes presupuestarios<\/strong><\/p>\n\n\n\n<p>A pesar de su popularidad, el futuro de la acupuntura en California es incierto. Por segundo a\u00f1o consecutivo, el gobernador Gavin Newsom ha propuesto eliminarla del presupuesto de Medi-Cal. En cada ocasi\u00f3n, <a href=\"https:\/\/www.kqed.org\/news\/12041709\/newsom-cuts-acupuncture-from-medi-cal-alarming-patients-and-providers\">una coalici\u00f3n<\/a> de profesionales de la salud, pol\u00edticos locales y pacientes se unieron y lograron <a href=\"https:\/\/sd11.senate.ca.gov\/news\/senate-and-assembly-reach-agreement-preserve-acupuncture-medi-cal-benefit\">defenderla con \u00e9xito<\/a>.<\/p>\n\n\n\n<p>\u201cTodos compart\u00edamos el mismo mensaje: la acupuntura es un beneficio fundamental\u201d, dijo Kenneth Wilkerson, representante de asuntos gubernamentales de NEMS. \u201cAyuda a pacientes y reduce las visitas a urgencias\u201d.<\/p>\n\n\n\n<p>A causa de los recientes recortes presupuestarios federales a programas como Medicaid, que se anticipan con la firma de la ley <a href=\"https:\/\/www.americanprogress.org\/article\/the-implementation-timeline-of-the-one-big-beautiful-bill-act\/\">One Big Beautiful Bill,<\/a> promovida por el presidente Trump, California se enfrenta a <a href=\"https:\/\/publichealth.berkeley.edu\/articles\/news\/commentary\/what-do-cuts-to-medicaid-really-mean\">decisiones financieras<\/a> a\u00fan m\u00e1s dif\u00edciles. Las y los profesionales de la salud temen que la acupuntura sea eliminada de nuevo.<\/p>\n\n\n\n<p>\u201cEstamos alertas a lo que viene, trabajando con la Asamblea para comprender qu\u00e9 podr\u00eda suceder\u201d, dijo Wilkerson. \u201cPero no tenemos una bola de cristal\u201d<\/p>\n\n\n\n<figure class=\"wp-block-image size-large is-resized\"><img data-recalc-dims=\"1\" loading=\"lazy\" decoding=\"async\" width=\"600\" height=\"399\" src=\"https:\/\/i0.wp.com\/eltecolote.org\/content\/wp-content\/uploads\/2025\/09\/07232025-ACUPUNCTURE-ET-PU-12-1.jpg?resize=600%2C399&#038;quality=89&#038;ssl=1\" alt=\"\" class=\"wp-image-67676\" style=\"width:810px;height:auto\" srcset=\"https:\/\/i0.wp.com\/eltecolote.org\/content\/wp-content\/uploads\/2025\/09\/07232025-ACUPUNCTURE-ET-PU-12-1.jpg?resize=600%2C399&amp;quality=89&amp;ssl=1 600w, https:\/\/i0.wp.com\/eltecolote.org\/content\/wp-content\/uploads\/2025\/09\/07232025-ACUPUNCTURE-ET-PU-12-1.jpg?resize=360%2C240&amp;quality=89&amp;ssl=1 360w, https:\/\/i0.wp.com\/eltecolote.org\/content\/wp-content\/uploads\/2025\/09\/07232025-ACUPUNCTURE-ET-PU-12-1.jpg?resize=768%2C511&amp;quality=89&amp;ssl=1 768w, https:\/\/i0.wp.com\/eltecolote.org\/content\/wp-content\/uploads\/2025\/09\/07232025-ACUPUNCTURE-ET-PU-12-1.jpg?resize=1200%2C798&amp;quality=89&amp;ssl=1 1200w, https:\/\/i0.wp.com\/eltecolote.org\/content\/wp-content\/uploads\/2025\/09\/07232025-ACUPUNCTURE-ET-PU-12-1.jpg?resize=1024%2C681&amp;quality=89&amp;ssl=1 1024w, https:\/\/i0.wp.com\/eltecolote.org\/content\/wp-content\/uploads\/2025\/09\/07232025-ACUPUNCTURE-ET-PU-12-1.jpg?resize=400%2C266&amp;quality=89&amp;ssl=1 400w, https:\/\/i0.wp.com\/eltecolote.org\/content\/wp-content\/uploads\/2025\/09\/07232025-ACUPUNCTURE-ET-PU-12-1.jpg?w=1500&amp;quality=89&amp;ssl=1 1500w\" sizes=\"auto, (max-width: 600px) 100vw, 600px\" \/><figcaption class=\"wp-element-caption\">Folletos y publicaciones sobre acupuntura, en el consultorio del acupunturista Igor Alekseev, en el Centro de Salud Comunitario de la Misi\u00f3n, en San Francisco, California, el 23 de julio de 2025. Alekseev es el primer acupunturista en liderar esta iniciativa, atendiendo principalmente a pacientes latinos de bajos recursos. Foto: Pablo Unzueta para <em>El Tecolote<\/em> \/ CatchLight Local.<\/figcaption><\/figure>\n\n\n\n<p><strong>Una fuente de consuelo para la comunidad migrante<\/strong><\/p>\n\n\n\n<p>Para cada paciente migrante, las actuales pol\u00edticas gubernamentales a\u00f1aden otra barrera. Reyna Colores, por ejemplo, depende de sus hijos para que la lleven a sus citas m\u00e9dicas por el miedo a encontrarse con agentes de migraci\u00f3n.<\/p>\n\n\n\n<p>Shannon Piercy-\u00c1lvarez, quien ofrece sesiones de acupuntura en ingl\u00e9s y espa\u00f1ol, ha notado que algunas personas de la comunidad latina no asisten a sus citas, mientras que otras llegan visiblemente estresadas.&nbsp;<\/p>\n\n\n\n<p>\u201cPara algunas personas, esta es la cita a la que acuden. A veces la gente ni siquiera quiere salir de casa\u201d, explica Piercy Alvarez, quien tiene un consultorio privado en el barrio de Castro y acepta el programa Medi-Cal. Veo mucho estr\u00e9s y ansiedad, una hipervigilancia de &#8216;Van a venir a por m\u00ed&#8217;.<\/p>\n\n\n\n<p>Durante sus sesiones, Piercy-Alvarez utiliza esta pr\u00e1ctica de medicina tradicional para liberar la tensi\u00f3n en la parte superior del cuerpo y la mand\u00edbula de sus pacientes, ayud\u00e1ndoles a relajarse, dormir mejor y \u201cpara poder navegar por este mundo\u201d.&nbsp; Pero la sanaci\u00f3n tambi\u00e9n suele venir de la conversaci\u00f3n.<\/p>\n\n\n\n<p>\u201cMuchas veces, la gente viene y conversa un rato\u201d, comenta. \u201cSobre todo las mujeres, que comparten sus frustraciones sobre las relaciones y la vida. Ya sea por la escasez de terapeutas biling\u00fces o no, muchas simplemente dicen: &#8216;Me entiendes&#8217;\u201d.<\/p>\n\n\n\n<p><\/p>\n\n\n<div class=\"wp-block-image\">\n<figure class=\"alignleft size-full is-resized\"><img data-recalc-dims=\"1\" loading=\"lazy\" decoding=\"async\" width=\"352\" height=\"290\" src=\"https:\/\/i0.wp.com\/eltecolote.org\/content\/wp-content\/uploads\/2025\/10\/Screenshot-2025-10-02-at-11.29.53-PM.png?resize=352%2C290&#038;quality=80&#038;ssl=1\" alt=\"\" class=\"wp-image-68207\" style=\"width:165px;height:auto\" srcset=\"https:\/\/i0.wp.com\/eltecolote.org\/content\/wp-content\/uploads\/2025\/10\/Screenshot-2025-10-02-at-11.29.53-PM.png?w=352&amp;quality=80&amp;ssl=1 352w, https:\/\/i0.wp.com\/eltecolote.org\/content\/wp-content\/uploads\/2025\/10\/Screenshot-2025-10-02-at-11.29.53-PM.png?resize=303%2C250&amp;quality=80&amp;ssl=1 303w\" sizes=\"auto, (max-width: 352px) 100vw, 352px\" \/><\/figure>\n<\/div>\n\n\n<p class=\"has-small-font-size\"><em>Este proyecto cont\u00f3 con el apoyo del Centro Annenberg de Periodismo sobre Salud de la USC y forma parte de \u2018Healing California\u2019, un proyecto de periodismo de investigaci\u00f3n de un a\u00f1o de duraci\u00f3n, impulsado por la <\/em>Ethnic Media Collaborative<em>, que involucra a medios de comunicaci\u00f3n impresos, digitales y audiovisuales de todo California.<\/em><br><br><\/p>\n\n\n\n<p><\/p>\n","protected":false},"excerpt":{"rendered":"<p>Las comunidades de migrantes en San Francisco recurren a la acupuntura para aliviar el dolor y mejorar su salud mental. \u00bfEs eficaz este tratamiento milenario?<\/p>\n","protected":false},"author":88936,"featured_media":68156,"comment_status":"closed","ping_status":"closed","sticky":false,"template":"","format":"standard","meta":{"newspack_popups_has_disabled_popups":false,"newspack_featured_image_position":"large","newspack_post_subtitle":"","newspack_article_summary_title":"Overview:","newspack_article_summary":"","newspack_hide_updated_date":false,"newspack_show_updated_date":false,"footnotes":""},"categories":[3519],"tags":[],"coauthors":[25250],"class_list":["post-68203","post","type-post","status-publish","format-standard","has-post-thumbnail","hentry","category-noticias","entry"],"yoast_head":"<!-- This site is optimized with the Yoast SEO plugin v27.5 - https:\/\/yoast.com\/product\/yoast-seo-wordpress\/ -->\n<title>Las personas migrantes de SF conf\u00edan en este remedio alternativo. \u00bfRealmente funciona?<\/title>\n<meta name=\"description\" content=\"La acupuntura, una terapia de tres mil a\u00f1os de antig\u00fcedad, se ha convertido en un pilar para aliviar el dolor y mejorar la salud mental en las comunidades de migrantes. \u00bfEs realmente eficaz?\" \/>\n<meta name=\"robots\" content=\"index, follow, max-snippet:-1, max-image-preview:large, max-video-preview:-1\" \/>\n<link rel=\"canonical\" href=\"https:\/\/eltecolote.org\/content\/es\/sf-acupuntura-migrantes\/\" \/>\n<meta property=\"og:locale\" content=\"en_US\" \/>\n<meta property=\"og:type\" content=\"article\" \/>\n<meta property=\"og:title\" content=\"Las personas migrantes de SF conf\u00edan en este remedio alternativo. \u00bfRealmente funciona?\" \/>\n<meta property=\"og:description\" content=\"La acupuntura, una terapia de tres mil a\u00f1os de antig\u00fcedad, se ha convertido en un pilar para aliviar el dolor y mejorar la salud mental en las comunidades de migrantes. \u00bfEs realmente eficaz?\" \/>\n<meta property=\"og:url\" content=\"https:\/\/eltecolote.org\/content\/es\/sf-acupuntura-migrantes\/\" \/>\n<meta property=\"og:site_name\" content=\"El Tecolote\" \/>\n<meta property=\"article:publisher\" content=\"https:\/\/www.facebook.com\/ElTecoloteSF\/\" \/>\n<meta property=\"article:published_time\" content=\"2025-10-03T06:38:41+00:00\" \/>\n<meta property=\"article:modified_time\" content=\"2025-10-03T06:38:47+00:00\" \/>\n<meta property=\"og:image\" content=\"https:\/\/eltecolote.org\/content\/wp-content\/uploads\/2025\/10\/07232025-ACUPUNCTURE-ET-PU-05-scaled.jpg\" \/>\n\t<meta property=\"og:image:width\" content=\"2560\" \/>\n\t<meta property=\"og:image:height\" content=\"1703\" \/>\n\t<meta property=\"og:image:type\" content=\"image\/jpeg\" \/>\n<meta name=\"author\" content=\"Mariana Duran\" \/>\n<meta name=\"twitter:card\" content=\"summary_large_image\" \/>\n<meta name=\"twitter:creator\" content=\"@eltecolotesf\" \/>\n<meta name=\"twitter:site\" content=\"@eltecolotesf\" \/>\n<meta name=\"twitter:label1\" content=\"Written by\" \/>\n\t<meta name=\"twitter:data1\" content=\"Mariana Duran\" \/>\n\t<meta name=\"twitter:label2\" content=\"Est. reading time\" \/>\n\t<meta name=\"twitter:data2\" content=\"12 minutes\" \/>\n<script type=\"application\/ld+json\" class=\"yoast-schema-graph\">{\"@context\":\"https:\\\/\\\/schema.org\",\"@graph\":[{\"@type\":\"NewsArticle\",\"@id\":\"https:\\\/\\\/eltecolote.org\\\/content\\\/es\\\/sf-acupuntura-migrantes\\\/#article\",\"isPartOf\":{\"@id\":\"https:\\\/\\\/eltecolote.org\\\/content\\\/es\\\/sf-acupuntura-migrantes\\\/\"},\"author\":{\"name\":\"Mariana Duran\",\"@id\":\"https:\\\/\\\/eltecolote.org\\\/content\\\/#\\\/schema\\\/person\\\/6371398a8ea80d95d155b0239f4479dd\"},\"headline\":\"La clase trabajadora de SF conf\u00eda en este remedio de 3 mil a\u00f1os de antig\u00fcedad\u00a0\",\"datePublished\":\"2025-10-03T06:38:41+00:00\",\"dateModified\":\"2025-10-03T06:38:47+00:00\",\"mainEntityOfPage\":{\"@id\":\"https:\\\/\\\/eltecolote.org\\\/content\\\/es\\\/sf-acupuntura-migrantes\\\/\"},\"wordCount\":2328,\"publisher\":{\"@id\":\"https:\\\/\\\/eltecolote.org\\\/content\\\/#organization\"},\"image\":{\"@id\":\"https:\\\/\\\/eltecolote.org\\\/content\\\/es\\\/sf-acupuntura-migrantes\\\/#primaryimage\"},\"thumbnailUrl\":\"https:\\\/\\\/i0.wp.com\\\/eltecolote.org\\\/content\\\/wp-content\\\/uploads\\\/2025\\\/10\\\/07232025-ACUPUNCTURE-ET-PU-05-scaled.jpg?fit=2560%2C1703&quality=89&ssl=1\",\"articleSection\":[\"Noticias\"],\"inLanguage\":\"en\"},{\"@type\":\"WebPage\",\"@id\":\"https:\\\/\\\/eltecolote.org\\\/content\\\/es\\\/sf-acupuntura-migrantes\\\/\",\"url\":\"https:\\\/\\\/eltecolote.org\\\/content\\\/es\\\/sf-acupuntura-migrantes\\\/\",\"name\":\"Las personas migrantes de SF conf\u00edan en este remedio alternativo. \u00bfRealmente funciona?\",\"isPartOf\":{\"@id\":\"https:\\\/\\\/eltecolote.org\\\/content\\\/#website\"},\"primaryImageOfPage\":{\"@id\":\"https:\\\/\\\/eltecolote.org\\\/content\\\/es\\\/sf-acupuntura-migrantes\\\/#primaryimage\"},\"image\":{\"@id\":\"https:\\\/\\\/eltecolote.org\\\/content\\\/es\\\/sf-acupuntura-migrantes\\\/#primaryimage\"},\"thumbnailUrl\":\"https:\\\/\\\/i0.wp.com\\\/eltecolote.org\\\/content\\\/wp-content\\\/uploads\\\/2025\\\/10\\\/07232025-ACUPUNCTURE-ET-PU-05-scaled.jpg?fit=2560%2C1703&quality=89&ssl=1\",\"datePublished\":\"2025-10-03T06:38:41+00:00\",\"dateModified\":\"2025-10-03T06:38:47+00:00\",\"description\":\"La acupuntura, una terapia de tres mil a\u00f1os de antig\u00fcedad, se ha convertido en un pilar para aliviar el dolor y mejorar la salud mental en las comunidades de migrantes. \u00bfEs realmente eficaz?\",\"inLanguage\":\"en\",\"potentialAction\":[{\"@type\":\"ReadAction\",\"target\":[\"https:\\\/\\\/eltecolote.org\\\/content\\\/es\\\/sf-acupuntura-migrantes\\\/\"]}]},{\"@type\":\"ImageObject\",\"inLanguage\":\"en\",\"@id\":\"https:\\\/\\\/eltecolote.org\\\/content\\\/es\\\/sf-acupuntura-migrantes\\\/#primaryimage\",\"url\":\"https:\\\/\\\/i0.wp.com\\\/eltecolote.org\\\/content\\\/wp-content\\\/uploads\\\/2025\\\/10\\\/07232025-ACUPUNCTURE-ET-PU-05-scaled.jpg?fit=2560%2C1703&quality=89&ssl=1\",\"contentUrl\":\"https:\\\/\\\/i0.wp.com\\\/eltecolote.org\\\/content\\\/wp-content\\\/uploads\\\/2025\\\/10\\\/07232025-ACUPUNCTURE-ET-PU-05-scaled.jpg?fit=2560%2C1703&quality=89&ssl=1\",\"width\":2560,\"height\":1703,\"caption\":\"El acupunturista Igor Alekseev sostiene una aguja est\u00e9ril desechable en el consultorio del Centro de Salud Comunitario de la Misi\u00f3n, en San Francisco, California, el 23 de julio de 2025. Alekseev es el primer acupunturista de la cl\u00ednica y atiende principalmente a pacientes latinos de bajos ingresos. Foto: Pablo Unzueta para El Tecolote \\\/ CatchLight Local.\"},{\"@type\":\"WebSite\",\"@id\":\"https:\\\/\\\/eltecolote.org\\\/content\\\/#website\",\"url\":\"https:\\\/\\\/eltecolote.org\\\/content\\\/\",\"name\":\"El Tecolote\",\"description\":\"San Francisco's Latinx newspaper since 1970\",\"publisher\":{\"@id\":\"https:\\\/\\\/eltecolote.org\\\/content\\\/#organization\"},\"potentialAction\":[{\"@type\":\"SearchAction\",\"target\":{\"@type\":\"EntryPoint\",\"urlTemplate\":\"https:\\\/\\\/eltecolote.org\\\/content\\\/?s={search_term_string}\"},\"query-input\":{\"@type\":\"PropertyValueSpecification\",\"valueRequired\":true,\"valueName\":\"search_term_string\"}}],\"inLanguage\":\"en\"},{\"@type\":\"Organization\",\"@id\":\"https:\\\/\\\/eltecolote.org\\\/content\\\/#organization\",\"name\":\"El Tecolote\",\"url\":\"https:\\\/\\\/eltecolote.org\\\/content\\\/\",\"logo\":{\"@type\":\"ImageObject\",\"inLanguage\":\"en\",\"@id\":\"https:\\\/\\\/eltecolote.org\\\/content\\\/#\\\/schema\\\/logo\\\/image\\\/\",\"url\":\"https:\\\/\\\/i0.wp.com\\\/eltecolote.org\\\/content\\\/wp-content\\\/uploads\\\/2021\\\/05\\\/ETlogo-1.jpg?fit=400%2C400&ssl=1\",\"contentUrl\":\"https:\\\/\\\/i0.wp.com\\\/eltecolote.org\\\/content\\\/wp-content\\\/uploads\\\/2021\\\/05\\\/ETlogo-1.jpg?fit=400%2C400&ssl=1\",\"width\":400,\"height\":400,\"caption\":\"El Tecolote\"},\"image\":{\"@id\":\"https:\\\/\\\/eltecolote.org\\\/content\\\/#\\\/schema\\\/logo\\\/image\\\/\"},\"sameAs\":[\"https:\\\/\\\/www.facebook.com\\\/ElTecoloteSF\\\/\",\"https:\\\/\\\/x.com\\\/eltecolotesf\",\"https:\\\/\\\/www.instagram.com\\\/eltecolotesf\\\/\"]},{\"@type\":\"Person\",\"@id\":\"https:\\\/\\\/eltecolote.org\\\/content\\\/#\\\/schema\\\/person\\\/6371398a8ea80d95d155b0239f4479dd\",\"name\":\"Mariana Duran\",\"image\":{\"@type\":\"ImageObject\",\"inLanguage\":\"en\",\"@id\":\"https:\\\/\\\/secure.gravatar.com\\\/avatar\\\/272b20c7c357ebfd5592323bbf7f585e300bae8a8add6c4a0e3080a169fdac2f?s=96&d=mm&r=gf33347998a6f9c506e204116328d536b\",\"url\":\"https:\\\/\\\/secure.gravatar.com\\\/avatar\\\/272b20c7c357ebfd5592323bbf7f585e300bae8a8add6c4a0e3080a169fdac2f?s=96&d=mm&r=g\",\"contentUrl\":\"https:\\\/\\\/secure.gravatar.com\\\/avatar\\\/272b20c7c357ebfd5592323bbf7f585e300bae8a8add6c4a0e3080a169fdac2f?s=96&d=mm&r=g\",\"caption\":\"Mariana Duran\"},\"description\":\"Mariana is a bilingual reporter for El Tecolote through UC Berkeley's California Local News Fellowship. Her work has also been featured in the Los Angeles Times, the Guardian and KQED.\",\"url\":\"https:\\\/\\\/eltecolote.org\\\/content\\\/author\\\/mariana-duran\\\/\"}]}<\/script>\n<!-- \/ Yoast SEO plugin. -->","yoast_head_json":{"title":"Las personas migrantes de SF conf\u00edan en este remedio alternativo. \u00bfRealmente funciona?","description":"La acupuntura, una terapia de tres mil a\u00f1os de antig\u00fcedad, se ha convertido en un pilar para aliviar el dolor y mejorar la salud mental en las comunidades de migrantes. \u00bfEs realmente eficaz?","robots":{"index":"index","follow":"follow","max-snippet":"max-snippet:-1","max-image-preview":"max-image-preview:large","max-video-preview":"max-video-preview:-1"},"canonical":"https:\/\/eltecolote.org\/content\/es\/sf-acupuntura-migrantes\/","og_locale":"en_US","og_type":"article","og_title":"Las personas migrantes de SF conf\u00edan en este remedio alternativo. \u00bfRealmente funciona?","og_description":"La acupuntura, una terapia de tres mil a\u00f1os de antig\u00fcedad, se ha convertido en un pilar para aliviar el dolor y mejorar la salud mental en las comunidades de migrantes. \u00bfEs realmente eficaz?","og_url":"https:\/\/eltecolote.org\/content\/es\/sf-acupuntura-migrantes\/","og_site_name":"El Tecolote","article_publisher":"https:\/\/www.facebook.com\/ElTecoloteSF\/","article_published_time":"2025-10-03T06:38:41+00:00","article_modified_time":"2025-10-03T06:38:47+00:00","og_image":[{"width":2560,"height":1703,"url":"https:\/\/eltecolote.org\/content\/wp-content\/uploads\/2025\/10\/07232025-ACUPUNCTURE-ET-PU-05-scaled.jpg","type":"image\/jpeg"}],"author":"Mariana Duran","twitter_card":"summary_large_image","twitter_creator":"@eltecolotesf","twitter_site":"@eltecolotesf","twitter_misc":{"Written by":"Mariana Duran","Est. reading time":"12 minutes"},"schema":{"@context":"https:\/\/schema.org","@graph":[{"@type":"NewsArticle","@id":"https:\/\/eltecolote.org\/content\/es\/sf-acupuntura-migrantes\/#article","isPartOf":{"@id":"https:\/\/eltecolote.org\/content\/es\/sf-acupuntura-migrantes\/"},"author":{"name":"Mariana Duran","@id":"https:\/\/eltecolote.org\/content\/#\/schema\/person\/6371398a8ea80d95d155b0239f4479dd"},"headline":"La clase trabajadora de SF conf\u00eda en este remedio de 3 mil a\u00f1os de antig\u00fcedad\u00a0","datePublished":"2025-10-03T06:38:41+00:00","dateModified":"2025-10-03T06:38:47+00:00","mainEntityOfPage":{"@id":"https:\/\/eltecolote.org\/content\/es\/sf-acupuntura-migrantes\/"},"wordCount":2328,"publisher":{"@id":"https:\/\/eltecolote.org\/content\/#organization"},"image":{"@id":"https:\/\/eltecolote.org\/content\/es\/sf-acupuntura-migrantes\/#primaryimage"},"thumbnailUrl":"https:\/\/i0.wp.com\/eltecolote.org\/content\/wp-content\/uploads\/2025\/10\/07232025-ACUPUNCTURE-ET-PU-05-scaled.jpg?fit=2560%2C1703&quality=89&ssl=1","articleSection":["Noticias"],"inLanguage":"en"},{"@type":"WebPage","@id":"https:\/\/eltecolote.org\/content\/es\/sf-acupuntura-migrantes\/","url":"https:\/\/eltecolote.org\/content\/es\/sf-acupuntura-migrantes\/","name":"Las personas migrantes de SF conf\u00edan en este remedio alternativo. \u00bfRealmente funciona?","isPartOf":{"@id":"https:\/\/eltecolote.org\/content\/#website"},"primaryImageOfPage":{"@id":"https:\/\/eltecolote.org\/content\/es\/sf-acupuntura-migrantes\/#primaryimage"},"image":{"@id":"https:\/\/eltecolote.org\/content\/es\/sf-acupuntura-migrantes\/#primaryimage"},"thumbnailUrl":"https:\/\/i0.wp.com\/eltecolote.org\/content\/wp-content\/uploads\/2025\/10\/07232025-ACUPUNCTURE-ET-PU-05-scaled.jpg?fit=2560%2C1703&quality=89&ssl=1","datePublished":"2025-10-03T06:38:41+00:00","dateModified":"2025-10-03T06:38:47+00:00","description":"La acupuntura, una terapia de tres mil a\u00f1os de antig\u00fcedad, se ha convertido en un pilar para aliviar el dolor y mejorar la salud mental en las comunidades de migrantes. \u00bfEs realmente eficaz?","inLanguage":"en","potentialAction":[{"@type":"ReadAction","target":["https:\/\/eltecolote.org\/content\/es\/sf-acupuntura-migrantes\/"]}]},{"@type":"ImageObject","inLanguage":"en","@id":"https:\/\/eltecolote.org\/content\/es\/sf-acupuntura-migrantes\/#primaryimage","url":"https:\/\/i0.wp.com\/eltecolote.org\/content\/wp-content\/uploads\/2025\/10\/07232025-ACUPUNCTURE-ET-PU-05-scaled.jpg?fit=2560%2C1703&quality=89&ssl=1","contentUrl":"https:\/\/i0.wp.com\/eltecolote.org\/content\/wp-content\/uploads\/2025\/10\/07232025-ACUPUNCTURE-ET-PU-05-scaled.jpg?fit=2560%2C1703&quality=89&ssl=1","width":2560,"height":1703,"caption":"El acupunturista Igor Alekseev sostiene una aguja est\u00e9ril desechable en el consultorio del Centro de Salud Comunitario de la Misi\u00f3n, en San Francisco, California, el 23 de julio de 2025. Alekseev es el primer acupunturista de la cl\u00ednica y atiende principalmente a pacientes latinos de bajos ingresos. Foto: Pablo Unzueta para El Tecolote \/ CatchLight Local."},{"@type":"WebSite","@id":"https:\/\/eltecolote.org\/content\/#website","url":"https:\/\/eltecolote.org\/content\/","name":"El Tecolote","description":"San Francisco's Latinx newspaper since 1970","publisher":{"@id":"https:\/\/eltecolote.org\/content\/#organization"},"potentialAction":[{"@type":"SearchAction","target":{"@type":"EntryPoint","urlTemplate":"https:\/\/eltecolote.org\/content\/?s={search_term_string}"},"query-input":{"@type":"PropertyValueSpecification","valueRequired":true,"valueName":"search_term_string"}}],"inLanguage":"en"},{"@type":"Organization","@id":"https:\/\/eltecolote.org\/content\/#organization","name":"El Tecolote","url":"https:\/\/eltecolote.org\/content\/","logo":{"@type":"ImageObject","inLanguage":"en","@id":"https:\/\/eltecolote.org\/content\/#\/schema\/logo\/image\/","url":"https:\/\/i0.wp.com\/eltecolote.org\/content\/wp-content\/uploads\/2021\/05\/ETlogo-1.jpg?fit=400%2C400&ssl=1","contentUrl":"https:\/\/i0.wp.com\/eltecolote.org\/content\/wp-content\/uploads\/2021\/05\/ETlogo-1.jpg?fit=400%2C400&ssl=1","width":400,"height":400,"caption":"El Tecolote"},"image":{"@id":"https:\/\/eltecolote.org\/content\/#\/schema\/logo\/image\/"},"sameAs":["https:\/\/www.facebook.com\/ElTecoloteSF\/","https:\/\/x.com\/eltecolotesf","https:\/\/www.instagram.com\/eltecolotesf\/"]},{"@type":"Person","@id":"https:\/\/eltecolote.org\/content\/#\/schema\/person\/6371398a8ea80d95d155b0239f4479dd","name":"Mariana Duran","image":{"@type":"ImageObject","inLanguage":"en","@id":"https:\/\/secure.gravatar.com\/avatar\/272b20c7c357ebfd5592323bbf7f585e300bae8a8add6c4a0e3080a169fdac2f?s=96&d=mm&r=gf33347998a6f9c506e204116328d536b","url":"https:\/\/secure.gravatar.com\/avatar\/272b20c7c357ebfd5592323bbf7f585e300bae8a8add6c4a0e3080a169fdac2f?s=96&d=mm&r=g","contentUrl":"https:\/\/secure.gravatar.com\/avatar\/272b20c7c357ebfd5592323bbf7f585e300bae8a8add6c4a0e3080a169fdac2f?s=96&d=mm&r=g","caption":"Mariana Duran"},"description":"Mariana is a bilingual reporter for El Tecolote through UC Berkeley's California Local News Fellowship. Her work has also been featured in the Los Angeles Times, the Guardian and KQED.","url":"https:\/\/eltecolote.org\/content\/author\/mariana-duran\/"}]}},"distributor_meta":false,"distributor_terms":false,"distributor_media":false,"distributor_original_site_name":"El Tecolote","distributor_original_site_url":"https:\/\/eltecolote.org\/content","push-errors":false,"_links":{"self":[{"href":"https:\/\/eltecolote.org\/content\/wp-json\/wp\/v2\/posts\/68203","targetHints":{"allow":["GET"]}}],"collection":[{"href":"https:\/\/eltecolote.org\/content\/wp-json\/wp\/v2\/posts"}],"about":[{"href":"https:\/\/eltecolote.org\/content\/wp-json\/wp\/v2\/types\/post"}],"author":[{"embeddable":true,"href":"https:\/\/eltecolote.org\/content\/wp-json\/wp\/v2\/users\/88936"}],"replies":[{"embeddable":true,"href":"https:\/\/eltecolote.org\/content\/wp-json\/wp\/v2\/comments?post=68203"}],"version-history":[{"count":3,"href":"https:\/\/eltecolote.org\/content\/wp-json\/wp\/v2\/posts\/68203\/revisions"}],"predecessor-version":[{"id":68211,"href":"https:\/\/eltecolote.org\/content\/wp-json\/wp\/v2\/posts\/68203\/revisions\/68211"}],"wp:featuredmedia":[{"embeddable":true,"href":"https:\/\/eltecolote.org\/content\/wp-json\/wp\/v2\/media\/68156"}],"wp:attachment":[{"href":"https:\/\/eltecolote.org\/content\/wp-json\/wp\/v2\/media?parent=68203"}],"wp:term":[{"taxonomy":"category","embeddable":true,"href":"https:\/\/eltecolote.org\/content\/wp-json\/wp\/v2\/categories?post=68203"},{"taxonomy":"post_tag","embeddable":true,"href":"https:\/\/eltecolote.org\/content\/wp-json\/wp\/v2\/tags?post=68203"},{"taxonomy":"author","embeddable":true,"href":"https:\/\/eltecolote.org\/content\/wp-json\/wp\/v2\/coauthors?post=68203"}],"curies":[{"name":"wp","href":"https:\/\/api.w.org\/{rel}","templated":true}]}}