{"id":67056,"date":"2025-07-30T16:19:38","date_gmt":"2025-07-30T23:19:38","guid":{"rendered":"https:\/\/eltecolote.org\/content\/?p=67056"},"modified":"2025-07-31T14:08:21","modified_gmt":"2025-07-31T21:08:21","slug":"sf-rv-represion-residentes-respuesta","status":"publish","type":"post","link":"https:\/\/eltecolote.org\/content\/es\/sf-rv-represion-residentes-respuesta\/","title":{"rendered":"SF vs. la comunidad de RV: una cruel y deliberada batalla burocr\u00e1tica\u00a0"},"content":{"rendered":"\n<p>Sol\u00eda pensar que San Francisco era una ciudad compasiva, pero he llegado a comprender que lo que parece una disfunci\u00f3n burocr\u00e1tica, a menudo se convierte en algo deliberado: un sistema dise\u00f1ado para desplazar.<\/p>\n\n\n\n<p>Durante el \u00faltimo a\u00f1o, he visto a mi comunidad de RV ser atacada, acosada y desalojada. No por accidente, sino intencionadamente.<\/p>\n\n\n\n<p>Todo empez\u00f3 en Bernal Heights Boulevard, donde nuestro peque\u00f1o grupo \u2014unas doce casas rodantes habitadas por individuos, familias y mascotas\u2014 viv\u00eda en relativa paz. Com\u00edamos y cuid\u00e1bamos las cosas de los dem\u00e1s mientras la gente iba a trabajar. Luego, lleg\u00f3 una oleada de quejas al 311 sobre supuestas aguas residuales, problemas de estacionamiento, incluso falsas acusaciones de acoso. La polic\u00eda no se hizo esperar. Un agente nos advirti\u00f3 de arrestarnos por &#8220;gui\u00f1arle el ojo a un joven&#8221;.<\/p>\n\n\n<div class=\"wp-block-image\">\n<figure class=\"aligncenter size-large\"><img data-recalc-dims=\"1\" loading=\"lazy\" decoding=\"async\" width=\"600\" height=\"400\" src=\"https:\/\/i0.wp.com\/eltecolote.org\/content\/wp-content\/uploads\/2025\/07\/Foto-1.webp?resize=600%2C400&#038;quality=80&#038;ssl=1\" alt=\"\" class=\"wp-image-67057\" srcset=\"https:\/\/i0.wp.com\/eltecolote.org\/content\/wp-content\/uploads\/2025\/07\/Foto-1.webp?resize=600%2C400&amp;quality=80&amp;ssl=1 600w, https:\/\/i0.wp.com\/eltecolote.org\/content\/wp-content\/uploads\/2025\/07\/Foto-1.webp?resize=360%2C240&amp;quality=80&amp;ssl=1 360w, https:\/\/i0.wp.com\/eltecolote.org\/content\/wp-content\/uploads\/2025\/07\/Foto-1.webp?resize=768%2C512&amp;quality=80&amp;ssl=1 768w, https:\/\/i0.wp.com\/eltecolote.org\/content\/wp-content\/uploads\/2025\/07\/Foto-1.webp?resize=1024%2C683&amp;quality=80&amp;ssl=1 1024w, https:\/\/i0.wp.com\/eltecolote.org\/content\/wp-content\/uploads\/2025\/07\/Foto-1.webp?resize=400%2C267&amp;quality=80&amp;ssl=1 400w, https:\/\/i0.wp.com\/eltecolote.org\/content\/wp-content\/uploads\/2025\/07\/Foto-1.webp?w=1200&amp;quality=80&amp;ssl=1 1200w\" sizes=\"auto, (max-width: 600px) 100vw, 600px\" \/><figcaption class=\"wp-element-caption\">La casa m\u00f3vil de Armando Mart\u00ednez, estacionada en la Avenida Potrero en San Francisco, California, el 25 de julio de 2025. Durante casi dos a\u00f1os, Mart\u00ednez ha cambiado de vecindario por temor a nuevas multas de la ciudad. Foto: Pablo Unzueta para <em>El Tecolote<\/em>\/CatchLight Local.<\/figcaption><\/figure>\n<\/div>\n\n\n<p>Luego vino la humillaci\u00f3n p\u00fablica: una ma\u00f1ana, despert\u00e9 y vi mi foto y la de mi perra Audrey en la portada del <em>San Francisco Chronicle<\/em>. El titular: &#8220;San Francisco restaura la antigua prohibici\u00f3n de estacionamiento para despejar la proliferaci\u00f3n de RV en Bernal Heights&#8221;. En el art\u00edculo, un vecino describi\u00f3 nuestras casas rodantes como &#8220;una monstruosidad&#8221;. Otro dijo que &#8220;monopolizamos&#8221; la calle. Vernos enmarcados as\u00ed, reducidos a la ruina, fue surrealista, doloroso y desmoralizante.<\/p>\n\n\n\n<p>Pero algo bueno sali\u00f3 de ello. Cerca de treinta vecinos enviaron cartas de apoyo a las autoridades municipales, incluyendo a la entonces alcaldesa London Breed. Una carta de un vecino, publicada por el mismo <em>Chronicle<\/em> bajo el titular &#8220;As\u00ed es realmente ser vecino de personas que viven en RV en San Francisco&#8221;, contaba una historia diferente.<\/p>\n\n\n\n<p>&#8220;Por favor, no informen sobre la situaci\u00f3n como si todos los residentes de Bernal Heights quisieran expulsar a esta gente&#8221;, escribieron. \u201cAgradecemos que las personas que viven en tan graves dificultades se preocupen por ser buenos vecinos&#8230; Los valores de San Francisco no incluyen obligar a la gente a mudarse de un lugar seguro donde no molestan a nadie\u201d.<\/p>\n\n\n\n<p>Su carta capt\u00f3 lo que el art\u00edculo omiti\u00f3: ayuda mutua, convivencia respetuosa y comunidad.<\/p>\n\n\n<div class=\"wp-block-image\">\n<figure class=\"aligncenter size-large is-resized\"><img data-recalc-dims=\"1\" loading=\"lazy\" decoding=\"async\" width=\"600\" height=\"400\" src=\"https:\/\/i0.wp.com\/eltecolote.org\/content\/wp-content\/uploads\/2025\/07\/Foto-2.webp?resize=600%2C400&#038;quality=80&#038;ssl=1\" alt=\"\" class=\"wp-image-67058\" style=\"width:600px;height:auto\" srcset=\"https:\/\/i0.wp.com\/eltecolote.org\/content\/wp-content\/uploads\/2025\/07\/Foto-2.webp?resize=600%2C400&amp;quality=80&amp;ssl=1 600w, https:\/\/i0.wp.com\/eltecolote.org\/content\/wp-content\/uploads\/2025\/07\/Foto-2.webp?resize=360%2C240&amp;quality=80&amp;ssl=1 360w, https:\/\/i0.wp.com\/eltecolote.org\/content\/wp-content\/uploads\/2025\/07\/Foto-2.webp?resize=768%2C512&amp;quality=80&amp;ssl=1 768w, https:\/\/i0.wp.com\/eltecolote.org\/content\/wp-content\/uploads\/2025\/07\/Foto-2.webp?resize=1024%2C683&amp;quality=80&amp;ssl=1 1024w, https:\/\/i0.wp.com\/eltecolote.org\/content\/wp-content\/uploads\/2025\/07\/Foto-2.webp?resize=400%2C267&amp;quality=80&amp;ssl=1 400w, https:\/\/i0.wp.com\/eltecolote.org\/content\/wp-content\/uploads\/2025\/07\/Foto-2.webp?w=1200&amp;quality=80&amp;ssl=1 1200w\" sizes=\"auto, (max-width: 600px) 100vw, 600px\" \/><figcaption class=\"wp-element-caption\">La Agencia Municipal de Transporte de San Francisco marca con gis la llanta de la casa m\u00f3vil de Armando Mart\u00ednez estacionada en la Avenida Potrero en San Francisco, California, el 25 de julio de 2025. Mart\u00ednez recibi\u00f3 una infracci\u00f3n el d\u00eda anterior. La ciudad aprob\u00f3 recientemente una restricci\u00f3n de estacionamiento de dos horas para RV, una normativa que podr\u00eda agravar a\u00fan m\u00e1s el desplazamiento. Foto: Pablo Unzueta para <em>El Tecolote<\/em>\/CatchLight Local.<\/figcaption><\/figure>\n<\/div>\n\n\n<p>Aun as\u00ed, la ciudad nos orden\u00f3 desalojar. Con la ayuda de la Coalici\u00f3n para las Personas sin Hogar y la Red de Defensa contra el Desalojo de Campamentos Vehiculares, formamos una caravana y nos mudamos a Bayview. Dos d\u00edas despu\u00e9s, la ciudad ofreci\u00f3 espacio en el Centro de Triaje de Veh\u00edculos de Candlestick.<\/p>\n\n\n\n<p>Para muchas y muchos de nosotros, los centros de triaje no eran lugares de cuidado, sino de contenci\u00f3n. En Candlestick, los toques de queda estrictos, el aislamiento y la falta de v\u00edas claras hacia una vivienda permanente hac\u00edan que se sintiera m\u00e1s como un corral de espera que como un paso hacia la estabilidad. Hab\u00edamos acordado mudarnos solo si hab\u00eda espacio para todas y todos, pero al final, solo nos ofrecieron un lugar.<\/p>\n\n\n\n<div class=\"wp-block-columns is-not-stacked-on-mobile is-layout-flex wp-container-core-columns-is-layout-9d6595d7 wp-block-columns-is-layout-flex\">\n<div class=\"wp-block-column is-layout-flow wp-block-column-is-layout-flow\" style=\"flex-basis:50%\"><!-- Error, Advert is not available at this time due to schedule\/geolocation restrictions! --><\/div>\n\n\n\n<div class=\"wp-block-column is-layout-flow wp-block-column-is-layout-flow\" style=\"flex-basis:50%\"><!-- Error, Advert is not available at this time due to schedule\/geolocation restrictions! --><\/div>\n<\/div>\n\n\n\n<p>A la ma\u00f1ana siguiente, lleg\u00f3 un equipo coordinado de polic\u00edas, excavadoras y personal municipal. Colocaron barreras de hormig\u00f3n en nuestros espacios de estacionamiento, bloque\u00e1ndonos f\u00edsicamente el paso. Eso marc\u00f3 el inicio de nuestra migraci\u00f3n forzada: de Bernal Heights a Bayview, luego a McLaren Park, San Bruno Avenue y, finalmente, a Bayshore; cada mudanza provocada por nuevas quejas, citaciones y excusas cambiantes envueltas en burocracia.<\/p>\n\n\n\n<p>Si bien cierto personal municipal mostr\u00f3 empat\u00eda, otros fueron implacables. Nos multaron por infracciones de estacionamiento incluso antes de que terminara el per\u00edodo de gracia, y luego nos citaron repetidamente por matr\u00edculas vencidas, a veces por la misma infracci\u00f3n. Una ma\u00f1ana, a las 5 a. m., golpearon la RV de un vecino y le ordenaron irse.<\/p>\n\n\n<div class=\"wp-block-image\">\n<figure class=\"aligncenter size-large\"><img data-recalc-dims=\"1\" loading=\"lazy\" decoding=\"async\" width=\"600\" height=\"400\" src=\"https:\/\/i0.wp.com\/eltecolote.org\/content\/wp-content\/uploads\/2025\/07\/Foto-3.webp?resize=600%2C400&#038;quality=80&#038;ssl=1\" alt=\"\" class=\"wp-image-67059\" srcset=\"https:\/\/i0.wp.com\/eltecolote.org\/content\/wp-content\/uploads\/2025\/07\/Foto-3.webp?resize=600%2C400&amp;quality=80&amp;ssl=1 600w, https:\/\/i0.wp.com\/eltecolote.org\/content\/wp-content\/uploads\/2025\/07\/Foto-3.webp?resize=360%2C240&amp;quality=80&amp;ssl=1 360w, https:\/\/i0.wp.com\/eltecolote.org\/content\/wp-content\/uploads\/2025\/07\/Foto-3.webp?resize=768%2C512&amp;quality=80&amp;ssl=1 768w, https:\/\/i0.wp.com\/eltecolote.org\/content\/wp-content\/uploads\/2025\/07\/Foto-3.webp?resize=400%2C267&amp;quality=80&amp;ssl=1 400w, https:\/\/i0.wp.com\/eltecolote.org\/content\/wp-content\/uploads\/2025\/07\/Foto-3.webp?w=1024&amp;quality=80&amp;ssl=1 1024w\" sizes=\"auto, (max-width: 600px) 100vw, 600px\" \/><figcaption class=\"wp-element-caption\">Una notificaci\u00f3n de infracci\u00f3n de la Agencia Municipal de Transporte de San Francisco pegada en la casa m\u00f3vil de Armando Mart\u00ednez, el 25 de julio de 2025. El nuevo l\u00edmite de estacionamiento de dos horas para veh\u00edculos de gran tama\u00f1o podr\u00eda afectar a\u00fan m\u00e1s la estabilidad de la vivienda para residentes de estos veh\u00edculos. Foto: Pablo Unzueta para <em>El Tecolote<\/em>\/CatchLight Local.<br><\/figcaption><\/figure>\n<\/div>\n\n\n<p>Las supuestas soluciones de la ciudad se desplomaron. El Centro de Triaje de Bayview, con un presupuesto de $15 millones, cerr\u00f3 sin ofrecer casi nada. Desde nuestra perspectiva, nunca pareci\u00f3 que el objetivo fuera ayudar, sino simplemente desaparecernos de la vista.<\/p>\n\n\n\n<p>Por eso, mientras que las estrategias para personas sin hogar funcionan en otras ciudades, aqu\u00ed fracasan. Esos modelos dependen de valores compartidos y confianza, algo que el sistema de San Francisco esconde tras una fachada de papeleo y burocracia, ocultando la crueldad.<\/p>\n\n\n\n<p>Para quienes ven de lejos, esto aparenta un orden, pero nosotros sabemos la verdad: la crueldad no es un fallo t\u00e9cnico, es la clave del sistema.<\/p>\n\n\n\n<p>Seguimos estacionados en Bayshore, mientras otras personas de nuestra comunidad han sido desalojadas a zonas industriales, a los m\u00e1rgenes de las autopistas o, simplemente, a ning\u00fan lugar. Nos mantenemos en contacto, intentando protegernos mutuamente. Nos organizamos para detener futuros desalojos y para impulsar alternativas que no nos a\u00edslen ni nos castiguen.<\/p>\n\n\n\n<p>Para encontrar soluciones reales, es fundamental que se nos trate como vecinos, no como inconvenientes. Esto requiere trabajar codo a codo con nosotras y nosotros, y no solo ignorarnos.<\/p>\n\n\n<div class=\"wp-block-image\">\n<figure class=\"aligncenter size-large is-resized\"><img data-recalc-dims=\"1\" loading=\"lazy\" decoding=\"async\" width=\"600\" height=\"400\" src=\"https:\/\/i0.wp.com\/eltecolote.org\/content\/wp-content\/uploads\/2025\/07\/Foto-4.webp?resize=600%2C400&#038;quality=80&#038;ssl=1\" alt=\"\" class=\"wp-image-67060\" style=\"width:600px;height:auto\" srcset=\"https:\/\/i0.wp.com\/eltecolote.org\/content\/wp-content\/uploads\/2025\/07\/Foto-4.webp?resize=600%2C400&amp;quality=80&amp;ssl=1 600w, https:\/\/i0.wp.com\/eltecolote.org\/content\/wp-content\/uploads\/2025\/07\/Foto-4.webp?resize=360%2C240&amp;quality=80&amp;ssl=1 360w, https:\/\/i0.wp.com\/eltecolote.org\/content\/wp-content\/uploads\/2025\/07\/Foto-4.webp?resize=768%2C512&amp;quality=80&amp;ssl=1 768w, https:\/\/i0.wp.com\/eltecolote.org\/content\/wp-content\/uploads\/2025\/07\/Foto-4.webp?resize=400%2C267&amp;quality=80&amp;ssl=1 400w, https:\/\/i0.wp.com\/eltecolote.org\/content\/wp-content\/uploads\/2025\/07\/Foto-4.webp?w=1024&amp;quality=80&amp;ssl=1 1024w\" sizes=\"auto, (max-width: 600px) 100vw, 600px\" \/><figcaption class=\"wp-element-caption\">Armando Mart\u00ednez, de 60 a\u00f1os de edad, al interior de su casa m\u00f3vil que ha habitado durante muchos a\u00f1os, estacionada en la Avenida Potrero en San Francisco, California, el 25 de julio de 2025. Durante casi dos a\u00f1os, Mart\u00ednez ha tenido que mudarse con frecuencia para evitar nuevas multas. Foto: Pablo Unzueta para <em>El Tecolote\/<\/em>CatchLight Local.<\/figcaption><\/figure>\n<\/div>\n\n\n<p><\/p>\n\n\n\n<div class=\"wp-block-columns is-layout-flex wp-container-core-columns-is-layout-9d6595d7 wp-block-columns-is-layout-flex\">\n<div class=\"wp-block-column is-layout-flow wp-block-column-is-layout-flow\" style=\"flex-basis:50%\"><\/div>\n<\/div>\n\n\n\n<p><\/p>\n","protected":false},"excerpt":{"rendered":"<p>OPINI\u00d3N: No es disfunci\u00f3n sist\u00e9mica sino crueldad deliberada: as\u00ed desaparece SF a los pobres, seg\u00fan Armando Bravo Mart\u00ednez, residente de una RV.<\/p>\n","protected":false},"author":88941,"featured_media":67027,"comment_status":"closed","ping_status":"closed","sticky":false,"template":"","format":"standard","meta":{"newspack_popups_has_disabled_popups":false,"newspack_featured_image_position":"large","newspack_post_subtitle":"","newspack_article_summary_title":"Overview:","newspack_article_summary":"","newspack_hide_updated_date":false,"newspack_show_updated_date":false,"footnotes":""},"categories":[3548],"tags":[],"coauthors":[25497],"class_list":["post-67056","post","type-post","status-publish","format-standard","has-post-thumbnail","hentry","category-opinion-es","entry"],"yoast_head":"<!-- This site is optimized with the Yoast SEO plugin v27.5 - https:\/\/yoast.com\/product\/yoast-seo-wordpress\/ -->\n<title>SF: crueldad burocr\u00e1tica detr\u00e1s del desplazamiento de las RV<\/title>\n<meta name=\"description\" content=\"La aparente estrategia disfuncional de San Francisco contra las RV, para residentes como Armando Bravo Mart\u00ednez, consiste en un desplazamiento deliberado de los pobres.\" \/>\n<meta name=\"robots\" content=\"index, follow, max-snippet:-1, max-image-preview:large, max-video-preview:-1\" \/>\n<link rel=\"canonical\" href=\"https:\/\/eltecolote.org\/content\/es\/sf-rv-represion-residentes-respuesta\/\" \/>\n<meta property=\"og:locale\" content=\"en_US\" \/>\n<meta property=\"og:type\" content=\"article\" \/>\n<meta property=\"og:title\" content=\"SF: crueldad burocr\u00e1tica detr\u00e1s del desplazamiento de las RV\" \/>\n<meta property=\"og:description\" content=\"La aparente estrategia disfuncional de San Francisco contra las RV, para residentes como Armando Bravo Mart\u00ednez, consiste en un desplazamiento deliberado de los pobres.\" \/>\n<meta property=\"og:url\" content=\"https:\/\/eltecolote.org\/content\/es\/sf-rv-represion-residentes-respuesta\/\" \/>\n<meta property=\"og:site_name\" content=\"El Tecolote\" \/>\n<meta property=\"article:publisher\" content=\"https:\/\/www.facebook.com\/ElTecoloteSF\/\" \/>\n<meta property=\"article:published_time\" content=\"2025-07-30T23:19:38+00:00\" \/>\n<meta property=\"article:modified_time\" content=\"2025-07-31T21:08:21+00:00\" \/>\n<meta property=\"og:image\" content=\"https:\/\/eltecolote.org\/content\/wp-content\/uploads\/2025\/07\/06252025-RVARMANDO-ET-PU-06-scaled.jpg\" \/>\n\t<meta property=\"og:image:width\" content=\"2560\" \/>\n\t<meta property=\"og:image:height\" content=\"1706\" \/>\n\t<meta property=\"og:image:type\" content=\"image\/jpeg\" \/>\n<meta name=\"author\" content=\"Armando Bravo Martinez\" \/>\n<meta name=\"twitter:card\" content=\"summary_large_image\" \/>\n<meta name=\"twitter:creator\" content=\"@eltecolotesf\" \/>\n<meta name=\"twitter:site\" content=\"@eltecolotesf\" \/>\n<meta name=\"twitter:label1\" content=\"Written by\" \/>\n\t<meta name=\"twitter:data1\" content=\"Armando Bravo Martinez\" \/>\n\t<meta name=\"twitter:label2\" content=\"Est. reading time\" \/>\n\t<meta name=\"twitter:data2\" content=\"5 minutes\" \/>\n<script type=\"application\/ld+json\" class=\"yoast-schema-graph\">{\"@context\":\"https:\\\/\\\/schema.org\",\"@graph\":[{\"@type\":\"NewsArticle\",\"@id\":\"https:\\\/\\\/eltecolote.org\\\/content\\\/es\\\/sf-rv-represion-residentes-respuesta\\\/#article\",\"isPartOf\":{\"@id\":\"https:\\\/\\\/eltecolote.org\\\/content\\\/es\\\/sf-rv-represion-residentes-respuesta\\\/\"},\"author\":{\"name\":\"Katie Beas\",\"@id\":\"https:\\\/\\\/eltecolote.org\\\/content\\\/#\\\/schema\\\/person\\\/65c4d8ad9a78a7063038ee8183faeb52\"},\"headline\":\"SF vs. la comunidad de RV: una cruel y deliberada batalla burocr\u00e1tica\u00a0\",\"datePublished\":\"2025-07-30T23:19:38+00:00\",\"dateModified\":\"2025-07-31T21:08:21+00:00\",\"mainEntityOfPage\":{\"@id\":\"https:\\\/\\\/eltecolote.org\\\/content\\\/es\\\/sf-rv-represion-residentes-respuesta\\\/\"},\"wordCount\":1082,\"publisher\":{\"@id\":\"https:\\\/\\\/eltecolote.org\\\/content\\\/#organization\"},\"image\":{\"@id\":\"https:\\\/\\\/eltecolote.org\\\/content\\\/es\\\/sf-rv-represion-residentes-respuesta\\\/#primaryimage\"},\"thumbnailUrl\":\"https:\\\/\\\/i0.wp.com\\\/eltecolote.org\\\/content\\\/wp-content\\\/uploads\\\/2025\\\/07\\\/06252025-RVARMANDO-ET-PU-06-scaled.jpg?fit=2560%2C1706&quality=89&ssl=1\",\"articleSection\":[\"Opini\u00f3n\"],\"inLanguage\":\"en\"},{\"@type\":\"WebPage\",\"@id\":\"https:\\\/\\\/eltecolote.org\\\/content\\\/es\\\/sf-rv-represion-residentes-respuesta\\\/\",\"url\":\"https:\\\/\\\/eltecolote.org\\\/content\\\/es\\\/sf-rv-represion-residentes-respuesta\\\/\",\"name\":\"SF: crueldad burocr\u00e1tica detr\u00e1s del desplazamiento de las RV\",\"isPartOf\":{\"@id\":\"https:\\\/\\\/eltecolote.org\\\/content\\\/#website\"},\"primaryImageOfPage\":{\"@id\":\"https:\\\/\\\/eltecolote.org\\\/content\\\/es\\\/sf-rv-represion-residentes-respuesta\\\/#primaryimage\"},\"image\":{\"@id\":\"https:\\\/\\\/eltecolote.org\\\/content\\\/es\\\/sf-rv-represion-residentes-respuesta\\\/#primaryimage\"},\"thumbnailUrl\":\"https:\\\/\\\/i0.wp.com\\\/eltecolote.org\\\/content\\\/wp-content\\\/uploads\\\/2025\\\/07\\\/06252025-RVARMANDO-ET-PU-06-scaled.jpg?fit=2560%2C1706&quality=89&ssl=1\",\"datePublished\":\"2025-07-30T23:19:38+00:00\",\"dateModified\":\"2025-07-31T21:08:21+00:00\",\"description\":\"La aparente estrategia disfuncional de San Francisco contra las RV, para residentes como Armando Bravo Mart\u00ednez, consiste en un desplazamiento deliberado de los pobres.\",\"inLanguage\":\"en\",\"potentialAction\":[{\"@type\":\"ReadAction\",\"target\":[\"https:\\\/\\\/eltecolote.org\\\/content\\\/es\\\/sf-rv-represion-residentes-respuesta\\\/\"]}]},{\"@type\":\"ImageObject\",\"inLanguage\":\"en\",\"@id\":\"https:\\\/\\\/eltecolote.org\\\/content\\\/es\\\/sf-rv-represion-residentes-respuesta\\\/#primaryimage\",\"url\":\"https:\\\/\\\/i0.wp.com\\\/eltecolote.org\\\/content\\\/wp-content\\\/uploads\\\/2025\\\/07\\\/06252025-RVARMANDO-ET-PU-06-scaled.jpg?fit=2560%2C1706&quality=89&ssl=1\",\"contentUrl\":\"https:\\\/\\\/i0.wp.com\\\/eltecolote.org\\\/content\\\/wp-content\\\/uploads\\\/2025\\\/07\\\/06252025-RVARMANDO-ET-PU-06-scaled.jpg?fit=2560%2C1706&quality=89&ssl=1\",\"width\":2560,\"height\":1706,\"caption\":\"Armando Mart\u00ednez, de 60 a\u00f1os de edad, en la que ha sido su casa de toda la vida, estacionada ahora en la Avenida Potrero de San Francisco, California. \\\"He aprendido que el sistema est\u00e1 manipulado para desplazarnos. En realidad, no est\u00e1 dise\u00f1ado para que encuentres vivienda; en cierto modo, te desestabiliza constantemente\\\". Foto: Pablo Unzueta para El Tecolote\\\/CatchLight Local.\"},{\"@type\":\"WebSite\",\"@id\":\"https:\\\/\\\/eltecolote.org\\\/content\\\/#website\",\"url\":\"https:\\\/\\\/eltecolote.org\\\/content\\\/\",\"name\":\"El Tecolote\",\"description\":\"San Francisco's Latinx newspaper since 1970\",\"publisher\":{\"@id\":\"https:\\\/\\\/eltecolote.org\\\/content\\\/#organization\"},\"potentialAction\":[{\"@type\":\"SearchAction\",\"target\":{\"@type\":\"EntryPoint\",\"urlTemplate\":\"https:\\\/\\\/eltecolote.org\\\/content\\\/?s={search_term_string}\"},\"query-input\":{\"@type\":\"PropertyValueSpecification\",\"valueRequired\":true,\"valueName\":\"search_term_string\"}}],\"inLanguage\":\"en\"},{\"@type\":\"Organization\",\"@id\":\"https:\\\/\\\/eltecolote.org\\\/content\\\/#organization\",\"name\":\"El Tecolote\",\"url\":\"https:\\\/\\\/eltecolote.org\\\/content\\\/\",\"logo\":{\"@type\":\"ImageObject\",\"inLanguage\":\"en\",\"@id\":\"https:\\\/\\\/eltecolote.org\\\/content\\\/#\\\/schema\\\/logo\\\/image\\\/\",\"url\":\"https:\\\/\\\/i0.wp.com\\\/eltecolote.org\\\/content\\\/wp-content\\\/uploads\\\/2021\\\/05\\\/ETlogo-1.jpg?fit=400%2C400&ssl=1\",\"contentUrl\":\"https:\\\/\\\/i0.wp.com\\\/eltecolote.org\\\/content\\\/wp-content\\\/uploads\\\/2021\\\/05\\\/ETlogo-1.jpg?fit=400%2C400&ssl=1\",\"width\":400,\"height\":400,\"caption\":\"El Tecolote\"},\"image\":{\"@id\":\"https:\\\/\\\/eltecolote.org\\\/content\\\/#\\\/schema\\\/logo\\\/image\\\/\"},\"sameAs\":[\"https:\\\/\\\/www.facebook.com\\\/ElTecoloteSF\\\/\",\"https:\\\/\\\/x.com\\\/eltecolotesf\",\"https:\\\/\\\/www.instagram.com\\\/eltecolotesf\\\/\"]},{\"@type\":\"Person\",\"@id\":\"https:\\\/\\\/eltecolote.org\\\/content\\\/#\\\/schema\\\/person\\\/65c4d8ad9a78a7063038ee8183faeb52\",\"name\":\"Katie Beas\",\"image\":{\"@type\":\"ImageObject\",\"inLanguage\":\"en\",\"@id\":\"https:\\\/\\\/secure.gravatar.com\\\/avatar\\\/dd0b28c9e7d26e5bfff599fec169594bdefe752cf974596325d36fdd59c26d32?s=96&d=mm&r=g29e9ee46b2a6e462bc368b837bbe11a2\",\"url\":\"https:\\\/\\\/secure.gravatar.com\\\/avatar\\\/dd0b28c9e7d26e5bfff599fec169594bdefe752cf974596325d36fdd59c26d32?s=96&d=mm&r=g\",\"contentUrl\":\"https:\\\/\\\/secure.gravatar.com\\\/avatar\\\/dd0b28c9e7d26e5bfff599fec169594bdefe752cf974596325d36fdd59c26d32?s=96&d=mm&r=g\",\"caption\":\"Katie Beas\"},\"description\":\"Katie Beas is a professional dedicated to the written word, with more than a decade of experience as a Spanish-language translator, copy editor and educator. Originally from Jalisco, Mexico, she has focused her career on building communication bridges in both the journalistic and academic fields. Since 2012, Katie has been part of El Tecolote, where her work as translator and copy editor has ensured the quality and accuracy of the Spanish-language content, both in print and on the newsroom's digital platforms. Her passion for education is reflected in her long career as a professor of Hispanic Literature at the University of Guadalajara, Mexico, a role she began in 2007 and has also taught online since 2011. In addition, throughout her career in San Francisco, California, Katie has actively collaborated with various nonprofit organizations to support the immigrant community. Her contributions have been key in editing and producing content, as well as in disseminating vital information for monolingual Spanish-speaking Latinos, helping facilitate access to essential resources and empowering the communities she serves. As of August, Katie Beas has taken on the role of Managing Editor of El Tecolote. Her mission is to strengthen the newspaper\u2019s connection with San Francisco\u2019s migrant and Latino communities through bilingual service journalism. To that end, she will expand access to Spanish-language content and reinforce the newspaper\u2019s presence in the Spanish-speaking community, supporting key initiatives such as the WhatsApp news service, the print and digital events calendar, resource guides and other editorial content designed specifically for Spanish-speaking audiences.\",\"url\":\"https:\\\/\\\/eltecolote.org\\\/content\\\/author\\\/katie-beas\\\/\"}]}<\/script>\n<!-- \/ Yoast SEO plugin. -->","yoast_head_json":{"title":"SF: crueldad burocr\u00e1tica detr\u00e1s del desplazamiento de las RV","description":"La aparente estrategia disfuncional de San Francisco contra las RV, para residentes como Armando Bravo Mart\u00ednez, consiste en un desplazamiento deliberado de los pobres.","robots":{"index":"index","follow":"follow","max-snippet":"max-snippet:-1","max-image-preview":"max-image-preview:large","max-video-preview":"max-video-preview:-1"},"canonical":"https:\/\/eltecolote.org\/content\/es\/sf-rv-represion-residentes-respuesta\/","og_locale":"en_US","og_type":"article","og_title":"SF: crueldad burocr\u00e1tica detr\u00e1s del desplazamiento de las RV","og_description":"La aparente estrategia disfuncional de San Francisco contra las RV, para residentes como Armando Bravo Mart\u00ednez, consiste en un desplazamiento deliberado de los pobres.","og_url":"https:\/\/eltecolote.org\/content\/es\/sf-rv-represion-residentes-respuesta\/","og_site_name":"El Tecolote","article_publisher":"https:\/\/www.facebook.com\/ElTecoloteSF\/","article_published_time":"2025-07-30T23:19:38+00:00","article_modified_time":"2025-07-31T21:08:21+00:00","og_image":[{"width":2560,"height":1706,"url":"https:\/\/eltecolote.org\/content\/wp-content\/uploads\/2025\/07\/06252025-RVARMANDO-ET-PU-06-scaled.jpg","type":"image\/jpeg"}],"author":"Armando Bravo Martinez","twitter_card":"summary_large_image","twitter_creator":"@eltecolotesf","twitter_site":"@eltecolotesf","twitter_misc":{"Written by":"Armando Bravo Martinez","Est. reading time":"5 minutes"},"schema":{"@context":"https:\/\/schema.org","@graph":[{"@type":"NewsArticle","@id":"https:\/\/eltecolote.org\/content\/es\/sf-rv-represion-residentes-respuesta\/#article","isPartOf":{"@id":"https:\/\/eltecolote.org\/content\/es\/sf-rv-represion-residentes-respuesta\/"},"author":{"name":"Katie Beas","@id":"https:\/\/eltecolote.org\/content\/#\/schema\/person\/65c4d8ad9a78a7063038ee8183faeb52"},"headline":"SF vs. la comunidad de RV: una cruel y deliberada batalla burocr\u00e1tica\u00a0","datePublished":"2025-07-30T23:19:38+00:00","dateModified":"2025-07-31T21:08:21+00:00","mainEntityOfPage":{"@id":"https:\/\/eltecolote.org\/content\/es\/sf-rv-represion-residentes-respuesta\/"},"wordCount":1082,"publisher":{"@id":"https:\/\/eltecolote.org\/content\/#organization"},"image":{"@id":"https:\/\/eltecolote.org\/content\/es\/sf-rv-represion-residentes-respuesta\/#primaryimage"},"thumbnailUrl":"https:\/\/i0.wp.com\/eltecolote.org\/content\/wp-content\/uploads\/2025\/07\/06252025-RVARMANDO-ET-PU-06-scaled.jpg?fit=2560%2C1706&quality=89&ssl=1","articleSection":["Opini\u00f3n"],"inLanguage":"en"},{"@type":"WebPage","@id":"https:\/\/eltecolote.org\/content\/es\/sf-rv-represion-residentes-respuesta\/","url":"https:\/\/eltecolote.org\/content\/es\/sf-rv-represion-residentes-respuesta\/","name":"SF: crueldad burocr\u00e1tica detr\u00e1s del desplazamiento de las RV","isPartOf":{"@id":"https:\/\/eltecolote.org\/content\/#website"},"primaryImageOfPage":{"@id":"https:\/\/eltecolote.org\/content\/es\/sf-rv-represion-residentes-respuesta\/#primaryimage"},"image":{"@id":"https:\/\/eltecolote.org\/content\/es\/sf-rv-represion-residentes-respuesta\/#primaryimage"},"thumbnailUrl":"https:\/\/i0.wp.com\/eltecolote.org\/content\/wp-content\/uploads\/2025\/07\/06252025-RVARMANDO-ET-PU-06-scaled.jpg?fit=2560%2C1706&quality=89&ssl=1","datePublished":"2025-07-30T23:19:38+00:00","dateModified":"2025-07-31T21:08:21+00:00","description":"La aparente estrategia disfuncional de San Francisco contra las RV, para residentes como Armando Bravo Mart\u00ednez, consiste en un desplazamiento deliberado de los pobres.","inLanguage":"en","potentialAction":[{"@type":"ReadAction","target":["https:\/\/eltecolote.org\/content\/es\/sf-rv-represion-residentes-respuesta\/"]}]},{"@type":"ImageObject","inLanguage":"en","@id":"https:\/\/eltecolote.org\/content\/es\/sf-rv-represion-residentes-respuesta\/#primaryimage","url":"https:\/\/i0.wp.com\/eltecolote.org\/content\/wp-content\/uploads\/2025\/07\/06252025-RVARMANDO-ET-PU-06-scaled.jpg?fit=2560%2C1706&quality=89&ssl=1","contentUrl":"https:\/\/i0.wp.com\/eltecolote.org\/content\/wp-content\/uploads\/2025\/07\/06252025-RVARMANDO-ET-PU-06-scaled.jpg?fit=2560%2C1706&quality=89&ssl=1","width":2560,"height":1706,"caption":"Armando Mart\u00ednez, de 60 a\u00f1os de edad, en la que ha sido su casa de toda la vida, estacionada ahora en la Avenida Potrero de San Francisco, California. \"He aprendido que el sistema est\u00e1 manipulado para desplazarnos. En realidad, no est\u00e1 dise\u00f1ado para que encuentres vivienda; en cierto modo, te desestabiliza constantemente\". Foto: Pablo Unzueta para El Tecolote\/CatchLight Local."},{"@type":"WebSite","@id":"https:\/\/eltecolote.org\/content\/#website","url":"https:\/\/eltecolote.org\/content\/","name":"El Tecolote","description":"San Francisco's Latinx newspaper since 1970","publisher":{"@id":"https:\/\/eltecolote.org\/content\/#organization"},"potentialAction":[{"@type":"SearchAction","target":{"@type":"EntryPoint","urlTemplate":"https:\/\/eltecolote.org\/content\/?s={search_term_string}"},"query-input":{"@type":"PropertyValueSpecification","valueRequired":true,"valueName":"search_term_string"}}],"inLanguage":"en"},{"@type":"Organization","@id":"https:\/\/eltecolote.org\/content\/#organization","name":"El Tecolote","url":"https:\/\/eltecolote.org\/content\/","logo":{"@type":"ImageObject","inLanguage":"en","@id":"https:\/\/eltecolote.org\/content\/#\/schema\/logo\/image\/","url":"https:\/\/i0.wp.com\/eltecolote.org\/content\/wp-content\/uploads\/2021\/05\/ETlogo-1.jpg?fit=400%2C400&ssl=1","contentUrl":"https:\/\/i0.wp.com\/eltecolote.org\/content\/wp-content\/uploads\/2021\/05\/ETlogo-1.jpg?fit=400%2C400&ssl=1","width":400,"height":400,"caption":"El Tecolote"},"image":{"@id":"https:\/\/eltecolote.org\/content\/#\/schema\/logo\/image\/"},"sameAs":["https:\/\/www.facebook.com\/ElTecoloteSF\/","https:\/\/x.com\/eltecolotesf","https:\/\/www.instagram.com\/eltecolotesf\/"]},{"@type":"Person","@id":"https:\/\/eltecolote.org\/content\/#\/schema\/person\/65c4d8ad9a78a7063038ee8183faeb52","name":"Katie Beas","image":{"@type":"ImageObject","inLanguage":"en","@id":"https:\/\/secure.gravatar.com\/avatar\/dd0b28c9e7d26e5bfff599fec169594bdefe752cf974596325d36fdd59c26d32?s=96&d=mm&r=g29e9ee46b2a6e462bc368b837bbe11a2","url":"https:\/\/secure.gravatar.com\/avatar\/dd0b28c9e7d26e5bfff599fec169594bdefe752cf974596325d36fdd59c26d32?s=96&d=mm&r=g","contentUrl":"https:\/\/secure.gravatar.com\/avatar\/dd0b28c9e7d26e5bfff599fec169594bdefe752cf974596325d36fdd59c26d32?s=96&d=mm&r=g","caption":"Katie Beas"},"description":"Katie Beas is a professional dedicated to the written word, with more than a decade of experience as a Spanish-language translator, copy editor and educator. Originally from Jalisco, Mexico, she has focused her career on building communication bridges in both the journalistic and academic fields. Since 2012, Katie has been part of El Tecolote, where her work as translator and copy editor has ensured the quality and accuracy of the Spanish-language content, both in print and on the newsroom's digital platforms. Her passion for education is reflected in her long career as a professor of Hispanic Literature at the University of Guadalajara, Mexico, a role she began in 2007 and has also taught online since 2011. In addition, throughout her career in San Francisco, California, Katie has actively collaborated with various nonprofit organizations to support the immigrant community. Her contributions have been key in editing and producing content, as well as in disseminating vital information for monolingual Spanish-speaking Latinos, helping facilitate access to essential resources and empowering the communities she serves. As of August, Katie Beas has taken on the role of Managing Editor of El Tecolote. Her mission is to strengthen the newspaper\u2019s connection with San Francisco\u2019s migrant and Latino communities through bilingual service journalism. To that end, she will expand access to Spanish-language content and reinforce the newspaper\u2019s presence in the Spanish-speaking community, supporting key initiatives such as the WhatsApp news service, the print and digital events calendar, resource guides and other editorial content designed specifically for Spanish-speaking audiences.","url":"https:\/\/eltecolote.org\/content\/author\/katie-beas\/"}]}},"distributor_meta":false,"distributor_terms":false,"distributor_media":false,"distributor_original_site_name":"El Tecolote","distributor_original_site_url":"https:\/\/eltecolote.org\/content","push-errors":false,"_links":{"self":[{"href":"https:\/\/eltecolote.org\/content\/wp-json\/wp\/v2\/posts\/67056","targetHints":{"allow":["GET"]}}],"collection":[{"href":"https:\/\/eltecolote.org\/content\/wp-json\/wp\/v2\/posts"}],"about":[{"href":"https:\/\/eltecolote.org\/content\/wp-json\/wp\/v2\/types\/post"}],"author":[{"embeddable":true,"href":"https:\/\/eltecolote.org\/content\/wp-json\/wp\/v2\/users\/88941"}],"replies":[{"embeddable":true,"href":"https:\/\/eltecolote.org\/content\/wp-json\/wp\/v2\/comments?post=67056"}],"version-history":[{"count":5,"href":"https:\/\/eltecolote.org\/content\/wp-json\/wp\/v2\/posts\/67056\/revisions"}],"predecessor-version":[{"id":67077,"href":"https:\/\/eltecolote.org\/content\/wp-json\/wp\/v2\/posts\/67056\/revisions\/67077"}],"wp:featuredmedia":[{"embeddable":true,"href":"https:\/\/eltecolote.org\/content\/wp-json\/wp\/v2\/media\/67027"}],"wp:attachment":[{"href":"https:\/\/eltecolote.org\/content\/wp-json\/wp\/v2\/media?parent=67056"}],"wp:term":[{"taxonomy":"category","embeddable":true,"href":"https:\/\/eltecolote.org\/content\/wp-json\/wp\/v2\/categories?post=67056"},{"taxonomy":"post_tag","embeddable":true,"href":"https:\/\/eltecolote.org\/content\/wp-json\/wp\/v2\/tags?post=67056"},{"taxonomy":"author","embeddable":true,"href":"https:\/\/eltecolote.org\/content\/wp-json\/wp\/v2\/coauthors?post=67056"}],"curies":[{"name":"wp","href":"https:\/\/api.w.org\/{rel}","templated":true}]}}