{"id":64190,"date":"2025-02-05T17:04:13","date_gmt":"2025-02-06T01:04:13","guid":{"rendered":"https:\/\/eltecolote.org\/content\/?p=64190"},"modified":"2025-02-05T17:04:43","modified_gmt":"2025-02-06T01:04:43","slug":"querida-consejera-mental-health-column-2","status":"publish","type":"post","link":"https:\/\/eltecolote.org\/content\/es\/querida-consejera-mental-health-column-2\/","title":{"rendered":"Querida Consejera: consejos y sanaci\u00f3n para la comunidad latinx de San Francisco"},"content":{"rendered":"\n<p>Querida Comunidad,<\/p>\n\n\n\n<p>La vida no siempre es sencilla, pero entender c\u00f3mo sanar, crecer y construir relaciones saludables puede marcar la diferencia. Para la comunidad latina, estas herramientas son especialmente poderosas. Nuestra comunidad a menudo enfrenta desaf\u00edos \u00fanicos, desde la discriminaci\u00f3n y el trauma intergeneracional, hasta las dificultades de adaptarse a nuevos entornos. Estas experiencias pueden afectar nuestra salud mental, pero no tienen porqu\u00e9 ser impedimento para llevar una vida feliz y plena.<\/p>\n\n\n\n<p class=\"has-text-align-center\"><em><a href=\"https:\/\/eltecolote.org\/content\/en\/querida-consejera-mental-health-column\/\">Read this story in English.<\/a><\/em><\/p>\n\n\n\n<p>En respuesta a la nueva administraci\u00f3n presidencial, <em>El Tecolote<\/em> lanza esta columna de salud mental adaptada a la comunidad latina de San Francisco. Este espacio es para ti: un lugar para explorar lo que significa prosperar como individuos y como comunidad. Hablaremos sobre la curaci\u00f3n, el cuidado personal y la aceptaci\u00f3n de la fuerza arraigada en nuestras pr\u00e1cticas culturales y herencia.<\/p>\n\n\n\n<p>Esto es lo que puede esperar de esta columna:<\/p>\n\n\n\n<ul class=\"wp-block-list\">\n<li><strong>Consejos: <\/strong>Estoy aqu\u00ed para ayudar a responder preguntas como: \u201cMi madre permite el machismo de mi hermano, \u00bfqu\u00e9 debo hacer?\u201d, \u201cMi hija me pide que use nuevos pronombres, \u00bfqu\u00e9 significa eso?\u201d o \u201c\u00bfC\u00f3mo puede la comunidad inmigrante latina lidiar con la administraci\u00f3n entrante?\u201d.<\/li>\n\n\n\n<li><strong>Rituales y manualidades:<\/strong> Como terapeuta que cree en el uso de las herramientas que usaban nuestros ancestros para sanar, s\u00e9 lo importantes que son nuestros rituales en el proceso de sanaci\u00f3n. Te guiar\u00e9 a trav\u00e9s de hermosas tradiciones antiguas, como el uso de hierbas curativas, el significado de las limpias y otras actividades que nos ayudan a mantenernos arraigados en nuestra cultura.<\/li>\n\n\n\n<li><strong>Informaci\u00f3n destacada: <\/strong>Te presentar\u00e9 lugares de reuni\u00f3n y sanaci\u00f3n en nuestra comunidad, as\u00ed como sesiones de terapia grupal para inmigrantes trans, espacios de sanaci\u00f3n para madres o ceremonias como la Reuni\u00f3n del amanecer de Alcatraz.<\/li>\n<\/ul>\n\n\n\n<p>Perm\u00edtanme presentarme: soy Michelle Guti\u00e9rrez, terapeuta biling\u00fce y bicultural de ascendencia colombiana y orgullosa miembro de la familia <em>El Tecolote <\/em>como ex editora de fotograf\u00eda. Ahora, como terapeuta matrimonial y familiar, ayudo a las personas a superar desaf\u00edos como la ansiedad, la depresi\u00f3n, el duelo, el trauma y las transiciones de la vida. Mi enfoque es compasivo y colaborativo: creo en la importancia de conocer a las personas donde est\u00e1n y caminar con ellas a su propio ritmo hacia la curaci\u00f3n y el crecimiento.<\/p>\n\n\n\n<p>En esta columna, compartir\u00e9 herramientas pr\u00e1cticas, conocimiento cultural y responder\u00e9 a tus preguntas. Piensa en esto como una \u2018Querida Abby\u2019. Cualquiera sea tu preocupaci\u00f3n, estoy aqu\u00ed para ayudar. Puedes escribirme de forma an\u00f3nima a consejos@eltecolote.org.<\/p>\n\n\n\n<p>Juntos, naveguemos los desaf\u00edos de la vida. Celebremos nuestra resiliencia, abracemos nuestras tradiciones y creemos un espacio donde la sanaci\u00f3n y el crecimiento sean posibles.<\/p>\n\n\n\n<p>Con cari\u00f1o y esperanza,<\/p>\n\n\n\n<p>Su Querida Consejera<\/p>\n","protected":false},"excerpt":{"rendered":"<p>El Tecolote lanza esta columna de salud mental dirigida a la comunidad latina de San Francisco.<\/p>\n","protected":false},"author":88922,"featured_media":64193,"comment_status":"closed","ping_status":"closed","sticky":false,"template":"","format":"standard","meta":{"newspack_popups_has_disabled_popups":false,"newspack_featured_image_position":"small","newspack_post_subtitle":"","newspack_article_summary_title":"Overview:","newspack_article_summary":"","newspack_hide_updated_date":false,"newspack_show_updated_date":false,"footnotes":""},"categories":[3531],"tags":[],"coauthors":[25366],"class_list":["post-64190","post","type-post","status-publish","format-standard","has-post-thumbnail","hentry","category-voces","entry"],"yoast_head":"<!-- This site is optimized with the Yoast SEO plugin v27.4 - https:\/\/yoast.com\/product\/yoast-seo-wordpress\/ -->\n<title>Presentamos Querida Consejera: una columna de consejer\u00eda<\/title>\n<meta name=\"description\" content=\"El Tecolote lanza esta columna de salud mental dirigida a la comunidad latina de San Francisco.\" \/>\n<meta name=\"robots\" content=\"index, follow, max-snippet:-1, max-image-preview:large, max-video-preview:-1\" \/>\n<link rel=\"canonical\" href=\"https:\/\/eltecolote.org\/content\/es\/querida-consejera-mental-health-column-2\/\" \/>\n<meta property=\"og:locale\" content=\"en_US\" \/>\n<meta property=\"og:type\" content=\"article\" \/>\n<meta property=\"og:title\" content=\"Presentamos Querida Consejera: una columna de consejer\u00eda\" \/>\n<meta property=\"og:description\" content=\"El Tecolote lanza esta columna de salud mental dirigida a la comunidad latina de San Francisco.\" \/>\n<meta property=\"og:url\" content=\"https:\/\/eltecolote.org\/content\/es\/querida-consejera-mental-health-column-2\/\" \/>\n<meta property=\"og:site_name\" content=\"El Tecolote\" \/>\n<meta property=\"article:publisher\" content=\"https:\/\/www.facebook.com\/ElTecoloteSF\/\" \/>\n<meta property=\"article:published_time\" content=\"2025-02-06T01:04:13+00:00\" \/>\n<meta property=\"article:modified_time\" content=\"2025-02-06T01:04:43+00:00\" \/>\n<meta property=\"og:image\" content=\"https:\/\/eltecolote.org\/content\/wp-content\/uploads\/2025\/02\/Querida_Consejera-1.png\" \/>\n\t<meta property=\"og:image:width\" content=\"3783\" \/>\n\t<meta property=\"og:image:height\" content=\"2517\" \/>\n\t<meta property=\"og:image:type\" content=\"image\/png\" \/>\n<meta name=\"author\" content=\"Michelle Gutierrez\" \/>\n<meta name=\"twitter:card\" content=\"summary_large_image\" \/>\n<meta name=\"twitter:creator\" content=\"@eltecolotesf\" \/>\n<meta name=\"twitter:site\" content=\"@eltecolotesf\" \/>\n<meta name=\"twitter:label1\" content=\"Written by\" \/>\n\t<meta name=\"twitter:data1\" content=\"Michelle Gutierrez\" \/>\n\t<meta name=\"twitter:label2\" content=\"Est. reading time\" \/>\n\t<meta name=\"twitter:data2\" content=\"2 minutes\" \/>\n<script type=\"application\/ld+json\" class=\"yoast-schema-graph\">{\"@context\":\"https:\\\/\\\/schema.org\",\"@graph\":[{\"@type\":\"NewsArticle\",\"@id\":\"https:\\\/\\\/eltecolote.org\\\/content\\\/es\\\/querida-consejera-mental-health-column-2\\\/#article\",\"isPartOf\":{\"@id\":\"https:\\\/\\\/eltecolote.org\\\/content\\\/es\\\/querida-consejera-mental-health-column-2\\\/\"},\"author\":{\"name\":\"Erika Carlos\",\"@id\":\"https:\\\/\\\/eltecolote.org\\\/content\\\/#\\\/schema\\\/person\\\/98e31c3dda2abc936b778a5b89858b5b\"},\"headline\":\"Querida Consejera: consejos y sanaci\u00f3n para la comunidad latinx de San Francisco\",\"datePublished\":\"2025-02-06T01:04:13+00:00\",\"dateModified\":\"2025-02-06T01:04:43+00:00\",\"mainEntityOfPage\":{\"@id\":\"https:\\\/\\\/eltecolote.org\\\/content\\\/es\\\/querida-consejera-mental-health-column-2\\\/\"},\"wordCount\":483,\"publisher\":{\"@id\":\"https:\\\/\\\/eltecolote.org\\\/content\\\/#organization\"},\"image\":{\"@id\":\"https:\\\/\\\/eltecolote.org\\\/content\\\/es\\\/querida-consejera-mental-health-column-2\\\/#primaryimage\"},\"thumbnailUrl\":\"https:\\\/\\\/i0.wp.com\\\/eltecolote.org\\\/content\\\/wp-content\\\/uploads\\\/2025\\\/02\\\/Querida_Consejera-1.png?fit=3783%2C2517&quality=80&ssl=1\",\"articleSection\":[\"Voces\"],\"inLanguage\":\"en\"},{\"@type\":\"WebPage\",\"@id\":\"https:\\\/\\\/eltecolote.org\\\/content\\\/es\\\/querida-consejera-mental-health-column-2\\\/\",\"url\":\"https:\\\/\\\/eltecolote.org\\\/content\\\/es\\\/querida-consejera-mental-health-column-2\\\/\",\"name\":\"Presentamos Querida Consejera: una columna de consejer\u00eda\",\"isPartOf\":{\"@id\":\"https:\\\/\\\/eltecolote.org\\\/content\\\/#website\"},\"primaryImageOfPage\":{\"@id\":\"https:\\\/\\\/eltecolote.org\\\/content\\\/es\\\/querida-consejera-mental-health-column-2\\\/#primaryimage\"},\"image\":{\"@id\":\"https:\\\/\\\/eltecolote.org\\\/content\\\/es\\\/querida-consejera-mental-health-column-2\\\/#primaryimage\"},\"thumbnailUrl\":\"https:\\\/\\\/i0.wp.com\\\/eltecolote.org\\\/content\\\/wp-content\\\/uploads\\\/2025\\\/02\\\/Querida_Consejera-1.png?fit=3783%2C2517&quality=80&ssl=1\",\"datePublished\":\"2025-02-06T01:04:13+00:00\",\"dateModified\":\"2025-02-06T01:04:43+00:00\",\"description\":\"El Tecolote lanza esta columna de salud mental dirigida a la comunidad latina de San Francisco.\",\"inLanguage\":\"en\",\"potentialAction\":[{\"@type\":\"ReadAction\",\"target\":[\"https:\\\/\\\/eltecolote.org\\\/content\\\/es\\\/querida-consejera-mental-health-column-2\\\/\"]}]},{\"@type\":\"ImageObject\",\"inLanguage\":\"en\",\"@id\":\"https:\\\/\\\/eltecolote.org\\\/content\\\/es\\\/querida-consejera-mental-health-column-2\\\/#primaryimage\",\"url\":\"https:\\\/\\\/i0.wp.com\\\/eltecolote.org\\\/content\\\/wp-content\\\/uploads\\\/2025\\\/02\\\/Querida_Consejera-1.png?fit=3783%2C2517&quality=80&ssl=1\",\"contentUrl\":\"https:\\\/\\\/i0.wp.com\\\/eltecolote.org\\\/content\\\/wp-content\\\/uploads\\\/2025\\\/02\\\/Querida_Consejera-1.png?fit=3783%2C2517&quality=80&ssl=1\",\"width\":3783,\"height\":2517,\"caption\":\"Querida Consejera es una columna de bienestar dise\u00f1ada para las comunidades latinas de San Francisco.\"},{\"@type\":\"WebSite\",\"@id\":\"https:\\\/\\\/eltecolote.org\\\/content\\\/#website\",\"url\":\"https:\\\/\\\/eltecolote.org\\\/content\\\/\",\"name\":\"El Tecolote\",\"description\":\"San Francisco's Latinx newspaper since 1970\",\"publisher\":{\"@id\":\"https:\\\/\\\/eltecolote.org\\\/content\\\/#organization\"},\"potentialAction\":[{\"@type\":\"SearchAction\",\"target\":{\"@type\":\"EntryPoint\",\"urlTemplate\":\"https:\\\/\\\/eltecolote.org\\\/content\\\/?s={search_term_string}\"},\"query-input\":{\"@type\":\"PropertyValueSpecification\",\"valueRequired\":true,\"valueName\":\"search_term_string\"}}],\"inLanguage\":\"en\"},{\"@type\":\"Organization\",\"@id\":\"https:\\\/\\\/eltecolote.org\\\/content\\\/#organization\",\"name\":\"El Tecolote\",\"url\":\"https:\\\/\\\/eltecolote.org\\\/content\\\/\",\"logo\":{\"@type\":\"ImageObject\",\"inLanguage\":\"en\",\"@id\":\"https:\\\/\\\/eltecolote.org\\\/content\\\/#\\\/schema\\\/logo\\\/image\\\/\",\"url\":\"https:\\\/\\\/i0.wp.com\\\/eltecolote.org\\\/content\\\/wp-content\\\/uploads\\\/2021\\\/05\\\/ETlogo-1.jpg?fit=400%2C400&ssl=1\",\"contentUrl\":\"https:\\\/\\\/i0.wp.com\\\/eltecolote.org\\\/content\\\/wp-content\\\/uploads\\\/2021\\\/05\\\/ETlogo-1.jpg?fit=400%2C400&ssl=1\",\"width\":400,\"height\":400,\"caption\":\"El Tecolote\"},\"image\":{\"@id\":\"https:\\\/\\\/eltecolote.org\\\/content\\\/#\\\/schema\\\/logo\\\/image\\\/\"},\"sameAs\":[\"https:\\\/\\\/www.facebook.com\\\/ElTecoloteSF\\\/\",\"https:\\\/\\\/x.com\\\/eltecolotesf\",\"https:\\\/\\\/www.instagram.com\\\/eltecolotesf\\\/\"]},{\"@type\":\"Person\",\"@id\":\"https:\\\/\\\/eltecolote.org\\\/content\\\/#\\\/schema\\\/person\\\/98e31c3dda2abc936b778a5b89858b5b\",\"name\":\"Erika Carlos\",\"image\":{\"@type\":\"ImageObject\",\"inLanguage\":\"en\",\"@id\":\"https:\\\/\\\/secure.gravatar.com\\\/avatar\\\/c475d3004521f4d0d5a6fdb0c06627dda6651ec3c3dfd7219ab52ae67cce05b1?s=96&d=mm&r=gc4d9fd78108a8a2ca4bcc88ab0d76304\",\"url\":\"https:\\\/\\\/secure.gravatar.com\\\/avatar\\\/c475d3004521f4d0d5a6fdb0c06627dda6651ec3c3dfd7219ab52ae67cce05b1?s=96&d=mm&r=g\",\"contentUrl\":\"https:\\\/\\\/secure.gravatar.com\\\/avatar\\\/c475d3004521f4d0d5a6fdb0c06627dda6651ec3c3dfd7219ab52ae67cce05b1?s=96&d=mm&r=g\",\"caption\":\"Erika Carlos\"},\"url\":\"https:\\\/\\\/eltecolote.org\\\/content\\\/author\\\/erikacarlos\\\/\"}]}<\/script>\n<!-- \/ Yoast SEO plugin. -->","yoast_head_json":{"title":"Presentamos Querida Consejera: una columna de consejer\u00eda","description":"El Tecolote lanza esta columna de salud mental dirigida a la comunidad latina de San Francisco.","robots":{"index":"index","follow":"follow","max-snippet":"max-snippet:-1","max-image-preview":"max-image-preview:large","max-video-preview":"max-video-preview:-1"},"canonical":"https:\/\/eltecolote.org\/content\/es\/querida-consejera-mental-health-column-2\/","og_locale":"en_US","og_type":"article","og_title":"Presentamos Querida Consejera: una columna de consejer\u00eda","og_description":"El Tecolote lanza esta columna de salud mental dirigida a la comunidad latina de San Francisco.","og_url":"https:\/\/eltecolote.org\/content\/es\/querida-consejera-mental-health-column-2\/","og_site_name":"El Tecolote","article_publisher":"https:\/\/www.facebook.com\/ElTecoloteSF\/","article_published_time":"2025-02-06T01:04:13+00:00","article_modified_time":"2025-02-06T01:04:43+00:00","og_image":[{"width":3783,"height":2517,"url":"https:\/\/eltecolote.org\/content\/wp-content\/uploads\/2025\/02\/Querida_Consejera-1.png","type":"image\/png"}],"author":"Michelle Gutierrez","twitter_card":"summary_large_image","twitter_creator":"@eltecolotesf","twitter_site":"@eltecolotesf","twitter_misc":{"Written by":"Michelle Gutierrez","Est. reading time":"2 minutes"},"schema":{"@context":"https:\/\/schema.org","@graph":[{"@type":"NewsArticle","@id":"https:\/\/eltecolote.org\/content\/es\/querida-consejera-mental-health-column-2\/#article","isPartOf":{"@id":"https:\/\/eltecolote.org\/content\/es\/querida-consejera-mental-health-column-2\/"},"author":{"name":"Erika Carlos","@id":"https:\/\/eltecolote.org\/content\/#\/schema\/person\/98e31c3dda2abc936b778a5b89858b5b"},"headline":"Querida Consejera: consejos y sanaci\u00f3n para la comunidad latinx de San Francisco","datePublished":"2025-02-06T01:04:13+00:00","dateModified":"2025-02-06T01:04:43+00:00","mainEntityOfPage":{"@id":"https:\/\/eltecolote.org\/content\/es\/querida-consejera-mental-health-column-2\/"},"wordCount":483,"publisher":{"@id":"https:\/\/eltecolote.org\/content\/#organization"},"image":{"@id":"https:\/\/eltecolote.org\/content\/es\/querida-consejera-mental-health-column-2\/#primaryimage"},"thumbnailUrl":"https:\/\/i0.wp.com\/eltecolote.org\/content\/wp-content\/uploads\/2025\/02\/Querida_Consejera-1.png?fit=3783%2C2517&quality=80&ssl=1","articleSection":["Voces"],"inLanguage":"en"},{"@type":"WebPage","@id":"https:\/\/eltecolote.org\/content\/es\/querida-consejera-mental-health-column-2\/","url":"https:\/\/eltecolote.org\/content\/es\/querida-consejera-mental-health-column-2\/","name":"Presentamos Querida Consejera: una columna de consejer\u00eda","isPartOf":{"@id":"https:\/\/eltecolote.org\/content\/#website"},"primaryImageOfPage":{"@id":"https:\/\/eltecolote.org\/content\/es\/querida-consejera-mental-health-column-2\/#primaryimage"},"image":{"@id":"https:\/\/eltecolote.org\/content\/es\/querida-consejera-mental-health-column-2\/#primaryimage"},"thumbnailUrl":"https:\/\/i0.wp.com\/eltecolote.org\/content\/wp-content\/uploads\/2025\/02\/Querida_Consejera-1.png?fit=3783%2C2517&quality=80&ssl=1","datePublished":"2025-02-06T01:04:13+00:00","dateModified":"2025-02-06T01:04:43+00:00","description":"El Tecolote lanza esta columna de salud mental dirigida a la comunidad latina de San Francisco.","inLanguage":"en","potentialAction":[{"@type":"ReadAction","target":["https:\/\/eltecolote.org\/content\/es\/querida-consejera-mental-health-column-2\/"]}]},{"@type":"ImageObject","inLanguage":"en","@id":"https:\/\/eltecolote.org\/content\/es\/querida-consejera-mental-health-column-2\/#primaryimage","url":"https:\/\/i0.wp.com\/eltecolote.org\/content\/wp-content\/uploads\/2025\/02\/Querida_Consejera-1.png?fit=3783%2C2517&quality=80&ssl=1","contentUrl":"https:\/\/i0.wp.com\/eltecolote.org\/content\/wp-content\/uploads\/2025\/02\/Querida_Consejera-1.png?fit=3783%2C2517&quality=80&ssl=1","width":3783,"height":2517,"caption":"Querida Consejera es una columna de bienestar dise\u00f1ada para las comunidades latinas de San Francisco."},{"@type":"WebSite","@id":"https:\/\/eltecolote.org\/content\/#website","url":"https:\/\/eltecolote.org\/content\/","name":"El Tecolote","description":"San Francisco's Latinx newspaper since 1970","publisher":{"@id":"https:\/\/eltecolote.org\/content\/#organization"},"potentialAction":[{"@type":"SearchAction","target":{"@type":"EntryPoint","urlTemplate":"https:\/\/eltecolote.org\/content\/?s={search_term_string}"},"query-input":{"@type":"PropertyValueSpecification","valueRequired":true,"valueName":"search_term_string"}}],"inLanguage":"en"},{"@type":"Organization","@id":"https:\/\/eltecolote.org\/content\/#organization","name":"El Tecolote","url":"https:\/\/eltecolote.org\/content\/","logo":{"@type":"ImageObject","inLanguage":"en","@id":"https:\/\/eltecolote.org\/content\/#\/schema\/logo\/image\/","url":"https:\/\/i0.wp.com\/eltecolote.org\/content\/wp-content\/uploads\/2021\/05\/ETlogo-1.jpg?fit=400%2C400&ssl=1","contentUrl":"https:\/\/i0.wp.com\/eltecolote.org\/content\/wp-content\/uploads\/2021\/05\/ETlogo-1.jpg?fit=400%2C400&ssl=1","width":400,"height":400,"caption":"El Tecolote"},"image":{"@id":"https:\/\/eltecolote.org\/content\/#\/schema\/logo\/image\/"},"sameAs":["https:\/\/www.facebook.com\/ElTecoloteSF\/","https:\/\/x.com\/eltecolotesf","https:\/\/www.instagram.com\/eltecolotesf\/"]},{"@type":"Person","@id":"https:\/\/eltecolote.org\/content\/#\/schema\/person\/98e31c3dda2abc936b778a5b89858b5b","name":"Erika Carlos","image":{"@type":"ImageObject","inLanguage":"en","@id":"https:\/\/secure.gravatar.com\/avatar\/c475d3004521f4d0d5a6fdb0c06627dda6651ec3c3dfd7219ab52ae67cce05b1?s=96&d=mm&r=gc4d9fd78108a8a2ca4bcc88ab0d76304","url":"https:\/\/secure.gravatar.com\/avatar\/c475d3004521f4d0d5a6fdb0c06627dda6651ec3c3dfd7219ab52ae67cce05b1?s=96&d=mm&r=g","contentUrl":"https:\/\/secure.gravatar.com\/avatar\/c475d3004521f4d0d5a6fdb0c06627dda6651ec3c3dfd7219ab52ae67cce05b1?s=96&d=mm&r=g","caption":"Erika Carlos"},"url":"https:\/\/eltecolote.org\/content\/author\/erikacarlos\/"}]}},"distributor_meta":false,"distributor_terms":false,"distributor_media":false,"distributor_original_site_name":"El Tecolote","distributor_original_site_url":"https:\/\/eltecolote.org\/content","push-errors":false,"_links":{"self":[{"href":"https:\/\/eltecolote.org\/content\/wp-json\/wp\/v2\/posts\/64190","targetHints":{"allow":["GET"]}}],"collection":[{"href":"https:\/\/eltecolote.org\/content\/wp-json\/wp\/v2\/posts"}],"about":[{"href":"https:\/\/eltecolote.org\/content\/wp-json\/wp\/v2\/types\/post"}],"author":[{"embeddable":true,"href":"https:\/\/eltecolote.org\/content\/wp-json\/wp\/v2\/users\/88922"}],"replies":[{"embeddable":true,"href":"https:\/\/eltecolote.org\/content\/wp-json\/wp\/v2\/comments?post=64190"}],"version-history":[{"count":2,"href":"https:\/\/eltecolote.org\/content\/wp-json\/wp\/v2\/posts\/64190\/revisions"}],"predecessor-version":[{"id":64196,"href":"https:\/\/eltecolote.org\/content\/wp-json\/wp\/v2\/posts\/64190\/revisions\/64196"}],"wp:featuredmedia":[{"embeddable":true,"href":"https:\/\/eltecolote.org\/content\/wp-json\/wp\/v2\/media\/64193"}],"wp:attachment":[{"href":"https:\/\/eltecolote.org\/content\/wp-json\/wp\/v2\/media?parent=64190"}],"wp:term":[{"taxonomy":"category","embeddable":true,"href":"https:\/\/eltecolote.org\/content\/wp-json\/wp\/v2\/categories?post=64190"},{"taxonomy":"post_tag","embeddable":true,"href":"https:\/\/eltecolote.org\/content\/wp-json\/wp\/v2\/tags?post=64190"},{"taxonomy":"author","embeddable":true,"href":"https:\/\/eltecolote.org\/content\/wp-json\/wp\/v2\/coauthors?post=64190"}],"curies":[{"name":"wp","href":"https:\/\/api.w.org\/{rel}","templated":true}]}}