{"id":6115,"date":"2010-11-04T12:56:03","date_gmt":"2010-11-04T19:56:03","guid":{"rendered":"http:\/\/eltecolote.org\/content\/?p=6115"},"modified":"2010-11-15T18:05:54","modified_gmt":"2010-11-16T01:05:54","slug":"film-captures-myth-of-venezuelan-guerilla-%e2%80%98carlos-the-jackal%e2%80%99","status":"publish","type":"post","link":"https:\/\/eltecolote.org\/content\/en\/film-captures-myth-of-venezuelan-guerilla-%e2%80%98carlos-the-jackal%e2%80%99\/","title":{"rendered":"Film Captures Myth of Venezuelan Guerilla \u2018Carlos the Jackal\u2019"},"content":{"rendered":"<figure id=\"attachment_6118\" aria-describedby=\"caption-attachment-6118\" style=\"width: 360px\" class=\"wp-caption alignleft\"><a rel=\"attachment wp-att-6118\" href=\"https:\/\/eltecolote.org\/content\/2010\/11\/film-captures-myth-of-venezuelan-guerilla-%e2%80%98carlos-the-jackal%e2%80%99\/carlos\/\"><img data-recalc-dims=\"1\" loading=\"lazy\" decoding=\"async\" class=\"size-medium wp-image-6118\" title=\"Courtesy San Francisco Film Society\" src=\"https:\/\/i0.wp.com\/eltecolote.org\/content\/wp-content\/uploads\/2010\/10\/Carlos_03.jpg?resize=360%2C239&#038;quality=89&#038;ssl=1\" alt=\"\" width=\"360\" height=\"239\" srcset=\"https:\/\/i0.wp.com\/eltecolote.org\/content\/wp-content\/uploads\/2010\/10\/Carlos_03.jpg?resize=360%2C239&amp;quality=89&amp;ssl=1 360w, https:\/\/i0.wp.com\/eltecolote.org\/content\/wp-content\/uploads\/2010\/10\/Carlos_03.jpg?resize=600%2C399&amp;quality=89&amp;ssl=1 600w, https:\/\/i0.wp.com\/eltecolote.org\/content\/wp-content\/uploads\/2010\/10\/Carlos_03.jpg?w=1804&amp;quality=89&amp;ssl=1 1804w\" sizes=\"auto, (max-width: 360px) 100vw, 360px\" \/><\/a><figcaption id=\"caption-attachment-6118\" class=\"wp-caption-text\"> The film Carlos explores the life of Venezuelan Illich Ramirez Sanchez, who trained with the Popular Front for the Liberation of Palestine and was known as \u201cCarlos the Jackal.\u201d Photo courtesy SF Film Society<\/figcaption><\/figure>\n<p>The film &#8220;Carlos,&#8221; by French director Olivier Assayas (Boarding Gate, Irma Vep, Demonlover), will keep viewers on the edge of their seats. Written for the small screen of French television, this breakneck geopolitical thriller about the life of Venezuelan-born Ilich Ram\u00edrez S\u00e1nchez (aka \u201cCarlos the Jackal\u201d) is a cinematic masterpiece.<\/p>\n<p>Born in 1949 to a Marxist lawyer, Ram\u00edrez S\u00e1nchez trained in guerrilla warfare with the Popular Front for the Liberation of Palestine (PFLP) hoping to bring these skills to his native Venezuela. Instead, he joined the PFLP and allegedly participated in numerous violent campaigns, including the 1975 kidnapping of several oil ministers at the Organization of Petroleum Exporting Countries\u2019 (OPEC) headquarters in Vienna.<\/p>\n<p>Ram\u00edrez S\u00e1nchez still lives and is serving a life sentence in a French prison. Lauded by some as a revolutionary, he has been called a terrorist, a soldier, a womanizer, a mercenary and, at times, a pathological liar. He chose the nom de guerre \u201cCarlos,\u201d purportedly after former Venezuelan president Carlos Andr\u00e9s P\u00e9rez Rodr\u00edguez. In the film, Ram\u00edrez S\u00e1nchez names Rodr\u00edguez as a hero for nationalizing his country\u2019s oil industry. Ram\u00edrez S\u00e1nchez also claims that, if released from prison, he would join Venezuela\u2019s Bolivarian revolution.<\/p>\n<p>The movie begins in the 70\u2019s, a time steeped in idealism, as radical liberation movements erupt around the globe. Shot in nine countries, the film is a whirlwind journey that leads us through a web of international espionage and political intrigue. As the idealism of various social movements deteriorates throughout the 70\u2019s, Ram\u00edrez S\u00e1nchez\u2019s own principles have to adapt to these changes. In an Art in America interview, Assayas describes how Ram\u00edrez S\u00e1nchez needs to \u201cre-invent himself and be constantly on the move: physically and intellectually. (\u2026) He\u2019s dependent on the little space that he has\u2014a space that is constantly shrinking.\u201d<\/p>\n<p><embed src='http:\/\/www.ifcfilms.com\/mediaplayer\/player-licensed-viral.swf' height='349' width='616' allowscriptaccess='always' allowfullscreen='true' flashvars='autostart=true&#038;image=http%3A%2F%2Fmedia.ifcfilms.com%2Fimages%2Fvideos%2Fvideo-preview-image%2Fifc-films_616x349.gif&#038;file=http%3A%2F%2Fmedia.ifcfilms.com%2Fflv%2Fcarlos_texted-trailer_480x272.flv&#038;plugins=viral-1d'\/><\/p>\n<p>Venezuelan actor Edgar Ram\u00edrez gives a mesmerizing incarnation of the man known as \u201cCarlos\u201d. He becomes a stunning kaleidoscope of the many myths that surround the real Ram\u00edrez S\u00e1nchez. Although the journalistic documentation of this story is meticulously researched, \u201cCarlos\u201d the person is far more difficult to capture. Thus, Assayas admits that much of the film is fiction, especially Ram\u00edrez S\u00e1nchez\u2019s personality and relationships. \u201cI don\u2019t think anyone will ever know who the real Carlos is,\u201d says Edgar Ram\u00edrez to the New York Daily News. \u201cHe\u2019s a walking contradiction; that\u2019s why this character is so interesting.\u201d<\/p>\n<p>Edgar Ram\u00edrez\u2019s romanticized image of Ram\u00edrez S\u00e1nchez has been duplicated before in other venues, such as in Colin Smith\u2019s 1976 book Carlos: Portrait of a Terrorist and Christian Duguay\u2019s 1997 film The Assignment.<\/p>\n<p>Ram\u00edrez S\u00e1nchez decries many of the myths that have been written about him, explaining how he hates the moniker \u201cCarlos the Jackal\u201d in a prison interview with Anthony Haden-Guest for the New York Press, particularly because \u201cEl Chacal de Guiria\u201d was the nickname given to Pedro Estrada, a torturer for Venezuelan\u2019s National Security in the 50\u2019s.<\/p>\n<p>Ram\u00edrez S\u00e1nchez also blasts the politics of the film. In a prison blog, he faults his fellow Venezuelan Edgar Ram\u00edrez for participating in \u201ccounter-revolutionary propaganda.\u201d The actor Edgar Ram\u00edrez says in a New York Daily News interview, \u201cI don\u2019t express myself ideologically through my characters. I think the character in this movie, and the story itself, has enough complexity for everyone to take their own message out of it.\u201d<\/p>\n<p>Perhaps. But Assayas does omit any clear representation of what drives oppressed people such as the Palestinians to drastic guerrilla tactics. And Assayas labels Ram\u00edrez S\u00e1nchez as a terrorist in the film\u2019s opening credits.<\/p>\n<p>As a matter of fact, Ram\u00edrez S\u00e1nchez is suing the producers of Carlos, claiming that the film links him with crimes for which he hasn\u2019t been convicted. The film\u2019s lawyer, Richard Malka, balks at this in the Telegraph of London saying, \u201cHow could we tarnish the image of Carlos, when he himself has claimed to be behind at least 2000 deaths?\u201d<\/p>\n<p>Yet the viewers of Carlos might not care about any of this. They will probably be too intrigued with revisiting this amazing segment of history. So much of this story actually did take place. And to see it on the screen is a jarring reminder that what goes on in the world is often bigger and more horrendous than any fiction. Airplanes have been hijacked, bombs have been tossed into crowds of civilians and weapons continue to be bought and sold on a massive scale.<\/p>\n<p>Much of the film, including \u201cCarlos\u2019\u201d inner psyche, have been invented. But through Edgar Ram\u00edrez\u2019s performance, the movie helps us delve deeply into why anyone would be drawn to a life of such violence and risk.<\/p>\n<p><em>Carlos will play Nov. 5\u2013to 11 at the SFFS screen at the Sundance Kabuki Theatre. An intermission will divide its five-and-a-half hour length. Undoubtedly, the audience will eagerly return for the second half. For more information visit: <a href=\"http:\/\/www.sffs.org\">www.sffs.org<\/a>. <\/p>\n","protected":false},"excerpt":{"rendered":"<p>The film Carlos, by French director Olivier Assayas, will keep viewers on the edge of their seats. Written for the small screen of French television, this breakneck geopolitical thriller about the life of Venezuelan-born Ilich Ram\u00edrez S\u00e1nchez is a cinematic masterpiece.<\/p>\n","protected":false},"author":8,"featured_media":6118,"comment_status":"open","ping_status":"open","sticky":false,"template":"","format":"standard","meta":{"newspack_popups_has_disabled_popups":false,"newspack_featured_image_position":"","newspack_post_subtitle":"","newspack_article_summary_title":"Overview:","newspack_article_summary":"","newspack_hide_updated_date":false,"newspack_show_updated_date":false,"footnotes":""},"categories":[7],"tags":[65,748,746,749,747],"coauthors":[18468,18460],"class_list":["post-6115","post","type-post","status-publish","format-standard","has-post-thumbnail","hentry","category-news","tag-film","tag-ilich-ramirez-sanchez","tag-olivier-assayas","tag-pflp","tag-venzuela","entry"],"yoast_head":"<!-- This site is optimized with the Yoast SEO plugin v27.5 - https:\/\/yoast.com\/product\/yoast-seo-wordpress\/ -->\n<title>Film Captures Myth of Venezuelan Guerilla \u2018Carlos the Jackal\u2019 - El Tecolote<\/title>\n<meta name=\"description\" content=\"The film Carlos, by French director Olivier Assayas, will keep viewers on the edge of their seats. Written for the small screen of French television, this breakneck geopolitical thriller about the life of Venezuelan-born Ilich Ram\u00edrez S\u00e1nchez is a cinematic masterpiece.\" \/>\n<meta name=\"robots\" content=\"index, follow, max-snippet:-1, max-image-preview:large, max-video-preview:-1\" \/>\n<link rel=\"canonical\" href=\"https:\/\/eltecolote.org\/content\/en\/film-captures-myth-of-venezuelan-guerilla-\u2018carlos-the-jackal\u2019\/\" \/>\n<meta property=\"og:locale\" content=\"en_US\" \/>\n<meta property=\"og:type\" content=\"article\" \/>\n<meta property=\"og:title\" content=\"Film Captures Myth of Venezuelan Guerilla \u2018Carlos the Jackal\u2019 - El Tecolote\" \/>\n<meta property=\"og:description\" content=\"The film Carlos, by French director Olivier Assayas, will keep viewers on the edge of their seats. Written for the small screen of French television, this breakneck geopolitical thriller about the life of Venezuelan-born Ilich Ram\u00edrez S\u00e1nchez is a cinematic masterpiece.\" \/>\n<meta property=\"og:url\" content=\"https:\/\/eltecolote.org\/content\/en\/film-captures-myth-of-venezuelan-guerilla-\u2018carlos-the-jackal\u2019\/\" \/>\n<meta property=\"og:site_name\" content=\"El Tecolote\" \/>\n<meta property=\"article:publisher\" content=\"https:\/\/www.facebook.com\/ElTecoloteSF\/\" \/>\n<meta property=\"article:published_time\" content=\"2010-11-04T19:56:03+00:00\" \/>\n<meta property=\"article:modified_time\" content=\"2010-11-16T01:05:54+00:00\" \/>\n<meta property=\"og:image\" content=\"https:\/\/i0.wp.com\/eltecolote.org\/content\/wp-content\/uploads\/2010\/10\/Carlos_03.jpg?fit=1804%2C1200&ssl=1\" \/>\n\t<meta property=\"og:image:width\" content=\"1804\" \/>\n\t<meta property=\"og:image:height\" content=\"1200\" \/>\n\t<meta property=\"og:image:type\" content=\"image\/jpeg\" \/>\n<meta name=\"author\" content=\"inaki, El Tecolote Staff\" \/>\n<meta name=\"twitter:card\" content=\"summary_large_image\" \/>\n<meta name=\"twitter:creator\" content=\"@eltecolotesf\" \/>\n<meta name=\"twitter:site\" content=\"@eltecolotesf\" \/>\n<meta name=\"twitter:label1\" content=\"Written by\" \/>\n\t<meta name=\"twitter:data1\" content=\"inaki, El Tecolote Staff\" \/>\n\t<meta name=\"twitter:label2\" content=\"Est. reading time\" \/>\n\t<meta name=\"twitter:data2\" content=\"5 minutes\" \/>\n<script type=\"application\/ld+json\" class=\"yoast-schema-graph\">{\"@context\":\"https:\\\/\\\/schema.org\",\"@graph\":[{\"@type\":\"NewsArticle\",\"@id\":\"https:\\\/\\\/eltecolote.org\\\/content\\\/en\\\/film-captures-myth-of-venezuelan-guerilla-%e2%80%98carlos-the-jackal%e2%80%99\\\/#article\",\"isPartOf\":{\"@id\":\"https:\\\/\\\/eltecolote.org\\\/content\\\/en\\\/film-captures-myth-of-venezuelan-guerilla-%e2%80%98carlos-the-jackal%e2%80%99\\\/\"},\"author\":{\"name\":\"inaki\",\"@id\":\"https:\\\/\\\/eltecolote.org\\\/content\\\/#\\\/schema\\\/person\\\/3d16dd415f4762c1919d5f48fb96be68\"},\"headline\":\"Film Captures Myth of Venezuelan Guerilla \u2018Carlos the Jackal\u2019\",\"datePublished\":\"2010-11-04T19:56:03+00:00\",\"dateModified\":\"2010-11-16T01:05:54+00:00\",\"mainEntityOfPage\":{\"@id\":\"https:\\\/\\\/eltecolote.org\\\/content\\\/en\\\/film-captures-myth-of-venezuelan-guerilla-%e2%80%98carlos-the-jackal%e2%80%99\\\/\"},\"wordCount\":909,\"commentCount\":0,\"publisher\":{\"@id\":\"https:\\\/\\\/eltecolote.org\\\/content\\\/#organization\"},\"image\":{\"@id\":\"https:\\\/\\\/eltecolote.org\\\/content\\\/en\\\/film-captures-myth-of-venezuelan-guerilla-%e2%80%98carlos-the-jackal%e2%80%99\\\/#primaryimage\"},\"thumbnailUrl\":\"https:\\\/\\\/i0.wp.com\\\/eltecolote.org\\\/content\\\/wp-content\\\/uploads\\\/2010\\\/10\\\/Carlos_03.jpg?fit=1804%2C1200&quality=89&ssl=1\",\"keywords\":[\"film\",\"Ilich Ramirez Sanchez\",\"Olivier Assayas\",\"PFLP\",\"Venzuela\"],\"articleSection\":[\"News\"],\"inLanguage\":\"en\",\"potentialAction\":[{\"@type\":\"CommentAction\",\"name\":\"Comment\",\"target\":[\"https:\\\/\\\/eltecolote.org\\\/content\\\/en\\\/film-captures-myth-of-venezuelan-guerilla-%e2%80%98carlos-the-jackal%e2%80%99\\\/#respond\"]}]},{\"@type\":\"WebPage\",\"@id\":\"https:\\\/\\\/eltecolote.org\\\/content\\\/en\\\/film-captures-myth-of-venezuelan-guerilla-%e2%80%98carlos-the-jackal%e2%80%99\\\/\",\"url\":\"https:\\\/\\\/eltecolote.org\\\/content\\\/en\\\/film-captures-myth-of-venezuelan-guerilla-%e2%80%98carlos-the-jackal%e2%80%99\\\/\",\"name\":\"Film Captures Myth of Venezuelan Guerilla \u2018Carlos the Jackal\u2019 - El Tecolote\",\"isPartOf\":{\"@id\":\"https:\\\/\\\/eltecolote.org\\\/content\\\/#website\"},\"primaryImageOfPage\":{\"@id\":\"https:\\\/\\\/eltecolote.org\\\/content\\\/en\\\/film-captures-myth-of-venezuelan-guerilla-%e2%80%98carlos-the-jackal%e2%80%99\\\/#primaryimage\"},\"image\":{\"@id\":\"https:\\\/\\\/eltecolote.org\\\/content\\\/en\\\/film-captures-myth-of-venezuelan-guerilla-%e2%80%98carlos-the-jackal%e2%80%99\\\/#primaryimage\"},\"thumbnailUrl\":\"https:\\\/\\\/i0.wp.com\\\/eltecolote.org\\\/content\\\/wp-content\\\/uploads\\\/2010\\\/10\\\/Carlos_03.jpg?fit=1804%2C1200&quality=89&ssl=1\",\"datePublished\":\"2010-11-04T19:56:03+00:00\",\"dateModified\":\"2010-11-16T01:05:54+00:00\",\"description\":\"The film Carlos, by French director Olivier Assayas, will keep viewers on the edge of their seats. Written for the small screen of French television, this breakneck geopolitical thriller about the life of Venezuelan-born Ilich Ram\u00edrez S\u00e1nchez is a cinematic masterpiece.\",\"inLanguage\":\"en\",\"potentialAction\":[{\"@type\":\"ReadAction\",\"target\":[\"https:\\\/\\\/eltecolote.org\\\/content\\\/en\\\/film-captures-myth-of-venezuelan-guerilla-%e2%80%98carlos-the-jackal%e2%80%99\\\/\"]}]},{\"@type\":\"ImageObject\",\"inLanguage\":\"en\",\"@id\":\"https:\\\/\\\/eltecolote.org\\\/content\\\/en\\\/film-captures-myth-of-venezuelan-guerilla-%e2%80%98carlos-the-jackal%e2%80%99\\\/#primaryimage\",\"url\":\"https:\\\/\\\/i0.wp.com\\\/eltecolote.org\\\/content\\\/wp-content\\\/uploads\\\/2010\\\/10\\\/Carlos_03.jpg?fit=1804%2C1200&quality=89&ssl=1\",\"contentUrl\":\"https:\\\/\\\/i0.wp.com\\\/eltecolote.org\\\/content\\\/wp-content\\\/uploads\\\/2010\\\/10\\\/Carlos_03.jpg?fit=1804%2C1200&quality=89&ssl=1\",\"width\":1804,\"height\":1200,\"caption\":\"El film Carlos escudri\u00f1a la vida del venezolano Illich Ramirez Sanchez, quien se entren\u00f3 con el Frente Popular de Liberaci\u00f3n Palestina y fue conocido como El Chacal.\"},{\"@type\":\"WebSite\",\"@id\":\"https:\\\/\\\/eltecolote.org\\\/content\\\/#website\",\"url\":\"https:\\\/\\\/eltecolote.org\\\/content\\\/\",\"name\":\"El Tecolote\",\"description\":\"San Francisco's Latinx newspaper since 1970\",\"publisher\":{\"@id\":\"https:\\\/\\\/eltecolote.org\\\/content\\\/#organization\"},\"potentialAction\":[{\"@type\":\"SearchAction\",\"target\":{\"@type\":\"EntryPoint\",\"urlTemplate\":\"https:\\\/\\\/eltecolote.org\\\/content\\\/?s={search_term_string}\"},\"query-input\":{\"@type\":\"PropertyValueSpecification\",\"valueRequired\":true,\"valueName\":\"search_term_string\"}}],\"inLanguage\":\"en\"},{\"@type\":\"Organization\",\"@id\":\"https:\\\/\\\/eltecolote.org\\\/content\\\/#organization\",\"name\":\"El Tecolote\",\"url\":\"https:\\\/\\\/eltecolote.org\\\/content\\\/\",\"logo\":{\"@type\":\"ImageObject\",\"inLanguage\":\"en\",\"@id\":\"https:\\\/\\\/eltecolote.org\\\/content\\\/#\\\/schema\\\/logo\\\/image\\\/\",\"url\":\"https:\\\/\\\/i0.wp.com\\\/eltecolote.org\\\/content\\\/wp-content\\\/uploads\\\/2021\\\/05\\\/ETlogo-1.jpg?fit=400%2C400&ssl=1\",\"contentUrl\":\"https:\\\/\\\/i0.wp.com\\\/eltecolote.org\\\/content\\\/wp-content\\\/uploads\\\/2021\\\/05\\\/ETlogo-1.jpg?fit=400%2C400&ssl=1\",\"width\":400,\"height\":400,\"caption\":\"El Tecolote\"},\"image\":{\"@id\":\"https:\\\/\\\/eltecolote.org\\\/content\\\/#\\\/schema\\\/logo\\\/image\\\/\"},\"sameAs\":[\"https:\\\/\\\/www.facebook.com\\\/ElTecoloteSF\\\/\",\"https:\\\/\\\/x.com\\\/eltecolotesf\",\"https:\\\/\\\/www.instagram.com\\\/eltecolotesf\\\/\"]},{\"@type\":\"Person\",\"@id\":\"https:\\\/\\\/eltecolote.org\\\/content\\\/#\\\/schema\\\/person\\\/3d16dd415f4762c1919d5f48fb96be68\",\"name\":\"inaki\",\"image\":{\"@type\":\"ImageObject\",\"inLanguage\":\"en\",\"@id\":\"https:\\\/\\\/secure.gravatar.com\\\/avatar\\\/ab6ead0932ded5b2446f1718461a6be0d4ec8d3cc15301536fd1add812db4cfd?s=96&d=mm&r=g63853c5492f171feb7b16142e206d3ec\",\"url\":\"https:\\\/\\\/secure.gravatar.com\\\/avatar\\\/ab6ead0932ded5b2446f1718461a6be0d4ec8d3cc15301536fd1add812db4cfd?s=96&d=mm&r=g\",\"contentUrl\":\"https:\\\/\\\/secure.gravatar.com\\\/avatar\\\/ab6ead0932ded5b2446f1718461a6be0d4ec8d3cc15301536fd1add812db4cfd?s=96&d=mm&r=g\",\"caption\":\"inaki\"},\"url\":\"https:\\\/\\\/eltecolote.org\\\/content\\\/author\\\/inaki\\\/\"}]}<\/script>\n<!-- \/ Yoast SEO plugin. -->","yoast_head_json":{"title":"Film Captures Myth of Venezuelan Guerilla \u2018Carlos the Jackal\u2019 - El Tecolote","description":"The film Carlos, by French director Olivier Assayas, will keep viewers on the edge of their seats. Written for the small screen of French television, this breakneck geopolitical thriller about the life of Venezuelan-born Ilich Ram\u00edrez S\u00e1nchez is a cinematic masterpiece.","robots":{"index":"index","follow":"follow","max-snippet":"max-snippet:-1","max-image-preview":"max-image-preview:large","max-video-preview":"max-video-preview:-1"},"canonical":"https:\/\/eltecolote.org\/content\/en\/film-captures-myth-of-venezuelan-guerilla-\u2018carlos-the-jackal\u2019\/","og_locale":"en_US","og_type":"article","og_title":"Film Captures Myth of Venezuelan Guerilla \u2018Carlos the Jackal\u2019 - El Tecolote","og_description":"The film Carlos, by French director Olivier Assayas, will keep viewers on the edge of their seats. Written for the small screen of French television, this breakneck geopolitical thriller about the life of Venezuelan-born Ilich Ram\u00edrez S\u00e1nchez is a cinematic masterpiece.","og_url":"https:\/\/eltecolote.org\/content\/en\/film-captures-myth-of-venezuelan-guerilla-\u2018carlos-the-jackal\u2019\/","og_site_name":"El Tecolote","article_publisher":"https:\/\/www.facebook.com\/ElTecoloteSF\/","article_published_time":"2010-11-04T19:56:03+00:00","article_modified_time":"2010-11-16T01:05:54+00:00","og_image":[{"width":1804,"height":1200,"url":"https:\/\/i0.wp.com\/eltecolote.org\/content\/wp-content\/uploads\/2010\/10\/Carlos_03.jpg?fit=1804%2C1200&ssl=1","type":"image\/jpeg"}],"author":"inaki, El Tecolote Staff","twitter_card":"summary_large_image","twitter_creator":"@eltecolotesf","twitter_site":"@eltecolotesf","twitter_misc":{"Written by":"inaki, El Tecolote Staff","Est. reading time":"5 minutes"},"schema":{"@context":"https:\/\/schema.org","@graph":[{"@type":"NewsArticle","@id":"https:\/\/eltecolote.org\/content\/en\/film-captures-myth-of-venezuelan-guerilla-%e2%80%98carlos-the-jackal%e2%80%99\/#article","isPartOf":{"@id":"https:\/\/eltecolote.org\/content\/en\/film-captures-myth-of-venezuelan-guerilla-%e2%80%98carlos-the-jackal%e2%80%99\/"},"author":{"name":"inaki","@id":"https:\/\/eltecolote.org\/content\/#\/schema\/person\/3d16dd415f4762c1919d5f48fb96be68"},"headline":"Film Captures Myth of Venezuelan Guerilla \u2018Carlos the Jackal\u2019","datePublished":"2010-11-04T19:56:03+00:00","dateModified":"2010-11-16T01:05:54+00:00","mainEntityOfPage":{"@id":"https:\/\/eltecolote.org\/content\/en\/film-captures-myth-of-venezuelan-guerilla-%e2%80%98carlos-the-jackal%e2%80%99\/"},"wordCount":909,"commentCount":0,"publisher":{"@id":"https:\/\/eltecolote.org\/content\/#organization"},"image":{"@id":"https:\/\/eltecolote.org\/content\/en\/film-captures-myth-of-venezuelan-guerilla-%e2%80%98carlos-the-jackal%e2%80%99\/#primaryimage"},"thumbnailUrl":"https:\/\/i0.wp.com\/eltecolote.org\/content\/wp-content\/uploads\/2010\/10\/Carlos_03.jpg?fit=1804%2C1200&quality=89&ssl=1","keywords":["film","Ilich Ramirez Sanchez","Olivier Assayas","PFLP","Venzuela"],"articleSection":["News"],"inLanguage":"en","potentialAction":[{"@type":"CommentAction","name":"Comment","target":["https:\/\/eltecolote.org\/content\/en\/film-captures-myth-of-venezuelan-guerilla-%e2%80%98carlos-the-jackal%e2%80%99\/#respond"]}]},{"@type":"WebPage","@id":"https:\/\/eltecolote.org\/content\/en\/film-captures-myth-of-venezuelan-guerilla-%e2%80%98carlos-the-jackal%e2%80%99\/","url":"https:\/\/eltecolote.org\/content\/en\/film-captures-myth-of-venezuelan-guerilla-%e2%80%98carlos-the-jackal%e2%80%99\/","name":"Film Captures Myth of Venezuelan Guerilla \u2018Carlos the Jackal\u2019 - El Tecolote","isPartOf":{"@id":"https:\/\/eltecolote.org\/content\/#website"},"primaryImageOfPage":{"@id":"https:\/\/eltecolote.org\/content\/en\/film-captures-myth-of-venezuelan-guerilla-%e2%80%98carlos-the-jackal%e2%80%99\/#primaryimage"},"image":{"@id":"https:\/\/eltecolote.org\/content\/en\/film-captures-myth-of-venezuelan-guerilla-%e2%80%98carlos-the-jackal%e2%80%99\/#primaryimage"},"thumbnailUrl":"https:\/\/i0.wp.com\/eltecolote.org\/content\/wp-content\/uploads\/2010\/10\/Carlos_03.jpg?fit=1804%2C1200&quality=89&ssl=1","datePublished":"2010-11-04T19:56:03+00:00","dateModified":"2010-11-16T01:05:54+00:00","description":"The film Carlos, by French director Olivier Assayas, will keep viewers on the edge of their seats. Written for the small screen of French television, this breakneck geopolitical thriller about the life of Venezuelan-born Ilich Ram\u00edrez S\u00e1nchez is a cinematic masterpiece.","inLanguage":"en","potentialAction":[{"@type":"ReadAction","target":["https:\/\/eltecolote.org\/content\/en\/film-captures-myth-of-venezuelan-guerilla-%e2%80%98carlos-the-jackal%e2%80%99\/"]}]},{"@type":"ImageObject","inLanguage":"en","@id":"https:\/\/eltecolote.org\/content\/en\/film-captures-myth-of-venezuelan-guerilla-%e2%80%98carlos-the-jackal%e2%80%99\/#primaryimage","url":"https:\/\/i0.wp.com\/eltecolote.org\/content\/wp-content\/uploads\/2010\/10\/Carlos_03.jpg?fit=1804%2C1200&quality=89&ssl=1","contentUrl":"https:\/\/i0.wp.com\/eltecolote.org\/content\/wp-content\/uploads\/2010\/10\/Carlos_03.jpg?fit=1804%2C1200&quality=89&ssl=1","width":1804,"height":1200,"caption":"El film Carlos escudri\u00f1a la vida del venezolano Illich Ramirez Sanchez, quien se entren\u00f3 con el Frente Popular de Liberaci\u00f3n Palestina y fue conocido como El Chacal."},{"@type":"WebSite","@id":"https:\/\/eltecolote.org\/content\/#website","url":"https:\/\/eltecolote.org\/content\/","name":"El Tecolote","description":"San Francisco's Latinx newspaper since 1970","publisher":{"@id":"https:\/\/eltecolote.org\/content\/#organization"},"potentialAction":[{"@type":"SearchAction","target":{"@type":"EntryPoint","urlTemplate":"https:\/\/eltecolote.org\/content\/?s={search_term_string}"},"query-input":{"@type":"PropertyValueSpecification","valueRequired":true,"valueName":"search_term_string"}}],"inLanguage":"en"},{"@type":"Organization","@id":"https:\/\/eltecolote.org\/content\/#organization","name":"El Tecolote","url":"https:\/\/eltecolote.org\/content\/","logo":{"@type":"ImageObject","inLanguage":"en","@id":"https:\/\/eltecolote.org\/content\/#\/schema\/logo\/image\/","url":"https:\/\/i0.wp.com\/eltecolote.org\/content\/wp-content\/uploads\/2021\/05\/ETlogo-1.jpg?fit=400%2C400&ssl=1","contentUrl":"https:\/\/i0.wp.com\/eltecolote.org\/content\/wp-content\/uploads\/2021\/05\/ETlogo-1.jpg?fit=400%2C400&ssl=1","width":400,"height":400,"caption":"El Tecolote"},"image":{"@id":"https:\/\/eltecolote.org\/content\/#\/schema\/logo\/image\/"},"sameAs":["https:\/\/www.facebook.com\/ElTecoloteSF\/","https:\/\/x.com\/eltecolotesf","https:\/\/www.instagram.com\/eltecolotesf\/"]},{"@type":"Person","@id":"https:\/\/eltecolote.org\/content\/#\/schema\/person\/3d16dd415f4762c1919d5f48fb96be68","name":"inaki","image":{"@type":"ImageObject","inLanguage":"en","@id":"https:\/\/secure.gravatar.com\/avatar\/ab6ead0932ded5b2446f1718461a6be0d4ec8d3cc15301536fd1add812db4cfd?s=96&d=mm&r=g63853c5492f171feb7b16142e206d3ec","url":"https:\/\/secure.gravatar.com\/avatar\/ab6ead0932ded5b2446f1718461a6be0d4ec8d3cc15301536fd1add812db4cfd?s=96&d=mm&r=g","contentUrl":"https:\/\/secure.gravatar.com\/avatar\/ab6ead0932ded5b2446f1718461a6be0d4ec8d3cc15301536fd1add812db4cfd?s=96&d=mm&r=g","caption":"inaki"},"url":"https:\/\/eltecolote.org\/content\/author\/inaki\/"}]}},"distributor_meta":false,"distributor_terms":false,"distributor_media":false,"distributor_original_site_name":"El Tecolote","distributor_original_site_url":"https:\/\/eltecolote.org\/content","push-errors":false,"_links":{"self":[{"href":"https:\/\/eltecolote.org\/content\/wp-json\/wp\/v2\/posts\/6115","targetHints":{"allow":["GET"]}}],"collection":[{"href":"https:\/\/eltecolote.org\/content\/wp-json\/wp\/v2\/posts"}],"about":[{"href":"https:\/\/eltecolote.org\/content\/wp-json\/wp\/v2\/types\/post"}],"author":[{"embeddable":true,"href":"https:\/\/eltecolote.org\/content\/wp-json\/wp\/v2\/users\/8"}],"replies":[{"embeddable":true,"href":"https:\/\/eltecolote.org\/content\/wp-json\/wp\/v2\/comments?post=6115"}],"version-history":[{"count":31,"href":"https:\/\/eltecolote.org\/content\/wp-json\/wp\/v2\/posts\/6115\/revisions"}],"predecessor-version":[{"id":6511,"href":"https:\/\/eltecolote.org\/content\/wp-json\/wp\/v2\/posts\/6115\/revisions\/6511"}],"wp:featuredmedia":[{"embeddable":true,"href":"https:\/\/eltecolote.org\/content\/wp-json\/wp\/v2\/media\/6118"}],"wp:attachment":[{"href":"https:\/\/eltecolote.org\/content\/wp-json\/wp\/v2\/media?parent=6115"}],"wp:term":[{"taxonomy":"category","embeddable":true,"href":"https:\/\/eltecolote.org\/content\/wp-json\/wp\/v2\/categories?post=6115"},{"taxonomy":"post_tag","embeddable":true,"href":"https:\/\/eltecolote.org\/content\/wp-json\/wp\/v2\/tags?post=6115"},{"taxonomy":"author","embeddable":true,"href":"https:\/\/eltecolote.org\/content\/wp-json\/wp\/v2\/coauthors?post=6115"}],"curies":[{"name":"wp","href":"https:\/\/api.w.org\/{rel}","templated":true}]}}