{"id":60722,"date":"2024-05-17T14:07:47","date_gmt":"2024-05-17T21:07:47","guid":{"rendered":"https:\/\/eltecolote.org\/content\/?p=60722"},"modified":"2024-05-17T14:07:49","modified_gmt":"2024-05-17T21:07:49","slug":"protesta-palestina-uc-berkeley","status":"publish","type":"post","link":"https:\/\/eltecolote.org\/content\/es\/protesta-palestina-uc-berkeley\/","title":{"rendered":"Las protestas estudiantiles en la UC Berkeley evocan la \u00e9poca de la Guerra de Vietnam"},"content":{"rendered":"\n<p>Cuando&nbsp; particip\u00e9 en las manifestaciones en contra de la guerra en Vietnam a finales de los a\u00f1os sesenta, tuve que ser precavido. Ten\u00eda una visa de estudiante deportista extranjero y becado por la UC Berkeley, que podr\u00eda perderla si me vieran participando en manifestaciones. Mi entrenador de atletismo ya me hab\u00eda advertido: \u201cTe trajimos a correr. \u00a1No a pensar!\u201d Palabras textuales que no olvidar\u00e9.<\/p>\n\n\n\n<p>El Movimiento por la Libertad de Expresi\u00f3n (Free Speech Movement) surgi\u00f3 justamente en la Universidad de California de Berkeley, en el a\u00f1o 1964. El 2 de diciembre de ese a\u00f1o, el l\u00edder estudiantil Mario Savio dio un memorable discurso en la Sproul Plaza: \u201cLlega un momento cuando la operaci\u00f3n de la maquinaria se hace tan odiosa que nos enferma el coraz\u00f3n; que nos impide seguir participando! Ya no podemos ser parte de aquello, \u00a1ni siquiera de una forma pasiva! Entonces, debemos usar nuestros propios cuerpos e interferir sus ruedas y engranajes\u2026 sus palancas, para frenar todo el aparato!\u201d<\/p>\n\n\n\n<p>En el presente, cuando en muchos campus universitarios norteamericanos se alzan campamentos estudiantiles protestando lo que muchos consideran una actitud separatista y genocida del gobierno de Israel hacia el pueblo palestino, las palabras de Savio vuelven a resonar. Un creciente fervor vuelve a alentar los corazones de la juventud, similar a como sucedi\u00f3 en aquella d\u00e9cada de los sesenta. Claro, no todos participan y no todos est\u00e1n de acuerdo. Tampoco lo est\u00e1bamos en aquellos a\u00f1os. En esa d\u00e9cada, entre los estudiantes hab\u00edan diversas opiniones, o diversos niveles de conciencia y de militancia.&nbsp;<\/p>\n\n\n\n<p>Por ejemplo, recuerdo claramente a muchachos fortachones y con sus cabellos cortados al estilo <em>crew cut<\/em>, miembros del equipo universitario de f\u00fatbol americano que se pusieron del lado de los polic\u00edas, o al lado de los estudiantes miembros del ROTC, Cuerpos de Entrenamiento para Reservistas. Y ah\u00ed nos enfrent\u00e1bamos: los estudiantes que protest\u00e1bamos, contra los que despreciaban nuestros esfuerzos, y estaban dispuestos a golpearnos.<\/p>\n\n\n\n<p>Luego, el momento en el cual la polic\u00eda lanzaba la famosa advertencia a trav\u00e9s del meg\u00e1fono: \u201cEn el nombre del pueblo de California, \u00a1esta manifestaci\u00f3n es declarada ilegal!\u201d Entonces, los que protest\u00e1bamos, respond\u00edamos de la misma forma como sucede ahora a lo largo del pa\u00eds: \u201c\u00a1Somos pueblo! \u00a1Somos el pueblo!\u201d<\/p>\n\n\n\n<p>En una ocasi\u00f3n, estando en primera fila en una protesta en 1967, me encontr\u00e9 frente a frente con un miembro del ROTC, todo uniformado y armado, tambi\u00e9n un corredor en mi equipo de atletismo. Devon W. (no olvido su apellido, pero prefiero no escribirlo), un joven callado y poco sociable. Nunca hab\u00edamos conversado, pero me conoc\u00eda perfectamente y me reconoci\u00f3. A pesar del pa\u00f1uelo que proteg\u00eda mi identidad y que tambi\u00e9n, ojal\u00e1, me proteger\u00eda de los gases lacrim\u00f3genos.&nbsp;<\/p>\n\n\n\n<p>Por unos instantes, cruzamos miradas, inexpresivos. Finalmente, \u00e9l mir\u00f3 hacia otro lado. Nunca hablamos de ese encuentro y no me denunci\u00f3. Tampoco le pregunt\u00e9 c\u00f3mo se sinti\u00f3 al enfrentarse conmigo y otros estudiantes conocidos.<\/p>\n\n\n\n<p>En nuestra juventud, cuando comenzamos a forjar nuestras ideas pol\u00edticas, tomamos decisiones que tal vez cambien con el paso del tiempo, o tal vez anuncien actitudes que se van a fortalecer conforme maduremos.&nbsp;<\/p>\n\n\n\n<p>Ese recuerdo con Devon me hace pensar en la actitud belicosa del presidente Biden hacia los estudiantes que hoy se manifiestan en contra de la masacre que contin\u00faa en Gaza. La semana pasada, el presidente rechaz\u00f3 el llamado a cambiar su pol\u00edtica de apoyo a Israel que le hac\u00edan los manifestantes, a lo que dijo: \u201dEl orden debe prevalecer. El disentimiento nunca debe conducir al desorden\u201d.&nbsp;<\/p>\n\n\n\n<p>Me pregunto: \u00bfAcaso la guerra no es el peor de los des\u00f3rdenes?<\/p>\n\n\n\n<p>\u00bfCu\u00e1l habr\u00e1 sido la postura de Biden cuando era estudiante? En sus memorias, <em>Promesas que cumplir<\/em>, publicadas en 2007, refiere un incidente que vivi\u00f3 durante la Guerra de Vietnam, cuando estaba en la universidad: \u201cCamin\u00e1bamos cerca del edificio de la administraci\u00f3n y vimos a gente que se asomaba por las ventanas, en la oficina del rector, con banderas del SDS. Se refer\u00eda a los Estudiantes por una Sociedad Democr\u00e1tica, un grupo activista muy conocido entonces. \u201cHab\u00edan tomado el edificio. Los vimos y dijimos: \u2018\u00a1Miren a esos desgraciados!\u2019 . Eso muestra lo alejado que estaba del Movimiento Anti-Guerra\u201d.<\/p>\n\n\n\n<p>Como vemos, su actitud de entonces, persiste. No ha evolucionado.<\/p>\n\n\n\n<p>Ojal\u00e1 la actitud de Devon W, s\u00ed haya cambiado, desde nuestro encuentro en 1967.<\/p>\n","protected":false},"excerpt":{"rendered":"<p>Un fervor creciente late en el coraz\u00f3n de los j\u00f3venes de hoy, como lo hizo durante la Guerra de Vietnam.<\/p>\n","protected":false},"author":88922,"featured_media":60618,"comment_status":"closed","ping_status":"closed","sticky":false,"template":"","format":"standard","meta":{"newspack_popups_has_disabled_popups":true,"newspack_featured_image_position":"above","newspack_post_subtitle":"","newspack_article_summary_title":"Overview:","newspack_article_summary":"","newspack_hide_updated_date":false,"newspack_show_updated_date":false,"footnotes":""},"categories":[3531],"tags":[],"coauthors":[18475],"class_list":["post-60722","post","type-post","status-publish","format-standard","has-post-thumbnail","hentry","category-voces","entry"],"yoast_head":"<!-- This site is optimized with the Yoast SEO plugin v27.4 - https:\/\/yoast.com\/product\/yoast-seo-wordpress\/ -->\n<title>Protestas estudiantiles en la UC Berkeley evocan la \u00e9poca de la Guerra de Vietnam<\/title>\n<meta name=\"description\" content=\"Un fervor creciente late en el coraz\u00f3n de los j\u00f3venes de hoy, como lo hizo durante la Guerra de Vietnam.\" \/>\n<meta name=\"robots\" content=\"index, follow, max-snippet:-1, max-image-preview:large, max-video-preview:-1\" \/>\n<link rel=\"canonical\" href=\"https:\/\/eltecolote.org\/content\/es\/protesta-palestina-uc-berkeley\/\" \/>\n<meta property=\"og:locale\" content=\"en_US\" \/>\n<meta property=\"og:type\" content=\"article\" \/>\n<meta property=\"og:title\" content=\"Protestas estudiantiles en la UC Berkeley evocan la \u00e9poca de la Guerra de Vietnam\" \/>\n<meta property=\"og:description\" content=\"Un fervor creciente late en el coraz\u00f3n de los j\u00f3venes de hoy, como lo hizo durante la Guerra de Vietnam.\" \/>\n<meta property=\"og:url\" content=\"https:\/\/eltecolote.org\/content\/es\/protesta-palestina-uc-berkeley\/\" \/>\n<meta property=\"og:site_name\" content=\"El Tecolote\" \/>\n<meta property=\"article:publisher\" content=\"https:\/\/www.facebook.com\/ElTecoloteSF\/\" \/>\n<meta property=\"article:published_time\" content=\"2024-05-17T21:07:47+00:00\" \/>\n<meta property=\"article:modified_time\" content=\"2024-05-17T21:07:49+00:00\" \/>\n<meta property=\"og:image\" content=\"https:\/\/eltecolote.org\/content\/wp-content\/uploads\/2024\/05\/26-1-scaled.jpg\" \/>\n\t<meta property=\"og:image:width\" content=\"2560\" \/>\n\t<meta property=\"og:image:height\" content=\"1707\" \/>\n\t<meta property=\"og:image:type\" content=\"image\/jpeg\" \/>\n<meta name=\"author\" content=\"Carlos Bar\u00f3n\" \/>\n<meta name=\"twitter:card\" content=\"summary_large_image\" \/>\n<meta name=\"twitter:creator\" content=\"@eltecolotesf\" \/>\n<meta name=\"twitter:site\" content=\"@eltecolotesf\" \/>\n<meta name=\"twitter:label1\" content=\"Written by\" \/>\n\t<meta name=\"twitter:data1\" content=\"Carlos Bar\u00f3n\" \/>\n\t<meta name=\"twitter:label2\" content=\"Est. reading time\" \/>\n\t<meta name=\"twitter:data2\" content=\"4 minutes\" \/>\n<script type=\"application\/ld+json\" class=\"yoast-schema-graph\">{\"@context\":\"https:\\\/\\\/schema.org\",\"@graph\":[{\"@type\":\"NewsArticle\",\"@id\":\"https:\\\/\\\/eltecolote.org\\\/content\\\/es\\\/protesta-palestina-uc-berkeley\\\/#article\",\"isPartOf\":{\"@id\":\"https:\\\/\\\/eltecolote.org\\\/content\\\/es\\\/protesta-palestina-uc-berkeley\\\/\"},\"author\":{\"name\":\"Erika Carlos\",\"@id\":\"https:\\\/\\\/eltecolote.org\\\/content\\\/#\\\/schema\\\/person\\\/98e31c3dda2abc936b778a5b89858b5b\"},\"headline\":\"Las protestas estudiantiles en la UC Berkeley evocan la \u00e9poca de la Guerra de Vietnam\",\"datePublished\":\"2024-05-17T21:07:47+00:00\",\"dateModified\":\"2024-05-17T21:07:49+00:00\",\"mainEntityOfPage\":{\"@id\":\"https:\\\/\\\/eltecolote.org\\\/content\\\/es\\\/protesta-palestina-uc-berkeley\\\/\"},\"wordCount\":774,\"publisher\":{\"@id\":\"https:\\\/\\\/eltecolote.org\\\/content\\\/#organization\"},\"image\":{\"@id\":\"https:\\\/\\\/eltecolote.org\\\/content\\\/es\\\/protesta-palestina-uc-berkeley\\\/#primaryimage\"},\"thumbnailUrl\":\"https:\\\/\\\/i0.wp.com\\\/eltecolote.org\\\/content\\\/wp-content\\\/uploads\\\/2024\\\/05\\\/26-1-scaled.jpg?fit=2560%2C1707&quality=89&ssl=1\",\"articleSection\":[\"Voces\"],\"inLanguage\":\"en\"},{\"@type\":\"WebPage\",\"@id\":\"https:\\\/\\\/eltecolote.org\\\/content\\\/es\\\/protesta-palestina-uc-berkeley\\\/\",\"url\":\"https:\\\/\\\/eltecolote.org\\\/content\\\/es\\\/protesta-palestina-uc-berkeley\\\/\",\"name\":\"Protestas estudiantiles en la UC Berkeley evocan la \u00e9poca de la Guerra de Vietnam\",\"isPartOf\":{\"@id\":\"https:\\\/\\\/eltecolote.org\\\/content\\\/#website\"},\"primaryImageOfPage\":{\"@id\":\"https:\\\/\\\/eltecolote.org\\\/content\\\/es\\\/protesta-palestina-uc-berkeley\\\/#primaryimage\"},\"image\":{\"@id\":\"https:\\\/\\\/eltecolote.org\\\/content\\\/es\\\/protesta-palestina-uc-berkeley\\\/#primaryimage\"},\"thumbnailUrl\":\"https:\\\/\\\/i0.wp.com\\\/eltecolote.org\\\/content\\\/wp-content\\\/uploads\\\/2024\\\/05\\\/26-1-scaled.jpg?fit=2560%2C1707&quality=89&ssl=1\",\"datePublished\":\"2024-05-17T21:07:47+00:00\",\"dateModified\":\"2024-05-17T21:07:49+00:00\",\"description\":\"Un fervor creciente late en el coraz\u00f3n de los j\u00f3venes de hoy, como lo hizo durante la Guerra de Vietnam.\",\"inLanguage\":\"en\",\"potentialAction\":[{\"@type\":\"ReadAction\",\"target\":[\"https:\\\/\\\/eltecolote.org\\\/content\\\/es\\\/protesta-palestina-uc-berkeley\\\/\"]}]},{\"@type\":\"ImageObject\",\"inLanguage\":\"en\",\"@id\":\"https:\\\/\\\/eltecolote.org\\\/content\\\/es\\\/protesta-palestina-uc-berkeley\\\/#primaryimage\",\"url\":\"https:\\\/\\\/i0.wp.com\\\/eltecolote.org\\\/content\\\/wp-content\\\/uploads\\\/2024\\\/05\\\/26-1-scaled.jpg?fit=2560%2C1707&quality=89&ssl=1\",\"contentUrl\":\"https:\\\/\\\/i0.wp.com\\\/eltecolote.org\\\/content\\\/wp-content\\\/uploads\\\/2024\\\/05\\\/26-1-scaled.jpg?fit=2560%2C1707&quality=89&ssl=1\",\"width\":2560,\"height\":1707,\"caption\":\"Un fervor creciente late en el coraz\u00f3n de los j\u00f3venes de hoy, como lo hizo durante la Guerra de Vietnam. Ilustraci\u00f3n: Bruno Ferreira\"},{\"@type\":\"WebSite\",\"@id\":\"https:\\\/\\\/eltecolote.org\\\/content\\\/#website\",\"url\":\"https:\\\/\\\/eltecolote.org\\\/content\\\/\",\"name\":\"El Tecolote\",\"description\":\"San Francisco's Latinx newspaper since 1970\",\"publisher\":{\"@id\":\"https:\\\/\\\/eltecolote.org\\\/content\\\/#organization\"},\"potentialAction\":[{\"@type\":\"SearchAction\",\"target\":{\"@type\":\"EntryPoint\",\"urlTemplate\":\"https:\\\/\\\/eltecolote.org\\\/content\\\/?s={search_term_string}\"},\"query-input\":{\"@type\":\"PropertyValueSpecification\",\"valueRequired\":true,\"valueName\":\"search_term_string\"}}],\"inLanguage\":\"en\"},{\"@type\":\"Organization\",\"@id\":\"https:\\\/\\\/eltecolote.org\\\/content\\\/#organization\",\"name\":\"El Tecolote\",\"url\":\"https:\\\/\\\/eltecolote.org\\\/content\\\/\",\"logo\":{\"@type\":\"ImageObject\",\"inLanguage\":\"en\",\"@id\":\"https:\\\/\\\/eltecolote.org\\\/content\\\/#\\\/schema\\\/logo\\\/image\\\/\",\"url\":\"https:\\\/\\\/i0.wp.com\\\/eltecolote.org\\\/content\\\/wp-content\\\/uploads\\\/2021\\\/05\\\/ETlogo-1.jpg?fit=400%2C400&ssl=1\",\"contentUrl\":\"https:\\\/\\\/i0.wp.com\\\/eltecolote.org\\\/content\\\/wp-content\\\/uploads\\\/2021\\\/05\\\/ETlogo-1.jpg?fit=400%2C400&ssl=1\",\"width\":400,\"height\":400,\"caption\":\"El Tecolote\"},\"image\":{\"@id\":\"https:\\\/\\\/eltecolote.org\\\/content\\\/#\\\/schema\\\/logo\\\/image\\\/\"},\"sameAs\":[\"https:\\\/\\\/www.facebook.com\\\/ElTecoloteSF\\\/\",\"https:\\\/\\\/x.com\\\/eltecolotesf\",\"https:\\\/\\\/www.instagram.com\\\/eltecolotesf\\\/\"]},{\"@type\":\"Person\",\"@id\":\"https:\\\/\\\/eltecolote.org\\\/content\\\/#\\\/schema\\\/person\\\/98e31c3dda2abc936b778a5b89858b5b\",\"name\":\"Erika Carlos\",\"image\":{\"@type\":\"ImageObject\",\"inLanguage\":\"en\",\"@id\":\"https:\\\/\\\/secure.gravatar.com\\\/avatar\\\/c475d3004521f4d0d5a6fdb0c06627dda6651ec3c3dfd7219ab52ae67cce05b1?s=96&d=mm&r=gc4d9fd78108a8a2ca4bcc88ab0d76304\",\"url\":\"https:\\\/\\\/secure.gravatar.com\\\/avatar\\\/c475d3004521f4d0d5a6fdb0c06627dda6651ec3c3dfd7219ab52ae67cce05b1?s=96&d=mm&r=g\",\"contentUrl\":\"https:\\\/\\\/secure.gravatar.com\\\/avatar\\\/c475d3004521f4d0d5a6fdb0c06627dda6651ec3c3dfd7219ab52ae67cce05b1?s=96&d=mm&r=g\",\"caption\":\"Erika Carlos\"},\"url\":\"https:\\\/\\\/eltecolote.org\\\/content\\\/author\\\/erikacarlos\\\/\"}]}<\/script>\n<!-- \/ Yoast SEO plugin. -->","yoast_head_json":{"title":"Protestas estudiantiles en la UC Berkeley evocan la \u00e9poca de la Guerra de Vietnam","description":"Un fervor creciente late en el coraz\u00f3n de los j\u00f3venes de hoy, como lo hizo durante la Guerra de Vietnam.","robots":{"index":"index","follow":"follow","max-snippet":"max-snippet:-1","max-image-preview":"max-image-preview:large","max-video-preview":"max-video-preview:-1"},"canonical":"https:\/\/eltecolote.org\/content\/es\/protesta-palestina-uc-berkeley\/","og_locale":"en_US","og_type":"article","og_title":"Protestas estudiantiles en la UC Berkeley evocan la \u00e9poca de la Guerra de Vietnam","og_description":"Un fervor creciente late en el coraz\u00f3n de los j\u00f3venes de hoy, como lo hizo durante la Guerra de Vietnam.","og_url":"https:\/\/eltecolote.org\/content\/es\/protesta-palestina-uc-berkeley\/","og_site_name":"El Tecolote","article_publisher":"https:\/\/www.facebook.com\/ElTecoloteSF\/","article_published_time":"2024-05-17T21:07:47+00:00","article_modified_time":"2024-05-17T21:07:49+00:00","og_image":[{"width":2560,"height":1707,"url":"https:\/\/eltecolote.org\/content\/wp-content\/uploads\/2024\/05\/26-1-scaled.jpg","type":"image\/jpeg"}],"author":"Carlos Bar\u00f3n","twitter_card":"summary_large_image","twitter_creator":"@eltecolotesf","twitter_site":"@eltecolotesf","twitter_misc":{"Written by":"Carlos Bar\u00f3n","Est. reading time":"4 minutes"},"schema":{"@context":"https:\/\/schema.org","@graph":[{"@type":"NewsArticle","@id":"https:\/\/eltecolote.org\/content\/es\/protesta-palestina-uc-berkeley\/#article","isPartOf":{"@id":"https:\/\/eltecolote.org\/content\/es\/protesta-palestina-uc-berkeley\/"},"author":{"name":"Erika Carlos","@id":"https:\/\/eltecolote.org\/content\/#\/schema\/person\/98e31c3dda2abc936b778a5b89858b5b"},"headline":"Las protestas estudiantiles en la UC Berkeley evocan la \u00e9poca de la Guerra de Vietnam","datePublished":"2024-05-17T21:07:47+00:00","dateModified":"2024-05-17T21:07:49+00:00","mainEntityOfPage":{"@id":"https:\/\/eltecolote.org\/content\/es\/protesta-palestina-uc-berkeley\/"},"wordCount":774,"publisher":{"@id":"https:\/\/eltecolote.org\/content\/#organization"},"image":{"@id":"https:\/\/eltecolote.org\/content\/es\/protesta-palestina-uc-berkeley\/#primaryimage"},"thumbnailUrl":"https:\/\/i0.wp.com\/eltecolote.org\/content\/wp-content\/uploads\/2024\/05\/26-1-scaled.jpg?fit=2560%2C1707&quality=89&ssl=1","articleSection":["Voces"],"inLanguage":"en"},{"@type":"WebPage","@id":"https:\/\/eltecolote.org\/content\/es\/protesta-palestina-uc-berkeley\/","url":"https:\/\/eltecolote.org\/content\/es\/protesta-palestina-uc-berkeley\/","name":"Protestas estudiantiles en la UC Berkeley evocan la \u00e9poca de la Guerra de Vietnam","isPartOf":{"@id":"https:\/\/eltecolote.org\/content\/#website"},"primaryImageOfPage":{"@id":"https:\/\/eltecolote.org\/content\/es\/protesta-palestina-uc-berkeley\/#primaryimage"},"image":{"@id":"https:\/\/eltecolote.org\/content\/es\/protesta-palestina-uc-berkeley\/#primaryimage"},"thumbnailUrl":"https:\/\/i0.wp.com\/eltecolote.org\/content\/wp-content\/uploads\/2024\/05\/26-1-scaled.jpg?fit=2560%2C1707&quality=89&ssl=1","datePublished":"2024-05-17T21:07:47+00:00","dateModified":"2024-05-17T21:07:49+00:00","description":"Un fervor creciente late en el coraz\u00f3n de los j\u00f3venes de hoy, como lo hizo durante la Guerra de Vietnam.","inLanguage":"en","potentialAction":[{"@type":"ReadAction","target":["https:\/\/eltecolote.org\/content\/es\/protesta-palestina-uc-berkeley\/"]}]},{"@type":"ImageObject","inLanguage":"en","@id":"https:\/\/eltecolote.org\/content\/es\/protesta-palestina-uc-berkeley\/#primaryimage","url":"https:\/\/i0.wp.com\/eltecolote.org\/content\/wp-content\/uploads\/2024\/05\/26-1-scaled.jpg?fit=2560%2C1707&quality=89&ssl=1","contentUrl":"https:\/\/i0.wp.com\/eltecolote.org\/content\/wp-content\/uploads\/2024\/05\/26-1-scaled.jpg?fit=2560%2C1707&quality=89&ssl=1","width":2560,"height":1707,"caption":"Un fervor creciente late en el coraz\u00f3n de los j\u00f3venes de hoy, como lo hizo durante la Guerra de Vietnam. Ilustraci\u00f3n: Bruno Ferreira"},{"@type":"WebSite","@id":"https:\/\/eltecolote.org\/content\/#website","url":"https:\/\/eltecolote.org\/content\/","name":"El Tecolote","description":"San Francisco's Latinx newspaper since 1970","publisher":{"@id":"https:\/\/eltecolote.org\/content\/#organization"},"potentialAction":[{"@type":"SearchAction","target":{"@type":"EntryPoint","urlTemplate":"https:\/\/eltecolote.org\/content\/?s={search_term_string}"},"query-input":{"@type":"PropertyValueSpecification","valueRequired":true,"valueName":"search_term_string"}}],"inLanguage":"en"},{"@type":"Organization","@id":"https:\/\/eltecolote.org\/content\/#organization","name":"El Tecolote","url":"https:\/\/eltecolote.org\/content\/","logo":{"@type":"ImageObject","inLanguage":"en","@id":"https:\/\/eltecolote.org\/content\/#\/schema\/logo\/image\/","url":"https:\/\/i0.wp.com\/eltecolote.org\/content\/wp-content\/uploads\/2021\/05\/ETlogo-1.jpg?fit=400%2C400&ssl=1","contentUrl":"https:\/\/i0.wp.com\/eltecolote.org\/content\/wp-content\/uploads\/2021\/05\/ETlogo-1.jpg?fit=400%2C400&ssl=1","width":400,"height":400,"caption":"El Tecolote"},"image":{"@id":"https:\/\/eltecolote.org\/content\/#\/schema\/logo\/image\/"},"sameAs":["https:\/\/www.facebook.com\/ElTecoloteSF\/","https:\/\/x.com\/eltecolotesf","https:\/\/www.instagram.com\/eltecolotesf\/"]},{"@type":"Person","@id":"https:\/\/eltecolote.org\/content\/#\/schema\/person\/98e31c3dda2abc936b778a5b89858b5b","name":"Erika Carlos","image":{"@type":"ImageObject","inLanguage":"en","@id":"https:\/\/secure.gravatar.com\/avatar\/c475d3004521f4d0d5a6fdb0c06627dda6651ec3c3dfd7219ab52ae67cce05b1?s=96&d=mm&r=gc4d9fd78108a8a2ca4bcc88ab0d76304","url":"https:\/\/secure.gravatar.com\/avatar\/c475d3004521f4d0d5a6fdb0c06627dda6651ec3c3dfd7219ab52ae67cce05b1?s=96&d=mm&r=g","contentUrl":"https:\/\/secure.gravatar.com\/avatar\/c475d3004521f4d0d5a6fdb0c06627dda6651ec3c3dfd7219ab52ae67cce05b1?s=96&d=mm&r=g","caption":"Erika Carlos"},"url":"https:\/\/eltecolote.org\/content\/author\/erikacarlos\/"}]}},"distributor_meta":false,"distributor_terms":false,"distributor_media":false,"distributor_original_site_name":"El Tecolote","distributor_original_site_url":"https:\/\/eltecolote.org\/content","push-errors":false,"_links":{"self":[{"href":"https:\/\/eltecolote.org\/content\/wp-json\/wp\/v2\/posts\/60722","targetHints":{"allow":["GET"]}}],"collection":[{"href":"https:\/\/eltecolote.org\/content\/wp-json\/wp\/v2\/posts"}],"about":[{"href":"https:\/\/eltecolote.org\/content\/wp-json\/wp\/v2\/types\/post"}],"author":[{"embeddable":true,"href":"https:\/\/eltecolote.org\/content\/wp-json\/wp\/v2\/users\/88922"}],"replies":[{"embeddable":true,"href":"https:\/\/eltecolote.org\/content\/wp-json\/wp\/v2\/comments?post=60722"}],"version-history":[{"count":1,"href":"https:\/\/eltecolote.org\/content\/wp-json\/wp\/v2\/posts\/60722\/revisions"}],"predecessor-version":[{"id":60724,"href":"https:\/\/eltecolote.org\/content\/wp-json\/wp\/v2\/posts\/60722\/revisions\/60724"}],"wp:featuredmedia":[{"embeddable":true,"href":"https:\/\/eltecolote.org\/content\/wp-json\/wp\/v2\/media\/60618"}],"wp:attachment":[{"href":"https:\/\/eltecolote.org\/content\/wp-json\/wp\/v2\/media?parent=60722"}],"wp:term":[{"taxonomy":"category","embeddable":true,"href":"https:\/\/eltecolote.org\/content\/wp-json\/wp\/v2\/categories?post=60722"},{"taxonomy":"post_tag","embeddable":true,"href":"https:\/\/eltecolote.org\/content\/wp-json\/wp\/v2\/tags?post=60722"},{"taxonomy":"author","embeddable":true,"href":"https:\/\/eltecolote.org\/content\/wp-json\/wp\/v2\/coauthors?post=60722"}],"curies":[{"name":"wp","href":"https:\/\/api.w.org\/{rel}","templated":true}]}}