{"id":60105,"date":"2024-04-16T19:05:54","date_gmt":"2024-04-17T02:05:54","guid":{"rendered":"https:\/\/eltecolote.org\/content\/?p=60105"},"modified":"2024-04-16T19:05:57","modified_gmt":"2024-04-17T02:05:57","slug":"ray-patlan-muralista-fallece","status":"publish","type":"post","link":"https:\/\/eltecolote.org\/content\/es\/ray-patlan-muralista-fallece\/","title":{"rendered":"Querido muralista de la Misi\u00f3n, Ray Patl\u00e1n, muere a los 77 a\u00f1os"},"content":{"rendered":"\n<p>Ray Patl\u00e1n, un querido artista y pilar del movimiento muralista en el pa\u00eds, falleci\u00f3 el lunes por la ma\u00f1ana a causa de una enfermedad, en un hospicio de Oakland, a la edad de 77 a\u00f1os.<\/p>\n\n\n\n<p>En sus primeros a\u00f1os, Patl\u00e1n fue un muralista respetado en su ciudad natal, Chicago, donde ayud\u00f3 a encabezar su movimiento. Su dedicaci\u00f3n a pintar murales lo sigui\u00f3 hasta San Francisco, donde estableci\u00f3 nuevas ra\u00edces como un promotor cultural muy c\u00e9lebre en el Distrito Misi\u00f3n.<\/p>\n\n\n\n<p>A lo largo de los a\u00f1os, se mantuvo fiel a la misi\u00f3n de que su trabajo sirviera como herramienta para el cambio social y reflejara el verdadero car\u00e1cter y los desaf\u00edos de sus queridas comunidades.<\/p>\n\n\n\n<p>Patl\u00e1n no fue s\u00f3lo un maestro muralista: fue mentor de miles de artistas, tanto a nivel local como mundialmente, mostr\u00e1ndoles el oficio y el poderoso papel que \u00e9ste puede desempe\u00f1ar en la lucha contra las injusticias.<\/p>\n\n\n\n<p>En nuestro pr\u00f3ximo n\u00famero, <em>El Tecolote<\/em> presentar\u00e1 un homenaje sobre la vida de Ray Patl\u00e1n y sus contribuciones como un reconocido muralista.<\/p>\n\n\n\n<p>\u00a1Ray Patl\u00e1n, Presente!<\/p>\n","protected":false},"excerpt":{"rendered":"<p>Ray Patl\u00e1n, un querido artista y pilar del movimiento muralista en el pa\u00eds, falleci\u00f3 abril 15 en un hospicio de Oakland. Ten\u00eda 77 a\u00f1os.<\/p>\n","protected":false},"author":88922,"featured_media":60107,"comment_status":"closed","ping_status":"closed","sticky":false,"template":"","format":"standard","meta":{"newspack_popups_has_disabled_popups":true,"newspack_featured_image_position":"","newspack_post_subtitle":"","newspack_article_summary_title":"Overview:","newspack_article_summary":"","newspack_hide_updated_date":false,"newspack_show_updated_date":false,"footnotes":""},"categories":[3511,3521,3531],"tags":[],"coauthors":[18561],"class_list":["post-60105","post","type-post","status-publish","format-standard","has-post-thumbnail","hentry","category-arte-es","category-obituarios","category-voces","entry"],"yoast_head":"<!-- This site is optimized with the Yoast SEO plugin v27.5 - https:\/\/yoast.com\/product\/yoast-seo-wordpress\/ -->\n<title>Querido muralista de la Misi\u00f3n, Ray Patl\u00e1n, muere a los 77 a\u00f1os<\/title>\n<meta name=\"description\" content=\"Ray Patl\u00e1n, un querido artista y pilar del movimiento muralista en el pa\u00eds, falleci\u00f3 abril 15 en un hospicio de Oakland. Ten\u00eda 77 a\u00f1os.\" \/>\n<meta name=\"robots\" content=\"index, follow, max-snippet:-1, max-image-preview:large, max-video-preview:-1\" \/>\n<link rel=\"canonical\" href=\"https:\/\/eltecolote.org\/content\/es\/ray-patlan-muralista-fallece\/\" \/>\n<meta property=\"og:locale\" content=\"en_US\" \/>\n<meta property=\"og:type\" content=\"article\" \/>\n<meta property=\"og:title\" content=\"Querido muralista de la Misi\u00f3n, Ray Patl\u00e1n, muere a los 77 a\u00f1os\" \/>\n<meta property=\"og:description\" content=\"Ray Patl\u00e1n, un querido artista y pilar del movimiento muralista en el pa\u00eds, falleci\u00f3 abril 15 en un hospicio de Oakland. Ten\u00eda 77 a\u00f1os.\" \/>\n<meta property=\"og:url\" content=\"https:\/\/eltecolote.org\/content\/es\/ray-patlan-muralista-fallece\/\" \/>\n<meta property=\"og:site_name\" content=\"El Tecolote\" \/>\n<meta property=\"article:publisher\" content=\"https:\/\/www.facebook.com\/ElTecoloteSF\/\" \/>\n<meta property=\"article:published_time\" content=\"2024-04-17T02:05:54+00:00\" \/>\n<meta property=\"article:modified_time\" content=\"2024-04-17T02:05:57+00:00\" \/>\n<meta property=\"og:image\" content=\"https:\/\/eltecolote.org\/content\/wp-content\/uploads\/2024\/04\/RAY_PATLAN_MURALIST_2-medium-1.jpg\" \/>\n\t<meta property=\"og:image:width\" content=\"1500\" \/>\n\t<meta property=\"og:image:height\" content=\"1000\" \/>\n\t<meta property=\"og:image:type\" content=\"image\/jpeg\" \/>\n<meta name=\"author\" content=\"Juan Gonzales\" \/>\n<meta name=\"twitter:card\" content=\"summary_large_image\" \/>\n<meta name=\"twitter:creator\" content=\"@eltecolotesf\" \/>\n<meta name=\"twitter:site\" content=\"@eltecolotesf\" \/>\n<meta name=\"twitter:label1\" content=\"Written by\" \/>\n\t<meta name=\"twitter:data1\" content=\"Juan Gonzales\" \/>\n\t<meta name=\"twitter:label2\" content=\"Est. reading time\" \/>\n\t<meta name=\"twitter:data2\" content=\"1 minute\" \/>\n<script type=\"application\/ld+json\" class=\"yoast-schema-graph\">{\"@context\":\"https:\\\/\\\/schema.org\",\"@graph\":[{\"@type\":\"NewsArticle\",\"@id\":\"https:\\\/\\\/eltecolote.org\\\/content\\\/es\\\/ray-patlan-muralista-fallece\\\/#article\",\"isPartOf\":{\"@id\":\"https:\\\/\\\/eltecolote.org\\\/content\\\/es\\\/ray-patlan-muralista-fallece\\\/\"},\"author\":{\"name\":\"Erika Carlos\",\"@id\":\"https:\\\/\\\/eltecolote.org\\\/content\\\/#\\\/schema\\\/person\\\/98e31c3dda2abc936b778a5b89858b5b\"},\"headline\":\"Querido muralista de la Misi\u00f3n, Ray Patl\u00e1n, muere a los 77 a\u00f1os\",\"datePublished\":\"2024-04-17T02:05:54+00:00\",\"dateModified\":\"2024-04-17T02:05:57+00:00\",\"mainEntityOfPage\":{\"@id\":\"https:\\\/\\\/eltecolote.org\\\/content\\\/es\\\/ray-patlan-muralista-fallece\\\/\"},\"wordCount\":210,\"publisher\":{\"@id\":\"https:\\\/\\\/eltecolote.org\\\/content\\\/#organization\"},\"image\":{\"@id\":\"https:\\\/\\\/eltecolote.org\\\/content\\\/es\\\/ray-patlan-muralista-fallece\\\/#primaryimage\"},\"thumbnailUrl\":\"https:\\\/\\\/i0.wp.com\\\/eltecolote.org\\\/content\\\/wp-content\\\/uploads\\\/2024\\\/04\\\/RAY_PATLAN_MURALIST_2-medium-1.jpg?fit=1500%2C1000&quality=89&ssl=1\",\"articleSection\":[\"Arte\",\"Obituarios\",\"Voces\"],\"inLanguage\":\"en\"},{\"@type\":\"WebPage\",\"@id\":\"https:\\\/\\\/eltecolote.org\\\/content\\\/es\\\/ray-patlan-muralista-fallece\\\/\",\"url\":\"https:\\\/\\\/eltecolote.org\\\/content\\\/es\\\/ray-patlan-muralista-fallece\\\/\",\"name\":\"Querido muralista de la Misi\u00f3n, Ray Patl\u00e1n, muere a los 77 a\u00f1os\",\"isPartOf\":{\"@id\":\"https:\\\/\\\/eltecolote.org\\\/content\\\/#website\"},\"primaryImageOfPage\":{\"@id\":\"https:\\\/\\\/eltecolote.org\\\/content\\\/es\\\/ray-patlan-muralista-fallece\\\/#primaryimage\"},\"image\":{\"@id\":\"https:\\\/\\\/eltecolote.org\\\/content\\\/es\\\/ray-patlan-muralista-fallece\\\/#primaryimage\"},\"thumbnailUrl\":\"https:\\\/\\\/i0.wp.com\\\/eltecolote.org\\\/content\\\/wp-content\\\/uploads\\\/2024\\\/04\\\/RAY_PATLAN_MURALIST_2-medium-1.jpg?fit=1500%2C1000&quality=89&ssl=1\",\"datePublished\":\"2024-04-17T02:05:54+00:00\",\"dateModified\":\"2024-04-17T02:05:57+00:00\",\"description\":\"Ray Patl\u00e1n, un querido artista y pilar del movimiento muralista en el pa\u00eds, falleci\u00f3 abril 15 en un hospicio de Oakland. Ten\u00eda 77 a\u00f1os.\",\"inLanguage\":\"en\",\"potentialAction\":[{\"@type\":\"ReadAction\",\"target\":[\"https:\\\/\\\/eltecolote.org\\\/content\\\/es\\\/ray-patlan-muralista-fallece\\\/\"]}]},{\"@type\":\"ImageObject\",\"inLanguage\":\"en\",\"@id\":\"https:\\\/\\\/eltecolote.org\\\/content\\\/es\\\/ray-patlan-muralista-fallece\\\/#primaryimage\",\"url\":\"https:\\\/\\\/i0.wp.com\\\/eltecolote.org\\\/content\\\/wp-content\\\/uploads\\\/2024\\\/04\\\/RAY_PATLAN_MURALIST_2-medium-1.jpg?fit=1500%2C1000&quality=89&ssl=1\",\"contentUrl\":\"https:\\\/\\\/i0.wp.com\\\/eltecolote.org\\\/content\\\/wp-content\\\/uploads\\\/2024\\\/04\\\/RAY_PATLAN_MURALIST_2-medium-1.jpg?fit=1500%2C1000&quality=89&ssl=1\",\"width\":1500,\"height\":1000,\"caption\":\"Ray Patl\u00e1n, frente a su m\u00e1s reciente mural, ubicado en Casa de la Misi\u00f3n, un edificio que ofrece vivienda accesible a personas adultas mayores.\"},{\"@type\":\"WebSite\",\"@id\":\"https:\\\/\\\/eltecolote.org\\\/content\\\/#website\",\"url\":\"https:\\\/\\\/eltecolote.org\\\/content\\\/\",\"name\":\"El Tecolote\",\"description\":\"San Francisco's Latinx newspaper since 1970\",\"publisher\":{\"@id\":\"https:\\\/\\\/eltecolote.org\\\/content\\\/#organization\"},\"potentialAction\":[{\"@type\":\"SearchAction\",\"target\":{\"@type\":\"EntryPoint\",\"urlTemplate\":\"https:\\\/\\\/eltecolote.org\\\/content\\\/?s={search_term_string}\"},\"query-input\":{\"@type\":\"PropertyValueSpecification\",\"valueRequired\":true,\"valueName\":\"search_term_string\"}}],\"inLanguage\":\"en\"},{\"@type\":\"Organization\",\"@id\":\"https:\\\/\\\/eltecolote.org\\\/content\\\/#organization\",\"name\":\"El Tecolote\",\"url\":\"https:\\\/\\\/eltecolote.org\\\/content\\\/\",\"logo\":{\"@type\":\"ImageObject\",\"inLanguage\":\"en\",\"@id\":\"https:\\\/\\\/eltecolote.org\\\/content\\\/#\\\/schema\\\/logo\\\/image\\\/\",\"url\":\"https:\\\/\\\/i0.wp.com\\\/eltecolote.org\\\/content\\\/wp-content\\\/uploads\\\/2021\\\/05\\\/ETlogo-1.jpg?fit=400%2C400&ssl=1\",\"contentUrl\":\"https:\\\/\\\/i0.wp.com\\\/eltecolote.org\\\/content\\\/wp-content\\\/uploads\\\/2021\\\/05\\\/ETlogo-1.jpg?fit=400%2C400&ssl=1\",\"width\":400,\"height\":400,\"caption\":\"El Tecolote\"},\"image\":{\"@id\":\"https:\\\/\\\/eltecolote.org\\\/content\\\/#\\\/schema\\\/logo\\\/image\\\/\"},\"sameAs\":[\"https:\\\/\\\/www.facebook.com\\\/ElTecoloteSF\\\/\",\"https:\\\/\\\/x.com\\\/eltecolotesf\",\"https:\\\/\\\/www.instagram.com\\\/eltecolotesf\\\/\"]},{\"@type\":\"Person\",\"@id\":\"https:\\\/\\\/eltecolote.org\\\/content\\\/#\\\/schema\\\/person\\\/98e31c3dda2abc936b778a5b89858b5b\",\"name\":\"Erika Carlos\",\"image\":{\"@type\":\"ImageObject\",\"inLanguage\":\"en\",\"@id\":\"https:\\\/\\\/secure.gravatar.com\\\/avatar\\\/c475d3004521f4d0d5a6fdb0c06627dda6651ec3c3dfd7219ab52ae67cce05b1?s=96&d=mm&r=gc4d9fd78108a8a2ca4bcc88ab0d76304\",\"url\":\"https:\\\/\\\/secure.gravatar.com\\\/avatar\\\/c475d3004521f4d0d5a6fdb0c06627dda6651ec3c3dfd7219ab52ae67cce05b1?s=96&d=mm&r=g\",\"contentUrl\":\"https:\\\/\\\/secure.gravatar.com\\\/avatar\\\/c475d3004521f4d0d5a6fdb0c06627dda6651ec3c3dfd7219ab52ae67cce05b1?s=96&d=mm&r=g\",\"caption\":\"Erika Carlos\"},\"url\":\"https:\\\/\\\/eltecolote.org\\\/content\\\/author\\\/erikacarlos\\\/\"}]}<\/script>\n<!-- \/ Yoast SEO plugin. -->","yoast_head_json":{"title":"Querido muralista de la Misi\u00f3n, Ray Patl\u00e1n, muere a los 77 a\u00f1os","description":"Ray Patl\u00e1n, un querido artista y pilar del movimiento muralista en el pa\u00eds, falleci\u00f3 abril 15 en un hospicio de Oakland. Ten\u00eda 77 a\u00f1os.","robots":{"index":"index","follow":"follow","max-snippet":"max-snippet:-1","max-image-preview":"max-image-preview:large","max-video-preview":"max-video-preview:-1"},"canonical":"https:\/\/eltecolote.org\/content\/es\/ray-patlan-muralista-fallece\/","og_locale":"en_US","og_type":"article","og_title":"Querido muralista de la Misi\u00f3n, Ray Patl\u00e1n, muere a los 77 a\u00f1os","og_description":"Ray Patl\u00e1n, un querido artista y pilar del movimiento muralista en el pa\u00eds, falleci\u00f3 abril 15 en un hospicio de Oakland. Ten\u00eda 77 a\u00f1os.","og_url":"https:\/\/eltecolote.org\/content\/es\/ray-patlan-muralista-fallece\/","og_site_name":"El Tecolote","article_publisher":"https:\/\/www.facebook.com\/ElTecoloteSF\/","article_published_time":"2024-04-17T02:05:54+00:00","article_modified_time":"2024-04-17T02:05:57+00:00","og_image":[{"width":1500,"height":1000,"url":"https:\/\/eltecolote.org\/content\/wp-content\/uploads\/2024\/04\/RAY_PATLAN_MURALIST_2-medium-1.jpg","type":"image\/jpeg"}],"author":"Juan Gonzales","twitter_card":"summary_large_image","twitter_creator":"@eltecolotesf","twitter_site":"@eltecolotesf","twitter_misc":{"Written by":"Juan Gonzales","Est. reading time":"1 minute"},"schema":{"@context":"https:\/\/schema.org","@graph":[{"@type":"NewsArticle","@id":"https:\/\/eltecolote.org\/content\/es\/ray-patlan-muralista-fallece\/#article","isPartOf":{"@id":"https:\/\/eltecolote.org\/content\/es\/ray-patlan-muralista-fallece\/"},"author":{"name":"Erika Carlos","@id":"https:\/\/eltecolote.org\/content\/#\/schema\/person\/98e31c3dda2abc936b778a5b89858b5b"},"headline":"Querido muralista de la Misi\u00f3n, Ray Patl\u00e1n, muere a los 77 a\u00f1os","datePublished":"2024-04-17T02:05:54+00:00","dateModified":"2024-04-17T02:05:57+00:00","mainEntityOfPage":{"@id":"https:\/\/eltecolote.org\/content\/es\/ray-patlan-muralista-fallece\/"},"wordCount":210,"publisher":{"@id":"https:\/\/eltecolote.org\/content\/#organization"},"image":{"@id":"https:\/\/eltecolote.org\/content\/es\/ray-patlan-muralista-fallece\/#primaryimage"},"thumbnailUrl":"https:\/\/i0.wp.com\/eltecolote.org\/content\/wp-content\/uploads\/2024\/04\/RAY_PATLAN_MURALIST_2-medium-1.jpg?fit=1500%2C1000&quality=89&ssl=1","articleSection":["Arte","Obituarios","Voces"],"inLanguage":"en"},{"@type":"WebPage","@id":"https:\/\/eltecolote.org\/content\/es\/ray-patlan-muralista-fallece\/","url":"https:\/\/eltecolote.org\/content\/es\/ray-patlan-muralista-fallece\/","name":"Querido muralista de la Misi\u00f3n, Ray Patl\u00e1n, muere a los 77 a\u00f1os","isPartOf":{"@id":"https:\/\/eltecolote.org\/content\/#website"},"primaryImageOfPage":{"@id":"https:\/\/eltecolote.org\/content\/es\/ray-patlan-muralista-fallece\/#primaryimage"},"image":{"@id":"https:\/\/eltecolote.org\/content\/es\/ray-patlan-muralista-fallece\/#primaryimage"},"thumbnailUrl":"https:\/\/i0.wp.com\/eltecolote.org\/content\/wp-content\/uploads\/2024\/04\/RAY_PATLAN_MURALIST_2-medium-1.jpg?fit=1500%2C1000&quality=89&ssl=1","datePublished":"2024-04-17T02:05:54+00:00","dateModified":"2024-04-17T02:05:57+00:00","description":"Ray Patl\u00e1n, un querido artista y pilar del movimiento muralista en el pa\u00eds, falleci\u00f3 abril 15 en un hospicio de Oakland. Ten\u00eda 77 a\u00f1os.","inLanguage":"en","potentialAction":[{"@type":"ReadAction","target":["https:\/\/eltecolote.org\/content\/es\/ray-patlan-muralista-fallece\/"]}]},{"@type":"ImageObject","inLanguage":"en","@id":"https:\/\/eltecolote.org\/content\/es\/ray-patlan-muralista-fallece\/#primaryimage","url":"https:\/\/i0.wp.com\/eltecolote.org\/content\/wp-content\/uploads\/2024\/04\/RAY_PATLAN_MURALIST_2-medium-1.jpg?fit=1500%2C1000&quality=89&ssl=1","contentUrl":"https:\/\/i0.wp.com\/eltecolote.org\/content\/wp-content\/uploads\/2024\/04\/RAY_PATLAN_MURALIST_2-medium-1.jpg?fit=1500%2C1000&quality=89&ssl=1","width":1500,"height":1000,"caption":"Ray Patl\u00e1n, frente a su m\u00e1s reciente mural, ubicado en Casa de la Misi\u00f3n, un edificio que ofrece vivienda accesible a personas adultas mayores."},{"@type":"WebSite","@id":"https:\/\/eltecolote.org\/content\/#website","url":"https:\/\/eltecolote.org\/content\/","name":"El Tecolote","description":"San Francisco's Latinx newspaper since 1970","publisher":{"@id":"https:\/\/eltecolote.org\/content\/#organization"},"potentialAction":[{"@type":"SearchAction","target":{"@type":"EntryPoint","urlTemplate":"https:\/\/eltecolote.org\/content\/?s={search_term_string}"},"query-input":{"@type":"PropertyValueSpecification","valueRequired":true,"valueName":"search_term_string"}}],"inLanguage":"en"},{"@type":"Organization","@id":"https:\/\/eltecolote.org\/content\/#organization","name":"El Tecolote","url":"https:\/\/eltecolote.org\/content\/","logo":{"@type":"ImageObject","inLanguage":"en","@id":"https:\/\/eltecolote.org\/content\/#\/schema\/logo\/image\/","url":"https:\/\/i0.wp.com\/eltecolote.org\/content\/wp-content\/uploads\/2021\/05\/ETlogo-1.jpg?fit=400%2C400&ssl=1","contentUrl":"https:\/\/i0.wp.com\/eltecolote.org\/content\/wp-content\/uploads\/2021\/05\/ETlogo-1.jpg?fit=400%2C400&ssl=1","width":400,"height":400,"caption":"El Tecolote"},"image":{"@id":"https:\/\/eltecolote.org\/content\/#\/schema\/logo\/image\/"},"sameAs":["https:\/\/www.facebook.com\/ElTecoloteSF\/","https:\/\/x.com\/eltecolotesf","https:\/\/www.instagram.com\/eltecolotesf\/"]},{"@type":"Person","@id":"https:\/\/eltecolote.org\/content\/#\/schema\/person\/98e31c3dda2abc936b778a5b89858b5b","name":"Erika Carlos","image":{"@type":"ImageObject","inLanguage":"en","@id":"https:\/\/secure.gravatar.com\/avatar\/c475d3004521f4d0d5a6fdb0c06627dda6651ec3c3dfd7219ab52ae67cce05b1?s=96&d=mm&r=gc4d9fd78108a8a2ca4bcc88ab0d76304","url":"https:\/\/secure.gravatar.com\/avatar\/c475d3004521f4d0d5a6fdb0c06627dda6651ec3c3dfd7219ab52ae67cce05b1?s=96&d=mm&r=g","contentUrl":"https:\/\/secure.gravatar.com\/avatar\/c475d3004521f4d0d5a6fdb0c06627dda6651ec3c3dfd7219ab52ae67cce05b1?s=96&d=mm&r=g","caption":"Erika Carlos"},"url":"https:\/\/eltecolote.org\/content\/author\/erikacarlos\/"}]}},"distributor_meta":false,"distributor_terms":false,"distributor_media":false,"distributor_original_site_name":"El Tecolote","distributor_original_site_url":"https:\/\/eltecolote.org\/content","push-errors":false,"_links":{"self":[{"href":"https:\/\/eltecolote.org\/content\/wp-json\/wp\/v2\/posts\/60105","targetHints":{"allow":["GET"]}}],"collection":[{"href":"https:\/\/eltecolote.org\/content\/wp-json\/wp\/v2\/posts"}],"about":[{"href":"https:\/\/eltecolote.org\/content\/wp-json\/wp\/v2\/types\/post"}],"author":[{"embeddable":true,"href":"https:\/\/eltecolote.org\/content\/wp-json\/wp\/v2\/users\/88922"}],"replies":[{"embeddable":true,"href":"https:\/\/eltecolote.org\/content\/wp-json\/wp\/v2\/comments?post=60105"}],"version-history":[{"count":1,"href":"https:\/\/eltecolote.org\/content\/wp-json\/wp\/v2\/posts\/60105\/revisions"}],"predecessor-version":[{"id":60108,"href":"https:\/\/eltecolote.org\/content\/wp-json\/wp\/v2\/posts\/60105\/revisions\/60108"}],"wp:featuredmedia":[{"embeddable":true,"href":"https:\/\/eltecolote.org\/content\/wp-json\/wp\/v2\/media\/60107"}],"wp:attachment":[{"href":"https:\/\/eltecolote.org\/content\/wp-json\/wp\/v2\/media?parent=60105"}],"wp:term":[{"taxonomy":"category","embeddable":true,"href":"https:\/\/eltecolote.org\/content\/wp-json\/wp\/v2\/categories?post=60105"},{"taxonomy":"post_tag","embeddable":true,"href":"https:\/\/eltecolote.org\/content\/wp-json\/wp\/v2\/tags?post=60105"},{"taxonomy":"author","embeddable":true,"href":"https:\/\/eltecolote.org\/content\/wp-json\/wp\/v2\/coauthors?post=60105"}],"curies":[{"name":"wp","href":"https:\/\/api.w.org\/{rel}","templated":true}]}}