{"id":58264,"date":"2023-11-02T12:05:11","date_gmt":"2023-11-02T19:05:11","guid":{"rendered":"https:\/\/eltecolote.org\/content\/?p=58264"},"modified":"2023-11-02T12:05:15","modified_gmt":"2023-11-02T19:05:15","slug":"roberto-hernandez-activista-comunitario-de-la-mision-contendiente-para-supervisor-del-distrito-9","status":"publish","type":"post","link":"https:\/\/eltecolote.org\/content\/es\/roberto-hernandez-activista-comunitario-de-la-mision-contendiente-para-supervisor-del-distrito-9\/","title":{"rendered":"Roberto Hernandez, activista comunitario de la Misi\u00f3n, contendiente para Supervisor del Distrito 9"},"content":{"rendered":"\n<p>Con la presencia de unos doscientos simpatizantes reunidos en las escalinatas del ayuntamiento de la ciudad, Roberto Hern\u00e1ndez, activista comunitario de la Misi\u00f3n, lanz\u00f3 formalmente su campa\u00f1a para ser supervisor del Distrito 9, un distrito que supervisa la Misi\u00f3n.<\/p>\n\n\n\n<p>Hern\u00e1ndez present\u00f3 su registro de candidatura a la Junta de Supervisores el 18 de octubre. Amigos, familiares y simpatizantes acudieron al ayuntamiento para esta solicitud al esca\u00f1o de supervisor que actualmente ocupa Hillary Ronen.<\/p>\n\n\n\n<figure class=\"wp-block-image size-full\"><img data-recalc-dims=\"1\" loading=\"lazy\" decoding=\"async\" width=\"1200\" height=\"720\" src=\"https:\/\/i0.wp.com\/eltecolote.org\/content\/wp-content\/uploads\/2023\/11\/20231018_SF_TECO_RobertoHernandez_03_web-1.jpeg?resize=1200%2C720&#038;quality=89&#038;ssl=1\" alt=\"\" class=\"wp-image-58266\" srcset=\"https:\/\/i0.wp.com\/eltecolote.org\/content\/wp-content\/uploads\/2023\/11\/20231018_SF_TECO_RobertoHernandez_03_web-1.jpeg?w=1200&amp;quality=89&amp;ssl=1 1200w, https:\/\/i0.wp.com\/eltecolote.org\/content\/wp-content\/uploads\/2023\/11\/20231018_SF_TECO_RobertoHernandez_03_web-1.jpeg?resize=360%2C216&amp;quality=89&amp;ssl=1 360w, https:\/\/i0.wp.com\/eltecolote.org\/content\/wp-content\/uploads\/2023\/11\/20231018_SF_TECO_RobertoHernandez_03_web-1.jpeg?resize=600%2C360&amp;quality=89&amp;ssl=1 600w, https:\/\/i0.wp.com\/eltecolote.org\/content\/wp-content\/uploads\/2023\/11\/20231018_SF_TECO_RobertoHernandez_03_web-1.jpeg?resize=768%2C461&amp;quality=89&amp;ssl=1 768w, https:\/\/i0.wp.com\/eltecolote.org\/content\/wp-content\/uploads\/2023\/11\/20231018_SF_TECO_RobertoHernandez_03_web-1.jpeg?resize=400%2C240&amp;quality=89&amp;ssl=1 400w\" sizes=\"auto, (max-width: 1000px) 100vw, 1000px\" \/><figcaption class=\"wp-element-caption\">En compa\u00f1\u00eda de unos 200 simpatizantes reunidos el 18 de octubre en las escaleras del Ayuntamiento de la ciudad, el veterano activista comunitario de la Misi\u00f3n, Roberto Hern\u00e1ndez, lanza formalmente su campa\u00f1a para ser supervisor del Distrito 9. Foto: Jeremy Word<\/figcaption><\/figure>\n\n\n\n<p>Hern\u00e1ndez dijo sentirse abrumado por el apoyo local que es fundamental para su candidatura: &#8220;Nos presentamos juntos porque ninguna persona puede hacer lo que hay que hacer ahora. No es una campa\u00f1a del yo, sino de nosotros&#8221;.<\/p>\n\n\n\n<p>Tras el registro de su candidatura, Hern\u00e1ndez dijo que \u00e9l y su equipo ya hab\u00edan recaudado $10 mil d\u00f3lares en las primeras diez horas de candidatura. Tambi\u00e9n declar\u00f3 que su campa\u00f1a ya hab\u00eda obtenido el respaldo del Local 350 de los Teamsters.&nbsp;<\/p>\n\n\n\n<p>Como activista, residente y organizador comunitario de la Misi\u00f3n desde hace mucho tiempo, Hern\u00e1ndez dijo que sus principales prioridades ser\u00edan la vivienda asequible, la asistencia para quienes sufren de adicciones, la falta de vivienda, la recuperaci\u00f3n econ\u00f3mica a trav\u00e9s de la reactivaci\u00f3n de locales comerciales vac\u00edos y la agricultura urbana.<\/p>\n\n\n\n<figure class=\"wp-block-image size-full\"><img data-recalc-dims=\"1\" loading=\"lazy\" decoding=\"async\" width=\"1200\" height=\"720\" src=\"https:\/\/i0.wp.com\/eltecolote.org\/content\/wp-content\/uploads\/2023\/11\/20231018_SF_TECO_RobertoHernandez_02_web-1.jpeg?resize=1200%2C720&#038;quality=89&#038;ssl=1\" alt=\"\" class=\"wp-image-58267\" srcset=\"https:\/\/i0.wp.com\/eltecolote.org\/content\/wp-content\/uploads\/2023\/11\/20231018_SF_TECO_RobertoHernandez_02_web-1.jpeg?w=1200&amp;quality=89&amp;ssl=1 1200w, https:\/\/i0.wp.com\/eltecolote.org\/content\/wp-content\/uploads\/2023\/11\/20231018_SF_TECO_RobertoHernandez_02_web-1.jpeg?resize=360%2C216&amp;quality=89&amp;ssl=1 360w, https:\/\/i0.wp.com\/eltecolote.org\/content\/wp-content\/uploads\/2023\/11\/20231018_SF_TECO_RobertoHernandez_02_web-1.jpeg?resize=600%2C360&amp;quality=89&amp;ssl=1 600w, https:\/\/i0.wp.com\/eltecolote.org\/content\/wp-content\/uploads\/2023\/11\/20231018_SF_TECO_RobertoHernandez_02_web-1.jpeg?resize=768%2C461&amp;quality=89&amp;ssl=1 768w, https:\/\/i0.wp.com\/eltecolote.org\/content\/wp-content\/uploads\/2023\/11\/20231018_SF_TECO_RobertoHernandez_02_web-1.jpeg?resize=400%2C240&amp;quality=89&amp;ssl=1 400w\" sizes=\"auto, (max-width: 1000px) 100vw, 1000px\" \/><figcaption class=\"wp-element-caption\">En compa\u00f1\u00eda de unos 200 simpatizantes reunidos el 18 de octubre en las escaleras del Ayuntamiento de la ciudad, el veterano activista comunitario de la Misi\u00f3n, Roberto Hern\u00e1ndez, lanza formalmente su campa\u00f1a para ser supervisor del Distrito 9. Foto: Jeremy Word<\/figcaption><\/figure>\n\n\n\n<p>Hern\u00e1ndez, quien adem\u00e1s es fundador del Mission Food Hub, del San Francisco Lowrider Council y lleva 45 a\u00f1os participando en la producci\u00f3n del Carnaval, afirm\u00f3 que &#8220;haber trabajado en la fuerza laboral, la reforma de la justicia juvenil y en otras muchas \u00e1reas de trabajo de justicia social forma parte de mi ADN. Y lo m\u00e1s importante, estoy aqu\u00ed para quedarme&#8221;. Y a\u00f1adi\u00f3: &#8220;No voy a ir a ninguna parte. Si miro a nuestros anteriores supervisores, la mayor\u00eda se han ido de la ciudad, ya ni siquiera viven aqu\u00ed&#8221;.<\/p>\n\n\n\n<p>Las pr\u00f3ximas elecciones generales de San Francisco tendr\u00e1n lugar el 5 de noviembre de 2024, y el Distrito 9 es el que cuenta con m\u00e1s candidatos.<\/p>\n","protected":false},"excerpt":{"rendered":"<p>Con la presencia de unos doscientos simpatizantes reunidos en las escalinatas del ayuntamiento de la ciudad, Roberto Hern\u00e1ndez, activista comunitario de la Misi\u00f3n, lanz\u00f3 formalmente su campa\u00f1a para ser supervisor del Distrito 9, un distrito que supervisa la Misi\u00f3n. Hern\u00e1ndez present\u00f3 su registro de candidatura a la Junta de Supervisores el 18 de octubre. Amigos, [&hellip;]<\/p>\n","protected":false},"author":35,"featured_media":58267,"comment_status":"closed","ping_status":"closed","sticky":false,"template":"","format":"standard","meta":{"newspack_popups_has_disabled_popups":false,"newspack_featured_image_position":"behind","newspack_post_subtitle":"","newspack_article_summary_title":"Overview:","newspack_article_summary":"","newspack_hide_updated_date":false,"newspack_show_updated_date":false,"footnotes":""},"categories":[3519],"tags":[24767],"coauthors":[23967],"class_list":["post-58264","post","type-post","status-publish","format-standard","has-post-thumbnail","hentry","category-noticias","tag-elecciones-2024","entry"],"yoast_head":"<!-- This site is optimized with the Yoast SEO plugin v27.5 - https:\/\/yoast.com\/product\/yoast-seo-wordpress\/ -->\n<title>Roberto Hernandez, activista comunitario de la Misi\u00f3n, contendiente para Supervisor del Distrito 9 - El Tecolote<\/title>\n<meta name=\"description\" content=\"Con la presencia de unos doscientos simpatizantes reunidos en las escalinatas del ayuntamiento de la ciudad, Roberto Hern\u00e1ndez, activista comunitario de\" \/>\n<meta name=\"robots\" content=\"index, follow, max-snippet:-1, max-image-preview:large, max-video-preview:-1\" \/>\n<link rel=\"canonical\" href=\"https:\/\/eltecolote.org\/content\/es\/roberto-hernandez-activista-comunitario-de-la-mision-contendiente-para-supervisor-del-distrito-9\/\" \/>\n<meta property=\"og:locale\" content=\"en_US\" \/>\n<meta property=\"og:type\" content=\"article\" \/>\n<meta property=\"og:title\" content=\"Roberto Hernandez, activista comunitario de la Misi\u00f3n, contendiente para Supervisor del Distrito 9 - El Tecolote\" \/>\n<meta property=\"og:description\" content=\"Con la presencia de unos doscientos simpatizantes reunidos en las escalinatas del ayuntamiento de la ciudad, Roberto Hern\u00e1ndez, activista comunitario de\" \/>\n<meta property=\"og:url\" content=\"https:\/\/eltecolote.org\/content\/es\/roberto-hernandez-activista-comunitario-de-la-mision-contendiente-para-supervisor-del-distrito-9\/\" \/>\n<meta property=\"og:site_name\" content=\"El Tecolote\" \/>\n<meta property=\"article:publisher\" content=\"https:\/\/www.facebook.com\/ElTecoloteSF\/\" \/>\n<meta property=\"article:published_time\" content=\"2023-11-02T19:05:11+00:00\" \/>\n<meta property=\"article:modified_time\" content=\"2023-11-02T19:05:15+00:00\" \/>\n<meta property=\"og:image\" content=\"https:\/\/eltecolote.org\/content\/wp-content\/uploads\/2023\/11\/20231018_SF_TECO_RobertoHernandez_02_web-1.jpeg\" \/>\n\t<meta property=\"og:image:width\" content=\"1200\" \/>\n\t<meta property=\"og:image:height\" content=\"720\" \/>\n\t<meta property=\"og:image:type\" content=\"image\/jpeg\" \/>\n<meta name=\"author\" content=\"Colton Webster\" \/>\n<meta name=\"twitter:card\" content=\"summary_large_image\" \/>\n<meta name=\"twitter:creator\" content=\"@eltecolotesf\" \/>\n<meta name=\"twitter:site\" content=\"@eltecolotesf\" \/>\n<meta name=\"twitter:label1\" content=\"Written by\" \/>\n\t<meta name=\"twitter:data1\" content=\"Colton Webster\" \/>\n\t<meta name=\"twitter:label2\" content=\"Est. reading time\" \/>\n\t<meta name=\"twitter:data2\" content=\"2 minutes\" \/>\n<script type=\"application\/ld+json\" class=\"yoast-schema-graph\">{\"@context\":\"https:\\\/\\\/schema.org\",\"@graph\":[{\"@type\":\"NewsArticle\",\"@id\":\"https:\\\/\\\/eltecolote.org\\\/content\\\/es\\\/roberto-hernandez-activista-comunitario-de-la-mision-contendiente-para-supervisor-del-distrito-9\\\/#article\",\"isPartOf\":{\"@id\":\"https:\\\/\\\/eltecolote.org\\\/content\\\/es\\\/roberto-hernandez-activista-comunitario-de-la-mision-contendiente-para-supervisor-del-distrito-9\\\/\"},\"author\":{\"name\":\"El Tecolote Staff\",\"@id\":\"https:\\\/\\\/eltecolote.org\\\/content\\\/#\\\/schema\\\/person\\\/08828d10185eba96895a8363a269410e\"},\"headline\":\"Roberto Hernandez, activista comunitario de la Misi\u00f3n, contendiente para Supervisor del Distrito 9\",\"datePublished\":\"2023-11-02T19:05:11+00:00\",\"dateModified\":\"2023-11-02T19:05:15+00:00\",\"mainEntityOfPage\":{\"@id\":\"https:\\\/\\\/eltecolote.org\\\/content\\\/es\\\/roberto-hernandez-activista-comunitario-de-la-mision-contendiente-para-supervisor-del-distrito-9\\\/\"},\"wordCount\":439,\"publisher\":{\"@id\":\"https:\\\/\\\/eltecolote.org\\\/content\\\/#organization\"},\"image\":{\"@id\":\"https:\\\/\\\/eltecolote.org\\\/content\\\/es\\\/roberto-hernandez-activista-comunitario-de-la-mision-contendiente-para-supervisor-del-distrito-9\\\/#primaryimage\"},\"thumbnailUrl\":\"https:\\\/\\\/i0.wp.com\\\/eltecolote.org\\\/content\\\/wp-content\\\/uploads\\\/2023\\\/11\\\/20231018_SF_TECO_RobertoHernandez_02_web-1.jpeg?fit=1200%2C720&quality=89&ssl=1\",\"keywords\":[\"Elecciones 2024\"],\"articleSection\":[\"Noticias\"],\"inLanguage\":\"en\"},{\"@type\":\"WebPage\",\"@id\":\"https:\\\/\\\/eltecolote.org\\\/content\\\/es\\\/roberto-hernandez-activista-comunitario-de-la-mision-contendiente-para-supervisor-del-distrito-9\\\/\",\"url\":\"https:\\\/\\\/eltecolote.org\\\/content\\\/es\\\/roberto-hernandez-activista-comunitario-de-la-mision-contendiente-para-supervisor-del-distrito-9\\\/\",\"name\":\"Roberto Hernandez, activista comunitario de la Misi\u00f3n, contendiente para Supervisor del Distrito 9 - El Tecolote\",\"isPartOf\":{\"@id\":\"https:\\\/\\\/eltecolote.org\\\/content\\\/#website\"},\"primaryImageOfPage\":{\"@id\":\"https:\\\/\\\/eltecolote.org\\\/content\\\/es\\\/roberto-hernandez-activista-comunitario-de-la-mision-contendiente-para-supervisor-del-distrito-9\\\/#primaryimage\"},\"image\":{\"@id\":\"https:\\\/\\\/eltecolote.org\\\/content\\\/es\\\/roberto-hernandez-activista-comunitario-de-la-mision-contendiente-para-supervisor-del-distrito-9\\\/#primaryimage\"},\"thumbnailUrl\":\"https:\\\/\\\/i0.wp.com\\\/eltecolote.org\\\/content\\\/wp-content\\\/uploads\\\/2023\\\/11\\\/20231018_SF_TECO_RobertoHernandez_02_web-1.jpeg?fit=1200%2C720&quality=89&ssl=1\",\"datePublished\":\"2023-11-02T19:05:11+00:00\",\"dateModified\":\"2023-11-02T19:05:15+00:00\",\"description\":\"Con la presencia de unos doscientos simpatizantes reunidos en las escalinatas del ayuntamiento de la ciudad, Roberto Hern\u00e1ndez, activista comunitario de\",\"inLanguage\":\"en\",\"potentialAction\":[{\"@type\":\"ReadAction\",\"target\":[\"https:\\\/\\\/eltecolote.org\\\/content\\\/es\\\/roberto-hernandez-activista-comunitario-de-la-mision-contendiente-para-supervisor-del-distrito-9\\\/\"]}]},{\"@type\":\"ImageObject\",\"inLanguage\":\"en\",\"@id\":\"https:\\\/\\\/eltecolote.org\\\/content\\\/es\\\/roberto-hernandez-activista-comunitario-de-la-mision-contendiente-para-supervisor-del-distrito-9\\\/#primaryimage\",\"url\":\"https:\\\/\\\/i0.wp.com\\\/eltecolote.org\\\/content\\\/wp-content\\\/uploads\\\/2023\\\/11\\\/20231018_SF_TECO_RobertoHernandez_02_web-1.jpeg?fit=1200%2C720&quality=89&ssl=1\",\"contentUrl\":\"https:\\\/\\\/i0.wp.com\\\/eltecolote.org\\\/content\\\/wp-content\\\/uploads\\\/2023\\\/11\\\/20231018_SF_TECO_RobertoHernandez_02_web-1.jpeg?fit=1200%2C720&quality=89&ssl=1\",\"width\":1200,\"height\":720,\"caption\":\"En compa\u00f1\u00eda de unos 200 simpatizantes reunidos el 18 de octubre en las escaleras del Ayuntamiento de la ciudad, el veterano activista comunitario de la Misi\u00f3n, Roberto Hern\u00e1ndez, lanza formalmente su campa\u00f1a para ser supervisor del Distrito 9. Foto: Jeremy Word\"},{\"@type\":\"WebSite\",\"@id\":\"https:\\\/\\\/eltecolote.org\\\/content\\\/#website\",\"url\":\"https:\\\/\\\/eltecolote.org\\\/content\\\/\",\"name\":\"El Tecolote\",\"description\":\"San Francisco's Latinx newspaper since 1970\",\"publisher\":{\"@id\":\"https:\\\/\\\/eltecolote.org\\\/content\\\/#organization\"},\"potentialAction\":[{\"@type\":\"SearchAction\",\"target\":{\"@type\":\"EntryPoint\",\"urlTemplate\":\"https:\\\/\\\/eltecolote.org\\\/content\\\/?s={search_term_string}\"},\"query-input\":{\"@type\":\"PropertyValueSpecification\",\"valueRequired\":true,\"valueName\":\"search_term_string\"}}],\"inLanguage\":\"en\"},{\"@type\":\"Organization\",\"@id\":\"https:\\\/\\\/eltecolote.org\\\/content\\\/#organization\",\"name\":\"El Tecolote\",\"url\":\"https:\\\/\\\/eltecolote.org\\\/content\\\/\",\"logo\":{\"@type\":\"ImageObject\",\"inLanguage\":\"en\",\"@id\":\"https:\\\/\\\/eltecolote.org\\\/content\\\/#\\\/schema\\\/logo\\\/image\\\/\",\"url\":\"https:\\\/\\\/i0.wp.com\\\/eltecolote.org\\\/content\\\/wp-content\\\/uploads\\\/2021\\\/05\\\/ETlogo-1.jpg?fit=400%2C400&ssl=1\",\"contentUrl\":\"https:\\\/\\\/i0.wp.com\\\/eltecolote.org\\\/content\\\/wp-content\\\/uploads\\\/2021\\\/05\\\/ETlogo-1.jpg?fit=400%2C400&ssl=1\",\"width\":400,\"height\":400,\"caption\":\"El Tecolote\"},\"image\":{\"@id\":\"https:\\\/\\\/eltecolote.org\\\/content\\\/#\\\/schema\\\/logo\\\/image\\\/\"},\"sameAs\":[\"https:\\\/\\\/www.facebook.com\\\/ElTecoloteSF\\\/\",\"https:\\\/\\\/x.com\\\/eltecolotesf\",\"https:\\\/\\\/www.instagram.com\\\/eltecolotesf\\\/\"]},{\"@type\":\"Person\",\"@id\":\"https:\\\/\\\/eltecolote.org\\\/content\\\/#\\\/schema\\\/person\\\/08828d10185eba96895a8363a269410e\",\"name\":\"El Tecolote Staff\",\"image\":{\"@type\":\"ImageObject\",\"inLanguage\":\"en\",\"@id\":\"https:\\\/\\\/secure.gravatar.com\\\/avatar\\\/9534c92c8c908364e186a64d93efc86f62367109d1b07a3454facde655968589?s=96&d=mm&r=g6afcb607783e095e4cf6be807353924d\",\"url\":\"https:\\\/\\\/secure.gravatar.com\\\/avatar\\\/9534c92c8c908364e186a64d93efc86f62367109d1b07a3454facde655968589?s=96&d=mm&r=g\",\"contentUrl\":\"https:\\\/\\\/secure.gravatar.com\\\/avatar\\\/9534c92c8c908364e186a64d93efc86f62367109d1b07a3454facde655968589?s=96&d=mm&r=g\",\"caption\":\"El Tecolote Staff\"},\"url\":\"https:\\\/\\\/eltecolote.org\\\/content\\\/author\\\/web-editor\\\/\"}]}<\/script>\n<!-- \/ Yoast SEO plugin. -->","yoast_head_json":{"title":"Roberto Hernandez, activista comunitario de la Misi\u00f3n, contendiente para Supervisor del Distrito 9 - El Tecolote","description":"Con la presencia de unos doscientos simpatizantes reunidos en las escalinatas del ayuntamiento de la ciudad, Roberto Hern\u00e1ndez, activista comunitario de","robots":{"index":"index","follow":"follow","max-snippet":"max-snippet:-1","max-image-preview":"max-image-preview:large","max-video-preview":"max-video-preview:-1"},"canonical":"https:\/\/eltecolote.org\/content\/es\/roberto-hernandez-activista-comunitario-de-la-mision-contendiente-para-supervisor-del-distrito-9\/","og_locale":"en_US","og_type":"article","og_title":"Roberto Hernandez, activista comunitario de la Misi\u00f3n, contendiente para Supervisor del Distrito 9 - El Tecolote","og_description":"Con la presencia de unos doscientos simpatizantes reunidos en las escalinatas del ayuntamiento de la ciudad, Roberto Hern\u00e1ndez, activista comunitario de","og_url":"https:\/\/eltecolote.org\/content\/es\/roberto-hernandez-activista-comunitario-de-la-mision-contendiente-para-supervisor-del-distrito-9\/","og_site_name":"El Tecolote","article_publisher":"https:\/\/www.facebook.com\/ElTecoloteSF\/","article_published_time":"2023-11-02T19:05:11+00:00","article_modified_time":"2023-11-02T19:05:15+00:00","og_image":[{"width":1200,"height":720,"url":"https:\/\/eltecolote.org\/content\/wp-content\/uploads\/2023\/11\/20231018_SF_TECO_RobertoHernandez_02_web-1.jpeg","type":"image\/jpeg"}],"author":"Colton Webster","twitter_card":"summary_large_image","twitter_creator":"@eltecolotesf","twitter_site":"@eltecolotesf","twitter_misc":{"Written by":"Colton Webster","Est. reading time":"2 minutes"},"schema":{"@context":"https:\/\/schema.org","@graph":[{"@type":"NewsArticle","@id":"https:\/\/eltecolote.org\/content\/es\/roberto-hernandez-activista-comunitario-de-la-mision-contendiente-para-supervisor-del-distrito-9\/#article","isPartOf":{"@id":"https:\/\/eltecolote.org\/content\/es\/roberto-hernandez-activista-comunitario-de-la-mision-contendiente-para-supervisor-del-distrito-9\/"},"author":{"name":"El Tecolote Staff","@id":"https:\/\/eltecolote.org\/content\/#\/schema\/person\/08828d10185eba96895a8363a269410e"},"headline":"Roberto Hernandez, activista comunitario de la Misi\u00f3n, contendiente para Supervisor del Distrito 9","datePublished":"2023-11-02T19:05:11+00:00","dateModified":"2023-11-02T19:05:15+00:00","mainEntityOfPage":{"@id":"https:\/\/eltecolote.org\/content\/es\/roberto-hernandez-activista-comunitario-de-la-mision-contendiente-para-supervisor-del-distrito-9\/"},"wordCount":439,"publisher":{"@id":"https:\/\/eltecolote.org\/content\/#organization"},"image":{"@id":"https:\/\/eltecolote.org\/content\/es\/roberto-hernandez-activista-comunitario-de-la-mision-contendiente-para-supervisor-del-distrito-9\/#primaryimage"},"thumbnailUrl":"https:\/\/i0.wp.com\/eltecolote.org\/content\/wp-content\/uploads\/2023\/11\/20231018_SF_TECO_RobertoHernandez_02_web-1.jpeg?fit=1200%2C720&quality=89&ssl=1","keywords":["Elecciones 2024"],"articleSection":["Noticias"],"inLanguage":"en"},{"@type":"WebPage","@id":"https:\/\/eltecolote.org\/content\/es\/roberto-hernandez-activista-comunitario-de-la-mision-contendiente-para-supervisor-del-distrito-9\/","url":"https:\/\/eltecolote.org\/content\/es\/roberto-hernandez-activista-comunitario-de-la-mision-contendiente-para-supervisor-del-distrito-9\/","name":"Roberto Hernandez, activista comunitario de la Misi\u00f3n, contendiente para Supervisor del Distrito 9 - El Tecolote","isPartOf":{"@id":"https:\/\/eltecolote.org\/content\/#website"},"primaryImageOfPage":{"@id":"https:\/\/eltecolote.org\/content\/es\/roberto-hernandez-activista-comunitario-de-la-mision-contendiente-para-supervisor-del-distrito-9\/#primaryimage"},"image":{"@id":"https:\/\/eltecolote.org\/content\/es\/roberto-hernandez-activista-comunitario-de-la-mision-contendiente-para-supervisor-del-distrito-9\/#primaryimage"},"thumbnailUrl":"https:\/\/i0.wp.com\/eltecolote.org\/content\/wp-content\/uploads\/2023\/11\/20231018_SF_TECO_RobertoHernandez_02_web-1.jpeg?fit=1200%2C720&quality=89&ssl=1","datePublished":"2023-11-02T19:05:11+00:00","dateModified":"2023-11-02T19:05:15+00:00","description":"Con la presencia de unos doscientos simpatizantes reunidos en las escalinatas del ayuntamiento de la ciudad, Roberto Hern\u00e1ndez, activista comunitario de","inLanguage":"en","potentialAction":[{"@type":"ReadAction","target":["https:\/\/eltecolote.org\/content\/es\/roberto-hernandez-activista-comunitario-de-la-mision-contendiente-para-supervisor-del-distrito-9\/"]}]},{"@type":"ImageObject","inLanguage":"en","@id":"https:\/\/eltecolote.org\/content\/es\/roberto-hernandez-activista-comunitario-de-la-mision-contendiente-para-supervisor-del-distrito-9\/#primaryimage","url":"https:\/\/i0.wp.com\/eltecolote.org\/content\/wp-content\/uploads\/2023\/11\/20231018_SF_TECO_RobertoHernandez_02_web-1.jpeg?fit=1200%2C720&quality=89&ssl=1","contentUrl":"https:\/\/i0.wp.com\/eltecolote.org\/content\/wp-content\/uploads\/2023\/11\/20231018_SF_TECO_RobertoHernandez_02_web-1.jpeg?fit=1200%2C720&quality=89&ssl=1","width":1200,"height":720,"caption":"En compa\u00f1\u00eda de unos 200 simpatizantes reunidos el 18 de octubre en las escaleras del Ayuntamiento de la ciudad, el veterano activista comunitario de la Misi\u00f3n, Roberto Hern\u00e1ndez, lanza formalmente su campa\u00f1a para ser supervisor del Distrito 9. Foto: Jeremy Word"},{"@type":"WebSite","@id":"https:\/\/eltecolote.org\/content\/#website","url":"https:\/\/eltecolote.org\/content\/","name":"El Tecolote","description":"San Francisco's Latinx newspaper since 1970","publisher":{"@id":"https:\/\/eltecolote.org\/content\/#organization"},"potentialAction":[{"@type":"SearchAction","target":{"@type":"EntryPoint","urlTemplate":"https:\/\/eltecolote.org\/content\/?s={search_term_string}"},"query-input":{"@type":"PropertyValueSpecification","valueRequired":true,"valueName":"search_term_string"}}],"inLanguage":"en"},{"@type":"Organization","@id":"https:\/\/eltecolote.org\/content\/#organization","name":"El Tecolote","url":"https:\/\/eltecolote.org\/content\/","logo":{"@type":"ImageObject","inLanguage":"en","@id":"https:\/\/eltecolote.org\/content\/#\/schema\/logo\/image\/","url":"https:\/\/i0.wp.com\/eltecolote.org\/content\/wp-content\/uploads\/2021\/05\/ETlogo-1.jpg?fit=400%2C400&ssl=1","contentUrl":"https:\/\/i0.wp.com\/eltecolote.org\/content\/wp-content\/uploads\/2021\/05\/ETlogo-1.jpg?fit=400%2C400&ssl=1","width":400,"height":400,"caption":"El Tecolote"},"image":{"@id":"https:\/\/eltecolote.org\/content\/#\/schema\/logo\/image\/"},"sameAs":["https:\/\/www.facebook.com\/ElTecoloteSF\/","https:\/\/x.com\/eltecolotesf","https:\/\/www.instagram.com\/eltecolotesf\/"]},{"@type":"Person","@id":"https:\/\/eltecolote.org\/content\/#\/schema\/person\/08828d10185eba96895a8363a269410e","name":"El Tecolote Staff","image":{"@type":"ImageObject","inLanguage":"en","@id":"https:\/\/secure.gravatar.com\/avatar\/9534c92c8c908364e186a64d93efc86f62367109d1b07a3454facde655968589?s=96&d=mm&r=g6afcb607783e095e4cf6be807353924d","url":"https:\/\/secure.gravatar.com\/avatar\/9534c92c8c908364e186a64d93efc86f62367109d1b07a3454facde655968589?s=96&d=mm&r=g","contentUrl":"https:\/\/secure.gravatar.com\/avatar\/9534c92c8c908364e186a64d93efc86f62367109d1b07a3454facde655968589?s=96&d=mm&r=g","caption":"El Tecolote Staff"},"url":"https:\/\/eltecolote.org\/content\/author\/web-editor\/"}]}},"distributor_meta":false,"distributor_terms":false,"distributor_media":false,"distributor_original_site_name":"El Tecolote","distributor_original_site_url":"https:\/\/eltecolote.org\/content","push-errors":false,"_links":{"self":[{"href":"https:\/\/eltecolote.org\/content\/wp-json\/wp\/v2\/posts\/58264","targetHints":{"allow":["GET"]}}],"collection":[{"href":"https:\/\/eltecolote.org\/content\/wp-json\/wp\/v2\/posts"}],"about":[{"href":"https:\/\/eltecolote.org\/content\/wp-json\/wp\/v2\/types\/post"}],"author":[{"embeddable":true,"href":"https:\/\/eltecolote.org\/content\/wp-json\/wp\/v2\/users\/35"}],"replies":[{"embeddable":true,"href":"https:\/\/eltecolote.org\/content\/wp-json\/wp\/v2\/comments?post=58264"}],"version-history":[{"count":1,"href":"https:\/\/eltecolote.org\/content\/wp-json\/wp\/v2\/posts\/58264\/revisions"}],"predecessor-version":[{"id":58268,"href":"https:\/\/eltecolote.org\/content\/wp-json\/wp\/v2\/posts\/58264\/revisions\/58268"}],"wp:featuredmedia":[{"embeddable":true,"href":"https:\/\/eltecolote.org\/content\/wp-json\/wp\/v2\/media\/58267"}],"wp:attachment":[{"href":"https:\/\/eltecolote.org\/content\/wp-json\/wp\/v2\/media?parent=58264"}],"wp:term":[{"taxonomy":"category","embeddable":true,"href":"https:\/\/eltecolote.org\/content\/wp-json\/wp\/v2\/categories?post=58264"},{"taxonomy":"post_tag","embeddable":true,"href":"https:\/\/eltecolote.org\/content\/wp-json\/wp\/v2\/tags?post=58264"},{"taxonomy":"author","embeddable":true,"href":"https:\/\/eltecolote.org\/content\/wp-json\/wp\/v2\/coauthors?post=58264"}],"curies":[{"name":"wp","href":"https:\/\/api.w.org\/{rel}","templated":true}]}}