{"id":58252,"date":"2023-11-02T11:52:37","date_gmt":"2023-11-02T18:52:37","guid":{"rendered":"https:\/\/eltecolote.org\/content\/?p=58252"},"modified":"2023-11-02T11:52:44","modified_gmt":"2023-11-02T18:52:44","slug":"unirse-a-un-coro-creciente-de-solidaridad","status":"publish","type":"post","link":"https:\/\/eltecolote.org\/content\/es\/unirse-a-un-coro-creciente-de-solidaridad\/","title":{"rendered":"Unirse a un coro creciente de solidaridad"},"content":{"rendered":"\n<p><em>En estos d\u00edas aciagos, cuando la violencia y la mentira se unen y crean caos en nuestras conciencias, tambi\u00e9n se anuncia, a viva voz, una nueva energ\u00eda. Finalmente, muchas personas re encontramos nuestras voces para atrevernos a reclamar las injusticias que se cometen en contra del pueblo palestino.<\/em><\/p>\n\n\n<div class=\"wp-block-image is-style-rounded\">\n<figure class=\"alignleft size-large\"><img data-recalc-dims=\"1\" loading=\"lazy\" decoding=\"async\" width=\"358\" height=\"480\" src=\"https:\/\/i0.wp.com\/eltecolote.org\/content\/wp-content\/uploads\/2023\/03\/Carlos-Baron_Bruno_web-1.jpg?resize=358%2C480&#038;quality=89&#038;ssl=1\" alt=\"\" class=\"wp-image-55363\" srcset=\"https:\/\/i0.wp.com\/eltecolote.org\/content\/wp-content\/uploads\/2023\/03\/Carlos-Baron_Bruno_web-1.jpg?resize=358%2C480&amp;quality=89&amp;ssl=1 358w, https:\/\/i0.wp.com\/eltecolote.org\/content\/wp-content\/uploads\/2023\/03\/Carlos-Baron_Bruno_web-1.jpg?resize=186%2C250&amp;quality=89&amp;ssl=1 186w, https:\/\/i0.wp.com\/eltecolote.org\/content\/wp-content\/uploads\/2023\/03\/Carlos-Baron_Bruno_web-1.jpg?resize=768%2C1031&amp;quality=89&amp;ssl=1 768w, https:\/\/i0.wp.com\/eltecolote.org\/content\/wp-content\/uploads\/2023\/03\/Carlos-Baron_Bruno_web-1.jpg?resize=150%2C200&amp;quality=89&amp;ssl=1 150w, https:\/\/i0.wp.com\/eltecolote.org\/content\/wp-content\/uploads\/2023\/03\/Carlos-Baron_Bruno_web-1.jpg?resize=400%2C537&amp;quality=89&amp;ssl=1 400w, https:\/\/i0.wp.com\/eltecolote.org\/content\/wp-content\/uploads\/2023\/03\/Carlos-Baron_Bruno_web-1.jpg?w=894&amp;quality=89&amp;ssl=1 894w\" sizes=\"auto, (max-width: 358px) 100vw, 358px\" \/><figcaption class=\"wp-element-caption\">Carlos Bar\u00f3n. Ilustraci\u00f3n: Bruno Ferreira\n<\/figcaption><\/figure>\n<\/div>\n\n\n<p><em>Hoy, esta columna se suma a ese creciente coro, criticando la brutalidad que el pueblo palestino sufre por parte de Israel, desde 1948.<\/em><\/p>\n\n\n\n<p><em>En vez de usar mis palabras, cedo el resto de la columna al joven periodista Palestino Yousef Dawas. Hace pocos meses, Dawas escribi\u00f3 \u00bfQui\u00e9n pagar\u00e1 por los 20 a\u00f1os que perdimos? <em>El 14 de octubre del presente a\u00f1o, Yusef Dawas fue asesinado en Gaza durante el bombardeo israel\u00ed. <\/em>Junto a \u00e9l tambi\u00e9n murieron varios familiares.<em>\u00a0<\/em>A continuaci\u00f3n sus palabras.<\/em><\/p>\n\n\n\n<p>\u201cOdiamos los silencios inc\u00f3modos \u2014el momento en que una conversaci\u00f3n se detiene y un raro vac\u00edo ocupa el espacio. Hacemos todo lo posible para evitar esos silencios. Esto no sucede en Gaza. Ac\u00e1 disfrutamos del silencio, pues es un descanso de la muerte y de la destrucci\u00f3n. Hasta que ese silencio se rompa nuevamente con el sonido de los bombardeos, que sacuden a nuestros hogares y hacen que nuestros corazones bailen atemorizados.<\/p>\n\n\n\n<p>Es mayo de 2022, el primer d\u00eda de la celebraci\u00f3n del Eid al-Fitr. Estoy en casa, con mis padres, hermanos y hermana. Anochece. El cielo tiene el color rosa polvoriento del sol poniente.<\/p>\n\n\n\n<p>La tranquilidad del atardecer es borrada por fuertes bombardeos. Destellos de luz queman mis ojos. Un cohete ilumina las paredes, con un s\u00e9quito de rabiosos truenos. Cuando el bombardeo se hizo m\u00e1s salvaje y frecuente, salimos de los cuartos y nos reunimos en una sala central. Esto daba una falsa sensaci\u00f3n de seguridad. Creo que prefer\u00edamos morir juntos que solos.<\/p>\n\n\n\n<p>Tom\u00e9 un poco de chocolate para calmar mi ansiedad. Un h\u00e1bito de la infancia que se qued\u00f3 conmigo. Mi madre quiso preparar caf\u00e9, para distraerse. Le dije que ir\u00eda en su lugar. Prefer\u00eda que estuviera \u2018a salvo\u2019 en la sala, con los dem\u00e1s.&nbsp;<\/p>\n\n\n\n<p>El bombardeo era intenso. Sab\u00edamos que un cohete pod\u00eda caer en nuestra casa. Fui a la cocina. Si era nuestro turno de recibir una bomba, ojal\u00e1 pasara despu\u00e9s de hacer el caf\u00e9. Pero esta vez ninguna bomba nos golpe\u00f3. Pude llenar la cafetera y llevar caf\u00e9 a los dem\u00e1s.<\/p>\n\n\n\n<p>Para distraernos de la situaci\u00f3n aterradora, continuamos nuestras celebraciones de Eid \u2014tocando m\u00fasica, comiendo chocolates y bebiendo caf\u00e9. Esa noche, nadie durmi\u00f3 hasta que el sol volvi\u00f3 a salir.<\/p>\n\n\n\n<p>Por la ma\u00f1ana, mi padre recibi\u00f3 una llamada. &#8220;Buenos d\u00edas&#8221;, dijo. Me son\u00f3 raro: no ha sido un buen d\u00eda. \u00bfLo dijo por costumbre o tal vez por estar agradecido, ya que ninguno de nosotros muri\u00f3 esa noche?<\/p>\n\n\n\n<p>&#8220;\u00a1Un momento! \u00a1Ya voy!&#8221; agreg\u00f3 y sali\u00f3 corriendo de la casa. Quise preguntarle qu\u00e9 hab\u00eda pasado. Fue demasiado r\u00e1pido y desapareci\u00f3.&nbsp;<\/p>\n\n\n\n<figure class=\"wp-block-image size-full\"><img data-recalc-dims=\"1\" loading=\"lazy\" decoding=\"async\" width=\"1000\" height=\"1000\" src=\"https:\/\/i0.wp.com\/eltecolote.org\/content\/wp-content\/uploads\/2023\/11\/Bruno_19_web-1.jpeg?resize=1000%2C1000&#038;quality=89&#038;ssl=1\" alt=\"\" class=\"wp-image-58254\" srcset=\"https:\/\/i0.wp.com\/eltecolote.org\/content\/wp-content\/uploads\/2023\/11\/Bruno_19_web-1.jpeg?w=1000&amp;quality=89&amp;ssl=1 1000w, https:\/\/i0.wp.com\/eltecolote.org\/content\/wp-content\/uploads\/2023\/11\/Bruno_19_web-1.jpeg?resize=250%2C250&amp;quality=89&amp;ssl=1 250w, https:\/\/i0.wp.com\/eltecolote.org\/content\/wp-content\/uploads\/2023\/11\/Bruno_19_web-1.jpeg?resize=480%2C480&amp;quality=89&amp;ssl=1 480w, https:\/\/i0.wp.com\/eltecolote.org\/content\/wp-content\/uploads\/2023\/11\/Bruno_19_web-1.jpeg?resize=768%2C768&amp;quality=89&amp;ssl=1 768w, https:\/\/i0.wp.com\/eltecolote.org\/content\/wp-content\/uploads\/2023\/11\/Bruno_19_web-1.jpeg?resize=800%2C800&amp;quality=89&amp;ssl=1 800w, https:\/\/i0.wp.com\/eltecolote.org\/content\/wp-content\/uploads\/2023\/11\/Bruno_19_web-1.jpeg?resize=400%2C400&amp;quality=89&amp;ssl=1 400w, https:\/\/i0.wp.com\/eltecolote.org\/content\/wp-content\/uploads\/2023\/11\/Bruno_19_web-1.jpeg?resize=200%2C200&amp;quality=89&amp;ssl=1 200w\" sizes=\"auto, (max-width: 1000px) 100vw, 1000px\" \/><figcaption class=\"wp-element-caption\">lustraci\u00f3n: Bruno Ferreira<\/figcaption><\/figure>\n\n\n\n<p>Mi padre ha sido un hombre valiente. Siempre cuid\u00f3 de nosotros. Antes hab\u00eda sido arrestado y detenido por defender su tierra con piedras contra los tanques y otras armas enemigas. Creci\u00f3 trabajando una tierra que perteneci\u00f3 a nuestra familia por muchas generaciones, desde 1925.<\/p>\n\n\n\n<p>Horas despu\u00e9s, mi padre volvi\u00f3. Sent\u00ed alivio al verlo. Pero algo estaba mal. Su cuerpo se ve\u00eda acabado y caminaba como un anciano. Vi secas l\u00e1grimas en sus ojos tristes. \u201cNuestros \u00e1rboles en los campos se han convertido en cenizas\u201d.<\/p>\n\n\n\n<p>Las palabras apenas sal\u00edan de su boca. Uno de esos silencios inc\u00f3modos. Mi padre a\u00f1adi\u00f3: &#8220;Yo plant\u00e9 estos \u00e1rboles, los aliment\u00e9 y regu\u00e9 con mis propias manos. Semana a semana. Mes a mes. A\u00f1o tras a\u00f1o. Vi crecer esas hojas y ramas\u201d. Respir\u00f3 hondo y continu\u00f3 en un tono a\u00fan m\u00e1s bajo, conteniendo sus l\u00e1grimas: &#8220;Esos \u00e1rboles eran m\u00e1s grandes que algunos de ustedes&#8221;.<\/p>\n\n\n\n<p>Fui a mi habitaci\u00f3n, para huir de esa impactante realidad: las tierras de nuestra familia, trabajadas en varias generaciones, estaban destruidas.&nbsp;<\/p>\n\n\n\n<p>Encend\u00ed mi aparato port\u00e1til, me puse mis auriculares y jugu\u00e9 el videojuego m\u00e1s ruidoso que pude. Esto me ayud\u00f3 a apagar el sonido de los gritos de mi padre y el lanzamiento de nuevos cohetes, que volv\u00edan a caer.<\/p>\n\n\n\n<p>En Gaza, tenemos que buscar refugio en nuestras mentes. Mi escape es jugar videojuegos. S\u00e9 que, por todo el mundo, j\u00f3venes de otros pa\u00edses juegan como yo, pero por diversi\u00f3n, no para ahuyentar la idea de la muerte. Me pegu\u00e9 a ese pensamiento por un largo rato.<\/p>\n\n\n\n<p>Pasaron unas cuantas noches y esa \u2018guerra\u2019 finalmente par\u00f3. Se hab\u00eda acordado un cese al fuego. Por ahora, no caer\u00edan m\u00e1s cohetes del cielo.&nbsp;<\/p>\n\n\n\n<p>Sab\u00eda que muchos otros residentes de Gaza hab\u00edan sufrido mucho m\u00e1s, como siempre. Los cohetes han matado a muchos civiles, destruido a muchas familias. Algunos fueron enterrados debajo de sus casas. Otras murieron en las calles. Algunos fueron amputados y perdieron partes del cuerpo. Otros, como nosotros, hab\u00edamos perdido un pedazo de nuestra alma.<\/p>\n\n\n\n<p>No quise ir a ver los campos destruidos. La \u00faltima vez que estuve all\u00ed, me sent\u00e9 bajo las aceitunas con mis amigos comiendo za&#8217;atar, pan y aceite de oliva. Bebimos t\u00e9, ma\u00edz tostado y recogimos frutas. Todav\u00eda puedo saborearlas y oler el aire.<\/p>\n\n\n\n<p>Hoy, tres agujeros de cohetes borraron esos recuerdos. Dejaron una arena gris oscura y restos quemados de troncos y ramas de \u00e1rboles de aceitunas, naranjas, clementinas, mejillones, guayabas, limones y granadas. Puse mis manos en mi coraz\u00f3n para que no se me cayera y sent\u00ed los tres agujeros all\u00ed, en mi pecho.<\/p>\n\n\n\n<p>Este \u00faltimo ataque en Gaza destruy\u00f3 una parte importante de nuestro pasado. La historia de nuestra familia, nuestra herencia. &#8220;Pero, \u00bfqui\u00e9nes somos sin pasado ni historia?&#8221;, me preguntaba.<\/p>\n\n\n\n<p>O\u00ed de nuevo a mi padre: \u201cAunque nos ayuden a reparar el da\u00f1o y a plantar nuevos \u00e1rboles, \u00bfqui\u00e9n me devolver\u00e1 esos a\u00f1os que pas\u00e9 nutri\u00e9ndoles, ayud\u00e1ndoles a crecer? \u00bfQui\u00e9n pagar\u00e1 por los 20 a\u00f1os que perdimos?&#8221;<\/p>\n\n\n\n<p>Otro inc\u00f3modo silencio cay\u00f3 encima nuestro y nos dej\u00f3 mudos por un largo rato.<\/p>\n\n\n\n<p><em>Nota: El 14 de octubre del presente a\u00f1o, Yusef Dawas fue asesinado en Gaza durante el bombardeo israel\u00ed. Toda su familia tambi\u00e9n muri\u00f3 a su lado.&nbsp;<\/em><\/p>\n","protected":false},"excerpt":{"rendered":"<p>En estos d\u00edas aciagos, cuando la violencia y la mentira se unen y crean caos en nuestras conciencias, tambi\u00e9n se anuncia, a viva voz, una nueva energ\u00eda. Finalmente, muchas personas re encontramos nuestras voces para atrevernos a reclamar las injusticias que se cometen en contra del pueblo palestino. Hoy, esta columna se suma a ese [&hellip;]<\/p>\n","protected":false},"author":35,"featured_media":58254,"comment_status":"closed","ping_status":"closed","sticky":false,"template":"","format":"standard","meta":{"newspack_popups_has_disabled_popups":false,"newspack_featured_image_position":"beside","newspack_post_subtitle":"","newspack_article_summary_title":"Overview:","newspack_article_summary":"","newspack_hide_updated_date":false,"newspack_show_updated_date":false,"footnotes":""},"categories":[3519],"tags":[8395,24753,24761],"coauthors":[18475],"class_list":["post-58252","post","type-post","status-publish","format-standard","has-post-thumbnail","hentry","category-noticias","tag-carlos-baron-es","tag-palestine-es","tag-yusef-dawas-es","entry"],"yoast_head":"<!-- This site is optimized with the Yoast SEO plugin v27.4 - https:\/\/yoast.com\/product\/yoast-seo-wordpress\/ -->\n<title>Unirse a un coro creciente de solidaridad - El Tecolote<\/title>\n<meta name=\"description\" content=\"En estos d\u00edas aciagos, cuando la violencia y la mentira se unen y crean caos en nuestras conciencias, tambi\u00e9n se anuncia, a viva voz, una nueva energ\u00eda.\" \/>\n<meta name=\"robots\" content=\"index, follow, max-snippet:-1, max-image-preview:large, max-video-preview:-1\" \/>\n<link rel=\"canonical\" href=\"https:\/\/eltecolote.org\/content\/es\/unirse-a-un-coro-creciente-de-solidaridad\/\" \/>\n<meta property=\"og:locale\" content=\"en_US\" \/>\n<meta property=\"og:type\" content=\"article\" \/>\n<meta property=\"og:title\" content=\"Unirse a un coro creciente de solidaridad - El Tecolote\" \/>\n<meta property=\"og:description\" content=\"En estos d\u00edas aciagos, cuando la violencia y la mentira se unen y crean caos en nuestras conciencias, tambi\u00e9n se anuncia, a viva voz, una nueva energ\u00eda.\" \/>\n<meta property=\"og:url\" content=\"https:\/\/eltecolote.org\/content\/es\/unirse-a-un-coro-creciente-de-solidaridad\/\" \/>\n<meta property=\"og:site_name\" content=\"El Tecolote\" \/>\n<meta property=\"article:publisher\" content=\"https:\/\/www.facebook.com\/ElTecoloteSF\/\" \/>\n<meta property=\"article:published_time\" content=\"2023-11-02T18:52:37+00:00\" \/>\n<meta property=\"article:modified_time\" content=\"2023-11-02T18:52:44+00:00\" \/>\n<meta property=\"og:image\" content=\"https:\/\/eltecolote.org\/content\/wp-content\/uploads\/2023\/11\/Bruno_19_web-1.jpeg\" \/>\n\t<meta property=\"og:image:width\" content=\"1000\" \/>\n\t<meta property=\"og:image:height\" content=\"1000\" \/>\n\t<meta property=\"og:image:type\" content=\"image\/jpeg\" \/>\n<meta name=\"author\" content=\"Carlos Bar\u00f3n\" \/>\n<meta name=\"twitter:card\" content=\"summary_large_image\" \/>\n<meta name=\"twitter:creator\" content=\"@eltecolotesf\" \/>\n<meta name=\"twitter:site\" content=\"@eltecolotesf\" \/>\n<meta name=\"twitter:label1\" content=\"Written by\" \/>\n\t<meta name=\"twitter:data1\" content=\"Carlos Bar\u00f3n\" \/>\n\t<meta name=\"twitter:label2\" content=\"Est. reading time\" \/>\n\t<meta name=\"twitter:data2\" content=\"5 minutes\" \/>\n<script type=\"application\/ld+json\" class=\"yoast-schema-graph\">{\"@context\":\"https:\\\/\\\/schema.org\",\"@graph\":[{\"@type\":\"NewsArticle\",\"@id\":\"https:\\\/\\\/eltecolote.org\\\/content\\\/es\\\/unirse-a-un-coro-creciente-de-solidaridad\\\/#article\",\"isPartOf\":{\"@id\":\"https:\\\/\\\/eltecolote.org\\\/content\\\/es\\\/unirse-a-un-coro-creciente-de-solidaridad\\\/\"},\"author\":{\"name\":\"El Tecolote Staff\",\"@id\":\"https:\\\/\\\/eltecolote.org\\\/content\\\/#\\\/schema\\\/person\\\/08828d10185eba96895a8363a269410e\"},\"headline\":\"Unirse a un coro creciente de solidaridad\",\"datePublished\":\"2023-11-02T18:52:37+00:00\",\"dateModified\":\"2023-11-02T18:52:44+00:00\",\"mainEntityOfPage\":{\"@id\":\"https:\\\/\\\/eltecolote.org\\\/content\\\/es\\\/unirse-a-un-coro-creciente-de-solidaridad\\\/\"},\"wordCount\":1099,\"publisher\":{\"@id\":\"https:\\\/\\\/eltecolote.org\\\/content\\\/#organization\"},\"image\":{\"@id\":\"https:\\\/\\\/eltecolote.org\\\/content\\\/es\\\/unirse-a-un-coro-creciente-de-solidaridad\\\/#primaryimage\"},\"thumbnailUrl\":\"https:\\\/\\\/i0.wp.com\\\/eltecolote.org\\\/content\\\/wp-content\\\/uploads\\\/2023\\\/11\\\/Bruno_19_web-1.jpeg?fit=1000%2C1000&quality=89&ssl=1\",\"keywords\":[\"Carlos Baron\",\"Palestine\",\"Yusef Dawas\"],\"articleSection\":[\"Noticias\"],\"inLanguage\":\"en\"},{\"@type\":\"WebPage\",\"@id\":\"https:\\\/\\\/eltecolote.org\\\/content\\\/es\\\/unirse-a-un-coro-creciente-de-solidaridad\\\/\",\"url\":\"https:\\\/\\\/eltecolote.org\\\/content\\\/es\\\/unirse-a-un-coro-creciente-de-solidaridad\\\/\",\"name\":\"Unirse a un coro creciente de solidaridad - El Tecolote\",\"isPartOf\":{\"@id\":\"https:\\\/\\\/eltecolote.org\\\/content\\\/#website\"},\"primaryImageOfPage\":{\"@id\":\"https:\\\/\\\/eltecolote.org\\\/content\\\/es\\\/unirse-a-un-coro-creciente-de-solidaridad\\\/#primaryimage\"},\"image\":{\"@id\":\"https:\\\/\\\/eltecolote.org\\\/content\\\/es\\\/unirse-a-un-coro-creciente-de-solidaridad\\\/#primaryimage\"},\"thumbnailUrl\":\"https:\\\/\\\/i0.wp.com\\\/eltecolote.org\\\/content\\\/wp-content\\\/uploads\\\/2023\\\/11\\\/Bruno_19_web-1.jpeg?fit=1000%2C1000&quality=89&ssl=1\",\"datePublished\":\"2023-11-02T18:52:37+00:00\",\"dateModified\":\"2023-11-02T18:52:44+00:00\",\"description\":\"En estos d\u00edas aciagos, cuando la violencia y la mentira se unen y crean caos en nuestras conciencias, tambi\u00e9n se anuncia, a viva voz, una nueva energ\u00eda.\",\"inLanguage\":\"en\",\"potentialAction\":[{\"@type\":\"ReadAction\",\"target\":[\"https:\\\/\\\/eltecolote.org\\\/content\\\/es\\\/unirse-a-un-coro-creciente-de-solidaridad\\\/\"]}]},{\"@type\":\"ImageObject\",\"inLanguage\":\"en\",\"@id\":\"https:\\\/\\\/eltecolote.org\\\/content\\\/es\\\/unirse-a-un-coro-creciente-de-solidaridad\\\/#primaryimage\",\"url\":\"https:\\\/\\\/i0.wp.com\\\/eltecolote.org\\\/content\\\/wp-content\\\/uploads\\\/2023\\\/11\\\/Bruno_19_web-1.jpeg?fit=1000%2C1000&quality=89&ssl=1\",\"contentUrl\":\"https:\\\/\\\/i0.wp.com\\\/eltecolote.org\\\/content\\\/wp-content\\\/uploads\\\/2023\\\/11\\\/Bruno_19_web-1.jpeg?fit=1000%2C1000&quality=89&ssl=1\",\"width\":1000,\"height\":1000},{\"@type\":\"WebSite\",\"@id\":\"https:\\\/\\\/eltecolote.org\\\/content\\\/#website\",\"url\":\"https:\\\/\\\/eltecolote.org\\\/content\\\/\",\"name\":\"El Tecolote\",\"description\":\"San Francisco's Latinx newspaper since 1970\",\"publisher\":{\"@id\":\"https:\\\/\\\/eltecolote.org\\\/content\\\/#organization\"},\"potentialAction\":[{\"@type\":\"SearchAction\",\"target\":{\"@type\":\"EntryPoint\",\"urlTemplate\":\"https:\\\/\\\/eltecolote.org\\\/content\\\/?s={search_term_string}\"},\"query-input\":{\"@type\":\"PropertyValueSpecification\",\"valueRequired\":true,\"valueName\":\"search_term_string\"}}],\"inLanguage\":\"en\"},{\"@type\":\"Organization\",\"@id\":\"https:\\\/\\\/eltecolote.org\\\/content\\\/#organization\",\"name\":\"El Tecolote\",\"url\":\"https:\\\/\\\/eltecolote.org\\\/content\\\/\",\"logo\":{\"@type\":\"ImageObject\",\"inLanguage\":\"en\",\"@id\":\"https:\\\/\\\/eltecolote.org\\\/content\\\/#\\\/schema\\\/logo\\\/image\\\/\",\"url\":\"https:\\\/\\\/i0.wp.com\\\/eltecolote.org\\\/content\\\/wp-content\\\/uploads\\\/2021\\\/05\\\/ETlogo-1.jpg?fit=400%2C400&ssl=1\",\"contentUrl\":\"https:\\\/\\\/i0.wp.com\\\/eltecolote.org\\\/content\\\/wp-content\\\/uploads\\\/2021\\\/05\\\/ETlogo-1.jpg?fit=400%2C400&ssl=1\",\"width\":400,\"height\":400,\"caption\":\"El Tecolote\"},\"image\":{\"@id\":\"https:\\\/\\\/eltecolote.org\\\/content\\\/#\\\/schema\\\/logo\\\/image\\\/\"},\"sameAs\":[\"https:\\\/\\\/www.facebook.com\\\/ElTecoloteSF\\\/\",\"https:\\\/\\\/x.com\\\/eltecolotesf\",\"https:\\\/\\\/www.instagram.com\\\/eltecolotesf\\\/\"]},{\"@type\":\"Person\",\"@id\":\"https:\\\/\\\/eltecolote.org\\\/content\\\/#\\\/schema\\\/person\\\/08828d10185eba96895a8363a269410e\",\"name\":\"El Tecolote Staff\",\"image\":{\"@type\":\"ImageObject\",\"inLanguage\":\"en\",\"@id\":\"https:\\\/\\\/secure.gravatar.com\\\/avatar\\\/9534c92c8c908364e186a64d93efc86f62367109d1b07a3454facde655968589?s=96&d=mm&r=g6afcb607783e095e4cf6be807353924d\",\"url\":\"https:\\\/\\\/secure.gravatar.com\\\/avatar\\\/9534c92c8c908364e186a64d93efc86f62367109d1b07a3454facde655968589?s=96&d=mm&r=g\",\"contentUrl\":\"https:\\\/\\\/secure.gravatar.com\\\/avatar\\\/9534c92c8c908364e186a64d93efc86f62367109d1b07a3454facde655968589?s=96&d=mm&r=g\",\"caption\":\"El Tecolote Staff\"},\"url\":\"https:\\\/\\\/eltecolote.org\\\/content\\\/author\\\/web-editor\\\/\"}]}<\/script>\n<!-- \/ Yoast SEO plugin. -->","yoast_head_json":{"title":"Unirse a un coro creciente de solidaridad - El Tecolote","description":"En estos d\u00edas aciagos, cuando la violencia y la mentira se unen y crean caos en nuestras conciencias, tambi\u00e9n se anuncia, a viva voz, una nueva energ\u00eda.","robots":{"index":"index","follow":"follow","max-snippet":"max-snippet:-1","max-image-preview":"max-image-preview:large","max-video-preview":"max-video-preview:-1"},"canonical":"https:\/\/eltecolote.org\/content\/es\/unirse-a-un-coro-creciente-de-solidaridad\/","og_locale":"en_US","og_type":"article","og_title":"Unirse a un coro creciente de solidaridad - El Tecolote","og_description":"En estos d\u00edas aciagos, cuando la violencia y la mentira se unen y crean caos en nuestras conciencias, tambi\u00e9n se anuncia, a viva voz, una nueva energ\u00eda.","og_url":"https:\/\/eltecolote.org\/content\/es\/unirse-a-un-coro-creciente-de-solidaridad\/","og_site_name":"El Tecolote","article_publisher":"https:\/\/www.facebook.com\/ElTecoloteSF\/","article_published_time":"2023-11-02T18:52:37+00:00","article_modified_time":"2023-11-02T18:52:44+00:00","og_image":[{"width":1000,"height":1000,"url":"https:\/\/eltecolote.org\/content\/wp-content\/uploads\/2023\/11\/Bruno_19_web-1.jpeg","type":"image\/jpeg"}],"author":"Carlos Bar\u00f3n","twitter_card":"summary_large_image","twitter_creator":"@eltecolotesf","twitter_site":"@eltecolotesf","twitter_misc":{"Written by":"Carlos Bar\u00f3n","Est. reading time":"5 minutes"},"schema":{"@context":"https:\/\/schema.org","@graph":[{"@type":"NewsArticle","@id":"https:\/\/eltecolote.org\/content\/es\/unirse-a-un-coro-creciente-de-solidaridad\/#article","isPartOf":{"@id":"https:\/\/eltecolote.org\/content\/es\/unirse-a-un-coro-creciente-de-solidaridad\/"},"author":{"name":"El Tecolote Staff","@id":"https:\/\/eltecolote.org\/content\/#\/schema\/person\/08828d10185eba96895a8363a269410e"},"headline":"Unirse a un coro creciente de solidaridad","datePublished":"2023-11-02T18:52:37+00:00","dateModified":"2023-11-02T18:52:44+00:00","mainEntityOfPage":{"@id":"https:\/\/eltecolote.org\/content\/es\/unirse-a-un-coro-creciente-de-solidaridad\/"},"wordCount":1099,"publisher":{"@id":"https:\/\/eltecolote.org\/content\/#organization"},"image":{"@id":"https:\/\/eltecolote.org\/content\/es\/unirse-a-un-coro-creciente-de-solidaridad\/#primaryimage"},"thumbnailUrl":"https:\/\/i0.wp.com\/eltecolote.org\/content\/wp-content\/uploads\/2023\/11\/Bruno_19_web-1.jpeg?fit=1000%2C1000&quality=89&ssl=1","keywords":["Carlos Baron","Palestine","Yusef Dawas"],"articleSection":["Noticias"],"inLanguage":"en"},{"@type":"WebPage","@id":"https:\/\/eltecolote.org\/content\/es\/unirse-a-un-coro-creciente-de-solidaridad\/","url":"https:\/\/eltecolote.org\/content\/es\/unirse-a-un-coro-creciente-de-solidaridad\/","name":"Unirse a un coro creciente de solidaridad - El Tecolote","isPartOf":{"@id":"https:\/\/eltecolote.org\/content\/#website"},"primaryImageOfPage":{"@id":"https:\/\/eltecolote.org\/content\/es\/unirse-a-un-coro-creciente-de-solidaridad\/#primaryimage"},"image":{"@id":"https:\/\/eltecolote.org\/content\/es\/unirse-a-un-coro-creciente-de-solidaridad\/#primaryimage"},"thumbnailUrl":"https:\/\/i0.wp.com\/eltecolote.org\/content\/wp-content\/uploads\/2023\/11\/Bruno_19_web-1.jpeg?fit=1000%2C1000&quality=89&ssl=1","datePublished":"2023-11-02T18:52:37+00:00","dateModified":"2023-11-02T18:52:44+00:00","description":"En estos d\u00edas aciagos, cuando la violencia y la mentira se unen y crean caos en nuestras conciencias, tambi\u00e9n se anuncia, a viva voz, una nueva energ\u00eda.","inLanguage":"en","potentialAction":[{"@type":"ReadAction","target":["https:\/\/eltecolote.org\/content\/es\/unirse-a-un-coro-creciente-de-solidaridad\/"]}]},{"@type":"ImageObject","inLanguage":"en","@id":"https:\/\/eltecolote.org\/content\/es\/unirse-a-un-coro-creciente-de-solidaridad\/#primaryimage","url":"https:\/\/i0.wp.com\/eltecolote.org\/content\/wp-content\/uploads\/2023\/11\/Bruno_19_web-1.jpeg?fit=1000%2C1000&quality=89&ssl=1","contentUrl":"https:\/\/i0.wp.com\/eltecolote.org\/content\/wp-content\/uploads\/2023\/11\/Bruno_19_web-1.jpeg?fit=1000%2C1000&quality=89&ssl=1","width":1000,"height":1000},{"@type":"WebSite","@id":"https:\/\/eltecolote.org\/content\/#website","url":"https:\/\/eltecolote.org\/content\/","name":"El Tecolote","description":"San Francisco's Latinx newspaper since 1970","publisher":{"@id":"https:\/\/eltecolote.org\/content\/#organization"},"potentialAction":[{"@type":"SearchAction","target":{"@type":"EntryPoint","urlTemplate":"https:\/\/eltecolote.org\/content\/?s={search_term_string}"},"query-input":{"@type":"PropertyValueSpecification","valueRequired":true,"valueName":"search_term_string"}}],"inLanguage":"en"},{"@type":"Organization","@id":"https:\/\/eltecolote.org\/content\/#organization","name":"El Tecolote","url":"https:\/\/eltecolote.org\/content\/","logo":{"@type":"ImageObject","inLanguage":"en","@id":"https:\/\/eltecolote.org\/content\/#\/schema\/logo\/image\/","url":"https:\/\/i0.wp.com\/eltecolote.org\/content\/wp-content\/uploads\/2021\/05\/ETlogo-1.jpg?fit=400%2C400&ssl=1","contentUrl":"https:\/\/i0.wp.com\/eltecolote.org\/content\/wp-content\/uploads\/2021\/05\/ETlogo-1.jpg?fit=400%2C400&ssl=1","width":400,"height":400,"caption":"El Tecolote"},"image":{"@id":"https:\/\/eltecolote.org\/content\/#\/schema\/logo\/image\/"},"sameAs":["https:\/\/www.facebook.com\/ElTecoloteSF\/","https:\/\/x.com\/eltecolotesf","https:\/\/www.instagram.com\/eltecolotesf\/"]},{"@type":"Person","@id":"https:\/\/eltecolote.org\/content\/#\/schema\/person\/08828d10185eba96895a8363a269410e","name":"El Tecolote Staff","image":{"@type":"ImageObject","inLanguage":"en","@id":"https:\/\/secure.gravatar.com\/avatar\/9534c92c8c908364e186a64d93efc86f62367109d1b07a3454facde655968589?s=96&d=mm&r=g6afcb607783e095e4cf6be807353924d","url":"https:\/\/secure.gravatar.com\/avatar\/9534c92c8c908364e186a64d93efc86f62367109d1b07a3454facde655968589?s=96&d=mm&r=g","contentUrl":"https:\/\/secure.gravatar.com\/avatar\/9534c92c8c908364e186a64d93efc86f62367109d1b07a3454facde655968589?s=96&d=mm&r=g","caption":"El Tecolote Staff"},"url":"https:\/\/eltecolote.org\/content\/author\/web-editor\/"}]}},"distributor_meta":false,"distributor_terms":false,"distributor_media":false,"distributor_original_site_name":"El Tecolote","distributor_original_site_url":"https:\/\/eltecolote.org\/content","push-errors":false,"_links":{"self":[{"href":"https:\/\/eltecolote.org\/content\/wp-json\/wp\/v2\/posts\/58252","targetHints":{"allow":["GET"]}}],"collection":[{"href":"https:\/\/eltecolote.org\/content\/wp-json\/wp\/v2\/posts"}],"about":[{"href":"https:\/\/eltecolote.org\/content\/wp-json\/wp\/v2\/types\/post"}],"author":[{"embeddable":true,"href":"https:\/\/eltecolote.org\/content\/wp-json\/wp\/v2\/users\/35"}],"replies":[{"embeddable":true,"href":"https:\/\/eltecolote.org\/content\/wp-json\/wp\/v2\/comments?post=58252"}],"version-history":[{"count":1,"href":"https:\/\/eltecolote.org\/content\/wp-json\/wp\/v2\/posts\/58252\/revisions"}],"predecessor-version":[{"id":58255,"href":"https:\/\/eltecolote.org\/content\/wp-json\/wp\/v2\/posts\/58252\/revisions\/58255"}],"wp:featuredmedia":[{"embeddable":true,"href":"https:\/\/eltecolote.org\/content\/wp-json\/wp\/v2\/media\/58254"}],"wp:attachment":[{"href":"https:\/\/eltecolote.org\/content\/wp-json\/wp\/v2\/media?parent=58252"}],"wp:term":[{"taxonomy":"category","embeddable":true,"href":"https:\/\/eltecolote.org\/content\/wp-json\/wp\/v2\/categories?post=58252"},{"taxonomy":"post_tag","embeddable":true,"href":"https:\/\/eltecolote.org\/content\/wp-json\/wp\/v2\/tags?post=58252"},{"taxonomy":"author","embeddable":true,"href":"https:\/\/eltecolote.org\/content\/wp-json\/wp\/v2\/coauthors?post=58252"}],"curies":[{"name":"wp","href":"https:\/\/api.w.org\/{rel}","templated":true}]}}