{"id":57605,"date":"2023-09-07T23:35:02","date_gmt":"2023-09-08T06:35:02","guid":{"rendered":"https:\/\/eltecolote.org\/content\/?p=57605"},"modified":"2023-09-07T23:35:08","modified_gmt":"2023-09-08T06:35:08","slug":"pasar-la-estafeta-la-necesidad-del-respeto-y-del-apoyo-intergeneracional","status":"publish","type":"post","link":"https:\/\/eltecolote.org\/content\/es\/pasar-la-estafeta-la-necesidad-del-respeto-y-del-apoyo-intergeneracional\/","title":{"rendered":"Pasar la estafeta: la necesidad del respeto y del apoyo intergeneracional"},"content":{"rendered":"\n<p>Cuando me retir\u00e9 de la ense\u00f1anza, retorn\u00e9 a la comunidad, fuera del \u00e1mbito universitario.&nbsp; Mis experiencias en la vida universitaria fueron, generalmente, maravillosas. Tal vez porque, dentro de ese mundo, la relaci\u00f3n entre distintas generaciones tiene un aspecto claramente definido: los maestros est\u00e1n ah\u00ed para ense\u00f1ar y los estudiantes, para aprender. Una f\u00f3rmula antigua y simple. Esa f\u00f3rmula, una vez aceptada, ayuda a crear una atm\u00f3sfera de mutuo respeto. Con ella, diversas generaciones se comunican m\u00e1s f\u00e1cilmente que de la forma como lo hacen fuera del campus. En ese ambiente, las diversas generaciones aprenden que, para lograr una relaci\u00f3n exitosa, el respeto mutuo es indispensable en su experiencia formativa.<\/p>\n\n\n\n<p>Despu\u00e9s de jubilarme, he luchado para re insertarme en la comunidad general, no universitaria. He descubierto que es una cruenta lucha. Me he sentido como un sat\u00e9lite que regresa a la Tierra despu\u00e9s de un largo viaje a una id\u00edlica frontera. \u00bfC\u00f3mo podr\u00eda manejar mi retorno al espacio del cual hab\u00eda surgido, a\u00f1os atr\u00e1s? En la universidad, por m\u00e1s de 25 a\u00f1os, ense\u00f1\u00e9 Teatro Multicultural. Trat\u00e9 de generar relaciones creativas entre j\u00f3venes de diversas etnias. En el proceso de ense\u00f1ar esa clase \u2014o tal vez debiera decir &#8220;en el proceso de inventar esa clase&#8221;, pues no exist\u00edan textos ni ejemplos previos similares\u2014, los estudiantes y yo aprendimos much\u00edsimo. Una gran lecci\u00f3n fue que el multiculturalismo no se logra con facilidad: lo necesitamos para lograr el \u00e9xito. Lo mismo sucede con las relaciones intergeneracionales.<\/p>\n\n\n\n<p>Una vez afuera del campus, descubr\u00ed que hab\u00eda entrado a otro ejemplo del multiculturalismo, y que tambi\u00e9n representaba grandes desaf\u00edos: el campo de las relaciones intergeneracionales. En \u00e9l, alejado de la universidad, yo era una nueva cara vieja. Con \u00e9nfasis en &#8220;vieja&#8221;. La edad era un duro determinante en la calidad y frecuencia de colaboraciones efectivas y significativas entre gente de distintas generaciones.<\/p>\n\n\n\n<p>Aunque me sintiera lleno de energ\u00eda, plet\u00f3rico de ideas y de experiencias, parec\u00eda que \u2014en lo general\u2014 la gente m\u00e1s joven no sab\u00eda ni les interesaba saber qui\u00e9n era yo. Por supuesto, eso tambi\u00e9n me sucede con gente de m\u00e1s edad, que tambi\u00e9n ignora mi trabajo. \u00bfTal vez porque mi trabajo est\u00e1 en el teatro? SI usted no va al teatro, o nunca ha le\u00eddo ni participado en alguna obra teatral, seguramente no sabr\u00e1 ni le interesar\u00e1 el teatro, ni saber de m\u00ed.<\/p>\n\n\n\n<p>Hace un par de a\u00f1os, cuando una de mis obras teatrales estaba siendo magn\u00edficamente montada por una joven y talentosa compa\u00f1\u00eda local, visit\u00e9 la oficina de una organizaci\u00f3n que promueve la cultura en la comunidad. Deseaba invitar al teatro a aquellos y aquellas j\u00f3venes l\u00edderes. El sitio donde se presentaba la obra quedaba a solo dos cuadras de esa oficina. &#8220;\u00bfEn qu\u00e9 podemos servirle, se\u00f1or?&#8221;, pregunt\u00f3 alguien. &#8220;S\u00ed&#8221;, respond\u00ed, &#8220;Me llamo (d\u00ed mi nombre), soy un escritor y actor teatral, trabaj\u00e9 en ese Centro Cultural, que est\u00e1 a dos cuadras de aqu\u00ed y\u2026&#8221; &#8220;Oh!&#8221;, interrumpi\u00f3 una joven mujer, &#8220;\u00a1Que lindo! \u00a1Me encanta el teatro! \u00a1V\u00ed &#8220;El Rey Le\u00f3n&#8221; dos veces!&#8221; &#8220;Bueno&#8221;, repliqu\u00e9, &#8220;les estoy invitando para que vayan y vean nuestra obra. \u00a1Seguro que m\u00e1s barata que &#8220;El Rey Le\u00f3n&#8221;! Creo que les ha de gustar mucho. Toca temas como los que ustedes est\u00e1n bregando aqu\u00ed. Les puedo ofrecer entradas a mitad de precio, \u00a1para toda esta oficina!&#8221; Aquellos j\u00f3venes &#8220;trabajadores culturales&#8221; parec\u00edan felices. &#8220;Oigan&#8221;, dijo una. &#8220;\u00bfPor qu\u00e9 no vamos juntos este fin de semana?&#8221; &#8220;\u00a1S\u00ed!&#8221;, fue la respuesta un\u00e1nime. &#8220;\u00a1Vamos!&#8221; Pero nadie fue.<\/p>\n\n\n\n<p>Lo mismo pas\u00f3 cuando invit\u00e9 a algunos j\u00f3venes muralistas que trabajaban en los muros de esa organizaci\u00f3n cultural. En las fotos que nos tomamos en los andamios, \u00a1puras sonrisas!, de oreja a oreja. Todo el grupo iba a llegar, pero nadie fue. \u00bfAl\u00f3?<\/p>\n\n\n\n<p>Sin embargo, no quiero aparecer como un viejo pedorro amargado. Tambi\u00e9n estoy aqu\u00ed para apoyar a las y los m\u00e1s j\u00f3venes. Hay muchos entre quienes pertenecemos a la generaci\u00f3n de los &#8216;baby boomers&#8217;, aquellos nacidos despu\u00e9s del fin de la Segunda Guerra Mundial, entre 1945 y 1950, que debemos adaptarnos. Quienes fuimos participantes activos de los famosos &#8216;a\u00f1os sesenta&#8217;, tenemos que saber c\u00f3mo pasar la estafeta (entregar el relevo) a los m\u00e1s j\u00f3venes.<\/p>\n\n\n\n<p>En el peri\u00f3dico mexicano <em>La Opini\u00f3n<\/em> (22\/8\/2023), el periodista de radio y prensa uruguayo Ra\u00fal Zibechi, escribi\u00f3 lo siguiente: &#8220;El patriarcado tambi\u00e9n se encuentra en los grupos de izquierda&#8221; (o progresistas). Cuando mencion\u00e9 esto a una amiga a qui\u00e9n respeto mucho, jubilada de su trabajo como docente, me dijo: &#8220;\u00a1Ja! Ah\u00ed es donde el patriarcado es m\u00e1s com\u00fan y fuerte!&#8221;<\/p>\n\n\n\n<p>Es cierto. Los l\u00edderes m\u00e1s veteranos debemos esforzarnos por cambiar nuestras actitudes y estilos organizativos, pues ellos pueden enajenar a nuestros colaboradores m\u00e1s j\u00f3venes. Cosas como aprender c\u00f3mo realmente escuchar a los j\u00f3venes trabajadores, o simplemente invitarles a entregar sus opiniones, o darles cr\u00e9dito p\u00fablicamente por sus esfuerzos, son gestos indispensables.&nbsp;<\/p>\n\n\n\n<p>Esa b\u00e1sica ense\u00f1anza de nuestra infancia de &#8220;saber compartir&#8221;, debe ser aplicada a nuestra manera de liderar. O, simplemente, entregar la batuta a quienes lideran a las nuevas generaciones. Eso es una necesidad absoluta.<\/p>\n\n\n\n<p>Aunque no haya gu\u00edas escritas que ense\u00f1en c\u00f3mo crear lazos intergeneracionales fuertes y justos, comencemos por aceptar que el proceso no ser\u00e1 f\u00e1cil. La respuesta no se encontrar\u00e1 en los medios sociales. No hay un sistema MapQuest que nos gu\u00ede.<\/p>\n\n\n\n<p>Como dice el famoso poema del escritor espa\u00f1ol Antonio Machado: &#8220;Caminante, no hay camino. \u00a1Se hace camino al andar!&#8221;<\/p>\n","protected":false},"excerpt":{"rendered":"<p>Cuando me retir\u00e9 de la ense\u00f1anza, retorn\u00e9 a la comunidad, fuera del \u00e1mbito universitario.&nbsp; Mis experiencias en la vida universitaria fueron, generalmente, maravillosas. Tal vez porque, dentro de ese mundo, la relaci\u00f3n entre distintas generaciones tiene un aspecto claramente definido: los maestros est\u00e1n ah\u00ed para ense\u00f1ar y los estudiantes, para aprender. Una f\u00f3rmula antigua y [&hellip;]<\/p>\n","protected":false},"author":88916,"featured_media":57607,"comment_status":"closed","ping_status":"closed","sticky":false,"template":"","format":"standard","meta":{"newspack_popups_has_disabled_popups":false,"newspack_featured_image_position":"","newspack_post_subtitle":"","newspack_article_summary_title":"Overview:","newspack_article_summary":"","newspack_hide_updated_date":false,"newspack_show_updated_date":false,"footnotes":""},"categories":[3519],"tags":[24471],"coauthors":[23399],"class_list":["post-57605","post","type-post","status-publish","format-standard","has-post-thumbnail","hentry","category-noticias","tag-apoyo-intergeneracional","entry"],"yoast_head":"<!-- This site is optimized with the Yoast SEO plugin v27.5 - https:\/\/yoast.com\/product\/yoast-seo-wordpress\/ -->\n<title>Pasar la estafeta: la necesidad del respeto y del apoyo intergeneracional - El Tecolote<\/title>\n<meta name=\"description\" content=\"Cuando me retir\u00e9 de la ense\u00f1anza, retorn\u00e9 a la comunidad, fuera del \u00e1mbito universitario.&nbsp; Mis experiencias en la vida universitaria fueron,\" \/>\n<meta name=\"robots\" content=\"index, follow, max-snippet:-1, max-image-preview:large, max-video-preview:-1\" \/>\n<link rel=\"canonical\" href=\"https:\/\/eltecolote.org\/content\/es\/pasar-la-estafeta-la-necesidad-del-respeto-y-del-apoyo-intergeneracional\/\" \/>\n<meta property=\"og:locale\" content=\"en_US\" \/>\n<meta property=\"og:type\" content=\"article\" \/>\n<meta property=\"og:title\" content=\"Pasar la estafeta: la necesidad del respeto y del apoyo intergeneracional - El Tecolote\" \/>\n<meta property=\"og:description\" content=\"Cuando me retir\u00e9 de la ense\u00f1anza, retorn\u00e9 a la comunidad, fuera del \u00e1mbito universitario.&nbsp; Mis experiencias en la vida universitaria fueron,\" \/>\n<meta property=\"og:url\" content=\"https:\/\/eltecolote.org\/content\/es\/pasar-la-estafeta-la-necesidad-del-respeto-y-del-apoyo-intergeneracional\/\" \/>\n<meta property=\"og:site_name\" content=\"El Tecolote\" \/>\n<meta property=\"article:publisher\" content=\"https:\/\/www.facebook.com\/ElTecoloteSF\/\" \/>\n<meta property=\"article:published_time\" content=\"2023-09-08T06:35:02+00:00\" \/>\n<meta property=\"article:modified_time\" content=\"2023-09-08T06:35:08+00:00\" \/>\n<meta property=\"og:image\" content=\"https:\/\/eltecolote.org\/content\/wp-content\/uploads\/2023\/09\/14-COLOR_web-1.jpeg\" \/>\n\t<meta property=\"og:image:width\" content=\"1000\" \/>\n\t<meta property=\"og:image:height\" content=\"1000\" \/>\n\t<meta property=\"og:image:type\" content=\"image\/jpeg\" \/>\n<meta name=\"author\" content=\"Carlos Bar\u00f3n\" \/>\n<meta name=\"twitter:card\" content=\"summary_large_image\" \/>\n<meta name=\"twitter:creator\" content=\"@eltecolotesf\" \/>\n<meta name=\"twitter:site\" content=\"@eltecolotesf\" \/>\n<meta name=\"twitter:label1\" content=\"Written by\" \/>\n\t<meta name=\"twitter:data1\" content=\"Carlos Bar\u00f3n\" \/>\n\t<meta name=\"twitter:label2\" content=\"Est. reading time\" \/>\n\t<meta name=\"twitter:data2\" content=\"5 minutes\" \/>\n<script type=\"application\/ld+json\" class=\"yoast-schema-graph\">{\"@context\":\"https:\\\/\\\/schema.org\",\"@graph\":[{\"@type\":\"NewsArticle\",\"@id\":\"https:\\\/\\\/eltecolote.org\\\/content\\\/es\\\/pasar-la-estafeta-la-necesidad-del-respeto-y-del-apoyo-intergeneracional\\\/#article\",\"isPartOf\":{\"@id\":\"https:\\\/\\\/eltecolote.org\\\/content\\\/es\\\/pasar-la-estafeta-la-necesidad-del-respeto-y-del-apoyo-intergeneracional\\\/\"},\"author\":{\"name\":\"Carlos Bar\u00f3n\",\"@id\":\"https:\\\/\\\/eltecolote.org\\\/content\\\/#\\\/schema\\\/person\\\/b0ba10765ff4cf90f46e78c1f4cf0506\"},\"headline\":\"Pasar la estafeta: la necesidad del respeto y del apoyo intergeneracional\",\"datePublished\":\"2023-09-08T06:35:02+00:00\",\"dateModified\":\"2023-09-08T06:35:08+00:00\",\"mainEntityOfPage\":{\"@id\":\"https:\\\/\\\/eltecolote.org\\\/content\\\/es\\\/pasar-la-estafeta-la-necesidad-del-respeto-y-del-apoyo-intergeneracional\\\/\"},\"wordCount\":989,\"publisher\":{\"@id\":\"https:\\\/\\\/eltecolote.org\\\/content\\\/#organization\"},\"image\":{\"@id\":\"https:\\\/\\\/eltecolote.org\\\/content\\\/es\\\/pasar-la-estafeta-la-necesidad-del-respeto-y-del-apoyo-intergeneracional\\\/#primaryimage\"},\"thumbnailUrl\":\"https:\\\/\\\/i0.wp.com\\\/eltecolote.org\\\/content\\\/wp-content\\\/uploads\\\/2023\\\/09\\\/14-COLOR_web-1.jpeg?fit=1000%2C1000&quality=89&ssl=1\",\"keywords\":[\"apoyo intergeneracional\"],\"articleSection\":[\"Noticias\"],\"inLanguage\":\"en\"},{\"@type\":\"WebPage\",\"@id\":\"https:\\\/\\\/eltecolote.org\\\/content\\\/es\\\/pasar-la-estafeta-la-necesidad-del-respeto-y-del-apoyo-intergeneracional\\\/\",\"url\":\"https:\\\/\\\/eltecolote.org\\\/content\\\/es\\\/pasar-la-estafeta-la-necesidad-del-respeto-y-del-apoyo-intergeneracional\\\/\",\"name\":\"Pasar la estafeta: la necesidad del respeto y del apoyo intergeneracional - El Tecolote\",\"isPartOf\":{\"@id\":\"https:\\\/\\\/eltecolote.org\\\/content\\\/#website\"},\"primaryImageOfPage\":{\"@id\":\"https:\\\/\\\/eltecolote.org\\\/content\\\/es\\\/pasar-la-estafeta-la-necesidad-del-respeto-y-del-apoyo-intergeneracional\\\/#primaryimage\"},\"image\":{\"@id\":\"https:\\\/\\\/eltecolote.org\\\/content\\\/es\\\/pasar-la-estafeta-la-necesidad-del-respeto-y-del-apoyo-intergeneracional\\\/#primaryimage\"},\"thumbnailUrl\":\"https:\\\/\\\/i0.wp.com\\\/eltecolote.org\\\/content\\\/wp-content\\\/uploads\\\/2023\\\/09\\\/14-COLOR_web-1.jpeg?fit=1000%2C1000&quality=89&ssl=1\",\"datePublished\":\"2023-09-08T06:35:02+00:00\",\"dateModified\":\"2023-09-08T06:35:08+00:00\",\"description\":\"Cuando me retir\u00e9 de la ense\u00f1anza, retorn\u00e9 a la comunidad, fuera del \u00e1mbito universitario.&nbsp; Mis experiencias en la vida universitaria fueron,\",\"inLanguage\":\"en\",\"potentialAction\":[{\"@type\":\"ReadAction\",\"target\":[\"https:\\\/\\\/eltecolote.org\\\/content\\\/es\\\/pasar-la-estafeta-la-necesidad-del-respeto-y-del-apoyo-intergeneracional\\\/\"]}]},{\"@type\":\"ImageObject\",\"inLanguage\":\"en\",\"@id\":\"https:\\\/\\\/eltecolote.org\\\/content\\\/es\\\/pasar-la-estafeta-la-necesidad-del-respeto-y-del-apoyo-intergeneracional\\\/#primaryimage\",\"url\":\"https:\\\/\\\/i0.wp.com\\\/eltecolote.org\\\/content\\\/wp-content\\\/uploads\\\/2023\\\/09\\\/14-COLOR_web-1.jpeg?fit=1000%2C1000&quality=89&ssl=1\",\"contentUrl\":\"https:\\\/\\\/i0.wp.com\\\/eltecolote.org\\\/content\\\/wp-content\\\/uploads\\\/2023\\\/09\\\/14-COLOR_web-1.jpeg?fit=1000%2C1000&quality=89&ssl=1\",\"width\":1000,\"height\":1000,\"caption\":\"Ilustraci\u00f3n: Bruno Ferreira\"},{\"@type\":\"WebSite\",\"@id\":\"https:\\\/\\\/eltecolote.org\\\/content\\\/#website\",\"url\":\"https:\\\/\\\/eltecolote.org\\\/content\\\/\",\"name\":\"El Tecolote\",\"description\":\"San Francisco's Latinx newspaper since 1970\",\"publisher\":{\"@id\":\"https:\\\/\\\/eltecolote.org\\\/content\\\/#organization\"},\"potentialAction\":[{\"@type\":\"SearchAction\",\"target\":{\"@type\":\"EntryPoint\",\"urlTemplate\":\"https:\\\/\\\/eltecolote.org\\\/content\\\/?s={search_term_string}\"},\"query-input\":{\"@type\":\"PropertyValueSpecification\",\"valueRequired\":true,\"valueName\":\"search_term_string\"}}],\"inLanguage\":\"en\"},{\"@type\":\"Organization\",\"@id\":\"https:\\\/\\\/eltecolote.org\\\/content\\\/#organization\",\"name\":\"El Tecolote\",\"url\":\"https:\\\/\\\/eltecolote.org\\\/content\\\/\",\"logo\":{\"@type\":\"ImageObject\",\"inLanguage\":\"en\",\"@id\":\"https:\\\/\\\/eltecolote.org\\\/content\\\/#\\\/schema\\\/logo\\\/image\\\/\",\"url\":\"https:\\\/\\\/i0.wp.com\\\/eltecolote.org\\\/content\\\/wp-content\\\/uploads\\\/2021\\\/05\\\/ETlogo-1.jpg?fit=400%2C400&ssl=1\",\"contentUrl\":\"https:\\\/\\\/i0.wp.com\\\/eltecolote.org\\\/content\\\/wp-content\\\/uploads\\\/2021\\\/05\\\/ETlogo-1.jpg?fit=400%2C400&ssl=1\",\"width\":400,\"height\":400,\"caption\":\"El Tecolote\"},\"image\":{\"@id\":\"https:\\\/\\\/eltecolote.org\\\/content\\\/#\\\/schema\\\/logo\\\/image\\\/\"},\"sameAs\":[\"https:\\\/\\\/www.facebook.com\\\/ElTecoloteSF\\\/\",\"https:\\\/\\\/x.com\\\/eltecolotesf\",\"https:\\\/\\\/www.instagram.com\\\/eltecolotesf\\\/\"]},{\"@type\":\"Person\",\"@id\":\"https:\\\/\\\/eltecolote.org\\\/content\\\/#\\\/schema\\\/person\\\/b0ba10765ff4cf90f46e78c1f4cf0506\",\"name\":\"Carlos Bar\u00f3n\",\"image\":{\"@type\":\"ImageObject\",\"inLanguage\":\"en\",\"@id\":\"https:\\\/\\\/secure.gravatar.com\\\/avatar\\\/718372eea01d7f73801d99c1cfb25546540e897fb50f56f2aa7eedf58a33b179?s=96&d=mm&r=g87a3a70dbd91ca1b2a1aa4ac355b8692\",\"url\":\"https:\\\/\\\/secure.gravatar.com\\\/avatar\\\/718372eea01d7f73801d99c1cfb25546540e897fb50f56f2aa7eedf58a33b179?s=96&d=mm&r=g\",\"contentUrl\":\"https:\\\/\\\/secure.gravatar.com\\\/avatar\\\/718372eea01d7f73801d99c1cfb25546540e897fb50f56f2aa7eedf58a33b179?s=96&d=mm&r=g\",\"caption\":\"Carlos Bar\u00f3n\"},\"url\":\"https:\\\/\\\/eltecolote.org\\\/content\\\/author\\\/carlosbaron\\\/\"}]}<\/script>\n<!-- \/ Yoast SEO plugin. -->","yoast_head_json":{"title":"Pasar la estafeta: la necesidad del respeto y del apoyo intergeneracional - El Tecolote","description":"Cuando me retir\u00e9 de la ense\u00f1anza, retorn\u00e9 a la comunidad, fuera del \u00e1mbito universitario.&nbsp; Mis experiencias en la vida universitaria fueron,","robots":{"index":"index","follow":"follow","max-snippet":"max-snippet:-1","max-image-preview":"max-image-preview:large","max-video-preview":"max-video-preview:-1"},"canonical":"https:\/\/eltecolote.org\/content\/es\/pasar-la-estafeta-la-necesidad-del-respeto-y-del-apoyo-intergeneracional\/","og_locale":"en_US","og_type":"article","og_title":"Pasar la estafeta: la necesidad del respeto y del apoyo intergeneracional - El Tecolote","og_description":"Cuando me retir\u00e9 de la ense\u00f1anza, retorn\u00e9 a la comunidad, fuera del \u00e1mbito universitario.&nbsp; Mis experiencias en la vida universitaria fueron,","og_url":"https:\/\/eltecolote.org\/content\/es\/pasar-la-estafeta-la-necesidad-del-respeto-y-del-apoyo-intergeneracional\/","og_site_name":"El Tecolote","article_publisher":"https:\/\/www.facebook.com\/ElTecoloteSF\/","article_published_time":"2023-09-08T06:35:02+00:00","article_modified_time":"2023-09-08T06:35:08+00:00","og_image":[{"width":1000,"height":1000,"url":"https:\/\/eltecolote.org\/content\/wp-content\/uploads\/2023\/09\/14-COLOR_web-1.jpeg","type":"image\/jpeg"}],"author":"Carlos Bar\u00f3n","twitter_card":"summary_large_image","twitter_creator":"@eltecolotesf","twitter_site":"@eltecolotesf","twitter_misc":{"Written by":"Carlos Bar\u00f3n","Est. reading time":"5 minutes"},"schema":{"@context":"https:\/\/schema.org","@graph":[{"@type":"NewsArticle","@id":"https:\/\/eltecolote.org\/content\/es\/pasar-la-estafeta-la-necesidad-del-respeto-y-del-apoyo-intergeneracional\/#article","isPartOf":{"@id":"https:\/\/eltecolote.org\/content\/es\/pasar-la-estafeta-la-necesidad-del-respeto-y-del-apoyo-intergeneracional\/"},"author":{"name":"Carlos Bar\u00f3n","@id":"https:\/\/eltecolote.org\/content\/#\/schema\/person\/b0ba10765ff4cf90f46e78c1f4cf0506"},"headline":"Pasar la estafeta: la necesidad del respeto y del apoyo intergeneracional","datePublished":"2023-09-08T06:35:02+00:00","dateModified":"2023-09-08T06:35:08+00:00","mainEntityOfPage":{"@id":"https:\/\/eltecolote.org\/content\/es\/pasar-la-estafeta-la-necesidad-del-respeto-y-del-apoyo-intergeneracional\/"},"wordCount":989,"publisher":{"@id":"https:\/\/eltecolote.org\/content\/#organization"},"image":{"@id":"https:\/\/eltecolote.org\/content\/es\/pasar-la-estafeta-la-necesidad-del-respeto-y-del-apoyo-intergeneracional\/#primaryimage"},"thumbnailUrl":"https:\/\/i0.wp.com\/eltecolote.org\/content\/wp-content\/uploads\/2023\/09\/14-COLOR_web-1.jpeg?fit=1000%2C1000&quality=89&ssl=1","keywords":["apoyo intergeneracional"],"articleSection":["Noticias"],"inLanguage":"en"},{"@type":"WebPage","@id":"https:\/\/eltecolote.org\/content\/es\/pasar-la-estafeta-la-necesidad-del-respeto-y-del-apoyo-intergeneracional\/","url":"https:\/\/eltecolote.org\/content\/es\/pasar-la-estafeta-la-necesidad-del-respeto-y-del-apoyo-intergeneracional\/","name":"Pasar la estafeta: la necesidad del respeto y del apoyo intergeneracional - El Tecolote","isPartOf":{"@id":"https:\/\/eltecolote.org\/content\/#website"},"primaryImageOfPage":{"@id":"https:\/\/eltecolote.org\/content\/es\/pasar-la-estafeta-la-necesidad-del-respeto-y-del-apoyo-intergeneracional\/#primaryimage"},"image":{"@id":"https:\/\/eltecolote.org\/content\/es\/pasar-la-estafeta-la-necesidad-del-respeto-y-del-apoyo-intergeneracional\/#primaryimage"},"thumbnailUrl":"https:\/\/i0.wp.com\/eltecolote.org\/content\/wp-content\/uploads\/2023\/09\/14-COLOR_web-1.jpeg?fit=1000%2C1000&quality=89&ssl=1","datePublished":"2023-09-08T06:35:02+00:00","dateModified":"2023-09-08T06:35:08+00:00","description":"Cuando me retir\u00e9 de la ense\u00f1anza, retorn\u00e9 a la comunidad, fuera del \u00e1mbito universitario.&nbsp; Mis experiencias en la vida universitaria fueron,","inLanguage":"en","potentialAction":[{"@type":"ReadAction","target":["https:\/\/eltecolote.org\/content\/es\/pasar-la-estafeta-la-necesidad-del-respeto-y-del-apoyo-intergeneracional\/"]}]},{"@type":"ImageObject","inLanguage":"en","@id":"https:\/\/eltecolote.org\/content\/es\/pasar-la-estafeta-la-necesidad-del-respeto-y-del-apoyo-intergeneracional\/#primaryimage","url":"https:\/\/i0.wp.com\/eltecolote.org\/content\/wp-content\/uploads\/2023\/09\/14-COLOR_web-1.jpeg?fit=1000%2C1000&quality=89&ssl=1","contentUrl":"https:\/\/i0.wp.com\/eltecolote.org\/content\/wp-content\/uploads\/2023\/09\/14-COLOR_web-1.jpeg?fit=1000%2C1000&quality=89&ssl=1","width":1000,"height":1000,"caption":"Ilustraci\u00f3n: Bruno Ferreira"},{"@type":"WebSite","@id":"https:\/\/eltecolote.org\/content\/#website","url":"https:\/\/eltecolote.org\/content\/","name":"El Tecolote","description":"San Francisco's Latinx newspaper since 1970","publisher":{"@id":"https:\/\/eltecolote.org\/content\/#organization"},"potentialAction":[{"@type":"SearchAction","target":{"@type":"EntryPoint","urlTemplate":"https:\/\/eltecolote.org\/content\/?s={search_term_string}"},"query-input":{"@type":"PropertyValueSpecification","valueRequired":true,"valueName":"search_term_string"}}],"inLanguage":"en"},{"@type":"Organization","@id":"https:\/\/eltecolote.org\/content\/#organization","name":"El Tecolote","url":"https:\/\/eltecolote.org\/content\/","logo":{"@type":"ImageObject","inLanguage":"en","@id":"https:\/\/eltecolote.org\/content\/#\/schema\/logo\/image\/","url":"https:\/\/i0.wp.com\/eltecolote.org\/content\/wp-content\/uploads\/2021\/05\/ETlogo-1.jpg?fit=400%2C400&ssl=1","contentUrl":"https:\/\/i0.wp.com\/eltecolote.org\/content\/wp-content\/uploads\/2021\/05\/ETlogo-1.jpg?fit=400%2C400&ssl=1","width":400,"height":400,"caption":"El Tecolote"},"image":{"@id":"https:\/\/eltecolote.org\/content\/#\/schema\/logo\/image\/"},"sameAs":["https:\/\/www.facebook.com\/ElTecoloteSF\/","https:\/\/x.com\/eltecolotesf","https:\/\/www.instagram.com\/eltecolotesf\/"]},{"@type":"Person","@id":"https:\/\/eltecolote.org\/content\/#\/schema\/person\/b0ba10765ff4cf90f46e78c1f4cf0506","name":"Carlos Bar\u00f3n","image":{"@type":"ImageObject","inLanguage":"en","@id":"https:\/\/secure.gravatar.com\/avatar\/718372eea01d7f73801d99c1cfb25546540e897fb50f56f2aa7eedf58a33b179?s=96&d=mm&r=g87a3a70dbd91ca1b2a1aa4ac355b8692","url":"https:\/\/secure.gravatar.com\/avatar\/718372eea01d7f73801d99c1cfb25546540e897fb50f56f2aa7eedf58a33b179?s=96&d=mm&r=g","contentUrl":"https:\/\/secure.gravatar.com\/avatar\/718372eea01d7f73801d99c1cfb25546540e897fb50f56f2aa7eedf58a33b179?s=96&d=mm&r=g","caption":"Carlos Bar\u00f3n"},"url":"https:\/\/eltecolote.org\/content\/author\/carlosbaron\/"}]}},"distributor_meta":false,"distributor_terms":false,"distributor_media":false,"distributor_original_site_name":"El Tecolote","distributor_original_site_url":"https:\/\/eltecolote.org\/content","push-errors":false,"_links":{"self":[{"href":"https:\/\/eltecolote.org\/content\/wp-json\/wp\/v2\/posts\/57605","targetHints":{"allow":["GET"]}}],"collection":[{"href":"https:\/\/eltecolote.org\/content\/wp-json\/wp\/v2\/posts"}],"about":[{"href":"https:\/\/eltecolote.org\/content\/wp-json\/wp\/v2\/types\/post"}],"author":[{"embeddable":true,"href":"https:\/\/eltecolote.org\/content\/wp-json\/wp\/v2\/users\/88916"}],"replies":[{"embeddable":true,"href":"https:\/\/eltecolote.org\/content\/wp-json\/wp\/v2\/comments?post=57605"}],"version-history":[{"count":2,"href":"https:\/\/eltecolote.org\/content\/wp-json\/wp\/v2\/posts\/57605\/revisions"}],"predecessor-version":[{"id":57611,"href":"https:\/\/eltecolote.org\/content\/wp-json\/wp\/v2\/posts\/57605\/revisions\/57611"}],"wp:featuredmedia":[{"embeddable":true,"href":"https:\/\/eltecolote.org\/content\/wp-json\/wp\/v2\/media\/57607"}],"wp:attachment":[{"href":"https:\/\/eltecolote.org\/content\/wp-json\/wp\/v2\/media?parent=57605"}],"wp:term":[{"taxonomy":"category","embeddable":true,"href":"https:\/\/eltecolote.org\/content\/wp-json\/wp\/v2\/categories?post=57605"},{"taxonomy":"post_tag","embeddable":true,"href":"https:\/\/eltecolote.org\/content\/wp-json\/wp\/v2\/tags?post=57605"},{"taxonomy":"author","embeddable":true,"href":"https:\/\/eltecolote.org\/content\/wp-json\/wp\/v2\/coauthors?post=57605"}],"curies":[{"name":"wp","href":"https:\/\/api.w.org\/{rel}","templated":true}]}}