{"id":56992,"date":"2023-07-13T17:35:14","date_gmt":"2023-07-14T00:35:14","guid":{"rendered":"https:\/\/eltecolote.org\/content\/?p=56992"},"modified":"2023-07-13T17:35:17","modified_gmt":"2023-07-14T00:35:17","slug":"coronacion-de-miss-y-mr-safe-latino-un-certamen-que-celebra-el-orgullo-y-concientiza-sobre-el-sida","status":"publish","type":"post","link":"https:\/\/eltecolote.org\/content\/es\/coronacion-de-miss-y-mr-safe-latino-un-certamen-que-celebra-el-orgullo-y-concientiza-sobre-el-sida\/","title":{"rendered":"Coronaci\u00f3n de Miss y Mr. Safe Latino: un certamen que celebra el orgullo y concientiza sobre el SIDA"},"content":{"rendered":"\n<p>El 20 de junio, se llev\u00f3 a cabo por primera vez e \u00edntegramente en espa\u00f1ol el concurso anual Miss y Mister Safe Latino, con el objetivo de continuar informando y celebrando a la comunidad LGBTQ+ latinx.<\/p>\n\n\n\n<p>Como es tradicional, los concursantes compitieron en tres categor\u00edas: Mister, Miss y Miss Transg\u00e9nero (TG). El objetivo del concurso es crear conciencia sobre la continua discriminaci\u00f3n contra la comunidad LGBTQ+, fuera y dentro de la comunidad latinx, e informar a las personas sobre el SIDA y otros riesgos y sobre prevenci\u00f3n para la salud.<\/p>\n\n\n\n<p>El ganador de la categor\u00eda Mister, Esteban Cuaya-Mu\u00f1oz, refiri\u00f3 la relevancia del evento al ser una plataforma para compartir la voz y la apariencia f\u00edsica para mostrarle a la gente que &#8220;existimos, todav\u00eda estamos aqu\u00ed&#8221;.&nbsp;<\/p>\n\n\n\n<figure class=\"wp-block-image size-full\"><img data-recalc-dims=\"1\" loading=\"lazy\" decoding=\"async\" width=\"1200\" height=\"800\" src=\"https:\/\/i0.wp.com\/eltecolote.org\/content\/wp-content\/uploads\/2023\/07\/MissMrLatine-160_web-1.jpg?resize=1200%2C800&#038;quality=89&#038;ssl=1\" alt=\"\" class=\"wp-image-56997\" srcset=\"https:\/\/i0.wp.com\/eltecolote.org\/content\/wp-content\/uploads\/2023\/07\/MissMrLatine-160_web-1.jpg?w=1200&amp;quality=89&amp;ssl=1 1200w, https:\/\/i0.wp.com\/eltecolote.org\/content\/wp-content\/uploads\/2023\/07\/MissMrLatine-160_web-1.jpg?resize=360%2C240&amp;quality=89&amp;ssl=1 360w, https:\/\/i0.wp.com\/eltecolote.org\/content\/wp-content\/uploads\/2023\/07\/MissMrLatine-160_web-1.jpg?resize=600%2C400&amp;quality=89&amp;ssl=1 600w, https:\/\/i0.wp.com\/eltecolote.org\/content\/wp-content\/uploads\/2023\/07\/MissMrLatine-160_web-1.jpg?resize=768%2C512&amp;quality=89&amp;ssl=1 768w, https:\/\/i0.wp.com\/eltecolote.org\/content\/wp-content\/uploads\/2023\/07\/MissMrLatine-160_web-1.jpg?resize=400%2C267&amp;quality=89&amp;ssl=1 400w\" sizes=\"auto, (max-width: 1000px) 100vw, 1000px\" \/><figcaption class=\"wp-element-caption\">Elly Maldonado es coronada como Miss Transgender durante el Miss y Mister Safe Latino 2023, realizado el 20 de junio. Foto: Christian Balanzar<\/figcaption><\/figure>\n\n\n\n<p>&#8220;Si quieres participar, solo hazlo, reg\u00edstrate&#8221;, dijo Cuaya-Mu\u00f1oz. &#8220;Definitivamente es una experiencia, especialmente si tienes un mensaje qu\u00e9 compartir. En la comunidad de habla hispana, ya tenemos muchas etiquetas que tenemos que navegar y el simple hecho de poder aceptar qui\u00e9nes somos nos permite sentirnos libres&#8221;.<\/p>\n\n\n\n<p>Para la ganadora de la categor\u00eda Miss TG, Elly Maldonado, enviar un mensaje y seguir luchando por la igualdad fue su misi\u00f3n al participar: &#8220;Este concurso es perfecto para poder educarnos no solo a las personas cisg\u00e9nero si no tambi\u00e9n a nuestra comunidad. Nosotros como comunidad no estamos exentos de no tener buena educaci\u00f3n,&#8221; Maldonado dijo. &#8220;Hay mucha informaci\u00f3n en las redes, pero a veces no est\u00e1 correcta&#8221;.<\/p>\n\n\n\n<p>Maldonado es una mujer transg\u00e9nero de 43 a\u00f1os que lleg\u00f3 de M\u00e9xico a los 26 a\u00f1os. Comenz\u00f3 su transici\u00f3n a la edad de 14 a\u00f1os y dijo que la discriminaci\u00f3n ha existido y contin\u00faa sin importar en qu\u00e9 parte del mundo se encuentre: &#8220;Cuando vas a aplicar por un trabajo, te ven como mujer transg\u00e9nero y luego te ven que eres latina, okay y no hablas bien el ingl\u00e9s. Entonces es como que tres veces m\u00e1s dif\u00edcil para nosotras. Pues eso es lo que estamos acostumbrados entonces seguimos luchando,&#8221; Maldonado dijo.<\/p>\n\n\n\n<figure class=\"wp-block-image size-full\"><img data-recalc-dims=\"1\" loading=\"lazy\" decoding=\"async\" width=\"1200\" height=\"800\" src=\"https:\/\/i0.wp.com\/eltecolote.org\/content\/wp-content\/uploads\/2023\/07\/MissMrLatine-055_web-1.jpg?resize=1200%2C800&#038;quality=89&#038;ssl=1\" alt=\"\" class=\"wp-image-56999\" srcset=\"https:\/\/i0.wp.com\/eltecolote.org\/content\/wp-content\/uploads\/2023\/07\/MissMrLatine-055_web-1.jpg?w=1200&amp;quality=89&amp;ssl=1 1200w, https:\/\/i0.wp.com\/eltecolote.org\/content\/wp-content\/uploads\/2023\/07\/MissMrLatine-055_web-1.jpg?resize=360%2C240&amp;quality=89&amp;ssl=1 360w, https:\/\/i0.wp.com\/eltecolote.org\/content\/wp-content\/uploads\/2023\/07\/MissMrLatine-055_web-1.jpg?resize=600%2C400&amp;quality=89&amp;ssl=1 600w, https:\/\/i0.wp.com\/eltecolote.org\/content\/wp-content\/uploads\/2023\/07\/MissMrLatine-055_web-1.jpg?resize=768%2C512&amp;quality=89&amp;ssl=1 768w, https:\/\/i0.wp.com\/eltecolote.org\/content\/wp-content\/uploads\/2023\/07\/MissMrLatine-055_web-1.jpg?resize=400%2C267&amp;quality=89&amp;ssl=1 400w\" sizes=\"auto, (max-width: 1000px) 100vw, 1000px\" \/><figcaption class=\"wp-element-caption\">Compitiendo en la categor\u00eda Miss Transgender, Elly Maldonado participa en el Miss y Mister Safe Latino 2023. Foto: Christian Balanzar<\/figcaption><\/figure>\n\n\n\n<p>Para ella, siempre ha sido una lucha, ya que no recibi\u00f3 ning\u00fan apoyo de su familia mientras crec\u00eda. Para ella es una pasi\u00f3n hablar e informar a otros sobre sentirse incluidos en la sociedad.<\/p>\n\n\n\n<p>Por su parte, Karla James, ganadora de la categor\u00eda Miss, comparte un sentimiento similar y aunque recibi\u00f3 el apoyo de su madre, ha visto las dificultades de amigas y otras que no. Y ella tambi\u00e9n se enfrenta a la discriminaci\u00f3n todos los d\u00edas y quiere que la gente se informe: &#8220;La gente siempre juzga solo por lo que ve, pero nunca habla, ni llega a conocer a esa persona y creo que cada uno de los que participamos dej\u00f3 un hermoso mensaje que toca el coraz\u00f3n de las personas. Creo que si cada persona marca la diferencia, entonces todo ser\u00e1 mejor en la comunidad&#8221;.<\/p>\n\n\n\n<p>Maldonado cree que el concurso va mucho m\u00e1s all\u00e1 de una corona y vestir hermosos atuendos. Si bien ese es el tema, se anima a los futuros participantes a contribuir con la sociedad enviando a los espectadores un mensaje que deje huella para siempre.<\/p>\n\n\n\n<figure class=\"wp-block-image size-full\"><img data-recalc-dims=\"1\" loading=\"lazy\" decoding=\"async\" width=\"1200\" height=\"800\" src=\"https:\/\/i0.wp.com\/eltecolote.org\/content\/wp-content\/uploads\/2023\/07\/MissMrLatine-251_web-1.jpg?resize=1200%2C800&#038;quality=89&#038;ssl=1\" alt=\"\" class=\"wp-image-57000\" srcset=\"https:\/\/i0.wp.com\/eltecolote.org\/content\/wp-content\/uploads\/2023\/07\/MissMrLatine-251_web-1.jpg?w=1200&amp;quality=89&amp;ssl=1 1200w, https:\/\/i0.wp.com\/eltecolote.org\/content\/wp-content\/uploads\/2023\/07\/MissMrLatine-251_web-1.jpg?resize=360%2C240&amp;quality=89&amp;ssl=1 360w, https:\/\/i0.wp.com\/eltecolote.org\/content\/wp-content\/uploads\/2023\/07\/MissMrLatine-251_web-1.jpg?resize=600%2C400&amp;quality=89&amp;ssl=1 600w, https:\/\/i0.wp.com\/eltecolote.org\/content\/wp-content\/uploads\/2023\/07\/MissMrLatine-251_web-1.jpg?resize=768%2C512&amp;quality=89&amp;ssl=1 768w, https:\/\/i0.wp.com\/eltecolote.org\/content\/wp-content\/uploads\/2023\/07\/MissMrLatine-251_web-1.jpg?resize=400%2C267&amp;quality=89&amp;ssl=1 400w\" sizes=\"auto, (max-width: 1000px) 100vw, 1000px\" \/><figcaption class=\"wp-element-caption\">Karla James es coronada como Miss el 20 de junio de 2023 durante el Miss y Mister Safe Latino. Foto: Christian Balanzar <\/figcaption><\/figure>\n\n\n\n<p>&#8220;Vayan preparados para dejar un tema que deje un mensaje a la comunidad, no solo se trata de lentejuelas o plumas este evento se trata m\u00e1s que nada de aportar algo a la comunidad, no solo de verse bonita y portar una corona en el desfile eso es bonito y te motiva mucho pero no es la principal raz\u00f3n&#8221;, Maldonado dijo.<\/p>\n\n\n\n<p>Cuaya-Mu\u00f1oz dijo que a\u00fan queda mucho trabajo por hacer incluso en San Francisco, y mucho menos en toda el \u00c1rea de la Bah\u00eda y m\u00e1s all\u00e1: &#8220;Como alguien que experiment\u00f3 un crimen de odio de primera mano en San Francisco, hay mucho trabajo por hacer&#8221;, dijeron. &#8220;No solo depende de nosotros, sino tambi\u00e9n de nuestros c\u00f3mplices heterosexuales cisg\u00e9nero intervenir y protegernos tanto como nosotros los protegemos a ellos. Hablamos de brutalidad policial, inmigraci\u00f3n, violencia armada, estamos en las calles exigiendo y luchando por los derechos de todos, no solo de las personas LGBTQ, sino de todos los dem\u00e1s, y es un llamado a hacer lo mismo por nosotros&#8221;.<\/p>\n\n\n\n<figure class=\"wp-block-image size-full\"><img data-recalc-dims=\"1\" loading=\"lazy\" decoding=\"async\" width=\"1200\" height=\"800\" src=\"https:\/\/i0.wp.com\/eltecolote.org\/content\/wp-content\/uploads\/2023\/07\/MissMrLatine-050_web-1.jpg?resize=1200%2C800&#038;quality=89&#038;ssl=1\" alt=\"\" class=\"wp-image-56996\" srcset=\"https:\/\/i0.wp.com\/eltecolote.org\/content\/wp-content\/uploads\/2023\/07\/MissMrLatine-050_web-1.jpg?w=1200&amp;quality=89&amp;ssl=1 1200w, https:\/\/i0.wp.com\/eltecolote.org\/content\/wp-content\/uploads\/2023\/07\/MissMrLatine-050_web-1.jpg?resize=360%2C240&amp;quality=89&amp;ssl=1 360w, https:\/\/i0.wp.com\/eltecolote.org\/content\/wp-content\/uploads\/2023\/07\/MissMrLatine-050_web-1.jpg?resize=600%2C400&amp;quality=89&amp;ssl=1 600w, https:\/\/i0.wp.com\/eltecolote.org\/content\/wp-content\/uploads\/2023\/07\/MissMrLatine-050_web-1.jpg?resize=768%2C512&amp;quality=89&amp;ssl=1 768w, https:\/\/i0.wp.com\/eltecolote.org\/content\/wp-content\/uploads\/2023\/07\/MissMrLatine-050_web-1.jpg?resize=400%2C267&amp;quality=89&amp;ssl=1 400w\" sizes=\"auto, (max-width: 1000px) 100vw, 1000px\" \/><figcaption class=\"wp-element-caption\">Compitiendo en la categor\u00eda Miss, La Chucha se presenta en el Miss y Mister Safe Latino 2023, el 20 de junio. Foto: Christian Balanzar<\/figcaption><\/figure>\n","protected":false},"excerpt":{"rendered":"<p>El 20 de junio, se llev\u00f3 a cabo por primera vez e \u00edntegramente en espa\u00f1ol el concurso anual Miss y Mister Safe Latino, con el objetivo de continuar informando y celebrando a la comunidad LGBTQ+ latinx. Como es tradicional, los concursantes compitieron en tres categor\u00edas: Mister, Miss y Miss Transg\u00e9nero (TG). El objetivo del concurso [&hellip;]<\/p>\n","protected":false},"author":35,"featured_media":56996,"comment_status":"closed","ping_status":"closed","sticky":false,"template":"","format":"standard","meta":{"newspack_popups_has_disabled_popups":false,"newspack_featured_image_position":"","newspack_post_subtitle":"","newspack_article_summary_title":"Overview:","newspack_article_summary":"","newspack_hide_updated_date":false,"newspack_show_updated_date":false,"footnotes":""},"categories":[3519],"tags":[24087,11007,770],"coauthors":[23942],"class_list":["post-56992","post","type-post","status-publish","format-standard","has-post-thumbnail","hentry","category-noticias","tag-miss-y-mr-safe-latino","tag-orgullo","tag-sida","entry"],"yoast_head":"<!-- This site is optimized with the Yoast SEO plugin v27.5 - https:\/\/yoast.com\/product\/yoast-seo-wordpress\/ -->\n<title>Coronaci\u00f3n de Miss y Mr. Safe Latino: un certamen que celebra el orgullo y concientiza sobre el SIDA - El Tecolote<\/title>\n<meta name=\"description\" content=\"El 20 de junio, se llev\u00f3 a cabo por primera vez e \u00edntegramente en espa\u00f1ol el concurso anual Miss y Mister Safe Latino, con el objetivo de continuar\" \/>\n<meta name=\"robots\" content=\"index, follow, max-snippet:-1, max-image-preview:large, max-video-preview:-1\" \/>\n<link rel=\"canonical\" href=\"https:\/\/eltecolote.org\/content\/es\/coronacion-de-miss-y-mr-safe-latino-un-certamen-que-celebra-el-orgullo-y-concientiza-sobre-el-sida\/\" \/>\n<meta property=\"og:locale\" content=\"en_US\" \/>\n<meta property=\"og:type\" content=\"article\" \/>\n<meta property=\"og:title\" content=\"Coronaci\u00f3n de Miss y Mr. Safe Latino: un certamen que celebra el orgullo y concientiza sobre el SIDA - El Tecolote\" \/>\n<meta property=\"og:description\" content=\"El 20 de junio, se llev\u00f3 a cabo por primera vez e \u00edntegramente en espa\u00f1ol el concurso anual Miss y Mister Safe Latino, con el objetivo de continuar\" \/>\n<meta property=\"og:url\" content=\"https:\/\/eltecolote.org\/content\/es\/coronacion-de-miss-y-mr-safe-latino-un-certamen-que-celebra-el-orgullo-y-concientiza-sobre-el-sida\/\" \/>\n<meta property=\"og:site_name\" content=\"El Tecolote\" \/>\n<meta property=\"article:publisher\" content=\"https:\/\/www.facebook.com\/ElTecoloteSF\/\" \/>\n<meta property=\"article:published_time\" content=\"2023-07-14T00:35:14+00:00\" \/>\n<meta property=\"article:modified_time\" content=\"2023-07-14T00:35:17+00:00\" \/>\n<meta property=\"og:image\" content=\"https:\/\/eltecolote.org\/content\/wp-content\/uploads\/2023\/07\/MissMrLatine-050_web-1.jpg\" \/>\n\t<meta property=\"og:image:width\" content=\"1200\" \/>\n\t<meta property=\"og:image:height\" content=\"800\" \/>\n\t<meta property=\"og:image:type\" content=\"image\/jpeg\" \/>\n<meta name=\"author\" content=\"Royvi Hern\u00e1ndez\" \/>\n<meta name=\"twitter:card\" content=\"summary_large_image\" \/>\n<meta name=\"twitter:creator\" content=\"@eltecolotesf\" \/>\n<meta name=\"twitter:site\" content=\"@eltecolotesf\" \/>\n<meta name=\"twitter:label1\" content=\"Written by\" \/>\n\t<meta name=\"twitter:data1\" content=\"Royvi Hern\u00e1ndez\" \/>\n\t<meta name=\"twitter:label2\" content=\"Est. reading time\" \/>\n\t<meta name=\"twitter:data2\" content=\"4 minutes\" \/>\n<script type=\"application\/ld+json\" class=\"yoast-schema-graph\">{\"@context\":\"https:\\\/\\\/schema.org\",\"@graph\":[{\"@type\":\"NewsArticle\",\"@id\":\"https:\\\/\\\/eltecolote.org\\\/content\\\/es\\\/coronacion-de-miss-y-mr-safe-latino-un-certamen-que-celebra-el-orgullo-y-concientiza-sobre-el-sida\\\/#article\",\"isPartOf\":{\"@id\":\"https:\\\/\\\/eltecolote.org\\\/content\\\/es\\\/coronacion-de-miss-y-mr-safe-latino-un-certamen-que-celebra-el-orgullo-y-concientiza-sobre-el-sida\\\/\"},\"author\":{\"name\":\"El Tecolote Staff\",\"@id\":\"https:\\\/\\\/eltecolote.org\\\/content\\\/#\\\/schema\\\/person\\\/08828d10185eba96895a8363a269410e\"},\"headline\":\"Coronaci\u00f3n de Miss y Mr. Safe Latino: un certamen que celebra el orgullo y concientiza sobre el SIDA\",\"datePublished\":\"2023-07-14T00:35:14+00:00\",\"dateModified\":\"2023-07-14T00:35:17+00:00\",\"mainEntityOfPage\":{\"@id\":\"https:\\\/\\\/eltecolote.org\\\/content\\\/es\\\/coronacion-de-miss-y-mr-safe-latino-un-certamen-que-celebra-el-orgullo-y-concientiza-sobre-el-sida\\\/\"},\"wordCount\":831,\"publisher\":{\"@id\":\"https:\\\/\\\/eltecolote.org\\\/content\\\/#organization\"},\"image\":{\"@id\":\"https:\\\/\\\/eltecolote.org\\\/content\\\/es\\\/coronacion-de-miss-y-mr-safe-latino-un-certamen-que-celebra-el-orgullo-y-concientiza-sobre-el-sida\\\/#primaryimage\"},\"thumbnailUrl\":\"https:\\\/\\\/i0.wp.com\\\/eltecolote.org\\\/content\\\/wp-content\\\/uploads\\\/2023\\\/07\\\/MissMrLatine-050_web-1.jpg?fit=1200%2C800&quality=89&ssl=1\",\"keywords\":[\"Miss y Mr. Safe Latino\",\"Orgullo\",\"SIDA\"],\"articleSection\":[\"Noticias\"],\"inLanguage\":\"en\"},{\"@type\":\"WebPage\",\"@id\":\"https:\\\/\\\/eltecolote.org\\\/content\\\/es\\\/coronacion-de-miss-y-mr-safe-latino-un-certamen-que-celebra-el-orgullo-y-concientiza-sobre-el-sida\\\/\",\"url\":\"https:\\\/\\\/eltecolote.org\\\/content\\\/es\\\/coronacion-de-miss-y-mr-safe-latino-un-certamen-que-celebra-el-orgullo-y-concientiza-sobre-el-sida\\\/\",\"name\":\"Coronaci\u00f3n de Miss y Mr. Safe Latino: un certamen que celebra el orgullo y concientiza sobre el SIDA - El Tecolote\",\"isPartOf\":{\"@id\":\"https:\\\/\\\/eltecolote.org\\\/content\\\/#website\"},\"primaryImageOfPage\":{\"@id\":\"https:\\\/\\\/eltecolote.org\\\/content\\\/es\\\/coronacion-de-miss-y-mr-safe-latino-un-certamen-que-celebra-el-orgullo-y-concientiza-sobre-el-sida\\\/#primaryimage\"},\"image\":{\"@id\":\"https:\\\/\\\/eltecolote.org\\\/content\\\/es\\\/coronacion-de-miss-y-mr-safe-latino-un-certamen-que-celebra-el-orgullo-y-concientiza-sobre-el-sida\\\/#primaryimage\"},\"thumbnailUrl\":\"https:\\\/\\\/i0.wp.com\\\/eltecolote.org\\\/content\\\/wp-content\\\/uploads\\\/2023\\\/07\\\/MissMrLatine-050_web-1.jpg?fit=1200%2C800&quality=89&ssl=1\",\"datePublished\":\"2023-07-14T00:35:14+00:00\",\"dateModified\":\"2023-07-14T00:35:17+00:00\",\"description\":\"El 20 de junio, se llev\u00f3 a cabo por primera vez e \u00edntegramente en espa\u00f1ol el concurso anual Miss y Mister Safe Latino, con el objetivo de continuar\",\"inLanguage\":\"en\",\"potentialAction\":[{\"@type\":\"ReadAction\",\"target\":[\"https:\\\/\\\/eltecolote.org\\\/content\\\/es\\\/coronacion-de-miss-y-mr-safe-latino-un-certamen-que-celebra-el-orgullo-y-concientiza-sobre-el-sida\\\/\"]}]},{\"@type\":\"ImageObject\",\"inLanguage\":\"en\",\"@id\":\"https:\\\/\\\/eltecolote.org\\\/content\\\/es\\\/coronacion-de-miss-y-mr-safe-latino-un-certamen-que-celebra-el-orgullo-y-concientiza-sobre-el-sida\\\/#primaryimage\",\"url\":\"https:\\\/\\\/i0.wp.com\\\/eltecolote.org\\\/content\\\/wp-content\\\/uploads\\\/2023\\\/07\\\/MissMrLatine-050_web-1.jpg?fit=1200%2C800&quality=89&ssl=1\",\"contentUrl\":\"https:\\\/\\\/i0.wp.com\\\/eltecolote.org\\\/content\\\/wp-content\\\/uploads\\\/2023\\\/07\\\/MissMrLatine-050_web-1.jpg?fit=1200%2C800&quality=89&ssl=1\",\"width\":1200,\"height\":800,\"caption\":\"Compitiendo en la categor\u00eda Miss, La Chucha se presenta en el Miss y Mister Safe Latino 2023, el 20 de junio. Foto: Christian Balanzar\"},{\"@type\":\"WebSite\",\"@id\":\"https:\\\/\\\/eltecolote.org\\\/content\\\/#website\",\"url\":\"https:\\\/\\\/eltecolote.org\\\/content\\\/\",\"name\":\"El Tecolote\",\"description\":\"San Francisco's Latinx newspaper since 1970\",\"publisher\":{\"@id\":\"https:\\\/\\\/eltecolote.org\\\/content\\\/#organization\"},\"potentialAction\":[{\"@type\":\"SearchAction\",\"target\":{\"@type\":\"EntryPoint\",\"urlTemplate\":\"https:\\\/\\\/eltecolote.org\\\/content\\\/?s={search_term_string}\"},\"query-input\":{\"@type\":\"PropertyValueSpecification\",\"valueRequired\":true,\"valueName\":\"search_term_string\"}}],\"inLanguage\":\"en\"},{\"@type\":\"Organization\",\"@id\":\"https:\\\/\\\/eltecolote.org\\\/content\\\/#organization\",\"name\":\"El Tecolote\",\"url\":\"https:\\\/\\\/eltecolote.org\\\/content\\\/\",\"logo\":{\"@type\":\"ImageObject\",\"inLanguage\":\"en\",\"@id\":\"https:\\\/\\\/eltecolote.org\\\/content\\\/#\\\/schema\\\/logo\\\/image\\\/\",\"url\":\"https:\\\/\\\/i0.wp.com\\\/eltecolote.org\\\/content\\\/wp-content\\\/uploads\\\/2021\\\/05\\\/ETlogo-1.jpg?fit=400%2C400&ssl=1\",\"contentUrl\":\"https:\\\/\\\/i0.wp.com\\\/eltecolote.org\\\/content\\\/wp-content\\\/uploads\\\/2021\\\/05\\\/ETlogo-1.jpg?fit=400%2C400&ssl=1\",\"width\":400,\"height\":400,\"caption\":\"El Tecolote\"},\"image\":{\"@id\":\"https:\\\/\\\/eltecolote.org\\\/content\\\/#\\\/schema\\\/logo\\\/image\\\/\"},\"sameAs\":[\"https:\\\/\\\/www.facebook.com\\\/ElTecoloteSF\\\/\",\"https:\\\/\\\/x.com\\\/eltecolotesf\",\"https:\\\/\\\/www.instagram.com\\\/eltecolotesf\\\/\"]},{\"@type\":\"Person\",\"@id\":\"https:\\\/\\\/eltecolote.org\\\/content\\\/#\\\/schema\\\/person\\\/08828d10185eba96895a8363a269410e\",\"name\":\"El Tecolote Staff\",\"image\":{\"@type\":\"ImageObject\",\"inLanguage\":\"en\",\"@id\":\"https:\\\/\\\/secure.gravatar.com\\\/avatar\\\/9534c92c8c908364e186a64d93efc86f62367109d1b07a3454facde655968589?s=96&d=mm&r=g6afcb607783e095e4cf6be807353924d\",\"url\":\"https:\\\/\\\/secure.gravatar.com\\\/avatar\\\/9534c92c8c908364e186a64d93efc86f62367109d1b07a3454facde655968589?s=96&d=mm&r=g\",\"contentUrl\":\"https:\\\/\\\/secure.gravatar.com\\\/avatar\\\/9534c92c8c908364e186a64d93efc86f62367109d1b07a3454facde655968589?s=96&d=mm&r=g\",\"caption\":\"El Tecolote Staff\"},\"url\":\"https:\\\/\\\/eltecolote.org\\\/content\\\/author\\\/web-editor\\\/\"}]}<\/script>\n<!-- \/ Yoast SEO plugin. -->","yoast_head_json":{"title":"Coronaci\u00f3n de Miss y Mr. Safe Latino: un certamen que celebra el orgullo y concientiza sobre el SIDA - El Tecolote","description":"El 20 de junio, se llev\u00f3 a cabo por primera vez e \u00edntegramente en espa\u00f1ol el concurso anual Miss y Mister Safe Latino, con el objetivo de continuar","robots":{"index":"index","follow":"follow","max-snippet":"max-snippet:-1","max-image-preview":"max-image-preview:large","max-video-preview":"max-video-preview:-1"},"canonical":"https:\/\/eltecolote.org\/content\/es\/coronacion-de-miss-y-mr-safe-latino-un-certamen-que-celebra-el-orgullo-y-concientiza-sobre-el-sida\/","og_locale":"en_US","og_type":"article","og_title":"Coronaci\u00f3n de Miss y Mr. Safe Latino: un certamen que celebra el orgullo y concientiza sobre el SIDA - El Tecolote","og_description":"El 20 de junio, se llev\u00f3 a cabo por primera vez e \u00edntegramente en espa\u00f1ol el concurso anual Miss y Mister Safe Latino, con el objetivo de continuar","og_url":"https:\/\/eltecolote.org\/content\/es\/coronacion-de-miss-y-mr-safe-latino-un-certamen-que-celebra-el-orgullo-y-concientiza-sobre-el-sida\/","og_site_name":"El Tecolote","article_publisher":"https:\/\/www.facebook.com\/ElTecoloteSF\/","article_published_time":"2023-07-14T00:35:14+00:00","article_modified_time":"2023-07-14T00:35:17+00:00","og_image":[{"width":1200,"height":800,"url":"https:\/\/eltecolote.org\/content\/wp-content\/uploads\/2023\/07\/MissMrLatine-050_web-1.jpg","type":"image\/jpeg"}],"author":"Royvi Hern\u00e1ndez","twitter_card":"summary_large_image","twitter_creator":"@eltecolotesf","twitter_site":"@eltecolotesf","twitter_misc":{"Written by":"Royvi Hern\u00e1ndez","Est. reading time":"4 minutes"},"schema":{"@context":"https:\/\/schema.org","@graph":[{"@type":"NewsArticle","@id":"https:\/\/eltecolote.org\/content\/es\/coronacion-de-miss-y-mr-safe-latino-un-certamen-que-celebra-el-orgullo-y-concientiza-sobre-el-sida\/#article","isPartOf":{"@id":"https:\/\/eltecolote.org\/content\/es\/coronacion-de-miss-y-mr-safe-latino-un-certamen-que-celebra-el-orgullo-y-concientiza-sobre-el-sida\/"},"author":{"name":"El Tecolote Staff","@id":"https:\/\/eltecolote.org\/content\/#\/schema\/person\/08828d10185eba96895a8363a269410e"},"headline":"Coronaci\u00f3n de Miss y Mr. Safe Latino: un certamen que celebra el orgullo y concientiza sobre el SIDA","datePublished":"2023-07-14T00:35:14+00:00","dateModified":"2023-07-14T00:35:17+00:00","mainEntityOfPage":{"@id":"https:\/\/eltecolote.org\/content\/es\/coronacion-de-miss-y-mr-safe-latino-un-certamen-que-celebra-el-orgullo-y-concientiza-sobre-el-sida\/"},"wordCount":831,"publisher":{"@id":"https:\/\/eltecolote.org\/content\/#organization"},"image":{"@id":"https:\/\/eltecolote.org\/content\/es\/coronacion-de-miss-y-mr-safe-latino-un-certamen-que-celebra-el-orgullo-y-concientiza-sobre-el-sida\/#primaryimage"},"thumbnailUrl":"https:\/\/i0.wp.com\/eltecolote.org\/content\/wp-content\/uploads\/2023\/07\/MissMrLatine-050_web-1.jpg?fit=1200%2C800&quality=89&ssl=1","keywords":["Miss y Mr. Safe Latino","Orgullo","SIDA"],"articleSection":["Noticias"],"inLanguage":"en"},{"@type":"WebPage","@id":"https:\/\/eltecolote.org\/content\/es\/coronacion-de-miss-y-mr-safe-latino-un-certamen-que-celebra-el-orgullo-y-concientiza-sobre-el-sida\/","url":"https:\/\/eltecolote.org\/content\/es\/coronacion-de-miss-y-mr-safe-latino-un-certamen-que-celebra-el-orgullo-y-concientiza-sobre-el-sida\/","name":"Coronaci\u00f3n de Miss y Mr. Safe Latino: un certamen que celebra el orgullo y concientiza sobre el SIDA - El Tecolote","isPartOf":{"@id":"https:\/\/eltecolote.org\/content\/#website"},"primaryImageOfPage":{"@id":"https:\/\/eltecolote.org\/content\/es\/coronacion-de-miss-y-mr-safe-latino-un-certamen-que-celebra-el-orgullo-y-concientiza-sobre-el-sida\/#primaryimage"},"image":{"@id":"https:\/\/eltecolote.org\/content\/es\/coronacion-de-miss-y-mr-safe-latino-un-certamen-que-celebra-el-orgullo-y-concientiza-sobre-el-sida\/#primaryimage"},"thumbnailUrl":"https:\/\/i0.wp.com\/eltecolote.org\/content\/wp-content\/uploads\/2023\/07\/MissMrLatine-050_web-1.jpg?fit=1200%2C800&quality=89&ssl=1","datePublished":"2023-07-14T00:35:14+00:00","dateModified":"2023-07-14T00:35:17+00:00","description":"El 20 de junio, se llev\u00f3 a cabo por primera vez e \u00edntegramente en espa\u00f1ol el concurso anual Miss y Mister Safe Latino, con el objetivo de continuar","inLanguage":"en","potentialAction":[{"@type":"ReadAction","target":["https:\/\/eltecolote.org\/content\/es\/coronacion-de-miss-y-mr-safe-latino-un-certamen-que-celebra-el-orgullo-y-concientiza-sobre-el-sida\/"]}]},{"@type":"ImageObject","inLanguage":"en","@id":"https:\/\/eltecolote.org\/content\/es\/coronacion-de-miss-y-mr-safe-latino-un-certamen-que-celebra-el-orgullo-y-concientiza-sobre-el-sida\/#primaryimage","url":"https:\/\/i0.wp.com\/eltecolote.org\/content\/wp-content\/uploads\/2023\/07\/MissMrLatine-050_web-1.jpg?fit=1200%2C800&quality=89&ssl=1","contentUrl":"https:\/\/i0.wp.com\/eltecolote.org\/content\/wp-content\/uploads\/2023\/07\/MissMrLatine-050_web-1.jpg?fit=1200%2C800&quality=89&ssl=1","width":1200,"height":800,"caption":"Compitiendo en la categor\u00eda Miss, La Chucha se presenta en el Miss y Mister Safe Latino 2023, el 20 de junio. Foto: Christian Balanzar"},{"@type":"WebSite","@id":"https:\/\/eltecolote.org\/content\/#website","url":"https:\/\/eltecolote.org\/content\/","name":"El Tecolote","description":"San Francisco's Latinx newspaper since 1970","publisher":{"@id":"https:\/\/eltecolote.org\/content\/#organization"},"potentialAction":[{"@type":"SearchAction","target":{"@type":"EntryPoint","urlTemplate":"https:\/\/eltecolote.org\/content\/?s={search_term_string}"},"query-input":{"@type":"PropertyValueSpecification","valueRequired":true,"valueName":"search_term_string"}}],"inLanguage":"en"},{"@type":"Organization","@id":"https:\/\/eltecolote.org\/content\/#organization","name":"El Tecolote","url":"https:\/\/eltecolote.org\/content\/","logo":{"@type":"ImageObject","inLanguage":"en","@id":"https:\/\/eltecolote.org\/content\/#\/schema\/logo\/image\/","url":"https:\/\/i0.wp.com\/eltecolote.org\/content\/wp-content\/uploads\/2021\/05\/ETlogo-1.jpg?fit=400%2C400&ssl=1","contentUrl":"https:\/\/i0.wp.com\/eltecolote.org\/content\/wp-content\/uploads\/2021\/05\/ETlogo-1.jpg?fit=400%2C400&ssl=1","width":400,"height":400,"caption":"El Tecolote"},"image":{"@id":"https:\/\/eltecolote.org\/content\/#\/schema\/logo\/image\/"},"sameAs":["https:\/\/www.facebook.com\/ElTecoloteSF\/","https:\/\/x.com\/eltecolotesf","https:\/\/www.instagram.com\/eltecolotesf\/"]},{"@type":"Person","@id":"https:\/\/eltecolote.org\/content\/#\/schema\/person\/08828d10185eba96895a8363a269410e","name":"El Tecolote Staff","image":{"@type":"ImageObject","inLanguage":"en","@id":"https:\/\/secure.gravatar.com\/avatar\/9534c92c8c908364e186a64d93efc86f62367109d1b07a3454facde655968589?s=96&d=mm&r=g6afcb607783e095e4cf6be807353924d","url":"https:\/\/secure.gravatar.com\/avatar\/9534c92c8c908364e186a64d93efc86f62367109d1b07a3454facde655968589?s=96&d=mm&r=g","contentUrl":"https:\/\/secure.gravatar.com\/avatar\/9534c92c8c908364e186a64d93efc86f62367109d1b07a3454facde655968589?s=96&d=mm&r=g","caption":"El Tecolote Staff"},"url":"https:\/\/eltecolote.org\/content\/author\/web-editor\/"}]}},"distributor_meta":false,"distributor_terms":false,"distributor_media":false,"distributor_original_site_name":"El Tecolote","distributor_original_site_url":"https:\/\/eltecolote.org\/content","push-errors":false,"_links":{"self":[{"href":"https:\/\/eltecolote.org\/content\/wp-json\/wp\/v2\/posts\/56992","targetHints":{"allow":["GET"]}}],"collection":[{"href":"https:\/\/eltecolote.org\/content\/wp-json\/wp\/v2\/posts"}],"about":[{"href":"https:\/\/eltecolote.org\/content\/wp-json\/wp\/v2\/types\/post"}],"author":[{"embeddable":true,"href":"https:\/\/eltecolote.org\/content\/wp-json\/wp\/v2\/users\/35"}],"replies":[{"embeddable":true,"href":"https:\/\/eltecolote.org\/content\/wp-json\/wp\/v2\/comments?post=56992"}],"version-history":[{"count":5,"href":"https:\/\/eltecolote.org\/content\/wp-json\/wp\/v2\/posts\/56992\/revisions"}],"predecessor-version":[{"id":57002,"href":"https:\/\/eltecolote.org\/content\/wp-json\/wp\/v2\/posts\/56992\/revisions\/57002"}],"wp:featuredmedia":[{"embeddable":true,"href":"https:\/\/eltecolote.org\/content\/wp-json\/wp\/v2\/media\/56996"}],"wp:attachment":[{"href":"https:\/\/eltecolote.org\/content\/wp-json\/wp\/v2\/media?parent=56992"}],"wp:term":[{"taxonomy":"category","embeddable":true,"href":"https:\/\/eltecolote.org\/content\/wp-json\/wp\/v2\/categories?post=56992"},{"taxonomy":"post_tag","embeddable":true,"href":"https:\/\/eltecolote.org\/content\/wp-json\/wp\/v2\/tags?post=56992"},{"taxonomy":"author","embeddable":true,"href":"https:\/\/eltecolote.org\/content\/wp-json\/wp\/v2\/coauthors?post=56992"}],"curies":[{"name":"wp","href":"https:\/\/api.w.org\/{rel}","templated":true}]}}