{"id":56853,"date":"2023-06-30T15:21:52","date_gmt":"2023-06-30T22:21:52","guid":{"rendered":"https:\/\/eltecolote.org\/content\/?p=56853"},"modified":"2023-06-30T15:21:57","modified_gmt":"2023-06-30T22:21:57","slug":"la-mision-procura-sanar-con-una-marcha-por-la-paz-y-circulos-de-sanacion-tras-recientes-tiroteos","status":"publish","type":"post","link":"https:\/\/eltecolote.org\/content\/es\/la-mision-procura-sanar-con-una-marcha-por-la-paz-y-circulos-de-sanacion-tras-recientes-tiroteos\/","title":{"rendered":"La Misi\u00f3n procura sanar con una marcha por la paz y c\u00edrculos de sanaci\u00f3n tras recientes tiroteos\u00a0"},"content":{"rendered":"<div class=\"wp-block-image\">\n<figure class=\"alignleft size-full\"><img data-recalc-dims=\"1\" loading=\"lazy\" decoding=\"async\" width=\"800\" height=\"1200\" src=\"https:\/\/i0.wp.com\/eltecolote.org\/content\/wp-content\/uploads\/2023\/06\/Mission-Peace-Rally_-1.jpeg?resize=800%2C1200&#038;quality=89&#038;ssl=1\" alt=\"\" class=\"wp-image-56856\" srcset=\"https:\/\/i0.wp.com\/eltecolote.org\/content\/wp-content\/uploads\/2023\/06\/Mission-Peace-Rally_-1.jpeg?w=800&amp;quality=89&amp;ssl=1 800w, https:\/\/i0.wp.com\/eltecolote.org\/content\/wp-content\/uploads\/2023\/06\/Mission-Peace-Rally_-1.jpeg?resize=167%2C250&amp;quality=89&amp;ssl=1 167w, https:\/\/i0.wp.com\/eltecolote.org\/content\/wp-content\/uploads\/2023\/06\/Mission-Peace-Rally_-1.jpeg?resize=320%2C480&amp;quality=89&amp;ssl=1 320w, https:\/\/i0.wp.com\/eltecolote.org\/content\/wp-content\/uploads\/2023\/06\/Mission-Peace-Rally_-1.jpeg?resize=768%2C1152&amp;quality=89&amp;ssl=1 768w, https:\/\/i0.wp.com\/eltecolote.org\/content\/wp-content\/uploads\/2023\/06\/Mission-Peace-Rally_-1.jpeg?resize=400%2C600&amp;quality=89&amp;ssl=1 400w\" sizes=\"auto, (max-width: 800px) 100vw, 800px\" \/><figcaption class=\"wp-element-caption\">Un danzante ejecuta una oraci\u00f3n y danza mientras los asistentes reciben una limpia con salvia durante el evento Mission Peace Collaborative llevado a cabo en la Plaza del BART de la calle 24 en San Francisco, California, el 20 de junio de 2023. Este mitin por la paz fue organizado a ra\u00edz de los recientes tiroteos ocurridos en el Distrito Misi\u00f3n. Foto: Chris Cuadrado<\/figcaption><\/figure>\n<\/div>\n\n\n<p>Se realiz\u00f3 un arresto despu\u00e9s del tiroteo que la noche del 9 de junio sacudi\u00f3 al Distrito Misi\u00f3n, dejando nueve personas heridas. El presunto sospechoso, Javier Campos, fue arrestado en Watsonville, Santa Cruz y puesto bajo custodia en San Francisco, donde enfrentar\u00e1 cargos penales por el incidente que ha sembrado nerviosismo entre la comunidad.<\/p>\n\n\n\n<p>Seg\u00fan Santiago Lerma, Asistente Legislativo de la Supervisora del Distrito 9, ocho de las&nbsp; nueve v\u00edctimas han sido dadas de alta del hospital.<\/p>\n\n\n\n<p>\u201cPens\u00e9 que me hab\u00eda golpeado un fuego artificial, \u00bfsabes?\u201d, dijo una de las v\u00edctimas que El Tecolote identifica como Tom. Tom recibi\u00f3 dos disparos en la pierna. \u201cY luego me dispararon de nuevo y me di cuenta que era grave\u201d. <\/p>\n\n\n\n<p>Por su parte, Ozzy, representante de Mission Skateboards y Dying Breed, relata momentos despu\u00e9s del tiroteo como personas corrieron hacia el Callej\u00f3n Balmy. \u201cDimos la vuelta\u2026 Estaba mal y la gente no se mov\u00eda ni se escond\u00eda, fue mucho\u201d.<\/p>\n\n\n\n<p>Los transe\u00fantes se apresuraron a ayudar a las v\u00edctimas, aplicando primeros auxilios a sus heridas. &#8220;Estoy realmente agradecido de que la situaci\u00f3n resultara como fue para m\u00ed porque con la ayuda de la comunidad, pude tener m\u00e1s oportunidades de estar en la situaci\u00f3n [que] estoy ahora&#8221;, dijo Tom, quien fue trasladado al hospital y dado de alta al d\u00eda siguiente. \u00c9l expres\u00f3 su gratitud por las personas que estuvieron all\u00ed para ayudar a salvar su vida. \u201cPodr\u00edan haber corrido y huido de la situaci\u00f3n, lo que podr\u00eda haber sido lo m\u00e1s inteligente, pero hubo personas all\u00ed que simplemente no lo pensaron dos veces, algunos de los actos m\u00e1s valientes [actos que he visto]. Es solo una bendici\u00f3n, de seguro\u201d.<\/p>\n\n\n<div class=\"wp-block-image\">\n<figure class=\"alignright size-full\"><img data-recalc-dims=\"1\" loading=\"lazy\" decoding=\"async\" width=\"800\" height=\"1200\" src=\"https:\/\/i0.wp.com\/eltecolote.org\/content\/wp-content\/uploads\/2023\/06\/Mission-Peace-Rally_1-1.jpeg?resize=800%2C1200&#038;quality=89&#038;ssl=1\" alt=\"\" class=\"wp-image-56857\" srcset=\"https:\/\/i0.wp.com\/eltecolote.org\/content\/wp-content\/uploads\/2023\/06\/Mission-Peace-Rally_1-1.jpeg?w=800&amp;quality=89&amp;ssl=1 800w, https:\/\/i0.wp.com\/eltecolote.org\/content\/wp-content\/uploads\/2023\/06\/Mission-Peace-Rally_1-1.jpeg?resize=167%2C250&amp;quality=89&amp;ssl=1 167w, https:\/\/i0.wp.com\/eltecolote.org\/content\/wp-content\/uploads\/2023\/06\/Mission-Peace-Rally_1-1.jpeg?resize=320%2C480&amp;quality=89&amp;ssl=1 320w, https:\/\/i0.wp.com\/eltecolote.org\/content\/wp-content\/uploads\/2023\/06\/Mission-Peace-Rally_1-1.jpeg?resize=768%2C1152&amp;quality=89&amp;ssl=1 768w, https:\/\/i0.wp.com\/eltecolote.org\/content\/wp-content\/uploads\/2023\/06\/Mission-Peace-Rally_1-1.jpeg?resize=400%2C600&amp;quality=89&amp;ssl=1 400w\" sizes=\"auto, (max-width: 800px) 100vw, 800px\" \/><figcaption class=\"wp-element-caption\">Ayiana Escobar, cantautora, interpreta \u201cVivir mi vida\u201d en el evento Mission Peace Collaborative llevado a cabo en la Plaza del BART de la calle 24 en San Francisco, California, el 20 de junio de 2023. Foto: Chris Cuadrado<\/figcaption><\/figure>\n<\/div>\n\n\n<p>El Distrito Misi\u00f3n ahora se esfuerza por sanar colectivamente mediante la organizaci\u00f3n de c\u00edrculos comunitarios y m\u00edtines por la paz, que fueron dirigidos por organizaciones como Calle 24. Lucia Ippolito, una organizadora de esos c\u00edrculos, realiz\u00f3 ejercicios de terapia de arte en colaboraci\u00f3n con miembros de la comunidad, y tambi\u00e9n se ofrecieron los servicios de facilitadores de salud mental, quiropr\u00e1cticos y curanderos som\u00e1ticos.<\/p>\n\n\n\n<p>\u201cUna vez que se revel\u00f3 que el tirador fue detenido, creo que hubo una sensaci\u00f3n de alivio. Sin embargo, eso no significa que todav\u00eda no haya violencia de la que debamos preocuparnos\u201d, comparti\u00f3 Ippolito.<\/p>\n\n\n\n<p>Los c\u00edrculos comunitarios y las manifestaciones han brindado un espacio seguro para que los residentes del distrito se recuperen y hablen sobre c\u00f3mo la violencia armada afecta el vecindario.<\/p>\n\n\n\n<p>\u201cCreo que nuestros l\u00edderes y organizadores comunitarios podr\u00edan organizar m\u00e1s c\u00edrculos de sanaci\u00f3n, m\u00e1s debates p\u00fablicos y reunir m\u00e1s a las personas para que nuestra comunidad se una contra la violencia y el odio\u201d, dijo Ippolito.<\/p>\n","protected":false},"excerpt":{"rendered":"<p>Se realiz\u00f3 un arresto despu\u00e9s del tiroteo que la noche del 9 de junio sacudi\u00f3 al Distrito Misi\u00f3n, dejando nueve personas heridas. El presunto sospechoso, Javier Campos, fue arrestado en Watsonville, Santa Cruz y puesto bajo custodia en San Francisco, donde enfrentar\u00e1 cargos penales por el incidente que ha sembrado nerviosismo entre la comunidad. Seg\u00fan [&hellip;]<\/p>\n","protected":false},"author":35,"featured_media":56855,"comment_status":"closed","ping_status":"closed","sticky":false,"template":"","format":"standard","meta":{"newspack_popups_has_disabled_popups":false,"newspack_featured_image_position":"","newspack_post_subtitle":"","newspack_article_summary_title":"Overview:","newspack_article_summary":"","newspack_hide_updated_date":false,"newspack_show_updated_date":false,"footnotes":""},"categories":[3519],"tags":[7201],"coauthors":[23967],"class_list":["post-56853","post","type-post","status-publish","format-standard","has-post-thumbnail","hentry","category-noticias","tag-tiroteo","entry"],"yoast_head":"<!-- This site is optimized with the Yoast SEO plugin v27.5 - https:\/\/yoast.com\/product\/yoast-seo-wordpress\/ -->\n<title>La Misi\u00f3n procura sanar con una marcha por la paz y c\u00edrculos de sanaci\u00f3n tras recientes tiroteos\u00a0 - El Tecolote<\/title>\n<meta name=\"description\" content=\"Un danzante ejecuta una oraci\u00f3n y danza mientras los asistentes reciben una limpia con salvia durante el evento Mission Peace Collaborative llevado a cabo\" \/>\n<meta name=\"robots\" content=\"index, follow, max-snippet:-1, max-image-preview:large, max-video-preview:-1\" \/>\n<link rel=\"canonical\" href=\"https:\/\/eltecolote.org\/content\/es\/la-mision-procura-sanar-con-una-marcha-por-la-paz-y-circulos-de-sanacion-tras-recientes-tiroteos\/\" \/>\n<meta property=\"og:locale\" content=\"en_US\" \/>\n<meta property=\"og:type\" content=\"article\" \/>\n<meta property=\"og:title\" content=\"La Misi\u00f3n procura sanar con una marcha por la paz y c\u00edrculos de sanaci\u00f3n tras recientes tiroteos\u00a0 - El Tecolote\" \/>\n<meta property=\"og:description\" content=\"Un danzante ejecuta una oraci\u00f3n y danza mientras los asistentes reciben una limpia con salvia durante el evento Mission Peace Collaborative llevado a cabo\" \/>\n<meta property=\"og:url\" content=\"https:\/\/eltecolote.org\/content\/es\/la-mision-procura-sanar-con-una-marcha-por-la-paz-y-circulos-de-sanacion-tras-recientes-tiroteos\/\" \/>\n<meta property=\"og:site_name\" content=\"El Tecolote\" \/>\n<meta property=\"article:publisher\" content=\"https:\/\/www.facebook.com\/ElTecoloteSF\/\" \/>\n<meta property=\"article:published_time\" content=\"2023-06-30T22:21:52+00:00\" \/>\n<meta property=\"article:modified_time\" content=\"2023-06-30T22:21:57+00:00\" \/>\n<meta property=\"og:image\" content=\"https:\/\/eltecolote.org\/content\/wp-content\/uploads\/2023\/06\/Mission-Peace-Rally_2-1.jpeg\" \/>\n\t<meta property=\"og:image:width\" content=\"1200\" \/>\n\t<meta property=\"og:image:height\" content=\"800\" \/>\n\t<meta property=\"og:image:type\" content=\"image\/jpeg\" \/>\n<meta name=\"author\" content=\"Colton Webster\" \/>\n<meta name=\"twitter:card\" content=\"summary_large_image\" \/>\n<meta name=\"twitter:creator\" content=\"@eltecolotesf\" \/>\n<meta name=\"twitter:site\" content=\"@eltecolotesf\" \/>\n<meta name=\"twitter:label1\" content=\"Written by\" \/>\n\t<meta name=\"twitter:data1\" content=\"Colton Webster\" \/>\n\t<meta name=\"twitter:label2\" content=\"Est. reading time\" \/>\n\t<meta name=\"twitter:data2\" content=\"3 minutes\" \/>\n<script type=\"application\/ld+json\" class=\"yoast-schema-graph\">{\"@context\":\"https:\\\/\\\/schema.org\",\"@graph\":[{\"@type\":\"NewsArticle\",\"@id\":\"https:\\\/\\\/eltecolote.org\\\/content\\\/es\\\/la-mision-procura-sanar-con-una-marcha-por-la-paz-y-circulos-de-sanacion-tras-recientes-tiroteos\\\/#article\",\"isPartOf\":{\"@id\":\"https:\\\/\\\/eltecolote.org\\\/content\\\/es\\\/la-mision-procura-sanar-con-una-marcha-por-la-paz-y-circulos-de-sanacion-tras-recientes-tiroteos\\\/\"},\"author\":{\"name\":\"El Tecolote Staff\",\"@id\":\"https:\\\/\\\/eltecolote.org\\\/content\\\/#\\\/schema\\\/person\\\/08828d10185eba96895a8363a269410e\"},\"headline\":\"La Misi\u00f3n procura sanar con una marcha por la paz y c\u00edrculos de sanaci\u00f3n tras recientes tiroteos\u00a0\",\"datePublished\":\"2023-06-30T22:21:52+00:00\",\"dateModified\":\"2023-06-30T22:21:57+00:00\",\"mainEntityOfPage\":{\"@id\":\"https:\\\/\\\/eltecolote.org\\\/content\\\/es\\\/la-mision-procura-sanar-con-una-marcha-por-la-paz-y-circulos-de-sanacion-tras-recientes-tiroteos\\\/\"},\"wordCount\":597,\"publisher\":{\"@id\":\"https:\\\/\\\/eltecolote.org\\\/content\\\/#organization\"},\"image\":{\"@id\":\"https:\\\/\\\/eltecolote.org\\\/content\\\/es\\\/la-mision-procura-sanar-con-una-marcha-por-la-paz-y-circulos-de-sanacion-tras-recientes-tiroteos\\\/#primaryimage\"},\"thumbnailUrl\":\"https:\\\/\\\/i0.wp.com\\\/eltecolote.org\\\/content\\\/wp-content\\\/uploads\\\/2023\\\/06\\\/Mission-Peace-Rally_2-1.jpeg?fit=1200%2C800&quality=89&ssl=1\",\"keywords\":[\"Tiroteo\"],\"articleSection\":[\"Noticias\"],\"inLanguage\":\"en\"},{\"@type\":\"WebPage\",\"@id\":\"https:\\\/\\\/eltecolote.org\\\/content\\\/es\\\/la-mision-procura-sanar-con-una-marcha-por-la-paz-y-circulos-de-sanacion-tras-recientes-tiroteos\\\/\",\"url\":\"https:\\\/\\\/eltecolote.org\\\/content\\\/es\\\/la-mision-procura-sanar-con-una-marcha-por-la-paz-y-circulos-de-sanacion-tras-recientes-tiroteos\\\/\",\"name\":\"La Misi\u00f3n procura sanar con una marcha por la paz y c\u00edrculos de sanaci\u00f3n tras recientes tiroteos\u00a0 - El Tecolote\",\"isPartOf\":{\"@id\":\"https:\\\/\\\/eltecolote.org\\\/content\\\/#website\"},\"primaryImageOfPage\":{\"@id\":\"https:\\\/\\\/eltecolote.org\\\/content\\\/es\\\/la-mision-procura-sanar-con-una-marcha-por-la-paz-y-circulos-de-sanacion-tras-recientes-tiroteos\\\/#primaryimage\"},\"image\":{\"@id\":\"https:\\\/\\\/eltecolote.org\\\/content\\\/es\\\/la-mision-procura-sanar-con-una-marcha-por-la-paz-y-circulos-de-sanacion-tras-recientes-tiroteos\\\/#primaryimage\"},\"thumbnailUrl\":\"https:\\\/\\\/i0.wp.com\\\/eltecolote.org\\\/content\\\/wp-content\\\/uploads\\\/2023\\\/06\\\/Mission-Peace-Rally_2-1.jpeg?fit=1200%2C800&quality=89&ssl=1\",\"datePublished\":\"2023-06-30T22:21:52+00:00\",\"dateModified\":\"2023-06-30T22:21:57+00:00\",\"description\":\"Un danzante ejecuta una oraci\u00f3n y danza mientras los asistentes reciben una limpia con salvia durante el evento Mission Peace Collaborative llevado a cabo\",\"inLanguage\":\"en\",\"potentialAction\":[{\"@type\":\"ReadAction\",\"target\":[\"https:\\\/\\\/eltecolote.org\\\/content\\\/es\\\/la-mision-procura-sanar-con-una-marcha-por-la-paz-y-circulos-de-sanacion-tras-recientes-tiroteos\\\/\"]}]},{\"@type\":\"ImageObject\",\"inLanguage\":\"en\",\"@id\":\"https:\\\/\\\/eltecolote.org\\\/content\\\/es\\\/la-mision-procura-sanar-con-una-marcha-por-la-paz-y-circulos-de-sanacion-tras-recientes-tiroteos\\\/#primaryimage\",\"url\":\"https:\\\/\\\/i0.wp.com\\\/eltecolote.org\\\/content\\\/wp-content\\\/uploads\\\/2023\\\/06\\\/Mission-Peace-Rally_2-1.jpeg?fit=1200%2C800&quality=89&ssl=1\",\"contentUrl\":\"https:\\\/\\\/i0.wp.com\\\/eltecolote.org\\\/content\\\/wp-content\\\/uploads\\\/2023\\\/06\\\/Mission-Peace-Rally_2-1.jpeg?fit=1200%2C800&quality=89&ssl=1\",\"width\":1200,\"height\":800,\"caption\":\"Valerie Tulier-Laiwa, de la Latino Task Force durante el evento Mission Peace Collaborative, organizado por Calle 24 y otras organizaciones comunitarias, que fue realizado en la Plaza del BART de la calle 24 en San Francisco, California, el 20 de junio de 2023. Foto: Chris Cuadrado\"},{\"@type\":\"WebSite\",\"@id\":\"https:\\\/\\\/eltecolote.org\\\/content\\\/#website\",\"url\":\"https:\\\/\\\/eltecolote.org\\\/content\\\/\",\"name\":\"El Tecolote\",\"description\":\"San Francisco's Latinx newspaper since 1970\",\"publisher\":{\"@id\":\"https:\\\/\\\/eltecolote.org\\\/content\\\/#organization\"},\"potentialAction\":[{\"@type\":\"SearchAction\",\"target\":{\"@type\":\"EntryPoint\",\"urlTemplate\":\"https:\\\/\\\/eltecolote.org\\\/content\\\/?s={search_term_string}\"},\"query-input\":{\"@type\":\"PropertyValueSpecification\",\"valueRequired\":true,\"valueName\":\"search_term_string\"}}],\"inLanguage\":\"en\"},{\"@type\":\"Organization\",\"@id\":\"https:\\\/\\\/eltecolote.org\\\/content\\\/#organization\",\"name\":\"El Tecolote\",\"url\":\"https:\\\/\\\/eltecolote.org\\\/content\\\/\",\"logo\":{\"@type\":\"ImageObject\",\"inLanguage\":\"en\",\"@id\":\"https:\\\/\\\/eltecolote.org\\\/content\\\/#\\\/schema\\\/logo\\\/image\\\/\",\"url\":\"https:\\\/\\\/i0.wp.com\\\/eltecolote.org\\\/content\\\/wp-content\\\/uploads\\\/2021\\\/05\\\/ETlogo-1.jpg?fit=400%2C400&ssl=1\",\"contentUrl\":\"https:\\\/\\\/i0.wp.com\\\/eltecolote.org\\\/content\\\/wp-content\\\/uploads\\\/2021\\\/05\\\/ETlogo-1.jpg?fit=400%2C400&ssl=1\",\"width\":400,\"height\":400,\"caption\":\"El Tecolote\"},\"image\":{\"@id\":\"https:\\\/\\\/eltecolote.org\\\/content\\\/#\\\/schema\\\/logo\\\/image\\\/\"},\"sameAs\":[\"https:\\\/\\\/www.facebook.com\\\/ElTecoloteSF\\\/\",\"https:\\\/\\\/x.com\\\/eltecolotesf\",\"https:\\\/\\\/www.instagram.com\\\/eltecolotesf\\\/\"]},{\"@type\":\"Person\",\"@id\":\"https:\\\/\\\/eltecolote.org\\\/content\\\/#\\\/schema\\\/person\\\/08828d10185eba96895a8363a269410e\",\"name\":\"El Tecolote Staff\",\"image\":{\"@type\":\"ImageObject\",\"inLanguage\":\"en\",\"@id\":\"https:\\\/\\\/secure.gravatar.com\\\/avatar\\\/9534c92c8c908364e186a64d93efc86f62367109d1b07a3454facde655968589?s=96&d=mm&r=g6afcb607783e095e4cf6be807353924d\",\"url\":\"https:\\\/\\\/secure.gravatar.com\\\/avatar\\\/9534c92c8c908364e186a64d93efc86f62367109d1b07a3454facde655968589?s=96&d=mm&r=g\",\"contentUrl\":\"https:\\\/\\\/secure.gravatar.com\\\/avatar\\\/9534c92c8c908364e186a64d93efc86f62367109d1b07a3454facde655968589?s=96&d=mm&r=g\",\"caption\":\"El Tecolote Staff\"},\"url\":\"https:\\\/\\\/eltecolote.org\\\/content\\\/author\\\/web-editor\\\/\"}]}<\/script>\n<!-- \/ Yoast SEO plugin. -->","yoast_head_json":{"title":"La Misi\u00f3n procura sanar con una marcha por la paz y c\u00edrculos de sanaci\u00f3n tras recientes tiroteos\u00a0 - El Tecolote","description":"Un danzante ejecuta una oraci\u00f3n y danza mientras los asistentes reciben una limpia con salvia durante el evento Mission Peace Collaborative llevado a cabo","robots":{"index":"index","follow":"follow","max-snippet":"max-snippet:-1","max-image-preview":"max-image-preview:large","max-video-preview":"max-video-preview:-1"},"canonical":"https:\/\/eltecolote.org\/content\/es\/la-mision-procura-sanar-con-una-marcha-por-la-paz-y-circulos-de-sanacion-tras-recientes-tiroteos\/","og_locale":"en_US","og_type":"article","og_title":"La Misi\u00f3n procura sanar con una marcha por la paz y c\u00edrculos de sanaci\u00f3n tras recientes tiroteos\u00a0 - El Tecolote","og_description":"Un danzante ejecuta una oraci\u00f3n y danza mientras los asistentes reciben una limpia con salvia durante el evento Mission Peace Collaborative llevado a cabo","og_url":"https:\/\/eltecolote.org\/content\/es\/la-mision-procura-sanar-con-una-marcha-por-la-paz-y-circulos-de-sanacion-tras-recientes-tiroteos\/","og_site_name":"El Tecolote","article_publisher":"https:\/\/www.facebook.com\/ElTecoloteSF\/","article_published_time":"2023-06-30T22:21:52+00:00","article_modified_time":"2023-06-30T22:21:57+00:00","og_image":[{"width":1200,"height":800,"url":"https:\/\/eltecolote.org\/content\/wp-content\/uploads\/2023\/06\/Mission-Peace-Rally_2-1.jpeg","type":"image\/jpeg"}],"author":"Colton Webster","twitter_card":"summary_large_image","twitter_creator":"@eltecolotesf","twitter_site":"@eltecolotesf","twitter_misc":{"Written by":"Colton Webster","Est. reading time":"3 minutes"},"schema":{"@context":"https:\/\/schema.org","@graph":[{"@type":"NewsArticle","@id":"https:\/\/eltecolote.org\/content\/es\/la-mision-procura-sanar-con-una-marcha-por-la-paz-y-circulos-de-sanacion-tras-recientes-tiroteos\/#article","isPartOf":{"@id":"https:\/\/eltecolote.org\/content\/es\/la-mision-procura-sanar-con-una-marcha-por-la-paz-y-circulos-de-sanacion-tras-recientes-tiroteos\/"},"author":{"name":"El Tecolote Staff","@id":"https:\/\/eltecolote.org\/content\/#\/schema\/person\/08828d10185eba96895a8363a269410e"},"headline":"La Misi\u00f3n procura sanar con una marcha por la paz y c\u00edrculos de sanaci\u00f3n tras recientes tiroteos\u00a0","datePublished":"2023-06-30T22:21:52+00:00","dateModified":"2023-06-30T22:21:57+00:00","mainEntityOfPage":{"@id":"https:\/\/eltecolote.org\/content\/es\/la-mision-procura-sanar-con-una-marcha-por-la-paz-y-circulos-de-sanacion-tras-recientes-tiroteos\/"},"wordCount":597,"publisher":{"@id":"https:\/\/eltecolote.org\/content\/#organization"},"image":{"@id":"https:\/\/eltecolote.org\/content\/es\/la-mision-procura-sanar-con-una-marcha-por-la-paz-y-circulos-de-sanacion-tras-recientes-tiroteos\/#primaryimage"},"thumbnailUrl":"https:\/\/i0.wp.com\/eltecolote.org\/content\/wp-content\/uploads\/2023\/06\/Mission-Peace-Rally_2-1.jpeg?fit=1200%2C800&quality=89&ssl=1","keywords":["Tiroteo"],"articleSection":["Noticias"],"inLanguage":"en"},{"@type":"WebPage","@id":"https:\/\/eltecolote.org\/content\/es\/la-mision-procura-sanar-con-una-marcha-por-la-paz-y-circulos-de-sanacion-tras-recientes-tiroteos\/","url":"https:\/\/eltecolote.org\/content\/es\/la-mision-procura-sanar-con-una-marcha-por-la-paz-y-circulos-de-sanacion-tras-recientes-tiroteos\/","name":"La Misi\u00f3n procura sanar con una marcha por la paz y c\u00edrculos de sanaci\u00f3n tras recientes tiroteos\u00a0 - El Tecolote","isPartOf":{"@id":"https:\/\/eltecolote.org\/content\/#website"},"primaryImageOfPage":{"@id":"https:\/\/eltecolote.org\/content\/es\/la-mision-procura-sanar-con-una-marcha-por-la-paz-y-circulos-de-sanacion-tras-recientes-tiroteos\/#primaryimage"},"image":{"@id":"https:\/\/eltecolote.org\/content\/es\/la-mision-procura-sanar-con-una-marcha-por-la-paz-y-circulos-de-sanacion-tras-recientes-tiroteos\/#primaryimage"},"thumbnailUrl":"https:\/\/i0.wp.com\/eltecolote.org\/content\/wp-content\/uploads\/2023\/06\/Mission-Peace-Rally_2-1.jpeg?fit=1200%2C800&quality=89&ssl=1","datePublished":"2023-06-30T22:21:52+00:00","dateModified":"2023-06-30T22:21:57+00:00","description":"Un danzante ejecuta una oraci\u00f3n y danza mientras los asistentes reciben una limpia con salvia durante el evento Mission Peace Collaborative llevado a cabo","inLanguage":"en","potentialAction":[{"@type":"ReadAction","target":["https:\/\/eltecolote.org\/content\/es\/la-mision-procura-sanar-con-una-marcha-por-la-paz-y-circulos-de-sanacion-tras-recientes-tiroteos\/"]}]},{"@type":"ImageObject","inLanguage":"en","@id":"https:\/\/eltecolote.org\/content\/es\/la-mision-procura-sanar-con-una-marcha-por-la-paz-y-circulos-de-sanacion-tras-recientes-tiroteos\/#primaryimage","url":"https:\/\/i0.wp.com\/eltecolote.org\/content\/wp-content\/uploads\/2023\/06\/Mission-Peace-Rally_2-1.jpeg?fit=1200%2C800&quality=89&ssl=1","contentUrl":"https:\/\/i0.wp.com\/eltecolote.org\/content\/wp-content\/uploads\/2023\/06\/Mission-Peace-Rally_2-1.jpeg?fit=1200%2C800&quality=89&ssl=1","width":1200,"height":800,"caption":"Valerie Tulier-Laiwa, de la Latino Task Force durante el evento Mission Peace Collaborative, organizado por Calle 24 y otras organizaciones comunitarias, que fue realizado en la Plaza del BART de la calle 24 en San Francisco, California, el 20 de junio de 2023. Foto: Chris Cuadrado"},{"@type":"WebSite","@id":"https:\/\/eltecolote.org\/content\/#website","url":"https:\/\/eltecolote.org\/content\/","name":"El Tecolote","description":"San Francisco's Latinx newspaper since 1970","publisher":{"@id":"https:\/\/eltecolote.org\/content\/#organization"},"potentialAction":[{"@type":"SearchAction","target":{"@type":"EntryPoint","urlTemplate":"https:\/\/eltecolote.org\/content\/?s={search_term_string}"},"query-input":{"@type":"PropertyValueSpecification","valueRequired":true,"valueName":"search_term_string"}}],"inLanguage":"en"},{"@type":"Organization","@id":"https:\/\/eltecolote.org\/content\/#organization","name":"El Tecolote","url":"https:\/\/eltecolote.org\/content\/","logo":{"@type":"ImageObject","inLanguage":"en","@id":"https:\/\/eltecolote.org\/content\/#\/schema\/logo\/image\/","url":"https:\/\/i0.wp.com\/eltecolote.org\/content\/wp-content\/uploads\/2021\/05\/ETlogo-1.jpg?fit=400%2C400&ssl=1","contentUrl":"https:\/\/i0.wp.com\/eltecolote.org\/content\/wp-content\/uploads\/2021\/05\/ETlogo-1.jpg?fit=400%2C400&ssl=1","width":400,"height":400,"caption":"El Tecolote"},"image":{"@id":"https:\/\/eltecolote.org\/content\/#\/schema\/logo\/image\/"},"sameAs":["https:\/\/www.facebook.com\/ElTecoloteSF\/","https:\/\/x.com\/eltecolotesf","https:\/\/www.instagram.com\/eltecolotesf\/"]},{"@type":"Person","@id":"https:\/\/eltecolote.org\/content\/#\/schema\/person\/08828d10185eba96895a8363a269410e","name":"El Tecolote Staff","image":{"@type":"ImageObject","inLanguage":"en","@id":"https:\/\/secure.gravatar.com\/avatar\/9534c92c8c908364e186a64d93efc86f62367109d1b07a3454facde655968589?s=96&d=mm&r=g6afcb607783e095e4cf6be807353924d","url":"https:\/\/secure.gravatar.com\/avatar\/9534c92c8c908364e186a64d93efc86f62367109d1b07a3454facde655968589?s=96&d=mm&r=g","contentUrl":"https:\/\/secure.gravatar.com\/avatar\/9534c92c8c908364e186a64d93efc86f62367109d1b07a3454facde655968589?s=96&d=mm&r=g","caption":"El Tecolote Staff"},"url":"https:\/\/eltecolote.org\/content\/author\/web-editor\/"}]}},"distributor_meta":false,"distributor_terms":false,"distributor_media":false,"distributor_original_site_name":"El Tecolote","distributor_original_site_url":"https:\/\/eltecolote.org\/content","push-errors":false,"_links":{"self":[{"href":"https:\/\/eltecolote.org\/content\/wp-json\/wp\/v2\/posts\/56853","targetHints":{"allow":["GET"]}}],"collection":[{"href":"https:\/\/eltecolote.org\/content\/wp-json\/wp\/v2\/posts"}],"about":[{"href":"https:\/\/eltecolote.org\/content\/wp-json\/wp\/v2\/types\/post"}],"author":[{"embeddable":true,"href":"https:\/\/eltecolote.org\/content\/wp-json\/wp\/v2\/users\/35"}],"replies":[{"embeddable":true,"href":"https:\/\/eltecolote.org\/content\/wp-json\/wp\/v2\/comments?post=56853"}],"version-history":[{"count":1,"href":"https:\/\/eltecolote.org\/content\/wp-json\/wp\/v2\/posts\/56853\/revisions"}],"predecessor-version":[{"id":56858,"href":"https:\/\/eltecolote.org\/content\/wp-json\/wp\/v2\/posts\/56853\/revisions\/56858"}],"wp:featuredmedia":[{"embeddable":true,"href":"https:\/\/eltecolote.org\/content\/wp-json\/wp\/v2\/media\/56855"}],"wp:attachment":[{"href":"https:\/\/eltecolote.org\/content\/wp-json\/wp\/v2\/media?parent=56853"}],"wp:term":[{"taxonomy":"category","embeddable":true,"href":"https:\/\/eltecolote.org\/content\/wp-json\/wp\/v2\/categories?post=56853"},{"taxonomy":"post_tag","embeddable":true,"href":"https:\/\/eltecolote.org\/content\/wp-json\/wp\/v2\/tags?post=56853"},{"taxonomy":"author","embeddable":true,"href":"https:\/\/eltecolote.org\/content\/wp-json\/wp\/v2\/coauthors?post=56853"}],"curies":[{"name":"wp","href":"https:\/\/api.w.org\/{rel}","templated":true}]}}