{"id":56708,"date":"2023-06-29T22:57:59","date_gmt":"2023-06-30T05:57:59","guid":{"rendered":"https:\/\/eltecolote.org\/content\/?p=56708"},"modified":"2023-06-29T22:58:03","modified_gmt":"2023-06-30T05:58:03","slug":"reimaginar-el-arte-en-espacios-educativos-comunitarios-entrevista-a-becarios","status":"publish","type":"post","link":"https:\/\/eltecolote.org\/content\/es\/reimaginar-el-arte-en-espacios-educativos-comunitarios-entrevista-a-becarios\/","title":{"rendered":"Reimaginar el Arte en espacios educativos comunitarios: entrevista a becarios\u00a0"},"content":{"rendered":"<div class=\"wp-block-image\">\n<figure class=\"alignleft size-full\"><img data-recalc-dims=\"1\" loading=\"lazy\" decoding=\"async\" width=\"960\" height=\"1200\" src=\"https:\/\/i0.wp.com\/eltecolote.org\/content\/wp-content\/uploads\/2023\/06\/RAICES-Sew-Frisco-1.jpeg?resize=960%2C1200&#038;quality=89&#038;ssl=1\" alt=\"\" class=\"wp-image-56712\" srcset=\"https:\/\/i0.wp.com\/eltecolote.org\/content\/wp-content\/uploads\/2023\/06\/RAICES-Sew-Frisco-1.jpeg?w=960&amp;quality=89&amp;ssl=1 960w, https:\/\/i0.wp.com\/eltecolote.org\/content\/wp-content\/uploads\/2023\/06\/RAICES-Sew-Frisco-1.jpeg?resize=200%2C250&amp;quality=89&amp;ssl=1 200w, https:\/\/i0.wp.com\/eltecolote.org\/content\/wp-content\/uploads\/2023\/06\/RAICES-Sew-Frisco-1.jpeg?resize=384%2C480&amp;quality=89&amp;ssl=1 384w, https:\/\/i0.wp.com\/eltecolote.org\/content\/wp-content\/uploads\/2023\/06\/RAICES-Sew-Frisco-1.jpeg?resize=768%2C960&amp;quality=89&amp;ssl=1 768w, https:\/\/i0.wp.com\/eltecolote.org\/content\/wp-content\/uploads\/2023\/06\/RAICES-Sew-Frisco-1.jpeg?resize=400%2C500&amp;quality=89&amp;ssl=1 400w\" sizes=\"auto, (max-width: 960px) 100vw, 960px\" \/><figcaption class=\"wp-element-caption\">Ariana Martinez-Cruz, de 35 a\u00f1os, artista del bordado, la fibra y los textiles, una de las nuevas becarias del programa R.A.\u00cd.C.E.S para Galer\u00eda de La Raza. Foto: Alexa \u201cLexMex\u201d Trevino<\/figcaption><\/figure>\n<\/div>\n\n\n<p><strong>Nombre:<\/strong> Ariana Martinez-Cruz\u00a0<\/p>\n\n\n\n<p><strong>Alias:<\/strong> Sew Frisco&nbsp;<\/p>\n\n\n\n<p><strong>Edad:<\/strong> 35&nbsp;<\/p>\n\n\n\n<p><strong>Ocupaci\u00f3n:<\/strong> Artista de bordado y fibra; dise\u00f1adora de vestuario y propietaria de un negocio familiar de limpieza con su socio V\u00edctor Cruz<\/p>\n\n\n\n<p><strong>Lugar de residencia:<\/strong> San Francisco&nbsp;<\/p>\n\n\n\n<p><strong>\u00bfC\u00f3mo describir\u00edas tu arte?<\/strong><\/p>\n\n\n\n<p>Recuerdos o declaraciones que cobran vida a trav\u00e9s de capas de telas, hilos y cuentas de origen intencional. Mi obra de arte se puede colocar en tu pared o en tu chaqueta favorita. Tambi\u00e9n se puede usar en movimiento y contar una historia a trav\u00e9s de la m\u00fasica y la danza.<\/p>\n\n\n\n<p><strong>\u00bfQu\u00e9 te inspir\u00f3 a participar en RA\u00cdCES?<\/strong><\/p>\n\n\n\n<p>Durante la pandemia, hemos priorizado asegurar la supervivencia del negocio de limpieza, que iniciamos hace m\u00e1s de 30 a\u00f1os. Hice lo mejor que pude para hacer ambas cosas: administrar un negocio creativo, vender mi arte port\u00e1til y reservar tanto trabajo para mantener nuestro negocio de limpieza sostenible. Es una tarea dif\u00edcil en ambos extremos y, en \u00faltima instancia, mi arte y la energ\u00eda creativa que me atraviesa sufrieron. Aplicar a RA\u00cdCES fue el primer paso que di para reconectarme con lo que amo hacer que es crear.<\/p>\n\n\n\n<p><strong>\u00bfC\u00f3mo ha cambiado la beca el arte que creas y a tu forma de hacer arte?<\/strong><\/p>\n\n\n\n<p>El cambio m\u00e1s grande que la beca ha tra\u00eddo a mi arte es la capacidad de crear sin el estr\u00e9s de crear bajo una fecha l\u00edmite de ganancias. En este momento hay un enfoque muy libre de lo que estoy creando, donde mi mente est\u00e1 explorando con qu\u00e9 telas, hilos y colores trabajar.<\/p>\n\n\n\n<p><strong>\u00bfQu\u00e9 significa para ti tener la oportunidad de trabajar como artista a tiempo completo?<\/strong><\/p>\n\n\n\n<p>Crear como artista a tiempo completo es un importante pelda\u00f1o hacia el \u00e9xito. Siento que las horas de dedicaci\u00f3n al negocio de mi familia se han vuelto a equilibrar en lo que realmente me apasiona. El orgullo en los ojos de mi pareja, mis hijos y los de mi pap\u00e1 trae un sentimiento de logro a\u00fan m\u00e1s fuerte.<\/p>\n\n\n\n<p><strong>\u00bfQu\u00e9 imaginas para tu futuro como artista?<\/strong><\/p>\n\n\n\n<p>El futuro est\u00e1 lleno de m\u00e1s momentos de inspiraci\u00f3n, muchos colores, texturas de telas, cuentas e hilos. Habr\u00e1 exhibiciones de arte port\u00e1tiles dise\u00f1adas intencionalmente, as\u00ed como un espacio para compartir mi conocimiento creativo con otras personas que quieran aprender.<\/p>\n\n\n\n<figure class=\"wp-block-image size-full\"><img data-recalc-dims=\"1\" loading=\"lazy\" decoding=\"async\" width=\"1200\" height=\"800\" src=\"https:\/\/i0.wp.com\/eltecolote.org\/content\/wp-content\/uploads\/2023\/06\/RAICES-Calixto-1.jpeg?resize=1200%2C800&#038;quality=89&#038;ssl=1\" alt=\"\" class=\"wp-image-56714\" srcset=\"https:\/\/i0.wp.com\/eltecolote.org\/content\/wp-content\/uploads\/2023\/06\/RAICES-Calixto-1.jpeg?w=1200&amp;quality=89&amp;ssl=1 1200w, https:\/\/i0.wp.com\/eltecolote.org\/content\/wp-content\/uploads\/2023\/06\/RAICES-Calixto-1.jpeg?resize=360%2C240&amp;quality=89&amp;ssl=1 360w, https:\/\/i0.wp.com\/eltecolote.org\/content\/wp-content\/uploads\/2023\/06\/RAICES-Calixto-1.jpeg?resize=600%2C400&amp;quality=89&amp;ssl=1 600w, https:\/\/i0.wp.com\/eltecolote.org\/content\/wp-content\/uploads\/2023\/06\/RAICES-Calixto-1.jpeg?resize=768%2C512&amp;quality=89&amp;ssl=1 768w, https:\/\/i0.wp.com\/eltecolote.org\/content\/wp-content\/uploads\/2023\/06\/RAICES-Calixto-1.jpeg?resize=400%2C267&amp;quality=89&amp;ssl=1 400w\" sizes=\"auto, (max-width: 1000px) 100vw, 1000px\" \/><figcaption class=\"wp-element-caption\">Calixto Robles, de 65 a\u00f1os, pintor, lit\u00f3grafo y ceramista, becario del programa R.A.\u00cd.C.E.S del Centro Cultural para las Artes Latinas de la Misi\u00f3n. Cortes\u00eda: Mission Cultural Center for Latino Arts<\/figcaption><\/figure>\n\n\n\n<p><strong>Nombre:<\/strong> Calixto Robles<\/p>\n\n\n\n<p><strong>Edad:<\/strong> 65 a\u00f1os<\/p>\n\n\n\n<p><strong>Instagram:<\/strong> @calixto.robles<\/p>\n\n\n\n<p><strong>Profesi\u00f3n:<\/strong> Pintor, grabador, escultor de cer\u00e1mica<\/p>\n\n\n\n<p><strong>Ciudad natal:<\/strong> Oaxaca, Oaxaca, M\u00e9xico<\/p>\n\n\n\n<p><strong>\u00bfC\u00f3mo describir\u00eda su arte?<\/strong><\/p>\n\n\n\n<p>Utilizo mi arte para comunicar mensajes positivos a mis comunidades y a otras. Quiero que el espectador se sienta en paz y conectado con el mundo. Tengo muchas obras. Considero que parte de mi arte es figurativo, de la Escuela Surrealista M\u00e1gica de Oaxaca. Otra obra importante son mis carteles pol\u00edticos. Los hago para relacionar e informar al p\u00fablico sobre temas pol\u00edticos de actualidad, especialmente los que afectan a las personas Latinx e ind\u00edgenas y a la Madre Tierra (el clima). Tambi\u00e9n quiero representar a la gente de color en todas mis obras.<\/p>\n\n\n\n<p><strong>\u00bfQu\u00e9 le inspir\u00f3 para solicitar la beca RA\u00cdCES?<\/strong><\/p>\n\n\n\n<p>Me inspir\u00e9 porque quiero relacionarme e informar a la gente sobre acontecimientos y temas de actualidad. Tambi\u00e9n tengo una profunda conexi\u00f3n con el MCCLA porque es donde aprend\u00ed serigraf\u00eda cuando llegu\u00e9 como joven inmigrante y he estado colaborando con ellos durante m\u00e1s de treinta a\u00f1os.&nbsp;<\/p>\n\n\n\n<p><strong>\u00bfC\u00f3mo ha cambiado la beca el arte que crea y su forma de hacer arte?<\/strong><\/p>\n\n\n\n<p>Es maravilloso tener acceso a Gr\u00e1fica durante un tiempo prolongado para centrarse en la creaci\u00f3n de un nuevo cuerpo de arte. La ayuda econ\u00f3mica me permite disponer de m\u00e1s tiempo para trabajar en mi obra y probar cosas nuevas y arriesgarme. Me ha dado la confianza de que mi comunidad me haya seleccionado. Creo que mi arte no ha cambiado realmente, ya que sigo con mis temas de comunidad, naturaleza y activismo.<\/p>\n\n\n\n<p><strong>\u00bfQu\u00e9 significa para usted tener la oportunidad de trabajar como artista a tiempo completo?<\/strong><\/p>\n\n\n\n<p>Es un gran honor haber recibido este premio y me hace sentir agradecido. Puedo relajarme un poco respecto a las presiones financieras y centrarme en mi trabajo art\u00edstico. Tengo tiempo quiz\u00e1s para explorar nuevos temas.<\/p>\n\n\n\n<p><strong>&nbsp;\u00bfQu\u00e9 prev\u00e9 para su futuro como artista?<\/strong><\/p>\n\n\n\n<p>Seguir\u00e9 creando obras de arte que espero que curen e inspiren a la gente. Quiero motivar a todas las personas y continuar mi viaje de autodescubrimiento. Quiero que la gente vea mi mensaje de paz, resistencia y unidad. Gracias a todas las personas.<\/p>\n\n\n\n<figure class=\"wp-block-image size-full\"><img data-recalc-dims=\"1\" loading=\"lazy\" decoding=\"async\" width=\"1200\" height=\"800\" src=\"https:\/\/i0.wp.com\/eltecolote.org\/content\/wp-content\/uploads\/2023\/06\/Raices-1.jpg?resize=1200%2C800&#038;quality=89&#038;ssl=1\" alt=\"\" class=\"wp-image-56710\" srcset=\"https:\/\/i0.wp.com\/eltecolote.org\/content\/wp-content\/uploads\/2023\/06\/Raices-1.jpg?w=1200&amp;quality=89&amp;ssl=1 1200w, https:\/\/i0.wp.com\/eltecolote.org\/content\/wp-content\/uploads\/2023\/06\/Raices-1.jpg?resize=360%2C240&amp;quality=89&amp;ssl=1 360w, https:\/\/i0.wp.com\/eltecolote.org\/content\/wp-content\/uploads\/2023\/06\/Raices-1.jpg?resize=600%2C400&amp;quality=89&amp;ssl=1 600w, https:\/\/i0.wp.com\/eltecolote.org\/content\/wp-content\/uploads\/2023\/06\/Raices-1.jpg?resize=768%2C512&amp;quality=89&amp;ssl=1 768w, https:\/\/i0.wp.com\/eltecolote.org\/content\/wp-content\/uploads\/2023\/06\/Raices-1.jpg?resize=400%2C267&amp;quality=89&amp;ssl=1 400w\" sizes=\"auto, (max-width: 1000px) 100vw, 1000px\" \/><figcaption class=\"wp-element-caption\">El muralista Aureliano Rivera, de 40 a\u00f1os, es el nuevo becario del programa de arte R.A.\u00cd.C.E.S de Acci\u00f3n Latina. \u00c9l est\u00e1 volviendo comics art\u00edculos pasados de El Tecolote que forman parte de su archivo hist\u00f3rico y que est\u00e1n siendo publicados mensualmente en este peri\u00f3dico. Foto: Christian Urrutia<\/figcaption><\/figure>\n\n\n\n<p><strong>Nombre:<\/strong> Aureliano Rivera.<\/p>\n\n\n\n<p><strong>Apodo:<\/strong> Yano.<\/p>\n\n\n\n<p><strong>Edad:<\/strong> 40<\/p>\n\n\n\n<p><strong>Redes Sociales:<\/strong> @muraldoctor.<\/p>\n\n\n\n<p><strong>Ocupaci\u00f3n:<\/strong> Restauro murales, escribo c\u00f3mics y hago servicio de comidas.<\/p>\n\n\n\n<p><strong>Ciudad natal:<\/strong> Soy originario de Puerto Rico, pero tengo familia en Berkeley.<\/p>\n\n\n\n<p><strong>\u00bfC\u00f3mo describir\u00edas tu arte?&nbsp;&nbsp;<\/strong><\/p>\n\n\n\n<p>Mi arte consiste en hacer visible lo invisible. La restauraci\u00f3n de murales es un trabajo art\u00edstico invisible, y yo trato de hacerlo visible a trav\u00e9s de los medios de comunicaci\u00f3n.<\/p>\n\n\n\n<p><strong>\u00bfQu\u00e9 te inspir\u00f3 a presentar tu candidatura a RA\u00cdCES?<\/strong><\/p>\n\n\n\n<p>Present\u00e9 mi solicitud a RA\u00cdCES al azar, me la envi\u00f3 un colega a trav\u00e9s de las redes sociales. Como todo en mi vida, es s\u00faper aleatorio y afortunado que est\u00e9 aqu\u00ed.<\/p>\n\n\n\n<p><strong>\u00bfC\u00f3mo ha cambiado esta beca el arte que creas y tu forma de hacer arte?<\/strong><\/p>\n\n\n\n<p>El equipo de Acci\u00f3n Latina es extraordinario. Acci\u00f3n Latina re\u00fane periodismo, curadur\u00eda, recaudaci\u00f3n de fondos y organizaci\u00f3n de eventos bajo un mismo techo. El ritmo es impresionante y el equipo es super profesional. Todos son meticulosos, tienen perspectivas firmes en su trabajo y est\u00e1n dedicados al cien por ciento a su causa y tratan de incrementarla. Es maravilloso estar en un intercambio con compa\u00f1eros nerd. Es motivador.<\/p>\n\n\n\n<p>Tambi\u00e9n quiero decir que el peri\u00f3dico impreso es una experiencia totalmente nueva para m\u00ed. El proceso de llevar el peri\u00f3dico a la imprenta hace que todo el flujo de trabajo sea diferente. Es un reto y un privilegio.<\/p>\n\n\n\n<p><strong>\u00bfQu\u00e9 significa para ti tener la oportunidad de trabajar como artista a tiempo completo?&nbsp;<\/strong><\/p>\n\n\n\n<p>Es un privilegio extraordinario. Tengo un trabajo al que aplicaron otras personas de incre\u00edble talento. Les debo lo mejor de m\u00ed.<\/p>\n\n\n\n<p><strong>\u00bfQu\u00e9 prev\u00e9s para tu futuro como artista?<\/strong><\/p>\n\n\n\n<p>No s\u00e9 lo que me espera, pero espero seguir creando c\u00f3mics que apoyen cualquier camino que emprenda. Difundir\u00e9 a donde vaya el evangelio del c\u00f3mic \u201ccomo herramienta de amplificaci\u00f3n, compromiso y educaci\u00f3n\u201d.<\/p>\n\n\n\n<p>Agradezco sinceramente la oportunidad que se me brinda y doy las gracias a todos los que han le\u00eddo mis divagaciones.<\/p>\n\n\n<div class=\"wp-block-image\">\n<figure class=\"alignright size-full\"><img data-recalc-dims=\"1\" loading=\"lazy\" decoding=\"async\" width=\"800\" height=\"1200\" src=\"https:\/\/i0.wp.com\/eltecolote.org\/content\/wp-content\/uploads\/2023\/06\/Raices1-1.jpg?resize=800%2C1200&#038;quality=89&#038;ssl=1\" alt=\"\" class=\"wp-image-56711\" srcset=\"https:\/\/i0.wp.com\/eltecolote.org\/content\/wp-content\/uploads\/2023\/06\/Raices1-1.jpg?w=800&amp;quality=89&amp;ssl=1 800w, https:\/\/i0.wp.com\/eltecolote.org\/content\/wp-content\/uploads\/2023\/06\/Raices1-1.jpg?resize=167%2C250&amp;quality=89&amp;ssl=1 167w, https:\/\/i0.wp.com\/eltecolote.org\/content\/wp-content\/uploads\/2023\/06\/Raices1-1.jpg?resize=320%2C480&amp;quality=89&amp;ssl=1 320w, https:\/\/i0.wp.com\/eltecolote.org\/content\/wp-content\/uploads\/2023\/06\/Raices1-1.jpg?resize=768%2C1152&amp;quality=89&amp;ssl=1 768w, https:\/\/i0.wp.com\/eltecolote.org\/content\/wp-content\/uploads\/2023\/06\/Raices1-1.jpg?resize=400%2C600&amp;quality=89&amp;ssl=1 400w\" sizes=\"auto, (max-width: 800px) 100vw, 800px\" \/><figcaption class=\"wp-element-caption\">Lila Maes-Shah, disenadora digital, educadora, y practicante de las artes de sanaciones, becaria por el programa de artes R.A.\u00cd.C.E.S para el Marigold Project. Cortes\u00eda: Marigold Project<\/figcaption><\/figure>\n<\/div>\n\n\n<p><strong>Nombre:<\/strong> Lila Maes-Shah<\/p>\n\n\n\n<p><strong>Lugar de residencia: <\/strong>San Panchito<\/p>\n\n\n\n<p>\u00a1Hola, Hola!<\/p>\n\n\n\n<p>Mi nombre es Lila Maes-Shah, soy dise\u00f1adora visual y mi ciudad natal actual es San Panchito. Crec\u00ed en el \u00c1rea de la Bah\u00eda, con mi mam\u00e1 en la ciudad y mi pap\u00e1 al sureste de la bah\u00eda. Me gusta decir: \u201cSoy un producto del BART\u201d.<\/p>\n\n\n\n<p><strong>\u00bfC\u00f3mo describir\u00edas tu arte?<\/strong><\/p>\n\n\n\n<p>Creo instalaciones de arte a gran escala y pr\u00e1ctica de arte social. La mayor parte de mi trabajo explora las intersecciones de los problemas sociales y ambientales para crear un entorno m\u00e1s hol\u00edstico, sostenible y enriquecedor. Para m\u00ed, el arte es la documentaci\u00f3n de la experiencia humana. Es el lenguaje que utilizo para explorar ideas relacionadas con el medio ambiente, el amor y la evoluci\u00f3n. Mi trabajo a menudo incluye desechos y materiales org\u00e1nicos. Me gusta explorar la interconectividad y la ecolog\u00eda de los materiales que estoy usando. Me gusta pensar que soy una artista ecofeminista y que es importante para m\u00ed usar los principios de la permacultura para informar sobre mi proceso y el material que empleo. Uno de mis principios favoritos de permacultura es entornos diversificados.<\/p>\n\n\n\n<p><strong>\u00bfQu\u00e9 te inspir\u00f3 a solicitar la beca RA\u00cdCES?<\/strong><\/p>\n\n\n\n<p>Present\u00e9 mi solicitud a RA\u00cdCES porque me encanta hacer proyectos de arte social que ofrezcan gestos po\u00e9ticos o activaciones en la comunidad para que sus miembros se sientan m\u00e1s conectados entre s\u00ed y con su entorno. Actualmente, la vida est\u00e1 tan cargada de conversaciones sobre cu\u00e1n diferentes somos y nos est\u00e1 dividiendo. Estoy interesada en la conversaci\u00f3n de c\u00f3mo podemos celebrar nuestra individualidad y aun as\u00ed mantenernos unidos. Unidos sanamos, unidos somos escuchados, unidos sufrimos menos, unidos amamos.<\/p>\n\n\n\n<p>El proyecto en el que estoy trabajando actualmente, Golden Threads Oral History, es un recorrido autoguiado y a pie por altares ancestrales que ser\u00e1n colocados en escaparates comerciales donde el espectador puede escanear un c\u00f3digo QR. Luego, el espectador ser\u00e1 dirigido a un sitio web con una historia sobre el &#8220;H\u00e9roe de todos los d\u00edas&#8221; que se destaca en esos escaparates. Este \u201cH\u00e9roe de todos los d\u00edas\u201d va a ser alguien en la comunidad que ayud\u00f3 a tejer la estructura de la Misi\u00f3n. Son estas peque\u00f1as relaciones y activaciones comunitarias las que dan a las personas un sentido de lugar y relacionan al espectador con el lugar a trav\u00e9s de la historia de la Misi\u00f3n.<\/p>\n\n\n\n<p>Para m\u00ed, la historia oral les da una voz a los h\u00e9roes an\u00f3nimos y a trav\u00e9s de ella son celebrados. Esto se mostrar\u00e1 en varias tiendas y organizaciones a lo largo de la Misi\u00f3n del 8 de octubre al 5 de noviembre. He estado conociendo a algunas personas incre\u00edbles que hacen grandes cosas en la comunidad. Estoy muy entusiasmada con la cantidad de amor que la gente pone en el proyecto. Ha sido un sue\u00f1o trabajar con Marigold Project para profundizar las activaciones comunitarias de esta manera.<\/p>\n\n\n\n<p><strong>\u00bfC\u00f3mo ha cambiado la beca el arte que creas y a tu forma de hacer arte?<\/strong><\/p>\n\n\n\n<p>La beca me ha dado m\u00e1s espacio, recursos y acceso a la comunidad al trabajar con Marigold Project. El equipo de Marigold ha brindado un enorme apoyo y conexiones m\u00e1s profundas con la comunidad que se necesita para el tipo de arte social que estoy haciendo. La beca tambi\u00e9n me ha permitido producir el trabajo que anhelo y me ha dado la oportunidad de concentrarme \u00fanicamente en mi arte. Desde que me gradu\u00e9 de mi Maestr\u00eda en Bellas Artes en 2014, he tenido poco tiempo para concentrarme en mi arte. Ha sido un ajetreo pagar mis pr\u00e9stamos educativos, as\u00ed que esto me da un poco de espacio para continuar el viaje que tanto me apasiona.<\/p>\n\n\n\n<p><strong>\u00bfQu\u00e9 significa para ti tener la oportunidad de trabajar como artista a tiempo completo?<\/strong><\/p>\n\n\n\n<p>La beca es en realidad a tiempo parcial con 30 horas a la semana, pero el tiempo es un hermoso recurso para invertir en un proyecto, estoy agradecida por eso.<\/p>\n\n\n\n<p><strong>\u00bfQu\u00e9 imaginas para tu futuro como artista?<\/strong><\/p>\n\n\n\n<p>Mi yo futuro es una colecci\u00f3n de mi yo actual. Mi yo actual trata de encontrar el equilibrio, relaciones y trabajos profundos y significativos, y examinar la evoluci\u00f3n cultural. Espero que el futuro siga nutriendo estos espacios de manera sostenible y que pueda seguir haciendo arte con un prop\u00f3sito.<\/p>\n","protected":false},"excerpt":{"rendered":"<p>Nombre: Ariana Martinez-Cruz\u00a0 Alias: Sew Frisco&nbsp; Edad: 35&nbsp; Ocupaci\u00f3n: Artista de bordado y fibra; dise\u00f1adora de vestuario y propietaria de un negocio familiar de limpieza con su socio V\u00edctor Cruz Lugar de residencia: San Francisco&nbsp; \u00bfC\u00f3mo describir\u00edas tu arte? Recuerdos o declaraciones que cobran vida a trav\u00e9s de capas de telas, hilos y cuentas de [&hellip;]<\/p>\n","protected":false},"author":35,"featured_media":56713,"comment_status":"closed","ping_status":"closed","sticky":false,"template":"","format":"standard","meta":{"newspack_popups_has_disabled_popups":false,"newspack_featured_image_position":"","newspack_post_subtitle":"","newspack_article_summary_title":"Overview:","newspack_article_summary":"","newspack_hide_updated_date":false,"newspack_show_updated_date":false,"footnotes":""},"categories":[3511],"tags":[],"coauthors":[18445],"class_list":["post-56708","post","type-post","status-publish","format-standard","has-post-thumbnail","hentry","category-arte-es","entry"],"yoast_head":"<!-- This site is optimized with the Yoast SEO plugin v27.5 - https:\/\/yoast.com\/product\/yoast-seo-wordpress\/ -->\n<title>Reimaginar el Arte en espacios educativos comunitarios: entrevista a becarios\u00a0 - El Tecolote<\/title>\n<meta name=\"description\" content=\"Ariana Martinez-Cruz, de 35 a\u00f1os, artista del bordado, la fibra y los textiles, una de las nuevas becarias del programa R.A.\u00cd.C.E.S para Galer\u00eda de La\" \/>\n<meta name=\"robots\" content=\"index, follow, max-snippet:-1, max-image-preview:large, max-video-preview:-1\" \/>\n<link rel=\"canonical\" href=\"https:\/\/eltecolote.org\/content\/es\/reimaginar-el-arte-en-espacios-educativos-comunitarios-entrevista-a-becarios\/\" \/>\n<meta property=\"og:locale\" content=\"en_US\" \/>\n<meta property=\"og:type\" content=\"article\" \/>\n<meta property=\"og:title\" content=\"Reimaginar el Arte en espacios educativos comunitarios: entrevista a becarios\u00a0 - El Tecolote\" \/>\n<meta property=\"og:description\" content=\"Ariana Martinez-Cruz, de 35 a\u00f1os, artista del bordado, la fibra y los textiles, una de las nuevas becarias del programa R.A.\u00cd.C.E.S para Galer\u00eda de La\" \/>\n<meta property=\"og:url\" content=\"https:\/\/eltecolote.org\/content\/es\/reimaginar-el-arte-en-espacios-educativos-comunitarios-entrevista-a-becarios\/\" \/>\n<meta property=\"og:site_name\" content=\"El Tecolote\" \/>\n<meta property=\"article:publisher\" content=\"https:\/\/www.facebook.com\/ElTecoloteSF\/\" \/>\n<meta property=\"article:published_time\" content=\"2023-06-30T05:57:59+00:00\" \/>\n<meta property=\"article:modified_time\" content=\"2023-06-30T05:58:03+00:00\" \/>\n<meta property=\"og:image\" content=\"https:\/\/eltecolote.org\/content\/wp-content\/uploads\/2023\/06\/RAICES-Sew-Frisco_1-1.jpeg\" \/>\n\t<meta property=\"og:image:width\" content=\"1200\" \/>\n\t<meta property=\"og:image:height\" content=\"800\" \/>\n\t<meta property=\"og:image:type\" content=\"image\/jpeg\" \/>\n<meta name=\"author\" content=\"El Tecolote Staff\" \/>\n<meta name=\"twitter:card\" content=\"summary_large_image\" \/>\n<meta name=\"twitter:creator\" content=\"@eltecolotesf\" \/>\n<meta name=\"twitter:site\" content=\"@eltecolotesf\" \/>\n<meta name=\"twitter:label1\" content=\"Written by\" \/>\n\t<meta name=\"twitter:data1\" content=\"El Tecolote Staff\" \/>\n\t<meta name=\"twitter:label2\" content=\"Est. reading time\" \/>\n\t<meta name=\"twitter:data2\" content=\"10 minutes\" \/>\n<script type=\"application\/ld+json\" class=\"yoast-schema-graph\">{\"@context\":\"https:\\\/\\\/schema.org\",\"@graph\":[{\"@type\":\"NewsArticle\",\"@id\":\"https:\\\/\\\/eltecolote.org\\\/content\\\/es\\\/reimaginar-el-arte-en-espacios-educativos-comunitarios-entrevista-a-becarios\\\/#article\",\"isPartOf\":{\"@id\":\"https:\\\/\\\/eltecolote.org\\\/content\\\/es\\\/reimaginar-el-arte-en-espacios-educativos-comunitarios-entrevista-a-becarios\\\/\"},\"author\":{\"name\":\"El Tecolote Staff\",\"@id\":\"https:\\\/\\\/eltecolote.org\\\/content\\\/#\\\/schema\\\/person\\\/08828d10185eba96895a8363a269410e\"},\"headline\":\"Reimaginar el Arte en espacios educativos comunitarios: entrevista a becarios\u00a0\",\"datePublished\":\"2023-06-30T05:57:59+00:00\",\"dateModified\":\"2023-06-30T05:58:03+00:00\",\"mainEntityOfPage\":{\"@id\":\"https:\\\/\\\/eltecolote.org\\\/content\\\/es\\\/reimaginar-el-arte-en-espacios-educativos-comunitarios-entrevista-a-becarios\\\/\"},\"wordCount\":2051,\"publisher\":{\"@id\":\"https:\\\/\\\/eltecolote.org\\\/content\\\/#organization\"},\"image\":{\"@id\":\"https:\\\/\\\/eltecolote.org\\\/content\\\/es\\\/reimaginar-el-arte-en-espacios-educativos-comunitarios-entrevista-a-becarios\\\/#primaryimage\"},\"thumbnailUrl\":\"https:\\\/\\\/i0.wp.com\\\/eltecolote.org\\\/content\\\/wp-content\\\/uploads\\\/2023\\\/06\\\/RAICES-Sew-Frisco_1-1.jpeg?fit=1200%2C800&quality=89&ssl=1\",\"articleSection\":[\"Arte\"],\"inLanguage\":\"en\"},{\"@type\":\"WebPage\",\"@id\":\"https:\\\/\\\/eltecolote.org\\\/content\\\/es\\\/reimaginar-el-arte-en-espacios-educativos-comunitarios-entrevista-a-becarios\\\/\",\"url\":\"https:\\\/\\\/eltecolote.org\\\/content\\\/es\\\/reimaginar-el-arte-en-espacios-educativos-comunitarios-entrevista-a-becarios\\\/\",\"name\":\"Reimaginar el Arte en espacios educativos comunitarios: entrevista a becarios\u00a0 - El Tecolote\",\"isPartOf\":{\"@id\":\"https:\\\/\\\/eltecolote.org\\\/content\\\/#website\"},\"primaryImageOfPage\":{\"@id\":\"https:\\\/\\\/eltecolote.org\\\/content\\\/es\\\/reimaginar-el-arte-en-espacios-educativos-comunitarios-entrevista-a-becarios\\\/#primaryimage\"},\"image\":{\"@id\":\"https:\\\/\\\/eltecolote.org\\\/content\\\/es\\\/reimaginar-el-arte-en-espacios-educativos-comunitarios-entrevista-a-becarios\\\/#primaryimage\"},\"thumbnailUrl\":\"https:\\\/\\\/i0.wp.com\\\/eltecolote.org\\\/content\\\/wp-content\\\/uploads\\\/2023\\\/06\\\/RAICES-Sew-Frisco_1-1.jpeg?fit=1200%2C800&quality=89&ssl=1\",\"datePublished\":\"2023-06-30T05:57:59+00:00\",\"dateModified\":\"2023-06-30T05:58:03+00:00\",\"description\":\"Ariana Martinez-Cruz, de 35 a\u00f1os, artista del bordado, la fibra y los textiles, una de las nuevas becarias del programa R.A.\u00cd.C.E.S para Galer\u00eda de La\",\"inLanguage\":\"en\",\"potentialAction\":[{\"@type\":\"ReadAction\",\"target\":[\"https:\\\/\\\/eltecolote.org\\\/content\\\/es\\\/reimaginar-el-arte-en-espacios-educativos-comunitarios-entrevista-a-becarios\\\/\"]}]},{\"@type\":\"ImageObject\",\"inLanguage\":\"en\",\"@id\":\"https:\\\/\\\/eltecolote.org\\\/content\\\/es\\\/reimaginar-el-arte-en-espacios-educativos-comunitarios-entrevista-a-becarios\\\/#primaryimage\",\"url\":\"https:\\\/\\\/i0.wp.com\\\/eltecolote.org\\\/content\\\/wp-content\\\/uploads\\\/2023\\\/06\\\/RAICES-Sew-Frisco_1-1.jpeg?fit=1200%2C800&quality=89&ssl=1\",\"contentUrl\":\"https:\\\/\\\/i0.wp.com\\\/eltecolote.org\\\/content\\\/wp-content\\\/uploads\\\/2023\\\/06\\\/RAICES-Sew-Frisco_1-1.jpeg?fit=1200%2C800&quality=89&ssl=1\",\"width\":1200,\"height\":800,\"caption\":\"Ariana Martinez-Cruz, de 35 a\u00f1os, artista del bordado, la fibra y los textiles, una de las nuevas becarias del programa R.A.\u00cd.C.E.S para Galer\u00eda de La Raza. Foto: Alexa \u201cLexMex\u201d Trevino\"},{\"@type\":\"WebSite\",\"@id\":\"https:\\\/\\\/eltecolote.org\\\/content\\\/#website\",\"url\":\"https:\\\/\\\/eltecolote.org\\\/content\\\/\",\"name\":\"El Tecolote\",\"description\":\"San Francisco's Latinx newspaper since 1970\",\"publisher\":{\"@id\":\"https:\\\/\\\/eltecolote.org\\\/content\\\/#organization\"},\"potentialAction\":[{\"@type\":\"SearchAction\",\"target\":{\"@type\":\"EntryPoint\",\"urlTemplate\":\"https:\\\/\\\/eltecolote.org\\\/content\\\/?s={search_term_string}\"},\"query-input\":{\"@type\":\"PropertyValueSpecification\",\"valueRequired\":true,\"valueName\":\"search_term_string\"}}],\"inLanguage\":\"en\"},{\"@type\":\"Organization\",\"@id\":\"https:\\\/\\\/eltecolote.org\\\/content\\\/#organization\",\"name\":\"El Tecolote\",\"url\":\"https:\\\/\\\/eltecolote.org\\\/content\\\/\",\"logo\":{\"@type\":\"ImageObject\",\"inLanguage\":\"en\",\"@id\":\"https:\\\/\\\/eltecolote.org\\\/content\\\/#\\\/schema\\\/logo\\\/image\\\/\",\"url\":\"https:\\\/\\\/i0.wp.com\\\/eltecolote.org\\\/content\\\/wp-content\\\/uploads\\\/2021\\\/05\\\/ETlogo-1.jpg?fit=400%2C400&ssl=1\",\"contentUrl\":\"https:\\\/\\\/i0.wp.com\\\/eltecolote.org\\\/content\\\/wp-content\\\/uploads\\\/2021\\\/05\\\/ETlogo-1.jpg?fit=400%2C400&ssl=1\",\"width\":400,\"height\":400,\"caption\":\"El Tecolote\"},\"image\":{\"@id\":\"https:\\\/\\\/eltecolote.org\\\/content\\\/#\\\/schema\\\/logo\\\/image\\\/\"},\"sameAs\":[\"https:\\\/\\\/www.facebook.com\\\/ElTecoloteSF\\\/\",\"https:\\\/\\\/x.com\\\/eltecolotesf\",\"https:\\\/\\\/www.instagram.com\\\/eltecolotesf\\\/\"]},{\"@type\":\"Person\",\"@id\":\"https:\\\/\\\/eltecolote.org\\\/content\\\/#\\\/schema\\\/person\\\/08828d10185eba96895a8363a269410e\",\"name\":\"El Tecolote Staff\",\"image\":{\"@type\":\"ImageObject\",\"inLanguage\":\"en\",\"@id\":\"https:\\\/\\\/secure.gravatar.com\\\/avatar\\\/9534c92c8c908364e186a64d93efc86f62367109d1b07a3454facde655968589?s=96&d=mm&r=g6afcb607783e095e4cf6be807353924d\",\"url\":\"https:\\\/\\\/secure.gravatar.com\\\/avatar\\\/9534c92c8c908364e186a64d93efc86f62367109d1b07a3454facde655968589?s=96&d=mm&r=g\",\"contentUrl\":\"https:\\\/\\\/secure.gravatar.com\\\/avatar\\\/9534c92c8c908364e186a64d93efc86f62367109d1b07a3454facde655968589?s=96&d=mm&r=g\",\"caption\":\"El Tecolote Staff\"},\"url\":\"https:\\\/\\\/eltecolote.org\\\/content\\\/author\\\/web-editor\\\/\"}]}<\/script>\n<!-- \/ Yoast SEO plugin. -->","yoast_head_json":{"title":"Reimaginar el Arte en espacios educativos comunitarios: entrevista a becarios\u00a0 - El Tecolote","description":"Ariana Martinez-Cruz, de 35 a\u00f1os, artista del bordado, la fibra y los textiles, una de las nuevas becarias del programa R.A.\u00cd.C.E.S para Galer\u00eda de La","robots":{"index":"index","follow":"follow","max-snippet":"max-snippet:-1","max-image-preview":"max-image-preview:large","max-video-preview":"max-video-preview:-1"},"canonical":"https:\/\/eltecolote.org\/content\/es\/reimaginar-el-arte-en-espacios-educativos-comunitarios-entrevista-a-becarios\/","og_locale":"en_US","og_type":"article","og_title":"Reimaginar el Arte en espacios educativos comunitarios: entrevista a becarios\u00a0 - El Tecolote","og_description":"Ariana Martinez-Cruz, de 35 a\u00f1os, artista del bordado, la fibra y los textiles, una de las nuevas becarias del programa R.A.\u00cd.C.E.S para Galer\u00eda de La","og_url":"https:\/\/eltecolote.org\/content\/es\/reimaginar-el-arte-en-espacios-educativos-comunitarios-entrevista-a-becarios\/","og_site_name":"El Tecolote","article_publisher":"https:\/\/www.facebook.com\/ElTecoloteSF\/","article_published_time":"2023-06-30T05:57:59+00:00","article_modified_time":"2023-06-30T05:58:03+00:00","og_image":[{"width":1200,"height":800,"url":"https:\/\/eltecolote.org\/content\/wp-content\/uploads\/2023\/06\/RAICES-Sew-Frisco_1-1.jpeg","type":"image\/jpeg"}],"author":"El Tecolote Staff","twitter_card":"summary_large_image","twitter_creator":"@eltecolotesf","twitter_site":"@eltecolotesf","twitter_misc":{"Written by":"El Tecolote Staff","Est. reading time":"10 minutes"},"schema":{"@context":"https:\/\/schema.org","@graph":[{"@type":"NewsArticle","@id":"https:\/\/eltecolote.org\/content\/es\/reimaginar-el-arte-en-espacios-educativos-comunitarios-entrevista-a-becarios\/#article","isPartOf":{"@id":"https:\/\/eltecolote.org\/content\/es\/reimaginar-el-arte-en-espacios-educativos-comunitarios-entrevista-a-becarios\/"},"author":{"name":"El Tecolote Staff","@id":"https:\/\/eltecolote.org\/content\/#\/schema\/person\/08828d10185eba96895a8363a269410e"},"headline":"Reimaginar el Arte en espacios educativos comunitarios: entrevista a becarios\u00a0","datePublished":"2023-06-30T05:57:59+00:00","dateModified":"2023-06-30T05:58:03+00:00","mainEntityOfPage":{"@id":"https:\/\/eltecolote.org\/content\/es\/reimaginar-el-arte-en-espacios-educativos-comunitarios-entrevista-a-becarios\/"},"wordCount":2051,"publisher":{"@id":"https:\/\/eltecolote.org\/content\/#organization"},"image":{"@id":"https:\/\/eltecolote.org\/content\/es\/reimaginar-el-arte-en-espacios-educativos-comunitarios-entrevista-a-becarios\/#primaryimage"},"thumbnailUrl":"https:\/\/i0.wp.com\/eltecolote.org\/content\/wp-content\/uploads\/2023\/06\/RAICES-Sew-Frisco_1-1.jpeg?fit=1200%2C800&quality=89&ssl=1","articleSection":["Arte"],"inLanguage":"en"},{"@type":"WebPage","@id":"https:\/\/eltecolote.org\/content\/es\/reimaginar-el-arte-en-espacios-educativos-comunitarios-entrevista-a-becarios\/","url":"https:\/\/eltecolote.org\/content\/es\/reimaginar-el-arte-en-espacios-educativos-comunitarios-entrevista-a-becarios\/","name":"Reimaginar el Arte en espacios educativos comunitarios: entrevista a becarios\u00a0 - El Tecolote","isPartOf":{"@id":"https:\/\/eltecolote.org\/content\/#website"},"primaryImageOfPage":{"@id":"https:\/\/eltecolote.org\/content\/es\/reimaginar-el-arte-en-espacios-educativos-comunitarios-entrevista-a-becarios\/#primaryimage"},"image":{"@id":"https:\/\/eltecolote.org\/content\/es\/reimaginar-el-arte-en-espacios-educativos-comunitarios-entrevista-a-becarios\/#primaryimage"},"thumbnailUrl":"https:\/\/i0.wp.com\/eltecolote.org\/content\/wp-content\/uploads\/2023\/06\/RAICES-Sew-Frisco_1-1.jpeg?fit=1200%2C800&quality=89&ssl=1","datePublished":"2023-06-30T05:57:59+00:00","dateModified":"2023-06-30T05:58:03+00:00","description":"Ariana Martinez-Cruz, de 35 a\u00f1os, artista del bordado, la fibra y los textiles, una de las nuevas becarias del programa R.A.\u00cd.C.E.S para Galer\u00eda de La","inLanguage":"en","potentialAction":[{"@type":"ReadAction","target":["https:\/\/eltecolote.org\/content\/es\/reimaginar-el-arte-en-espacios-educativos-comunitarios-entrevista-a-becarios\/"]}]},{"@type":"ImageObject","inLanguage":"en","@id":"https:\/\/eltecolote.org\/content\/es\/reimaginar-el-arte-en-espacios-educativos-comunitarios-entrevista-a-becarios\/#primaryimage","url":"https:\/\/i0.wp.com\/eltecolote.org\/content\/wp-content\/uploads\/2023\/06\/RAICES-Sew-Frisco_1-1.jpeg?fit=1200%2C800&quality=89&ssl=1","contentUrl":"https:\/\/i0.wp.com\/eltecolote.org\/content\/wp-content\/uploads\/2023\/06\/RAICES-Sew-Frisco_1-1.jpeg?fit=1200%2C800&quality=89&ssl=1","width":1200,"height":800,"caption":"Ariana Martinez-Cruz, de 35 a\u00f1os, artista del bordado, la fibra y los textiles, una de las nuevas becarias del programa R.A.\u00cd.C.E.S para Galer\u00eda de La Raza. Foto: Alexa \u201cLexMex\u201d Trevino"},{"@type":"WebSite","@id":"https:\/\/eltecolote.org\/content\/#website","url":"https:\/\/eltecolote.org\/content\/","name":"El Tecolote","description":"San Francisco's Latinx newspaper since 1970","publisher":{"@id":"https:\/\/eltecolote.org\/content\/#organization"},"potentialAction":[{"@type":"SearchAction","target":{"@type":"EntryPoint","urlTemplate":"https:\/\/eltecolote.org\/content\/?s={search_term_string}"},"query-input":{"@type":"PropertyValueSpecification","valueRequired":true,"valueName":"search_term_string"}}],"inLanguage":"en"},{"@type":"Organization","@id":"https:\/\/eltecolote.org\/content\/#organization","name":"El Tecolote","url":"https:\/\/eltecolote.org\/content\/","logo":{"@type":"ImageObject","inLanguage":"en","@id":"https:\/\/eltecolote.org\/content\/#\/schema\/logo\/image\/","url":"https:\/\/i0.wp.com\/eltecolote.org\/content\/wp-content\/uploads\/2021\/05\/ETlogo-1.jpg?fit=400%2C400&ssl=1","contentUrl":"https:\/\/i0.wp.com\/eltecolote.org\/content\/wp-content\/uploads\/2021\/05\/ETlogo-1.jpg?fit=400%2C400&ssl=1","width":400,"height":400,"caption":"El Tecolote"},"image":{"@id":"https:\/\/eltecolote.org\/content\/#\/schema\/logo\/image\/"},"sameAs":["https:\/\/www.facebook.com\/ElTecoloteSF\/","https:\/\/x.com\/eltecolotesf","https:\/\/www.instagram.com\/eltecolotesf\/"]},{"@type":"Person","@id":"https:\/\/eltecolote.org\/content\/#\/schema\/person\/08828d10185eba96895a8363a269410e","name":"El Tecolote Staff","image":{"@type":"ImageObject","inLanguage":"en","@id":"https:\/\/secure.gravatar.com\/avatar\/9534c92c8c908364e186a64d93efc86f62367109d1b07a3454facde655968589?s=96&d=mm&r=g6afcb607783e095e4cf6be807353924d","url":"https:\/\/secure.gravatar.com\/avatar\/9534c92c8c908364e186a64d93efc86f62367109d1b07a3454facde655968589?s=96&d=mm&r=g","contentUrl":"https:\/\/secure.gravatar.com\/avatar\/9534c92c8c908364e186a64d93efc86f62367109d1b07a3454facde655968589?s=96&d=mm&r=g","caption":"El Tecolote Staff"},"url":"https:\/\/eltecolote.org\/content\/author\/web-editor\/"}]}},"distributor_meta":false,"distributor_terms":false,"distributor_media":false,"distributor_original_site_name":"El Tecolote","distributor_original_site_url":"https:\/\/eltecolote.org\/content","push-errors":false,"_links":{"self":[{"href":"https:\/\/eltecolote.org\/content\/wp-json\/wp\/v2\/posts\/56708","targetHints":{"allow":["GET"]}}],"collection":[{"href":"https:\/\/eltecolote.org\/content\/wp-json\/wp\/v2\/posts"}],"about":[{"href":"https:\/\/eltecolote.org\/content\/wp-json\/wp\/v2\/types\/post"}],"author":[{"embeddable":true,"href":"https:\/\/eltecolote.org\/content\/wp-json\/wp\/v2\/users\/35"}],"replies":[{"embeddable":true,"href":"https:\/\/eltecolote.org\/content\/wp-json\/wp\/v2\/comments?post=56708"}],"version-history":[{"count":1,"href":"https:\/\/eltecolote.org\/content\/wp-json\/wp\/v2\/posts\/56708\/revisions"}],"predecessor-version":[{"id":56715,"href":"https:\/\/eltecolote.org\/content\/wp-json\/wp\/v2\/posts\/56708\/revisions\/56715"}],"wp:featuredmedia":[{"embeddable":true,"href":"https:\/\/eltecolote.org\/content\/wp-json\/wp\/v2\/media\/56713"}],"wp:attachment":[{"href":"https:\/\/eltecolote.org\/content\/wp-json\/wp\/v2\/media?parent=56708"}],"wp:term":[{"taxonomy":"category","embeddable":true,"href":"https:\/\/eltecolote.org\/content\/wp-json\/wp\/v2\/categories?post=56708"},{"taxonomy":"post_tag","embeddable":true,"href":"https:\/\/eltecolote.org\/content\/wp-json\/wp\/v2\/tags?post=56708"},{"taxonomy":"author","embeddable":true,"href":"https:\/\/eltecolote.org\/content\/wp-json\/wp\/v2\/coauthors?post=56708"}],"curies":[{"name":"wp","href":"https:\/\/api.w.org\/{rel}","templated":true}]}}