{"id":56520,"date":"2023-06-15T15:33:41","date_gmt":"2023-06-15T22:33:41","guid":{"rendered":"https:\/\/eltecolote.org\/content\/?p=56520"},"modified":"2023-06-15T15:33:46","modified_gmt":"2023-06-15T22:33:46","slug":"the-devils-advocate-indelible-moments","status":"publish","type":"post","link":"https:\/\/eltecolote.org\/content\/en\/the-devils-advocate-indelible-moments\/","title":{"rendered":"The Devil\u2019s Advocate: Indelible moments"},"content":{"rendered":"\n<p>As we travel through life, we are gathering experiences. Good and bad.&nbsp;<\/p>\n\n\n\n<p>Some experiences clearly stand out, from the very moment they took place. They also have a soundtrack: the words that were spoken when those events took place.<\/p>\n\n\n\n<p>Generally, we treasure the unmistakably positive. Although that which is initially negative, as time passes, might end up included in the blog of our indispensable memories.<\/p>\n\n\n\n<p>When we evoke, we feel the memories fresh, current. At times, we share them. Moments that made us feel happy, appreciated. As we share them, the evocation of the original events rekindles our spirit, stirring sensations that we keep in the closet of our inner self, ready to help us live. I will share a few examples.<\/p>\n\n\n\n<p>The first one happened a thousand years ago.&nbsp;<\/p>\n\n\n\n<p>When I was almost 20 years old, I won the 200 meters in the South American Track Championship, held in Rio de Janeiro, Brazil. Mine was a totally unexpected triumph, a life-changing event. Thanks to those few seconds spent on the track, I received a sports scholarship to the University of California, Berkeley.<\/p>\n\n\n\n<p>That day in Brazil, as I finished in first place, I heard the excited voice of Santiago Gordon, another Chilean athlete, who watched the race from the stands, above the finish line: \u201cYou won! You motherfucking Carlitos! You won!\u201d<\/p>\n\n\n\n<p>Generally, when the word \u201cmother\u201d is used in a sentence, we have to be very careful. It could incite to violence. Mothers are sacred. I believe that is true all over the world. Nevertheless, to me, that scream seemed very funny. It made me laugh then. Same thing today. It all depends on how it is said&#8230;and the context in which it was born. Thus, we can yell the word \u201cmother\u201d if it is done correctly.&nbsp;<\/p>\n\n\n\n<p>The second story is related to the first one. A few weeks later I was back in Chile, enjoying unexpected fame, which was reflected in magazines and newspapers all over the country. One day, I found myself behind a young boy, who walked ahead of me, holding his father\u2019s hand. The kid was about eight years old.<\/p>\n\n\n\n<p>Suddenly, the boy let go of his father\u2019s hand and said: \u201cDad! I\u2019ll race you to the corner!\u201d The father readily accepted, proceeding to stand next to his son, ready to run. It was then when the boy raised a hand to halt the start and said: \u201cBut\u2026I am Carlos Bar\u00f3n!\u201d Of course, they had no idea that I was standing right behind them. I did not tell them either. That exchange between father and son remains as one of the best in my life.<\/p>\n\n\n\n<p>Years later, in 1982, when I was in Cuba as a member of the Jury for the Casa de las Americas Literary Award, another warm and fuzzy moment happened, with its respective soundtrack of words. It is the third story.&nbsp;<\/p>\n\n\n\n<p>One particular night, with a few members of the Jury, representing various Latino countries, we went out dancing. Some of our Cuban hosts came along.<\/p>\n\n\n\n<p>I enjoy dancing. I also enjoy it when I am honored by being thought of as \u201ca true Mexican\u201d if I am in Mexico, or \u201ca true Puerto Rican\u201d if I\u2019m in Puerto Rico. I get a kick from faithfully and respectfully mimicking a little\u2026or a lot. Perhaps it\u2019s the professional actor in me?&nbsp;<\/p>\n\n\n\n<p>When the music started, I danced enthusiastically, showing off some moves and gestures that the Cubans did not expect from a Chilean. Us Chileans are not famous&nbsp; for our \u201csalsa\u201d dancing.<\/p>\n\n\n\n<p>It was then when I heard one of the Cubans loudly yell to the rest of the group a phrase that sounded \u2014 it still does now \u2014 as a compliment both amazing and funny: \u201cHey, chico! Look at Bar\u00f3n dancing! Man! He even bites his lower lip the way Cubans do!\u201d<\/p>\n\n\n\n<figure class=\"wp-block-image size-full\"><img data-recalc-dims=\"1\" loading=\"lazy\" decoding=\"async\" width=\"1000\" height=\"1000\" src=\"https:\/\/i0.wp.com\/eltecolote.org\/content\/wp-content\/uploads\/2023\/06\/13-COLOR-CORREGIDA_web.jpeg?resize=1000%2C1000&#038;quality=89&#038;ssl=1\" alt=\"Illustration: Bruno Ferreira\" class=\"wp-image-56612\" srcset=\"https:\/\/i0.wp.com\/eltecolote.org\/content\/wp-content\/uploads\/2023\/06\/13-COLOR-CORREGIDA_web.jpeg?w=1000&amp;quality=89&amp;ssl=1 1000w, https:\/\/i0.wp.com\/eltecolote.org\/content\/wp-content\/uploads\/2023\/06\/13-COLOR-CORREGIDA_web.jpeg?resize=250%2C250&amp;quality=89&amp;ssl=1 250w, https:\/\/i0.wp.com\/eltecolote.org\/content\/wp-content\/uploads\/2023\/06\/13-COLOR-CORREGIDA_web.jpeg?resize=480%2C480&amp;quality=89&amp;ssl=1 480w, https:\/\/i0.wp.com\/eltecolote.org\/content\/wp-content\/uploads\/2023\/06\/13-COLOR-CORREGIDA_web.jpeg?resize=768%2C768&amp;quality=89&amp;ssl=1 768w, https:\/\/i0.wp.com\/eltecolote.org\/content\/wp-content\/uploads\/2023\/06\/13-COLOR-CORREGIDA_web.jpeg?resize=800%2C800&amp;quality=89&amp;ssl=1 800w, https:\/\/i0.wp.com\/eltecolote.org\/content\/wp-content\/uploads\/2023\/06\/13-COLOR-CORREGIDA_web.jpeg?resize=400%2C400&amp;quality=89&amp;ssl=1 400w, https:\/\/i0.wp.com\/eltecolote.org\/content\/wp-content\/uploads\/2023\/06\/13-COLOR-CORREGIDA_web.jpeg?resize=200%2C200&amp;quality=89&amp;ssl=1 200w\" sizes=\"auto, (max-width: 1000px) 100vw, 1000px\" \/><figcaption class=\"wp-element-caption\">Illustration: Bruno Ferreira<\/figcaption><\/figure>\n\n\n\n<p>This last moment in time happened in the Mission District, in San Francisco. It was the year 1978.<\/p>\n\n\n\n<p>As an actor, I have received many compliments. Verbal and written. Nevertheless, few of them were as magnificently positive as the one which my friend Martha Estrella gifted me.&nbsp;&nbsp;<\/p>\n\n\n\n<p>I had written and was now directing a musical play called \u201cPasi\u00f3n y Prisi\u00f3n de Lolita Lebr\u00f3n\u201d (\u201cPassion and Imprisonment of Lolita Lebr\u00f3n\u201d). The musical director was my good friend, \u201cmaestro\u201d Javier Pacheco.&nbsp;<\/p>\n\n\n\n<p>It was an ambitious work, with many participants, of diverse ages and theatrical experiences. We rehearsed and performed it at the original Mission Cultural Center, today known as MCCLA. (Mission Cultural Center for Latino Arts).<\/p>\n\n\n\n<p>That day was our Dress Rehearsal and the atmosphere was rather chaotic. It was the first time that actors, musicians, techies and other assistants got together in order to fit the various pieces of that creative adventure. Even a stray dog had managed to sneak into the space where we were working! Don\u2019t ask me how he got in. <\/p>\n\n\n\n<p>We were on a short break, as I tried to decide our next step amidst a chaotic cacophony. It included loud conversation, laughter, screams\u2026and a few barks. It was then when Martha Estrella, who acted in the show, got on top of a chair and let out a big scream. As she agitated her hands to attract the attention of everyone around her, she exclaimed: \u201cSILENCE! SILENCE! Carlos is thinking!\u201d.<\/p>\n\n\n\n<p>A magical and unforgettable silence ensued. Today, I still get chills thinking about it!<\/p>\n\n\n\n<p>Tell me, really: can you imagine a better homage? I cannot.&nbsp;<\/p>\n\n\n\n<p>I invite you to remember, to examine past events and choose some of your own indelible moments. Consider sharing them. We would like to know them.<\/p>\n\n\n\n<p><\/p>\n","protected":false},"excerpt":{"rendered":"<p>As we travel through life, we are gathering experiences. Good and bad.&nbsp; Some experiences clearly stand out, from the very moment they took place. They also have a soundtrack: the words that were spoken when those events took place. Generally, we treasure the unmistakably positive. Although that which is initially negative, as time passes, might [&hellip;]<\/p>\n","protected":false},"author":35,"featured_media":56612,"comment_status":"closed","ping_status":"closed","sticky":false,"template":"","format":"standard","meta":{"newspack_popups_has_disabled_popups":false,"newspack_featured_image_position":"","newspack_post_subtitle":"","newspack_article_summary_title":"Overview:","newspack_article_summary":"","newspack_hide_updated_date":false,"newspack_show_updated_date":false,"footnotes":""},"categories":[3929],"tags":[11229],"coauthors":[18475],"class_list":["post-56520","post","type-post","status-publish","format-standard","has-post-thumbnail","hentry","category-news-en","tag-the-devils-advocate","entry"],"yoast_head":"<!-- This site is optimized with the Yoast SEO plugin v27.4 - https:\/\/yoast.com\/product\/yoast-seo-wordpress\/ -->\n<title>The Devil\u2019s Advocate: Indelible moments - El Tecolote<\/title>\n<meta name=\"description\" content=\"As we travel through life, we are gathering experiences. Good and bad.&nbsp; Some experiences clearly stand out, from the very moment they took place.\" \/>\n<meta name=\"robots\" content=\"index, follow, max-snippet:-1, max-image-preview:large, max-video-preview:-1\" \/>\n<link rel=\"canonical\" href=\"https:\/\/eltecolote.org\/content\/en\/the-devils-advocate-indelible-moments\/\" \/>\n<meta property=\"og:locale\" content=\"en_US\" \/>\n<meta property=\"og:type\" content=\"article\" \/>\n<meta property=\"og:title\" content=\"The Devil\u2019s Advocate: Indelible moments - El Tecolote\" \/>\n<meta property=\"og:description\" content=\"As we travel through life, we are gathering experiences. Good and bad.&nbsp; Some experiences clearly stand out, from the very moment they took place.\" \/>\n<meta property=\"og:url\" content=\"https:\/\/eltecolote.org\/content\/en\/the-devils-advocate-indelible-moments\/\" \/>\n<meta property=\"og:site_name\" content=\"El Tecolote\" \/>\n<meta property=\"article:publisher\" content=\"https:\/\/www.facebook.com\/ElTecoloteSF\/\" \/>\n<meta property=\"article:published_time\" content=\"2023-06-15T22:33:41+00:00\" \/>\n<meta property=\"article:modified_time\" content=\"2023-06-15T22:33:46+00:00\" \/>\n<meta property=\"og:image\" content=\"https:\/\/eltecolote.org\/content\/wp-content\/uploads\/2023\/06\/13-COLOR-CORREGIDA_web.jpeg\" \/>\n\t<meta property=\"og:image:width\" content=\"1000\" \/>\n\t<meta property=\"og:image:height\" content=\"1000\" \/>\n\t<meta property=\"og:image:type\" content=\"image\/jpeg\" \/>\n<meta name=\"author\" content=\"Carlos Bar\u00f3n\" \/>\n<meta name=\"twitter:card\" content=\"summary_large_image\" \/>\n<meta name=\"twitter:creator\" content=\"@eltecolotesf\" \/>\n<meta name=\"twitter:site\" content=\"@eltecolotesf\" \/>\n<meta name=\"twitter:label1\" content=\"Written by\" \/>\n\t<meta name=\"twitter:data1\" content=\"Carlos Bar\u00f3n\" \/>\n\t<meta name=\"twitter:label2\" content=\"Est. reading time\" \/>\n\t<meta name=\"twitter:data2\" content=\"5 minutes\" \/>\n<script type=\"application\/ld+json\" class=\"yoast-schema-graph\">{\"@context\":\"https:\\\/\\\/schema.org\",\"@graph\":[{\"@type\":\"NewsArticle\",\"@id\":\"https:\\\/\\\/eltecolote.org\\\/content\\\/en\\\/the-devils-advocate-indelible-moments\\\/#article\",\"isPartOf\":{\"@id\":\"https:\\\/\\\/eltecolote.org\\\/content\\\/en\\\/the-devils-advocate-indelible-moments\\\/\"},\"author\":{\"name\":\"El Tecolote Staff\",\"@id\":\"https:\\\/\\\/eltecolote.org\\\/content\\\/#\\\/schema\\\/person\\\/08828d10185eba96895a8363a269410e\"},\"headline\":\"The Devil\u2019s Advocate: Indelible moments\",\"datePublished\":\"2023-06-15T22:33:41+00:00\",\"dateModified\":\"2023-06-15T22:33:46+00:00\",\"mainEntityOfPage\":{\"@id\":\"https:\\\/\\\/eltecolote.org\\\/content\\\/en\\\/the-devils-advocate-indelible-moments\\\/\"},\"wordCount\":966,\"publisher\":{\"@id\":\"https:\\\/\\\/eltecolote.org\\\/content\\\/#organization\"},\"image\":{\"@id\":\"https:\\\/\\\/eltecolote.org\\\/content\\\/en\\\/the-devils-advocate-indelible-moments\\\/#primaryimage\"},\"thumbnailUrl\":\"https:\\\/\\\/i0.wp.com\\\/eltecolote.org\\\/content\\\/wp-content\\\/uploads\\\/2023\\\/06\\\/13-COLOR-CORREGIDA_web.jpeg?fit=1000%2C1000&quality=89&ssl=1\",\"keywords\":[\"The Devil\u2019s Advocate\"],\"articleSection\":[\"News\"],\"inLanguage\":\"en\"},{\"@type\":\"WebPage\",\"@id\":\"https:\\\/\\\/eltecolote.org\\\/content\\\/en\\\/the-devils-advocate-indelible-moments\\\/\",\"url\":\"https:\\\/\\\/eltecolote.org\\\/content\\\/en\\\/the-devils-advocate-indelible-moments\\\/\",\"name\":\"The Devil\u2019s Advocate: Indelible moments - El Tecolote\",\"isPartOf\":{\"@id\":\"https:\\\/\\\/eltecolote.org\\\/content\\\/#website\"},\"primaryImageOfPage\":{\"@id\":\"https:\\\/\\\/eltecolote.org\\\/content\\\/en\\\/the-devils-advocate-indelible-moments\\\/#primaryimage\"},\"image\":{\"@id\":\"https:\\\/\\\/eltecolote.org\\\/content\\\/en\\\/the-devils-advocate-indelible-moments\\\/#primaryimage\"},\"thumbnailUrl\":\"https:\\\/\\\/i0.wp.com\\\/eltecolote.org\\\/content\\\/wp-content\\\/uploads\\\/2023\\\/06\\\/13-COLOR-CORREGIDA_web.jpeg?fit=1000%2C1000&quality=89&ssl=1\",\"datePublished\":\"2023-06-15T22:33:41+00:00\",\"dateModified\":\"2023-06-15T22:33:46+00:00\",\"description\":\"As we travel through life, we are gathering experiences. Good and bad.&nbsp; Some experiences clearly stand out, from the very moment they took place.\",\"inLanguage\":\"en\",\"potentialAction\":[{\"@type\":\"ReadAction\",\"target\":[\"https:\\\/\\\/eltecolote.org\\\/content\\\/en\\\/the-devils-advocate-indelible-moments\\\/\"]}]},{\"@type\":\"ImageObject\",\"inLanguage\":\"en\",\"@id\":\"https:\\\/\\\/eltecolote.org\\\/content\\\/en\\\/the-devils-advocate-indelible-moments\\\/#primaryimage\",\"url\":\"https:\\\/\\\/i0.wp.com\\\/eltecolote.org\\\/content\\\/wp-content\\\/uploads\\\/2023\\\/06\\\/13-COLOR-CORREGIDA_web.jpeg?fit=1000%2C1000&quality=89&ssl=1\",\"contentUrl\":\"https:\\\/\\\/i0.wp.com\\\/eltecolote.org\\\/content\\\/wp-content\\\/uploads\\\/2023\\\/06\\\/13-COLOR-CORREGIDA_web.jpeg?fit=1000%2C1000&quality=89&ssl=1\",\"width\":1000,\"height\":1000,\"caption\":\"Illustration: Bruno Ferreira\"},{\"@type\":\"WebSite\",\"@id\":\"https:\\\/\\\/eltecolote.org\\\/content\\\/#website\",\"url\":\"https:\\\/\\\/eltecolote.org\\\/content\\\/\",\"name\":\"El Tecolote\",\"description\":\"San Francisco's Latinx newspaper since 1970\",\"publisher\":{\"@id\":\"https:\\\/\\\/eltecolote.org\\\/content\\\/#organization\"},\"potentialAction\":[{\"@type\":\"SearchAction\",\"target\":{\"@type\":\"EntryPoint\",\"urlTemplate\":\"https:\\\/\\\/eltecolote.org\\\/content\\\/?s={search_term_string}\"},\"query-input\":{\"@type\":\"PropertyValueSpecification\",\"valueRequired\":true,\"valueName\":\"search_term_string\"}}],\"inLanguage\":\"en\"},{\"@type\":\"Organization\",\"@id\":\"https:\\\/\\\/eltecolote.org\\\/content\\\/#organization\",\"name\":\"El Tecolote\",\"url\":\"https:\\\/\\\/eltecolote.org\\\/content\\\/\",\"logo\":{\"@type\":\"ImageObject\",\"inLanguage\":\"en\",\"@id\":\"https:\\\/\\\/eltecolote.org\\\/content\\\/#\\\/schema\\\/logo\\\/image\\\/\",\"url\":\"https:\\\/\\\/i0.wp.com\\\/eltecolote.org\\\/content\\\/wp-content\\\/uploads\\\/2021\\\/05\\\/ETlogo-1.jpg?fit=400%2C400&ssl=1\",\"contentUrl\":\"https:\\\/\\\/i0.wp.com\\\/eltecolote.org\\\/content\\\/wp-content\\\/uploads\\\/2021\\\/05\\\/ETlogo-1.jpg?fit=400%2C400&ssl=1\",\"width\":400,\"height\":400,\"caption\":\"El Tecolote\"},\"image\":{\"@id\":\"https:\\\/\\\/eltecolote.org\\\/content\\\/#\\\/schema\\\/logo\\\/image\\\/\"},\"sameAs\":[\"https:\\\/\\\/www.facebook.com\\\/ElTecoloteSF\\\/\",\"https:\\\/\\\/x.com\\\/eltecolotesf\",\"https:\\\/\\\/www.instagram.com\\\/eltecolotesf\\\/\"]},{\"@type\":\"Person\",\"@id\":\"https:\\\/\\\/eltecolote.org\\\/content\\\/#\\\/schema\\\/person\\\/08828d10185eba96895a8363a269410e\",\"name\":\"El Tecolote Staff\",\"image\":{\"@type\":\"ImageObject\",\"inLanguage\":\"en\",\"@id\":\"https:\\\/\\\/secure.gravatar.com\\\/avatar\\\/9534c92c8c908364e186a64d93efc86f62367109d1b07a3454facde655968589?s=96&d=mm&r=g6afcb607783e095e4cf6be807353924d\",\"url\":\"https:\\\/\\\/secure.gravatar.com\\\/avatar\\\/9534c92c8c908364e186a64d93efc86f62367109d1b07a3454facde655968589?s=96&d=mm&r=g\",\"contentUrl\":\"https:\\\/\\\/secure.gravatar.com\\\/avatar\\\/9534c92c8c908364e186a64d93efc86f62367109d1b07a3454facde655968589?s=96&d=mm&r=g\",\"caption\":\"El Tecolote Staff\"},\"url\":\"https:\\\/\\\/eltecolote.org\\\/content\\\/author\\\/web-editor\\\/\"}]}<\/script>\n<!-- \/ Yoast SEO plugin. -->","yoast_head_json":{"title":"The Devil\u2019s Advocate: Indelible moments - El Tecolote","description":"As we travel through life, we are gathering experiences. Good and bad.&nbsp; Some experiences clearly stand out, from the very moment they took place.","robots":{"index":"index","follow":"follow","max-snippet":"max-snippet:-1","max-image-preview":"max-image-preview:large","max-video-preview":"max-video-preview:-1"},"canonical":"https:\/\/eltecolote.org\/content\/en\/the-devils-advocate-indelible-moments\/","og_locale":"en_US","og_type":"article","og_title":"The Devil\u2019s Advocate: Indelible moments - El Tecolote","og_description":"As we travel through life, we are gathering experiences. Good and bad.&nbsp; Some experiences clearly stand out, from the very moment they took place.","og_url":"https:\/\/eltecolote.org\/content\/en\/the-devils-advocate-indelible-moments\/","og_site_name":"El Tecolote","article_publisher":"https:\/\/www.facebook.com\/ElTecoloteSF\/","article_published_time":"2023-06-15T22:33:41+00:00","article_modified_time":"2023-06-15T22:33:46+00:00","og_image":[{"width":1000,"height":1000,"url":"https:\/\/eltecolote.org\/content\/wp-content\/uploads\/2023\/06\/13-COLOR-CORREGIDA_web.jpeg","type":"image\/jpeg"}],"author":"Carlos Bar\u00f3n","twitter_card":"summary_large_image","twitter_creator":"@eltecolotesf","twitter_site":"@eltecolotesf","twitter_misc":{"Written by":"Carlos Bar\u00f3n","Est. reading time":"5 minutes"},"schema":{"@context":"https:\/\/schema.org","@graph":[{"@type":"NewsArticle","@id":"https:\/\/eltecolote.org\/content\/en\/the-devils-advocate-indelible-moments\/#article","isPartOf":{"@id":"https:\/\/eltecolote.org\/content\/en\/the-devils-advocate-indelible-moments\/"},"author":{"name":"El Tecolote Staff","@id":"https:\/\/eltecolote.org\/content\/#\/schema\/person\/08828d10185eba96895a8363a269410e"},"headline":"The Devil\u2019s Advocate: Indelible moments","datePublished":"2023-06-15T22:33:41+00:00","dateModified":"2023-06-15T22:33:46+00:00","mainEntityOfPage":{"@id":"https:\/\/eltecolote.org\/content\/en\/the-devils-advocate-indelible-moments\/"},"wordCount":966,"publisher":{"@id":"https:\/\/eltecolote.org\/content\/#organization"},"image":{"@id":"https:\/\/eltecolote.org\/content\/en\/the-devils-advocate-indelible-moments\/#primaryimage"},"thumbnailUrl":"https:\/\/i0.wp.com\/eltecolote.org\/content\/wp-content\/uploads\/2023\/06\/13-COLOR-CORREGIDA_web.jpeg?fit=1000%2C1000&quality=89&ssl=1","keywords":["The Devil\u2019s Advocate"],"articleSection":["News"],"inLanguage":"en"},{"@type":"WebPage","@id":"https:\/\/eltecolote.org\/content\/en\/the-devils-advocate-indelible-moments\/","url":"https:\/\/eltecolote.org\/content\/en\/the-devils-advocate-indelible-moments\/","name":"The Devil\u2019s Advocate: Indelible moments - El Tecolote","isPartOf":{"@id":"https:\/\/eltecolote.org\/content\/#website"},"primaryImageOfPage":{"@id":"https:\/\/eltecolote.org\/content\/en\/the-devils-advocate-indelible-moments\/#primaryimage"},"image":{"@id":"https:\/\/eltecolote.org\/content\/en\/the-devils-advocate-indelible-moments\/#primaryimage"},"thumbnailUrl":"https:\/\/i0.wp.com\/eltecolote.org\/content\/wp-content\/uploads\/2023\/06\/13-COLOR-CORREGIDA_web.jpeg?fit=1000%2C1000&quality=89&ssl=1","datePublished":"2023-06-15T22:33:41+00:00","dateModified":"2023-06-15T22:33:46+00:00","description":"As we travel through life, we are gathering experiences. Good and bad.&nbsp; Some experiences clearly stand out, from the very moment they took place.","inLanguage":"en","potentialAction":[{"@type":"ReadAction","target":["https:\/\/eltecolote.org\/content\/en\/the-devils-advocate-indelible-moments\/"]}]},{"@type":"ImageObject","inLanguage":"en","@id":"https:\/\/eltecolote.org\/content\/en\/the-devils-advocate-indelible-moments\/#primaryimage","url":"https:\/\/i0.wp.com\/eltecolote.org\/content\/wp-content\/uploads\/2023\/06\/13-COLOR-CORREGIDA_web.jpeg?fit=1000%2C1000&quality=89&ssl=1","contentUrl":"https:\/\/i0.wp.com\/eltecolote.org\/content\/wp-content\/uploads\/2023\/06\/13-COLOR-CORREGIDA_web.jpeg?fit=1000%2C1000&quality=89&ssl=1","width":1000,"height":1000,"caption":"Illustration: Bruno Ferreira"},{"@type":"WebSite","@id":"https:\/\/eltecolote.org\/content\/#website","url":"https:\/\/eltecolote.org\/content\/","name":"El Tecolote","description":"San Francisco's Latinx newspaper since 1970","publisher":{"@id":"https:\/\/eltecolote.org\/content\/#organization"},"potentialAction":[{"@type":"SearchAction","target":{"@type":"EntryPoint","urlTemplate":"https:\/\/eltecolote.org\/content\/?s={search_term_string}"},"query-input":{"@type":"PropertyValueSpecification","valueRequired":true,"valueName":"search_term_string"}}],"inLanguage":"en"},{"@type":"Organization","@id":"https:\/\/eltecolote.org\/content\/#organization","name":"El Tecolote","url":"https:\/\/eltecolote.org\/content\/","logo":{"@type":"ImageObject","inLanguage":"en","@id":"https:\/\/eltecolote.org\/content\/#\/schema\/logo\/image\/","url":"https:\/\/i0.wp.com\/eltecolote.org\/content\/wp-content\/uploads\/2021\/05\/ETlogo-1.jpg?fit=400%2C400&ssl=1","contentUrl":"https:\/\/i0.wp.com\/eltecolote.org\/content\/wp-content\/uploads\/2021\/05\/ETlogo-1.jpg?fit=400%2C400&ssl=1","width":400,"height":400,"caption":"El Tecolote"},"image":{"@id":"https:\/\/eltecolote.org\/content\/#\/schema\/logo\/image\/"},"sameAs":["https:\/\/www.facebook.com\/ElTecoloteSF\/","https:\/\/x.com\/eltecolotesf","https:\/\/www.instagram.com\/eltecolotesf\/"]},{"@type":"Person","@id":"https:\/\/eltecolote.org\/content\/#\/schema\/person\/08828d10185eba96895a8363a269410e","name":"El Tecolote Staff","image":{"@type":"ImageObject","inLanguage":"en","@id":"https:\/\/secure.gravatar.com\/avatar\/9534c92c8c908364e186a64d93efc86f62367109d1b07a3454facde655968589?s=96&d=mm&r=g6afcb607783e095e4cf6be807353924d","url":"https:\/\/secure.gravatar.com\/avatar\/9534c92c8c908364e186a64d93efc86f62367109d1b07a3454facde655968589?s=96&d=mm&r=g","contentUrl":"https:\/\/secure.gravatar.com\/avatar\/9534c92c8c908364e186a64d93efc86f62367109d1b07a3454facde655968589?s=96&d=mm&r=g","caption":"El Tecolote Staff"},"url":"https:\/\/eltecolote.org\/content\/author\/web-editor\/"}]}},"distributor_meta":false,"distributor_terms":false,"distributor_media":false,"distributor_original_site_name":"El Tecolote","distributor_original_site_url":"https:\/\/eltecolote.org\/content","push-errors":false,"_links":{"self":[{"href":"https:\/\/eltecolote.org\/content\/wp-json\/wp\/v2\/posts\/56520","targetHints":{"allow":["GET"]}}],"collection":[{"href":"https:\/\/eltecolote.org\/content\/wp-json\/wp\/v2\/posts"}],"about":[{"href":"https:\/\/eltecolote.org\/content\/wp-json\/wp\/v2\/types\/post"}],"author":[{"embeddable":true,"href":"https:\/\/eltecolote.org\/content\/wp-json\/wp\/v2\/users\/35"}],"replies":[{"embeddable":true,"href":"https:\/\/eltecolote.org\/content\/wp-json\/wp\/v2\/comments?post=56520"}],"version-history":[{"count":3,"href":"https:\/\/eltecolote.org\/content\/wp-json\/wp\/v2\/posts\/56520\/revisions"}],"predecessor-version":[{"id":56614,"href":"https:\/\/eltecolote.org\/content\/wp-json\/wp\/v2\/posts\/56520\/revisions\/56614"}],"wp:featuredmedia":[{"embeddable":true,"href":"https:\/\/eltecolote.org\/content\/wp-json\/wp\/v2\/media\/56612"}],"wp:attachment":[{"href":"https:\/\/eltecolote.org\/content\/wp-json\/wp\/v2\/media?parent=56520"}],"wp:term":[{"taxonomy":"category","embeddable":true,"href":"https:\/\/eltecolote.org\/content\/wp-json\/wp\/v2\/categories?post=56520"},{"taxonomy":"post_tag","embeddable":true,"href":"https:\/\/eltecolote.org\/content\/wp-json\/wp\/v2\/tags?post=56520"},{"taxonomy":"author","embeddable":true,"href":"https:\/\/eltecolote.org\/content\/wp-json\/wp\/v2\/coauthors?post=56520"}],"curies":[{"name":"wp","href":"https:\/\/api.w.org\/{rel}","templated":true}]}}