{"id":55758,"date":"2023-05-05T08:41:58","date_gmt":"2023-05-05T15:41:58","guid":{"rendered":"https:\/\/eltecolote.org\/content\/?p=55758"},"modified":"2023-05-05T08:43:03","modified_gmt":"2023-05-05T15:43:03","slug":"mission-graficas-poster-art-reveals-the-power-of-print","status":"publish","type":"post","link":"https:\/\/eltecolote.org\/content\/en\/mission-graficas-poster-art-reveals-the-power-of-print\/","title":{"rendered":"Mission Gr\u00e1fica\u2019s Poster Art Reveals the Power of Print"},"content":{"rendered":"\n<p>Book Documents Voices for Justice<\/p>\n\n\n\n<p>Mission Gr\u00e1fica\u2019s Poster Art Reveals the Power of Print<\/p>\n\n\n\n<p>With an army of community-based graphic artists over its 40-plus years of existence, Mission Gr\u00e1fica, a Mission-based graphic arts center, has helped lead campaigns for social justice. That effort is now the focus of a new book that documents how their poster art was instrumental in the political movements that embraced the Bay Area from 1982 to the present.<\/p>\n\n\n\n<p>The just-released book entitled \u201cMission Gr\u00e1fica: Reflecting a Community in Print,\u201d published by Pacific View Press in San Francisco, is a collection of poster art by 59 artists. The 137-page, softcover book showcases 104 silkscreen color prints with accompanying text highlighting the significance of each poster.<\/p>\n\n\n\n<p>The 8-1\/2 x 11 book is a collaboration of Juan R. Fuentes, Robbin L\u00e9g\u00e9re Henderson, Michelle Mouton, Calixto Robles, and Jos Sances. Fuentes is a former director of Mission Gr\u00e1fica.<\/p>\n\n\n\n<figure class=\"wp-block-image size-full\"><img data-recalc-dims=\"1\" loading=\"lazy\" decoding=\"async\" width=\"800\" height=\"804\" src=\"https:\/\/i0.wp.com\/eltecolote.org\/content\/wp-content\/uploads\/2023\/05\/Mission-Grafica_poster_web-2.jpeg?resize=800%2C804&#038;quality=89&#038;ssl=1\" alt=\"Ester Hernandez\u2019s Mis Madres artwork featured on the poster of MCCLA\u2019s latest exhibition, Mission Gr\u00e1fica 46 Years: Community, Culture and Politics. Courtesy: MCCLA\" class=\"wp-image-55763\" srcset=\"https:\/\/i0.wp.com\/eltecolote.org\/content\/wp-content\/uploads\/2023\/05\/Mission-Grafica_poster_web-2.jpeg?w=800&amp;quality=89&amp;ssl=1 800w, https:\/\/i0.wp.com\/eltecolote.org\/content\/wp-content\/uploads\/2023\/05\/Mission-Grafica_poster_web-2.jpeg?resize=249%2C250&amp;quality=89&amp;ssl=1 249w, https:\/\/i0.wp.com\/eltecolote.org\/content\/wp-content\/uploads\/2023\/05\/Mission-Grafica_poster_web-2.jpeg?resize=478%2C480&amp;quality=89&amp;ssl=1 478w, https:\/\/i0.wp.com\/eltecolote.org\/content\/wp-content\/uploads\/2023\/05\/Mission-Grafica_poster_web-2.jpeg?resize=768%2C772&amp;quality=89&amp;ssl=1 768w, https:\/\/i0.wp.com\/eltecolote.org\/content\/wp-content\/uploads\/2023\/05\/Mission-Grafica_poster_web-2.jpeg?resize=200%2C200&amp;quality=89&amp;ssl=1 200w, https:\/\/i0.wp.com\/eltecolote.org\/content\/wp-content\/uploads\/2023\/05\/Mission-Grafica_poster_web-2.jpeg?resize=400%2C402&amp;quality=89&amp;ssl=1 400w\" sizes=\"auto, (max-width: 800px) 100vw, 800px\" \/><figcaption class=\"wp-element-caption\">Ester Hernandez\u2019s Mis Madres artwork featured on the poster of MCCLA\u2019s latest exhibition, Mission Gr\u00e1fica 46 Years: Community, Culture and Politics. Courtesy: MCCLA<\/figcaption><\/figure>\n\n\n\n<p>Mission Gr\u00e1fica bares its roots in the Mission. Founded in 1982, it is currently housed in the Mission Cultural Center for Latino Arts, a key cultural center in the neighborhood.&nbsp;<\/p>\n\n\n\n<p>The book includes a brief, but insightful look at the history of Mission Gr\u00e1fica by artist Art Hazelwood and a touching and powerful preface by former U.S. Poet Laureate, Juan Felipe Herrera. He describes the art and how it embraces the people \u2014 la gente. It also includes five black-and-white photographs of artists at work in the early days of the center.&nbsp;<\/p>\n\n\n\n<p>The center harbored El Tecolote in those early days when we needed space to layout the newspaper. \u00a1Grac\u00edas MCCLA!<\/p>\n\n\n\n<p>Instead of being categorized decades, the art is creatively grouped based on six distinct categories: Women\u2019s Voices, International Solidarity, Local Politics, Indigenous America, Cultural Celebrations, and U.S. Imperialism.<\/p>\n\n\n\n<p>The book\u2019s cover by R\u00e9ne Castro is a colorful tribute to the Salvadoran rebels with a solidarity rose and an erupting volcano representing the power of the freedom fighters.<\/p>\n\n\n\n<figure class=\"wp-block-image size-full\"><img data-recalc-dims=\"1\" loading=\"lazy\" decoding=\"async\" width=\"900\" height=\"1200\" src=\"https:\/\/i0.wp.com\/eltecolote.org\/content\/wp-content\/uploads\/2023\/05\/Mission-Grafica_Juan-Fuentes_web.jpeg?resize=900%2C1200&#038;quality=89&#038;ssl=1\" alt=\"Iconic Chicano artist Juan R. Fuentes poses for a portrait holding a copy of the book, \u201cMission Gr\u00e1fica: Reflecting a Community in Print.\u201d Fuentes is also the curator of MCCLA\u2019s latest exhibition, Mission Gr\u00e1fica 46 Years: Community, Culture and Politics. Courtesy: MCCLA\" class=\"wp-image-55760\" srcset=\"https:\/\/i0.wp.com\/eltecolote.org\/content\/wp-content\/uploads\/2023\/05\/Mission-Grafica_Juan-Fuentes_web.jpeg?w=900&amp;quality=89&amp;ssl=1 900w, https:\/\/i0.wp.com\/eltecolote.org\/content\/wp-content\/uploads\/2023\/05\/Mission-Grafica_Juan-Fuentes_web.jpeg?resize=188%2C250&amp;quality=89&amp;ssl=1 188w, https:\/\/i0.wp.com\/eltecolote.org\/content\/wp-content\/uploads\/2023\/05\/Mission-Grafica_Juan-Fuentes_web.jpeg?resize=360%2C480&amp;quality=89&amp;ssl=1 360w, https:\/\/i0.wp.com\/eltecolote.org\/content\/wp-content\/uploads\/2023\/05\/Mission-Grafica_Juan-Fuentes_web.jpeg?resize=768%2C1024&amp;quality=89&amp;ssl=1 768w, https:\/\/i0.wp.com\/eltecolote.org\/content\/wp-content\/uploads\/2023\/05\/Mission-Grafica_Juan-Fuentes_web.jpeg?resize=600%2C800&amp;quality=89&amp;ssl=1 600w, https:\/\/i0.wp.com\/eltecolote.org\/content\/wp-content\/uploads\/2023\/05\/Mission-Grafica_Juan-Fuentes_web.jpeg?resize=300%2C400&amp;quality=89&amp;ssl=1 300w, https:\/\/i0.wp.com\/eltecolote.org\/content\/wp-content\/uploads\/2023\/05\/Mission-Grafica_Juan-Fuentes_web.jpeg?resize=150%2C200&amp;quality=89&amp;ssl=1 150w, https:\/\/i0.wp.com\/eltecolote.org\/content\/wp-content\/uploads\/2023\/05\/Mission-Grafica_Juan-Fuentes_web.jpeg?resize=400%2C533&amp;quality=89&amp;ssl=1 400w\" sizes=\"auto, (max-width: 900px) 100vw, 900px\" \/><figcaption class=\"wp-element-caption\"> Iconic Chicano artist Juan R. Fuentes poses for a portrait holding a copy of the book, \u201cMission Gr\u00e1fica: Reflecting a Community in Print.\u201d Fuentes is also the curator of MCCLA\u2019s latest exhibition, Mission Gr\u00e1fica 46 Years: Community, Culture and Politics. Courtesy: MCCLA<\/figcaption><\/figure>\n\n\n\n<p>Mission Gr\u00e1fica, the book, is a powerful collection of poster art from some of the most notable Bay Area artists who have utilized the services of the center. Among the artists are R\u00e9ne Castro, Carmen Lomas Garza, Juan R. Fuentes, Rupert Garcia, Ester Hernandez, Ren\u00e9 Ya\u00f1ez, Juana Alicia, Jesus Barraza, Enrique Chagoya, Nancy Hom, Chuy Campusano, Irene Perez, Tirso G. Araiza, Art Hazelwood, Linda Lucero, Herbert Siq\u00fcenza, Alfonso Maciel, Francisco Letelier, Calixto Robles, and Michael Roman, just to name a few.<\/p>\n\n\n\n<p>The reproduction of the poster art is exquisite. Also, how the text compliments the graphics makes it easy to navigate from page to page.&nbsp;<\/p>\n\n\n\n<p>\u201cMission Gr\u00e1fica: Reflecting a Community in Print\u201d is worth adding to your personal library collection. You won\u2019t be disappointed.\u00a0<\/p>\n\n\n\n<p>The book is available at the Mission Cultural Center of Latino Arts, 2868 Mission St. The posters are also on display at the current MCCLA exhibit entitled &#8220;Mission Gr\u00e1fica, 46 years, Community, Culture, and Politics&#8221; which runs through June 25. Fuentes is the exhibit&#8217;s curator.<\/p>\n\n\n\n<p>For more information, call 415-796-6422.<\/p>\n","protected":false},"excerpt":{"rendered":"<p>Book Documents Voices for Justice Mission Gr\u00e1fica\u2019s Poster Art Reveals the Power of Print With an army of community-based graphic artists over its 40-plus years of existence, Mission Gr\u00e1fica, a Mission-based graphic arts center, has helped lead campaigns for social justice. That effort is now the focus of a new book that documents how their [&hellip;]<\/p>\n","protected":false},"author":35,"featured_media":55763,"comment_status":"closed","ping_status":"closed","sticky":false,"template":"","format":"standard","meta":{"newspack_popups_has_disabled_popups":false,"newspack_featured_image_position":"","newspack_post_subtitle":"by Juan Gonzales","newspack_article_summary_title":"Overview:","newspack_article_summary":"","newspack_hide_updated_date":false,"newspack_show_updated_date":false,"footnotes":""},"categories":[7],"tags":[870,23720],"coauthors":[18445],"class_list":["post-55758","post","type-post","status-publish","format-standard","has-post-thumbnail","hentry","category-news","tag-graphic-art","tag-mission-grafica","entry"],"yoast_head":"<!-- This site is optimized with the Yoast SEO plugin v27.4 - https:\/\/yoast.com\/product\/yoast-seo-wordpress\/ -->\n<title>Mission Gr\u00e1fica\u2019s Poster Art Reveals the Power of Print - El Tecolote<\/title>\n<meta name=\"description\" content=\"Book Documents Voices for Justice Mission Gr\u00e1fica\u2019s Poster Art Reveals the Power of Print With an army of community-based graphic artists over its 40-plus\" \/>\n<meta name=\"robots\" content=\"index, follow, max-snippet:-1, max-image-preview:large, max-video-preview:-1\" \/>\n<link rel=\"canonical\" href=\"https:\/\/eltecolote.org\/content\/en\/mission-graficas-poster-art-reveals-the-power-of-print\/\" \/>\n<meta property=\"og:locale\" content=\"en_US\" \/>\n<meta property=\"og:type\" content=\"article\" \/>\n<meta property=\"og:title\" content=\"Mission Gr\u00e1fica\u2019s Poster Art Reveals the Power of Print - El Tecolote\" \/>\n<meta property=\"og:description\" content=\"Book Documents Voices for Justice Mission Gr\u00e1fica\u2019s Poster Art Reveals the Power of Print With an army of community-based graphic artists over its 40-plus\" \/>\n<meta property=\"og:url\" content=\"https:\/\/eltecolote.org\/content\/en\/mission-graficas-poster-art-reveals-the-power-of-print\/\" \/>\n<meta property=\"og:site_name\" content=\"El Tecolote\" \/>\n<meta property=\"article:publisher\" content=\"https:\/\/www.facebook.com\/ElTecoloteSF\/\" \/>\n<meta property=\"article:published_time\" content=\"2023-05-05T15:41:58+00:00\" \/>\n<meta property=\"article:modified_time\" content=\"2023-05-05T15:43:03+00:00\" \/>\n<meta property=\"og:image\" content=\"https:\/\/eltecolote.org\/content\/wp-content\/uploads\/2023\/05\/Mission-Grafica_poster_web-2.jpeg\" \/>\n\t<meta property=\"og:image:width\" content=\"800\" \/>\n\t<meta property=\"og:image:height\" content=\"804\" \/>\n\t<meta property=\"og:image:type\" content=\"image\/jpeg\" \/>\n<meta name=\"author\" content=\"El Tecolote Staff\" \/>\n<meta name=\"twitter:card\" content=\"summary_large_image\" \/>\n<meta name=\"twitter:creator\" content=\"@eltecolotesf\" \/>\n<meta name=\"twitter:site\" content=\"@eltecolotesf\" \/>\n<meta name=\"twitter:label1\" content=\"Written by\" \/>\n\t<meta name=\"twitter:data1\" content=\"El Tecolote Staff\" \/>\n\t<meta name=\"twitter:label2\" content=\"Est. reading time\" \/>\n\t<meta name=\"twitter:data2\" content=\"3 minutes\" \/>\n<script type=\"application\/ld+json\" class=\"yoast-schema-graph\">{\"@context\":\"https:\\\/\\\/schema.org\",\"@graph\":[{\"@type\":\"NewsArticle\",\"@id\":\"https:\\\/\\\/eltecolote.org\\\/content\\\/en\\\/mission-graficas-poster-art-reveals-the-power-of-print\\\/#article\",\"isPartOf\":{\"@id\":\"https:\\\/\\\/eltecolote.org\\\/content\\\/en\\\/mission-graficas-poster-art-reveals-the-power-of-print\\\/\"},\"author\":{\"name\":\"El Tecolote Staff\",\"@id\":\"https:\\\/\\\/eltecolote.org\\\/content\\\/#\\\/schema\\\/person\\\/08828d10185eba96895a8363a269410e\"},\"headline\":\"Mission Gr\u00e1fica\u2019s Poster Art Reveals the Power of Print\",\"datePublished\":\"2023-05-05T15:41:58+00:00\",\"dateModified\":\"2023-05-05T15:43:03+00:00\",\"mainEntityOfPage\":{\"@id\":\"https:\\\/\\\/eltecolote.org\\\/content\\\/en\\\/mission-graficas-poster-art-reveals-the-power-of-print\\\/\"},\"wordCount\":589,\"publisher\":{\"@id\":\"https:\\\/\\\/eltecolote.org\\\/content\\\/#organization\"},\"image\":{\"@id\":\"https:\\\/\\\/eltecolote.org\\\/content\\\/en\\\/mission-graficas-poster-art-reveals-the-power-of-print\\\/#primaryimage\"},\"thumbnailUrl\":\"https:\\\/\\\/i0.wp.com\\\/eltecolote.org\\\/content\\\/wp-content\\\/uploads\\\/2023\\\/05\\\/Mission-Grafica_poster_web-2.jpeg?fit=800%2C804&quality=89&ssl=1\",\"keywords\":[\"graphic art\",\"Mission Grafica\"],\"articleSection\":[\"News\"],\"inLanguage\":\"en\"},{\"@type\":\"WebPage\",\"@id\":\"https:\\\/\\\/eltecolote.org\\\/content\\\/en\\\/mission-graficas-poster-art-reveals-the-power-of-print\\\/\",\"url\":\"https:\\\/\\\/eltecolote.org\\\/content\\\/en\\\/mission-graficas-poster-art-reveals-the-power-of-print\\\/\",\"name\":\"Mission Gr\u00e1fica\u2019s Poster Art Reveals the Power of Print - El Tecolote\",\"isPartOf\":{\"@id\":\"https:\\\/\\\/eltecolote.org\\\/content\\\/#website\"},\"primaryImageOfPage\":{\"@id\":\"https:\\\/\\\/eltecolote.org\\\/content\\\/en\\\/mission-graficas-poster-art-reveals-the-power-of-print\\\/#primaryimage\"},\"image\":{\"@id\":\"https:\\\/\\\/eltecolote.org\\\/content\\\/en\\\/mission-graficas-poster-art-reveals-the-power-of-print\\\/#primaryimage\"},\"thumbnailUrl\":\"https:\\\/\\\/i0.wp.com\\\/eltecolote.org\\\/content\\\/wp-content\\\/uploads\\\/2023\\\/05\\\/Mission-Grafica_poster_web-2.jpeg?fit=800%2C804&quality=89&ssl=1\",\"datePublished\":\"2023-05-05T15:41:58+00:00\",\"dateModified\":\"2023-05-05T15:43:03+00:00\",\"description\":\"Book Documents Voices for Justice Mission Gr\u00e1fica\u2019s Poster Art Reveals the Power of Print With an army of community-based graphic artists over its 40-plus\",\"inLanguage\":\"en\",\"potentialAction\":[{\"@type\":\"ReadAction\",\"target\":[\"https:\\\/\\\/eltecolote.org\\\/content\\\/en\\\/mission-graficas-poster-art-reveals-the-power-of-print\\\/\"]}]},{\"@type\":\"ImageObject\",\"inLanguage\":\"en\",\"@id\":\"https:\\\/\\\/eltecolote.org\\\/content\\\/en\\\/mission-graficas-poster-art-reveals-the-power-of-print\\\/#primaryimage\",\"url\":\"https:\\\/\\\/i0.wp.com\\\/eltecolote.org\\\/content\\\/wp-content\\\/uploads\\\/2023\\\/05\\\/Mission-Grafica_poster_web-2.jpeg?fit=800%2C804&quality=89&ssl=1\",\"contentUrl\":\"https:\\\/\\\/i0.wp.com\\\/eltecolote.org\\\/content\\\/wp-content\\\/uploads\\\/2023\\\/05\\\/Mission-Grafica_poster_web-2.jpeg?fit=800%2C804&quality=89&ssl=1\",\"width\":800,\"height\":804,\"caption\":\"Ester Hernandez\u2019s Mis Madres artwork featured on the poster of MCCLA\u2019s latest exhibition, Mission Gr\u00e1fica 46 Years: Community, Culture and Politics. Courtesy: MCCLA\"},{\"@type\":\"WebSite\",\"@id\":\"https:\\\/\\\/eltecolote.org\\\/content\\\/#website\",\"url\":\"https:\\\/\\\/eltecolote.org\\\/content\\\/\",\"name\":\"El Tecolote\",\"description\":\"San Francisco's Latinx newspaper since 1970\",\"publisher\":{\"@id\":\"https:\\\/\\\/eltecolote.org\\\/content\\\/#organization\"},\"potentialAction\":[{\"@type\":\"SearchAction\",\"target\":{\"@type\":\"EntryPoint\",\"urlTemplate\":\"https:\\\/\\\/eltecolote.org\\\/content\\\/?s={search_term_string}\"},\"query-input\":{\"@type\":\"PropertyValueSpecification\",\"valueRequired\":true,\"valueName\":\"search_term_string\"}}],\"inLanguage\":\"en\"},{\"@type\":\"Organization\",\"@id\":\"https:\\\/\\\/eltecolote.org\\\/content\\\/#organization\",\"name\":\"El Tecolote\",\"url\":\"https:\\\/\\\/eltecolote.org\\\/content\\\/\",\"logo\":{\"@type\":\"ImageObject\",\"inLanguage\":\"en\",\"@id\":\"https:\\\/\\\/eltecolote.org\\\/content\\\/#\\\/schema\\\/logo\\\/image\\\/\",\"url\":\"https:\\\/\\\/i0.wp.com\\\/eltecolote.org\\\/content\\\/wp-content\\\/uploads\\\/2021\\\/05\\\/ETlogo-1.jpg?fit=400%2C400&ssl=1\",\"contentUrl\":\"https:\\\/\\\/i0.wp.com\\\/eltecolote.org\\\/content\\\/wp-content\\\/uploads\\\/2021\\\/05\\\/ETlogo-1.jpg?fit=400%2C400&ssl=1\",\"width\":400,\"height\":400,\"caption\":\"El Tecolote\"},\"image\":{\"@id\":\"https:\\\/\\\/eltecolote.org\\\/content\\\/#\\\/schema\\\/logo\\\/image\\\/\"},\"sameAs\":[\"https:\\\/\\\/www.facebook.com\\\/ElTecoloteSF\\\/\",\"https:\\\/\\\/x.com\\\/eltecolotesf\",\"https:\\\/\\\/www.instagram.com\\\/eltecolotesf\\\/\"]},{\"@type\":\"Person\",\"@id\":\"https:\\\/\\\/eltecolote.org\\\/content\\\/#\\\/schema\\\/person\\\/08828d10185eba96895a8363a269410e\",\"name\":\"El Tecolote Staff\",\"image\":{\"@type\":\"ImageObject\",\"inLanguage\":\"en\",\"@id\":\"https:\\\/\\\/secure.gravatar.com\\\/avatar\\\/9534c92c8c908364e186a64d93efc86f62367109d1b07a3454facde655968589?s=96&d=mm&r=g6afcb607783e095e4cf6be807353924d\",\"url\":\"https:\\\/\\\/secure.gravatar.com\\\/avatar\\\/9534c92c8c908364e186a64d93efc86f62367109d1b07a3454facde655968589?s=96&d=mm&r=g\",\"contentUrl\":\"https:\\\/\\\/secure.gravatar.com\\\/avatar\\\/9534c92c8c908364e186a64d93efc86f62367109d1b07a3454facde655968589?s=96&d=mm&r=g\",\"caption\":\"El Tecolote Staff\"},\"url\":\"https:\\\/\\\/eltecolote.org\\\/content\\\/author\\\/web-editor\\\/\"}]}<\/script>\n<!-- \/ Yoast SEO plugin. -->","yoast_head_json":{"title":"Mission Gr\u00e1fica\u2019s Poster Art Reveals the Power of Print - El Tecolote","description":"Book Documents Voices for Justice Mission Gr\u00e1fica\u2019s Poster Art Reveals the Power of Print With an army of community-based graphic artists over its 40-plus","robots":{"index":"index","follow":"follow","max-snippet":"max-snippet:-1","max-image-preview":"max-image-preview:large","max-video-preview":"max-video-preview:-1"},"canonical":"https:\/\/eltecolote.org\/content\/en\/mission-graficas-poster-art-reveals-the-power-of-print\/","og_locale":"en_US","og_type":"article","og_title":"Mission Gr\u00e1fica\u2019s Poster Art Reveals the Power of Print - El Tecolote","og_description":"Book Documents Voices for Justice Mission Gr\u00e1fica\u2019s Poster Art Reveals the Power of Print With an army of community-based graphic artists over its 40-plus","og_url":"https:\/\/eltecolote.org\/content\/en\/mission-graficas-poster-art-reveals-the-power-of-print\/","og_site_name":"El Tecolote","article_publisher":"https:\/\/www.facebook.com\/ElTecoloteSF\/","article_published_time":"2023-05-05T15:41:58+00:00","article_modified_time":"2023-05-05T15:43:03+00:00","og_image":[{"width":800,"height":804,"url":"https:\/\/eltecolote.org\/content\/wp-content\/uploads\/2023\/05\/Mission-Grafica_poster_web-2.jpeg","type":"image\/jpeg"}],"author":"El Tecolote Staff","twitter_card":"summary_large_image","twitter_creator":"@eltecolotesf","twitter_site":"@eltecolotesf","twitter_misc":{"Written by":"El Tecolote Staff","Est. reading time":"3 minutes"},"schema":{"@context":"https:\/\/schema.org","@graph":[{"@type":"NewsArticle","@id":"https:\/\/eltecolote.org\/content\/en\/mission-graficas-poster-art-reveals-the-power-of-print\/#article","isPartOf":{"@id":"https:\/\/eltecolote.org\/content\/en\/mission-graficas-poster-art-reveals-the-power-of-print\/"},"author":{"name":"El Tecolote Staff","@id":"https:\/\/eltecolote.org\/content\/#\/schema\/person\/08828d10185eba96895a8363a269410e"},"headline":"Mission Gr\u00e1fica\u2019s Poster Art Reveals the Power of Print","datePublished":"2023-05-05T15:41:58+00:00","dateModified":"2023-05-05T15:43:03+00:00","mainEntityOfPage":{"@id":"https:\/\/eltecolote.org\/content\/en\/mission-graficas-poster-art-reveals-the-power-of-print\/"},"wordCount":589,"publisher":{"@id":"https:\/\/eltecolote.org\/content\/#organization"},"image":{"@id":"https:\/\/eltecolote.org\/content\/en\/mission-graficas-poster-art-reveals-the-power-of-print\/#primaryimage"},"thumbnailUrl":"https:\/\/i0.wp.com\/eltecolote.org\/content\/wp-content\/uploads\/2023\/05\/Mission-Grafica_poster_web-2.jpeg?fit=800%2C804&quality=89&ssl=1","keywords":["graphic art","Mission Grafica"],"articleSection":["News"],"inLanguage":"en"},{"@type":"WebPage","@id":"https:\/\/eltecolote.org\/content\/en\/mission-graficas-poster-art-reveals-the-power-of-print\/","url":"https:\/\/eltecolote.org\/content\/en\/mission-graficas-poster-art-reveals-the-power-of-print\/","name":"Mission Gr\u00e1fica\u2019s Poster Art Reveals the Power of Print - El Tecolote","isPartOf":{"@id":"https:\/\/eltecolote.org\/content\/#website"},"primaryImageOfPage":{"@id":"https:\/\/eltecolote.org\/content\/en\/mission-graficas-poster-art-reveals-the-power-of-print\/#primaryimage"},"image":{"@id":"https:\/\/eltecolote.org\/content\/en\/mission-graficas-poster-art-reveals-the-power-of-print\/#primaryimage"},"thumbnailUrl":"https:\/\/i0.wp.com\/eltecolote.org\/content\/wp-content\/uploads\/2023\/05\/Mission-Grafica_poster_web-2.jpeg?fit=800%2C804&quality=89&ssl=1","datePublished":"2023-05-05T15:41:58+00:00","dateModified":"2023-05-05T15:43:03+00:00","description":"Book Documents Voices for Justice Mission Gr\u00e1fica\u2019s Poster Art Reveals the Power of Print With an army of community-based graphic artists over its 40-plus","inLanguage":"en","potentialAction":[{"@type":"ReadAction","target":["https:\/\/eltecolote.org\/content\/en\/mission-graficas-poster-art-reveals-the-power-of-print\/"]}]},{"@type":"ImageObject","inLanguage":"en","@id":"https:\/\/eltecolote.org\/content\/en\/mission-graficas-poster-art-reveals-the-power-of-print\/#primaryimage","url":"https:\/\/i0.wp.com\/eltecolote.org\/content\/wp-content\/uploads\/2023\/05\/Mission-Grafica_poster_web-2.jpeg?fit=800%2C804&quality=89&ssl=1","contentUrl":"https:\/\/i0.wp.com\/eltecolote.org\/content\/wp-content\/uploads\/2023\/05\/Mission-Grafica_poster_web-2.jpeg?fit=800%2C804&quality=89&ssl=1","width":800,"height":804,"caption":"Ester Hernandez\u2019s Mis Madres artwork featured on the poster of MCCLA\u2019s latest exhibition, Mission Gr\u00e1fica 46 Years: Community, Culture and Politics. Courtesy: MCCLA"},{"@type":"WebSite","@id":"https:\/\/eltecolote.org\/content\/#website","url":"https:\/\/eltecolote.org\/content\/","name":"El Tecolote","description":"San Francisco's Latinx newspaper since 1970","publisher":{"@id":"https:\/\/eltecolote.org\/content\/#organization"},"potentialAction":[{"@type":"SearchAction","target":{"@type":"EntryPoint","urlTemplate":"https:\/\/eltecolote.org\/content\/?s={search_term_string}"},"query-input":{"@type":"PropertyValueSpecification","valueRequired":true,"valueName":"search_term_string"}}],"inLanguage":"en"},{"@type":"Organization","@id":"https:\/\/eltecolote.org\/content\/#organization","name":"El Tecolote","url":"https:\/\/eltecolote.org\/content\/","logo":{"@type":"ImageObject","inLanguage":"en","@id":"https:\/\/eltecolote.org\/content\/#\/schema\/logo\/image\/","url":"https:\/\/i0.wp.com\/eltecolote.org\/content\/wp-content\/uploads\/2021\/05\/ETlogo-1.jpg?fit=400%2C400&ssl=1","contentUrl":"https:\/\/i0.wp.com\/eltecolote.org\/content\/wp-content\/uploads\/2021\/05\/ETlogo-1.jpg?fit=400%2C400&ssl=1","width":400,"height":400,"caption":"El Tecolote"},"image":{"@id":"https:\/\/eltecolote.org\/content\/#\/schema\/logo\/image\/"},"sameAs":["https:\/\/www.facebook.com\/ElTecoloteSF\/","https:\/\/x.com\/eltecolotesf","https:\/\/www.instagram.com\/eltecolotesf\/"]},{"@type":"Person","@id":"https:\/\/eltecolote.org\/content\/#\/schema\/person\/08828d10185eba96895a8363a269410e","name":"El Tecolote Staff","image":{"@type":"ImageObject","inLanguage":"en","@id":"https:\/\/secure.gravatar.com\/avatar\/9534c92c8c908364e186a64d93efc86f62367109d1b07a3454facde655968589?s=96&d=mm&r=g6afcb607783e095e4cf6be807353924d","url":"https:\/\/secure.gravatar.com\/avatar\/9534c92c8c908364e186a64d93efc86f62367109d1b07a3454facde655968589?s=96&d=mm&r=g","contentUrl":"https:\/\/secure.gravatar.com\/avatar\/9534c92c8c908364e186a64d93efc86f62367109d1b07a3454facde655968589?s=96&d=mm&r=g","caption":"El Tecolote Staff"},"url":"https:\/\/eltecolote.org\/content\/author\/web-editor\/"}]}},"distributor_meta":false,"distributor_terms":false,"distributor_media":false,"distributor_original_site_name":"El Tecolote","distributor_original_site_url":"https:\/\/eltecolote.org\/content","push-errors":false,"_links":{"self":[{"href":"https:\/\/eltecolote.org\/content\/wp-json\/wp\/v2\/posts\/55758","targetHints":{"allow":["GET"]}}],"collection":[{"href":"https:\/\/eltecolote.org\/content\/wp-json\/wp\/v2\/posts"}],"about":[{"href":"https:\/\/eltecolote.org\/content\/wp-json\/wp\/v2\/types\/post"}],"author":[{"embeddable":true,"href":"https:\/\/eltecolote.org\/content\/wp-json\/wp\/v2\/users\/35"}],"replies":[{"embeddable":true,"href":"https:\/\/eltecolote.org\/content\/wp-json\/wp\/v2\/comments?post=55758"}],"version-history":[{"count":4,"href":"https:\/\/eltecolote.org\/content\/wp-json\/wp\/v2\/posts\/55758\/revisions"}],"predecessor-version":[{"id":55769,"href":"https:\/\/eltecolote.org\/content\/wp-json\/wp\/v2\/posts\/55758\/revisions\/55769"}],"wp:featuredmedia":[{"embeddable":true,"href":"https:\/\/eltecolote.org\/content\/wp-json\/wp\/v2\/media\/55763"}],"wp:attachment":[{"href":"https:\/\/eltecolote.org\/content\/wp-json\/wp\/v2\/media?parent=55758"}],"wp:term":[{"taxonomy":"category","embeddable":true,"href":"https:\/\/eltecolote.org\/content\/wp-json\/wp\/v2\/categories?post=55758"},{"taxonomy":"post_tag","embeddable":true,"href":"https:\/\/eltecolote.org\/content\/wp-json\/wp\/v2\/tags?post=55758"},{"taxonomy":"author","embeddable":true,"href":"https:\/\/eltecolote.org\/content\/wp-json\/wp\/v2\/coauthors?post=55758"}],"curies":[{"name":"wp","href":"https:\/\/api.w.org\/{rel}","templated":true}]}}