{"id":55500,"date":"2023-04-06T13:31:13","date_gmt":"2023-04-06T20:31:13","guid":{"rendered":"https:\/\/eltecolote.org\/content\/?p=55500"},"modified":"2023-04-06T13:31:16","modified_gmt":"2023-04-06T20:31:16","slug":"recordando-a-luis-gongora-pat-el-maya-sin-hogar-asesinado-hace-siete-anos-por-la-policia","status":"publish","type":"post","link":"https:\/\/eltecolote.org\/content\/es\/recordando-a-luis-gongora-pat-el-maya-sin-hogar-asesinado-hace-siete-anos-por-la-policia\/","title":{"rendered":"Recordando a Luis G\u00f3ngora Pat: el maya sin hogar asesinado hace siete a\u00f1os por la polic\u00eda"},"content":{"rendered":"\n<p>\u201cEsto nunca va a desaparecer\u201d, dijo Luis Poot, pocos d\u00edas antes del aniversario de la muerte de su primo. \u201cEso nunca se va a borrar, eso nunca se va a olvidar. Esto es de por vida\u201d.<\/p>\n\n\n\n<p>Este 7 de abril ser\u00e1 el s\u00e9ptimo aniversario de la muerte de Luis G\u00f3ngora Pat, un vagabundo maya que viv\u00eda en un campamento de tiendas de campa\u00f1a en la calle Shotwell cuando fue asesinado por el sargento del Departamento de Polic\u00eda de San Francisco Nate Steger y el entonces oficial Michael Mellone.<\/p>\n\n\n\n<p>La muerte de G\u00f3ngora Pat a manos de la polic\u00eda fue una de las muchas que originaron un movimiento que no s\u00f3lo conden\u00f3 la violencia policial en San Francisco, sino que exigi\u00f3 la rendici\u00f3n de cuentas de quienes mataron a Alex Nieto, Mario Woods, Amilcar P\u00e9rez L\u00f3pez y Jessica Williams. La huelga de hambre de los Frisco Five tom\u00f3 forma despu\u00e9s de la muerte de G\u00f3ngora Pat, lo que result\u00f3 en la renuncia del jefe del SFPD, Greg Suhr. Aun despu\u00e9s de tomar protesta como nuevo jefe de polic\u00eda, los asesinatos continuaron y nadie result\u00f3 responsable.<\/p>\n\n\n\n<p>Luego Chesa Boudin, a pesar de una fuerte oposici\u00f3n de los partidarios de la aplicaci\u00f3n de la ley, gan\u00f3 y se convirti\u00f3 en el nuevo fiscal de distrito de San Francisco en 2020, prometiendo una reforma de la justicia penal y responsabilidad policial. La justicia para Luis, finalmente, parec\u00eda posible.<\/p>\n\n\n\n<figure class=\"wp-block-image size-full\"><img data-recalc-dims=\"1\" loading=\"lazy\" decoding=\"async\" width=\"1200\" height=\"800\" src=\"https:\/\/i0.wp.com\/eltecolote.org\/content\/wp-content\/uploads\/2023\/04\/Luis_2017_Joel_4X0F7776_web-1.jpg?resize=1200%2C800&#038;quality=89&#038;ssl=1\" alt=\"\" class=\"wp-image-55502\" srcset=\"https:\/\/i0.wp.com\/eltecolote.org\/content\/wp-content\/uploads\/2023\/04\/Luis_2017_Joel_4X0F7776_web-1.jpg?w=1200&amp;quality=89&amp;ssl=1 1200w, https:\/\/i0.wp.com\/eltecolote.org\/content\/wp-content\/uploads\/2023\/04\/Luis_2017_Joel_4X0F7776_web-1.jpg?resize=360%2C240&amp;quality=89&amp;ssl=1 360w, https:\/\/i0.wp.com\/eltecolote.org\/content\/wp-content\/uploads\/2023\/04\/Luis_2017_Joel_4X0F7776_web-1.jpg?resize=600%2C400&amp;quality=89&amp;ssl=1 600w, https:\/\/i0.wp.com\/eltecolote.org\/content\/wp-content\/uploads\/2023\/04\/Luis_2017_Joel_4X0F7776_web-1.jpg?resize=768%2C512&amp;quality=89&amp;ssl=1 768w, https:\/\/i0.wp.com\/eltecolote.org\/content\/wp-content\/uploads\/2023\/04\/Luis_2017_Joel_4X0F7776_web-1.jpg?resize=400%2C267&amp;quality=89&amp;ssl=1 400w\" sizes=\"auto, (max-width: 1000px) 100vw, 1000px\" \/><figcaption class=\"wp-element-caption\">Frank Sosa, miembro del Proyecto Anti-Polic\u00eda-Terror, sostiene un cartel con el retrato de Luis G\u00f3ngora Pat durante una reuni\u00f3n en el ayuntamiento celebrada en la sede del Sindicato de Trabajadores Locales 261 el 13 de abril de 2016, que abord\u00f3 el asesinato de G\u00f3ngora Pat a manos del SFPD. Foto: Joel Angel Juarez<\/figcaption><\/figure>\n\n\n\n<p>\u201cHab\u00eda mucha esperanza\u201d, record\u00f3 Poot, quien apoy\u00f3 y se reuni\u00f3 con Boudin para discutir la reapertura del caso de su primo. En el oto\u00f1o de 2021, Rebecca Young, que entonces trabajaba con Boudin, se empap\u00f3 todo lo que pudo del caso, con la esperanza de presentar cargos contra Steger y Mellone mediante una acusaci\u00f3n formal a trav\u00e9s de un gran jurado.<\/p>\n\n\n\n<p>Para eso, se reuni\u00f3 con el hermano de Luis, Jos\u00e9, y con Adriana Camarena, organizadora comunitaria y partidaria de la familia G\u00f3ngora Pat. Ella entrevist\u00f3 y emiti\u00f3 citaciones para media docena de testigos, y tambi\u00e9n cit\u00f3 a expertos. Pero con las presiones ya en aumento para volver a llamar a Boudin, Young sab\u00eda que estaba en una carrera contra el tiempo.<\/p>\n\n\n\n<p>\u201cLa oficina del fiscal de distrito ten\u00eda un procedimiento establecido en el que ten\u00eda que reunirse con el coordinador del Gran Jurado quien consider\u00f3 que el caso no estaba listo para ser llevado ante dicha instancia. A pesar de que ten\u00edamos fechas preservadas y la corte iba a elegir jurados\u201d, dijo Young a <em>El Tecolote<\/em>.<\/p>\n\n\n\n<p>A ella le informaron que necesitaba los registros de Mellone del Departamento de Polic\u00eda de Antioch, que lo contrat\u00f3 d\u00edas despu\u00e9s de dejar el SFPD, para obtener una acusaci\u00f3n. Young luego decidi\u00f3 avanzar hacia un Gran Jurado Investigador, para al menos preservar sus testimonios: \u201cUna semana antes de que comenzara el Gran Jurado, nuestro testigo principal muri\u00f3 atropellado. Fue incre\u00edble&#8221;.<\/p>\n\n\n\n<p>Ese testigo fue Rosalyn Barnett, que iba en un scooter el 1 de mayo de 2022, al ser atropellada por un veh\u00edculo y muri\u00f3 en el Tenderloin de San Francisco, a solo una cuadra de su casa.<\/p>\n\n\n\n<p>\u201cNunca se ha procesado a nadie por ello. Yo estaba devastada\u201d, dijo Young. \u201cEstaba parada afuera de su tienda de campa\u00f1a cuando vio como estos polic\u00edas disparaban a Luis\u2026 Y yo iba a seguir. Ella hab\u00eda hecho una declaraci\u00f3n fant\u00e1stica que fue grabada en video, pero no hab\u00eda forma de presentar esa declaraci\u00f3n porque era un testimonio de o\u00eddas\u201d.<\/p>\n\n\n\n<p>Tratando de mantener viva la esperanza, Young redact\u00f3 una declaraci\u00f3n jurada de orden de arresto, trabaj\u00f3 60 horas en un lapso de cuatro d\u00edas y la present\u00f3 para su revisi\u00f3n. Pero el Investigador del Fiscal del Distrito no firm\u00f3 la orden de arresto: \u201cY eso termin\u00f3 justo ah\u00ed\u201d, dijo Young. \u201cY eso dir\u00eda que sucedi\u00f3 unas tres semanas antes de la elecci\u00f3n revocatoria\u201d.<\/p>\n\n\n<div class=\"wp-block-image\">\n<figure class=\"alignleft size-full\"><img data-recalc-dims=\"1\" loading=\"lazy\" decoding=\"async\" width=\"629\" height=\"785\" src=\"https:\/\/i0.wp.com\/eltecolote.org\/content\/wp-content\/uploads\/2017\/04\/Luis-Gongora-Anniversary_03web-1.jpg?resize=629%2C785&#038;quality=89&#038;ssl=1\" alt=\"\" class=\"wp-image-33495\" srcset=\"https:\/\/i0.wp.com\/eltecolote.org\/content\/wp-content\/uploads\/2017\/04\/Luis-Gongora-Anniversary_03web-1.jpg?w=629&amp;quality=89&amp;ssl=1 629w, https:\/\/i0.wp.com\/eltecolote.org\/content\/wp-content\/uploads\/2017\/04\/Luis-Gongora-Anniversary_03web-1.jpg?resize=600%2C749&amp;quality=89&amp;ssl=1 600w, https:\/\/i0.wp.com\/eltecolote.org\/content\/wp-content\/uploads\/2017\/04\/Luis-Gongora-Anniversary_03web-1.jpg?resize=200%2C250&amp;quality=89&amp;ssl=1 200w, https:\/\/i0.wp.com\/eltecolote.org\/content\/wp-content\/uploads\/2017\/04\/Luis-Gongora-Anniversary_03web-1.jpg?resize=385%2C480&amp;quality=89&amp;ssl=1 385w\" sizes=\"auto, (max-width: 629px) 100vw, 629px\" \/><figcaption class=\"wp-element-caption\">Luis G\u00f3ngora Pat sostiene a su hija, Rossana, el d\u00eda de su bautizo en Teabo, Yucat\u00e1n, M\u00e9xico. Courtes\u00eda: Justice4luis.org<\/figcaption><\/figure>\n<\/div>\n\n\n<p>Tras la destituci\u00f3n de Boudin, la alcaldesa London Breed nombr\u00f3 a Brooke Jenkins, quien no s\u00f3lo ha ignorado a la familia G\u00f3ngora Pat, sino tambi\u00e9n a la familia de Keita O&#8217;Neil quien fue asesinado por el entonces oficial del SFPD, Christopher Samayoa, en diciembre de 2017.<\/p>\n\n\n\n<p>\u201cPr\u00e1cticamente, como todos los casos en San Francisco, esta desgraciada que est\u00e1 ahorita de fiscal [Jekins] creo que es peor que el anterior cuando pas\u00f3 el incidente, Gascon. A mi primo, no solo lo asesinaron, lo ejecutaron. Y \u00e9l [Gasc\u00f3n] nunca puso un cargo\u2026 lo que hizo fue defender a los polic\u00edas\u2026 y eso es una desgracia. Es una basura el sistema de justicia para la gente que pasa esos casos. Y hay varios casos\u201d.&nbsp;<\/p>\n\n\n\n<p>En opini\u00f3n de Young, \u201cBrooke Jenkins, una de sus plataformas era pedir la rendici\u00f3n de cuentas de la polic\u00eda. Y eso claramente era una mentira. Ella no est\u00e1 haciendo nada. Creo que, por alguna raz\u00f3n, est\u00e1 realmente en deuda con el POA. Es interesante para m\u00ed que en todo el pa\u00eds, los agentes de polic\u00eda han sido acusados de asesinato u homicidio involuntario, en casos de uso injustificado, irrazonable y excesivo de la fuerza, pero no aqu\u00ed en San Francisco. Y la iron\u00eda es que San Francisco tiene esta reputaci\u00f3n de ser la tierra progresista\u201d.<\/p>\n\n\n\n<p>Camarena ha estado al lado de la familia G\u00f3ngora Pat durante los \u00faltimos siete a\u00f1os: \u201cVale la pena recordar que a un jefe de polic\u00eda le cost\u00f3 su puesto\u201d, dijo en referencia a Suhr, quien renunci\u00f3 en mayo de 2016. \u201cY a\u00fan as\u00ed, todo est\u00e1 ba\u00f1ado con promesas de reforma. Y luego, al final, lo que vemos es un regreso a las posturas conservadoras sobre la vigilancia que se ha demostrado a tiempo, que en realidad no hacen que nuestra comunidad sea m\u00e1s segura, sino que solo criminalizan a las personas de color y a las personas en condiciones de vulnerabilidad\u201d.<\/p>\n\n\n\n<p>\u201cIntentan continuamente resolver el final de un problema, sin responsabilizar a la ciudad por la falta de recursos para las personas sin hogar, para las personas que sufren problemas con el abuso de sustancias\u201d, continu\u00f3 Camarena. \u201cPodr\u00eda haber soluciones muy progresistas, pero ahora est\u00e1n atendiendo a las personas m\u00e1s ricas de la ciudad, que no quieren pensar en estos problemas. Simplemente no quieren ver pobreza, cuando es precisamente la gentrificaci\u00f3n de la d\u00e9cada la que caus\u00f3 estos problemas\u201d.<\/p>\n\n\n\n<p>Antes de ser asesinado por la polic\u00eda, G\u00f3ngora Pat comparti\u00f3 apartamento con su hermano Jos\u00e9 durante unos 10 a\u00f1os. Era analfabeto y no hablaba ingl\u00e9s, pero trabajaba duro como lavaplatos en Mel&#8217;s Diner. Luis y Jos\u00e9 fueron desalojados cuando no entendieron el sistema de pago de la renta y nunca recibieron recibos de la renta que pensaban que estaban pagando.<\/p>\n\n\n\n<p>Cuando Luis escuch\u00f3 que sus primos viv\u00edan en la calle, trat\u00f3 de ayudar. Haciendo lo mejor que pudo, ayud\u00f3 y ofreci\u00f3 un techo a solo uno de sus primos, Jos\u00e9. No pod\u00eda alojar a Luis, por temor a ser desalojado \u00e9l mismo por tener demasiadas personas viviendo con \u00e9l. \u201cAs\u00ed como mi primo hay mucha gente que est\u00e1 en la calle, no sabemos la raz\u00f3n por la cual est\u00e1n en la calle. No podemos juzgar a la gente que est\u00e1 en la calle\u201d.&nbsp;<\/p>\n\n\n\n<figure class=\"wp-block-image size-full\"><img data-recalc-dims=\"1\" loading=\"lazy\" decoding=\"async\" width=\"1200\" height=\"800\" src=\"https:\/\/i0.wp.com\/eltecolote.org\/content\/wp-content\/uploads\/2023\/04\/Luis-Gongora-Family_Ekevara-Kitpowsong-6_web-1.jpg?resize=1200%2C800&#038;quality=89&#038;ssl=1\" alt=\"\" class=\"wp-image-55503\" srcset=\"https:\/\/i0.wp.com\/eltecolote.org\/content\/wp-content\/uploads\/2023\/04\/Luis-Gongora-Family_Ekevara-Kitpowsong-6_web-1.jpg?w=1200&amp;quality=89&amp;ssl=1 1200w, https:\/\/i0.wp.com\/eltecolote.org\/content\/wp-content\/uploads\/2023\/04\/Luis-Gongora-Family_Ekevara-Kitpowsong-6_web-1.jpg?resize=360%2C240&amp;quality=89&amp;ssl=1 360w, https:\/\/i0.wp.com\/eltecolote.org\/content\/wp-content\/uploads\/2023\/04\/Luis-Gongora-Family_Ekevara-Kitpowsong-6_web-1.jpg?resize=600%2C400&amp;quality=89&amp;ssl=1 600w, https:\/\/i0.wp.com\/eltecolote.org\/content\/wp-content\/uploads\/2023\/04\/Luis-Gongora-Family_Ekevara-Kitpowsong-6_web-1.jpg?resize=768%2C512&amp;quality=89&amp;ssl=1 768w, https:\/\/i0.wp.com\/eltecolote.org\/content\/wp-content\/uploads\/2023\/04\/Luis-Gongora-Family_Ekevara-Kitpowsong-6_web-1.jpg?resize=400%2C267&amp;quality=89&amp;ssl=1 400w\" sizes=\"auto, (max-width: 1000px) 100vw, 1000px\" \/><figcaption class=\"wp-element-caption\">Familiares de Luis G\u00f3ngora Pat: (desde la izquierda) su primo, Luis Poot; su hermano, Jos\u00e9 G\u00f3ngora Pat y su primo, Carlos Poot. Foto: Ekevara Kitpowsong<\/figcaption><\/figure>\n\n\n\n<p>En cuanto a un camino a seguir en t\u00e9rminos de acusar a los asesinos de G\u00f3ngora Pat, Young no ve ninguno: \u201cNo creo que haya ning\u00fan camino a seguir. El plazo de prescripci\u00f3n ya pas\u00f3. Aqu\u00ed est\u00e1 lo interesante del caso G\u00f3ngora Pat. Los testigos oculares con los que habl\u00e9 estaban tan felices de que algo estuviera pasando. Estos eran civiles que no lo conoc\u00edan en absoluto&#8230; y fue realmente devastador decepcionar a todos de esa manera. Particularmente a Adriana y a la familia de G\u00f3ngora. Creo que desarrollaron mucha esperanza. Pens\u00e9 que iba a ser capaz de llevarlo a cabo, pero me vi frustrada en todo momento\u201d.<\/p>\n\n\n\n<p>Si bien acusar a los asesinos de G\u00f3ngora Pat parece estar fuera de su alcance, Camarena se est\u00e1 enfocando en la sanaci\u00f3n de la familia: \u201cSobre todo me preocupo por lo que les est\u00e1 pasando a las familias y a las personas que los han apoyado. Y quiero que encuentren algo de bienestar. Sanando solo sin justicia. Ahora se vuelve a plantear, para nosotros, c\u00f3mo podemos curarnos de estos traumas, para que no se conviertan en traumas generacionales\u201d.<\/p>\n","protected":false},"excerpt":{"rendered":"<p>\u201cEsto nunca va a desaparecer\u201d, dijo Luis Poot, pocos d\u00edas antes del aniversario de la muerte de su primo. \u201cEso nunca se va a borrar, eso nunca se va a olvidar. Esto es de por vida\u201d. Este 7 de abril ser\u00e1 el s\u00e9ptimo aniversario de la muerte de Luis G\u00f3ngora Pat, un vagabundo maya que [&hellip;]<\/p>\n","protected":false},"author":35,"featured_media":55503,"comment_status":"closed","ping_status":"closed","sticky":false,"template":"","format":"standard","meta":{"newspack_popups_has_disabled_popups":false,"newspack_featured_image_position":"","newspack_post_subtitle":"Por Alexis Terrazas","newspack_article_summary_title":"Overview:","newspack_article_summary":"","newspack_hide_updated_date":false,"newspack_show_updated_date":false,"footnotes":""},"categories":[3519],"tags":[10743],"coauthors":[18445],"class_list":["post-55500","post","type-post","status-publish","format-standard","has-post-thumbnail","hentry","category-noticias","tag-luis-gongora-pat-es","entry"],"yoast_head":"<!-- This site is optimized with the Yoast SEO plugin v27.5 - https:\/\/yoast.com\/product\/yoast-seo-wordpress\/ -->\n<title>Recordando a Luis G\u00f3ngora Pat: el maya sin hogar asesinado hace siete a\u00f1os por la polic\u00eda - El Tecolote<\/title>\n<meta name=\"description\" content=\"\u201cEsto nunca va a desaparecer\u201d, dijo Luis Poot, pocos d\u00edas antes del aniversario de la muerte de su primo. \u201cEso nunca se va a borrar, eso nunca se va a\" \/>\n<meta name=\"robots\" content=\"index, follow, max-snippet:-1, max-image-preview:large, max-video-preview:-1\" \/>\n<link rel=\"canonical\" href=\"https:\/\/eltecolote.org\/content\/es\/recordando-a-luis-gongora-pat-el-maya-sin-hogar-asesinado-hace-siete-anos-por-la-policia\/\" \/>\n<meta property=\"og:locale\" content=\"en_US\" \/>\n<meta property=\"og:type\" content=\"article\" \/>\n<meta property=\"og:title\" content=\"Recordando a Luis G\u00f3ngora Pat: el maya sin hogar asesinado hace siete a\u00f1os por la polic\u00eda - El Tecolote\" \/>\n<meta property=\"og:description\" content=\"\u201cEsto nunca va a desaparecer\u201d, dijo Luis Poot, pocos d\u00edas antes del aniversario de la muerte de su primo. \u201cEso nunca se va a borrar, eso nunca se va a\" \/>\n<meta property=\"og:url\" content=\"https:\/\/eltecolote.org\/content\/es\/recordando-a-luis-gongora-pat-el-maya-sin-hogar-asesinado-hace-siete-anos-por-la-policia\/\" \/>\n<meta property=\"og:site_name\" content=\"El Tecolote\" \/>\n<meta property=\"article:publisher\" content=\"https:\/\/www.facebook.com\/ElTecoloteSF\/\" \/>\n<meta property=\"article:published_time\" content=\"2023-04-06T20:31:13+00:00\" \/>\n<meta property=\"article:modified_time\" content=\"2023-04-06T20:31:16+00:00\" \/>\n<meta property=\"og:image\" content=\"https:\/\/eltecolote.org\/content\/wp-content\/uploads\/2023\/04\/Luis-Gongora-Family_Ekevara-Kitpowsong-6_web-1.jpg\" \/>\n\t<meta property=\"og:image:width\" content=\"1200\" \/>\n\t<meta property=\"og:image:height\" content=\"800\" \/>\n\t<meta property=\"og:image:type\" content=\"image\/jpeg\" \/>\n<meta name=\"author\" content=\"El Tecolote Staff\" \/>\n<meta name=\"twitter:card\" content=\"summary_large_image\" \/>\n<meta name=\"twitter:creator\" content=\"@eltecolotesf\" \/>\n<meta name=\"twitter:site\" content=\"@eltecolotesf\" \/>\n<meta name=\"twitter:label1\" content=\"Written by\" \/>\n\t<meta name=\"twitter:data1\" content=\"El Tecolote Staff\" \/>\n\t<meta name=\"twitter:label2\" content=\"Est. reading time\" \/>\n\t<meta name=\"twitter:data2\" content=\"8 minutes\" \/>\n<script type=\"application\/ld+json\" class=\"yoast-schema-graph\">{\"@context\":\"https:\\\/\\\/schema.org\",\"@graph\":[{\"@type\":\"NewsArticle\",\"@id\":\"https:\\\/\\\/eltecolote.org\\\/content\\\/es\\\/recordando-a-luis-gongora-pat-el-maya-sin-hogar-asesinado-hace-siete-anos-por-la-policia\\\/#article\",\"isPartOf\":{\"@id\":\"https:\\\/\\\/eltecolote.org\\\/content\\\/es\\\/recordando-a-luis-gongora-pat-el-maya-sin-hogar-asesinado-hace-siete-anos-por-la-policia\\\/\"},\"author\":{\"name\":\"El Tecolote Staff\",\"@id\":\"https:\\\/\\\/eltecolote.org\\\/content\\\/#\\\/schema\\\/person\\\/08828d10185eba96895a8363a269410e\"},\"headline\":\"Recordando a Luis G\u00f3ngora Pat: el maya sin hogar asesinado hace siete a\u00f1os por la polic\u00eda\",\"datePublished\":\"2023-04-06T20:31:13+00:00\",\"dateModified\":\"2023-04-06T20:31:16+00:00\",\"mainEntityOfPage\":{\"@id\":\"https:\\\/\\\/eltecolote.org\\\/content\\\/es\\\/recordando-a-luis-gongora-pat-el-maya-sin-hogar-asesinado-hace-siete-anos-por-la-policia\\\/\"},\"wordCount\":1567,\"publisher\":{\"@id\":\"https:\\\/\\\/eltecolote.org\\\/content\\\/#organization\"},\"image\":{\"@id\":\"https:\\\/\\\/eltecolote.org\\\/content\\\/es\\\/recordando-a-luis-gongora-pat-el-maya-sin-hogar-asesinado-hace-siete-anos-por-la-policia\\\/#primaryimage\"},\"thumbnailUrl\":\"https:\\\/\\\/i0.wp.com\\\/eltecolote.org\\\/content\\\/wp-content\\\/uploads\\\/2023\\\/04\\\/Luis-Gongora-Family_Ekevara-Kitpowsong-6_web-1.jpg?fit=1200%2C800&quality=89&ssl=1\",\"keywords\":[\"Luis Gongora Pat\"],\"articleSection\":[\"Noticias\"],\"inLanguage\":\"en\"},{\"@type\":\"WebPage\",\"@id\":\"https:\\\/\\\/eltecolote.org\\\/content\\\/es\\\/recordando-a-luis-gongora-pat-el-maya-sin-hogar-asesinado-hace-siete-anos-por-la-policia\\\/\",\"url\":\"https:\\\/\\\/eltecolote.org\\\/content\\\/es\\\/recordando-a-luis-gongora-pat-el-maya-sin-hogar-asesinado-hace-siete-anos-por-la-policia\\\/\",\"name\":\"Recordando a Luis G\u00f3ngora Pat: el maya sin hogar asesinado hace siete a\u00f1os por la polic\u00eda - El Tecolote\",\"isPartOf\":{\"@id\":\"https:\\\/\\\/eltecolote.org\\\/content\\\/#website\"},\"primaryImageOfPage\":{\"@id\":\"https:\\\/\\\/eltecolote.org\\\/content\\\/es\\\/recordando-a-luis-gongora-pat-el-maya-sin-hogar-asesinado-hace-siete-anos-por-la-policia\\\/#primaryimage\"},\"image\":{\"@id\":\"https:\\\/\\\/eltecolote.org\\\/content\\\/es\\\/recordando-a-luis-gongora-pat-el-maya-sin-hogar-asesinado-hace-siete-anos-por-la-policia\\\/#primaryimage\"},\"thumbnailUrl\":\"https:\\\/\\\/i0.wp.com\\\/eltecolote.org\\\/content\\\/wp-content\\\/uploads\\\/2023\\\/04\\\/Luis-Gongora-Family_Ekevara-Kitpowsong-6_web-1.jpg?fit=1200%2C800&quality=89&ssl=1\",\"datePublished\":\"2023-04-06T20:31:13+00:00\",\"dateModified\":\"2023-04-06T20:31:16+00:00\",\"description\":\"\u201cEsto nunca va a desaparecer\u201d, dijo Luis Poot, pocos d\u00edas antes del aniversario de la muerte de su primo. \u201cEso nunca se va a borrar, eso nunca se va a\",\"inLanguage\":\"en\",\"potentialAction\":[{\"@type\":\"ReadAction\",\"target\":[\"https:\\\/\\\/eltecolote.org\\\/content\\\/es\\\/recordando-a-luis-gongora-pat-el-maya-sin-hogar-asesinado-hace-siete-anos-por-la-policia\\\/\"]}]},{\"@type\":\"ImageObject\",\"inLanguage\":\"en\",\"@id\":\"https:\\\/\\\/eltecolote.org\\\/content\\\/es\\\/recordando-a-luis-gongora-pat-el-maya-sin-hogar-asesinado-hace-siete-anos-por-la-policia\\\/#primaryimage\",\"url\":\"https:\\\/\\\/i0.wp.com\\\/eltecolote.org\\\/content\\\/wp-content\\\/uploads\\\/2023\\\/04\\\/Luis-Gongora-Family_Ekevara-Kitpowsong-6_web-1.jpg?fit=1200%2C800&quality=89&ssl=1\",\"contentUrl\":\"https:\\\/\\\/i0.wp.com\\\/eltecolote.org\\\/content\\\/wp-content\\\/uploads\\\/2023\\\/04\\\/Luis-Gongora-Family_Ekevara-Kitpowsong-6_web-1.jpg?fit=1200%2C800&quality=89&ssl=1\",\"width\":1200,\"height\":800,\"caption\":\"Familiares de Luis G\u00f3ngora Pat: (desde la izquierda) su primo, Luis Poot; su hermano, Jos\u00e9 G\u00f3ngora Pat y su primo, Carlos Poot. Foto: Ekevara Kitpowsong\"},{\"@type\":\"WebSite\",\"@id\":\"https:\\\/\\\/eltecolote.org\\\/content\\\/#website\",\"url\":\"https:\\\/\\\/eltecolote.org\\\/content\\\/\",\"name\":\"El Tecolote\",\"description\":\"San Francisco's Latinx newspaper since 1970\",\"publisher\":{\"@id\":\"https:\\\/\\\/eltecolote.org\\\/content\\\/#organization\"},\"potentialAction\":[{\"@type\":\"SearchAction\",\"target\":{\"@type\":\"EntryPoint\",\"urlTemplate\":\"https:\\\/\\\/eltecolote.org\\\/content\\\/?s={search_term_string}\"},\"query-input\":{\"@type\":\"PropertyValueSpecification\",\"valueRequired\":true,\"valueName\":\"search_term_string\"}}],\"inLanguage\":\"en\"},{\"@type\":\"Organization\",\"@id\":\"https:\\\/\\\/eltecolote.org\\\/content\\\/#organization\",\"name\":\"El Tecolote\",\"url\":\"https:\\\/\\\/eltecolote.org\\\/content\\\/\",\"logo\":{\"@type\":\"ImageObject\",\"inLanguage\":\"en\",\"@id\":\"https:\\\/\\\/eltecolote.org\\\/content\\\/#\\\/schema\\\/logo\\\/image\\\/\",\"url\":\"https:\\\/\\\/i0.wp.com\\\/eltecolote.org\\\/content\\\/wp-content\\\/uploads\\\/2021\\\/05\\\/ETlogo-1.jpg?fit=400%2C400&ssl=1\",\"contentUrl\":\"https:\\\/\\\/i0.wp.com\\\/eltecolote.org\\\/content\\\/wp-content\\\/uploads\\\/2021\\\/05\\\/ETlogo-1.jpg?fit=400%2C400&ssl=1\",\"width\":400,\"height\":400,\"caption\":\"El Tecolote\"},\"image\":{\"@id\":\"https:\\\/\\\/eltecolote.org\\\/content\\\/#\\\/schema\\\/logo\\\/image\\\/\"},\"sameAs\":[\"https:\\\/\\\/www.facebook.com\\\/ElTecoloteSF\\\/\",\"https:\\\/\\\/x.com\\\/eltecolotesf\",\"https:\\\/\\\/www.instagram.com\\\/eltecolotesf\\\/\"]},{\"@type\":\"Person\",\"@id\":\"https:\\\/\\\/eltecolote.org\\\/content\\\/#\\\/schema\\\/person\\\/08828d10185eba96895a8363a269410e\",\"name\":\"El Tecolote Staff\",\"image\":{\"@type\":\"ImageObject\",\"inLanguage\":\"en\",\"@id\":\"https:\\\/\\\/secure.gravatar.com\\\/avatar\\\/9534c92c8c908364e186a64d93efc86f62367109d1b07a3454facde655968589?s=96&d=mm&r=g6afcb607783e095e4cf6be807353924d\",\"url\":\"https:\\\/\\\/secure.gravatar.com\\\/avatar\\\/9534c92c8c908364e186a64d93efc86f62367109d1b07a3454facde655968589?s=96&d=mm&r=g\",\"contentUrl\":\"https:\\\/\\\/secure.gravatar.com\\\/avatar\\\/9534c92c8c908364e186a64d93efc86f62367109d1b07a3454facde655968589?s=96&d=mm&r=g\",\"caption\":\"El Tecolote Staff\"},\"url\":\"https:\\\/\\\/eltecolote.org\\\/content\\\/author\\\/web-editor\\\/\"}]}<\/script>\n<!-- \/ Yoast SEO plugin. -->","yoast_head_json":{"title":"Recordando a Luis G\u00f3ngora Pat: el maya sin hogar asesinado hace siete a\u00f1os por la polic\u00eda - El Tecolote","description":"\u201cEsto nunca va a desaparecer\u201d, dijo Luis Poot, pocos d\u00edas antes del aniversario de la muerte de su primo. \u201cEso nunca se va a borrar, eso nunca se va a","robots":{"index":"index","follow":"follow","max-snippet":"max-snippet:-1","max-image-preview":"max-image-preview:large","max-video-preview":"max-video-preview:-1"},"canonical":"https:\/\/eltecolote.org\/content\/es\/recordando-a-luis-gongora-pat-el-maya-sin-hogar-asesinado-hace-siete-anos-por-la-policia\/","og_locale":"en_US","og_type":"article","og_title":"Recordando a Luis G\u00f3ngora Pat: el maya sin hogar asesinado hace siete a\u00f1os por la polic\u00eda - El Tecolote","og_description":"\u201cEsto nunca va a desaparecer\u201d, dijo Luis Poot, pocos d\u00edas antes del aniversario de la muerte de su primo. \u201cEso nunca se va a borrar, eso nunca se va a","og_url":"https:\/\/eltecolote.org\/content\/es\/recordando-a-luis-gongora-pat-el-maya-sin-hogar-asesinado-hace-siete-anos-por-la-policia\/","og_site_name":"El Tecolote","article_publisher":"https:\/\/www.facebook.com\/ElTecoloteSF\/","article_published_time":"2023-04-06T20:31:13+00:00","article_modified_time":"2023-04-06T20:31:16+00:00","og_image":[{"width":1200,"height":800,"url":"https:\/\/eltecolote.org\/content\/wp-content\/uploads\/2023\/04\/Luis-Gongora-Family_Ekevara-Kitpowsong-6_web-1.jpg","type":"image\/jpeg"}],"author":"El Tecolote Staff","twitter_card":"summary_large_image","twitter_creator":"@eltecolotesf","twitter_site":"@eltecolotesf","twitter_misc":{"Written by":"El Tecolote Staff","Est. reading time":"8 minutes"},"schema":{"@context":"https:\/\/schema.org","@graph":[{"@type":"NewsArticle","@id":"https:\/\/eltecolote.org\/content\/es\/recordando-a-luis-gongora-pat-el-maya-sin-hogar-asesinado-hace-siete-anos-por-la-policia\/#article","isPartOf":{"@id":"https:\/\/eltecolote.org\/content\/es\/recordando-a-luis-gongora-pat-el-maya-sin-hogar-asesinado-hace-siete-anos-por-la-policia\/"},"author":{"name":"El Tecolote Staff","@id":"https:\/\/eltecolote.org\/content\/#\/schema\/person\/08828d10185eba96895a8363a269410e"},"headline":"Recordando a Luis G\u00f3ngora Pat: el maya sin hogar asesinado hace siete a\u00f1os por la polic\u00eda","datePublished":"2023-04-06T20:31:13+00:00","dateModified":"2023-04-06T20:31:16+00:00","mainEntityOfPage":{"@id":"https:\/\/eltecolote.org\/content\/es\/recordando-a-luis-gongora-pat-el-maya-sin-hogar-asesinado-hace-siete-anos-por-la-policia\/"},"wordCount":1567,"publisher":{"@id":"https:\/\/eltecolote.org\/content\/#organization"},"image":{"@id":"https:\/\/eltecolote.org\/content\/es\/recordando-a-luis-gongora-pat-el-maya-sin-hogar-asesinado-hace-siete-anos-por-la-policia\/#primaryimage"},"thumbnailUrl":"https:\/\/i0.wp.com\/eltecolote.org\/content\/wp-content\/uploads\/2023\/04\/Luis-Gongora-Family_Ekevara-Kitpowsong-6_web-1.jpg?fit=1200%2C800&quality=89&ssl=1","keywords":["Luis Gongora Pat"],"articleSection":["Noticias"],"inLanguage":"en"},{"@type":"WebPage","@id":"https:\/\/eltecolote.org\/content\/es\/recordando-a-luis-gongora-pat-el-maya-sin-hogar-asesinado-hace-siete-anos-por-la-policia\/","url":"https:\/\/eltecolote.org\/content\/es\/recordando-a-luis-gongora-pat-el-maya-sin-hogar-asesinado-hace-siete-anos-por-la-policia\/","name":"Recordando a Luis G\u00f3ngora Pat: el maya sin hogar asesinado hace siete a\u00f1os por la polic\u00eda - El Tecolote","isPartOf":{"@id":"https:\/\/eltecolote.org\/content\/#website"},"primaryImageOfPage":{"@id":"https:\/\/eltecolote.org\/content\/es\/recordando-a-luis-gongora-pat-el-maya-sin-hogar-asesinado-hace-siete-anos-por-la-policia\/#primaryimage"},"image":{"@id":"https:\/\/eltecolote.org\/content\/es\/recordando-a-luis-gongora-pat-el-maya-sin-hogar-asesinado-hace-siete-anos-por-la-policia\/#primaryimage"},"thumbnailUrl":"https:\/\/i0.wp.com\/eltecolote.org\/content\/wp-content\/uploads\/2023\/04\/Luis-Gongora-Family_Ekevara-Kitpowsong-6_web-1.jpg?fit=1200%2C800&quality=89&ssl=1","datePublished":"2023-04-06T20:31:13+00:00","dateModified":"2023-04-06T20:31:16+00:00","description":"\u201cEsto nunca va a desaparecer\u201d, dijo Luis Poot, pocos d\u00edas antes del aniversario de la muerte de su primo. \u201cEso nunca se va a borrar, eso nunca se va a","inLanguage":"en","potentialAction":[{"@type":"ReadAction","target":["https:\/\/eltecolote.org\/content\/es\/recordando-a-luis-gongora-pat-el-maya-sin-hogar-asesinado-hace-siete-anos-por-la-policia\/"]}]},{"@type":"ImageObject","inLanguage":"en","@id":"https:\/\/eltecolote.org\/content\/es\/recordando-a-luis-gongora-pat-el-maya-sin-hogar-asesinado-hace-siete-anos-por-la-policia\/#primaryimage","url":"https:\/\/i0.wp.com\/eltecolote.org\/content\/wp-content\/uploads\/2023\/04\/Luis-Gongora-Family_Ekevara-Kitpowsong-6_web-1.jpg?fit=1200%2C800&quality=89&ssl=1","contentUrl":"https:\/\/i0.wp.com\/eltecolote.org\/content\/wp-content\/uploads\/2023\/04\/Luis-Gongora-Family_Ekevara-Kitpowsong-6_web-1.jpg?fit=1200%2C800&quality=89&ssl=1","width":1200,"height":800,"caption":"Familiares de Luis G\u00f3ngora Pat: (desde la izquierda) su primo, Luis Poot; su hermano, Jos\u00e9 G\u00f3ngora Pat y su primo, Carlos Poot. Foto: Ekevara Kitpowsong"},{"@type":"WebSite","@id":"https:\/\/eltecolote.org\/content\/#website","url":"https:\/\/eltecolote.org\/content\/","name":"El Tecolote","description":"San Francisco's Latinx newspaper since 1970","publisher":{"@id":"https:\/\/eltecolote.org\/content\/#organization"},"potentialAction":[{"@type":"SearchAction","target":{"@type":"EntryPoint","urlTemplate":"https:\/\/eltecolote.org\/content\/?s={search_term_string}"},"query-input":{"@type":"PropertyValueSpecification","valueRequired":true,"valueName":"search_term_string"}}],"inLanguage":"en"},{"@type":"Organization","@id":"https:\/\/eltecolote.org\/content\/#organization","name":"El Tecolote","url":"https:\/\/eltecolote.org\/content\/","logo":{"@type":"ImageObject","inLanguage":"en","@id":"https:\/\/eltecolote.org\/content\/#\/schema\/logo\/image\/","url":"https:\/\/i0.wp.com\/eltecolote.org\/content\/wp-content\/uploads\/2021\/05\/ETlogo-1.jpg?fit=400%2C400&ssl=1","contentUrl":"https:\/\/i0.wp.com\/eltecolote.org\/content\/wp-content\/uploads\/2021\/05\/ETlogo-1.jpg?fit=400%2C400&ssl=1","width":400,"height":400,"caption":"El Tecolote"},"image":{"@id":"https:\/\/eltecolote.org\/content\/#\/schema\/logo\/image\/"},"sameAs":["https:\/\/www.facebook.com\/ElTecoloteSF\/","https:\/\/x.com\/eltecolotesf","https:\/\/www.instagram.com\/eltecolotesf\/"]},{"@type":"Person","@id":"https:\/\/eltecolote.org\/content\/#\/schema\/person\/08828d10185eba96895a8363a269410e","name":"El Tecolote Staff","image":{"@type":"ImageObject","inLanguage":"en","@id":"https:\/\/secure.gravatar.com\/avatar\/9534c92c8c908364e186a64d93efc86f62367109d1b07a3454facde655968589?s=96&d=mm&r=g6afcb607783e095e4cf6be807353924d","url":"https:\/\/secure.gravatar.com\/avatar\/9534c92c8c908364e186a64d93efc86f62367109d1b07a3454facde655968589?s=96&d=mm&r=g","contentUrl":"https:\/\/secure.gravatar.com\/avatar\/9534c92c8c908364e186a64d93efc86f62367109d1b07a3454facde655968589?s=96&d=mm&r=g","caption":"El Tecolote Staff"},"url":"https:\/\/eltecolote.org\/content\/author\/web-editor\/"}]}},"distributor_meta":false,"distributor_terms":false,"distributor_media":false,"distributor_original_site_name":"El Tecolote","distributor_original_site_url":"https:\/\/eltecolote.org\/content","push-errors":false,"_links":{"self":[{"href":"https:\/\/eltecolote.org\/content\/wp-json\/wp\/v2\/posts\/55500","targetHints":{"allow":["GET"]}}],"collection":[{"href":"https:\/\/eltecolote.org\/content\/wp-json\/wp\/v2\/posts"}],"about":[{"href":"https:\/\/eltecolote.org\/content\/wp-json\/wp\/v2\/types\/post"}],"author":[{"embeddable":true,"href":"https:\/\/eltecolote.org\/content\/wp-json\/wp\/v2\/users\/35"}],"replies":[{"embeddable":true,"href":"https:\/\/eltecolote.org\/content\/wp-json\/wp\/v2\/comments?post=55500"}],"version-history":[{"count":1,"href":"https:\/\/eltecolote.org\/content\/wp-json\/wp\/v2\/posts\/55500\/revisions"}],"predecessor-version":[{"id":55504,"href":"https:\/\/eltecolote.org\/content\/wp-json\/wp\/v2\/posts\/55500\/revisions\/55504"}],"wp:featuredmedia":[{"embeddable":true,"href":"https:\/\/eltecolote.org\/content\/wp-json\/wp\/v2\/media\/55503"}],"wp:attachment":[{"href":"https:\/\/eltecolote.org\/content\/wp-json\/wp\/v2\/media?parent=55500"}],"wp:term":[{"taxonomy":"category","embeddable":true,"href":"https:\/\/eltecolote.org\/content\/wp-json\/wp\/v2\/categories?post=55500"},{"taxonomy":"post_tag","embeddable":true,"href":"https:\/\/eltecolote.org\/content\/wp-json\/wp\/v2\/tags?post=55500"},{"taxonomy":"author","embeddable":true,"href":"https:\/\/eltecolote.org\/content\/wp-json\/wp\/v2\/coauthors?post=55500"}],"curies":[{"name":"wp","href":"https:\/\/api.w.org\/{rel}","templated":true}]}}