{"id":54114,"date":"2022-12-01T19:35:23","date_gmt":"2022-12-02T03:35:23","guid":{"rendered":"https:\/\/eltecolote.org\/content\/?p=54114"},"modified":"2022-12-01T19:35:26","modified_gmt":"2022-12-02T03:35:26","slug":"pueblos-indigenas-se-reunen-al-amanecer-para-ceremonia-de-accion-de-gracias","status":"publish","type":"post","link":"https:\/\/eltecolote.org\/content\/es\/pueblos-indigenas-se-reunen-al-amanecer-para-ceremonia-de-accion-de-gracias\/","title":{"rendered":"Pueblos Ind\u00edgenas se re\u00fanen al amanecer para ceremonia de Acci\u00f3n de Gracias\u00a0"},"content":{"rendered":"\n<figure class=\"wp-block-embed is-type-video is-provider-youtube wp-block-embed-youtube wp-embed-aspect-16-9 wp-has-aspect-ratio\"><div class=\"wp-block-embed__wrapper\">\n<iframe loading=\"lazy\" title=\"Indigenous Peoples\u2019 Thanksgiving Sunrise Gathering, 2022\" width=\"500\" height=\"281\" src=\"https:\/\/www.youtube.com\/embed\/7EtJEks5pk0?feature=oembed\" frameborder=\"0\" allow=\"accelerometer; autoplay; clipboard-write; encrypted-media; gyroscope; picture-in-picture; web-share\" referrerpolicy=\"strict-origin-when-cross-origin\" allowfullscreen><\/iframe>\n<\/div><\/figure>\n\n\n\n<p>Dando continuidad a su esp\u00edritu de resiliencia, docenas de pueblos ind\u00edgenas y aliados se reunieron en la isla de Alcatraz en la madrugada del 24 de noviembre para conmemorar la Reuni\u00f3n del Amanecer del D\u00eda de Acci\u00f3n de Gracias de los Pueblos Ind\u00edgenas. El fot\u00f3grafo Jeremy Word, frecuente colaborador de <em>El Tecolote<\/em>, document\u00f3 la ceremonia. Para ver el video de Jeremy, con m\u00fasica de acompa\u00f1amiento a cargo de Left\/Right \u2018Deluge\u2019,\u00a0 (leftrightmusic.com | @leftrightmusic) visite la p\u00e1gina <a href=\"https:\/\/youtu.be\/7EtJEks5pk0\">YouTube de <em>El Tecolote<\/em><\/a> en @ElTecoloteSF.\u00a0<\/p>\n\n\n<div class=\"wp-block-image\">\n<figure class=\"aligncenter size-large\"><img data-recalc-dims=\"1\" loading=\"lazy\" decoding=\"async\" width=\"600\" height=\"338\" src=\"https:\/\/i0.wp.com\/eltecolote.org\/content\/wp-content\/uploads\/2022\/12\/20221124_SF_TECO_IndiginousSunriseEvent_03_web-3.jpg?resize=600%2C338&#038;quality=89&#038;ssl=1\" alt=\"\" class=\"wp-image-54121\" srcset=\"https:\/\/i0.wp.com\/eltecolote.org\/content\/wp-content\/uploads\/2022\/12\/20221124_SF_TECO_IndiginousSunriseEvent_03_web-3.jpg?resize=600%2C338&amp;quality=89&amp;ssl=1 600w, https:\/\/i0.wp.com\/eltecolote.org\/content\/wp-content\/uploads\/2022\/12\/20221124_SF_TECO_IndiginousSunriseEvent_03_web-3.jpg?resize=360%2C203&amp;quality=89&amp;ssl=1 360w, https:\/\/i0.wp.com\/eltecolote.org\/content\/wp-content\/uploads\/2022\/12\/20221124_SF_TECO_IndiginousSunriseEvent_03_web-3.jpg?resize=200%2C112&amp;quality=89&amp;ssl=1 200w, https:\/\/i0.wp.com\/eltecolote.org\/content\/wp-content\/uploads\/2022\/12\/20221124_SF_TECO_IndiginousSunriseEvent_03_web-3.jpg?resize=768%2C432&amp;quality=89&amp;ssl=1 768w, https:\/\/i0.wp.com\/eltecolote.org\/content\/wp-content\/uploads\/2022\/12\/20221124_SF_TECO_IndiginousSunriseEvent_03_web-3.jpg?resize=400%2C225&amp;quality=89&amp;ssl=1 400w, https:\/\/i0.wp.com\/eltecolote.org\/content\/wp-content\/uploads\/2022\/12\/20221124_SF_TECO_IndiginousSunriseEvent_03_web-3.jpg?w=1200&amp;quality=89&amp;ssl=1 1200w\" sizes=\"auto, (max-width: 600px) 100vw, 600px\" \/><\/figure>\n<\/div>\n\n<div class=\"wp-block-image\">\n<figure class=\"aligncenter size-large\"><img data-recalc-dims=\"1\" loading=\"lazy\" decoding=\"async\" width=\"600\" height=\"338\" src=\"https:\/\/i0.wp.com\/eltecolote.org\/content\/wp-content\/uploads\/2022\/12\/20221124_SF_TECO_IndiginousSunriseEvent_04_web-1.jpg?resize=600%2C338&#038;quality=89&#038;ssl=1\" alt=\"\" class=\"wp-image-54122\" srcset=\"https:\/\/i0.wp.com\/eltecolote.org\/content\/wp-content\/uploads\/2022\/12\/20221124_SF_TECO_IndiginousSunriseEvent_04_web-1.jpg?resize=600%2C338&amp;quality=89&amp;ssl=1 600w, https:\/\/i0.wp.com\/eltecolote.org\/content\/wp-content\/uploads\/2022\/12\/20221124_SF_TECO_IndiginousSunriseEvent_04_web-1.jpg?resize=360%2C203&amp;quality=89&amp;ssl=1 360w, https:\/\/i0.wp.com\/eltecolote.org\/content\/wp-content\/uploads\/2022\/12\/20221124_SF_TECO_IndiginousSunriseEvent_04_web-1.jpg?resize=200%2C112&amp;quality=89&amp;ssl=1 200w, https:\/\/i0.wp.com\/eltecolote.org\/content\/wp-content\/uploads\/2022\/12\/20221124_SF_TECO_IndiginousSunriseEvent_04_web-1.jpg?resize=768%2C432&amp;quality=89&amp;ssl=1 768w, https:\/\/i0.wp.com\/eltecolote.org\/content\/wp-content\/uploads\/2022\/12\/20221124_SF_TECO_IndiginousSunriseEvent_04_web-1.jpg?resize=400%2C225&amp;quality=89&amp;ssl=1 400w, https:\/\/i0.wp.com\/eltecolote.org\/content\/wp-content\/uploads\/2022\/12\/20221124_SF_TECO_IndiginousSunriseEvent_04_web-1.jpg?w=1200&amp;quality=89&amp;ssl=1 1200w\" sizes=\"auto, (max-width: 600px) 100vw, 600px\" \/><\/figure>\n<\/div>\n\n<div class=\"wp-block-image\">\n<figure class=\"aligncenter size-large\"><img data-recalc-dims=\"1\" loading=\"lazy\" decoding=\"async\" width=\"600\" height=\"338\" src=\"https:\/\/i0.wp.com\/eltecolote.org\/content\/wp-content\/uploads\/2022\/12\/20221124_SF_TECO_IndiginousSunriseEvent_06_web-1.jpg?resize=600%2C338&#038;quality=89&#038;ssl=1\" alt=\"\" class=\"wp-image-54124\" srcset=\"https:\/\/i0.wp.com\/eltecolote.org\/content\/wp-content\/uploads\/2022\/12\/20221124_SF_TECO_IndiginousSunriseEvent_06_web-1.jpg?resize=600%2C338&amp;quality=89&amp;ssl=1 600w, https:\/\/i0.wp.com\/eltecolote.org\/content\/wp-content\/uploads\/2022\/12\/20221124_SF_TECO_IndiginousSunriseEvent_06_web-1.jpg?resize=360%2C203&amp;quality=89&amp;ssl=1 360w, https:\/\/i0.wp.com\/eltecolote.org\/content\/wp-content\/uploads\/2022\/12\/20221124_SF_TECO_IndiginousSunriseEvent_06_web-1.jpg?resize=200%2C112&amp;quality=89&amp;ssl=1 200w, https:\/\/i0.wp.com\/eltecolote.org\/content\/wp-content\/uploads\/2022\/12\/20221124_SF_TECO_IndiginousSunriseEvent_06_web-1.jpg?resize=768%2C432&amp;quality=89&amp;ssl=1 768w, https:\/\/i0.wp.com\/eltecolote.org\/content\/wp-content\/uploads\/2022\/12\/20221124_SF_TECO_IndiginousSunriseEvent_06_web-1.jpg?resize=400%2C225&amp;quality=89&amp;ssl=1 400w, https:\/\/i0.wp.com\/eltecolote.org\/content\/wp-content\/uploads\/2022\/12\/20221124_SF_TECO_IndiginousSunriseEvent_06_web-1.jpg?w=1200&amp;quality=89&amp;ssl=1 1200w\" sizes=\"auto, (max-width: 600px) 100vw, 600px\" \/><\/figure>\n<\/div>\n\n<div class=\"wp-block-image\">\n<figure class=\"aligncenter size-large\"><img data-recalc-dims=\"1\" loading=\"lazy\" decoding=\"async\" width=\"600\" height=\"338\" src=\"https:\/\/i0.wp.com\/eltecolote.org\/content\/wp-content\/uploads\/2022\/12\/20221124_SF_TECO_IndiginousSunriseEvent_07_web-1.jpg?resize=600%2C338&#038;quality=89&#038;ssl=1\" alt=\"\" class=\"wp-image-54125\" srcset=\"https:\/\/i0.wp.com\/eltecolote.org\/content\/wp-content\/uploads\/2022\/12\/20221124_SF_TECO_IndiginousSunriseEvent_07_web-1.jpg?resize=600%2C338&amp;quality=89&amp;ssl=1 600w, https:\/\/i0.wp.com\/eltecolote.org\/content\/wp-content\/uploads\/2022\/12\/20221124_SF_TECO_IndiginousSunriseEvent_07_web-1.jpg?resize=360%2C203&amp;quality=89&amp;ssl=1 360w, https:\/\/i0.wp.com\/eltecolote.org\/content\/wp-content\/uploads\/2022\/12\/20221124_SF_TECO_IndiginousSunriseEvent_07_web-1.jpg?resize=200%2C112&amp;quality=89&amp;ssl=1 200w, https:\/\/i0.wp.com\/eltecolote.org\/content\/wp-content\/uploads\/2022\/12\/20221124_SF_TECO_IndiginousSunriseEvent_07_web-1.jpg?resize=768%2C432&amp;quality=89&amp;ssl=1 768w, https:\/\/i0.wp.com\/eltecolote.org\/content\/wp-content\/uploads\/2022\/12\/20221124_SF_TECO_IndiginousSunriseEvent_07_web-1.jpg?resize=400%2C225&amp;quality=89&amp;ssl=1 400w, https:\/\/i0.wp.com\/eltecolote.org\/content\/wp-content\/uploads\/2022\/12\/20221124_SF_TECO_IndiginousSunriseEvent_07_web-1.jpg?w=1200&amp;quality=89&amp;ssl=1 1200w\" sizes=\"auto, (max-width: 600px) 100vw, 600px\" \/><\/figure>\n<\/div>\n\n<div class=\"wp-block-image\">\n<figure class=\"aligncenter size-large\"><img data-recalc-dims=\"1\" loading=\"lazy\" decoding=\"async\" width=\"600\" height=\"338\" src=\"https:\/\/i0.wp.com\/eltecolote.org\/content\/wp-content\/uploads\/2022\/12\/20221124_SF_TECO_IndiginousSunriseEvent_08_web-2.jpg?resize=600%2C338&#038;quality=89&#038;ssl=1\" alt=\"\" class=\"wp-image-54126\" srcset=\"https:\/\/i0.wp.com\/eltecolote.org\/content\/wp-content\/uploads\/2022\/12\/20221124_SF_TECO_IndiginousSunriseEvent_08_web-2.jpg?resize=600%2C338&amp;quality=89&amp;ssl=1 600w, https:\/\/i0.wp.com\/eltecolote.org\/content\/wp-content\/uploads\/2022\/12\/20221124_SF_TECO_IndiginousSunriseEvent_08_web-2.jpg?resize=360%2C203&amp;quality=89&amp;ssl=1 360w, https:\/\/i0.wp.com\/eltecolote.org\/content\/wp-content\/uploads\/2022\/12\/20221124_SF_TECO_IndiginousSunriseEvent_08_web-2.jpg?resize=200%2C112&amp;quality=89&amp;ssl=1 200w, https:\/\/i0.wp.com\/eltecolote.org\/content\/wp-content\/uploads\/2022\/12\/20221124_SF_TECO_IndiginousSunriseEvent_08_web-2.jpg?resize=768%2C432&amp;quality=89&amp;ssl=1 768w, https:\/\/i0.wp.com\/eltecolote.org\/content\/wp-content\/uploads\/2022\/12\/20221124_SF_TECO_IndiginousSunriseEvent_08_web-2.jpg?resize=400%2C225&amp;quality=89&amp;ssl=1 400w, https:\/\/i0.wp.com\/eltecolote.org\/content\/wp-content\/uploads\/2022\/12\/20221124_SF_TECO_IndiginousSunriseEvent_08_web-2.jpg?w=1200&amp;quality=89&amp;ssl=1 1200w\" sizes=\"auto, (max-width: 600px) 100vw, 600px\" \/><\/figure>\n<\/div>\n\n<div class=\"wp-block-image\">\n<figure class=\"aligncenter size-large\"><img data-recalc-dims=\"1\" loading=\"lazy\" decoding=\"async\" width=\"600\" height=\"338\" src=\"https:\/\/i0.wp.com\/eltecolote.org\/content\/wp-content\/uploads\/2022\/12\/20221124_SF_TECO_IndiginousSunriseEvent_02_web-1.jpg?resize=600%2C338&#038;quality=89&#038;ssl=1\" alt=\"\" class=\"wp-image-54127\" srcset=\"https:\/\/i0.wp.com\/eltecolote.org\/content\/wp-content\/uploads\/2022\/12\/20221124_SF_TECO_IndiginousSunriseEvent_02_web-1.jpg?resize=600%2C338&amp;quality=89&amp;ssl=1 600w, https:\/\/i0.wp.com\/eltecolote.org\/content\/wp-content\/uploads\/2022\/12\/20221124_SF_TECO_IndiginousSunriseEvent_02_web-1.jpg?resize=360%2C203&amp;quality=89&amp;ssl=1 360w, https:\/\/i0.wp.com\/eltecolote.org\/content\/wp-content\/uploads\/2022\/12\/20221124_SF_TECO_IndiginousSunriseEvent_02_web-1.jpg?resize=200%2C112&amp;quality=89&amp;ssl=1 200w, https:\/\/i0.wp.com\/eltecolote.org\/content\/wp-content\/uploads\/2022\/12\/20221124_SF_TECO_IndiginousSunriseEvent_02_web-1.jpg?resize=768%2C432&amp;quality=89&amp;ssl=1 768w, https:\/\/i0.wp.com\/eltecolote.org\/content\/wp-content\/uploads\/2022\/12\/20221124_SF_TECO_IndiginousSunriseEvent_02_web-1.jpg?resize=400%2C225&amp;quality=89&amp;ssl=1 400w, https:\/\/i0.wp.com\/eltecolote.org\/content\/wp-content\/uploads\/2022\/12\/20221124_SF_TECO_IndiginousSunriseEvent_02_web-1.jpg?w=1200&amp;quality=89&amp;ssl=1 1200w\" sizes=\"auto, (max-width: 600px) 100vw, 600px\" \/><\/figure>\n<\/div>\n\n<div class=\"wp-block-image\">\n<figure class=\"aligncenter size-large\"><img data-recalc-dims=\"1\" loading=\"lazy\" decoding=\"async\" width=\"600\" height=\"338\" src=\"https:\/\/i0.wp.com\/eltecolote.org\/content\/wp-content\/uploads\/2022\/12\/20221124_SF_TECO_IndiginousSunriseEvent_01_web-1.jpg?resize=600%2C338&#038;quality=89&#038;ssl=1\" alt=\"\" class=\"wp-image-54120\" srcset=\"https:\/\/i0.wp.com\/eltecolote.org\/content\/wp-content\/uploads\/2022\/12\/20221124_SF_TECO_IndiginousSunriseEvent_01_web-1.jpg?resize=600%2C338&amp;quality=89&amp;ssl=1 600w, https:\/\/i0.wp.com\/eltecolote.org\/content\/wp-content\/uploads\/2022\/12\/20221124_SF_TECO_IndiginousSunriseEvent_01_web-1.jpg?resize=360%2C203&amp;quality=89&amp;ssl=1 360w, https:\/\/i0.wp.com\/eltecolote.org\/content\/wp-content\/uploads\/2022\/12\/20221124_SF_TECO_IndiginousSunriseEvent_01_web-1.jpg?resize=200%2C112&amp;quality=89&amp;ssl=1 200w, https:\/\/i0.wp.com\/eltecolote.org\/content\/wp-content\/uploads\/2022\/12\/20221124_SF_TECO_IndiginousSunriseEvent_01_web-1.jpg?resize=768%2C432&amp;quality=89&amp;ssl=1 768w, https:\/\/i0.wp.com\/eltecolote.org\/content\/wp-content\/uploads\/2022\/12\/20221124_SF_TECO_IndiginousSunriseEvent_01_web-1.jpg?resize=400%2C225&amp;quality=89&amp;ssl=1 400w, https:\/\/i0.wp.com\/eltecolote.org\/content\/wp-content\/uploads\/2022\/12\/20221124_SF_TECO_IndiginousSunriseEvent_01_web-1.jpg?w=1200&amp;quality=89&amp;ssl=1 1200w\" sizes=\"auto, (max-width: 600px) 100vw, 600px\" \/><\/figure>\n<\/div>","protected":false},"excerpt":{"rendered":"<p>Dando continuidad a su esp\u00edritu de resiliencia, docenas de pueblos ind\u00edgenas y aliados se reunieron en la isla de Alcatraz en la madrugada del 24 de noviembre para conmemorar la Reuni\u00f3n del Amanecer del D\u00eda de Acci\u00f3n de Gracias de los Pueblos Ind\u00edgenas. El fot\u00f3grafo Jeremy Word, frecuente colaborador de El Tecolote, document\u00f3 la ceremonia. [&hellip;]<\/p>\n","protected":false},"author":88891,"featured_media":54118,"comment_status":"closed","ping_status":"closed","sticky":false,"template":"","format":"standard","meta":{"newspack_popups_has_disabled_popups":false,"newspack_featured_image_position":"","newspack_post_subtitle":"","newspack_article_summary_title":"","newspack_article_summary":"","newspack_hide_updated_date":false,"newspack_show_updated_date":false,"footnotes":""},"categories":[3511],"tags":[],"coauthors":[18460,18445],"class_list":["post-54114","post","type-post","status-publish","format-standard","has-post-thumbnail","hentry","category-arte-es","entry"],"yoast_head":"<!-- This site is optimized with the Yoast SEO plugin v27.5 - https:\/\/yoast.com\/product\/yoast-seo-wordpress\/ -->\n<title>Pueblos Ind\u00edgenas se re\u00fanen al amanecer para ceremonia de Acci\u00f3n de Gracias\u00a0 - El Tecolote<\/title>\n<meta name=\"description\" content=\"https:\/\/www.youtube.com\/watch?v=7EtJEks5pk0 Dando continuidad a su esp\u00edritu de resiliencia, docenas de pueblos ind\u00edgenas y aliados se reunieron en la isla\" \/>\n<meta name=\"robots\" content=\"index, follow, max-snippet:-1, max-image-preview:large, max-video-preview:-1\" \/>\n<link rel=\"canonical\" href=\"https:\/\/eltecolote.org\/content\/es\/pueblos-indigenas-se-reunen-al-amanecer-para-ceremonia-de-accion-de-gracias\/\" \/>\n<meta property=\"og:locale\" content=\"en_US\" \/>\n<meta property=\"og:type\" content=\"article\" \/>\n<meta property=\"og:title\" content=\"Pueblos Ind\u00edgenas se re\u00fanen al amanecer para ceremonia de Acci\u00f3n de Gracias\u00a0 - El Tecolote\" \/>\n<meta property=\"og:description\" content=\"https:\/\/www.youtube.com\/watch?v=7EtJEks5pk0 Dando continuidad a su esp\u00edritu de resiliencia, docenas de pueblos ind\u00edgenas y aliados se reunieron en la isla\" \/>\n<meta property=\"og:url\" content=\"https:\/\/eltecolote.org\/content\/es\/pueblos-indigenas-se-reunen-al-amanecer-para-ceremonia-de-accion-de-gracias\/\" \/>\n<meta property=\"og:site_name\" content=\"El Tecolote\" \/>\n<meta property=\"article:publisher\" content=\"https:\/\/www.facebook.com\/ElTecoloteSF\/\" \/>\n<meta property=\"article:published_time\" content=\"2022-12-02T03:35:23+00:00\" \/>\n<meta property=\"article:modified_time\" content=\"2022-12-02T03:35:26+00:00\" \/>\n<meta property=\"og:image\" content=\"https:\/\/eltecolote.org\/content\/wp-content\/uploads\/2022\/12\/20221124_SF_TECO_IndiginousSunriseEvent_03_web-2.jpg\" \/>\n\t<meta property=\"og:image:width\" content=\"1200\" \/>\n\t<meta property=\"og:image:height\" content=\"675\" \/>\n\t<meta property=\"og:image:type\" content=\"image\/jpeg\" \/>\n<meta name=\"author\" content=\"El Tecolote Staff, El Tecolote Staff\" \/>\n<meta name=\"twitter:card\" content=\"summary_large_image\" \/>\n<meta name=\"twitter:creator\" content=\"@eltecolotesf\" \/>\n<meta name=\"twitter:site\" content=\"@eltecolotesf\" \/>\n<meta name=\"twitter:label1\" content=\"Written by\" \/>\n\t<meta name=\"twitter:data1\" content=\"El Tecolote Staff, El Tecolote Staff\" \/>\n\t<meta name=\"twitter:label2\" content=\"Est. reading time\" \/>\n\t<meta name=\"twitter:data2\" content=\"1 minute\" \/>\n<script type=\"application\/ld+json\" class=\"yoast-schema-graph\">{\"@context\":\"https:\\\/\\\/schema.org\",\"@graph\":[{\"@type\":\"NewsArticle\",\"@id\":\"https:\\\/\\\/eltecolote.org\\\/content\\\/es\\\/pueblos-indigenas-se-reunen-al-amanecer-para-ceremonia-de-accion-de-gracias\\\/#article\",\"isPartOf\":{\"@id\":\"https:\\\/\\\/eltecolote.org\\\/content\\\/es\\\/pueblos-indigenas-se-reunen-al-amanecer-para-ceremonia-de-accion-de-gracias\\\/\"},\"author\":{\"name\":\"El Tecolote Staff\",\"@id\":\"https:\\\/\\\/eltecolote.org\\\/content\\\/#\\\/schema\\\/person\\\/ac6a772a1de69bbd20ed3c16c65767fb\"},\"headline\":\"Pueblos Ind\u00edgenas se re\u00fanen al amanecer para ceremonia de Acci\u00f3n de Gracias\u00a0\",\"datePublished\":\"2022-12-02T03:35:23+00:00\",\"dateModified\":\"2022-12-02T03:35:26+00:00\",\"mainEntityOfPage\":{\"@id\":\"https:\\\/\\\/eltecolote.org\\\/content\\\/es\\\/pueblos-indigenas-se-reunen-al-amanecer-para-ceremonia-de-accion-de-gracias\\\/\"},\"wordCount\":115,\"publisher\":{\"@id\":\"https:\\\/\\\/eltecolote.org\\\/content\\\/#organization\"},\"image\":{\"@id\":\"https:\\\/\\\/eltecolote.org\\\/content\\\/es\\\/pueblos-indigenas-se-reunen-al-amanecer-para-ceremonia-de-accion-de-gracias\\\/#primaryimage\"},\"thumbnailUrl\":\"https:\\\/\\\/i0.wp.com\\\/eltecolote.org\\\/content\\\/wp-content\\\/uploads\\\/2022\\\/12\\\/20221124_SF_TECO_IndiginousSunriseEvent_03_web-2.jpg?fit=1200%2C675&quality=89&ssl=1\",\"articleSection\":[\"Arte\"],\"inLanguage\":\"en\"},{\"@type\":\"WebPage\",\"@id\":\"https:\\\/\\\/eltecolote.org\\\/content\\\/es\\\/pueblos-indigenas-se-reunen-al-amanecer-para-ceremonia-de-accion-de-gracias\\\/\",\"url\":\"https:\\\/\\\/eltecolote.org\\\/content\\\/es\\\/pueblos-indigenas-se-reunen-al-amanecer-para-ceremonia-de-accion-de-gracias\\\/\",\"name\":\"Pueblos Ind\u00edgenas se re\u00fanen al amanecer para ceremonia de Acci\u00f3n de Gracias\u00a0 - El Tecolote\",\"isPartOf\":{\"@id\":\"https:\\\/\\\/eltecolote.org\\\/content\\\/#website\"},\"primaryImageOfPage\":{\"@id\":\"https:\\\/\\\/eltecolote.org\\\/content\\\/es\\\/pueblos-indigenas-se-reunen-al-amanecer-para-ceremonia-de-accion-de-gracias\\\/#primaryimage\"},\"image\":{\"@id\":\"https:\\\/\\\/eltecolote.org\\\/content\\\/es\\\/pueblos-indigenas-se-reunen-al-amanecer-para-ceremonia-de-accion-de-gracias\\\/#primaryimage\"},\"thumbnailUrl\":\"https:\\\/\\\/i0.wp.com\\\/eltecolote.org\\\/content\\\/wp-content\\\/uploads\\\/2022\\\/12\\\/20221124_SF_TECO_IndiginousSunriseEvent_03_web-2.jpg?fit=1200%2C675&quality=89&ssl=1\",\"datePublished\":\"2022-12-02T03:35:23+00:00\",\"dateModified\":\"2022-12-02T03:35:26+00:00\",\"description\":\"https:\\\/\\\/www.youtube.com\\\/watch?v=7EtJEks5pk0 Dando continuidad a su esp\u00edritu de resiliencia, docenas de pueblos ind\u00edgenas y aliados se reunieron en la isla\",\"inLanguage\":\"en\",\"potentialAction\":[{\"@type\":\"ReadAction\",\"target\":[\"https:\\\/\\\/eltecolote.org\\\/content\\\/es\\\/pueblos-indigenas-se-reunen-al-amanecer-para-ceremonia-de-accion-de-gracias\\\/\"]}]},{\"@type\":\"ImageObject\",\"inLanguage\":\"en\",\"@id\":\"https:\\\/\\\/eltecolote.org\\\/content\\\/es\\\/pueblos-indigenas-se-reunen-al-amanecer-para-ceremonia-de-accion-de-gracias\\\/#primaryimage\",\"url\":\"https:\\\/\\\/i0.wp.com\\\/eltecolote.org\\\/content\\\/wp-content\\\/uploads\\\/2022\\\/12\\\/20221124_SF_TECO_IndiginousSunriseEvent_03_web-2.jpg?fit=1200%2C675&quality=89&ssl=1\",\"contentUrl\":\"https:\\\/\\\/i0.wp.com\\\/eltecolote.org\\\/content\\\/wp-content\\\/uploads\\\/2022\\\/12\\\/20221124_SF_TECO_IndiginousSunriseEvent_03_web-2.jpg?fit=1200%2C675&quality=89&ssl=1\",\"width\":1200,\"height\":675},{\"@type\":\"WebSite\",\"@id\":\"https:\\\/\\\/eltecolote.org\\\/content\\\/#website\",\"url\":\"https:\\\/\\\/eltecolote.org\\\/content\\\/\",\"name\":\"El Tecolote\",\"description\":\"San Francisco's Latinx newspaper since 1970\",\"publisher\":{\"@id\":\"https:\\\/\\\/eltecolote.org\\\/content\\\/#organization\"},\"potentialAction\":[{\"@type\":\"SearchAction\",\"target\":{\"@type\":\"EntryPoint\",\"urlTemplate\":\"https:\\\/\\\/eltecolote.org\\\/content\\\/?s={search_term_string}\"},\"query-input\":{\"@type\":\"PropertyValueSpecification\",\"valueRequired\":true,\"valueName\":\"search_term_string\"}}],\"inLanguage\":\"en\"},{\"@type\":\"Organization\",\"@id\":\"https:\\\/\\\/eltecolote.org\\\/content\\\/#organization\",\"name\":\"El Tecolote\",\"url\":\"https:\\\/\\\/eltecolote.org\\\/content\\\/\",\"logo\":{\"@type\":\"ImageObject\",\"inLanguage\":\"en\",\"@id\":\"https:\\\/\\\/eltecolote.org\\\/content\\\/#\\\/schema\\\/logo\\\/image\\\/\",\"url\":\"https:\\\/\\\/i0.wp.com\\\/eltecolote.org\\\/content\\\/wp-content\\\/uploads\\\/2021\\\/05\\\/ETlogo-1.jpg?fit=400%2C400&ssl=1\",\"contentUrl\":\"https:\\\/\\\/i0.wp.com\\\/eltecolote.org\\\/content\\\/wp-content\\\/uploads\\\/2021\\\/05\\\/ETlogo-1.jpg?fit=400%2C400&ssl=1\",\"width\":400,\"height\":400,\"caption\":\"El Tecolote\"},\"image\":{\"@id\":\"https:\\\/\\\/eltecolote.org\\\/content\\\/#\\\/schema\\\/logo\\\/image\\\/\"},\"sameAs\":[\"https:\\\/\\\/www.facebook.com\\\/ElTecoloteSF\\\/\",\"https:\\\/\\\/x.com\\\/eltecolotesf\",\"https:\\\/\\\/www.instagram.com\\\/eltecolotesf\\\/\"]},{\"@type\":\"Person\",\"@id\":\"https:\\\/\\\/eltecolote.org\\\/content\\\/#\\\/schema\\\/person\\\/ac6a772a1de69bbd20ed3c16c65767fb\",\"name\":\"El Tecolote Staff\",\"image\":{\"@type\":\"ImageObject\",\"inLanguage\":\"en\",\"@id\":\"https:\\\/\\\/secure.gravatar.com\\\/avatar\\\/d9253f3d56b5274b84d2ab5d82b5df69836596d31a36544e5630bd4f48c26ada?s=96&d=mm&r=gb71cc61ef8798fc3c1c985862dbc263e\",\"url\":\"https:\\\/\\\/secure.gravatar.com\\\/avatar\\\/d9253f3d56b5274b84d2ab5d82b5df69836596d31a36544e5630bd4f48c26ada?s=96&d=mm&r=g\",\"contentUrl\":\"https:\\\/\\\/secure.gravatar.com\\\/avatar\\\/d9253f3d56b5274b84d2ab5d82b5df69836596d31a36544e5630bd4f48c26ada?s=96&d=mm&r=g\",\"caption\":\"El Tecolote Staff\"},\"url\":\"https:\\\/\\\/eltecolote.org\\\/content\\\/author\\\/eltecolote\\\/\"}]}<\/script>\n<!-- \/ Yoast SEO plugin. -->","yoast_head_json":{"title":"Pueblos Ind\u00edgenas se re\u00fanen al amanecer para ceremonia de Acci\u00f3n de Gracias\u00a0 - El Tecolote","description":"https:\/\/www.youtube.com\/watch?v=7EtJEks5pk0 Dando continuidad a su esp\u00edritu de resiliencia, docenas de pueblos ind\u00edgenas y aliados se reunieron en la isla","robots":{"index":"index","follow":"follow","max-snippet":"max-snippet:-1","max-image-preview":"max-image-preview:large","max-video-preview":"max-video-preview:-1"},"canonical":"https:\/\/eltecolote.org\/content\/es\/pueblos-indigenas-se-reunen-al-amanecer-para-ceremonia-de-accion-de-gracias\/","og_locale":"en_US","og_type":"article","og_title":"Pueblos Ind\u00edgenas se re\u00fanen al amanecer para ceremonia de Acci\u00f3n de Gracias\u00a0 - El Tecolote","og_description":"https:\/\/www.youtube.com\/watch?v=7EtJEks5pk0 Dando continuidad a su esp\u00edritu de resiliencia, docenas de pueblos ind\u00edgenas y aliados se reunieron en la isla","og_url":"https:\/\/eltecolote.org\/content\/es\/pueblos-indigenas-se-reunen-al-amanecer-para-ceremonia-de-accion-de-gracias\/","og_site_name":"El Tecolote","article_publisher":"https:\/\/www.facebook.com\/ElTecoloteSF\/","article_published_time":"2022-12-02T03:35:23+00:00","article_modified_time":"2022-12-02T03:35:26+00:00","og_image":[{"width":1200,"height":675,"url":"https:\/\/eltecolote.org\/content\/wp-content\/uploads\/2022\/12\/20221124_SF_TECO_IndiginousSunriseEvent_03_web-2.jpg","type":"image\/jpeg"}],"author":"El Tecolote Staff, El Tecolote Staff","twitter_card":"summary_large_image","twitter_creator":"@eltecolotesf","twitter_site":"@eltecolotesf","twitter_misc":{"Written by":"El Tecolote Staff, El Tecolote Staff","Est. reading time":"1 minute"},"schema":{"@context":"https:\/\/schema.org","@graph":[{"@type":"NewsArticle","@id":"https:\/\/eltecolote.org\/content\/es\/pueblos-indigenas-se-reunen-al-amanecer-para-ceremonia-de-accion-de-gracias\/#article","isPartOf":{"@id":"https:\/\/eltecolote.org\/content\/es\/pueblos-indigenas-se-reunen-al-amanecer-para-ceremonia-de-accion-de-gracias\/"},"author":{"name":"El Tecolote Staff","@id":"https:\/\/eltecolote.org\/content\/#\/schema\/person\/ac6a772a1de69bbd20ed3c16c65767fb"},"headline":"Pueblos Ind\u00edgenas se re\u00fanen al amanecer para ceremonia de Acci\u00f3n de Gracias\u00a0","datePublished":"2022-12-02T03:35:23+00:00","dateModified":"2022-12-02T03:35:26+00:00","mainEntityOfPage":{"@id":"https:\/\/eltecolote.org\/content\/es\/pueblos-indigenas-se-reunen-al-amanecer-para-ceremonia-de-accion-de-gracias\/"},"wordCount":115,"publisher":{"@id":"https:\/\/eltecolote.org\/content\/#organization"},"image":{"@id":"https:\/\/eltecolote.org\/content\/es\/pueblos-indigenas-se-reunen-al-amanecer-para-ceremonia-de-accion-de-gracias\/#primaryimage"},"thumbnailUrl":"https:\/\/i0.wp.com\/eltecolote.org\/content\/wp-content\/uploads\/2022\/12\/20221124_SF_TECO_IndiginousSunriseEvent_03_web-2.jpg?fit=1200%2C675&quality=89&ssl=1","articleSection":["Arte"],"inLanguage":"en"},{"@type":"WebPage","@id":"https:\/\/eltecolote.org\/content\/es\/pueblos-indigenas-se-reunen-al-amanecer-para-ceremonia-de-accion-de-gracias\/","url":"https:\/\/eltecolote.org\/content\/es\/pueblos-indigenas-se-reunen-al-amanecer-para-ceremonia-de-accion-de-gracias\/","name":"Pueblos Ind\u00edgenas se re\u00fanen al amanecer para ceremonia de Acci\u00f3n de Gracias\u00a0 - El Tecolote","isPartOf":{"@id":"https:\/\/eltecolote.org\/content\/#website"},"primaryImageOfPage":{"@id":"https:\/\/eltecolote.org\/content\/es\/pueblos-indigenas-se-reunen-al-amanecer-para-ceremonia-de-accion-de-gracias\/#primaryimage"},"image":{"@id":"https:\/\/eltecolote.org\/content\/es\/pueblos-indigenas-se-reunen-al-amanecer-para-ceremonia-de-accion-de-gracias\/#primaryimage"},"thumbnailUrl":"https:\/\/i0.wp.com\/eltecolote.org\/content\/wp-content\/uploads\/2022\/12\/20221124_SF_TECO_IndiginousSunriseEvent_03_web-2.jpg?fit=1200%2C675&quality=89&ssl=1","datePublished":"2022-12-02T03:35:23+00:00","dateModified":"2022-12-02T03:35:26+00:00","description":"https:\/\/www.youtube.com\/watch?v=7EtJEks5pk0 Dando continuidad a su esp\u00edritu de resiliencia, docenas de pueblos ind\u00edgenas y aliados se reunieron en la isla","inLanguage":"en","potentialAction":[{"@type":"ReadAction","target":["https:\/\/eltecolote.org\/content\/es\/pueblos-indigenas-se-reunen-al-amanecer-para-ceremonia-de-accion-de-gracias\/"]}]},{"@type":"ImageObject","inLanguage":"en","@id":"https:\/\/eltecolote.org\/content\/es\/pueblos-indigenas-se-reunen-al-amanecer-para-ceremonia-de-accion-de-gracias\/#primaryimage","url":"https:\/\/i0.wp.com\/eltecolote.org\/content\/wp-content\/uploads\/2022\/12\/20221124_SF_TECO_IndiginousSunriseEvent_03_web-2.jpg?fit=1200%2C675&quality=89&ssl=1","contentUrl":"https:\/\/i0.wp.com\/eltecolote.org\/content\/wp-content\/uploads\/2022\/12\/20221124_SF_TECO_IndiginousSunriseEvent_03_web-2.jpg?fit=1200%2C675&quality=89&ssl=1","width":1200,"height":675},{"@type":"WebSite","@id":"https:\/\/eltecolote.org\/content\/#website","url":"https:\/\/eltecolote.org\/content\/","name":"El Tecolote","description":"San Francisco's Latinx newspaper since 1970","publisher":{"@id":"https:\/\/eltecolote.org\/content\/#organization"},"potentialAction":[{"@type":"SearchAction","target":{"@type":"EntryPoint","urlTemplate":"https:\/\/eltecolote.org\/content\/?s={search_term_string}"},"query-input":{"@type":"PropertyValueSpecification","valueRequired":true,"valueName":"search_term_string"}}],"inLanguage":"en"},{"@type":"Organization","@id":"https:\/\/eltecolote.org\/content\/#organization","name":"El Tecolote","url":"https:\/\/eltecolote.org\/content\/","logo":{"@type":"ImageObject","inLanguage":"en","@id":"https:\/\/eltecolote.org\/content\/#\/schema\/logo\/image\/","url":"https:\/\/i0.wp.com\/eltecolote.org\/content\/wp-content\/uploads\/2021\/05\/ETlogo-1.jpg?fit=400%2C400&ssl=1","contentUrl":"https:\/\/i0.wp.com\/eltecolote.org\/content\/wp-content\/uploads\/2021\/05\/ETlogo-1.jpg?fit=400%2C400&ssl=1","width":400,"height":400,"caption":"El Tecolote"},"image":{"@id":"https:\/\/eltecolote.org\/content\/#\/schema\/logo\/image\/"},"sameAs":["https:\/\/www.facebook.com\/ElTecoloteSF\/","https:\/\/x.com\/eltecolotesf","https:\/\/www.instagram.com\/eltecolotesf\/"]},{"@type":"Person","@id":"https:\/\/eltecolote.org\/content\/#\/schema\/person\/ac6a772a1de69bbd20ed3c16c65767fb","name":"El Tecolote Staff","image":{"@type":"ImageObject","inLanguage":"en","@id":"https:\/\/secure.gravatar.com\/avatar\/d9253f3d56b5274b84d2ab5d82b5df69836596d31a36544e5630bd4f48c26ada?s=96&d=mm&r=gb71cc61ef8798fc3c1c985862dbc263e","url":"https:\/\/secure.gravatar.com\/avatar\/d9253f3d56b5274b84d2ab5d82b5df69836596d31a36544e5630bd4f48c26ada?s=96&d=mm&r=g","contentUrl":"https:\/\/secure.gravatar.com\/avatar\/d9253f3d56b5274b84d2ab5d82b5df69836596d31a36544e5630bd4f48c26ada?s=96&d=mm&r=g","caption":"El Tecolote Staff"},"url":"https:\/\/eltecolote.org\/content\/author\/eltecolote\/"}]}},"distributor_meta":false,"distributor_terms":false,"distributor_media":false,"distributor_original_site_name":"El Tecolote","distributor_original_site_url":"https:\/\/eltecolote.org\/content","push-errors":false,"_links":{"self":[{"href":"https:\/\/eltecolote.org\/content\/wp-json\/wp\/v2\/posts\/54114","targetHints":{"allow":["GET"]}}],"collection":[{"href":"https:\/\/eltecolote.org\/content\/wp-json\/wp\/v2\/posts"}],"about":[{"href":"https:\/\/eltecolote.org\/content\/wp-json\/wp\/v2\/types\/post"}],"author":[{"embeddable":true,"href":"https:\/\/eltecolote.org\/content\/wp-json\/wp\/v2\/users\/88891"}],"replies":[{"embeddable":true,"href":"https:\/\/eltecolote.org\/content\/wp-json\/wp\/v2\/comments?post=54114"}],"version-history":[{"count":2,"href":"https:\/\/eltecolote.org\/content\/wp-json\/wp\/v2\/posts\/54114\/revisions"}],"predecessor-version":[{"id":54128,"href":"https:\/\/eltecolote.org\/content\/wp-json\/wp\/v2\/posts\/54114\/revisions\/54128"}],"wp:featuredmedia":[{"embeddable":true,"href":"https:\/\/eltecolote.org\/content\/wp-json\/wp\/v2\/media\/54118"}],"wp:attachment":[{"href":"https:\/\/eltecolote.org\/content\/wp-json\/wp\/v2\/media?parent=54114"}],"wp:term":[{"taxonomy":"category","embeddable":true,"href":"https:\/\/eltecolote.org\/content\/wp-json\/wp\/v2\/categories?post=54114"},{"taxonomy":"post_tag","embeddable":true,"href":"https:\/\/eltecolote.org\/content\/wp-json\/wp\/v2\/tags?post=54114"},{"taxonomy":"author","embeddable":true,"href":"https:\/\/eltecolote.org\/content\/wp-json\/wp\/v2\/coauthors?post=54114"}],"curies":[{"name":"wp","href":"https:\/\/api.w.org\/{rel}","templated":true}]}}