{"id":51481,"date":"2022-05-05T16:19:24","date_gmt":"2022-05-05T23:19:24","guid":{"rendered":"http:\/\/eltecolote.org\/content\/?p=51481"},"modified":"2022-05-23T11:13:15","modified_gmt":"2022-05-23T18:13:15","slug":"indigenous-puebla-community-defeats-canadian-mining-project-for-now","status":"publish","type":"post","link":"https:\/\/eltecolote.org\/content\/en\/indigenous-puebla-community-defeats-canadian-mining-project-for-now\/","title":{"rendered":"Indigenous Puebla community defeats Canadian mining project, for now"},"content":{"rendered":"\n<p><em>[Lead photo: Claudia Paola L\u00f3pez Ram\u00edrez, a community member of <em>Cruz de Ocote<\/em>, inherited land from her mother in the Ejido de Cruz de Ocote, which is threatened by a Canadian mining company. Courtesy: Consejo Civil Mexicano para la Silvicultura Sostenible]<\/em><\/p>\n\n\n\n<p>Claudia Paola L\u00f3pez Ram\u00edrez still remembers the times of her childhood when she would go for water to one of the springs that was in her community of Cruz de Ocote, located in the northern mountains of Puebla, Mexico.&nbsp;<\/p>\n\n\n\n<p>There are already two springs that have dried up in the town that belongs to the Nahua Indigenous community. L\u00f3pez Ram\u00edrez&#8217;s face lights up as she tells the story of how her grandfather managed to obtain his ejido and how he had to fight to partially found what is now Cruz de Ocote.<\/p>\n\n\n\n<p>&nbsp;It is a struggle to defend the ejido territory whose heavy responsibility now falls on the descendants of that generation. A responsibility that might also be inherited to the next.<\/p>\n\n\n\n<p>On Feb. 16, the Nahua Community and the Ejido de Tecoltemi of the northern highlands in the state of Puebla celebrated a victory over the mining concessions of the Canadian mining company Almaden Minerals. It is the first time that the First Chamber of the Supreme Court of Justice of the Nation (SCJN) grants protection to a community and withdraws the concession of 14,000 hectares of land to the mining company.&nbsp;<\/p>\n\n\n\n<p>\u201cThese concessions were issued without having considered the opinion of those who inhabit this territory, and there was no prior consultation or consent,\u201d said Diana P\u00e9rez, the attorney who handled the case.<\/p>\n\n\n\n<p>An ejido, as it is known today, is land that is used communally for agricultural purposes. These lands were granted to individuals after the Mexican revolution so that rural populations would have a way to support themselves and cultivate from them. The ejidos were protected under the agricultural law but all that changed with the agrarian reform of 1992.<\/p>\n\n\n\n<div class=\"wp-block-image\"><figure class=\"aligncenter size-large\"><img data-recalc-dims=\"1\" loading=\"lazy\" decoding=\"async\" width=\"600\" height=\"400\" src=\"https:\/\/i0.wp.com\/eltecolote.org\/content\/wp-content\/uploads\/2022\/05\/bosque_cruz_ocote_pueblo-1024x682_web.jpeg?resize=600%2C400&#038;quality=89&#038;ssl=1\" alt=\"\" class=\"wp-image-51483\" srcset=\"https:\/\/i0.wp.com\/eltecolote.org\/content\/wp-content\/uploads\/2022\/05\/bosque_cruz_ocote_pueblo-1024x682_web.jpeg?resize=600%2C400&amp;quality=89&amp;ssl=1 600w, https:\/\/i0.wp.com\/eltecolote.org\/content\/wp-content\/uploads\/2022\/05\/bosque_cruz_ocote_pueblo-1024x682_web.jpeg?resize=360%2C240&amp;quality=89&amp;ssl=1 360w, https:\/\/i0.wp.com\/eltecolote.org\/content\/wp-content\/uploads\/2022\/05\/bosque_cruz_ocote_pueblo-1024x682_web.jpeg?resize=768%2C512&amp;quality=89&amp;ssl=1 768w, https:\/\/i0.wp.com\/eltecolote.org\/content\/wp-content\/uploads\/2022\/05\/bosque_cruz_ocote_pueblo-1024x682_web.jpeg?resize=370%2C247&amp;quality=89&amp;ssl=1 370w, https:\/\/i0.wp.com\/eltecolote.org\/content\/wp-content\/uploads\/2022\/05\/bosque_cruz_ocote_pueblo-1024x682_web.jpeg?resize=20%2C13&amp;quality=89&amp;ssl=1 20w, https:\/\/i0.wp.com\/eltecolote.org\/content\/wp-content\/uploads\/2022\/05\/bosque_cruz_ocote_pueblo-1024x682_web.jpeg?resize=185%2C123&amp;quality=89&amp;ssl=1 185w, https:\/\/i0.wp.com\/eltecolote.org\/content\/wp-content\/uploads\/2022\/05\/bosque_cruz_ocote_pueblo-1024x682_web.jpeg?resize=740%2C493&amp;quality=89&amp;ssl=1 740w, https:\/\/i0.wp.com\/eltecolote.org\/content\/wp-content\/uploads\/2022\/05\/bosque_cruz_ocote_pueblo-1024x682_web.jpeg?resize=400%2C267&amp;quality=89&amp;ssl=1 400w, https:\/\/i0.wp.com\/eltecolote.org\/content\/wp-content\/uploads\/2022\/05\/bosque_cruz_ocote_pueblo-1024x682_web.jpeg?resize=72%2C48&amp;quality=89&amp;ssl=1 72w, https:\/\/i0.wp.com\/eltecolote.org\/content\/wp-content\/uploads\/2022\/05\/bosque_cruz_ocote_pueblo-1024x682_web.jpeg?w=800&amp;quality=89&amp;ssl=1 800w\" sizes=\"auto, (max-width: 600px) 100vw, 600px\" \/><figcaption>Panor\u00e1mica del Bosque del Ejido Cruz de Ocote, en Ixtacamaxtitl\u00e1n, Puebla, M\u00e9xico, que se encuentra en riesgo por la amenaza de un proyecto minero que arrasar\u00eda con todo el terreno. Courtesy Photo: Consejo Civil Mexicano para la Silvicultura Sostenible<\/figcaption><\/figure><\/div>\n\n\n\n<p>Under this reform in article 27, the owners of ejidos, ejidatarios, can sell their land and said land can be incorporated into urban development, things that previously they were not allowed. However, under current agricultural laws, it is necessary to consult and receive permission from the ejidatarios and the indigenous community to legally receive the concessions, something that the Almaden mining company never did according to the case.&nbsp;<\/p>\n\n\n\n<p>\u201cThese are lands where they live, work and plant. They have grazing land, they even have forest\u2026they have cared for, reforested and harvested from it sustainably,\u201d said P\u00e9rez, explaining the importance of the ejido land for the communities involved in the case.<\/p>\n\n\n\n<p>P\u00e9rez is a member of the Tiyat Tlali Council, one of the organizations that has been supporting Indigenous communities to protect their ejido rights and environmental rights. She comments that the victory in the SCJN was a bittersweet moment for her team and for the affected communities. They are aware that as long as the mining company manages to convince the ejidatarios to reach an agreement or even sell their land, the concessions could be granted in the future.&nbsp;<\/p>\n\n\n\n<p>L\u00f3pez Ram\u00edrez has been fighting for five years against mining laws from her community of Ejido Cruz de Ocote. She is part of the community organization Defensores Acolhua and is equally happy to have won the case, but she knows personally how this fight for the ejidos has created a great division between the multiple ejido communities.&nbsp;<\/p>\n\n\n\n<p>&#8220;This came to separate us, there are people who no longer speak with us&#8230; there are families where brothers do not speak to each other.&#8221;<\/p>\n\n\n\n<div class=\"wp-block-image\"><figure class=\"aligncenter size-large\"><img data-recalc-dims=\"1\" loading=\"lazy\" decoding=\"async\" width=\"600\" height=\"277\" src=\"https:\/\/i0.wp.com\/eltecolote.org\/content\/wp-content\/uploads\/2022\/05\/Captura-de-Pantalla-2022-04-20-a-las-17.02.49_web.jpeg?resize=600%2C277&#038;quality=89&#038;ssl=1\" alt=\"\" class=\"wp-image-51484\" srcset=\"https:\/\/i0.wp.com\/eltecolote.org\/content\/wp-content\/uploads\/2022\/05\/Captura-de-Pantalla-2022-04-20-a-las-17.02.49_web.jpeg?resize=600%2C277&amp;quality=89&amp;ssl=1 600w, https:\/\/i0.wp.com\/eltecolote.org\/content\/wp-content\/uploads\/2022\/05\/Captura-de-Pantalla-2022-04-20-a-las-17.02.49_web.jpeg?resize=360%2C166&amp;quality=89&amp;ssl=1 360w, https:\/\/i0.wp.com\/eltecolote.org\/content\/wp-content\/uploads\/2022\/05\/Captura-de-Pantalla-2022-04-20-a-las-17.02.49_web.jpeg?resize=768%2C355&amp;quality=89&amp;ssl=1 768w, https:\/\/i0.wp.com\/eltecolote.org\/content\/wp-content\/uploads\/2022\/05\/Captura-de-Pantalla-2022-04-20-a-las-17.02.49_web.jpeg?resize=370%2C171&amp;quality=89&amp;ssl=1 370w, https:\/\/i0.wp.com\/eltecolote.org\/content\/wp-content\/uploads\/2022\/05\/Captura-de-Pantalla-2022-04-20-a-las-17.02.49_web.jpeg?resize=800%2C369&amp;quality=89&amp;ssl=1 800w, https:\/\/i0.wp.com\/eltecolote.org\/content\/wp-content\/uploads\/2022\/05\/Captura-de-Pantalla-2022-04-20-a-las-17.02.49_web.jpeg?resize=185%2C85&amp;quality=89&amp;ssl=1 185w, https:\/\/i0.wp.com\/eltecolote.org\/content\/wp-content\/uploads\/2022\/05\/Captura-de-Pantalla-2022-04-20-a-las-17.02.49_web.jpeg?resize=740%2C342&amp;quality=89&amp;ssl=1 740w, https:\/\/i0.wp.com\/eltecolote.org\/content\/wp-content\/uploads\/2022\/05\/Captura-de-Pantalla-2022-04-20-a-las-17.02.49_web.jpeg?resize=20%2C9&amp;quality=89&amp;ssl=1 20w, https:\/\/i0.wp.com\/eltecolote.org\/content\/wp-content\/uploads\/2022\/05\/Captura-de-Pantalla-2022-04-20-a-las-17.02.49_web.jpeg?resize=400%2C185&amp;quality=89&amp;ssl=1 400w, https:\/\/i0.wp.com\/eltecolote.org\/content\/wp-content\/uploads\/2022\/05\/Captura-de-Pantalla-2022-04-20-a-las-17.02.49_web.jpeg?resize=104%2C48&amp;quality=89&amp;ssl=1 104w, https:\/\/i0.wp.com\/eltecolote.org\/content\/wp-content\/uploads\/2022\/05\/Captura-de-Pantalla-2022-04-20-a-las-17.02.49_web.jpeg?w=1200&amp;quality=89&amp;ssl=1 1200w\" sizes=\"auto, (max-width: 600px) 100vw, 600px\" \/><figcaption>Screenshot of the mini-documentary \u201cLiving Treasure\u201d which highlights the communities of the Sierra Norte de Puebla, an area that is seriously threatened by a proposed mining project. Courtesy: If Not Us Then Who?<\/figcaption><\/figure><\/div>\n\n\n\n<p>L\u00f3pez Ram\u00edrez inherited the plot of land from her mother, which is located in the Ejido de Cruz de Ocote. She hopes that her daughters can grow up in the land where she and her ancestors were born. She is determined to make sure that the legacy of her grandparents Isidro Ram\u00edrez and Lorenza Sosa is not buried under any mining project.&nbsp;<\/p>\n\n\n\n<p>\u201cI\u2019d like for them to talk about me like I talked about how my grandfather fought to get the ejido parcels. He was a founder of the community. There is a lot of pride. Maybe they\u2019ll say \u2018despite being a woman, my grandmother could.&#8217;\u201d<\/p>\n\n\n\n<p>It pains her to admit that the environmental change caused by global warming has been erasing the beauty and the natural resources from her community. It is also for this reason that she is against the mining company, since the consequences of opening a mine on those 14,000 hectares could exacerbate environmental problems in the communities.<\/p>\n\n\n\n<p>P\u00e9rez, like her other colleagues, are worried about what may come after this victory. If the mining laws continue to give preference to the industry, it could mean even more legal proceedings, and more battles for the indigenous communities, the ejidatarios, and environmentalists.&nbsp;<\/p>\n\n\n\n<div class=\"wp-block-image\"><figure class=\"aligncenter size-large\"><img data-recalc-dims=\"1\" loading=\"lazy\" decoding=\"async\" width=\"600\" height=\"342\" src=\"https:\/\/i0.wp.com\/eltecolote.org\/content\/wp-content\/uploads\/2022\/05\/concecionmina_curz-ocote-1_web.gif?resize=600%2C342&#038;ssl=1\" alt=\"\" class=\"wp-image-51485\" srcset=\"https:\/\/i0.wp.com\/eltecolote.org\/content\/wp-content\/uploads\/2022\/05\/concecionmina_curz-ocote-1_web.gif?resize=600%2C342&amp;ssl=1 600w, https:\/\/i0.wp.com\/eltecolote.org\/content\/wp-content\/uploads\/2022\/05\/concecionmina_curz-ocote-1_web.gif?resize=360%2C205&amp;ssl=1 360w, https:\/\/i0.wp.com\/eltecolote.org\/content\/wp-content\/uploads\/2022\/05\/concecionmina_curz-ocote-1_web.gif?resize=370%2C211&amp;ssl=1 370w, https:\/\/i0.wp.com\/eltecolote.org\/content\/wp-content\/uploads\/2022\/05\/concecionmina_curz-ocote-1_web.gif?resize=20%2C11&amp;ssl=1 20w, https:\/\/i0.wp.com\/eltecolote.org\/content\/wp-content\/uploads\/2022\/05\/concecionmina_curz-ocote-1_web.gif?resize=185%2C105&amp;ssl=1 185w, https:\/\/i0.wp.com\/eltecolote.org\/content\/wp-content\/uploads\/2022\/05\/concecionmina_curz-ocote-1_web.gif?resize=400%2C228&amp;ssl=1 400w, https:\/\/i0.wp.com\/eltecolote.org\/content\/wp-content\/uploads\/2022\/05\/concecionmina_curz-ocote-1_web.gif?resize=84%2C48&amp;ssl=1 84w\" sizes=\"auto, (max-width: 600px) 100vw, 600px\" \/><figcaption>In orange are the mining concessions for the Ixtaca project, owned by Minera Gorri\u00f3n, a subsidiary of Canada&#8217;s Almaden Minerals; and in yellow is the Ixtacamaxtitl\u00e1n region, Puebla. Courtesy: Consejo Civil Mexicano para la Silvicultura Sostenible<br><\/figcaption><\/figure><\/div>\n","protected":false},"excerpt":{"rendered":"<p>[Lead photo: Claudia Paola L\u00f3pez Ram\u00edrez, a community member of Cruz de Ocote, inherited land from her mother in the Ejido de Cruz de Ocote, which is threatened by a Canadian mining company. Courtesy: Consejo Civil Mexicano para la Silvicultura Sostenible] Claudia Paola L\u00f3pez Ram\u00edrez still remembers the times of her childhood when she would [&hellip;]<\/p>\n","protected":false},"author":35,"featured_media":51482,"comment_status":"closed","ping_status":"closed","sticky":false,"template":"","format":"standard","meta":{"newspack_popups_has_disabled_popups":false,"newspack_featured_image_position":"","newspack_post_subtitle":"","newspack_article_summary_title":"Overview:","newspack_article_summary":"","newspack_hide_updated_date":false,"newspack_show_updated_date":false,"footnotes":""},"categories":[3570,7],"tags":[19132,19155,1746],"coauthors":[18445],"class_list":["post-51481","post","type-post","status-publish","format-standard","has-post-thumbnail","hentry","category-health-news","category-news","tag-climate-crisis","tag-environmental-rights","tag-indigenous-peoples","entry"],"yoast_head":"<!-- This site is optimized with the Yoast SEO plugin v27.5 - https:\/\/yoast.com\/product\/yoast-seo-wordpress\/ -->\n<title>Indigenous Puebla community defeats Canadian mining project, for now - El Tecolote<\/title>\n<meta name=\"description\" content=\"The Nahua Indigenous community in Pubela, Mexico faces climate crisis concerns, thus it vies to keep a Canadian mining company away.\" \/>\n<meta name=\"robots\" content=\"index, follow, max-snippet:-1, max-image-preview:large, max-video-preview:-1\" \/>\n<link rel=\"canonical\" href=\"https:\/\/eltecolote.org\/content\/en\/indigenous-puebla-community-defeats-canadian-mining-project-for-now\/\" \/>\n<meta property=\"og:locale\" content=\"en_US\" \/>\n<meta property=\"og:type\" content=\"article\" \/>\n<meta property=\"og:title\" content=\"Indigenous Puebla community defeats Canadian mining project, for now - El Tecolote\" \/>\n<meta property=\"og:description\" content=\"The Nahua Indigenous community in Pubela, Mexico faces climate crisis concerns, thus it vies to keep a Canadian mining company away.\" \/>\n<meta property=\"og:url\" content=\"https:\/\/eltecolote.org\/content\/en\/indigenous-puebla-community-defeats-canadian-mining-project-for-now\/\" \/>\n<meta property=\"og:site_name\" content=\"El Tecolote\" \/>\n<meta property=\"article:publisher\" content=\"https:\/\/www.facebook.com\/ElTecoloteSF\/\" \/>\n<meta property=\"article:published_time\" content=\"2022-05-05T23:19:24+00:00\" \/>\n<meta property=\"article:modified_time\" content=\"2022-05-23T18:13:15+00:00\" \/>\n<meta property=\"og:image\" content=\"https:\/\/i0.wp.com\/eltecolote.org\/content\/wp-content\/uploads\/2022\/05\/administradora_cruzocote-1024x682_web.jpeg?fit=800%2C533&ssl=1\" \/>\n\t<meta property=\"og:image:width\" content=\"800\" \/>\n\t<meta property=\"og:image:height\" content=\"533\" \/>\n\t<meta property=\"og:image:type\" content=\"image\/jpeg\" \/>\n<meta name=\"author\" content=\"El Tecolote Staff\" \/>\n<meta name=\"twitter:card\" content=\"summary_large_image\" \/>\n<meta name=\"twitter:creator\" content=\"@eltecolotesf\" \/>\n<meta name=\"twitter:site\" content=\"@eltecolotesf\" \/>\n<meta name=\"twitter:label1\" content=\"Written by\" \/>\n\t<meta name=\"twitter:data1\" content=\"El Tecolote Staff\" \/>\n\t<meta name=\"twitter:label2\" content=\"Est. reading time\" \/>\n\t<meta name=\"twitter:data2\" content=\"5 minutes\" \/>\n<script type=\"application\/ld+json\" class=\"yoast-schema-graph\">{\"@context\":\"https:\\\/\\\/schema.org\",\"@graph\":[{\"@type\":\"NewsArticle\",\"@id\":\"https:\\\/\\\/eltecolote.org\\\/content\\\/en\\\/indigenous-puebla-community-defeats-canadian-mining-project-for-now\\\/#article\",\"isPartOf\":{\"@id\":\"https:\\\/\\\/eltecolote.org\\\/content\\\/en\\\/indigenous-puebla-community-defeats-canadian-mining-project-for-now\\\/\"},\"author\":{\"name\":\"El Tecolote Staff\",\"@id\":\"https:\\\/\\\/eltecolote.org\\\/content\\\/#\\\/schema\\\/person\\\/08828d10185eba96895a8363a269410e\"},\"headline\":\"Indigenous Puebla community defeats Canadian mining project, for now\",\"datePublished\":\"2022-05-05T23:19:24+00:00\",\"dateModified\":\"2022-05-23T18:13:15+00:00\",\"mainEntityOfPage\":{\"@id\":\"https:\\\/\\\/eltecolote.org\\\/content\\\/en\\\/indigenous-puebla-community-defeats-canadian-mining-project-for-now\\\/\"},\"wordCount\":947,\"publisher\":{\"@id\":\"https:\\\/\\\/eltecolote.org\\\/content\\\/#organization\"},\"image\":{\"@id\":\"https:\\\/\\\/eltecolote.org\\\/content\\\/en\\\/indigenous-puebla-community-defeats-canadian-mining-project-for-now\\\/#primaryimage\"},\"thumbnailUrl\":\"https:\\\/\\\/i0.wp.com\\\/eltecolote.org\\\/content\\\/wp-content\\\/uploads\\\/2022\\\/05\\\/administradora_cruzocote-1024x682_web.jpeg?fit=800%2C533&quality=89&ssl=1\",\"keywords\":[\"climate crisis\",\"environmental rights\",\"Indigenous Peoples\"],\"articleSection\":[\"Health\",\"News\"],\"inLanguage\":\"en\"},{\"@type\":\"WebPage\",\"@id\":\"https:\\\/\\\/eltecolote.org\\\/content\\\/en\\\/indigenous-puebla-community-defeats-canadian-mining-project-for-now\\\/\",\"url\":\"https:\\\/\\\/eltecolote.org\\\/content\\\/en\\\/indigenous-puebla-community-defeats-canadian-mining-project-for-now\\\/\",\"name\":\"Indigenous Puebla community defeats Canadian mining project, for now - El Tecolote\",\"isPartOf\":{\"@id\":\"https:\\\/\\\/eltecolote.org\\\/content\\\/#website\"},\"primaryImageOfPage\":{\"@id\":\"https:\\\/\\\/eltecolote.org\\\/content\\\/en\\\/indigenous-puebla-community-defeats-canadian-mining-project-for-now\\\/#primaryimage\"},\"image\":{\"@id\":\"https:\\\/\\\/eltecolote.org\\\/content\\\/en\\\/indigenous-puebla-community-defeats-canadian-mining-project-for-now\\\/#primaryimage\"},\"thumbnailUrl\":\"https:\\\/\\\/i0.wp.com\\\/eltecolote.org\\\/content\\\/wp-content\\\/uploads\\\/2022\\\/05\\\/administradora_cruzocote-1024x682_web.jpeg?fit=800%2C533&quality=89&ssl=1\",\"datePublished\":\"2022-05-05T23:19:24+00:00\",\"dateModified\":\"2022-05-23T18:13:15+00:00\",\"description\":\"The Nahua Indigenous community in Pubela, Mexico faces climate crisis concerns, thus it vies to keep a Canadian mining company away.\",\"inLanguage\":\"en\",\"potentialAction\":[{\"@type\":\"ReadAction\",\"target\":[\"https:\\\/\\\/eltecolote.org\\\/content\\\/en\\\/indigenous-puebla-community-defeats-canadian-mining-project-for-now\\\/\"]}]},{\"@type\":\"ImageObject\",\"inLanguage\":\"en\",\"@id\":\"https:\\\/\\\/eltecolote.org\\\/content\\\/en\\\/indigenous-puebla-community-defeats-canadian-mining-project-for-now\\\/#primaryimage\",\"url\":\"https:\\\/\\\/i0.wp.com\\\/eltecolote.org\\\/content\\\/wp-content\\\/uploads\\\/2022\\\/05\\\/administradora_cruzocote-1024x682_web.jpeg?fit=800%2C533&quality=89&ssl=1\",\"contentUrl\":\"https:\\\/\\\/i0.wp.com\\\/eltecolote.org\\\/content\\\/wp-content\\\/uploads\\\/2022\\\/05\\\/administradora_cruzocote-1024x682_web.jpeg?fit=800%2C533&quality=89&ssl=1\",\"width\":800,\"height\":533},{\"@type\":\"WebSite\",\"@id\":\"https:\\\/\\\/eltecolote.org\\\/content\\\/#website\",\"url\":\"https:\\\/\\\/eltecolote.org\\\/content\\\/\",\"name\":\"El Tecolote\",\"description\":\"San Francisco's Latinx newspaper since 1970\",\"publisher\":{\"@id\":\"https:\\\/\\\/eltecolote.org\\\/content\\\/#organization\"},\"potentialAction\":[{\"@type\":\"SearchAction\",\"target\":{\"@type\":\"EntryPoint\",\"urlTemplate\":\"https:\\\/\\\/eltecolote.org\\\/content\\\/?s={search_term_string}\"},\"query-input\":{\"@type\":\"PropertyValueSpecification\",\"valueRequired\":true,\"valueName\":\"search_term_string\"}}],\"inLanguage\":\"en\"},{\"@type\":\"Organization\",\"@id\":\"https:\\\/\\\/eltecolote.org\\\/content\\\/#organization\",\"name\":\"El Tecolote\",\"url\":\"https:\\\/\\\/eltecolote.org\\\/content\\\/\",\"logo\":{\"@type\":\"ImageObject\",\"inLanguage\":\"en\",\"@id\":\"https:\\\/\\\/eltecolote.org\\\/content\\\/#\\\/schema\\\/logo\\\/image\\\/\",\"url\":\"https:\\\/\\\/i0.wp.com\\\/eltecolote.org\\\/content\\\/wp-content\\\/uploads\\\/2021\\\/05\\\/ETlogo-1.jpg?fit=400%2C400&ssl=1\",\"contentUrl\":\"https:\\\/\\\/i0.wp.com\\\/eltecolote.org\\\/content\\\/wp-content\\\/uploads\\\/2021\\\/05\\\/ETlogo-1.jpg?fit=400%2C400&ssl=1\",\"width\":400,\"height\":400,\"caption\":\"El Tecolote\"},\"image\":{\"@id\":\"https:\\\/\\\/eltecolote.org\\\/content\\\/#\\\/schema\\\/logo\\\/image\\\/\"},\"sameAs\":[\"https:\\\/\\\/www.facebook.com\\\/ElTecoloteSF\\\/\",\"https:\\\/\\\/x.com\\\/eltecolotesf\",\"https:\\\/\\\/www.instagram.com\\\/eltecolotesf\\\/\"]},{\"@type\":\"Person\",\"@id\":\"https:\\\/\\\/eltecolote.org\\\/content\\\/#\\\/schema\\\/person\\\/08828d10185eba96895a8363a269410e\",\"name\":\"El Tecolote Staff\",\"image\":{\"@type\":\"ImageObject\",\"inLanguage\":\"en\",\"@id\":\"https:\\\/\\\/secure.gravatar.com\\\/avatar\\\/9534c92c8c908364e186a64d93efc86f62367109d1b07a3454facde655968589?s=96&d=mm&r=g6afcb607783e095e4cf6be807353924d\",\"url\":\"https:\\\/\\\/secure.gravatar.com\\\/avatar\\\/9534c92c8c908364e186a64d93efc86f62367109d1b07a3454facde655968589?s=96&d=mm&r=g\",\"contentUrl\":\"https:\\\/\\\/secure.gravatar.com\\\/avatar\\\/9534c92c8c908364e186a64d93efc86f62367109d1b07a3454facde655968589?s=96&d=mm&r=g\",\"caption\":\"El Tecolote Staff\"},\"url\":\"https:\\\/\\\/eltecolote.org\\\/content\\\/author\\\/web-editor\\\/\"}]}<\/script>\n<!-- \/ Yoast SEO plugin. -->","yoast_head_json":{"title":"Indigenous Puebla community defeats Canadian mining project, for now - El Tecolote","description":"The Nahua Indigenous community in Pubela, Mexico faces climate crisis concerns, thus it vies to keep a Canadian mining company away.","robots":{"index":"index","follow":"follow","max-snippet":"max-snippet:-1","max-image-preview":"max-image-preview:large","max-video-preview":"max-video-preview:-1"},"canonical":"https:\/\/eltecolote.org\/content\/en\/indigenous-puebla-community-defeats-canadian-mining-project-for-now\/","og_locale":"en_US","og_type":"article","og_title":"Indigenous Puebla community defeats Canadian mining project, for now - El Tecolote","og_description":"The Nahua Indigenous community in Pubela, Mexico faces climate crisis concerns, thus it vies to keep a Canadian mining company away.","og_url":"https:\/\/eltecolote.org\/content\/en\/indigenous-puebla-community-defeats-canadian-mining-project-for-now\/","og_site_name":"El Tecolote","article_publisher":"https:\/\/www.facebook.com\/ElTecoloteSF\/","article_published_time":"2022-05-05T23:19:24+00:00","article_modified_time":"2022-05-23T18:13:15+00:00","og_image":[{"width":800,"height":533,"url":"https:\/\/i0.wp.com\/eltecolote.org\/content\/wp-content\/uploads\/2022\/05\/administradora_cruzocote-1024x682_web.jpeg?fit=800%2C533&ssl=1","type":"image\/jpeg"}],"author":"El Tecolote Staff","twitter_card":"summary_large_image","twitter_creator":"@eltecolotesf","twitter_site":"@eltecolotesf","twitter_misc":{"Written by":"El Tecolote Staff","Est. reading time":"5 minutes"},"schema":{"@context":"https:\/\/schema.org","@graph":[{"@type":"NewsArticle","@id":"https:\/\/eltecolote.org\/content\/en\/indigenous-puebla-community-defeats-canadian-mining-project-for-now\/#article","isPartOf":{"@id":"https:\/\/eltecolote.org\/content\/en\/indigenous-puebla-community-defeats-canadian-mining-project-for-now\/"},"author":{"name":"El Tecolote Staff","@id":"https:\/\/eltecolote.org\/content\/#\/schema\/person\/08828d10185eba96895a8363a269410e"},"headline":"Indigenous Puebla community defeats Canadian mining project, for now","datePublished":"2022-05-05T23:19:24+00:00","dateModified":"2022-05-23T18:13:15+00:00","mainEntityOfPage":{"@id":"https:\/\/eltecolote.org\/content\/en\/indigenous-puebla-community-defeats-canadian-mining-project-for-now\/"},"wordCount":947,"publisher":{"@id":"https:\/\/eltecolote.org\/content\/#organization"},"image":{"@id":"https:\/\/eltecolote.org\/content\/en\/indigenous-puebla-community-defeats-canadian-mining-project-for-now\/#primaryimage"},"thumbnailUrl":"https:\/\/i0.wp.com\/eltecolote.org\/content\/wp-content\/uploads\/2022\/05\/administradora_cruzocote-1024x682_web.jpeg?fit=800%2C533&quality=89&ssl=1","keywords":["climate crisis","environmental rights","Indigenous Peoples"],"articleSection":["Health","News"],"inLanguage":"en"},{"@type":"WebPage","@id":"https:\/\/eltecolote.org\/content\/en\/indigenous-puebla-community-defeats-canadian-mining-project-for-now\/","url":"https:\/\/eltecolote.org\/content\/en\/indigenous-puebla-community-defeats-canadian-mining-project-for-now\/","name":"Indigenous Puebla community defeats Canadian mining project, for now - El Tecolote","isPartOf":{"@id":"https:\/\/eltecolote.org\/content\/#website"},"primaryImageOfPage":{"@id":"https:\/\/eltecolote.org\/content\/en\/indigenous-puebla-community-defeats-canadian-mining-project-for-now\/#primaryimage"},"image":{"@id":"https:\/\/eltecolote.org\/content\/en\/indigenous-puebla-community-defeats-canadian-mining-project-for-now\/#primaryimage"},"thumbnailUrl":"https:\/\/i0.wp.com\/eltecolote.org\/content\/wp-content\/uploads\/2022\/05\/administradora_cruzocote-1024x682_web.jpeg?fit=800%2C533&quality=89&ssl=1","datePublished":"2022-05-05T23:19:24+00:00","dateModified":"2022-05-23T18:13:15+00:00","description":"The Nahua Indigenous community in Pubela, Mexico faces climate crisis concerns, thus it vies to keep a Canadian mining company away.","inLanguage":"en","potentialAction":[{"@type":"ReadAction","target":["https:\/\/eltecolote.org\/content\/en\/indigenous-puebla-community-defeats-canadian-mining-project-for-now\/"]}]},{"@type":"ImageObject","inLanguage":"en","@id":"https:\/\/eltecolote.org\/content\/en\/indigenous-puebla-community-defeats-canadian-mining-project-for-now\/#primaryimage","url":"https:\/\/i0.wp.com\/eltecolote.org\/content\/wp-content\/uploads\/2022\/05\/administradora_cruzocote-1024x682_web.jpeg?fit=800%2C533&quality=89&ssl=1","contentUrl":"https:\/\/i0.wp.com\/eltecolote.org\/content\/wp-content\/uploads\/2022\/05\/administradora_cruzocote-1024x682_web.jpeg?fit=800%2C533&quality=89&ssl=1","width":800,"height":533},{"@type":"WebSite","@id":"https:\/\/eltecolote.org\/content\/#website","url":"https:\/\/eltecolote.org\/content\/","name":"El Tecolote","description":"San Francisco's Latinx newspaper since 1970","publisher":{"@id":"https:\/\/eltecolote.org\/content\/#organization"},"potentialAction":[{"@type":"SearchAction","target":{"@type":"EntryPoint","urlTemplate":"https:\/\/eltecolote.org\/content\/?s={search_term_string}"},"query-input":{"@type":"PropertyValueSpecification","valueRequired":true,"valueName":"search_term_string"}}],"inLanguage":"en"},{"@type":"Organization","@id":"https:\/\/eltecolote.org\/content\/#organization","name":"El Tecolote","url":"https:\/\/eltecolote.org\/content\/","logo":{"@type":"ImageObject","inLanguage":"en","@id":"https:\/\/eltecolote.org\/content\/#\/schema\/logo\/image\/","url":"https:\/\/i0.wp.com\/eltecolote.org\/content\/wp-content\/uploads\/2021\/05\/ETlogo-1.jpg?fit=400%2C400&ssl=1","contentUrl":"https:\/\/i0.wp.com\/eltecolote.org\/content\/wp-content\/uploads\/2021\/05\/ETlogo-1.jpg?fit=400%2C400&ssl=1","width":400,"height":400,"caption":"El Tecolote"},"image":{"@id":"https:\/\/eltecolote.org\/content\/#\/schema\/logo\/image\/"},"sameAs":["https:\/\/www.facebook.com\/ElTecoloteSF\/","https:\/\/x.com\/eltecolotesf","https:\/\/www.instagram.com\/eltecolotesf\/"]},{"@type":"Person","@id":"https:\/\/eltecolote.org\/content\/#\/schema\/person\/08828d10185eba96895a8363a269410e","name":"El Tecolote Staff","image":{"@type":"ImageObject","inLanguage":"en","@id":"https:\/\/secure.gravatar.com\/avatar\/9534c92c8c908364e186a64d93efc86f62367109d1b07a3454facde655968589?s=96&d=mm&r=g6afcb607783e095e4cf6be807353924d","url":"https:\/\/secure.gravatar.com\/avatar\/9534c92c8c908364e186a64d93efc86f62367109d1b07a3454facde655968589?s=96&d=mm&r=g","contentUrl":"https:\/\/secure.gravatar.com\/avatar\/9534c92c8c908364e186a64d93efc86f62367109d1b07a3454facde655968589?s=96&d=mm&r=g","caption":"El Tecolote Staff"},"url":"https:\/\/eltecolote.org\/content\/author\/web-editor\/"}]}},"distributor_meta":false,"distributor_terms":false,"distributor_media":false,"distributor_original_site_name":"El Tecolote","distributor_original_site_url":"https:\/\/eltecolote.org\/content","push-errors":false,"_links":{"self":[{"href":"https:\/\/eltecolote.org\/content\/wp-json\/wp\/v2\/posts\/51481","targetHints":{"allow":["GET"]}}],"collection":[{"href":"https:\/\/eltecolote.org\/content\/wp-json\/wp\/v2\/posts"}],"about":[{"href":"https:\/\/eltecolote.org\/content\/wp-json\/wp\/v2\/types\/post"}],"author":[{"embeddable":true,"href":"https:\/\/eltecolote.org\/content\/wp-json\/wp\/v2\/users\/35"}],"replies":[{"embeddable":true,"href":"https:\/\/eltecolote.org\/content\/wp-json\/wp\/v2\/comments?post=51481"}],"version-history":[{"count":4,"href":"https:\/\/eltecolote.org\/content\/wp-json\/wp\/v2\/posts\/51481\/revisions"}],"predecessor-version":[{"id":51545,"href":"https:\/\/eltecolote.org\/content\/wp-json\/wp\/v2\/posts\/51481\/revisions\/51545"}],"wp:featuredmedia":[{"embeddable":true,"href":"https:\/\/eltecolote.org\/content\/wp-json\/wp\/v2\/media\/51482"}],"wp:attachment":[{"href":"https:\/\/eltecolote.org\/content\/wp-json\/wp\/v2\/media?parent=51481"}],"wp:term":[{"taxonomy":"category","embeddable":true,"href":"https:\/\/eltecolote.org\/content\/wp-json\/wp\/v2\/categories?post=51481"},{"taxonomy":"post_tag","embeddable":true,"href":"https:\/\/eltecolote.org\/content\/wp-json\/wp\/v2\/tags?post=51481"},{"taxonomy":"author","embeddable":true,"href":"https:\/\/eltecolote.org\/content\/wp-json\/wp\/v2\/coauthors?post=51481"}],"curies":[{"name":"wp","href":"https:\/\/api.w.org\/{rel}","templated":true}]}}