{"id":50953,"date":"2022-02-16T12:31:04","date_gmt":"2022-02-16T20:31:04","guid":{"rendered":"http:\/\/eltecolote.org\/content\/?p=50953"},"modified":"2022-02-16T12:31:09","modified_gmt":"2022-02-16T20:31:09","slug":"ensenar-el-lenguaje-de-senas-mejora-las-habilidades-comunicativas-de-lxs-ninxs","status":"publish","type":"post","link":"https:\/\/eltecolote.org\/content\/es\/ensenar-el-lenguaje-de-senas-mejora-las-habilidades-comunicativas-de-lxs-ninxs\/","title":{"rendered":"Ense\u00f1ar el lenguaje de se\u00f1as mejora las habilidades comunicativas de lxs ni\u00f1xs"},"content":{"rendered":"\n<p>Uno de los retos de los ni\u00f1os que a\u00fan no hablan es entender sus necesidades y deseos. Como ni\u00f1era, he estado&nbsp; en muchos momentos en los que he preguntado a un ni\u00f1o: &#8220;\u00bfQuieres esto?&#8221; mientras se\u00f1alo un objeto tras otro, intentando traducir sus gemidos o llanto.<\/p>\n\n\n\n<p>Aunque el lenguaje de se\u00f1as americano (ASL) es utilizado en los EEUU y Canad\u00e1 por la comunidad de sordos, es ben\u00e9fico para los ni\u00f1os no son sordos en su desarrollo del habla y la comunicaci\u00f3n. Los beb\u00e9s pueden entender m\u00e1s de lo que son capaces de expresar, y el lenguaje de se\u00f1as permite una comunicaci\u00f3n bidireccional entre el ni\u00f1o y alguien de su entorno.<\/p>\n\n\n\n<p>Muchas se\u00f1as reflejan su significado, como el de \u2018beber. Para hacer esta se\u00f1a, hay que formar una \u2018C\u2019 con la mano dominante y llev\u00e1rsela a la boca como si se estuviera tomando un sorbo. Este tipo de signos son ic\u00f3nicos, ya que representan lo que significan y son f\u00e1ciles de aprender para los beb\u00e9s, pero tambi\u00e9n pueden entender el significado de signos que no se parecen a lo que representan cuando se utilizan en repetidamente.<\/p>\n\n\n\n<p>Los beb\u00e9s pueden empezar a producir se\u00f1as en torno a los 8 \u00f3 10 meses si se les expone regularmente a los signos a partir de los seis meses de edad. Cuando hable con su beb\u00e9, puede se\u00f1alar y hacer se\u00f1as o mostrarle un dibujo de algo que le resulte familiar y su entorno, seguido del signo.<\/p>\n\n\n\n<p>No cabe duda que los beb\u00e9s se enfrentan a problemas de comunicaci\u00f3n cuando no son capaces de expresar sus necesidades y deseos. Ense\u00f1arles se\u00f1as como comida, leche, mam\u00e1, pap\u00e1 o sue\u00f1o, ayuda a reducir su nivel de estr\u00e9s como de los padres u otros adultos.<\/p>\n\n\n\n<p>A menudo he o\u00eddo a los padres expresar su preocupaci\u00f3n por el hecho de que ense\u00f1ar el lenguaje de se\u00f1as a un ni\u00f1o pueda impedir su desarrollo del habla si no es sordo y el ASL no es la primera lengua de su familia. Por el contrario, algunos beb\u00e9s que aprenden a hacer se\u00f1as a una edad temprana tambi\u00e9n hablan antes. El uso del lenguaje de signos aumentar\u00e1 el vocabulario del ni\u00f1o. Con \u00e9l, puede ser capaz de mantener conversaciones con sus padres antes de decir su primera palabra o frase. Los signos tambi\u00e9n aumentan el v\u00ednculo entre el beb\u00e9 y la persona con la que se comunica.<\/p>\n\n\n\n<p>\u00bfC\u00f3mo se ense\u00f1a entonces a un beb\u00e9 lenguaje de se\u00f1as? Lo primero que hay que pensar es qu\u00e9 necesidades y deseos quiere expresar el ni\u00f1o y qui\u00e9nes son las personas de su entorno. A continuaci\u00f3n, habr\u00eda que aprender los signos para las respectivas palabras, y asegurarse de que los est\u00e1 haciendo correctamente.<\/p>\n\n\n\n<p>Cuando un beb\u00e9 tiene entre seis y ocho meses, es capaz de mantener la mirada durante unos segundos, lo que permite mostrarle el signo y darle una imagen. Por ejemplo, si est\u00e1 ense\u00f1ando a un ni\u00f1o el signo de \u2018leche\u2019, puedes hacerlo en un momento que sea natural para su rutina. Puedes preparar un biber\u00f3n y decir: &#8220;\u00a1Preparemos tu leche!&#8221; o &#8220;Aqu\u00ed tienes tu leche&#8221;, y seguir con el signo. Lo mejor es empezar con tres o cinco se\u00f1as utilizando el contacto visual y diciendo la palabra en voz alta. Si observa que el ni\u00f1o mueve las manos para intentar producir el signo, ay\u00fadale a crear la forma de mano necesaria. Cuando empiece a imitar y producir un signo, puede introducir uno nuevo. No se desanime si al principio no est\u00e1 interesado o parece no entender. La constancia y la paciencia son fundamentales para ver resultados. Anime a otros miembros de la familia o a los cuidadores a aprenderlos tambi\u00e9n.<\/p>\n\n\n\n<p>Cuando los beb\u00e9s aprenden a hacer se\u00f1as, se beneficia su comunicaci\u00f3n a trav\u00e9s de la vista, el o\u00eddo y el movimiento, lo que ayuda a su memoria y, m\u00e1s tarde, a aprender el alfabeto, los n\u00fameros y los animales. Los beb\u00e9s que hacen se\u00f1as tambi\u00e9n muestran una mejora en las habilidades ling\u00fc\u00edsticas, la creatividad y la resoluci\u00f3n de problemas.<\/p>\n\n\n\n<p>Es importante se\u00f1alar que el lenguaje de se\u00f1as es diferente a los gestos. El de signos tiene reglas y par\u00e1metros que son utilizados por la comunidad de sordos. Los gestos, en cambio, son movimientos de la mano que se hacen para comunicarse, pero no son compartidos por grandes grupos de personas. Var\u00edan de una casa a otra. Si decide ense\u00f1ar a su beb\u00e9 el lenguaje de se\u00f1as americano, tenga en cuenta que debe aprender los signos correctamente por respeto a las personas de la comunidad sorda.<\/p>\n\n\n\n<p>Si desea apoyo o recursos adicionales, env\u00ede un correo electr\u00f3nico a deleon.corina@gmail.com<\/p>\n","protected":false},"excerpt":{"rendered":"<p>Uno de los retos de los ni\u00f1os que a\u00fan no hablan es entender sus necesidades y deseos. Como ni\u00f1era, he estado&nbsp; en muchos momentos en los que he preguntado a un ni\u00f1o: &#8220;\u00bfQuieres esto?&#8221; mientras se\u00f1alo un objeto tras otro, intentando traducir sus gemidos o llanto. Aunque el lenguaje de se\u00f1as americano (ASL) es utilizado [&hellip;]<\/p>\n","protected":false},"author":35,"featured_media":50951,"comment_status":"closed","ping_status":"closed","sticky":false,"template":"","format":"standard","meta":{"newspack_popups_has_disabled_popups":false,"newspack_featured_image_position":"","newspack_post_subtitle":"","newspack_article_summary_title":"Overview:","newspack_article_summary":"","newspack_hide_updated_date":false,"newspack_show_updated_date":false,"footnotes":""},"categories":[3531],"tags":[19062,6315,19061],"coauthors":[18445],"class_list":["post-50953","post","type-post","status-publish","format-standard","has-post-thumbnail","hentry","category-voces","tag-childhood-development","tag-education","tag-sign-language","entry"],"yoast_head":"<!-- This site is optimized with the Yoast SEO plugin v27.4 - https:\/\/yoast.com\/product\/yoast-seo-wordpress\/ -->\n<title>Ense\u00f1ar el lenguaje de se\u00f1as mejora las habilidades comunicativas de lxs ni\u00f1xs - El Tecolote<\/title>\n<meta name=\"description\" content=\"It&#039;s never too early to start learning sign language.\" \/>\n<meta name=\"robots\" content=\"index, follow, max-snippet:-1, max-image-preview:large, max-video-preview:-1\" \/>\n<link rel=\"canonical\" href=\"https:\/\/eltecolote.org\/content\/es\/ensenar-el-lenguaje-de-senas-mejora-las-habilidades-comunicativas-de-lxs-ninxs\/\" \/>\n<meta property=\"og:locale\" content=\"en_US\" \/>\n<meta property=\"og:type\" content=\"article\" \/>\n<meta property=\"og:title\" content=\"Ense\u00f1ar el lenguaje de se\u00f1as mejora las habilidades comunicativas de lxs ni\u00f1xs - El Tecolote\" \/>\n<meta property=\"og:description\" content=\"It&#039;s never too early to start learning sign language.\" \/>\n<meta property=\"og:url\" content=\"https:\/\/eltecolote.org\/content\/es\/ensenar-el-lenguaje-de-senas-mejora-las-habilidades-comunicativas-de-lxs-ninxs\/\" \/>\n<meta property=\"og:site_name\" content=\"El Tecolote\" \/>\n<meta property=\"article:publisher\" content=\"https:\/\/www.facebook.com\/ElTecoloteSF\/\" \/>\n<meta property=\"article:published_time\" content=\"2022-02-16T20:31:04+00:00\" \/>\n<meta property=\"article:modified_time\" content=\"2022-02-16T20:31:09+00:00\" \/>\n<meta property=\"og:image\" content=\"https:\/\/i0.wp.com\/eltecolote.org\/content\/wp-content\/uploads\/2022\/02\/Sign-language-column_web.jpg?fit=1200%2C800&ssl=1\" \/>\n\t<meta property=\"og:image:width\" content=\"1200\" \/>\n\t<meta property=\"og:image:height\" content=\"800\" \/>\n\t<meta property=\"og:image:type\" content=\"image\/jpeg\" \/>\n<meta name=\"author\" content=\"El Tecolote Staff\" \/>\n<meta name=\"twitter:card\" content=\"summary_large_image\" \/>\n<meta name=\"twitter:creator\" content=\"@eltecolotesf\" \/>\n<meta name=\"twitter:site\" content=\"@eltecolotesf\" \/>\n<meta name=\"twitter:label1\" content=\"Written by\" \/>\n\t<meta name=\"twitter:data1\" content=\"El Tecolote Staff\" \/>\n\t<meta name=\"twitter:label2\" content=\"Est. reading time\" \/>\n\t<meta name=\"twitter:data2\" content=\"4 minutes\" \/>\n<script type=\"application\/ld+json\" class=\"yoast-schema-graph\">{\"@context\":\"https:\\\/\\\/schema.org\",\"@graph\":[{\"@type\":\"NewsArticle\",\"@id\":\"https:\\\/\\\/eltecolote.org\\\/content\\\/es\\\/ensenar-el-lenguaje-de-senas-mejora-las-habilidades-comunicativas-de-lxs-ninxs\\\/#article\",\"isPartOf\":{\"@id\":\"https:\\\/\\\/eltecolote.org\\\/content\\\/es\\\/ensenar-el-lenguaje-de-senas-mejora-las-habilidades-comunicativas-de-lxs-ninxs\\\/\"},\"author\":{\"name\":\"El Tecolote Staff\",\"@id\":\"https:\\\/\\\/eltecolote.org\\\/content\\\/#\\\/schema\\\/person\\\/08828d10185eba96895a8363a269410e\"},\"headline\":\"Ense\u00f1ar el lenguaje de se\u00f1as mejora las habilidades comunicativas de lxs ni\u00f1xs\",\"datePublished\":\"2022-02-16T20:31:04+00:00\",\"dateModified\":\"2022-02-16T20:31:09+00:00\",\"mainEntityOfPage\":{\"@id\":\"https:\\\/\\\/eltecolote.org\\\/content\\\/es\\\/ensenar-el-lenguaje-de-senas-mejora-las-habilidades-comunicativas-de-lxs-ninxs\\\/\"},\"wordCount\":856,\"publisher\":{\"@id\":\"https:\\\/\\\/eltecolote.org\\\/content\\\/#organization\"},\"image\":{\"@id\":\"https:\\\/\\\/eltecolote.org\\\/content\\\/es\\\/ensenar-el-lenguaje-de-senas-mejora-las-habilidades-comunicativas-de-lxs-ninxs\\\/#primaryimage\"},\"thumbnailUrl\":\"https:\\\/\\\/i0.wp.com\\\/eltecolote.org\\\/content\\\/wp-content\\\/uploads\\\/2022\\\/02\\\/Sign-language-column_web.jpg?fit=1200%2C800&quality=89&ssl=1\",\"keywords\":[\"childhood development\",\"Education\",\"sign language\"],\"articleSection\":[\"Voces\"],\"inLanguage\":\"en\"},{\"@type\":\"WebPage\",\"@id\":\"https:\\\/\\\/eltecolote.org\\\/content\\\/es\\\/ensenar-el-lenguaje-de-senas-mejora-las-habilidades-comunicativas-de-lxs-ninxs\\\/\",\"url\":\"https:\\\/\\\/eltecolote.org\\\/content\\\/es\\\/ensenar-el-lenguaje-de-senas-mejora-las-habilidades-comunicativas-de-lxs-ninxs\\\/\",\"name\":\"Ense\u00f1ar el lenguaje de se\u00f1as mejora las habilidades comunicativas de lxs ni\u00f1xs - El Tecolote\",\"isPartOf\":{\"@id\":\"https:\\\/\\\/eltecolote.org\\\/content\\\/#website\"},\"primaryImageOfPage\":{\"@id\":\"https:\\\/\\\/eltecolote.org\\\/content\\\/es\\\/ensenar-el-lenguaje-de-senas-mejora-las-habilidades-comunicativas-de-lxs-ninxs\\\/#primaryimage\"},\"image\":{\"@id\":\"https:\\\/\\\/eltecolote.org\\\/content\\\/es\\\/ensenar-el-lenguaje-de-senas-mejora-las-habilidades-comunicativas-de-lxs-ninxs\\\/#primaryimage\"},\"thumbnailUrl\":\"https:\\\/\\\/i0.wp.com\\\/eltecolote.org\\\/content\\\/wp-content\\\/uploads\\\/2022\\\/02\\\/Sign-language-column_web.jpg?fit=1200%2C800&quality=89&ssl=1\",\"datePublished\":\"2022-02-16T20:31:04+00:00\",\"dateModified\":\"2022-02-16T20:31:09+00:00\",\"description\":\"It's never too early to start learning sign language.\",\"inLanguage\":\"en\",\"potentialAction\":[{\"@type\":\"ReadAction\",\"target\":[\"https:\\\/\\\/eltecolote.org\\\/content\\\/es\\\/ensenar-el-lenguaje-de-senas-mejora-las-habilidades-comunicativas-de-lxs-ninxs\\\/\"]}]},{\"@type\":\"ImageObject\",\"inLanguage\":\"en\",\"@id\":\"https:\\\/\\\/eltecolote.org\\\/content\\\/es\\\/ensenar-el-lenguaje-de-senas-mejora-las-habilidades-comunicativas-de-lxs-ninxs\\\/#primaryimage\",\"url\":\"https:\\\/\\\/i0.wp.com\\\/eltecolote.org\\\/content\\\/wp-content\\\/uploads\\\/2022\\\/02\\\/Sign-language-column_web.jpg?fit=1200%2C800&quality=89&ssl=1\",\"contentUrl\":\"https:\\\/\\\/i0.wp.com\\\/eltecolote.org\\\/content\\\/wp-content\\\/uploads\\\/2022\\\/02\\\/Sign-language-column_web.jpg?fit=1200%2C800&quality=89&ssl=1\",\"width\":1200,\"height\":800},{\"@type\":\"WebSite\",\"@id\":\"https:\\\/\\\/eltecolote.org\\\/content\\\/#website\",\"url\":\"https:\\\/\\\/eltecolote.org\\\/content\\\/\",\"name\":\"El Tecolote\",\"description\":\"San Francisco's Latinx newspaper since 1970\",\"publisher\":{\"@id\":\"https:\\\/\\\/eltecolote.org\\\/content\\\/#organization\"},\"potentialAction\":[{\"@type\":\"SearchAction\",\"target\":{\"@type\":\"EntryPoint\",\"urlTemplate\":\"https:\\\/\\\/eltecolote.org\\\/content\\\/?s={search_term_string}\"},\"query-input\":{\"@type\":\"PropertyValueSpecification\",\"valueRequired\":true,\"valueName\":\"search_term_string\"}}],\"inLanguage\":\"en\"},{\"@type\":\"Organization\",\"@id\":\"https:\\\/\\\/eltecolote.org\\\/content\\\/#organization\",\"name\":\"El Tecolote\",\"url\":\"https:\\\/\\\/eltecolote.org\\\/content\\\/\",\"logo\":{\"@type\":\"ImageObject\",\"inLanguage\":\"en\",\"@id\":\"https:\\\/\\\/eltecolote.org\\\/content\\\/#\\\/schema\\\/logo\\\/image\\\/\",\"url\":\"https:\\\/\\\/i0.wp.com\\\/eltecolote.org\\\/content\\\/wp-content\\\/uploads\\\/2021\\\/05\\\/ETlogo-1.jpg?fit=400%2C400&ssl=1\",\"contentUrl\":\"https:\\\/\\\/i0.wp.com\\\/eltecolote.org\\\/content\\\/wp-content\\\/uploads\\\/2021\\\/05\\\/ETlogo-1.jpg?fit=400%2C400&ssl=1\",\"width\":400,\"height\":400,\"caption\":\"El Tecolote\"},\"image\":{\"@id\":\"https:\\\/\\\/eltecolote.org\\\/content\\\/#\\\/schema\\\/logo\\\/image\\\/\"},\"sameAs\":[\"https:\\\/\\\/www.facebook.com\\\/ElTecoloteSF\\\/\",\"https:\\\/\\\/x.com\\\/eltecolotesf\",\"https:\\\/\\\/www.instagram.com\\\/eltecolotesf\\\/\"]},{\"@type\":\"Person\",\"@id\":\"https:\\\/\\\/eltecolote.org\\\/content\\\/#\\\/schema\\\/person\\\/08828d10185eba96895a8363a269410e\",\"name\":\"El Tecolote Staff\",\"image\":{\"@type\":\"ImageObject\",\"inLanguage\":\"en\",\"@id\":\"https:\\\/\\\/secure.gravatar.com\\\/avatar\\\/9534c92c8c908364e186a64d93efc86f62367109d1b07a3454facde655968589?s=96&d=mm&r=g6afcb607783e095e4cf6be807353924d\",\"url\":\"https:\\\/\\\/secure.gravatar.com\\\/avatar\\\/9534c92c8c908364e186a64d93efc86f62367109d1b07a3454facde655968589?s=96&d=mm&r=g\",\"contentUrl\":\"https:\\\/\\\/secure.gravatar.com\\\/avatar\\\/9534c92c8c908364e186a64d93efc86f62367109d1b07a3454facde655968589?s=96&d=mm&r=g\",\"caption\":\"El Tecolote Staff\"},\"url\":\"https:\\\/\\\/eltecolote.org\\\/content\\\/author\\\/web-editor\\\/\"}]}<\/script>\n<!-- \/ Yoast SEO plugin. -->","yoast_head_json":{"title":"Ense\u00f1ar el lenguaje de se\u00f1as mejora las habilidades comunicativas de lxs ni\u00f1xs - El Tecolote","description":"It's never too early to start learning sign language.","robots":{"index":"index","follow":"follow","max-snippet":"max-snippet:-1","max-image-preview":"max-image-preview:large","max-video-preview":"max-video-preview:-1"},"canonical":"https:\/\/eltecolote.org\/content\/es\/ensenar-el-lenguaje-de-senas-mejora-las-habilidades-comunicativas-de-lxs-ninxs\/","og_locale":"en_US","og_type":"article","og_title":"Ense\u00f1ar el lenguaje de se\u00f1as mejora las habilidades comunicativas de lxs ni\u00f1xs - El Tecolote","og_description":"It's never too early to start learning sign language.","og_url":"https:\/\/eltecolote.org\/content\/es\/ensenar-el-lenguaje-de-senas-mejora-las-habilidades-comunicativas-de-lxs-ninxs\/","og_site_name":"El Tecolote","article_publisher":"https:\/\/www.facebook.com\/ElTecoloteSF\/","article_published_time":"2022-02-16T20:31:04+00:00","article_modified_time":"2022-02-16T20:31:09+00:00","og_image":[{"width":1200,"height":800,"url":"https:\/\/i0.wp.com\/eltecolote.org\/content\/wp-content\/uploads\/2022\/02\/Sign-language-column_web.jpg?fit=1200%2C800&ssl=1","type":"image\/jpeg"}],"author":"El Tecolote Staff","twitter_card":"summary_large_image","twitter_creator":"@eltecolotesf","twitter_site":"@eltecolotesf","twitter_misc":{"Written by":"El Tecolote Staff","Est. reading time":"4 minutes"},"schema":{"@context":"https:\/\/schema.org","@graph":[{"@type":"NewsArticle","@id":"https:\/\/eltecolote.org\/content\/es\/ensenar-el-lenguaje-de-senas-mejora-las-habilidades-comunicativas-de-lxs-ninxs\/#article","isPartOf":{"@id":"https:\/\/eltecolote.org\/content\/es\/ensenar-el-lenguaje-de-senas-mejora-las-habilidades-comunicativas-de-lxs-ninxs\/"},"author":{"name":"El Tecolote Staff","@id":"https:\/\/eltecolote.org\/content\/#\/schema\/person\/08828d10185eba96895a8363a269410e"},"headline":"Ense\u00f1ar el lenguaje de se\u00f1as mejora las habilidades comunicativas de lxs ni\u00f1xs","datePublished":"2022-02-16T20:31:04+00:00","dateModified":"2022-02-16T20:31:09+00:00","mainEntityOfPage":{"@id":"https:\/\/eltecolote.org\/content\/es\/ensenar-el-lenguaje-de-senas-mejora-las-habilidades-comunicativas-de-lxs-ninxs\/"},"wordCount":856,"publisher":{"@id":"https:\/\/eltecolote.org\/content\/#organization"},"image":{"@id":"https:\/\/eltecolote.org\/content\/es\/ensenar-el-lenguaje-de-senas-mejora-las-habilidades-comunicativas-de-lxs-ninxs\/#primaryimage"},"thumbnailUrl":"https:\/\/i0.wp.com\/eltecolote.org\/content\/wp-content\/uploads\/2022\/02\/Sign-language-column_web.jpg?fit=1200%2C800&quality=89&ssl=1","keywords":["childhood development","Education","sign language"],"articleSection":["Voces"],"inLanguage":"en"},{"@type":"WebPage","@id":"https:\/\/eltecolote.org\/content\/es\/ensenar-el-lenguaje-de-senas-mejora-las-habilidades-comunicativas-de-lxs-ninxs\/","url":"https:\/\/eltecolote.org\/content\/es\/ensenar-el-lenguaje-de-senas-mejora-las-habilidades-comunicativas-de-lxs-ninxs\/","name":"Ense\u00f1ar el lenguaje de se\u00f1as mejora las habilidades comunicativas de lxs ni\u00f1xs - El Tecolote","isPartOf":{"@id":"https:\/\/eltecolote.org\/content\/#website"},"primaryImageOfPage":{"@id":"https:\/\/eltecolote.org\/content\/es\/ensenar-el-lenguaje-de-senas-mejora-las-habilidades-comunicativas-de-lxs-ninxs\/#primaryimage"},"image":{"@id":"https:\/\/eltecolote.org\/content\/es\/ensenar-el-lenguaje-de-senas-mejora-las-habilidades-comunicativas-de-lxs-ninxs\/#primaryimage"},"thumbnailUrl":"https:\/\/i0.wp.com\/eltecolote.org\/content\/wp-content\/uploads\/2022\/02\/Sign-language-column_web.jpg?fit=1200%2C800&quality=89&ssl=1","datePublished":"2022-02-16T20:31:04+00:00","dateModified":"2022-02-16T20:31:09+00:00","description":"It's never too early to start learning sign language.","inLanguage":"en","potentialAction":[{"@type":"ReadAction","target":["https:\/\/eltecolote.org\/content\/es\/ensenar-el-lenguaje-de-senas-mejora-las-habilidades-comunicativas-de-lxs-ninxs\/"]}]},{"@type":"ImageObject","inLanguage":"en","@id":"https:\/\/eltecolote.org\/content\/es\/ensenar-el-lenguaje-de-senas-mejora-las-habilidades-comunicativas-de-lxs-ninxs\/#primaryimage","url":"https:\/\/i0.wp.com\/eltecolote.org\/content\/wp-content\/uploads\/2022\/02\/Sign-language-column_web.jpg?fit=1200%2C800&quality=89&ssl=1","contentUrl":"https:\/\/i0.wp.com\/eltecolote.org\/content\/wp-content\/uploads\/2022\/02\/Sign-language-column_web.jpg?fit=1200%2C800&quality=89&ssl=1","width":1200,"height":800},{"@type":"WebSite","@id":"https:\/\/eltecolote.org\/content\/#website","url":"https:\/\/eltecolote.org\/content\/","name":"El Tecolote","description":"San Francisco's Latinx newspaper since 1970","publisher":{"@id":"https:\/\/eltecolote.org\/content\/#organization"},"potentialAction":[{"@type":"SearchAction","target":{"@type":"EntryPoint","urlTemplate":"https:\/\/eltecolote.org\/content\/?s={search_term_string}"},"query-input":{"@type":"PropertyValueSpecification","valueRequired":true,"valueName":"search_term_string"}}],"inLanguage":"en"},{"@type":"Organization","@id":"https:\/\/eltecolote.org\/content\/#organization","name":"El Tecolote","url":"https:\/\/eltecolote.org\/content\/","logo":{"@type":"ImageObject","inLanguage":"en","@id":"https:\/\/eltecolote.org\/content\/#\/schema\/logo\/image\/","url":"https:\/\/i0.wp.com\/eltecolote.org\/content\/wp-content\/uploads\/2021\/05\/ETlogo-1.jpg?fit=400%2C400&ssl=1","contentUrl":"https:\/\/i0.wp.com\/eltecolote.org\/content\/wp-content\/uploads\/2021\/05\/ETlogo-1.jpg?fit=400%2C400&ssl=1","width":400,"height":400,"caption":"El Tecolote"},"image":{"@id":"https:\/\/eltecolote.org\/content\/#\/schema\/logo\/image\/"},"sameAs":["https:\/\/www.facebook.com\/ElTecoloteSF\/","https:\/\/x.com\/eltecolotesf","https:\/\/www.instagram.com\/eltecolotesf\/"]},{"@type":"Person","@id":"https:\/\/eltecolote.org\/content\/#\/schema\/person\/08828d10185eba96895a8363a269410e","name":"El Tecolote Staff","image":{"@type":"ImageObject","inLanguage":"en","@id":"https:\/\/secure.gravatar.com\/avatar\/9534c92c8c908364e186a64d93efc86f62367109d1b07a3454facde655968589?s=96&d=mm&r=g6afcb607783e095e4cf6be807353924d","url":"https:\/\/secure.gravatar.com\/avatar\/9534c92c8c908364e186a64d93efc86f62367109d1b07a3454facde655968589?s=96&d=mm&r=g","contentUrl":"https:\/\/secure.gravatar.com\/avatar\/9534c92c8c908364e186a64d93efc86f62367109d1b07a3454facde655968589?s=96&d=mm&r=g","caption":"El Tecolote Staff"},"url":"https:\/\/eltecolote.org\/content\/author\/web-editor\/"}]}},"distributor_meta":false,"distributor_terms":false,"distributor_media":false,"distributor_original_site_name":"El Tecolote","distributor_original_site_url":"https:\/\/eltecolote.org\/content","push-errors":false,"_links":{"self":[{"href":"https:\/\/eltecolote.org\/content\/wp-json\/wp\/v2\/posts\/50953","targetHints":{"allow":["GET"]}}],"collection":[{"href":"https:\/\/eltecolote.org\/content\/wp-json\/wp\/v2\/posts"}],"about":[{"href":"https:\/\/eltecolote.org\/content\/wp-json\/wp\/v2\/types\/post"}],"author":[{"embeddable":true,"href":"https:\/\/eltecolote.org\/content\/wp-json\/wp\/v2\/users\/35"}],"replies":[{"embeddable":true,"href":"https:\/\/eltecolote.org\/content\/wp-json\/wp\/v2\/comments?post=50953"}],"version-history":[{"count":1,"href":"https:\/\/eltecolote.org\/content\/wp-json\/wp\/v2\/posts\/50953\/revisions"}],"predecessor-version":[{"id":50954,"href":"https:\/\/eltecolote.org\/content\/wp-json\/wp\/v2\/posts\/50953\/revisions\/50954"}],"wp:featuredmedia":[{"embeddable":true,"href":"https:\/\/eltecolote.org\/content\/wp-json\/wp\/v2\/media\/50951"}],"wp:attachment":[{"href":"https:\/\/eltecolote.org\/content\/wp-json\/wp\/v2\/media?parent=50953"}],"wp:term":[{"taxonomy":"category","embeddable":true,"href":"https:\/\/eltecolote.org\/content\/wp-json\/wp\/v2\/categories?post=50953"},{"taxonomy":"post_tag","embeddable":true,"href":"https:\/\/eltecolote.org\/content\/wp-json\/wp\/v2\/tags?post=50953"},{"taxonomy":"author","embeddable":true,"href":"https:\/\/eltecolote.org\/content\/wp-json\/wp\/v2\/coauthors?post=50953"}],"curies":[{"name":"wp","href":"https:\/\/api.w.org\/{rel}","templated":true}]}}