{"id":49765,"date":"2021-09-11T14:14:00","date_gmt":"2021-09-11T21:14:00","guid":{"rendered":"http:\/\/eltecolote.org\/content\/?p=49765"},"modified":"2021-09-12T14:16:02","modified_gmt":"2021-09-12T21:16:02","slug":"yolanda-lopez-presente-ahora-y-siempre","status":"publish","type":"post","link":"https:\/\/eltecolote.org\/content\/es\/yolanda-lopez-presente-ahora-y-siempre\/","title":{"rendered":"Yolanda L\u00f3pez \u00a1Presente! \u00a1Ahora y siempre!"},"content":{"rendered":"\n<p>Hace pocos d\u00edas muri\u00f3 Yolanda L\u00f3pez, artista \u00edcono del arte y de la comunidad Chicana.<\/p>\n\n\n\n<p>Su muerte ha inspirado a mucha gente, que ha escrito sentidas y bellas palabras en su honor.<\/p>\n\n\n\n<p>Las siguientes frases representan mi humilde contribuci\u00f3n.<\/p>\n\n\n\n<p>Haciendo eco del canto que encabeza esta columna, creo que ella sigue con nosotros. Espiritualmente, no se ha ido. Su legado persiste y llega a las mentes y corazones de quienes tuvieron la suerte de conocerla y convivir con ella.<\/p>\n\n\n\n<p>Conoc\u00ed a Yolanda a finales de los a\u00f1os setenta. Ambos \u00e9ramos activistas culturales en La Misi\u00f3n, el Barrio Latino de San Francisco. Su especialidad era el arte gr\u00e1fico. Lo m\u00edo era el teatro.<\/p>\n\n\n\n<p>Con Yolanda, cruzamos caminos en ic\u00f3nicos momentos, as\u00ed fueran inauguraciones de galer\u00edas de arte, festivales de teatro, o eventos que suced\u00edan en los lienzos de la calle, como las fiestas que celebraban un nuevo mural, la Procesi\u00f3n del D\u00eda de los Muertos o durante el Carnaval.<\/p>\n\n\n\n<p>Pienso que no fue suficiente. Quisiera haber colaborado mucho m\u00e1s art\u00edsticamente, m\u00e1s all\u00e1 de haber tenido esos numerosos pero breves encuentros.<\/p>\n\n\n\n<div class=\"wp-block-image\"><figure class=\"aligncenter size-large\"><img data-recalc-dims=\"1\" loading=\"lazy\" decoding=\"async\" width=\"600\" height=\"399\" src=\"https:\/\/i0.wp.com\/eltecolote.org\/content\/wp-content\/uploads\/2021\/09\/Yolanda-Lopez_Shane-Menez_web-1.jpg?resize=600%2C399&#038;quality=89&#038;ssl=1\" alt=\"\" class=\"wp-image-49747\" srcset=\"https:\/\/i0.wp.com\/eltecolote.org\/content\/wp-content\/uploads\/2021\/09\/Yolanda-Lopez_Shane-Menez_web-1.jpg?resize=600%2C399&amp;quality=89&amp;ssl=1 600w, https:\/\/i0.wp.com\/eltecolote.org\/content\/wp-content\/uploads\/2021\/09\/Yolanda-Lopez_Shane-Menez_web-1.jpg?resize=360%2C239&amp;quality=89&amp;ssl=1 360w, https:\/\/i0.wp.com\/eltecolote.org\/content\/wp-content\/uploads\/2021\/09\/Yolanda-Lopez_Shane-Menez_web-1.jpg?resize=768%2C511&amp;quality=89&amp;ssl=1 768w, https:\/\/i0.wp.com\/eltecolote.org\/content\/wp-content\/uploads\/2021\/09\/Yolanda-Lopez_Shane-Menez_web-1.jpg?resize=370%2C246&amp;quality=89&amp;ssl=1 370w, https:\/\/i0.wp.com\/eltecolote.org\/content\/wp-content\/uploads\/2021\/09\/Yolanda-Lopez_Shane-Menez_web-1.jpg?resize=800%2C532&amp;quality=89&amp;ssl=1 800w, https:\/\/i0.wp.com\/eltecolote.org\/content\/wp-content\/uploads\/2021\/09\/Yolanda-Lopez_Shane-Menez_web-1.jpg?resize=20%2C13&amp;quality=89&amp;ssl=1 20w, https:\/\/i0.wp.com\/eltecolote.org\/content\/wp-content\/uploads\/2021\/09\/Yolanda-Lopez_Shane-Menez_web-1.jpg?resize=185%2C123&amp;quality=89&amp;ssl=1 185w, https:\/\/i0.wp.com\/eltecolote.org\/content\/wp-content\/uploads\/2021\/09\/Yolanda-Lopez_Shane-Menez_web-1.jpg?resize=740%2C492&amp;quality=89&amp;ssl=1 740w, https:\/\/i0.wp.com\/eltecolote.org\/content\/wp-content\/uploads\/2021\/09\/Yolanda-Lopez_Shane-Menez_web-1.jpg?resize=400%2C266&amp;quality=89&amp;ssl=1 400w, https:\/\/i0.wp.com\/eltecolote.org\/content\/wp-content\/uploads\/2021\/09\/Yolanda-Lopez_Shane-Menez_web-1.jpg?resize=72%2C48&amp;quality=89&amp;ssl=1 72w, https:\/\/i0.wp.com\/eltecolote.org\/content\/wp-content\/uploads\/2021\/09\/Yolanda-Lopez_Shane-Menez_web-1.jpg?w=1200&amp;quality=89&amp;ssl=1 1200w\" sizes=\"auto, (max-width: 600px) 100vw, 600px\" \/><figcaption>Foto: Shane Menez<\/figcaption><\/figure><\/div>\n\n\n\n<p>Hace algunos meses, el escritor y actor teatral Paul Flores me pidi\u00f3 una entrevista. Estaba planeando realizar una pieza de teatro callejero, basada en tres artistas que hab\u00edan trabajado en La Misi\u00f3n por muchos a\u00f1os: Joan Holden, directora art\u00edstica del San Francisco Mime Troupe, Yolanda L\u00f3pez, y yo.<\/p>\n\n\n\n<p>Le dije a Paul que agradec\u00eda el que me incluyera junto a esas ilustres compa\u00f1eras. C\u00e1ndidamente, me respondi\u00f3 que \u2014aunque hubiera pensado en m\u00ed\u2014 la decisi\u00f3n de incluirme fue influenciada por lo que Yolanda L\u00f3pez hab\u00eda dicho respecto a mi trabajo. En su inimitable manera, ella le aconsej\u00f3: \u201c\u00a1Ojal\u00e1 que incluyas a Carlos!\u201d. A Paul, eso tal vez le son\u00f3 como algo m\u00e1s que una sugerencia. \u00bfTal vez era un claro e inconfundible mensaje?&nbsp;<\/p>\n\n\n\n<p>Hace pocas semanas llam\u00e9 a Yolanda. Sab\u00eda que su enfermedad avanzaba r\u00e1pidamente y quer\u00eda agradecerle las buenas palabras que comparti\u00f3 acerca de mi trabajo. Adem\u00e1s, quer\u00eda entrevistarla para esta columna.<\/p>\n\n\n\n<p>Yolanda me cont\u00f3 que hab\u00eda seguido mi carrera a trav\u00e9s de los a\u00f1os, vi\u00e9ndome actuar en presentaciones de teatro callejero (durante el D\u00eda de los Muertos y otras), o hab\u00eda visto obras que yo hab\u00eda escrito o dirigido. \u00a1Ella recordaba detalles que yo casi hab\u00eda olvidado! En otra parte de la conversaci\u00f3n, me hizo sugerencias acerca de otro tipo de obras de teatro que podr\u00eda (o deber\u00eda) crear en un futuro cercano. \u00a1Otro claro y directo mensaje!<\/p>\n\n\n\n<p>Le dije que estaba feliz y honrado por su inter\u00e9s y apreciaci\u00f3n por mi trabajo teatral, que yo siempre hab\u00eda admirado y respetado su trabajo. Se ri\u00f3 con gusto y expres\u00f3: \u201c\u00a1Bueno, l\u00e1stima que no declaramos esta mutua admiraci\u00f3n un poco antes!\u201d.<\/p>\n\n\n\n<p>Hablando de su trabajo, mencion\u00e9 su \u201cTrilog\u00eda Guadalupana\u201d. Le dije que apreciaba el hecho de que hubiera mostrado tres distintas v\u00edrgenes de Guadalupe. Todas mujeres trabajadoras.<\/p>\n\n\n\n<div class=\"wp-block-image\"><figure class=\"aligncenter size-large\"><img data-recalc-dims=\"1\" loading=\"lazy\" decoding=\"async\" width=\"600\" height=\"295\" src=\"https:\/\/i0.wp.com\/eltecolote.org\/content\/wp-content\/uploads\/2021\/09\/Copy-of-YOLANDA-LOPEZ2_web-1.jpg?resize=600%2C295&#038;quality=89&#038;ssl=1\" alt=\"\" class=\"wp-image-49752\" srcset=\"https:\/\/i0.wp.com\/eltecolote.org\/content\/wp-content\/uploads\/2021\/09\/Copy-of-YOLANDA-LOPEZ2_web-1.jpg?resize=600%2C295&amp;quality=89&amp;ssl=1 600w, https:\/\/i0.wp.com\/eltecolote.org\/content\/wp-content\/uploads\/2021\/09\/Copy-of-YOLANDA-LOPEZ2_web-1.jpg?resize=360%2C177&amp;quality=89&amp;ssl=1 360w, https:\/\/i0.wp.com\/eltecolote.org\/content\/wp-content\/uploads\/2021\/09\/Copy-of-YOLANDA-LOPEZ2_web-1.jpg?resize=768%2C377&amp;quality=89&amp;ssl=1 768w, https:\/\/i0.wp.com\/eltecolote.org\/content\/wp-content\/uploads\/2021\/09\/Copy-of-YOLANDA-LOPEZ2_web-1.jpg?resize=370%2C182&amp;quality=89&amp;ssl=1 370w, https:\/\/i0.wp.com\/eltecolote.org\/content\/wp-content\/uploads\/2021\/09\/Copy-of-YOLANDA-LOPEZ2_web-1.jpg?resize=800%2C393&amp;quality=89&amp;ssl=1 800w, https:\/\/i0.wp.com\/eltecolote.org\/content\/wp-content\/uploads\/2021\/09\/Copy-of-YOLANDA-LOPEZ2_web-1.jpg?resize=185%2C91&amp;quality=89&amp;ssl=1 185w, https:\/\/i0.wp.com\/eltecolote.org\/content\/wp-content\/uploads\/2021\/09\/Copy-of-YOLANDA-LOPEZ2_web-1.jpg?resize=740%2C364&amp;quality=89&amp;ssl=1 740w, https:\/\/i0.wp.com\/eltecolote.org\/content\/wp-content\/uploads\/2021\/09\/Copy-of-YOLANDA-LOPEZ2_web-1.jpg?resize=20%2C10&amp;quality=89&amp;ssl=1 20w, https:\/\/i0.wp.com\/eltecolote.org\/content\/wp-content\/uploads\/2021\/09\/Copy-of-YOLANDA-LOPEZ2_web-1.jpg?resize=400%2C197&amp;quality=89&amp;ssl=1 400w, https:\/\/i0.wp.com\/eltecolote.org\/content\/wp-content\/uploads\/2021\/09\/Copy-of-YOLANDA-LOPEZ2_web-1.jpg?resize=98%2C48&amp;quality=89&amp;ssl=1 98w, https:\/\/i0.wp.com\/eltecolote.org\/content\/wp-content\/uploads\/2021\/09\/Copy-of-YOLANDA-LOPEZ2_web-1.jpg?w=1050&amp;quality=89&amp;ssl=1 1050w\" sizes=\"auto, (max-width: 600px) 100vw, 600px\" \/><figcaption>Yolanda Lopez&#8217;s art<\/figcaption><\/figure><\/div>\n\n\n\n<p>Por su parte, ella comparti\u00f3 conceptos que yo conoc\u00eda por entrevistas suyas en peri\u00f3dicos o en videos. \u201cQuer\u00eda ver m\u00e1s mujeres en los trabajos gr\u00e1ficos chicanos. Hab\u00eda escasas im\u00e1genes femeninas, hechas generalmente por hombres. Demasiado estereotipadas o sexualizadas. Ya que \u2018la Guadalupe\u2019 era tal vez la imagen m\u00e1s repetida en las murallas de las familias de la Raza, decid\u00ed usar su imagen\u2026 pero quise que mis versiones de la virgen fueran m\u00e1s accesibles, m\u00e1s reales, m\u00e1s humanas, menos divinizadas\u201d.<\/p>\n\n\n\n<p>Le confi\u00e9 que, hace varios a\u00f1os, impart\u00ed (en la Universidad Estatal de San Francisco) una clase llamada \u2018Cultura y valores de La Raza\u2019. En ella, compart\u00ed un art\u00edculo de la escritora puertorrique\u00f1a Magali Garc\u00eda Ramis, titulado \u2018No queremos a la Virgen\u2019, una cr\u00edtica feminista del machismo y del extremado marianismo en Puerto Rico.<\/p>\n\n\n\n<p>Con ese art\u00edculo, quise iniciar una discusi\u00f3n acerca de la influencia de la iglesia cat\u00f3lica (y de los hombres que la controlan) en nuestros pueblos latinoamericanos. Fuera en M\u00e9xico, Chile, Puerto Rico, o en los EEUU.<\/p>\n\n\n\n<p>Me sorprendi\u00f3 mucho el que algunas muchachas, alumnas de esa la clase, fueran ante el Decano del Colegio de Estudios \u00c9tnicos y demandaran no se me permitiera impartir clases en el Departamento de Estudios de La Raza, pues \u201c\u00a1Ese maestro no cree en la Virgen de Guadalupe!\u201d<\/p>\n\n\n\n<p>\u00bfAcaso algo parecido le pas\u00f3 a Yolanda con su \u2018Trilog\u00eda Guadalupana\u2019?<\/p>\n\n\n\n<p>De nuevo, Yolanda se ech\u00f3 a re\u00edr. \u201c\u00a1Por supuesto! Cuando mi trabajo, incluyendo la \u2018Trilog\u00eda\u2019 se iba a exhibir en una galer\u00eda de Los \u00c1ngeles, a los organizadores y a m\u00ed nos amenazaron de muerte. \u00a1Tuvimos que conseguir guardaespaldas para nuestra protecci\u00f3n! No hab\u00eda captado el enorme peso que tiene la religi\u00f3n sobre mucha de nuestra gente. \u00a1Esos \u2018guadalupanos\u2019 quer\u00edan mi cabeza en una estaca!\u201d<\/p>\n\n\n\n<p>Si las buenas intenciones de una artista o de un maestro son malentendidas, eso puede ser peligroso. Hay quienes reaccionan violentamente en contra de quienes solo tratan de ayudarles a pensar cr\u00edticamente.<\/p>\n\n\n\n<p>Yolanda L\u00f3pez sab\u00eda que el proceso de educar puede incluir un rechazo inicial por parte de quienes se desea ense\u00f1ar; es parte del proceso de ense\u00f1anza. Ella no huy\u00f3 de las batallas. El amor por su trabajo y por su gente fueron tareas que valieron la pena.<\/p>\n\n\n\n<p>Por eso insisto: Yolanda L\u00f3pez sigue presente. \u00a1Ahora y siempre!<\/p>\n","protected":false},"excerpt":{"rendered":"<p>Hace pocos d\u00edas muri\u00f3 Yolanda L\u00f3pez, artista \u00edcono del arte y de la comunidad Chicana. Su muerte ha inspirado a mucha gente, que ha escrito sentidas y bellas palabras en su honor. Las siguientes frases representan mi humilde contribuci\u00f3n. Haciendo eco del canto que encabeza esta columna, creo que ella sigue con nosotros. Espiritualmente, no [&hellip;]<\/p>\n","protected":false},"author":35,"featured_media":49716,"comment_status":"open","ping_status":"closed","sticky":false,"template":"","format":"standard","meta":{"newspack_popups_has_disabled_popups":false,"newspack_featured_image_position":"","newspack_post_subtitle":"","newspack_article_summary_title":"Overview:","newspack_article_summary":"","newspack_hide_updated_date":false,"newspack_show_updated_date":false,"footnotes":""},"categories":[3531],"tags":[],"coauthors":[18445],"class_list":["post-49765","post","type-post","status-publish","format-standard","has-post-thumbnail","hentry","category-voces","entry"],"yoast_head":"<!-- This site is optimized with the Yoast SEO plugin v27.5 - https:\/\/yoast.com\/product\/yoast-seo-wordpress\/ -->\n<title>Yolanda L\u00f3pez \u00a1Presente! \u00a1Ahora y siempre! - El Tecolote<\/title>\n<meta name=\"description\" content=\"A few days ago, the Chicana artist and community icon Yolanda L\u00f3pez died.Her passing has inspired many people to write some heartfelt, beautiful words in her honor.\" \/>\n<meta name=\"robots\" content=\"index, follow, max-snippet:-1, max-image-preview:large, max-video-preview:-1\" \/>\n<link rel=\"canonical\" href=\"https:\/\/eltecolote.org\/content\/es\/yolanda-lopez-presente-ahora-y-siempre\/\" \/>\n<meta property=\"og:locale\" content=\"en_US\" \/>\n<meta property=\"og:type\" content=\"article\" \/>\n<meta property=\"og:title\" content=\"Yolanda L\u00f3pez \u00a1Presente! \u00a1Ahora y siempre! - El Tecolote\" \/>\n<meta property=\"og:description\" content=\"A few days ago, the Chicana artist and community icon Yolanda L\u00f3pez died.Her passing has inspired many people to write some heartfelt, beautiful words in her honor.\" \/>\n<meta property=\"og:url\" content=\"https:\/\/eltecolote.org\/content\/es\/yolanda-lopez-presente-ahora-y-siempre\/\" \/>\n<meta property=\"og:site_name\" content=\"El Tecolote\" \/>\n<meta property=\"article:publisher\" content=\"https:\/\/www.facebook.com\/ElTecoloteSF\/\" \/>\n<meta property=\"article:published_time\" content=\"2021-09-11T21:14:00+00:00\" \/>\n<meta property=\"article:modified_time\" content=\"2021-09-12T21:16:02+00:00\" \/>\n<meta property=\"og:image\" content=\"https:\/\/i0.wp.com\/eltecolote.org\/content\/wp-content\/uploads\/2021\/09\/Yolanda-Lopez_Shane-Menez_web.jpg?fit=1200%2C798&ssl=1\" \/>\n\t<meta property=\"og:image:width\" content=\"1200\" \/>\n\t<meta property=\"og:image:height\" content=\"798\" \/>\n\t<meta property=\"og:image:type\" content=\"image\/jpeg\" \/>\n<meta name=\"author\" content=\"El Tecolote Staff\" \/>\n<meta name=\"twitter:card\" content=\"summary_large_image\" \/>\n<meta name=\"twitter:creator\" content=\"@eltecolotesf\" \/>\n<meta name=\"twitter:site\" content=\"@eltecolotesf\" \/>\n<meta name=\"twitter:label1\" content=\"Written by\" \/>\n\t<meta name=\"twitter:data1\" content=\"El Tecolote Staff\" \/>\n\t<meta name=\"twitter:label2\" content=\"Est. reading time\" \/>\n\t<meta name=\"twitter:data2\" content=\"5 minutes\" \/>\n<script type=\"application\/ld+json\" class=\"yoast-schema-graph\">{\"@context\":\"https:\\\/\\\/schema.org\",\"@graph\":[{\"@type\":\"NewsArticle\",\"@id\":\"https:\\\/\\\/eltecolote.org\\\/content\\\/es\\\/yolanda-lopez-presente-ahora-y-siempre\\\/#article\",\"isPartOf\":{\"@id\":\"https:\\\/\\\/eltecolote.org\\\/content\\\/es\\\/yolanda-lopez-presente-ahora-y-siempre\\\/\"},\"author\":{\"name\":\"El Tecolote Staff\",\"@id\":\"https:\\\/\\\/eltecolote.org\\\/content\\\/#\\\/schema\\\/person\\\/08828d10185eba96895a8363a269410e\"},\"headline\":\"Yolanda L\u00f3pez \u00a1Presente! \u00a1Ahora y siempre!\",\"datePublished\":\"2021-09-11T21:14:00+00:00\",\"dateModified\":\"2021-09-12T21:16:02+00:00\",\"mainEntityOfPage\":{\"@id\":\"https:\\\/\\\/eltecolote.org\\\/content\\\/es\\\/yolanda-lopez-presente-ahora-y-siempre\\\/\"},\"wordCount\":955,\"commentCount\":0,\"publisher\":{\"@id\":\"https:\\\/\\\/eltecolote.org\\\/content\\\/#organization\"},\"image\":{\"@id\":\"https:\\\/\\\/eltecolote.org\\\/content\\\/es\\\/yolanda-lopez-presente-ahora-y-siempre\\\/#primaryimage\"},\"thumbnailUrl\":\"https:\\\/\\\/i0.wp.com\\\/eltecolote.org\\\/content\\\/wp-content\\\/uploads\\\/2021\\\/09\\\/Yolanda-Lopez_Shane-Menez_web.jpg?fit=1200%2C798&quality=89&ssl=1\",\"articleSection\":[\"Voces\"],\"inLanguage\":\"en\",\"potentialAction\":[{\"@type\":\"CommentAction\",\"name\":\"Comment\",\"target\":[\"https:\\\/\\\/eltecolote.org\\\/content\\\/es\\\/yolanda-lopez-presente-ahora-y-siempre\\\/#respond\"]}]},{\"@type\":\"WebPage\",\"@id\":\"https:\\\/\\\/eltecolote.org\\\/content\\\/es\\\/yolanda-lopez-presente-ahora-y-siempre\\\/\",\"url\":\"https:\\\/\\\/eltecolote.org\\\/content\\\/es\\\/yolanda-lopez-presente-ahora-y-siempre\\\/\",\"name\":\"Yolanda L\u00f3pez \u00a1Presente! \u00a1Ahora y siempre! - El Tecolote\",\"isPartOf\":{\"@id\":\"https:\\\/\\\/eltecolote.org\\\/content\\\/#website\"},\"primaryImageOfPage\":{\"@id\":\"https:\\\/\\\/eltecolote.org\\\/content\\\/es\\\/yolanda-lopez-presente-ahora-y-siempre\\\/#primaryimage\"},\"image\":{\"@id\":\"https:\\\/\\\/eltecolote.org\\\/content\\\/es\\\/yolanda-lopez-presente-ahora-y-siempre\\\/#primaryimage\"},\"thumbnailUrl\":\"https:\\\/\\\/i0.wp.com\\\/eltecolote.org\\\/content\\\/wp-content\\\/uploads\\\/2021\\\/09\\\/Yolanda-Lopez_Shane-Menez_web.jpg?fit=1200%2C798&quality=89&ssl=1\",\"datePublished\":\"2021-09-11T21:14:00+00:00\",\"dateModified\":\"2021-09-12T21:16:02+00:00\",\"description\":\"A few days ago, the Chicana artist and community icon Yolanda L\u00f3pez died.Her passing has inspired many people to write some heartfelt, beautiful words in her honor.\",\"inLanguage\":\"en\",\"potentialAction\":[{\"@type\":\"ReadAction\",\"target\":[\"https:\\\/\\\/eltecolote.org\\\/content\\\/es\\\/yolanda-lopez-presente-ahora-y-siempre\\\/\"]}]},{\"@type\":\"ImageObject\",\"inLanguage\":\"en\",\"@id\":\"https:\\\/\\\/eltecolote.org\\\/content\\\/es\\\/yolanda-lopez-presente-ahora-y-siempre\\\/#primaryimage\",\"url\":\"https:\\\/\\\/i0.wp.com\\\/eltecolote.org\\\/content\\\/wp-content\\\/uploads\\\/2021\\\/09\\\/Yolanda-Lopez_Shane-Menez_web.jpg?fit=1200%2C798&quality=89&ssl=1\",\"contentUrl\":\"https:\\\/\\\/i0.wp.com\\\/eltecolote.org\\\/content\\\/wp-content\\\/uploads\\\/2021\\\/09\\\/Yolanda-Lopez_Shane-Menez_web.jpg?fit=1200%2C798&quality=89&ssl=1\",\"width\":1200,\"height\":798,\"caption\":\"Yolanda M. Lopez. Photo: Shane Menez\"},{\"@type\":\"WebSite\",\"@id\":\"https:\\\/\\\/eltecolote.org\\\/content\\\/#website\",\"url\":\"https:\\\/\\\/eltecolote.org\\\/content\\\/\",\"name\":\"El Tecolote\",\"description\":\"San Francisco's Latinx newspaper since 1970\",\"publisher\":{\"@id\":\"https:\\\/\\\/eltecolote.org\\\/content\\\/#organization\"},\"potentialAction\":[{\"@type\":\"SearchAction\",\"target\":{\"@type\":\"EntryPoint\",\"urlTemplate\":\"https:\\\/\\\/eltecolote.org\\\/content\\\/?s={search_term_string}\"},\"query-input\":{\"@type\":\"PropertyValueSpecification\",\"valueRequired\":true,\"valueName\":\"search_term_string\"}}],\"inLanguage\":\"en\"},{\"@type\":\"Organization\",\"@id\":\"https:\\\/\\\/eltecolote.org\\\/content\\\/#organization\",\"name\":\"El Tecolote\",\"url\":\"https:\\\/\\\/eltecolote.org\\\/content\\\/\",\"logo\":{\"@type\":\"ImageObject\",\"inLanguage\":\"en\",\"@id\":\"https:\\\/\\\/eltecolote.org\\\/content\\\/#\\\/schema\\\/logo\\\/image\\\/\",\"url\":\"https:\\\/\\\/i0.wp.com\\\/eltecolote.org\\\/content\\\/wp-content\\\/uploads\\\/2021\\\/05\\\/ETlogo-1.jpg?fit=400%2C400&ssl=1\",\"contentUrl\":\"https:\\\/\\\/i0.wp.com\\\/eltecolote.org\\\/content\\\/wp-content\\\/uploads\\\/2021\\\/05\\\/ETlogo-1.jpg?fit=400%2C400&ssl=1\",\"width\":400,\"height\":400,\"caption\":\"El Tecolote\"},\"image\":{\"@id\":\"https:\\\/\\\/eltecolote.org\\\/content\\\/#\\\/schema\\\/logo\\\/image\\\/\"},\"sameAs\":[\"https:\\\/\\\/www.facebook.com\\\/ElTecoloteSF\\\/\",\"https:\\\/\\\/x.com\\\/eltecolotesf\",\"https:\\\/\\\/www.instagram.com\\\/eltecolotesf\\\/\"]},{\"@type\":\"Person\",\"@id\":\"https:\\\/\\\/eltecolote.org\\\/content\\\/#\\\/schema\\\/person\\\/08828d10185eba96895a8363a269410e\",\"name\":\"El Tecolote Staff\",\"image\":{\"@type\":\"ImageObject\",\"inLanguage\":\"en\",\"@id\":\"https:\\\/\\\/secure.gravatar.com\\\/avatar\\\/9534c92c8c908364e186a64d93efc86f62367109d1b07a3454facde655968589?s=96&d=mm&r=g6afcb607783e095e4cf6be807353924d\",\"url\":\"https:\\\/\\\/secure.gravatar.com\\\/avatar\\\/9534c92c8c908364e186a64d93efc86f62367109d1b07a3454facde655968589?s=96&d=mm&r=g\",\"contentUrl\":\"https:\\\/\\\/secure.gravatar.com\\\/avatar\\\/9534c92c8c908364e186a64d93efc86f62367109d1b07a3454facde655968589?s=96&d=mm&r=g\",\"caption\":\"El Tecolote Staff\"},\"url\":\"https:\\\/\\\/eltecolote.org\\\/content\\\/author\\\/web-editor\\\/\"}]}<\/script>\n<!-- \/ Yoast SEO plugin. -->","yoast_head_json":{"title":"Yolanda L\u00f3pez \u00a1Presente! \u00a1Ahora y siempre! - El Tecolote","description":"A few days ago, the Chicana artist and community icon Yolanda L\u00f3pez died.Her passing has inspired many people to write some heartfelt, beautiful words in her honor.","robots":{"index":"index","follow":"follow","max-snippet":"max-snippet:-1","max-image-preview":"max-image-preview:large","max-video-preview":"max-video-preview:-1"},"canonical":"https:\/\/eltecolote.org\/content\/es\/yolanda-lopez-presente-ahora-y-siempre\/","og_locale":"en_US","og_type":"article","og_title":"Yolanda L\u00f3pez \u00a1Presente! \u00a1Ahora y siempre! - El Tecolote","og_description":"A few days ago, the Chicana artist and community icon Yolanda L\u00f3pez died.Her passing has inspired many people to write some heartfelt, beautiful words in her honor.","og_url":"https:\/\/eltecolote.org\/content\/es\/yolanda-lopez-presente-ahora-y-siempre\/","og_site_name":"El Tecolote","article_publisher":"https:\/\/www.facebook.com\/ElTecoloteSF\/","article_published_time":"2021-09-11T21:14:00+00:00","article_modified_time":"2021-09-12T21:16:02+00:00","og_image":[{"width":1200,"height":798,"url":"https:\/\/i0.wp.com\/eltecolote.org\/content\/wp-content\/uploads\/2021\/09\/Yolanda-Lopez_Shane-Menez_web.jpg?fit=1200%2C798&ssl=1","type":"image\/jpeg"}],"author":"El Tecolote Staff","twitter_card":"summary_large_image","twitter_creator":"@eltecolotesf","twitter_site":"@eltecolotesf","twitter_misc":{"Written by":"El Tecolote Staff","Est. reading time":"5 minutes"},"schema":{"@context":"https:\/\/schema.org","@graph":[{"@type":"NewsArticle","@id":"https:\/\/eltecolote.org\/content\/es\/yolanda-lopez-presente-ahora-y-siempre\/#article","isPartOf":{"@id":"https:\/\/eltecolote.org\/content\/es\/yolanda-lopez-presente-ahora-y-siempre\/"},"author":{"name":"El Tecolote Staff","@id":"https:\/\/eltecolote.org\/content\/#\/schema\/person\/08828d10185eba96895a8363a269410e"},"headline":"Yolanda L\u00f3pez \u00a1Presente! \u00a1Ahora y siempre!","datePublished":"2021-09-11T21:14:00+00:00","dateModified":"2021-09-12T21:16:02+00:00","mainEntityOfPage":{"@id":"https:\/\/eltecolote.org\/content\/es\/yolanda-lopez-presente-ahora-y-siempre\/"},"wordCount":955,"commentCount":0,"publisher":{"@id":"https:\/\/eltecolote.org\/content\/#organization"},"image":{"@id":"https:\/\/eltecolote.org\/content\/es\/yolanda-lopez-presente-ahora-y-siempre\/#primaryimage"},"thumbnailUrl":"https:\/\/i0.wp.com\/eltecolote.org\/content\/wp-content\/uploads\/2021\/09\/Yolanda-Lopez_Shane-Menez_web.jpg?fit=1200%2C798&quality=89&ssl=1","articleSection":["Voces"],"inLanguage":"en","potentialAction":[{"@type":"CommentAction","name":"Comment","target":["https:\/\/eltecolote.org\/content\/es\/yolanda-lopez-presente-ahora-y-siempre\/#respond"]}]},{"@type":"WebPage","@id":"https:\/\/eltecolote.org\/content\/es\/yolanda-lopez-presente-ahora-y-siempre\/","url":"https:\/\/eltecolote.org\/content\/es\/yolanda-lopez-presente-ahora-y-siempre\/","name":"Yolanda L\u00f3pez \u00a1Presente! \u00a1Ahora y siempre! - El Tecolote","isPartOf":{"@id":"https:\/\/eltecolote.org\/content\/#website"},"primaryImageOfPage":{"@id":"https:\/\/eltecolote.org\/content\/es\/yolanda-lopez-presente-ahora-y-siempre\/#primaryimage"},"image":{"@id":"https:\/\/eltecolote.org\/content\/es\/yolanda-lopez-presente-ahora-y-siempre\/#primaryimage"},"thumbnailUrl":"https:\/\/i0.wp.com\/eltecolote.org\/content\/wp-content\/uploads\/2021\/09\/Yolanda-Lopez_Shane-Menez_web.jpg?fit=1200%2C798&quality=89&ssl=1","datePublished":"2021-09-11T21:14:00+00:00","dateModified":"2021-09-12T21:16:02+00:00","description":"A few days ago, the Chicana artist and community icon Yolanda L\u00f3pez died.Her passing has inspired many people to write some heartfelt, beautiful words in her honor.","inLanguage":"en","potentialAction":[{"@type":"ReadAction","target":["https:\/\/eltecolote.org\/content\/es\/yolanda-lopez-presente-ahora-y-siempre\/"]}]},{"@type":"ImageObject","inLanguage":"en","@id":"https:\/\/eltecolote.org\/content\/es\/yolanda-lopez-presente-ahora-y-siempre\/#primaryimage","url":"https:\/\/i0.wp.com\/eltecolote.org\/content\/wp-content\/uploads\/2021\/09\/Yolanda-Lopez_Shane-Menez_web.jpg?fit=1200%2C798&quality=89&ssl=1","contentUrl":"https:\/\/i0.wp.com\/eltecolote.org\/content\/wp-content\/uploads\/2021\/09\/Yolanda-Lopez_Shane-Menez_web.jpg?fit=1200%2C798&quality=89&ssl=1","width":1200,"height":798,"caption":"Yolanda M. Lopez. Photo: Shane Menez"},{"@type":"WebSite","@id":"https:\/\/eltecolote.org\/content\/#website","url":"https:\/\/eltecolote.org\/content\/","name":"El Tecolote","description":"San Francisco's Latinx newspaper since 1970","publisher":{"@id":"https:\/\/eltecolote.org\/content\/#organization"},"potentialAction":[{"@type":"SearchAction","target":{"@type":"EntryPoint","urlTemplate":"https:\/\/eltecolote.org\/content\/?s={search_term_string}"},"query-input":{"@type":"PropertyValueSpecification","valueRequired":true,"valueName":"search_term_string"}}],"inLanguage":"en"},{"@type":"Organization","@id":"https:\/\/eltecolote.org\/content\/#organization","name":"El Tecolote","url":"https:\/\/eltecolote.org\/content\/","logo":{"@type":"ImageObject","inLanguage":"en","@id":"https:\/\/eltecolote.org\/content\/#\/schema\/logo\/image\/","url":"https:\/\/i0.wp.com\/eltecolote.org\/content\/wp-content\/uploads\/2021\/05\/ETlogo-1.jpg?fit=400%2C400&ssl=1","contentUrl":"https:\/\/i0.wp.com\/eltecolote.org\/content\/wp-content\/uploads\/2021\/05\/ETlogo-1.jpg?fit=400%2C400&ssl=1","width":400,"height":400,"caption":"El Tecolote"},"image":{"@id":"https:\/\/eltecolote.org\/content\/#\/schema\/logo\/image\/"},"sameAs":["https:\/\/www.facebook.com\/ElTecoloteSF\/","https:\/\/x.com\/eltecolotesf","https:\/\/www.instagram.com\/eltecolotesf\/"]},{"@type":"Person","@id":"https:\/\/eltecolote.org\/content\/#\/schema\/person\/08828d10185eba96895a8363a269410e","name":"El Tecolote Staff","image":{"@type":"ImageObject","inLanguage":"en","@id":"https:\/\/secure.gravatar.com\/avatar\/9534c92c8c908364e186a64d93efc86f62367109d1b07a3454facde655968589?s=96&d=mm&r=g6afcb607783e095e4cf6be807353924d","url":"https:\/\/secure.gravatar.com\/avatar\/9534c92c8c908364e186a64d93efc86f62367109d1b07a3454facde655968589?s=96&d=mm&r=g","contentUrl":"https:\/\/secure.gravatar.com\/avatar\/9534c92c8c908364e186a64d93efc86f62367109d1b07a3454facde655968589?s=96&d=mm&r=g","caption":"El Tecolote Staff"},"url":"https:\/\/eltecolote.org\/content\/author\/web-editor\/"}]}},"distributor_meta":false,"distributor_terms":false,"distributor_media":false,"distributor_original_site_name":"El Tecolote","distributor_original_site_url":"https:\/\/eltecolote.org\/content","push-errors":false,"_links":{"self":[{"href":"https:\/\/eltecolote.org\/content\/wp-json\/wp\/v2\/posts\/49765","targetHints":{"allow":["GET"]}}],"collection":[{"href":"https:\/\/eltecolote.org\/content\/wp-json\/wp\/v2\/posts"}],"about":[{"href":"https:\/\/eltecolote.org\/content\/wp-json\/wp\/v2\/types\/post"}],"author":[{"embeddable":true,"href":"https:\/\/eltecolote.org\/content\/wp-json\/wp\/v2\/users\/35"}],"replies":[{"embeddable":true,"href":"https:\/\/eltecolote.org\/content\/wp-json\/wp\/v2\/comments?post=49765"}],"version-history":[{"count":1,"href":"https:\/\/eltecolote.org\/content\/wp-json\/wp\/v2\/posts\/49765\/revisions"}],"predecessor-version":[{"id":49766,"href":"https:\/\/eltecolote.org\/content\/wp-json\/wp\/v2\/posts\/49765\/revisions\/49766"}],"wp:featuredmedia":[{"embeddable":true,"href":"https:\/\/eltecolote.org\/content\/wp-json\/wp\/v2\/media\/49716"}],"wp:attachment":[{"href":"https:\/\/eltecolote.org\/content\/wp-json\/wp\/v2\/media?parent=49765"}],"wp:term":[{"taxonomy":"category","embeddable":true,"href":"https:\/\/eltecolote.org\/content\/wp-json\/wp\/v2\/categories?post=49765"},{"taxonomy":"post_tag","embeddable":true,"href":"https:\/\/eltecolote.org\/content\/wp-json\/wp\/v2\/tags?post=49765"},{"taxonomy":"author","embeddable":true,"href":"https:\/\/eltecolote.org\/content\/wp-json\/wp\/v2\/coauthors?post=49765"}],"curies":[{"name":"wp","href":"https:\/\/api.w.org\/{rel}","templated":true}]}}