{"id":48566,"date":"2021-05-22T13:00:58","date_gmt":"2021-05-22T20:00:58","guid":{"rendered":"http:\/\/eltecolote.org\/content\/?p=48566"},"modified":"2021-05-22T13:01:03","modified_gmt":"2021-05-22T20:01:03","slug":"mayo-mes-de-la-herencia-asiatica-y-del-pacifico-en-los-eeuu","status":"publish","type":"post","link":"https:\/\/eltecolote.org\/content\/es\/mayo-mes-de-la-herencia-asiatica-y-del-pacifico-en-los-eeuu\/","title":{"rendered":"Mayo, Mes de la Herencia Asi\u00e1tica y del Pac\u00edfico en los EEUU"},"content":{"rendered":"\n<p>Ni hao! Kamusta! Xin ch\u00e0o! Talofa! Estos son los saludos en chino, filipino, vietnamita y samoano, algunos de los idiomas principales que hablan los estudiantes y familias de Origen Asi\u00e1tico y del Pac\u00edfico (APA) en el Distrito Escolar Unificado de San Francisco (SFUSD). Durante mayo, celebramos el Mes de la Herencia de la Comunidad APA, para honrar y enaltecer las muchas de sus contribuciones, esenciales para la historia, presente y futuro de San Francisco.<\/p>\n\n\n\n<p>En el Distrito Escolar Unificado de San Francisco, queremos que nuestras escuelas sean lugares donde todos los estudiantes puedan verse reflejados y ser ellos mismos. Celebramos la diversidad de nuestros estudiantes y comunidades. Honramos a nuestras comunidades APA todos los d\u00edas en nuestras escuelas, y tenemos algunas cosas especiales reservadas para los estudiantes del \u00faltimo a\u00f1o de la escuela secundaria que se grad\u00faan, as\u00ed como para los estudiantes que pasan a la escuela intermedia y secundaria. Este a\u00f1o tendremos nuestra primera Ceremonia de Reconocimiento Virtual para los estudiantes Nativos de las Islas del Pac\u00edfico de Haw\u00e1i (NHPI) de quinto, octavo y doceavo grados. Tambi\u00e9n hay una ceremonia de graduaci\u00f3n virtual para nuestros estudiantes Filipinx.<\/p>\n\n\n\n<p>Los maestros y el personal est\u00e1n trabajando en lecciones que se ense\u00f1ar\u00e1n a los estudiantes este mes, con temas referentes a las comunidades APA. Por ejemplo, la maestra bibliotecaria Marie Tang de las escuelas primarias Jean Parker y Garfield, en labor conjunta con la trabajadora social de Garfield, Rene Kamm, compartieron este video para comenzar su serie de lecciones. Nuestro programa de televisi\u00f3n para estudiantes de k\u00ednder de segundo grado, SF Ama el Aprendizaje, recopil\u00f3 videos y recursos para que los estudiantes aprendan m\u00e1s acerca del Mes de la Herencia de la Comunidad APA, y lo celebren.<\/p>\n\n\n\n<p>En San Francisco, el tema de la celebraci\u00f3n de este a\u00f1o es \u201cCelebrar la resiliencia, y enaltecer estas voces\u201d. La comunidad APA est\u00e1 pasando por momentos muy dif\u00edciles como resultado del odio anti-asi\u00e1tico, y de la COVID-19. Por esta raz\u00f3n, la celebraci\u00f3n trata de mostrar la resiliencia de esta comunidad frente a las adversidades, y amplificar la voz de la comunidad en respuesta a los ataques de odio y las desigualdades sist\u00e9micas.<\/p>\n\n\n\n<p>Hay varias maneras de celebrar dentro de nuestra comunidad, tanto de forma virtual como en persona. Puede ver presentaciones en vivo y pel\u00edculas, aprender en talleres de artistas y cocineros de la comunidad APA, \u00a1y m\u00e1s! Tambi\u00e9n recomiendo comprar o comer algo en nuestras peque\u00f1as empresas locales, propiedad de la comunidad APA. Puede consultar la gu\u00eda completa en l\u00ednea para celebrar el Mes de la Herencia de la Comunidad APA, creada por la Fundaci\u00f3n de la Herencia de la Comunidad APA en asociaci\u00f3n con el Museo de Arte Asi\u00e1tico, el Centro de Medios Asi\u00e1ticos Americanos y la Biblioteca P\u00fablica. Tambi\u00e9n pueden visitar la p\u00e1gina de Facebook del Mes de la Herencia Asi\u00e1tica-Americana de San Francisco para participar en eventos virtuales.<\/p>\n\n\n\n<p>Al reconocer este mes especial, me gustar\u00eda reiterar que no podemos guardar silencio sobre el trato como chivo expiatorio hacia la comunidad Asi\u00e1tica. Tenemos que unirnos contra la violencia perpetrada contra cualquier miembro de nuestra comunidad, como la que est\u00e1 yendo en aumento en contra nuestros hermanos y hermanas asi\u00e1ticos. Es inaceptable y debemos volver a comprometernos a crear comunidades seguras para todas y cada una de las personas. El SFUSD ha compartido recursos con los educadores para conducir las conversaciones con los estudiantes sobre este tipo de violencia. Los animo a revisar y compartir con sus familias estos recursos que nuestro personal y nuestros socios comunitarios seleccionaron.<\/p>\n\n\n\n<p>Hasta pronto -z\u00e0i ji\u00e0n, magkita tayo mamaya, h\u1eb9n g\u1eb7p l\u1ea1i, feiloai mulimuli ane!<\/p>\n","protected":false},"excerpt":{"rendered":"<p>Ni hao! Kamusta! Xin ch\u00e0o! Talofa! Estos son los saludos en chino, filipino, vietnamita y samoano, algunos de los idiomas principales que hablan los estudiantes y familias de Origen Asi\u00e1tico y del Pac\u00edfico (APA) en el Distrito Escolar Unificado de San Francisco (SFUSD). Durante mayo, celebramos el Mes de la Herencia de la Comunidad APA, [&hellip;]<\/p>\n","protected":false},"author":35,"featured_media":45440,"comment_status":"open","ping_status":"closed","sticky":false,"template":"","format":"standard","meta":{"newspack_popups_has_disabled_popups":false,"newspack_featured_image_position":"","newspack_post_subtitle":"","newspack_article_summary_title":"Overview:","newspack_article_summary":"","newspack_hide_updated_date":false,"newspack_show_updated_date":false,"footnotes":""},"categories":[3531],"tags":[],"coauthors":[18445],"class_list":["post-48566","post","type-post","status-publish","format-standard","has-post-thumbnail","hentry","category-voces","entry"],"yoast_head":"<!-- This site is optimized with the Yoast SEO plugin v27.5 - https:\/\/yoast.com\/product\/yoast-seo-wordpress\/ -->\n<title>Mayo, Mes de la Herencia Asi\u00e1tica y del Pac\u00edfico en los EEUU - El Tecolote<\/title>\n<meta name=\"description\" content=\"Ni hao! Kamusta! Xin ch\u00e0o! Talofa! Estos son los saludos en chino, filipino, vietnamita y samoano, algunos de los idiomas principales que hablan los\" \/>\n<meta name=\"robots\" content=\"index, follow, max-snippet:-1, max-image-preview:large, max-video-preview:-1\" \/>\n<link rel=\"canonical\" href=\"https:\/\/eltecolote.org\/content\/es\/mayo-mes-de-la-herencia-asiatica-y-del-pacifico-en-los-eeuu\/\" \/>\n<meta property=\"og:locale\" content=\"en_US\" \/>\n<meta property=\"og:type\" content=\"article\" \/>\n<meta property=\"og:title\" content=\"Mayo, Mes de la Herencia Asi\u00e1tica y del Pac\u00edfico en los EEUU - El Tecolote\" \/>\n<meta property=\"og:description\" content=\"Ni hao! Kamusta! Xin ch\u00e0o! Talofa! Estos son los saludos en chino, filipino, vietnamita y samoano, algunos de los idiomas principales que hablan los\" \/>\n<meta property=\"og:url\" content=\"https:\/\/eltecolote.org\/content\/es\/mayo-mes-de-la-herencia-asiatica-y-del-pacifico-en-los-eeuu\/\" \/>\n<meta property=\"og:site_name\" content=\"El Tecolote\" \/>\n<meta property=\"article:publisher\" content=\"https:\/\/www.facebook.com\/ElTecoloteSF\/\" \/>\n<meta property=\"article:published_time\" content=\"2021-05-22T20:00:58+00:00\" \/>\n<meta property=\"article:modified_time\" content=\"2021-05-22T20:01:03+00:00\" \/>\n<meta property=\"og:image\" content=\"https:\/\/i0.wp.com\/eltecolote.org\/content\/wp-content\/uploads\/2020\/09\/Dr.-Vincent-Matthews-Superintendent.jpg?fit=590%2C885&ssl=1\" \/>\n\t<meta property=\"og:image:width\" content=\"590\" \/>\n\t<meta property=\"og:image:height\" content=\"885\" \/>\n\t<meta property=\"og:image:type\" content=\"image\/jpeg\" \/>\n<meta name=\"author\" content=\"El Tecolote Staff\" \/>\n<meta name=\"twitter:card\" content=\"summary_large_image\" \/>\n<meta name=\"twitter:creator\" content=\"@eltecolotesf\" \/>\n<meta name=\"twitter:site\" content=\"@eltecolotesf\" \/>\n<meta name=\"twitter:label1\" content=\"Written by\" \/>\n\t<meta name=\"twitter:data1\" content=\"El Tecolote Staff\" \/>\n\t<meta name=\"twitter:label2\" content=\"Est. reading time\" \/>\n\t<meta name=\"twitter:data2\" content=\"3 minutes\" \/>\n<script type=\"application\/ld+json\" class=\"yoast-schema-graph\">{\"@context\":\"https:\\\/\\\/schema.org\",\"@graph\":[{\"@type\":\"NewsArticle\",\"@id\":\"https:\\\/\\\/eltecolote.org\\\/content\\\/es\\\/mayo-mes-de-la-herencia-asiatica-y-del-pacifico-en-los-eeuu\\\/#article\",\"isPartOf\":{\"@id\":\"https:\\\/\\\/eltecolote.org\\\/content\\\/es\\\/mayo-mes-de-la-herencia-asiatica-y-del-pacifico-en-los-eeuu\\\/\"},\"author\":{\"name\":\"El Tecolote Staff\",\"@id\":\"https:\\\/\\\/eltecolote.org\\\/content\\\/#\\\/schema\\\/person\\\/08828d10185eba96895a8363a269410e\"},\"headline\":\"Mayo, Mes de la Herencia Asi\u00e1tica y del Pac\u00edfico en los EEUU\",\"datePublished\":\"2021-05-22T20:00:58+00:00\",\"dateModified\":\"2021-05-22T20:01:03+00:00\",\"mainEntityOfPage\":{\"@id\":\"https:\\\/\\\/eltecolote.org\\\/content\\\/es\\\/mayo-mes-de-la-herencia-asiatica-y-del-pacifico-en-los-eeuu\\\/\"},\"wordCount\":658,\"commentCount\":0,\"publisher\":{\"@id\":\"https:\\\/\\\/eltecolote.org\\\/content\\\/#organization\"},\"image\":{\"@id\":\"https:\\\/\\\/eltecolote.org\\\/content\\\/es\\\/mayo-mes-de-la-herencia-asiatica-y-del-pacifico-en-los-eeuu\\\/#primaryimage\"},\"thumbnailUrl\":\"https:\\\/\\\/i0.wp.com\\\/eltecolote.org\\\/content\\\/wp-content\\\/uploads\\\/2020\\\/09\\\/Dr.-Vincent-Matthews-Superintendent.jpg?fit=590%2C885&quality=89&ssl=1\",\"articleSection\":[\"Voces\"],\"inLanguage\":\"en\",\"potentialAction\":[{\"@type\":\"CommentAction\",\"name\":\"Comment\",\"target\":[\"https:\\\/\\\/eltecolote.org\\\/content\\\/es\\\/mayo-mes-de-la-herencia-asiatica-y-del-pacifico-en-los-eeuu\\\/#respond\"]}]},{\"@type\":\"WebPage\",\"@id\":\"https:\\\/\\\/eltecolote.org\\\/content\\\/es\\\/mayo-mes-de-la-herencia-asiatica-y-del-pacifico-en-los-eeuu\\\/\",\"url\":\"https:\\\/\\\/eltecolote.org\\\/content\\\/es\\\/mayo-mes-de-la-herencia-asiatica-y-del-pacifico-en-los-eeuu\\\/\",\"name\":\"Mayo, Mes de la Herencia Asi\u00e1tica y del Pac\u00edfico en los EEUU - El Tecolote\",\"isPartOf\":{\"@id\":\"https:\\\/\\\/eltecolote.org\\\/content\\\/#website\"},\"primaryImageOfPage\":{\"@id\":\"https:\\\/\\\/eltecolote.org\\\/content\\\/es\\\/mayo-mes-de-la-herencia-asiatica-y-del-pacifico-en-los-eeuu\\\/#primaryimage\"},\"image\":{\"@id\":\"https:\\\/\\\/eltecolote.org\\\/content\\\/es\\\/mayo-mes-de-la-herencia-asiatica-y-del-pacifico-en-los-eeuu\\\/#primaryimage\"},\"thumbnailUrl\":\"https:\\\/\\\/i0.wp.com\\\/eltecolote.org\\\/content\\\/wp-content\\\/uploads\\\/2020\\\/09\\\/Dr.-Vincent-Matthews-Superintendent.jpg?fit=590%2C885&quality=89&ssl=1\",\"datePublished\":\"2021-05-22T20:00:58+00:00\",\"dateModified\":\"2021-05-22T20:01:03+00:00\",\"description\":\"Ni hao! Kamusta! Xin ch\u00e0o! Talofa! Estos son los saludos en chino, filipino, vietnamita y samoano, algunos de los idiomas principales que hablan los\",\"inLanguage\":\"en\",\"potentialAction\":[{\"@type\":\"ReadAction\",\"target\":[\"https:\\\/\\\/eltecolote.org\\\/content\\\/es\\\/mayo-mes-de-la-herencia-asiatica-y-del-pacifico-en-los-eeuu\\\/\"]}]},{\"@type\":\"ImageObject\",\"inLanguage\":\"en\",\"@id\":\"https:\\\/\\\/eltecolote.org\\\/content\\\/es\\\/mayo-mes-de-la-herencia-asiatica-y-del-pacifico-en-los-eeuu\\\/#primaryimage\",\"url\":\"https:\\\/\\\/i0.wp.com\\\/eltecolote.org\\\/content\\\/wp-content\\\/uploads\\\/2020\\\/09\\\/Dr.-Vincent-Matthews-Superintendent.jpg?fit=590%2C885&quality=89&ssl=1\",\"contentUrl\":\"https:\\\/\\\/i0.wp.com\\\/eltecolote.org\\\/content\\\/wp-content\\\/uploads\\\/2020\\\/09\\\/Dr.-Vincent-Matthews-Superintendent.jpg?fit=590%2C885&quality=89&ssl=1\",\"width\":590,\"height\":885,\"caption\":\"Superintendente Vincent Matthews\"},{\"@type\":\"WebSite\",\"@id\":\"https:\\\/\\\/eltecolote.org\\\/content\\\/#website\",\"url\":\"https:\\\/\\\/eltecolote.org\\\/content\\\/\",\"name\":\"El Tecolote\",\"description\":\"San Francisco's Latinx newspaper since 1970\",\"publisher\":{\"@id\":\"https:\\\/\\\/eltecolote.org\\\/content\\\/#organization\"},\"potentialAction\":[{\"@type\":\"SearchAction\",\"target\":{\"@type\":\"EntryPoint\",\"urlTemplate\":\"https:\\\/\\\/eltecolote.org\\\/content\\\/?s={search_term_string}\"},\"query-input\":{\"@type\":\"PropertyValueSpecification\",\"valueRequired\":true,\"valueName\":\"search_term_string\"}}],\"inLanguage\":\"en\"},{\"@type\":\"Organization\",\"@id\":\"https:\\\/\\\/eltecolote.org\\\/content\\\/#organization\",\"name\":\"El Tecolote\",\"url\":\"https:\\\/\\\/eltecolote.org\\\/content\\\/\",\"logo\":{\"@type\":\"ImageObject\",\"inLanguage\":\"en\",\"@id\":\"https:\\\/\\\/eltecolote.org\\\/content\\\/#\\\/schema\\\/logo\\\/image\\\/\",\"url\":\"https:\\\/\\\/i0.wp.com\\\/eltecolote.org\\\/content\\\/wp-content\\\/uploads\\\/2021\\\/05\\\/ETlogo-1.jpg?fit=400%2C400&ssl=1\",\"contentUrl\":\"https:\\\/\\\/i0.wp.com\\\/eltecolote.org\\\/content\\\/wp-content\\\/uploads\\\/2021\\\/05\\\/ETlogo-1.jpg?fit=400%2C400&ssl=1\",\"width\":400,\"height\":400,\"caption\":\"El Tecolote\"},\"image\":{\"@id\":\"https:\\\/\\\/eltecolote.org\\\/content\\\/#\\\/schema\\\/logo\\\/image\\\/\"},\"sameAs\":[\"https:\\\/\\\/www.facebook.com\\\/ElTecoloteSF\\\/\",\"https:\\\/\\\/x.com\\\/eltecolotesf\",\"https:\\\/\\\/www.instagram.com\\\/eltecolotesf\\\/\"]},{\"@type\":\"Person\",\"@id\":\"https:\\\/\\\/eltecolote.org\\\/content\\\/#\\\/schema\\\/person\\\/08828d10185eba96895a8363a269410e\",\"name\":\"El Tecolote Staff\",\"image\":{\"@type\":\"ImageObject\",\"inLanguage\":\"en\",\"@id\":\"https:\\\/\\\/secure.gravatar.com\\\/avatar\\\/9534c92c8c908364e186a64d93efc86f62367109d1b07a3454facde655968589?s=96&d=mm&r=g6afcb607783e095e4cf6be807353924d\",\"url\":\"https:\\\/\\\/secure.gravatar.com\\\/avatar\\\/9534c92c8c908364e186a64d93efc86f62367109d1b07a3454facde655968589?s=96&d=mm&r=g\",\"contentUrl\":\"https:\\\/\\\/secure.gravatar.com\\\/avatar\\\/9534c92c8c908364e186a64d93efc86f62367109d1b07a3454facde655968589?s=96&d=mm&r=g\",\"caption\":\"El Tecolote Staff\"},\"url\":\"https:\\\/\\\/eltecolote.org\\\/content\\\/author\\\/web-editor\\\/\"}]}<\/script>\n<!-- \/ Yoast SEO plugin. -->","yoast_head_json":{"title":"Mayo, Mes de la Herencia Asi\u00e1tica y del Pac\u00edfico en los EEUU - El Tecolote","description":"Ni hao! Kamusta! Xin ch\u00e0o! Talofa! Estos son los saludos en chino, filipino, vietnamita y samoano, algunos de los idiomas principales que hablan los","robots":{"index":"index","follow":"follow","max-snippet":"max-snippet:-1","max-image-preview":"max-image-preview:large","max-video-preview":"max-video-preview:-1"},"canonical":"https:\/\/eltecolote.org\/content\/es\/mayo-mes-de-la-herencia-asiatica-y-del-pacifico-en-los-eeuu\/","og_locale":"en_US","og_type":"article","og_title":"Mayo, Mes de la Herencia Asi\u00e1tica y del Pac\u00edfico en los EEUU - El Tecolote","og_description":"Ni hao! Kamusta! Xin ch\u00e0o! Talofa! Estos son los saludos en chino, filipino, vietnamita y samoano, algunos de los idiomas principales que hablan los","og_url":"https:\/\/eltecolote.org\/content\/es\/mayo-mes-de-la-herencia-asiatica-y-del-pacifico-en-los-eeuu\/","og_site_name":"El Tecolote","article_publisher":"https:\/\/www.facebook.com\/ElTecoloteSF\/","article_published_time":"2021-05-22T20:00:58+00:00","article_modified_time":"2021-05-22T20:01:03+00:00","og_image":[{"width":590,"height":885,"url":"https:\/\/i0.wp.com\/eltecolote.org\/content\/wp-content\/uploads\/2020\/09\/Dr.-Vincent-Matthews-Superintendent.jpg?fit=590%2C885&ssl=1","type":"image\/jpeg"}],"author":"El Tecolote Staff","twitter_card":"summary_large_image","twitter_creator":"@eltecolotesf","twitter_site":"@eltecolotesf","twitter_misc":{"Written by":"El Tecolote Staff","Est. reading time":"3 minutes"},"schema":{"@context":"https:\/\/schema.org","@graph":[{"@type":"NewsArticle","@id":"https:\/\/eltecolote.org\/content\/es\/mayo-mes-de-la-herencia-asiatica-y-del-pacifico-en-los-eeuu\/#article","isPartOf":{"@id":"https:\/\/eltecolote.org\/content\/es\/mayo-mes-de-la-herencia-asiatica-y-del-pacifico-en-los-eeuu\/"},"author":{"name":"El Tecolote Staff","@id":"https:\/\/eltecolote.org\/content\/#\/schema\/person\/08828d10185eba96895a8363a269410e"},"headline":"Mayo, Mes de la Herencia Asi\u00e1tica y del Pac\u00edfico en los EEUU","datePublished":"2021-05-22T20:00:58+00:00","dateModified":"2021-05-22T20:01:03+00:00","mainEntityOfPage":{"@id":"https:\/\/eltecolote.org\/content\/es\/mayo-mes-de-la-herencia-asiatica-y-del-pacifico-en-los-eeuu\/"},"wordCount":658,"commentCount":0,"publisher":{"@id":"https:\/\/eltecolote.org\/content\/#organization"},"image":{"@id":"https:\/\/eltecolote.org\/content\/es\/mayo-mes-de-la-herencia-asiatica-y-del-pacifico-en-los-eeuu\/#primaryimage"},"thumbnailUrl":"https:\/\/i0.wp.com\/eltecolote.org\/content\/wp-content\/uploads\/2020\/09\/Dr.-Vincent-Matthews-Superintendent.jpg?fit=590%2C885&quality=89&ssl=1","articleSection":["Voces"],"inLanguage":"en","potentialAction":[{"@type":"CommentAction","name":"Comment","target":["https:\/\/eltecolote.org\/content\/es\/mayo-mes-de-la-herencia-asiatica-y-del-pacifico-en-los-eeuu\/#respond"]}]},{"@type":"WebPage","@id":"https:\/\/eltecolote.org\/content\/es\/mayo-mes-de-la-herencia-asiatica-y-del-pacifico-en-los-eeuu\/","url":"https:\/\/eltecolote.org\/content\/es\/mayo-mes-de-la-herencia-asiatica-y-del-pacifico-en-los-eeuu\/","name":"Mayo, Mes de la Herencia Asi\u00e1tica y del Pac\u00edfico en los EEUU - El Tecolote","isPartOf":{"@id":"https:\/\/eltecolote.org\/content\/#website"},"primaryImageOfPage":{"@id":"https:\/\/eltecolote.org\/content\/es\/mayo-mes-de-la-herencia-asiatica-y-del-pacifico-en-los-eeuu\/#primaryimage"},"image":{"@id":"https:\/\/eltecolote.org\/content\/es\/mayo-mes-de-la-herencia-asiatica-y-del-pacifico-en-los-eeuu\/#primaryimage"},"thumbnailUrl":"https:\/\/i0.wp.com\/eltecolote.org\/content\/wp-content\/uploads\/2020\/09\/Dr.-Vincent-Matthews-Superintendent.jpg?fit=590%2C885&quality=89&ssl=1","datePublished":"2021-05-22T20:00:58+00:00","dateModified":"2021-05-22T20:01:03+00:00","description":"Ni hao! Kamusta! Xin ch\u00e0o! Talofa! Estos son los saludos en chino, filipino, vietnamita y samoano, algunos de los idiomas principales que hablan los","inLanguage":"en","potentialAction":[{"@type":"ReadAction","target":["https:\/\/eltecolote.org\/content\/es\/mayo-mes-de-la-herencia-asiatica-y-del-pacifico-en-los-eeuu\/"]}]},{"@type":"ImageObject","inLanguage":"en","@id":"https:\/\/eltecolote.org\/content\/es\/mayo-mes-de-la-herencia-asiatica-y-del-pacifico-en-los-eeuu\/#primaryimage","url":"https:\/\/i0.wp.com\/eltecolote.org\/content\/wp-content\/uploads\/2020\/09\/Dr.-Vincent-Matthews-Superintendent.jpg?fit=590%2C885&quality=89&ssl=1","contentUrl":"https:\/\/i0.wp.com\/eltecolote.org\/content\/wp-content\/uploads\/2020\/09\/Dr.-Vincent-Matthews-Superintendent.jpg?fit=590%2C885&quality=89&ssl=1","width":590,"height":885,"caption":"Superintendente Vincent Matthews"},{"@type":"WebSite","@id":"https:\/\/eltecolote.org\/content\/#website","url":"https:\/\/eltecolote.org\/content\/","name":"El Tecolote","description":"San Francisco's Latinx newspaper since 1970","publisher":{"@id":"https:\/\/eltecolote.org\/content\/#organization"},"potentialAction":[{"@type":"SearchAction","target":{"@type":"EntryPoint","urlTemplate":"https:\/\/eltecolote.org\/content\/?s={search_term_string}"},"query-input":{"@type":"PropertyValueSpecification","valueRequired":true,"valueName":"search_term_string"}}],"inLanguage":"en"},{"@type":"Organization","@id":"https:\/\/eltecolote.org\/content\/#organization","name":"El Tecolote","url":"https:\/\/eltecolote.org\/content\/","logo":{"@type":"ImageObject","inLanguage":"en","@id":"https:\/\/eltecolote.org\/content\/#\/schema\/logo\/image\/","url":"https:\/\/i0.wp.com\/eltecolote.org\/content\/wp-content\/uploads\/2021\/05\/ETlogo-1.jpg?fit=400%2C400&ssl=1","contentUrl":"https:\/\/i0.wp.com\/eltecolote.org\/content\/wp-content\/uploads\/2021\/05\/ETlogo-1.jpg?fit=400%2C400&ssl=1","width":400,"height":400,"caption":"El Tecolote"},"image":{"@id":"https:\/\/eltecolote.org\/content\/#\/schema\/logo\/image\/"},"sameAs":["https:\/\/www.facebook.com\/ElTecoloteSF\/","https:\/\/x.com\/eltecolotesf","https:\/\/www.instagram.com\/eltecolotesf\/"]},{"@type":"Person","@id":"https:\/\/eltecolote.org\/content\/#\/schema\/person\/08828d10185eba96895a8363a269410e","name":"El Tecolote Staff","image":{"@type":"ImageObject","inLanguage":"en","@id":"https:\/\/secure.gravatar.com\/avatar\/9534c92c8c908364e186a64d93efc86f62367109d1b07a3454facde655968589?s=96&d=mm&r=g6afcb607783e095e4cf6be807353924d","url":"https:\/\/secure.gravatar.com\/avatar\/9534c92c8c908364e186a64d93efc86f62367109d1b07a3454facde655968589?s=96&d=mm&r=g","contentUrl":"https:\/\/secure.gravatar.com\/avatar\/9534c92c8c908364e186a64d93efc86f62367109d1b07a3454facde655968589?s=96&d=mm&r=g","caption":"El Tecolote Staff"},"url":"https:\/\/eltecolote.org\/content\/author\/web-editor\/"}]}},"distributor_meta":false,"distributor_terms":false,"distributor_media":false,"distributor_original_site_name":"El Tecolote","distributor_original_site_url":"https:\/\/eltecolote.org\/content","push-errors":false,"_links":{"self":[{"href":"https:\/\/eltecolote.org\/content\/wp-json\/wp\/v2\/posts\/48566","targetHints":{"allow":["GET"]}}],"collection":[{"href":"https:\/\/eltecolote.org\/content\/wp-json\/wp\/v2\/posts"}],"about":[{"href":"https:\/\/eltecolote.org\/content\/wp-json\/wp\/v2\/types\/post"}],"author":[{"embeddable":true,"href":"https:\/\/eltecolote.org\/content\/wp-json\/wp\/v2\/users\/35"}],"replies":[{"embeddable":true,"href":"https:\/\/eltecolote.org\/content\/wp-json\/wp\/v2\/comments?post=48566"}],"version-history":[{"count":1,"href":"https:\/\/eltecolote.org\/content\/wp-json\/wp\/v2\/posts\/48566\/revisions"}],"predecessor-version":[{"id":48567,"href":"https:\/\/eltecolote.org\/content\/wp-json\/wp\/v2\/posts\/48566\/revisions\/48567"}],"wp:featuredmedia":[{"embeddable":true,"href":"https:\/\/eltecolote.org\/content\/wp-json\/wp\/v2\/media\/45440"}],"wp:attachment":[{"href":"https:\/\/eltecolote.org\/content\/wp-json\/wp\/v2\/media?parent=48566"}],"wp:term":[{"taxonomy":"category","embeddable":true,"href":"https:\/\/eltecolote.org\/content\/wp-json\/wp\/v2\/categories?post=48566"},{"taxonomy":"post_tag","embeddable":true,"href":"https:\/\/eltecolote.org\/content\/wp-json\/wp\/v2\/tags?post=48566"},{"taxonomy":"author","embeddable":true,"href":"https:\/\/eltecolote.org\/content\/wp-json\/wp\/v2\/coauthors?post=48566"}],"curies":[{"name":"wp","href":"https:\/\/api.w.org\/{rel}","templated":true}]}}