{"id":47754,"date":"2021-03-26T12:02:17","date_gmt":"2021-03-26T19:02:17","guid":{"rendered":"http:\/\/eltecolote.org\/content\/?p=47754"},"modified":"2021-03-26T12:02:22","modified_gmt":"2021-03-26T19:02:22","slug":"eliminar-barreras-y-luchar-contra-la-desinformacion-sobre-las-vacunas-entre-las-comunidades-bipoc","status":"publish","type":"post","link":"https:\/\/eltecolote.org\/content\/es\/eliminar-barreras-y-luchar-contra-la-desinformacion-sobre-las-vacunas-entre-las-comunidades-bipoc\/","title":{"rendered":"Eliminar barreras y luchar contra la desinformaci\u00f3n sobre las vacunas entre las comunidades BIPOC"},"content":{"rendered":"\n<p>El lanzamiento de la vacuna contra el COVID-19 ha sido un desaf\u00edo en todo el condado, desde los estados procurando asegurar contar con dosis hasta su distribuci\u00f3n. Pero distribuirlas entre ciertas comunidades de color, particularmente las negras y morenas, ha sido un desaf\u00edo.<\/p>\n\n\n\n<p>Pero la m\u00e9dico Rhea Boyd, acad\u00e9mica, proveedora de atenci\u00f3n m\u00e9dica y defensora de la salud p\u00fablica, est\u00e1 tratando de cambiar eso. Co-fund\u00f3 una campa\u00f1a llamada \u2018La conversaci\u00f3n: entre nosotros, sobre nosotros\u2019, con la m\u00e9dico Reed Tuckson, fundadora de Black Coalition Against COVID (BCAC). La conversaci\u00f3n es un proyecto de la BCAC y la Kaiser Family Foundation (KFF), una organizaci\u00f3n no lucrativa (sin afiliaci\u00f3n a Kaiser Permanente), enfocada en temas de salud nacional.<\/p>\n\n\n\n<p>\u201cLa conversaci\u00f3n comenz\u00f3 como una charla entre bastidores entre trabajadores negros del sector salud sobre la desinformaci\u00f3n, particularmente en internet, que estaba dirigida a los negros, sobre las vacunas COVID antes de que cualquiera de las vacunas estuviera disponible&#8221;, coment\u00f3 Boyd. \u201cAntes de que las vacunas alcanzaran la autorizaci\u00f3n de emergencia, ya est\u00e1bamos planeando una campa\u00f1a nacional para brindarles a los negros la informaci\u00f3n necesaria para tomar esta decisi\u00f3n cr\u00edtica\u201d.<\/p>\n\n\n\n<div class=\"wp-block-image\"><figure class=\"alignleft size-large is-resized\"><img data-recalc-dims=\"1\" loading=\"lazy\" decoding=\"async\" src=\"https:\/\/i0.wp.com\/eltecolote.org\/content\/wp-content\/uploads\/2021\/03\/mqdefault-1.jpg?resize=331%2C186&#038;quality=89&#038;ssl=1\" alt=\"\" class=\"wp-image-47705\" width=\"331\" height=\"186\" srcset=\"https:\/\/i0.wp.com\/eltecolote.org\/content\/wp-content\/uploads\/2021\/03\/mqdefault-1.jpg?w=320&amp;quality=89&amp;ssl=1 320w, https:\/\/i0.wp.com\/eltecolote.org\/content\/wp-content\/uploads\/2021\/03\/mqdefault-1.jpg?resize=200%2C112&amp;quality=89&amp;ssl=1 200w, https:\/\/i0.wp.com\/eltecolote.org\/content\/wp-content\/uploads\/2021\/03\/mqdefault-1.jpg?resize=20%2C11&amp;quality=89&amp;ssl=1 20w, https:\/\/i0.wp.com\/eltecolote.org\/content\/wp-content\/uploads\/2021\/03\/mqdefault-1.jpg?resize=185%2C104&amp;quality=89&amp;ssl=1 185w, https:\/\/i0.wp.com\/eltecolote.org\/content\/wp-content\/uploads\/2021\/03\/mqdefault-1.jpg?resize=85%2C48&amp;quality=89&amp;ssl=1 85w\" sizes=\"auto, (max-width: 331px) 100vw, 331px\" \/><\/figure><\/div>\n\n\n\n<p>\u2018La conversaci\u00f3n\u2019 presenta videos de 30 a 60 segundos con m\u00e9dicos, enfermeras e investigadores negros respondiendo preguntas sobre el COVID-19. Las preguntas las hace el rostro familiar de W. Kamau Bell, el comediante, presentador de televisi\u00f3n, productor ejecutivo y autor del \u00c1rea de la Bah\u00eda. Dichos videos est\u00e1n destinados a combatir esa desinformaci\u00f3n.<\/p>\n\n\n\n<p>\u201cNo tenemos el mismo acceso a la vacuna, aunque a nivel nacional las personas negras se encuentran entre las que tienen menos probabilidades de recibir las vacunas\u201d, dijo Boyd. \u201cInicialmente, me dirig\u00ed exclusivamente a poblaciones negras debido a sus altas tasas de mortalidad a nivel nacional por el COVID. Las personas negras tienen la segunda tasa m\u00e1s alta de mortalidad, por lo que nos enfocamos en sus necesidades. La informaci\u00f3n m\u00e1s reciente que aparece es que las poblaciones latinas son en realidad la poblaci\u00f3n menos vacunada del pa\u00eds. A medida que ingresamos a las comunidades de habla hispana, esperamos destacar tanto a la comunidad afrolatina como a sus preocupaciones, pero tambi\u00e9n a la comunidad latina en general&#8221;.<\/p>\n\n\n\n<p>KFF encuest\u00f3 a los estadounidenses sobre sus preocupaciones con respecto a la vacuna y vio surgir similitudes en todos los grupos raciales, incluidos los blancos, negros, latinos y asi\u00e1ticos. La principal era si la vacuna era segura; otro temor es que la vacuna fue desarrollada demasiado r\u00e1pido, as\u00ed como el tema de su costo, particularmente entre las poblaciones negras y latinx, que ignoran que es gratuita.<\/p>\n\n\n\n<p>Seg\u00fan APM Research Lab, las cifras actuales muestran que las poblaciones asi\u00e1ticas tienen el mayor acceso a las vacunas y una de las tasas de mortalidad por COVID-19 m\u00e1s bajas. Tambi\u00e9n son la poblaci\u00f3n m\u00e1s alta en tener al menos una dosis de la vacuna, a nivel nacional. Vale la pena se\u00f1alar que esto no es representativo de todos los asi\u00e1ticos, por ejemplo, los habitantes de las islas del Pac\u00edfico registran la tercera tasa m\u00e1s alta a nivel nacional de mortalidad por el virus y, en California, tambi\u00e9n esa tasa es desproporcionada.<\/p>\n\n\n\n<p>\u201cAlgunas barreras se comparten entre grupos raciales y \u00e9tnicos, una de esas es el dominio del idioma\u201d, dijo Boyd y agreg\u00f3: \u201cPor ejemplo, gran parte de la informaci\u00f3n de COVID que creamos para nuestro primer lanzamiento dirigido a la comunidad negra estaba en ingl\u00e9s. Para las poblaciones asi\u00e1ticas, las poblaciones latinas y algunas personas negras, eso es una barrera. Lo que significa que las personas que no hablan ingl\u00e9s o que no es el idioma predominante en casa, no tendr\u00e1n el mismo acceso a la informaci\u00f3n sobre la vacuna y podr\u00edan tener dificultades cuando llegue el momento de inscribirse, para navegar por sitios web que tambi\u00e9n est\u00e1n predominantemente en ingl\u00e9s. Tambi\u00e9n vimos que tener registros para las citas de vacunaci\u00f3n v\u00eda internet o telef\u00f3nica tambi\u00e9n representa una barrera importante para quienes no tienen acceso a estos servicios\u201d.<\/p>\n\n\n\n<p>El 11 de marzo, el congresista Raul Ruiz, (CA-36), administr\u00f3 la vacuna contra el COVID-19 en una cl\u00ednica m\u00f3vil de Rite Aid, organizada junto con Desert Healthcare District en Coachella Valley High School. Ruiz ha abogado por que las farmacias minoristas den prioridad a las comunidades m\u00e1s afectadas y m\u00e9dicamente desatendidas como las de su distrito.<\/p>\n\n\n\n<div class=\"wp-block-image\"><figure class=\"alignleft size-large is-resized\"><img data-recalc-dims=\"1\" loading=\"lazy\" decoding=\"async\" src=\"https:\/\/i0.wp.com\/eltecolote.org\/content\/wp-content\/uploads\/2021\/03\/Untitled_design_2-1.jpg?resize=434%2C434&#038;quality=89&#038;ssl=1\" alt=\"\" class=\"wp-image-47706\" width=\"434\" height=\"434\" srcset=\"https:\/\/i0.wp.com\/eltecolote.org\/content\/wp-content\/uploads\/2021\/03\/Untitled_design_2-1.jpg?resize=480%2C480&amp;quality=89&amp;ssl=1 480w, https:\/\/i0.wp.com\/eltecolote.org\/content\/wp-content\/uploads\/2021\/03\/Untitled_design_2-1.jpg?resize=250%2C250&amp;quality=89&amp;ssl=1 250w, https:\/\/i0.wp.com\/eltecolote.org\/content\/wp-content\/uploads\/2021\/03\/Untitled_design_2-1.jpg?resize=768%2C768&amp;quality=89&amp;ssl=1 768w, https:\/\/i0.wp.com\/eltecolote.org\/content\/wp-content\/uploads\/2021\/03\/Untitled_design_2-1.jpg?resize=180%2C180&amp;quality=89&amp;ssl=1 180w, https:\/\/i0.wp.com\/eltecolote.org\/content\/wp-content\/uploads\/2021\/03\/Untitled_design_2-1.jpg?resize=90%2C90&amp;quality=89&amp;ssl=1 90w, https:\/\/i0.wp.com\/eltecolote.org\/content\/wp-content\/uploads\/2021\/03\/Untitled_design_2-1.jpg?resize=370%2C370&amp;quality=89&amp;ssl=1 370w, https:\/\/i0.wp.com\/eltecolote.org\/content\/wp-content\/uploads\/2021\/03\/Untitled_design_2-1.jpg?resize=20%2C20&amp;quality=89&amp;ssl=1 20w, https:\/\/i0.wp.com\/eltecolote.org\/content\/wp-content\/uploads\/2021\/03\/Untitled_design_2-1.jpg?resize=185%2C185&amp;quality=89&amp;ssl=1 185w, https:\/\/i0.wp.com\/eltecolote.org\/content\/wp-content\/uploads\/2021\/03\/Untitled_design_2-1.jpg?resize=740%2C740&amp;quality=89&amp;ssl=1 740w, https:\/\/i0.wp.com\/eltecolote.org\/content\/wp-content\/uploads\/2021\/03\/Untitled_design_2-1.jpg?resize=400%2C400&amp;quality=89&amp;ssl=1 400w, https:\/\/i0.wp.com\/eltecolote.org\/content\/wp-content\/uploads\/2021\/03\/Untitled_design_2-1.jpg?resize=300%2C300&amp;quality=89&amp;ssl=1 300w, https:\/\/i0.wp.com\/eltecolote.org\/content\/wp-content\/uploads\/2021\/03\/Untitled_design_2-1.jpg?resize=600%2C600&amp;quality=89&amp;ssl=1 600w, https:\/\/i0.wp.com\/eltecolote.org\/content\/wp-content\/uploads\/2021\/03\/Untitled_design_2-1.jpg?resize=100%2C100&amp;quality=89&amp;ssl=1 100w, https:\/\/i0.wp.com\/eltecolote.org\/content\/wp-content\/uploads\/2021\/03\/Untitled_design_2-1.jpg?resize=48%2C48&amp;quality=89&amp;ssl=1 48w, https:\/\/i0.wp.com\/eltecolote.org\/content\/wp-content\/uploads\/2021\/03\/Untitled_design_2-1.jpg?w=800&amp;quality=89&amp;ssl=1 800w\" sizes=\"auto, (max-width: 434px) 100vw, 434px\" \/><figcaption>Dr. Rhea Boyd<\/figcaption><\/figure><\/div>\n\n\n\n<p>\u201cEn Coachella y en todo el condado de Riverside, el 47% de la poblaci\u00f3n son hispanos que representan el 65% de los casos de infecciones pero solo han recibido el 19% de las vacunas\u201d, dijo Ruiz en una entrevista reciente con CNN. &#8220;Se trata de grandes disparidades que ponen en peligro vidas y comunidades&#8221;.<\/p>\n\n\n\n<p>Ruiz tambi\u00e9n le dijo a este noticiero que ha estado respondiendo preguntas y preocupaciones sobre la vacuna por parte de sus electores, y que despu\u00e9s de disipar algunos de los mitos sobre la vacuna, sus electores est\u00e1n dispuestos a recibirla: \u201cLa raz\u00f3n por la que los hispanos, los afroamericanos y los nativos americanos no han sido vacunados no se debe a las dudas. Es muy importante entender que las disparidades existen principalmente debido a barreras sist\u00e9micas. No hay m\u00e9dicos, enfermeras ni vacunas en sus comunidades. Una vez que traiga las vacunas, ver\u00e1 que las habitaciones est\u00e1n llenas. Ayer en dos horas vacunamos a 700 personas que trabajan en el campo, porque est\u00e1n desesperadas por protegerse para ayudar a su familia y su comunidad\u201d.<\/p>\n\n\n\n<p>Boyd se\u00f1al\u00f3 modelos en Oakland que no requieren citas para vacunas en absoluto, que son Umoja Health, y Roots Community Clinic, dirigidos por las m\u00e9dicos Kim Rhoads y Noha Aboelata, respectivamente.<\/p>\n\n\n\n<p>\u201cEntonces, no necesita Internet, no necesita un tel\u00e9fono celular, podr\u00eda literalmente estar afuera mientras est\u00e1n abiertos y hacerse una prueba de COVID o ponerse la vacuna\u201d, dijo Boyd. \u201cEstos dos sitios est\u00e1n dirigidos por mujeres negras que est\u00e1n haciendo este trabajo. En lugar de responder a la idea de que las personas dudan en vacunarse, que son personas de fuera de nuestra comunidad, que nos etiquetan dentro de nuestras comunidades&#8230; las personas de color y sus proveedores saben lo que significa construir una infraestructura de atenci\u00f3n m\u00e9dica que no se base en el racismo, eso no es as\u00ed, tienen estas barreras. Crearon sitios como estos desde el principio, lo que es un reflejo de lo que ser\u00eda tener una intervenci\u00f3n antirracista que est\u00e9 disponible en varios idiomas desde el principio porque conoces las comunidades a las que sirves\u201d.<\/p>\n\n\n\n<p>Boyd rechaza la idea de que la desconfianza en la comunidad negra est\u00e9 arraigada en los recuerdos del estudio de Tuskegee, \u00e9ticamente injustificado. &#8220;La mayor\u00eda de los negros no tienen que hablar de Tuskegee, saben por experiencia d\u00f3nde ellos o un miembro de su familia fueron maltratados cuando buscaron atenci\u00f3n m\u00e9dica o no tuvieron el mismo acceso a la atenci\u00f3n&#8221;, dijo Boyd. \u201cPara otras comunidades de color, me atrever\u00eda a decir que es lo mismo. En ese discurso a nivel nacional, las personas negras han sido el objetivo, sobre cualquier otro grupo, para ser etiquetadas como reacias a las vacunas. Estoy tratando de cambiar ese enfoque\u201d.<\/p>\n\n\n\n<p>\u201cAunque Tuskegee fue atroz y algo que nosotros, los negros, nunca olvidaremos, no es lo que est\u00e1 dando forma a c\u00f3mo las personas deciden ponerse o no esta vacuna. Lo que est\u00e1 dando forma a su decisi\u00f3n es que no han recibido informaci\u00f3n sobre la vacuna en sus comunidades, en particular los negros. Las personas que s\u00ed tienen informaci\u00f3n o quieren vacunarse no tienen el mismo acceso en sus vecindarios. \u00c9stas son las barreras. Quiero que dejemos de hablar de confianza y vacilaci\u00f3n porque cuando hacemos eso, pretendemos que si los negros simplemente confiaran en el sistema, entonces, de repente, tendr\u00edan acceso, no es as\u00ed como funciona. Si conf\u00edas m\u00e1gicamente en el sistema, eso no significa que haya un sitio de vacunaci\u00f3n en tu patio trasero. Nuestro sistema de atenci\u00f3n m\u00e9dica en general y nuestra infraestructura de salud p\u00fablica, deben priorizar a las personas negras y otras comunidades de color al hacer que la informaci\u00f3n est\u00e9 disponible en varios idiomas y eliminar las barreras de acceso a un sitio de vacunas&#8221;.<\/p>\n","protected":false},"excerpt":{"rendered":"<p>El lanzamiento de la vacuna contra el COVID-19 ha sido un desaf\u00edo en todo el condado, desde los estados procurando asegurar contar con dosis hasta su distribuci\u00f3n. Pero distribuirlas entre ciertas comunidades de color, particularmente las negras y morenas, ha sido un desaf\u00edo. Pero la m\u00e9dico Rhea Boyd, acad\u00e9mica, proveedora de atenci\u00f3n m\u00e9dica y defensora [&hellip;]<\/p>\n","protected":false},"author":35,"featured_media":47706,"comment_status":"open","ping_status":"closed","sticky":false,"template":"","format":"standard","meta":{"newspack_popups_has_disabled_popups":false,"newspack_featured_image_position":"","newspack_post_subtitle":"","newspack_article_summary_title":"Overview:","newspack_article_summary":"","newspack_hide_updated_date":false,"newspack_show_updated_date":false,"footnotes":""},"categories":[3519,3572],"tags":[],"coauthors":[18445],"class_list":["post-47754","post","type-post","status-publish","format-standard","has-post-thumbnail","hentry","category-noticias","category-salud-noticias","entry"],"yoast_head":"<!-- This site is optimized with the Yoast SEO plugin v27.5 - https:\/\/yoast.com\/product\/yoast-seo-wordpress\/ -->\n<title>Eliminar barreras y luchar contra la desinformaci\u00f3n sobre las vacunas entre las comunidades BIPOC - El Tecolote<\/title>\n<meta name=\"description\" content=\"El lanzamiento de la vacuna contra el COVID-19 ha sido un desaf\u00edo en todo el condado, desde los estados procurando asegurar contar con dosis hasta su\" \/>\n<meta name=\"robots\" content=\"index, follow, max-snippet:-1, max-image-preview:large, max-video-preview:-1\" \/>\n<link rel=\"canonical\" href=\"https:\/\/eltecolote.org\/content\/es\/eliminar-barreras-y-luchar-contra-la-desinformacion-sobre-las-vacunas-entre-las-comunidades-bipoc\/\" \/>\n<meta property=\"og:locale\" content=\"en_US\" \/>\n<meta property=\"og:type\" content=\"article\" \/>\n<meta property=\"og:title\" content=\"Eliminar barreras y luchar contra la desinformaci\u00f3n sobre las vacunas entre las comunidades BIPOC - El Tecolote\" \/>\n<meta property=\"og:description\" content=\"El lanzamiento de la vacuna contra el COVID-19 ha sido un desaf\u00edo en todo el condado, desde los estados procurando asegurar contar con dosis hasta su\" \/>\n<meta property=\"og:url\" content=\"https:\/\/eltecolote.org\/content\/es\/eliminar-barreras-y-luchar-contra-la-desinformacion-sobre-las-vacunas-entre-las-comunidades-bipoc\/\" \/>\n<meta property=\"og:site_name\" content=\"El Tecolote\" \/>\n<meta property=\"article:publisher\" content=\"https:\/\/www.facebook.com\/ElTecoloteSF\/\" \/>\n<meta property=\"article:published_time\" content=\"2021-03-26T19:02:17+00:00\" \/>\n<meta property=\"article:modified_time\" content=\"2021-03-26T19:02:22+00:00\" \/>\n<meta property=\"og:image\" content=\"https:\/\/i0.wp.com\/eltecolote.org\/content\/wp-content\/uploads\/2021\/03\/Untitled_design_2-1.jpg?fit=800%2C800&ssl=1\" \/>\n\t<meta property=\"og:image:width\" content=\"800\" \/>\n\t<meta property=\"og:image:height\" content=\"800\" \/>\n\t<meta property=\"og:image:type\" content=\"image\/jpeg\" \/>\n<meta name=\"author\" content=\"El Tecolote Staff\" \/>\n<meta name=\"twitter:card\" content=\"summary_large_image\" \/>\n<meta name=\"twitter:creator\" content=\"@eltecolotesf\" \/>\n<meta name=\"twitter:site\" content=\"@eltecolotesf\" \/>\n<meta name=\"twitter:label1\" content=\"Written by\" \/>\n\t<meta name=\"twitter:data1\" content=\"El Tecolote Staff\" \/>\n\t<meta name=\"twitter:label2\" content=\"Est. reading time\" \/>\n\t<meta name=\"twitter:data2\" content=\"7 minutes\" \/>\n<script type=\"application\/ld+json\" class=\"yoast-schema-graph\">{\"@context\":\"https:\\\/\\\/schema.org\",\"@graph\":[{\"@type\":\"NewsArticle\",\"@id\":\"https:\\\/\\\/eltecolote.org\\\/content\\\/es\\\/eliminar-barreras-y-luchar-contra-la-desinformacion-sobre-las-vacunas-entre-las-comunidades-bipoc\\\/#article\",\"isPartOf\":{\"@id\":\"https:\\\/\\\/eltecolote.org\\\/content\\\/es\\\/eliminar-barreras-y-luchar-contra-la-desinformacion-sobre-las-vacunas-entre-las-comunidades-bipoc\\\/\"},\"author\":{\"name\":\"El Tecolote Staff\",\"@id\":\"https:\\\/\\\/eltecolote.org\\\/content\\\/#\\\/schema\\\/person\\\/08828d10185eba96895a8363a269410e\"},\"headline\":\"Eliminar barreras y luchar contra la desinformaci\u00f3n sobre las vacunas entre las comunidades BIPOC\",\"datePublished\":\"2021-03-26T19:02:17+00:00\",\"dateModified\":\"2021-03-26T19:02:22+00:00\",\"mainEntityOfPage\":{\"@id\":\"https:\\\/\\\/eltecolote.org\\\/content\\\/es\\\/eliminar-barreras-y-luchar-contra-la-desinformacion-sobre-las-vacunas-entre-las-comunidades-bipoc\\\/\"},\"wordCount\":1445,\"commentCount\":0,\"publisher\":{\"@id\":\"https:\\\/\\\/eltecolote.org\\\/content\\\/#organization\"},\"image\":{\"@id\":\"https:\\\/\\\/eltecolote.org\\\/content\\\/es\\\/eliminar-barreras-y-luchar-contra-la-desinformacion-sobre-las-vacunas-entre-las-comunidades-bipoc\\\/#primaryimage\"},\"thumbnailUrl\":\"https:\\\/\\\/i0.wp.com\\\/eltecolote.org\\\/content\\\/wp-content\\\/uploads\\\/2021\\\/03\\\/Untitled_design_2-1.jpg?fit=800%2C800&quality=89&ssl=1\",\"articleSection\":[\"Noticias\",\"Salud\"],\"inLanguage\":\"en\",\"potentialAction\":[{\"@type\":\"CommentAction\",\"name\":\"Comment\",\"target\":[\"https:\\\/\\\/eltecolote.org\\\/content\\\/es\\\/eliminar-barreras-y-luchar-contra-la-desinformacion-sobre-las-vacunas-entre-las-comunidades-bipoc\\\/#respond\"]}]},{\"@type\":\"WebPage\",\"@id\":\"https:\\\/\\\/eltecolote.org\\\/content\\\/es\\\/eliminar-barreras-y-luchar-contra-la-desinformacion-sobre-las-vacunas-entre-las-comunidades-bipoc\\\/\",\"url\":\"https:\\\/\\\/eltecolote.org\\\/content\\\/es\\\/eliminar-barreras-y-luchar-contra-la-desinformacion-sobre-las-vacunas-entre-las-comunidades-bipoc\\\/\",\"name\":\"Eliminar barreras y luchar contra la desinformaci\u00f3n sobre las vacunas entre las comunidades BIPOC - El Tecolote\",\"isPartOf\":{\"@id\":\"https:\\\/\\\/eltecolote.org\\\/content\\\/#website\"},\"primaryImageOfPage\":{\"@id\":\"https:\\\/\\\/eltecolote.org\\\/content\\\/es\\\/eliminar-barreras-y-luchar-contra-la-desinformacion-sobre-las-vacunas-entre-las-comunidades-bipoc\\\/#primaryimage\"},\"image\":{\"@id\":\"https:\\\/\\\/eltecolote.org\\\/content\\\/es\\\/eliminar-barreras-y-luchar-contra-la-desinformacion-sobre-las-vacunas-entre-las-comunidades-bipoc\\\/#primaryimage\"},\"thumbnailUrl\":\"https:\\\/\\\/i0.wp.com\\\/eltecolote.org\\\/content\\\/wp-content\\\/uploads\\\/2021\\\/03\\\/Untitled_design_2-1.jpg?fit=800%2C800&quality=89&ssl=1\",\"datePublished\":\"2021-03-26T19:02:17+00:00\",\"dateModified\":\"2021-03-26T19:02:22+00:00\",\"description\":\"El lanzamiento de la vacuna contra el COVID-19 ha sido un desaf\u00edo en todo el condado, desde los estados procurando asegurar contar con dosis hasta su\",\"inLanguage\":\"en\",\"potentialAction\":[{\"@type\":\"ReadAction\",\"target\":[\"https:\\\/\\\/eltecolote.org\\\/content\\\/es\\\/eliminar-barreras-y-luchar-contra-la-desinformacion-sobre-las-vacunas-entre-las-comunidades-bipoc\\\/\"]}]},{\"@type\":\"ImageObject\",\"inLanguage\":\"en\",\"@id\":\"https:\\\/\\\/eltecolote.org\\\/content\\\/es\\\/eliminar-barreras-y-luchar-contra-la-desinformacion-sobre-las-vacunas-entre-las-comunidades-bipoc\\\/#primaryimage\",\"url\":\"https:\\\/\\\/i0.wp.com\\\/eltecolote.org\\\/content\\\/wp-content\\\/uploads\\\/2021\\\/03\\\/Untitled_design_2-1.jpg?fit=800%2C800&quality=89&ssl=1\",\"contentUrl\":\"https:\\\/\\\/i0.wp.com\\\/eltecolote.org\\\/content\\\/wp-content\\\/uploads\\\/2021\\\/03\\\/Untitled_design_2-1.jpg?fit=800%2C800&quality=89&ssl=1\",\"width\":800,\"height\":800,\"caption\":\"Dr. Rhea Boyd\"},{\"@type\":\"WebSite\",\"@id\":\"https:\\\/\\\/eltecolote.org\\\/content\\\/#website\",\"url\":\"https:\\\/\\\/eltecolote.org\\\/content\\\/\",\"name\":\"El Tecolote\",\"description\":\"San Francisco's Latinx newspaper since 1970\",\"publisher\":{\"@id\":\"https:\\\/\\\/eltecolote.org\\\/content\\\/#organization\"},\"potentialAction\":[{\"@type\":\"SearchAction\",\"target\":{\"@type\":\"EntryPoint\",\"urlTemplate\":\"https:\\\/\\\/eltecolote.org\\\/content\\\/?s={search_term_string}\"},\"query-input\":{\"@type\":\"PropertyValueSpecification\",\"valueRequired\":true,\"valueName\":\"search_term_string\"}}],\"inLanguage\":\"en\"},{\"@type\":\"Organization\",\"@id\":\"https:\\\/\\\/eltecolote.org\\\/content\\\/#organization\",\"name\":\"El Tecolote\",\"url\":\"https:\\\/\\\/eltecolote.org\\\/content\\\/\",\"logo\":{\"@type\":\"ImageObject\",\"inLanguage\":\"en\",\"@id\":\"https:\\\/\\\/eltecolote.org\\\/content\\\/#\\\/schema\\\/logo\\\/image\\\/\",\"url\":\"https:\\\/\\\/i0.wp.com\\\/eltecolote.org\\\/content\\\/wp-content\\\/uploads\\\/2021\\\/05\\\/ETlogo-1.jpg?fit=400%2C400&ssl=1\",\"contentUrl\":\"https:\\\/\\\/i0.wp.com\\\/eltecolote.org\\\/content\\\/wp-content\\\/uploads\\\/2021\\\/05\\\/ETlogo-1.jpg?fit=400%2C400&ssl=1\",\"width\":400,\"height\":400,\"caption\":\"El Tecolote\"},\"image\":{\"@id\":\"https:\\\/\\\/eltecolote.org\\\/content\\\/#\\\/schema\\\/logo\\\/image\\\/\"},\"sameAs\":[\"https:\\\/\\\/www.facebook.com\\\/ElTecoloteSF\\\/\",\"https:\\\/\\\/x.com\\\/eltecolotesf\",\"https:\\\/\\\/www.instagram.com\\\/eltecolotesf\\\/\"]},{\"@type\":\"Person\",\"@id\":\"https:\\\/\\\/eltecolote.org\\\/content\\\/#\\\/schema\\\/person\\\/08828d10185eba96895a8363a269410e\",\"name\":\"El Tecolote Staff\",\"image\":{\"@type\":\"ImageObject\",\"inLanguage\":\"en\",\"@id\":\"https:\\\/\\\/secure.gravatar.com\\\/avatar\\\/9534c92c8c908364e186a64d93efc86f62367109d1b07a3454facde655968589?s=96&d=mm&r=g6afcb607783e095e4cf6be807353924d\",\"url\":\"https:\\\/\\\/secure.gravatar.com\\\/avatar\\\/9534c92c8c908364e186a64d93efc86f62367109d1b07a3454facde655968589?s=96&d=mm&r=g\",\"contentUrl\":\"https:\\\/\\\/secure.gravatar.com\\\/avatar\\\/9534c92c8c908364e186a64d93efc86f62367109d1b07a3454facde655968589?s=96&d=mm&r=g\",\"caption\":\"El Tecolote Staff\"},\"url\":\"https:\\\/\\\/eltecolote.org\\\/content\\\/author\\\/web-editor\\\/\"}]}<\/script>\n<!-- \/ Yoast SEO plugin. -->","yoast_head_json":{"title":"Eliminar barreras y luchar contra la desinformaci\u00f3n sobre las vacunas entre las comunidades BIPOC - El Tecolote","description":"El lanzamiento de la vacuna contra el COVID-19 ha sido un desaf\u00edo en todo el condado, desde los estados procurando asegurar contar con dosis hasta su","robots":{"index":"index","follow":"follow","max-snippet":"max-snippet:-1","max-image-preview":"max-image-preview:large","max-video-preview":"max-video-preview:-1"},"canonical":"https:\/\/eltecolote.org\/content\/es\/eliminar-barreras-y-luchar-contra-la-desinformacion-sobre-las-vacunas-entre-las-comunidades-bipoc\/","og_locale":"en_US","og_type":"article","og_title":"Eliminar barreras y luchar contra la desinformaci\u00f3n sobre las vacunas entre las comunidades BIPOC - El Tecolote","og_description":"El lanzamiento de la vacuna contra el COVID-19 ha sido un desaf\u00edo en todo el condado, desde los estados procurando asegurar contar con dosis hasta su","og_url":"https:\/\/eltecolote.org\/content\/es\/eliminar-barreras-y-luchar-contra-la-desinformacion-sobre-las-vacunas-entre-las-comunidades-bipoc\/","og_site_name":"El Tecolote","article_publisher":"https:\/\/www.facebook.com\/ElTecoloteSF\/","article_published_time":"2021-03-26T19:02:17+00:00","article_modified_time":"2021-03-26T19:02:22+00:00","og_image":[{"width":800,"height":800,"url":"https:\/\/i0.wp.com\/eltecolote.org\/content\/wp-content\/uploads\/2021\/03\/Untitled_design_2-1.jpg?fit=800%2C800&ssl=1","type":"image\/jpeg"}],"author":"El Tecolote Staff","twitter_card":"summary_large_image","twitter_creator":"@eltecolotesf","twitter_site":"@eltecolotesf","twitter_misc":{"Written by":"El Tecolote Staff","Est. reading time":"7 minutes"},"schema":{"@context":"https:\/\/schema.org","@graph":[{"@type":"NewsArticle","@id":"https:\/\/eltecolote.org\/content\/es\/eliminar-barreras-y-luchar-contra-la-desinformacion-sobre-las-vacunas-entre-las-comunidades-bipoc\/#article","isPartOf":{"@id":"https:\/\/eltecolote.org\/content\/es\/eliminar-barreras-y-luchar-contra-la-desinformacion-sobre-las-vacunas-entre-las-comunidades-bipoc\/"},"author":{"name":"El Tecolote Staff","@id":"https:\/\/eltecolote.org\/content\/#\/schema\/person\/08828d10185eba96895a8363a269410e"},"headline":"Eliminar barreras y luchar contra la desinformaci\u00f3n sobre las vacunas entre las comunidades BIPOC","datePublished":"2021-03-26T19:02:17+00:00","dateModified":"2021-03-26T19:02:22+00:00","mainEntityOfPage":{"@id":"https:\/\/eltecolote.org\/content\/es\/eliminar-barreras-y-luchar-contra-la-desinformacion-sobre-las-vacunas-entre-las-comunidades-bipoc\/"},"wordCount":1445,"commentCount":0,"publisher":{"@id":"https:\/\/eltecolote.org\/content\/#organization"},"image":{"@id":"https:\/\/eltecolote.org\/content\/es\/eliminar-barreras-y-luchar-contra-la-desinformacion-sobre-las-vacunas-entre-las-comunidades-bipoc\/#primaryimage"},"thumbnailUrl":"https:\/\/i0.wp.com\/eltecolote.org\/content\/wp-content\/uploads\/2021\/03\/Untitled_design_2-1.jpg?fit=800%2C800&quality=89&ssl=1","articleSection":["Noticias","Salud"],"inLanguage":"en","potentialAction":[{"@type":"CommentAction","name":"Comment","target":["https:\/\/eltecolote.org\/content\/es\/eliminar-barreras-y-luchar-contra-la-desinformacion-sobre-las-vacunas-entre-las-comunidades-bipoc\/#respond"]}]},{"@type":"WebPage","@id":"https:\/\/eltecolote.org\/content\/es\/eliminar-barreras-y-luchar-contra-la-desinformacion-sobre-las-vacunas-entre-las-comunidades-bipoc\/","url":"https:\/\/eltecolote.org\/content\/es\/eliminar-barreras-y-luchar-contra-la-desinformacion-sobre-las-vacunas-entre-las-comunidades-bipoc\/","name":"Eliminar barreras y luchar contra la desinformaci\u00f3n sobre las vacunas entre las comunidades BIPOC - El Tecolote","isPartOf":{"@id":"https:\/\/eltecolote.org\/content\/#website"},"primaryImageOfPage":{"@id":"https:\/\/eltecolote.org\/content\/es\/eliminar-barreras-y-luchar-contra-la-desinformacion-sobre-las-vacunas-entre-las-comunidades-bipoc\/#primaryimage"},"image":{"@id":"https:\/\/eltecolote.org\/content\/es\/eliminar-barreras-y-luchar-contra-la-desinformacion-sobre-las-vacunas-entre-las-comunidades-bipoc\/#primaryimage"},"thumbnailUrl":"https:\/\/i0.wp.com\/eltecolote.org\/content\/wp-content\/uploads\/2021\/03\/Untitled_design_2-1.jpg?fit=800%2C800&quality=89&ssl=1","datePublished":"2021-03-26T19:02:17+00:00","dateModified":"2021-03-26T19:02:22+00:00","description":"El lanzamiento de la vacuna contra el COVID-19 ha sido un desaf\u00edo en todo el condado, desde los estados procurando asegurar contar con dosis hasta su","inLanguage":"en","potentialAction":[{"@type":"ReadAction","target":["https:\/\/eltecolote.org\/content\/es\/eliminar-barreras-y-luchar-contra-la-desinformacion-sobre-las-vacunas-entre-las-comunidades-bipoc\/"]}]},{"@type":"ImageObject","inLanguage":"en","@id":"https:\/\/eltecolote.org\/content\/es\/eliminar-barreras-y-luchar-contra-la-desinformacion-sobre-las-vacunas-entre-las-comunidades-bipoc\/#primaryimage","url":"https:\/\/i0.wp.com\/eltecolote.org\/content\/wp-content\/uploads\/2021\/03\/Untitled_design_2-1.jpg?fit=800%2C800&quality=89&ssl=1","contentUrl":"https:\/\/i0.wp.com\/eltecolote.org\/content\/wp-content\/uploads\/2021\/03\/Untitled_design_2-1.jpg?fit=800%2C800&quality=89&ssl=1","width":800,"height":800,"caption":"Dr. Rhea Boyd"},{"@type":"WebSite","@id":"https:\/\/eltecolote.org\/content\/#website","url":"https:\/\/eltecolote.org\/content\/","name":"El Tecolote","description":"San Francisco's Latinx newspaper since 1970","publisher":{"@id":"https:\/\/eltecolote.org\/content\/#organization"},"potentialAction":[{"@type":"SearchAction","target":{"@type":"EntryPoint","urlTemplate":"https:\/\/eltecolote.org\/content\/?s={search_term_string}"},"query-input":{"@type":"PropertyValueSpecification","valueRequired":true,"valueName":"search_term_string"}}],"inLanguage":"en"},{"@type":"Organization","@id":"https:\/\/eltecolote.org\/content\/#organization","name":"El Tecolote","url":"https:\/\/eltecolote.org\/content\/","logo":{"@type":"ImageObject","inLanguage":"en","@id":"https:\/\/eltecolote.org\/content\/#\/schema\/logo\/image\/","url":"https:\/\/i0.wp.com\/eltecolote.org\/content\/wp-content\/uploads\/2021\/05\/ETlogo-1.jpg?fit=400%2C400&ssl=1","contentUrl":"https:\/\/i0.wp.com\/eltecolote.org\/content\/wp-content\/uploads\/2021\/05\/ETlogo-1.jpg?fit=400%2C400&ssl=1","width":400,"height":400,"caption":"El Tecolote"},"image":{"@id":"https:\/\/eltecolote.org\/content\/#\/schema\/logo\/image\/"},"sameAs":["https:\/\/www.facebook.com\/ElTecoloteSF\/","https:\/\/x.com\/eltecolotesf","https:\/\/www.instagram.com\/eltecolotesf\/"]},{"@type":"Person","@id":"https:\/\/eltecolote.org\/content\/#\/schema\/person\/08828d10185eba96895a8363a269410e","name":"El Tecolote Staff","image":{"@type":"ImageObject","inLanguage":"en","@id":"https:\/\/secure.gravatar.com\/avatar\/9534c92c8c908364e186a64d93efc86f62367109d1b07a3454facde655968589?s=96&d=mm&r=g6afcb607783e095e4cf6be807353924d","url":"https:\/\/secure.gravatar.com\/avatar\/9534c92c8c908364e186a64d93efc86f62367109d1b07a3454facde655968589?s=96&d=mm&r=g","contentUrl":"https:\/\/secure.gravatar.com\/avatar\/9534c92c8c908364e186a64d93efc86f62367109d1b07a3454facde655968589?s=96&d=mm&r=g","caption":"El Tecolote Staff"},"url":"https:\/\/eltecolote.org\/content\/author\/web-editor\/"}]}},"distributor_meta":false,"distributor_terms":false,"distributor_media":false,"distributor_original_site_name":"El Tecolote","distributor_original_site_url":"https:\/\/eltecolote.org\/content","push-errors":false,"_links":{"self":[{"href":"https:\/\/eltecolote.org\/content\/wp-json\/wp\/v2\/posts\/47754","targetHints":{"allow":["GET"]}}],"collection":[{"href":"https:\/\/eltecolote.org\/content\/wp-json\/wp\/v2\/posts"}],"about":[{"href":"https:\/\/eltecolote.org\/content\/wp-json\/wp\/v2\/types\/post"}],"author":[{"embeddable":true,"href":"https:\/\/eltecolote.org\/content\/wp-json\/wp\/v2\/users\/35"}],"replies":[{"embeddable":true,"href":"https:\/\/eltecolote.org\/content\/wp-json\/wp\/v2\/comments?post=47754"}],"version-history":[{"count":1,"href":"https:\/\/eltecolote.org\/content\/wp-json\/wp\/v2\/posts\/47754\/revisions"}],"predecessor-version":[{"id":47755,"href":"https:\/\/eltecolote.org\/content\/wp-json\/wp\/v2\/posts\/47754\/revisions\/47755"}],"wp:featuredmedia":[{"embeddable":true,"href":"https:\/\/eltecolote.org\/content\/wp-json\/wp\/v2\/media\/47706"}],"wp:attachment":[{"href":"https:\/\/eltecolote.org\/content\/wp-json\/wp\/v2\/media?parent=47754"}],"wp:term":[{"taxonomy":"category","embeddable":true,"href":"https:\/\/eltecolote.org\/content\/wp-json\/wp\/v2\/categories?post=47754"},{"taxonomy":"post_tag","embeddable":true,"href":"https:\/\/eltecolote.org\/content\/wp-json\/wp\/v2\/tags?post=47754"},{"taxonomy":"author","embeddable":true,"href":"https:\/\/eltecolote.org\/content\/wp-json\/wp\/v2\/coauthors?post=47754"}],"curies":[{"name":"wp","href":"https:\/\/api.w.org\/{rel}","templated":true}]}}