{"id":45453,"date":"2020-09-25T09:36:28","date_gmt":"2020-09-25T16:36:28","guid":{"rendered":"http:\/\/eltecolote.org\/content\/?p=45453"},"modified":"2020-09-25T09:36:32","modified_gmt":"2020-09-25T16:36:32","slug":"celebran-legado-de-la-leyenda-del-rock-arcelio-malo-garcia","status":"publish","type":"post","link":"https:\/\/eltecolote.org\/content\/es\/celebran-legado-de-la-leyenda-del-rock-arcelio-malo-garcia\/","title":{"rendered":"Celebran legado de la leyenda del rock Arcelio \u2018Malo\u2019 Garc\u00eda"},"content":{"rendered":"\n<p><\/p>\n\n\n\n<p><\/p>\n\n\n\n<p>La comunidad se reuni\u00f3 en el Parque Potrero del Sol el 5 de septiembre para celebrar la vida de la leyenda musical Arcelio \u2018Malo\u2019 Garc\u00eda, miembro fundador de la banda de rock latino, Malo.<\/p>\n\n\n\n<p>La banda originaria de San Francisco salt\u00f3 a la fama en la d\u00e9cada de 1970 y ayud\u00f3 a dar forma al movimiento del rock latino. El escenario al aire libre estaba iluminado por un sol brillante, lleno de m\u00fasicos y decorado con fotos de Garc\u00eda, quien falleci\u00f3 el 11 de agosto a los 74 a\u00f1os.<\/p>\n\n\n\n<p>El memorial comenz\u00f3 al mediod\u00eda con mensajes, oraciones y canciones de la familia y otros miembros de Victory Outreach San Francisco. Los miembros actuales y anteriores de Malo se turnaron para hacer declaraciones y tocar canciones favoritas como \u2018Suavecito\u2019, \u2018Caf\u00e9\u2019 y \u2018Es un d\u00eda encantador\u2019. Las notas conmovedoras sonaron a trav\u00e9s de la celebraci\u00f3n inspiradora en el parque. Al pie del escenario, los fan\u00e1ticos bailaron y tomaron fotos. En las secciones sombreadas, la gente levant\u00f3 la mano y la voz en honor al querido \u00eddolo del rock y miembro de la comunidad del Distrito de la Misi\u00f3n.<\/p>\n\n\n\n<p>La hija de Garc\u00eda y organizadora principal del evento conmemorativo, Yvette Garc\u00eda Hern\u00e1ndez, reflexion\u00f3 sobre su padre. \u201cNuestra familia era una parte muy importante de la comunidad cuando se fund\u00f3 Malo. Gracias a \u00e9l, muchos de los talentos locales aqu\u00ed pudieron comenzar\u201d, dijo Hern\u00e1ndez en una entrevista. \u201cEra un camino que nunca quiso recorrer solo. Siempre quiso hacer esto con sus amigos, familia y comunidad\u201d.<\/p>\n\n\n\n<p>El papel de Garc\u00eda en la comunidad se hizo eco durante todo el d\u00eda. Richard Segovia grab\u00f3 con Garc\u00eda y es due\u00f1o de la \u2018Casa del Rock Latino\u2019, en las calles 25 y York, la cual presenta un mural de bandas de rock latino del Distrito de la Misi\u00f3n que han definido el g\u00e9nero. \u201cArcelio era como el protector del Distrito de la Misi\u00f3n. Era como el embajador. Dej\u00f3 una huella aqu\u00ed\u201d, reconoce Segovia.<\/p>\n\n\n\n<p>El ex miembro de la banda Malo, el pastor Mart\u00edn Cant\u00fa, tambi\u00e9n enfatiz\u00f3 el liderazgo de Garc\u00eda: \u201cArcelio me tom\u00f3 bajo su protecci\u00f3n y me ense\u00f1\u00f3. Les dar\u00eda a los m\u00fasicos del Distrito de la Misi\u00f3n la oportunidad de estar en el escenario. Muchos de los m\u00fasicos aqu\u00ed presentes le deben gratitud\u201d.<\/p>\n\n\n\n<p>La familia se reuni\u00f3 para compartir historias y recuerdos, enfatizando que Garc\u00eda era una leyenda del rock latino y mucho m\u00e1s. Quieren que la gente lo recuerde como un hombre de familia que siempre bromeaba. Fue un gran jugador de b\u00e9isbol y boxeador; amable y humilde. Cuando sus parientes lo imaginan, lo ven no solo en el escenario, sino tambi\u00e9n en la cocina de la abuela mientras cocina.<\/p>\n\n\n\n<p>\u201cSol\u00edamos caminar juntos por la calle y yo sol\u00eda decirles a todos \u2018\u00bfquieres conocer a mi t\u00edo la estrella del rock?\u2019 No le gustaba eso\u2019\u2019, record\u00f3 el sobrino de Garc\u00eda, Pel\u00e9 Garc\u00eda, entre risas. \u201cPero siempre volv\u00eda con una broma. Amo a mi t\u00edo y lo voy a extra\u00f1ar\u201d.<\/p>\n\n\n\n<p>\u00c9l todav\u00eda est\u00e1 con nosotros, coment\u00f3 Raymond Garc\u00eda, sobrino de Garc\u00eda, porque \u201c\u00c9l est\u00e1 en el coraz\u00f3n de todos. Puso un pedazo de su alma en todos\u201d. Su familia estuvo de acuerdo en que Garc\u00eda vive a trav\u00e9s del talento que comparti\u00f3 con el mundo. Mientras su m\u00fasica se reproduzca, \u00e9l no se ir\u00e1.\u00a0<\/p>\n","protected":false},"excerpt":{"rendered":"<p>La comunidad se reuni\u00f3 en el Parque Potrero del Sol el 5 de septiembre para celebrar la vida de la leyenda musical Arcelio \u2018Malo\u2019 Garc\u00eda, miembro fundador de la banda de rock latino, Malo. La banda originaria de San Francisco salt\u00f3 a la fama en la d\u00e9cada de 1970 y ayud\u00f3 a dar forma al [&hellip;]<\/p>\n","protected":false},"author":35,"featured_media":45459,"comment_status":"open","ping_status":"closed","sticky":false,"template":"","format":"gallery","meta":{"newspack_popups_has_disabled_popups":false,"newspack_featured_image_position":"","newspack_post_subtitle":"","newspack_article_summary_title":"Overview:","newspack_article_summary":"","newspack_hide_updated_date":false,"newspack_show_updated_date":false,"footnotes":""},"categories":[3529,3521],"tags":[],"coauthors":[18445],"class_list":["post-45453","post","type-post","status-publish","format-gallery","has-post-thumbnail","hentry","category-comunidad-2","category-obituarios","post_format-post-format-gallery","entry"],"yoast_head":"<!-- This site is optimized with the Yoast SEO plugin v27.5 - https:\/\/yoast.com\/product\/yoast-seo-wordpress\/ -->\n<title>Celebran legado de la leyenda del rock Arcelio \u2018Malo\u2019 Garc\u00eda - El Tecolote<\/title>\n<meta name=\"description\" content=\"La comunidad se reuni\u00f3 en el Parque Potrero del Sol el 5 de septiembre para celebrar la vida de la leyenda musical Arcelio \u2018Malo\u2019 Garc\u00eda, miembro fundador\" \/>\n<meta name=\"robots\" content=\"index, follow, max-snippet:-1, max-image-preview:large, max-video-preview:-1\" \/>\n<link rel=\"canonical\" href=\"https:\/\/eltecolote.org\/content\/es\/celebran-legado-de-la-leyenda-del-rock-arcelio-malo-garcia\/\" \/>\n<meta property=\"og:locale\" content=\"en_US\" \/>\n<meta property=\"og:type\" content=\"article\" \/>\n<meta property=\"og:title\" content=\"Celebran legado de la leyenda del rock Arcelio \u2018Malo\u2019 Garc\u00eda - El Tecolote\" \/>\n<meta property=\"og:description\" content=\"La comunidad se reuni\u00f3 en el Parque Potrero del Sol el 5 de septiembre para celebrar la vida de la leyenda musical Arcelio \u2018Malo\u2019 Garc\u00eda, miembro fundador\" \/>\n<meta property=\"og:url\" content=\"https:\/\/eltecolote.org\/content\/es\/celebran-legado-de-la-leyenda-del-rock-arcelio-malo-garcia\/\" \/>\n<meta property=\"og:site_name\" content=\"El Tecolote\" \/>\n<meta property=\"article:publisher\" content=\"https:\/\/www.facebook.com\/ElTecoloteSF\/\" \/>\n<meta property=\"article:published_time\" content=\"2020-09-25T16:36:28+00:00\" \/>\n<meta property=\"article:modified_time\" content=\"2020-09-25T16:36:32+00:00\" \/>\n<meta property=\"og:image\" content=\"https:\/\/i0.wp.com\/eltecolote.org\/content\/wp-content\/uploads\/2020\/09\/DSC_0264_web-1.jpg?fit=1200%2C800&ssl=1\" \/>\n\t<meta property=\"og:image:width\" content=\"1200\" \/>\n\t<meta property=\"og:image:height\" content=\"800\" \/>\n\t<meta property=\"og:image:type\" content=\"image\/jpeg\" \/>\n<meta name=\"author\" content=\"El Tecolote Staff\" \/>\n<meta name=\"twitter:card\" content=\"summary_large_image\" \/>\n<meta name=\"twitter:creator\" content=\"@eltecolotesf\" \/>\n<meta name=\"twitter:site\" content=\"@eltecolotesf\" \/>\n<meta name=\"twitter:label1\" content=\"Written by\" \/>\n\t<meta name=\"twitter:data1\" content=\"El Tecolote Staff\" \/>\n\t<meta name=\"twitter:label2\" content=\"Est. reading time\" \/>\n\t<meta name=\"twitter:data2\" content=\"3 minutes\" \/>\n<script type=\"application\/ld+json\" class=\"yoast-schema-graph\">{\"@context\":\"https:\\\/\\\/schema.org\",\"@graph\":[{\"@type\":\"NewsArticle\",\"@id\":\"https:\\\/\\\/eltecolote.org\\\/content\\\/es\\\/celebran-legado-de-la-leyenda-del-rock-arcelio-malo-garcia\\\/#article\",\"isPartOf\":{\"@id\":\"https:\\\/\\\/eltecolote.org\\\/content\\\/es\\\/celebran-legado-de-la-leyenda-del-rock-arcelio-malo-garcia\\\/\"},\"author\":{\"name\":\"El Tecolote Staff\",\"@id\":\"https:\\\/\\\/eltecolote.org\\\/content\\\/#\\\/schema\\\/person\\\/08828d10185eba96895a8363a269410e\"},\"headline\":\"Celebran legado de la leyenda del rock Arcelio \u2018Malo\u2019 Garc\u00eda\",\"datePublished\":\"2020-09-25T16:36:28+00:00\",\"dateModified\":\"2020-09-25T16:36:32+00:00\",\"mainEntityOfPage\":{\"@id\":\"https:\\\/\\\/eltecolote.org\\\/content\\\/es\\\/celebran-legado-de-la-leyenda-del-rock-arcelio-malo-garcia\\\/\"},\"wordCount\":603,\"commentCount\":0,\"publisher\":{\"@id\":\"https:\\\/\\\/eltecolote.org\\\/content\\\/#organization\"},\"image\":{\"@id\":\"https:\\\/\\\/eltecolote.org\\\/content\\\/es\\\/celebran-legado-de-la-leyenda-del-rock-arcelio-malo-garcia\\\/#primaryimage\"},\"thumbnailUrl\":\"https:\\\/\\\/i0.wp.com\\\/eltecolote.org\\\/content\\\/wp-content\\\/uploads\\\/2020\\\/09\\\/DSC_0264_web-1.jpg?fit=1200%2C800&quality=89&ssl=1\",\"articleSection\":[\"Comunidad\",\"Obituarios\"],\"inLanguage\":\"en\",\"potentialAction\":[{\"@type\":\"CommentAction\",\"name\":\"Comment\",\"target\":[\"https:\\\/\\\/eltecolote.org\\\/content\\\/es\\\/celebran-legado-de-la-leyenda-del-rock-arcelio-malo-garcia\\\/#respond\"]}]},{\"@type\":\"WebPage\",\"@id\":\"https:\\\/\\\/eltecolote.org\\\/content\\\/es\\\/celebran-legado-de-la-leyenda-del-rock-arcelio-malo-garcia\\\/\",\"url\":\"https:\\\/\\\/eltecolote.org\\\/content\\\/es\\\/celebran-legado-de-la-leyenda-del-rock-arcelio-malo-garcia\\\/\",\"name\":\"Celebran legado de la leyenda del rock Arcelio \u2018Malo\u2019 Garc\u00eda - El Tecolote\",\"isPartOf\":{\"@id\":\"https:\\\/\\\/eltecolote.org\\\/content\\\/#website\"},\"primaryImageOfPage\":{\"@id\":\"https:\\\/\\\/eltecolote.org\\\/content\\\/es\\\/celebran-legado-de-la-leyenda-del-rock-arcelio-malo-garcia\\\/#primaryimage\"},\"image\":{\"@id\":\"https:\\\/\\\/eltecolote.org\\\/content\\\/es\\\/celebran-legado-de-la-leyenda-del-rock-arcelio-malo-garcia\\\/#primaryimage\"},\"thumbnailUrl\":\"https:\\\/\\\/i0.wp.com\\\/eltecolote.org\\\/content\\\/wp-content\\\/uploads\\\/2020\\\/09\\\/DSC_0264_web-1.jpg?fit=1200%2C800&quality=89&ssl=1\",\"datePublished\":\"2020-09-25T16:36:28+00:00\",\"dateModified\":\"2020-09-25T16:36:32+00:00\",\"description\":\"La comunidad se reuni\u00f3 en el Parque Potrero del Sol el 5 de septiembre para celebrar la vida de la leyenda musical Arcelio \u2018Malo\u2019 Garc\u00eda, miembro fundador\",\"inLanguage\":\"en\",\"potentialAction\":[{\"@type\":\"ReadAction\",\"target\":[\"https:\\\/\\\/eltecolote.org\\\/content\\\/es\\\/celebran-legado-de-la-leyenda-del-rock-arcelio-malo-garcia\\\/\"]}]},{\"@type\":\"ImageObject\",\"inLanguage\":\"en\",\"@id\":\"https:\\\/\\\/eltecolote.org\\\/content\\\/es\\\/celebran-legado-de-la-leyenda-del-rock-arcelio-malo-garcia\\\/#primaryimage\",\"url\":\"https:\\\/\\\/i0.wp.com\\\/eltecolote.org\\\/content\\\/wp-content\\\/uploads\\\/2020\\\/09\\\/DSC_0264_web-1.jpg?fit=1200%2C800&quality=89&ssl=1\",\"contentUrl\":\"https:\\\/\\\/i0.wp.com\\\/eltecolote.org\\\/content\\\/wp-content\\\/uploads\\\/2020\\\/09\\\/DSC_0264_web-1.jpg?fit=1200%2C800&quality=89&ssl=1\",\"width\":1200,\"height\":800,\"caption\":\"Arcelio Garc\u00eda, vocalista l\u00edder de la agrupaci\u00f3n Malo, durante una presentaci\u00f3n con con el Grupo Adelante en el Festival C\u00e9sar Ch\u00e1vez en las calles 24 y Bryant, el s\u00e1bado 13 de abril de 2019. Foto: Mabel Jimenez\"},{\"@type\":\"WebSite\",\"@id\":\"https:\\\/\\\/eltecolote.org\\\/content\\\/#website\",\"url\":\"https:\\\/\\\/eltecolote.org\\\/content\\\/\",\"name\":\"El Tecolote\",\"description\":\"San Francisco's Latinx newspaper since 1970\",\"publisher\":{\"@id\":\"https:\\\/\\\/eltecolote.org\\\/content\\\/#organization\"},\"potentialAction\":[{\"@type\":\"SearchAction\",\"target\":{\"@type\":\"EntryPoint\",\"urlTemplate\":\"https:\\\/\\\/eltecolote.org\\\/content\\\/?s={search_term_string}\"},\"query-input\":{\"@type\":\"PropertyValueSpecification\",\"valueRequired\":true,\"valueName\":\"search_term_string\"}}],\"inLanguage\":\"en\"},{\"@type\":\"Organization\",\"@id\":\"https:\\\/\\\/eltecolote.org\\\/content\\\/#organization\",\"name\":\"El Tecolote\",\"url\":\"https:\\\/\\\/eltecolote.org\\\/content\\\/\",\"logo\":{\"@type\":\"ImageObject\",\"inLanguage\":\"en\",\"@id\":\"https:\\\/\\\/eltecolote.org\\\/content\\\/#\\\/schema\\\/logo\\\/image\\\/\",\"url\":\"https:\\\/\\\/i0.wp.com\\\/eltecolote.org\\\/content\\\/wp-content\\\/uploads\\\/2021\\\/05\\\/ETlogo-1.jpg?fit=400%2C400&ssl=1\",\"contentUrl\":\"https:\\\/\\\/i0.wp.com\\\/eltecolote.org\\\/content\\\/wp-content\\\/uploads\\\/2021\\\/05\\\/ETlogo-1.jpg?fit=400%2C400&ssl=1\",\"width\":400,\"height\":400,\"caption\":\"El Tecolote\"},\"image\":{\"@id\":\"https:\\\/\\\/eltecolote.org\\\/content\\\/#\\\/schema\\\/logo\\\/image\\\/\"},\"sameAs\":[\"https:\\\/\\\/www.facebook.com\\\/ElTecoloteSF\\\/\",\"https:\\\/\\\/x.com\\\/eltecolotesf\",\"https:\\\/\\\/www.instagram.com\\\/eltecolotesf\\\/\"]},{\"@type\":\"Person\",\"@id\":\"https:\\\/\\\/eltecolote.org\\\/content\\\/#\\\/schema\\\/person\\\/08828d10185eba96895a8363a269410e\",\"name\":\"El Tecolote Staff\",\"image\":{\"@type\":\"ImageObject\",\"inLanguage\":\"en\",\"@id\":\"https:\\\/\\\/secure.gravatar.com\\\/avatar\\\/9534c92c8c908364e186a64d93efc86f62367109d1b07a3454facde655968589?s=96&d=mm&r=g6afcb607783e095e4cf6be807353924d\",\"url\":\"https:\\\/\\\/secure.gravatar.com\\\/avatar\\\/9534c92c8c908364e186a64d93efc86f62367109d1b07a3454facde655968589?s=96&d=mm&r=g\",\"contentUrl\":\"https:\\\/\\\/secure.gravatar.com\\\/avatar\\\/9534c92c8c908364e186a64d93efc86f62367109d1b07a3454facde655968589?s=96&d=mm&r=g\",\"caption\":\"El Tecolote Staff\"},\"url\":\"https:\\\/\\\/eltecolote.org\\\/content\\\/author\\\/web-editor\\\/\"}]}<\/script>\n<!-- \/ Yoast SEO plugin. -->","yoast_head_json":{"title":"Celebran legado de la leyenda del rock Arcelio \u2018Malo\u2019 Garc\u00eda - El Tecolote","description":"La comunidad se reuni\u00f3 en el Parque Potrero del Sol el 5 de septiembre para celebrar la vida de la leyenda musical Arcelio \u2018Malo\u2019 Garc\u00eda, miembro fundador","robots":{"index":"index","follow":"follow","max-snippet":"max-snippet:-1","max-image-preview":"max-image-preview:large","max-video-preview":"max-video-preview:-1"},"canonical":"https:\/\/eltecolote.org\/content\/es\/celebran-legado-de-la-leyenda-del-rock-arcelio-malo-garcia\/","og_locale":"en_US","og_type":"article","og_title":"Celebran legado de la leyenda del rock Arcelio \u2018Malo\u2019 Garc\u00eda - El Tecolote","og_description":"La comunidad se reuni\u00f3 en el Parque Potrero del Sol el 5 de septiembre para celebrar la vida de la leyenda musical Arcelio \u2018Malo\u2019 Garc\u00eda, miembro fundador","og_url":"https:\/\/eltecolote.org\/content\/es\/celebran-legado-de-la-leyenda-del-rock-arcelio-malo-garcia\/","og_site_name":"El Tecolote","article_publisher":"https:\/\/www.facebook.com\/ElTecoloteSF\/","article_published_time":"2020-09-25T16:36:28+00:00","article_modified_time":"2020-09-25T16:36:32+00:00","og_image":[{"width":1200,"height":800,"url":"https:\/\/i0.wp.com\/eltecolote.org\/content\/wp-content\/uploads\/2020\/09\/DSC_0264_web-1.jpg?fit=1200%2C800&ssl=1","type":"image\/jpeg"}],"author":"El Tecolote Staff","twitter_card":"summary_large_image","twitter_creator":"@eltecolotesf","twitter_site":"@eltecolotesf","twitter_misc":{"Written by":"El Tecolote Staff","Est. reading time":"3 minutes"},"schema":{"@context":"https:\/\/schema.org","@graph":[{"@type":"NewsArticle","@id":"https:\/\/eltecolote.org\/content\/es\/celebran-legado-de-la-leyenda-del-rock-arcelio-malo-garcia\/#article","isPartOf":{"@id":"https:\/\/eltecolote.org\/content\/es\/celebran-legado-de-la-leyenda-del-rock-arcelio-malo-garcia\/"},"author":{"name":"El Tecolote Staff","@id":"https:\/\/eltecolote.org\/content\/#\/schema\/person\/08828d10185eba96895a8363a269410e"},"headline":"Celebran legado de la leyenda del rock Arcelio \u2018Malo\u2019 Garc\u00eda","datePublished":"2020-09-25T16:36:28+00:00","dateModified":"2020-09-25T16:36:32+00:00","mainEntityOfPage":{"@id":"https:\/\/eltecolote.org\/content\/es\/celebran-legado-de-la-leyenda-del-rock-arcelio-malo-garcia\/"},"wordCount":603,"commentCount":0,"publisher":{"@id":"https:\/\/eltecolote.org\/content\/#organization"},"image":{"@id":"https:\/\/eltecolote.org\/content\/es\/celebran-legado-de-la-leyenda-del-rock-arcelio-malo-garcia\/#primaryimage"},"thumbnailUrl":"https:\/\/i0.wp.com\/eltecolote.org\/content\/wp-content\/uploads\/2020\/09\/DSC_0264_web-1.jpg?fit=1200%2C800&quality=89&ssl=1","articleSection":["Comunidad","Obituarios"],"inLanguage":"en","potentialAction":[{"@type":"CommentAction","name":"Comment","target":["https:\/\/eltecolote.org\/content\/es\/celebran-legado-de-la-leyenda-del-rock-arcelio-malo-garcia\/#respond"]}]},{"@type":"WebPage","@id":"https:\/\/eltecolote.org\/content\/es\/celebran-legado-de-la-leyenda-del-rock-arcelio-malo-garcia\/","url":"https:\/\/eltecolote.org\/content\/es\/celebran-legado-de-la-leyenda-del-rock-arcelio-malo-garcia\/","name":"Celebran legado de la leyenda del rock Arcelio \u2018Malo\u2019 Garc\u00eda - El Tecolote","isPartOf":{"@id":"https:\/\/eltecolote.org\/content\/#website"},"primaryImageOfPage":{"@id":"https:\/\/eltecolote.org\/content\/es\/celebran-legado-de-la-leyenda-del-rock-arcelio-malo-garcia\/#primaryimage"},"image":{"@id":"https:\/\/eltecolote.org\/content\/es\/celebran-legado-de-la-leyenda-del-rock-arcelio-malo-garcia\/#primaryimage"},"thumbnailUrl":"https:\/\/i0.wp.com\/eltecolote.org\/content\/wp-content\/uploads\/2020\/09\/DSC_0264_web-1.jpg?fit=1200%2C800&quality=89&ssl=1","datePublished":"2020-09-25T16:36:28+00:00","dateModified":"2020-09-25T16:36:32+00:00","description":"La comunidad se reuni\u00f3 en el Parque Potrero del Sol el 5 de septiembre para celebrar la vida de la leyenda musical Arcelio \u2018Malo\u2019 Garc\u00eda, miembro fundador","inLanguage":"en","potentialAction":[{"@type":"ReadAction","target":["https:\/\/eltecolote.org\/content\/es\/celebran-legado-de-la-leyenda-del-rock-arcelio-malo-garcia\/"]}]},{"@type":"ImageObject","inLanguage":"en","@id":"https:\/\/eltecolote.org\/content\/es\/celebran-legado-de-la-leyenda-del-rock-arcelio-malo-garcia\/#primaryimage","url":"https:\/\/i0.wp.com\/eltecolote.org\/content\/wp-content\/uploads\/2020\/09\/DSC_0264_web-1.jpg?fit=1200%2C800&quality=89&ssl=1","contentUrl":"https:\/\/i0.wp.com\/eltecolote.org\/content\/wp-content\/uploads\/2020\/09\/DSC_0264_web-1.jpg?fit=1200%2C800&quality=89&ssl=1","width":1200,"height":800,"caption":"Arcelio Garc\u00eda, vocalista l\u00edder de la agrupaci\u00f3n Malo, durante una presentaci\u00f3n con con el Grupo Adelante en el Festival C\u00e9sar Ch\u00e1vez en las calles 24 y Bryant, el s\u00e1bado 13 de abril de 2019. Foto: Mabel Jimenez"},{"@type":"WebSite","@id":"https:\/\/eltecolote.org\/content\/#website","url":"https:\/\/eltecolote.org\/content\/","name":"El Tecolote","description":"San Francisco's Latinx newspaper since 1970","publisher":{"@id":"https:\/\/eltecolote.org\/content\/#organization"},"potentialAction":[{"@type":"SearchAction","target":{"@type":"EntryPoint","urlTemplate":"https:\/\/eltecolote.org\/content\/?s={search_term_string}"},"query-input":{"@type":"PropertyValueSpecification","valueRequired":true,"valueName":"search_term_string"}}],"inLanguage":"en"},{"@type":"Organization","@id":"https:\/\/eltecolote.org\/content\/#organization","name":"El Tecolote","url":"https:\/\/eltecolote.org\/content\/","logo":{"@type":"ImageObject","inLanguage":"en","@id":"https:\/\/eltecolote.org\/content\/#\/schema\/logo\/image\/","url":"https:\/\/i0.wp.com\/eltecolote.org\/content\/wp-content\/uploads\/2021\/05\/ETlogo-1.jpg?fit=400%2C400&ssl=1","contentUrl":"https:\/\/i0.wp.com\/eltecolote.org\/content\/wp-content\/uploads\/2021\/05\/ETlogo-1.jpg?fit=400%2C400&ssl=1","width":400,"height":400,"caption":"El Tecolote"},"image":{"@id":"https:\/\/eltecolote.org\/content\/#\/schema\/logo\/image\/"},"sameAs":["https:\/\/www.facebook.com\/ElTecoloteSF\/","https:\/\/x.com\/eltecolotesf","https:\/\/www.instagram.com\/eltecolotesf\/"]},{"@type":"Person","@id":"https:\/\/eltecolote.org\/content\/#\/schema\/person\/08828d10185eba96895a8363a269410e","name":"El Tecolote Staff","image":{"@type":"ImageObject","inLanguage":"en","@id":"https:\/\/secure.gravatar.com\/avatar\/9534c92c8c908364e186a64d93efc86f62367109d1b07a3454facde655968589?s=96&d=mm&r=g6afcb607783e095e4cf6be807353924d","url":"https:\/\/secure.gravatar.com\/avatar\/9534c92c8c908364e186a64d93efc86f62367109d1b07a3454facde655968589?s=96&d=mm&r=g","contentUrl":"https:\/\/secure.gravatar.com\/avatar\/9534c92c8c908364e186a64d93efc86f62367109d1b07a3454facde655968589?s=96&d=mm&r=g","caption":"El Tecolote Staff"},"url":"https:\/\/eltecolote.org\/content\/author\/web-editor\/"}]}},"distributor_meta":false,"distributor_terms":false,"distributor_media":false,"distributor_original_site_name":"El Tecolote","distributor_original_site_url":"https:\/\/eltecolote.org\/content","push-errors":false,"_links":{"self":[{"href":"https:\/\/eltecolote.org\/content\/wp-json\/wp\/v2\/posts\/45453","targetHints":{"allow":["GET"]}}],"collection":[{"href":"https:\/\/eltecolote.org\/content\/wp-json\/wp\/v2\/posts"}],"about":[{"href":"https:\/\/eltecolote.org\/content\/wp-json\/wp\/v2\/types\/post"}],"author":[{"embeddable":true,"href":"https:\/\/eltecolote.org\/content\/wp-json\/wp\/v2\/users\/35"}],"replies":[{"embeddable":true,"href":"https:\/\/eltecolote.org\/content\/wp-json\/wp\/v2\/comments?post=45453"}],"version-history":[{"count":1,"href":"https:\/\/eltecolote.org\/content\/wp-json\/wp\/v2\/posts\/45453\/revisions"}],"predecessor-version":[{"id":45460,"href":"https:\/\/eltecolote.org\/content\/wp-json\/wp\/v2\/posts\/45453\/revisions\/45460"}],"wp:featuredmedia":[{"embeddable":true,"href":"https:\/\/eltecolote.org\/content\/wp-json\/wp\/v2\/media\/45459"}],"wp:attachment":[{"href":"https:\/\/eltecolote.org\/content\/wp-json\/wp\/v2\/media?parent=45453"}],"wp:term":[{"taxonomy":"category","embeddable":true,"href":"https:\/\/eltecolote.org\/content\/wp-json\/wp\/v2\/categories?post=45453"},{"taxonomy":"post_tag","embeddable":true,"href":"https:\/\/eltecolote.org\/content\/wp-json\/wp\/v2\/tags?post=45453"},{"taxonomy":"author","embeddable":true,"href":"https:\/\/eltecolote.org\/content\/wp-json\/wp\/v2\/coauthors?post=45453"}],"curies":[{"name":"wp","href":"https:\/\/api.w.org\/{rel}","templated":true}]}}