{"id":45001,"date":"2020-08-13T14:14:11","date_gmt":"2020-08-13T21:14:11","guid":{"rendered":"http:\/\/eltecolote.org\/content\/?p=45001"},"modified":"2020-08-27T16:45:26","modified_gmt":"2020-08-27T23:45:26","slug":"comunidad-del-area-de-la-bahia-condena-al-gobierno-autoritario-filipino","status":"publish","type":"post","link":"https:\/\/eltecolote.org\/content\/es\/comunidad-del-area-de-la-bahia-condena-al-gobierno-autoritario-filipino\/","title":{"rendered":"Comunidad del \u00e1rea de la bah\u00eda condena al gobierno autoritario filipino"},"content":{"rendered":"\n<p><\/p>\n\n\n\n<p><\/p>\n\n\n\n<p>Filipinos y aliados protestaron frente al Consulado General de Filipinas en San Francisco el 27 de julio, condenando la vaga nueva ley antiterrorista del presidente filipino que suprimir\u00eda la libertad de expresi\u00f3n y la disidencia.<\/p>\n\n\n\n<p>El 3 de julio, el presidente Rodrigo Duterte firm\u00f3 la Ley Antiterrorista 2020, que define el terrorismo de manera amplia y permite que sospechosos de \u2018terrorismo\u2019 sean vigilados o detenidos hasta por 24 d\u00edas sin orden judicial. Los condenados podr\u00edan incluso enfrentar cadena perpetua sin libertad condicional.<\/p>\n\n\n\n<p>Amnist\u00eda Internacional se ha pronunciado en contra de dicha legislaci\u00f3n, junto con otras organizaciones de derechos humanos. Bayan USA y el Movimiento Malaya organizaron las manifestaciones del Estado de la Naci\u00f3n del Pueblo de este a\u00f1o en ciudades de todo el pa\u00eds, en respuesta al Discurso sobre el Estado de la Naci\u00f3n de Duterte en Filipinas ese mismo d\u00eda.<\/p>\n\n\n\n<p>\u201cTodos los a\u00f1os, tambi\u00e9n salimos a demostrar realmente, cu\u00e1l es el verdadero estado de la gente de la naci\u00f3n, para contrarrestar esta falsa narrativa&#8230; que al pa\u00eds le est\u00e1 yendo bien, que est\u00e1 eliminando la pobreza, que est\u00e1 luchando contra la COVID&#8230; ese no es el caso\u201d, dijo Adrian Bonifacio, maestro de ceremonias del evento y miembro de la organizaci\u00f3n estudiantil Anakbayan en los EEUU.<\/p>\n\n\n\n<p>\u201cVemos [la ley antiterrorista] como una herramienta que se utilizar\u00e1 para atacar a las personas que son cr\u00edticas con el gobierno\u201d, dijo Malaya Ar\u00e9valo, miembro de la Secretar\u00eda Nacional del Movimiento Malaya, quien afirm\u00f3 que la ley va en contra de los derechos constitucionales del pueblo filipino.<\/p>\n\n\n\n<p>Sab Leung, estudiante de la Universidad de California, sede Santa Cruz, estaba entre la multitud y miembros de GABRIELA, una organizaci\u00f3n de mujeres filipinas. A Leung le preocupaba que la nueva ley \u201chiera a los activistas o a los protestantes, da\u00f1a la libertad de expresi\u00f3n; si dices algo o incluso publicas un meme, autom\u00e1ticamente se te podr\u00eda considerar terrorista\u201d.<\/p>\n\n\n\n<p>Varios oradores criticaron la concesi\u00f3n por la ley de jurisdicci\u00f3n extraterritorial a la Polic\u00eda Nacional de Filipinas (PNP), lo que le permite aplicar las leyes a los ciudadanos filipinos en cualquier parte del mundo. Justher Guti\u00e9rrez, coordinador regional del Movimiento Malaya, pidi\u00f3 transparencia sobre las operaciones de la PNP en el consulado. Los agentes de la PNP han estado estacionados en el consulado de San Francisco desde 2018 como parte del programa Global Police Community Relations.<\/p>\n\n\n\n<p>\u201cExigimos saber si estamos siendo vigilados. Ya est\u00e1n nuestras fotos tomadas regularmente por el consulado de Filipinas\u2026 Exigimos saber qu\u00e9 pasa con estas fotos\u201d, dijo Guti\u00e9rrez.<\/p>\n\n\n\n<p>A pesar de los graves problemas que enfrentan, la gente se mantuvo alegre, cantando y bailando al ritmo de los tambores. \u201cNos vamos a mover, porque vamos a encontrar algo de alegr\u00eda en esto\u201d, grit\u00f3 una mujer con un meg\u00e1fono mientras bailaba. Seg\u00fan los organizadores, m\u00e1s de 300 manifestantes se reunieron a pie y en bicicleta, mientras que m\u00e1s de 80 automovilistas recorrieron la ciudad para reunirse en la calle Sutter, entre Stockton y Powell, vestidos de rojo, ondeando banderas.<\/p>\n\n\n\n<p>Adem\u00e1s de los c\u00e1nticos sobre desechar la nueva ley y expulsar a Duterte de su cargo, los manifestantes adaptaron un grito de guerra de Black Lives Matter a su causa: \u201cNo hay justicia, no hay paz; \u00a1Detengan las matanzas en Filipinas!\u201d<\/p>\n\n\n\n<p>En los cuatro a\u00f1os de Duterte en el poder, ha llamado la atenci\u00f3n mundial su promesa de matar criminales. Desde que asumi\u00f3 el cargo en 2016, miles de personas han sido asesinadas por polic\u00edas y vigilantes en nombre de una guerra contra las drogas. Sin embargo, seg\u00fan el informe del Alto Comisionado de las Naciones Unidas para los Derechos Humanos, el gobierno filipino sugiere que han muerto 8,663 personas desde julio de ese a\u00f1o, pero la polic\u00eda tambi\u00e9n tiene estimaciones de alrededor de 30 mil etiquetadas como \u201cmuertes bajo investigaci\u00f3n\u201d.<\/p>\n\n\n\n<p>El informe dijo que se requiere una mejor contabilidad e investigaci\u00f3n de estos asesinatos en virtud del derecho internacional de los derechos humanos. El supervisor de San Francisco, Matt Haney, dijo que el gobierno filipino usa \u201cla etiqueta de terror\u201d contra las personas que \u201cse levantan y luchan por sus derechos\u201d. Haney record\u00f3 haber visitado Filipinas el a\u00f1o pasado despu\u00e9s de que el periodista de San Francisco y activista por los derechos ind\u00edgenas Brandon Lee recibiera varios disparos, en lo que muchos creen que fue un intento de asesinato por parte del gobierno.<\/p>\n\n\n\n<p>Se ley\u00f3 en voz alta una declaraci\u00f3n de Lee, quien qued\u00f3 en estado de par\u00e1lisis y vive en el distrito de Richmond con su familia, diciendo: \u201cEstoy profundamente preocupado y convencido de que las balas que casi me matan fueron financiadas con d\u00f3lares de impuestos y ayuda militar estadounidense a Filipinas\u201d.<\/p>\n\n\n\n<p>Mientras tanto, se teme que un acuerdo de armas de 2 billones de d\u00f3lares que se est\u00e1 discutiendo entre los EEUU y Filipinas solo avale la violencia de Duterte contra los filipinos. Lee anim\u00f3 a los oyentes a apoyar la Ley de Derechos Humanos de Filipinas, que suspender\u00eda la ayuda de los EEUU a aquel pa\u00eds hasta que \u201ccesen las violaciones de derechos humanos por parte de las fuerzas de seguridad filipinas y las fuerzas estatales responsables rindan cuentas\u201d.<\/p>\n\n\n\n<p>Haney se refiri\u00f3 al gobierno filipino como \u201clos verdaderos proveedores del terror\u201d y pidi\u00f3 a la administraci\u00f3n que, en cambio, brinde atenci\u00f3n m\u00e9dica y apoyo a su gente frente a la COVID-19. En abril, Duterte orden\u00f3 a la polic\u00eda y al ej\u00e9rcito ocuparse de cualquiera que causara \u201cproblemas\u201d durante el cierre del pa\u00eds, que los \u201cmataran a tiros\u201d.<\/p>\n\n\n\n<p>Filipinas tiene actualmente algunas de las leyes de cuarentena m\u00e1s estrictas del mundo. Hasta el 6 de agosto, 122,754 personas hab\u00edan sido infectadas con COVID-19.<\/p>\n\n\n\n<p>Activistas del Comit\u00e9 de Solidaridad con el Pueblo de El Salvador (CISPES) y del Movimiento de la Juventud Palestina (PYM) trazaron paralelismos entre Duterte y los l\u00edderes de otros pa\u00edses. \u201cEstos fascistas se reflejan entre s\u00ed, sin importar d\u00f3nde est\u00e9n\u201d, dijo Nadya Tannous de PYM. \u201cCuando vemos un enemigo com\u00fan&#8230; nos levantamos, \u00bfverdad?\u201d&nbsp;<\/p>\n","protected":false},"excerpt":{"rendered":"<p>Filipinos y aliados protestaron frente al Consulado General de Filipinas en San Francisco el 27 de julio, condenando la vaga nueva ley antiterrorista del presidente filipino que suprimir\u00eda la libertad de expresi\u00f3n y la disidencia. El 3 de julio, el presidente Rodrigo Duterte firm\u00f3 la Ley Antiterrorista 2020, que define el terrorismo de manera amplia [&hellip;]<\/p>\n","protected":false},"author":35,"featured_media":45011,"comment_status":"open","ping_status":"closed","sticky":false,"template":"","format":"gallery","meta":{"newspack_popups_has_disabled_popups":false,"_jetpack_newsletter_access":"","_jetpack_dont_email_post_to_subs":false,"_jetpack_newsletter_tier_id":0,"_jetpack_memberships_contains_paywalled_content":false,"newspack_featured_image_position":"","newspack_post_subtitle":"","newspack_article_summary_title":"Overview:","newspack_article_summary":"","newspack_hide_updated_date":false,"newspack_show_updated_date":false,"_jetpack_feature_clip_id":0,"_jetpack_memberships_contains_paid_content":false,"footnotes":"","jetpack_post_was_ever_published":false},"categories":[3519],"tags":[],"coauthors":[18445],"class_list":["post-45001","post","type-post","status-publish","format-gallery","has-post-thumbnail","hentry","category-noticias","post_format-post-format-gallery","entry"],"yoast_head":"<!-- This site is optimized with the Yoast SEO plugin v28.4 - https:\/\/yoast.com\/product\/yoast-seo-wordpress\/ -->\n<title>Comunidad del \u00e1rea de la bah\u00eda condena al gobierno autoritario filipino - El Tecolote<\/title>\n<meta name=\"description\" content=\"Filipinos y aliados protestaron frente al Consulado General de Filipinas en San Francisco el 27 de julio, condenando la vaga nueva ley antiterrorista del\" \/>\n<meta name=\"robots\" content=\"index, follow, max-snippet:-1, max-image-preview:large, max-video-preview:-1\" \/>\n<link rel=\"canonical\" href=\"https:\/\/eltecolote.org\/content\/es\/comunidad-del-area-de-la-bahia-condena-al-gobierno-autoritario-filipino\/\" \/>\n<meta property=\"og:locale\" content=\"en_US\" \/>\n<meta property=\"og:type\" content=\"article\" \/>\n<meta property=\"og:title\" content=\"Comunidad del \u00e1rea de la bah\u00eda condena al gobierno autoritario filipino - El Tecolote\" \/>\n<meta property=\"og:description\" content=\"Filipinos y aliados protestaron frente al Consulado General de Filipinas en San Francisco el 27 de julio, condenando la vaga nueva ley antiterrorista del\" \/>\n<meta property=\"og:url\" content=\"https:\/\/eltecolote.org\/content\/es\/comunidad-del-area-de-la-bahia-condena-al-gobierno-autoritario-filipino\/\" \/>\n<meta property=\"og:site_name\" content=\"El Tecolote\" \/>\n<meta property=\"article:publisher\" content=\"https:\/\/www.facebook.com\/ElTecoloteSF\/\" \/>\n<meta property=\"article:published_time\" content=\"2020-08-13T21:14:11+00:00\" \/>\n<meta property=\"article:modified_time\" content=\"2020-08-27T23:45:26+00:00\" \/>\n<meta property=\"og:image\" content=\"https:\/\/i0.wp.com\/eltecolote.org\/content\/wp-content\/uploads\/2020\/08\/200727_PSONA_Curiel_007_web-1.jpg?fit=1200%2C800&ssl=1\" \/>\n\t<meta property=\"og:image:width\" content=\"1200\" \/>\n\t<meta property=\"og:image:height\" content=\"800\" \/>\n\t<meta property=\"og:image:type\" content=\"image\/jpeg\" \/>\n<meta name=\"author\" content=\"El Tecolote Staff\" \/>\n<meta name=\"twitter:card\" content=\"summary_large_image\" \/>\n<meta name=\"twitter:creator\" content=\"@eltecolotesf\" \/>\n<meta name=\"twitter:site\" content=\"@eltecolotesf\" \/>\n<meta name=\"twitter:label1\" content=\"Written by\" \/>\n\t<meta name=\"twitter:data1\" content=\"El Tecolote Staff\" \/>\n\t<meta name=\"twitter:label2\" content=\"Est. reading time\" \/>\n\t<meta name=\"twitter:data2\" content=\"5 minutes\" \/>\n<script type=\"application\/ld+json\" class=\"yoast-schema-graph\">{\"@context\":\"https:\\\/\\\/schema.org\",\"@graph\":[{\"@type\":\"NewsArticle\",\"@id\":\"https:\\\/\\\/eltecolote.org\\\/content\\\/es\\\/comunidad-del-area-de-la-bahia-condena-al-gobierno-autoritario-filipino\\\/#article\",\"isPartOf\":{\"@id\":\"https:\\\/\\\/eltecolote.org\\\/content\\\/es\\\/comunidad-del-area-de-la-bahia-condena-al-gobierno-autoritario-filipino\\\/\"},\"author\":{\"name\":\"El Tecolote Staff\",\"@id\":\"https:\\\/\\\/eltecolote.org\\\/content\\\/#\\\/schema\\\/person\\\/08828d10185eba96895a8363a269410e\"},\"headline\":\"Comunidad del \u00e1rea de la bah\u00eda condena al gobierno autoritario filipino\",\"datePublished\":\"2020-08-13T21:14:11+00:00\",\"dateModified\":\"2020-08-27T23:45:26+00:00\",\"mainEntityOfPage\":{\"@id\":\"https:\\\/\\\/eltecolote.org\\\/content\\\/es\\\/comunidad-del-area-de-la-bahia-condena-al-gobierno-autoritario-filipino\\\/\"},\"wordCount\":1053,\"commentCount\":0,\"publisher\":{\"@id\":\"https:\\\/\\\/eltecolote.org\\\/content\\\/#organization\"},\"image\":{\"@id\":\"https:\\\/\\\/eltecolote.org\\\/content\\\/es\\\/comunidad-del-area-de-la-bahia-condena-al-gobierno-autoritario-filipino\\\/#primaryimage\"},\"thumbnailUrl\":\"https:\\\/\\\/i0.wp.com\\\/eltecolote.org\\\/content\\\/wp-content\\\/uploads\\\/2020\\\/08\\\/200727_PSONA_Curiel_007_web-1.jpg?fit=1200%2C800&quality=89&ssl=1\",\"articleSection\":[\"Noticias\"],\"inLanguage\":\"en-US\",\"potentialAction\":[{\"@type\":\"CommentAction\",\"name\":\"Comment\",\"target\":[\"https:\\\/\\\/eltecolote.org\\\/content\\\/es\\\/comunidad-del-area-de-la-bahia-condena-al-gobierno-autoritario-filipino\\\/#respond\"]}]},{\"@type\":\"WebPage\",\"@id\":\"https:\\\/\\\/eltecolote.org\\\/content\\\/es\\\/comunidad-del-area-de-la-bahia-condena-al-gobierno-autoritario-filipino\\\/\",\"url\":\"https:\\\/\\\/eltecolote.org\\\/content\\\/es\\\/comunidad-del-area-de-la-bahia-condena-al-gobierno-autoritario-filipino\\\/\",\"name\":\"Comunidad del \u00e1rea de la bah\u00eda condena al gobierno autoritario filipino - El Tecolote\",\"isPartOf\":{\"@id\":\"https:\\\/\\\/eltecolote.org\\\/content\\\/#website\"},\"primaryImageOfPage\":{\"@id\":\"https:\\\/\\\/eltecolote.org\\\/content\\\/es\\\/comunidad-del-area-de-la-bahia-condena-al-gobierno-autoritario-filipino\\\/#primaryimage\"},\"image\":{\"@id\":\"https:\\\/\\\/eltecolote.org\\\/content\\\/es\\\/comunidad-del-area-de-la-bahia-condena-al-gobierno-autoritario-filipino\\\/#primaryimage\"},\"thumbnailUrl\":\"https:\\\/\\\/i0.wp.com\\\/eltecolote.org\\\/content\\\/wp-content\\\/uploads\\\/2020\\\/08\\\/200727_PSONA_Curiel_007_web-1.jpg?fit=1200%2C800&quality=89&ssl=1\",\"datePublished\":\"2020-08-13T21:14:11+00:00\",\"dateModified\":\"2020-08-27T23:45:26+00:00\",\"description\":\"Filipinos y aliados protestaron frente al Consulado General de Filipinas en San Francisco el 27 de julio, condenando la vaga nueva ley antiterrorista del\",\"inLanguage\":\"en-US\",\"potentialAction\":[{\"@type\":\"ReadAction\",\"target\":[\"https:\\\/\\\/eltecolote.org\\\/content\\\/es\\\/comunidad-del-area-de-la-bahia-condena-al-gobierno-autoritario-filipino\\\/\"]}]},{\"@type\":\"ImageObject\",\"inLanguage\":\"en-US\",\"@id\":\"https:\\\/\\\/eltecolote.org\\\/content\\\/es\\\/comunidad-del-area-de-la-bahia-condena-al-gobierno-autoritario-filipino\\\/#primaryimage\",\"url\":\"https:\\\/\\\/i0.wp.com\\\/eltecolote.org\\\/content\\\/wp-content\\\/uploads\\\/2020\\\/08\\\/200727_PSONA_Curiel_007_web-1.jpg?fit=1200%2C800&quality=89&ssl=1\",\"contentUrl\":\"https:\\\/\\\/i0.wp.com\\\/eltecolote.org\\\/content\\\/wp-content\\\/uploads\\\/2020\\\/08\\\/200727_PSONA_Curiel_007_web-1.jpg?fit=1200%2C800&quality=89&ssl=1\",\"width\":1200,\"height\":800,\"caption\":\"La bandera filipina ondea sobre el Consulado General de Filipinas en San Francisco. Foto: Emily Curiel\"},{\"@type\":\"WebSite\",\"@id\":\"https:\\\/\\\/eltecolote.org\\\/content\\\/#website\",\"url\":\"https:\\\/\\\/eltecolote.org\\\/content\\\/\",\"name\":\"El Tecolote\",\"description\":\"San Francisco&#039;s Latinx newspaper since 1970\",\"publisher\":{\"@id\":\"https:\\\/\\\/eltecolote.org\\\/content\\\/#organization\"},\"potentialAction\":[{\"@type\":\"SearchAction\",\"target\":{\"@type\":\"EntryPoint\",\"urlTemplate\":\"https:\\\/\\\/eltecolote.org\\\/content\\\/?s={search_term_string}\"},\"query-input\":{\"@type\":\"PropertyValueSpecification\",\"valueRequired\":true,\"valueName\":\"search_term_string\"}}],\"inLanguage\":\"en-US\"},{\"@type\":\"Organization\",\"@id\":\"https:\\\/\\\/eltecolote.org\\\/content\\\/#organization\",\"name\":\"El Tecolote\",\"url\":\"https:\\\/\\\/eltecolote.org\\\/content\\\/\",\"logo\":{\"@type\":\"ImageObject\",\"inLanguage\":\"en-US\",\"@id\":\"https:\\\/\\\/eltecolote.org\\\/content\\\/#\\\/schema\\\/logo\\\/image\\\/\",\"url\":\"https:\\\/\\\/i0.wp.com\\\/eltecolote.org\\\/content\\\/wp-content\\\/uploads\\\/2021\\\/05\\\/ETlogo-1.jpg?fit=400%2C400&ssl=1\",\"contentUrl\":\"https:\\\/\\\/i0.wp.com\\\/eltecolote.org\\\/content\\\/wp-content\\\/uploads\\\/2021\\\/05\\\/ETlogo-1.jpg?fit=400%2C400&ssl=1\",\"width\":400,\"height\":400,\"caption\":\"El Tecolote\"},\"image\":{\"@id\":\"https:\\\/\\\/eltecolote.org\\\/content\\\/#\\\/schema\\\/logo\\\/image\\\/\"},\"sameAs\":[\"https:\\\/\\\/www.facebook.com\\\/ElTecoloteSF\\\/\",\"https:\\\/\\\/x.com\\\/eltecolotesf\",\"https:\\\/\\\/www.instagram.com\\\/eltecolotesf\\\/\"]},{\"@type\":\"Person\",\"@id\":\"https:\\\/\\\/eltecolote.org\\\/content\\\/#\\\/schema\\\/person\\\/08828d10185eba96895a8363a269410e\",\"name\":\"El Tecolote Staff\",\"image\":{\"@type\":\"ImageObject\",\"inLanguage\":\"en-US\",\"@id\":\"https:\\\/\\\/secure.gravatar.com\\\/avatar\\\/9534c92c8c908364e186a64d93efc86f62367109d1b07a3454facde655968589?s=96&d=mm&r=g6afcb607783e095e4cf6be807353924d\",\"url\":\"https:\\\/\\\/secure.gravatar.com\\\/avatar\\\/9534c92c8c908364e186a64d93efc86f62367109d1b07a3454facde655968589?s=96&d=mm&r=g\",\"contentUrl\":\"https:\\\/\\\/secure.gravatar.com\\\/avatar\\\/9534c92c8c908364e186a64d93efc86f62367109d1b07a3454facde655968589?s=96&d=mm&r=g\",\"caption\":\"El Tecolote Staff\"},\"url\":\"https:\\\/\\\/eltecolote.org\\\/content\\\/author\\\/web-editor\\\/\"}]}<\/script>\n<!-- \/ Yoast SEO plugin. -->","yoast_head_json":{"title":"Comunidad del \u00e1rea de la bah\u00eda condena al gobierno autoritario filipino - El Tecolote","description":"Filipinos y aliados protestaron frente al Consulado General de Filipinas en San Francisco el 27 de julio, condenando la vaga nueva ley antiterrorista del","robots":{"index":"index","follow":"follow","max-snippet":"max-snippet:-1","max-image-preview":"max-image-preview:large","max-video-preview":"max-video-preview:-1"},"canonical":"https:\/\/eltecolote.org\/content\/es\/comunidad-del-area-de-la-bahia-condena-al-gobierno-autoritario-filipino\/","og_locale":"en_US","og_type":"article","og_title":"Comunidad del \u00e1rea de la bah\u00eda condena al gobierno autoritario filipino - El Tecolote","og_description":"Filipinos y aliados protestaron frente al Consulado General de Filipinas en San Francisco el 27 de julio, condenando la vaga nueva ley antiterrorista del","og_url":"https:\/\/eltecolote.org\/content\/es\/comunidad-del-area-de-la-bahia-condena-al-gobierno-autoritario-filipino\/","og_site_name":"El Tecolote","article_publisher":"https:\/\/www.facebook.com\/ElTecoloteSF\/","article_published_time":"2020-08-13T21:14:11+00:00","article_modified_time":"2020-08-27T23:45:26+00:00","og_image":[{"width":1200,"height":800,"url":"https:\/\/i0.wp.com\/eltecolote.org\/content\/wp-content\/uploads\/2020\/08\/200727_PSONA_Curiel_007_web-1.jpg?fit=1200%2C800&ssl=1","type":"image\/jpeg"}],"author":"El Tecolote Staff","twitter_card":"summary_large_image","twitter_creator":"@eltecolotesf","twitter_site":"@eltecolotesf","twitter_misc":{"Written by":"El Tecolote Staff","Est. reading time":"5 minutes"},"schema":{"@context":"https:\/\/schema.org","@graph":[{"@type":"NewsArticle","@id":"https:\/\/eltecolote.org\/content\/es\/comunidad-del-area-de-la-bahia-condena-al-gobierno-autoritario-filipino\/#article","isPartOf":{"@id":"https:\/\/eltecolote.org\/content\/es\/comunidad-del-area-de-la-bahia-condena-al-gobierno-autoritario-filipino\/"},"author":{"name":"El Tecolote Staff","@id":"https:\/\/eltecolote.org\/content\/#\/schema\/person\/08828d10185eba96895a8363a269410e"},"headline":"Comunidad del \u00e1rea de la bah\u00eda condena al gobierno autoritario filipino","datePublished":"2020-08-13T21:14:11+00:00","dateModified":"2020-08-27T23:45:26+00:00","mainEntityOfPage":{"@id":"https:\/\/eltecolote.org\/content\/es\/comunidad-del-area-de-la-bahia-condena-al-gobierno-autoritario-filipino\/"},"wordCount":1053,"commentCount":0,"publisher":{"@id":"https:\/\/eltecolote.org\/content\/#organization"},"image":{"@id":"https:\/\/eltecolote.org\/content\/es\/comunidad-del-area-de-la-bahia-condena-al-gobierno-autoritario-filipino\/#primaryimage"},"thumbnailUrl":"https:\/\/i0.wp.com\/eltecolote.org\/content\/wp-content\/uploads\/2020\/08\/200727_PSONA_Curiel_007_web-1.jpg?fit=1200%2C800&quality=89&ssl=1","articleSection":["Noticias"],"inLanguage":"en-US","potentialAction":[{"@type":"CommentAction","name":"Comment","target":["https:\/\/eltecolote.org\/content\/es\/comunidad-del-area-de-la-bahia-condena-al-gobierno-autoritario-filipino\/#respond"]}]},{"@type":"WebPage","@id":"https:\/\/eltecolote.org\/content\/es\/comunidad-del-area-de-la-bahia-condena-al-gobierno-autoritario-filipino\/","url":"https:\/\/eltecolote.org\/content\/es\/comunidad-del-area-de-la-bahia-condena-al-gobierno-autoritario-filipino\/","name":"Comunidad del \u00e1rea de la bah\u00eda condena al gobierno autoritario filipino - El Tecolote","isPartOf":{"@id":"https:\/\/eltecolote.org\/content\/#website"},"primaryImageOfPage":{"@id":"https:\/\/eltecolote.org\/content\/es\/comunidad-del-area-de-la-bahia-condena-al-gobierno-autoritario-filipino\/#primaryimage"},"image":{"@id":"https:\/\/eltecolote.org\/content\/es\/comunidad-del-area-de-la-bahia-condena-al-gobierno-autoritario-filipino\/#primaryimage"},"thumbnailUrl":"https:\/\/i0.wp.com\/eltecolote.org\/content\/wp-content\/uploads\/2020\/08\/200727_PSONA_Curiel_007_web-1.jpg?fit=1200%2C800&quality=89&ssl=1","datePublished":"2020-08-13T21:14:11+00:00","dateModified":"2020-08-27T23:45:26+00:00","description":"Filipinos y aliados protestaron frente al Consulado General de Filipinas en San Francisco el 27 de julio, condenando la vaga nueva ley antiterrorista del","inLanguage":"en-US","potentialAction":[{"@type":"ReadAction","target":["https:\/\/eltecolote.org\/content\/es\/comunidad-del-area-de-la-bahia-condena-al-gobierno-autoritario-filipino\/"]}]},{"@type":"ImageObject","inLanguage":"en-US","@id":"https:\/\/eltecolote.org\/content\/es\/comunidad-del-area-de-la-bahia-condena-al-gobierno-autoritario-filipino\/#primaryimage","url":"https:\/\/i0.wp.com\/eltecolote.org\/content\/wp-content\/uploads\/2020\/08\/200727_PSONA_Curiel_007_web-1.jpg?fit=1200%2C800&quality=89&ssl=1","contentUrl":"https:\/\/i0.wp.com\/eltecolote.org\/content\/wp-content\/uploads\/2020\/08\/200727_PSONA_Curiel_007_web-1.jpg?fit=1200%2C800&quality=89&ssl=1","width":1200,"height":800,"caption":"La bandera filipina ondea sobre el Consulado General de Filipinas en San Francisco. Foto: Emily Curiel"},{"@type":"WebSite","@id":"https:\/\/eltecolote.org\/content\/#website","url":"https:\/\/eltecolote.org\/content\/","name":"El Tecolote","description":"San Francisco&#039;s Latinx newspaper since 1970","publisher":{"@id":"https:\/\/eltecolote.org\/content\/#organization"},"potentialAction":[{"@type":"SearchAction","target":{"@type":"EntryPoint","urlTemplate":"https:\/\/eltecolote.org\/content\/?s={search_term_string}"},"query-input":{"@type":"PropertyValueSpecification","valueRequired":true,"valueName":"search_term_string"}}],"inLanguage":"en-US"},{"@type":"Organization","@id":"https:\/\/eltecolote.org\/content\/#organization","name":"El Tecolote","url":"https:\/\/eltecolote.org\/content\/","logo":{"@type":"ImageObject","inLanguage":"en-US","@id":"https:\/\/eltecolote.org\/content\/#\/schema\/logo\/image\/","url":"https:\/\/i0.wp.com\/eltecolote.org\/content\/wp-content\/uploads\/2021\/05\/ETlogo-1.jpg?fit=400%2C400&ssl=1","contentUrl":"https:\/\/i0.wp.com\/eltecolote.org\/content\/wp-content\/uploads\/2021\/05\/ETlogo-1.jpg?fit=400%2C400&ssl=1","width":400,"height":400,"caption":"El Tecolote"},"image":{"@id":"https:\/\/eltecolote.org\/content\/#\/schema\/logo\/image\/"},"sameAs":["https:\/\/www.facebook.com\/ElTecoloteSF\/","https:\/\/x.com\/eltecolotesf","https:\/\/www.instagram.com\/eltecolotesf\/"]},{"@type":"Person","@id":"https:\/\/eltecolote.org\/content\/#\/schema\/person\/08828d10185eba96895a8363a269410e","name":"El Tecolote Staff","image":{"@type":"ImageObject","inLanguage":"en-US","@id":"https:\/\/secure.gravatar.com\/avatar\/9534c92c8c908364e186a64d93efc86f62367109d1b07a3454facde655968589?s=96&d=mm&r=g6afcb607783e095e4cf6be807353924d","url":"https:\/\/secure.gravatar.com\/avatar\/9534c92c8c908364e186a64d93efc86f62367109d1b07a3454facde655968589?s=96&d=mm&r=g","contentUrl":"https:\/\/secure.gravatar.com\/avatar\/9534c92c8c908364e186a64d93efc86f62367109d1b07a3454facde655968589?s=96&d=mm&r=g","caption":"El Tecolote Staff"},"url":"https:\/\/eltecolote.org\/content\/author\/web-editor\/"}]}},"jetpack_sharing_enabled":true,"distributor_meta":false,"distributor_terms":false,"distributor_media":false,"distributor_original_site_name":"El Tecolote","distributor_original_site_url":"https:\/\/eltecolote.org\/content","push-errors":false,"jetpack_featured_media_url":"https:\/\/i0.wp.com\/eltecolote.org\/content\/wp-content\/uploads\/2020\/08\/200727_PSONA_Curiel_007_web-1.jpg?fit=1200%2C800&quality=89&ssl=1","_links":{"self":[{"href":"https:\/\/eltecolote.org\/content\/wp-json\/wp\/v2\/posts\/45001","targetHints":{"allow":["GET"]}}],"collection":[{"href":"https:\/\/eltecolote.org\/content\/wp-json\/wp\/v2\/posts"}],"about":[{"href":"https:\/\/eltecolote.org\/content\/wp-json\/wp\/v2\/types\/post"}],"author":[{"embeddable":true,"href":"https:\/\/eltecolote.org\/content\/wp-json\/wp\/v2\/users\/35"}],"replies":[{"embeddable":true,"href":"https:\/\/eltecolote.org\/content\/wp-json\/wp\/v2\/comments?post=45001"}],"version-history":[{"count":3,"href":"https:\/\/eltecolote.org\/content\/wp-json\/wp\/v2\/posts\/45001\/revisions"}],"predecessor-version":[{"id":45227,"href":"https:\/\/eltecolote.org\/content\/wp-json\/wp\/v2\/posts\/45001\/revisions\/45227"}],"wp:featuredmedia":[{"embeddable":true,"href":"https:\/\/eltecolote.org\/content\/wp-json\/wp\/v2\/media\/45011"}],"wp:attachment":[{"href":"https:\/\/eltecolote.org\/content\/wp-json\/wp\/v2\/media?parent=45001"}],"wp:term":[{"taxonomy":"category","embeddable":true,"href":"https:\/\/eltecolote.org\/content\/wp-json\/wp\/v2\/categories?post=45001"},{"taxonomy":"post_tag","embeddable":true,"href":"https:\/\/eltecolote.org\/content\/wp-json\/wp\/v2\/tags?post=45001"},{"taxonomy":"author","embeddable":true,"href":"https:\/\/eltecolote.org\/content\/wp-json\/wp\/v2\/coauthors?post=45001"}],"curies":[{"name":"wp","href":"https:\/\/api.w.org\/{rel}","templated":true}]}}