{"id":44491,"date":"2020-07-02T14:52:42","date_gmt":"2020-07-02T21:52:42","guid":{"rendered":"http:\/\/eltecolote.org\/content\/?p=44491"},"modified":"2020-07-02T14:52:45","modified_gmt":"2020-07-02T21:52:45","slug":"morir-en-cautiverio-defensores-denuncian-el-rechazo-de-ice-para-liberar-a-los-mas-vulnerables","status":"publish","type":"post","link":"https:\/\/eltecolote.org\/content\/es\/morir-en-cautiverio-defensores-denuncian-el-rechazo-de-ice-para-liberar-a-los-mas-vulnerables\/","title":{"rendered":"Morir en cautiverio: defensores  denuncian el rechazo de ICE para liberar a los m\u00e1s vulnerables"},"content":{"rendered":"\n<p>Durante el homenaje celebrado el 28 de mayo en San Francisco a la memoria de un hombre de 74 a\u00f1os que muri\u00f3 estando bajo custodia del Servicio de Inmigraci\u00f3n y Control de Aduanas (ICE, por sus siglas en ingl\u00e9s), miembros de la comunidad del \u00c1rea de la Bah\u00eda y l\u00edderes religiosos se manifestaron en contra de las condiciones inseguras que enfrentan los inmigrantes en las instalaciones de esa agencia.<br><\/p>\n\n\n\n<div class=\"wp-block-image\"><figure class=\"alignleft size-full is-resized\"><img data-recalc-dims=\"1\" loading=\"lazy\" decoding=\"async\" src=\"https:\/\/i0.wp.com\/eltecolote.org\/content\/wp-content\/uploads\/2020\/07\/Choung__web-1.jpg?resize=327%2C590&#038;quality=89&#038;ssl=1\" alt=\"\" class=\"wp-image-44493\" width=\"327\" height=\"590\" srcset=\"https:\/\/i0.wp.com\/eltecolote.org\/content\/wp-content\/uploads\/2020\/07\/Choung__web-1.jpg?w=382&amp;quality=89&amp;ssl=1 382w, https:\/\/i0.wp.com\/eltecolote.org\/content\/wp-content\/uploads\/2020\/07\/Choung__web-1.jpg?resize=138%2C250&amp;quality=89&amp;ssl=1 138w, https:\/\/i0.wp.com\/eltecolote.org\/content\/wp-content\/uploads\/2020\/07\/Choung__web-1.jpg?resize=266%2C480&amp;quality=89&amp;ssl=1 266w, https:\/\/i0.wp.com\/eltecolote.org\/content\/wp-content\/uploads\/2020\/07\/Choung__web-1.jpg?resize=370%2C668&amp;quality=89&amp;ssl=1 370w, https:\/\/i0.wp.com\/eltecolote.org\/content\/wp-content\/uploads\/2020\/07\/Choung__web-1.jpg?resize=185%2C334&amp;quality=89&amp;ssl=1 185w, https:\/\/i0.wp.com\/eltecolote.org\/content\/wp-content\/uploads\/2020\/07\/Choung__web-1.jpg?resize=20%2C36&amp;quality=89&amp;ssl=1 20w, https:\/\/i0.wp.com\/eltecolote.org\/content\/wp-content\/uploads\/2020\/07\/Choung__web-1.jpg?resize=27%2C48&amp;quality=89&amp;ssl=1 27w, https:\/\/i0.wp.com\/eltecolote.org\/content\/wp-content\/uploads\/2020\/07\/Choung__web-1.jpg?w=400&amp;quality=89&amp;ssl=1 400w\" sizes=\"auto, (max-width: 327px) 100vw, 327px\" \/><figcaption>Choung Woong Ahn, de 74 a\u00f1os, muri\u00f3 el 17 de mayo en el centro de detenci\u00f3n Mesa Verde, un centro privado ubicado en Bakersfield, propiedad de la corporaci\u00f3n GEO Group. \nVia: ACLU<\/figcaption><\/figure><\/div>\n\n\n\n<p>Choung Woon Ahn, un anciano m\u00e9dicamente vulnerable, falleci\u00f3 en el Centro de Detenci\u00f3n de Mesa Verde el 17 de mayo. Mesa Verde es un centro privado operado por la corporaci\u00f3n The GEO Group (GEO), que administra prisiones y otros centros de detenci\u00f3n alrededor del mundo.<br><\/p>\n\n\n\n<p>La muerte de Ahn, as\u00ed como la de Carlos Escobar Mej\u00eda, de 57 a\u00f1os, a principios de mayo, provoc\u00f3 protestas de los defensores de inmigrantes y los propios presos de ICE. Mej\u00eda muri\u00f3 v\u00edctima de la COVID-19 en el centro de detenci\u00f3n de Otay Mesa, tambi\u00e9n operado por aquella corporaci\u00f3n.<br><\/p>\n\n\n\n<p>Aunque Ahn cumpli\u00f3 su condena en una prisi\u00f3n estatal y obtuvo su liberaci\u00f3n, continu\u00f3 detenido en Mesa Verde desde febrero pues ICE le hab\u00eda negado repetidamente su liberaci\u00f3n. La causa preliminar de su muerte fue suicidio, sin embargo, el caso a\u00fan est\u00e1 bajo investigaci\u00f3n.<br><\/p>\n\n\n\n<p>\u201cICE mantuvo encerrado innecesariamente al se\u00f1or Ahn, y el grupo GEO, la compa\u00f1\u00eda contratada para administrar la instalaci\u00f3n, dio prioridad a las ganancias sobre la atenci\u00f3n m\u00e9dica b\u00e1sica\u201d, dijo Priya Patel del Centro Legal de la Raza durante el memorial para Ahn frente a la sede de ICE en San Francisco.<br><\/p>\n\n\n\n<p>Los Centros para el Control y Prevenci\u00f3n de Enfermedades (CDC) y otros expertos m\u00e9dicos recomiendan distanciamiento f\u00edsico para prevenir la propagaci\u00f3n de la enfermedad, que se cree que es altamente infecciosa. Sin embargo, tal distanciamiento es casi imposible en muchos centros de detenci\u00f3n y c\u00e1rceles del pa\u00eds.<br><\/p>\n\n\n\n<div class=\"wp-block-image\"><figure class=\"aligncenter size-full\"><img data-recalc-dims=\"1\" loading=\"lazy\" decoding=\"async\" width=\"1200\" height=\"711\" src=\"https:\/\/i0.wp.com\/eltecolote.org\/content\/wp-content\/uploads\/2020\/07\/Mesa-Verde_web-1.jpg?resize=1200%2C711&#038;quality=89&#038;ssl=1\" alt=\"\" class=\"wp-image-44495\" srcset=\"https:\/\/i0.wp.com\/eltecolote.org\/content\/wp-content\/uploads\/2020\/07\/Mesa-Verde_web-1.jpg?w=1200&amp;quality=89&amp;ssl=1 1200w, https:\/\/i0.wp.com\/eltecolote.org\/content\/wp-content\/uploads\/2020\/07\/Mesa-Verde_web-1.jpg?resize=360%2C213&amp;quality=89&amp;ssl=1 360w, https:\/\/i0.wp.com\/eltecolote.org\/content\/wp-content\/uploads\/2020\/07\/Mesa-Verde_web-1.jpg?resize=600%2C356&amp;quality=89&amp;ssl=1 600w, https:\/\/i0.wp.com\/eltecolote.org\/content\/wp-content\/uploads\/2020\/07\/Mesa-Verde_web-1.jpg?resize=768%2C455&amp;quality=89&amp;ssl=1 768w, https:\/\/i0.wp.com\/eltecolote.org\/content\/wp-content\/uploads\/2020\/07\/Mesa-Verde_web-1.jpg?resize=370%2C219&amp;quality=89&amp;ssl=1 370w, https:\/\/i0.wp.com\/eltecolote.org\/content\/wp-content\/uploads\/2020\/07\/Mesa-Verde_web-1.jpg?resize=800%2C474&amp;quality=89&amp;ssl=1 800w, https:\/\/i0.wp.com\/eltecolote.org\/content\/wp-content\/uploads\/2020\/07\/Mesa-Verde_web-1.jpg?resize=20%2C12&amp;quality=89&amp;ssl=1 20w, https:\/\/i0.wp.com\/eltecolote.org\/content\/wp-content\/uploads\/2020\/07\/Mesa-Verde_web-1.jpg?resize=185%2C110&amp;quality=89&amp;ssl=1 185w, https:\/\/i0.wp.com\/eltecolote.org\/content\/wp-content\/uploads\/2020\/07\/Mesa-Verde_web-1.jpg?resize=740%2C438&amp;quality=89&amp;ssl=1 740w, https:\/\/i0.wp.com\/eltecolote.org\/content\/wp-content\/uploads\/2020\/07\/Mesa-Verde_web-1.jpg?resize=400%2C237&amp;quality=89&amp;ssl=1 400w, https:\/\/i0.wp.com\/eltecolote.org\/content\/wp-content\/uploads\/2020\/07\/Mesa-Verde_web-1.jpg?resize=81%2C48&amp;quality=89&amp;ssl=1 81w\" sizes=\"auto, (max-width: 1000px) 100vw, 1000px\" \/><figcaption>Centro de Detenci\u00f3n Mesa Verde, instalaci\u00f3n operada por la a corporaci\u00f3n GEO Group (GEO). Via: Google Maps<\/figcaption><\/figure><\/div>\n\n\n\n<p>De 2,016 casos confirmados, ICE ha reportado dos muertes por la COVID-19: Mej\u00eda y Santiago Baten-Oxlag, de 34 a\u00f1os, en una instalaci\u00f3n de Georgia. Dicha agencia liber\u00f3 a cientos de detenidos a fines de mayo cumpliendo con una orden judicial, pero inform\u00f3 tener a\u00fan 929 casos activos de esta enfermedad en sus instalaciones para el 14 de junio, afirmando haber examinado s\u00f3lo alrededor del 20 por ciento del total de 25 mil internos en el pa\u00eds.<br><\/p>\n\n\n\n<p>Los CDC tambi\u00e9n dicen que los adultos mayores y las personas con afecciones m\u00e9dicas subyacentes graves \u201cpodr\u00edan estar en mayor riesgo de enfermar gravemente del COVID-19\u201d. Ahn sufr\u00eda de diabetes, hipertensi\u00f3n y afecciones card\u00edacas y respiratorias, todo lo cual puede haberlo puesto en mayor riesgo mientras estuvo confinado.<br><\/p>\n\n\n\n<p>\u201cLos entornos de detenci\u00f3n se caracterizan por sus hacinamientos, condiciones insalubres y la r\u00e1pida propagaci\u00f3n de la enfermedad. ICE debe rendir cuentas por esa muerte prematura\u201d, dijo la Reverenda Allison Tanner de Lakeshore Ave. Baptist Church durante el memorial. \u201cLa muerte [de Ahn] fue tr\u00e1gica y completamente innecesaria\u201d.<br><\/p>\n\n\n\n<p>Defensores comunitarios enviaron una carta al gobernador Gavin Newsom y al fiscal general Xavier Becerra, pidiendo una investigaci\u00f3n independiente sobre la muerte de Ahn: \u201cNo necesitamos que la agencia que cre\u00f3 las circunstancias de esta muerte realice una investigaci\u00f3n. La realidad es clara para todos: ICE est\u00e1 actuando como juez, jurado y verdugo en estos casos\u201d, dec\u00eda la carta.<br><\/p>\n\n\n\n<p>En la acera de la sede de esa agencia, solo un ramo de flores descansaba sobre un ata\u00fad de madera contrachapada mientras los miembros de la comunidad hablaban y los l\u00edderes religiosos realizaban ritos conmemorativos para Ahn. Los asistentes sostuvieron carteles con corazones que rodeaban los nombres de sus familiares retenidos por ICE, pidiendo su liberaci\u00f3n urgente.<br><\/p>\n\n\n\n<p>Seg\u00fan la Red de Vigilancia de Detenci\u00f3n (DWN, tambi\u00e9n, por sus siglas en ingl\u00e9s), los detenidos en varias instalaciones de ICE han realizado m\u00e1s de 20 huelgas de hambre desde marzo, en protesta por su encarcelamiento durante la pandemia. Otros detenidos dejaron de trabajar en protesta o filmaron videos desde el interior para describir las condiciones que enfrentan.<br><\/p>\n\n\n\n<div class=\"wp-block-image\"><figure class=\"aligncenter size-full\"><img data-recalc-dims=\"1\" loading=\"lazy\" decoding=\"async\" width=\"1200\" height=\"707\" src=\"https:\/\/i0.wp.com\/eltecolote.org\/content\/wp-content\/uploads\/2020\/07\/Mesa-Verde_2_web-1.jpg?resize=1200%2C707&#038;quality=89&#038;ssl=1\" alt=\"\" class=\"wp-image-44492\" srcset=\"https:\/\/i0.wp.com\/eltecolote.org\/content\/wp-content\/uploads\/2020\/07\/Mesa-Verde_2_web-1.jpg?w=1200&amp;quality=89&amp;ssl=1 1200w, https:\/\/i0.wp.com\/eltecolote.org\/content\/wp-content\/uploads\/2020\/07\/Mesa-Verde_2_web-1.jpg?resize=360%2C212&amp;quality=89&amp;ssl=1 360w, https:\/\/i0.wp.com\/eltecolote.org\/content\/wp-content\/uploads\/2020\/07\/Mesa-Verde_2_web-1.jpg?resize=600%2C354&amp;quality=89&amp;ssl=1 600w, https:\/\/i0.wp.com\/eltecolote.org\/content\/wp-content\/uploads\/2020\/07\/Mesa-Verde_2_web-1.jpg?resize=768%2C452&amp;quality=89&amp;ssl=1 768w, https:\/\/i0.wp.com\/eltecolote.org\/content\/wp-content\/uploads\/2020\/07\/Mesa-Verde_2_web-1.jpg?resize=370%2C218&amp;quality=89&amp;ssl=1 370w, https:\/\/i0.wp.com\/eltecolote.org\/content\/wp-content\/uploads\/2020\/07\/Mesa-Verde_2_web-1.jpg?resize=800%2C471&amp;quality=89&amp;ssl=1 800w, https:\/\/i0.wp.com\/eltecolote.org\/content\/wp-content\/uploads\/2020\/07\/Mesa-Verde_2_web-1.jpg?resize=20%2C12&amp;quality=89&amp;ssl=1 20w, https:\/\/i0.wp.com\/eltecolote.org\/content\/wp-content\/uploads\/2020\/07\/Mesa-Verde_2_web-1.jpg?resize=185%2C109&amp;quality=89&amp;ssl=1 185w, https:\/\/i0.wp.com\/eltecolote.org\/content\/wp-content\/uploads\/2020\/07\/Mesa-Verde_2_web-1.jpg?resize=740%2C436&amp;quality=89&amp;ssl=1 740w, https:\/\/i0.wp.com\/eltecolote.org\/content\/wp-content\/uploads\/2020\/07\/Mesa-Verde_2_web-1.jpg?resize=400%2C236&amp;quality=89&amp;ssl=1 400w, https:\/\/i0.wp.com\/eltecolote.org\/content\/wp-content\/uploads\/2020\/07\/Mesa-Verde_2_web-1.jpg?resize=81%2C48&amp;quality=89&amp;ssl=1 81w\" sizes=\"auto, (max-width: 1000px) 100vw, 1000px\" \/><figcaption>Los detenidos en Mesa Verde, instalaci\u00f3n ubicada en Bakersfield, propiedad privada operada por la corporaci\u00f3n GEO Group (GEO), expresan sus condolencias por Choung Woong Ahn, de 74 a\u00f1os, quien muri\u00f3 en ese lugar el 17 de mayo. Captura de pantalla de un video del Movimiento Interreligioso para la Integridad Humana<\/figcaption><\/figure><\/div>\n\n\n\n<p>\u201cSiendo uno de los pocos que estaba exento de la huelga de hambre, el se\u00f1or Ahn quer\u00eda participar y se neg\u00f3 a ir al chow\u2019\u201d, record\u00f3 Charles Robert Joseph, un ex detenido, amigo de Ahn en Mesa Verde.<br><\/p>\n\n\n\n<p>El d\u00eda del servicio luctuoso para Ahn, el DWN celebr\u00f3 un D\u00eda Nacional de Acci\u00f3n en solidaridad con los detenidos en huelga de hambre. Los activistas organizaron caravanas de autom\u00f3viles, m\u00edtines v\u00eda internet y una campa\u00f1a en las redes sociales como parte del movimiento Free Them All, presionando por la liberaci\u00f3n de inmigrantes de todas las instalaciones de ICE durante la COVID-19.<br><\/p>\n\n\n\n<p>\u201cYa hemos presenciado las cifras de muerte de este virus en los centros de detenci\u00f3n de Inmigraci\u00f3n y Control de Aduanas (ICE), con tres muertes reportadas y miles de infecciones confirmadas desde marzo\u201d, dijo la Gu\u00eda de Acci\u00f3n de DWN.<br><\/p>\n\n\n\n<p>Seg\u00fan su sitio web, los empleados de ICE \u201ctienen acceso a la gu\u00eda m\u00e1s actualizada de los CDC y del [Departamento de Salud y Seguridad]\u201d, y su unidad de Seguridad y Salud Ocupacional \u201cbrinda orientaci\u00f3n regularmente\u201d. Sin embargo, las cuentas de los detenidos indican que esta gu\u00eda no siempre se tiene en cuenta.<br><\/p>\n\n\n\n<p>La reverenda Deborah Lee, directora ejecutiva del Movimiento Interreligioso para la Integridad Humana, dijo que la negativa de dicha agencia para liberar a Ahn fue \u201caborrecible en un momento en que los compinches del presidente como Paul Manafort y Michael Cohen est\u00e1n siendo liberados. Hay miles m\u00e1s cuyas vidas est\u00e1n en riesgo. Oramos por una acci\u00f3n r\u00e1pida y generosa\u201d.<br><\/p>\n\n\n\n<p>\u201cEl estado de California comparte la responsabilidad\u201d, continu\u00f3 Patel. \u201cContin\u00faan descuidando su autoridad para investigar y responsabilizar a los operadores privados de los centros de detenci\u00f3n por lo que est\u00e1 ocurriendo en estas c\u00e1rceles. Mientras lloramos la muerte del se\u00f1or Ahn, exigimos que esto nunca vuelva a suceder\u201d.<\/p>\n","protected":false},"excerpt":{"rendered":"<p>Durante el homenaje celebrado el 28 de mayo en San Francisco a la memoria de un hombre de 74 a\u00f1os que muri\u00f3 estando bajo custodia del Servicio de Inmigraci\u00f3n y Control de Aduanas (ICE, por sus siglas en ingl\u00e9s), miembros de la comunidad del \u00c1rea de la Bah\u00eda y l\u00edderes religiosos se manifestaron en contra [&hellip;]<\/p>\n","protected":false},"author":35,"featured_media":44492,"comment_status":"open","ping_status":"closed","sticky":false,"template":"","format":"standard","meta":{"newspack_popups_has_disabled_popups":false,"_jetpack_newsletter_access":"","_jetpack_dont_email_post_to_subs":false,"_jetpack_newsletter_tier_id":0,"_jetpack_memberships_contains_paywalled_content":false,"newspack_featured_image_position":"","newspack_post_subtitle":"","newspack_article_summary_title":"Overview:","newspack_article_summary":"","newspack_hide_updated_date":false,"newspack_show_updated_date":false,"_jetpack_feature_clip_id":0,"_jetpack_memberships_contains_paid_content":false,"footnotes":"","jetpack_post_was_ever_published":false},"categories":[3578,3519],"tags":[],"coauthors":[18445],"class_list":["post-44491","post","type-post","status-publish","format-standard","has-post-thumbnail","hentry","category-inmigracion-noticias","category-noticias","entry"],"yoast_head":"<!-- This site is optimized with the Yoast SEO plugin v28.4 - https:\/\/yoast.com\/product\/yoast-seo-wordpress\/ -->\n<title>Morir en cautiverio: defensores denuncian el rechazo de ICE para liberar a los m\u00e1s vulnerables - El Tecolote<\/title>\n<meta name=\"description\" content=\"Durante el homenaje celebrado el 28 de mayo en San Francisco a la memoria de un hombre de 74 a\u00f1os que muri\u00f3 estando bajo custodia del Servicio de\" \/>\n<meta name=\"robots\" content=\"index, follow, max-snippet:-1, max-image-preview:large, max-video-preview:-1\" \/>\n<link rel=\"canonical\" href=\"https:\/\/eltecolote.org\/content\/es\/morir-en-cautiverio-defensores-denuncian-el-rechazo-de-ice-para-liberar-a-los-mas-vulnerables\/\" \/>\n<meta property=\"og:locale\" content=\"en_US\" \/>\n<meta property=\"og:type\" content=\"article\" \/>\n<meta property=\"og:title\" content=\"Morir en cautiverio: defensores denuncian el rechazo de ICE para liberar a los m\u00e1s vulnerables - El Tecolote\" \/>\n<meta property=\"og:description\" content=\"Durante el homenaje celebrado el 28 de mayo en San Francisco a la memoria de un hombre de 74 a\u00f1os que muri\u00f3 estando bajo custodia del Servicio de\" \/>\n<meta property=\"og:url\" content=\"https:\/\/eltecolote.org\/content\/es\/morir-en-cautiverio-defensores-denuncian-el-rechazo-de-ice-para-liberar-a-los-mas-vulnerables\/\" \/>\n<meta property=\"og:site_name\" content=\"El Tecolote\" \/>\n<meta property=\"article:publisher\" content=\"https:\/\/www.facebook.com\/ElTecoloteSF\/\" \/>\n<meta property=\"article:published_time\" content=\"2020-07-02T21:52:42+00:00\" \/>\n<meta property=\"article:modified_time\" content=\"2020-07-02T21:52:45+00:00\" \/>\n<meta property=\"og:image\" content=\"https:\/\/i0.wp.com\/eltecolote.org\/content\/wp-content\/uploads\/2020\/07\/Mesa-Verde_2_web-1.jpg?fit=1200%2C707&ssl=1\" \/>\n\t<meta property=\"og:image:width\" content=\"1200\" \/>\n\t<meta property=\"og:image:height\" content=\"707\" \/>\n\t<meta property=\"og:image:type\" content=\"image\/jpeg\" \/>\n<meta name=\"author\" content=\"El Tecolote Staff\" \/>\n<meta name=\"twitter:card\" content=\"summary_large_image\" \/>\n<meta name=\"twitter:creator\" content=\"@eltecolotesf\" \/>\n<meta name=\"twitter:site\" content=\"@eltecolotesf\" \/>\n<meta name=\"twitter:label1\" content=\"Written by\" \/>\n\t<meta name=\"twitter:data1\" content=\"El Tecolote Staff\" \/>\n\t<meta name=\"twitter:label2\" content=\"Est. reading time\" \/>\n\t<meta name=\"twitter:data2\" content=\"6 minutes\" \/>\n<script type=\"application\/ld+json\" class=\"yoast-schema-graph\">{\"@context\":\"https:\\\/\\\/schema.org\",\"@graph\":[{\"@type\":\"NewsArticle\",\"@id\":\"https:\\\/\\\/eltecolote.org\\\/content\\\/es\\\/morir-en-cautiverio-defensores-denuncian-el-rechazo-de-ice-para-liberar-a-los-mas-vulnerables\\\/#article\",\"isPartOf\":{\"@id\":\"https:\\\/\\\/eltecolote.org\\\/content\\\/es\\\/morir-en-cautiverio-defensores-denuncian-el-rechazo-de-ice-para-liberar-a-los-mas-vulnerables\\\/\"},\"author\":{\"name\":\"El Tecolote Staff\",\"@id\":\"https:\\\/\\\/eltecolote.org\\\/content\\\/#\\\/schema\\\/person\\\/08828d10185eba96895a8363a269410e\"},\"headline\":\"Morir en cautiverio: defensores denuncian el rechazo de ICE para liberar a los m\u00e1s vulnerables\",\"datePublished\":\"2020-07-02T21:52:42+00:00\",\"dateModified\":\"2020-07-02T21:52:45+00:00\",\"mainEntityOfPage\":{\"@id\":\"https:\\\/\\\/eltecolote.org\\\/content\\\/es\\\/morir-en-cautiverio-defensores-denuncian-el-rechazo-de-ice-para-liberar-a-los-mas-vulnerables\\\/\"},\"wordCount\":1151,\"commentCount\":0,\"publisher\":{\"@id\":\"https:\\\/\\\/eltecolote.org\\\/content\\\/#organization\"},\"image\":{\"@id\":\"https:\\\/\\\/eltecolote.org\\\/content\\\/es\\\/morir-en-cautiverio-defensores-denuncian-el-rechazo-de-ice-para-liberar-a-los-mas-vulnerables\\\/#primaryimage\"},\"thumbnailUrl\":\"https:\\\/\\\/i0.wp.com\\\/eltecolote.org\\\/content\\\/wp-content\\\/uploads\\\/2020\\\/07\\\/Mesa-Verde_2_web-1.jpg?fit=1200%2C707&quality=89&ssl=1\",\"articleSection\":[\"Inmigraci\u00f3n\",\"Noticias\"],\"inLanguage\":\"en-US\",\"potentialAction\":[{\"@type\":\"CommentAction\",\"name\":\"Comment\",\"target\":[\"https:\\\/\\\/eltecolote.org\\\/content\\\/es\\\/morir-en-cautiverio-defensores-denuncian-el-rechazo-de-ice-para-liberar-a-los-mas-vulnerables\\\/#respond\"]}]},{\"@type\":\"WebPage\",\"@id\":\"https:\\\/\\\/eltecolote.org\\\/content\\\/es\\\/morir-en-cautiverio-defensores-denuncian-el-rechazo-de-ice-para-liberar-a-los-mas-vulnerables\\\/\",\"url\":\"https:\\\/\\\/eltecolote.org\\\/content\\\/es\\\/morir-en-cautiverio-defensores-denuncian-el-rechazo-de-ice-para-liberar-a-los-mas-vulnerables\\\/\",\"name\":\"Morir en cautiverio: defensores denuncian el rechazo de ICE para liberar a los m\u00e1s vulnerables - El Tecolote\",\"isPartOf\":{\"@id\":\"https:\\\/\\\/eltecolote.org\\\/content\\\/#website\"},\"primaryImageOfPage\":{\"@id\":\"https:\\\/\\\/eltecolote.org\\\/content\\\/es\\\/morir-en-cautiverio-defensores-denuncian-el-rechazo-de-ice-para-liberar-a-los-mas-vulnerables\\\/#primaryimage\"},\"image\":{\"@id\":\"https:\\\/\\\/eltecolote.org\\\/content\\\/es\\\/morir-en-cautiverio-defensores-denuncian-el-rechazo-de-ice-para-liberar-a-los-mas-vulnerables\\\/#primaryimage\"},\"thumbnailUrl\":\"https:\\\/\\\/i0.wp.com\\\/eltecolote.org\\\/content\\\/wp-content\\\/uploads\\\/2020\\\/07\\\/Mesa-Verde_2_web-1.jpg?fit=1200%2C707&quality=89&ssl=1\",\"datePublished\":\"2020-07-02T21:52:42+00:00\",\"dateModified\":\"2020-07-02T21:52:45+00:00\",\"description\":\"Durante el homenaje celebrado el 28 de mayo en San Francisco a la memoria de un hombre de 74 a\u00f1os que muri\u00f3 estando bajo custodia del Servicio de\",\"inLanguage\":\"en-US\",\"potentialAction\":[{\"@type\":\"ReadAction\",\"target\":[\"https:\\\/\\\/eltecolote.org\\\/content\\\/es\\\/morir-en-cautiverio-defensores-denuncian-el-rechazo-de-ice-para-liberar-a-los-mas-vulnerables\\\/\"]}]},{\"@type\":\"ImageObject\",\"inLanguage\":\"en-US\",\"@id\":\"https:\\\/\\\/eltecolote.org\\\/content\\\/es\\\/morir-en-cautiverio-defensores-denuncian-el-rechazo-de-ice-para-liberar-a-los-mas-vulnerables\\\/#primaryimage\",\"url\":\"https:\\\/\\\/i0.wp.com\\\/eltecolote.org\\\/content\\\/wp-content\\\/uploads\\\/2020\\\/07\\\/Mesa-Verde_2_web-1.jpg?fit=1200%2C707&quality=89&ssl=1\",\"contentUrl\":\"https:\\\/\\\/i0.wp.com\\\/eltecolote.org\\\/content\\\/wp-content\\\/uploads\\\/2020\\\/07\\\/Mesa-Verde_2_web-1.jpg?fit=1200%2C707&quality=89&ssl=1\",\"width\":1200,\"height\":707,\"caption\":\"Los detenidos en Mesa Verde, instalaci\u00f3n ubicada en Bakersfield, propiedad privada operada por la corporaci\u00f3n GEO Group (GEO), expresan sus condolencias por Choung Woong Ahn, de 74 a\u00f1os, quien muri\u00f3 en ese lugar el 17 de mayo. Captura de pantalla de un video del Movimiento Interreligioso para la Integridad Humana\"},{\"@type\":\"WebSite\",\"@id\":\"https:\\\/\\\/eltecolote.org\\\/content\\\/#website\",\"url\":\"https:\\\/\\\/eltecolote.org\\\/content\\\/\",\"name\":\"El Tecolote\",\"description\":\"San Francisco&#039;s Latinx newspaper since 1970\",\"publisher\":{\"@id\":\"https:\\\/\\\/eltecolote.org\\\/content\\\/#organization\"},\"potentialAction\":[{\"@type\":\"SearchAction\",\"target\":{\"@type\":\"EntryPoint\",\"urlTemplate\":\"https:\\\/\\\/eltecolote.org\\\/content\\\/?s={search_term_string}\"},\"query-input\":{\"@type\":\"PropertyValueSpecification\",\"valueRequired\":true,\"valueName\":\"search_term_string\"}}],\"inLanguage\":\"en-US\"},{\"@type\":\"Organization\",\"@id\":\"https:\\\/\\\/eltecolote.org\\\/content\\\/#organization\",\"name\":\"El Tecolote\",\"url\":\"https:\\\/\\\/eltecolote.org\\\/content\\\/\",\"logo\":{\"@type\":\"ImageObject\",\"inLanguage\":\"en-US\",\"@id\":\"https:\\\/\\\/eltecolote.org\\\/content\\\/#\\\/schema\\\/logo\\\/image\\\/\",\"url\":\"https:\\\/\\\/i0.wp.com\\\/eltecolote.org\\\/content\\\/wp-content\\\/uploads\\\/2021\\\/05\\\/ETlogo-1.jpg?fit=400%2C400&ssl=1\",\"contentUrl\":\"https:\\\/\\\/i0.wp.com\\\/eltecolote.org\\\/content\\\/wp-content\\\/uploads\\\/2021\\\/05\\\/ETlogo-1.jpg?fit=400%2C400&ssl=1\",\"width\":400,\"height\":400,\"caption\":\"El Tecolote\"},\"image\":{\"@id\":\"https:\\\/\\\/eltecolote.org\\\/content\\\/#\\\/schema\\\/logo\\\/image\\\/\"},\"sameAs\":[\"https:\\\/\\\/www.facebook.com\\\/ElTecoloteSF\\\/\",\"https:\\\/\\\/x.com\\\/eltecolotesf\",\"https:\\\/\\\/www.instagram.com\\\/eltecolotesf\\\/\"]},{\"@type\":\"Person\",\"@id\":\"https:\\\/\\\/eltecolote.org\\\/content\\\/#\\\/schema\\\/person\\\/08828d10185eba96895a8363a269410e\",\"name\":\"El Tecolote Staff\",\"image\":{\"@type\":\"ImageObject\",\"inLanguage\":\"en-US\",\"@id\":\"https:\\\/\\\/secure.gravatar.com\\\/avatar\\\/9534c92c8c908364e186a64d93efc86f62367109d1b07a3454facde655968589?s=96&d=mm&r=g6afcb607783e095e4cf6be807353924d\",\"url\":\"https:\\\/\\\/secure.gravatar.com\\\/avatar\\\/9534c92c8c908364e186a64d93efc86f62367109d1b07a3454facde655968589?s=96&d=mm&r=g\",\"contentUrl\":\"https:\\\/\\\/secure.gravatar.com\\\/avatar\\\/9534c92c8c908364e186a64d93efc86f62367109d1b07a3454facde655968589?s=96&d=mm&r=g\",\"caption\":\"El Tecolote Staff\"},\"url\":\"https:\\\/\\\/eltecolote.org\\\/content\\\/author\\\/web-editor\\\/\"}]}<\/script>\n<!-- \/ Yoast SEO plugin. -->","yoast_head_json":{"title":"Morir en cautiverio: defensores denuncian el rechazo de ICE para liberar a los m\u00e1s vulnerables - El Tecolote","description":"Durante el homenaje celebrado el 28 de mayo en San Francisco a la memoria de un hombre de 74 a\u00f1os que muri\u00f3 estando bajo custodia del Servicio de","robots":{"index":"index","follow":"follow","max-snippet":"max-snippet:-1","max-image-preview":"max-image-preview:large","max-video-preview":"max-video-preview:-1"},"canonical":"https:\/\/eltecolote.org\/content\/es\/morir-en-cautiverio-defensores-denuncian-el-rechazo-de-ice-para-liberar-a-los-mas-vulnerables\/","og_locale":"en_US","og_type":"article","og_title":"Morir en cautiverio: defensores denuncian el rechazo de ICE para liberar a los m\u00e1s vulnerables - El Tecolote","og_description":"Durante el homenaje celebrado el 28 de mayo en San Francisco a la memoria de un hombre de 74 a\u00f1os que muri\u00f3 estando bajo custodia del Servicio de","og_url":"https:\/\/eltecolote.org\/content\/es\/morir-en-cautiverio-defensores-denuncian-el-rechazo-de-ice-para-liberar-a-los-mas-vulnerables\/","og_site_name":"El Tecolote","article_publisher":"https:\/\/www.facebook.com\/ElTecoloteSF\/","article_published_time":"2020-07-02T21:52:42+00:00","article_modified_time":"2020-07-02T21:52:45+00:00","og_image":[{"width":1200,"height":707,"url":"https:\/\/i0.wp.com\/eltecolote.org\/content\/wp-content\/uploads\/2020\/07\/Mesa-Verde_2_web-1.jpg?fit=1200%2C707&ssl=1","type":"image\/jpeg"}],"author":"El Tecolote Staff","twitter_card":"summary_large_image","twitter_creator":"@eltecolotesf","twitter_site":"@eltecolotesf","twitter_misc":{"Written by":"El Tecolote Staff","Est. reading time":"6 minutes"},"schema":{"@context":"https:\/\/schema.org","@graph":[{"@type":"NewsArticle","@id":"https:\/\/eltecolote.org\/content\/es\/morir-en-cautiverio-defensores-denuncian-el-rechazo-de-ice-para-liberar-a-los-mas-vulnerables\/#article","isPartOf":{"@id":"https:\/\/eltecolote.org\/content\/es\/morir-en-cautiverio-defensores-denuncian-el-rechazo-de-ice-para-liberar-a-los-mas-vulnerables\/"},"author":{"name":"El Tecolote Staff","@id":"https:\/\/eltecolote.org\/content\/#\/schema\/person\/08828d10185eba96895a8363a269410e"},"headline":"Morir en cautiverio: defensores denuncian el rechazo de ICE para liberar a los m\u00e1s vulnerables","datePublished":"2020-07-02T21:52:42+00:00","dateModified":"2020-07-02T21:52:45+00:00","mainEntityOfPage":{"@id":"https:\/\/eltecolote.org\/content\/es\/morir-en-cautiverio-defensores-denuncian-el-rechazo-de-ice-para-liberar-a-los-mas-vulnerables\/"},"wordCount":1151,"commentCount":0,"publisher":{"@id":"https:\/\/eltecolote.org\/content\/#organization"},"image":{"@id":"https:\/\/eltecolote.org\/content\/es\/morir-en-cautiverio-defensores-denuncian-el-rechazo-de-ice-para-liberar-a-los-mas-vulnerables\/#primaryimage"},"thumbnailUrl":"https:\/\/i0.wp.com\/eltecolote.org\/content\/wp-content\/uploads\/2020\/07\/Mesa-Verde_2_web-1.jpg?fit=1200%2C707&quality=89&ssl=1","articleSection":["Inmigraci\u00f3n","Noticias"],"inLanguage":"en-US","potentialAction":[{"@type":"CommentAction","name":"Comment","target":["https:\/\/eltecolote.org\/content\/es\/morir-en-cautiverio-defensores-denuncian-el-rechazo-de-ice-para-liberar-a-los-mas-vulnerables\/#respond"]}]},{"@type":"WebPage","@id":"https:\/\/eltecolote.org\/content\/es\/morir-en-cautiverio-defensores-denuncian-el-rechazo-de-ice-para-liberar-a-los-mas-vulnerables\/","url":"https:\/\/eltecolote.org\/content\/es\/morir-en-cautiverio-defensores-denuncian-el-rechazo-de-ice-para-liberar-a-los-mas-vulnerables\/","name":"Morir en cautiverio: defensores denuncian el rechazo de ICE para liberar a los m\u00e1s vulnerables - El Tecolote","isPartOf":{"@id":"https:\/\/eltecolote.org\/content\/#website"},"primaryImageOfPage":{"@id":"https:\/\/eltecolote.org\/content\/es\/morir-en-cautiverio-defensores-denuncian-el-rechazo-de-ice-para-liberar-a-los-mas-vulnerables\/#primaryimage"},"image":{"@id":"https:\/\/eltecolote.org\/content\/es\/morir-en-cautiverio-defensores-denuncian-el-rechazo-de-ice-para-liberar-a-los-mas-vulnerables\/#primaryimage"},"thumbnailUrl":"https:\/\/i0.wp.com\/eltecolote.org\/content\/wp-content\/uploads\/2020\/07\/Mesa-Verde_2_web-1.jpg?fit=1200%2C707&quality=89&ssl=1","datePublished":"2020-07-02T21:52:42+00:00","dateModified":"2020-07-02T21:52:45+00:00","description":"Durante el homenaje celebrado el 28 de mayo en San Francisco a la memoria de un hombre de 74 a\u00f1os que muri\u00f3 estando bajo custodia del Servicio de","inLanguage":"en-US","potentialAction":[{"@type":"ReadAction","target":["https:\/\/eltecolote.org\/content\/es\/morir-en-cautiverio-defensores-denuncian-el-rechazo-de-ice-para-liberar-a-los-mas-vulnerables\/"]}]},{"@type":"ImageObject","inLanguage":"en-US","@id":"https:\/\/eltecolote.org\/content\/es\/morir-en-cautiverio-defensores-denuncian-el-rechazo-de-ice-para-liberar-a-los-mas-vulnerables\/#primaryimage","url":"https:\/\/i0.wp.com\/eltecolote.org\/content\/wp-content\/uploads\/2020\/07\/Mesa-Verde_2_web-1.jpg?fit=1200%2C707&quality=89&ssl=1","contentUrl":"https:\/\/i0.wp.com\/eltecolote.org\/content\/wp-content\/uploads\/2020\/07\/Mesa-Verde_2_web-1.jpg?fit=1200%2C707&quality=89&ssl=1","width":1200,"height":707,"caption":"Los detenidos en Mesa Verde, instalaci\u00f3n ubicada en Bakersfield, propiedad privada operada por la corporaci\u00f3n GEO Group (GEO), expresan sus condolencias por Choung Woong Ahn, de 74 a\u00f1os, quien muri\u00f3 en ese lugar el 17 de mayo. Captura de pantalla de un video del Movimiento Interreligioso para la Integridad Humana"},{"@type":"WebSite","@id":"https:\/\/eltecolote.org\/content\/#website","url":"https:\/\/eltecolote.org\/content\/","name":"El Tecolote","description":"San Francisco&#039;s Latinx newspaper since 1970","publisher":{"@id":"https:\/\/eltecolote.org\/content\/#organization"},"potentialAction":[{"@type":"SearchAction","target":{"@type":"EntryPoint","urlTemplate":"https:\/\/eltecolote.org\/content\/?s={search_term_string}"},"query-input":{"@type":"PropertyValueSpecification","valueRequired":true,"valueName":"search_term_string"}}],"inLanguage":"en-US"},{"@type":"Organization","@id":"https:\/\/eltecolote.org\/content\/#organization","name":"El Tecolote","url":"https:\/\/eltecolote.org\/content\/","logo":{"@type":"ImageObject","inLanguage":"en-US","@id":"https:\/\/eltecolote.org\/content\/#\/schema\/logo\/image\/","url":"https:\/\/i0.wp.com\/eltecolote.org\/content\/wp-content\/uploads\/2021\/05\/ETlogo-1.jpg?fit=400%2C400&ssl=1","contentUrl":"https:\/\/i0.wp.com\/eltecolote.org\/content\/wp-content\/uploads\/2021\/05\/ETlogo-1.jpg?fit=400%2C400&ssl=1","width":400,"height":400,"caption":"El Tecolote"},"image":{"@id":"https:\/\/eltecolote.org\/content\/#\/schema\/logo\/image\/"},"sameAs":["https:\/\/www.facebook.com\/ElTecoloteSF\/","https:\/\/x.com\/eltecolotesf","https:\/\/www.instagram.com\/eltecolotesf\/"]},{"@type":"Person","@id":"https:\/\/eltecolote.org\/content\/#\/schema\/person\/08828d10185eba96895a8363a269410e","name":"El Tecolote Staff","image":{"@type":"ImageObject","inLanguage":"en-US","@id":"https:\/\/secure.gravatar.com\/avatar\/9534c92c8c908364e186a64d93efc86f62367109d1b07a3454facde655968589?s=96&d=mm&r=g6afcb607783e095e4cf6be807353924d","url":"https:\/\/secure.gravatar.com\/avatar\/9534c92c8c908364e186a64d93efc86f62367109d1b07a3454facde655968589?s=96&d=mm&r=g","contentUrl":"https:\/\/secure.gravatar.com\/avatar\/9534c92c8c908364e186a64d93efc86f62367109d1b07a3454facde655968589?s=96&d=mm&r=g","caption":"El Tecolote Staff"},"url":"https:\/\/eltecolote.org\/content\/author\/web-editor\/"}]}},"jetpack_sharing_enabled":true,"distributor_meta":false,"distributor_terms":false,"distributor_media":false,"distributor_original_site_name":"El Tecolote","distributor_original_site_url":"https:\/\/eltecolote.org\/content","push-errors":false,"jetpack_featured_media_url":"https:\/\/i0.wp.com\/eltecolote.org\/content\/wp-content\/uploads\/2020\/07\/Mesa-Verde_2_web-1.jpg?fit=1200%2C707&quality=89&ssl=1","_links":{"self":[{"href":"https:\/\/eltecolote.org\/content\/wp-json\/wp\/v2\/posts\/44491","targetHints":{"allow":["GET"]}}],"collection":[{"href":"https:\/\/eltecolote.org\/content\/wp-json\/wp\/v2\/posts"}],"about":[{"href":"https:\/\/eltecolote.org\/content\/wp-json\/wp\/v2\/types\/post"}],"author":[{"embeddable":true,"href":"https:\/\/eltecolote.org\/content\/wp-json\/wp\/v2\/users\/35"}],"replies":[{"embeddable":true,"href":"https:\/\/eltecolote.org\/content\/wp-json\/wp\/v2\/comments?post=44491"}],"version-history":[{"count":1,"href":"https:\/\/eltecolote.org\/content\/wp-json\/wp\/v2\/posts\/44491\/revisions"}],"predecessor-version":[{"id":44496,"href":"https:\/\/eltecolote.org\/content\/wp-json\/wp\/v2\/posts\/44491\/revisions\/44496"}],"wp:featuredmedia":[{"embeddable":true,"href":"https:\/\/eltecolote.org\/content\/wp-json\/wp\/v2\/media\/44492"}],"wp:attachment":[{"href":"https:\/\/eltecolote.org\/content\/wp-json\/wp\/v2\/media?parent=44491"}],"wp:term":[{"taxonomy":"category","embeddable":true,"href":"https:\/\/eltecolote.org\/content\/wp-json\/wp\/v2\/categories?post=44491"},{"taxonomy":"post_tag","embeddable":true,"href":"https:\/\/eltecolote.org\/content\/wp-json\/wp\/v2\/tags?post=44491"},{"taxonomy":"author","embeddable":true,"href":"https:\/\/eltecolote.org\/content\/wp-json\/wp\/v2\/coauthors?post=44491"}],"curies":[{"name":"wp","href":"https:\/\/api.w.org\/{rel}","templated":true}]}}