{"id":44264,"date":"2020-06-18T21:29:09","date_gmt":"2020-06-19T04:29:09","guid":{"rendered":"http:\/\/eltecolote.org\/content\/?p=44264"},"modified":"2020-06-18T21:29:12","modified_gmt":"2020-06-19T04:29:12","slug":"egresados-latinx-de-nivel-preparatoria-perseveran-pese-a-la-pandemia","status":"publish","type":"post","link":"https:\/\/eltecolote.org\/content\/es\/egresados-latinx-de-nivel-preparatoria-perseveran-pese-a-la-pandemia\/","title":{"rendered":"Egresados latinx de nivel preparatoria perseveran pese a la pandemia"},"content":{"rendered":"\n<p><\/p>\n\n\n\n<p><\/p>\n\n\n\n<p><em>*Nota del Editor: Catherine Stites es estudiante de periodismo, de la clase Medios de Comunicaci\u00f3n Comunitarios. Impartida por el profesor Jon Funabiki, la clase es una colaboraci\u00f3n con <\/em>El Tecolote.<\/p>\n\n\n\n<p>Con o sin pandemia, ha llegado la graduaci\u00f3n para la generaci\u00f3n 2020.<\/p>\n\n\n\n<p>Lo que suele ser una ocasi\u00f3n trascendental a celebrarse a bombo y platillo, ahora los estudiantes de \u00faltimo a\u00f1o de preparatoria se han visto obligados a celebrar siguiendo las actuales restricciones que limitan las grandes reuniones y requieren el distanciamiento social. Esta primavera, las graduaciones han sustituido el subir a un escenario por la modalidad virtual.<\/p>\n\n\n\n<p>Para tres estudiantes de primera generaci\u00f3n de San Francisco, esta temporada de graduaci\u00f3n es agridulce. Se han perdido ciertas tradiciones, pero todav\u00eda est\u00e1n entusiasmados con el futuro que les espera con la universidad a la vuelta de la esquina.<\/p>\n\n\n\n<p>Larissa Chac\u00f3n Hern\u00e1ndez ten\u00eda planeado subir al escenario en la Mission High School para obtener su diploma. La COVID-19 cambi\u00f3 todo eso. A\u00fan as\u00ed, dijo que eso no hace que el momento sea menos poderoso. La pandemia sirvi\u00f3 como ejemplo de lo que es la perseverancia y c\u00f3mo, independientemente de una ceremonia, ella y el resto de la clase 2020 todav\u00eda tiene el poder de ser un ejemplo para las generaciones futuras.<\/p>\n\n\n\n<div class=\"wp-block-image\"><figure class=\"aligncenter size-full\"><img data-recalc-dims=\"1\" loading=\"lazy\" decoding=\"async\" width=\"800\" height=\"533\" src=\"https:\/\/i0.wp.com\/eltecolote.org\/content\/wp-content\/uploads\/2020\/06\/200610_MariaRodriguez_Curiel_004_web-1.jpg?resize=800%2C533&#038;quality=89&#038;ssl=1\" alt=\"\" class=\"wp-image-44265\" srcset=\"https:\/\/i0.wp.com\/eltecolote.org\/content\/wp-content\/uploads\/2020\/06\/200610_MariaRodriguez_Curiel_004_web-1.jpg?w=800&amp;quality=89&amp;ssl=1 800w, https:\/\/i0.wp.com\/eltecolote.org\/content\/wp-content\/uploads\/2020\/06\/200610_MariaRodriguez_Curiel_004_web-1.jpg?resize=360%2C240&amp;quality=89&amp;ssl=1 360w, https:\/\/i0.wp.com\/eltecolote.org\/content\/wp-content\/uploads\/2020\/06\/200610_MariaRodriguez_Curiel_004_web-1.jpg?resize=600%2C400&amp;quality=89&amp;ssl=1 600w, https:\/\/i0.wp.com\/eltecolote.org\/content\/wp-content\/uploads\/2020\/06\/200610_MariaRodriguez_Curiel_004_web-1.jpg?resize=768%2C512&amp;quality=89&amp;ssl=1 768w, https:\/\/i0.wp.com\/eltecolote.org\/content\/wp-content\/uploads\/2020\/06\/200610_MariaRodriguez_Curiel_004_web-1.jpg?resize=370%2C247&amp;quality=89&amp;ssl=1 370w, https:\/\/i0.wp.com\/eltecolote.org\/content\/wp-content\/uploads\/2020\/06\/200610_MariaRodriguez_Curiel_004_web-1.jpg?resize=20%2C13&amp;quality=89&amp;ssl=1 20w, https:\/\/i0.wp.com\/eltecolote.org\/content\/wp-content\/uploads\/2020\/06\/200610_MariaRodriguez_Curiel_004_web-1.jpg?resize=185%2C123&amp;quality=89&amp;ssl=1 185w, https:\/\/i0.wp.com\/eltecolote.org\/content\/wp-content\/uploads\/2020\/06\/200610_MariaRodriguez_Curiel_004_web-1.jpg?resize=740%2C493&amp;quality=89&amp;ssl=1 740w, https:\/\/i0.wp.com\/eltecolote.org\/content\/wp-content\/uploads\/2020\/06\/200610_MariaRodriguez_Curiel_004_web-1.jpg?resize=400%2C267&amp;quality=89&amp;ssl=1 400w, https:\/\/i0.wp.com\/eltecolote.org\/content\/wp-content\/uploads\/2020\/06\/200610_MariaRodriguez_Curiel_004_web-1.jpg?resize=72%2C48&amp;quality=89&amp;ssl=1 72w\" sizes=\"auto, (max-width: 800px) 100vw, 800px\" \/><figcaption>Mar\u00eda Rodr\u00edguez, egresada de la Preparatoria Ida B. Wells, sostiene su birrete en el cual se lee \u201cEs divertido hacer lo imposible\u201d, el mi\u00e9rcoles 10 de junio de 2020, en el Parque Padre Alfred E. Boeddeker en San Francisco. Foto: Emily Curiel<\/figcaption><\/figure><\/div>\n\n\n\n<p>Con las clases del Distrito Escolar de San Francisco (SFUSD, por sus siglas en ingl\u00e9s) canceladas desde el 13 de abril, m\u00e1s la orden de confinamiento en el \u00c1rea de la Bah\u00eda a partir del 17 de marzo, esas amistades cercanas de la escuela tambi\u00e9n se sienten diferentes. Maria Rodr\u00edguez, estudiante de \u00faltimo a\u00f1o de la Ida B Wells High School, dijo estar en comunicaci\u00f3n a trav\u00e9s de mensajes de texto con sus amigos todos los d\u00edas, pero no es lo mismo que estar juntos en la escuela: \u201cSiento que tenemos mucho m\u00e1s que decir cuando estamos cara a cara que frente a una pantalla\u201d.<\/p>\n\n\n\n<p>El \u00faltimo a\u00f1o es la oportunidad del estudiante para participar en eventos escolares, pero con la pandemia, no hubo ocasi\u00f3n de participar. Chac\u00f3n Hern\u00e1ndez quer\u00eda esperar a su baile de graduaci\u00f3n para vestirse elegante, y se decepcion\u00f3 cuando se cancel\u00f3: \u201cAl final, es por una muy buena raz\u00f3n, que est\u00e1 salvando vidas\u201d, dijo.<\/p>\n\n\n\n<p>Adem\u00e1s de cancelarse el baile de graduaci\u00f3n al igual que las reuniones divertidas de fin de a\u00f1o, el cambio al aprendizaje en l\u00ednea ha sido una dificultad adicional para muchos estudiantes. \u201cLos maestros est\u00e1n dejando mucha tarea\u201d, dijo Daniel E. Casta\u00f1eda Garc\u00eda, estudiante de \u00faltimo a\u00f1o en la Balboa Park High School. Maria Rodr\u00edguez sinti\u00f3 lo mismo: \u201cTodos tienen un ritmo y un aprendizaje diferente. Algunos van m\u00e1s r\u00e1pido que otros\u201d. En su caso, los maestros han estado publicando todas las tareas a la vez, dejando a los estudiantes completar el trabajo cuando lo deseen.<\/p>\n\n\n\n<p>Estar en casa con mayor frecuencia obliga a los estudiantes a equilibrar su trabajo familiar y escolar en el mismo entorno. Los estudiantes tambi\u00e9n ten\u00edan que estar en sus computadoras mucho m\u00e1s de lo acostumbrado.<\/p>\n\n\n\n<p>Chac\u00f3n Hern\u00e1ndez habl\u00f3 sobre equilibrar todas sus responsabilidades mientras trabajaba desde casa: \u201cA veces es dif\u00edcil en un hogar latino, porque tienes muchas responsabilidades, muchas cosas. Entonces, para m\u00ed ha sido dif\u00edcil manejar entre el trabajo escolar, el de mi casa y las responsabilidades, adem\u00e1s de hacer de forma independiente mis propios asuntos de la universidad, como completar el papeleo y elegir clases\u201d, dijo.<\/p>\n\n\n\n<p>Rodr\u00edguez dijo que su escuela provey\u00f3 computadoras port\u00e1tiles y que pod\u00eda hacer el trabajo pero \u201cla maestra realmente no puede ayudar a todos a la vez\u201d en una situaci\u00f3n de aprendizaje en l\u00ednea. En cambio, ha estado recibiendo ayuda de su hermana que est\u00e1 en la universidad.<\/p>\n\n\n\n<p>Los tres graduados recibieron becas de la Asociaci\u00f3n Latinoamericana de Maestros, ayud\u00e1ndoles a pagar la universidad.<\/p>\n\n\n\n<p>Rodr\u00edguez planea ir al City College de San Francisco y especializarse en justicia social y luego transferirse despu\u00e9s de dos a\u00f1os: \u201cSiento que me gustar\u00eda ser una mejor versi\u00f3n de m\u00ed misma si persigo la carrera que me gustar\u00eda, y no una carrera que solo me diera buen dinero\u201d, dijo. Rodr\u00edguez ser\u00e1 estudiante universitaria de primera generaci\u00f3n: \u201cMe siento bien porque tambi\u00e9n hay muchas oportunidades para la primera generaci\u00f3n,\u201d dijo ella, cuyo padre no pudo tener la misma oportunidad de ir a la escuela.<\/p>\n\n\n\n<div class=\"wp-block-image\"><figure class=\"aligncenter size-full\"><img data-recalc-dims=\"1\" loading=\"lazy\" decoding=\"async\" width=\"1100\" height=\"733\" src=\"https:\/\/i0.wp.com\/eltecolote.org\/content\/wp-content\/uploads\/2020\/06\/200612_LarissaChaconHernandez_Curiel_001_web-1.jpg?resize=1100%2C733&#038;quality=89&#038;ssl=1\" alt=\"\" class=\"wp-image-44266\" srcset=\"https:\/\/i0.wp.com\/eltecolote.org\/content\/wp-content\/uploads\/2020\/06\/200612_LarissaChaconHernandez_Curiel_001_web-1.jpg?w=1100&amp;quality=89&amp;ssl=1 1100w, https:\/\/i0.wp.com\/eltecolote.org\/content\/wp-content\/uploads\/2020\/06\/200612_LarissaChaconHernandez_Curiel_001_web-1.jpg?resize=360%2C240&amp;quality=89&amp;ssl=1 360w, https:\/\/i0.wp.com\/eltecolote.org\/content\/wp-content\/uploads\/2020\/06\/200612_LarissaChaconHernandez_Curiel_001_web-1.jpg?resize=600%2C400&amp;quality=89&amp;ssl=1 600w, https:\/\/i0.wp.com\/eltecolote.org\/content\/wp-content\/uploads\/2020\/06\/200612_LarissaChaconHernandez_Curiel_001_web-1.jpg?resize=768%2C512&amp;quality=89&amp;ssl=1 768w, https:\/\/i0.wp.com\/eltecolote.org\/content\/wp-content\/uploads\/2020\/06\/200612_LarissaChaconHernandez_Curiel_001_web-1.jpg?resize=370%2C247&amp;quality=89&amp;ssl=1 370w, https:\/\/i0.wp.com\/eltecolote.org\/content\/wp-content\/uploads\/2020\/06\/200612_LarissaChaconHernandez_Curiel_001_web-1.jpg?resize=800%2C533&amp;quality=89&amp;ssl=1 800w, https:\/\/i0.wp.com\/eltecolote.org\/content\/wp-content\/uploads\/2020\/06\/200612_LarissaChaconHernandez_Curiel_001_web-1.jpg?resize=20%2C13&amp;quality=89&amp;ssl=1 20w, https:\/\/i0.wp.com\/eltecolote.org\/content\/wp-content\/uploads\/2020\/06\/200612_LarissaChaconHernandez_Curiel_001_web-1.jpg?resize=185%2C123&amp;quality=89&amp;ssl=1 185w, https:\/\/i0.wp.com\/eltecolote.org\/content\/wp-content\/uploads\/2020\/06\/200612_LarissaChaconHernandez_Curiel_001_web-1.jpg?resize=740%2C493&amp;quality=89&amp;ssl=1 740w, https:\/\/i0.wp.com\/eltecolote.org\/content\/wp-content\/uploads\/2020\/06\/200612_LarissaChaconHernandez_Curiel_001_web-1.jpg?resize=400%2C267&amp;quality=89&amp;ssl=1 400w, https:\/\/i0.wp.com\/eltecolote.org\/content\/wp-content\/uploads\/2020\/06\/200612_LarissaChaconHernandez_Curiel_001_web-1.jpg?resize=72%2C48&amp;quality=89&amp;ssl=1 72w\" sizes=\"auto, (max-width: 1000px) 100vw, 1000px\" \/><figcaption>Larissa Chac\u00f3n Hern\u00e1ndez, egresada de la Preparatoria Misi\u00f3n, con su birrete de graduaci\u00f3n en el que se lee \u201cSi caminas con Dios, siempre ir\u00e1s en la direcci\u00f3n correcta\u201d, el 12 de junio de 2020, en las escalinatas del Templo de M\u00fasica Spreckels en el Parque Golden Gate de San Francisco. Foto: Emily Curiel<\/figcaption><\/figure><\/div>\n\n\n\n<p>Chac\u00f3n Hern\u00e1ndez emigr\u00f3 de El Salvador, su madre lleg\u00f3 a los EEUU antes que ella. Uno de los desaf\u00edos que enfrent\u00f3 fue su desconocimiento del idioma que se ense\u00f1aba en la escuela: el ingl\u00e9s. Le preocupaba c\u00f3mo la gente iba a poder comunicarse con ella y, como resultado, se aisl\u00f3 cuando comenz\u00f3 a estudiar en Concord.<\/p>\n\n\n\n<p>Estaba motivada para ir a la universidad y ser la primera en su familia en hacerlo. Ella no solo quer\u00eda demostrar que otros estaban equivocados acerca de lo que pensaban de ella, sino que tambi\u00e9n quer\u00eda probar a s\u00ed misma que pod\u00eda alcanzar sus objetivos e ir m\u00e1s all\u00e1 de ellos. \u201cRealmente necesito tener este lenguaje en mi cerebro\u201d, se dec\u00eda.<\/p>\n\n\n\n<p>Su familia se mud\u00f3 de Concord a San Francisco, y comenz\u00f3 a asistir a la Mission High School. \u201cSiento que Mission ha sido mi hogar cuando entr\u00e9,\u201d dijo Chac\u00f3n Hern\u00e1ndez, quien planea asistir a la Universidad Estatal de San Diego, especializ\u00e1ndose en sociolog\u00eda. Su objetivo es convertirse en abogada. \u201cRealmente me siento orgullosa de m\u00ed misma porque romp\u00ed muchos estereotipos, incluso en mi propia familia\u201d, dijo.<\/p>\n\n\n\n<p>Chac\u00f3n Hern\u00e1ndez da cr\u00e9dito a los maestros en su escuela y a su madre por llevarla a donde est\u00e1 hoy. Ella habla sobre querer cerrar un ciclo para que ella comience uno nuevo: \u201cSiento que ir a San Diego es como explorar un nuevo horizonte e ir m\u00e1s all\u00e1 de ser independiente\u201d, dijo.<\/p>\n\n\n\n<div class=\"wp-block-image\"><figure class=\"aligncenter size-full\"><img data-recalc-dims=\"1\" loading=\"lazy\" decoding=\"async\" width=\"1000\" height=\"666\" src=\"https:\/\/i0.wp.com\/eltecolote.org\/content\/wp-content\/uploads\/2020\/06\/200615_DanielCastaneda_Curiel_003_web-1.jpg?resize=1000%2C666&#038;quality=89&#038;ssl=1\" alt=\"\" class=\"wp-image-44267\" srcset=\"https:\/\/i0.wp.com\/eltecolote.org\/content\/wp-content\/uploads\/2020\/06\/200615_DanielCastaneda_Curiel_003_web-1.jpg?w=1000&amp;quality=89&amp;ssl=1 1000w, https:\/\/i0.wp.com\/eltecolote.org\/content\/wp-content\/uploads\/2020\/06\/200615_DanielCastaneda_Curiel_003_web-1.jpg?resize=360%2C240&amp;quality=89&amp;ssl=1 360w, https:\/\/i0.wp.com\/eltecolote.org\/content\/wp-content\/uploads\/2020\/06\/200615_DanielCastaneda_Curiel_003_web-1.jpg?resize=600%2C400&amp;quality=89&amp;ssl=1 600w, https:\/\/i0.wp.com\/eltecolote.org\/content\/wp-content\/uploads\/2020\/06\/200615_DanielCastaneda_Curiel_003_web-1.jpg?resize=768%2C511&amp;quality=89&amp;ssl=1 768w, https:\/\/i0.wp.com\/eltecolote.org\/content\/wp-content\/uploads\/2020\/06\/200615_DanielCastaneda_Curiel_003_web-1.jpg?resize=370%2C246&amp;quality=89&amp;ssl=1 370w, https:\/\/i0.wp.com\/eltecolote.org\/content\/wp-content\/uploads\/2020\/06\/200615_DanielCastaneda_Curiel_003_web-1.jpg?resize=800%2C533&amp;quality=89&amp;ssl=1 800w, https:\/\/i0.wp.com\/eltecolote.org\/content\/wp-content\/uploads\/2020\/06\/200615_DanielCastaneda_Curiel_003_web-1.jpg?resize=20%2C13&amp;quality=89&amp;ssl=1 20w, https:\/\/i0.wp.com\/eltecolote.org\/content\/wp-content\/uploads\/2020\/06\/200615_DanielCastaneda_Curiel_003_web-1.jpg?resize=185%2C123&amp;quality=89&amp;ssl=1 185w, https:\/\/i0.wp.com\/eltecolote.org\/content\/wp-content\/uploads\/2020\/06\/200615_DanielCastaneda_Curiel_003_web-1.jpg?resize=740%2C493&amp;quality=89&amp;ssl=1 740w, https:\/\/i0.wp.com\/eltecolote.org\/content\/wp-content\/uploads\/2020\/06\/200615_DanielCastaneda_Curiel_003_web-1.jpg?resize=400%2C266&amp;quality=89&amp;ssl=1 400w, https:\/\/i0.wp.com\/eltecolote.org\/content\/wp-content\/uploads\/2020\/06\/200615_DanielCastaneda_Curiel_003_web-1.jpg?resize=72%2C48&amp;quality=89&amp;ssl=1 72w\" sizes=\"auto, (max-width: 1000px) 100vw, 1000px\" \/><figcaption>Daniel Casta\u00f1eda, graduado de la Preparatoria Balboa, con su diploma y su trofeo de Atleta Escolar, en el Parque Golden Gate de San Francisco, el 15 de junio de 2020. Foto: Emily Curiel<\/figcaption><\/figure><\/div>\n\n\n\n<p>Casta\u00f1eda Garc\u00eda tambi\u00e9n es un estudiante universitario de primera generaci\u00f3n que se gradu\u00f3 de la preparatoria este junio: \u201cMe siento agradecido porque tuve la oportunidad (de ir a la universidad), pero tambi\u00e9n me siento nervioso, porque tengo muchas preguntas en mi cerebro y nadie en mi familia puede ayudar\u201d.<\/p>\n\n\n\n<p>Planea asistir a la Universidad Estatal de San Francisco y especializarse en ingenier\u00eda civil. Menciona su inter\u00e9s en la construcci\u00f3n y el dise\u00f1o: \u201cS\u00e9 que mi cerebro va a explotar por toda la matem\u00e1tica, pero voy a hacer mi mejor esfuerzo\u201d.<\/p>\n\n\n\n<p>En estos tiempos inciertos, estos graduados son una luz en la oscuridad. \u201cLa gente de color siempre es subestimada cuando se trata de ciertas cosas\u201d, dijo Chac\u00f3n Hern\u00e1ndez. \u201cY este es un ejemplo bastante claro de que podemos lograrlo\u201d.\u00a0<\/p>\n","protected":false},"excerpt":{"rendered":"<p>*Nota del Editor: Catherine Stites es estudiante de periodismo, de la clase Medios de Comunicaci\u00f3n Comunitarios. Impartida por el profesor Jon Funabiki, la clase es una colaboraci\u00f3n con El Tecolote. Con o sin pandemia, ha llegado la graduaci\u00f3n para la generaci\u00f3n 2020. Lo que suele ser una ocasi\u00f3n trascendental a celebrarse a bombo y platillo, [&hellip;]<\/p>\n","protected":false},"author":35,"featured_media":44266,"comment_status":"open","ping_status":"closed","sticky":false,"template":"","format":"standard","meta":{"newspack_popups_has_disabled_popups":false,"newspack_featured_image_position":"","newspack_post_subtitle":"","newspack_article_summary_title":"Overview:","newspack_article_summary":"","newspack_hide_updated_date":false,"newspack_show_updated_date":false,"footnotes":""},"categories":[3569,3519],"tags":[],"coauthors":[18445],"class_list":["post-44264","post","type-post","status-publish","format-standard","has-post-thumbnail","hentry","category-educacion-es","category-noticias","entry"],"yoast_head":"<!-- This site is optimized with the Yoast SEO plugin v27.4 - https:\/\/yoast.com\/product\/yoast-seo-wordpress\/ -->\n<title>Egresados latinx de nivel preparatoria perseveran pese a la pandemia - El Tecolote<\/title>\n<meta name=\"description\" content=\"*Nota del Editor: Catherine Stites es estudiante de periodismo, de la clase Medios de Comunicaci\u00f3n Comunitarios. Impartida por el profesor Jon Funabiki,\" \/>\n<meta name=\"robots\" content=\"index, follow, max-snippet:-1, max-image-preview:large, max-video-preview:-1\" \/>\n<link rel=\"canonical\" href=\"https:\/\/eltecolote.org\/content\/es\/egresados-latinx-de-nivel-preparatoria-perseveran-pese-a-la-pandemia\/\" \/>\n<meta property=\"og:locale\" content=\"en_US\" \/>\n<meta property=\"og:type\" content=\"article\" \/>\n<meta property=\"og:title\" content=\"Egresados latinx de nivel preparatoria perseveran pese a la pandemia - El Tecolote\" \/>\n<meta property=\"og:description\" content=\"*Nota del Editor: Catherine Stites es estudiante de periodismo, de la clase Medios de Comunicaci\u00f3n Comunitarios. Impartida por el profesor Jon Funabiki,\" \/>\n<meta property=\"og:url\" content=\"https:\/\/eltecolote.org\/content\/es\/egresados-latinx-de-nivel-preparatoria-perseveran-pese-a-la-pandemia\/\" \/>\n<meta property=\"og:site_name\" content=\"El Tecolote\" \/>\n<meta property=\"article:publisher\" content=\"https:\/\/www.facebook.com\/ElTecoloteSF\/\" \/>\n<meta property=\"article:published_time\" content=\"2020-06-19T04:29:09+00:00\" \/>\n<meta property=\"article:modified_time\" content=\"2020-06-19T04:29:12+00:00\" \/>\n<meta property=\"og:image\" content=\"https:\/\/i0.wp.com\/eltecolote.org\/content\/wp-content\/uploads\/2020\/06\/200612_LarissaChaconHernandez_Curiel_001_web-1.jpg?fit=1100%2C733&ssl=1\" \/>\n\t<meta property=\"og:image:width\" content=\"1100\" \/>\n\t<meta property=\"og:image:height\" content=\"733\" \/>\n\t<meta property=\"og:image:type\" content=\"image\/jpeg\" \/>\n<meta name=\"author\" content=\"El Tecolote Staff\" \/>\n<meta name=\"twitter:card\" content=\"summary_large_image\" \/>\n<meta name=\"twitter:creator\" content=\"@eltecolotesf\" \/>\n<meta name=\"twitter:site\" content=\"@eltecolotesf\" \/>\n<meta name=\"twitter:label1\" content=\"Written by\" \/>\n\t<meta name=\"twitter:data1\" content=\"El Tecolote Staff\" \/>\n\t<meta name=\"twitter:label2\" content=\"Est. reading time\" \/>\n\t<meta name=\"twitter:data2\" content=\"7 minutes\" \/>\n<script type=\"application\/ld+json\" class=\"yoast-schema-graph\">{\"@context\":\"https:\\\/\\\/schema.org\",\"@graph\":[{\"@type\":\"NewsArticle\",\"@id\":\"https:\\\/\\\/eltecolote.org\\\/content\\\/es\\\/egresados-latinx-de-nivel-preparatoria-perseveran-pese-a-la-pandemia\\\/#article\",\"isPartOf\":{\"@id\":\"https:\\\/\\\/eltecolote.org\\\/content\\\/es\\\/egresados-latinx-de-nivel-preparatoria-perseveran-pese-a-la-pandemia\\\/\"},\"author\":{\"name\":\"El Tecolote Staff\",\"@id\":\"https:\\\/\\\/eltecolote.org\\\/content\\\/#\\\/schema\\\/person\\\/08828d10185eba96895a8363a269410e\"},\"headline\":\"Egresados latinx de nivel preparatoria perseveran pese a la pandemia\",\"datePublished\":\"2020-06-19T04:29:09+00:00\",\"dateModified\":\"2020-06-19T04:29:12+00:00\",\"mainEntityOfPage\":{\"@id\":\"https:\\\/\\\/eltecolote.org\\\/content\\\/es\\\/egresados-latinx-de-nivel-preparatoria-perseveran-pese-a-la-pandemia\\\/\"},\"wordCount\":1313,\"commentCount\":0,\"publisher\":{\"@id\":\"https:\\\/\\\/eltecolote.org\\\/content\\\/#organization\"},\"image\":{\"@id\":\"https:\\\/\\\/eltecolote.org\\\/content\\\/es\\\/egresados-latinx-de-nivel-preparatoria-perseveran-pese-a-la-pandemia\\\/#primaryimage\"},\"thumbnailUrl\":\"https:\\\/\\\/i0.wp.com\\\/eltecolote.org\\\/content\\\/wp-content\\\/uploads\\\/2020\\\/06\\\/200612_LarissaChaconHernandez_Curiel_001_web-1.jpg?fit=1100%2C733&quality=89&ssl=1\",\"articleSection\":[\"Educaci\u00f3n\",\"Noticias\"],\"inLanguage\":\"en\",\"potentialAction\":[{\"@type\":\"CommentAction\",\"name\":\"Comment\",\"target\":[\"https:\\\/\\\/eltecolote.org\\\/content\\\/es\\\/egresados-latinx-de-nivel-preparatoria-perseveran-pese-a-la-pandemia\\\/#respond\"]}]},{\"@type\":\"WebPage\",\"@id\":\"https:\\\/\\\/eltecolote.org\\\/content\\\/es\\\/egresados-latinx-de-nivel-preparatoria-perseveran-pese-a-la-pandemia\\\/\",\"url\":\"https:\\\/\\\/eltecolote.org\\\/content\\\/es\\\/egresados-latinx-de-nivel-preparatoria-perseveran-pese-a-la-pandemia\\\/\",\"name\":\"Egresados latinx de nivel preparatoria perseveran pese a la pandemia - El Tecolote\",\"isPartOf\":{\"@id\":\"https:\\\/\\\/eltecolote.org\\\/content\\\/#website\"},\"primaryImageOfPage\":{\"@id\":\"https:\\\/\\\/eltecolote.org\\\/content\\\/es\\\/egresados-latinx-de-nivel-preparatoria-perseveran-pese-a-la-pandemia\\\/#primaryimage\"},\"image\":{\"@id\":\"https:\\\/\\\/eltecolote.org\\\/content\\\/es\\\/egresados-latinx-de-nivel-preparatoria-perseveran-pese-a-la-pandemia\\\/#primaryimage\"},\"thumbnailUrl\":\"https:\\\/\\\/i0.wp.com\\\/eltecolote.org\\\/content\\\/wp-content\\\/uploads\\\/2020\\\/06\\\/200612_LarissaChaconHernandez_Curiel_001_web-1.jpg?fit=1100%2C733&quality=89&ssl=1\",\"datePublished\":\"2020-06-19T04:29:09+00:00\",\"dateModified\":\"2020-06-19T04:29:12+00:00\",\"description\":\"*Nota del Editor: Catherine Stites es estudiante de periodismo, de la clase Medios de Comunicaci\u00f3n Comunitarios. Impartida por el profesor Jon Funabiki,\",\"inLanguage\":\"en\",\"potentialAction\":[{\"@type\":\"ReadAction\",\"target\":[\"https:\\\/\\\/eltecolote.org\\\/content\\\/es\\\/egresados-latinx-de-nivel-preparatoria-perseveran-pese-a-la-pandemia\\\/\"]}]},{\"@type\":\"ImageObject\",\"inLanguage\":\"en\",\"@id\":\"https:\\\/\\\/eltecolote.org\\\/content\\\/es\\\/egresados-latinx-de-nivel-preparatoria-perseveran-pese-a-la-pandemia\\\/#primaryimage\",\"url\":\"https:\\\/\\\/i0.wp.com\\\/eltecolote.org\\\/content\\\/wp-content\\\/uploads\\\/2020\\\/06\\\/200612_LarissaChaconHernandez_Curiel_001_web-1.jpg?fit=1100%2C733&quality=89&ssl=1\",\"contentUrl\":\"https:\\\/\\\/i0.wp.com\\\/eltecolote.org\\\/content\\\/wp-content\\\/uploads\\\/2020\\\/06\\\/200612_LarissaChaconHernandez_Curiel_001_web-1.jpg?fit=1100%2C733&quality=89&ssl=1\",\"width\":1100,\"height\":733,\"caption\":\"Larissa Chac\u00f3n Hern\u00e1ndez, egresada de la Preparatoria Misi\u00f3n, con su birrete de graduaci\u00f3n en el que se lee \u201cSi caminas con Dios, siempre ir\u00e1s en la direcci\u00f3n correcta\u201d, el 12 de junio de 2020, en las escalinatas del Templo de M\u00fasica Spreckels en el Parque Golden Gate de San Francisco. Foto: Emily Curiel\"},{\"@type\":\"WebSite\",\"@id\":\"https:\\\/\\\/eltecolote.org\\\/content\\\/#website\",\"url\":\"https:\\\/\\\/eltecolote.org\\\/content\\\/\",\"name\":\"El Tecolote\",\"description\":\"San Francisco's Latinx newspaper since 1970\",\"publisher\":{\"@id\":\"https:\\\/\\\/eltecolote.org\\\/content\\\/#organization\"},\"potentialAction\":[{\"@type\":\"SearchAction\",\"target\":{\"@type\":\"EntryPoint\",\"urlTemplate\":\"https:\\\/\\\/eltecolote.org\\\/content\\\/?s={search_term_string}\"},\"query-input\":{\"@type\":\"PropertyValueSpecification\",\"valueRequired\":true,\"valueName\":\"search_term_string\"}}],\"inLanguage\":\"en\"},{\"@type\":\"Organization\",\"@id\":\"https:\\\/\\\/eltecolote.org\\\/content\\\/#organization\",\"name\":\"El Tecolote\",\"url\":\"https:\\\/\\\/eltecolote.org\\\/content\\\/\",\"logo\":{\"@type\":\"ImageObject\",\"inLanguage\":\"en\",\"@id\":\"https:\\\/\\\/eltecolote.org\\\/content\\\/#\\\/schema\\\/logo\\\/image\\\/\",\"url\":\"https:\\\/\\\/i0.wp.com\\\/eltecolote.org\\\/content\\\/wp-content\\\/uploads\\\/2021\\\/05\\\/ETlogo-1.jpg?fit=400%2C400&ssl=1\",\"contentUrl\":\"https:\\\/\\\/i0.wp.com\\\/eltecolote.org\\\/content\\\/wp-content\\\/uploads\\\/2021\\\/05\\\/ETlogo-1.jpg?fit=400%2C400&ssl=1\",\"width\":400,\"height\":400,\"caption\":\"El Tecolote\"},\"image\":{\"@id\":\"https:\\\/\\\/eltecolote.org\\\/content\\\/#\\\/schema\\\/logo\\\/image\\\/\"},\"sameAs\":[\"https:\\\/\\\/www.facebook.com\\\/ElTecoloteSF\\\/\",\"https:\\\/\\\/x.com\\\/eltecolotesf\",\"https:\\\/\\\/www.instagram.com\\\/eltecolotesf\\\/\"]},{\"@type\":\"Person\",\"@id\":\"https:\\\/\\\/eltecolote.org\\\/content\\\/#\\\/schema\\\/person\\\/08828d10185eba96895a8363a269410e\",\"name\":\"El Tecolote Staff\",\"image\":{\"@type\":\"ImageObject\",\"inLanguage\":\"en\",\"@id\":\"https:\\\/\\\/secure.gravatar.com\\\/avatar\\\/9534c92c8c908364e186a64d93efc86f62367109d1b07a3454facde655968589?s=96&d=mm&r=g6afcb607783e095e4cf6be807353924d\",\"url\":\"https:\\\/\\\/secure.gravatar.com\\\/avatar\\\/9534c92c8c908364e186a64d93efc86f62367109d1b07a3454facde655968589?s=96&d=mm&r=g\",\"contentUrl\":\"https:\\\/\\\/secure.gravatar.com\\\/avatar\\\/9534c92c8c908364e186a64d93efc86f62367109d1b07a3454facde655968589?s=96&d=mm&r=g\",\"caption\":\"El Tecolote Staff\"},\"url\":\"https:\\\/\\\/eltecolote.org\\\/content\\\/author\\\/web-editor\\\/\"}]}<\/script>\n<!-- \/ Yoast SEO plugin. -->","yoast_head_json":{"title":"Egresados latinx de nivel preparatoria perseveran pese a la pandemia - El Tecolote","description":"*Nota del Editor: Catherine Stites es estudiante de periodismo, de la clase Medios de Comunicaci\u00f3n Comunitarios. Impartida por el profesor Jon Funabiki,","robots":{"index":"index","follow":"follow","max-snippet":"max-snippet:-1","max-image-preview":"max-image-preview:large","max-video-preview":"max-video-preview:-1"},"canonical":"https:\/\/eltecolote.org\/content\/es\/egresados-latinx-de-nivel-preparatoria-perseveran-pese-a-la-pandemia\/","og_locale":"en_US","og_type":"article","og_title":"Egresados latinx de nivel preparatoria perseveran pese a la pandemia - El Tecolote","og_description":"*Nota del Editor: Catherine Stites es estudiante de periodismo, de la clase Medios de Comunicaci\u00f3n Comunitarios. Impartida por el profesor Jon Funabiki,","og_url":"https:\/\/eltecolote.org\/content\/es\/egresados-latinx-de-nivel-preparatoria-perseveran-pese-a-la-pandemia\/","og_site_name":"El Tecolote","article_publisher":"https:\/\/www.facebook.com\/ElTecoloteSF\/","article_published_time":"2020-06-19T04:29:09+00:00","article_modified_time":"2020-06-19T04:29:12+00:00","og_image":[{"width":1100,"height":733,"url":"https:\/\/i0.wp.com\/eltecolote.org\/content\/wp-content\/uploads\/2020\/06\/200612_LarissaChaconHernandez_Curiel_001_web-1.jpg?fit=1100%2C733&ssl=1","type":"image\/jpeg"}],"author":"El Tecolote Staff","twitter_card":"summary_large_image","twitter_creator":"@eltecolotesf","twitter_site":"@eltecolotesf","twitter_misc":{"Written by":"El Tecolote Staff","Est. reading time":"7 minutes"},"schema":{"@context":"https:\/\/schema.org","@graph":[{"@type":"NewsArticle","@id":"https:\/\/eltecolote.org\/content\/es\/egresados-latinx-de-nivel-preparatoria-perseveran-pese-a-la-pandemia\/#article","isPartOf":{"@id":"https:\/\/eltecolote.org\/content\/es\/egresados-latinx-de-nivel-preparatoria-perseveran-pese-a-la-pandemia\/"},"author":{"name":"El Tecolote Staff","@id":"https:\/\/eltecolote.org\/content\/#\/schema\/person\/08828d10185eba96895a8363a269410e"},"headline":"Egresados latinx de nivel preparatoria perseveran pese a la pandemia","datePublished":"2020-06-19T04:29:09+00:00","dateModified":"2020-06-19T04:29:12+00:00","mainEntityOfPage":{"@id":"https:\/\/eltecolote.org\/content\/es\/egresados-latinx-de-nivel-preparatoria-perseveran-pese-a-la-pandemia\/"},"wordCount":1313,"commentCount":0,"publisher":{"@id":"https:\/\/eltecolote.org\/content\/#organization"},"image":{"@id":"https:\/\/eltecolote.org\/content\/es\/egresados-latinx-de-nivel-preparatoria-perseveran-pese-a-la-pandemia\/#primaryimage"},"thumbnailUrl":"https:\/\/i0.wp.com\/eltecolote.org\/content\/wp-content\/uploads\/2020\/06\/200612_LarissaChaconHernandez_Curiel_001_web-1.jpg?fit=1100%2C733&quality=89&ssl=1","articleSection":["Educaci\u00f3n","Noticias"],"inLanguage":"en","potentialAction":[{"@type":"CommentAction","name":"Comment","target":["https:\/\/eltecolote.org\/content\/es\/egresados-latinx-de-nivel-preparatoria-perseveran-pese-a-la-pandemia\/#respond"]}]},{"@type":"WebPage","@id":"https:\/\/eltecolote.org\/content\/es\/egresados-latinx-de-nivel-preparatoria-perseveran-pese-a-la-pandemia\/","url":"https:\/\/eltecolote.org\/content\/es\/egresados-latinx-de-nivel-preparatoria-perseveran-pese-a-la-pandemia\/","name":"Egresados latinx de nivel preparatoria perseveran pese a la pandemia - El Tecolote","isPartOf":{"@id":"https:\/\/eltecolote.org\/content\/#website"},"primaryImageOfPage":{"@id":"https:\/\/eltecolote.org\/content\/es\/egresados-latinx-de-nivel-preparatoria-perseveran-pese-a-la-pandemia\/#primaryimage"},"image":{"@id":"https:\/\/eltecolote.org\/content\/es\/egresados-latinx-de-nivel-preparatoria-perseveran-pese-a-la-pandemia\/#primaryimage"},"thumbnailUrl":"https:\/\/i0.wp.com\/eltecolote.org\/content\/wp-content\/uploads\/2020\/06\/200612_LarissaChaconHernandez_Curiel_001_web-1.jpg?fit=1100%2C733&quality=89&ssl=1","datePublished":"2020-06-19T04:29:09+00:00","dateModified":"2020-06-19T04:29:12+00:00","description":"*Nota del Editor: Catherine Stites es estudiante de periodismo, de la clase Medios de Comunicaci\u00f3n Comunitarios. Impartida por el profesor Jon Funabiki,","inLanguage":"en","potentialAction":[{"@type":"ReadAction","target":["https:\/\/eltecolote.org\/content\/es\/egresados-latinx-de-nivel-preparatoria-perseveran-pese-a-la-pandemia\/"]}]},{"@type":"ImageObject","inLanguage":"en","@id":"https:\/\/eltecolote.org\/content\/es\/egresados-latinx-de-nivel-preparatoria-perseveran-pese-a-la-pandemia\/#primaryimage","url":"https:\/\/i0.wp.com\/eltecolote.org\/content\/wp-content\/uploads\/2020\/06\/200612_LarissaChaconHernandez_Curiel_001_web-1.jpg?fit=1100%2C733&quality=89&ssl=1","contentUrl":"https:\/\/i0.wp.com\/eltecolote.org\/content\/wp-content\/uploads\/2020\/06\/200612_LarissaChaconHernandez_Curiel_001_web-1.jpg?fit=1100%2C733&quality=89&ssl=1","width":1100,"height":733,"caption":"Larissa Chac\u00f3n Hern\u00e1ndez, egresada de la Preparatoria Misi\u00f3n, con su birrete de graduaci\u00f3n en el que se lee \u201cSi caminas con Dios, siempre ir\u00e1s en la direcci\u00f3n correcta\u201d, el 12 de junio de 2020, en las escalinatas del Templo de M\u00fasica Spreckels en el Parque Golden Gate de San Francisco. Foto: Emily Curiel"},{"@type":"WebSite","@id":"https:\/\/eltecolote.org\/content\/#website","url":"https:\/\/eltecolote.org\/content\/","name":"El Tecolote","description":"San Francisco's Latinx newspaper since 1970","publisher":{"@id":"https:\/\/eltecolote.org\/content\/#organization"},"potentialAction":[{"@type":"SearchAction","target":{"@type":"EntryPoint","urlTemplate":"https:\/\/eltecolote.org\/content\/?s={search_term_string}"},"query-input":{"@type":"PropertyValueSpecification","valueRequired":true,"valueName":"search_term_string"}}],"inLanguage":"en"},{"@type":"Organization","@id":"https:\/\/eltecolote.org\/content\/#organization","name":"El Tecolote","url":"https:\/\/eltecolote.org\/content\/","logo":{"@type":"ImageObject","inLanguage":"en","@id":"https:\/\/eltecolote.org\/content\/#\/schema\/logo\/image\/","url":"https:\/\/i0.wp.com\/eltecolote.org\/content\/wp-content\/uploads\/2021\/05\/ETlogo-1.jpg?fit=400%2C400&ssl=1","contentUrl":"https:\/\/i0.wp.com\/eltecolote.org\/content\/wp-content\/uploads\/2021\/05\/ETlogo-1.jpg?fit=400%2C400&ssl=1","width":400,"height":400,"caption":"El Tecolote"},"image":{"@id":"https:\/\/eltecolote.org\/content\/#\/schema\/logo\/image\/"},"sameAs":["https:\/\/www.facebook.com\/ElTecoloteSF\/","https:\/\/x.com\/eltecolotesf","https:\/\/www.instagram.com\/eltecolotesf\/"]},{"@type":"Person","@id":"https:\/\/eltecolote.org\/content\/#\/schema\/person\/08828d10185eba96895a8363a269410e","name":"El Tecolote Staff","image":{"@type":"ImageObject","inLanguage":"en","@id":"https:\/\/secure.gravatar.com\/avatar\/9534c92c8c908364e186a64d93efc86f62367109d1b07a3454facde655968589?s=96&d=mm&r=g6afcb607783e095e4cf6be807353924d","url":"https:\/\/secure.gravatar.com\/avatar\/9534c92c8c908364e186a64d93efc86f62367109d1b07a3454facde655968589?s=96&d=mm&r=g","contentUrl":"https:\/\/secure.gravatar.com\/avatar\/9534c92c8c908364e186a64d93efc86f62367109d1b07a3454facde655968589?s=96&d=mm&r=g","caption":"El Tecolote Staff"},"url":"https:\/\/eltecolote.org\/content\/author\/web-editor\/"}]}},"distributor_meta":false,"distributor_terms":false,"distributor_media":false,"distributor_original_site_name":"El Tecolote","distributor_original_site_url":"https:\/\/eltecolote.org\/content","push-errors":false,"_links":{"self":[{"href":"https:\/\/eltecolote.org\/content\/wp-json\/wp\/v2\/posts\/44264","targetHints":{"allow":["GET"]}}],"collection":[{"href":"https:\/\/eltecolote.org\/content\/wp-json\/wp\/v2\/posts"}],"about":[{"href":"https:\/\/eltecolote.org\/content\/wp-json\/wp\/v2\/types\/post"}],"author":[{"embeddable":true,"href":"https:\/\/eltecolote.org\/content\/wp-json\/wp\/v2\/users\/35"}],"replies":[{"embeddable":true,"href":"https:\/\/eltecolote.org\/content\/wp-json\/wp\/v2\/comments?post=44264"}],"version-history":[{"count":1,"href":"https:\/\/eltecolote.org\/content\/wp-json\/wp\/v2\/posts\/44264\/revisions"}],"predecessor-version":[{"id":44268,"href":"https:\/\/eltecolote.org\/content\/wp-json\/wp\/v2\/posts\/44264\/revisions\/44268"}],"wp:featuredmedia":[{"embeddable":true,"href":"https:\/\/eltecolote.org\/content\/wp-json\/wp\/v2\/media\/44266"}],"wp:attachment":[{"href":"https:\/\/eltecolote.org\/content\/wp-json\/wp\/v2\/media?parent=44264"}],"wp:term":[{"taxonomy":"category","embeddable":true,"href":"https:\/\/eltecolote.org\/content\/wp-json\/wp\/v2\/categories?post=44264"},{"taxonomy":"post_tag","embeddable":true,"href":"https:\/\/eltecolote.org\/content\/wp-json\/wp\/v2\/tags?post=44264"},{"taxonomy":"author","embeddable":true,"href":"https:\/\/eltecolote.org\/content\/wp-json\/wp\/v2\/coauthors?post=44264"}],"curies":[{"name":"wp","href":"https:\/\/api.w.org\/{rel}","templated":true}]}}