{"id":44108,"date":"2020-06-05T01:43:52","date_gmt":"2020-06-05T08:43:52","guid":{"rendered":"http:\/\/eltecolote.org\/content\/?p=44108"},"modified":"2020-06-05T01:43:56","modified_gmt":"2020-06-05T08:43:56","slug":"nuevos-desafios-para-personas-con-discapacidad-durante-la-pandemia","status":"publish","type":"post","link":"https:\/\/eltecolote.org\/content\/es\/nuevos-desafios-para-personas-con-discapacidad-durante-la-pandemia\/","title":{"rendered":"Nuevos desaf\u00edos para personas con discapacidad durante la pandemia"},"content":{"rendered":"\n<p><\/p>\n\n\n\n<p><em>*Nota del Editor: Grady Duggan es estudiante de periodismo, de la clase Medios de Comunicaci\u00f3n Comunitarios. Impartida por el profesor Jon Funabiki, la clase es una colaboraci\u00f3n con <\/em>El Tecolote.<\/p>\n\n\n\n<p>La pandemia COVID-19 le ha cambiado el mundo a todos, para algunos m\u00e1s que otros. Ciertas comunidades han sido impactadas en mayor medida, como la de personas con discapacidades que debe lidiar con un carga extra de desaf\u00edos. Mientras que la vida se ha ralentizado en las \u00faltimas semanas, el esfuerzo en torno a las personas con discapacidad no ha hecho m\u00e1s que aumentar.<\/p>\n\n\n\n<p>\u201cEn todo caso, la COVID-19 nos ha tenido m\u00e1s ocupados de lo que estuvi\u00e9ramos en esta \u00e9poca del a\u00f1o\u201d, dijo Carrie England, Directora General del Consejo Estatal de Vida Independiente (SILC, por sus siglas en ingl\u00e9s). Seg\u00fan explica, los codiciados servicios de los que han dependido las personas con discapacidades se han alterado m\u00e1s que nunca: \u201cLa COVID-19 ha impactado a la comunidad de discapacitados de muchas maneras. No creo poder referir todo. Ha impactado la forma en que viven, trabajan y juegan. En c\u00f3mo obtienen servicios, d\u00f3nde los obtienen y ha interrumpido su atenci\u00f3n m\u00e9dica\u201d.<\/p>\n\n\n\n<p>Desde que el coronavirus se ha propagado en el estado de California desde principios de marzo, el racionamiento de los respiradores ha sido el m\u00e1s alto de todos los tiempos, y esta cuesti\u00f3n no es nueva para muchas personas con discapacidades.<\/p>\n\n\n\n<div class=\"wp-block-image\"><figure class=\"alignright size-full is-resized\"><img data-recalc-dims=\"1\" loading=\"lazy\" decoding=\"async\" src=\"https:\/\/i0.wp.com\/eltecolote.org\/content\/wp-content\/uploads\/2020\/06\/Ligia-Andrade-Zuniga_web-1.jpg?resize=399%2C531&#038;quality=89&#038;ssl=1\" alt=\"\" class=\"wp-image-44110\" width=\"399\" height=\"531\" srcset=\"https:\/\/i0.wp.com\/eltecolote.org\/content\/wp-content\/uploads\/2020\/06\/Ligia-Andrade-Zuniga_web-1.jpg?w=750&amp;quality=89&amp;ssl=1 750w, https:\/\/i0.wp.com\/eltecolote.org\/content\/wp-content\/uploads\/2020\/06\/Ligia-Andrade-Zuniga_web-1.jpg?resize=188%2C250&amp;quality=89&amp;ssl=1 188w, https:\/\/i0.wp.com\/eltecolote.org\/content\/wp-content\/uploads\/2020\/06\/Ligia-Andrade-Zuniga_web-1.jpg?resize=360%2C480&amp;quality=89&amp;ssl=1 360w, https:\/\/i0.wp.com\/eltecolote.org\/content\/wp-content\/uploads\/2020\/06\/Ligia-Andrade-Zuniga_web-1.jpg?resize=370%2C493&amp;quality=89&amp;ssl=1 370w, https:\/\/i0.wp.com\/eltecolote.org\/content\/wp-content\/uploads\/2020\/06\/Ligia-Andrade-Zuniga_web-1.jpg?resize=185%2C247&amp;quality=89&amp;ssl=1 185w, https:\/\/i0.wp.com\/eltecolote.org\/content\/wp-content\/uploads\/2020\/06\/Ligia-Andrade-Zuniga_web-1.jpg?resize=740%2C987&amp;quality=89&amp;ssl=1 740w, https:\/\/i0.wp.com\/eltecolote.org\/content\/wp-content\/uploads\/2020\/06\/Ligia-Andrade-Zuniga_web-1.jpg?resize=20%2C27&amp;quality=89&amp;ssl=1 20w, https:\/\/i0.wp.com\/eltecolote.org\/content\/wp-content\/uploads\/2020\/06\/Ligia-Andrade-Zuniga_web-1.jpg?resize=400%2C533&amp;quality=89&amp;ssl=1 400w, https:\/\/i0.wp.com\/eltecolote.org\/content\/wp-content\/uploads\/2020\/06\/Ligia-Andrade-Zuniga_web-1.jpg?resize=600%2C800&amp;quality=89&amp;ssl=1 600w, https:\/\/i0.wp.com\/eltecolote.org\/content\/wp-content\/uploads\/2020\/06\/Ligia-Andrade-Zuniga_web-1.jpg?resize=36%2C48&amp;quality=89&amp;ssl=1 36w\" sizes=\"auto, (max-width: 399px) 100vw, 399px\" \/><figcaption>Ligia Andrade Z\u00fa\u00f1iga, vicepresidenta del Centro para la Independencia de Individuos con Discapacidades. Cortes\u00eda: Ligia Andrade Z\u00fa\u00f1iga<\/figcaption><\/figure><\/div>\n\n\n\n<p>\u201cUna de las preocupaciones de nuestra comunidad era el racionamiento m\u00e9dico\u201d \u2014dijo Ligia Z\u00fa\u00f1iga, la vicepresidenta del Centro para la Independencia de los Individuos con Discapacidades\u2014, \u201cmucha gente requiere ventiladores para respirar normalmente en su vida cotidiana. Por lo tanto, cuando hay escasez de ese tipo de equipos, se pide a la gente que renuncie a sus equipos o que done cualquiera no utilizado\u201d.\u00a0<\/p>\n\n\n\n<p>Sin embargo, con todo lo que est\u00e1 pasando, Z\u00fa\u00f1iga no sab\u00eda el n\u00famero exacto de personas a las que se les pidi\u00f3 entregar su equipo, si es que lo hac\u00edan. No se puede negar que el coronavirus ha sido problem\u00e1tico, y ha descubierto ciertas preocupaciones dentro de nuestra sociedad.\u00a0<\/p>\n\n\n\n<p>La organizaci\u00f3n Disability Rights California lo expres\u00f3 en su carta al Gobernador Gavin Newsom a finales de abril: \u201cLa pandemia de COVID-19 ha expuesto las disparidades raciales y econ\u00f3micas en el acceso a la atenci\u00f3n m\u00e9dica, la tecnolog\u00eda, los empleos, la comunicaci\u00f3n y los servicios sociales\u201d, se lee en la carta. \u201cEstas disparidades se cruzan con la discapacidad, perjudicando doblemente a los adultos y ni\u00f1os con discapacidades de las comunidades de inmigrantes, comunidades de color y familias pobres\u201d.\u00a0<\/p>\n\n\n\n<p>Esto ha sido evidente en las cifras publicadas por los condados locales. En el condado de Santa Clara, el condado m\u00e1s grande del \u00e1rea de la bah\u00eda, los casos por la COVID-19 est\u00e1n inclinados hacia las minor\u00edas. Al 16 de mayo, el 39 por ciento de los casos son latinos, al igual que el 33 por ciento de las defunciones en el condado. Z\u00fa\u00f1iga se\u00f1al\u00f3 que tales n\u00fameros podr\u00edan deberse a un mont\u00f3n de escenarios que todos llevan a la opresi\u00f3n hacia las minor\u00edas.<\/p>\n\n\n\n<p>\u201cPodr\u00eda tener algo que ver con, ya sabes, las opresiones sist\u00e9micas de la gente de color cuando se trata de una atenci\u00f3n m\u00e9dica inadecuada&#8230; cuando se trata de la documentaci\u00f3n, como si se trata de alguien que es indocumentado y ha estado trabajando por bajo la mesa, no va a calificar (para la atenci\u00f3n m\u00e9dica)\u201d, dijo. \u201cAdem\u00e1s, algunas personas tienen miedo de pedir ayuda porque no quieren comprometer su estatus migratorio\u201d. Si est\u00e1n tratando de obtener su ciudadan\u00eda o algo as\u00ed porque la administraci\u00f3n Trump ha dicho que cualquiera que est\u00e9 obteniendo o que reciba cualquier tipo de ayuda del gobierno ya no calificar\u00e1 para obtener su ciudadan\u00eda. As\u00ed que, eso es preocupante, especialmente ahora mismo\u201d.<\/p>\n\n\n\n<p>La pandemia del coronavirus\u00a0 ha sacado a la luz una gran cantidad de cuestiones para la comunidad con discapacidades, pero podr\u00eda haber razones para creer que esto podr\u00eda conducir a un progreso en el futuro.\u00a0<\/p>\n\n\n\n<p>Cuando se le pregunt\u00f3 si esto podr\u00eda conducir a una mayor concientizaci\u00f3n hacia esta comunidad despu\u00e9s de la pandemia, England mostr\u00f3 optimismo de que podr\u00edan salir algunos resultados positivos de estas \u00f3rdenes de confinamiento impuestas con el fin de frenar la propagaci\u00f3n del virus: \u201cLas personas con discapacidades han argumentado durante d\u00e9cadas que el teletrabajo como una adaptaci\u00f3n, funcionar\u00eda\u201d, explic\u00f3 y agreg\u00f3: \u201cLas empresas han retrocedido en contra de esto. Ahora que todos estamos teletrabajando, esto puede ofrecer oportunidades para que las personas con discapacidad trabajen desde casa sin el importante retroceso recibido anteriormente. Esperamos que las oportunidades de teletrabajo para las personas con discapacidad contin\u00faen una vez que la pandemia se resuelva\u201d.<\/p>\n\n\n\n<p>La COVID-19 ha alterado la forma en que todo el mundo lleva su vida, pero Z\u00fa\u00f1iga e England parecen coincidir en que la gesti\u00f3n correcta podr\u00eda conducir a un futuro mejor para las personas con discapacidades.\u00a0<\/p>\n","protected":false},"excerpt":{"rendered":"<p>*Nota del Editor: Grady Duggan es estudiante de periodismo, de la clase Medios de Comunicaci\u00f3n Comunitarios. Impartida por el profesor Jon Funabiki, la clase es una colaboraci\u00f3n con El Tecolote. La pandemia COVID-19 le ha cambiado el mundo a todos, para algunos m\u00e1s que otros. Ciertas comunidades han sido impactadas en mayor medida, como la [&hellip;]<\/p>\n","protected":false},"author":35,"featured_media":44110,"comment_status":"open","ping_status":"closed","sticky":false,"template":"","format":"standard","meta":{"newspack_popups_has_disabled_popups":false,"_jetpack_newsletter_access":"","_jetpack_dont_email_post_to_subs":false,"_jetpack_newsletter_tier_id":0,"_jetpack_memberships_contains_paywalled_content":false,"newspack_featured_image_position":"","newspack_post_subtitle":"","newspack_article_summary_title":"Overview:","newspack_article_summary":"","newspack_hide_updated_date":false,"newspack_show_updated_date":false,"_jetpack_feature_clip_id":0,"_jetpack_memberships_contains_paid_content":false,"footnotes":"","jetpack_post_was_ever_published":false},"categories":[3519],"tags":[],"coauthors":[18445],"class_list":["post-44108","post","type-post","status-publish","format-standard","has-post-thumbnail","hentry","category-noticias","entry"],"yoast_head":"<!-- This site is optimized with the Yoast SEO plugin v28.4 - https:\/\/yoast.com\/product\/yoast-seo-wordpress\/ -->\n<title>Nuevos desaf\u00edos para personas con discapacidad durante la pandemia - El Tecolote<\/title>\n<meta name=\"description\" content=\"*Nota del Editor: Grady Duggan es estudiante de periodismo, de la clase Medios de Comunicaci\u00f3n Comunitarios. Impartida por el profesor Jon Funabiki, la\" \/>\n<meta name=\"robots\" content=\"index, follow, max-snippet:-1, max-image-preview:large, max-video-preview:-1\" \/>\n<link rel=\"canonical\" href=\"https:\/\/eltecolote.org\/content\/es\/nuevos-desafios-para-personas-con-discapacidad-durante-la-pandemia\/\" \/>\n<meta property=\"og:locale\" content=\"en_US\" \/>\n<meta property=\"og:type\" content=\"article\" \/>\n<meta property=\"og:title\" content=\"Nuevos desaf\u00edos para personas con discapacidad durante la pandemia - El Tecolote\" \/>\n<meta property=\"og:description\" content=\"*Nota del Editor: Grady Duggan es estudiante de periodismo, de la clase Medios de Comunicaci\u00f3n Comunitarios. Impartida por el profesor Jon Funabiki, la\" \/>\n<meta property=\"og:url\" content=\"https:\/\/eltecolote.org\/content\/es\/nuevos-desafios-para-personas-con-discapacidad-durante-la-pandemia\/\" \/>\n<meta property=\"og:site_name\" content=\"El Tecolote\" \/>\n<meta property=\"article:publisher\" content=\"https:\/\/www.facebook.com\/ElTecoloteSF\/\" \/>\n<meta property=\"article:published_time\" content=\"2020-06-05T08:43:52+00:00\" \/>\n<meta property=\"article:modified_time\" content=\"2020-06-05T08:43:56+00:00\" \/>\n<meta property=\"og:image\" content=\"https:\/\/i0.wp.com\/eltecolote.org\/content\/wp-content\/uploads\/2020\/06\/Ligia-Andrade-Zuniga_web-1.jpg?fit=750%2C1000&ssl=1\" \/>\n\t<meta property=\"og:image:width\" content=\"750\" \/>\n\t<meta property=\"og:image:height\" content=\"1000\" \/>\n\t<meta property=\"og:image:type\" content=\"image\/jpeg\" \/>\n<meta name=\"author\" content=\"El Tecolote Staff\" \/>\n<meta name=\"twitter:card\" content=\"summary_large_image\" \/>\n<meta name=\"twitter:creator\" content=\"@eltecolotesf\" \/>\n<meta name=\"twitter:site\" content=\"@eltecolotesf\" \/>\n<meta name=\"twitter:label1\" content=\"Written by\" \/>\n\t<meta name=\"twitter:data1\" content=\"El Tecolote Staff\" \/>\n\t<meta name=\"twitter:label2\" content=\"Est. reading time\" \/>\n\t<meta name=\"twitter:data2\" content=\"4 minutes\" \/>\n<script type=\"application\/ld+json\" class=\"yoast-schema-graph\">{\"@context\":\"https:\\\/\\\/schema.org\",\"@graph\":[{\"@type\":\"NewsArticle\",\"@id\":\"https:\\\/\\\/eltecolote.org\\\/content\\\/es\\\/nuevos-desafios-para-personas-con-discapacidad-durante-la-pandemia\\\/#article\",\"isPartOf\":{\"@id\":\"https:\\\/\\\/eltecolote.org\\\/content\\\/es\\\/nuevos-desafios-para-personas-con-discapacidad-durante-la-pandemia\\\/\"},\"author\":{\"name\":\"El Tecolote Staff\",\"@id\":\"https:\\\/\\\/eltecolote.org\\\/content\\\/#\\\/schema\\\/person\\\/08828d10185eba96895a8363a269410e\"},\"headline\":\"Nuevos desaf\u00edos para personas con discapacidad durante la pandemia\",\"datePublished\":\"2020-06-05T08:43:52+00:00\",\"dateModified\":\"2020-06-05T08:43:56+00:00\",\"mainEntityOfPage\":{\"@id\":\"https:\\\/\\\/eltecolote.org\\\/content\\\/es\\\/nuevos-desafios-para-personas-con-discapacidad-durante-la-pandemia\\\/\"},\"wordCount\":901,\"commentCount\":0,\"publisher\":{\"@id\":\"https:\\\/\\\/eltecolote.org\\\/content\\\/#organization\"},\"image\":{\"@id\":\"https:\\\/\\\/eltecolote.org\\\/content\\\/es\\\/nuevos-desafios-para-personas-con-discapacidad-durante-la-pandemia\\\/#primaryimage\"},\"thumbnailUrl\":\"https:\\\/\\\/i0.wp.com\\\/eltecolote.org\\\/content\\\/wp-content\\\/uploads\\\/2020\\\/06\\\/Ligia-Andrade-Zuniga_web-1.jpg?fit=750%2C1000&quality=89&ssl=1\",\"articleSection\":[\"Noticias\"],\"inLanguage\":\"en-US\",\"potentialAction\":[{\"@type\":\"CommentAction\",\"name\":\"Comment\",\"target\":[\"https:\\\/\\\/eltecolote.org\\\/content\\\/es\\\/nuevos-desafios-para-personas-con-discapacidad-durante-la-pandemia\\\/#respond\"]}]},{\"@type\":\"WebPage\",\"@id\":\"https:\\\/\\\/eltecolote.org\\\/content\\\/es\\\/nuevos-desafios-para-personas-con-discapacidad-durante-la-pandemia\\\/\",\"url\":\"https:\\\/\\\/eltecolote.org\\\/content\\\/es\\\/nuevos-desafios-para-personas-con-discapacidad-durante-la-pandemia\\\/\",\"name\":\"Nuevos desaf\u00edos para personas con discapacidad durante la pandemia - El Tecolote\",\"isPartOf\":{\"@id\":\"https:\\\/\\\/eltecolote.org\\\/content\\\/#website\"},\"primaryImageOfPage\":{\"@id\":\"https:\\\/\\\/eltecolote.org\\\/content\\\/es\\\/nuevos-desafios-para-personas-con-discapacidad-durante-la-pandemia\\\/#primaryimage\"},\"image\":{\"@id\":\"https:\\\/\\\/eltecolote.org\\\/content\\\/es\\\/nuevos-desafios-para-personas-con-discapacidad-durante-la-pandemia\\\/#primaryimage\"},\"thumbnailUrl\":\"https:\\\/\\\/i0.wp.com\\\/eltecolote.org\\\/content\\\/wp-content\\\/uploads\\\/2020\\\/06\\\/Ligia-Andrade-Zuniga_web-1.jpg?fit=750%2C1000&quality=89&ssl=1\",\"datePublished\":\"2020-06-05T08:43:52+00:00\",\"dateModified\":\"2020-06-05T08:43:56+00:00\",\"description\":\"*Nota del Editor: Grady Duggan es estudiante de periodismo, de la clase Medios de Comunicaci\u00f3n Comunitarios. Impartida por el profesor Jon Funabiki, la\",\"inLanguage\":\"en-US\",\"potentialAction\":[{\"@type\":\"ReadAction\",\"target\":[\"https:\\\/\\\/eltecolote.org\\\/content\\\/es\\\/nuevos-desafios-para-personas-con-discapacidad-durante-la-pandemia\\\/\"]}]},{\"@type\":\"ImageObject\",\"inLanguage\":\"en-US\",\"@id\":\"https:\\\/\\\/eltecolote.org\\\/content\\\/es\\\/nuevos-desafios-para-personas-con-discapacidad-durante-la-pandemia\\\/#primaryimage\",\"url\":\"https:\\\/\\\/i0.wp.com\\\/eltecolote.org\\\/content\\\/wp-content\\\/uploads\\\/2020\\\/06\\\/Ligia-Andrade-Zuniga_web-1.jpg?fit=750%2C1000&quality=89&ssl=1\",\"contentUrl\":\"https:\\\/\\\/i0.wp.com\\\/eltecolote.org\\\/content\\\/wp-content\\\/uploads\\\/2020\\\/06\\\/Ligia-Andrade-Zuniga_web-1.jpg?fit=750%2C1000&quality=89&ssl=1\",\"width\":750,\"height\":1000,\"caption\":\"Ligia Andrade Z\u00fa\u00f1iga, vicepresidenta del Centro para la Independencia de Individuos con Discapacidades. Cortes\u00eda: Ligia Andrade Z\u00fa\u00f1iga\"},{\"@type\":\"WebSite\",\"@id\":\"https:\\\/\\\/eltecolote.org\\\/content\\\/#website\",\"url\":\"https:\\\/\\\/eltecolote.org\\\/content\\\/\",\"name\":\"El Tecolote\",\"description\":\"San Francisco&#039;s Latinx newspaper since 1970\",\"publisher\":{\"@id\":\"https:\\\/\\\/eltecolote.org\\\/content\\\/#organization\"},\"potentialAction\":[{\"@type\":\"SearchAction\",\"target\":{\"@type\":\"EntryPoint\",\"urlTemplate\":\"https:\\\/\\\/eltecolote.org\\\/content\\\/?s={search_term_string}\"},\"query-input\":{\"@type\":\"PropertyValueSpecification\",\"valueRequired\":true,\"valueName\":\"search_term_string\"}}],\"inLanguage\":\"en-US\"},{\"@type\":\"Organization\",\"@id\":\"https:\\\/\\\/eltecolote.org\\\/content\\\/#organization\",\"name\":\"El Tecolote\",\"url\":\"https:\\\/\\\/eltecolote.org\\\/content\\\/\",\"logo\":{\"@type\":\"ImageObject\",\"inLanguage\":\"en-US\",\"@id\":\"https:\\\/\\\/eltecolote.org\\\/content\\\/#\\\/schema\\\/logo\\\/image\\\/\",\"url\":\"https:\\\/\\\/i0.wp.com\\\/eltecolote.org\\\/content\\\/wp-content\\\/uploads\\\/2021\\\/05\\\/ETlogo-1.jpg?fit=400%2C400&ssl=1\",\"contentUrl\":\"https:\\\/\\\/i0.wp.com\\\/eltecolote.org\\\/content\\\/wp-content\\\/uploads\\\/2021\\\/05\\\/ETlogo-1.jpg?fit=400%2C400&ssl=1\",\"width\":400,\"height\":400,\"caption\":\"El Tecolote\"},\"image\":{\"@id\":\"https:\\\/\\\/eltecolote.org\\\/content\\\/#\\\/schema\\\/logo\\\/image\\\/\"},\"sameAs\":[\"https:\\\/\\\/www.facebook.com\\\/ElTecoloteSF\\\/\",\"https:\\\/\\\/x.com\\\/eltecolotesf\",\"https:\\\/\\\/www.instagram.com\\\/eltecolotesf\\\/\"]},{\"@type\":\"Person\",\"@id\":\"https:\\\/\\\/eltecolote.org\\\/content\\\/#\\\/schema\\\/person\\\/08828d10185eba96895a8363a269410e\",\"name\":\"El Tecolote Staff\",\"image\":{\"@type\":\"ImageObject\",\"inLanguage\":\"en-US\",\"@id\":\"https:\\\/\\\/secure.gravatar.com\\\/avatar\\\/9534c92c8c908364e186a64d93efc86f62367109d1b07a3454facde655968589?s=96&d=mm&r=g6afcb607783e095e4cf6be807353924d\",\"url\":\"https:\\\/\\\/secure.gravatar.com\\\/avatar\\\/9534c92c8c908364e186a64d93efc86f62367109d1b07a3454facde655968589?s=96&d=mm&r=g\",\"contentUrl\":\"https:\\\/\\\/secure.gravatar.com\\\/avatar\\\/9534c92c8c908364e186a64d93efc86f62367109d1b07a3454facde655968589?s=96&d=mm&r=g\",\"caption\":\"El Tecolote Staff\"},\"url\":\"https:\\\/\\\/eltecolote.org\\\/content\\\/author\\\/web-editor\\\/\"}]}<\/script>\n<!-- \/ Yoast SEO plugin. -->","yoast_head_json":{"title":"Nuevos desaf\u00edos para personas con discapacidad durante la pandemia - El Tecolote","description":"*Nota del Editor: Grady Duggan es estudiante de periodismo, de la clase Medios de Comunicaci\u00f3n Comunitarios. Impartida por el profesor Jon Funabiki, la","robots":{"index":"index","follow":"follow","max-snippet":"max-snippet:-1","max-image-preview":"max-image-preview:large","max-video-preview":"max-video-preview:-1"},"canonical":"https:\/\/eltecolote.org\/content\/es\/nuevos-desafios-para-personas-con-discapacidad-durante-la-pandemia\/","og_locale":"en_US","og_type":"article","og_title":"Nuevos desaf\u00edos para personas con discapacidad durante la pandemia - El Tecolote","og_description":"*Nota del Editor: Grady Duggan es estudiante de periodismo, de la clase Medios de Comunicaci\u00f3n Comunitarios. Impartida por el profesor Jon Funabiki, la","og_url":"https:\/\/eltecolote.org\/content\/es\/nuevos-desafios-para-personas-con-discapacidad-durante-la-pandemia\/","og_site_name":"El Tecolote","article_publisher":"https:\/\/www.facebook.com\/ElTecoloteSF\/","article_published_time":"2020-06-05T08:43:52+00:00","article_modified_time":"2020-06-05T08:43:56+00:00","og_image":[{"width":750,"height":1000,"url":"https:\/\/i0.wp.com\/eltecolote.org\/content\/wp-content\/uploads\/2020\/06\/Ligia-Andrade-Zuniga_web-1.jpg?fit=750%2C1000&ssl=1","type":"image\/jpeg"}],"author":"El Tecolote Staff","twitter_card":"summary_large_image","twitter_creator":"@eltecolotesf","twitter_site":"@eltecolotesf","twitter_misc":{"Written by":"El Tecolote Staff","Est. reading time":"4 minutes"},"schema":{"@context":"https:\/\/schema.org","@graph":[{"@type":"NewsArticle","@id":"https:\/\/eltecolote.org\/content\/es\/nuevos-desafios-para-personas-con-discapacidad-durante-la-pandemia\/#article","isPartOf":{"@id":"https:\/\/eltecolote.org\/content\/es\/nuevos-desafios-para-personas-con-discapacidad-durante-la-pandemia\/"},"author":{"name":"El Tecolote Staff","@id":"https:\/\/eltecolote.org\/content\/#\/schema\/person\/08828d10185eba96895a8363a269410e"},"headline":"Nuevos desaf\u00edos para personas con discapacidad durante la pandemia","datePublished":"2020-06-05T08:43:52+00:00","dateModified":"2020-06-05T08:43:56+00:00","mainEntityOfPage":{"@id":"https:\/\/eltecolote.org\/content\/es\/nuevos-desafios-para-personas-con-discapacidad-durante-la-pandemia\/"},"wordCount":901,"commentCount":0,"publisher":{"@id":"https:\/\/eltecolote.org\/content\/#organization"},"image":{"@id":"https:\/\/eltecolote.org\/content\/es\/nuevos-desafios-para-personas-con-discapacidad-durante-la-pandemia\/#primaryimage"},"thumbnailUrl":"https:\/\/i0.wp.com\/eltecolote.org\/content\/wp-content\/uploads\/2020\/06\/Ligia-Andrade-Zuniga_web-1.jpg?fit=750%2C1000&quality=89&ssl=1","articleSection":["Noticias"],"inLanguage":"en-US","potentialAction":[{"@type":"CommentAction","name":"Comment","target":["https:\/\/eltecolote.org\/content\/es\/nuevos-desafios-para-personas-con-discapacidad-durante-la-pandemia\/#respond"]}]},{"@type":"WebPage","@id":"https:\/\/eltecolote.org\/content\/es\/nuevos-desafios-para-personas-con-discapacidad-durante-la-pandemia\/","url":"https:\/\/eltecolote.org\/content\/es\/nuevos-desafios-para-personas-con-discapacidad-durante-la-pandemia\/","name":"Nuevos desaf\u00edos para personas con discapacidad durante la pandemia - El Tecolote","isPartOf":{"@id":"https:\/\/eltecolote.org\/content\/#website"},"primaryImageOfPage":{"@id":"https:\/\/eltecolote.org\/content\/es\/nuevos-desafios-para-personas-con-discapacidad-durante-la-pandemia\/#primaryimage"},"image":{"@id":"https:\/\/eltecolote.org\/content\/es\/nuevos-desafios-para-personas-con-discapacidad-durante-la-pandemia\/#primaryimage"},"thumbnailUrl":"https:\/\/i0.wp.com\/eltecolote.org\/content\/wp-content\/uploads\/2020\/06\/Ligia-Andrade-Zuniga_web-1.jpg?fit=750%2C1000&quality=89&ssl=1","datePublished":"2020-06-05T08:43:52+00:00","dateModified":"2020-06-05T08:43:56+00:00","description":"*Nota del Editor: Grady Duggan es estudiante de periodismo, de la clase Medios de Comunicaci\u00f3n Comunitarios. Impartida por el profesor Jon Funabiki, la","inLanguage":"en-US","potentialAction":[{"@type":"ReadAction","target":["https:\/\/eltecolote.org\/content\/es\/nuevos-desafios-para-personas-con-discapacidad-durante-la-pandemia\/"]}]},{"@type":"ImageObject","inLanguage":"en-US","@id":"https:\/\/eltecolote.org\/content\/es\/nuevos-desafios-para-personas-con-discapacidad-durante-la-pandemia\/#primaryimage","url":"https:\/\/i0.wp.com\/eltecolote.org\/content\/wp-content\/uploads\/2020\/06\/Ligia-Andrade-Zuniga_web-1.jpg?fit=750%2C1000&quality=89&ssl=1","contentUrl":"https:\/\/i0.wp.com\/eltecolote.org\/content\/wp-content\/uploads\/2020\/06\/Ligia-Andrade-Zuniga_web-1.jpg?fit=750%2C1000&quality=89&ssl=1","width":750,"height":1000,"caption":"Ligia Andrade Z\u00fa\u00f1iga, vicepresidenta del Centro para la Independencia de Individuos con Discapacidades. Cortes\u00eda: Ligia Andrade Z\u00fa\u00f1iga"},{"@type":"WebSite","@id":"https:\/\/eltecolote.org\/content\/#website","url":"https:\/\/eltecolote.org\/content\/","name":"El Tecolote","description":"San Francisco&#039;s Latinx newspaper since 1970","publisher":{"@id":"https:\/\/eltecolote.org\/content\/#organization"},"potentialAction":[{"@type":"SearchAction","target":{"@type":"EntryPoint","urlTemplate":"https:\/\/eltecolote.org\/content\/?s={search_term_string}"},"query-input":{"@type":"PropertyValueSpecification","valueRequired":true,"valueName":"search_term_string"}}],"inLanguage":"en-US"},{"@type":"Organization","@id":"https:\/\/eltecolote.org\/content\/#organization","name":"El Tecolote","url":"https:\/\/eltecolote.org\/content\/","logo":{"@type":"ImageObject","inLanguage":"en-US","@id":"https:\/\/eltecolote.org\/content\/#\/schema\/logo\/image\/","url":"https:\/\/i0.wp.com\/eltecolote.org\/content\/wp-content\/uploads\/2021\/05\/ETlogo-1.jpg?fit=400%2C400&ssl=1","contentUrl":"https:\/\/i0.wp.com\/eltecolote.org\/content\/wp-content\/uploads\/2021\/05\/ETlogo-1.jpg?fit=400%2C400&ssl=1","width":400,"height":400,"caption":"El Tecolote"},"image":{"@id":"https:\/\/eltecolote.org\/content\/#\/schema\/logo\/image\/"},"sameAs":["https:\/\/www.facebook.com\/ElTecoloteSF\/","https:\/\/x.com\/eltecolotesf","https:\/\/www.instagram.com\/eltecolotesf\/"]},{"@type":"Person","@id":"https:\/\/eltecolote.org\/content\/#\/schema\/person\/08828d10185eba96895a8363a269410e","name":"El Tecolote Staff","image":{"@type":"ImageObject","inLanguage":"en-US","@id":"https:\/\/secure.gravatar.com\/avatar\/9534c92c8c908364e186a64d93efc86f62367109d1b07a3454facde655968589?s=96&d=mm&r=g6afcb607783e095e4cf6be807353924d","url":"https:\/\/secure.gravatar.com\/avatar\/9534c92c8c908364e186a64d93efc86f62367109d1b07a3454facde655968589?s=96&d=mm&r=g","contentUrl":"https:\/\/secure.gravatar.com\/avatar\/9534c92c8c908364e186a64d93efc86f62367109d1b07a3454facde655968589?s=96&d=mm&r=g","caption":"El Tecolote Staff"},"url":"https:\/\/eltecolote.org\/content\/author\/web-editor\/"}]}},"jetpack_sharing_enabled":true,"distributor_meta":false,"distributor_terms":false,"distributor_media":false,"distributor_original_site_name":"El Tecolote","distributor_original_site_url":"https:\/\/eltecolote.org\/content","push-errors":false,"jetpack_featured_media_url":"https:\/\/i0.wp.com\/eltecolote.org\/content\/wp-content\/uploads\/2020\/06\/Ligia-Andrade-Zuniga_web-1.jpg?fit=750%2C1000&quality=89&ssl=1","_links":{"self":[{"href":"https:\/\/eltecolote.org\/content\/wp-json\/wp\/v2\/posts\/44108","targetHints":{"allow":["GET"]}}],"collection":[{"href":"https:\/\/eltecolote.org\/content\/wp-json\/wp\/v2\/posts"}],"about":[{"href":"https:\/\/eltecolote.org\/content\/wp-json\/wp\/v2\/types\/post"}],"author":[{"embeddable":true,"href":"https:\/\/eltecolote.org\/content\/wp-json\/wp\/v2\/users\/35"}],"replies":[{"embeddable":true,"href":"https:\/\/eltecolote.org\/content\/wp-json\/wp\/v2\/comments?post=44108"}],"version-history":[{"count":1,"href":"https:\/\/eltecolote.org\/content\/wp-json\/wp\/v2\/posts\/44108\/revisions"}],"predecessor-version":[{"id":44111,"href":"https:\/\/eltecolote.org\/content\/wp-json\/wp\/v2\/posts\/44108\/revisions\/44111"}],"wp:featuredmedia":[{"embeddable":true,"href":"https:\/\/eltecolote.org\/content\/wp-json\/wp\/v2\/media\/44110"}],"wp:attachment":[{"href":"https:\/\/eltecolote.org\/content\/wp-json\/wp\/v2\/media?parent=44108"}],"wp:term":[{"taxonomy":"category","embeddable":true,"href":"https:\/\/eltecolote.org\/content\/wp-json\/wp\/v2\/categories?post=44108"},{"taxonomy":"post_tag","embeddable":true,"href":"https:\/\/eltecolote.org\/content\/wp-json\/wp\/v2\/tags?post=44108"},{"taxonomy":"author","embeddable":true,"href":"https:\/\/eltecolote.org\/content\/wp-json\/wp\/v2\/coauthors?post=44108"}],"curies":[{"name":"wp","href":"https:\/\/api.w.org\/{rel}","templated":true}]}}