{"id":43031,"date":"2020-03-12T15:00:08","date_gmt":"2020-03-12T22:00:08","guid":{"rendered":"http:\/\/eltecolote.org\/content\/?p=43031"},"modified":"2020-03-12T15:00:16","modified_gmt":"2020-03-12T22:00:16","slug":"a-la-luz-de-controversial-libro-autores-latinx-discuten-la-omision-y-mala-gestion-de-la-literatura-latinx","status":"publish","type":"post","link":"https:\/\/eltecolote.org\/content\/es\/a-la-luz-de-controversial-libro-autores-latinx-discuten-la-omision-y-mala-gestion-de-la-literatura-latinx\/","title":{"rendered":"A la luz de controversial libro, autores latinx discuten la omisi\u00f3n y mala gesti\u00f3n de la literatura latinx"},"content":{"rendered":"\n<p><\/p>\n\n\n\n<p><\/p>\n\n\n\n<p>El 15 de febrero en San Francisco, un grupo de autores latinx participaron en un panel p\u00fablico donde se discuti\u00f3 la mala gesti\u00f3n de la literatura latinx en la gran industria editorial.<\/p>\n\n\n\n<p>La autora colombiana-san franciscana Juliana Delgado Lopera presidi\u00f3 el panel en la librer\u00eda Alley Cat Books, que fue organizado por Dignidad Literaria, una organizaci\u00f3n de escritores latinx independientes fundada por los autores Roberto Lovato, Myriam Gurba y David Bowles. El grupo se form\u00f3 en respuesta a un controvertido libro escrito por una autora blanca, en donde describe la experiencia de migrantes mexicanos que cruzan la frontera ilegalmente.<\/p>\n\n\n\n<p>Lopera present\u00f3 a la escritora latina, Ingrid Rojas Contreras, quien coment\u00f3 sobre dicho libro en su art\u00edculo titulado: \u201cNo hay nada emocionante sobre el trauma\u201d. Rojas Contreras describi\u00f3 el libro como un ejemplo de \u201cporno traum\u00e1tico\u201d, la tendencia a representar a personas que luchan contra la pobreza o violencia como algo emocionante o entretenido, generalmente la representaci\u00f3n la hace alguien que no ha experimentado la lucha.<\/p>\n\n\n\n<p>Pero en lugar de centrar la conversaci\u00f3n en el trabajo de la autora de dicho libro (quien no se identifica como latina), el cofundador de Dignidad Literaria, Lovato, aprovech\u00f3 la oportunidad para discutir un tema mayor y apremiante: la discriminaci\u00f3n de la literatura de latinx por parte de los altos ejecutivos de la industria editorial. El panel discuti\u00f3 la importancia y abundancia de la literatura latina actual.<\/p>\n\n\n\n<figure class=\"wp-block-image alignwide\"><img data-recalc-dims=\"1\" loading=\"lazy\" decoding=\"async\" width=\"1430\" height=\"1001\" src=\"https:\/\/i0.wp.com\/eltecolote.org\/content\/wp-content\/uploads\/2020\/03\/Dignidad_web-1.jpg?resize=1430%2C1001&#038;quality=89&#038;ssl=1\" alt=\"\" class=\"wp-image-43032\" srcset=\"https:\/\/i0.wp.com\/eltecolote.org\/content\/wp-content\/uploads\/2020\/03\/Dignidad_web-1.jpg?w=1430&amp;quality=89&amp;ssl=1 1430w, https:\/\/i0.wp.com\/eltecolote.org\/content\/wp-content\/uploads\/2020\/03\/Dignidad_web-1.jpg?resize=357%2C250&amp;quality=89&amp;ssl=1 357w, https:\/\/i0.wp.com\/eltecolote.org\/content\/wp-content\/uploads\/2020\/03\/Dignidad_web-1.jpg?resize=768%2C538&amp;quality=89&amp;ssl=1 768w, https:\/\/i0.wp.com\/eltecolote.org\/content\/wp-content\/uploads\/2020\/03\/Dignidad_web-1.jpg?resize=600%2C420&amp;quality=89&amp;ssl=1 600w, https:\/\/i0.wp.com\/eltecolote.org\/content\/wp-content\/uploads\/2020\/03\/Dignidad_web-1.jpg?resize=370%2C259&amp;quality=89&amp;ssl=1 370w, https:\/\/i0.wp.com\/eltecolote.org\/content\/wp-content\/uploads\/2020\/03\/Dignidad_web-1.jpg?resize=800%2C560&amp;quality=89&amp;ssl=1 800w, https:\/\/i0.wp.com\/eltecolote.org\/content\/wp-content\/uploads\/2020\/03\/Dignidad_web-1.jpg?resize=185%2C130&amp;quality=89&amp;ssl=1 185w, https:\/\/i0.wp.com\/eltecolote.org\/content\/wp-content\/uploads\/2020\/03\/Dignidad_web-1.jpg?resize=740%2C518&amp;quality=89&amp;ssl=1 740w, https:\/\/i0.wp.com\/eltecolote.org\/content\/wp-content\/uploads\/2020\/03\/Dignidad_web-1.jpg?resize=1110%2C777&amp;quality=89&amp;ssl=1 1110w, https:\/\/i0.wp.com\/eltecolote.org\/content\/wp-content\/uploads\/2020\/03\/Dignidad_web-1.jpg?resize=20%2C14&amp;quality=89&amp;ssl=1 20w, https:\/\/i0.wp.com\/eltecolote.org\/content\/wp-content\/uploads\/2020\/03\/Dignidad_web-1.jpg?resize=400%2C280&amp;quality=89&amp;ssl=1 400w, https:\/\/i0.wp.com\/eltecolote.org\/content\/wp-content\/uploads\/2020\/03\/Dignidad_web-1.jpg?resize=69%2C48&amp;quality=89&amp;ssl=1 69w\" sizes=\"auto, (max-width: 1000px) 100vw, 1000px\" \/><figcaption>(Desde la izquierda) Roberto Lovato, Ingrid Rojas Contreras, Juliana Delgado Lopera, Carolina de Robertis y Aya de L\u00e9on en la apertura de Hoy! Dignidad Literaria en el \u00c1rea de la Bah\u00eda, un panel llevado a cabo en la librer\u00eda Alley Cat Books el 15 de febrero. Foto: Jordi Molina<\/figcaption><\/figure>\n\n\n\n<p>\u201cEstamos aqu\u00ed por dignidad literaria\u201d, dijo la panelista, autora y profesora de redacci\u00f3n creativa de la SF State, Carolina de Robertis. \u201cPuede parecer que estamos aqu\u00ed debido a la controversia sobre un libro en particular. Es mucho m\u00e1s que un libro\u201d.<\/p>\n\n\n\n<p>La panelista, quien tambi\u00e9n es artista e \u00edcono de ficci\u00f3n feminista, Aya de L\u00e9on refiri\u00f3 en la enorme campa\u00f1a publicitaria que rode\u00f3 al libro antes de su lanzamiento: \u201cEs parte de una estrategia en la que [ellos] proclaman a una persona como la elegida para describir esta historia, alguien que contar\u00e1 una historia que se ajuste a la versi\u00f3n liberal de la blancura\u201d, dijo de L\u00e9on. \u201cUn complejo salvador \u2018whitewashed\u2019 y equivocado\u201d.<\/p>\n\n\n\n<p>Los panelistas tambi\u00e9n hablaron sobre el reciente acuerdo hecho entre Dignidad Literaria y Macmillan Publishers, una de las cinco principales corporaciones editoriales que se comercializa a nivel mundial y que distribuye en m\u00e1s de 40 pa\u00edses.<\/p>\n\n\n\n<p>A principios del mes pasado en la ciudad de Nueva York, los miembros de dicha organizaci\u00f3n se reunieron con los altos ejecutivos de Macmillan para discutir las cr\u00edticas sobre <em>American Dirt<\/em>, el libro objeto de los comentarios de los panelistas. Las dos partes acordaron abordar los problemas de representaci\u00f3n y avanzar con medidas correctivas para construir un puente desde los escritorios de los escritores latinx hasta los lectores del mundo.<\/p>\n\n\n\n<p>\u201cVinimos a Nueva York en una misi\u00f3n sanadora y reparadora. Las personas de color conocen el trabajo\u201d, dijo Myriam Gurba, tambi\u00e9n cofundadora, durante una conferencia de prensa en aquella ciudad el 3 de febrero de 2020. \u201cVinimos no s\u00f3lo para extender una oferta de paz, vinimos a ofrecer nuestra asistencia para restaurar la dignidad de todas las partes perjudicadas, para limpiar la suciedad. Nuestro objetivo era la justicia y creo que estamos en el camino correcto para lograrlo\u201d.<\/p>\n\n\n\n<p>Macmillan, seg\u00fan Dignidad Literaria, se compromete a aumentar sustancialmente la cantidad de personal latinx en puestos editoriales, as\u00ed como la representaci\u00f3n de su literatura en toda la empresa. Planea hacer estos cambios al incluir art\u00edculos y piezas escritas por autores latinx. El acuerdo tambi\u00e9n plantea un informe de progreso de 30 d\u00edas y 90 d\u00edas para evaluar la implementaci\u00f3n realizada por la empresa. El primer informe deber\u00e1 ser producido esta semana.<\/p>\n\n\n\n<p>Despu\u00e9s de la hist\u00f3rica victoria en Macmillan en Nueva York, Lovato regres\u00f3 a San Francisco detallando la experiencia durante el foro p\u00fablico en Alley Cat Books. Abri\u00f3 la discusi\u00f3n preguntando en broma a la audiencia: \u201cEntonces, \u00bfla gente morena lee?\u201d La audiencia se ri\u00f3, d\u00e1ndose cuenta de la yuxtaposici\u00f3n, ya que estaban rodeados de estantes llenos de vol\u00famenes de literatura. Pero el chiste apuntaba a una realidad inminente, que lleg\u00f3 a la vanguardia de la conversaci\u00f3n: \u201cEso es lo que se cree en la industria. Hemos sido borrados sistem\u00e1ticamente de la literatura estadounidense, debido a la creencia de que [un] gran porcentaje de la poblaci\u00f3n de clase trabajadora no lee\u201d, dijo Lovato.<\/p>\n\n\n\n<p>De L\u00e9on dio m\u00e1s detalles: \u201cTodo esto es un mito racista de que \u2018La gente morena no lee\u2019. Lo otro que va con este mito es: \u2018Y lo que sea que la gente morena lea, no cuenta\u2019\u201d.<\/p>\n\n\n\n<p>Cuando se le pregunt\u00f3 al panel sobre lo que cre\u00edan que ser\u00eda el impacto del pr\u00f3ximo Censo 2020 sobre la literatura latina, Lopera respondi\u00f3: \u201cEspero que todos nos demos cuenta de que tenemos mucho poder. Hay 60 millones de nosotros. Somos muchos. Siento que definitivamente habr\u00e1 mucha ansiedad blanca alrededor del censo y el cambio de la demograf\u00eda. Al final, espero que veamos los resultados de que tenemos mucho poder para cambiar la producci\u00f3n cultural de este pa\u00eds\u201d. \u00a0<\/p>\n","protected":false},"excerpt":{"rendered":"<p>El 15 de febrero en San Francisco, un grupo de autores latinx participaron en un panel p\u00fablico donde se discuti\u00f3 la mala gesti\u00f3n de la literatura latinx en la gran industria editorial. La autora colombiana-san franciscana Juliana Delgado Lopera presidi\u00f3 el panel en la librer\u00eda Alley Cat Books, que fue organizado por Dignidad Literaria, una [&hellip;]<\/p>\n","protected":false},"author":35,"featured_media":43032,"comment_status":"open","ping_status":"closed","sticky":false,"template":"","format":"standard","meta":{"newspack_popups_has_disabled_popups":false,"newspack_featured_image_position":"","newspack_post_subtitle":"","newspack_article_summary_title":"Overview:","newspack_article_summary":"","newspack_hide_updated_date":false,"newspack_show_updated_date":false,"footnotes":""},"categories":[3519],"tags":[],"coauthors":[18537],"class_list":["post-43031","post","type-post","status-publish","format-standard","has-post-thumbnail","hentry","category-noticias","entry"],"yoast_head":"<!-- This site is optimized with the Yoast SEO plugin v27.5 - https:\/\/yoast.com\/product\/yoast-seo-wordpress\/ -->\n<title>A la luz de controversial libro, autores latinx discuten la omisi\u00f3n y mala gesti\u00f3n de la literatura latinx - El Tecolote<\/title>\n<meta name=\"description\" content=\"El 15 de febrero en San Francisco, un grupo de autores latinx participaron en un panel p\u00fablico donde se discuti\u00f3 la mala gesti\u00f3n de la literatura latinx\" \/>\n<meta name=\"robots\" content=\"index, follow, max-snippet:-1, max-image-preview:large, max-video-preview:-1\" \/>\n<link rel=\"canonical\" href=\"https:\/\/eltecolote.org\/content\/es\/a-la-luz-de-controversial-libro-autores-latinx-discuten-la-omision-y-mala-gestion-de-la-literatura-latinx\/\" \/>\n<meta property=\"og:locale\" content=\"en_US\" \/>\n<meta property=\"og:type\" content=\"article\" \/>\n<meta property=\"og:title\" content=\"A la luz de controversial libro, autores latinx discuten la omisi\u00f3n y mala gesti\u00f3n de la literatura latinx - El Tecolote\" \/>\n<meta property=\"og:description\" content=\"El 15 de febrero en San Francisco, un grupo de autores latinx participaron en un panel p\u00fablico donde se discuti\u00f3 la mala gesti\u00f3n de la literatura latinx\" \/>\n<meta property=\"og:url\" content=\"https:\/\/eltecolote.org\/content\/es\/a-la-luz-de-controversial-libro-autores-latinx-discuten-la-omision-y-mala-gestion-de-la-literatura-latinx\/\" \/>\n<meta property=\"og:site_name\" content=\"El Tecolote\" \/>\n<meta property=\"article:publisher\" content=\"https:\/\/www.facebook.com\/ElTecoloteSF\/\" \/>\n<meta property=\"article:published_time\" content=\"2020-03-12T22:00:08+00:00\" \/>\n<meta property=\"article:modified_time\" content=\"2020-03-12T22:00:16+00:00\" \/>\n<meta property=\"og:image\" content=\"https:\/\/i0.wp.com\/eltecolote.org\/content\/wp-content\/uploads\/2020\/03\/Dignidad_web-1.jpg?fit=1430%2C1001&ssl=1\" \/>\n\t<meta property=\"og:image:width\" content=\"1430\" \/>\n\t<meta property=\"og:image:height\" content=\"1001\" \/>\n\t<meta property=\"og:image:type\" content=\"image\/jpeg\" \/>\n<meta name=\"author\" content=\"J. Conterez\" \/>\n<meta name=\"twitter:card\" content=\"summary_large_image\" \/>\n<meta name=\"twitter:creator\" content=\"@eltecolotesf\" \/>\n<meta name=\"twitter:site\" content=\"@eltecolotesf\" \/>\n<meta name=\"twitter:label1\" content=\"Written by\" \/>\n\t<meta name=\"twitter:data1\" content=\"J. Conterez\" \/>\n\t<meta name=\"twitter:label2\" content=\"Est. reading time\" \/>\n\t<meta name=\"twitter:data2\" content=\"5 minutes\" \/>\n<script type=\"application\/ld+json\" class=\"yoast-schema-graph\">{\"@context\":\"https:\\\/\\\/schema.org\",\"@graph\":[{\"@type\":\"NewsArticle\",\"@id\":\"https:\\\/\\\/eltecolote.org\\\/content\\\/es\\\/a-la-luz-de-controversial-libro-autores-latinx-discuten-la-omision-y-mala-gestion-de-la-literatura-latinx\\\/#article\",\"isPartOf\":{\"@id\":\"https:\\\/\\\/eltecolote.org\\\/content\\\/es\\\/a-la-luz-de-controversial-libro-autores-latinx-discuten-la-omision-y-mala-gestion-de-la-literatura-latinx\\\/\"},\"author\":{\"name\":\"El Tecolote Staff\",\"@id\":\"https:\\\/\\\/eltecolote.org\\\/content\\\/#\\\/schema\\\/person\\\/08828d10185eba96895a8363a269410e\"},\"headline\":\"A la luz de controversial libro, autores latinx discuten la omisi\u00f3n y mala gesti\u00f3n de la literatura latinx\",\"datePublished\":\"2020-03-12T22:00:08+00:00\",\"dateModified\":\"2020-03-12T22:00:16+00:00\",\"mainEntityOfPage\":{\"@id\":\"https:\\\/\\\/eltecolote.org\\\/content\\\/es\\\/a-la-luz-de-controversial-libro-autores-latinx-discuten-la-omision-y-mala-gestion-de-la-literatura-latinx\\\/\"},\"wordCount\":941,\"commentCount\":0,\"publisher\":{\"@id\":\"https:\\\/\\\/eltecolote.org\\\/content\\\/#organization\"},\"image\":{\"@id\":\"https:\\\/\\\/eltecolote.org\\\/content\\\/es\\\/a-la-luz-de-controversial-libro-autores-latinx-discuten-la-omision-y-mala-gestion-de-la-literatura-latinx\\\/#primaryimage\"},\"thumbnailUrl\":\"https:\\\/\\\/i0.wp.com\\\/eltecolote.org\\\/content\\\/wp-content\\\/uploads\\\/2020\\\/03\\\/Dignidad_web-1.jpg?fit=1430%2C1001&quality=89&ssl=1\",\"articleSection\":[\"Noticias\"],\"inLanguage\":\"en\",\"potentialAction\":[{\"@type\":\"CommentAction\",\"name\":\"Comment\",\"target\":[\"https:\\\/\\\/eltecolote.org\\\/content\\\/es\\\/a-la-luz-de-controversial-libro-autores-latinx-discuten-la-omision-y-mala-gestion-de-la-literatura-latinx\\\/#respond\"]}]},{\"@type\":\"WebPage\",\"@id\":\"https:\\\/\\\/eltecolote.org\\\/content\\\/es\\\/a-la-luz-de-controversial-libro-autores-latinx-discuten-la-omision-y-mala-gestion-de-la-literatura-latinx\\\/\",\"url\":\"https:\\\/\\\/eltecolote.org\\\/content\\\/es\\\/a-la-luz-de-controversial-libro-autores-latinx-discuten-la-omision-y-mala-gestion-de-la-literatura-latinx\\\/\",\"name\":\"A la luz de controversial libro, autores latinx discuten la omisi\u00f3n y mala gesti\u00f3n de la literatura latinx - El Tecolote\",\"isPartOf\":{\"@id\":\"https:\\\/\\\/eltecolote.org\\\/content\\\/#website\"},\"primaryImageOfPage\":{\"@id\":\"https:\\\/\\\/eltecolote.org\\\/content\\\/es\\\/a-la-luz-de-controversial-libro-autores-latinx-discuten-la-omision-y-mala-gestion-de-la-literatura-latinx\\\/#primaryimage\"},\"image\":{\"@id\":\"https:\\\/\\\/eltecolote.org\\\/content\\\/es\\\/a-la-luz-de-controversial-libro-autores-latinx-discuten-la-omision-y-mala-gestion-de-la-literatura-latinx\\\/#primaryimage\"},\"thumbnailUrl\":\"https:\\\/\\\/i0.wp.com\\\/eltecolote.org\\\/content\\\/wp-content\\\/uploads\\\/2020\\\/03\\\/Dignidad_web-1.jpg?fit=1430%2C1001&quality=89&ssl=1\",\"datePublished\":\"2020-03-12T22:00:08+00:00\",\"dateModified\":\"2020-03-12T22:00:16+00:00\",\"description\":\"El 15 de febrero en San Francisco, un grupo de autores latinx participaron en un panel p\u00fablico donde se discuti\u00f3 la mala gesti\u00f3n de la literatura latinx\",\"inLanguage\":\"en\",\"potentialAction\":[{\"@type\":\"ReadAction\",\"target\":[\"https:\\\/\\\/eltecolote.org\\\/content\\\/es\\\/a-la-luz-de-controversial-libro-autores-latinx-discuten-la-omision-y-mala-gestion-de-la-literatura-latinx\\\/\"]}]},{\"@type\":\"ImageObject\",\"inLanguage\":\"en\",\"@id\":\"https:\\\/\\\/eltecolote.org\\\/content\\\/es\\\/a-la-luz-de-controversial-libro-autores-latinx-discuten-la-omision-y-mala-gestion-de-la-literatura-latinx\\\/#primaryimage\",\"url\":\"https:\\\/\\\/i0.wp.com\\\/eltecolote.org\\\/content\\\/wp-content\\\/uploads\\\/2020\\\/03\\\/Dignidad_web-1.jpg?fit=1430%2C1001&quality=89&ssl=1\",\"contentUrl\":\"https:\\\/\\\/i0.wp.com\\\/eltecolote.org\\\/content\\\/wp-content\\\/uploads\\\/2020\\\/03\\\/Dignidad_web-1.jpg?fit=1430%2C1001&quality=89&ssl=1\",\"width\":1430,\"height\":1001,\"caption\":\"(Desde la izquierda) Roberto Lovato, Ingrid Rojas Contreras, Juliana Delgado Lopera, Carolina de Robertis y Aya de L\u00e9on en la apertura de Hoy! Dignidad Literaria en el \u00c1rea de la Bah\u00eda, un panel llevado a cabo en la librer\u00eda Alley Cat Books el 15 de febrero. Foto: Jordi Molina\"},{\"@type\":\"WebSite\",\"@id\":\"https:\\\/\\\/eltecolote.org\\\/content\\\/#website\",\"url\":\"https:\\\/\\\/eltecolote.org\\\/content\\\/\",\"name\":\"El Tecolote\",\"description\":\"San Francisco's Latinx newspaper since 1970\",\"publisher\":{\"@id\":\"https:\\\/\\\/eltecolote.org\\\/content\\\/#organization\"},\"potentialAction\":[{\"@type\":\"SearchAction\",\"target\":{\"@type\":\"EntryPoint\",\"urlTemplate\":\"https:\\\/\\\/eltecolote.org\\\/content\\\/?s={search_term_string}\"},\"query-input\":{\"@type\":\"PropertyValueSpecification\",\"valueRequired\":true,\"valueName\":\"search_term_string\"}}],\"inLanguage\":\"en\"},{\"@type\":\"Organization\",\"@id\":\"https:\\\/\\\/eltecolote.org\\\/content\\\/#organization\",\"name\":\"El Tecolote\",\"url\":\"https:\\\/\\\/eltecolote.org\\\/content\\\/\",\"logo\":{\"@type\":\"ImageObject\",\"inLanguage\":\"en\",\"@id\":\"https:\\\/\\\/eltecolote.org\\\/content\\\/#\\\/schema\\\/logo\\\/image\\\/\",\"url\":\"https:\\\/\\\/i0.wp.com\\\/eltecolote.org\\\/content\\\/wp-content\\\/uploads\\\/2021\\\/05\\\/ETlogo-1.jpg?fit=400%2C400&ssl=1\",\"contentUrl\":\"https:\\\/\\\/i0.wp.com\\\/eltecolote.org\\\/content\\\/wp-content\\\/uploads\\\/2021\\\/05\\\/ETlogo-1.jpg?fit=400%2C400&ssl=1\",\"width\":400,\"height\":400,\"caption\":\"El Tecolote\"},\"image\":{\"@id\":\"https:\\\/\\\/eltecolote.org\\\/content\\\/#\\\/schema\\\/logo\\\/image\\\/\"},\"sameAs\":[\"https:\\\/\\\/www.facebook.com\\\/ElTecoloteSF\\\/\",\"https:\\\/\\\/x.com\\\/eltecolotesf\",\"https:\\\/\\\/www.instagram.com\\\/eltecolotesf\\\/\"]},{\"@type\":\"Person\",\"@id\":\"https:\\\/\\\/eltecolote.org\\\/content\\\/#\\\/schema\\\/person\\\/08828d10185eba96895a8363a269410e\",\"name\":\"El Tecolote Staff\",\"image\":{\"@type\":\"ImageObject\",\"inLanguage\":\"en\",\"@id\":\"https:\\\/\\\/secure.gravatar.com\\\/avatar\\\/9534c92c8c908364e186a64d93efc86f62367109d1b07a3454facde655968589?s=96&d=mm&r=g6afcb607783e095e4cf6be807353924d\",\"url\":\"https:\\\/\\\/secure.gravatar.com\\\/avatar\\\/9534c92c8c908364e186a64d93efc86f62367109d1b07a3454facde655968589?s=96&d=mm&r=g\",\"contentUrl\":\"https:\\\/\\\/secure.gravatar.com\\\/avatar\\\/9534c92c8c908364e186a64d93efc86f62367109d1b07a3454facde655968589?s=96&d=mm&r=g\",\"caption\":\"El Tecolote Staff\"},\"url\":\"https:\\\/\\\/eltecolote.org\\\/content\\\/author\\\/web-editor\\\/\"}]}<\/script>\n<!-- \/ Yoast SEO plugin. -->","yoast_head_json":{"title":"A la luz de controversial libro, autores latinx discuten la omisi\u00f3n y mala gesti\u00f3n de la literatura latinx - El Tecolote","description":"El 15 de febrero en San Francisco, un grupo de autores latinx participaron en un panel p\u00fablico donde se discuti\u00f3 la mala gesti\u00f3n de la literatura latinx","robots":{"index":"index","follow":"follow","max-snippet":"max-snippet:-1","max-image-preview":"max-image-preview:large","max-video-preview":"max-video-preview:-1"},"canonical":"https:\/\/eltecolote.org\/content\/es\/a-la-luz-de-controversial-libro-autores-latinx-discuten-la-omision-y-mala-gestion-de-la-literatura-latinx\/","og_locale":"en_US","og_type":"article","og_title":"A la luz de controversial libro, autores latinx discuten la omisi\u00f3n y mala gesti\u00f3n de la literatura latinx - El Tecolote","og_description":"El 15 de febrero en San Francisco, un grupo de autores latinx participaron en un panel p\u00fablico donde se discuti\u00f3 la mala gesti\u00f3n de la literatura latinx","og_url":"https:\/\/eltecolote.org\/content\/es\/a-la-luz-de-controversial-libro-autores-latinx-discuten-la-omision-y-mala-gestion-de-la-literatura-latinx\/","og_site_name":"El Tecolote","article_publisher":"https:\/\/www.facebook.com\/ElTecoloteSF\/","article_published_time":"2020-03-12T22:00:08+00:00","article_modified_time":"2020-03-12T22:00:16+00:00","og_image":[{"width":1430,"height":1001,"url":"https:\/\/i0.wp.com\/eltecolote.org\/content\/wp-content\/uploads\/2020\/03\/Dignidad_web-1.jpg?fit=1430%2C1001&ssl=1","type":"image\/jpeg"}],"author":"J. Conterez","twitter_card":"summary_large_image","twitter_creator":"@eltecolotesf","twitter_site":"@eltecolotesf","twitter_misc":{"Written by":"J. Conterez","Est. reading time":"5 minutes"},"schema":{"@context":"https:\/\/schema.org","@graph":[{"@type":"NewsArticle","@id":"https:\/\/eltecolote.org\/content\/es\/a-la-luz-de-controversial-libro-autores-latinx-discuten-la-omision-y-mala-gestion-de-la-literatura-latinx\/#article","isPartOf":{"@id":"https:\/\/eltecolote.org\/content\/es\/a-la-luz-de-controversial-libro-autores-latinx-discuten-la-omision-y-mala-gestion-de-la-literatura-latinx\/"},"author":{"name":"El Tecolote Staff","@id":"https:\/\/eltecolote.org\/content\/#\/schema\/person\/08828d10185eba96895a8363a269410e"},"headline":"A la luz de controversial libro, autores latinx discuten la omisi\u00f3n y mala gesti\u00f3n de la literatura latinx","datePublished":"2020-03-12T22:00:08+00:00","dateModified":"2020-03-12T22:00:16+00:00","mainEntityOfPage":{"@id":"https:\/\/eltecolote.org\/content\/es\/a-la-luz-de-controversial-libro-autores-latinx-discuten-la-omision-y-mala-gestion-de-la-literatura-latinx\/"},"wordCount":941,"commentCount":0,"publisher":{"@id":"https:\/\/eltecolote.org\/content\/#organization"},"image":{"@id":"https:\/\/eltecolote.org\/content\/es\/a-la-luz-de-controversial-libro-autores-latinx-discuten-la-omision-y-mala-gestion-de-la-literatura-latinx\/#primaryimage"},"thumbnailUrl":"https:\/\/i0.wp.com\/eltecolote.org\/content\/wp-content\/uploads\/2020\/03\/Dignidad_web-1.jpg?fit=1430%2C1001&quality=89&ssl=1","articleSection":["Noticias"],"inLanguage":"en","potentialAction":[{"@type":"CommentAction","name":"Comment","target":["https:\/\/eltecolote.org\/content\/es\/a-la-luz-de-controversial-libro-autores-latinx-discuten-la-omision-y-mala-gestion-de-la-literatura-latinx\/#respond"]}]},{"@type":"WebPage","@id":"https:\/\/eltecolote.org\/content\/es\/a-la-luz-de-controversial-libro-autores-latinx-discuten-la-omision-y-mala-gestion-de-la-literatura-latinx\/","url":"https:\/\/eltecolote.org\/content\/es\/a-la-luz-de-controversial-libro-autores-latinx-discuten-la-omision-y-mala-gestion-de-la-literatura-latinx\/","name":"A la luz de controversial libro, autores latinx discuten la omisi\u00f3n y mala gesti\u00f3n de la literatura latinx - El Tecolote","isPartOf":{"@id":"https:\/\/eltecolote.org\/content\/#website"},"primaryImageOfPage":{"@id":"https:\/\/eltecolote.org\/content\/es\/a-la-luz-de-controversial-libro-autores-latinx-discuten-la-omision-y-mala-gestion-de-la-literatura-latinx\/#primaryimage"},"image":{"@id":"https:\/\/eltecolote.org\/content\/es\/a-la-luz-de-controversial-libro-autores-latinx-discuten-la-omision-y-mala-gestion-de-la-literatura-latinx\/#primaryimage"},"thumbnailUrl":"https:\/\/i0.wp.com\/eltecolote.org\/content\/wp-content\/uploads\/2020\/03\/Dignidad_web-1.jpg?fit=1430%2C1001&quality=89&ssl=1","datePublished":"2020-03-12T22:00:08+00:00","dateModified":"2020-03-12T22:00:16+00:00","description":"El 15 de febrero en San Francisco, un grupo de autores latinx participaron en un panel p\u00fablico donde se discuti\u00f3 la mala gesti\u00f3n de la literatura latinx","inLanguage":"en","potentialAction":[{"@type":"ReadAction","target":["https:\/\/eltecolote.org\/content\/es\/a-la-luz-de-controversial-libro-autores-latinx-discuten-la-omision-y-mala-gestion-de-la-literatura-latinx\/"]}]},{"@type":"ImageObject","inLanguage":"en","@id":"https:\/\/eltecolote.org\/content\/es\/a-la-luz-de-controversial-libro-autores-latinx-discuten-la-omision-y-mala-gestion-de-la-literatura-latinx\/#primaryimage","url":"https:\/\/i0.wp.com\/eltecolote.org\/content\/wp-content\/uploads\/2020\/03\/Dignidad_web-1.jpg?fit=1430%2C1001&quality=89&ssl=1","contentUrl":"https:\/\/i0.wp.com\/eltecolote.org\/content\/wp-content\/uploads\/2020\/03\/Dignidad_web-1.jpg?fit=1430%2C1001&quality=89&ssl=1","width":1430,"height":1001,"caption":"(Desde la izquierda) Roberto Lovato, Ingrid Rojas Contreras, Juliana Delgado Lopera, Carolina de Robertis y Aya de L\u00e9on en la apertura de Hoy! Dignidad Literaria en el \u00c1rea de la Bah\u00eda, un panel llevado a cabo en la librer\u00eda Alley Cat Books el 15 de febrero. Foto: Jordi Molina"},{"@type":"WebSite","@id":"https:\/\/eltecolote.org\/content\/#website","url":"https:\/\/eltecolote.org\/content\/","name":"El Tecolote","description":"San Francisco's Latinx newspaper since 1970","publisher":{"@id":"https:\/\/eltecolote.org\/content\/#organization"},"potentialAction":[{"@type":"SearchAction","target":{"@type":"EntryPoint","urlTemplate":"https:\/\/eltecolote.org\/content\/?s={search_term_string}"},"query-input":{"@type":"PropertyValueSpecification","valueRequired":true,"valueName":"search_term_string"}}],"inLanguage":"en"},{"@type":"Organization","@id":"https:\/\/eltecolote.org\/content\/#organization","name":"El Tecolote","url":"https:\/\/eltecolote.org\/content\/","logo":{"@type":"ImageObject","inLanguage":"en","@id":"https:\/\/eltecolote.org\/content\/#\/schema\/logo\/image\/","url":"https:\/\/i0.wp.com\/eltecolote.org\/content\/wp-content\/uploads\/2021\/05\/ETlogo-1.jpg?fit=400%2C400&ssl=1","contentUrl":"https:\/\/i0.wp.com\/eltecolote.org\/content\/wp-content\/uploads\/2021\/05\/ETlogo-1.jpg?fit=400%2C400&ssl=1","width":400,"height":400,"caption":"El Tecolote"},"image":{"@id":"https:\/\/eltecolote.org\/content\/#\/schema\/logo\/image\/"},"sameAs":["https:\/\/www.facebook.com\/ElTecoloteSF\/","https:\/\/x.com\/eltecolotesf","https:\/\/www.instagram.com\/eltecolotesf\/"]},{"@type":"Person","@id":"https:\/\/eltecolote.org\/content\/#\/schema\/person\/08828d10185eba96895a8363a269410e","name":"El Tecolote Staff","image":{"@type":"ImageObject","inLanguage":"en","@id":"https:\/\/secure.gravatar.com\/avatar\/9534c92c8c908364e186a64d93efc86f62367109d1b07a3454facde655968589?s=96&d=mm&r=g6afcb607783e095e4cf6be807353924d","url":"https:\/\/secure.gravatar.com\/avatar\/9534c92c8c908364e186a64d93efc86f62367109d1b07a3454facde655968589?s=96&d=mm&r=g","contentUrl":"https:\/\/secure.gravatar.com\/avatar\/9534c92c8c908364e186a64d93efc86f62367109d1b07a3454facde655968589?s=96&d=mm&r=g","caption":"El Tecolote Staff"},"url":"https:\/\/eltecolote.org\/content\/author\/web-editor\/"}]}},"distributor_meta":false,"distributor_terms":false,"distributor_media":false,"distributor_original_site_name":"El Tecolote","distributor_original_site_url":"https:\/\/eltecolote.org\/content","push-errors":false,"_links":{"self":[{"href":"https:\/\/eltecolote.org\/content\/wp-json\/wp\/v2\/posts\/43031","targetHints":{"allow":["GET"]}}],"collection":[{"href":"https:\/\/eltecolote.org\/content\/wp-json\/wp\/v2\/posts"}],"about":[{"href":"https:\/\/eltecolote.org\/content\/wp-json\/wp\/v2\/types\/post"}],"author":[{"embeddable":true,"href":"https:\/\/eltecolote.org\/content\/wp-json\/wp\/v2\/users\/35"}],"replies":[{"embeddable":true,"href":"https:\/\/eltecolote.org\/content\/wp-json\/wp\/v2\/comments?post=43031"}],"version-history":[{"count":1,"href":"https:\/\/eltecolote.org\/content\/wp-json\/wp\/v2\/posts\/43031\/revisions"}],"predecessor-version":[{"id":43033,"href":"https:\/\/eltecolote.org\/content\/wp-json\/wp\/v2\/posts\/43031\/revisions\/43033"}],"wp:featuredmedia":[{"embeddable":true,"href":"https:\/\/eltecolote.org\/content\/wp-json\/wp\/v2\/media\/43032"}],"wp:attachment":[{"href":"https:\/\/eltecolote.org\/content\/wp-json\/wp\/v2\/media?parent=43031"}],"wp:term":[{"taxonomy":"category","embeddable":true,"href":"https:\/\/eltecolote.org\/content\/wp-json\/wp\/v2\/categories?post=43031"},{"taxonomy":"post_tag","embeddable":true,"href":"https:\/\/eltecolote.org\/content\/wp-json\/wp\/v2\/tags?post=43031"},{"taxonomy":"author","embeddable":true,"href":"https:\/\/eltecolote.org\/content\/wp-json\/wp\/v2\/coauthors?post=43031"}],"curies":[{"name":"wp","href":"https:\/\/api.w.org\/{rel}","templated":true}]}}