{"id":42985,"date":"2020-03-12T12:56:59","date_gmt":"2020-03-12T19:56:59","guid":{"rendered":"http:\/\/eltecolote.org\/content\/?p=42985"},"modified":"2020-03-12T13:00:57","modified_gmt":"2020-03-12T20:00:57","slug":"mensaje-del-consulado-mexicano-participe-en-el-censo-2020","status":"publish","type":"post","link":"https:\/\/eltecolote.org\/content\/es\/mensaje-del-consulado-mexicano-participe-en-el-censo-2020\/","title":{"rendered":"Mensaje del Consulado Mexicano: Participe en el Censo 2020"},"content":{"rendered":"\n<p><\/p>\n\n\n\n<p><\/p>\n\n\n\n<div class=\"wp-block-image\"><figure class=\"alignleft is-resized\"><img data-recalc-dims=\"1\" loading=\"lazy\" decoding=\"async\" src=\"https:\/\/i0.wp.com\/eltecolote.org\/content\/wp-content\/uploads\/2020\/01\/remedios-1.png?resize=275%2C442&#038;quality=80&#038;ssl=1\" alt=\"\" class=\"wp-image-42647\" width=\"275\" height=\"442\" srcset=\"https:\/\/i0.wp.com\/eltecolote.org\/content\/wp-content\/uploads\/2020\/01\/remedios-1.png?w=165&amp;quality=80&amp;ssl=1 165w, https:\/\/i0.wp.com\/eltecolote.org\/content\/wp-content\/uploads\/2020\/01\/remedios-1.png?resize=156%2C250&amp;quality=80&amp;ssl=1 156w, https:\/\/i0.wp.com\/eltecolote.org\/content\/wp-content\/uploads\/2020\/01\/remedios-1.png?resize=20%2C32&amp;quality=80&amp;ssl=1 20w, https:\/\/i0.wp.com\/eltecolote.org\/content\/wp-content\/uploads\/2020\/01\/remedios-1.png?resize=30%2C48&amp;quality=80&amp;ssl=1 30w\" sizes=\"auto, (max-width: 275px) 100vw, 275px\" \/><figcaption>Remedios G\u00f3mez Arnau,\nC\u00f3nsul General de M\u00e9xico en San Francisco<\/figcaption><\/figure><\/div>\n\n\n\n<p>Estimados lectores y connacionales, quiero compartirles informaci\u00f3n que es de gran importancia para ustedes, que viven en este pa\u00eds, como lo es el Censo nacional que se realizar\u00e1 este a\u00f1o. Lo primero que se debe tener claro es que el Censo es seguro y confidencial, y por ley, la informaci\u00f3n recabada no puede ser compartida con ninguna otra agencia de gobierno, incluyendo las autoridades migratorias, el FBI o la polic\u00eda.&nbsp;<\/p>\n\n\n\n<p>El Censo 2020 contar\u00e1 a todas las personas que viven en los EEUU y en sus territorios, sin importar el lugar de origen o estatus migratorio, y es muy importante que participen, toda vez que la Constituci\u00f3n ordena que, cada 10 a\u00f1os, se cuente a todas las personas que habitan en \u00e9l.&nbsp;<\/p>\n\n\n\n<p>Participar es de suma importancia pues con los datos obtenidos, se realiza la distribuci\u00f3n de m\u00e1s de $675 mil millones de fondos federales, subsidios y apoyo a los estados, condados y comunidades. Ese recurso se usa para escuelas, hospitales, carreteras, obras p\u00fablicas y otros programas vitales.<\/p>\n\n\n\n<p>Muchos de ustedes, a\u00fan sin contar con documentos, pagan impuestos. Tan s\u00f3lo en el estado de California las personas indocumentadas contribuyen anualmente con m\u00e1s de $3 mil millones de d\u00f3lares en impuestos destinados a esos programas.<\/p>\n\n\n\n<p>Los datos del Censo son usados tambi\u00e9n para apoyar la toma de decisiones en las iniciativas comunitarias. Las empresas usan los datos para decidir d\u00f3nde construir f\u00e1bricas, oficinas y comercios, para luego generar empleos. Por su parte, los gobiernos locales lo utilizan para mejorar la seguridad p\u00fablica y la preparaci\u00f3n para emergencias; mientras que, los constructores de propiedades inmobiliarias usan los datos del Censo para construir casas nuevas y revitalizar vecindarios.<\/p>\n\n\n\n<p>El Censo 2020 es un cuestionario muy sencillo que hace algunas preguntas b\u00e1sicas como la edad, el sexo y la cantidad de personas que viven o se quedan en su hogar. A mediados de marzo, los hogares comenzar\u00e1n a recibir un correo oficial de la Oficina del Censo con informaci\u00f3n detallada sobre c\u00f3mo responder al Censo 2020. Para el 1 de abril de este a\u00f1o, cada hogar recibir\u00e1 una invitaci\u00f3n para participar en \u00e9l.&nbsp;<\/p>\n\n\n\n<p>El formulario se puede asimismo responder de tres maneras 1) por internet; 2) por tel\u00e9fono; 3) por correo. Ustedes pueden ver en un sencillo video una gu\u00eda paso a paso de c\u00f3mo llenarlo por estas v\u00edas alternativas.&nbsp; Tengan presente que quien no responda el Censo en marzo o abril, ser\u00e1n visitados en sus domicilios durante el mes de mayo; de manera que lo m\u00e1s f\u00e1cil es responderlo en los primeros dos meses.<\/p>\n\n\n\n<p>A partir de marzo 2020, ustedes pueden comenzar a responder las preguntas del Censo. Para mayor informaci\u00f3n pueden consultar la p\u00e1gina web:&nbsp; https:\/\/<a href=\"http:\/\/2020census.gov\/es\">2020census.gov\/es<\/a>. &nbsp;<\/p>\n\n\n\n<p>El Censo es mucho m\u00e1s que solo un conteo, es la oportunidad para que nuestra comunidad mexicana tenga un mejor futuro. Participen. \u00a1Todos cuentan!&nbsp;<\/p>\n","protected":false},"excerpt":{"rendered":"<p>Estimados lectores y connacionales, quiero compartirles informaci\u00f3n que es de gran importancia para ustedes, que viven en este pa\u00eds, como lo es el Censo nacional que se realizar\u00e1 este a\u00f1o. Lo primero que se debe tener claro es que el Censo es seguro y confidencial, y por ley, la informaci\u00f3n recabada no puede ser compartida [&hellip;]<\/p>\n","protected":false},"author":35,"featured_media":42770,"comment_status":"open","ping_status":"closed","sticky":false,"template":"","format":"standard","meta":{"newspack_popups_has_disabled_popups":false,"newspack_featured_image_position":"","newspack_post_subtitle":"","newspack_article_summary_title":"Overview:","newspack_article_summary":"","newspack_hide_updated_date":false,"newspack_show_updated_date":false,"footnotes":""},"categories":[3531],"tags":[17994],"coauthors":[18504],"class_list":["post-42985","post","type-post","status-publish","format-standard","has-post-thumbnail","hentry","category-voces","tag-censo-2020","entry"],"yoast_head":"<!-- This site is optimized with the Yoast SEO plugin v27.5 - https:\/\/yoast.com\/product\/yoast-seo-wordpress\/ -->\n<title>Mensaje del Consulado Mexicano: Participe en el Censo 2020 - El Tecolote<\/title>\n<meta name=\"description\" content=\"Remedios G\u00f3mez Arnau, C\u00f3nsul General de M\u00e9xico en San Francisco Estimados lectores y connacionales, quiero compartirles informaci\u00f3n que es de gran\" \/>\n<meta name=\"robots\" content=\"index, follow, max-snippet:-1, max-image-preview:large, max-video-preview:-1\" \/>\n<link rel=\"canonical\" href=\"https:\/\/eltecolote.org\/content\/es\/mensaje-del-consulado-mexicano-participe-en-el-censo-2020\/\" \/>\n<meta property=\"og:locale\" content=\"en_US\" \/>\n<meta property=\"og:type\" content=\"article\" \/>\n<meta property=\"og:title\" content=\"Mensaje del Consulado Mexicano: Participe en el Censo 2020 - El Tecolote\" \/>\n<meta property=\"og:description\" content=\"Remedios G\u00f3mez Arnau, C\u00f3nsul General de M\u00e9xico en San Francisco Estimados lectores y connacionales, quiero compartirles informaci\u00f3n que es de gran\" \/>\n<meta property=\"og:url\" content=\"https:\/\/eltecolote.org\/content\/es\/mensaje-del-consulado-mexicano-participe-en-el-censo-2020\/\" \/>\n<meta property=\"og:site_name\" content=\"El Tecolote\" \/>\n<meta property=\"article:publisher\" content=\"https:\/\/www.facebook.com\/ElTecoloteSF\/\" \/>\n<meta property=\"article:published_time\" content=\"2020-03-12T19:56:59+00:00\" \/>\n<meta property=\"article:modified_time\" content=\"2020-03-12T20:00:57+00:00\" \/>\n<meta property=\"og:image\" content=\"https:\/\/i0.wp.com\/eltecolote.org\/content\/wp-content\/uploads\/2020\/01\/CONSULMEX_-SAN-FRANCISCO_CURVAS-3.png?fit=792%2C612&ssl=1\" \/>\n\t<meta property=\"og:image:width\" content=\"792\" \/>\n\t<meta property=\"og:image:height\" content=\"612\" \/>\n\t<meta property=\"og:image:type\" content=\"image\/png\" \/>\n<meta name=\"author\" content=\"Remedios G\u00f3mez Arnau, Consul General of Mexico\" \/>\n<meta name=\"twitter:card\" content=\"summary_large_image\" \/>\n<meta name=\"twitter:creator\" content=\"@eltecolotesf\" \/>\n<meta name=\"twitter:site\" content=\"@eltecolotesf\" \/>\n<meta name=\"twitter:label1\" content=\"Written by\" \/>\n\t<meta name=\"twitter:data1\" content=\"Remedios G\u00f3mez Arnau, Consul General of Mexico\" \/>\n\t<meta name=\"twitter:label2\" content=\"Est. reading time\" \/>\n\t<meta name=\"twitter:data2\" content=\"3 minutes\" \/>\n<script type=\"application\/ld+json\" class=\"yoast-schema-graph\">{\"@context\":\"https:\\\/\\\/schema.org\",\"@graph\":[{\"@type\":\"NewsArticle\",\"@id\":\"https:\\\/\\\/eltecolote.org\\\/content\\\/es\\\/mensaje-del-consulado-mexicano-participe-en-el-censo-2020\\\/#article\",\"isPartOf\":{\"@id\":\"https:\\\/\\\/eltecolote.org\\\/content\\\/es\\\/mensaje-del-consulado-mexicano-participe-en-el-censo-2020\\\/\"},\"author\":{\"name\":\"El Tecolote Staff\",\"@id\":\"https:\\\/\\\/eltecolote.org\\\/content\\\/#\\\/schema\\\/person\\\/08828d10185eba96895a8363a269410e\"},\"headline\":\"Mensaje del Consulado Mexicano: Participe en el Censo 2020\",\"datePublished\":\"2020-03-12T19:56:59+00:00\",\"dateModified\":\"2020-03-12T20:00:57+00:00\",\"mainEntityOfPage\":{\"@id\":\"https:\\\/\\\/eltecolote.org\\\/content\\\/es\\\/mensaje-del-consulado-mexicano-participe-en-el-censo-2020\\\/\"},\"wordCount\":523,\"commentCount\":0,\"publisher\":{\"@id\":\"https:\\\/\\\/eltecolote.org\\\/content\\\/#organization\"},\"image\":{\"@id\":\"https:\\\/\\\/eltecolote.org\\\/content\\\/es\\\/mensaje-del-consulado-mexicano-participe-en-el-censo-2020\\\/#primaryimage\"},\"thumbnailUrl\":\"https:\\\/\\\/i0.wp.com\\\/eltecolote.org\\\/content\\\/wp-content\\\/uploads\\\/2020\\\/01\\\/CONSULMEX_-SAN-FRANCISCO_CURVAS-3.png?fit=792%2C612&quality=80&ssl=1\",\"keywords\":[\"Censo 2020\"],\"articleSection\":[\"Voces\"],\"inLanguage\":\"en\",\"potentialAction\":[{\"@type\":\"CommentAction\",\"name\":\"Comment\",\"target\":[\"https:\\\/\\\/eltecolote.org\\\/content\\\/es\\\/mensaje-del-consulado-mexicano-participe-en-el-censo-2020\\\/#respond\"]}]},{\"@type\":\"WebPage\",\"@id\":\"https:\\\/\\\/eltecolote.org\\\/content\\\/es\\\/mensaje-del-consulado-mexicano-participe-en-el-censo-2020\\\/\",\"url\":\"https:\\\/\\\/eltecolote.org\\\/content\\\/es\\\/mensaje-del-consulado-mexicano-participe-en-el-censo-2020\\\/\",\"name\":\"Mensaje del Consulado Mexicano: Participe en el Censo 2020 - El Tecolote\",\"isPartOf\":{\"@id\":\"https:\\\/\\\/eltecolote.org\\\/content\\\/#website\"},\"primaryImageOfPage\":{\"@id\":\"https:\\\/\\\/eltecolote.org\\\/content\\\/es\\\/mensaje-del-consulado-mexicano-participe-en-el-censo-2020\\\/#primaryimage\"},\"image\":{\"@id\":\"https:\\\/\\\/eltecolote.org\\\/content\\\/es\\\/mensaje-del-consulado-mexicano-participe-en-el-censo-2020\\\/#primaryimage\"},\"thumbnailUrl\":\"https:\\\/\\\/i0.wp.com\\\/eltecolote.org\\\/content\\\/wp-content\\\/uploads\\\/2020\\\/01\\\/CONSULMEX_-SAN-FRANCISCO_CURVAS-3.png?fit=792%2C612&quality=80&ssl=1\",\"datePublished\":\"2020-03-12T19:56:59+00:00\",\"dateModified\":\"2020-03-12T20:00:57+00:00\",\"description\":\"Remedios G\u00f3mez Arnau, C\u00f3nsul General de M\u00e9xico en San Francisco Estimados lectores y connacionales, quiero compartirles informaci\u00f3n que es de gran\",\"inLanguage\":\"en\",\"potentialAction\":[{\"@type\":\"ReadAction\",\"target\":[\"https:\\\/\\\/eltecolote.org\\\/content\\\/es\\\/mensaje-del-consulado-mexicano-participe-en-el-censo-2020\\\/\"]}]},{\"@type\":\"ImageObject\",\"inLanguage\":\"en\",\"@id\":\"https:\\\/\\\/eltecolote.org\\\/content\\\/es\\\/mensaje-del-consulado-mexicano-participe-en-el-censo-2020\\\/#primaryimage\",\"url\":\"https:\\\/\\\/i0.wp.com\\\/eltecolote.org\\\/content\\\/wp-content\\\/uploads\\\/2020\\\/01\\\/CONSULMEX_-SAN-FRANCISCO_CURVAS-3.png?fit=792%2C612&quality=80&ssl=1\",\"contentUrl\":\"https:\\\/\\\/i0.wp.com\\\/eltecolote.org\\\/content\\\/wp-content\\\/uploads\\\/2020\\\/01\\\/CONSULMEX_-SAN-FRANCISCO_CURVAS-3.png?fit=792%2C612&quality=80&ssl=1\",\"width\":792,\"height\":612},{\"@type\":\"WebSite\",\"@id\":\"https:\\\/\\\/eltecolote.org\\\/content\\\/#website\",\"url\":\"https:\\\/\\\/eltecolote.org\\\/content\\\/\",\"name\":\"El Tecolote\",\"description\":\"San Francisco's Latinx newspaper since 1970\",\"publisher\":{\"@id\":\"https:\\\/\\\/eltecolote.org\\\/content\\\/#organization\"},\"potentialAction\":[{\"@type\":\"SearchAction\",\"target\":{\"@type\":\"EntryPoint\",\"urlTemplate\":\"https:\\\/\\\/eltecolote.org\\\/content\\\/?s={search_term_string}\"},\"query-input\":{\"@type\":\"PropertyValueSpecification\",\"valueRequired\":true,\"valueName\":\"search_term_string\"}}],\"inLanguage\":\"en\"},{\"@type\":\"Organization\",\"@id\":\"https:\\\/\\\/eltecolote.org\\\/content\\\/#organization\",\"name\":\"El Tecolote\",\"url\":\"https:\\\/\\\/eltecolote.org\\\/content\\\/\",\"logo\":{\"@type\":\"ImageObject\",\"inLanguage\":\"en\",\"@id\":\"https:\\\/\\\/eltecolote.org\\\/content\\\/#\\\/schema\\\/logo\\\/image\\\/\",\"url\":\"https:\\\/\\\/i0.wp.com\\\/eltecolote.org\\\/content\\\/wp-content\\\/uploads\\\/2021\\\/05\\\/ETlogo-1.jpg?fit=400%2C400&ssl=1\",\"contentUrl\":\"https:\\\/\\\/i0.wp.com\\\/eltecolote.org\\\/content\\\/wp-content\\\/uploads\\\/2021\\\/05\\\/ETlogo-1.jpg?fit=400%2C400&ssl=1\",\"width\":400,\"height\":400,\"caption\":\"El Tecolote\"},\"image\":{\"@id\":\"https:\\\/\\\/eltecolote.org\\\/content\\\/#\\\/schema\\\/logo\\\/image\\\/\"},\"sameAs\":[\"https:\\\/\\\/www.facebook.com\\\/ElTecoloteSF\\\/\",\"https:\\\/\\\/x.com\\\/eltecolotesf\",\"https:\\\/\\\/www.instagram.com\\\/eltecolotesf\\\/\"]},{\"@type\":\"Person\",\"@id\":\"https:\\\/\\\/eltecolote.org\\\/content\\\/#\\\/schema\\\/person\\\/08828d10185eba96895a8363a269410e\",\"name\":\"El Tecolote Staff\",\"image\":{\"@type\":\"ImageObject\",\"inLanguage\":\"en\",\"@id\":\"https:\\\/\\\/secure.gravatar.com\\\/avatar\\\/9534c92c8c908364e186a64d93efc86f62367109d1b07a3454facde655968589?s=96&d=mm&r=g6afcb607783e095e4cf6be807353924d\",\"url\":\"https:\\\/\\\/secure.gravatar.com\\\/avatar\\\/9534c92c8c908364e186a64d93efc86f62367109d1b07a3454facde655968589?s=96&d=mm&r=g\",\"contentUrl\":\"https:\\\/\\\/secure.gravatar.com\\\/avatar\\\/9534c92c8c908364e186a64d93efc86f62367109d1b07a3454facde655968589?s=96&d=mm&r=g\",\"caption\":\"El Tecolote Staff\"},\"url\":\"https:\\\/\\\/eltecolote.org\\\/content\\\/author\\\/web-editor\\\/\"}]}<\/script>\n<!-- \/ Yoast SEO plugin. -->","yoast_head_json":{"title":"Mensaje del Consulado Mexicano: Participe en el Censo 2020 - El Tecolote","description":"Remedios G\u00f3mez Arnau, C\u00f3nsul General de M\u00e9xico en San Francisco Estimados lectores y connacionales, quiero compartirles informaci\u00f3n que es de gran","robots":{"index":"index","follow":"follow","max-snippet":"max-snippet:-1","max-image-preview":"max-image-preview:large","max-video-preview":"max-video-preview:-1"},"canonical":"https:\/\/eltecolote.org\/content\/es\/mensaje-del-consulado-mexicano-participe-en-el-censo-2020\/","og_locale":"en_US","og_type":"article","og_title":"Mensaje del Consulado Mexicano: Participe en el Censo 2020 - El Tecolote","og_description":"Remedios G\u00f3mez Arnau, C\u00f3nsul General de M\u00e9xico en San Francisco Estimados lectores y connacionales, quiero compartirles informaci\u00f3n que es de gran","og_url":"https:\/\/eltecolote.org\/content\/es\/mensaje-del-consulado-mexicano-participe-en-el-censo-2020\/","og_site_name":"El Tecolote","article_publisher":"https:\/\/www.facebook.com\/ElTecoloteSF\/","article_published_time":"2020-03-12T19:56:59+00:00","article_modified_time":"2020-03-12T20:00:57+00:00","og_image":[{"width":792,"height":612,"url":"https:\/\/i0.wp.com\/eltecolote.org\/content\/wp-content\/uploads\/2020\/01\/CONSULMEX_-SAN-FRANCISCO_CURVAS-3.png?fit=792%2C612&ssl=1","type":"image\/png"}],"author":"Remedios G\u00f3mez Arnau, Consul General of Mexico","twitter_card":"summary_large_image","twitter_creator":"@eltecolotesf","twitter_site":"@eltecolotesf","twitter_misc":{"Written by":"Remedios G\u00f3mez Arnau, Consul General of Mexico","Est. reading time":"3 minutes"},"schema":{"@context":"https:\/\/schema.org","@graph":[{"@type":"NewsArticle","@id":"https:\/\/eltecolote.org\/content\/es\/mensaje-del-consulado-mexicano-participe-en-el-censo-2020\/#article","isPartOf":{"@id":"https:\/\/eltecolote.org\/content\/es\/mensaje-del-consulado-mexicano-participe-en-el-censo-2020\/"},"author":{"name":"El Tecolote Staff","@id":"https:\/\/eltecolote.org\/content\/#\/schema\/person\/08828d10185eba96895a8363a269410e"},"headline":"Mensaje del Consulado Mexicano: Participe en el Censo 2020","datePublished":"2020-03-12T19:56:59+00:00","dateModified":"2020-03-12T20:00:57+00:00","mainEntityOfPage":{"@id":"https:\/\/eltecolote.org\/content\/es\/mensaje-del-consulado-mexicano-participe-en-el-censo-2020\/"},"wordCount":523,"commentCount":0,"publisher":{"@id":"https:\/\/eltecolote.org\/content\/#organization"},"image":{"@id":"https:\/\/eltecolote.org\/content\/es\/mensaje-del-consulado-mexicano-participe-en-el-censo-2020\/#primaryimage"},"thumbnailUrl":"https:\/\/i0.wp.com\/eltecolote.org\/content\/wp-content\/uploads\/2020\/01\/CONSULMEX_-SAN-FRANCISCO_CURVAS-3.png?fit=792%2C612&quality=80&ssl=1","keywords":["Censo 2020"],"articleSection":["Voces"],"inLanguage":"en","potentialAction":[{"@type":"CommentAction","name":"Comment","target":["https:\/\/eltecolote.org\/content\/es\/mensaje-del-consulado-mexicano-participe-en-el-censo-2020\/#respond"]}]},{"@type":"WebPage","@id":"https:\/\/eltecolote.org\/content\/es\/mensaje-del-consulado-mexicano-participe-en-el-censo-2020\/","url":"https:\/\/eltecolote.org\/content\/es\/mensaje-del-consulado-mexicano-participe-en-el-censo-2020\/","name":"Mensaje del Consulado Mexicano: Participe en el Censo 2020 - El Tecolote","isPartOf":{"@id":"https:\/\/eltecolote.org\/content\/#website"},"primaryImageOfPage":{"@id":"https:\/\/eltecolote.org\/content\/es\/mensaje-del-consulado-mexicano-participe-en-el-censo-2020\/#primaryimage"},"image":{"@id":"https:\/\/eltecolote.org\/content\/es\/mensaje-del-consulado-mexicano-participe-en-el-censo-2020\/#primaryimage"},"thumbnailUrl":"https:\/\/i0.wp.com\/eltecolote.org\/content\/wp-content\/uploads\/2020\/01\/CONSULMEX_-SAN-FRANCISCO_CURVAS-3.png?fit=792%2C612&quality=80&ssl=1","datePublished":"2020-03-12T19:56:59+00:00","dateModified":"2020-03-12T20:00:57+00:00","description":"Remedios G\u00f3mez Arnau, C\u00f3nsul General de M\u00e9xico en San Francisco Estimados lectores y connacionales, quiero compartirles informaci\u00f3n que es de gran","inLanguage":"en","potentialAction":[{"@type":"ReadAction","target":["https:\/\/eltecolote.org\/content\/es\/mensaje-del-consulado-mexicano-participe-en-el-censo-2020\/"]}]},{"@type":"ImageObject","inLanguage":"en","@id":"https:\/\/eltecolote.org\/content\/es\/mensaje-del-consulado-mexicano-participe-en-el-censo-2020\/#primaryimage","url":"https:\/\/i0.wp.com\/eltecolote.org\/content\/wp-content\/uploads\/2020\/01\/CONSULMEX_-SAN-FRANCISCO_CURVAS-3.png?fit=792%2C612&quality=80&ssl=1","contentUrl":"https:\/\/i0.wp.com\/eltecolote.org\/content\/wp-content\/uploads\/2020\/01\/CONSULMEX_-SAN-FRANCISCO_CURVAS-3.png?fit=792%2C612&quality=80&ssl=1","width":792,"height":612},{"@type":"WebSite","@id":"https:\/\/eltecolote.org\/content\/#website","url":"https:\/\/eltecolote.org\/content\/","name":"El Tecolote","description":"San Francisco's Latinx newspaper since 1970","publisher":{"@id":"https:\/\/eltecolote.org\/content\/#organization"},"potentialAction":[{"@type":"SearchAction","target":{"@type":"EntryPoint","urlTemplate":"https:\/\/eltecolote.org\/content\/?s={search_term_string}"},"query-input":{"@type":"PropertyValueSpecification","valueRequired":true,"valueName":"search_term_string"}}],"inLanguage":"en"},{"@type":"Organization","@id":"https:\/\/eltecolote.org\/content\/#organization","name":"El Tecolote","url":"https:\/\/eltecolote.org\/content\/","logo":{"@type":"ImageObject","inLanguage":"en","@id":"https:\/\/eltecolote.org\/content\/#\/schema\/logo\/image\/","url":"https:\/\/i0.wp.com\/eltecolote.org\/content\/wp-content\/uploads\/2021\/05\/ETlogo-1.jpg?fit=400%2C400&ssl=1","contentUrl":"https:\/\/i0.wp.com\/eltecolote.org\/content\/wp-content\/uploads\/2021\/05\/ETlogo-1.jpg?fit=400%2C400&ssl=1","width":400,"height":400,"caption":"El Tecolote"},"image":{"@id":"https:\/\/eltecolote.org\/content\/#\/schema\/logo\/image\/"},"sameAs":["https:\/\/www.facebook.com\/ElTecoloteSF\/","https:\/\/x.com\/eltecolotesf","https:\/\/www.instagram.com\/eltecolotesf\/"]},{"@type":"Person","@id":"https:\/\/eltecolote.org\/content\/#\/schema\/person\/08828d10185eba96895a8363a269410e","name":"El Tecolote Staff","image":{"@type":"ImageObject","inLanguage":"en","@id":"https:\/\/secure.gravatar.com\/avatar\/9534c92c8c908364e186a64d93efc86f62367109d1b07a3454facde655968589?s=96&d=mm&r=g6afcb607783e095e4cf6be807353924d","url":"https:\/\/secure.gravatar.com\/avatar\/9534c92c8c908364e186a64d93efc86f62367109d1b07a3454facde655968589?s=96&d=mm&r=g","contentUrl":"https:\/\/secure.gravatar.com\/avatar\/9534c92c8c908364e186a64d93efc86f62367109d1b07a3454facde655968589?s=96&d=mm&r=g","caption":"El Tecolote Staff"},"url":"https:\/\/eltecolote.org\/content\/author\/web-editor\/"}]}},"distributor_meta":false,"distributor_terms":false,"distributor_media":false,"distributor_original_site_name":"El Tecolote","distributor_original_site_url":"https:\/\/eltecolote.org\/content","push-errors":false,"_links":{"self":[{"href":"https:\/\/eltecolote.org\/content\/wp-json\/wp\/v2\/posts\/42985","targetHints":{"allow":["GET"]}}],"collection":[{"href":"https:\/\/eltecolote.org\/content\/wp-json\/wp\/v2\/posts"}],"about":[{"href":"https:\/\/eltecolote.org\/content\/wp-json\/wp\/v2\/types\/post"}],"author":[{"embeddable":true,"href":"https:\/\/eltecolote.org\/content\/wp-json\/wp\/v2\/users\/35"}],"replies":[{"embeddable":true,"href":"https:\/\/eltecolote.org\/content\/wp-json\/wp\/v2\/comments?post=42985"}],"version-history":[{"count":2,"href":"https:\/\/eltecolote.org\/content\/wp-json\/wp\/v2\/posts\/42985\/revisions"}],"predecessor-version":[{"id":42987,"href":"https:\/\/eltecolote.org\/content\/wp-json\/wp\/v2\/posts\/42985\/revisions\/42987"}],"wp:featuredmedia":[{"embeddable":true,"href":"https:\/\/eltecolote.org\/content\/wp-json\/wp\/v2\/media\/42770"}],"wp:attachment":[{"href":"https:\/\/eltecolote.org\/content\/wp-json\/wp\/v2\/media?parent=42985"}],"wp:term":[{"taxonomy":"category","embeddable":true,"href":"https:\/\/eltecolote.org\/content\/wp-json\/wp\/v2\/categories?post=42985"},{"taxonomy":"post_tag","embeddable":true,"href":"https:\/\/eltecolote.org\/content\/wp-json\/wp\/v2\/tags?post=42985"},{"taxonomy":"author","embeddable":true,"href":"https:\/\/eltecolote.org\/content\/wp-json\/wp\/v2\/coauthors?post=42985"}],"curies":[{"name":"wp","href":"https:\/\/api.w.org\/{rel}","templated":true}]}}