{"id":42911,"date":"2020-02-27T16:10:40","date_gmt":"2020-02-27T23:10:40","guid":{"rendered":"http:\/\/eltecolote.org\/content\/?p=42911"},"modified":"2020-02-27T16:10:46","modified_gmt":"2020-02-27T23:10:46","slug":"artista-chicana-organiza-exposicion-para-dar-visibilidad-a-artistas-de-color","status":"publish","type":"post","link":"https:\/\/eltecolote.org\/content\/es\/artista-chicana-organiza-exposicion-para-dar-visibilidad-a-artistas-de-color\/","title":{"rendered":"Artista chicana organiza exposici\u00f3n para dar visibilidad a artistas de color"},"content":{"rendered":"\n<p><\/p>\n\n\n\n<p><\/p>\n\n\n\n<p>Era una frase que Korina Esther Moreno escuch\u00f3 con frecuencia al crecer.<\/p>\n\n\n\n<p>\u201cNadie te va dar un vaso de agua\u201d. Era una frase destinada a recordarle que siempre deber\u00eda arregl\u00e1rselas por s\u00ed misma, una mentalidad adoptada por muchos padres inmigrantes cuya familiaridad con la lucha es real.<\/p>\n\n\n\n<p>Pero algo sobre el mensaje simplemente no le cay\u00f3 bien a Moreno: \u201cNo creo en eso. Creo que todos necesitamos apoyarnos mutuamente para poder crecer. Si yo crezco, ellos crecen. Si ellos crecen, yo crezco. Eso es algo en lo que siempre he cre\u00eddo\u201d.<\/p>\n\n\n\n<p>Mientras habla, Moreno, artista de 23 a\u00f1os que obtuvo su licenciatura en Dise\u00f1o en Comunicaci\u00f3n Visual en la Universidad Estatal de San Francisco el oto\u00f1o pasado, realiza la curadur\u00eda de \u2018Hey Homegirl: It\u2019s Time We Reclaim Our Space\u2019, una exposici\u00f3n de arte multidisciplinario destinado a ofrecer visibilidad y representaci\u00f3n a mujeres artistas, muchas de las cuales utilizan su arte para contar sus propias historias. Hasta el momento de la publicaci\u00f3n, Moreno cuenta con 12 artistas confirmadas. Y aunque el espect\u00e1culo ser\u00e1 inaugurado el 14 de marzo en la Galer\u00eda Juan R. Fuentes de Acci\u00f3n Latina, el inicio de este comenz\u00f3 cuando Moreno a\u00fan era estudiante de dise\u00f1o.<\/p>\n\n\n\n<p>Como parte de su clase de Senior Design Project, ten\u00eda la ambici\u00f3n de expandir Chika Xicana, una marca que lanz\u00f3 durante su segundo a\u00f1o en la universidad luego de ser expuesta a una variedad de marcas de redes sociales dirigidas por mujeres que promueven la curaci\u00f3n, la positividad corporal y el empoderamiento.<\/p>\n\n\n\n<figure class=\"wp-block-image alignwide\"><img data-recalc-dims=\"1\" loading=\"lazy\" decoding=\"async\" width=\"2000\" height=\"1333\" src=\"https:\/\/i0.wp.com\/eltecolote.org\/content\/wp-content\/uploads\/2020\/02\/Hey-Homegirl_1_web-1.jpg?resize=2000%2C1333&#038;quality=89&#038;ssl=1\" alt=\"\" class=\"wp-image-42913\" srcset=\"https:\/\/i0.wp.com\/eltecolote.org\/content\/wp-content\/uploads\/2020\/02\/Hey-Homegirl_1_web-1.jpg?w=2000&amp;quality=89&amp;ssl=1 2000w, https:\/\/i0.wp.com\/eltecolote.org\/content\/wp-content\/uploads\/2020\/02\/Hey-Homegirl_1_web-1.jpg?resize=360%2C240&amp;quality=89&amp;ssl=1 360w, https:\/\/i0.wp.com\/eltecolote.org\/content\/wp-content\/uploads\/2020\/02\/Hey-Homegirl_1_web-1.jpg?resize=768%2C512&amp;quality=89&amp;ssl=1 768w, https:\/\/i0.wp.com\/eltecolote.org\/content\/wp-content\/uploads\/2020\/02\/Hey-Homegirl_1_web-1.jpg?resize=600%2C400&amp;quality=89&amp;ssl=1 600w, https:\/\/i0.wp.com\/eltecolote.org\/content\/wp-content\/uploads\/2020\/02\/Hey-Homegirl_1_web-1.jpg?resize=370%2C247&amp;quality=89&amp;ssl=1 370w, https:\/\/i0.wp.com\/eltecolote.org\/content\/wp-content\/uploads\/2020\/02\/Hey-Homegirl_1_web-1.jpg?resize=800%2C533&amp;quality=89&amp;ssl=1 800w, https:\/\/i0.wp.com\/eltecolote.org\/content\/wp-content\/uploads\/2020\/02\/Hey-Homegirl_1_web-1.jpg?resize=20%2C13&amp;quality=89&amp;ssl=1 20w, https:\/\/i0.wp.com\/eltecolote.org\/content\/wp-content\/uploads\/2020\/02\/Hey-Homegirl_1_web-1.jpg?resize=185%2C123&amp;quality=89&amp;ssl=1 185w, https:\/\/i0.wp.com\/eltecolote.org\/content\/wp-content\/uploads\/2020\/02\/Hey-Homegirl_1_web-1.jpg?resize=740%2C493&amp;quality=89&amp;ssl=1 740w, https:\/\/i0.wp.com\/eltecolote.org\/content\/wp-content\/uploads\/2020\/02\/Hey-Homegirl_1_web-1.jpg?resize=1110%2C740&amp;quality=89&amp;ssl=1 1110w, https:\/\/i0.wp.com\/eltecolote.org\/content\/wp-content\/uploads\/2020\/02\/Hey-Homegirl_1_web-1.jpg?resize=400%2C267&amp;quality=89&amp;ssl=1 400w, https:\/\/i0.wp.com\/eltecolote.org\/content\/wp-content\/uploads\/2020\/02\/Hey-Homegirl_1_web-1.jpg?resize=1600%2C1066&amp;quality=89&amp;ssl=1 1600w, https:\/\/i0.wp.com\/eltecolote.org\/content\/wp-content\/uploads\/2020\/02\/Hey-Homegirl_1_web-1.jpg?resize=72%2C48&amp;quality=89&amp;ssl=1 72w\" sizes=\"auto, (max-width: 1000px) 100vw, 1000px\" \/><figcaption>Korina Esther Moreno, curadora de la exhibici\u00f3n \u2018Hey Homegirl: It\u2019s time we reclaim our space\u2019, frente al mural \u2018Antepasados\u2019 de Simone Star, ubicado en el Callej\u00f3n Balmy, en San Francisco, el 19 de febrero de 2020. Foto: Alexis Terrazas<\/figcaption><\/figure>\n\n\n\n<p>\u201cS\u00e9 que cuando me pongo sus cosas, me siento empoderada\u201d, dijo Moreno sobre los art\u00edculos deportivos de marcas propiedad de mujeres. \u201cY el hecho de que estoy apoyando a otra mujer, y a una de color, que probablemente pas\u00f3 por lo mismo que yo, me hace muy feliz. Tal vez pueda crear algo para que alguien se sienta empoderado\u201d.<\/p>\n\n\n\n<p>Anhelando contribuir y ser parte de esa comunidad, Moreno \u2014como parte de su proyecto central\u2014 le propuso a una profesora organizar un evento para lanzar su marca Chika Xicana. Ella acept\u00f3 la idea, inicialmente creyendo que el evento ser\u00eda hipot\u00e9tico y que no suceder\u00eda; pero Moreno llev\u00f3 el evento m\u00e1s all\u00e1: \u201cSi voy a hacer algo, lo voy a hacer de de veras\u201d, dijo.<\/p>\n\n\n\n<p>Existe una motivaci\u00f3n m\u00e1s profunda detr\u00e1s de esta exposici\u00f3n: Al crecer y ser la mayor de tres hijas de padres mexicanos en el vecindario de City Heights en San Diego, Moreno anhelaba modelos a seguir semejantes a ella: \u201cTen\u00eda ganas de crecer, y no ten\u00eda mucha representaci\u00f3n\u201d, dijo. \u201cNo hay nada de malo en tener mujeres blancas como representaci\u00f3n&#8230; pero realmente desear\u00eda haber sido inspirada o empoderada por personas que se parecieran a m\u00ed. Entonces eso es lo que quiero hacer por mis hermanas. Quiero crear una representaci\u00f3n no solo para mis hermanas, sino para otras j\u00f3venes\u201d.<\/p>\n\n\n\n<figure class=\"wp-block-image alignwide\"><img data-recalc-dims=\"1\" loading=\"lazy\" decoding=\"async\" width=\"2000\" height=\"1333\" src=\"https:\/\/i0.wp.com\/eltecolote.org\/content\/wp-content\/uploads\/2020\/02\/Hey-Homegirl_3_web-1.jpg?resize=2000%2C1333&#038;quality=89&#038;ssl=1\" alt=\"\" class=\"wp-image-42914\" srcset=\"https:\/\/i0.wp.com\/eltecolote.org\/content\/wp-content\/uploads\/2020\/02\/Hey-Homegirl_3_web-1.jpg?w=2000&amp;quality=89&amp;ssl=1 2000w, https:\/\/i0.wp.com\/eltecolote.org\/content\/wp-content\/uploads\/2020\/02\/Hey-Homegirl_3_web-1.jpg?resize=360%2C240&amp;quality=89&amp;ssl=1 360w, https:\/\/i0.wp.com\/eltecolote.org\/content\/wp-content\/uploads\/2020\/02\/Hey-Homegirl_3_web-1.jpg?resize=768%2C512&amp;quality=89&amp;ssl=1 768w, https:\/\/i0.wp.com\/eltecolote.org\/content\/wp-content\/uploads\/2020\/02\/Hey-Homegirl_3_web-1.jpg?resize=600%2C400&amp;quality=89&amp;ssl=1 600w, https:\/\/i0.wp.com\/eltecolote.org\/content\/wp-content\/uploads\/2020\/02\/Hey-Homegirl_3_web-1.jpg?resize=370%2C247&amp;quality=89&amp;ssl=1 370w, https:\/\/i0.wp.com\/eltecolote.org\/content\/wp-content\/uploads\/2020\/02\/Hey-Homegirl_3_web-1.jpg?resize=800%2C533&amp;quality=89&amp;ssl=1 800w, https:\/\/i0.wp.com\/eltecolote.org\/content\/wp-content\/uploads\/2020\/02\/Hey-Homegirl_3_web-1.jpg?resize=20%2C13&amp;quality=89&amp;ssl=1 20w, https:\/\/i0.wp.com\/eltecolote.org\/content\/wp-content\/uploads\/2020\/02\/Hey-Homegirl_3_web-1.jpg?resize=185%2C123&amp;quality=89&amp;ssl=1 185w, https:\/\/i0.wp.com\/eltecolote.org\/content\/wp-content\/uploads\/2020\/02\/Hey-Homegirl_3_web-1.jpg?resize=740%2C493&amp;quality=89&amp;ssl=1 740w, https:\/\/i0.wp.com\/eltecolote.org\/content\/wp-content\/uploads\/2020\/02\/Hey-Homegirl_3_web-1.jpg?resize=1110%2C740&amp;quality=89&amp;ssl=1 1110w, https:\/\/i0.wp.com\/eltecolote.org\/content\/wp-content\/uploads\/2020\/02\/Hey-Homegirl_3_web-1.jpg?resize=400%2C267&amp;quality=89&amp;ssl=1 400w, https:\/\/i0.wp.com\/eltecolote.org\/content\/wp-content\/uploads\/2020\/02\/Hey-Homegirl_3_web-1.jpg?resize=1600%2C1066&amp;quality=89&amp;ssl=1 1600w, https:\/\/i0.wp.com\/eltecolote.org\/content\/wp-content\/uploads\/2020\/02\/Hey-Homegirl_3_web-1.jpg?resize=72%2C48&amp;quality=89&amp;ssl=1 72w\" sizes=\"auto, (max-width: 1000px) 100vw, 1000px\" \/><figcaption>Korina Esther Moreno, curadora de la exhibici\u00f3n \u2018Hey Homegirl: It\u2019s time we reclaim our space\u2019, frente al mural \u2018Antepasados\u2019 de Simone Star, ubicado en el Callej\u00f3n Balmy, en San Francisco, el 19 de febrero de 2020. Foto: Alexis Terrazas<\/figcaption><\/figure>\n\n\n\n<p>De m\u00e1s joven, Moreno soport\u00f3 relaciones abusivas y traumas con familiares y amigos. Ahora, tiene la intenci\u00f3n de expresar esas luchas en su camino hacia el empoderamiento y la curaci\u00f3n: \u201cLas mujeres en general pasan por mucho. Estaba pasando por muchas dificultades, y callaba sobre ellas. Eso es algo que quiero hacer ahora: expresar qui\u00e9n soy y reclamar mi espacio en este mundo. Porque siento que me lo quitaron al crecer\u201d.<\/p>\n\n\n\n<p>El t\u00edtulo de la exposici\u00f3n tambi\u00e9n es especialmente significativo para ella. Como parte de su investigaci\u00f3n, busc\u00f3 en el Urban Dictionary, la fuente web confiable para las definiciones de jerga, y busc\u00f3 el t\u00e9rmino \u2018homegirl\u2019.<\/p>\n\n\n\n<p>\u201cAlgunas de sus definiciones son geniales&#8230; y luego comienza a empeorar. Mucha gente tiene este estereotipo de lo que es una homegirl\u201d. Moreno se enfureci\u00f3 al ver definiciones que usaban palabras como \u2018f\u00e1cil\u2019, o alguien que \u2018se supone\u2019 se ve de cierta manera.<\/p>\n\n\n\n<p>\u201cY yo estaba como, \u2018A la chingada con eso\u2019. Eso no es lo que es una homegirl. Es alguien que est\u00e1 ah\u00ed para ti. Alguien que te respalda. Ya sabes, una mujer, que est\u00e1 tratando de vivir su vida.\u00a0<\/p>\n\n\n\n<p><em>\u2018Hey Homegirl: It\u2019s time we reclaim our space\u2019, se inaugura el 14 de marzo en la Galer\u00eda Juan R. Fuentes de Acci\u00f3n Latina, en el 2958 de la calle 24, de 6 a 9 pm.<\/em><\/p>\n","protected":false},"excerpt":{"rendered":"<p>Era una frase que Korina Esther Moreno escuch\u00f3 con frecuencia al crecer. \u201cNadie te va dar un vaso de agua\u201d. Era una frase destinada a recordarle que siempre deber\u00eda arregl\u00e1rselas por s\u00ed misma, una mentalidad adoptada por muchos padres inmigrantes cuya familiaridad con la lucha es real. Pero algo sobre el mensaje simplemente no le [&hellip;]<\/p>\n","protected":false},"author":35,"featured_media":42912,"comment_status":"open","ping_status":"closed","sticky":false,"template":"","format":"standard","meta":{"newspack_popups_has_disabled_popups":false,"newspack_featured_image_position":"","newspack_post_subtitle":"","newspack_article_summary_title":"Overview:","newspack_article_summary":"","newspack_hide_updated_date":false,"newspack_show_updated_date":false,"footnotes":""},"categories":[3511],"tags":[],"coauthors":[18473],"class_list":["post-42911","post","type-post","status-publish","format-standard","has-post-thumbnail","hentry","category-arte-es","entry"],"yoast_head":"<!-- This site is optimized with the Yoast SEO plugin v27.5 - https:\/\/yoast.com\/product\/yoast-seo-wordpress\/ -->\n<title>Artista chicana organiza exposici\u00f3n para dar visibilidad a artistas de color - El Tecolote<\/title>\n<meta name=\"description\" content=\"Era una frase que Korina Esther Moreno escuch\u00f3 con frecuencia al crecer. \u201cNadie te va dar un vaso de agua\u201d. Era una frase destinada a recordarle que\" \/>\n<meta name=\"robots\" content=\"index, follow, max-snippet:-1, max-image-preview:large, max-video-preview:-1\" \/>\n<link rel=\"canonical\" href=\"https:\/\/eltecolote.org\/content\/es\/artista-chicana-organiza-exposicion-para-dar-visibilidad-a-artistas-de-color\/\" \/>\n<meta property=\"og:locale\" content=\"en_US\" \/>\n<meta property=\"og:type\" content=\"article\" \/>\n<meta property=\"og:title\" content=\"Artista chicana organiza exposici\u00f3n para dar visibilidad a artistas de color - El Tecolote\" \/>\n<meta property=\"og:description\" content=\"Era una frase que Korina Esther Moreno escuch\u00f3 con frecuencia al crecer. \u201cNadie te va dar un vaso de agua\u201d. Era una frase destinada a recordarle que\" \/>\n<meta property=\"og:url\" content=\"https:\/\/eltecolote.org\/content\/es\/artista-chicana-organiza-exposicion-para-dar-visibilidad-a-artistas-de-color\/\" \/>\n<meta property=\"og:site_name\" content=\"El Tecolote\" \/>\n<meta property=\"article:publisher\" content=\"https:\/\/www.facebook.com\/ElTecoloteSF\/\" \/>\n<meta property=\"article:published_time\" content=\"2020-02-27T23:10:40+00:00\" \/>\n<meta property=\"article:modified_time\" content=\"2020-02-27T23:10:46+00:00\" \/>\n<meta property=\"og:image\" content=\"https:\/\/i0.wp.com\/eltecolote.org\/content\/wp-content\/uploads\/2020\/02\/Hey-Homegirl_2_web-1.jpg?fit=2000%2C1333&ssl=1\" \/>\n\t<meta property=\"og:image:width\" content=\"2000\" \/>\n\t<meta property=\"og:image:height\" content=\"1333\" \/>\n\t<meta property=\"og:image:type\" content=\"image\/jpeg\" \/>\n<meta name=\"author\" content=\"Alexis Terrazas\" \/>\n<meta name=\"twitter:card\" content=\"summary_large_image\" \/>\n<meta name=\"twitter:creator\" content=\"@eltecolotesf\" \/>\n<meta name=\"twitter:site\" content=\"@eltecolotesf\" \/>\n<meta name=\"twitter:label1\" content=\"Written by\" \/>\n\t<meta name=\"twitter:data1\" content=\"Alexis Terrazas\" \/>\n\t<meta name=\"twitter:label2\" content=\"Est. reading time\" \/>\n\t<meta name=\"twitter:data2\" content=\"4 minutes\" \/>\n<script type=\"application\/ld+json\" class=\"yoast-schema-graph\">{\"@context\":\"https:\\\/\\\/schema.org\",\"@graph\":[{\"@type\":\"NewsArticle\",\"@id\":\"https:\\\/\\\/eltecolote.org\\\/content\\\/es\\\/artista-chicana-organiza-exposicion-para-dar-visibilidad-a-artistas-de-color\\\/#article\",\"isPartOf\":{\"@id\":\"https:\\\/\\\/eltecolote.org\\\/content\\\/es\\\/artista-chicana-organiza-exposicion-para-dar-visibilidad-a-artistas-de-color\\\/\"},\"author\":{\"name\":\"El Tecolote Staff\",\"@id\":\"https:\\\/\\\/eltecolote.org\\\/content\\\/#\\\/schema\\\/person\\\/08828d10185eba96895a8363a269410e\"},\"headline\":\"Artista chicana organiza exposici\u00f3n para dar visibilidad a artistas de color\",\"datePublished\":\"2020-02-27T23:10:40+00:00\",\"dateModified\":\"2020-02-27T23:10:46+00:00\",\"mainEntityOfPage\":{\"@id\":\"https:\\\/\\\/eltecolote.org\\\/content\\\/es\\\/artista-chicana-organiza-exposicion-para-dar-visibilidad-a-artistas-de-color\\\/\"},\"wordCount\":827,\"commentCount\":0,\"publisher\":{\"@id\":\"https:\\\/\\\/eltecolote.org\\\/content\\\/#organization\"},\"image\":{\"@id\":\"https:\\\/\\\/eltecolote.org\\\/content\\\/es\\\/artista-chicana-organiza-exposicion-para-dar-visibilidad-a-artistas-de-color\\\/#primaryimage\"},\"thumbnailUrl\":\"https:\\\/\\\/i0.wp.com\\\/eltecolote.org\\\/content\\\/wp-content\\\/uploads\\\/2020\\\/02\\\/Hey-Homegirl_2_web-1.jpg?fit=2000%2C1333&quality=89&ssl=1\",\"articleSection\":[\"Arte\"],\"inLanguage\":\"en\",\"potentialAction\":[{\"@type\":\"CommentAction\",\"name\":\"Comment\",\"target\":[\"https:\\\/\\\/eltecolote.org\\\/content\\\/es\\\/artista-chicana-organiza-exposicion-para-dar-visibilidad-a-artistas-de-color\\\/#respond\"]}]},{\"@type\":\"WebPage\",\"@id\":\"https:\\\/\\\/eltecolote.org\\\/content\\\/es\\\/artista-chicana-organiza-exposicion-para-dar-visibilidad-a-artistas-de-color\\\/\",\"url\":\"https:\\\/\\\/eltecolote.org\\\/content\\\/es\\\/artista-chicana-organiza-exposicion-para-dar-visibilidad-a-artistas-de-color\\\/\",\"name\":\"Artista chicana organiza exposici\u00f3n para dar visibilidad a artistas de color - El Tecolote\",\"isPartOf\":{\"@id\":\"https:\\\/\\\/eltecolote.org\\\/content\\\/#website\"},\"primaryImageOfPage\":{\"@id\":\"https:\\\/\\\/eltecolote.org\\\/content\\\/es\\\/artista-chicana-organiza-exposicion-para-dar-visibilidad-a-artistas-de-color\\\/#primaryimage\"},\"image\":{\"@id\":\"https:\\\/\\\/eltecolote.org\\\/content\\\/es\\\/artista-chicana-organiza-exposicion-para-dar-visibilidad-a-artistas-de-color\\\/#primaryimage\"},\"thumbnailUrl\":\"https:\\\/\\\/i0.wp.com\\\/eltecolote.org\\\/content\\\/wp-content\\\/uploads\\\/2020\\\/02\\\/Hey-Homegirl_2_web-1.jpg?fit=2000%2C1333&quality=89&ssl=1\",\"datePublished\":\"2020-02-27T23:10:40+00:00\",\"dateModified\":\"2020-02-27T23:10:46+00:00\",\"description\":\"Era una frase que Korina Esther Moreno escuch\u00f3 con frecuencia al crecer. \u201cNadie te va dar un vaso de agua\u201d. Era una frase destinada a recordarle que\",\"inLanguage\":\"en\",\"potentialAction\":[{\"@type\":\"ReadAction\",\"target\":[\"https:\\\/\\\/eltecolote.org\\\/content\\\/es\\\/artista-chicana-organiza-exposicion-para-dar-visibilidad-a-artistas-de-color\\\/\"]}]},{\"@type\":\"ImageObject\",\"inLanguage\":\"en\",\"@id\":\"https:\\\/\\\/eltecolote.org\\\/content\\\/es\\\/artista-chicana-organiza-exposicion-para-dar-visibilidad-a-artistas-de-color\\\/#primaryimage\",\"url\":\"https:\\\/\\\/i0.wp.com\\\/eltecolote.org\\\/content\\\/wp-content\\\/uploads\\\/2020\\\/02\\\/Hey-Homegirl_2_web-1.jpg?fit=2000%2C1333&quality=89&ssl=1\",\"contentUrl\":\"https:\\\/\\\/i0.wp.com\\\/eltecolote.org\\\/content\\\/wp-content\\\/uploads\\\/2020\\\/02\\\/Hey-Homegirl_2_web-1.jpg?fit=2000%2C1333&quality=89&ssl=1\",\"width\":2000,\"height\":1333},{\"@type\":\"WebSite\",\"@id\":\"https:\\\/\\\/eltecolote.org\\\/content\\\/#website\",\"url\":\"https:\\\/\\\/eltecolote.org\\\/content\\\/\",\"name\":\"El Tecolote\",\"description\":\"San Francisco's Latinx newspaper since 1970\",\"publisher\":{\"@id\":\"https:\\\/\\\/eltecolote.org\\\/content\\\/#organization\"},\"potentialAction\":[{\"@type\":\"SearchAction\",\"target\":{\"@type\":\"EntryPoint\",\"urlTemplate\":\"https:\\\/\\\/eltecolote.org\\\/content\\\/?s={search_term_string}\"},\"query-input\":{\"@type\":\"PropertyValueSpecification\",\"valueRequired\":true,\"valueName\":\"search_term_string\"}}],\"inLanguage\":\"en\"},{\"@type\":\"Organization\",\"@id\":\"https:\\\/\\\/eltecolote.org\\\/content\\\/#organization\",\"name\":\"El Tecolote\",\"url\":\"https:\\\/\\\/eltecolote.org\\\/content\\\/\",\"logo\":{\"@type\":\"ImageObject\",\"inLanguage\":\"en\",\"@id\":\"https:\\\/\\\/eltecolote.org\\\/content\\\/#\\\/schema\\\/logo\\\/image\\\/\",\"url\":\"https:\\\/\\\/i0.wp.com\\\/eltecolote.org\\\/content\\\/wp-content\\\/uploads\\\/2021\\\/05\\\/ETlogo-1.jpg?fit=400%2C400&ssl=1\",\"contentUrl\":\"https:\\\/\\\/i0.wp.com\\\/eltecolote.org\\\/content\\\/wp-content\\\/uploads\\\/2021\\\/05\\\/ETlogo-1.jpg?fit=400%2C400&ssl=1\",\"width\":400,\"height\":400,\"caption\":\"El Tecolote\"},\"image\":{\"@id\":\"https:\\\/\\\/eltecolote.org\\\/content\\\/#\\\/schema\\\/logo\\\/image\\\/\"},\"sameAs\":[\"https:\\\/\\\/www.facebook.com\\\/ElTecoloteSF\\\/\",\"https:\\\/\\\/x.com\\\/eltecolotesf\",\"https:\\\/\\\/www.instagram.com\\\/eltecolotesf\\\/\"]},{\"@type\":\"Person\",\"@id\":\"https:\\\/\\\/eltecolote.org\\\/content\\\/#\\\/schema\\\/person\\\/08828d10185eba96895a8363a269410e\",\"name\":\"El Tecolote Staff\",\"image\":{\"@type\":\"ImageObject\",\"inLanguage\":\"en\",\"@id\":\"https:\\\/\\\/secure.gravatar.com\\\/avatar\\\/9534c92c8c908364e186a64d93efc86f62367109d1b07a3454facde655968589?s=96&d=mm&r=g6afcb607783e095e4cf6be807353924d\",\"url\":\"https:\\\/\\\/secure.gravatar.com\\\/avatar\\\/9534c92c8c908364e186a64d93efc86f62367109d1b07a3454facde655968589?s=96&d=mm&r=g\",\"contentUrl\":\"https:\\\/\\\/secure.gravatar.com\\\/avatar\\\/9534c92c8c908364e186a64d93efc86f62367109d1b07a3454facde655968589?s=96&d=mm&r=g\",\"caption\":\"El Tecolote Staff\"},\"url\":\"https:\\\/\\\/eltecolote.org\\\/content\\\/author\\\/web-editor\\\/\"}]}<\/script>\n<!-- \/ Yoast SEO plugin. -->","yoast_head_json":{"title":"Artista chicana organiza exposici\u00f3n para dar visibilidad a artistas de color - El Tecolote","description":"Era una frase que Korina Esther Moreno escuch\u00f3 con frecuencia al crecer. \u201cNadie te va dar un vaso de agua\u201d. Era una frase destinada a recordarle que","robots":{"index":"index","follow":"follow","max-snippet":"max-snippet:-1","max-image-preview":"max-image-preview:large","max-video-preview":"max-video-preview:-1"},"canonical":"https:\/\/eltecolote.org\/content\/es\/artista-chicana-organiza-exposicion-para-dar-visibilidad-a-artistas-de-color\/","og_locale":"en_US","og_type":"article","og_title":"Artista chicana organiza exposici\u00f3n para dar visibilidad a artistas de color - El Tecolote","og_description":"Era una frase que Korina Esther Moreno escuch\u00f3 con frecuencia al crecer. \u201cNadie te va dar un vaso de agua\u201d. Era una frase destinada a recordarle que","og_url":"https:\/\/eltecolote.org\/content\/es\/artista-chicana-organiza-exposicion-para-dar-visibilidad-a-artistas-de-color\/","og_site_name":"El Tecolote","article_publisher":"https:\/\/www.facebook.com\/ElTecoloteSF\/","article_published_time":"2020-02-27T23:10:40+00:00","article_modified_time":"2020-02-27T23:10:46+00:00","og_image":[{"width":2000,"height":1333,"url":"https:\/\/i0.wp.com\/eltecolote.org\/content\/wp-content\/uploads\/2020\/02\/Hey-Homegirl_2_web-1.jpg?fit=2000%2C1333&ssl=1","type":"image\/jpeg"}],"author":"Alexis Terrazas","twitter_card":"summary_large_image","twitter_creator":"@eltecolotesf","twitter_site":"@eltecolotesf","twitter_misc":{"Written by":"Alexis Terrazas","Est. reading time":"4 minutes"},"schema":{"@context":"https:\/\/schema.org","@graph":[{"@type":"NewsArticle","@id":"https:\/\/eltecolote.org\/content\/es\/artista-chicana-organiza-exposicion-para-dar-visibilidad-a-artistas-de-color\/#article","isPartOf":{"@id":"https:\/\/eltecolote.org\/content\/es\/artista-chicana-organiza-exposicion-para-dar-visibilidad-a-artistas-de-color\/"},"author":{"name":"El Tecolote Staff","@id":"https:\/\/eltecolote.org\/content\/#\/schema\/person\/08828d10185eba96895a8363a269410e"},"headline":"Artista chicana organiza exposici\u00f3n para dar visibilidad a artistas de color","datePublished":"2020-02-27T23:10:40+00:00","dateModified":"2020-02-27T23:10:46+00:00","mainEntityOfPage":{"@id":"https:\/\/eltecolote.org\/content\/es\/artista-chicana-organiza-exposicion-para-dar-visibilidad-a-artistas-de-color\/"},"wordCount":827,"commentCount":0,"publisher":{"@id":"https:\/\/eltecolote.org\/content\/#organization"},"image":{"@id":"https:\/\/eltecolote.org\/content\/es\/artista-chicana-organiza-exposicion-para-dar-visibilidad-a-artistas-de-color\/#primaryimage"},"thumbnailUrl":"https:\/\/i0.wp.com\/eltecolote.org\/content\/wp-content\/uploads\/2020\/02\/Hey-Homegirl_2_web-1.jpg?fit=2000%2C1333&quality=89&ssl=1","articleSection":["Arte"],"inLanguage":"en","potentialAction":[{"@type":"CommentAction","name":"Comment","target":["https:\/\/eltecolote.org\/content\/es\/artista-chicana-organiza-exposicion-para-dar-visibilidad-a-artistas-de-color\/#respond"]}]},{"@type":"WebPage","@id":"https:\/\/eltecolote.org\/content\/es\/artista-chicana-organiza-exposicion-para-dar-visibilidad-a-artistas-de-color\/","url":"https:\/\/eltecolote.org\/content\/es\/artista-chicana-organiza-exposicion-para-dar-visibilidad-a-artistas-de-color\/","name":"Artista chicana organiza exposici\u00f3n para dar visibilidad a artistas de color - El Tecolote","isPartOf":{"@id":"https:\/\/eltecolote.org\/content\/#website"},"primaryImageOfPage":{"@id":"https:\/\/eltecolote.org\/content\/es\/artista-chicana-organiza-exposicion-para-dar-visibilidad-a-artistas-de-color\/#primaryimage"},"image":{"@id":"https:\/\/eltecolote.org\/content\/es\/artista-chicana-organiza-exposicion-para-dar-visibilidad-a-artistas-de-color\/#primaryimage"},"thumbnailUrl":"https:\/\/i0.wp.com\/eltecolote.org\/content\/wp-content\/uploads\/2020\/02\/Hey-Homegirl_2_web-1.jpg?fit=2000%2C1333&quality=89&ssl=1","datePublished":"2020-02-27T23:10:40+00:00","dateModified":"2020-02-27T23:10:46+00:00","description":"Era una frase que Korina Esther Moreno escuch\u00f3 con frecuencia al crecer. \u201cNadie te va dar un vaso de agua\u201d. Era una frase destinada a recordarle que","inLanguage":"en","potentialAction":[{"@type":"ReadAction","target":["https:\/\/eltecolote.org\/content\/es\/artista-chicana-organiza-exposicion-para-dar-visibilidad-a-artistas-de-color\/"]}]},{"@type":"ImageObject","inLanguage":"en","@id":"https:\/\/eltecolote.org\/content\/es\/artista-chicana-organiza-exposicion-para-dar-visibilidad-a-artistas-de-color\/#primaryimage","url":"https:\/\/i0.wp.com\/eltecolote.org\/content\/wp-content\/uploads\/2020\/02\/Hey-Homegirl_2_web-1.jpg?fit=2000%2C1333&quality=89&ssl=1","contentUrl":"https:\/\/i0.wp.com\/eltecolote.org\/content\/wp-content\/uploads\/2020\/02\/Hey-Homegirl_2_web-1.jpg?fit=2000%2C1333&quality=89&ssl=1","width":2000,"height":1333},{"@type":"WebSite","@id":"https:\/\/eltecolote.org\/content\/#website","url":"https:\/\/eltecolote.org\/content\/","name":"El Tecolote","description":"San Francisco's Latinx newspaper since 1970","publisher":{"@id":"https:\/\/eltecolote.org\/content\/#organization"},"potentialAction":[{"@type":"SearchAction","target":{"@type":"EntryPoint","urlTemplate":"https:\/\/eltecolote.org\/content\/?s={search_term_string}"},"query-input":{"@type":"PropertyValueSpecification","valueRequired":true,"valueName":"search_term_string"}}],"inLanguage":"en"},{"@type":"Organization","@id":"https:\/\/eltecolote.org\/content\/#organization","name":"El Tecolote","url":"https:\/\/eltecolote.org\/content\/","logo":{"@type":"ImageObject","inLanguage":"en","@id":"https:\/\/eltecolote.org\/content\/#\/schema\/logo\/image\/","url":"https:\/\/i0.wp.com\/eltecolote.org\/content\/wp-content\/uploads\/2021\/05\/ETlogo-1.jpg?fit=400%2C400&ssl=1","contentUrl":"https:\/\/i0.wp.com\/eltecolote.org\/content\/wp-content\/uploads\/2021\/05\/ETlogo-1.jpg?fit=400%2C400&ssl=1","width":400,"height":400,"caption":"El Tecolote"},"image":{"@id":"https:\/\/eltecolote.org\/content\/#\/schema\/logo\/image\/"},"sameAs":["https:\/\/www.facebook.com\/ElTecoloteSF\/","https:\/\/x.com\/eltecolotesf","https:\/\/www.instagram.com\/eltecolotesf\/"]},{"@type":"Person","@id":"https:\/\/eltecolote.org\/content\/#\/schema\/person\/08828d10185eba96895a8363a269410e","name":"El Tecolote Staff","image":{"@type":"ImageObject","inLanguage":"en","@id":"https:\/\/secure.gravatar.com\/avatar\/9534c92c8c908364e186a64d93efc86f62367109d1b07a3454facde655968589?s=96&d=mm&r=g6afcb607783e095e4cf6be807353924d","url":"https:\/\/secure.gravatar.com\/avatar\/9534c92c8c908364e186a64d93efc86f62367109d1b07a3454facde655968589?s=96&d=mm&r=g","contentUrl":"https:\/\/secure.gravatar.com\/avatar\/9534c92c8c908364e186a64d93efc86f62367109d1b07a3454facde655968589?s=96&d=mm&r=g","caption":"El Tecolote Staff"},"url":"https:\/\/eltecolote.org\/content\/author\/web-editor\/"}]}},"distributor_meta":false,"distributor_terms":false,"distributor_media":false,"distributor_original_site_name":"El Tecolote","distributor_original_site_url":"https:\/\/eltecolote.org\/content","push-errors":false,"_links":{"self":[{"href":"https:\/\/eltecolote.org\/content\/wp-json\/wp\/v2\/posts\/42911","targetHints":{"allow":["GET"]}}],"collection":[{"href":"https:\/\/eltecolote.org\/content\/wp-json\/wp\/v2\/posts"}],"about":[{"href":"https:\/\/eltecolote.org\/content\/wp-json\/wp\/v2\/types\/post"}],"author":[{"embeddable":true,"href":"https:\/\/eltecolote.org\/content\/wp-json\/wp\/v2\/users\/35"}],"replies":[{"embeddable":true,"href":"https:\/\/eltecolote.org\/content\/wp-json\/wp\/v2\/comments?post=42911"}],"version-history":[{"count":1,"href":"https:\/\/eltecolote.org\/content\/wp-json\/wp\/v2\/posts\/42911\/revisions"}],"predecessor-version":[{"id":42915,"href":"https:\/\/eltecolote.org\/content\/wp-json\/wp\/v2\/posts\/42911\/revisions\/42915"}],"wp:featuredmedia":[{"embeddable":true,"href":"https:\/\/eltecolote.org\/content\/wp-json\/wp\/v2\/media\/42912"}],"wp:attachment":[{"href":"https:\/\/eltecolote.org\/content\/wp-json\/wp\/v2\/media?parent=42911"}],"wp:term":[{"taxonomy":"category","embeddable":true,"href":"https:\/\/eltecolote.org\/content\/wp-json\/wp\/v2\/categories?post=42911"},{"taxonomy":"post_tag","embeddable":true,"href":"https:\/\/eltecolote.org\/content\/wp-json\/wp\/v2\/tags?post=42911"},{"taxonomy":"author","embeddable":true,"href":"https:\/\/eltecolote.org\/content\/wp-json\/wp\/v2\/coauthors?post=42911"}],"curies":[{"name":"wp","href":"https:\/\/api.w.org\/{rel}","templated":true}]}}