{"id":42190,"date":"2019-11-21T15:56:57","date_gmt":"2019-11-21T22:56:57","guid":{"rendered":"http:\/\/eltecolote.org\/content\/?p=42190"},"modified":"2019-11-21T15:57:04","modified_gmt":"2019-11-21T22:57:04","slug":"conozca-a-barrio-manouche-una-banda-en-constante-transformacion-y-diversidad","status":"publish","type":"post","link":"https:\/\/eltecolote.org\/content\/es\/conozca-a-barrio-manouche-una-banda-en-constante-transformacion-y-diversidad\/","title":{"rendered":"Conozca a Barrio Manouche: una banda en constante transformaci\u00f3n y diversidad"},"content":{"rendered":"\n<p>Imagine que toma una guitarra y descubre que preferir\u00eda le sangraran los dedos a dejar de practicar sus acordes. Es el caso de Javier Jim\u00e9nez, oriundo de Madrid, Espa\u00f1a, y fundador de Barrio Manouche, una banda de flamenco gitano compuesta por artistas de diferentes partes del mundo.<\/p>\n\n\n\n<p>Barrio Manouche termin\u00f3 su primera mini gira a principios de este a\u00f1o y lanz\u00f3 su \u00faltimo \u00e1lbum, \u2018Despierta\u2019, el 1 de noviembre. El \u00e1lbum es muy diferente al anterior, \u2018Aires de cambio\u2019, seg\u00fan Jim\u00e9nez: \u201cNos gustan las cosas diferentes, un d\u00eda comes sopa de lentejas, y otro d\u00eda una ensalada, y otro d\u00eda pones vinagre en tu comida. As\u00ed es como estamos con la m\u00fasica; nos gusta probar algo nuevo todos los d\u00edas\u201d.<\/p>\n\n\n\n<p>\u2018Despierta\u2019 consta de ocho canciones, seis de ellas, composiciones originales. La banda lanz\u00f3 el primer sencillo del \u00e1lbum, \u2018El Joven\u2019, a principios de marzo, y ahora est\u00e1 disponible en el servicio de transmisi\u00f3n de m\u00fasica Spotify.<\/p>\n\n\n\n<p>A diferencia de \u2018Aires de cambio\u2019, que consiste principalmente en ritmos, cada canci\u00f3n en \u2018Despierta\u2019 incluye voces. La banda tambi\u00e9n cambi\u00f3 su proceso de componer canciones, los integrantes trabajaron en cambiar la secci\u00f3n r\u00edtmica y decidieron qu\u00e9 instrumentos usar.<\/p>\n\n\n\n<p>Barrio Manouche est\u00e1 compuesta por seis m\u00fasicos: Alex Zelnick, guitarra; Cyril Guiraud, saxof\u00f3n; Caxixi Gary Johnson, contrabajo; Javi Jim\u00e9nez, guitarra, voz y palmas; Luis Jim\u00e9nez, caj\u00f3n, poes\u00eda, palmas y percusiones; Magali Sanscartier, viol\u00edn, voz y Buffalo Drum, as\u00ed como los bailarines Fanny Ara y Emaye.<\/p>\n\n\n\n<p>Tener una gran banda significa que todos aporten nuevas ideas; adem\u00e1s de tener diferentes idiomas, cada uno de los compa\u00f1eros posee diferentes antecedentes musicales. Jim\u00e9nez dijo que la diversidad de Barrio Manouche permite a su audiencia seguir a cada m\u00fasico hasta su origen.<\/p>\n\n\n\n<p>La banda est\u00e1 en constante evoluci\u00f3n, pero su historia comenz\u00f3 hace cuatro a\u00f1os con Jim\u00e9nez, su hermano, Luis, y el guitarrista Alex Zelnick, ex alumno de Jim\u00e9nez. Zelnick, estaba aprendiendo a tocar la guitarra con Jim\u00e9nez en ese momento, espec\u00edficamente el jazz gitano. Su colaboraci\u00f3n pronto se convirti\u00f3 en un tr\u00edo. Para el verano de 2015, los restaurantes, locales de m\u00fasica y bares ten\u00edan un nuevo sabor a jazz en toda el \u00c1rea de la Bah\u00eda.<\/p>\n\n\n\n<figure class=\"wp-block-image alignwide\"><img data-recalc-dims=\"1\" loading=\"lazy\" decoding=\"async\" width=\"1278\" height=\"913\" src=\"https:\/\/i0.wp.com\/eltecolote.org\/content\/wp-content\/uploads\/2019\/11\/Barrio-WEB-2.jpg?resize=1278%2C913&#038;quality=89&#038;ssl=1\" alt=\"\" class=\"wp-image-42191\" srcset=\"https:\/\/i0.wp.com\/eltecolote.org\/content\/wp-content\/uploads\/2019\/11\/Barrio-WEB-2.jpg?w=1278&amp;quality=89&amp;ssl=1 1278w, https:\/\/i0.wp.com\/eltecolote.org\/content\/wp-content\/uploads\/2019\/11\/Barrio-WEB-2.jpg?resize=350%2C250&amp;quality=89&amp;ssl=1 350w, https:\/\/i0.wp.com\/eltecolote.org\/content\/wp-content\/uploads\/2019\/11\/Barrio-WEB-2.jpg?resize=768%2C549&amp;quality=89&amp;ssl=1 768w, https:\/\/i0.wp.com\/eltecolote.org\/content\/wp-content\/uploads\/2019\/11\/Barrio-WEB-2.jpg?resize=600%2C429&amp;quality=89&amp;ssl=1 600w, https:\/\/i0.wp.com\/eltecolote.org\/content\/wp-content\/uploads\/2019\/11\/Barrio-WEB-2.jpg?resize=370%2C264&amp;quality=89&amp;ssl=1 370w, https:\/\/i0.wp.com\/eltecolote.org\/content\/wp-content\/uploads\/2019\/11\/Barrio-WEB-2.jpg?resize=800%2C572&amp;quality=89&amp;ssl=1 800w, https:\/\/i0.wp.com\/eltecolote.org\/content\/wp-content\/uploads\/2019\/11\/Barrio-WEB-2.jpg?resize=185%2C132&amp;quality=89&amp;ssl=1 185w, https:\/\/i0.wp.com\/eltecolote.org\/content\/wp-content\/uploads\/2019\/11\/Barrio-WEB-2.jpg?resize=740%2C529&amp;quality=89&amp;ssl=1 740w, https:\/\/i0.wp.com\/eltecolote.org\/content\/wp-content\/uploads\/2019\/11\/Barrio-WEB-2.jpg?resize=1110%2C793&amp;quality=89&amp;ssl=1 1110w, https:\/\/i0.wp.com\/eltecolote.org\/content\/wp-content\/uploads\/2019\/11\/Barrio-WEB-2.jpg?resize=20%2C14&amp;quality=89&amp;ssl=1 20w, https:\/\/i0.wp.com\/eltecolote.org\/content\/wp-content\/uploads\/2019\/11\/Barrio-WEB-2.jpg?resize=400%2C286&amp;quality=89&amp;ssl=1 400w, https:\/\/i0.wp.com\/eltecolote.org\/content\/wp-content\/uploads\/2019\/11\/Barrio-WEB-2.jpg?resize=67%2C48&amp;quality=89&amp;ssl=1 67w\" sizes=\"auto, (max-width: 1000px) 100vw, 1000px\" \/><figcaption>Presentaci\u00f3n de Barrio Manouche en The New Parish, en Oakland, el 26 de octubre de 2019. Cortes\u00eda: Frederic Aube<\/figcaption><\/figure>\n\n\n\n<p>Los or\u00edgenes del nombre de la banda llegaron a Jim\u00e9nez durante una reuni\u00f3n de Navidad en Espa\u00f1a: \u201cComo venimos del barrio de Espa\u00f1a, eso representa mucho de lo que somos, y lo que representa nuestra m\u00fasica\u201d, dijo Jim\u00e9nez. \u2018Manouche\u2019 significa jazz gitano, y es una de las influencias del sonido \u00fanico de la banda.<\/p>\n\n\n\n<p>La pasi\u00f3n de Jim\u00e9nez por la m\u00fasica naci\u00f3 de una experiencia con la guitarra ac\u00fastica, cuando a sus 12 a\u00f1os, un t\u00edo le dio una, y tambi\u00e9n se la debe a su familia: \u201cMi madre y mi padre fueron una gran influencia en nuestra cultura musical\u201d, dijo.<\/p>\n\n\n\n<p>Ahora un conjunto de ocho, Barrio Manouche se presenta regularmente en San Francisco y el \u00e1rea circundante de la Bah\u00eda, incluida una actuaci\u00f3n especial en Stern Grove el verano pasado, el pasado 11 de agosto. \u201cNo necesariamente elegimos a las personas con las que tocamos en la banda por c\u00f3mo tocan&#8230; sino por su energ\u00eda&#8230; tenemos suerte de que estas personas sean seres hermosos y que nos conectemos con ellos de muchas maneras\u201d, dijo Jim\u00e9nez.<\/p>\n\n\n\n<p>La m\u00fasica de Barrio Manouche no tiene elementos electr\u00f3nicos. Tocar \u00fanicamente instrumentos ac\u00fasticos le permite a la banda conectarse m\u00e1s con artistas de todo el mundo, lo que enfatiza la importancia de la experiencia de colaboraci\u00f3n. Jim\u00e9nez dijo que si solo una persona creara m\u00fasica, perder\u00eda la esencia de comunidad y el mensaje social sobre el arte.<\/p>\n\n\n\n<p>\u201cCreo que es hermoso tener una comunidad de artistas, a veces lloramos, a veces nos re\u00edmos, es su vida y esa es la vida\u201d, dijo Jim\u00e9nez.<\/p>\n\n\n\n<p>En The Chapel, un lugar ubicado en el Distrito de la Misi\u00f3n, la sala suda y se torna ruidosa cuando ellos tocan; el escenario se abarrota de m\u00fasicos, mientras la bailarina pisa fuerte, se inclina y agita las manos en el aire. Los m\u00fasicos no solo colaboran a trav\u00e9s de la experiencia sensorial de tocar los instrumentos, sino que el lugar toma vida y se vuelve uno con la m\u00fasica. Este es el tipo de energ\u00eda que reverberan los m\u00fasicos de Barrio Manouche.<\/p>\n\n\n\n<p>\u201cNo creo que estemos tratando de crear algo\u201d, dijo Luis Jim\u00e9nez. \u201cEs m\u00e1s como si tratamos de conectarnos con la m\u00fasica en s\u00ed, lo que estamos tratando de ofrecer es una vibraci\u00f3n o energ\u00eda\u201d.<\/p>\n\n\n\n<p>El sue\u00f1o de Barrio Manouche es recorrer Latinoam\u00e9rica y visitar las ra\u00edces de Jim\u00e9nez en Espa\u00f1a.\u00a0<\/p>\n\n\n\n<p><em>Barrio Manouche se presentar\u00e1 en el Club Deluxe en San Francisco el 21 de diciembre y en The New Parish en Oakland el 23 de enero de 2020.<\/em><\/p>\n","protected":false},"excerpt":{"rendered":"<p>Imagine que toma una guitarra y descubre que preferir\u00eda le sangraran los dedos a dejar de practicar sus acordes. Es el caso de Javier Jim\u00e9nez, oriundo de Madrid, Espa\u00f1a, y fundador de Barrio Manouche, una banda de flamenco gitano compuesta por artistas de diferentes partes del mundo. Barrio Manouche termin\u00f3 su primera mini gira a [&hellip;]<\/p>\n","protected":false},"author":35,"featured_media":42191,"comment_status":"open","ping_status":"closed","sticky":false,"template":"","format":"standard","meta":{"newspack_popups_has_disabled_popups":false,"newspack_featured_image_position":"","newspack_post_subtitle":"","newspack_article_summary_title":"Overview:","newspack_article_summary":"","newspack_hide_updated_date":false,"newspack_show_updated_date":false,"footnotes":""},"categories":[3511],"tags":[],"coauthors":[18445,18477],"class_list":["post-42190","post","type-post","status-publish","format-standard","has-post-thumbnail","hentry","category-arte-es","entry"],"yoast_head":"<!-- This site is optimized with the Yoast SEO plugin v27.5 - https:\/\/yoast.com\/product\/yoast-seo-wordpress\/ -->\n<title>Conozca a Barrio Manouche: una banda en constante transformaci\u00f3n y diversidad - El Tecolote<\/title>\n<meta name=\"description\" content=\"Imagine que toma una guitarra y descubre que preferir\u00eda le sangraran los dedos a dejar de practicar sus acordes. Es el caso de Javier Jim\u00e9nez, oriundo de\" \/>\n<meta name=\"robots\" content=\"index, follow, max-snippet:-1, max-image-preview:large, max-video-preview:-1\" \/>\n<link rel=\"canonical\" href=\"https:\/\/eltecolote.org\/content\/es\/conozca-a-barrio-manouche-una-banda-en-constante-transformacion-y-diversidad\/\" \/>\n<meta property=\"og:locale\" content=\"en_US\" \/>\n<meta property=\"og:type\" content=\"article\" \/>\n<meta property=\"og:title\" content=\"Conozca a Barrio Manouche: una banda en constante transformaci\u00f3n y diversidad - El Tecolote\" \/>\n<meta property=\"og:description\" content=\"Imagine que toma una guitarra y descubre que preferir\u00eda le sangraran los dedos a dejar de practicar sus acordes. Es el caso de Javier Jim\u00e9nez, oriundo de\" \/>\n<meta property=\"og:url\" content=\"https:\/\/eltecolote.org\/content\/es\/conozca-a-barrio-manouche-una-banda-en-constante-transformacion-y-diversidad\/\" \/>\n<meta property=\"og:site_name\" content=\"El Tecolote\" \/>\n<meta property=\"article:publisher\" content=\"https:\/\/www.facebook.com\/ElTecoloteSF\/\" \/>\n<meta property=\"article:published_time\" content=\"2019-11-21T22:56:57+00:00\" \/>\n<meta property=\"article:modified_time\" content=\"2019-11-21T22:57:04+00:00\" \/>\n<meta property=\"og:image\" content=\"https:\/\/i0.wp.com\/eltecolote.org\/content\/wp-content\/uploads\/2019\/11\/Barrio-WEB-2.jpg?fit=1278%2C913&ssl=1\" \/>\n\t<meta property=\"og:image:width\" content=\"1278\" \/>\n\t<meta property=\"og:image:height\" content=\"913\" \/>\n\t<meta property=\"og:image:type\" content=\"image\/jpeg\" \/>\n<meta name=\"author\" content=\"El Tecolote Staff, Vitta Oliveri\" \/>\n<meta name=\"twitter:card\" content=\"summary_large_image\" \/>\n<meta name=\"twitter:creator\" content=\"@eltecolotesf\" \/>\n<meta name=\"twitter:site\" content=\"@eltecolotesf\" \/>\n<meta name=\"twitter:label1\" content=\"Written by\" \/>\n\t<meta name=\"twitter:data1\" content=\"El Tecolote Staff, Vitta Oliveri\" \/>\n\t<meta name=\"twitter:label2\" content=\"Est. reading time\" \/>\n\t<meta name=\"twitter:data2\" content=\"4 minutes\" \/>\n<script type=\"application\/ld+json\" class=\"yoast-schema-graph\">{\"@context\":\"https:\\\/\\\/schema.org\",\"@graph\":[{\"@type\":\"NewsArticle\",\"@id\":\"https:\\\/\\\/eltecolote.org\\\/content\\\/es\\\/conozca-a-barrio-manouche-una-banda-en-constante-transformacion-y-diversidad\\\/#article\",\"isPartOf\":{\"@id\":\"https:\\\/\\\/eltecolote.org\\\/content\\\/es\\\/conozca-a-barrio-manouche-una-banda-en-constante-transformacion-y-diversidad\\\/\"},\"author\":{\"name\":\"El Tecolote Staff\",\"@id\":\"https:\\\/\\\/eltecolote.org\\\/content\\\/#\\\/schema\\\/person\\\/08828d10185eba96895a8363a269410e\"},\"headline\":\"Conozca a Barrio Manouche: una banda en constante transformaci\u00f3n y diversidad\",\"datePublished\":\"2019-11-21T22:56:57+00:00\",\"dateModified\":\"2019-11-21T22:57:04+00:00\",\"mainEntityOfPage\":{\"@id\":\"https:\\\/\\\/eltecolote.org\\\/content\\\/es\\\/conozca-a-barrio-manouche-una-banda-en-constante-transformacion-y-diversidad\\\/\"},\"wordCount\":888,\"commentCount\":0,\"publisher\":{\"@id\":\"https:\\\/\\\/eltecolote.org\\\/content\\\/#organization\"},\"image\":{\"@id\":\"https:\\\/\\\/eltecolote.org\\\/content\\\/es\\\/conozca-a-barrio-manouche-una-banda-en-constante-transformacion-y-diversidad\\\/#primaryimage\"},\"thumbnailUrl\":\"https:\\\/\\\/i0.wp.com\\\/eltecolote.org\\\/content\\\/wp-content\\\/uploads\\\/2019\\\/11\\\/Barrio-WEB-2.jpg?fit=1278%2C913&quality=89&ssl=1\",\"articleSection\":[\"Arte\"],\"inLanguage\":\"en\",\"potentialAction\":[{\"@type\":\"CommentAction\",\"name\":\"Comment\",\"target\":[\"https:\\\/\\\/eltecolote.org\\\/content\\\/es\\\/conozca-a-barrio-manouche-una-banda-en-constante-transformacion-y-diversidad\\\/#respond\"]}]},{\"@type\":\"WebPage\",\"@id\":\"https:\\\/\\\/eltecolote.org\\\/content\\\/es\\\/conozca-a-barrio-manouche-una-banda-en-constante-transformacion-y-diversidad\\\/\",\"url\":\"https:\\\/\\\/eltecolote.org\\\/content\\\/es\\\/conozca-a-barrio-manouche-una-banda-en-constante-transformacion-y-diversidad\\\/\",\"name\":\"Conozca a Barrio Manouche: una banda en constante transformaci\u00f3n y diversidad - El Tecolote\",\"isPartOf\":{\"@id\":\"https:\\\/\\\/eltecolote.org\\\/content\\\/#website\"},\"primaryImageOfPage\":{\"@id\":\"https:\\\/\\\/eltecolote.org\\\/content\\\/es\\\/conozca-a-barrio-manouche-una-banda-en-constante-transformacion-y-diversidad\\\/#primaryimage\"},\"image\":{\"@id\":\"https:\\\/\\\/eltecolote.org\\\/content\\\/es\\\/conozca-a-barrio-manouche-una-banda-en-constante-transformacion-y-diversidad\\\/#primaryimage\"},\"thumbnailUrl\":\"https:\\\/\\\/i0.wp.com\\\/eltecolote.org\\\/content\\\/wp-content\\\/uploads\\\/2019\\\/11\\\/Barrio-WEB-2.jpg?fit=1278%2C913&quality=89&ssl=1\",\"datePublished\":\"2019-11-21T22:56:57+00:00\",\"dateModified\":\"2019-11-21T22:57:04+00:00\",\"description\":\"Imagine que toma una guitarra y descubre que preferir\u00eda le sangraran los dedos a dejar de practicar sus acordes. Es el caso de Javier Jim\u00e9nez, oriundo de\",\"inLanguage\":\"en\",\"potentialAction\":[{\"@type\":\"ReadAction\",\"target\":[\"https:\\\/\\\/eltecolote.org\\\/content\\\/es\\\/conozca-a-barrio-manouche-una-banda-en-constante-transformacion-y-diversidad\\\/\"]}]},{\"@type\":\"ImageObject\",\"inLanguage\":\"en\",\"@id\":\"https:\\\/\\\/eltecolote.org\\\/content\\\/es\\\/conozca-a-barrio-manouche-una-banda-en-constante-transformacion-y-diversidad\\\/#primaryimage\",\"url\":\"https:\\\/\\\/i0.wp.com\\\/eltecolote.org\\\/content\\\/wp-content\\\/uploads\\\/2019\\\/11\\\/Barrio-WEB-2.jpg?fit=1278%2C913&quality=89&ssl=1\",\"contentUrl\":\"https:\\\/\\\/i0.wp.com\\\/eltecolote.org\\\/content\\\/wp-content\\\/uploads\\\/2019\\\/11\\\/Barrio-WEB-2.jpg?fit=1278%2C913&quality=89&ssl=1\",\"width\":1278,\"height\":913,\"caption\":\"Presentaci\u00f3n de Barrio Manouche en The New Parish, en Oakland, el 26 de octubre de 2019. Cortes\u00eda: Frederic Aube\"},{\"@type\":\"WebSite\",\"@id\":\"https:\\\/\\\/eltecolote.org\\\/content\\\/#website\",\"url\":\"https:\\\/\\\/eltecolote.org\\\/content\\\/\",\"name\":\"El Tecolote\",\"description\":\"San Francisco's Latinx newspaper since 1970\",\"publisher\":{\"@id\":\"https:\\\/\\\/eltecolote.org\\\/content\\\/#organization\"},\"potentialAction\":[{\"@type\":\"SearchAction\",\"target\":{\"@type\":\"EntryPoint\",\"urlTemplate\":\"https:\\\/\\\/eltecolote.org\\\/content\\\/?s={search_term_string}\"},\"query-input\":{\"@type\":\"PropertyValueSpecification\",\"valueRequired\":true,\"valueName\":\"search_term_string\"}}],\"inLanguage\":\"en\"},{\"@type\":\"Organization\",\"@id\":\"https:\\\/\\\/eltecolote.org\\\/content\\\/#organization\",\"name\":\"El Tecolote\",\"url\":\"https:\\\/\\\/eltecolote.org\\\/content\\\/\",\"logo\":{\"@type\":\"ImageObject\",\"inLanguage\":\"en\",\"@id\":\"https:\\\/\\\/eltecolote.org\\\/content\\\/#\\\/schema\\\/logo\\\/image\\\/\",\"url\":\"https:\\\/\\\/i0.wp.com\\\/eltecolote.org\\\/content\\\/wp-content\\\/uploads\\\/2021\\\/05\\\/ETlogo-1.jpg?fit=400%2C400&ssl=1\",\"contentUrl\":\"https:\\\/\\\/i0.wp.com\\\/eltecolote.org\\\/content\\\/wp-content\\\/uploads\\\/2021\\\/05\\\/ETlogo-1.jpg?fit=400%2C400&ssl=1\",\"width\":400,\"height\":400,\"caption\":\"El Tecolote\"},\"image\":{\"@id\":\"https:\\\/\\\/eltecolote.org\\\/content\\\/#\\\/schema\\\/logo\\\/image\\\/\"},\"sameAs\":[\"https:\\\/\\\/www.facebook.com\\\/ElTecoloteSF\\\/\",\"https:\\\/\\\/x.com\\\/eltecolotesf\",\"https:\\\/\\\/www.instagram.com\\\/eltecolotesf\\\/\"]},{\"@type\":\"Person\",\"@id\":\"https:\\\/\\\/eltecolote.org\\\/content\\\/#\\\/schema\\\/person\\\/08828d10185eba96895a8363a269410e\",\"name\":\"El Tecolote Staff\",\"image\":{\"@type\":\"ImageObject\",\"inLanguage\":\"en\",\"@id\":\"https:\\\/\\\/secure.gravatar.com\\\/avatar\\\/9534c92c8c908364e186a64d93efc86f62367109d1b07a3454facde655968589?s=96&d=mm&r=g6afcb607783e095e4cf6be807353924d\",\"url\":\"https:\\\/\\\/secure.gravatar.com\\\/avatar\\\/9534c92c8c908364e186a64d93efc86f62367109d1b07a3454facde655968589?s=96&d=mm&r=g\",\"contentUrl\":\"https:\\\/\\\/secure.gravatar.com\\\/avatar\\\/9534c92c8c908364e186a64d93efc86f62367109d1b07a3454facde655968589?s=96&d=mm&r=g\",\"caption\":\"El Tecolote Staff\"},\"url\":\"https:\\\/\\\/eltecolote.org\\\/content\\\/author\\\/web-editor\\\/\"}]}<\/script>\n<!-- \/ Yoast SEO plugin. -->","yoast_head_json":{"title":"Conozca a Barrio Manouche: una banda en constante transformaci\u00f3n y diversidad - El Tecolote","description":"Imagine que toma una guitarra y descubre que preferir\u00eda le sangraran los dedos a dejar de practicar sus acordes. Es el caso de Javier Jim\u00e9nez, oriundo de","robots":{"index":"index","follow":"follow","max-snippet":"max-snippet:-1","max-image-preview":"max-image-preview:large","max-video-preview":"max-video-preview:-1"},"canonical":"https:\/\/eltecolote.org\/content\/es\/conozca-a-barrio-manouche-una-banda-en-constante-transformacion-y-diversidad\/","og_locale":"en_US","og_type":"article","og_title":"Conozca a Barrio Manouche: una banda en constante transformaci\u00f3n y diversidad - El Tecolote","og_description":"Imagine que toma una guitarra y descubre que preferir\u00eda le sangraran los dedos a dejar de practicar sus acordes. Es el caso de Javier Jim\u00e9nez, oriundo de","og_url":"https:\/\/eltecolote.org\/content\/es\/conozca-a-barrio-manouche-una-banda-en-constante-transformacion-y-diversidad\/","og_site_name":"El Tecolote","article_publisher":"https:\/\/www.facebook.com\/ElTecoloteSF\/","article_published_time":"2019-11-21T22:56:57+00:00","article_modified_time":"2019-11-21T22:57:04+00:00","og_image":[{"width":1278,"height":913,"url":"https:\/\/i0.wp.com\/eltecolote.org\/content\/wp-content\/uploads\/2019\/11\/Barrio-WEB-2.jpg?fit=1278%2C913&ssl=1","type":"image\/jpeg"}],"author":"El Tecolote Staff, Vitta Oliveri","twitter_card":"summary_large_image","twitter_creator":"@eltecolotesf","twitter_site":"@eltecolotesf","twitter_misc":{"Written by":"El Tecolote Staff, Vitta Oliveri","Est. reading time":"4 minutes"},"schema":{"@context":"https:\/\/schema.org","@graph":[{"@type":"NewsArticle","@id":"https:\/\/eltecolote.org\/content\/es\/conozca-a-barrio-manouche-una-banda-en-constante-transformacion-y-diversidad\/#article","isPartOf":{"@id":"https:\/\/eltecolote.org\/content\/es\/conozca-a-barrio-manouche-una-banda-en-constante-transformacion-y-diversidad\/"},"author":{"name":"El Tecolote Staff","@id":"https:\/\/eltecolote.org\/content\/#\/schema\/person\/08828d10185eba96895a8363a269410e"},"headline":"Conozca a Barrio Manouche: una banda en constante transformaci\u00f3n y diversidad","datePublished":"2019-11-21T22:56:57+00:00","dateModified":"2019-11-21T22:57:04+00:00","mainEntityOfPage":{"@id":"https:\/\/eltecolote.org\/content\/es\/conozca-a-barrio-manouche-una-banda-en-constante-transformacion-y-diversidad\/"},"wordCount":888,"commentCount":0,"publisher":{"@id":"https:\/\/eltecolote.org\/content\/#organization"},"image":{"@id":"https:\/\/eltecolote.org\/content\/es\/conozca-a-barrio-manouche-una-banda-en-constante-transformacion-y-diversidad\/#primaryimage"},"thumbnailUrl":"https:\/\/i0.wp.com\/eltecolote.org\/content\/wp-content\/uploads\/2019\/11\/Barrio-WEB-2.jpg?fit=1278%2C913&quality=89&ssl=1","articleSection":["Arte"],"inLanguage":"en","potentialAction":[{"@type":"CommentAction","name":"Comment","target":["https:\/\/eltecolote.org\/content\/es\/conozca-a-barrio-manouche-una-banda-en-constante-transformacion-y-diversidad\/#respond"]}]},{"@type":"WebPage","@id":"https:\/\/eltecolote.org\/content\/es\/conozca-a-barrio-manouche-una-banda-en-constante-transformacion-y-diversidad\/","url":"https:\/\/eltecolote.org\/content\/es\/conozca-a-barrio-manouche-una-banda-en-constante-transformacion-y-diversidad\/","name":"Conozca a Barrio Manouche: una banda en constante transformaci\u00f3n y diversidad - El Tecolote","isPartOf":{"@id":"https:\/\/eltecolote.org\/content\/#website"},"primaryImageOfPage":{"@id":"https:\/\/eltecolote.org\/content\/es\/conozca-a-barrio-manouche-una-banda-en-constante-transformacion-y-diversidad\/#primaryimage"},"image":{"@id":"https:\/\/eltecolote.org\/content\/es\/conozca-a-barrio-manouche-una-banda-en-constante-transformacion-y-diversidad\/#primaryimage"},"thumbnailUrl":"https:\/\/i0.wp.com\/eltecolote.org\/content\/wp-content\/uploads\/2019\/11\/Barrio-WEB-2.jpg?fit=1278%2C913&quality=89&ssl=1","datePublished":"2019-11-21T22:56:57+00:00","dateModified":"2019-11-21T22:57:04+00:00","description":"Imagine que toma una guitarra y descubre que preferir\u00eda le sangraran los dedos a dejar de practicar sus acordes. Es el caso de Javier Jim\u00e9nez, oriundo de","inLanguage":"en","potentialAction":[{"@type":"ReadAction","target":["https:\/\/eltecolote.org\/content\/es\/conozca-a-barrio-manouche-una-banda-en-constante-transformacion-y-diversidad\/"]}]},{"@type":"ImageObject","inLanguage":"en","@id":"https:\/\/eltecolote.org\/content\/es\/conozca-a-barrio-manouche-una-banda-en-constante-transformacion-y-diversidad\/#primaryimage","url":"https:\/\/i0.wp.com\/eltecolote.org\/content\/wp-content\/uploads\/2019\/11\/Barrio-WEB-2.jpg?fit=1278%2C913&quality=89&ssl=1","contentUrl":"https:\/\/i0.wp.com\/eltecolote.org\/content\/wp-content\/uploads\/2019\/11\/Barrio-WEB-2.jpg?fit=1278%2C913&quality=89&ssl=1","width":1278,"height":913,"caption":"Presentaci\u00f3n de Barrio Manouche en The New Parish, en Oakland, el 26 de octubre de 2019. Cortes\u00eda: Frederic Aube"},{"@type":"WebSite","@id":"https:\/\/eltecolote.org\/content\/#website","url":"https:\/\/eltecolote.org\/content\/","name":"El Tecolote","description":"San Francisco's Latinx newspaper since 1970","publisher":{"@id":"https:\/\/eltecolote.org\/content\/#organization"},"potentialAction":[{"@type":"SearchAction","target":{"@type":"EntryPoint","urlTemplate":"https:\/\/eltecolote.org\/content\/?s={search_term_string}"},"query-input":{"@type":"PropertyValueSpecification","valueRequired":true,"valueName":"search_term_string"}}],"inLanguage":"en"},{"@type":"Organization","@id":"https:\/\/eltecolote.org\/content\/#organization","name":"El Tecolote","url":"https:\/\/eltecolote.org\/content\/","logo":{"@type":"ImageObject","inLanguage":"en","@id":"https:\/\/eltecolote.org\/content\/#\/schema\/logo\/image\/","url":"https:\/\/i0.wp.com\/eltecolote.org\/content\/wp-content\/uploads\/2021\/05\/ETlogo-1.jpg?fit=400%2C400&ssl=1","contentUrl":"https:\/\/i0.wp.com\/eltecolote.org\/content\/wp-content\/uploads\/2021\/05\/ETlogo-1.jpg?fit=400%2C400&ssl=1","width":400,"height":400,"caption":"El Tecolote"},"image":{"@id":"https:\/\/eltecolote.org\/content\/#\/schema\/logo\/image\/"},"sameAs":["https:\/\/www.facebook.com\/ElTecoloteSF\/","https:\/\/x.com\/eltecolotesf","https:\/\/www.instagram.com\/eltecolotesf\/"]},{"@type":"Person","@id":"https:\/\/eltecolote.org\/content\/#\/schema\/person\/08828d10185eba96895a8363a269410e","name":"El Tecolote Staff","image":{"@type":"ImageObject","inLanguage":"en","@id":"https:\/\/secure.gravatar.com\/avatar\/9534c92c8c908364e186a64d93efc86f62367109d1b07a3454facde655968589?s=96&d=mm&r=g6afcb607783e095e4cf6be807353924d","url":"https:\/\/secure.gravatar.com\/avatar\/9534c92c8c908364e186a64d93efc86f62367109d1b07a3454facde655968589?s=96&d=mm&r=g","contentUrl":"https:\/\/secure.gravatar.com\/avatar\/9534c92c8c908364e186a64d93efc86f62367109d1b07a3454facde655968589?s=96&d=mm&r=g","caption":"El Tecolote Staff"},"url":"https:\/\/eltecolote.org\/content\/author\/web-editor\/"}]}},"distributor_meta":false,"distributor_terms":false,"distributor_media":false,"distributor_original_site_name":"El Tecolote","distributor_original_site_url":"https:\/\/eltecolote.org\/content","push-errors":false,"_links":{"self":[{"href":"https:\/\/eltecolote.org\/content\/wp-json\/wp\/v2\/posts\/42190","targetHints":{"allow":["GET"]}}],"collection":[{"href":"https:\/\/eltecolote.org\/content\/wp-json\/wp\/v2\/posts"}],"about":[{"href":"https:\/\/eltecolote.org\/content\/wp-json\/wp\/v2\/types\/post"}],"author":[{"embeddable":true,"href":"https:\/\/eltecolote.org\/content\/wp-json\/wp\/v2\/users\/35"}],"replies":[{"embeddable":true,"href":"https:\/\/eltecolote.org\/content\/wp-json\/wp\/v2\/comments?post=42190"}],"version-history":[{"count":1,"href":"https:\/\/eltecolote.org\/content\/wp-json\/wp\/v2\/posts\/42190\/revisions"}],"predecessor-version":[{"id":42192,"href":"https:\/\/eltecolote.org\/content\/wp-json\/wp\/v2\/posts\/42190\/revisions\/42192"}],"wp:featuredmedia":[{"embeddable":true,"href":"https:\/\/eltecolote.org\/content\/wp-json\/wp\/v2\/media\/42191"}],"wp:attachment":[{"href":"https:\/\/eltecolote.org\/content\/wp-json\/wp\/v2\/media?parent=42190"}],"wp:term":[{"taxonomy":"category","embeddable":true,"href":"https:\/\/eltecolote.org\/content\/wp-json\/wp\/v2\/categories?post=42190"},{"taxonomy":"post_tag","embeddable":true,"href":"https:\/\/eltecolote.org\/content\/wp-json\/wp\/v2\/tags?post=42190"},{"taxonomy":"author","embeddable":true,"href":"https:\/\/eltecolote.org\/content\/wp-json\/wp\/v2\/coauthors?post=42190"}],"curies":[{"name":"wp","href":"https:\/\/api.w.org\/{rel}","templated":true}]}}