{"id":41505,"date":"2019-09-12T11:56:22","date_gmt":"2019-09-12T18:56:22","guid":{"rendered":"http:\/\/eltecolote.org\/content\/?p=41505"},"modified":"2019-09-12T12:50:22","modified_gmt":"2019-09-12T19:50:22","slug":"amazonas-en-llamas-mientras-bolsonaro-busca-deslindarse","status":"publish","type":"post","link":"https:\/\/eltecolote.org\/content\/es\/amazonas-en-llamas-mientras-bolsonaro-busca-deslindarse\/","title":{"rendered":"Amazonas en llamas mientras Bolsonaro busca deslindarse"},"content":{"rendered":"<figure id=\"attachment_41506\" aria-describedby=\"caption-attachment-41506\" style=\"width: 998px\" class=\"wp-caption aligncenter\"><img data-recalc-dims=\"1\" loading=\"lazy\" decoding=\"async\" class=\"size-full wp-image-41506\" src=\"https:\/\/i0.wp.com\/eltecolote.org\/content\/wp-content\/uploads\/2019\/09\/JuanLudd_Bolsonaro-WEB-1.jpg?resize=998%2C715&#038;quality=89&#038;ssl=1\" alt=\"\" width=\"998\" height=\"715\" srcset=\"https:\/\/i0.wp.com\/eltecolote.org\/content\/wp-content\/uploads\/2019\/09\/JuanLudd_Bolsonaro-WEB-1.jpg?w=998&amp;quality=89&amp;ssl=1 998w, https:\/\/i0.wp.com\/eltecolote.org\/content\/wp-content\/uploads\/2019\/09\/JuanLudd_Bolsonaro-WEB-1.jpg?resize=600%2C430&amp;quality=89&amp;ssl=1 600w, https:\/\/i0.wp.com\/eltecolote.org\/content\/wp-content\/uploads\/2019\/09\/JuanLudd_Bolsonaro-WEB-1.jpg?resize=349%2C250&amp;quality=89&amp;ssl=1 349w, https:\/\/i0.wp.com\/eltecolote.org\/content\/wp-content\/uploads\/2019\/09\/JuanLudd_Bolsonaro-WEB-1.jpg?resize=768%2C550&amp;quality=89&amp;ssl=1 768w\" sizes=\"auto, (max-width: 998px) 100vw, 998px\" \/><figcaption id=\"caption-attachment-41506\" class=\"wp-caption-text\">Ilustraci\u00f3n: JuanLudd<\/figcaption><\/figure>\n<p class=\"p1\"><b><\/b>La selva amaz\u00f3nica de Brasil est\u00e1 ardiendo en su \u00edndice m\u00e1s alto desde 2013. \u00bfLa raz\u00f3n? El gobierno brasile\u00f1o est\u00e1 permitiendo que suceda.<\/p>\n<p class=\"p6\">La administraci\u00f3n de extrema derecha del presidente Jair Bolsonaro ha aflojado las estrictas pol\u00edticas ambientales y no se ha preocupado mucho por los n\u00fameros recientes que muestran una creciente deforestaci\u00f3n.<\/p>\n<p class=\"p6\">Desde el principio de 2019, el Instituto Nacional de Investigaci\u00f3n Espacial del Brasil (INPE por sus siglas en portugu\u00e9s) ha reportado 72,843 incendios a trav\u00e9s de todo el pa\u00eds, y m\u00e1s de la mitad de ellos se encuentran en la regi\u00f3n amaz\u00f3nica. Esto significa que el equivalente a m\u00e1s de un campo y medio de f\u00fatbol de la selva amaz\u00f3nica se est\u00e1 destruyendo cada minuto de cada d\u00eda, seg\u00fan ese instituto.<\/p>\n<p class=\"p6\">Bolsonaro ha descartado los informes realizados que tambi\u00e9n mostraron un aumento del 80 por ciento en la deforestaci\u00f3n en lo que va del a\u00f1o en comparaci\u00f3n con el a\u00f1o pasado \u2013y despidi\u00f3 al director del INPE, Ricardo Galvao. Sin ning\u00fan tipo de evidencia que respalde sus acusaciones, Bolsonaro afirm\u00f3 que la raz\u00f3n de estos incendios masivos en el Amazonas podr\u00eda haber sido por parte de organizaciones no gubernamentales (ONG) hostiles a su presidencia.<\/p>\n<p class=\"p6\">\u201cLe quitamos dinero a las ONG\u201d, dijo. \u201cAhora est\u00e1n sintiendo el pellizco por la falta de fondos. Entonces, tal vez los tipos de las ONG est\u00e1n llevando a cabo estos actos criminales para generar una atenci\u00f3n negativa contra m\u00ed y contra el gobierno brasile\u00f1o\u201d.<\/p>\n<p class=\"p6\">Sin embargo, las organizaciones ambientales han dicho anteriormente que los incendios comenzaron con un aumento a la explotaci\u00f3n forestal que fue incentivado por el presidente pro-empresarial. Cuando enfrenta los datos y n\u00fameros de estos estudios, Bolsonaro frecuentemente miente, culpando y acusando a otros para cubrir su falta de conocimiento sobre muchos temas.<\/p>\n<p class=\"p6\">Durante la presidencia de Bolsonaro, el Ministerio del Medio Ambiente de Brasil facilit\u00f3 la deforestaci\u00f3n con la cancelaci\u00f3n de multas, el despido de servidores y el debilitamiento de las garant\u00edas de \u00e1reas protegidas. Desde su elecci\u00f3n, Bolsonaro ha reducido el presupuesto de la agencia de cumplimiento ambiental de la naci\u00f3n por 23 millones de d\u00f3lares.<\/p>\n<p class=\"p6\">El Ministro del Medio Ambiente de Bolsonaro despidi\u00f3 a 21 de los 27 superintendentes del Instituto Brasile\u00f1o del Medio Ambiente y de los Recursos Naturales Renovables (IBAMA) a principios de este a\u00f1o el 21 de febrero, y anunci\u00f3 un \u201cn\u00facleo de conciliaci\u00f3n ambiental\u201d, creado en abril para revisar las multas de la agencia.<\/p>\n<p class=\"p6\">Cuando se le pregunt\u00f3 cu\u00e1les ser\u00edan sus pr\u00f3ximas acciones para disminuir los da\u00f1os, Bolsonaro dijo que est\u00e1 considerando enviar tropas del ej\u00e9rcito para ayudar a combatir los incendios en la Amazonia. La acci\u00f3n ejecutiva para desplegar tropas solo est\u00e1 disponible cuando se han agotado las medidas tradicionales de seguridad p\u00fablica, seg\u00fan las directrices del Ministerio de Defensa. Los estados amaz\u00f3nicos de Acre y Amazonas ya han declarado un estado de emergencia.<\/p>\n<p class=\"p5\">Por qu\u00e9 la Amazonia es importante y por qu\u00e9 debe ser preservada<\/p>\n<p class=\"p5\">El bosque tropical m\u00e1s grande del mundo, la Amazonia, abarca ocho pa\u00edses y cubre el 40 por ciento de Am\u00e9rica del Sur, un \u00e1rea que es casi del tama\u00f1o de dos tercios de los EEUU, seg\u00fan el Fondo Mundial para la Naturaleza. M\u00e1s de 30 millones de personas viven en ella, que tambi\u00e9n alberga la mayor diversidad de mam\u00edferos, aves, anfibios y reptiles del planeta, la mayor\u00eda de ellos \u00fanicos en la regi\u00f3n. All\u00ed se descubre una nueva planta o animal cada dos d\u00edas. La selva amaz\u00f3nica, que produce alrededor del 20 por ciento del ox\u00edgeno de la Tierra, a veces se conoce como \u201clos pulmones del planeta\u201d.<\/p>\n<p class=\"p6\">Cuando hablamos de lo importante que es preservar la Amazonia, tenemos que referirnos a un l\u00edder notable que inici\u00f3 el movimiento para mantener y proteger la Amazonia de los peligros de las deforestaciones y los incendios. El activista ambiental Chico Mendes fue pionero en la primera iniciativa de conservaci\u00f3n de bosques tropicales del mundo, promovida por los propios pueblos del bosque. Su trabajo condujo al establecimiento de las reservas extractivas de Brasil (\u00e1reas forestales protegidas) que est\u00e1n habitadas y administradas por las comunidades locales. Chico Mendes y sus colegas eran una peque\u00f1a minor\u00eda marginada en la d\u00e9cada de los ochenta, pero sus esfuerzos los llevaron al poder en partes de la Amazonia brasile\u00f1a a fines de esa d\u00e9cada. Tr\u00e1gicamente, Mendes se hizo mundialmente famoso solo cuando fue asesinado a tiros por su trabajo en 1988.<\/p>\n<p class=\"p5\"><i>Al cierre de esta edici\u00f3n, los incendios de la Amazonia, persisten.. <\/i><\/p>\n","protected":false},"excerpt":{"rendered":"<p>La selva amaz\u00f3nica de Brasil est\u00e1 ardiendo en su \u00edndice m\u00e1s alto desde 2013. \u00bfLa raz\u00f3n? El gobierno brasile\u00f1o est\u00e1 permitiendo que suceda. La administraci\u00f3n de extrema derecha del presidente Jair Bolsonaro ha aflojado las estrictas pol\u00edticas ambientales y no se ha preocupado mucho por los n\u00fameros recientes que muestran una creciente deforestaci\u00f3n. Desde el [&hellip;]<\/p>\n","protected":false},"author":35,"featured_media":41506,"comment_status":"open","ping_status":"closed","sticky":false,"template":"","format":"standard","meta":{"newspack_popups_has_disabled_popups":false,"newspack_featured_image_position":"","newspack_post_subtitle":"","newspack_article_summary_title":"Overview:","newspack_article_summary":"","newspack_hide_updated_date":false,"newspack_show_updated_date":false,"footnotes":""},"categories":[3531],"tags":[4565,18258,18256],"coauthors":[],"class_list":["post-41505","post","type-post","status-publish","format-standard","has-post-thumbnail","hentry","category-voces","tag-brasil-es","tag-jair-bolsonaro","tag-selva-amazonica","entry"],"yoast_head":"<!-- This site is optimized with the Yoast SEO plugin v27.5 - https:\/\/yoast.com\/product\/yoast-seo-wordpress\/ -->\n<title>Amazonas en llamas mientras Bolsonaro busca deslindarse - El Tecolote<\/title>\n<meta name=\"description\" content=\"La selva amaz\u00f3nica de Brasil est\u00e1 ardiendo en su \u00edndice m\u00e1s alto desde 2013. \u00bfLa raz\u00f3n? El gobierno brasile\u00f1o est\u00e1 permitiendo que suceda. La\" \/>\n<meta name=\"robots\" content=\"index, follow, max-snippet:-1, max-image-preview:large, max-video-preview:-1\" \/>\n<link rel=\"canonical\" href=\"https:\/\/eltecolote.org\/content\/es\/amazonas-en-llamas-mientras-bolsonaro-busca-deslindarse\/\" \/>\n<meta property=\"og:locale\" content=\"en_US\" \/>\n<meta property=\"og:type\" content=\"article\" \/>\n<meta property=\"og:title\" content=\"Amazonas en llamas mientras Bolsonaro busca deslindarse - El Tecolote\" \/>\n<meta property=\"og:description\" content=\"La selva amaz\u00f3nica de Brasil est\u00e1 ardiendo en su \u00edndice m\u00e1s alto desde 2013. \u00bfLa raz\u00f3n? El gobierno brasile\u00f1o est\u00e1 permitiendo que suceda. La\" \/>\n<meta property=\"og:url\" content=\"https:\/\/eltecolote.org\/content\/es\/amazonas-en-llamas-mientras-bolsonaro-busca-deslindarse\/\" \/>\n<meta property=\"og:site_name\" content=\"El Tecolote\" \/>\n<meta property=\"article:publisher\" content=\"https:\/\/www.facebook.com\/ElTecoloteSF\/\" \/>\n<meta property=\"article:published_time\" content=\"2019-09-12T18:56:22+00:00\" \/>\n<meta property=\"article:modified_time\" content=\"2019-09-12T19:50:22+00:00\" \/>\n<meta property=\"og:image\" content=\"https:\/\/i0.wp.com\/eltecolote.org\/content\/wp-content\/uploads\/2019\/09\/JuanLudd_Bolsonaro-WEB-1.jpg?fit=998%2C715&ssl=1\" \/>\n\t<meta property=\"og:image:width\" content=\"998\" \/>\n\t<meta property=\"og:image:height\" content=\"715\" \/>\n\t<meta property=\"og:image:type\" content=\"image\/jpeg\" \/>\n<meta name=\"author\" content=\"El Tecolote Staff\" \/>\n<meta name=\"twitter:card\" content=\"summary_large_image\" \/>\n<meta name=\"twitter:creator\" content=\"@eltecolotesf\" \/>\n<meta name=\"twitter:site\" content=\"@eltecolotesf\" \/>\n<meta name=\"twitter:label1\" content=\"Written by\" \/>\n\t<meta name=\"twitter:data1\" content=\"El Tecolote Staff\" \/>\n\t<meta name=\"twitter:label2\" content=\"Est. reading time\" \/>\n\t<meta name=\"twitter:data2\" content=\"4 minutes\" \/>\n<script type=\"application\/ld+json\" class=\"yoast-schema-graph\">{\"@context\":\"https:\\\/\\\/schema.org\",\"@graph\":[{\"@type\":\"NewsArticle\",\"@id\":\"https:\\\/\\\/eltecolote.org\\\/content\\\/es\\\/amazonas-en-llamas-mientras-bolsonaro-busca-deslindarse\\\/#article\",\"isPartOf\":{\"@id\":\"https:\\\/\\\/eltecolote.org\\\/content\\\/es\\\/amazonas-en-llamas-mientras-bolsonaro-busca-deslindarse\\\/\"},\"author\":{\"name\":\"El Tecolote Staff\",\"@id\":\"https:\\\/\\\/eltecolote.org\\\/content\\\/#\\\/schema\\\/person\\\/08828d10185eba96895a8363a269410e\"},\"headline\":\"Amazonas en llamas mientras Bolsonaro busca deslindarse\",\"datePublished\":\"2019-09-12T18:56:22+00:00\",\"dateModified\":\"2019-09-12T19:50:22+00:00\",\"mainEntityOfPage\":{\"@id\":\"https:\\\/\\\/eltecolote.org\\\/content\\\/es\\\/amazonas-en-llamas-mientras-bolsonaro-busca-deslindarse\\\/\"},\"wordCount\":819,\"commentCount\":0,\"publisher\":{\"@id\":\"https:\\\/\\\/eltecolote.org\\\/content\\\/#organization\"},\"image\":{\"@id\":\"https:\\\/\\\/eltecolote.org\\\/content\\\/es\\\/amazonas-en-llamas-mientras-bolsonaro-busca-deslindarse\\\/#primaryimage\"},\"thumbnailUrl\":\"https:\\\/\\\/i0.wp.com\\\/eltecolote.org\\\/content\\\/wp-content\\\/uploads\\\/2019\\\/09\\\/JuanLudd_Bolsonaro-WEB-1.jpg?fit=998%2C715&quality=89&ssl=1\",\"keywords\":[\"Brasil\",\"Jair Bolsonaro\",\"selva amaz\u00f3nica\"],\"articleSection\":[\"Voces\"],\"inLanguage\":\"en\",\"potentialAction\":[{\"@type\":\"CommentAction\",\"name\":\"Comment\",\"target\":[\"https:\\\/\\\/eltecolote.org\\\/content\\\/es\\\/amazonas-en-llamas-mientras-bolsonaro-busca-deslindarse\\\/#respond\"]}]},{\"@type\":\"WebPage\",\"@id\":\"https:\\\/\\\/eltecolote.org\\\/content\\\/es\\\/amazonas-en-llamas-mientras-bolsonaro-busca-deslindarse\\\/\",\"url\":\"https:\\\/\\\/eltecolote.org\\\/content\\\/es\\\/amazonas-en-llamas-mientras-bolsonaro-busca-deslindarse\\\/\",\"name\":\"Amazonas en llamas mientras Bolsonaro busca deslindarse - El Tecolote\",\"isPartOf\":{\"@id\":\"https:\\\/\\\/eltecolote.org\\\/content\\\/#website\"},\"primaryImageOfPage\":{\"@id\":\"https:\\\/\\\/eltecolote.org\\\/content\\\/es\\\/amazonas-en-llamas-mientras-bolsonaro-busca-deslindarse\\\/#primaryimage\"},\"image\":{\"@id\":\"https:\\\/\\\/eltecolote.org\\\/content\\\/es\\\/amazonas-en-llamas-mientras-bolsonaro-busca-deslindarse\\\/#primaryimage\"},\"thumbnailUrl\":\"https:\\\/\\\/i0.wp.com\\\/eltecolote.org\\\/content\\\/wp-content\\\/uploads\\\/2019\\\/09\\\/JuanLudd_Bolsonaro-WEB-1.jpg?fit=998%2C715&quality=89&ssl=1\",\"datePublished\":\"2019-09-12T18:56:22+00:00\",\"dateModified\":\"2019-09-12T19:50:22+00:00\",\"description\":\"La selva amaz\u00f3nica de Brasil est\u00e1 ardiendo en su \u00edndice m\u00e1s alto desde 2013. \u00bfLa raz\u00f3n? El gobierno brasile\u00f1o est\u00e1 permitiendo que suceda. La\",\"inLanguage\":\"en\",\"potentialAction\":[{\"@type\":\"ReadAction\",\"target\":[\"https:\\\/\\\/eltecolote.org\\\/content\\\/es\\\/amazonas-en-llamas-mientras-bolsonaro-busca-deslindarse\\\/\"]}]},{\"@type\":\"ImageObject\",\"inLanguage\":\"en\",\"@id\":\"https:\\\/\\\/eltecolote.org\\\/content\\\/es\\\/amazonas-en-llamas-mientras-bolsonaro-busca-deslindarse\\\/#primaryimage\",\"url\":\"https:\\\/\\\/i0.wp.com\\\/eltecolote.org\\\/content\\\/wp-content\\\/uploads\\\/2019\\\/09\\\/JuanLudd_Bolsonaro-WEB-1.jpg?fit=998%2C715&quality=89&ssl=1\",\"contentUrl\":\"https:\\\/\\\/i0.wp.com\\\/eltecolote.org\\\/content\\\/wp-content\\\/uploads\\\/2019\\\/09\\\/JuanLudd_Bolsonaro-WEB-1.jpg?fit=998%2C715&quality=89&ssl=1\",\"width\":998,\"height\":715,\"caption\":\"Ilustraci\u00f3n: JuanLudd\"},{\"@type\":\"WebSite\",\"@id\":\"https:\\\/\\\/eltecolote.org\\\/content\\\/#website\",\"url\":\"https:\\\/\\\/eltecolote.org\\\/content\\\/\",\"name\":\"El Tecolote\",\"description\":\"San Francisco's Latinx newspaper since 1970\",\"publisher\":{\"@id\":\"https:\\\/\\\/eltecolote.org\\\/content\\\/#organization\"},\"potentialAction\":[{\"@type\":\"SearchAction\",\"target\":{\"@type\":\"EntryPoint\",\"urlTemplate\":\"https:\\\/\\\/eltecolote.org\\\/content\\\/?s={search_term_string}\"},\"query-input\":{\"@type\":\"PropertyValueSpecification\",\"valueRequired\":true,\"valueName\":\"search_term_string\"}}],\"inLanguage\":\"en\"},{\"@type\":\"Organization\",\"@id\":\"https:\\\/\\\/eltecolote.org\\\/content\\\/#organization\",\"name\":\"El Tecolote\",\"url\":\"https:\\\/\\\/eltecolote.org\\\/content\\\/\",\"logo\":{\"@type\":\"ImageObject\",\"inLanguage\":\"en\",\"@id\":\"https:\\\/\\\/eltecolote.org\\\/content\\\/#\\\/schema\\\/logo\\\/image\\\/\",\"url\":\"https:\\\/\\\/i0.wp.com\\\/eltecolote.org\\\/content\\\/wp-content\\\/uploads\\\/2021\\\/05\\\/ETlogo-1.jpg?fit=400%2C400&ssl=1\",\"contentUrl\":\"https:\\\/\\\/i0.wp.com\\\/eltecolote.org\\\/content\\\/wp-content\\\/uploads\\\/2021\\\/05\\\/ETlogo-1.jpg?fit=400%2C400&ssl=1\",\"width\":400,\"height\":400,\"caption\":\"El Tecolote\"},\"image\":{\"@id\":\"https:\\\/\\\/eltecolote.org\\\/content\\\/#\\\/schema\\\/logo\\\/image\\\/\"},\"sameAs\":[\"https:\\\/\\\/www.facebook.com\\\/ElTecoloteSF\\\/\",\"https:\\\/\\\/x.com\\\/eltecolotesf\",\"https:\\\/\\\/www.instagram.com\\\/eltecolotesf\\\/\"]},{\"@type\":\"Person\",\"@id\":\"https:\\\/\\\/eltecolote.org\\\/content\\\/#\\\/schema\\\/person\\\/08828d10185eba96895a8363a269410e\",\"name\":\"El Tecolote Staff\",\"image\":{\"@type\":\"ImageObject\",\"inLanguage\":\"en\",\"@id\":\"https:\\\/\\\/secure.gravatar.com\\\/avatar\\\/9534c92c8c908364e186a64d93efc86f62367109d1b07a3454facde655968589?s=96&d=mm&r=g6afcb607783e095e4cf6be807353924d\",\"url\":\"https:\\\/\\\/secure.gravatar.com\\\/avatar\\\/9534c92c8c908364e186a64d93efc86f62367109d1b07a3454facde655968589?s=96&d=mm&r=g\",\"contentUrl\":\"https:\\\/\\\/secure.gravatar.com\\\/avatar\\\/9534c92c8c908364e186a64d93efc86f62367109d1b07a3454facde655968589?s=96&d=mm&r=g\",\"caption\":\"El Tecolote Staff\"},\"url\":\"https:\\\/\\\/eltecolote.org\\\/content\\\/author\\\/web-editor\\\/\"}]}<\/script>\n<!-- \/ Yoast SEO plugin. -->","yoast_head_json":{"title":"Amazonas en llamas mientras Bolsonaro busca deslindarse - El Tecolote","description":"La selva amaz\u00f3nica de Brasil est\u00e1 ardiendo en su \u00edndice m\u00e1s alto desde 2013. \u00bfLa raz\u00f3n? El gobierno brasile\u00f1o est\u00e1 permitiendo que suceda. La","robots":{"index":"index","follow":"follow","max-snippet":"max-snippet:-1","max-image-preview":"max-image-preview:large","max-video-preview":"max-video-preview:-1"},"canonical":"https:\/\/eltecolote.org\/content\/es\/amazonas-en-llamas-mientras-bolsonaro-busca-deslindarse\/","og_locale":"en_US","og_type":"article","og_title":"Amazonas en llamas mientras Bolsonaro busca deslindarse - El Tecolote","og_description":"La selva amaz\u00f3nica de Brasil est\u00e1 ardiendo en su \u00edndice m\u00e1s alto desde 2013. \u00bfLa raz\u00f3n? El gobierno brasile\u00f1o est\u00e1 permitiendo que suceda. La","og_url":"https:\/\/eltecolote.org\/content\/es\/amazonas-en-llamas-mientras-bolsonaro-busca-deslindarse\/","og_site_name":"El Tecolote","article_publisher":"https:\/\/www.facebook.com\/ElTecoloteSF\/","article_published_time":"2019-09-12T18:56:22+00:00","article_modified_time":"2019-09-12T19:50:22+00:00","og_image":[{"width":998,"height":715,"url":"https:\/\/i0.wp.com\/eltecolote.org\/content\/wp-content\/uploads\/2019\/09\/JuanLudd_Bolsonaro-WEB-1.jpg?fit=998%2C715&ssl=1","type":"image\/jpeg"}],"author":"El Tecolote Staff","twitter_card":"summary_large_image","twitter_creator":"@eltecolotesf","twitter_site":"@eltecolotesf","twitter_misc":{"Written by":"El Tecolote Staff","Est. reading time":"4 minutes"},"schema":{"@context":"https:\/\/schema.org","@graph":[{"@type":"NewsArticle","@id":"https:\/\/eltecolote.org\/content\/es\/amazonas-en-llamas-mientras-bolsonaro-busca-deslindarse\/#article","isPartOf":{"@id":"https:\/\/eltecolote.org\/content\/es\/amazonas-en-llamas-mientras-bolsonaro-busca-deslindarse\/"},"author":{"name":"El Tecolote Staff","@id":"https:\/\/eltecolote.org\/content\/#\/schema\/person\/08828d10185eba96895a8363a269410e"},"headline":"Amazonas en llamas mientras Bolsonaro busca deslindarse","datePublished":"2019-09-12T18:56:22+00:00","dateModified":"2019-09-12T19:50:22+00:00","mainEntityOfPage":{"@id":"https:\/\/eltecolote.org\/content\/es\/amazonas-en-llamas-mientras-bolsonaro-busca-deslindarse\/"},"wordCount":819,"commentCount":0,"publisher":{"@id":"https:\/\/eltecolote.org\/content\/#organization"},"image":{"@id":"https:\/\/eltecolote.org\/content\/es\/amazonas-en-llamas-mientras-bolsonaro-busca-deslindarse\/#primaryimage"},"thumbnailUrl":"https:\/\/i0.wp.com\/eltecolote.org\/content\/wp-content\/uploads\/2019\/09\/JuanLudd_Bolsonaro-WEB-1.jpg?fit=998%2C715&quality=89&ssl=1","keywords":["Brasil","Jair Bolsonaro","selva amaz\u00f3nica"],"articleSection":["Voces"],"inLanguage":"en","potentialAction":[{"@type":"CommentAction","name":"Comment","target":["https:\/\/eltecolote.org\/content\/es\/amazonas-en-llamas-mientras-bolsonaro-busca-deslindarse\/#respond"]}]},{"@type":"WebPage","@id":"https:\/\/eltecolote.org\/content\/es\/amazonas-en-llamas-mientras-bolsonaro-busca-deslindarse\/","url":"https:\/\/eltecolote.org\/content\/es\/amazonas-en-llamas-mientras-bolsonaro-busca-deslindarse\/","name":"Amazonas en llamas mientras Bolsonaro busca deslindarse - El Tecolote","isPartOf":{"@id":"https:\/\/eltecolote.org\/content\/#website"},"primaryImageOfPage":{"@id":"https:\/\/eltecolote.org\/content\/es\/amazonas-en-llamas-mientras-bolsonaro-busca-deslindarse\/#primaryimage"},"image":{"@id":"https:\/\/eltecolote.org\/content\/es\/amazonas-en-llamas-mientras-bolsonaro-busca-deslindarse\/#primaryimage"},"thumbnailUrl":"https:\/\/i0.wp.com\/eltecolote.org\/content\/wp-content\/uploads\/2019\/09\/JuanLudd_Bolsonaro-WEB-1.jpg?fit=998%2C715&quality=89&ssl=1","datePublished":"2019-09-12T18:56:22+00:00","dateModified":"2019-09-12T19:50:22+00:00","description":"La selva amaz\u00f3nica de Brasil est\u00e1 ardiendo en su \u00edndice m\u00e1s alto desde 2013. \u00bfLa raz\u00f3n? El gobierno brasile\u00f1o est\u00e1 permitiendo que suceda. La","inLanguage":"en","potentialAction":[{"@type":"ReadAction","target":["https:\/\/eltecolote.org\/content\/es\/amazonas-en-llamas-mientras-bolsonaro-busca-deslindarse\/"]}]},{"@type":"ImageObject","inLanguage":"en","@id":"https:\/\/eltecolote.org\/content\/es\/amazonas-en-llamas-mientras-bolsonaro-busca-deslindarse\/#primaryimage","url":"https:\/\/i0.wp.com\/eltecolote.org\/content\/wp-content\/uploads\/2019\/09\/JuanLudd_Bolsonaro-WEB-1.jpg?fit=998%2C715&quality=89&ssl=1","contentUrl":"https:\/\/i0.wp.com\/eltecolote.org\/content\/wp-content\/uploads\/2019\/09\/JuanLudd_Bolsonaro-WEB-1.jpg?fit=998%2C715&quality=89&ssl=1","width":998,"height":715,"caption":"Ilustraci\u00f3n: JuanLudd"},{"@type":"WebSite","@id":"https:\/\/eltecolote.org\/content\/#website","url":"https:\/\/eltecolote.org\/content\/","name":"El Tecolote","description":"San Francisco's Latinx newspaper since 1970","publisher":{"@id":"https:\/\/eltecolote.org\/content\/#organization"},"potentialAction":[{"@type":"SearchAction","target":{"@type":"EntryPoint","urlTemplate":"https:\/\/eltecolote.org\/content\/?s={search_term_string}"},"query-input":{"@type":"PropertyValueSpecification","valueRequired":true,"valueName":"search_term_string"}}],"inLanguage":"en"},{"@type":"Organization","@id":"https:\/\/eltecolote.org\/content\/#organization","name":"El Tecolote","url":"https:\/\/eltecolote.org\/content\/","logo":{"@type":"ImageObject","inLanguage":"en","@id":"https:\/\/eltecolote.org\/content\/#\/schema\/logo\/image\/","url":"https:\/\/i0.wp.com\/eltecolote.org\/content\/wp-content\/uploads\/2021\/05\/ETlogo-1.jpg?fit=400%2C400&ssl=1","contentUrl":"https:\/\/i0.wp.com\/eltecolote.org\/content\/wp-content\/uploads\/2021\/05\/ETlogo-1.jpg?fit=400%2C400&ssl=1","width":400,"height":400,"caption":"El Tecolote"},"image":{"@id":"https:\/\/eltecolote.org\/content\/#\/schema\/logo\/image\/"},"sameAs":["https:\/\/www.facebook.com\/ElTecoloteSF\/","https:\/\/x.com\/eltecolotesf","https:\/\/www.instagram.com\/eltecolotesf\/"]},{"@type":"Person","@id":"https:\/\/eltecolote.org\/content\/#\/schema\/person\/08828d10185eba96895a8363a269410e","name":"El Tecolote Staff","image":{"@type":"ImageObject","inLanguage":"en","@id":"https:\/\/secure.gravatar.com\/avatar\/9534c92c8c908364e186a64d93efc86f62367109d1b07a3454facde655968589?s=96&d=mm&r=g6afcb607783e095e4cf6be807353924d","url":"https:\/\/secure.gravatar.com\/avatar\/9534c92c8c908364e186a64d93efc86f62367109d1b07a3454facde655968589?s=96&d=mm&r=g","contentUrl":"https:\/\/secure.gravatar.com\/avatar\/9534c92c8c908364e186a64d93efc86f62367109d1b07a3454facde655968589?s=96&d=mm&r=g","caption":"El Tecolote Staff"},"url":"https:\/\/eltecolote.org\/content\/author\/web-editor\/"}]}},"distributor_meta":false,"distributor_terms":false,"distributor_media":false,"distributor_original_site_name":"El Tecolote","distributor_original_site_url":"https:\/\/eltecolote.org\/content","push-errors":false,"_links":{"self":[{"href":"https:\/\/eltecolote.org\/content\/wp-json\/wp\/v2\/posts\/41505","targetHints":{"allow":["GET"]}}],"collection":[{"href":"https:\/\/eltecolote.org\/content\/wp-json\/wp\/v2\/posts"}],"about":[{"href":"https:\/\/eltecolote.org\/content\/wp-json\/wp\/v2\/types\/post"}],"author":[{"embeddable":true,"href":"https:\/\/eltecolote.org\/content\/wp-json\/wp\/v2\/users\/35"}],"replies":[{"embeddable":true,"href":"https:\/\/eltecolote.org\/content\/wp-json\/wp\/v2\/comments?post=41505"}],"version-history":[{"count":1,"href":"https:\/\/eltecolote.org\/content\/wp-json\/wp\/v2\/posts\/41505\/revisions"}],"predecessor-version":[{"id":41507,"href":"https:\/\/eltecolote.org\/content\/wp-json\/wp\/v2\/posts\/41505\/revisions\/41507"}],"wp:featuredmedia":[{"embeddable":true,"href":"https:\/\/eltecolote.org\/content\/wp-json\/wp\/v2\/media\/41506"}],"wp:attachment":[{"href":"https:\/\/eltecolote.org\/content\/wp-json\/wp\/v2\/media?parent=41505"}],"wp:term":[{"taxonomy":"category","embeddable":true,"href":"https:\/\/eltecolote.org\/content\/wp-json\/wp\/v2\/categories?post=41505"},{"taxonomy":"post_tag","embeddable":true,"href":"https:\/\/eltecolote.org\/content\/wp-json\/wp\/v2\/tags?post=41505"},{"taxonomy":"author","embeddable":true,"href":"https:\/\/eltecolote.org\/content\/wp-json\/wp\/v2\/coauthors?post=41505"}],"curies":[{"name":"wp","href":"https:\/\/api.w.org\/{rel}","templated":true}]}}