{"id":41365,"date":"2019-08-16T10:33:34","date_gmt":"2019-08-16T17:33:34","guid":{"rendered":"http:\/\/eltecolote.org\/content\/?p=41365"},"modified":"2019-08-16T10:33:34","modified_gmt":"2019-08-16T17:33:34","slug":"defensores-consideran-prioritarias-comunidades-dificiles-de-contabilizar-para-censo-2020","status":"publish","type":"post","link":"https:\/\/eltecolote.org\/content\/es\/defensores-consideran-prioritarias-comunidades-dificiles-de-contabilizar-para-censo-2020\/","title":{"rendered":"Defensores consideran prioritarias comunidades dif\u00edciles de contabilizar para Censo 2020"},"content":{"rendered":"<figure id=\"attachment_41367\" aria-describedby=\"caption-attachment-41367\" style=\"width: 1500px\" class=\"wp-caption aligncenter\"><img data-recalc-dims=\"1\" loading=\"lazy\" decoding=\"async\" class=\"size-full wp-image-41367\" src=\"https:\/\/i0.wp.com\/eltecolote.org\/content\/wp-content\/uploads\/2019\/08\/010_PaseoArtistico_08102019_0100-WEB_1-1.jpg?resize=1500%2C964&#038;quality=89&#038;ssl=1\" alt=\"\" width=\"1500\" height=\"964\" srcset=\"https:\/\/i0.wp.com\/eltecolote.org\/content\/wp-content\/uploads\/2019\/08\/010_PaseoArtistico_08102019_0100-WEB_1-1.jpg?w=1500&amp;quality=89&amp;ssl=1 1500w, https:\/\/i0.wp.com\/eltecolote.org\/content\/wp-content\/uploads\/2019\/08\/010_PaseoArtistico_08102019_0100-WEB_1-1.jpg?resize=600%2C386&amp;quality=89&amp;ssl=1 600w, https:\/\/i0.wp.com\/eltecolote.org\/content\/wp-content\/uploads\/2019\/08\/010_PaseoArtistico_08102019_0100-WEB_1-1.jpg?resize=360%2C231&amp;quality=89&amp;ssl=1 360w, https:\/\/i0.wp.com\/eltecolote.org\/content\/wp-content\/uploads\/2019\/08\/010_PaseoArtistico_08102019_0100-WEB_1-1.jpg?resize=768%2C494&amp;quality=89&amp;ssl=1 768w\" sizes=\"auto, (max-width: 1000px) 100vw, 1000px\" \/><figcaption id=\"caption-attachment-41367\" class=\"wp-caption-text\">Un mural hecho por la comunidad en conjunto con Precita Eyes dice \u2018Cuenta conmigo en el Cenco 2020\u2019, durante el Paseo Art\u00edstico, un evento bimensual organizado por Acci\u00f3n Latina, el 10 de agosto de 2019. El evento inform\u00f3 al p\u00fablico sobre c\u00f3mo participar en el Censo, c\u00f3mo beneficia a las familias y a la comunidad del Distrito Misi\u00f3n con mayores recursos para salud, trabajo, educaci\u00f3n, vivienda y otros servicios sociales. Foto: Beth LaBerge<\/figcaption><\/figure>\n<p class=\"p1\"><b><\/b>Con el lanzamiento del Censo en abril de 2020, los coordinadores de la Oficina del Censo de los EEUU, est\u00e1n trabajando activamente para incluir a las comunidades dif\u00edciles de contabilizar y as\u00ed garantizar que su representaci\u00f3n sea m\u00e1s precisa a nivel nacional.<\/p>\n<p class=\"p6\">Sin embargo, para las comunidades ind\u00edgenas en todo del pa\u00eds, el participar en una encuesta federal puede ser una idea intimidante debido al largo y doloroso historial entre el gobierno estadounidense y dichas comunidades.<\/p>\n<p class=\"p6\">\u201cExiste una verdadera falta de confianza hacia el gobierno federal cuando se trata de completar la informaci\u00f3n sobre nuestras familias\u201d, dijo Britta Guerrero, directora general del Centro de Salud para Nativos Americanos de Sacramento (NAHC, por sus siglas en ingl\u00e9s). \u201cTodav\u00eda existe un trauma hist\u00f3rico que sufren nuestras comunidades, donde los ni\u00f1os fueron sacados de sus hogares y enviados a internados&#8230; Como hay un alto porcentaje de servicio militar dentro de la comunidad nativa, esto resulta en que tengamos menos servicios all\u00ed. Desear un reporte y un conteo no es realmente una prioridad para ellos all\u00ed\u201d.<\/p>\n<p class=\"p6\">NAHC es un centro de salud acreditado a nivel federal que brinda atenci\u00f3n m\u00e9dica primaria, atenci\u00f3n dental, psiquiatr\u00eda y optometr\u00eda de salud b\u00e1sica a las poblaciones nativas y las personas cuyo seguro m\u00e9dico es insuficiente en las \u00e1reas urbanas. Tambi\u00e9n este centro es l\u00edder del Subcomit\u00e9 de Recuento Completo de los Nativos Americanos en Sacramento, donde se trabaja para involucrar a los grupos ind\u00edgenas en el conteo y con la meta de alcanzar a un grupo en especial.<\/p>\n<p class=\"p6\">Jenine Gains, gerente de comunicaciones de NAHC, dijo que est\u00e1n trabajando con el condado de Sacramento para incorporar los mensajes del Censo 2020 a trav\u00e9s de eventos ya existentes, tales como Pow Wows, con el fin de llegar a la comunidad ind\u00edgena que reside en el condado. Sin embargo, informar a las comunidades ind\u00edgenas sobre la importancia del censo para la asignaci\u00f3n estatal de fondos es otro factor muy importante para el NAHC.<\/p>\n<p class=\"p6\">\u201cLa gente en general siente que el gobierno federal es responsable del censo y que en 2020 es un censo estatal, por lo que nuestros n\u00fameros se informan al estado\u201d, dijo Guerrero. \u201cEsto no siempre ha sido as\u00ed, como tenemos una relaci\u00f3n directa con el gobierno federal, no se entiende la importancia de c\u00f3mo se asignan los fondos a trav\u00e9s del estado\u201d.<\/p>\n<p class=\"p6\">Hong Mei Pang, director de Abogac\u00eda y Acci\u00f3n Afirmativa en San Francisco a favor de las personas de origen chino ha estado trabajando directamente con comunidades dif\u00edciles de contabilizar para garantizar que tengan \u201cacceso equitativo y que puedan entender la importancia del censo tal como es. Tiene que ver con recibir nuestra parte justa de recursos para la representaci\u00f3n pol\u00edtica. Por un lado, se trata realmente de dar a conocer que la relaci\u00f3n que los posibles recursos que se reciben, tienen un impacto en el d\u00eda a d\u00eda\u201d, dijo Pang y agreg\u00f3: \u201cEspecialmente para estas comunidades dif\u00edciles de contar las cuales experimentan gran cantidad de privaci\u00f3n de derechos e inequidad econ\u00f3mica, social y pol\u00edtica\u201d.<\/p>\n<p class=\"p6\">Los grupos ind\u00edgenas de otras comunidades dependen de programas financiados por el estado para la educaci\u00f3n, la vivienda y los servicios sociales. El Departamento de Vivienda y Desarrollo Urbano de los EEUU (HUD, tambi\u00e9n por sus siglas en ingl\u00e9s), financia la Oficina de Programas para Nativos Americanos, que incluye un total de siete programas de vivienda.<\/p>\n<p class=\"p6\">Seg\u00fan un estudio del HUD publicado en 2017, las viviendas est\u00e1n sobrepobladas y por debajo de los est\u00e1ndares para el hogar promedio del pa\u00eds. El estudio concluy\u00f3 que en un per\u00edodo de dos a\u00f1os, el HUD necesitar\u00eda construir 68 mil nuevas unidades para eliminar la sobrepoblaci\u00f3n y reemplazar las unidades de vivienda de bajo est\u00e1ndar.<\/p>\n<p class=\"p6\">Los fondos para los programas de vivienda como HUD designados a las poblaciones ind\u00edgenas se ven directamente afectados por el censo, los cuales requieren una representaci\u00f3n precisa para ser distribuidos.<\/p>\n<p class=\"p6\">La Coordinadora de la Asociaci\u00f3n del Censo de los EEUU, Jessica Imotichey, encabeza la asociaci\u00f3n tribal en la regi\u00f3n de Los \u00c1ngeles. Seg\u00fan Imotichey, el programa para el censo, contrat\u00f3 a un especialista tribal y un especialista nativo de las islas del Pac\u00edfico para trabajar con los miembros de la comunidad. En enero de 2020, se lanzar\u00e1 una campa\u00f1a medi\u00e1tica espec\u00edfica por tribu y as\u00ed alentar la participaci\u00f3n, inform\u00f3 Imotichey.<\/p>\n<p class=\"p6\">\u201cEs importante que [grupos ind\u00edgenas] participen\u201d, dijo Imotichey. \u201cUno es la representaci\u00f3n. Realmente les da una voz m\u00e1s fuerte. Queremos asegurarnos de que sean reconocidos y una forma de hacerlo es dando a conocer a su poblaci\u00f3n a trav\u00e9s de n\u00fameros reales, estad\u00edsticas y datos\u201d.<\/p>\n<p class=\"p6\">Actualmente, la comunidad Mam (mayas de Guatemala) en la Bah\u00eda Este es un grupo no contabilizado con precisi\u00f3n porque el Censo tiene muy poca informaci\u00f3n sobre ellos. Henry Sales, l\u00edder de la comunidad y traductor de Mam, es uno de los tres traductores de ese idioma en el pa\u00eds. Aunque hay informaci\u00f3n muy limitada sobre este grupo ind\u00edgena, Sales se esfuerza para informar a su comunidad sobre la importancia del Censo 2020.<\/p>\n<p class=\"p6\">\u201cSi bien los idiomas han proliferado a 12 en el censo, sabemos que muchas de nuestras comunidades se encuentran en la intersecci\u00f3n de las divisiones digitales donde no hay un acceso confiable a Internet o una computadora. Sobretodo para las comunidades inmigrantes reci\u00e9n llegadas de bajos ingresos tales como familias de clase trabajadora o personas mayores\u201d, dijo Pang.<\/p>\n<p class=\"p6\">Aunque los materiales del censo ahora est\u00e1n disponibles en una docena de idiomas, eso no incluye los idiomas ind\u00edgenas como el maya Mam. Sales dijo que al explicar el censo a su comunidad, por momentos ciertas palabras en ingl\u00e9s no tienen una traducci\u00f3n directa al Mam, lo que dificulta explicar su importancia.<\/p>\n<p class=\"p6\">\u201cPor ejemplo, cuando digo la palabra \u2018asilo\u2019, muchos de ellos no saben lo que significa esa palabra, porque esa palabra no existe en el idioma Mam\u201d, dijo Sales. \u201cAs\u00ed que tenemos que encontrar la definici\u00f3n y explicarla\u201d.<\/p>\n<p class=\"p6\">Ahora que la generaci\u00f3n m\u00e1s joven de la comunidad Mam asiste al Distrito Escolar de Oakland, el condado de Alameda tiene una idea de la poblaci\u00f3n Mam maya de la Bah\u00eda Este. Sin embargo, todav\u00eda se sabe muy poco acerca de estas comunidades ind\u00edgenas, las cuales han ido creciendo a lo largo de los a\u00f1os.<\/p>\n<p class=\"p6\">\u201cNos llamaban latinos porque algunos de nosotros hablamos algo de espa\u00f1ol\u201d, dijo Sales. \u201cPero ahora, en los \u00faltimos cinco a\u00f1os, la poblaci\u00f3n Mam ha crecido y muchos de nosotros nos damos cuenta de qui\u00e9nes somos. Ind\u00edgenas mayas que queremos ser representados como tales\u201d.<\/p>\n<p class=\"p6\">Cuando <i>El Tecolote<\/i> public\u00f3 una art\u00edculo sobre la comunidad Mam a fines de 2018, se estimaba que 10 mil integrantes viv\u00edan en la Bah\u00eda Este, la mayor\u00eda de ellos al este de Oakland. Con un censo exacto, finalmente podremos saber el n\u00famero verdadero.<b> <\/b><\/p>\n","protected":false},"excerpt":{"rendered":"<p>Con el lanzamiento del Censo en abril de 2020, los coordinadores de la Oficina del Censo de los EEUU, est\u00e1n trabajando activamente para incluir a las comunidades dif\u00edciles de contabilizar y as\u00ed garantizar que su representaci\u00f3n sea m\u00e1s precisa a nivel nacional. Sin embargo, para las comunidades ind\u00edgenas en todo del pa\u00eds, el participar en [&hellip;]<\/p>\n","protected":false},"author":35,"featured_media":41367,"comment_status":"open","ping_status":"closed","sticky":false,"template":"","format":"standard","meta":{"newspack_popups_has_disabled_popups":false,"newspack_featured_image_position":"","newspack_post_subtitle":"","newspack_article_summary_title":"Overview:","newspack_article_summary":"","newspack_hide_updated_date":false,"newspack_show_updated_date":false,"footnotes":""},"categories":[3519],"tags":[17994],"coauthors":[],"class_list":["post-41365","post","type-post","status-publish","format-standard","has-post-thumbnail","hentry","category-noticias","tag-censo-2020","entry"],"yoast_head":"<!-- This site is optimized with the Yoast SEO plugin v27.5 - https:\/\/yoast.com\/product\/yoast-seo-wordpress\/ -->\n<title>Defensores consideran prioritarias comunidades dif\u00edciles de contabilizar para Censo 2020 - El Tecolote<\/title>\n<meta name=\"description\" content=\"Con el lanzamiento del Censo en abril de 2020, los coordinadores de la Oficina del Censo de los EEUU, est\u00e1n trabajando activamente para incluir a las\" \/>\n<meta name=\"robots\" content=\"index, follow, max-snippet:-1, max-image-preview:large, max-video-preview:-1\" \/>\n<link rel=\"canonical\" href=\"https:\/\/eltecolote.org\/content\/es\/defensores-consideran-prioritarias-comunidades-dificiles-de-contabilizar-para-censo-2020\/\" \/>\n<meta property=\"og:locale\" content=\"en_US\" \/>\n<meta property=\"og:type\" content=\"article\" \/>\n<meta property=\"og:title\" content=\"Defensores consideran prioritarias comunidades dif\u00edciles de contabilizar para Censo 2020 - El Tecolote\" \/>\n<meta property=\"og:description\" content=\"Con el lanzamiento del Censo en abril de 2020, los coordinadores de la Oficina del Censo de los EEUU, est\u00e1n trabajando activamente para incluir a las\" \/>\n<meta property=\"og:url\" content=\"https:\/\/eltecolote.org\/content\/es\/defensores-consideran-prioritarias-comunidades-dificiles-de-contabilizar-para-censo-2020\/\" \/>\n<meta property=\"og:site_name\" content=\"El Tecolote\" \/>\n<meta property=\"article:publisher\" content=\"https:\/\/www.facebook.com\/ElTecoloteSF\/\" \/>\n<meta property=\"article:published_time\" content=\"2019-08-16T17:33:34+00:00\" \/>\n<meta property=\"og:image\" content=\"https:\/\/i0.wp.com\/eltecolote.org\/content\/wp-content\/uploads\/2019\/08\/010_PaseoArtistico_08102019_0100-WEB_1-1.jpg?fit=1500%2C964&ssl=1\" \/>\n\t<meta property=\"og:image:width\" content=\"1500\" \/>\n\t<meta property=\"og:image:height\" content=\"964\" \/>\n\t<meta property=\"og:image:type\" content=\"image\/jpeg\" \/>\n<meta name=\"author\" content=\"El Tecolote Staff\" \/>\n<meta name=\"twitter:card\" content=\"summary_large_image\" \/>\n<meta name=\"twitter:creator\" content=\"@eltecolotesf\" \/>\n<meta name=\"twitter:site\" content=\"@eltecolotesf\" \/>\n<meta name=\"twitter:label1\" content=\"Written by\" \/>\n\t<meta name=\"twitter:data1\" content=\"El Tecolote Staff\" \/>\n\t<meta name=\"twitter:label2\" content=\"Est. reading time\" \/>\n\t<meta name=\"twitter:data2\" content=\"6 minutes\" \/>\n<script type=\"application\/ld+json\" class=\"yoast-schema-graph\">{\"@context\":\"https:\\\/\\\/schema.org\",\"@graph\":[{\"@type\":\"NewsArticle\",\"@id\":\"https:\\\/\\\/eltecolote.org\\\/content\\\/es\\\/defensores-consideran-prioritarias-comunidades-dificiles-de-contabilizar-para-censo-2020\\\/#article\",\"isPartOf\":{\"@id\":\"https:\\\/\\\/eltecolote.org\\\/content\\\/es\\\/defensores-consideran-prioritarias-comunidades-dificiles-de-contabilizar-para-censo-2020\\\/\"},\"author\":{\"name\":\"El Tecolote Staff\",\"@id\":\"https:\\\/\\\/eltecolote.org\\\/content\\\/#\\\/schema\\\/person\\\/08828d10185eba96895a8363a269410e\"},\"headline\":\"Defensores consideran prioritarias comunidades dif\u00edciles de contabilizar para Censo 2020\",\"datePublished\":\"2019-08-16T17:33:34+00:00\",\"mainEntityOfPage\":{\"@id\":\"https:\\\/\\\/eltecolote.org\\\/content\\\/es\\\/defensores-consideran-prioritarias-comunidades-dificiles-de-contabilizar-para-censo-2020\\\/\"},\"wordCount\":1303,\"commentCount\":0,\"publisher\":{\"@id\":\"https:\\\/\\\/eltecolote.org\\\/content\\\/#organization\"},\"image\":{\"@id\":\"https:\\\/\\\/eltecolote.org\\\/content\\\/es\\\/defensores-consideran-prioritarias-comunidades-dificiles-de-contabilizar-para-censo-2020\\\/#primaryimage\"},\"thumbnailUrl\":\"https:\\\/\\\/i0.wp.com\\\/eltecolote.org\\\/content\\\/wp-content\\\/uploads\\\/2019\\\/08\\\/010_PaseoArtistico_08102019_0100-WEB_1-1.jpg?fit=1500%2C964&quality=89&ssl=1\",\"keywords\":[\"Censo 2020\"],\"articleSection\":[\"Noticias\"],\"inLanguage\":\"en\",\"potentialAction\":[{\"@type\":\"CommentAction\",\"name\":\"Comment\",\"target\":[\"https:\\\/\\\/eltecolote.org\\\/content\\\/es\\\/defensores-consideran-prioritarias-comunidades-dificiles-de-contabilizar-para-censo-2020\\\/#respond\"]}]},{\"@type\":\"WebPage\",\"@id\":\"https:\\\/\\\/eltecolote.org\\\/content\\\/es\\\/defensores-consideran-prioritarias-comunidades-dificiles-de-contabilizar-para-censo-2020\\\/\",\"url\":\"https:\\\/\\\/eltecolote.org\\\/content\\\/es\\\/defensores-consideran-prioritarias-comunidades-dificiles-de-contabilizar-para-censo-2020\\\/\",\"name\":\"Defensores consideran prioritarias comunidades dif\u00edciles de contabilizar para Censo 2020 - El Tecolote\",\"isPartOf\":{\"@id\":\"https:\\\/\\\/eltecolote.org\\\/content\\\/#website\"},\"primaryImageOfPage\":{\"@id\":\"https:\\\/\\\/eltecolote.org\\\/content\\\/es\\\/defensores-consideran-prioritarias-comunidades-dificiles-de-contabilizar-para-censo-2020\\\/#primaryimage\"},\"image\":{\"@id\":\"https:\\\/\\\/eltecolote.org\\\/content\\\/es\\\/defensores-consideran-prioritarias-comunidades-dificiles-de-contabilizar-para-censo-2020\\\/#primaryimage\"},\"thumbnailUrl\":\"https:\\\/\\\/i0.wp.com\\\/eltecolote.org\\\/content\\\/wp-content\\\/uploads\\\/2019\\\/08\\\/010_PaseoArtistico_08102019_0100-WEB_1-1.jpg?fit=1500%2C964&quality=89&ssl=1\",\"datePublished\":\"2019-08-16T17:33:34+00:00\",\"description\":\"Con el lanzamiento del Censo en abril de 2020, los coordinadores de la Oficina del Censo de los EEUU, est\u00e1n trabajando activamente para incluir a las\",\"inLanguage\":\"en\",\"potentialAction\":[{\"@type\":\"ReadAction\",\"target\":[\"https:\\\/\\\/eltecolote.org\\\/content\\\/es\\\/defensores-consideran-prioritarias-comunidades-dificiles-de-contabilizar-para-censo-2020\\\/\"]}]},{\"@type\":\"ImageObject\",\"inLanguage\":\"en\",\"@id\":\"https:\\\/\\\/eltecolote.org\\\/content\\\/es\\\/defensores-consideran-prioritarias-comunidades-dificiles-de-contabilizar-para-censo-2020\\\/#primaryimage\",\"url\":\"https:\\\/\\\/i0.wp.com\\\/eltecolote.org\\\/content\\\/wp-content\\\/uploads\\\/2019\\\/08\\\/010_PaseoArtistico_08102019_0100-WEB_1-1.jpg?fit=1500%2C964&quality=89&ssl=1\",\"contentUrl\":\"https:\\\/\\\/i0.wp.com\\\/eltecolote.org\\\/content\\\/wp-content\\\/uploads\\\/2019\\\/08\\\/010_PaseoArtistico_08102019_0100-WEB_1-1.jpg?fit=1500%2C964&quality=89&ssl=1\",\"width\":1500,\"height\":964,\"caption\":\"Un mural hecho por la comunidad en conjunto con Precita Eyes dice \u2018Cuenta conmigo en el Cenco 2020\u2019, durante el Paseo Art\u00edstico, un evento bimensual organizado por Acci\u00f3n Latina, el 10 de agosto de 2019. El evento inform\u00f3 al p\u00fablico sobre c\u00f3mo participar en el Censo, c\u00f3mo beneficia a las familias y a la comunidad del Distrito Misi\u00f3n con mayores recursos para salud, trabajo, educaci\u00f3n, vivienda y otros servicios sociales. Foto: Beth LaBerge\"},{\"@type\":\"WebSite\",\"@id\":\"https:\\\/\\\/eltecolote.org\\\/content\\\/#website\",\"url\":\"https:\\\/\\\/eltecolote.org\\\/content\\\/\",\"name\":\"El Tecolote\",\"description\":\"San Francisco's Latinx newspaper since 1970\",\"publisher\":{\"@id\":\"https:\\\/\\\/eltecolote.org\\\/content\\\/#organization\"},\"potentialAction\":[{\"@type\":\"SearchAction\",\"target\":{\"@type\":\"EntryPoint\",\"urlTemplate\":\"https:\\\/\\\/eltecolote.org\\\/content\\\/?s={search_term_string}\"},\"query-input\":{\"@type\":\"PropertyValueSpecification\",\"valueRequired\":true,\"valueName\":\"search_term_string\"}}],\"inLanguage\":\"en\"},{\"@type\":\"Organization\",\"@id\":\"https:\\\/\\\/eltecolote.org\\\/content\\\/#organization\",\"name\":\"El Tecolote\",\"url\":\"https:\\\/\\\/eltecolote.org\\\/content\\\/\",\"logo\":{\"@type\":\"ImageObject\",\"inLanguage\":\"en\",\"@id\":\"https:\\\/\\\/eltecolote.org\\\/content\\\/#\\\/schema\\\/logo\\\/image\\\/\",\"url\":\"https:\\\/\\\/i0.wp.com\\\/eltecolote.org\\\/content\\\/wp-content\\\/uploads\\\/2021\\\/05\\\/ETlogo-1.jpg?fit=400%2C400&ssl=1\",\"contentUrl\":\"https:\\\/\\\/i0.wp.com\\\/eltecolote.org\\\/content\\\/wp-content\\\/uploads\\\/2021\\\/05\\\/ETlogo-1.jpg?fit=400%2C400&ssl=1\",\"width\":400,\"height\":400,\"caption\":\"El Tecolote\"},\"image\":{\"@id\":\"https:\\\/\\\/eltecolote.org\\\/content\\\/#\\\/schema\\\/logo\\\/image\\\/\"},\"sameAs\":[\"https:\\\/\\\/www.facebook.com\\\/ElTecoloteSF\\\/\",\"https:\\\/\\\/x.com\\\/eltecolotesf\",\"https:\\\/\\\/www.instagram.com\\\/eltecolotesf\\\/\"]},{\"@type\":\"Person\",\"@id\":\"https:\\\/\\\/eltecolote.org\\\/content\\\/#\\\/schema\\\/person\\\/08828d10185eba96895a8363a269410e\",\"name\":\"El Tecolote Staff\",\"image\":{\"@type\":\"ImageObject\",\"inLanguage\":\"en\",\"@id\":\"https:\\\/\\\/secure.gravatar.com\\\/avatar\\\/9534c92c8c908364e186a64d93efc86f62367109d1b07a3454facde655968589?s=96&d=mm&r=g6afcb607783e095e4cf6be807353924d\",\"url\":\"https:\\\/\\\/secure.gravatar.com\\\/avatar\\\/9534c92c8c908364e186a64d93efc86f62367109d1b07a3454facde655968589?s=96&d=mm&r=g\",\"contentUrl\":\"https:\\\/\\\/secure.gravatar.com\\\/avatar\\\/9534c92c8c908364e186a64d93efc86f62367109d1b07a3454facde655968589?s=96&d=mm&r=g\",\"caption\":\"El Tecolote Staff\"},\"url\":\"https:\\\/\\\/eltecolote.org\\\/content\\\/author\\\/web-editor\\\/\"}]}<\/script>\n<!-- \/ Yoast SEO plugin. -->","yoast_head_json":{"title":"Defensores consideran prioritarias comunidades dif\u00edciles de contabilizar para Censo 2020 - El Tecolote","description":"Con el lanzamiento del Censo en abril de 2020, los coordinadores de la Oficina del Censo de los EEUU, est\u00e1n trabajando activamente para incluir a las","robots":{"index":"index","follow":"follow","max-snippet":"max-snippet:-1","max-image-preview":"max-image-preview:large","max-video-preview":"max-video-preview:-1"},"canonical":"https:\/\/eltecolote.org\/content\/es\/defensores-consideran-prioritarias-comunidades-dificiles-de-contabilizar-para-censo-2020\/","og_locale":"en_US","og_type":"article","og_title":"Defensores consideran prioritarias comunidades dif\u00edciles de contabilizar para Censo 2020 - El Tecolote","og_description":"Con el lanzamiento del Censo en abril de 2020, los coordinadores de la Oficina del Censo de los EEUU, est\u00e1n trabajando activamente para incluir a las","og_url":"https:\/\/eltecolote.org\/content\/es\/defensores-consideran-prioritarias-comunidades-dificiles-de-contabilizar-para-censo-2020\/","og_site_name":"El Tecolote","article_publisher":"https:\/\/www.facebook.com\/ElTecoloteSF\/","article_published_time":"2019-08-16T17:33:34+00:00","og_image":[{"width":1500,"height":964,"url":"https:\/\/i0.wp.com\/eltecolote.org\/content\/wp-content\/uploads\/2019\/08\/010_PaseoArtistico_08102019_0100-WEB_1-1.jpg?fit=1500%2C964&ssl=1","type":"image\/jpeg"}],"author":"El Tecolote Staff","twitter_card":"summary_large_image","twitter_creator":"@eltecolotesf","twitter_site":"@eltecolotesf","twitter_misc":{"Written by":"El Tecolote Staff","Est. reading time":"6 minutes"},"schema":{"@context":"https:\/\/schema.org","@graph":[{"@type":"NewsArticle","@id":"https:\/\/eltecolote.org\/content\/es\/defensores-consideran-prioritarias-comunidades-dificiles-de-contabilizar-para-censo-2020\/#article","isPartOf":{"@id":"https:\/\/eltecolote.org\/content\/es\/defensores-consideran-prioritarias-comunidades-dificiles-de-contabilizar-para-censo-2020\/"},"author":{"name":"El Tecolote Staff","@id":"https:\/\/eltecolote.org\/content\/#\/schema\/person\/08828d10185eba96895a8363a269410e"},"headline":"Defensores consideran prioritarias comunidades dif\u00edciles de contabilizar para Censo 2020","datePublished":"2019-08-16T17:33:34+00:00","mainEntityOfPage":{"@id":"https:\/\/eltecolote.org\/content\/es\/defensores-consideran-prioritarias-comunidades-dificiles-de-contabilizar-para-censo-2020\/"},"wordCount":1303,"commentCount":0,"publisher":{"@id":"https:\/\/eltecolote.org\/content\/#organization"},"image":{"@id":"https:\/\/eltecolote.org\/content\/es\/defensores-consideran-prioritarias-comunidades-dificiles-de-contabilizar-para-censo-2020\/#primaryimage"},"thumbnailUrl":"https:\/\/i0.wp.com\/eltecolote.org\/content\/wp-content\/uploads\/2019\/08\/010_PaseoArtistico_08102019_0100-WEB_1-1.jpg?fit=1500%2C964&quality=89&ssl=1","keywords":["Censo 2020"],"articleSection":["Noticias"],"inLanguage":"en","potentialAction":[{"@type":"CommentAction","name":"Comment","target":["https:\/\/eltecolote.org\/content\/es\/defensores-consideran-prioritarias-comunidades-dificiles-de-contabilizar-para-censo-2020\/#respond"]}]},{"@type":"WebPage","@id":"https:\/\/eltecolote.org\/content\/es\/defensores-consideran-prioritarias-comunidades-dificiles-de-contabilizar-para-censo-2020\/","url":"https:\/\/eltecolote.org\/content\/es\/defensores-consideran-prioritarias-comunidades-dificiles-de-contabilizar-para-censo-2020\/","name":"Defensores consideran prioritarias comunidades dif\u00edciles de contabilizar para Censo 2020 - El Tecolote","isPartOf":{"@id":"https:\/\/eltecolote.org\/content\/#website"},"primaryImageOfPage":{"@id":"https:\/\/eltecolote.org\/content\/es\/defensores-consideran-prioritarias-comunidades-dificiles-de-contabilizar-para-censo-2020\/#primaryimage"},"image":{"@id":"https:\/\/eltecolote.org\/content\/es\/defensores-consideran-prioritarias-comunidades-dificiles-de-contabilizar-para-censo-2020\/#primaryimage"},"thumbnailUrl":"https:\/\/i0.wp.com\/eltecolote.org\/content\/wp-content\/uploads\/2019\/08\/010_PaseoArtistico_08102019_0100-WEB_1-1.jpg?fit=1500%2C964&quality=89&ssl=1","datePublished":"2019-08-16T17:33:34+00:00","description":"Con el lanzamiento del Censo en abril de 2020, los coordinadores de la Oficina del Censo de los EEUU, est\u00e1n trabajando activamente para incluir a las","inLanguage":"en","potentialAction":[{"@type":"ReadAction","target":["https:\/\/eltecolote.org\/content\/es\/defensores-consideran-prioritarias-comunidades-dificiles-de-contabilizar-para-censo-2020\/"]}]},{"@type":"ImageObject","inLanguage":"en","@id":"https:\/\/eltecolote.org\/content\/es\/defensores-consideran-prioritarias-comunidades-dificiles-de-contabilizar-para-censo-2020\/#primaryimage","url":"https:\/\/i0.wp.com\/eltecolote.org\/content\/wp-content\/uploads\/2019\/08\/010_PaseoArtistico_08102019_0100-WEB_1-1.jpg?fit=1500%2C964&quality=89&ssl=1","contentUrl":"https:\/\/i0.wp.com\/eltecolote.org\/content\/wp-content\/uploads\/2019\/08\/010_PaseoArtistico_08102019_0100-WEB_1-1.jpg?fit=1500%2C964&quality=89&ssl=1","width":1500,"height":964,"caption":"Un mural hecho por la comunidad en conjunto con Precita Eyes dice \u2018Cuenta conmigo en el Cenco 2020\u2019, durante el Paseo Art\u00edstico, un evento bimensual organizado por Acci\u00f3n Latina, el 10 de agosto de 2019. El evento inform\u00f3 al p\u00fablico sobre c\u00f3mo participar en el Censo, c\u00f3mo beneficia a las familias y a la comunidad del Distrito Misi\u00f3n con mayores recursos para salud, trabajo, educaci\u00f3n, vivienda y otros servicios sociales. Foto: Beth LaBerge"},{"@type":"WebSite","@id":"https:\/\/eltecolote.org\/content\/#website","url":"https:\/\/eltecolote.org\/content\/","name":"El Tecolote","description":"San Francisco's Latinx newspaper since 1970","publisher":{"@id":"https:\/\/eltecolote.org\/content\/#organization"},"potentialAction":[{"@type":"SearchAction","target":{"@type":"EntryPoint","urlTemplate":"https:\/\/eltecolote.org\/content\/?s={search_term_string}"},"query-input":{"@type":"PropertyValueSpecification","valueRequired":true,"valueName":"search_term_string"}}],"inLanguage":"en"},{"@type":"Organization","@id":"https:\/\/eltecolote.org\/content\/#organization","name":"El Tecolote","url":"https:\/\/eltecolote.org\/content\/","logo":{"@type":"ImageObject","inLanguage":"en","@id":"https:\/\/eltecolote.org\/content\/#\/schema\/logo\/image\/","url":"https:\/\/i0.wp.com\/eltecolote.org\/content\/wp-content\/uploads\/2021\/05\/ETlogo-1.jpg?fit=400%2C400&ssl=1","contentUrl":"https:\/\/i0.wp.com\/eltecolote.org\/content\/wp-content\/uploads\/2021\/05\/ETlogo-1.jpg?fit=400%2C400&ssl=1","width":400,"height":400,"caption":"El Tecolote"},"image":{"@id":"https:\/\/eltecolote.org\/content\/#\/schema\/logo\/image\/"},"sameAs":["https:\/\/www.facebook.com\/ElTecoloteSF\/","https:\/\/x.com\/eltecolotesf","https:\/\/www.instagram.com\/eltecolotesf\/"]},{"@type":"Person","@id":"https:\/\/eltecolote.org\/content\/#\/schema\/person\/08828d10185eba96895a8363a269410e","name":"El Tecolote Staff","image":{"@type":"ImageObject","inLanguage":"en","@id":"https:\/\/secure.gravatar.com\/avatar\/9534c92c8c908364e186a64d93efc86f62367109d1b07a3454facde655968589?s=96&d=mm&r=g6afcb607783e095e4cf6be807353924d","url":"https:\/\/secure.gravatar.com\/avatar\/9534c92c8c908364e186a64d93efc86f62367109d1b07a3454facde655968589?s=96&d=mm&r=g","contentUrl":"https:\/\/secure.gravatar.com\/avatar\/9534c92c8c908364e186a64d93efc86f62367109d1b07a3454facde655968589?s=96&d=mm&r=g","caption":"El Tecolote Staff"},"url":"https:\/\/eltecolote.org\/content\/author\/web-editor\/"}]}},"distributor_meta":false,"distributor_terms":false,"distributor_media":false,"distributor_original_site_name":"El Tecolote","distributor_original_site_url":"https:\/\/eltecolote.org\/content","push-errors":false,"_links":{"self":[{"href":"https:\/\/eltecolote.org\/content\/wp-json\/wp\/v2\/posts\/41365","targetHints":{"allow":["GET"]}}],"collection":[{"href":"https:\/\/eltecolote.org\/content\/wp-json\/wp\/v2\/posts"}],"about":[{"href":"https:\/\/eltecolote.org\/content\/wp-json\/wp\/v2\/types\/post"}],"author":[{"embeddable":true,"href":"https:\/\/eltecolote.org\/content\/wp-json\/wp\/v2\/users\/35"}],"replies":[{"embeddable":true,"href":"https:\/\/eltecolote.org\/content\/wp-json\/wp\/v2\/comments?post=41365"}],"version-history":[{"count":1,"href":"https:\/\/eltecolote.org\/content\/wp-json\/wp\/v2\/posts\/41365\/revisions"}],"predecessor-version":[{"id":41366,"href":"https:\/\/eltecolote.org\/content\/wp-json\/wp\/v2\/posts\/41365\/revisions\/41366"}],"wp:featuredmedia":[{"embeddable":true,"href":"https:\/\/eltecolote.org\/content\/wp-json\/wp\/v2\/media\/41367"}],"wp:attachment":[{"href":"https:\/\/eltecolote.org\/content\/wp-json\/wp\/v2\/media?parent=41365"}],"wp:term":[{"taxonomy":"category","embeddable":true,"href":"https:\/\/eltecolote.org\/content\/wp-json\/wp\/v2\/categories?post=41365"},{"taxonomy":"post_tag","embeddable":true,"href":"https:\/\/eltecolote.org\/content\/wp-json\/wp\/v2\/tags?post=41365"},{"taxonomy":"author","embeddable":true,"href":"https:\/\/eltecolote.org\/content\/wp-json\/wp\/v2\/coauthors?post=41365"}],"curies":[{"name":"wp","href":"https:\/\/api.w.org\/{rel}","templated":true}]}}