{"id":41289,"date":"2019-08-01T14:04:36","date_gmt":"2019-08-01T21:04:36","guid":{"rendered":"http:\/\/eltecolote.org\/content\/?p=41289"},"modified":"2019-08-01T14:04:36","modified_gmt":"2019-08-01T21:04:36","slug":"el-censo-2020-tendra-un-rol-critico-en-el-financiamiento-de-la-salud-para-inmigrantes","status":"publish","type":"post","link":"https:\/\/eltecolote.org\/content\/es\/el-censo-2020-tendra-un-rol-critico-en-el-financiamiento-de-la-salud-para-inmigrantes\/","title":{"rendered":"El Censo 2020 tendr\u00e1 un rol cr\u00edtico en el financiamiento de la salud para inmigrantes"},"content":{"rendered":"<figure id=\"attachment_41290\" aria-describedby=\"caption-attachment-41290\" style=\"width: 1180px\" class=\"wp-caption aligncenter\"><img data-recalc-dims=\"1\" loading=\"lazy\" decoding=\"async\" class=\"size-full wp-image-41290\" src=\"https:\/\/i0.wp.com\/eltecolote.org\/content\/wp-content\/uploads\/2019\/08\/Census-illustration-WEB-1.jpg?resize=1180%2C945&#038;quality=89&#038;ssl=1\" alt=\"\" width=\"1180\" height=\"945\" srcset=\"https:\/\/i0.wp.com\/eltecolote.org\/content\/wp-content\/uploads\/2019\/08\/Census-illustration-WEB-1.jpg?w=1180&amp;quality=89&amp;ssl=1 1180w, https:\/\/i0.wp.com\/eltecolote.org\/content\/wp-content\/uploads\/2019\/08\/Census-illustration-WEB-1.jpg?resize=600%2C480&amp;quality=89&amp;ssl=1 600w, https:\/\/i0.wp.com\/eltecolote.org\/content\/wp-content\/uploads\/2019\/08\/Census-illustration-WEB-1.jpg?resize=312%2C250&amp;quality=89&amp;ssl=1 312w, https:\/\/i0.wp.com\/eltecolote.org\/content\/wp-content\/uploads\/2019\/08\/Census-illustration-WEB-1.jpg?resize=768%2C615&amp;quality=89&amp;ssl=1 768w\" sizes=\"auto, (max-width: 1000px) 100vw, 1000px\" \/><figcaption id=\"caption-attachment-41290\" class=\"wp-caption-text\">Ilustraci\u00f3n: Bhabna Banerjee<\/figcaption><\/figure>\n<p class=\"p1\"><b><\/b>El intento de la administraci\u00f3n Trump de agregar una pregunta sobre la ciudadan\u00eda al pr\u00f3ximo Censo 2020 propag\u00f3 el miedo en muchas comunidades de inmigrantes desalentando a muchos de participar en el censo, lo que podr\u00eda afectar directamente la financiaci\u00f3n y los recursos del condado.<\/p>\n<p class=\"p6\">Sin embargo, los grupos comunitarios de los condados de Alameda y San Francisco est\u00e1n haciendo esfuerzos para educar a la comunidad, por medio de programas comunitarios, sobre la importancia del censo.<\/p>\n<p class=\"p6\">\u201cSabemos que, de no contarse a las personas, a medida que el condado establece su presupuesto, se observa cu\u00e1ntas forman parte de esa comunidad y con ello toman una decisi\u00f3n sobre cu\u00e1nto dinero se debe reservar para este proceso\u201d, dijo Gabriela Galicia, directora ejecutiva de Street Level Health Project en Oakland.<\/p>\n<p class=\"p6\">En el condado de Alameda, se est\u00e1n realizando esfuerzos para trabajar con los l\u00edderes de la comunidad en la creaci\u00f3n de espacios seguros para que las comunidades inmigrantes participen en el censo.<\/p>\n<p class=\"p6\">\u201cLa atenci\u00f3n m\u00e9dica es un tercio del presupuesto en el condado de Alameda\u201d, dijo la supervisora \u200b\u200bdel distrito 3 del condado de Alameda, Wilma Chan. \u201cEntonces, cualquier p\u00e9rdida de fondos all\u00ed ser\u00e1 devastadora para el condado\u201d.<\/p>\n<p class=\"p6\">Actualmente, ese condado recibe el 60 por ciento de sus recursos federales y estatales, seg\u00fan Chan. Sin embargo, dicha entidad est\u00e1 anticipando incertidumbre entre los grupos de inmigrantes con el Censo 2020, por lo que los funcionarios reservaron 1.5 millones de d\u00f3lares para complementar su alcance y planificaci\u00f3n, dijo Chan.<\/p>\n<p class=\"p6\">\u201cSab\u00edamos que el censo iba a ser un desaf\u00edo, con o sin la pregunta de inmigraci\u00f3n porque hay mucho lenguaje y acci\u00f3n antiinmigrante que sale de Washington\u201d, dijo Chan.<\/p>\n<p class=\"p6\">Maria G. Contreras, directora de la Cl\u00ednica Mart\u00edn Bar\u00f3, una cl\u00ednica gratuita dirigida por estudiantes de medicina en el Distrito de la Misi\u00f3n, financiada exclusivamente por donaciones comunitarias, est\u00e1 abierta los s\u00e1bados y atiende un promedio de 265 clientes anualmente.<\/p>\n<p class=\"p6\">Seg\u00fan Contreras, el creciente costo de vida en San Francisco ha obligado a muchos de los que utilizan los recursos de la Cl\u00ednica Mart\u00edn Bar\u00f3 a abandonar la ciudad. La cl\u00ednica ha tratado de conectar a los clientes con recursos en sus nuevas comunidades, pero recursos como los de la Cl\u00ednica no siempre son accesibles o est\u00e1n presentes fuera de San Francisco.<\/p>\n<p class=\"p6\">Esta es una raz\u00f3n por la cual un recuento completo del censo en el Condado de Alameda y ciudades circundantes al \u00c1rea de la Bah\u00eda ser\u00e1 crucial para mantener los recursos disponibles para los necesitados.<\/p>\n<p class=\"p6\">\u201cCada persona que no sea contada [en el condado de Alameda] es una p\u00e9rdida de alrededor de $2 mil al a\u00f1o\u201d, dijo Chan. \u201cSi el conteo disminuye tres por ciento, perderemos mil millones en los pr\u00f3ximos 10 a\u00f1os, entonces. Tendr\u00e1 un gran impacto en nuestros servicios cl\u00ednicos\u201d.<\/p>\n<p class=\"p6\">Seg\u00fan el Centro Laboral de UC Berkley, en 2017 hab\u00eda un total de 55 mil personas sin seguro en San Francisco y el condado de San Mateo, y 39 mil no son elegibles para inscribirse en un seguro m\u00e9dico debido a su estado migratorio, dej\u00e1ndolos particularmente vulnerables. En el condado de Alameda, ese n\u00famero fue a\u00fan mayor, con un total de 84 mil sin seguro y 65 mil no elegibles por su estado migratorio.<\/p>\n<p class=\"p6\">Street Level Health Project es una cl\u00ednica gratuita en Oakland que brinda servicios para inmigrantes reci\u00e9n llegados, comunidades ind\u00edgenas, jornaleros y poblaciones sin seguro en el \u00e1rea circundante. Aunque en su mayor\u00eda se financian con recursos de la fundaci\u00f3n, tambi\u00e9n reciben dinero del condado de Alameda que les ayuda a administrar su programa de acceso a la salud. El programa proporciona ex\u00e1menes de salud b\u00e1sicos y ayuda a las personas a inscribirse en cl\u00ednicas.<\/p>\n<p class=\"p6\">Gabriela Galicia, directora ejecutiva de Street Level Health, dijo que el condado reserva un presupuesto espec\u00edfico para ayudar a las comunidades de inmigrantes e ind\u00edgenas en el condado. Sin embargo, un subconteo en las comunidades respectivas resultar\u00eda en una p\u00e9rdida de fondos para el programa.<\/p>\n<p class=\"p6\">El a\u00f1o pasado, Street Level Health Project realiz\u00f3 718 ex\u00e1menes m\u00e9dicos de salud; 272 consultas de nutri\u00f3logos y herbalistas; 327 consultas de salud mental; y proporcion\u00f3 a 240 participantes acceso a una de sus 16 sesiones grupales de ansiedad.<\/p>\n<p class=\"p6\">Aunque el intento de la administraci\u00f3n Trump de incluir la pregunta del censo fracas\u00f3, el temor a\u00fan persiste, dejando a muchos indecisos sobre si participar\u00e1n en el Censo 2020.<\/p>\n<p class=\"p6\">\u201cSi se agrega esta pregunta, se va a tener que recibir mucha educaci\u00f3n, porque s\u00e9 que nuestras comunidades no van a querer responder a este documento\u201d. dijo Galicia. \u201cGran parte de nuestra comunidad desconoce lo que es el censo. Esta puede ser la primera vez que participen en este proceso\u201d.<\/p>\n<p class=\"p6\">Casey Farmer, directora ejecutiva del Comit\u00e9 de Conteo Completo del Condado de Alameda para el Censo 2020, est\u00e1 trabajando con organizaciones comunitarias para garantizar que la mayor cantidad de personas posible en el Condado de Alameda participen en \u00e9l.<\/p>\n<p class=\"p6\">Contreras destac\u00f3 la importancia de la colaboraci\u00f3n: \u201cPara que la comunidad latinx est\u00e9 presente en el Censo, necesitamos crear asociaciones comunitarias. Especialmente en espacios comunitarios en los que la comunidad conf\u00eda\u201d, dijo.<\/p>\n<p class=\"p6\">El Comit\u00e9 de Conteo Completo del condado de Alameda est\u00e1 trabajando con l\u00edderes comunitarios confiables en los campos de salud y educaci\u00f3n para crear asociaciones comunitarias al nombrar l\u00edderes comunitarios como embajadores del censo o mensajeros confiables.<\/p>\n<p class=\"p6\">Estos mensajeros comunitarios de confianza recibir\u00e1n recursos para educar a sus grupos comunitarios sobre la importancia de ser contados en el pr\u00f3ximo censo en un espacio seguro.<\/p>\n<p class=\"p6\">\u201c[La pregunta sobre la ciudadan\u00eda] estaba tratando de negar su poder en la comunidad al ser contado\u201d, dijo Farmer. \u201cEn realidad est\u00e1n aferr\u00e1ndose a ese poder, aferr\u00e1ndose a los millones de d\u00f3lares en recursos que nuestra comunidad merece, haciendo que tengamos un conteo exacto de qui\u00e9n es nuestra comunidad\u201d.<\/p>\n<p class=\"p6\">Seg\u00fan Chan, hay una sensaci\u00f3n general de preocupaci\u00f3n en el condado cuando se trata del censo. Sin embargo, el condado comenz\u00f3 a planificar y realizar actividades de divulgaci\u00f3n proactiva, por lo que los funcionarios se sienten seguros de que har\u00e1n lo mejor que puedan con el conteo de su poblaci\u00f3n en general.<\/p>\n<p class=\"p6\">En la primera reuni\u00f3n del Comit\u00e9 de Conteo Completo, asistieron 300 personas, lo que demuestra la dedicaci\u00f3n para educar a las comunidades sobre el censo.<\/p>\n<p class=\"p6\">\u201cSiento que toda esta campa\u00f1a presidencial de 2020 en el lado de Trump va a ser sobre lo malos que son los inmigrantes, ya sabes, todas sus mentiras sobre los inmigrantes\u201d, dijo Chan. \u201cEstoy preocupada, pero s\u00e9 que vamos a hacer lo mejor que podamos\u201d.<b> <\/b><\/p>\n","protected":false},"excerpt":{"rendered":"<p>El intento de la administraci\u00f3n Trump de agregar una pregunta sobre la ciudadan\u00eda al pr\u00f3ximo Censo 2020 propag\u00f3 el miedo en muchas comunidades de inmigrantes desalentando a muchos de participar en el censo, lo que podr\u00eda afectar directamente la financiaci\u00f3n y los recursos del condado. Sin embargo, los grupos comunitarios de los condados de Alameda [&hellip;]<\/p>\n","protected":false},"author":35,"featured_media":41290,"comment_status":"open","ping_status":"closed","sticky":false,"template":"","format":"standard","meta":{"newspack_popups_has_disabled_popups":false,"newspack_featured_image_position":"","newspack_post_subtitle":"","newspack_article_summary_title":"Overview:","newspack_article_summary":"","newspack_hide_updated_date":false,"newspack_show_updated_date":false,"footnotes":""},"categories":[3519],"tags":[17994,18076],"coauthors":[],"class_list":["post-41289","post","type-post","status-publish","format-standard","has-post-thumbnail","hentry","category-noticias","tag-censo-2020","tag-clinicas","entry"],"yoast_head":"<!-- This site is optimized with the Yoast SEO plugin v27.5 - https:\/\/yoast.com\/product\/yoast-seo-wordpress\/ -->\n<title>El Censo 2020 tendr\u00e1 un rol cr\u00edtico en el financiamiento de la salud para inmigrantes - El Tecolote<\/title>\n<meta name=\"description\" content=\"El intento de la administraci\u00f3n Trump de agregar una pregunta sobre la ciudadan\u00eda al pr\u00f3ximo Censo 2020 propag\u00f3 el miedo en muchas comunidades de\" \/>\n<meta name=\"robots\" content=\"index, follow, max-snippet:-1, max-image-preview:large, max-video-preview:-1\" \/>\n<link rel=\"canonical\" href=\"https:\/\/eltecolote.org\/content\/es\/el-censo-2020-tendra-un-rol-critico-en-el-financiamiento-de-la-salud-para-inmigrantes\/\" \/>\n<meta property=\"og:locale\" content=\"en_US\" \/>\n<meta property=\"og:type\" content=\"article\" \/>\n<meta property=\"og:title\" content=\"El Censo 2020 tendr\u00e1 un rol cr\u00edtico en el financiamiento de la salud para inmigrantes - El Tecolote\" \/>\n<meta property=\"og:description\" content=\"El intento de la administraci\u00f3n Trump de agregar una pregunta sobre la ciudadan\u00eda al pr\u00f3ximo Censo 2020 propag\u00f3 el miedo en muchas comunidades de\" \/>\n<meta property=\"og:url\" content=\"https:\/\/eltecolote.org\/content\/es\/el-censo-2020-tendra-un-rol-critico-en-el-financiamiento-de-la-salud-para-inmigrantes\/\" \/>\n<meta property=\"og:site_name\" content=\"El Tecolote\" \/>\n<meta property=\"article:publisher\" content=\"https:\/\/www.facebook.com\/ElTecoloteSF\/\" \/>\n<meta property=\"article:published_time\" content=\"2019-08-01T21:04:36+00:00\" \/>\n<meta property=\"og:image\" content=\"https:\/\/i0.wp.com\/eltecolote.org\/content\/wp-content\/uploads\/2019\/08\/Census-illustration-WEB-1.jpg?fit=1180%2C945&ssl=1\" \/>\n\t<meta property=\"og:image:width\" content=\"1180\" \/>\n\t<meta property=\"og:image:height\" content=\"945\" \/>\n\t<meta property=\"og:image:type\" content=\"image\/jpeg\" \/>\n<meta name=\"author\" content=\"El Tecolote Staff\" \/>\n<meta name=\"twitter:card\" content=\"summary_large_image\" \/>\n<meta name=\"twitter:creator\" content=\"@eltecolotesf\" \/>\n<meta name=\"twitter:site\" content=\"@eltecolotesf\" \/>\n<meta name=\"twitter:label1\" content=\"Written by\" \/>\n\t<meta name=\"twitter:data1\" content=\"El Tecolote Staff\" \/>\n\t<meta name=\"twitter:label2\" content=\"Est. reading time\" \/>\n\t<meta name=\"twitter:data2\" content=\"6 minutes\" \/>\n<script type=\"application\/ld+json\" class=\"yoast-schema-graph\">{\"@context\":\"https:\\\/\\\/schema.org\",\"@graph\":[{\"@type\":\"NewsArticle\",\"@id\":\"https:\\\/\\\/eltecolote.org\\\/content\\\/es\\\/el-censo-2020-tendra-un-rol-critico-en-el-financiamiento-de-la-salud-para-inmigrantes\\\/#article\",\"isPartOf\":{\"@id\":\"https:\\\/\\\/eltecolote.org\\\/content\\\/es\\\/el-censo-2020-tendra-un-rol-critico-en-el-financiamiento-de-la-salud-para-inmigrantes\\\/\"},\"author\":{\"name\":\"El Tecolote Staff\",\"@id\":\"https:\\\/\\\/eltecolote.org\\\/content\\\/#\\\/schema\\\/person\\\/08828d10185eba96895a8363a269410e\"},\"headline\":\"El Censo 2020 tendr\u00e1 un rol cr\u00edtico en el financiamiento de la salud para inmigrantes\",\"datePublished\":\"2019-08-01T21:04:36+00:00\",\"mainEntityOfPage\":{\"@id\":\"https:\\\/\\\/eltecolote.org\\\/content\\\/es\\\/el-censo-2020-tendra-un-rol-critico-en-el-financiamiento-de-la-salud-para-inmigrantes\\\/\"},\"wordCount\":1168,\"commentCount\":0,\"publisher\":{\"@id\":\"https:\\\/\\\/eltecolote.org\\\/content\\\/#organization\"},\"image\":{\"@id\":\"https:\\\/\\\/eltecolote.org\\\/content\\\/es\\\/el-censo-2020-tendra-un-rol-critico-en-el-financiamiento-de-la-salud-para-inmigrantes\\\/#primaryimage\"},\"thumbnailUrl\":\"https:\\\/\\\/i0.wp.com\\\/eltecolote.org\\\/content\\\/wp-content\\\/uploads\\\/2019\\\/08\\\/Census-illustration-WEB-1.jpg?fit=1180%2C945&quality=89&ssl=1\",\"keywords\":[\"Censo 2020\",\"Clinicas\"],\"articleSection\":[\"Noticias\"],\"inLanguage\":\"en\",\"potentialAction\":[{\"@type\":\"CommentAction\",\"name\":\"Comment\",\"target\":[\"https:\\\/\\\/eltecolote.org\\\/content\\\/es\\\/el-censo-2020-tendra-un-rol-critico-en-el-financiamiento-de-la-salud-para-inmigrantes\\\/#respond\"]}]},{\"@type\":\"WebPage\",\"@id\":\"https:\\\/\\\/eltecolote.org\\\/content\\\/es\\\/el-censo-2020-tendra-un-rol-critico-en-el-financiamiento-de-la-salud-para-inmigrantes\\\/\",\"url\":\"https:\\\/\\\/eltecolote.org\\\/content\\\/es\\\/el-censo-2020-tendra-un-rol-critico-en-el-financiamiento-de-la-salud-para-inmigrantes\\\/\",\"name\":\"El Censo 2020 tendr\u00e1 un rol cr\u00edtico en el financiamiento de la salud para inmigrantes - El Tecolote\",\"isPartOf\":{\"@id\":\"https:\\\/\\\/eltecolote.org\\\/content\\\/#website\"},\"primaryImageOfPage\":{\"@id\":\"https:\\\/\\\/eltecolote.org\\\/content\\\/es\\\/el-censo-2020-tendra-un-rol-critico-en-el-financiamiento-de-la-salud-para-inmigrantes\\\/#primaryimage\"},\"image\":{\"@id\":\"https:\\\/\\\/eltecolote.org\\\/content\\\/es\\\/el-censo-2020-tendra-un-rol-critico-en-el-financiamiento-de-la-salud-para-inmigrantes\\\/#primaryimage\"},\"thumbnailUrl\":\"https:\\\/\\\/i0.wp.com\\\/eltecolote.org\\\/content\\\/wp-content\\\/uploads\\\/2019\\\/08\\\/Census-illustration-WEB-1.jpg?fit=1180%2C945&quality=89&ssl=1\",\"datePublished\":\"2019-08-01T21:04:36+00:00\",\"description\":\"El intento de la administraci\u00f3n Trump de agregar una pregunta sobre la ciudadan\u00eda al pr\u00f3ximo Censo 2020 propag\u00f3 el miedo en muchas comunidades de\",\"inLanguage\":\"en\",\"potentialAction\":[{\"@type\":\"ReadAction\",\"target\":[\"https:\\\/\\\/eltecolote.org\\\/content\\\/es\\\/el-censo-2020-tendra-un-rol-critico-en-el-financiamiento-de-la-salud-para-inmigrantes\\\/\"]}]},{\"@type\":\"ImageObject\",\"inLanguage\":\"en\",\"@id\":\"https:\\\/\\\/eltecolote.org\\\/content\\\/es\\\/el-censo-2020-tendra-un-rol-critico-en-el-financiamiento-de-la-salud-para-inmigrantes\\\/#primaryimage\",\"url\":\"https:\\\/\\\/i0.wp.com\\\/eltecolote.org\\\/content\\\/wp-content\\\/uploads\\\/2019\\\/08\\\/Census-illustration-WEB-1.jpg?fit=1180%2C945&quality=89&ssl=1\",\"contentUrl\":\"https:\\\/\\\/i0.wp.com\\\/eltecolote.org\\\/content\\\/wp-content\\\/uploads\\\/2019\\\/08\\\/Census-illustration-WEB-1.jpg?fit=1180%2C945&quality=89&ssl=1\",\"width\":1180,\"height\":945,\"caption\":\"Ilustraci\u00f3n: Bhabna Banerjee\"},{\"@type\":\"WebSite\",\"@id\":\"https:\\\/\\\/eltecolote.org\\\/content\\\/#website\",\"url\":\"https:\\\/\\\/eltecolote.org\\\/content\\\/\",\"name\":\"El Tecolote\",\"description\":\"San Francisco's Latinx newspaper since 1970\",\"publisher\":{\"@id\":\"https:\\\/\\\/eltecolote.org\\\/content\\\/#organization\"},\"potentialAction\":[{\"@type\":\"SearchAction\",\"target\":{\"@type\":\"EntryPoint\",\"urlTemplate\":\"https:\\\/\\\/eltecolote.org\\\/content\\\/?s={search_term_string}\"},\"query-input\":{\"@type\":\"PropertyValueSpecification\",\"valueRequired\":true,\"valueName\":\"search_term_string\"}}],\"inLanguage\":\"en\"},{\"@type\":\"Organization\",\"@id\":\"https:\\\/\\\/eltecolote.org\\\/content\\\/#organization\",\"name\":\"El Tecolote\",\"url\":\"https:\\\/\\\/eltecolote.org\\\/content\\\/\",\"logo\":{\"@type\":\"ImageObject\",\"inLanguage\":\"en\",\"@id\":\"https:\\\/\\\/eltecolote.org\\\/content\\\/#\\\/schema\\\/logo\\\/image\\\/\",\"url\":\"https:\\\/\\\/i0.wp.com\\\/eltecolote.org\\\/content\\\/wp-content\\\/uploads\\\/2021\\\/05\\\/ETlogo-1.jpg?fit=400%2C400&ssl=1\",\"contentUrl\":\"https:\\\/\\\/i0.wp.com\\\/eltecolote.org\\\/content\\\/wp-content\\\/uploads\\\/2021\\\/05\\\/ETlogo-1.jpg?fit=400%2C400&ssl=1\",\"width\":400,\"height\":400,\"caption\":\"El Tecolote\"},\"image\":{\"@id\":\"https:\\\/\\\/eltecolote.org\\\/content\\\/#\\\/schema\\\/logo\\\/image\\\/\"},\"sameAs\":[\"https:\\\/\\\/www.facebook.com\\\/ElTecoloteSF\\\/\",\"https:\\\/\\\/x.com\\\/eltecolotesf\",\"https:\\\/\\\/www.instagram.com\\\/eltecolotesf\\\/\"]},{\"@type\":\"Person\",\"@id\":\"https:\\\/\\\/eltecolote.org\\\/content\\\/#\\\/schema\\\/person\\\/08828d10185eba96895a8363a269410e\",\"name\":\"El Tecolote Staff\",\"image\":{\"@type\":\"ImageObject\",\"inLanguage\":\"en\",\"@id\":\"https:\\\/\\\/secure.gravatar.com\\\/avatar\\\/9534c92c8c908364e186a64d93efc86f62367109d1b07a3454facde655968589?s=96&d=mm&r=g6afcb607783e095e4cf6be807353924d\",\"url\":\"https:\\\/\\\/secure.gravatar.com\\\/avatar\\\/9534c92c8c908364e186a64d93efc86f62367109d1b07a3454facde655968589?s=96&d=mm&r=g\",\"contentUrl\":\"https:\\\/\\\/secure.gravatar.com\\\/avatar\\\/9534c92c8c908364e186a64d93efc86f62367109d1b07a3454facde655968589?s=96&d=mm&r=g\",\"caption\":\"El Tecolote Staff\"},\"url\":\"https:\\\/\\\/eltecolote.org\\\/content\\\/author\\\/web-editor\\\/\"}]}<\/script>\n<!-- \/ Yoast SEO plugin. -->","yoast_head_json":{"title":"El Censo 2020 tendr\u00e1 un rol cr\u00edtico en el financiamiento de la salud para inmigrantes - El Tecolote","description":"El intento de la administraci\u00f3n Trump de agregar una pregunta sobre la ciudadan\u00eda al pr\u00f3ximo Censo 2020 propag\u00f3 el miedo en muchas comunidades de","robots":{"index":"index","follow":"follow","max-snippet":"max-snippet:-1","max-image-preview":"max-image-preview:large","max-video-preview":"max-video-preview:-1"},"canonical":"https:\/\/eltecolote.org\/content\/es\/el-censo-2020-tendra-un-rol-critico-en-el-financiamiento-de-la-salud-para-inmigrantes\/","og_locale":"en_US","og_type":"article","og_title":"El Censo 2020 tendr\u00e1 un rol cr\u00edtico en el financiamiento de la salud para inmigrantes - El Tecolote","og_description":"El intento de la administraci\u00f3n Trump de agregar una pregunta sobre la ciudadan\u00eda al pr\u00f3ximo Censo 2020 propag\u00f3 el miedo en muchas comunidades de","og_url":"https:\/\/eltecolote.org\/content\/es\/el-censo-2020-tendra-un-rol-critico-en-el-financiamiento-de-la-salud-para-inmigrantes\/","og_site_name":"El Tecolote","article_publisher":"https:\/\/www.facebook.com\/ElTecoloteSF\/","article_published_time":"2019-08-01T21:04:36+00:00","og_image":[{"width":1180,"height":945,"url":"https:\/\/i0.wp.com\/eltecolote.org\/content\/wp-content\/uploads\/2019\/08\/Census-illustration-WEB-1.jpg?fit=1180%2C945&ssl=1","type":"image\/jpeg"}],"author":"El Tecolote Staff","twitter_card":"summary_large_image","twitter_creator":"@eltecolotesf","twitter_site":"@eltecolotesf","twitter_misc":{"Written by":"El Tecolote Staff","Est. reading time":"6 minutes"},"schema":{"@context":"https:\/\/schema.org","@graph":[{"@type":"NewsArticle","@id":"https:\/\/eltecolote.org\/content\/es\/el-censo-2020-tendra-un-rol-critico-en-el-financiamiento-de-la-salud-para-inmigrantes\/#article","isPartOf":{"@id":"https:\/\/eltecolote.org\/content\/es\/el-censo-2020-tendra-un-rol-critico-en-el-financiamiento-de-la-salud-para-inmigrantes\/"},"author":{"name":"El Tecolote Staff","@id":"https:\/\/eltecolote.org\/content\/#\/schema\/person\/08828d10185eba96895a8363a269410e"},"headline":"El Censo 2020 tendr\u00e1 un rol cr\u00edtico en el financiamiento de la salud para inmigrantes","datePublished":"2019-08-01T21:04:36+00:00","mainEntityOfPage":{"@id":"https:\/\/eltecolote.org\/content\/es\/el-censo-2020-tendra-un-rol-critico-en-el-financiamiento-de-la-salud-para-inmigrantes\/"},"wordCount":1168,"commentCount":0,"publisher":{"@id":"https:\/\/eltecolote.org\/content\/#organization"},"image":{"@id":"https:\/\/eltecolote.org\/content\/es\/el-censo-2020-tendra-un-rol-critico-en-el-financiamiento-de-la-salud-para-inmigrantes\/#primaryimage"},"thumbnailUrl":"https:\/\/i0.wp.com\/eltecolote.org\/content\/wp-content\/uploads\/2019\/08\/Census-illustration-WEB-1.jpg?fit=1180%2C945&quality=89&ssl=1","keywords":["Censo 2020","Clinicas"],"articleSection":["Noticias"],"inLanguage":"en","potentialAction":[{"@type":"CommentAction","name":"Comment","target":["https:\/\/eltecolote.org\/content\/es\/el-censo-2020-tendra-un-rol-critico-en-el-financiamiento-de-la-salud-para-inmigrantes\/#respond"]}]},{"@type":"WebPage","@id":"https:\/\/eltecolote.org\/content\/es\/el-censo-2020-tendra-un-rol-critico-en-el-financiamiento-de-la-salud-para-inmigrantes\/","url":"https:\/\/eltecolote.org\/content\/es\/el-censo-2020-tendra-un-rol-critico-en-el-financiamiento-de-la-salud-para-inmigrantes\/","name":"El Censo 2020 tendr\u00e1 un rol cr\u00edtico en el financiamiento de la salud para inmigrantes - El Tecolote","isPartOf":{"@id":"https:\/\/eltecolote.org\/content\/#website"},"primaryImageOfPage":{"@id":"https:\/\/eltecolote.org\/content\/es\/el-censo-2020-tendra-un-rol-critico-en-el-financiamiento-de-la-salud-para-inmigrantes\/#primaryimage"},"image":{"@id":"https:\/\/eltecolote.org\/content\/es\/el-censo-2020-tendra-un-rol-critico-en-el-financiamiento-de-la-salud-para-inmigrantes\/#primaryimage"},"thumbnailUrl":"https:\/\/i0.wp.com\/eltecolote.org\/content\/wp-content\/uploads\/2019\/08\/Census-illustration-WEB-1.jpg?fit=1180%2C945&quality=89&ssl=1","datePublished":"2019-08-01T21:04:36+00:00","description":"El intento de la administraci\u00f3n Trump de agregar una pregunta sobre la ciudadan\u00eda al pr\u00f3ximo Censo 2020 propag\u00f3 el miedo en muchas comunidades de","inLanguage":"en","potentialAction":[{"@type":"ReadAction","target":["https:\/\/eltecolote.org\/content\/es\/el-censo-2020-tendra-un-rol-critico-en-el-financiamiento-de-la-salud-para-inmigrantes\/"]}]},{"@type":"ImageObject","inLanguage":"en","@id":"https:\/\/eltecolote.org\/content\/es\/el-censo-2020-tendra-un-rol-critico-en-el-financiamiento-de-la-salud-para-inmigrantes\/#primaryimage","url":"https:\/\/i0.wp.com\/eltecolote.org\/content\/wp-content\/uploads\/2019\/08\/Census-illustration-WEB-1.jpg?fit=1180%2C945&quality=89&ssl=1","contentUrl":"https:\/\/i0.wp.com\/eltecolote.org\/content\/wp-content\/uploads\/2019\/08\/Census-illustration-WEB-1.jpg?fit=1180%2C945&quality=89&ssl=1","width":1180,"height":945,"caption":"Ilustraci\u00f3n: Bhabna Banerjee"},{"@type":"WebSite","@id":"https:\/\/eltecolote.org\/content\/#website","url":"https:\/\/eltecolote.org\/content\/","name":"El Tecolote","description":"San Francisco's Latinx newspaper since 1970","publisher":{"@id":"https:\/\/eltecolote.org\/content\/#organization"},"potentialAction":[{"@type":"SearchAction","target":{"@type":"EntryPoint","urlTemplate":"https:\/\/eltecolote.org\/content\/?s={search_term_string}"},"query-input":{"@type":"PropertyValueSpecification","valueRequired":true,"valueName":"search_term_string"}}],"inLanguage":"en"},{"@type":"Organization","@id":"https:\/\/eltecolote.org\/content\/#organization","name":"El Tecolote","url":"https:\/\/eltecolote.org\/content\/","logo":{"@type":"ImageObject","inLanguage":"en","@id":"https:\/\/eltecolote.org\/content\/#\/schema\/logo\/image\/","url":"https:\/\/i0.wp.com\/eltecolote.org\/content\/wp-content\/uploads\/2021\/05\/ETlogo-1.jpg?fit=400%2C400&ssl=1","contentUrl":"https:\/\/i0.wp.com\/eltecolote.org\/content\/wp-content\/uploads\/2021\/05\/ETlogo-1.jpg?fit=400%2C400&ssl=1","width":400,"height":400,"caption":"El Tecolote"},"image":{"@id":"https:\/\/eltecolote.org\/content\/#\/schema\/logo\/image\/"},"sameAs":["https:\/\/www.facebook.com\/ElTecoloteSF\/","https:\/\/x.com\/eltecolotesf","https:\/\/www.instagram.com\/eltecolotesf\/"]},{"@type":"Person","@id":"https:\/\/eltecolote.org\/content\/#\/schema\/person\/08828d10185eba96895a8363a269410e","name":"El Tecolote Staff","image":{"@type":"ImageObject","inLanguage":"en","@id":"https:\/\/secure.gravatar.com\/avatar\/9534c92c8c908364e186a64d93efc86f62367109d1b07a3454facde655968589?s=96&d=mm&r=g6afcb607783e095e4cf6be807353924d","url":"https:\/\/secure.gravatar.com\/avatar\/9534c92c8c908364e186a64d93efc86f62367109d1b07a3454facde655968589?s=96&d=mm&r=g","contentUrl":"https:\/\/secure.gravatar.com\/avatar\/9534c92c8c908364e186a64d93efc86f62367109d1b07a3454facde655968589?s=96&d=mm&r=g","caption":"El Tecolote Staff"},"url":"https:\/\/eltecolote.org\/content\/author\/web-editor\/"}]}},"distributor_meta":false,"distributor_terms":false,"distributor_media":false,"distributor_original_site_name":"El Tecolote","distributor_original_site_url":"https:\/\/eltecolote.org\/content","push-errors":false,"_links":{"self":[{"href":"https:\/\/eltecolote.org\/content\/wp-json\/wp\/v2\/posts\/41289","targetHints":{"allow":["GET"]}}],"collection":[{"href":"https:\/\/eltecolote.org\/content\/wp-json\/wp\/v2\/posts"}],"about":[{"href":"https:\/\/eltecolote.org\/content\/wp-json\/wp\/v2\/types\/post"}],"author":[{"embeddable":true,"href":"https:\/\/eltecolote.org\/content\/wp-json\/wp\/v2\/users\/35"}],"replies":[{"embeddable":true,"href":"https:\/\/eltecolote.org\/content\/wp-json\/wp\/v2\/comments?post=41289"}],"version-history":[{"count":1,"href":"https:\/\/eltecolote.org\/content\/wp-json\/wp\/v2\/posts\/41289\/revisions"}],"predecessor-version":[{"id":41291,"href":"https:\/\/eltecolote.org\/content\/wp-json\/wp\/v2\/posts\/41289\/revisions\/41291"}],"wp:featuredmedia":[{"embeddable":true,"href":"https:\/\/eltecolote.org\/content\/wp-json\/wp\/v2\/media\/41290"}],"wp:attachment":[{"href":"https:\/\/eltecolote.org\/content\/wp-json\/wp\/v2\/media?parent=41289"}],"wp:term":[{"taxonomy":"category","embeddable":true,"href":"https:\/\/eltecolote.org\/content\/wp-json\/wp\/v2\/categories?post=41289"},{"taxonomy":"post_tag","embeddable":true,"href":"https:\/\/eltecolote.org\/content\/wp-json\/wp\/v2\/tags?post=41289"},{"taxonomy":"author","embeddable":true,"href":"https:\/\/eltecolote.org\/content\/wp-json\/wp\/v2\/coauthors?post=41289"}],"curies":[{"name":"wp","href":"https:\/\/api.w.org\/{rel}","templated":true}]}}