{"id":40389,"date":"2019-04-25T11:02:05","date_gmt":"2019-04-25T18:02:05","guid":{"rendered":"http:\/\/eltecolote.org\/content\/?p=40389"},"modified":"2019-04-25T11:25:22","modified_gmt":"2019-04-25T18:25:22","slug":"renombrada-muralista-juana-alicia-regresa-a-la-mision-con-mas-reciente-exhibicion","status":"publish","type":"post","link":"https:\/\/eltecolote.org\/content\/es\/renombrada-muralista-juana-alicia-regresa-a-la-mision-con-mas-reciente-exhibicion\/","title":{"rendered":"Renombrada muralista, Juana Alicia, regresa a la Misi\u00f3n con m\u00e1s reciente exhibici\u00f3n"},"content":{"rendered":"<figure id=\"attachment_40390\" aria-describedby=\"caption-attachment-40390\" style=\"width: 1000px\" class=\"wp-caption aligncenter\"><a href=\"https:\/\/i0.wp.com\/eltecolote.org\/content\/wp-content\/uploads\/2019\/04\/JuanaAlicia-portrait-WEB_-1.jpg?quality=89&#038;ssl=1\"><img data-recalc-dims=\"1\" loading=\"lazy\" decoding=\"async\" class=\"size-full wp-image-40390\" src=\"https:\/\/i0.wp.com\/eltecolote.org\/content\/wp-content\/uploads\/2019\/04\/JuanaAlicia-portrait-WEB_-1.jpg?resize=1000%2C1529&#038;quality=89&#038;ssl=1\" alt=\"\" width=\"1000\" height=\"1529\" srcset=\"https:\/\/i0.wp.com\/eltecolote.org\/content\/wp-content\/uploads\/2019\/04\/JuanaAlicia-portrait-WEB_-1.jpg?w=1000&amp;quality=89&amp;ssl=1 1000w, https:\/\/i0.wp.com\/eltecolote.org\/content\/wp-content\/uploads\/2019\/04\/JuanaAlicia-portrait-WEB_-1.jpg?resize=600%2C917&amp;quality=89&amp;ssl=1 600w, https:\/\/i0.wp.com\/eltecolote.org\/content\/wp-content\/uploads\/2019\/04\/JuanaAlicia-portrait-WEB_-1.jpg?resize=164%2C250&amp;quality=89&amp;ssl=1 164w, https:\/\/i0.wp.com\/eltecolote.org\/content\/wp-content\/uploads\/2019\/04\/JuanaAlicia-portrait-WEB_-1.jpg?resize=768%2C1174&amp;quality=89&amp;ssl=1 768w, https:\/\/i0.wp.com\/eltecolote.org\/content\/wp-content\/uploads\/2019\/04\/JuanaAlicia-portrait-WEB_-1.jpg?resize=314%2C480&amp;quality=89&amp;ssl=1 314w\" sizes=\"auto, (max-width: 1000px) 100vw, 1000px\" \/><\/a><figcaption id=\"caption-attachment-40390\" class=\"wp-caption-text\">La artista y activista Juana Alicia en el Mission Cultural Center el 19 de abril de 2019. Foto: Elissa Jim\u00e9nez<\/figcaption><\/figure>\n<p class=\"p1\"><b><\/b>No podr\u00eda haber conocido a la artista, activista y educadora Juana Alicia en un lugar m\u00e1s apropiado. Nos sentamos en medio de la exhibici\u00f3n de Rebozos Mexicanos en el Centro Cultural de Artes Latinas de la Misi\u00f3n, una c\u00e1lida ma\u00f1ana de viernes. El rebozo es un s\u00edmbolo cultural de las historias entremezcladas de resiliencia y belleza femeninas; me pareci\u00f3 perfectamente casual que ahora me sentara aqu\u00ed hablando de la personificaci\u00f3n de lo que representan estas obras de arte.<\/p>\n<p class=\"p5\">Juana Alicia ha pasado la mayor parte de su vida rodeada de arte. Crecer cerca de los murales del Detroit industrial de Diego Rivera en el Instituto de Arte de Detroit tuvo una gran influencia en c\u00f3mo Alicia pasaba su tiempo: \u201cProbablemente pas\u00e9 m\u00e1s tiempo all\u00ed que en la escuela secundaria\u201d, se ri\u00f3.<\/p>\n<p class=\"p5\">Sin embargo, su vocaci\u00f3n de arte y activismo realmente despeg\u00f3 cuando conoci\u00f3 al l\u00edder sindical C\u00e9sar Ch\u00e1vez en una de sus giras nacionales y fue reclutada para ir a Salinas y trabajar para el sindicato United Farm Workers (UFW) en la d\u00e9cada de 1970. Los carteles que ella cre\u00f3 para el boicot de la uva ser\u00edan algunas de sus primeras piezas pol\u00edticas.<\/p>\n<p class=\"p5\">Sus contribuciones para el UFW hablan de su perspectiva sobre el papel intr\u00ednseco de un artista en el mundo. Cuando se le pregunta sobre las responsabilidades de un artista en la sociedad actual, contin\u00faa citando a otra notable artivista de nuestro tiempo: Nina Simone: \u201cEl deber de un artista, en lo que a m\u00ed respecta, es reflejar los tiempos. En este momento crucial de nuestras vidas, cuando todo est\u00e1 tan desesperado, cuando todos los d\u00edas son una cuesti\u00f3n de supervivencia, no creo que puedas ayudar sin estar involucrado\u201d.<\/p>\n<p class=\"p5\">Habiendo sido tambi\u00e9n fuertemente influenciada por el Movimiento Muralista Mexicano, en el cual las representaciones a gran escala de identidad cultural, historia y eventos actuales se hicieron accesibles a una poblaci\u00f3n que de otra manera no ten\u00eda los medios para costearse la educaci\u00f3n convencional. Las artes siempre han estado orientadas hacia el servicio social, la conciencia y la responsabilidad.<\/p>\n<p class=\"p5\">Si bien los temas destacados de Alicia son muchos, se asegura de enfatizar la severidad de la negligencia y maltrato de la humanidad de nuestra propia clase, as\u00ed como de nuestro medio ambiente.<\/p>\n<p class=\"p5\">\u201cCreo que lo m\u00e1s apremiante en este momento es la condici\u00f3n de la tierra y trabajar para cambiar la forma en que vivimos en ella para que podamos seguir siendo una especie viable y no arrastrar tantas otras especies al olvido como lo estamos haciendo actualmente\u201d. Dijo Alicia. \u201cEnvuelto en nuestro maltrato a la tierra est\u00e1 nuestro maltrato mutuo, nuestro maltrato a las mujeres, nuestro maltrato a las personas de color, al sur global, a nuestros hermanos y hermanas, a nuestros hijos y a nuestros mayores\u201d.<\/p>\n<p class=\"p5\">Un ejemplo perfecto de c\u00f3mo estos temas se entrecruzan se puede encontrar en la esquina de las calles 24 y York en el Distrito Misi\u00f3n de San Francisco. El mural de Alicia \u2018Las aguas sagradas de La Llorona\u2019 teje las historias de mujeres en Bolivia, India y en la frontera de los EEUU con M\u00e9xico. El mural muestra a manifestantes en Cochabamba, Bolivia, reunidos contra la Corporaci\u00f3n Bechtel que compra los derechos de agua en su pa\u00eds; trabajadores agr\u00edcolas en el valle de Narmada, India, protestando en sus hogares inundados contra los proyectos destructivos de represas de su gobierno; y las protestas de indignaci\u00f3n por los asesinatos no resueltos de mujeres en Ju\u00e1rez, M\u00e9xico a la sombra del r\u00edo Bravo y las maquiladoras.<\/p>\n<p class=\"p5\">\u2018Las aguas sagradas de La Llorona\u2019 es uno de los favoritos del barrio y tambi\u00e9n es una de las obras en solitario m\u00e1s satisfactorias que Alicia ha hecho hasta ahora. \u201cEs una especie de \u2018Guernica\u2019 en t\u00e9rminos de la paleta limitada, la urgencia del mensaje, la condena de la violencia y la exposici\u00f3n de la crueldad y la valent\u00eda al mismo tiempo\u201d, refiere Alicia.<\/p>\n<figure id=\"attachment_40391\" aria-describedby=\"caption-attachment-40391\" style=\"width: 451px\" class=\"wp-caption alignright\"><a href=\"https:\/\/i0.wp.com\/eltecolote.org\/content\/wp-content\/uploads\/2019\/04\/JuanaAlicia-Mural-1-WEB_-1.jpg?quality=89&#038;ssl=1\"><img data-recalc-dims=\"1\" loading=\"lazy\" decoding=\"async\" class=\" wp-image-40391\" src=\"https:\/\/i0.wp.com\/eltecolote.org\/content\/wp-content\/uploads\/2019\/04\/JuanaAlicia-Mural-1-WEB_-1.jpg?resize=451%2C327&#038;quality=89&#038;ssl=1\" alt=\"\" width=\"451\" height=\"327\" \/><\/a><figcaption id=\"caption-attachment-40391\" class=\"wp-caption-text\">El mural \u2018Cenote de Sue\u00f1os\u2019 creado por Juana Alicia en colaboraci\u00f3n con sus estudiantes de la Escuela Superior de Arte (ESAY). La obra, que celebra la historia ind\u00edgena maya de Yucat\u00e1n, actualmente ha sido cubierta por un muro que fue colocado por el director de dicha instituci\u00f3n para ofrecer un espacio ef\u00edmero para proyectos de pintura de otros estudiantes. Cortes\u00eda: Juana Alicia<\/figcaption><\/figure>\n<p class=\"p5\">Sin embargo, no todo el mundo se sorprende tan f\u00e1cilmente con el talento obvio de Juana Alicia. Actualmente se encuentra en medio de una controversia en Yucat\u00e1n, M\u00e9xico sobre un mural colaborativo realizado por ella y sus alumnos en la Escuela Superior de Arte (ESAY).<\/p>\n<p class=\"p5\">El mural titulado \u2018Cenote de Sue\u00f1os\u2019 celebra la historia maya ind\u00edgena de Yucat\u00e1n, pero actualmente est\u00e1 cubierto por una pared improvisada, que el nuevo director de arte de ESAY hab\u00eda erigido para proporcionar un espacio para proyectos estudiantiles ef\u00edmeros. Yucat\u00e1n ha tenido una larga historia de defender un sistema de castas obsoleto, lo que en \u00faltima instancia aclara la controversia en curso sobre el mural de Alicia que destaca la resistencia de los ind\u00edgenas. Sin embargo, contin\u00faa luchando contra la censura con el apoyo de la comunidad en Yucat\u00e1n y m\u00e1s all\u00e1.<\/p>\n<p class=\"p5\">En los EEUU, Alicia est\u00e1 ocupada preparando su pr\u00f3xima exposici\u00f3n en Alley Cat Books en el 3036 de la calle 24, \u2018The X\u2019tabay: A Contemporary Vision\u2019. La muestra presentar\u00e1 sus ilustraciones m\u00e1s recientes en las que ha estado trabajando para un libro que su esposo ha escrito. El libro es un proyecto de colaboraci\u00f3n que representar\u00e1 un relato ecofeminista sobre el mito maya yucateco, La Xtabay.<\/p>\n<p class=\"p5\">En general, queda claro que el legado de 40 a\u00f1os de artivismo de Juana Alicia ha mantenido su feroz impulso y no muestra signos de desaceleraci\u00f3n. Su participaci\u00f3n comunitaria tanto a nivel local como a trav\u00e9s de las fronteras habla mucho de su compromiso de difundir su mensaje de ilustraci\u00f3n y empoderamiento de las poblaciones marginadas. Y con su ilimitada resiliencia y compasi\u00f3n, es seguro de que ese mensaje nunca ser\u00e1 silenciado.<\/p>\n<p class=\"p4\"><i>\u2018The X\u2019tabay: A Contemporary Vision\u2019 se inaugurar\u00e1 el 1 de junio de 2019 en la Alley Cat Books, 3036 24th St, San Francisco.<\/i><\/p>\n","protected":false},"excerpt":{"rendered":"<p>No podr\u00eda haber conocido a la artista, activista y educadora Juana Alicia en un lugar m\u00e1s apropiado. Nos sentamos en medio de la exhibici\u00f3n de Rebozos Mexicanos en el Centro Cultural de Artes Latinas de la Misi\u00f3n, una c\u00e1lida ma\u00f1ana de viernes. El rebozo es un s\u00edmbolo cultural de las historias entremezcladas de resiliencia y [&hellip;]<\/p>\n","protected":false},"author":35,"featured_media":40390,"comment_status":"open","ping_status":"closed","sticky":false,"template":"","format":"standard","meta":{"newspack_popups_has_disabled_popups":false,"newspack_featured_image_position":"","newspack_post_subtitle":"","newspack_article_summary_title":"Overview:","newspack_article_summary":"","newspack_hide_updated_date":false,"newspack_show_updated_date":false,"footnotes":""},"categories":[3511],"tags":[13347],"coauthors":[],"class_list":["post-40389","post","type-post","status-publish","format-standard","has-post-thumbnail","hentry","category-arte-es","tag-juana-alicia-es","entry"],"yoast_head":"<!-- This site is optimized with the Yoast SEO plugin v27.5 - https:\/\/yoast.com\/product\/yoast-seo-wordpress\/ -->\n<title>Renombrada muralista, Juana Alicia, regresa a la Misi\u00f3n con m\u00e1s reciente exhibici\u00f3n - El Tecolote<\/title>\n<meta name=\"description\" content=\"No podr\u00eda haber conocido a la artista, activista y educadora Juana Alicia en un lugar m\u00e1s apropiado. Nos sentamos en medio de la exhibici\u00f3n de Rebozos\" \/>\n<meta name=\"robots\" content=\"index, follow, max-snippet:-1, max-image-preview:large, max-video-preview:-1\" \/>\n<link rel=\"canonical\" href=\"https:\/\/eltecolote.org\/content\/es\/renombrada-muralista-juana-alicia-regresa-a-la-mision-con-mas-reciente-exhibicion\/\" \/>\n<meta property=\"og:locale\" content=\"en_US\" \/>\n<meta property=\"og:type\" content=\"article\" \/>\n<meta property=\"og:title\" content=\"Renombrada muralista, Juana Alicia, regresa a la Misi\u00f3n con m\u00e1s reciente exhibici\u00f3n - El Tecolote\" \/>\n<meta property=\"og:description\" content=\"No podr\u00eda haber conocido a la artista, activista y educadora Juana Alicia en un lugar m\u00e1s apropiado. Nos sentamos en medio de la exhibici\u00f3n de Rebozos\" \/>\n<meta property=\"og:url\" content=\"https:\/\/eltecolote.org\/content\/es\/renombrada-muralista-juana-alicia-regresa-a-la-mision-con-mas-reciente-exhibicion\/\" \/>\n<meta property=\"og:site_name\" content=\"El Tecolote\" \/>\n<meta property=\"article:publisher\" content=\"https:\/\/www.facebook.com\/ElTecoloteSF\/\" \/>\n<meta property=\"article:published_time\" content=\"2019-04-25T18:02:05+00:00\" \/>\n<meta property=\"article:modified_time\" content=\"2019-04-25T18:25:22+00:00\" \/>\n<meta property=\"og:image\" content=\"https:\/\/i0.wp.com\/eltecolote.org\/content\/wp-content\/uploads\/2019\/04\/JuanaAlicia-portrait-WEB_-1.jpg?fit=1000%2C1529&ssl=1\" \/>\n\t<meta property=\"og:image:width\" content=\"1000\" \/>\n\t<meta property=\"og:image:height\" content=\"1529\" \/>\n\t<meta property=\"og:image:type\" content=\"image\/jpeg\" \/>\n<meta name=\"author\" content=\"El Tecolote Staff\" \/>\n<meta name=\"twitter:card\" content=\"summary_large_image\" \/>\n<meta name=\"twitter:creator\" content=\"@eltecolotesf\" \/>\n<meta name=\"twitter:site\" content=\"@eltecolotesf\" \/>\n<meta name=\"twitter:label1\" content=\"Written by\" \/>\n\t<meta name=\"twitter:data1\" content=\"El Tecolote Staff\" \/>\n\t<meta name=\"twitter:label2\" content=\"Est. reading time\" \/>\n\t<meta name=\"twitter:data2\" content=\"6 minutes\" \/>\n<script type=\"application\/ld+json\" class=\"yoast-schema-graph\">{\"@context\":\"https:\\\/\\\/schema.org\",\"@graph\":[{\"@type\":\"NewsArticle\",\"@id\":\"https:\\\/\\\/eltecolote.org\\\/content\\\/es\\\/renombrada-muralista-juana-alicia-regresa-a-la-mision-con-mas-reciente-exhibicion\\\/#article\",\"isPartOf\":{\"@id\":\"https:\\\/\\\/eltecolote.org\\\/content\\\/es\\\/renombrada-muralista-juana-alicia-regresa-a-la-mision-con-mas-reciente-exhibicion\\\/\"},\"author\":{\"name\":\"El Tecolote Staff\",\"@id\":\"https:\\\/\\\/eltecolote.org\\\/content\\\/#\\\/schema\\\/person\\\/08828d10185eba96895a8363a269410e\"},\"headline\":\"Renombrada muralista, Juana Alicia, regresa a la Misi\u00f3n con m\u00e1s reciente exhibici\u00f3n\",\"datePublished\":\"2019-04-25T18:02:05+00:00\",\"dateModified\":\"2019-04-25T18:25:22+00:00\",\"mainEntityOfPage\":{\"@id\":\"https:\\\/\\\/eltecolote.org\\\/content\\\/es\\\/renombrada-muralista-juana-alicia-regresa-a-la-mision-con-mas-reciente-exhibicion\\\/\"},\"wordCount\":1120,\"commentCount\":0,\"publisher\":{\"@id\":\"https:\\\/\\\/eltecolote.org\\\/content\\\/#organization\"},\"image\":{\"@id\":\"https:\\\/\\\/eltecolote.org\\\/content\\\/es\\\/renombrada-muralista-juana-alicia-regresa-a-la-mision-con-mas-reciente-exhibicion\\\/#primaryimage\"},\"thumbnailUrl\":\"https:\\\/\\\/i0.wp.com\\\/eltecolote.org\\\/content\\\/wp-content\\\/uploads\\\/2019\\\/04\\\/JuanaAlicia-portrait-WEB_-1.jpg?fit=1000%2C1529&quality=89&ssl=1\",\"keywords\":[\"Juana Alicia\"],\"articleSection\":[\"Arte\"],\"inLanguage\":\"en\",\"potentialAction\":[{\"@type\":\"CommentAction\",\"name\":\"Comment\",\"target\":[\"https:\\\/\\\/eltecolote.org\\\/content\\\/es\\\/renombrada-muralista-juana-alicia-regresa-a-la-mision-con-mas-reciente-exhibicion\\\/#respond\"]}]},{\"@type\":\"WebPage\",\"@id\":\"https:\\\/\\\/eltecolote.org\\\/content\\\/es\\\/renombrada-muralista-juana-alicia-regresa-a-la-mision-con-mas-reciente-exhibicion\\\/\",\"url\":\"https:\\\/\\\/eltecolote.org\\\/content\\\/es\\\/renombrada-muralista-juana-alicia-regresa-a-la-mision-con-mas-reciente-exhibicion\\\/\",\"name\":\"Renombrada muralista, Juana Alicia, regresa a la Misi\u00f3n con m\u00e1s reciente exhibici\u00f3n - El Tecolote\",\"isPartOf\":{\"@id\":\"https:\\\/\\\/eltecolote.org\\\/content\\\/#website\"},\"primaryImageOfPage\":{\"@id\":\"https:\\\/\\\/eltecolote.org\\\/content\\\/es\\\/renombrada-muralista-juana-alicia-regresa-a-la-mision-con-mas-reciente-exhibicion\\\/#primaryimage\"},\"image\":{\"@id\":\"https:\\\/\\\/eltecolote.org\\\/content\\\/es\\\/renombrada-muralista-juana-alicia-regresa-a-la-mision-con-mas-reciente-exhibicion\\\/#primaryimage\"},\"thumbnailUrl\":\"https:\\\/\\\/i0.wp.com\\\/eltecolote.org\\\/content\\\/wp-content\\\/uploads\\\/2019\\\/04\\\/JuanaAlicia-portrait-WEB_-1.jpg?fit=1000%2C1529&quality=89&ssl=1\",\"datePublished\":\"2019-04-25T18:02:05+00:00\",\"dateModified\":\"2019-04-25T18:25:22+00:00\",\"description\":\"No podr\u00eda haber conocido a la artista, activista y educadora Juana Alicia en un lugar m\u00e1s apropiado. Nos sentamos en medio de la exhibici\u00f3n de Rebozos\",\"inLanguage\":\"en\",\"potentialAction\":[{\"@type\":\"ReadAction\",\"target\":[\"https:\\\/\\\/eltecolote.org\\\/content\\\/es\\\/renombrada-muralista-juana-alicia-regresa-a-la-mision-con-mas-reciente-exhibicion\\\/\"]}]},{\"@type\":\"ImageObject\",\"inLanguage\":\"en\",\"@id\":\"https:\\\/\\\/eltecolote.org\\\/content\\\/es\\\/renombrada-muralista-juana-alicia-regresa-a-la-mision-con-mas-reciente-exhibicion\\\/#primaryimage\",\"url\":\"https:\\\/\\\/i0.wp.com\\\/eltecolote.org\\\/content\\\/wp-content\\\/uploads\\\/2019\\\/04\\\/JuanaAlicia-portrait-WEB_-1.jpg?fit=1000%2C1529&quality=89&ssl=1\",\"contentUrl\":\"https:\\\/\\\/i0.wp.com\\\/eltecolote.org\\\/content\\\/wp-content\\\/uploads\\\/2019\\\/04\\\/JuanaAlicia-portrait-WEB_-1.jpg?fit=1000%2C1529&quality=89&ssl=1\",\"width\":1000,\"height\":1529,\"caption\":\"La artista y activista Juana Alicia en el Mission Cultural Center el 19 de abril de 2019. Foto: Elissa Jim\u00e9nez\"},{\"@type\":\"WebSite\",\"@id\":\"https:\\\/\\\/eltecolote.org\\\/content\\\/#website\",\"url\":\"https:\\\/\\\/eltecolote.org\\\/content\\\/\",\"name\":\"El Tecolote\",\"description\":\"San Francisco's Latinx newspaper since 1970\",\"publisher\":{\"@id\":\"https:\\\/\\\/eltecolote.org\\\/content\\\/#organization\"},\"potentialAction\":[{\"@type\":\"SearchAction\",\"target\":{\"@type\":\"EntryPoint\",\"urlTemplate\":\"https:\\\/\\\/eltecolote.org\\\/content\\\/?s={search_term_string}\"},\"query-input\":{\"@type\":\"PropertyValueSpecification\",\"valueRequired\":true,\"valueName\":\"search_term_string\"}}],\"inLanguage\":\"en\"},{\"@type\":\"Organization\",\"@id\":\"https:\\\/\\\/eltecolote.org\\\/content\\\/#organization\",\"name\":\"El Tecolote\",\"url\":\"https:\\\/\\\/eltecolote.org\\\/content\\\/\",\"logo\":{\"@type\":\"ImageObject\",\"inLanguage\":\"en\",\"@id\":\"https:\\\/\\\/eltecolote.org\\\/content\\\/#\\\/schema\\\/logo\\\/image\\\/\",\"url\":\"https:\\\/\\\/i0.wp.com\\\/eltecolote.org\\\/content\\\/wp-content\\\/uploads\\\/2021\\\/05\\\/ETlogo-1.jpg?fit=400%2C400&ssl=1\",\"contentUrl\":\"https:\\\/\\\/i0.wp.com\\\/eltecolote.org\\\/content\\\/wp-content\\\/uploads\\\/2021\\\/05\\\/ETlogo-1.jpg?fit=400%2C400&ssl=1\",\"width\":400,\"height\":400,\"caption\":\"El Tecolote\"},\"image\":{\"@id\":\"https:\\\/\\\/eltecolote.org\\\/content\\\/#\\\/schema\\\/logo\\\/image\\\/\"},\"sameAs\":[\"https:\\\/\\\/www.facebook.com\\\/ElTecoloteSF\\\/\",\"https:\\\/\\\/x.com\\\/eltecolotesf\",\"https:\\\/\\\/www.instagram.com\\\/eltecolotesf\\\/\"]},{\"@type\":\"Person\",\"@id\":\"https:\\\/\\\/eltecolote.org\\\/content\\\/#\\\/schema\\\/person\\\/08828d10185eba96895a8363a269410e\",\"name\":\"El Tecolote Staff\",\"image\":{\"@type\":\"ImageObject\",\"inLanguage\":\"en\",\"@id\":\"https:\\\/\\\/secure.gravatar.com\\\/avatar\\\/9534c92c8c908364e186a64d93efc86f62367109d1b07a3454facde655968589?s=96&d=mm&r=g6afcb607783e095e4cf6be807353924d\",\"url\":\"https:\\\/\\\/secure.gravatar.com\\\/avatar\\\/9534c92c8c908364e186a64d93efc86f62367109d1b07a3454facde655968589?s=96&d=mm&r=g\",\"contentUrl\":\"https:\\\/\\\/secure.gravatar.com\\\/avatar\\\/9534c92c8c908364e186a64d93efc86f62367109d1b07a3454facde655968589?s=96&d=mm&r=g\",\"caption\":\"El Tecolote Staff\"},\"url\":\"https:\\\/\\\/eltecolote.org\\\/content\\\/author\\\/web-editor\\\/\"}]}<\/script>\n<!-- \/ Yoast SEO plugin. -->","yoast_head_json":{"title":"Renombrada muralista, Juana Alicia, regresa a la Misi\u00f3n con m\u00e1s reciente exhibici\u00f3n - El Tecolote","description":"No podr\u00eda haber conocido a la artista, activista y educadora Juana Alicia en un lugar m\u00e1s apropiado. Nos sentamos en medio de la exhibici\u00f3n de Rebozos","robots":{"index":"index","follow":"follow","max-snippet":"max-snippet:-1","max-image-preview":"max-image-preview:large","max-video-preview":"max-video-preview:-1"},"canonical":"https:\/\/eltecolote.org\/content\/es\/renombrada-muralista-juana-alicia-regresa-a-la-mision-con-mas-reciente-exhibicion\/","og_locale":"en_US","og_type":"article","og_title":"Renombrada muralista, Juana Alicia, regresa a la Misi\u00f3n con m\u00e1s reciente exhibici\u00f3n - El Tecolote","og_description":"No podr\u00eda haber conocido a la artista, activista y educadora Juana Alicia en un lugar m\u00e1s apropiado. Nos sentamos en medio de la exhibici\u00f3n de Rebozos","og_url":"https:\/\/eltecolote.org\/content\/es\/renombrada-muralista-juana-alicia-regresa-a-la-mision-con-mas-reciente-exhibicion\/","og_site_name":"El Tecolote","article_publisher":"https:\/\/www.facebook.com\/ElTecoloteSF\/","article_published_time":"2019-04-25T18:02:05+00:00","article_modified_time":"2019-04-25T18:25:22+00:00","og_image":[{"width":1000,"height":1529,"url":"https:\/\/i0.wp.com\/eltecolote.org\/content\/wp-content\/uploads\/2019\/04\/JuanaAlicia-portrait-WEB_-1.jpg?fit=1000%2C1529&ssl=1","type":"image\/jpeg"}],"author":"El Tecolote Staff","twitter_card":"summary_large_image","twitter_creator":"@eltecolotesf","twitter_site":"@eltecolotesf","twitter_misc":{"Written by":"El Tecolote Staff","Est. reading time":"6 minutes"},"schema":{"@context":"https:\/\/schema.org","@graph":[{"@type":"NewsArticle","@id":"https:\/\/eltecolote.org\/content\/es\/renombrada-muralista-juana-alicia-regresa-a-la-mision-con-mas-reciente-exhibicion\/#article","isPartOf":{"@id":"https:\/\/eltecolote.org\/content\/es\/renombrada-muralista-juana-alicia-regresa-a-la-mision-con-mas-reciente-exhibicion\/"},"author":{"name":"El Tecolote Staff","@id":"https:\/\/eltecolote.org\/content\/#\/schema\/person\/08828d10185eba96895a8363a269410e"},"headline":"Renombrada muralista, Juana Alicia, regresa a la Misi\u00f3n con m\u00e1s reciente exhibici\u00f3n","datePublished":"2019-04-25T18:02:05+00:00","dateModified":"2019-04-25T18:25:22+00:00","mainEntityOfPage":{"@id":"https:\/\/eltecolote.org\/content\/es\/renombrada-muralista-juana-alicia-regresa-a-la-mision-con-mas-reciente-exhibicion\/"},"wordCount":1120,"commentCount":0,"publisher":{"@id":"https:\/\/eltecolote.org\/content\/#organization"},"image":{"@id":"https:\/\/eltecolote.org\/content\/es\/renombrada-muralista-juana-alicia-regresa-a-la-mision-con-mas-reciente-exhibicion\/#primaryimage"},"thumbnailUrl":"https:\/\/i0.wp.com\/eltecolote.org\/content\/wp-content\/uploads\/2019\/04\/JuanaAlicia-portrait-WEB_-1.jpg?fit=1000%2C1529&quality=89&ssl=1","keywords":["Juana Alicia"],"articleSection":["Arte"],"inLanguage":"en","potentialAction":[{"@type":"CommentAction","name":"Comment","target":["https:\/\/eltecolote.org\/content\/es\/renombrada-muralista-juana-alicia-regresa-a-la-mision-con-mas-reciente-exhibicion\/#respond"]}]},{"@type":"WebPage","@id":"https:\/\/eltecolote.org\/content\/es\/renombrada-muralista-juana-alicia-regresa-a-la-mision-con-mas-reciente-exhibicion\/","url":"https:\/\/eltecolote.org\/content\/es\/renombrada-muralista-juana-alicia-regresa-a-la-mision-con-mas-reciente-exhibicion\/","name":"Renombrada muralista, Juana Alicia, regresa a la Misi\u00f3n con m\u00e1s reciente exhibici\u00f3n - El Tecolote","isPartOf":{"@id":"https:\/\/eltecolote.org\/content\/#website"},"primaryImageOfPage":{"@id":"https:\/\/eltecolote.org\/content\/es\/renombrada-muralista-juana-alicia-regresa-a-la-mision-con-mas-reciente-exhibicion\/#primaryimage"},"image":{"@id":"https:\/\/eltecolote.org\/content\/es\/renombrada-muralista-juana-alicia-regresa-a-la-mision-con-mas-reciente-exhibicion\/#primaryimage"},"thumbnailUrl":"https:\/\/i0.wp.com\/eltecolote.org\/content\/wp-content\/uploads\/2019\/04\/JuanaAlicia-portrait-WEB_-1.jpg?fit=1000%2C1529&quality=89&ssl=1","datePublished":"2019-04-25T18:02:05+00:00","dateModified":"2019-04-25T18:25:22+00:00","description":"No podr\u00eda haber conocido a la artista, activista y educadora Juana Alicia en un lugar m\u00e1s apropiado. Nos sentamos en medio de la exhibici\u00f3n de Rebozos","inLanguage":"en","potentialAction":[{"@type":"ReadAction","target":["https:\/\/eltecolote.org\/content\/es\/renombrada-muralista-juana-alicia-regresa-a-la-mision-con-mas-reciente-exhibicion\/"]}]},{"@type":"ImageObject","inLanguage":"en","@id":"https:\/\/eltecolote.org\/content\/es\/renombrada-muralista-juana-alicia-regresa-a-la-mision-con-mas-reciente-exhibicion\/#primaryimage","url":"https:\/\/i0.wp.com\/eltecolote.org\/content\/wp-content\/uploads\/2019\/04\/JuanaAlicia-portrait-WEB_-1.jpg?fit=1000%2C1529&quality=89&ssl=1","contentUrl":"https:\/\/i0.wp.com\/eltecolote.org\/content\/wp-content\/uploads\/2019\/04\/JuanaAlicia-portrait-WEB_-1.jpg?fit=1000%2C1529&quality=89&ssl=1","width":1000,"height":1529,"caption":"La artista y activista Juana Alicia en el Mission Cultural Center el 19 de abril de 2019. Foto: Elissa Jim\u00e9nez"},{"@type":"WebSite","@id":"https:\/\/eltecolote.org\/content\/#website","url":"https:\/\/eltecolote.org\/content\/","name":"El Tecolote","description":"San Francisco's Latinx newspaper since 1970","publisher":{"@id":"https:\/\/eltecolote.org\/content\/#organization"},"potentialAction":[{"@type":"SearchAction","target":{"@type":"EntryPoint","urlTemplate":"https:\/\/eltecolote.org\/content\/?s={search_term_string}"},"query-input":{"@type":"PropertyValueSpecification","valueRequired":true,"valueName":"search_term_string"}}],"inLanguage":"en"},{"@type":"Organization","@id":"https:\/\/eltecolote.org\/content\/#organization","name":"El Tecolote","url":"https:\/\/eltecolote.org\/content\/","logo":{"@type":"ImageObject","inLanguage":"en","@id":"https:\/\/eltecolote.org\/content\/#\/schema\/logo\/image\/","url":"https:\/\/i0.wp.com\/eltecolote.org\/content\/wp-content\/uploads\/2021\/05\/ETlogo-1.jpg?fit=400%2C400&ssl=1","contentUrl":"https:\/\/i0.wp.com\/eltecolote.org\/content\/wp-content\/uploads\/2021\/05\/ETlogo-1.jpg?fit=400%2C400&ssl=1","width":400,"height":400,"caption":"El Tecolote"},"image":{"@id":"https:\/\/eltecolote.org\/content\/#\/schema\/logo\/image\/"},"sameAs":["https:\/\/www.facebook.com\/ElTecoloteSF\/","https:\/\/x.com\/eltecolotesf","https:\/\/www.instagram.com\/eltecolotesf\/"]},{"@type":"Person","@id":"https:\/\/eltecolote.org\/content\/#\/schema\/person\/08828d10185eba96895a8363a269410e","name":"El Tecolote Staff","image":{"@type":"ImageObject","inLanguage":"en","@id":"https:\/\/secure.gravatar.com\/avatar\/9534c92c8c908364e186a64d93efc86f62367109d1b07a3454facde655968589?s=96&d=mm&r=g6afcb607783e095e4cf6be807353924d","url":"https:\/\/secure.gravatar.com\/avatar\/9534c92c8c908364e186a64d93efc86f62367109d1b07a3454facde655968589?s=96&d=mm&r=g","contentUrl":"https:\/\/secure.gravatar.com\/avatar\/9534c92c8c908364e186a64d93efc86f62367109d1b07a3454facde655968589?s=96&d=mm&r=g","caption":"El Tecolote Staff"},"url":"https:\/\/eltecolote.org\/content\/author\/web-editor\/"}]}},"distributor_meta":false,"distributor_terms":false,"distributor_media":false,"distributor_original_site_name":"El Tecolote","distributor_original_site_url":"https:\/\/eltecolote.org\/content","push-errors":false,"_links":{"self":[{"href":"https:\/\/eltecolote.org\/content\/wp-json\/wp\/v2\/posts\/40389","targetHints":{"allow":["GET"]}}],"collection":[{"href":"https:\/\/eltecolote.org\/content\/wp-json\/wp\/v2\/posts"}],"about":[{"href":"https:\/\/eltecolote.org\/content\/wp-json\/wp\/v2\/types\/post"}],"author":[{"embeddable":true,"href":"https:\/\/eltecolote.org\/content\/wp-json\/wp\/v2\/users\/35"}],"replies":[{"embeddable":true,"href":"https:\/\/eltecolote.org\/content\/wp-json\/wp\/v2\/comments?post=40389"}],"version-history":[{"count":2,"href":"https:\/\/eltecolote.org\/content\/wp-json\/wp\/v2\/posts\/40389\/revisions"}],"predecessor-version":[{"id":40407,"href":"https:\/\/eltecolote.org\/content\/wp-json\/wp\/v2\/posts\/40389\/revisions\/40407"}],"wp:featuredmedia":[{"embeddable":true,"href":"https:\/\/eltecolote.org\/content\/wp-json\/wp\/v2\/media\/40390"}],"wp:attachment":[{"href":"https:\/\/eltecolote.org\/content\/wp-json\/wp\/v2\/media?parent=40389"}],"wp:term":[{"taxonomy":"category","embeddable":true,"href":"https:\/\/eltecolote.org\/content\/wp-json\/wp\/v2\/categories?post=40389"},{"taxonomy":"post_tag","embeddable":true,"href":"https:\/\/eltecolote.org\/content\/wp-json\/wp\/v2\/tags?post=40389"},{"taxonomy":"author","embeddable":true,"href":"https:\/\/eltecolote.org\/content\/wp-json\/wp\/v2\/coauthors?post=40389"}],"curies":[{"name":"wp","href":"https:\/\/api.w.org\/{rel}","templated":true}]}}