{"id":4002,"date":"2010-07-15T13:21:49","date_gmt":"2010-07-15T20:21:49","guid":{"rendered":"http:\/\/eltecolote.org\/content\/?p=4002"},"modified":"2014-12-31T13:13:28","modified_gmt":"2014-12-31T20:13:28","slug":"menos-programas-de-comida-gratis-para-ninos-este-verano","status":"publish","type":"post","link":"https:\/\/eltecolote.org\/content\/es\/menos-programas-de-comida-gratis-para-ninos-este-verano\/","title":{"rendered":"Menos programas de comida gratis para ni\u00f1os este verano"},"content":{"rendered":"<p>Un nuevo informe revela que, por recortes de presupuesto, los programas de nutrici\u00f3n financiados por el gobierno para este verano han alimentado s\u00f3lo a uno de cada seis ni\u00f1os de bajos ingresos en los EEUU el pasado a\u00f1o.<\/p>\n<p>El informe del Centro de Investigaci\u00f3n y Acci\u00f3n Nutricional (FRAC por sus siglas en ingl\u00e9s), \u2018El Hambre no toma vacaciones: informe del estado de la nutrici\u00f3n de verano 2010\u2019, que fue dado a conocer el martes, descubri\u00f3 que los recortes en educaci\u00f3n han forzado a muchos estados y a gobiernos locales a lo largo del pa\u00eds a reducir o eliminar sus programas de escuelas de verano para ni\u00f1os.<\/p>\n<p>Como resultado de ello, el informe declara que solamente 2,8 millones de ni\u00f1os participaron en los programas de nutrici\u00f3n de verano en julio del 2009 \u2014alrededor de 73.000 ni\u00f1os menos que en julio del a\u00f1o 2008.<\/p>\n<p>La disminuci\u00f3n del a\u00f1o pasado revierte el aumento logrado desde el a\u00f1o 2007 al 2008, cuando la participaci\u00f3n en los programas de nutrici\u00f3n de verano creci\u00f3 en casi 50.000 ni\u00f1os, declara el informe. Cabe destacar que muchos de los que abandonaron el programa fueron ni\u00f1os de bajos recursos en California.<\/p>\n<p>\u201cCalifornia tiene una gran disminuci\u00f3n y afect\u00f3 a las cifras a nivel nacional\u201d, coment\u00f3 James Weill, presidente del FRAC. Debido al extenso sistema de escuelas p\u00fablicas en el estado, declar\u00f3, el n\u00famero de estudiantes que abandonan los programas de almuerzos de verano en California constituye m\u00e1s de la mitad de la disminuci\u00f3n a nivel nacional.<\/p>\n<p>El informe tambi\u00e9n muestra que los estudiantes de California que necesitan almuerzos subsidiados durante el a\u00f1o escolar ha aumentado de 2,14 millones a 2,26 millones. Sin embargo, el n\u00famero de ni\u00f1os inscritos en programas de nutrici\u00f3n de verano ha disminuido de 588.000 en el a\u00f1o 2008 a 510.000 el a\u00f1o pasado. Esto significa que s\u00f3lo una quinta parte de los ni\u00f1os de California que se inscribieron durante el per\u00edodo regular del a\u00f1o escolar recibieron almuerzos subsidiados el pasado verano.<\/p>\n<p>Matt Sharp, defensor adjunto de la organizaci\u00f3n Defensores de la Pol\u00edtica Alimentaria en California (CFPA por sus siglas en ingl\u00e9s), que hace un seguimiento de la participaci\u00f3n de nutrici\u00f3n de verano en cada condado, declar\u00f3 que la reducci\u00f3n de comidas ha puesto en juego la salud de 1,9 millones de estudiantes de bajos recursos en el estado, la mayor\u00eda de ellos de minor\u00edas \u00e9tnicas.<\/p>\n<p>\u201cLas comunidades minoritarias est\u00e1n desproporcionadamente en desventaja debido a la desaparici\u00f3n de escuelas de verano y la consecuente falta de recursos adecuados para una buena nutrici\u00f3n\u201d, dijo Sharp, quien se\u00f1al\u00f3 que cerca del 60 por ciento de los participantes de los almuerzos gratis de verano son asi\u00e1ticos, latinos y afro-americanos.<\/p>\n<p>Agreg\u00f3 que la proporci\u00f3n de hogares que sufren de inseguridad alimentaria es mayor en hogares con menores ingresos (45 por ciento), comparado con el 31 por ciento de los hogares en general en el estado de California. Esto significa que la falta de acceso a los programas de verano ha creado una mayor presi\u00f3n alimentaria en los hogares de minor\u00edas.<\/p>\n<p>En el a\u00f1o 2008, conforme al censo de los EEUU, s\u00f3lo el 8,4 por ciento de los ni\u00f1os pobres en California eran blancos, mientras que el 27,5 por ciento eran afro-americanos y un 25,5 por ciento latinos. Muchos de ellos depend\u00edan de los almuerzos que recib\u00edan en la escuela cada d\u00eda.<\/p>\n<p>M\u00e1s a\u00fan, la baja participaci\u00f3n en los programas de nutrici\u00f3n de verano tambi\u00e9n ha causado que el estado de California haya perdido fondos federales destinados a proveer alimentos saludables a los ni\u00f1os. El informe encontr\u00f3 que el estado perdi\u00f3 $3,23 en fondos federales por cada almuerzo que no se pudo dar a ni\u00f1os de bajos ingresos en el verano de 2009.<\/p>\n<p>Si la participaci\u00f3n en California se duplic\u00f3 el a\u00f1o pasado, alcanzando a dos quintas partes de los ni\u00f1os que lo necesitaban, el informe se\u00f1ala que el estado habr\u00eda recibido $27 millones m\u00e1s en fondos federales tan s\u00f3lo en el mes de julio.<\/p>\n<p>Ambos, Weill y Sharp, hacen un llamado al Congreso de los EEUU para que apruebe el plan para la Reautorizaci\u00f3n de la Nutrici\u00f3n Infantil, que aumentar\u00eda el acceso de los ni\u00f1os a los almuerzos de verano, al rebajar los requerimientos de elegibilidad, aumentar la cantidad de reembolso, reducir el papeleo y los requerimientos administrativos para los proveedores comunitarios, y conceder subvenciones a los auspiciadores para que comiencen y expandan los costos para atraer nuevos proveedores de almuerzos al programa.<\/p>\n<p>Mientras tanto, algunos padres de minor\u00edas \u00e9tnicas creen que mejorar la calidad de las comidas es igual de importante.<\/p>\n<p>Teresa Molina, madre de cinco, tienen dos hijos inscritos en los programas de almuerzos gratis a trav\u00e9s del Distrito Escolar Unificado de San Francisco. Ella dice que sus hijos est\u00e1n felices de no tener almuerzos subsidiados durante el verano.<\/p>\n<p>\u201cNo les gusta la comida. Ellos siempre llevan comida de la casa\u201d, dice Molina.<\/p>\n<p>El informe del FRAC incluye datos de participaci\u00f3n de los 50 estados. Los cinco estados con la menor cantidad de programas de almuerzos de verano son Colorado, Louisiana, Kansas, Mississippi y Oklahoma, donde s\u00f3lo un ni\u00f1o de cada 20 recibe almuerzos gratis durante el a\u00f1o escolar en los programas de verano.<\/p>\n<p>\u2014Traducci\u00f3n Paulina Ochoa<\/p>\n","protected":false},"excerpt":{"rendered":"<p> Los programas de nutrici\u00f3n financiados por el gobierno para este verano han alimentado s\u00f3lo a uno de cada seis ni\u00f1os de bajos ingresos en los EEUU el pasado a\u00f1o.<\/p>\n","protected":false},"author":8,"featured_media":0,"comment_status":"open","ping_status":"open","sticky":false,"template":"","format":"standard","meta":{"newspack_popups_has_disabled_popups":false,"newspack_featured_image_position":"","newspack_post_subtitle":"","newspack_article_summary_title":"Overview:","newspack_article_summary":"","newspack_hide_updated_date":false,"newspack_show_updated_date":false,"footnotes":""},"categories":[3519],"tags":[502,165,501,265,146],"coauthors":[18468],"class_list":["post-4002","post","type-post","status-publish","format-standard","hentry","category-noticias","tag-bajos-ingresos","tag-educacion","tag-frac","tag-jovenes","tag-salud","entry"],"yoast_head":"<!-- This site is optimized with the Yoast SEO plugin v27.4 - https:\/\/yoast.com\/product\/yoast-seo-wordpress\/ -->\n<title>Menos programas de comida gratis para ni\u00f1os este verano - El Tecolote<\/title>\n<meta name=\"description\" content=\"Los programas de nutrici\u00f3n financiados por el gobierno para este verano han alimentado s\u00f3lo a uno de cada seis ni\u00f1os de bajos ingresos en los EEUU el pasado a\u00f1o.\" \/>\n<meta name=\"robots\" content=\"index, follow, max-snippet:-1, max-image-preview:large, max-video-preview:-1\" \/>\n<link rel=\"canonical\" href=\"https:\/\/eltecolote.org\/content\/es\/menos-programas-de-comida-gratis-para-ninos-este-verano\/\" \/>\n<meta property=\"og:locale\" content=\"en_US\" \/>\n<meta property=\"og:type\" content=\"article\" \/>\n<meta property=\"og:title\" content=\"Menos programas de comida gratis para ni\u00f1os este verano - El Tecolote\" \/>\n<meta property=\"og:description\" content=\"Los programas de nutrici\u00f3n financiados por el gobierno para este verano han alimentado s\u00f3lo a uno de cada seis ni\u00f1os de bajos ingresos en los EEUU el pasado a\u00f1o.\" \/>\n<meta property=\"og:url\" content=\"https:\/\/eltecolote.org\/content\/es\/menos-programas-de-comida-gratis-para-ninos-este-verano\/\" \/>\n<meta property=\"og:site_name\" content=\"El Tecolote\" \/>\n<meta property=\"article:publisher\" content=\"https:\/\/www.facebook.com\/ElTecoloteSF\/\" \/>\n<meta property=\"article:published_time\" content=\"2010-07-15T20:21:49+00:00\" \/>\n<meta property=\"article:modified_time\" content=\"2014-12-31T20:13:28+00:00\" \/>\n<meta property=\"og:image\" content=\"https:\/\/i0.wp.com\/eltecolote.org\/content\/wp-content\/uploads\/2019\/10\/facebook.png?fit=8672%2C4960&quality=80&ssl=1\" \/>\n\t<meta property=\"og:image:width\" content=\"8672\" \/>\n\t<meta property=\"og:image:height\" content=\"4960\" \/>\n\t<meta property=\"og:image:type\" content=\"image\/png\" \/>\n<meta name=\"author\" content=\"inaki\" \/>\n<meta name=\"twitter:card\" content=\"summary_large_image\" \/>\n<meta name=\"twitter:creator\" content=\"@eltecolotesf\" \/>\n<meta name=\"twitter:site\" content=\"@eltecolotesf\" \/>\n<meta name=\"twitter:label1\" content=\"Written by\" \/>\n\t<meta name=\"twitter:data1\" content=\"inaki\" \/>\n\t<meta name=\"twitter:label2\" content=\"Est. reading time\" \/>\n\t<meta name=\"twitter:data2\" content=\"5 minutes\" \/>\n<script type=\"application\/ld+json\" class=\"yoast-schema-graph\">{\"@context\":\"https:\\\/\\\/schema.org\",\"@graph\":[{\"@type\":\"NewsArticle\",\"@id\":\"https:\\\/\\\/eltecolote.org\\\/content\\\/es\\\/menos-programas-de-comida-gratis-para-ninos-este-verano\\\/#article\",\"isPartOf\":{\"@id\":\"https:\\\/\\\/eltecolote.org\\\/content\\\/es\\\/menos-programas-de-comida-gratis-para-ninos-este-verano\\\/\"},\"author\":{\"name\":\"inaki\",\"@id\":\"https:\\\/\\\/eltecolote.org\\\/content\\\/#\\\/schema\\\/person\\\/3d16dd415f4762c1919d5f48fb96be68\"},\"headline\":\"Menos programas de comida gratis para ni\u00f1os este verano\",\"datePublished\":\"2010-07-15T20:21:49+00:00\",\"dateModified\":\"2014-12-31T20:13:28+00:00\",\"mainEntityOfPage\":{\"@id\":\"https:\\\/\\\/eltecolote.org\\\/content\\\/es\\\/menos-programas-de-comida-gratis-para-ninos-este-verano\\\/\"},\"wordCount\":929,\"commentCount\":0,\"publisher\":{\"@id\":\"https:\\\/\\\/eltecolote.org\\\/content\\\/#organization\"},\"keywords\":[\"bajos ingresos\",\"educacion\",\"FRAC\",\"j\u00f3venes\",\"salud\"],\"articleSection\":[\"Noticias\"],\"inLanguage\":\"en\",\"potentialAction\":[{\"@type\":\"CommentAction\",\"name\":\"Comment\",\"target\":[\"https:\\\/\\\/eltecolote.org\\\/content\\\/es\\\/menos-programas-de-comida-gratis-para-ninos-este-verano\\\/#respond\"]}]},{\"@type\":\"WebPage\",\"@id\":\"https:\\\/\\\/eltecolote.org\\\/content\\\/es\\\/menos-programas-de-comida-gratis-para-ninos-este-verano\\\/\",\"url\":\"https:\\\/\\\/eltecolote.org\\\/content\\\/es\\\/menos-programas-de-comida-gratis-para-ninos-este-verano\\\/\",\"name\":\"Menos programas de comida gratis para ni\u00f1os este verano - El Tecolote\",\"isPartOf\":{\"@id\":\"https:\\\/\\\/eltecolote.org\\\/content\\\/#website\"},\"datePublished\":\"2010-07-15T20:21:49+00:00\",\"dateModified\":\"2014-12-31T20:13:28+00:00\",\"description\":\"Los programas de nutrici\u00f3n financiados por el gobierno para este verano han alimentado s\u00f3lo a uno de cada seis ni\u00f1os de bajos ingresos en los EEUU el pasado a\u00f1o.\",\"inLanguage\":\"en\",\"potentialAction\":[{\"@type\":\"ReadAction\",\"target\":[\"https:\\\/\\\/eltecolote.org\\\/content\\\/es\\\/menos-programas-de-comida-gratis-para-ninos-este-verano\\\/\"]}]},{\"@type\":\"WebSite\",\"@id\":\"https:\\\/\\\/eltecolote.org\\\/content\\\/#website\",\"url\":\"https:\\\/\\\/eltecolote.org\\\/content\\\/\",\"name\":\"El Tecolote\",\"description\":\"San Francisco's Latinx newspaper since 1970\",\"publisher\":{\"@id\":\"https:\\\/\\\/eltecolote.org\\\/content\\\/#organization\"},\"potentialAction\":[{\"@type\":\"SearchAction\",\"target\":{\"@type\":\"EntryPoint\",\"urlTemplate\":\"https:\\\/\\\/eltecolote.org\\\/content\\\/?s={search_term_string}\"},\"query-input\":{\"@type\":\"PropertyValueSpecification\",\"valueRequired\":true,\"valueName\":\"search_term_string\"}}],\"inLanguage\":\"en\"},{\"@type\":\"Organization\",\"@id\":\"https:\\\/\\\/eltecolote.org\\\/content\\\/#organization\",\"name\":\"El Tecolote\",\"url\":\"https:\\\/\\\/eltecolote.org\\\/content\\\/\",\"logo\":{\"@type\":\"ImageObject\",\"inLanguage\":\"en\",\"@id\":\"https:\\\/\\\/eltecolote.org\\\/content\\\/#\\\/schema\\\/logo\\\/image\\\/\",\"url\":\"https:\\\/\\\/i0.wp.com\\\/eltecolote.org\\\/content\\\/wp-content\\\/uploads\\\/2021\\\/05\\\/ETlogo-1.jpg?fit=400%2C400&ssl=1\",\"contentUrl\":\"https:\\\/\\\/i0.wp.com\\\/eltecolote.org\\\/content\\\/wp-content\\\/uploads\\\/2021\\\/05\\\/ETlogo-1.jpg?fit=400%2C400&ssl=1\",\"width\":400,\"height\":400,\"caption\":\"El Tecolote\"},\"image\":{\"@id\":\"https:\\\/\\\/eltecolote.org\\\/content\\\/#\\\/schema\\\/logo\\\/image\\\/\"},\"sameAs\":[\"https:\\\/\\\/www.facebook.com\\\/ElTecoloteSF\\\/\",\"https:\\\/\\\/x.com\\\/eltecolotesf\",\"https:\\\/\\\/www.instagram.com\\\/eltecolotesf\\\/\"]},{\"@type\":\"Person\",\"@id\":\"https:\\\/\\\/eltecolote.org\\\/content\\\/#\\\/schema\\\/person\\\/3d16dd415f4762c1919d5f48fb96be68\",\"name\":\"inaki\",\"image\":{\"@type\":\"ImageObject\",\"inLanguage\":\"en\",\"@id\":\"https:\\\/\\\/secure.gravatar.com\\\/avatar\\\/ab6ead0932ded5b2446f1718461a6be0d4ec8d3cc15301536fd1add812db4cfd?s=96&d=mm&r=g63853c5492f171feb7b16142e206d3ec\",\"url\":\"https:\\\/\\\/secure.gravatar.com\\\/avatar\\\/ab6ead0932ded5b2446f1718461a6be0d4ec8d3cc15301536fd1add812db4cfd?s=96&d=mm&r=g\",\"contentUrl\":\"https:\\\/\\\/secure.gravatar.com\\\/avatar\\\/ab6ead0932ded5b2446f1718461a6be0d4ec8d3cc15301536fd1add812db4cfd?s=96&d=mm&r=g\",\"caption\":\"inaki\"},\"url\":\"https:\\\/\\\/eltecolote.org\\\/content\\\/author\\\/inaki\\\/\"}]}<\/script>\n<!-- \/ Yoast SEO plugin. -->","yoast_head_json":{"title":"Menos programas de comida gratis para ni\u00f1os este verano - El Tecolote","description":"Los programas de nutrici\u00f3n financiados por el gobierno para este verano han alimentado s\u00f3lo a uno de cada seis ni\u00f1os de bajos ingresos en los EEUU el pasado a\u00f1o.","robots":{"index":"index","follow":"follow","max-snippet":"max-snippet:-1","max-image-preview":"max-image-preview:large","max-video-preview":"max-video-preview:-1"},"canonical":"https:\/\/eltecolote.org\/content\/es\/menos-programas-de-comida-gratis-para-ninos-este-verano\/","og_locale":"en_US","og_type":"article","og_title":"Menos programas de comida gratis para ni\u00f1os este verano - El Tecolote","og_description":"Los programas de nutrici\u00f3n financiados por el gobierno para este verano han alimentado s\u00f3lo a uno de cada seis ni\u00f1os de bajos ingresos en los EEUU el pasado a\u00f1o.","og_url":"https:\/\/eltecolote.org\/content\/es\/menos-programas-de-comida-gratis-para-ninos-este-verano\/","og_site_name":"El Tecolote","article_publisher":"https:\/\/www.facebook.com\/ElTecoloteSF\/","article_published_time":"2010-07-15T20:21:49+00:00","article_modified_time":"2014-12-31T20:13:28+00:00","og_image":[{"width":8672,"height":4960,"url":"https:\/\/i0.wp.com\/eltecolote.org\/content\/wp-content\/uploads\/2019\/10\/facebook.png?fit=8672%2C4960&quality=80&ssl=1","type":"image\/png"}],"author":"inaki","twitter_card":"summary_large_image","twitter_creator":"@eltecolotesf","twitter_site":"@eltecolotesf","twitter_misc":{"Written by":"inaki","Est. reading time":"5 minutes"},"schema":{"@context":"https:\/\/schema.org","@graph":[{"@type":"NewsArticle","@id":"https:\/\/eltecolote.org\/content\/es\/menos-programas-de-comida-gratis-para-ninos-este-verano\/#article","isPartOf":{"@id":"https:\/\/eltecolote.org\/content\/es\/menos-programas-de-comida-gratis-para-ninos-este-verano\/"},"author":{"name":"inaki","@id":"https:\/\/eltecolote.org\/content\/#\/schema\/person\/3d16dd415f4762c1919d5f48fb96be68"},"headline":"Menos programas de comida gratis para ni\u00f1os este verano","datePublished":"2010-07-15T20:21:49+00:00","dateModified":"2014-12-31T20:13:28+00:00","mainEntityOfPage":{"@id":"https:\/\/eltecolote.org\/content\/es\/menos-programas-de-comida-gratis-para-ninos-este-verano\/"},"wordCount":929,"commentCount":0,"publisher":{"@id":"https:\/\/eltecolote.org\/content\/#organization"},"keywords":["bajos ingresos","educacion","FRAC","j\u00f3venes","salud"],"articleSection":["Noticias"],"inLanguage":"en","potentialAction":[{"@type":"CommentAction","name":"Comment","target":["https:\/\/eltecolote.org\/content\/es\/menos-programas-de-comida-gratis-para-ninos-este-verano\/#respond"]}]},{"@type":"WebPage","@id":"https:\/\/eltecolote.org\/content\/es\/menos-programas-de-comida-gratis-para-ninos-este-verano\/","url":"https:\/\/eltecolote.org\/content\/es\/menos-programas-de-comida-gratis-para-ninos-este-verano\/","name":"Menos programas de comida gratis para ni\u00f1os este verano - El Tecolote","isPartOf":{"@id":"https:\/\/eltecolote.org\/content\/#website"},"datePublished":"2010-07-15T20:21:49+00:00","dateModified":"2014-12-31T20:13:28+00:00","description":"Los programas de nutrici\u00f3n financiados por el gobierno para este verano han alimentado s\u00f3lo a uno de cada seis ni\u00f1os de bajos ingresos en los EEUU el pasado a\u00f1o.","inLanguage":"en","potentialAction":[{"@type":"ReadAction","target":["https:\/\/eltecolote.org\/content\/es\/menos-programas-de-comida-gratis-para-ninos-este-verano\/"]}]},{"@type":"WebSite","@id":"https:\/\/eltecolote.org\/content\/#website","url":"https:\/\/eltecolote.org\/content\/","name":"El Tecolote","description":"San Francisco's Latinx newspaper since 1970","publisher":{"@id":"https:\/\/eltecolote.org\/content\/#organization"},"potentialAction":[{"@type":"SearchAction","target":{"@type":"EntryPoint","urlTemplate":"https:\/\/eltecolote.org\/content\/?s={search_term_string}"},"query-input":{"@type":"PropertyValueSpecification","valueRequired":true,"valueName":"search_term_string"}}],"inLanguage":"en"},{"@type":"Organization","@id":"https:\/\/eltecolote.org\/content\/#organization","name":"El Tecolote","url":"https:\/\/eltecolote.org\/content\/","logo":{"@type":"ImageObject","inLanguage":"en","@id":"https:\/\/eltecolote.org\/content\/#\/schema\/logo\/image\/","url":"https:\/\/i0.wp.com\/eltecolote.org\/content\/wp-content\/uploads\/2021\/05\/ETlogo-1.jpg?fit=400%2C400&ssl=1","contentUrl":"https:\/\/i0.wp.com\/eltecolote.org\/content\/wp-content\/uploads\/2021\/05\/ETlogo-1.jpg?fit=400%2C400&ssl=1","width":400,"height":400,"caption":"El Tecolote"},"image":{"@id":"https:\/\/eltecolote.org\/content\/#\/schema\/logo\/image\/"},"sameAs":["https:\/\/www.facebook.com\/ElTecoloteSF\/","https:\/\/x.com\/eltecolotesf","https:\/\/www.instagram.com\/eltecolotesf\/"]},{"@type":"Person","@id":"https:\/\/eltecolote.org\/content\/#\/schema\/person\/3d16dd415f4762c1919d5f48fb96be68","name":"inaki","image":{"@type":"ImageObject","inLanguage":"en","@id":"https:\/\/secure.gravatar.com\/avatar\/ab6ead0932ded5b2446f1718461a6be0d4ec8d3cc15301536fd1add812db4cfd?s=96&d=mm&r=g63853c5492f171feb7b16142e206d3ec","url":"https:\/\/secure.gravatar.com\/avatar\/ab6ead0932ded5b2446f1718461a6be0d4ec8d3cc15301536fd1add812db4cfd?s=96&d=mm&r=g","contentUrl":"https:\/\/secure.gravatar.com\/avatar\/ab6ead0932ded5b2446f1718461a6be0d4ec8d3cc15301536fd1add812db4cfd?s=96&d=mm&r=g","caption":"inaki"},"url":"https:\/\/eltecolote.org\/content\/author\/inaki\/"}]}},"distributor_meta":false,"distributor_terms":false,"distributor_media":false,"distributor_original_site_name":"El Tecolote","distributor_original_site_url":"https:\/\/eltecolote.org\/content","push-errors":false,"_links":{"self":[{"href":"https:\/\/eltecolote.org\/content\/wp-json\/wp\/v2\/posts\/4002","targetHints":{"allow":["GET"]}}],"collection":[{"href":"https:\/\/eltecolote.org\/content\/wp-json\/wp\/v2\/posts"}],"about":[{"href":"https:\/\/eltecolote.org\/content\/wp-json\/wp\/v2\/types\/post"}],"author":[{"embeddable":true,"href":"https:\/\/eltecolote.org\/content\/wp-json\/wp\/v2\/users\/8"}],"replies":[{"embeddable":true,"href":"https:\/\/eltecolote.org\/content\/wp-json\/wp\/v2\/comments?post=4002"}],"version-history":[{"count":1,"href":"https:\/\/eltecolote.org\/content\/wp-json\/wp\/v2\/posts\/4002\/revisions"}],"predecessor-version":[{"id":4003,"href":"https:\/\/eltecolote.org\/content\/wp-json\/wp\/v2\/posts\/4002\/revisions\/4003"}],"wp:attachment":[{"href":"https:\/\/eltecolote.org\/content\/wp-json\/wp\/v2\/media?parent=4002"}],"wp:term":[{"taxonomy":"category","embeddable":true,"href":"https:\/\/eltecolote.org\/content\/wp-json\/wp\/v2\/categories?post=4002"},{"taxonomy":"post_tag","embeddable":true,"href":"https:\/\/eltecolote.org\/content\/wp-json\/wp\/v2\/tags?post=4002"},{"taxonomy":"author","embeddable":true,"href":"https:\/\/eltecolote.org\/content\/wp-json\/wp\/v2\/coauthors?post=4002"}],"curies":[{"name":"wp","href":"https:\/\/api.w.org\/{rel}","templated":true}]}}