{"id":39895,"date":"2019-02-14T15:54:46","date_gmt":"2019-02-14T22:54:46","guid":{"rendered":"http:\/\/eltecolote.org\/content\/?p=39895"},"modified":"2019-02-14T15:54:46","modified_gmt":"2019-02-14T22:54:46","slug":"familia-separada-por-la-administracion-trump-finalmente-reunida","status":"publish","type":"post","link":"https:\/\/eltecolote.org\/content\/es\/familia-separada-por-la-administracion-trump-finalmente-reunida\/","title":{"rendered":"Familia separada por la administraci\u00f3n Trump, finalmente reunida"},"content":{"rendered":"<figure id=\"attachment_39896\" aria-describedby=\"caption-attachment-39896\" style=\"width: 1532px\" class=\"wp-caption aligncenter\"><a href=\"https:\/\/i0.wp.com\/eltecolote.org\/content\/wp-content\/uploads\/2019\/02\/Juliet_01_WEB-1.jpg?quality=89&#038;ssl=1\"><img data-recalc-dims=\"1\" loading=\"lazy\" decoding=\"async\" class=\"size-full wp-image-39896\" src=\"https:\/\/i0.wp.com\/eltecolote.org\/content\/wp-content\/uploads\/2019\/02\/Juliet_01_WEB-1.jpg?resize=1532%2C1021&#038;quality=89&#038;ssl=1\" alt=\"\" width=\"1532\" height=\"1021\" srcset=\"https:\/\/i0.wp.com\/eltecolote.org\/content\/wp-content\/uploads\/2019\/02\/Juliet_01_WEB-1.jpg?w=1532&amp;quality=89&amp;ssl=1 1532w, https:\/\/i0.wp.com\/eltecolote.org\/content\/wp-content\/uploads\/2019\/02\/Juliet_01_WEB-1.jpg?resize=600%2C400&amp;quality=89&amp;ssl=1 600w, https:\/\/i0.wp.com\/eltecolote.org\/content\/wp-content\/uploads\/2019\/02\/Juliet_01_WEB-1.jpg?resize=360%2C240&amp;quality=89&amp;ssl=1 360w, https:\/\/i0.wp.com\/eltecolote.org\/content\/wp-content\/uploads\/2019\/02\/Juliet_01_WEB-1.jpg?resize=768%2C512&amp;quality=89&amp;ssl=1 768w\" sizes=\"auto, (max-width: 1000px) 100vw, 1000px\" \/><\/a><figcaption id=\"caption-attachment-39896\" class=\"wp-caption-text\">Sindy Flores, una migrante hondure\u00f1a, se re\u00fane con su hija de 17 meses, Juliet, luego de un mes de estar separadas. A Juliet la separaron de su padre luego de que fueron detenidos al cruzar la frontera entre EEUU y Calexico. Su padre sigue detenido.<\/figcaption><\/figure>\n<p class=\"p1\"><b><\/b>En abril de 2018, despu\u00e9s de que la administraci\u00f3n de Trump implementara un orden de \u2018tolerancia cero\u2019 a la inmigraci\u00f3n, que deriv\u00f3 en la separaci\u00f3n de cientos de ni\u00f1os de sus padres o tutores que cruzaron ilegalmente la frontera, la comunidad se uni\u00f3 en una sola voz para protestar contra esta pol\u00edtica inhumana.<\/p>\n<p class=\"p5\">Muchos tuvimos conocimiento, desde entonces, de que tales atrocidades atacan a v\u00edctimas reales, personas cuyos nombres y rostros siguen siendo desconocidos. La semana pasada, tuve la oportunidad de conocer a una de esas v\u00edctimas y lo que sigue es un vistazo a su historia.<\/p>\n<p class=\"p5\">Sindy Flores es una hondure\u00f1a, migrante, solicitante de asilo y madre. Su beb\u00e9, Juliet, fue arrancada de los brazos de su padre mientras estaba en un centro de detenci\u00f3n despu\u00e9s de haber sido detenidos por ICE tras cruzar en Calexico el 28 de diciembre de 2018. Sindy cruz\u00f3 la frontera por separado y fue liberada el 2 de enero.<\/p>\n<p class=\"p5\">El padre de Juliet, Kevin Ventura Corrales, comparti\u00f3 su historia de c\u00f3mo terminaron en \u2018la nevera\u2019, un centro de detenci\u00f3n donde solo se alimentaban con dos burritos al d\u00eda, y c\u00f3mo, despu\u00e9s de un par de d\u00edas, vinieron a quitarle a Juliet a la fuerza. Los agentes no ofrecieron ninguna informaci\u00f3n sobre su paradero. En realidad, en los documentos de Ventura Corrales omitieron los detalles sobre la separaci\u00f3n familiar y fueron ocultados a la corte y al p\u00fablico, dejando a la familia sin la menor idea del paradero de Juliet, quien en ese momento ten\u00eda solo 16 meses de edad.<\/p>\n<p class=\"p5\">Con la ayuda de diferentes grupos y organizaciones como Mijente, pudieron rastrear a la peque\u00f1a en la Oficina de Reasentamiento de Refugiados (ORR), que est\u00e1 a cargo del procesamiento de menores inmigrantes y refugiados. Pero la ORR se neg\u00f3 a liberar a Juliet hasta que su madre pudiera proporcionar una tarjeta de cr\u00e9dito con la cual pagar dos boletos de avi\u00f3n para que un agente y la menor viajaran a California. Sindy no ten\u00eda tarjeta de cr\u00e9dito.<\/p>\n<figure id=\"attachment_39897\" aria-describedby=\"caption-attachment-39897\" style=\"width: 450px\" class=\"wp-caption alignright\"><a href=\"https:\/\/i0.wp.com\/eltecolote.org\/content\/wp-content\/uploads\/2019\/02\/Juliet_02_web-1.jpg?quality=89&#038;ssl=1\"><img data-recalc-dims=\"1\" loading=\"lazy\" decoding=\"async\" class=\" wp-image-39897\" src=\"https:\/\/i0.wp.com\/eltecolote.org\/content\/wp-content\/uploads\/2019\/02\/Juliet_02_web-1.jpg?resize=450%2C300&#038;quality=89&#038;ssl=1\" alt=\"\" width=\"450\" height=\"300\" srcset=\"https:\/\/i0.wp.com\/eltecolote.org\/content\/wp-content\/uploads\/2019\/02\/Juliet_02_web-1.jpg?w=1532&amp;quality=89&amp;ssl=1 1532w, https:\/\/i0.wp.com\/eltecolote.org\/content\/wp-content\/uploads\/2019\/02\/Juliet_02_web-1.jpg?resize=600%2C400&amp;quality=89&amp;ssl=1 600w, https:\/\/i0.wp.com\/eltecolote.org\/content\/wp-content\/uploads\/2019\/02\/Juliet_02_web-1.jpg?resize=360%2C240&amp;quality=89&amp;ssl=1 360w, https:\/\/i0.wp.com\/eltecolote.org\/content\/wp-content\/uploads\/2019\/02\/Juliet_02_web-1.jpg?resize=768%2C512&amp;quality=89&amp;ssl=1 768w\" sizes=\"auto, (max-width: 450px) 100vw, 450px\" \/><\/a><figcaption id=\"caption-attachment-39897\" class=\"wp-caption-text\">Sindy Flores, una migrante hondure\u00f1a, se re\u00fane con su hija de 17 meses, Juliet, luego de un mes de estar separadas. A Juliet la separaron de su padre luego de que fueron detenidos al cruzar la frontera entre EEUU y Calexico. Su padre sigue detenido.<\/figcaption><\/figure>\n<p class=\"p5\">Finalmente, la pesadilla termin\u00f3 el 29 de enero cuando, luego de dos meses de incertidumbre, Sindy se reuni\u00f3 con su beb\u00e9 Juliet en la puerta de la Terminal 1 del Aeropuerto Internacional de San Francisco. Me un\u00ed a Carolina Morales, de la oficina del Supervisor del Distrito 9, Hillary Ronen, y a muchos miembros de la comunidad y diferentes organizaciones que ofrecieron apoyo a Sindy.<\/p>\n<p class=\"p5\">Cuando la devolvieron con su madre, Juliet llor\u00f3 confundida y su grito reson\u00f3 con fuerza en los o\u00eddos y corazones de todos en el aeropuerto. Era el sonido de la injusticia y el terror. Uno no puede comenzar a imaginar el da\u00f1o psicol\u00f3gico que tanto Sindy como Juliet han experimentado tras esta separaci\u00f3n. Y su viaje en busca de asilo apenas est\u00e1 comenzando, ya que Sindy ahora est\u00e1 obligada a usar un monitor en el tobillo, y Kevin todav\u00eda est\u00e1 detenido en Arizona. Esta es una familia que viene de Honduras, desplazada por la violencia y las dificultades econ\u00f3micas extremas.<\/p>\n<p class=\"p5\">Es importante mencionar que todo esto ocurri\u00f3 meses despu\u00e9s de que el presidente Trump firmara una orden ejecutiva el 20 de junio de 2018 supuestamente poniendo fin a la pol\u00edtica de separaci\u00f3n familiar, y luego que un juez federal ordenara a su administraci\u00f3n reunir a todos los ni\u00f1os separados de sus padres.<\/p>\n<p class=\"p5\">El n\u00famero de ni\u00f1os separados de sus padres o tutores se desconoce aun. Juliet es solo uno de estos menores que han sido separado de sus familias por una agenda extremista de la administraci\u00f3n actual que ha criminalizado y castiga a los migrantes, refugiados y solicitantes de asilo.<\/p>\n<p class=\"p5\">La menor Juliet debe convertirse en s\u00edmbolo de indignaci\u00f3n hacia la pr\u00e1ctica de esta administraci\u00f3n de separar a los ni\u00f1os de sus padres detenidos por cruzar la frontera. No podemos guardar silencio mientras esta administraci\u00f3n contin\u00faa infligiendo violencia y terror a las comunidades que buscan refugio en los EEUU. \u00a1Exigimos que el gobierno deje de separar a las familias de una vez por todas! #FreeOurFuture<\/p>\n<p><iframe loading=\"lazy\" src=\"https:\/\/drive.google.com\/file\/d\/1pfGKuSlJOrpvkA-gl4AiamUZvU3hB-qX\/preview\" width=\"640\" height=\"480\"><\/iframe><\/p>\n","protected":false},"excerpt":{"rendered":"<p>En abril de 2018, despu\u00e9s de que la administraci\u00f3n de Trump implementara un orden de \u2018tolerancia cero\u2019 a la inmigraci\u00f3n, que deriv\u00f3 en la separaci\u00f3n de cientos de ni\u00f1os de sus padres o tutores que cruzaron ilegalmente la frontera, la comunidad se uni\u00f3 en una sola voz para protestar contra esta pol\u00edtica inhumana. Muchos tuvimos [&hellip;]<\/p>\n","protected":false},"author":35,"featured_media":39896,"comment_status":"open","ping_status":"closed","sticky":false,"template":"","format":"standard","meta":{"newspack_popups_has_disabled_popups":false,"newspack_featured_image_position":"","newspack_post_subtitle":"","newspack_article_summary_title":"Overview:","newspack_article_summary":"","newspack_hide_updated_date":false,"newspack_show_updated_date":false,"footnotes":""},"categories":[3531],"tags":[4261,16768,17546],"coauthors":[],"class_list":["post-39895","post","type-post","status-publish","format-standard","has-post-thumbnail","hentry","category-voces","tag-ice-es","tag-separar-a-las-familias","tag-sindy-flores-es","entry"],"yoast_head":"<!-- This site is optimized with the Yoast SEO plugin v27.5 - https:\/\/yoast.com\/product\/yoast-seo-wordpress\/ -->\n<title>Familia separada por la administraci\u00f3n Trump, finalmente reunida - El Tecolote<\/title>\n<meta name=\"description\" content=\"En abril de 2018, despu\u00e9s de que la administraci\u00f3n de Trump implementara un orden de \u2018tolerancia cero\u2019 a la inmigraci\u00f3n, que deriv\u00f3 en la separaci\u00f3n de\" \/>\n<meta name=\"robots\" content=\"index, follow, max-snippet:-1, max-image-preview:large, max-video-preview:-1\" \/>\n<link rel=\"canonical\" href=\"https:\/\/eltecolote.org\/content\/es\/familia-separada-por-la-administracion-trump-finalmente-reunida\/\" \/>\n<meta property=\"og:locale\" content=\"en_US\" \/>\n<meta property=\"og:type\" content=\"article\" \/>\n<meta property=\"og:title\" content=\"Familia separada por la administraci\u00f3n Trump, finalmente reunida - El Tecolote\" \/>\n<meta property=\"og:description\" content=\"En abril de 2018, despu\u00e9s de que la administraci\u00f3n de Trump implementara un orden de \u2018tolerancia cero\u2019 a la inmigraci\u00f3n, que deriv\u00f3 en la separaci\u00f3n de\" \/>\n<meta property=\"og:url\" content=\"https:\/\/eltecolote.org\/content\/es\/familia-separada-por-la-administracion-trump-finalmente-reunida\/\" \/>\n<meta property=\"og:site_name\" content=\"El Tecolote\" \/>\n<meta property=\"article:publisher\" content=\"https:\/\/www.facebook.com\/ElTecoloteSF\/\" \/>\n<meta property=\"article:published_time\" content=\"2019-02-14T22:54:46+00:00\" \/>\n<meta property=\"og:image\" content=\"https:\/\/i0.wp.com\/eltecolote.org\/content\/wp-content\/uploads\/2019\/02\/Juliet_01_WEB-1.jpg?fit=1532%2C1021&ssl=1\" \/>\n\t<meta property=\"og:image:width\" content=\"1532\" \/>\n\t<meta property=\"og:image:height\" content=\"1021\" \/>\n\t<meta property=\"og:image:type\" content=\"image\/jpeg\" \/>\n<meta name=\"author\" content=\"El Tecolote Staff\" \/>\n<meta name=\"twitter:card\" content=\"summary_large_image\" \/>\n<meta name=\"twitter:creator\" content=\"@eltecolotesf\" \/>\n<meta name=\"twitter:site\" content=\"@eltecolotesf\" \/>\n<meta name=\"twitter:label1\" content=\"Written by\" \/>\n\t<meta name=\"twitter:data1\" content=\"El Tecolote Staff\" \/>\n\t<meta name=\"twitter:label2\" content=\"Est. reading time\" \/>\n\t<meta name=\"twitter:data2\" content=\"4 minutes\" \/>\n<script type=\"application\/ld+json\" class=\"yoast-schema-graph\">{\"@context\":\"https:\\\/\\\/schema.org\",\"@graph\":[{\"@type\":\"NewsArticle\",\"@id\":\"https:\\\/\\\/eltecolote.org\\\/content\\\/es\\\/familia-separada-por-la-administracion-trump-finalmente-reunida\\\/#article\",\"isPartOf\":{\"@id\":\"https:\\\/\\\/eltecolote.org\\\/content\\\/es\\\/familia-separada-por-la-administracion-trump-finalmente-reunida\\\/\"},\"author\":{\"name\":\"El Tecolote Staff\",\"@id\":\"https:\\\/\\\/eltecolote.org\\\/content\\\/#\\\/schema\\\/person\\\/08828d10185eba96895a8363a269410e\"},\"headline\":\"Familia separada por la administraci\u00f3n Trump, finalmente reunida\",\"datePublished\":\"2019-02-14T22:54:46+00:00\",\"mainEntityOfPage\":{\"@id\":\"https:\\\/\\\/eltecolote.org\\\/content\\\/es\\\/familia-separada-por-la-administracion-trump-finalmente-reunida\\\/\"},\"wordCount\":815,\"commentCount\":0,\"publisher\":{\"@id\":\"https:\\\/\\\/eltecolote.org\\\/content\\\/#organization\"},\"image\":{\"@id\":\"https:\\\/\\\/eltecolote.org\\\/content\\\/es\\\/familia-separada-por-la-administracion-trump-finalmente-reunida\\\/#primaryimage\"},\"thumbnailUrl\":\"https:\\\/\\\/i0.wp.com\\\/eltecolote.org\\\/content\\\/wp-content\\\/uploads\\\/2019\\\/02\\\/Juliet_01_WEB-1.jpg?fit=1532%2C1021&quality=89&ssl=1\",\"keywords\":[\"ice\",\"separar a las familias\",\"Sindy Flores\"],\"articleSection\":[\"Voces\"],\"inLanguage\":\"en\",\"potentialAction\":[{\"@type\":\"CommentAction\",\"name\":\"Comment\",\"target\":[\"https:\\\/\\\/eltecolote.org\\\/content\\\/es\\\/familia-separada-por-la-administracion-trump-finalmente-reunida\\\/#respond\"]}]},{\"@type\":\"WebPage\",\"@id\":\"https:\\\/\\\/eltecolote.org\\\/content\\\/es\\\/familia-separada-por-la-administracion-trump-finalmente-reunida\\\/\",\"url\":\"https:\\\/\\\/eltecolote.org\\\/content\\\/es\\\/familia-separada-por-la-administracion-trump-finalmente-reunida\\\/\",\"name\":\"Familia separada por la administraci\u00f3n Trump, finalmente reunida - El Tecolote\",\"isPartOf\":{\"@id\":\"https:\\\/\\\/eltecolote.org\\\/content\\\/#website\"},\"primaryImageOfPage\":{\"@id\":\"https:\\\/\\\/eltecolote.org\\\/content\\\/es\\\/familia-separada-por-la-administracion-trump-finalmente-reunida\\\/#primaryimage\"},\"image\":{\"@id\":\"https:\\\/\\\/eltecolote.org\\\/content\\\/es\\\/familia-separada-por-la-administracion-trump-finalmente-reunida\\\/#primaryimage\"},\"thumbnailUrl\":\"https:\\\/\\\/i0.wp.com\\\/eltecolote.org\\\/content\\\/wp-content\\\/uploads\\\/2019\\\/02\\\/Juliet_01_WEB-1.jpg?fit=1532%2C1021&quality=89&ssl=1\",\"datePublished\":\"2019-02-14T22:54:46+00:00\",\"description\":\"En abril de 2018, despu\u00e9s de que la administraci\u00f3n de Trump implementara un orden de \u2018tolerancia cero\u2019 a la inmigraci\u00f3n, que deriv\u00f3 en la separaci\u00f3n de\",\"inLanguage\":\"en\",\"potentialAction\":[{\"@type\":\"ReadAction\",\"target\":[\"https:\\\/\\\/eltecolote.org\\\/content\\\/es\\\/familia-separada-por-la-administracion-trump-finalmente-reunida\\\/\"]}]},{\"@type\":\"ImageObject\",\"inLanguage\":\"en\",\"@id\":\"https:\\\/\\\/eltecolote.org\\\/content\\\/es\\\/familia-separada-por-la-administracion-trump-finalmente-reunida\\\/#primaryimage\",\"url\":\"https:\\\/\\\/i0.wp.com\\\/eltecolote.org\\\/content\\\/wp-content\\\/uploads\\\/2019\\\/02\\\/Juliet_01_WEB-1.jpg?fit=1532%2C1021&quality=89&ssl=1\",\"contentUrl\":\"https:\\\/\\\/i0.wp.com\\\/eltecolote.org\\\/content\\\/wp-content\\\/uploads\\\/2019\\\/02\\\/Juliet_01_WEB-1.jpg?fit=1532%2C1021&quality=89&ssl=1\",\"width\":1532,\"height\":1021,\"caption\":\"Sindy Flores, una migrante hondure\u00f1a, se re\u00fane con su hija de 17 meses, Juliet, luego de un mes de estar separadas. A Juliet la separaron de su padre luego de que fueron detenidos al cruzar la frontera entre EEUU y Calexico. Su padre sigue detenido.\"},{\"@type\":\"WebSite\",\"@id\":\"https:\\\/\\\/eltecolote.org\\\/content\\\/#website\",\"url\":\"https:\\\/\\\/eltecolote.org\\\/content\\\/\",\"name\":\"El Tecolote\",\"description\":\"San Francisco's Latinx newspaper since 1970\",\"publisher\":{\"@id\":\"https:\\\/\\\/eltecolote.org\\\/content\\\/#organization\"},\"potentialAction\":[{\"@type\":\"SearchAction\",\"target\":{\"@type\":\"EntryPoint\",\"urlTemplate\":\"https:\\\/\\\/eltecolote.org\\\/content\\\/?s={search_term_string}\"},\"query-input\":{\"@type\":\"PropertyValueSpecification\",\"valueRequired\":true,\"valueName\":\"search_term_string\"}}],\"inLanguage\":\"en\"},{\"@type\":\"Organization\",\"@id\":\"https:\\\/\\\/eltecolote.org\\\/content\\\/#organization\",\"name\":\"El Tecolote\",\"url\":\"https:\\\/\\\/eltecolote.org\\\/content\\\/\",\"logo\":{\"@type\":\"ImageObject\",\"inLanguage\":\"en\",\"@id\":\"https:\\\/\\\/eltecolote.org\\\/content\\\/#\\\/schema\\\/logo\\\/image\\\/\",\"url\":\"https:\\\/\\\/i0.wp.com\\\/eltecolote.org\\\/content\\\/wp-content\\\/uploads\\\/2021\\\/05\\\/ETlogo-1.jpg?fit=400%2C400&ssl=1\",\"contentUrl\":\"https:\\\/\\\/i0.wp.com\\\/eltecolote.org\\\/content\\\/wp-content\\\/uploads\\\/2021\\\/05\\\/ETlogo-1.jpg?fit=400%2C400&ssl=1\",\"width\":400,\"height\":400,\"caption\":\"El Tecolote\"},\"image\":{\"@id\":\"https:\\\/\\\/eltecolote.org\\\/content\\\/#\\\/schema\\\/logo\\\/image\\\/\"},\"sameAs\":[\"https:\\\/\\\/www.facebook.com\\\/ElTecoloteSF\\\/\",\"https:\\\/\\\/x.com\\\/eltecolotesf\",\"https:\\\/\\\/www.instagram.com\\\/eltecolotesf\\\/\"]},{\"@type\":\"Person\",\"@id\":\"https:\\\/\\\/eltecolote.org\\\/content\\\/#\\\/schema\\\/person\\\/08828d10185eba96895a8363a269410e\",\"name\":\"El Tecolote Staff\",\"image\":{\"@type\":\"ImageObject\",\"inLanguage\":\"en\",\"@id\":\"https:\\\/\\\/secure.gravatar.com\\\/avatar\\\/9534c92c8c908364e186a64d93efc86f62367109d1b07a3454facde655968589?s=96&d=mm&r=g6afcb607783e095e4cf6be807353924d\",\"url\":\"https:\\\/\\\/secure.gravatar.com\\\/avatar\\\/9534c92c8c908364e186a64d93efc86f62367109d1b07a3454facde655968589?s=96&d=mm&r=g\",\"contentUrl\":\"https:\\\/\\\/secure.gravatar.com\\\/avatar\\\/9534c92c8c908364e186a64d93efc86f62367109d1b07a3454facde655968589?s=96&d=mm&r=g\",\"caption\":\"El Tecolote Staff\"},\"url\":\"https:\\\/\\\/eltecolote.org\\\/content\\\/author\\\/web-editor\\\/\"}]}<\/script>\n<!-- \/ Yoast SEO plugin. -->","yoast_head_json":{"title":"Familia separada por la administraci\u00f3n Trump, finalmente reunida - El Tecolote","description":"En abril de 2018, despu\u00e9s de que la administraci\u00f3n de Trump implementara un orden de \u2018tolerancia cero\u2019 a la inmigraci\u00f3n, que deriv\u00f3 en la separaci\u00f3n de","robots":{"index":"index","follow":"follow","max-snippet":"max-snippet:-1","max-image-preview":"max-image-preview:large","max-video-preview":"max-video-preview:-1"},"canonical":"https:\/\/eltecolote.org\/content\/es\/familia-separada-por-la-administracion-trump-finalmente-reunida\/","og_locale":"en_US","og_type":"article","og_title":"Familia separada por la administraci\u00f3n Trump, finalmente reunida - El Tecolote","og_description":"En abril de 2018, despu\u00e9s de que la administraci\u00f3n de Trump implementara un orden de \u2018tolerancia cero\u2019 a la inmigraci\u00f3n, que deriv\u00f3 en la separaci\u00f3n de","og_url":"https:\/\/eltecolote.org\/content\/es\/familia-separada-por-la-administracion-trump-finalmente-reunida\/","og_site_name":"El Tecolote","article_publisher":"https:\/\/www.facebook.com\/ElTecoloteSF\/","article_published_time":"2019-02-14T22:54:46+00:00","og_image":[{"width":1532,"height":1021,"url":"https:\/\/i0.wp.com\/eltecolote.org\/content\/wp-content\/uploads\/2019\/02\/Juliet_01_WEB-1.jpg?fit=1532%2C1021&ssl=1","type":"image\/jpeg"}],"author":"El Tecolote Staff","twitter_card":"summary_large_image","twitter_creator":"@eltecolotesf","twitter_site":"@eltecolotesf","twitter_misc":{"Written by":"El Tecolote Staff","Est. reading time":"4 minutes"},"schema":{"@context":"https:\/\/schema.org","@graph":[{"@type":"NewsArticle","@id":"https:\/\/eltecolote.org\/content\/es\/familia-separada-por-la-administracion-trump-finalmente-reunida\/#article","isPartOf":{"@id":"https:\/\/eltecolote.org\/content\/es\/familia-separada-por-la-administracion-trump-finalmente-reunida\/"},"author":{"name":"El Tecolote Staff","@id":"https:\/\/eltecolote.org\/content\/#\/schema\/person\/08828d10185eba96895a8363a269410e"},"headline":"Familia separada por la administraci\u00f3n Trump, finalmente reunida","datePublished":"2019-02-14T22:54:46+00:00","mainEntityOfPage":{"@id":"https:\/\/eltecolote.org\/content\/es\/familia-separada-por-la-administracion-trump-finalmente-reunida\/"},"wordCount":815,"commentCount":0,"publisher":{"@id":"https:\/\/eltecolote.org\/content\/#organization"},"image":{"@id":"https:\/\/eltecolote.org\/content\/es\/familia-separada-por-la-administracion-trump-finalmente-reunida\/#primaryimage"},"thumbnailUrl":"https:\/\/i0.wp.com\/eltecolote.org\/content\/wp-content\/uploads\/2019\/02\/Juliet_01_WEB-1.jpg?fit=1532%2C1021&quality=89&ssl=1","keywords":["ice","separar a las familias","Sindy Flores"],"articleSection":["Voces"],"inLanguage":"en","potentialAction":[{"@type":"CommentAction","name":"Comment","target":["https:\/\/eltecolote.org\/content\/es\/familia-separada-por-la-administracion-trump-finalmente-reunida\/#respond"]}]},{"@type":"WebPage","@id":"https:\/\/eltecolote.org\/content\/es\/familia-separada-por-la-administracion-trump-finalmente-reunida\/","url":"https:\/\/eltecolote.org\/content\/es\/familia-separada-por-la-administracion-trump-finalmente-reunida\/","name":"Familia separada por la administraci\u00f3n Trump, finalmente reunida - El Tecolote","isPartOf":{"@id":"https:\/\/eltecolote.org\/content\/#website"},"primaryImageOfPage":{"@id":"https:\/\/eltecolote.org\/content\/es\/familia-separada-por-la-administracion-trump-finalmente-reunida\/#primaryimage"},"image":{"@id":"https:\/\/eltecolote.org\/content\/es\/familia-separada-por-la-administracion-trump-finalmente-reunida\/#primaryimage"},"thumbnailUrl":"https:\/\/i0.wp.com\/eltecolote.org\/content\/wp-content\/uploads\/2019\/02\/Juliet_01_WEB-1.jpg?fit=1532%2C1021&quality=89&ssl=1","datePublished":"2019-02-14T22:54:46+00:00","description":"En abril de 2018, despu\u00e9s de que la administraci\u00f3n de Trump implementara un orden de \u2018tolerancia cero\u2019 a la inmigraci\u00f3n, que deriv\u00f3 en la separaci\u00f3n de","inLanguage":"en","potentialAction":[{"@type":"ReadAction","target":["https:\/\/eltecolote.org\/content\/es\/familia-separada-por-la-administracion-trump-finalmente-reunida\/"]}]},{"@type":"ImageObject","inLanguage":"en","@id":"https:\/\/eltecolote.org\/content\/es\/familia-separada-por-la-administracion-trump-finalmente-reunida\/#primaryimage","url":"https:\/\/i0.wp.com\/eltecolote.org\/content\/wp-content\/uploads\/2019\/02\/Juliet_01_WEB-1.jpg?fit=1532%2C1021&quality=89&ssl=1","contentUrl":"https:\/\/i0.wp.com\/eltecolote.org\/content\/wp-content\/uploads\/2019\/02\/Juliet_01_WEB-1.jpg?fit=1532%2C1021&quality=89&ssl=1","width":1532,"height":1021,"caption":"Sindy Flores, una migrante hondure\u00f1a, se re\u00fane con su hija de 17 meses, Juliet, luego de un mes de estar separadas. A Juliet la separaron de su padre luego de que fueron detenidos al cruzar la frontera entre EEUU y Calexico. Su padre sigue detenido."},{"@type":"WebSite","@id":"https:\/\/eltecolote.org\/content\/#website","url":"https:\/\/eltecolote.org\/content\/","name":"El Tecolote","description":"San Francisco's Latinx newspaper since 1970","publisher":{"@id":"https:\/\/eltecolote.org\/content\/#organization"},"potentialAction":[{"@type":"SearchAction","target":{"@type":"EntryPoint","urlTemplate":"https:\/\/eltecolote.org\/content\/?s={search_term_string}"},"query-input":{"@type":"PropertyValueSpecification","valueRequired":true,"valueName":"search_term_string"}}],"inLanguage":"en"},{"@type":"Organization","@id":"https:\/\/eltecolote.org\/content\/#organization","name":"El Tecolote","url":"https:\/\/eltecolote.org\/content\/","logo":{"@type":"ImageObject","inLanguage":"en","@id":"https:\/\/eltecolote.org\/content\/#\/schema\/logo\/image\/","url":"https:\/\/i0.wp.com\/eltecolote.org\/content\/wp-content\/uploads\/2021\/05\/ETlogo-1.jpg?fit=400%2C400&ssl=1","contentUrl":"https:\/\/i0.wp.com\/eltecolote.org\/content\/wp-content\/uploads\/2021\/05\/ETlogo-1.jpg?fit=400%2C400&ssl=1","width":400,"height":400,"caption":"El Tecolote"},"image":{"@id":"https:\/\/eltecolote.org\/content\/#\/schema\/logo\/image\/"},"sameAs":["https:\/\/www.facebook.com\/ElTecoloteSF\/","https:\/\/x.com\/eltecolotesf","https:\/\/www.instagram.com\/eltecolotesf\/"]},{"@type":"Person","@id":"https:\/\/eltecolote.org\/content\/#\/schema\/person\/08828d10185eba96895a8363a269410e","name":"El Tecolote Staff","image":{"@type":"ImageObject","inLanguage":"en","@id":"https:\/\/secure.gravatar.com\/avatar\/9534c92c8c908364e186a64d93efc86f62367109d1b07a3454facde655968589?s=96&d=mm&r=g6afcb607783e095e4cf6be807353924d","url":"https:\/\/secure.gravatar.com\/avatar\/9534c92c8c908364e186a64d93efc86f62367109d1b07a3454facde655968589?s=96&d=mm&r=g","contentUrl":"https:\/\/secure.gravatar.com\/avatar\/9534c92c8c908364e186a64d93efc86f62367109d1b07a3454facde655968589?s=96&d=mm&r=g","caption":"El Tecolote Staff"},"url":"https:\/\/eltecolote.org\/content\/author\/web-editor\/"}]}},"distributor_meta":false,"distributor_terms":false,"distributor_media":false,"distributor_original_site_name":"El Tecolote","distributor_original_site_url":"https:\/\/eltecolote.org\/content","push-errors":false,"_links":{"self":[{"href":"https:\/\/eltecolote.org\/content\/wp-json\/wp\/v2\/posts\/39895","targetHints":{"allow":["GET"]}}],"collection":[{"href":"https:\/\/eltecolote.org\/content\/wp-json\/wp\/v2\/posts"}],"about":[{"href":"https:\/\/eltecolote.org\/content\/wp-json\/wp\/v2\/types\/post"}],"author":[{"embeddable":true,"href":"https:\/\/eltecolote.org\/content\/wp-json\/wp\/v2\/users\/35"}],"replies":[{"embeddable":true,"href":"https:\/\/eltecolote.org\/content\/wp-json\/wp\/v2\/comments?post=39895"}],"version-history":[{"count":1,"href":"https:\/\/eltecolote.org\/content\/wp-json\/wp\/v2\/posts\/39895\/revisions"}],"predecessor-version":[{"id":39899,"href":"https:\/\/eltecolote.org\/content\/wp-json\/wp\/v2\/posts\/39895\/revisions\/39899"}],"wp:featuredmedia":[{"embeddable":true,"href":"https:\/\/eltecolote.org\/content\/wp-json\/wp\/v2\/media\/39896"}],"wp:attachment":[{"href":"https:\/\/eltecolote.org\/content\/wp-json\/wp\/v2\/media?parent=39895"}],"wp:term":[{"taxonomy":"category","embeddable":true,"href":"https:\/\/eltecolote.org\/content\/wp-json\/wp\/v2\/categories?post=39895"},{"taxonomy":"post_tag","embeddable":true,"href":"https:\/\/eltecolote.org\/content\/wp-json\/wp\/v2\/tags?post=39895"},{"taxonomy":"author","embeddable":true,"href":"https:\/\/eltecolote.org\/content\/wp-json\/wp\/v2\/coauthors?post=39895"}],"curies":[{"name":"wp","href":"https:\/\/api.w.org\/{rel}","templated":true}]}}